{"id":4579,"date":"2021-09-18T10:30:57","date_gmt":"2021-09-18T08:30:57","guid":{"rendered":"https:\/\/sceaux-lagazette.fr\/?p=4579"},"modified":"2021-09-17T21:44:29","modified_gmt":"2021-09-17T19:44:29","slug":"la-sorciere-et-la-fee","status":"publish","type":"post","link":"https:\/\/sceaux-lagazette.fr\/index.php\/2021\/09\/18\/la-sorciere-et-la-fee\/","title":{"rendered":"La sorci\u00e8re et la f\u00e9e"},"content":{"rendered":"\n<p><em>La pr\u00e9sence constante de la question f\u00e9minine dans les d\u00e9bats soci\u00e9taux am\u00e8ne \u00e0 revisiter les images que furent (et sont encore) celle de sorci\u00e8re et celle de f\u00e9e. Ces incarnations \u00e0 la fois f\u00e9minines et magiques, disons surnaturelles, montrent leur force dans les productions cin\u00e9matographiques ou litt\u00e9raires, pour enfants comme pour adultes. H\u00e9l\u00e8ne Loup, conteuse rompue \u00e0 maintes histoires venues de maints pays nous en raconte ici quelques fondements. [LGdS]<\/em><\/p>\n\n\n\n<hr class=\"wp-block-separator\"\/>\n\n\n\n<p>&#8212; Quelle est la diff\u00e9rence entre une f\u00e9e et une sorci\u00e8re ? demande \u00e0 br\u00fble-pourpoint un conteur fac\u00e9tieux.<br>&#8212; Facile ! La sorci\u00e8re est m\u00e9chante, la f\u00e9e est bonne, r\u00e9pond du tac au tac le Candide du groupe.<br>&#8212; Eh non ! r\u00e9torque le conteur sur un ton taquin. Cela d\u00e9pend des cas. C\u2019est une f\u00e9e qui jette un mauvais sort \u00e0 la petite princesse de \u00ab La Belle au Bois Dormant \u00bb.<\/p>\n\n\n\n<h2 class=\"wp-block-heading\">M\u00e9chantes sorci\u00e8res et bonnes f\u00e9es ?<\/h2>\n\n\n\n<p>Cette f\u00e9e, Charles Perrault (XVIIe si\u00e8cle) l\u2019appelle \u00ab\u00a0la vieille f\u00e9e\u00a0\u00bb, les fr\u00e8res Grimm (XVIIIe) \u00ab\u00a0la treizi\u00e8me f\u00e9e\u00a0\u00bb et, dans le ballet de Tcha\u00efkovski (XIXe), on la nomme \u00ab\u00a0la F\u00e9e Carabosse\u00a0\u00bb. C\u2019est cette m\u00eame F\u00e9e Carabosse que l\u2019on retrouve d\u2019ailleurs, toujours aussi malfaisante, dans les derniers couplets de la chanson enfantine \u00ab\u00a0Dame Tartine\u00a0\u00bb.<\/p>\n\n\n\n<p>De m\u00eame, dans \u00ab&nbsp;Le conte du Roi Renaud&nbsp;\u00bb<a href=\"#_ftn1\">[1]<\/a> ainsi que dans la chanson traditionnelle \u00ab&nbsp;Le roi Renaud&nbsp;\u00bb, c\u2019est la tr\u00e8s belle f\u00e9e de la fontaine qui impose \u00e0 Renaud de choisir soit de \u00ab&nbsp;l\u2019\u00e9pouser sur l\u2019heure&nbsp;\u00bb, soit de \u00ab&nbsp;s\u00e9cher sur pied pendant sept ans&nbsp;\u00bb, soit de mourir \u00ab&nbsp;cette nuit, sur la minuit&nbsp;\u00bb. Et comme Renaud, tr\u00e8s \u00e9pris de sa jeune femme, r\u00e9pond imprudemment qu\u2019il \u00ab&nbsp;aimerait mieux mourir sur l\u2019heure&nbsp;\u00bb, il mourra en effet, \u00ab&nbsp;sur la minuit&nbsp;\u00bb, des suites d\u2019une blessure faite en tombant de cheval.<\/p>\n\n\n\n<p>En revanche, une sorci\u00e8re peut se montrer bonne. Ainsi, c\u2019est une sorci\u00e8re maligne qui aide le roi \u00e0 conqu\u00e9rir la belle et sage Zalgoum qui se cache dans une grotte par crainte de son fr\u00e8re qui veut l\u2019\u00e9pouser<a href=\"#_ftn2\">[2]<\/a>.<\/p>\n\n\n\n<p>Et, en Italie, c\u2019est une \u00ab&nbsp;stria&nbsp;\u00bb (une sorci\u00e8re), la Befana, qui porte traditionnellement les cadeaux aux enfants la nuit de l\u2019Epiphanie.<\/p>\n\n\n\n<h2 class=\"wp-block-heading\">Des personnages dot\u00e9s de pouvoirs<\/h2>\n\n\n\n<p>Les f\u00e9es comme les sorci\u00e8res sont des personnages qui ont des pouvoirs et qui s\u2019en servent \u00e0 leur guise. Elles peuvent changer le destin des pauvres humains que nous sommes en bien comme en mal. Tout d\u00e9pend de leur humeur. Tant mieux pour qui leur plait. Tant pis pour qui leur d\u00e9plait. La \u00ab&nbsp;Dame Holle&nbsp;\u00bb des contes de Grimm et sa cons\u0153ur, la f\u00e9e du conte \u00ab&nbsp;Les F\u00e9es&nbsp;\u00bb de Perrault, se montrent b\u00e9n\u00e9fiques avec la fille aimable, et mal\u00e9fiques envers celle qui ne l\u2019est pas.<\/p>\n\n\n\n<p>L\u2019auteur de contes modernes, Pierre Gripari, s\u2019est amus\u00e9 dans \u00ab&nbsp;La f\u00e9e du robinet&nbsp;\u00bb<a href=\"#_ftn3\">[3]<\/a>, \u00e0 parodier le conte de Perrault en inversant tout : la f\u00e9e donne le bon don, cracher des perles en parlant, \u00e0 la mauvaise fille, et le mauvais, cracher des serpents en parlant, \u00e0 la bonne. Mais la morale y trouve quand m\u00eame son compte car le bon don fera le malheur de la mauvaise fille, et le mauvais don le bonheur de la bonne.<\/p>\n\n\n\n<p>Dans la mythologie grecque, la magicienne M\u00e9d\u00e9e aide Jason \u00e0 conqu\u00e9rir la toison d\u2019or et \u00e0 rajeunir son p\u00e8re Aeson. Mais quand Jason se d\u00e9tourne d\u2019elle, elle se transforme en furie, tue ses enfants et s\u2019enfuit dans un char conduit par des dragons ail\u00e9s.<\/p>\n\n\n\n<div class=\"wp-block-image\"><figure class=\"alignright size-large\"><img decoding=\"async\" width=\"367\" height=\"522\" src=\"https:\/\/sceaux-lagazette.fr\/wp-content\/uploads\/2021\/09\/Baba-Yaga-Les_Contes_russes__Detaille_Georges-BNF.jpeg\" alt=\"\" class=\"wp-image-4585\" srcset=\"https:\/\/sceaux-lagazette.fr\/wp-content\/uploads\/2021\/09\/Baba-Yaga-Les_Contes_russes__Detaille_Georges-BNF.jpeg 367w, https:\/\/sceaux-lagazette.fr\/wp-content\/uploads\/2021\/09\/Baba-Yaga-Les_Contes_russes__Detaille_Georges-BNF-211x300.jpeg 211w\" sizes=\"(max-width: 367px) 100vw, 367px\" \/><figcaption>Source : Gallica Biblioth\u00e8que nationale de France<\/figcaption><\/figure><\/div>\n\n\n\n<p>Quant \u00e0 la sorci\u00e8re populaire russe, Baba Yaga, elle est g\u00e9n\u00e9ralement dangereuse et d\u00e9vorante, mais elle peut aussi se montrer b\u00e9n\u00e9fique pour qui sait se la rendre favorable.<\/p>\n\n\n\n<p>Enfin certaines f\u00e9es changent au fil du temps. Ainsi, les \u00ab&nbsp;dames noires&nbsp;\u00bb dont certaines d\u00e9voraient des enfants, et les \u00ab&nbsp;dames rouges&nbsp;\u00bb qui aimaient \u00e0 mort leurs amants, seraient des \u00ab&nbsp;dames blanches&nbsp;\u00bb, ces personnages b\u00e9n\u00e9fiques des anciens r\u00e9cits, qui auraient mal tourn\u00e9.<\/p>\n\n\n\n<p>Au contraire, les Gianes de Sardaigne qui autrefois se repaissaient, disait-on, de sang et de plaisirs, se sont peu \u00e0 peu adoucies jusqu\u2019\u00e0 devenir de gentilles f\u00e9es, bonnes \u00e9pouses et m\u00e8res attentionn\u00e9es.<\/p>\n\n\n\n<h2 class=\"wp-block-heading\">Belles, les f\u00e9es ? Laides, les sorci\u00e8res ?<\/h2>\n\n\n\n<p>Notre Candide, interrog\u00e9, r\u00e9pond alors :<\/p>\n\n\n\n<blockquote class=\"wp-block-quote is-layout-flow wp-block-quote-is-layout-flow\"><p>&#8212; Les f\u00e9es sont belles, les sorci\u00e8res sont laides.<\/p><\/blockquote>\n\n\n\n<p>Mais ce n\u2019est pas encore la bonne r\u00e9ponse. La belle-m\u00e8re de Blanche-Neige (Contes de Grimm) est tr\u00e8s belle, et Dame Holle (Contes de Grimm), avec ses grandes dents, tr\u00e8s laide.<\/p>\n\n\n\n<p>En outre la beaut\u00e9 des f\u00e9es aussi est changeante. Autrefois, Dame Holle \u00e9tait d\u2019une grande beaut\u00e9, alti\u00e8re et divine.<\/p>\n\n\n\n<h2 class=\"wp-block-heading\">Ailes et chapeaux pointus<\/h2>\n\n\n\n<p>La diff\u00e9rence entre f\u00e9es et sorci\u00e8res n\u2019est pas non plus dans la fa\u00e7on de se v\u00eatir. Les unes comme les autres peuvent \u00eatre habill\u00e9es splendidement ou recouvertes de haillons, tout en noir ou plaisantes et bien proprettes. Certaines m\u00eame sont nues ou quasi nues.<\/p>\n\n\n\n<p>Quant au chapeau noir pointu dont on affuble les sorci\u00e8res \u00e0 notre \u00e9poque, il ne date que de quelques d\u00e9cennies et nous vient des USA. En Europe, ce couvre-chef \u00e9tait plut\u00f4t celui des m\u00e9decins.<\/p>\n\n\n\n<p>Les f\u00e9es de ma jeunesse \u00e9taient souvent aussi pourvues de chapeaux pointus. Mais c\u2019\u00e9taient des hennins, semblables \u00e0 ceux apparus au XVe si\u00e8cle en Bavi\u00e8re. Et elles n&rsquo;\u00e9taient ni ail\u00e9es ni minuscules. Cette derni\u00e8re repr\u00e9sentation est anglo-saxonne. La f\u00e9e Clochette du dessin anim\u00e9 de Walt Disney en est un parfait exemple.<\/p>\n\n\n\n<h2 class=\"wp-block-heading\">La baguette magique<\/h2>\n\n\n\n<p>La baguette n\u2019est pas davantage un attribut sp\u00e9cifique des f\u00e9es. Jusqu\u2019au XIXe si\u00e8cle, les \u00ab\u00a0belles dames\u00a0\u00bb n\u2019en utilisaient gu\u00e8re. Et dans le long conte de Grimm \u00ab\u00a0Les deux fr\u00e8res\u00a0\u00bb, c&rsquo;est la sorci\u00e8re qui change hommes et b\u00eates en statues de pierre \u00e0 l&rsquo;aide d\u2019une baguette.<\/p>\n\n\n\n<div class=\"wp-block-image\"><figure class=\"alignleft size-large\"><img decoding=\"async\" width=\"335\" height=\"318\" src=\"https:\/\/sceaux-lagazette.fr\/wp-content\/uploads\/2021\/09\/Sorciere-Grimm-Arthur-Rackham-BNF.jpg\" alt=\"\" class=\"wp-image-4588\" srcset=\"https:\/\/sceaux-lagazette.fr\/wp-content\/uploads\/2021\/09\/Sorciere-Grimm-Arthur-Rackham-BNF.jpg 335w, https:\/\/sceaux-lagazette.fr\/wp-content\/uploads\/2021\/09\/Sorciere-Grimm-Arthur-Rackham-BNF-300x285.jpg 300w\" sizes=\"(max-width: 335px) 100vw, 335px\" \/><figcaption>Illustration de Arthur Rackham, (1909) Gallica, BNF<\/figcaption><\/figure><\/div>\n\n\n\n<p>C\u2019est aussi ce dont se sert Circ\u00e9 (\u00ab&nbsp;L\u2019Odyss\u00e9e&nbsp;\u00bb) pour changer les compagnons d\u2019Ulysse en pourceaux.<\/p>\n\n\n\n<p>Et ni les lecteurs ni les spectateurs de Harry Potter ne se sont \u00e9tonn\u00e9s de voir les sorciers imagin\u00e9s par la romanci\u00e8re moderne, J.K. Rowling utiliser des baguettes. Celles-ci se sont d\u2019ailleurs singuli\u00e8rement perfectionn\u00e9es depuis les baguettes de la sorci\u00e8re du conte \u00ab&nbsp;Les deux fr\u00e8res&nbsp;\u00bb et de Circ\u00e9, et m\u00eame celles des f\u00e9es de nos repr\u00e9sentations des XIXe et XXe si\u00e8cles.<\/p>\n\n\n\n<h2 class=\"wp-block-heading\">Les habitations des f\u00e9es et des sorci\u00e8res<\/h2>\n\n\n\n<p>Les unes et les autres peuvent habiter de magnifiques demeures, de petites chaumi\u00e8res ou des grottes.<\/p>\n\n\n\n<p>Mais dans des lieux insolites comme l\u2019eau, les arbres ou les fleurs, on ne trouve gu\u00e8re que les f\u00e9es. Et ceci est un indice. Seuls, en effet, des personnages du monde de \u00ab&nbsp;fa\u00ebrie&nbsp;\u00bb (ou \u00ab&nbsp;f\u00e9erie&nbsp;\u00bb d\u00e8s le XIIe si\u00e8cle) peuvent habiter l\u00e0, pas les humains.<\/p>\n\n\n\n<h2 class=\"wp-block-heading\">Des mondes diff\u00e9rents<\/h2>\n\n\n\n<p>Les f\u00e9es sont des \u00eatres d\u2019un autre monde. Et si ces deux mondes se c\u00f4toient, se confondent parfois un instant, ils sont cependant radicalement diff\u00e9rents. Le temps, par exemple, ne s\u2019y \u00e9coule pas de la m\u00eame mani\u00e8re, et gare \u00e0 qui s\u2019attarde quelques jours. Il ne retrouvera plus les siens \u00e0 son retour. Trop de temps aura pass\u00e9.<\/p>\n\n\n\n<p>Les sorci\u00e8res, ou magiciennes, sont humaines, ce sont des femmes, qui pratiquent la magie.<\/p>\n\n\n\n<h2 class=\"wp-block-heading\">Sorciers et f\u00e9etaux<\/h2>\n\n\n\n<p>Des hommes aussi pratiquent la magie. Ce sont des sorciers ou des magiciens. Les f\u00e9etaux, eux, sont rares et peu connus. Ils sont moins puissants que les f\u00e9es, quand ils ne sont pas que leurs \u00e9poux.<\/p>\n\n\n\n<p>Quant \u00e0 l&rsquo;\u00e9tymologie de ces deux mots, f\u00e9e et sorci\u00e8re, nous verrons cela un peu plus tard, ainsi que quelques particularit\u00e9s de certaines sorci\u00e8res et f\u00e9es de nos r\u00e9gions europ\u00e9ennes.<\/p>\n\n\n\n<hr class=\"wp-block-separator\"\/>\n\n\n\n<p><a href=\"#_ftnref1\">[1]<\/a> <em>Contes du vieux-vieux temps<\/em>, Henri Pourrat<br><a href=\"#_ftnref2\">[2]<\/a> <em>Zalgoum<\/em>, dans Tellem chaho !, Contes berb\u00e8res de Kabylie, Mouloud Mammeri)<br><a href=\"#_ftnref3\">[3]<\/a> <em>Les contes de la rue Brocca<\/em><\/p>\n\n\n\n<p>L&rsquo;a Cendrillon en t\u00eate de l&rsquo;article est une illustration d&rsquo;Arthur Rackham, Hachette, 1919. Source : Gallica, BNF<\/p>\n","protected":false},"excerpt":{"rendered":"<p>La pr\u00e9sence constante de la question f\u00e9minine dans les d\u00e9bats soci\u00e9taux am\u00e8ne \u00e0 revisiter les images que furent (et sont encore) celle de sorci\u00e8re et celle de f\u00e9e. Ces incarnations \u00e0 la fois f\u00e9minines et magiques, disons surnaturelles, montrent leur force dans les productions cin\u00e9matographiques ou litt\u00e9raires, pour enfants comme&#8230;<\/p>\n","protected":false},"author":23,"featured_media":4583,"comment_status":"open","ping_status":"open","sticky":false,"template":"","format":"standard","meta":{"om_disable_all_campaigns":false,"_monsterinsights_skip_tracking":false,"_monsterinsights_sitenote_active":false,"_monsterinsights_sitenote_note":"","_monsterinsights_sitenote_category":0,"_uf_show_specific_survey":0,"_uf_disable_surveys":false,"footnotes":""},"categories":[55],"tags":[],"class_list":["post-4579","post","type-post","status-publish","format-standard","has-post-thumbnail","hentry","category-detente","entry","simple"],"yoast_head":"<!-- This site is optimized with the Yoast SEO plugin v25.6 - https:\/\/yoast.com\/wordpress\/plugins\/seo\/ -->\n<title>La sorci\u00e8re et la f\u00e9e - La Gazette<\/title>\n<meta name=\"robots\" content=\"index, follow, max-snippet:-1, max-image-preview:large, max-video-preview:-1\" \/>\n<link rel=\"canonical\" href=\"https:\/\/sceaux-lagazette.fr\/index.php\/2021\/09\/18\/la-sorciere-et-la-fee\/\" \/>\n<meta property=\"og:locale\" content=\"fr_FR\" \/>\n<meta property=\"og:type\" content=\"article\" \/>\n<meta property=\"og:title\" content=\"La sorci\u00e8re et la f\u00e9e - La Gazette\" \/>\n<meta property=\"og:description\" content=\"La pr\u00e9sence constante de la question f\u00e9minine dans les d\u00e9bats soci\u00e9taux am\u00e8ne \u00e0 revisiter les images que furent (et sont encore) celle de sorci\u00e8re et celle de f\u00e9e. Ces incarnations \u00e0 la fois f\u00e9minines et magiques, disons surnaturelles, montrent leur force dans les productions cin\u00e9matographiques ou litt\u00e9raires, pour enfants comme&#8230;\" \/>\n<meta property=\"og:url\" content=\"https:\/\/sceaux-lagazette.fr\/index.php\/2021\/09\/18\/la-sorciere-et-la-fee\/\" \/>\n<meta property=\"og:site_name\" content=\"La Gazette\" \/>\n<meta property=\"article:published_time\" content=\"2021-09-18T08:30:57+00:00\" \/>\n<meta property=\"og:image\" content=\"https:\/\/sceaux-lagazette.fr\/wp-content\/uploads\/2021\/09\/Cendrillon-Arthur-Rackham-BNF-e1631906793720.jpg\" \/>\n\t<meta property=\"og:image:width\" content=\"426\" \/>\n\t<meta property=\"og:image:height\" content=\"325\" \/>\n\t<meta property=\"og:image:type\" content=\"image\/jpeg\" \/>\n<meta name=\"author\" content=\"H\u00e9l\u00e8ne Loup\" \/>\n<meta name=\"twitter:card\" content=\"summary_large_image\" \/>\n<meta name=\"twitter:label1\" content=\"\u00c9crit par\" \/>\n\t<meta name=\"twitter:data1\" content=\"H\u00e9l\u00e8ne Loup\" \/>\n\t<meta name=\"twitter:label2\" content=\"Dur\u00e9e de lecture estim\u00e9e\" \/>\n\t<meta name=\"twitter:data2\" content=\"7 minutes\" \/>\n<script type=\"application\/ld+json\" class=\"yoast-schema-graph\">{\"@context\":\"https:\/\/schema.org\",\"@graph\":[{\"@type\":\"Article\",\"@id\":\"https:\/\/sceaux-lagazette.fr\/index.php\/2021\/09\/18\/la-sorciere-et-la-fee\/#article\",\"isPartOf\":{\"@id\":\"https:\/\/sceaux-lagazette.fr\/index.php\/2021\/09\/18\/la-sorciere-et-la-fee\/\"},\"author\":{\"name\":\"H\u00e9l\u00e8ne Loup\",\"@id\":\"https:\/\/sceaux-lagazette.fr\/#\/schema\/person\/3e904f99be057ad436d236bb6f4ebc3a\"},\"headline\":\"La sorci\u00e8re et la f\u00e9e\",\"datePublished\":\"2021-09-18T08:30:57+00:00\",\"mainEntityOfPage\":{\"@id\":\"https:\/\/sceaux-lagazette.fr\/index.php\/2021\/09\/18\/la-sorciere-et-la-fee\/\"},\"wordCount\":1464,\"commentCount\":4,\"publisher\":{\"@id\":\"https:\/\/sceaux-lagazette.fr\/#organization\"},\"image\":{\"@id\":\"https:\/\/sceaux-lagazette.fr\/index.php\/2021\/09\/18\/la-sorciere-et-la-fee\/#primaryimage\"},\"thumbnailUrl\":\"https:\/\/sceaux-lagazette.fr\/wp-content\/uploads\/2021\/09\/Cendrillon-Arthur-Rackham-BNF-e1631906793720.jpg\",\"articleSection\":[\"D\u00e9tente\"],\"inLanguage\":\"fr-FR\",\"potentialAction\":[{\"@type\":\"CommentAction\",\"name\":\"Comment\",\"target\":[\"https:\/\/sceaux-lagazette.fr\/index.php\/2021\/09\/18\/la-sorciere-et-la-fee\/#respond\"]}]},{\"@type\":\"WebPage\",\"@id\":\"https:\/\/sceaux-lagazette.fr\/index.php\/2021\/09\/18\/la-sorciere-et-la-fee\/\",\"url\":\"https:\/\/sceaux-lagazette.fr\/index.php\/2021\/09\/18\/la-sorciere-et-la-fee\/\",\"name\":\"La sorci\u00e8re et la f\u00e9e - La Gazette\",\"isPartOf\":{\"@id\":\"https:\/\/sceaux-lagazette.fr\/#website\"},\"primaryImageOfPage\":{\"@id\":\"https:\/\/sceaux-lagazette.fr\/index.php\/2021\/09\/18\/la-sorciere-et-la-fee\/#primaryimage\"},\"image\":{\"@id\":\"https:\/\/sceaux-lagazette.fr\/index.php\/2021\/09\/18\/la-sorciere-et-la-fee\/#primaryimage\"},\"thumbnailUrl\":\"https:\/\/sceaux-lagazette.fr\/wp-content\/uploads\/2021\/09\/Cendrillon-Arthur-Rackham-BNF-e1631906793720.jpg\",\"datePublished\":\"2021-09-18T08:30:57+00:00\",\"breadcrumb\":{\"@id\":\"https:\/\/sceaux-lagazette.fr\/index.php\/2021\/09\/18\/la-sorciere-et-la-fee\/#breadcrumb\"},\"inLanguage\":\"fr-FR\",\"potentialAction\":[{\"@type\":\"ReadAction\",\"target\":[\"https:\/\/sceaux-lagazette.fr\/index.php\/2021\/09\/18\/la-sorciere-et-la-fee\/\"]}]},{\"@type\":\"ImageObject\",\"inLanguage\":\"fr-FR\",\"@id\":\"https:\/\/sceaux-lagazette.fr\/index.php\/2021\/09\/18\/la-sorciere-et-la-fee\/#primaryimage\",\"url\":\"https:\/\/sceaux-lagazette.fr\/wp-content\/uploads\/2021\/09\/Cendrillon-Arthur-Rackham-BNF-e1631906793720.jpg\",\"contentUrl\":\"https:\/\/sceaux-lagazette.fr\/wp-content\/uploads\/2021\/09\/Cendrillon-Arthur-Rackham-BNF-e1631906793720.jpg\",\"width\":426,\"height\":325},{\"@type\":\"BreadcrumbList\",\"@id\":\"https:\/\/sceaux-lagazette.fr\/index.php\/2021\/09\/18\/la-sorciere-et-la-fee\/#breadcrumb\",\"itemListElement\":[{\"@type\":\"ListItem\",\"position\":1,\"name\":\"Accueil\",\"item\":\"https:\/\/sceaux-lagazette.fr\/\"},{\"@type\":\"ListItem\",\"position\":2,\"name\":\"La sorci\u00e8re et la f\u00e9e\"}]},{\"@type\":\"WebSite\",\"@id\":\"https:\/\/sceaux-lagazette.fr\/#website\",\"url\":\"https:\/\/sceaux-lagazette.fr\/\",\"name\":\"La Gazette\",\"description\":\"Bourg-la-Reine, Ch\u00e2tenay, Fontenay, Sceaux\",\"publisher\":{\"@id\":\"https:\/\/sceaux-lagazette.fr\/#organization\"},\"potentialAction\":[{\"@type\":\"SearchAction\",\"target\":{\"@type\":\"EntryPoint\",\"urlTemplate\":\"https:\/\/sceaux-lagazette.fr\/?s={search_term_string}\"},\"query-input\":{\"@type\":\"PropertyValueSpecification\",\"valueRequired\":true,\"valueName\":\"search_term_string\"}}],\"inLanguage\":\"fr-FR\"},{\"@type\":\"Organization\",\"@id\":\"https:\/\/sceaux-lagazette.fr\/#organization\",\"name\":\"La Gazette\",\"url\":\"https:\/\/sceaux-lagazette.fr\/\",\"logo\":{\"@type\":\"ImageObject\",\"inLanguage\":\"fr-FR\",\"@id\":\"https:\/\/sceaux-lagazette.fr\/#\/schema\/logo\/image\/\",\"url\":\"https:\/\/sceaux-lagazette.fr\/wp-content\/uploads\/2025\/08\/Logo-Gazette-Aout-2025-V3.jpg\",\"contentUrl\":\"https:\/\/sceaux-lagazette.fr\/wp-content\/uploads\/2025\/08\/Logo-Gazette-Aout-2025-V3.jpg\",\"width\":525,\"height\":130,\"caption\":\"La Gazette\"},\"image\":{\"@id\":\"https:\/\/sceaux-lagazette.fr\/#\/schema\/logo\/image\/\"}},{\"@type\":\"Person\",\"@id\":\"https:\/\/sceaux-lagazette.fr\/#\/schema\/person\/3e904f99be057ad436d236bb6f4ebc3a\",\"name\":\"H\u00e9l\u00e8ne Loup\",\"image\":{\"@type\":\"ImageObject\",\"inLanguage\":\"fr-FR\",\"@id\":\"https:\/\/sceaux-lagazette.fr\/#\/schema\/person\/image\/\",\"url\":\"https:\/\/secure.gravatar.com\/avatar\/00408ac6d54fb62c35ec4d96af3e6b2a?s=96&r=g\",\"contentUrl\":\"https:\/\/secure.gravatar.com\/avatar\/00408ac6d54fb62c35ec4d96af3e6b2a?s=96&r=g\",\"caption\":\"H\u00e9l\u00e8ne Loup\"},\"url\":\"https:\/\/sceaux-lagazette.fr\/index.php\/author\/helene\/\"}]}<\/script>\n<!-- \/ Yoast SEO plugin. -->","yoast_head_json":{"title":"La sorci\u00e8re et la f\u00e9e - La Gazette","robots":{"index":"index","follow":"follow","max-snippet":"max-snippet:-1","max-image-preview":"max-image-preview:large","max-video-preview":"max-video-preview:-1"},"canonical":"https:\/\/sceaux-lagazette.fr\/index.php\/2021\/09\/18\/la-sorciere-et-la-fee\/","og_locale":"fr_FR","og_type":"article","og_title":"La sorci\u00e8re et la f\u00e9e - La Gazette","og_description":"La pr\u00e9sence constante de la question f\u00e9minine dans les d\u00e9bats soci\u00e9taux am\u00e8ne \u00e0 revisiter les images que furent (et sont encore) celle de sorci\u00e8re et celle de f\u00e9e. Ces incarnations \u00e0 la fois f\u00e9minines et magiques, disons surnaturelles, montrent leur force dans les productions cin\u00e9matographiques ou litt\u00e9raires, pour enfants comme&#8230;","og_url":"https:\/\/sceaux-lagazette.fr\/index.php\/2021\/09\/18\/la-sorciere-et-la-fee\/","og_site_name":"La Gazette","article_published_time":"2021-09-18T08:30:57+00:00","og_image":[{"width":426,"height":325,"url":"https:\/\/sceaux-lagazette.fr\/wp-content\/uploads\/2021\/09\/Cendrillon-Arthur-Rackham-BNF-e1631906793720.jpg","type":"image\/jpeg"}],"author":"H\u00e9l\u00e8ne Loup","twitter_card":"summary_large_image","twitter_misc":{"\u00c9crit par":"H\u00e9l\u00e8ne Loup","Dur\u00e9e de lecture estim\u00e9e":"7 minutes"},"schema":{"@context":"https:\/\/schema.org","@graph":[{"@type":"Article","@id":"https:\/\/sceaux-lagazette.fr\/index.php\/2021\/09\/18\/la-sorciere-et-la-fee\/#article","isPartOf":{"@id":"https:\/\/sceaux-lagazette.fr\/index.php\/2021\/09\/18\/la-sorciere-et-la-fee\/"},"author":{"name":"H\u00e9l\u00e8ne Loup","@id":"https:\/\/sceaux-lagazette.fr\/#\/schema\/person\/3e904f99be057ad436d236bb6f4ebc3a"},"headline":"La sorci\u00e8re et la f\u00e9e","datePublished":"2021-09-18T08:30:57+00:00","mainEntityOfPage":{"@id":"https:\/\/sceaux-lagazette.fr\/index.php\/2021\/09\/18\/la-sorciere-et-la-fee\/"},"wordCount":1464,"commentCount":4,"publisher":{"@id":"https:\/\/sceaux-lagazette.fr\/#organization"},"image":{"@id":"https:\/\/sceaux-lagazette.fr\/index.php\/2021\/09\/18\/la-sorciere-et-la-fee\/#primaryimage"},"thumbnailUrl":"https:\/\/sceaux-lagazette.fr\/wp-content\/uploads\/2021\/09\/Cendrillon-Arthur-Rackham-BNF-e1631906793720.jpg","articleSection":["D\u00e9tente"],"inLanguage":"fr-FR","potentialAction":[{"@type":"CommentAction","name":"Comment","target":["https:\/\/sceaux-lagazette.fr\/index.php\/2021\/09\/18\/la-sorciere-et-la-fee\/#respond"]}]},{"@type":"WebPage","@id":"https:\/\/sceaux-lagazette.fr\/index.php\/2021\/09\/18\/la-sorciere-et-la-fee\/","url":"https:\/\/sceaux-lagazette.fr\/index.php\/2021\/09\/18\/la-sorciere-et-la-fee\/","name":"La sorci\u00e8re et la f\u00e9e - La Gazette","isPartOf":{"@id":"https:\/\/sceaux-lagazette.fr\/#website"},"primaryImageOfPage":{"@id":"https:\/\/sceaux-lagazette.fr\/index.php\/2021\/09\/18\/la-sorciere-et-la-fee\/#primaryimage"},"image":{"@id":"https:\/\/sceaux-lagazette.fr\/index.php\/2021\/09\/18\/la-sorciere-et-la-fee\/#primaryimage"},"thumbnailUrl":"https:\/\/sceaux-lagazette.fr\/wp-content\/uploads\/2021\/09\/Cendrillon-Arthur-Rackham-BNF-e1631906793720.jpg","datePublished":"2021-09-18T08:30:57+00:00","breadcrumb":{"@id":"https:\/\/sceaux-lagazette.fr\/index.php\/2021\/09\/18\/la-sorciere-et-la-fee\/#breadcrumb"},"inLanguage":"fr-FR","potentialAction":[{"@type":"ReadAction","target":["https:\/\/sceaux-lagazette.fr\/index.php\/2021\/09\/18\/la-sorciere-et-la-fee\/"]}]},{"@type":"ImageObject","inLanguage":"fr-FR","@id":"https:\/\/sceaux-lagazette.fr\/index.php\/2021\/09\/18\/la-sorciere-et-la-fee\/#primaryimage","url":"https:\/\/sceaux-lagazette.fr\/wp-content\/uploads\/2021\/09\/Cendrillon-Arthur-Rackham-BNF-e1631906793720.jpg","contentUrl":"https:\/\/sceaux-lagazette.fr\/wp-content\/uploads\/2021\/09\/Cendrillon-Arthur-Rackham-BNF-e1631906793720.jpg","width":426,"height":325},{"@type":"BreadcrumbList","@id":"https:\/\/sceaux-lagazette.fr\/index.php\/2021\/09\/18\/la-sorciere-et-la-fee\/#breadcrumb","itemListElement":[{"@type":"ListItem","position":1,"name":"Accueil","item":"https:\/\/sceaux-lagazette.fr\/"},{"@type":"ListItem","position":2,"name":"La sorci\u00e8re et la f\u00e9e"}]},{"@type":"WebSite","@id":"https:\/\/sceaux-lagazette.fr\/#website","url":"https:\/\/sceaux-lagazette.fr\/","name":"La Gazette","description":"Bourg-la-Reine, Ch\u00e2tenay, Fontenay, Sceaux","publisher":{"@id":"https:\/\/sceaux-lagazette.fr\/#organization"},"potentialAction":[{"@type":"SearchAction","target":{"@type":"EntryPoint","urlTemplate":"https:\/\/sceaux-lagazette.fr\/?s={search_term_string}"},"query-input":{"@type":"PropertyValueSpecification","valueRequired":true,"valueName":"search_term_string"}}],"inLanguage":"fr-FR"},{"@type":"Organization","@id":"https:\/\/sceaux-lagazette.fr\/#organization","name":"La Gazette","url":"https:\/\/sceaux-lagazette.fr\/","logo":{"@type":"ImageObject","inLanguage":"fr-FR","@id":"https:\/\/sceaux-lagazette.fr\/#\/schema\/logo\/image\/","url":"https:\/\/sceaux-lagazette.fr\/wp-content\/uploads\/2025\/08\/Logo-Gazette-Aout-2025-V3.jpg","contentUrl":"https:\/\/sceaux-lagazette.fr\/wp-content\/uploads\/2025\/08\/Logo-Gazette-Aout-2025-V3.jpg","width":525,"height":130,"caption":"La Gazette"},"image":{"@id":"https:\/\/sceaux-lagazette.fr\/#\/schema\/logo\/image\/"}},{"@type":"Person","@id":"https:\/\/sceaux-lagazette.fr\/#\/schema\/person\/3e904f99be057ad436d236bb6f4ebc3a","name":"H\u00e9l\u00e8ne Loup","image":{"@type":"ImageObject","inLanguage":"fr-FR","@id":"https:\/\/sceaux-lagazette.fr\/#\/schema\/person\/image\/","url":"https:\/\/secure.gravatar.com\/avatar\/00408ac6d54fb62c35ec4d96af3e6b2a?s=96&r=g","contentUrl":"https:\/\/secure.gravatar.com\/avatar\/00408ac6d54fb62c35ec4d96af3e6b2a?s=96&r=g","caption":"H\u00e9l\u00e8ne Loup"},"url":"https:\/\/sceaux-lagazette.fr\/index.php\/author\/helene\/"}]}},"cc_featured_image_caption":{"caption_text":false,"source_text":false,"source_url":false},"_links":{"self":[{"href":"https:\/\/sceaux-lagazette.fr\/index.php\/wp-json\/wp\/v2\/posts\/4579"}],"collection":[{"href":"https:\/\/sceaux-lagazette.fr\/index.php\/wp-json\/wp\/v2\/posts"}],"about":[{"href":"https:\/\/sceaux-lagazette.fr\/index.php\/wp-json\/wp\/v2\/types\/post"}],"author":[{"embeddable":true,"href":"https:\/\/sceaux-lagazette.fr\/index.php\/wp-json\/wp\/v2\/users\/23"}],"replies":[{"embeddable":true,"href":"https:\/\/sceaux-lagazette.fr\/index.php\/wp-json\/wp\/v2\/comments?post=4579"}],"version-history":[{"count":8,"href":"https:\/\/sceaux-lagazette.fr\/index.php\/wp-json\/wp\/v2\/posts\/4579\/revisions"}],"predecessor-version":[{"id":4591,"href":"https:\/\/sceaux-lagazette.fr\/index.php\/wp-json\/wp\/v2\/posts\/4579\/revisions\/4591"}],"wp:featuredmedia":[{"embeddable":true,"href":"https:\/\/sceaux-lagazette.fr\/index.php\/wp-json\/wp\/v2\/media\/4583"}],"wp:attachment":[{"href":"https:\/\/sceaux-lagazette.fr\/index.php\/wp-json\/wp\/v2\/media?parent=4579"}],"wp:term":[{"taxonomy":"category","embeddable":true,"href":"https:\/\/sceaux-lagazette.fr\/index.php\/wp-json\/wp\/v2\/categories?post=4579"},{"taxonomy":"post_tag","embeddable":true,"href":"https:\/\/sceaux-lagazette.fr\/index.php\/wp-json\/wp\/v2\/tags?post=4579"}],"curies":[{"name":"wp","href":"https:\/\/api.w.org\/{rel}","templated":true}]}}