{"id":45582,"date":"2026-03-15T23:56:22","date_gmt":"2026-03-15T22:56:22","guid":{"rendered":"https:\/\/sceaux-lagazette.fr\/?p=45582"},"modified":"2026-03-16T10:58:29","modified_gmt":"2026-03-16T09:58:29","slug":"resultats-du-premier-tour-des-municipales","status":"publish","type":"post","link":"https:\/\/sceaux-lagazette.fr\/index.php\/2026\/03\/15\/resultats-du-premier-tour-des-municipales\/","title":{"rendered":"R\u00e9sultats du premier tour des municipales"},"content":{"rendered":"\n<p>Pour les villes de Bourg-la-Reine, Ch\u00e2tenay-Malabry, Fontenay-aux-Roses et Sceaux.&nbsp; Scrutin du 15 mars 2026.<\/p>\n\n\n\n<h2 class=\"wp-block-heading\">Bourg-la-Reine<\/h2>\n\n\n\n<p class=\"has-vivid-cyan-blue-color has-text-color has-link-color wp-elements-2f52d3d67c244436b6267dd9b289de8b\"><strong>R\u00e9sultats 2026<\/strong><\/p>\n\n\n\n<p class=\"has-black-color has-text-color has-link-color wp-elements-13e26e5190f021d2b01c3429dfc56d8e\">Inscrits\u00a0:\u00a0 13430 \u00a0\u00a0\u00a0\u00a0Votants\u00a0: 8415 \u00a0  Exprim\u00e9s\u00a0: 8320<\/p>\n\n\n\n<ul class=\"wp-block-list\">\n<li>Liste David Burel&nbsp;: &nbsp;&nbsp;&nbsp;&nbsp;&nbsp;&nbsp;&nbsp;&nbsp;&nbsp;&nbsp;&nbsp;&nbsp;&nbsp;&nbsp;&nbsp;&nbsp;&nbsp;&nbsp;&nbsp;&nbsp;&nbsp;&nbsp;&nbsp;&nbsp;&nbsp; 411&nbsp; voix (4,94%)<\/li>\n\n\n\n<li>Liste Ang\u00e9lique Khaled&nbsp;: &nbsp;&nbsp;&nbsp;&nbsp;&nbsp;&nbsp;&nbsp;&nbsp;&nbsp;&nbsp;&nbsp;&nbsp;&nbsp;  545 voix (6,55%)<\/li>\n\n\n\n<li>Liste Margaux Wentzler&nbsp;:&nbsp;&nbsp;&nbsp;&nbsp;&nbsp;&nbsp;&nbsp;&nbsp;&nbsp;&nbsp;&nbsp;&nbsp;   859 voix (10,32 %)<\/li>\n\n\n\n<li>Liste Patrick Donath&nbsp;: &nbsp;&nbsp;&nbsp;&nbsp;&nbsp;&nbsp;&nbsp;&nbsp;&nbsp;&nbsp;&nbsp;&nbsp;&nbsp;&nbsp;&nbsp;&nbsp;&nbsp;&nbsp; 3084 voix (37,07 %)<\/li>\n\n\n\n<li>Liste Christophe Bonazzi&nbsp;: &nbsp;&nbsp;&nbsp;&nbsp;&nbsp;&nbsp;&nbsp;&nbsp;&nbsp;&nbsp; 1855 voix (22,30 %)<\/li>\n\n\n\n<li>Liste C\u00e9cile Andrieux&nbsp;:&nbsp;&nbsp;&nbsp;&nbsp;&nbsp;&nbsp;&nbsp;&nbsp;&nbsp;&nbsp;&nbsp;&nbsp;&nbsp;&nbsp;&nbsp;&nbsp;&nbsp;&nbsp; 1560 voix (18,82%)<\/li>\n<\/ul>\n\n\n\n<p><a><strong>R\u00e9sultats 2020<\/strong><\/a><\/p>\n\n\n\n<p>1<sup>er<\/sup> tour&nbsp;: nombre de voix et % des exprim\u00e9s<\/p>\n\n\n\n<ul class=\"wp-block-list\">\n<li>M. Patrick Donath (UDI)&nbsp;: &nbsp;&nbsp;&nbsp;&nbsp;&nbsp;&nbsp;&nbsp;&nbsp;&nbsp;&nbsp;&nbsp;&nbsp;&nbsp;&nbsp;&nbsp;&nbsp;&nbsp;&nbsp;&nbsp;&nbsp;&nbsp; 2703 (49,42%)<\/li>\n\n\n\n<li>M. Christophe Bonazzi (VEC)&nbsp;: &nbsp;&nbsp;&nbsp;&nbsp;&nbsp;&nbsp;&nbsp;&nbsp;&nbsp;&nbsp;&nbsp;&nbsp;&nbsp; 1939 (35,45%)<\/li>\n\n\n\n<li>Mme La\u00ebtitia Claudic (DVD)&nbsp;: &nbsp;&nbsp;&nbsp;&nbsp;&nbsp;&nbsp;&nbsp;&nbsp;&nbsp;&nbsp;&nbsp;&nbsp;&nbsp;&nbsp; &nbsp;827(15,12%)<\/li>\n<\/ul>\n\n\n\n<p>2\u00e8me tour : nombre de voix et % des exprim\u00e9s<\/p>\n\n\n\n<ul class=\"wp-block-list\">\n<li>M. Patrick Donath (UDI)&nbsp;: &nbsp;&nbsp;&nbsp;&nbsp;&nbsp;&nbsp;&nbsp;&nbsp;&nbsp;&nbsp;&nbsp;&nbsp;&nbsp;&nbsp;&nbsp;&nbsp;&nbsp;&nbsp;&nbsp;&nbsp;&nbsp; 2838 (56,03%)<\/li>\n\n\n\n<li>M. Christophe Bonazzi (VEC)&nbsp;: &nbsp;&nbsp;&nbsp;&nbsp;&nbsp;&nbsp;&nbsp;&nbsp;&nbsp;&nbsp;&nbsp;&nbsp;&nbsp; 1785 (35,24%)<\/li>\n\n\n\n<li>Mme La\u00ebtitia Claudic (DVD)&nbsp;: &nbsp;&nbsp;&nbsp;&nbsp;&nbsp;&nbsp;&nbsp;&nbsp;&nbsp;&nbsp;&nbsp;&nbsp;&nbsp;&nbsp; &nbsp;442(8,72%)<\/li>\n<\/ul>\n\n\n\n<h2 class=\"wp-block-heading\">Ch\u00e2tenay-Malabry<\/h2>\n\n\n\n<p class=\"has-vivid-cyan-blue-color has-text-color has-link-color wp-elements-2f52d3d67c244436b6267dd9b289de8b\"><strong>R\u00e9sultats 2026<\/strong><\/p>\n\n\n\n<p class=\"has-black-color has-text-color has-link-color wp-elements-f1a330f21e2c240515ff07dad517cbb8\">Inscrits\u00a0:\u00a0 21970 \u00a0\u00a0\u00a0\u00a0\u00a0\u00a0\u00a0\u00a0\u00a0\u00a0\u00a0\u00a0\u00a0\u00a0 Votants\u00a0: 12136 \u00a0\u00a0\u00a0\u00a0\u00a0\u00a0\u00a0\u00a0\u00a0\u00a0\u00a0\u00a0\u00a0\u00a0 Exprim\u00e9s\u00a0: 11622<\/p>\n\n\n\n<p>Liste Brice Gaillard&nbsp;:&nbsp;&nbsp;&nbsp;&nbsp;&nbsp;&nbsp;&nbsp; 3504 voix (30,15%)<\/p>\n\n\n\n<p>Liste Carl S\u00e9gaud&nbsp;: &nbsp;&nbsp;&nbsp;&nbsp;&nbsp;&nbsp;&nbsp;&nbsp;&nbsp; 8118 voix (69,85 %)<\/p>\n\n\n\n<p class=\"has-vivid-cyan-blue-color has-text-color has-link-color wp-elements-4e4e57a6ad0b626f0f1d68d2d9c0d069\"><strong>R\u00e9sultats 2020<\/strong><\/p>\n\n\n\n<p>1<sup>er<\/sup> tour&nbsp;: nombre de voix et % des exprim\u00e9s<\/p>\n\n\n\n<ul class=\"wp-block-list\">\n<li>M. Georges Siffredi (UD)&nbsp;: &nbsp;&nbsp;&nbsp;&nbsp;&nbsp;&nbsp;&nbsp;&nbsp;&nbsp;&nbsp;&nbsp;&nbsp;&nbsp;&nbsp;&nbsp;&nbsp;&nbsp;&nbsp;&nbsp;&nbsp; 5043 (65,37%)<\/li>\n\n\n\n<li>M. St\u00e9phane Dieudonn\u00e9 (UG)&nbsp;&nbsp;&nbsp;&nbsp;&nbsp;&nbsp;&nbsp;&nbsp;&nbsp;&nbsp;&nbsp;&nbsp;&nbsp; 2671 (34,62%)<\/li>\n<\/ul>\n\n\n\n<h2 class=\"wp-block-heading\">Fontenay-aux-Roses<\/h2>\n\n\n\n<p class=\"has-vivid-cyan-blue-color has-text-color has-link-color wp-elements-2f52d3d67c244436b6267dd9b289de8b\"><strong>R\u00e9sultats 2026<\/strong><\/p>\n\n\n\n<p>Inscrits\u00a0:\u00a0 15242     Votants\u00a0: \u00a0\u00a0\u00a0\u00a0\u00a0\u00a0\u00a0\u00a0\u00a0\u00a0Exprim\u00e9s\u00a0: 8526<\/p>\n\n\n\n<ul class=\"wp-block-list\">\n<li>Liste Gilles Mergy&nbsp;:&nbsp;&nbsp;&nbsp;&nbsp;&nbsp;&nbsp;&nbsp;&nbsp;&nbsp;&nbsp;&nbsp;&nbsp;&nbsp;&nbsp;&nbsp;&nbsp;&nbsp;&nbsp;&nbsp;&nbsp;&nbsp;&nbsp;&nbsp;&nbsp;&nbsp;&nbsp;&nbsp;&nbsp;&nbsp;1877&nbsp;( 22%)<\/li>\n\n\n\n<li>Liste Corine Sch\u00e4fer-B\u00e9n\u00e9treau&nbsp;:&nbsp;&nbsp;&nbsp;&nbsp;&nbsp;&nbsp;&nbsp;528 &nbsp;(6,2%)<\/li>\n\n\n\n<li>Liste Philippe Ribatto&nbsp;:&nbsp; &nbsp;&nbsp;&nbsp;&nbsp;&nbsp;&nbsp;&nbsp;&nbsp;&nbsp;&nbsp;&nbsp;&nbsp;&nbsp;&nbsp;&nbsp;&nbsp;&nbsp;&nbsp;&nbsp;&nbsp;&nbsp;&nbsp;&nbsp;460 &nbsp;(5,4 %)<\/li>\n\n\n\n<li>Liste Pauline Le Fur&nbsp;:&nbsp;&nbsp;&nbsp;&nbsp;&nbsp;&nbsp;&nbsp;&nbsp;&nbsp;&nbsp;&nbsp;&nbsp;&nbsp;&nbsp;&nbsp;&nbsp;&nbsp;&nbsp;&nbsp;&nbsp;&nbsp;&nbsp;&nbsp;&nbsp;&nbsp;&nbsp;&nbsp;&nbsp;2035&nbsp;&nbsp;(23,9%)<\/li>\n\n\n\n<li>Liste Laurent Vastel&nbsp;: &nbsp;&nbsp;&nbsp;&nbsp;&nbsp;&nbsp;&nbsp;&nbsp;&nbsp;&nbsp;&nbsp;&nbsp;&nbsp;&nbsp;&nbsp;&nbsp;&nbsp;&nbsp;&nbsp;&nbsp;&nbsp;&nbsp;&nbsp;&nbsp;&nbsp;&nbsp;3182&nbsp;&nbsp;&nbsp;(37,3%)<\/li>\n\n\n\n<li>Liste Michel Faye&nbsp;: &nbsp;&nbsp;&nbsp;&nbsp;&nbsp;&nbsp;&nbsp;&nbsp;&nbsp;&nbsp;&nbsp;&nbsp;&nbsp;&nbsp;&nbsp;&nbsp;&nbsp;&nbsp;&nbsp;&nbsp;&nbsp;&nbsp;&nbsp;&nbsp;&nbsp;&nbsp;&nbsp;&nbsp;&nbsp;&nbsp;&nbsp;&nbsp;&nbsp;&nbsp;444&nbsp;&nbsp;&nbsp;(5,2%)<\/li>\n<\/ul>\n\n\n\n<p class=\"has-vivid-cyan-blue-color has-text-color has-link-color wp-elements-4e4e57a6ad0b626f0f1d68d2d9c0d069\"><strong>R\u00e9sultats 2020<\/strong><\/p>\n\n\n\n<p>1<sup>er<\/sup> tour&nbsp;: nombre de voix et % des exprim\u00e9s<\/p>\n\n\n\n<ul class=\"wp-block-list\">\n<li>M. Laurent Vastel (UDI)&nbsp;:&nbsp;&nbsp;&nbsp;&nbsp;&nbsp;&nbsp;&nbsp;&nbsp;&nbsp;&nbsp;&nbsp;&nbsp;&nbsp;&nbsp;&nbsp;&nbsp;&nbsp;&nbsp;&nbsp;&nbsp;&nbsp;&nbsp;&nbsp;&nbsp;&nbsp;&nbsp;&nbsp;&nbsp;&nbsp;&nbsp;&nbsp;&nbsp;&nbsp;&nbsp;&nbsp;&nbsp;&nbsp;&nbsp;&nbsp; 2808 (42,77%)<\/li>\n\n\n\n<li>M. Gilles Mergy (DVG)&nbsp;:&nbsp;&nbsp;&nbsp;&nbsp;&nbsp;&nbsp;&nbsp;&nbsp;&nbsp;&nbsp;&nbsp;&nbsp;&nbsp;&nbsp;&nbsp;&nbsp;&nbsp;&nbsp;&nbsp;&nbsp;&nbsp;&nbsp;&nbsp;&nbsp;&nbsp;&nbsp;&nbsp;&nbsp;&nbsp;&nbsp;&nbsp;&nbsp;&nbsp;&nbsp;&nbsp;&nbsp;&nbsp;&nbsp;&nbsp;&nbsp;&nbsp;&nbsp; 1554 (23,67%)<\/li>\n\n\n\n<li>M. Pascal Buchet (UG)&nbsp;:&nbsp;&nbsp;&nbsp;&nbsp;&nbsp;&nbsp;&nbsp;&nbsp;&nbsp;&nbsp;&nbsp;&nbsp;&nbsp;&nbsp;&nbsp;&nbsp;&nbsp;&nbsp;&nbsp;&nbsp;&nbsp;&nbsp;&nbsp;&nbsp;&nbsp;&nbsp;&nbsp;&nbsp;&nbsp;&nbsp;&nbsp;&nbsp;&nbsp;&nbsp;&nbsp;&nbsp;&nbsp;&nbsp;&nbsp;&nbsp;&nbsp;&nbsp; 1168 (17,79%)<\/li>\n\n\n\n<li>Mme Suzanne Bourdet (DVC)&nbsp;:&nbsp;&nbsp;&nbsp;&nbsp;&nbsp;&nbsp;&nbsp;&nbsp;&nbsp;&nbsp;&nbsp;&nbsp;&nbsp;&nbsp;&nbsp;&nbsp;&nbsp;&nbsp;&nbsp;&nbsp;&nbsp;&nbsp;&nbsp;&nbsp;&nbsp;&nbsp;&nbsp; &nbsp; 493 (7,50%)<\/li>\n\n\n\n<li>Mme C\u00e9line Alvaro (DVC)&nbsp;: &nbsp;&nbsp;&nbsp;&nbsp;&nbsp;&nbsp;&nbsp;&nbsp;&nbsp;&nbsp;&nbsp;&nbsp;&nbsp;&nbsp;&nbsp;&nbsp;&nbsp;&nbsp;&nbsp;&nbsp;&nbsp;&nbsp;&nbsp;&nbsp;&nbsp;&nbsp;&nbsp;&nbsp;&nbsp;&nbsp;&nbsp;&nbsp;&nbsp; &nbsp;&nbsp;&nbsp;289 (4,40%)<\/li>\n\n\n\n<li>Mme Corine Sch\u00e4ffer-B\u00e9n\u00e9treau (DVG)&nbsp;:&nbsp;&nbsp;&nbsp;&nbsp;&nbsp;&nbsp; &nbsp;&nbsp;&nbsp;   253 (3,85%)<\/li>\n<\/ul>\n\n\n\n<p>2\u00e8me tour : nombre de voix et % des exprim\u00e9s<\/p>\n\n\n\n<ul class=\"wp-block-list\">\n<li>M. Laurent Vastel (UDI)\u00a0: \u00a0\u00a0\u00a0\u00a0\u00a0\u00a0\u00a0 3090 (52,89%) \u00a0<\/li>\n\n\n\n<li>M. Gilles Mergy (DVG)\u00a0: \u00a0\u00a0\u00a0\u00a0\u00a0\u00a0\u00a0\u00a0\u00a0\u00a0 2752 (47,10%)<\/li>\n<\/ul>\n\n\n\n<h2 class=\"wp-block-heading\">Sceaux<\/h2>\n\n\n\n<p class=\"has-vivid-cyan-blue-color has-text-color has-link-color wp-elements-2f52d3d67c244436b6267dd9b289de8b\"><strong>R\u00e9sultats 2026<\/strong><\/p>\n\n\n\n<p>Inscrits\u00a0:\u00a0 14457 \u00a0\u00a0\u00a0\u00a0Votants\u00a0: 8155\u00a0   Exprim\u00e9s\u00a0: 8024<\/p>\n\n\n\n<ul class=\"wp-block-list\">\n<li>Liste Philippe Laurent&nbsp;: &nbsp;&nbsp;&nbsp;&nbsp;&nbsp;&nbsp;&nbsp;&nbsp;&nbsp;&nbsp;&nbsp;&nbsp;&nbsp;&nbsp;&nbsp;&nbsp;&nbsp;&nbsp;&nbsp;&nbsp;&nbsp;&nbsp;&nbsp;&nbsp;&nbsp;&nbsp;&nbsp;&nbsp;&nbsp;&nbsp;&nbsp; 3077 voix (38,3%)<\/li>\n\n\n\n<li>Liste Liliane Wietzerbin&nbsp;: &nbsp;&nbsp;&nbsp;&nbsp;&nbsp;&nbsp;&nbsp;&nbsp;&nbsp;&nbsp;&nbsp;&nbsp;&nbsp;&nbsp;&nbsp;&nbsp;&nbsp;&nbsp;&nbsp;&nbsp;&nbsp;&nbsp;&nbsp;&nbsp;&nbsp;&nbsp;&nbsp;&nbsp; 1940 voix (24,2%)<\/li>\n\n\n\n<li>Liste Jean-Christophe Dessanges\u00a0:\u00a0\u00a0\u00a0\u00a0\u00a0\u00a0\u00a0\u00a0\u00a0\u00a0   1080 voix (13,5%)<\/li>\n\n\n\n<li>Liste Maud Bonte&nbsp;: &nbsp;&nbsp;&nbsp;&nbsp;&nbsp;&nbsp;&nbsp;&nbsp;&nbsp;&nbsp;&nbsp;&nbsp;&nbsp;&nbsp;&nbsp;&nbsp;&nbsp;&nbsp;&nbsp;&nbsp;&nbsp;&nbsp;&nbsp;&nbsp;&nbsp;&nbsp;&nbsp;&nbsp;&nbsp;&nbsp;&nbsp;&nbsp;&nbsp;&nbsp;&nbsp;&nbsp;&nbsp;&nbsp;&nbsp; &nbsp;&nbsp;530 voix (6,6%)<\/li>\n\n\n\n<li>Liste Flavien Poupinel&nbsp;: &nbsp;&nbsp;&nbsp;&nbsp;&nbsp;&nbsp;&nbsp;&nbsp;&nbsp;&nbsp;&nbsp;&nbsp;&nbsp;&nbsp;&nbsp;&nbsp;&nbsp;&nbsp;&nbsp;&nbsp;&nbsp;&nbsp;&nbsp;&nbsp;&nbsp;&nbsp;&nbsp;&nbsp;&nbsp;&nbsp;&nbsp; &nbsp;&nbsp;913 voix (11,4%)<\/li>\n\n\n\n<li>Liste Claire Bourdier&nbsp;: &nbsp;&nbsp;&nbsp;&nbsp;&nbsp;&nbsp;&nbsp;&nbsp;&nbsp;&nbsp;&nbsp;&nbsp;&nbsp;&nbsp;&nbsp;&nbsp;&nbsp;&nbsp;&nbsp;&nbsp;&nbsp;&nbsp;&nbsp;&nbsp;&nbsp;&nbsp;&nbsp;&nbsp;&nbsp;&nbsp;&nbsp;&nbsp;&nbsp;&nbsp; &nbsp;&nbsp;484 voix (6,0 %)<\/li>\n<\/ul>\n\n\n\n<p class=\"has-vivid-cyan-blue-color has-white-background-color has-text-color has-background has-link-color wp-elements-dfd765a3d118b0d45304b7c16ddeadf3\"><strong>R\u00e9sultats 2020<\/strong><\/p>\n\n\n\n<p>1<sup>er<\/sup> tour&nbsp;: nombre de voix et % des exprim\u00e9s<\/p>\n\n\n\n<ul class=\"wp-block-list\">\n<li>M. Philippe Laurent (LDVD)\u00a0: \u00a0\u00a0\u00a0\u00a0\u00a0\u00a0\u00a0\u00a0\u00a0\u00a0\u00a0\u00a0\u00a0\u00a0\u00a0\u00a0\u00a0\u00a0\u00a0\u00a0\u00a0\u00a0\u00a0\u00a0\u00a0\u00a0\u00a0\u00a0\u00a0\u00a0\u00a0\u00a02644 (44,98 %)<\/li>\n\n\n\n<li>M. Jean-Christophe Dessanges (LREM)&nbsp;:<a> <\/a>&nbsp;&nbsp;&nbsp;&nbsp;&nbsp;&nbsp;&nbsp;&nbsp;&nbsp;&nbsp;&nbsp; 1308 (22,25%)<\/li>\n\n\n\n<li>M. Xavier Tamby (LDVD)\u00a0:\u00a0\u00a0\u00a0\u00a0\u00a0\u00a0\u00a0\u00a0\u00a0\u00a0\u00a0\u00a0\u00a0\u00a0\u00a0\u00a0\u00a0\u00a0\u00a0\u00a0\u00a0\u00a0\u00a0\u00a0\u00a0\u00a0\u00a0\u00a0\u00a0\u00a0\u00a0\u00a0\u00a0\u00a0\u00a0\u00a0\u00a0\u00a0\u00a01035 (17,60 %)<\/li>\n\n\n\n<li>M. Philippe Szynkowki (LDVG)\u00a0: \u00a0\u00a0\u00a0\u00a0\u00a0\u00a0\u00a0\u00a0\u00a0\u00a0\u00a0\u00a0\u00a0\u00a0\u00a0\u00a0\u00a0\u00a0\u00a0\u00a0\u00a0\u00a0 \u00a0     891 (15,15 %)<\/li>\n<\/ul>\n\n\n\n<p>2\u00e8me tour : nombre de voix et % des exprim\u00e9s<\/p>\n\n\n\n<ul class=\"wp-block-list\">\n<li>M. Philippe Laurent (DVD)\u00a0: \u00a0\u00a0\u00a0\u00a0\u00a0\u00a0\u00a0\u00a0\u00a0\u00a0\u00a0\u00a0\u00a0\u00a0\u00a0\u00a0\u00a0\u00a0\u00a0\u00a0\u00a0\u00a0\u00a0\u00a0\u00a0\u00a0\u00a0\u00a0\u00a0\u00a0\u00a0\u00a0 2927 (51,75 %)<\/li>\n\n\n\n<li>M. Jean-Christophe Dessanges (UC) : \u00a0\u00a0\u00a0\u00a0\u00a0\u00a0\u00a0\u00a0\u00a0\u00a0\u00a0\u00a0\u00a0\u00a0 1894 (33,49 %)<\/li>\n\n\n\n<li>M. Philippe Szynkowski (DVG) : \u00a0\u00a0\u00a0\u00a0\u00a0\u00a0\u00a0\u00a0\u00a0\u00a0\u00a0\u00a0\u00a0\u00a0\u00a0\u00a0\u00a0\u00a0\u00a0\u00a0\u00a0\u00a0\u00a0\u00a0 \u00a0 834 (14,74 %)<\/li>\n<\/ul>\n\n\n\n<p>Publi\u00e9 le 15 mars \u00e0 23h56. Mise \u00e0 jour le 16 mars \u00e0 7h 54<\/p>\n","protected":false},"excerpt":{"rendered":"<p>Pour les villes de Bourg-la-Reine, Ch\u00e2tenay-Malabry, Fontenay-aux-Roses et Sceaux.&nbsp; Scrutin du 15 mars 2026. Bourg-la-Reine R\u00e9sultats 2026 Inscrits\u00a0:\u00a0 13430 \u00a0\u00a0\u00a0\u00a0Votants\u00a0: 8415 \u00a0 Exprim\u00e9s\u00a0: 8320 R\u00e9sultats 2020 1er tour&nbsp;: nombre de voix et % des exprim\u00e9s 2\u00e8me tour : nombre de voix et % des exprim\u00e9s Ch\u00e2tenay-Malabry R\u00e9sultats 2026 Inscrits\u00a0:\u00a0 21970&#8230;<\/p>\n","protected":false},"author":11,"featured_media":45592,"comment_status":"open","ping_status":"open","sticky":false,"template":"","format":"standard","meta":{"om_disable_all_campaigns":false,"_monsterinsights_skip_tracking":false,"_monsterinsights_sitenote_active":false,"_monsterinsights_sitenote_note":"","_monsterinsights_sitenote_category":0,"_uf_show_specific_survey":0,"_uf_disable_surveys":false,"footnotes":""},"categories":[265,263,264,266,246],"tags":[],"class_list":["post-45582","post","type-post","status-publish","format-standard","has-post-thumbnail","hentry","category-bourg-la-reine","category-chatenay-malabry","category-fontenay-aux-roses","category-sceaux","category-vie-publique","entry","simple"],"yoast_head":"<!-- This site is optimized with the Yoast SEO plugin v25.6 - https:\/\/yoast.com\/wordpress\/plugins\/seo\/ -->\n<title>R\u00e9sultats du premier tour des municipales - La Gazette<\/title>\n<meta name=\"robots\" content=\"index, follow, max-snippet:-1, max-image-preview:large, max-video-preview:-1\" \/>\n<link rel=\"canonical\" href=\"https:\/\/sceaux-lagazette.fr\/index.php\/2026\/03\/15\/resultats-du-premier-tour-des-municipales\/\" \/>\n<meta property=\"og:locale\" content=\"fr_FR\" \/>\n<meta property=\"og:type\" content=\"article\" \/>\n<meta property=\"og:title\" content=\"R\u00e9sultats du premier tour des municipales - La Gazette\" \/>\n<meta property=\"og:description\" content=\"Pour les villes de Bourg-la-Reine, Ch\u00e2tenay-Malabry, Fontenay-aux-Roses et Sceaux.&nbsp; Scrutin du 15 mars 2026. Bourg-la-Reine R\u00e9sultats 2026 Inscrits\u00a0:\u00a0 13430 \u00a0\u00a0\u00a0\u00a0Votants\u00a0: 8415 \u00a0 Exprim\u00e9s\u00a0: 8320 R\u00e9sultats 2020 1er tour&nbsp;: nombre de voix et % des exprim\u00e9s 2\u00e8me tour : nombre de voix et % des exprim\u00e9s Ch\u00e2tenay-Malabry R\u00e9sultats 2026 Inscrits\u00a0:\u00a0 21970&#8230;\" \/>\n<meta property=\"og:url\" content=\"https:\/\/sceaux-lagazette.fr\/index.php\/2026\/03\/15\/resultats-du-premier-tour-des-municipales\/\" \/>\n<meta property=\"og:site_name\" content=\"La Gazette\" \/>\n<meta property=\"article:published_time\" content=\"2026-03-15T22:56:22+00:00\" \/>\n<meta property=\"article:modified_time\" content=\"2026-03-16T09:58:29+00:00\" \/>\n<meta property=\"og:image\" content=\"https:\/\/sceaux-lagazette.fr\/wp-content\/uploads\/2026\/03\/Electeurs-devant-tabeau-Resultats-par-bureau-Sceaux.jpg\" \/>\n\t<meta property=\"og:image:width\" content=\"1080\" \/>\n\t<meta property=\"og:image:height\" content=\"644\" \/>\n\t<meta property=\"og:image:type\" content=\"image\/jpeg\" \/>\n<meta name=\"author\" content=\"G\u00e9rard Bardier\" \/>\n<meta name=\"twitter:card\" content=\"summary_large_image\" \/>\n<meta name=\"twitter:label1\" content=\"\u00c9crit par\" \/>\n\t<meta name=\"twitter:data1\" content=\"G\u00e9rard Bardier\" \/>\n\t<meta name=\"twitter:label2\" content=\"Dur\u00e9e de lecture estim\u00e9e\" \/>\n\t<meta name=\"twitter:data2\" content=\"3 minutes\" \/>\n<script type=\"application\/ld+json\" class=\"yoast-schema-graph\">{\"@context\":\"https:\/\/schema.org\",\"@graph\":[{\"@type\":\"Article\",\"@id\":\"https:\/\/sceaux-lagazette.fr\/index.php\/2026\/03\/15\/resultats-du-premier-tour-des-municipales\/#article\",\"isPartOf\":{\"@id\":\"https:\/\/sceaux-lagazette.fr\/index.php\/2026\/03\/15\/resultats-du-premier-tour-des-municipales\/\"},\"author\":{\"name\":\"G\u00e9rard Bardier\",\"@id\":\"https:\/\/sceaux-lagazette.fr\/#\/schema\/person\/5650e206a121f68c6f5e76379bccfbc4\"},\"headline\":\"R\u00e9sultats du premier tour des municipales\",\"datePublished\":\"2026-03-15T22:56:22+00:00\",\"dateModified\":\"2026-03-16T09:58:29+00:00\",\"mainEntityOfPage\":{\"@id\":\"https:\/\/sceaux-lagazette.fr\/index.php\/2026\/03\/15\/resultats-du-premier-tour-des-municipales\/\"},\"wordCount\":1126,\"commentCount\":7,\"publisher\":{\"@id\":\"https:\/\/sceaux-lagazette.fr\/#organization\"},\"image\":{\"@id\":\"https:\/\/sceaux-lagazette.fr\/index.php\/2026\/03\/15\/resultats-du-premier-tour-des-municipales\/#primaryimage\"},\"thumbnailUrl\":\"https:\/\/sceaux-lagazette.fr\/wp-content\/uploads\/2026\/03\/Electeurs-devant-tabeau-Resultats-par-bureau-Sceaux.jpg\",\"articleSection\":[\"Bourg-la-Reine\",\"Ch\u00e2tenay-Malabry\",\"Fontenay-aux-Roses\",\"Sceaux\",\"Vie publique\"],\"inLanguage\":\"fr-FR\",\"potentialAction\":[{\"@type\":\"CommentAction\",\"name\":\"Comment\",\"target\":[\"https:\/\/sceaux-lagazette.fr\/index.php\/2026\/03\/15\/resultats-du-premier-tour-des-municipales\/#respond\"]}]},{\"@type\":\"WebPage\",\"@id\":\"https:\/\/sceaux-lagazette.fr\/index.php\/2026\/03\/15\/resultats-du-premier-tour-des-municipales\/\",\"url\":\"https:\/\/sceaux-lagazette.fr\/index.php\/2026\/03\/15\/resultats-du-premier-tour-des-municipales\/\",\"name\":\"R\u00e9sultats du premier tour des municipales - La Gazette\",\"isPartOf\":{\"@id\":\"https:\/\/sceaux-lagazette.fr\/#website\"},\"primaryImageOfPage\":{\"@id\":\"https:\/\/sceaux-lagazette.fr\/index.php\/2026\/03\/15\/resultats-du-premier-tour-des-municipales\/#primaryimage\"},\"image\":{\"@id\":\"https:\/\/sceaux-lagazette.fr\/index.php\/2026\/03\/15\/resultats-du-premier-tour-des-municipales\/#primaryimage\"},\"thumbnailUrl\":\"https:\/\/sceaux-lagazette.fr\/wp-content\/uploads\/2026\/03\/Electeurs-devant-tabeau-Resultats-par-bureau-Sceaux.jpg\",\"datePublished\":\"2026-03-15T22:56:22+00:00\",\"dateModified\":\"2026-03-16T09:58:29+00:00\",\"breadcrumb\":{\"@id\":\"https:\/\/sceaux-lagazette.fr\/index.php\/2026\/03\/15\/resultats-du-premier-tour-des-municipales\/#breadcrumb\"},\"inLanguage\":\"fr-FR\",\"potentialAction\":[{\"@type\":\"ReadAction\",\"target\":[\"https:\/\/sceaux-lagazette.fr\/index.php\/2026\/03\/15\/resultats-du-premier-tour-des-municipales\/\"]}]},{\"@type\":\"ImageObject\",\"inLanguage\":\"fr-FR\",\"@id\":\"https:\/\/sceaux-lagazette.fr\/index.php\/2026\/03\/15\/resultats-du-premier-tour-des-municipales\/#primaryimage\",\"url\":\"https:\/\/sceaux-lagazette.fr\/wp-content\/uploads\/2026\/03\/Electeurs-devant-tabeau-Resultats-par-bureau-Sceaux.jpg\",\"contentUrl\":\"https:\/\/sceaux-lagazette.fr\/wp-content\/uploads\/2026\/03\/Electeurs-devant-tabeau-Resultats-par-bureau-Sceaux.jpg\",\"width\":1080,\"height\":644},{\"@type\":\"BreadcrumbList\",\"@id\":\"https:\/\/sceaux-lagazette.fr\/index.php\/2026\/03\/15\/resultats-du-premier-tour-des-municipales\/#breadcrumb\",\"itemListElement\":[{\"@type\":\"ListItem\",\"position\":1,\"name\":\"Accueil\",\"item\":\"https:\/\/sceaux-lagazette.fr\/\"},{\"@type\":\"ListItem\",\"position\":2,\"name\":\"R\u00e9sultats du premier tour des municipales\"}]},{\"@type\":\"WebSite\",\"@id\":\"https:\/\/sceaux-lagazette.fr\/#website\",\"url\":\"https:\/\/sceaux-lagazette.fr\/\",\"name\":\"La Gazette\",\"description\":\"Bourg-la-Reine, Ch\u00e2tenay, Fontenay, Sceaux\",\"publisher\":{\"@id\":\"https:\/\/sceaux-lagazette.fr\/#organization\"},\"potentialAction\":[{\"@type\":\"SearchAction\",\"target\":{\"@type\":\"EntryPoint\",\"urlTemplate\":\"https:\/\/sceaux-lagazette.fr\/?s={search_term_string}\"},\"query-input\":{\"@type\":\"PropertyValueSpecification\",\"valueRequired\":true,\"valueName\":\"search_term_string\"}}],\"inLanguage\":\"fr-FR\"},{\"@type\":\"Organization\",\"@id\":\"https:\/\/sceaux-lagazette.fr\/#organization\",\"name\":\"La Gazette\",\"url\":\"https:\/\/sceaux-lagazette.fr\/\",\"logo\":{\"@type\":\"ImageObject\",\"inLanguage\":\"fr-FR\",\"@id\":\"https:\/\/sceaux-lagazette.fr\/#\/schema\/logo\/image\/\",\"url\":\"https:\/\/sceaux-lagazette.fr\/wp-content\/uploads\/2025\/08\/Logo-Gazette-Aout-2025-V3.jpg\",\"contentUrl\":\"https:\/\/sceaux-lagazette.fr\/wp-content\/uploads\/2025\/08\/Logo-Gazette-Aout-2025-V3.jpg\",\"width\":525,\"height\":130,\"caption\":\"La Gazette\"},\"image\":{\"@id\":\"https:\/\/sceaux-lagazette.fr\/#\/schema\/logo\/image\/\"}},{\"@type\":\"Person\",\"@id\":\"https:\/\/sceaux-lagazette.fr\/#\/schema\/person\/5650e206a121f68c6f5e76379bccfbc4\",\"name\":\"G\u00e9rard Bardier\",\"image\":{\"@type\":\"ImageObject\",\"inLanguage\":\"fr-FR\",\"@id\":\"https:\/\/sceaux-lagazette.fr\/#\/schema\/person\/image\/\",\"url\":\"https:\/\/secure.gravatar.com\/avatar\/5cf4391ef9dbc0367750202561279a29?s=96&r=g\",\"contentUrl\":\"https:\/\/secure.gravatar.com\/avatar\/5cf4391ef9dbc0367750202561279a29?s=96&r=g\",\"caption\":\"G\u00e9rard Bardier\"},\"url\":\"https:\/\/sceaux-lagazette.fr\/index.php\/author\/gb\/\"}]}<\/script>\n<!-- \/ Yoast SEO plugin. -->","yoast_head_json":{"title":"R\u00e9sultats du premier tour des municipales - La Gazette","robots":{"index":"index","follow":"follow","max-snippet":"max-snippet:-1","max-image-preview":"max-image-preview:large","max-video-preview":"max-video-preview:-1"},"canonical":"https:\/\/sceaux-lagazette.fr\/index.php\/2026\/03\/15\/resultats-du-premier-tour-des-municipales\/","og_locale":"fr_FR","og_type":"article","og_title":"R\u00e9sultats du premier tour des municipales - La Gazette","og_description":"Pour les villes de Bourg-la-Reine, Ch\u00e2tenay-Malabry, Fontenay-aux-Roses et Sceaux.&nbsp; Scrutin du 15 mars 2026. Bourg-la-Reine R\u00e9sultats 2026 Inscrits\u00a0:\u00a0 13430 \u00a0\u00a0\u00a0\u00a0Votants\u00a0: 8415 \u00a0 Exprim\u00e9s\u00a0: 8320 R\u00e9sultats 2020 1er tour&nbsp;: nombre de voix et % des exprim\u00e9s 2\u00e8me tour : nombre de voix et % des exprim\u00e9s Ch\u00e2tenay-Malabry R\u00e9sultats 2026 Inscrits\u00a0:\u00a0 21970&#8230;","og_url":"https:\/\/sceaux-lagazette.fr\/index.php\/2026\/03\/15\/resultats-du-premier-tour-des-municipales\/","og_site_name":"La Gazette","article_published_time":"2026-03-15T22:56:22+00:00","article_modified_time":"2026-03-16T09:58:29+00:00","og_image":[{"width":1080,"height":644,"url":"https:\/\/sceaux-lagazette.fr\/wp-content\/uploads\/2026\/03\/Electeurs-devant-tabeau-Resultats-par-bureau-Sceaux.jpg","type":"image\/jpeg"}],"author":"G\u00e9rard Bardier","twitter_card":"summary_large_image","twitter_misc":{"\u00c9crit par":"G\u00e9rard Bardier","Dur\u00e9e de lecture estim\u00e9e":"3 minutes"},"schema":{"@context":"https:\/\/schema.org","@graph":[{"@type":"Article","@id":"https:\/\/sceaux-lagazette.fr\/index.php\/2026\/03\/15\/resultats-du-premier-tour-des-municipales\/#article","isPartOf":{"@id":"https:\/\/sceaux-lagazette.fr\/index.php\/2026\/03\/15\/resultats-du-premier-tour-des-municipales\/"},"author":{"name":"G\u00e9rard Bardier","@id":"https:\/\/sceaux-lagazette.fr\/#\/schema\/person\/5650e206a121f68c6f5e76379bccfbc4"},"headline":"R\u00e9sultats du premier tour des municipales","datePublished":"2026-03-15T22:56:22+00:00","dateModified":"2026-03-16T09:58:29+00:00","mainEntityOfPage":{"@id":"https:\/\/sceaux-lagazette.fr\/index.php\/2026\/03\/15\/resultats-du-premier-tour-des-municipales\/"},"wordCount":1126,"commentCount":7,"publisher":{"@id":"https:\/\/sceaux-lagazette.fr\/#organization"},"image":{"@id":"https:\/\/sceaux-lagazette.fr\/index.php\/2026\/03\/15\/resultats-du-premier-tour-des-municipales\/#primaryimage"},"thumbnailUrl":"https:\/\/sceaux-lagazette.fr\/wp-content\/uploads\/2026\/03\/Electeurs-devant-tabeau-Resultats-par-bureau-Sceaux.jpg","articleSection":["Bourg-la-Reine","Ch\u00e2tenay-Malabry","Fontenay-aux-Roses","Sceaux","Vie publique"],"inLanguage":"fr-FR","potentialAction":[{"@type":"CommentAction","name":"Comment","target":["https:\/\/sceaux-lagazette.fr\/index.php\/2026\/03\/15\/resultats-du-premier-tour-des-municipales\/#respond"]}]},{"@type":"WebPage","@id":"https:\/\/sceaux-lagazette.fr\/index.php\/2026\/03\/15\/resultats-du-premier-tour-des-municipales\/","url":"https:\/\/sceaux-lagazette.fr\/index.php\/2026\/03\/15\/resultats-du-premier-tour-des-municipales\/","name":"R\u00e9sultats du premier tour des municipales - La Gazette","isPartOf":{"@id":"https:\/\/sceaux-lagazette.fr\/#website"},"primaryImageOfPage":{"@id":"https:\/\/sceaux-lagazette.fr\/index.php\/2026\/03\/15\/resultats-du-premier-tour-des-municipales\/#primaryimage"},"image":{"@id":"https:\/\/sceaux-lagazette.fr\/index.php\/2026\/03\/15\/resultats-du-premier-tour-des-municipales\/#primaryimage"},"thumbnailUrl":"https:\/\/sceaux-lagazette.fr\/wp-content\/uploads\/2026\/03\/Electeurs-devant-tabeau-Resultats-par-bureau-Sceaux.jpg","datePublished":"2026-03-15T22:56:22+00:00","dateModified":"2026-03-16T09:58:29+00:00","breadcrumb":{"@id":"https:\/\/sceaux-lagazette.fr\/index.php\/2026\/03\/15\/resultats-du-premier-tour-des-municipales\/#breadcrumb"},"inLanguage":"fr-FR","potentialAction":[{"@type":"ReadAction","target":["https:\/\/sceaux-lagazette.fr\/index.php\/2026\/03\/15\/resultats-du-premier-tour-des-municipales\/"]}]},{"@type":"ImageObject","inLanguage":"fr-FR","@id":"https:\/\/sceaux-lagazette.fr\/index.php\/2026\/03\/15\/resultats-du-premier-tour-des-municipales\/#primaryimage","url":"https:\/\/sceaux-lagazette.fr\/wp-content\/uploads\/2026\/03\/Electeurs-devant-tabeau-Resultats-par-bureau-Sceaux.jpg","contentUrl":"https:\/\/sceaux-lagazette.fr\/wp-content\/uploads\/2026\/03\/Electeurs-devant-tabeau-Resultats-par-bureau-Sceaux.jpg","width":1080,"height":644},{"@type":"BreadcrumbList","@id":"https:\/\/sceaux-lagazette.fr\/index.php\/2026\/03\/15\/resultats-du-premier-tour-des-municipales\/#breadcrumb","itemListElement":[{"@type":"ListItem","position":1,"name":"Accueil","item":"https:\/\/sceaux-lagazette.fr\/"},{"@type":"ListItem","position":2,"name":"R\u00e9sultats du premier tour des municipales"}]},{"@type":"WebSite","@id":"https:\/\/sceaux-lagazette.fr\/#website","url":"https:\/\/sceaux-lagazette.fr\/","name":"La Gazette","description":"Bourg-la-Reine, Ch\u00e2tenay, Fontenay, Sceaux","publisher":{"@id":"https:\/\/sceaux-lagazette.fr\/#organization"},"potentialAction":[{"@type":"SearchAction","target":{"@type":"EntryPoint","urlTemplate":"https:\/\/sceaux-lagazette.fr\/?s={search_term_string}"},"query-input":{"@type":"PropertyValueSpecification","valueRequired":true,"valueName":"search_term_string"}}],"inLanguage":"fr-FR"},{"@type":"Organization","@id":"https:\/\/sceaux-lagazette.fr\/#organization","name":"La Gazette","url":"https:\/\/sceaux-lagazette.fr\/","logo":{"@type":"ImageObject","inLanguage":"fr-FR","@id":"https:\/\/sceaux-lagazette.fr\/#\/schema\/logo\/image\/","url":"https:\/\/sceaux-lagazette.fr\/wp-content\/uploads\/2025\/08\/Logo-Gazette-Aout-2025-V3.jpg","contentUrl":"https:\/\/sceaux-lagazette.fr\/wp-content\/uploads\/2025\/08\/Logo-Gazette-Aout-2025-V3.jpg","width":525,"height":130,"caption":"La Gazette"},"image":{"@id":"https:\/\/sceaux-lagazette.fr\/#\/schema\/logo\/image\/"}},{"@type":"Person","@id":"https:\/\/sceaux-lagazette.fr\/#\/schema\/person\/5650e206a121f68c6f5e76379bccfbc4","name":"G\u00e9rard Bardier","image":{"@type":"ImageObject","inLanguage":"fr-FR","@id":"https:\/\/sceaux-lagazette.fr\/#\/schema\/person\/image\/","url":"https:\/\/secure.gravatar.com\/avatar\/5cf4391ef9dbc0367750202561279a29?s=96&r=g","contentUrl":"https:\/\/secure.gravatar.com\/avatar\/5cf4391ef9dbc0367750202561279a29?s=96&r=g","caption":"G\u00e9rard Bardier"},"url":"https:\/\/sceaux-lagazette.fr\/index.php\/author\/gb\/"}]}},"cc_featured_image_caption":{"caption_text":"Affichage des r\u00e9sultats par bureau. Photo Mostfa Turki","source_text":"","source_url":""},"_links":{"self":[{"href":"https:\/\/sceaux-lagazette.fr\/index.php\/wp-json\/wp\/v2\/posts\/45582"}],"collection":[{"href":"https:\/\/sceaux-lagazette.fr\/index.php\/wp-json\/wp\/v2\/posts"}],"about":[{"href":"https:\/\/sceaux-lagazette.fr\/index.php\/wp-json\/wp\/v2\/types\/post"}],"author":[{"embeddable":true,"href":"https:\/\/sceaux-lagazette.fr\/index.php\/wp-json\/wp\/v2\/users\/11"}],"replies":[{"embeddable":true,"href":"https:\/\/sceaux-lagazette.fr\/index.php\/wp-json\/wp\/v2\/comments?post=45582"}],"version-history":[{"count":7,"href":"https:\/\/sceaux-lagazette.fr\/index.php\/wp-json\/wp\/v2\/posts\/45582\/revisions"}],"predecessor-version":[{"id":45594,"href":"https:\/\/sceaux-lagazette.fr\/index.php\/wp-json\/wp\/v2\/posts\/45582\/revisions\/45594"}],"wp:featuredmedia":[{"embeddable":true,"href":"https:\/\/sceaux-lagazette.fr\/index.php\/wp-json\/wp\/v2\/media\/45592"}],"wp:attachment":[{"href":"https:\/\/sceaux-lagazette.fr\/index.php\/wp-json\/wp\/v2\/media?parent=45582"}],"wp:term":[{"taxonomy":"category","embeddable":true,"href":"https:\/\/sceaux-lagazette.fr\/index.php\/wp-json\/wp\/v2\/categories?post=45582"},{"taxonomy":"post_tag","embeddable":true,"href":"https:\/\/sceaux-lagazette.fr\/index.php\/wp-json\/wp\/v2\/tags?post=45582"}],"curies":[{"name":"wp","href":"https:\/\/api.w.org\/{rel}","templated":true}]}}