{"id":45569,"date":"2026-03-13T09:51:09","date_gmt":"2026-03-13T08:51:09","guid":{"rendered":"https:\/\/sceaux-lagazette.fr\/?p=45569"},"modified":"2026-03-13T23:32:43","modified_gmt":"2026-03-13T22:32:43","slug":"fin-de-campagne-des-municipales","status":"publish","type":"post","link":"https:\/\/sceaux-lagazette.fr\/index.php\/2026\/03\/13\/fin-de-campagne-des-municipales\/","title":{"rendered":"Fin de campagne des municipales"},"content":{"rendered":"\n<p>Dans moins de 48 heures, le 15 mars au matin, le scrutin des municipales sera ouvert. A Ch\u00e2tenay-Malabry, on sait qu\u2019il n\u2019y aura qu\u2019un tour, puisqu\u2019il n\u2019y a que deux listes en pr\u00e9sence. A Bourg-la-Reine, Fontenay-aux-Roses et Sceaux, il faut s\u2019attendre \u00e0 un second tour le 22 mars. Pour le deuxi\u00e8me tour, la <a href=\"https:\/\/www.hauts-de-seine.gouv.fr\/Demarches\/Elections\/Elections-informations-locales\/Elections-municipales\/Elections-municipales-20262\/Espace-Candidats\/Candidatures\">date limite de d\u00e9p\u00f4t des listes<\/a> est le mardi 17 mars \u00e0 18 h 00.<\/p>\n\n\n\n<p>Ce qui frappe dans ces trois villes, c\u2019est le nombre \u00e9lev\u00e9 de listes en pr\u00e9sence\u00a0: six \u00e0 Fontenay-aux-Roses, six \u00e0 Bourg-la-Reine comme \u00e0 Sceaux.<\/p>\n\n\n\n<p>Faut-il interpr\u00e9ter ce nombre \u00e9lev\u00e9 de listes comme un signe de bonne vie d\u00e9mocratique&nbsp;? Je n\u2019en sais rien. On peut simplement noter qu\u2019un nombre \u00e9lev\u00e9 de citoyens ont d\u00e9cid\u00e9 de s\u2019engager dans cet exercice d\u00e9mocratique puisqu\u2019il fallait 35 candidats pour chaque liste (plus d\u2019\u00e9ventuels suppl\u00e9ants), soit 210 personnes quand il y a 6 listes.<\/p>\n\n\n\n<p>Quels seront les r\u00e9sultats&nbsp;? Je me garderai de faire le moindre pronostic. Gardons en m\u00e9moire cette d\u00e9finition bien connue des cruciverbistes pour le mot \u00ab&nbsp;urne&nbsp;\u00bb&nbsp;: en quatre lettres, boite \u00e0 surprises.<\/p>\n\n\n\n<h2 class=\"wp-block-heading\">Lundi 9 mars<\/h2>\n\n\n\n<p>En raison des vacances scolaires, beaucoup de candidats ont concentr\u00e9 leurs derni\u00e8res r\u00e9unions publiques dans la deuxi\u00e8me semaine. R\u00e9sultat&nbsp;: je me trouve \u00e0 devoir aller \u00e0 deux ou parfois trois r\u00e9unions le m\u00eame soir. Je choisis dans ce cas de ne rester que pendant une partie de la r\u00e9union.<\/p>\n\n\n\n<p>Lundi 9 mars, Ang\u00e9lique Khaled est \u00e0 l\u2019Agoreine. La salle est particuli\u00e8rement confortable pour le public mais, avec ses 300 places, elle donne le sentiment que le public n\u2019est pas nombreux.&nbsp; Une bonne soixantaine de personnes pour Ang\u00e9lique Khaled, plus d\u2019une centaine le lendemain, dans la m\u00eame salle, pour C\u00e9cile Andrieux.&nbsp;<\/p>\n\n\n\n<h2 class=\"wp-block-heading\">Mardi 10 mars<\/h2>\n\n\n\n<p>Lors de cette r\u00e9union publique, C\u00e9cile Andrieux a fait intervenir Flavien Poupinel, t\u00eate de liste \u00e0 Sceaux, pour \u00e9voquer le projet avort\u00e9 d\u2019une relation plus \u00e9troite entre Bourg-la-Reine est Sceaux. C\u00e9cile Andrieux a en effet jou\u00e9 un r\u00f4le important dans l\u2019arr\u00eat de ce projet<a href=\"https:\/\/sceaux-lagazette.fr\/index.php\/2022\/12\/16\/coup-de-frein-a-la-mutualisation\/\">, en mettant en minorit\u00e9<\/a> la majorit\u00e9 municipale sur la nomination d\u2019une directrice g\u00e9n\u00e9rale des services communes aux deux villes. Y avait -il un projet de fusion apr\u00e8s cette nomination&nbsp;? <a href=\"https:\/\/sceaux-lagazette.fr\/index.php\/2022\/11\/29\/des-lr-bouillant-devant-la-fusion\/\">On s\u2019est \u00e9charp\u00e9 sur le sujet<\/a> \u00e0 l\u2019\u00e9poque \u00e0 Sceaux. La Gazette avait alors analys\u00e9 <a href=\"https:\/\/sceaux-lagazette.fr\/index.php\/2022\/11\/04\/vers-un-projet-de-fusion-sceaux-bourg-la-reine-cadre-juridique\/\">les conditions juridiques<\/a> et <a href=\"https:\/\/sceaux-lagazette.fr\/index.php\/2022\/11\/22\/vers-un-projet-fusion-sceaux-bourg-la-reine-2-principales-conditions-et-consequences\/\">les cons\u00e9quences<\/a> d\u2019un tel projet. Tout indique que le projet est abandonn\u00e9 et que les deux maires ont compris qu\u2019il serait rejet\u00e9 par la population. Mais pour les opposants, il peut \u00eatre de bonne guerre d\u2019affirmer que l\u2019intention et donc le risque persistent. D\u2019autant plus que le doute semble encore pr\u00e9sent chez certains \u00e9lecteurs si j\u2019en crois une question entendue \u00e0 Sceaux.<\/p>\n\n\n\n<p>Je quitte la r\u00e9union avant la fin pour aller \u00e9couter Gilles Mergy \u00e0 la salle Sainte-Barbe de Fontenay-aux-Roses. Salle pleine \u00e0 craquer, plus de 100 personnes pr\u00e9sentes. Gilles Mergy pr\u00e9sente des points cl\u00e9s de son programme et des membres de sa liste viennent dire tout le bien qu\u2019ils pensent de lui. C\u2019est bien fait et le candidat connait bien ses sujets au regard des questions auxquels il r\u00e9pond.<\/p>\n\n\n\n<h2 class=\"wp-block-heading\">Mercredi 11 mars<\/h2>\n\n\n\n<p>Je retourne \u00e0 l\u2019Agoreine pour la r\u00e9union organis\u00e9e par la liste men\u00e9e par Christophe Bonazzi. Ce dernier a invit\u00e9 la premi\u00e8re adjointe \u00e0 la maire de Ch\u00e2tillon, le s\u00e9nateur <a href=\"https:\/\/fr.wikipedia.org\/wiki\/Pierre_Ouzoulias\">Pierre Ouzoulias<\/a> et Brice Gaillard, candidat aux l\u00e9gislatives de 2022 et 2024 dans la circonscription. Un peu plus de pr\u00e9sents que pour C\u00e9cile Andrieux la veille.<\/p>\n\n\n\n<p>L\u2019intervention de Pierre Ouzoulias porte notamment sur la situation internationale. Il \u00e9voque l\u2019Ukraine, le r\u00e9gime r\u00e9pressif iranien, les bombardements isra\u00e9liens et am\u00e9ricains(qu\u2019il condamne) au Liban et en Irak. Il pointe l\u2019actuelle mont\u00e9e de l\u2019antis\u00e9mitisme, alors qu\u2019apr\u00e8s la guerre on avait dit \u00ab&nbsp;plus jamais \u00e7a&nbsp;\u00bb.<\/p>\n\n\n\n<p>Florence Maurice, 2e de liste et conseill\u00e8re municipale sortante lance un vibrant appel pour aider tous les jeunes \u00e0 b\u00e2tir leur avenir, en dressant une liste impressionnante d\u2019actions possibles pour arriver \u00e0 ce r\u00e9sultat.<\/p>\n\n\n\n<p>Je n\u2019\u00e9coute pas la suite&nbsp;: je rejoins la r\u00e9union de la liste conduite par Liliane Wietzerbin \u00e0 l\u2019ancienne mairie de Sceaux. J\u2019arrive \u00e0 la fin de la pr\u00e9sentation.&nbsp; Il y a ensuite une s\u00e9rie de questions. A la fin de la r\u00e9union, discussion avec une personne du public qui ne me semble pas voter pour cette liste, mais qui juge que c\u2019est la premi\u00e8re fois qu\u2019elle rencontre une liste qui ne fait pas de d\u00e9magogie. Le m\u00eame pense que la liste fera entre 30 et 35%. Samedi dernier, j\u2019ai rencontr\u00e9 un bon connaisseur de la ville pr\u00eat \u00e0 parier qu\u2019elle fera moins de 20%. Il y en a au moins un des deux qui se trompe. De la difficult\u00e9 \u00e0 faire des pr\u00e9visions&nbsp;!<\/p>\n\n\n\n<p>A Fontenay, dans la salle Pierre Bonnard, il est difficile d\u2019entrer. Le fond de la salle est occup\u00e9 par les gens debout. Laurent Vastel a invit\u00e9 Georges Siffredi, pr\u00e9sident du Conseil d\u00e9partemental, Herv\u00e9 Marseille, s\u00e9nateur des Hauts-de-Seine, et Jean-Didier Berger, qui malgr\u00e9 sa charge de ministre, est venu apporter son soutien. Si Laurent Vastel d\u00e9taille son programme et rappelle ce qui a \u00e9t\u00e9 r\u00e9alis\u00e9 pendant sa mandature, il a tenu \u00e0 apporter une touche d\u2019humour \u00e0 son meeting de fin de campagne du 1<sup>er<\/sup> tour. C\u2019est Vincent Az\u00e9 qui, dans un stand-up joliment ironique, apporte dans son final son soutien de Fontenaisien, \u00e0 la liste <em>Fontenay au c\u0153ur<\/em> de Laurent Vastel.<\/p>\n\n\n\n<h2 class=\"wp-block-heading\">Jeudi 12 mars<\/h2>\n\n\n\n<p>Je retourne \u00e0 Bourg-la-Reine, aux Colonnes cette fois, pour la derni\u00e8re r\u00e9union de Patrick Donath. Plus de 200 pr\u00e9sents. La r\u00e9union est tr\u00e8s habilement construite pour r\u00e9pondre discr\u00e8tement aux critiques formul\u00e9es par les diverses oppositions. Maryse Paresys, ancienne n\u00b02 de Jean-No\u00ebl Chevreau vient dire tout le bien qu\u2019elle pense de Patrick Donath, S\u00e9bastien Van Pradelles, jeune membre de l\u2019\u00e9quipe municipale de 2014 \u00e0 2020 ayant d\u00e9m\u00e9nag\u00e9 ensuite en fait autant. Un quiz permet de faire participer la salle tout en citant quelques chiffres qui d\u00e9mentent autant d\u2019affirmations de l\u2019opposition. On termine par des photos anciennes o\u00f9 on reconna\u00eet (plus ou moins facilement) des membres actuels de la liste. J\u2019apprends au passage que 23 des personnes pr\u00e9sentes sont n\u00e9es \u00e0 Bourg-la-Reine. Un peu plus de 10% des pr\u00e9sents. La r\u00e9union est agr\u00e9able \u00e0 suivre, quand ce genre d\u2019exercice peut vite virer \u00e0 l\u2019op\u00e9ration r\u00e9barbative. Bien jou\u00e9.<\/p>\n\n\n\n<p>A Ch\u00e2tenay, Carl Segaud a rempli les deux \u00e9tages du Rex. Les membres de sa liste, du moins une vingtaine, font une courte pr\u00e9sentation de leur parcours personnel et de leur exp\u00e9rience de la ville. Sur le grand \u00e9cran du cin\u00e9ma, les noms et les photos d\u00e9filent. Carl Segaud a jou\u00e9 collectif. \u00c9videmment, Jean-Fran\u00e7ois Lamour fait un effet remarqu\u00e9. L\u2019ancien ministre des Sports, m\u00e9daille d\u2019or en sabre aux Jeux olympiques, champion du monde, dit en peu de mots la raison de son engagement aux c\u00f4t\u00e9s de Carl Segaud. Georges Siffredi rappelle l\u2019\u00e9tat d\u00e9sastreux de Ch\u00e2tenay quand il est devenu maire en 1995. Et le programme que Carl Segaud que d\u00e9cline ensuite est pr\u00e9sent\u00e9 dans la continuit\u00e9 de l\u2019action de Georges Siffredi auquel il est beaucoup fait r\u00e9f\u00e9rence.<\/p>\n\n\n\n<h2 class=\"wp-block-heading\">Vrai ou faux&nbsp;?<\/h2>\n\n\n\n<p>En f\u00e9vrier, \u00e0 Fontenay-aux-Roses, Gilles Mergy a diffus\u00e9 un tract accusant le maire de lui attribuer de mani\u00e8re mensong\u00e8re certaines propositions, et proposant de distinguer le vrai du faux sur huit des propositions de sa liste.<\/p>\n\n\n\n<p>D\u00e9but mars, c\u2019est le maire de Bourg-la-Reine qui propose lui aussi de <a href=\"https:\/\/x.com\/Donath2026\/status\/2031284458880475524\">r\u00e9tablir les faits<\/a> face \u00e0 la d\u00e9sinformation.<\/p>\n\n\n\n<p>On comprend la volont\u00e9 de rectifier des mensonges. Mais j\u2019ai entendu pendant cette campagne des affirmations que je consid\u00e8re comme fausses, sans \u00eatre des mensonges&nbsp;: parfois pour des questions de pr\u00e9sentation, assez souvent pour des \u00e0-peu-pr\u00e8s, et tr\u00e8s souvent parce qu\u2019on ne reprend parmi les faits que ceux qui nous arrangent, donnant une image d\u00e9form\u00e9e de la r\u00e9alit\u00e9. On sait (<a href=\"https:\/\/fr.wikipedia.org\/wiki\/Loi_de_Brandolini\">loi de Brandolini<\/a>) qu\u2019il quasiment impossible de redresser ces fausset\u00e9s.&nbsp; La seule chose que s\u2019efforce de faire la Gazette, c\u2019est d\u2019\u00eatre rigoureuse et factuelle, notamment dans ces analyses. Et de rectifier ses erreurs quand elle en fait.<\/p>\n\n\n\n<h2 class=\"wp-block-heading\">Article par liste<\/h2>\n\n\n\n<p>Comme je l\u2019avais expliqu\u00e9 dans <a href=\"https:\/\/sceaux-lagazette.fr\/index.php\/2026\/01\/26\/suivre-les-municipales-articles-par-liste\/\">cet article<\/a> paru en janvier, nous avons d\u00e9cid\u00e9 de r\u00e9aliser un article par liste, en rencontrant le premier de liste et en posant toujours les m\u00eames questions. Nous avions aussi expliqu\u00e9 pourquoi nous ne voulions pas donner la parole aux repr\u00e9sentants des extr\u00eames (LFI, RN, Reconqu\u00eate).<\/p>\n\n\n\n<p>Nous avions d\u00e9cid\u00e9 de laisser les candidats s\u2019exprimer librement dans le cadre assez souple constitu\u00e9 par nos questions, et je ne regrette pas ce choix.<\/p>\n\n\n\n<p>La qualit\u00e9 des r\u00e9ponses \u00e9tait de fait variable. Pour une raison tr\u00e8s simple&nbsp;: une mairie traite un nombre \u00e9lev\u00e9 de sujets. L\u2019un des maires m\u2019a dit qu\u2019il y avait 65 m\u00e9tiers diff\u00e9rents parmi les employ\u00e9s municipaux. Les maires sortants et leur \u00e9quipe ont forc\u00e9ment une bien meilleure connaissance de cette grande diversit\u00e9 de sujets. Ceux qui ont particip\u00e9 pendant 6 ans aux s\u00e9ances du conseil municipal ont eu connaissance des dossiers. Les \u00e9quipes qui n\u2019ont pas b\u00e9n\u00e9fici\u00e9 de cette connaissance sont forc\u00e9ment moins pertinentes, du moins sur une partie des dossiers. Il faut cependant saluer le travail \u00e9norme r\u00e9alis\u00e9 par chaque liste, \u00e0 la fois pour produire un programme g\u00e9n\u00e9ralement tr\u00e8s complet et pour le faire conna\u00eetre.<\/p>\n\n\n\n<h2 class=\"wp-block-heading\">Articles par th\u00e8me<\/h2>\n\n\n\n<p>La qualit\u00e9 de certaines propositions se ressent du manque de comp\u00e9tences dans certains domaines. Cela peut aller jusqu\u2019\u00e0 proposer des actions qui ne sont pas de la comp\u00e9tence des maires. Ou des actions dont le co\u00fbt est largement sous-estim\u00e9. Ou m\u00eame des actions qui sont d\u00e9j\u00e0 en place. Fallait-il le faire remarquer dans l\u2019article&nbsp;? Cela n\u2019a pas \u00e9t\u00e9 notre choix.<\/p>\n\n\n\n<p>La solution que nous avons adopt\u00e9e a consist\u00e9 \u00e0 faire une analyse transverse aux listes de certains sujets, en essayant d\u2019y apporter de l\u2019information plut\u00f4t que de l\u2019opinion. Deux articles ont d\u00e9j\u00e0 \u00e9t\u00e9 publi\u00e9s, sur la question des <a href=\"https:\/\/sceaux-lagazette.fr\/index.php\/2026\/02\/26\/maisons-de-sante-et-municipales\/\">maisons ou centres de sant\u00e9<\/a>, sur <a href=\"https:\/\/sceaux-lagazette.fr\/index.php\/2026\/02\/27\/quel-role-pour-vsgp\/\">le r\u00f4le de VSGP<\/a>. Nous pr\u00e9voyons d\u2019en publier d\u2019autres apr\u00e8s les \u00e9lections, sur des sujets mis en avant pendant cette campagne par plusieurs listes, \u00e0 la fois importants et compliqu\u00e9s, o\u00f9 il est utile que la r\u00e9flexion se fasse sans le prisme et la pression d\u2019une \u00e9ch\u00e9ance \u00e9lectorale.<\/p>\n\n\n\n<h2 class=\"wp-block-heading\">Une campagne tr\u00e8s pr\u00e9sente dans la Gazette<\/h2>\n\n\n\n<p>La campagne a commenc\u00e9 tr\u00e8s t\u00f4t et la Gazette s\u2019en est fait l\u2019\u00e9cho. Je me suis focalis\u00e9 sur l\u2019action et la pr\u00e9sence des listes sur le terrain. J\u2019ai fr\u00e9quent\u00e9 les march\u00e9s pour rencontrer les militants et les candidats. J\u2019ai assist\u00e9 (souvent partiellement) aux r\u00e9unions publiques. J\u2019ai choisi de ne pas rendre compte de ces r\u00e9unions, \u00e9voquant seulement l\u2019ambiance ou l\u2019organisation, pour ne pas favoriser les candidats que j\u2019avais pu entendre au d\u00e9triment des autres.<\/p>\n\n\n\n<p>Cela a donn\u00e9 les articles suivants&nbsp;:<\/p>\n\n\n\n<ul class=\"wp-block-list\">\n<li><a href=\"https:\/\/sceaux-lagazette.fr\/index.php\/2026\/02\/28\/listes-definitives-et-carnets-de-campagne\/\">Listes d\u00e9finitives et carnets de campagne<\/a><\/li>\n\n\n\n<li><a href=\"https:\/\/sceaux-lagazette.fr\/index.php\/2026\/02\/16\/carnets-de-campagne-premiere-quinzaine-de-fevrier-2026\/\">Carnets de campagne premi\u00e8re quinzaine de f\u00e9vrier 2026<\/a><\/li>\n\n\n\n<li><a href=\"https:\/\/sceaux-lagazette.fr\/index.php\/2026\/02\/02\/carnets-de-campagnes-municipales-janvier-2026-2\/\">Carnets de campagnes municipales. Janvier 2026 2<\/a><\/li>\n\n\n\n<li><a href=\"https:\/\/sceaux-lagazette.fr\/index.php\/2026\/01\/30\/carnets-de-campagnes-municipales-janvier-2026-1\/\">Carnets de campagnes municipales. Janvier 2026. 1<\/a><\/li>\n\n\n\n<li><a href=\"https:\/\/sceaux-lagazette.fr\/index.php\/2026\/01\/12\/carnets-de-campagne-municipales-deuxieme-semestre-2025\/\">Carnets de campagne. Municipales- deuxi\u00e8me semestre 2025<\/a><\/li>\n\n\n\n<li><a href=\"https:\/\/sceaux-lagazette.fr\/index.php\/2026\/01\/08\/carnets-de-campagne-municipales-premier-semestre-2025\/\">Carnets de campagnes municipales- premier semestre 2025<\/a><\/li>\n\n\n\n<li><a href=\"https:\/\/sceaux-lagazette.fr\/index.php\/2025\/11\/13\/municipales-2026-contexte-politique\/\">Municipales 2026 : contexte politique<\/a><\/li>\n\n\n\n<li><a href=\"https:\/\/sceaux-lagazette.fr\/index.php\/2025\/10\/16\/regles-pour-les-elections-municipales-de-2026\/\">R\u00e8gles pour les \u00e9lections municipales de 2026<\/a><\/li>\n<\/ul>\n\n\n\n<h2 class=\"wp-block-heading\">Articles par ville<\/h2>\n\n\n\n<p><strong>Bourg-la-Reine<\/strong><\/p>\n\n\n\n<ul class=\"wp-block-list\">\n<li><a href=\"https:\/\/sceaux-lagazette.fr\/index.php\/2026\/01\/20\/municipales-a-bourg-la-reine\/\">Municipales \u00e0 Bourg-la-Reine<\/a><\/li>\n\n\n\n<li><a href=\"https:\/\/sceaux-lagazette.fr\/index.php\/2026\/02\/23\/avec-vous-pour-bourg-la-reine-avec-patrick-donath\/\">Avec vous, pour Bourg-la-Reine, avec Patrick Donath<\/a><\/li>\n\n\n\n<li><a href=\"https:\/\/sceaux-lagazette.fr\/index.php\/2026\/02\/11\/bourg-la-reine-autrement-avec-angelique-khaled\/\">Bourg-la-Reine Autrement avec Ang\u00e9lique Khaled<\/a><\/li>\n\n\n\n<li><a href=\"https:\/\/sceaux-lagazette.fr\/index.php\/2026\/03\/04\/la-ville-en-partage-avec-christophe-bonazzi\/\">\u00ab La Ville en Partage \u00bb avec Christophe Bonazzi<\/a><\/li>\n\n\n\n<li><a href=\"https:\/\/sceaux-lagazette.fr\/index.php\/2026\/02\/28\/bourg-la-reine-a-coeur-avec-cecile-andrieux\/\">Bourg-la-Reine \u00e0 c\u0153ur avec C\u00e9cile Andrieux<\/a><\/li>\n<\/ul>\n\n\n\n<p><strong>Ch\u00e2tenay-Malabry<\/strong><\/p>\n\n\n\n<ul class=\"wp-block-list\">\n<li><a href=\"https:\/\/sceaux-lagazette.fr\/index.php\/2025\/12\/15\/municipales-2026-a-chatenay-malabry\/\">Municipales 2026 \u00e0 Ch\u00e2tenay-Malabry<\/a><\/li>\n\n\n\n<li><a href=\"https:\/\/sceaux-lagazette.fr\/index.php\/2026\/03\/11\/on-est-si-bien-ensemble-a-chatenay-malabry-avec-carl-segaud\/\">On est si bien ensemble \u00e0 Ch\u00e2tenay-Malabry, avec Carl Segaud<\/a><\/li>\n\n\n\n<li><a href=\"https:\/\/sceaux-lagazette.fr\/index.php\/2026\/02\/06\/reinventons-chatenay-malabry-avec-brice-gaillard\/\">R\u00e9inventons Ch\u00e2tenay-Malabry avec Brice Gaillard<\/a><\/li>\n<\/ul>\n\n\n\n<p><strong>Fontenay-aux-Roses<\/strong><\/p>\n\n\n\n<ul class=\"wp-block-list\">\n<li><a href=\"https:\/\/sceaux-lagazette.fr\/index.php\/2026\/01\/15\/municipales-a-fontenay-aux-roses\/\">Municipales \u00e0 Fontenay-aux-Roses<\/a><\/li>\n\n\n\n<li><a href=\"https:\/\/sceaux-lagazette.fr\/index.php\/2026\/02\/18\/fontenay-au-coeur-avec-laurent-vastel\/\">Fontenay au c\u0153ur avec Laurent Vastel<\/a><\/li>\n\n\n\n<li><a href=\"https:\/\/sceaux-lagazette.fr\/index.php\/2026\/02\/09\/mieux-vivre-fontenay-avec-pauline-le-fur\/\">Mieux vivre Fontenay avec Pauline Le Fur<\/a><\/li>\n\n\n\n<li><a href=\"https:\/\/sceaux-lagazette.fr\/index.php\/2026\/01\/28\/lelan-citoyen-pour-fontenay-avec-gilles-mergy\/\">L\u2019\u00e9lan citoyen pour Fontenay ! Avec Gilles Mergy<\/a><\/li>\n\n\n\n<li><a href=\"https:\/\/sceaux-lagazette.fr\/index.php\/2026\/03\/06\/pour-fontenay-liste-associative-ecologique-citoyenne-avec-michel-faye\/\">Pour Fontenay, liste associative, \u00e9cologique, citoyenne avec Michel Faye<\/a><\/li>\n\n\n\n<li><a href=\"https:\/\/sceaux-lagazette.fr\/index.php\/2026\/03\/12\/rassemblement-pour-fontenay-avec-philippe-ribatto\/\">Rassembler pour Fontenay, avec Philippe Ribatto<\/a><\/li>\n<\/ul>\n\n\n\n<p><strong>Sceaux<\/strong><\/p>\n\n\n\n<ul class=\"wp-block-list\">\n<li><a href=\"https:\/\/sceaux-lagazette.fr\/index.php\/2025\/12\/01\/municipales-2026-a-sceaux\/\">Municipales 2026 \u00e0 Sceaux<\/a><\/li>\n\n\n\n<li><a href=\"https:\/\/sceaux-lagazette.fr\/index.php\/2026\/02\/13\/sceaux-agir-en-commun-avec-liliane-wietzerbin\/\">Sceaux Agir en commun avec Liliane Wietzerbin<\/a><\/li>\n\n\n\n<li><a href=\"https:\/\/sceaux-lagazette.fr\/index.php\/2026\/02\/04\/vivre-a-sceaux-avec-philippe-laurent\/\">Vivre \u00e0 Sceaux avec Philippe Laurent<\/a><\/li>\n\n\n\n<li><a href=\"https:\/\/sceaux-lagazette.fr\/index.php\/2026\/03\/05\/sceaux-ensemble-avec-jean-christophe-dessanges\/\">Sceaux Ensemble, avec Jean-Christophe Dessanges<\/a><\/li>\n\n\n\n<li><a href=\"https:\/\/sceaux-lagazette.fr\/index.php\/2026\/03\/02\/aimer-sceaux-avec-maud-bonte\/\">Aimer Sceaux avec Maud Bont\u00e9<\/a><\/li>\n\n\n\n<li><a href=\"https:\/\/sceaux-lagazette.fr\/index.php\/2026\/02\/25\/la-voix-des-sceens-sceaux-renouveau-avec-flavien-poupinel\/\">La Voix des Sc\u00e9ens \u2013 Sceaux Renouveau, avec Flavien Poupinel<\/a><\/li>\n<\/ul>\n","protected":false},"excerpt":{"rendered":"<p>Dans moins de 48 heures, le 15 mars au matin, le scrutin des municipales sera ouvert. A Ch\u00e2tenay-Malabry, on sait qu\u2019il n\u2019y aura qu\u2019un tour, puisqu\u2019il n\u2019y a que deux listes en pr\u00e9sence. A Bourg-la-Reine, Fontenay-aux-Roses et Sceaux, il faut s\u2019attendre \u00e0 un second tour le 22 mars. Pour le&#8230;<\/p>\n","protected":false},"author":11,"featured_media":45078,"comment_status":"open","ping_status":"open","sticky":false,"template":"","format":"standard","meta":{"om_disable_all_campaigns":false,"_monsterinsights_skip_tracking":false,"_monsterinsights_sitenote_active":false,"_monsterinsights_sitenote_note":"","_monsterinsights_sitenote_category":0,"_uf_show_specific_survey":0,"_uf_disable_surveys":false,"footnotes":""},"categories":[265,263,264,270,266,246],"tags":[],"class_list":["post-45569","post","type-post","status-publish","format-standard","has-post-thumbnail","hentry","category-bourg-la-reine","category-chatenay-malabry","category-fontenay-aux-roses","category-projets-politiques","category-sceaux","category-vie-publique","entry","simple"],"yoast_head":"<!-- This site is optimized with the Yoast SEO plugin v25.6 - https:\/\/yoast.com\/wordpress\/plugins\/seo\/ -->\n<title>Fin de campagne des municipales - La Gazette<\/title>\n<meta name=\"robots\" content=\"index, follow, max-snippet:-1, max-image-preview:large, max-video-preview:-1\" \/>\n<link rel=\"canonical\" href=\"https:\/\/sceaux-lagazette.fr\/index.php\/2026\/03\/13\/fin-de-campagne-des-municipales\/\" \/>\n<meta property=\"og:locale\" content=\"fr_FR\" \/>\n<meta property=\"og:type\" content=\"article\" \/>\n<meta property=\"og:title\" content=\"Fin de campagne des municipales - La Gazette\" \/>\n<meta property=\"og:description\" content=\"Dans moins de 48 heures, le 15 mars au matin, le scrutin des municipales sera ouvert. A Ch\u00e2tenay-Malabry, on sait qu\u2019il n\u2019y aura qu\u2019un tour, puisqu\u2019il n\u2019y a que deux listes en pr\u00e9sence. A Bourg-la-Reine, Fontenay-aux-Roses et Sceaux, il faut s\u2019attendre \u00e0 un second tour le 22 mars. Pour le&#8230;\" \/>\n<meta property=\"og:url\" content=\"https:\/\/sceaux-lagazette.fr\/index.php\/2026\/03\/13\/fin-de-campagne-des-municipales\/\" \/>\n<meta property=\"og:site_name\" content=\"La Gazette\" \/>\n<meta property=\"article:published_time\" content=\"2026-03-13T08:51:09+00:00\" \/>\n<meta property=\"article:modified_time\" content=\"2026-03-13T22:32:43+00:00\" \/>\n<meta property=\"og:image\" content=\"https:\/\/sceaux-lagazette.fr\/wp-content\/uploads\/2026\/01\/Elections-municipales-2026-1.jpg\" \/>\n\t<meta property=\"og:image:width\" content=\"1080\" \/>\n\t<meta property=\"og:image:height\" content=\"720\" \/>\n\t<meta property=\"og:image:type\" content=\"image\/jpeg\" \/>\n<meta name=\"author\" content=\"G\u00e9rard Bardier\" \/>\n<meta name=\"twitter:card\" content=\"summary_large_image\" \/>\n<meta name=\"twitter:label1\" content=\"\u00c9crit par\" \/>\n\t<meta name=\"twitter:data1\" content=\"G\u00e9rard Bardier\" \/>\n\t<meta name=\"twitter:label2\" content=\"Dur\u00e9e de lecture estim\u00e9e\" \/>\n\t<meta name=\"twitter:data2\" content=\"11 minutes\" \/>\n<script type=\"application\/ld+json\" class=\"yoast-schema-graph\">{\"@context\":\"https:\/\/schema.org\",\"@graph\":[{\"@type\":\"Article\",\"@id\":\"https:\/\/sceaux-lagazette.fr\/index.php\/2026\/03\/13\/fin-de-campagne-des-municipales\/#article\",\"isPartOf\":{\"@id\":\"https:\/\/sceaux-lagazette.fr\/index.php\/2026\/03\/13\/fin-de-campagne-des-municipales\/\"},\"author\":{\"name\":\"G\u00e9rard Bardier\",\"@id\":\"https:\/\/sceaux-lagazette.fr\/#\/schema\/person\/5650e206a121f68c6f5e76379bccfbc4\"},\"headline\":\"Fin de campagne des municipales\",\"datePublished\":\"2026-03-13T08:51:09+00:00\",\"dateModified\":\"2026-03-13T22:32:43+00:00\",\"mainEntityOfPage\":{\"@id\":\"https:\/\/sceaux-lagazette.fr\/index.php\/2026\/03\/13\/fin-de-campagne-des-municipales\/\"},\"wordCount\":2144,\"commentCount\":4,\"publisher\":{\"@id\":\"https:\/\/sceaux-lagazette.fr\/#organization\"},\"image\":{\"@id\":\"https:\/\/sceaux-lagazette.fr\/index.php\/2026\/03\/13\/fin-de-campagne-des-municipales\/#primaryimage\"},\"thumbnailUrl\":\"https:\/\/sceaux-lagazette.fr\/wp-content\/uploads\/2026\/01\/Elections-municipales-2026-1.jpg\",\"articleSection\":[\"Bourg-la-Reine\",\"Ch\u00e2tenay-Malabry\",\"Fontenay-aux-Roses\",\"projets politiques\",\"Sceaux\",\"Vie publique\"],\"inLanguage\":\"fr-FR\",\"potentialAction\":[{\"@type\":\"CommentAction\",\"name\":\"Comment\",\"target\":[\"https:\/\/sceaux-lagazette.fr\/index.php\/2026\/03\/13\/fin-de-campagne-des-municipales\/#respond\"]}]},{\"@type\":\"WebPage\",\"@id\":\"https:\/\/sceaux-lagazette.fr\/index.php\/2026\/03\/13\/fin-de-campagne-des-municipales\/\",\"url\":\"https:\/\/sceaux-lagazette.fr\/index.php\/2026\/03\/13\/fin-de-campagne-des-municipales\/\",\"name\":\"Fin de campagne des municipales - La Gazette\",\"isPartOf\":{\"@id\":\"https:\/\/sceaux-lagazette.fr\/#website\"},\"primaryImageOfPage\":{\"@id\":\"https:\/\/sceaux-lagazette.fr\/index.php\/2026\/03\/13\/fin-de-campagne-des-municipales\/#primaryimage\"},\"image\":{\"@id\":\"https:\/\/sceaux-lagazette.fr\/index.php\/2026\/03\/13\/fin-de-campagne-des-municipales\/#primaryimage\"},\"thumbnailUrl\":\"https:\/\/sceaux-lagazette.fr\/wp-content\/uploads\/2026\/01\/Elections-municipales-2026-1.jpg\",\"datePublished\":\"2026-03-13T08:51:09+00:00\",\"dateModified\":\"2026-03-13T22:32:43+00:00\",\"breadcrumb\":{\"@id\":\"https:\/\/sceaux-lagazette.fr\/index.php\/2026\/03\/13\/fin-de-campagne-des-municipales\/#breadcrumb\"},\"inLanguage\":\"fr-FR\",\"potentialAction\":[{\"@type\":\"ReadAction\",\"target\":[\"https:\/\/sceaux-lagazette.fr\/index.php\/2026\/03\/13\/fin-de-campagne-des-municipales\/\"]}]},{\"@type\":\"ImageObject\",\"inLanguage\":\"fr-FR\",\"@id\":\"https:\/\/sceaux-lagazette.fr\/index.php\/2026\/03\/13\/fin-de-campagne-des-municipales\/#primaryimage\",\"url\":\"https:\/\/sceaux-lagazette.fr\/wp-content\/uploads\/2026\/01\/Elections-municipales-2026-1.jpg\",\"contentUrl\":\"https:\/\/sceaux-lagazette.fr\/wp-content\/uploads\/2026\/01\/Elections-municipales-2026-1.jpg\",\"width\":1080,\"height\":720},{\"@type\":\"BreadcrumbList\",\"@id\":\"https:\/\/sceaux-lagazette.fr\/index.php\/2026\/03\/13\/fin-de-campagne-des-municipales\/#breadcrumb\",\"itemListElement\":[{\"@type\":\"ListItem\",\"position\":1,\"name\":\"Accueil\",\"item\":\"https:\/\/sceaux-lagazette.fr\/\"},{\"@type\":\"ListItem\",\"position\":2,\"name\":\"Fin de campagne des municipales\"}]},{\"@type\":\"WebSite\",\"@id\":\"https:\/\/sceaux-lagazette.fr\/#website\",\"url\":\"https:\/\/sceaux-lagazette.fr\/\",\"name\":\"La Gazette\",\"description\":\"Bourg-la-Reine, Ch\u00e2tenay, Fontenay, Sceaux\",\"publisher\":{\"@id\":\"https:\/\/sceaux-lagazette.fr\/#organization\"},\"potentialAction\":[{\"@type\":\"SearchAction\",\"target\":{\"@type\":\"EntryPoint\",\"urlTemplate\":\"https:\/\/sceaux-lagazette.fr\/?s={search_term_string}\"},\"query-input\":{\"@type\":\"PropertyValueSpecification\",\"valueRequired\":true,\"valueName\":\"search_term_string\"}}],\"inLanguage\":\"fr-FR\"},{\"@type\":\"Organization\",\"@id\":\"https:\/\/sceaux-lagazette.fr\/#organization\",\"name\":\"La Gazette\",\"url\":\"https:\/\/sceaux-lagazette.fr\/\",\"logo\":{\"@type\":\"ImageObject\",\"inLanguage\":\"fr-FR\",\"@id\":\"https:\/\/sceaux-lagazette.fr\/#\/schema\/logo\/image\/\",\"url\":\"https:\/\/sceaux-lagazette.fr\/wp-content\/uploads\/2025\/08\/Logo-Gazette-Aout-2025-V3.jpg\",\"contentUrl\":\"https:\/\/sceaux-lagazette.fr\/wp-content\/uploads\/2025\/08\/Logo-Gazette-Aout-2025-V3.jpg\",\"width\":525,\"height\":130,\"caption\":\"La Gazette\"},\"image\":{\"@id\":\"https:\/\/sceaux-lagazette.fr\/#\/schema\/logo\/image\/\"}},{\"@type\":\"Person\",\"@id\":\"https:\/\/sceaux-lagazette.fr\/#\/schema\/person\/5650e206a121f68c6f5e76379bccfbc4\",\"name\":\"G\u00e9rard Bardier\",\"image\":{\"@type\":\"ImageObject\",\"inLanguage\":\"fr-FR\",\"@id\":\"https:\/\/sceaux-lagazette.fr\/#\/schema\/person\/image\/\",\"url\":\"https:\/\/secure.gravatar.com\/avatar\/5cf4391ef9dbc0367750202561279a29?s=96&r=g\",\"contentUrl\":\"https:\/\/secure.gravatar.com\/avatar\/5cf4391ef9dbc0367750202561279a29?s=96&r=g\",\"caption\":\"G\u00e9rard Bardier\"},\"url\":\"https:\/\/sceaux-lagazette.fr\/index.php\/author\/gb\/\"}]}<\/script>\n<!-- \/ Yoast SEO plugin. -->","yoast_head_json":{"title":"Fin de campagne des municipales - La Gazette","robots":{"index":"index","follow":"follow","max-snippet":"max-snippet:-1","max-image-preview":"max-image-preview:large","max-video-preview":"max-video-preview:-1"},"canonical":"https:\/\/sceaux-lagazette.fr\/index.php\/2026\/03\/13\/fin-de-campagne-des-municipales\/","og_locale":"fr_FR","og_type":"article","og_title":"Fin de campagne des municipales - La Gazette","og_description":"Dans moins de 48 heures, le 15 mars au matin, le scrutin des municipales sera ouvert. A Ch\u00e2tenay-Malabry, on sait qu\u2019il n\u2019y aura qu\u2019un tour, puisqu\u2019il n\u2019y a que deux listes en pr\u00e9sence. A Bourg-la-Reine, Fontenay-aux-Roses et Sceaux, il faut s\u2019attendre \u00e0 un second tour le 22 mars. Pour le&#8230;","og_url":"https:\/\/sceaux-lagazette.fr\/index.php\/2026\/03\/13\/fin-de-campagne-des-municipales\/","og_site_name":"La Gazette","article_published_time":"2026-03-13T08:51:09+00:00","article_modified_time":"2026-03-13T22:32:43+00:00","og_image":[{"width":1080,"height":720,"url":"https:\/\/sceaux-lagazette.fr\/wp-content\/uploads\/2026\/01\/Elections-municipales-2026-1.jpg","type":"image\/jpeg"}],"author":"G\u00e9rard Bardier","twitter_card":"summary_large_image","twitter_misc":{"\u00c9crit par":"G\u00e9rard Bardier","Dur\u00e9e de lecture estim\u00e9e":"11 minutes"},"schema":{"@context":"https:\/\/schema.org","@graph":[{"@type":"Article","@id":"https:\/\/sceaux-lagazette.fr\/index.php\/2026\/03\/13\/fin-de-campagne-des-municipales\/#article","isPartOf":{"@id":"https:\/\/sceaux-lagazette.fr\/index.php\/2026\/03\/13\/fin-de-campagne-des-municipales\/"},"author":{"name":"G\u00e9rard Bardier","@id":"https:\/\/sceaux-lagazette.fr\/#\/schema\/person\/5650e206a121f68c6f5e76379bccfbc4"},"headline":"Fin de campagne des municipales","datePublished":"2026-03-13T08:51:09+00:00","dateModified":"2026-03-13T22:32:43+00:00","mainEntityOfPage":{"@id":"https:\/\/sceaux-lagazette.fr\/index.php\/2026\/03\/13\/fin-de-campagne-des-municipales\/"},"wordCount":2144,"commentCount":4,"publisher":{"@id":"https:\/\/sceaux-lagazette.fr\/#organization"},"image":{"@id":"https:\/\/sceaux-lagazette.fr\/index.php\/2026\/03\/13\/fin-de-campagne-des-municipales\/#primaryimage"},"thumbnailUrl":"https:\/\/sceaux-lagazette.fr\/wp-content\/uploads\/2026\/01\/Elections-municipales-2026-1.jpg","articleSection":["Bourg-la-Reine","Ch\u00e2tenay-Malabry","Fontenay-aux-Roses","projets politiques","Sceaux","Vie publique"],"inLanguage":"fr-FR","potentialAction":[{"@type":"CommentAction","name":"Comment","target":["https:\/\/sceaux-lagazette.fr\/index.php\/2026\/03\/13\/fin-de-campagne-des-municipales\/#respond"]}]},{"@type":"WebPage","@id":"https:\/\/sceaux-lagazette.fr\/index.php\/2026\/03\/13\/fin-de-campagne-des-municipales\/","url":"https:\/\/sceaux-lagazette.fr\/index.php\/2026\/03\/13\/fin-de-campagne-des-municipales\/","name":"Fin de campagne des municipales - La Gazette","isPartOf":{"@id":"https:\/\/sceaux-lagazette.fr\/#website"},"primaryImageOfPage":{"@id":"https:\/\/sceaux-lagazette.fr\/index.php\/2026\/03\/13\/fin-de-campagne-des-municipales\/#primaryimage"},"image":{"@id":"https:\/\/sceaux-lagazette.fr\/index.php\/2026\/03\/13\/fin-de-campagne-des-municipales\/#primaryimage"},"thumbnailUrl":"https:\/\/sceaux-lagazette.fr\/wp-content\/uploads\/2026\/01\/Elections-municipales-2026-1.jpg","datePublished":"2026-03-13T08:51:09+00:00","dateModified":"2026-03-13T22:32:43+00:00","breadcrumb":{"@id":"https:\/\/sceaux-lagazette.fr\/index.php\/2026\/03\/13\/fin-de-campagne-des-municipales\/#breadcrumb"},"inLanguage":"fr-FR","potentialAction":[{"@type":"ReadAction","target":["https:\/\/sceaux-lagazette.fr\/index.php\/2026\/03\/13\/fin-de-campagne-des-municipales\/"]}]},{"@type":"ImageObject","inLanguage":"fr-FR","@id":"https:\/\/sceaux-lagazette.fr\/index.php\/2026\/03\/13\/fin-de-campagne-des-municipales\/#primaryimage","url":"https:\/\/sceaux-lagazette.fr\/wp-content\/uploads\/2026\/01\/Elections-municipales-2026-1.jpg","contentUrl":"https:\/\/sceaux-lagazette.fr\/wp-content\/uploads\/2026\/01\/Elections-municipales-2026-1.jpg","width":1080,"height":720},{"@type":"BreadcrumbList","@id":"https:\/\/sceaux-lagazette.fr\/index.php\/2026\/03\/13\/fin-de-campagne-des-municipales\/#breadcrumb","itemListElement":[{"@type":"ListItem","position":1,"name":"Accueil","item":"https:\/\/sceaux-lagazette.fr\/"},{"@type":"ListItem","position":2,"name":"Fin de campagne des municipales"}]},{"@type":"WebSite","@id":"https:\/\/sceaux-lagazette.fr\/#website","url":"https:\/\/sceaux-lagazette.fr\/","name":"La Gazette","description":"Bourg-la-Reine, Ch\u00e2tenay, Fontenay, Sceaux","publisher":{"@id":"https:\/\/sceaux-lagazette.fr\/#organization"},"potentialAction":[{"@type":"SearchAction","target":{"@type":"EntryPoint","urlTemplate":"https:\/\/sceaux-lagazette.fr\/?s={search_term_string}"},"query-input":{"@type":"PropertyValueSpecification","valueRequired":true,"valueName":"search_term_string"}}],"inLanguage":"fr-FR"},{"@type":"Organization","@id":"https:\/\/sceaux-lagazette.fr\/#organization","name":"La Gazette","url":"https:\/\/sceaux-lagazette.fr\/","logo":{"@type":"ImageObject","inLanguage":"fr-FR","@id":"https:\/\/sceaux-lagazette.fr\/#\/schema\/logo\/image\/","url":"https:\/\/sceaux-lagazette.fr\/wp-content\/uploads\/2025\/08\/Logo-Gazette-Aout-2025-V3.jpg","contentUrl":"https:\/\/sceaux-lagazette.fr\/wp-content\/uploads\/2025\/08\/Logo-Gazette-Aout-2025-V3.jpg","width":525,"height":130,"caption":"La Gazette"},"image":{"@id":"https:\/\/sceaux-lagazette.fr\/#\/schema\/logo\/image\/"}},{"@type":"Person","@id":"https:\/\/sceaux-lagazette.fr\/#\/schema\/person\/5650e206a121f68c6f5e76379bccfbc4","name":"G\u00e9rard Bardier","image":{"@type":"ImageObject","inLanguage":"fr-FR","@id":"https:\/\/sceaux-lagazette.fr\/#\/schema\/person\/image\/","url":"https:\/\/secure.gravatar.com\/avatar\/5cf4391ef9dbc0367750202561279a29?s=96&r=g","contentUrl":"https:\/\/secure.gravatar.com\/avatar\/5cf4391ef9dbc0367750202561279a29?s=96&r=g","caption":"G\u00e9rard Bardier"},"url":"https:\/\/sceaux-lagazette.fr\/index.php\/author\/gb\/"}]}},"cc_featured_image_caption":{"caption_text":"","source_text":"","source_url":""},"_links":{"self":[{"href":"https:\/\/sceaux-lagazette.fr\/index.php\/wp-json\/wp\/v2\/posts\/45569"}],"collection":[{"href":"https:\/\/sceaux-lagazette.fr\/index.php\/wp-json\/wp\/v2\/posts"}],"about":[{"href":"https:\/\/sceaux-lagazette.fr\/index.php\/wp-json\/wp\/v2\/types\/post"}],"author":[{"embeddable":true,"href":"https:\/\/sceaux-lagazette.fr\/index.php\/wp-json\/wp\/v2\/users\/11"}],"replies":[{"embeddable":true,"href":"https:\/\/sceaux-lagazette.fr\/index.php\/wp-json\/wp\/v2\/comments?post=45569"}],"version-history":[{"count":6,"href":"https:\/\/sceaux-lagazette.fr\/index.php\/wp-json\/wp\/v2\/posts\/45569\/revisions"}],"predecessor-version":[{"id":45581,"href":"https:\/\/sceaux-lagazette.fr\/index.php\/wp-json\/wp\/v2\/posts\/45569\/revisions\/45581"}],"wp:featuredmedia":[{"embeddable":true,"href":"https:\/\/sceaux-lagazette.fr\/index.php\/wp-json\/wp\/v2\/media\/45078"}],"wp:attachment":[{"href":"https:\/\/sceaux-lagazette.fr\/index.php\/wp-json\/wp\/v2\/media?parent=45569"}],"wp:term":[{"taxonomy":"category","embeddable":true,"href":"https:\/\/sceaux-lagazette.fr\/index.php\/wp-json\/wp\/v2\/categories?post=45569"},{"taxonomy":"post_tag","embeddable":true,"href":"https:\/\/sceaux-lagazette.fr\/index.php\/wp-json\/wp\/v2\/tags?post=45569"}],"curies":[{"name":"wp","href":"https:\/\/api.w.org\/{rel}","templated":true}]}}