{"id":45536,"date":"2026-03-11T16:28:25","date_gmt":"2026-03-11T15:28:25","guid":{"rendered":"https:\/\/sceaux-lagazette.fr\/?p=45536"},"modified":"2026-04-01T18:35:24","modified_gmt":"2026-04-01T16:35:24","slug":"karin-lansen-a-chatenay-malabry","status":"publish","type":"post","link":"https:\/\/sceaux-lagazette.fr\/index.php\/2026\/03\/11\/karin-lansen-a-chatenay-malabry\/","title":{"rendered":"Karin Lansen \u00e0 Ch\u00e2tenay-Malabry"},"content":{"rendered":"\n<p>Pour la semaine des droits de la femme, Ch\u00e2tenay-Malabry Tourisme a invit\u00e9 Karin Lansen dans deux lieux embl\u00e9matiques de la ville (La M\u00e9diath\u00e8que, et le Pavillon des Arts et du Patrimoine). La photographe de renomm\u00e9e internationale sera pr\u00e9sente vendredi 13 mars \u00e0 19h au Pavillon des Arts.<\/p>\n\n\n\n<p>Jusqu\u2019au samedi 28 mars, c\u2019est un double accrochage&nbsp;: <em>Hommages aux femmes de la Terre <\/em>au Pavillon des Arts et du Patrimoine (98 rue Jean Longuet) et <em>Petites filles du monde<\/em> \u00e0 la M\u00e9diath\u00e8que (7-9 rue des Vall\u00e9es). Allez-y, vous comprendrez pourquoi la Ville a tenu \u00e0 l\u2019inviter.<\/p>\n\n\n\n<h2 class=\"wp-block-heading\">Photographe voyageuse des lieux retir\u00e9s <\/h2>\n\n\n\n<p>Au fil de ses voyages, Karin Lansen a construit une photographie \u00e0 la fois documentaire et po\u00e9tique, port\u00e9e sur les visages, les gestes et la lumi\u00e8re. Ses th\u00e8mes&nbsp;: la transmission, le travail, la dignit\u00e9 ou la relation entre l\u2019homme et son environnement.<\/p>\n\n\n\n<p><strong>Pierre Bozzonne. Vous photographiez des femmes, vivant souvent loin des centres urbains. Qu\u2019est-ce que ces territoires \u00e9loign\u00e9s racontent que les villes ne disent plus&nbsp;?<\/strong><\/p>\n\n\n<div class=\"wp-block-image\">\n<figure class=\"alignright size-full is-resized\"><img decoding=\"async\" width=\"546\" height=\"720\" src=\"https:\/\/sceaux-lagazette.fr\/wp-content\/uploads\/2026\/03\/Karin-Lansen-et-Pierre-Bozzonne.jpeg.jpg\" alt=\"\" class=\"wp-image-45540\" style=\"width:273px;height:auto\" srcset=\"https:\/\/sceaux-lagazette.fr\/wp-content\/uploads\/2026\/03\/Karin-Lansen-et-Pierre-Bozzonne.jpeg.jpg 546w, https:\/\/sceaux-lagazette.fr\/wp-content\/uploads\/2026\/03\/Karin-Lansen-et-Pierre-Bozzonne.jpeg-228x300.jpg 228w\" sizes=\"(max-width: 546px) 100vw, 546px\" \/><figcaption class=\"wp-element-caption\">Karin Lansen et Pierre Bozzonne Photo P. Bozzonne<\/figcaption><\/figure><\/div>\n\n\n<p><strong>Karin Lansen.<\/strong> L\u2019authenticit\u00e9. La fluidit\u00e9 des rapports entre les gens. Une fa\u00e7on naturelle de cr\u00e9er du lien.<\/p>\n\n\n\n<p><strong>Pirogui\u00e8re \u00e0 Ouidah, berg\u00e8re du Haut-Atlas, ramasseuse de coquillages \u00e0 Zanzibar\u2026 Comment choisissez-vous les femmes que vous photographiez ?<\/strong><\/p>\n\n\n\n<p>Je m\u00e8ne une petite enqu\u00eate au pr\u00e9alable, avant de me rendre dans un territoire, dans un village lointain. Je me renseigne s\u2019il existe des savoir-faire traditionnels exclusivement pratiqu\u00e9s par des femmes. Mais l\u2019approche est volontairement superficielle afin de me laisser vierge de tout \u00e0 priori. Ce qui m\u2019int\u00e9resse, c\u2019est la rencontre. Une fois sur place, je laisse les choses venir \u00e0 moi.<\/p>\n\n\n\n<p><strong>Elles acceptent facilement&nbsp;?<\/strong><\/p>\n\n\n\n<p>Elles finissent toujours par accepter parce que je me pr\u00e9sente \u00e0 elle. Le fait d\u2019\u00eatre une femme les rassure. J\u2019ai un petit atlas avec moi. Je leur montre d\u2019o\u00f9 je viens et o\u00f9 elles sont, ainsi que mon travail photographique. Je leur explique que je suis l\u00e0 pour elles, pour leur rendre hommage. On s\u2019apprivoise mutuellement.<\/p>\n\n\n\n<p><strong>Lors de ces rencontres, le temps de la photographie est-il bref ou au contraire pr\u00e9c\u00e9d\u00e9 d\u2019un long moment d\u2019\u00e9change ?<\/strong><\/p>\n\n\n\n<p>Un moment d\u2019\u00e9change. Mais un temps long pour moi. Le clich\u00e9 dure une fraction de seconde, mais tout ce qui pr\u00e9c\u00e8de est tr\u00e8s long.<\/p>\n\n\n\n<p><strong>Votre objectif semble chercher ce que vous appelez une \u201clumi\u00e8re int\u00e9rieure\u201d. Comment capte-t-on quelque chose d\u2019aussi invisible ?<\/strong><\/p>\n\n\n\n<p>C\u2019est sans doute le Graal de beaucoup d\u2019artistes et de photographes. C\u2019est-\u00e0-dire capter un moment toujours unique contenu dans le geste et dans l\u2019expression de la femme qui travaille dans son environnement, pour atteindre l\u2019authenticit\u00e9.<\/p>\n\n\n\n<p><strong>Qu\u2019avez-vous appris de ces femmes, au-del\u00e0 de l\u2019image que vous rapportez ?<\/strong><\/p>\n\n\n\n<p>Enorm\u00e9ment. C\u2019est tout le paradoxe. Je vais vers elles, et lorsque je reviens, j\u2019ai finalement appris beaucoup sur moi-m\u00eame. Il y a une r\u00e9sonnance, un \u00e9cho qui se produit.\u00a0 Le fait d\u2019aller seule vers elles, de vivre leur quotidien, d\u2019y s\u00e9journer longtemps, fait qu\u2019au fond j\u2019apprends beaucoup sur moi.<\/p>\n\n\n\n<p><strong>La Gazette&nbsp;: Vous avez \u00e9galement cr\u00e9\u00e9 les \u201cKal\u00e9\u00efgraphies\u201d, une \u00e9criture photographique tr\u00e8s particuli\u00e8re. Comment est n\u00e9e cette id\u00e9e originale ?<\/strong><\/p>\n\n\n\n<p>Tout est n\u00e9 avec la rencontre de l\u2019\u0153uvre d\u2019un <a href=\"https:\/\/federicobencini.com\/\">artiste italien vivant \u00e0 Barcelone<\/a>, dont j\u2019ai ador\u00e9 le travail bas\u00e9 sur le \u00ab\u00a0multiptyque\u00a0\u00bb. C\u2019est la multiplicit\u00e9 des formats carr\u00e9s cr\u00e9ant un lien tr\u00e8s int\u00e9ressant d\u2019un point de vue g\u00e9om\u00e9trique qui rappelle les mandalas.<\/p>\n\n\n\n<p><strong>Vous parlez souvent de photographie comme d\u2019une forme de po\u00e9sie visuelle. Comment cette dimension po\u00e9tique se construit-elle dans vos images ?<\/strong><\/p>\n\n\n\n<p>C\u2019est une qu\u00eate perp\u00e9tuelle dans mon travail. La po\u00e9sie tient une tr\u00e8s grande place dans ma vie. Parall\u00e8lement \u00e0 mon travail de photographe, j\u2019\u00e9cris beaucoup. Bachelard a \u00e9crit que la photographie \u00e9tait le m\u00e9dium qui se rapprochait le plus de la po\u00e9sie. Je suis assez d\u2019accord avec cela. C\u2019est vrai particuli\u00e8rement du <a href=\"https:\/\/fr.wikipedia.org\/wiki\/Ha%C3%AFku\"><strong>ha\u00efku<\/strong>\u00a0<\/a>japonais que je pratique. Un instant de po\u00e9sie qui tient en un texte de trois vers, extr\u00eamement court tout comme l\u2019est la photographie.<\/p>\n\n\n\n<p><strong>La Gazette&nbsp;: Vous \u00e9crivez : \u00ab Ma gen\u00e8se : le Voyage, mon mantra : l&rsquo;\u00e9merveillement, ma qu\u00eate : la beaut\u00e9 \u00bb. Pouvez-vous nous expliquer comment ces trois piliers guident concr\u00e8tement votre pratique au quotidien ?<\/strong><\/p>\n\n\n\n<p>Le voyage, c\u2019est le temps du d\u00e9part vers l\u2019inconnu. Quelque chose qui m\u2019est ext\u00e9rieure mais qui, \u00e0 un certain moment, convoque mon intimit\u00e9. L\u2019\u00e9merveillement est l\u2019essence m\u00eame de mon travail\u00a0: Je vais \u00eatre \u00e9merveill\u00e9e par ce que je vais voir, ressentir avec ce besoin de transmettre.\u00a0<br>La beaut\u00e9 est cette qu\u00eate esth\u00e9tique que j\u2019ai, dans mon travail. Une beaut\u00e9 naturelle. Ces femmes ou ces enfants que je photographie \u00e0 travers le monde incarnent cette beaut\u00e9 brute.<\/p>\n\n\n\n<p><strong>Parmi vos \u0153uvres, \u00ab La Ramasseuse de Coquillages d\u2019Uroa \u00bb revient souvent. Quelle histoire personnelle ou quelle \u00e9motion se cache derri\u00e8re cette photographie embl\u00e9matique ?<\/strong><\/p>\n\n\n\n<p>Ces femmes qui ramassent ces coquillages sur l\u2019\u00eele de Zanzibar, font ce m\u00e9tier depuis extr\u00eamement longtemps. Je vais passer beaucoup de temps aupr\u00e8s d\u2019elles dans un petit village c\u00f4tier qui s\u2019appelle Uroa . Et l\u00e0, le dernier soir, veille de mon d\u00e9part, avant que le soleil ne disparaisse de l\u2019horizon, entre ombre et lumi\u00e8re, dans un moment suspendu, je vais photographier cette jeune femme. Je ressens une \u00e9motion intense. Elle se retourne pour appeler sa jeune s\u0153ur. Je d\u00e9clenche l\u2019appareil. Quelques instants plus tard, la lumi\u00e8re s\u2019est comme \u00e9teinte. Je le vis comme une sorte de miracle.<\/p>\n\n\n\n<p><strong>La Gazette&nbsp;: Vous avez expos\u00e9 dans des lieux tr\u00e8s prestigieux : Grand Palais, Arles, Tokyo, Florence, New York\u2026 Y a-t-il une exposition qui vous a particuli\u00e8rement touch\u00e9e ou marqu\u00e9e dans votre parcours ?<\/strong><\/p>\n\n\n\n<p>N\u00e9cessairement le Grand Palais, en 2025. L\u2019ann\u00e9e o\u00f9 la Ramasseuse de Coquillages a obtenu la m\u00e9daille d\u2019or du Salon des Artistes Fran\u00e7ais. M\u00eame si cette jeune femme ignorera toujours cet hommage qui lui a \u00e9t\u00e9 rendu.<\/p>\n\n\n\n<p><strong>Certaines de vos photographies sont r\u00e9alis\u00e9es en argentique avec des surimpressions en studio, notamment dans la s\u00e9rie all\u00e9gorique sur les femmes. Qu\u2019est-ce qui vous attire dans ces techniques plus \u00ab artisanales \u00bb \u00e0 l\u2019\u00e8re du num\u00e9rique&nbsp;?<\/strong><\/p>\n\n\n\n<p>J\u2019ai conserv\u00e9 tr\u00e8s longtemps une fid\u00e9lit\u00e9 \u00e0 l\u2019argentique. Je ne suis pass\u00e9e que tr\u00e8s tardivement au num\u00e9rique. <br>Mon travail en voyage laisse une tr\u00e8s grande part au hasard, par opposition \u00e0 mon travail en studio o\u00f9 je tente de ma\u00eetriser quasiment tout de la mise en sc\u00e8ne, avec bien s\u00fbr, toujours le facteur al\u00e9atoire li\u00e9 \u00e0 la technique de la surimpression. Cette technique est un hommage \u00e0 Man Ray. Elle est assez lourde et demande plusieurs jours de r\u00e9alisation. Mais ce qui m\u2019int\u00e9resse dans cette technique est cette part al\u00e9atoire qu\u2019on ne ma\u00eetrise pas compl\u00e8tement. Je dois accepter d\u2019\u00eatre surprise, de r\u00e9ussir ou d\u2019\u00e9chouer. Parce que, ce qui sort sur l\u2019ektachrome est toujours de l\u2019ordre de l\u2019inconnu. \u00c7a convie le hasard, la patience et un moment magique qui donne lieu \u00e0 ce que j\u2019appelle la s\u00e9rendipit\u00e9, une chose qui se produit sans qu\u2019on l\u2019ait r\u00e9ellement cherch\u00e9e.<\/p>\n\n\n\n<p><strong>Finalement, que souhaitez-vous que le spectateur ressente en d\u00e9couvrant ces portraits ? Une admiration, une r\u00e9flexion, ou peut-\u00eatre un miroir de lui-m\u00eame ?<\/strong><\/p>\n\n\n\n<p>Une \u00e9motion. Avant tout une \u00e9motion.<\/p>\n\n\n\n<p><\/p>\n","protected":false},"excerpt":{"rendered":"<p>Pour la semaine des droits de la femme, Ch\u00e2tenay-Malabry Tourisme a invit\u00e9 Karin Lansen dans deux lieux embl\u00e9matiques de la ville (La M\u00e9diath\u00e8que, et le Pavillon des Arts et du Patrimoine). La photographe de renomm\u00e9e internationale sera pr\u00e9sente vendredi 13 mars \u00e0 19h au Pavillon des Arts. Jusqu\u2019au samedi 28&#8230;<\/p>\n","protected":false},"author":46,"featured_media":45539,"comment_status":"open","ping_status":"open","sticky":false,"template":"","format":"standard","meta":{"om_disable_all_campaigns":false,"_monsterinsights_skip_tracking":false,"_monsterinsights_sitenote_active":false,"_monsterinsights_sitenote_note":"","_monsterinsights_sitenote_category":0,"_uf_show_specific_survey":0,"_uf_disable_surveys":false,"footnotes":""},"categories":[263],"tags":[],"class_list":["post-45536","post","type-post","status-publish","format-standard","has-post-thumbnail","hentry","category-chatenay-malabry","entry","simple"],"yoast_head":"<!-- This site is optimized with the Yoast SEO plugin v25.6 - https:\/\/yoast.com\/wordpress\/plugins\/seo\/ -->\n<title>Karin Lansen \u00e0 Ch\u00e2tenay-Malabry - La Gazette<\/title>\n<meta name=\"robots\" content=\"index, follow, max-snippet:-1, max-image-preview:large, max-video-preview:-1\" \/>\n<link rel=\"canonical\" href=\"https:\/\/sceaux-lagazette.fr\/index.php\/2026\/03\/11\/karin-lansen-a-chatenay-malabry\/\" \/>\n<meta property=\"og:locale\" content=\"fr_FR\" \/>\n<meta property=\"og:type\" content=\"article\" \/>\n<meta property=\"og:title\" content=\"Karin Lansen \u00e0 Ch\u00e2tenay-Malabry - La Gazette\" \/>\n<meta property=\"og:description\" content=\"Pour la semaine des droits de la femme, Ch\u00e2tenay-Malabry Tourisme a invit\u00e9 Karin Lansen dans deux lieux embl\u00e9matiques de la ville (La M\u00e9diath\u00e8que, et le Pavillon des Arts et du Patrimoine). La photographe de renomm\u00e9e internationale sera pr\u00e9sente vendredi 13 mars \u00e0 19h au Pavillon des Arts. Jusqu\u2019au samedi 28&#8230;\" \/>\n<meta property=\"og:url\" content=\"https:\/\/sceaux-lagazette.fr\/index.php\/2026\/03\/11\/karin-lansen-a-chatenay-malabry\/\" \/>\n<meta property=\"og:site_name\" content=\"La Gazette\" \/>\n<meta property=\"article:published_time\" content=\"2026-03-11T15:28:25+00:00\" \/>\n<meta property=\"article:modified_time\" content=\"2026-04-01T16:35:24+00:00\" \/>\n<meta property=\"og:image\" content=\"https:\/\/sceaux-lagazette.fr\/wp-content\/uploads\/2026\/03\/Karin-Lansen-2-photos-e1773236749211.jpeg\" \/>\n\t<meta property=\"og:image:width\" content=\"1721\" \/>\n\t<meta property=\"og:image:height\" content=\"1064\" \/>\n\t<meta property=\"og:image:type\" content=\"image\/jpeg\" \/>\n<meta name=\"author\" content=\"Pierre Bozzonne\" \/>\n<meta name=\"twitter:card\" content=\"summary_large_image\" \/>\n<meta name=\"twitter:label1\" content=\"\u00c9crit par\" \/>\n\t<meta name=\"twitter:data1\" content=\"Pierre Bozzonne\" \/>\n\t<meta name=\"twitter:label2\" content=\"Dur\u00e9e de lecture estim\u00e9e\" \/>\n\t<meta name=\"twitter:data2\" content=\"7 minutes\" \/>\n<script type=\"application\/ld+json\" class=\"yoast-schema-graph\">{\"@context\":\"https:\/\/schema.org\",\"@graph\":[{\"@type\":\"Article\",\"@id\":\"https:\/\/sceaux-lagazette.fr\/index.php\/2026\/03\/11\/karin-lansen-a-chatenay-malabry\/#article\",\"isPartOf\":{\"@id\":\"https:\/\/sceaux-lagazette.fr\/index.php\/2026\/03\/11\/karin-lansen-a-chatenay-malabry\/\"},\"author\":{\"name\":\"Pierre Bozzonne\",\"@id\":\"https:\/\/sceaux-lagazette.fr\/#\/schema\/person\/fc66afcc3e1fb790b5c83a90d0b83e6a\"},\"headline\":\"Karin Lansen \u00e0 Ch\u00e2tenay-Malabry\",\"datePublished\":\"2026-03-11T15:28:25+00:00\",\"dateModified\":\"2026-04-01T16:35:24+00:00\",\"mainEntityOfPage\":{\"@id\":\"https:\/\/sceaux-lagazette.fr\/index.php\/2026\/03\/11\/karin-lansen-a-chatenay-malabry\/\"},\"wordCount\":1317,\"commentCount\":0,\"publisher\":{\"@id\":\"https:\/\/sceaux-lagazette.fr\/#organization\"},\"image\":{\"@id\":\"https:\/\/sceaux-lagazette.fr\/index.php\/2026\/03\/11\/karin-lansen-a-chatenay-malabry\/#primaryimage\"},\"thumbnailUrl\":\"https:\/\/sceaux-lagazette.fr\/wp-content\/uploads\/2026\/03\/Karin-Lansen-2-photos-e1773236749211.jpeg\",\"articleSection\":[\"Ch\u00e2tenay-Malabry\"],\"inLanguage\":\"fr-FR\",\"potentialAction\":[{\"@type\":\"CommentAction\",\"name\":\"Comment\",\"target\":[\"https:\/\/sceaux-lagazette.fr\/index.php\/2026\/03\/11\/karin-lansen-a-chatenay-malabry\/#respond\"]}]},{\"@type\":\"WebPage\",\"@id\":\"https:\/\/sceaux-lagazette.fr\/index.php\/2026\/03\/11\/karin-lansen-a-chatenay-malabry\/\",\"url\":\"https:\/\/sceaux-lagazette.fr\/index.php\/2026\/03\/11\/karin-lansen-a-chatenay-malabry\/\",\"name\":\"Karin Lansen \u00e0 Ch\u00e2tenay-Malabry - La Gazette\",\"isPartOf\":{\"@id\":\"https:\/\/sceaux-lagazette.fr\/#website\"},\"primaryImageOfPage\":{\"@id\":\"https:\/\/sceaux-lagazette.fr\/index.php\/2026\/03\/11\/karin-lansen-a-chatenay-malabry\/#primaryimage\"},\"image\":{\"@id\":\"https:\/\/sceaux-lagazette.fr\/index.php\/2026\/03\/11\/karin-lansen-a-chatenay-malabry\/#primaryimage\"},\"thumbnailUrl\":\"https:\/\/sceaux-lagazette.fr\/wp-content\/uploads\/2026\/03\/Karin-Lansen-2-photos-e1773236749211.jpeg\",\"datePublished\":\"2026-03-11T15:28:25+00:00\",\"dateModified\":\"2026-04-01T16:35:24+00:00\",\"breadcrumb\":{\"@id\":\"https:\/\/sceaux-lagazette.fr\/index.php\/2026\/03\/11\/karin-lansen-a-chatenay-malabry\/#breadcrumb\"},\"inLanguage\":\"fr-FR\",\"potentialAction\":[{\"@type\":\"ReadAction\",\"target\":[\"https:\/\/sceaux-lagazette.fr\/index.php\/2026\/03\/11\/karin-lansen-a-chatenay-malabry\/\"]}]},{\"@type\":\"ImageObject\",\"inLanguage\":\"fr-FR\",\"@id\":\"https:\/\/sceaux-lagazette.fr\/index.php\/2026\/03\/11\/karin-lansen-a-chatenay-malabry\/#primaryimage\",\"url\":\"https:\/\/sceaux-lagazette.fr\/wp-content\/uploads\/2026\/03\/Karin-Lansen-2-photos-e1773236749211.jpeg\",\"contentUrl\":\"https:\/\/sceaux-lagazette.fr\/wp-content\/uploads\/2026\/03\/Karin-Lansen-2-photos-e1773236749211.jpeg\",\"width\":1721,\"height\":1064},{\"@type\":\"BreadcrumbList\",\"@id\":\"https:\/\/sceaux-lagazette.fr\/index.php\/2026\/03\/11\/karin-lansen-a-chatenay-malabry\/#breadcrumb\",\"itemListElement\":[{\"@type\":\"ListItem\",\"position\":1,\"name\":\"Accueil\",\"item\":\"https:\/\/sceaux-lagazette.fr\/\"},{\"@type\":\"ListItem\",\"position\":2,\"name\":\"Karin Lansen \u00e0 Ch\u00e2tenay-Malabry\"}]},{\"@type\":\"WebSite\",\"@id\":\"https:\/\/sceaux-lagazette.fr\/#website\",\"url\":\"https:\/\/sceaux-lagazette.fr\/\",\"name\":\"La Gazette\",\"description\":\"Bourg-la-Reine, Ch\u00e2tenay, Fontenay, Sceaux\",\"publisher\":{\"@id\":\"https:\/\/sceaux-lagazette.fr\/#organization\"},\"potentialAction\":[{\"@type\":\"SearchAction\",\"target\":{\"@type\":\"EntryPoint\",\"urlTemplate\":\"https:\/\/sceaux-lagazette.fr\/?s={search_term_string}\"},\"query-input\":{\"@type\":\"PropertyValueSpecification\",\"valueRequired\":true,\"valueName\":\"search_term_string\"}}],\"inLanguage\":\"fr-FR\"},{\"@type\":\"Organization\",\"@id\":\"https:\/\/sceaux-lagazette.fr\/#organization\",\"name\":\"La Gazette\",\"url\":\"https:\/\/sceaux-lagazette.fr\/\",\"logo\":{\"@type\":\"ImageObject\",\"inLanguage\":\"fr-FR\",\"@id\":\"https:\/\/sceaux-lagazette.fr\/#\/schema\/logo\/image\/\",\"url\":\"https:\/\/sceaux-lagazette.fr\/wp-content\/uploads\/2025\/08\/Logo-Gazette-Aout-2025-V3.jpg\",\"contentUrl\":\"https:\/\/sceaux-lagazette.fr\/wp-content\/uploads\/2025\/08\/Logo-Gazette-Aout-2025-V3.jpg\",\"width\":525,\"height\":130,\"caption\":\"La Gazette\"},\"image\":{\"@id\":\"https:\/\/sceaux-lagazette.fr\/#\/schema\/logo\/image\/\"}},{\"@type\":\"Person\",\"@id\":\"https:\/\/sceaux-lagazette.fr\/#\/schema\/person\/fc66afcc3e1fb790b5c83a90d0b83e6a\",\"name\":\"Pierre Bozzonne\",\"image\":{\"@type\":\"ImageObject\",\"inLanguage\":\"fr-FR\",\"@id\":\"https:\/\/sceaux-lagazette.fr\/#\/schema\/person\/image\/\",\"url\":\"https:\/\/secure.gravatar.com\/avatar\/c4f964cef1aa41a485b745cba2cc0047?s=96&r=g\",\"contentUrl\":\"https:\/\/secure.gravatar.com\/avatar\/c4f964cef1aa41a485b745cba2cc0047?s=96&r=g\",\"caption\":\"Pierre Bozzonne\"},\"url\":\"https:\/\/sceaux-lagazette.fr\/index.php\/author\/pierre-bozzonne\/\"}]}<\/script>\n<!-- \/ Yoast SEO plugin. -->","yoast_head_json":{"title":"Karin Lansen \u00e0 Ch\u00e2tenay-Malabry - La Gazette","robots":{"index":"index","follow":"follow","max-snippet":"max-snippet:-1","max-image-preview":"max-image-preview:large","max-video-preview":"max-video-preview:-1"},"canonical":"https:\/\/sceaux-lagazette.fr\/index.php\/2026\/03\/11\/karin-lansen-a-chatenay-malabry\/","og_locale":"fr_FR","og_type":"article","og_title":"Karin Lansen \u00e0 Ch\u00e2tenay-Malabry - La Gazette","og_description":"Pour la semaine des droits de la femme, Ch\u00e2tenay-Malabry Tourisme a invit\u00e9 Karin Lansen dans deux lieux embl\u00e9matiques de la ville (La M\u00e9diath\u00e8que, et le Pavillon des Arts et du Patrimoine). La photographe de renomm\u00e9e internationale sera pr\u00e9sente vendredi 13 mars \u00e0 19h au Pavillon des Arts. Jusqu\u2019au samedi 28&#8230;","og_url":"https:\/\/sceaux-lagazette.fr\/index.php\/2026\/03\/11\/karin-lansen-a-chatenay-malabry\/","og_site_name":"La Gazette","article_published_time":"2026-03-11T15:28:25+00:00","article_modified_time":"2026-04-01T16:35:24+00:00","og_image":[{"width":1721,"height":1064,"url":"https:\/\/sceaux-lagazette.fr\/wp-content\/uploads\/2026\/03\/Karin-Lansen-2-photos-e1773236749211.jpeg","type":"image\/jpeg"}],"author":"Pierre Bozzonne","twitter_card":"summary_large_image","twitter_misc":{"\u00c9crit par":"Pierre Bozzonne","Dur\u00e9e de lecture estim\u00e9e":"7 minutes"},"schema":{"@context":"https:\/\/schema.org","@graph":[{"@type":"Article","@id":"https:\/\/sceaux-lagazette.fr\/index.php\/2026\/03\/11\/karin-lansen-a-chatenay-malabry\/#article","isPartOf":{"@id":"https:\/\/sceaux-lagazette.fr\/index.php\/2026\/03\/11\/karin-lansen-a-chatenay-malabry\/"},"author":{"name":"Pierre Bozzonne","@id":"https:\/\/sceaux-lagazette.fr\/#\/schema\/person\/fc66afcc3e1fb790b5c83a90d0b83e6a"},"headline":"Karin Lansen \u00e0 Ch\u00e2tenay-Malabry","datePublished":"2026-03-11T15:28:25+00:00","dateModified":"2026-04-01T16:35:24+00:00","mainEntityOfPage":{"@id":"https:\/\/sceaux-lagazette.fr\/index.php\/2026\/03\/11\/karin-lansen-a-chatenay-malabry\/"},"wordCount":1317,"commentCount":0,"publisher":{"@id":"https:\/\/sceaux-lagazette.fr\/#organization"},"image":{"@id":"https:\/\/sceaux-lagazette.fr\/index.php\/2026\/03\/11\/karin-lansen-a-chatenay-malabry\/#primaryimage"},"thumbnailUrl":"https:\/\/sceaux-lagazette.fr\/wp-content\/uploads\/2026\/03\/Karin-Lansen-2-photos-e1773236749211.jpeg","articleSection":["Ch\u00e2tenay-Malabry"],"inLanguage":"fr-FR","potentialAction":[{"@type":"CommentAction","name":"Comment","target":["https:\/\/sceaux-lagazette.fr\/index.php\/2026\/03\/11\/karin-lansen-a-chatenay-malabry\/#respond"]}]},{"@type":"WebPage","@id":"https:\/\/sceaux-lagazette.fr\/index.php\/2026\/03\/11\/karin-lansen-a-chatenay-malabry\/","url":"https:\/\/sceaux-lagazette.fr\/index.php\/2026\/03\/11\/karin-lansen-a-chatenay-malabry\/","name":"Karin Lansen \u00e0 Ch\u00e2tenay-Malabry - La Gazette","isPartOf":{"@id":"https:\/\/sceaux-lagazette.fr\/#website"},"primaryImageOfPage":{"@id":"https:\/\/sceaux-lagazette.fr\/index.php\/2026\/03\/11\/karin-lansen-a-chatenay-malabry\/#primaryimage"},"image":{"@id":"https:\/\/sceaux-lagazette.fr\/index.php\/2026\/03\/11\/karin-lansen-a-chatenay-malabry\/#primaryimage"},"thumbnailUrl":"https:\/\/sceaux-lagazette.fr\/wp-content\/uploads\/2026\/03\/Karin-Lansen-2-photos-e1773236749211.jpeg","datePublished":"2026-03-11T15:28:25+00:00","dateModified":"2026-04-01T16:35:24+00:00","breadcrumb":{"@id":"https:\/\/sceaux-lagazette.fr\/index.php\/2026\/03\/11\/karin-lansen-a-chatenay-malabry\/#breadcrumb"},"inLanguage":"fr-FR","potentialAction":[{"@type":"ReadAction","target":["https:\/\/sceaux-lagazette.fr\/index.php\/2026\/03\/11\/karin-lansen-a-chatenay-malabry\/"]}]},{"@type":"ImageObject","inLanguage":"fr-FR","@id":"https:\/\/sceaux-lagazette.fr\/index.php\/2026\/03\/11\/karin-lansen-a-chatenay-malabry\/#primaryimage","url":"https:\/\/sceaux-lagazette.fr\/wp-content\/uploads\/2026\/03\/Karin-Lansen-2-photos-e1773236749211.jpeg","contentUrl":"https:\/\/sceaux-lagazette.fr\/wp-content\/uploads\/2026\/03\/Karin-Lansen-2-photos-e1773236749211.jpeg","width":1721,"height":1064},{"@type":"BreadcrumbList","@id":"https:\/\/sceaux-lagazette.fr\/index.php\/2026\/03\/11\/karin-lansen-a-chatenay-malabry\/#breadcrumb","itemListElement":[{"@type":"ListItem","position":1,"name":"Accueil","item":"https:\/\/sceaux-lagazette.fr\/"},{"@type":"ListItem","position":2,"name":"Karin Lansen \u00e0 Ch\u00e2tenay-Malabry"}]},{"@type":"WebSite","@id":"https:\/\/sceaux-lagazette.fr\/#website","url":"https:\/\/sceaux-lagazette.fr\/","name":"La Gazette","description":"Bourg-la-Reine, Ch\u00e2tenay, Fontenay, Sceaux","publisher":{"@id":"https:\/\/sceaux-lagazette.fr\/#organization"},"potentialAction":[{"@type":"SearchAction","target":{"@type":"EntryPoint","urlTemplate":"https:\/\/sceaux-lagazette.fr\/?s={search_term_string}"},"query-input":{"@type":"PropertyValueSpecification","valueRequired":true,"valueName":"search_term_string"}}],"inLanguage":"fr-FR"},{"@type":"Organization","@id":"https:\/\/sceaux-lagazette.fr\/#organization","name":"La Gazette","url":"https:\/\/sceaux-lagazette.fr\/","logo":{"@type":"ImageObject","inLanguage":"fr-FR","@id":"https:\/\/sceaux-lagazette.fr\/#\/schema\/logo\/image\/","url":"https:\/\/sceaux-lagazette.fr\/wp-content\/uploads\/2025\/08\/Logo-Gazette-Aout-2025-V3.jpg","contentUrl":"https:\/\/sceaux-lagazette.fr\/wp-content\/uploads\/2025\/08\/Logo-Gazette-Aout-2025-V3.jpg","width":525,"height":130,"caption":"La Gazette"},"image":{"@id":"https:\/\/sceaux-lagazette.fr\/#\/schema\/logo\/image\/"}},{"@type":"Person","@id":"https:\/\/sceaux-lagazette.fr\/#\/schema\/person\/fc66afcc3e1fb790b5c83a90d0b83e6a","name":"Pierre Bozzonne","image":{"@type":"ImageObject","inLanguage":"fr-FR","@id":"https:\/\/sceaux-lagazette.fr\/#\/schema\/person\/image\/","url":"https:\/\/secure.gravatar.com\/avatar\/c4f964cef1aa41a485b745cba2cc0047?s=96&r=g","contentUrl":"https:\/\/secure.gravatar.com\/avatar\/c4f964cef1aa41a485b745cba2cc0047?s=96&r=g","caption":"Pierre Bozzonne"},"url":"https:\/\/sceaux-lagazette.fr\/index.php\/author\/pierre-bozzonne\/"}]}},"cc_featured_image_caption":{"caption_text":"Karin Lansen et son regard sur des femmes Photo: P. Bozzonne","source_text":"","source_url":""},"_links":{"self":[{"href":"https:\/\/sceaux-lagazette.fr\/index.php\/wp-json\/wp\/v2\/posts\/45536"}],"collection":[{"href":"https:\/\/sceaux-lagazette.fr\/index.php\/wp-json\/wp\/v2\/posts"}],"about":[{"href":"https:\/\/sceaux-lagazette.fr\/index.php\/wp-json\/wp\/v2\/types\/post"}],"author":[{"embeddable":true,"href":"https:\/\/sceaux-lagazette.fr\/index.php\/wp-json\/wp\/v2\/users\/46"}],"replies":[{"embeddable":true,"href":"https:\/\/sceaux-lagazette.fr\/index.php\/wp-json\/wp\/v2\/comments?post=45536"}],"version-history":[{"count":11,"href":"https:\/\/sceaux-lagazette.fr\/index.php\/wp-json\/wp\/v2\/posts\/45536\/revisions"}],"predecessor-version":[{"id":45768,"href":"https:\/\/sceaux-lagazette.fr\/index.php\/wp-json\/wp\/v2\/posts\/45536\/revisions\/45768"}],"wp:featuredmedia":[{"embeddable":true,"href":"https:\/\/sceaux-lagazette.fr\/index.php\/wp-json\/wp\/v2\/media\/45539"}],"wp:attachment":[{"href":"https:\/\/sceaux-lagazette.fr\/index.php\/wp-json\/wp\/v2\/media?parent=45536"}],"wp:term":[{"taxonomy":"category","embeddable":true,"href":"https:\/\/sceaux-lagazette.fr\/index.php\/wp-json\/wp\/v2\/categories?post=45536"},{"taxonomy":"post_tag","embeddable":true,"href":"https:\/\/sceaux-lagazette.fr\/index.php\/wp-json\/wp\/v2\/tags?post=45536"}],"curies":[{"name":"wp","href":"https:\/\/api.w.org\/{rel}","templated":true}]}}