{"id":45532,"date":"2026-03-12T08:28:36","date_gmt":"2026-03-12T07:28:36","guid":{"rendered":"https:\/\/sceaux-lagazette.fr\/?p=45532"},"modified":"2026-03-12T09:37:59","modified_gmt":"2026-03-12T08:37:59","slug":"rassemblement-pour-fontenay-avec-philippe-ribatto","status":"publish","type":"post","link":"https:\/\/sceaux-lagazette.fr\/index.php\/2026\/03\/12\/rassemblement-pour-fontenay-avec-philippe-ribatto\/","title":{"rendered":"Rassembler pour Fontenay, avec Philippe Ribatto"},"content":{"rendered":"\n<p>Philippe Ribatto, qui avait d\u00e9j\u00e0 pr\u00e9sent\u00e9 une liste en 2014, pr\u00e9sente cette fois une liste pour une alternative de droite \u00e0 Fontenay-aux-Roses.<\/p>\n\n\n\n<p>&nbsp;<strong>La Gazette<\/strong>&nbsp;<em>: Pouvez-vous vous pr\u00e9senter ainsi que votre liste&nbsp;?<\/em><\/p>\n\n\n\n<p>J\u2019ai 61 ans, d\u00e8s 11 ans j\u2019ai \u00e9t\u00e9 scout \u00e0 Fontenay-aux-Roses, pr\u00e9sident de la section locale de l\u2019Union Nationale des Combattants de 2003 \u00e0 2014, pr\u00e9sident de l\u2019unit\u00e9 locale de la Croix-Rouge de 2008 \u00e0 2013.<\/p>\n\n\n\n<p>Sur le plan municipal, j&rsquo;ai conduit la liste \u00ab Union pour Fontenay \u00bb en 2014, recueillant 12% des voix. Cette dynamique nous a permis de fusionner pour battre la municipalit\u00e9 sortante. J&rsquo;ai alors exerc\u00e9 comme adjoint au d\u00e9veloppement \u00e9conomique, aux transports et au devoir de m\u00e9moire, ainsi que conseiller territorial, jusqu&rsquo;en 2020.<\/p>\n\n\n\n<p>J&rsquo;ai choisi de ne pas poursuivre avec Laurent Vastel car nos visions de la politique divergeaient et je ne pouvais plus porter les id\u00e9es de notre liste. Aujourd&rsquo;hui, je m\u00e8ne une liste sans \u00e9tiquette, unie par un objectif de renouveau, rassemblant des profils vari\u00e9s de tous \u00e2ges, m\u00e9tiers et quartiers.<\/p>\n\n\n\n<p>Objectif&nbsp;: agir pour le renouveau de la ville.<\/p>\n\n\n\n<h2 class=\"wp-block-heading\">Bilan<\/h2>\n\n\n\n<p><em>La Gazette : Quel bilan faites-vous de la situation de la ville&nbsp;?<\/em><\/p>\n\n\n\n<p>Le constat est pr\u00e9occupant : Fontenay-aux-Roses d\u00e9cline alors que nos voisins, comme Le Plessis-Robinson, se d\u00e9veloppent. Notre population diminue quand la leur augmente. Ce manque d&rsquo;attractivit\u00e9 se lit jusque sur notre march\u00e9, o\u00f9 les \u00e9tals vides se multiplient. Fontenay devient une \u00ab\u00a0ville-dortoir\u00a0\u00bb alors qu&rsquo;elle a le potentiel pour \u00eatre un p\u00f4le d&rsquo;activit\u00e9. Il est temps de redonner de l&rsquo;\u00e9lan \u00e0 notre commune.<\/p>\n\n\n\n<h2 class=\"wp-block-heading\">Le programme<\/h2>\n\n\n\n<p><strong>La Gazette<\/strong><em>&nbsp;: Quel programme proposez-vous aux Fontenaysiens&nbsp;?<\/em><\/p>\n\n\n\n<p>Notre programme tient en 5 points. Il est disponible <a href=\"https:\/\/rassembler-pour-fontenay.fr\/\">sur notre site<\/a>, de mani\u00e8re beaucoup plus compl\u00e8te que ce qui suit.<\/p>\n\n\n\n<p><strong>Famille et solidarit\u00e9<\/strong>&nbsp;: pour la petite enfance, nous voulons ouvrir 100 berceaux suppl\u00e9mentaires et un nouveau Lieu d\u2019Accueil Enfants Parents (LAEP). Le manque de places en cr\u00e8che est le premier frein \u00e0 l&rsquo;installation des jeunes familles actives. Nous voulons aussi r\u00e9animer les jumelages avec des programmes d\u2019\u00e9changes avec les familles afin de cr\u00e9er une v\u00e9ritable ouverture europ\u00e9enne pour notre jeunesse, favorisant l&rsquo;apprentissage des langues et la mobilit\u00e9 d\u00e8s le plus jeune \u00e2ge.<\/p>\n\n\n\n<p><strong>Cadre de vie s\u00e9curis\u00e9<\/strong>&nbsp;: la police municipale est sous-\u00e9quip\u00e9e (un seul v\u00e9hicule disponible). Nous augmenterons les moyens (1 v\u00e9hicule et 27 cam\u00e9ras suppl\u00e9mentaires) et les effectifs pour passer des 11 + 1 actuels \u00e0 16+ 1 pour pouvoir couvrir 7j\/7 et de 7h30 \u00e0 2h du matin. Nous financerons ce nouvel effectif avec les \u00e9conomies de gestion sur toute la ville. Je prendrai ce sujet directement en charge.<\/p>\n\n\n\n<p><strong>Urbanisme<\/strong>&nbsp;: nous construirons l\u2019avenir de l\u2019ensemble des projets en concertation avec les Fontenaisiens&nbsp;: groupe scolaire des Ormeaux, Panorama, Laboratoire central des industries \u00e9lectriques (LCIE), ilot Potier-Lombart, Blagis, ex-conservatoire Soubise, Mail Boucicaut.<\/p>\n\n\n\n<p><strong>Dynamisme&nbsp;: <\/strong>il faut insuffler de l\u2019\u00e9nergie pour renouveler notre ville. Avec des mesures cibl\u00e9es dans tous les domaines&nbsp;: commerces, sant\u00e9, culture, sport, liens sociaux<\/p>\n\n\n\n<p><strong>Engagement et transparence<\/strong>&nbsp;: redonner la parole aux Fontenaysiens. Cela passera par des comit\u00e9s d\u2019habitants par quartiers, la transparence de l\u2019action municipale en commen\u00e7ant par celle du conseil, l\u2019utilisation du num\u00e9rique pour informer et faire voter les citoyens. Cela permettra une r\u00e9activit\u00e9 que le conseil municipal classique ne propose pas, cr\u00e9ant un lien direct et permanent.<\/p>\n\n\n\n<p>L\u2019actuel projet de g\u00e9othermie sera enti\u00e8rement revu, les solutions alternatives \u00e9tudi\u00e9es et les citoyens seront impliqu\u00e9s dans le choix final. La remise \u00e0 plat de ce projet n&rsquo;est pas une opposition \u00e0 l&rsquo;\u00e9cologie, mais une exigence de transparence financi\u00e8re et d&rsquo;efficacit\u00e9 \u00e9nerg\u00e9tique r\u00e9elle pour les usagers.<\/p>\n\n\n\n<h2 class=\"wp-block-heading\">Points particuliers<\/h2>\n\n\n\n<p><strong>La Gazette<\/strong><em>&nbsp;: L\u2019\u00e9tat g\u00e9n\u00e9ral des Finances publiques fran\u00e7aises risque de conduire \u00e0 une diminution des ressources des municipalit\u00e9s dans un futur proche. Qu\u2019allez-vous faire&nbsp;?<\/em><\/p>\n\n\n\n<p>Il s\u2019agira d\u2019\u00e9conomiser sur l\u2019existant, revoir les subventions distribu\u00e9es et faire la chasse aux subventions pour financer nos actions. Des millions d&rsquo;euros de la R\u00e9gion ou de l&rsquo;\u00c9tat ne sont pas sollicit\u00e9s par manque d&rsquo;ing\u00e9nierie administrative. Nous r\u00e9pondrons aussi aux appels \u00e0 projets qui permettent des financements avec une \u00e9quipe d\u00e9di\u00e9e pour le faire.<\/p>\n\n\n\n<p><strong>La Gazette<\/strong><em> : Le PCAET de VSGP a pr\u00e9vu de nombreuses mesures, mais sa r\u00e9alisation d\u00e9pend en grande partie des municipalit\u00e9s. Dans le domaine des \u00e9missions de gaz \u00e0 effet de serre (GES), la priorit\u00e9 pour une municipalit\u00e9 est de diminuer ses propres \u00e9missions, par exemple en am\u00e9liorant l\u2019isolation des b\u00e2timents publics.<\/em><\/p>\n\n\n\n<p>Le PCAET est un bon outil strat\u00e9gique. La municipalit\u00e9 doit \u00eatre exemplaire en r\u00e9duisant ses propres \u00e9missions, notamment par l&rsquo;isolation des b\u00e2timents publics. Nous d\u00e9ploierons des mesures concr\u00e8tes : passage aux LED, cr\u00e9ation d&rsquo;\u00eelots de fra\u00eecheur dans les \u00e9coles et recherche d&rsquo;efficacit\u00e9 \u00e9nerg\u00e9tique partout o\u00f9 la ville a la main.<\/p>\n\n\n\n<p><strong>La Gazette<\/strong>&nbsp;<em>: Les conseillers territoriaux (pour VSGP) sont \u00e9lus en m\u00eame temps que les conseillers municipaux. Quel avenir pour VSGP et quel partenariat de la ville avec cette intercommunalit\u00e9&nbsp;?<\/em><\/p>\n\n\n\n<p>En \u00e9tant \u00e9lu au conseil territorial, j\u2019ai appris \u00e0 connaitre le territoire et j\u2019ai une id\u00e9e tr\u00e8s positive de son r\u00f4le. Il est par exemple tr\u00e8s efficace sur la gestion des d\u00e9chets&nbsp;: Sytcom pour les ordures m\u00e9nag\u00e8res, tri, gestion des encombrants, etc. Mais je ne souhaite pas aller plus loin dans la d\u00e9l\u00e9gation des comp\u00e9tences de la Ville \u00e0 VSGP. La Ville a besoin d\u2019\u00eatre en responsabilit\u00e9 sur son territoire.<\/p>\n\n\n\n<p><strong>La Gazette<\/strong><em>&nbsp;: <\/em><em>Quelle position pour un \u00e9ventuel deuxi\u00e8me tour&nbsp;?<\/em><\/p>\n\n\n\n<p>Il est trop t\u00f4t pour se prononcer. Nous attendrons de voir les r\u00e9sultats du premier tour avant de prendre une d\u00e9cision.<\/p>\n\n\n\n<hr class=\"wp-block-separator has-alpha-channel-opacity\"\/>\n\n\n\n<h2 class=\"wp-block-heading\">A lire sur la Gazette<\/h2>\n\n\n\n<ul class=\"wp-block-list\">\n<li><a href=\"https:\/\/sceaux-lagazette.fr\/index.php\/2026\/01\/15\/municipales-a-fontenay-aux-roses\/\">Municipales \u00e0 Fontenay-aux-Roses<\/a><\/li>\n\n\n\n<li><a href=\"https:\/\/sceaux-lagazette.fr\/index.php\/2026\/01\/28\/lelan-citoyen-pour-fontenay-avec-gilles-mergy\/\">L\u2019\u00e9lan citoyen pour Fontenay&nbsp;! Avec Gilles Mergy<\/a><\/li>\n\n\n\n<li><a href=\"https:\/\/sceaux-lagazette.fr\/index.php\/2026\/02\/09\/mieux-vivre-fontenay-avec-pauline-le-fur\/\">Mieux vivre Fontenay avec Pauline Le Fur<\/a><\/li>\n\n\n\n<li><a href=\"https:\/\/sceaux-lagazette.fr\/index.php\/2026\/02\/18\/fontenay-au-coeur-avec-laurent-vastel\/\">Fontenay au c\u0153ur avec Laurent Vastel<\/a><\/li>\n\n\n\n<li><a href=\"https:\/\/sceaux-lagazette.fr\/index.php\/2026\/03\/06\/pour-fontenay-liste-associative-ecologique-citoyenne-avec-michel-faye\/\">Pour Fontenay, liste associative, \u00e9cologique, citoyenne avec Michel Faye<\/a><\/li>\n\n\n\n<li><a href=\"https:\/\/sceaux-lagazette.fr\/index.php\/2026\/01\/26\/suivre-les-municipales-articles-par-liste\/\">Suivre les municipales : articles par liste<\/a><\/li>\n\n\n\n<li><a href=\"https:\/\/sceaux-lagazette.fr\/index.php\/2026\/01\/30\/carnets-de-campagnes-municipales-janvier-2026-1\/\">Carnets de campagnes municipales. Janvier 2026. 1<\/a><\/li>\n\n\n\n<li><a href=\"https:\/\/sceaux-lagazette.fr\/index.php\/2026\/02\/28\/listes-definitives-et-carnets-de-campagne\/\">Listes d\u00e9finitives et carnets de campagne<\/a><\/li>\n\n\n\n<li><a href=\"https:\/\/sceaux-lagazette.fr\/index.php\/2025\/10\/16\/regles-pour-les-elections-municipales-de-2026\/\">R\u00e8gles pour les \u00e9lections municipales de 2026<\/a><\/li>\n<\/ul>\n\n\n\n<p><\/p>\n","protected":false},"excerpt":{"rendered":"<p>Philippe Ribatto, qui avait d\u00e9j\u00e0 pr\u00e9sent\u00e9 une liste en 2014, pr\u00e9sente cette fois une liste pour une alternative de droite \u00e0 Fontenay-aux-Roses. &nbsp;La Gazette&nbsp;: Pouvez-vous vous pr\u00e9senter ainsi que votre liste&nbsp;? J\u2019ai 61 ans, d\u00e8s 11 ans j\u2019ai \u00e9t\u00e9 scout \u00e0 Fontenay-aux-Roses, pr\u00e9sident de la section locale de l\u2019Union Nationale&#8230;<\/p>\n","protected":false},"author":11,"featured_media":45535,"comment_status":"open","ping_status":"open","sticky":false,"template":"","format":"standard","meta":{"om_disable_all_campaigns":false,"_monsterinsights_skip_tracking":false,"_monsterinsights_sitenote_active":false,"_monsterinsights_sitenote_note":"","_monsterinsights_sitenote_category":0,"_uf_show_specific_survey":0,"_uf_disable_surveys":false,"footnotes":""},"categories":[264,270,246],"tags":[],"class_list":["post-45532","post","type-post","status-publish","format-standard","has-post-thumbnail","hentry","category-fontenay-aux-roses","category-projets-politiques","category-vie-publique","entry","simple"],"yoast_head":"<!-- This site is optimized with the Yoast SEO plugin v25.6 - https:\/\/yoast.com\/wordpress\/plugins\/seo\/ -->\n<title>Rassembler pour Fontenay, avec Philippe Ribatto - La Gazette<\/title>\n<meta name=\"robots\" content=\"index, follow, max-snippet:-1, max-image-preview:large, max-video-preview:-1\" \/>\n<link rel=\"canonical\" href=\"https:\/\/sceaux-lagazette.fr\/index.php\/2026\/03\/12\/rassemblement-pour-fontenay-avec-philippe-ribatto\/\" \/>\n<meta property=\"og:locale\" content=\"fr_FR\" \/>\n<meta property=\"og:type\" content=\"article\" \/>\n<meta property=\"og:title\" content=\"Rassembler pour Fontenay, avec Philippe Ribatto - La Gazette\" \/>\n<meta property=\"og:description\" content=\"Philippe Ribatto, qui avait d\u00e9j\u00e0 pr\u00e9sent\u00e9 une liste en 2014, pr\u00e9sente cette fois une liste pour une alternative de droite \u00e0 Fontenay-aux-Roses. &nbsp;La Gazette&nbsp;: Pouvez-vous vous pr\u00e9senter ainsi que votre liste&nbsp;? J\u2019ai 61 ans, d\u00e8s 11 ans j\u2019ai \u00e9t\u00e9 scout \u00e0 Fontenay-aux-Roses, pr\u00e9sident de la section locale de l\u2019Union Nationale&#8230;\" \/>\n<meta property=\"og:url\" content=\"https:\/\/sceaux-lagazette.fr\/index.php\/2026\/03\/12\/rassemblement-pour-fontenay-avec-philippe-ribatto\/\" \/>\n<meta property=\"og:site_name\" content=\"La Gazette\" \/>\n<meta property=\"article:published_time\" content=\"2026-03-12T07:28:36+00:00\" \/>\n<meta property=\"article:modified_time\" content=\"2026-03-12T08:37:59+00:00\" \/>\n<meta property=\"og:image\" content=\"https:\/\/sceaux-lagazette.fr\/wp-content\/uploads\/2026\/03\/Medaillon-Ribatto-FAR-2026.jpg\" \/>\n\t<meta property=\"og:image:width\" content=\"1006\" \/>\n\t<meta property=\"og:image:height\" content=\"450\" \/>\n\t<meta property=\"og:image:type\" content=\"image\/jpeg\" \/>\n<meta name=\"author\" content=\"G\u00e9rard Bardier\" \/>\n<meta name=\"twitter:card\" content=\"summary_large_image\" \/>\n<meta name=\"twitter:label1\" content=\"\u00c9crit par\" \/>\n\t<meta name=\"twitter:data1\" content=\"G\u00e9rard Bardier\" \/>\n\t<meta name=\"twitter:label2\" content=\"Dur\u00e9e de lecture estim\u00e9e\" \/>\n\t<meta name=\"twitter:data2\" content=\"6 minutes\" \/>\n<script type=\"application\/ld+json\" class=\"yoast-schema-graph\">{\"@context\":\"https:\/\/schema.org\",\"@graph\":[{\"@type\":\"Article\",\"@id\":\"https:\/\/sceaux-lagazette.fr\/index.php\/2026\/03\/12\/rassemblement-pour-fontenay-avec-philippe-ribatto\/#article\",\"isPartOf\":{\"@id\":\"https:\/\/sceaux-lagazette.fr\/index.php\/2026\/03\/12\/rassemblement-pour-fontenay-avec-philippe-ribatto\/\"},\"author\":{\"name\":\"G\u00e9rard Bardier\",\"@id\":\"https:\/\/sceaux-lagazette.fr\/#\/schema\/person\/5650e206a121f68c6f5e76379bccfbc4\"},\"headline\":\"Rassembler pour Fontenay, avec Philippe Ribatto\",\"datePublished\":\"2026-03-12T07:28:36+00:00\",\"dateModified\":\"2026-03-12T08:37:59+00:00\",\"mainEntityOfPage\":{\"@id\":\"https:\/\/sceaux-lagazette.fr\/index.php\/2026\/03\/12\/rassemblement-pour-fontenay-avec-philippe-ribatto\/\"},\"wordCount\":1068,\"commentCount\":2,\"publisher\":{\"@id\":\"https:\/\/sceaux-lagazette.fr\/#organization\"},\"image\":{\"@id\":\"https:\/\/sceaux-lagazette.fr\/index.php\/2026\/03\/12\/rassemblement-pour-fontenay-avec-philippe-ribatto\/#primaryimage\"},\"thumbnailUrl\":\"https:\/\/sceaux-lagazette.fr\/wp-content\/uploads\/2026\/03\/Medaillon-Ribatto-FAR-2026.jpg\",\"articleSection\":[\"Fontenay-aux-Roses\",\"projets politiques\",\"Vie publique\"],\"inLanguage\":\"fr-FR\",\"potentialAction\":[{\"@type\":\"CommentAction\",\"name\":\"Comment\",\"target\":[\"https:\/\/sceaux-lagazette.fr\/index.php\/2026\/03\/12\/rassemblement-pour-fontenay-avec-philippe-ribatto\/#respond\"]}]},{\"@type\":\"WebPage\",\"@id\":\"https:\/\/sceaux-lagazette.fr\/index.php\/2026\/03\/12\/rassemblement-pour-fontenay-avec-philippe-ribatto\/\",\"url\":\"https:\/\/sceaux-lagazette.fr\/index.php\/2026\/03\/12\/rassemblement-pour-fontenay-avec-philippe-ribatto\/\",\"name\":\"Rassembler pour Fontenay, avec Philippe Ribatto - La Gazette\",\"isPartOf\":{\"@id\":\"https:\/\/sceaux-lagazette.fr\/#website\"},\"primaryImageOfPage\":{\"@id\":\"https:\/\/sceaux-lagazette.fr\/index.php\/2026\/03\/12\/rassemblement-pour-fontenay-avec-philippe-ribatto\/#primaryimage\"},\"image\":{\"@id\":\"https:\/\/sceaux-lagazette.fr\/index.php\/2026\/03\/12\/rassemblement-pour-fontenay-avec-philippe-ribatto\/#primaryimage\"},\"thumbnailUrl\":\"https:\/\/sceaux-lagazette.fr\/wp-content\/uploads\/2026\/03\/Medaillon-Ribatto-FAR-2026.jpg\",\"datePublished\":\"2026-03-12T07:28:36+00:00\",\"dateModified\":\"2026-03-12T08:37:59+00:00\",\"breadcrumb\":{\"@id\":\"https:\/\/sceaux-lagazette.fr\/index.php\/2026\/03\/12\/rassemblement-pour-fontenay-avec-philippe-ribatto\/#breadcrumb\"},\"inLanguage\":\"fr-FR\",\"potentialAction\":[{\"@type\":\"ReadAction\",\"target\":[\"https:\/\/sceaux-lagazette.fr\/index.php\/2026\/03\/12\/rassemblement-pour-fontenay-avec-philippe-ribatto\/\"]}]},{\"@type\":\"ImageObject\",\"inLanguage\":\"fr-FR\",\"@id\":\"https:\/\/sceaux-lagazette.fr\/index.php\/2026\/03\/12\/rassemblement-pour-fontenay-avec-philippe-ribatto\/#primaryimage\",\"url\":\"https:\/\/sceaux-lagazette.fr\/wp-content\/uploads\/2026\/03\/Medaillon-Ribatto-FAR-2026.jpg\",\"contentUrl\":\"https:\/\/sceaux-lagazette.fr\/wp-content\/uploads\/2026\/03\/Medaillon-Ribatto-FAR-2026.jpg\",\"width\":1006,\"height\":450},{\"@type\":\"BreadcrumbList\",\"@id\":\"https:\/\/sceaux-lagazette.fr\/index.php\/2026\/03\/12\/rassemblement-pour-fontenay-avec-philippe-ribatto\/#breadcrumb\",\"itemListElement\":[{\"@type\":\"ListItem\",\"position\":1,\"name\":\"Accueil\",\"item\":\"https:\/\/sceaux-lagazette.fr\/\"},{\"@type\":\"ListItem\",\"position\":2,\"name\":\"Rassembler pour Fontenay, avec Philippe Ribatto\"}]},{\"@type\":\"WebSite\",\"@id\":\"https:\/\/sceaux-lagazette.fr\/#website\",\"url\":\"https:\/\/sceaux-lagazette.fr\/\",\"name\":\"La Gazette\",\"description\":\"Bourg-la-Reine, Ch\u00e2tenay, Fontenay, Sceaux\",\"publisher\":{\"@id\":\"https:\/\/sceaux-lagazette.fr\/#organization\"},\"potentialAction\":[{\"@type\":\"SearchAction\",\"target\":{\"@type\":\"EntryPoint\",\"urlTemplate\":\"https:\/\/sceaux-lagazette.fr\/?s={search_term_string}\"},\"query-input\":{\"@type\":\"PropertyValueSpecification\",\"valueRequired\":true,\"valueName\":\"search_term_string\"}}],\"inLanguage\":\"fr-FR\"},{\"@type\":\"Organization\",\"@id\":\"https:\/\/sceaux-lagazette.fr\/#organization\",\"name\":\"La Gazette\",\"url\":\"https:\/\/sceaux-lagazette.fr\/\",\"logo\":{\"@type\":\"ImageObject\",\"inLanguage\":\"fr-FR\",\"@id\":\"https:\/\/sceaux-lagazette.fr\/#\/schema\/logo\/image\/\",\"url\":\"https:\/\/sceaux-lagazette.fr\/wp-content\/uploads\/2025\/08\/Logo-Gazette-Aout-2025-V3.jpg\",\"contentUrl\":\"https:\/\/sceaux-lagazette.fr\/wp-content\/uploads\/2025\/08\/Logo-Gazette-Aout-2025-V3.jpg\",\"width\":525,\"height\":130,\"caption\":\"La Gazette\"},\"image\":{\"@id\":\"https:\/\/sceaux-lagazette.fr\/#\/schema\/logo\/image\/\"}},{\"@type\":\"Person\",\"@id\":\"https:\/\/sceaux-lagazette.fr\/#\/schema\/person\/5650e206a121f68c6f5e76379bccfbc4\",\"name\":\"G\u00e9rard Bardier\",\"image\":{\"@type\":\"ImageObject\",\"inLanguage\":\"fr-FR\",\"@id\":\"https:\/\/sceaux-lagazette.fr\/#\/schema\/person\/image\/\",\"url\":\"https:\/\/secure.gravatar.com\/avatar\/5cf4391ef9dbc0367750202561279a29?s=96&r=g\",\"contentUrl\":\"https:\/\/secure.gravatar.com\/avatar\/5cf4391ef9dbc0367750202561279a29?s=96&r=g\",\"caption\":\"G\u00e9rard Bardier\"},\"url\":\"https:\/\/sceaux-lagazette.fr\/index.php\/author\/gb\/\"}]}<\/script>\n<!-- \/ Yoast SEO plugin. -->","yoast_head_json":{"title":"Rassembler pour Fontenay, avec Philippe Ribatto - La Gazette","robots":{"index":"index","follow":"follow","max-snippet":"max-snippet:-1","max-image-preview":"max-image-preview:large","max-video-preview":"max-video-preview:-1"},"canonical":"https:\/\/sceaux-lagazette.fr\/index.php\/2026\/03\/12\/rassemblement-pour-fontenay-avec-philippe-ribatto\/","og_locale":"fr_FR","og_type":"article","og_title":"Rassembler pour Fontenay, avec Philippe Ribatto - La Gazette","og_description":"Philippe Ribatto, qui avait d\u00e9j\u00e0 pr\u00e9sent\u00e9 une liste en 2014, pr\u00e9sente cette fois une liste pour une alternative de droite \u00e0 Fontenay-aux-Roses. &nbsp;La Gazette&nbsp;: Pouvez-vous vous pr\u00e9senter ainsi que votre liste&nbsp;? J\u2019ai 61 ans, d\u00e8s 11 ans j\u2019ai \u00e9t\u00e9 scout \u00e0 Fontenay-aux-Roses, pr\u00e9sident de la section locale de l\u2019Union Nationale&#8230;","og_url":"https:\/\/sceaux-lagazette.fr\/index.php\/2026\/03\/12\/rassemblement-pour-fontenay-avec-philippe-ribatto\/","og_site_name":"La Gazette","article_published_time":"2026-03-12T07:28:36+00:00","article_modified_time":"2026-03-12T08:37:59+00:00","og_image":[{"width":1006,"height":450,"url":"https:\/\/sceaux-lagazette.fr\/wp-content\/uploads\/2026\/03\/Medaillon-Ribatto-FAR-2026.jpg","type":"image\/jpeg"}],"author":"G\u00e9rard Bardier","twitter_card":"summary_large_image","twitter_misc":{"\u00c9crit par":"G\u00e9rard Bardier","Dur\u00e9e de lecture estim\u00e9e":"6 minutes"},"schema":{"@context":"https:\/\/schema.org","@graph":[{"@type":"Article","@id":"https:\/\/sceaux-lagazette.fr\/index.php\/2026\/03\/12\/rassemblement-pour-fontenay-avec-philippe-ribatto\/#article","isPartOf":{"@id":"https:\/\/sceaux-lagazette.fr\/index.php\/2026\/03\/12\/rassemblement-pour-fontenay-avec-philippe-ribatto\/"},"author":{"name":"G\u00e9rard Bardier","@id":"https:\/\/sceaux-lagazette.fr\/#\/schema\/person\/5650e206a121f68c6f5e76379bccfbc4"},"headline":"Rassembler pour Fontenay, avec Philippe Ribatto","datePublished":"2026-03-12T07:28:36+00:00","dateModified":"2026-03-12T08:37:59+00:00","mainEntityOfPage":{"@id":"https:\/\/sceaux-lagazette.fr\/index.php\/2026\/03\/12\/rassemblement-pour-fontenay-avec-philippe-ribatto\/"},"wordCount":1068,"commentCount":2,"publisher":{"@id":"https:\/\/sceaux-lagazette.fr\/#organization"},"image":{"@id":"https:\/\/sceaux-lagazette.fr\/index.php\/2026\/03\/12\/rassemblement-pour-fontenay-avec-philippe-ribatto\/#primaryimage"},"thumbnailUrl":"https:\/\/sceaux-lagazette.fr\/wp-content\/uploads\/2026\/03\/Medaillon-Ribatto-FAR-2026.jpg","articleSection":["Fontenay-aux-Roses","projets politiques","Vie publique"],"inLanguage":"fr-FR","potentialAction":[{"@type":"CommentAction","name":"Comment","target":["https:\/\/sceaux-lagazette.fr\/index.php\/2026\/03\/12\/rassemblement-pour-fontenay-avec-philippe-ribatto\/#respond"]}]},{"@type":"WebPage","@id":"https:\/\/sceaux-lagazette.fr\/index.php\/2026\/03\/12\/rassemblement-pour-fontenay-avec-philippe-ribatto\/","url":"https:\/\/sceaux-lagazette.fr\/index.php\/2026\/03\/12\/rassemblement-pour-fontenay-avec-philippe-ribatto\/","name":"Rassembler pour Fontenay, avec Philippe Ribatto - La Gazette","isPartOf":{"@id":"https:\/\/sceaux-lagazette.fr\/#website"},"primaryImageOfPage":{"@id":"https:\/\/sceaux-lagazette.fr\/index.php\/2026\/03\/12\/rassemblement-pour-fontenay-avec-philippe-ribatto\/#primaryimage"},"image":{"@id":"https:\/\/sceaux-lagazette.fr\/index.php\/2026\/03\/12\/rassemblement-pour-fontenay-avec-philippe-ribatto\/#primaryimage"},"thumbnailUrl":"https:\/\/sceaux-lagazette.fr\/wp-content\/uploads\/2026\/03\/Medaillon-Ribatto-FAR-2026.jpg","datePublished":"2026-03-12T07:28:36+00:00","dateModified":"2026-03-12T08:37:59+00:00","breadcrumb":{"@id":"https:\/\/sceaux-lagazette.fr\/index.php\/2026\/03\/12\/rassemblement-pour-fontenay-avec-philippe-ribatto\/#breadcrumb"},"inLanguage":"fr-FR","potentialAction":[{"@type":"ReadAction","target":["https:\/\/sceaux-lagazette.fr\/index.php\/2026\/03\/12\/rassemblement-pour-fontenay-avec-philippe-ribatto\/"]}]},{"@type":"ImageObject","inLanguage":"fr-FR","@id":"https:\/\/sceaux-lagazette.fr\/index.php\/2026\/03\/12\/rassemblement-pour-fontenay-avec-philippe-ribatto\/#primaryimage","url":"https:\/\/sceaux-lagazette.fr\/wp-content\/uploads\/2026\/03\/Medaillon-Ribatto-FAR-2026.jpg","contentUrl":"https:\/\/sceaux-lagazette.fr\/wp-content\/uploads\/2026\/03\/Medaillon-Ribatto-FAR-2026.jpg","width":1006,"height":450},{"@type":"BreadcrumbList","@id":"https:\/\/sceaux-lagazette.fr\/index.php\/2026\/03\/12\/rassemblement-pour-fontenay-avec-philippe-ribatto\/#breadcrumb","itemListElement":[{"@type":"ListItem","position":1,"name":"Accueil","item":"https:\/\/sceaux-lagazette.fr\/"},{"@type":"ListItem","position":2,"name":"Rassembler pour Fontenay, avec Philippe Ribatto"}]},{"@type":"WebSite","@id":"https:\/\/sceaux-lagazette.fr\/#website","url":"https:\/\/sceaux-lagazette.fr\/","name":"La Gazette","description":"Bourg-la-Reine, Ch\u00e2tenay, Fontenay, Sceaux","publisher":{"@id":"https:\/\/sceaux-lagazette.fr\/#organization"},"potentialAction":[{"@type":"SearchAction","target":{"@type":"EntryPoint","urlTemplate":"https:\/\/sceaux-lagazette.fr\/?s={search_term_string}"},"query-input":{"@type":"PropertyValueSpecification","valueRequired":true,"valueName":"search_term_string"}}],"inLanguage":"fr-FR"},{"@type":"Organization","@id":"https:\/\/sceaux-lagazette.fr\/#organization","name":"La Gazette","url":"https:\/\/sceaux-lagazette.fr\/","logo":{"@type":"ImageObject","inLanguage":"fr-FR","@id":"https:\/\/sceaux-lagazette.fr\/#\/schema\/logo\/image\/","url":"https:\/\/sceaux-lagazette.fr\/wp-content\/uploads\/2025\/08\/Logo-Gazette-Aout-2025-V3.jpg","contentUrl":"https:\/\/sceaux-lagazette.fr\/wp-content\/uploads\/2025\/08\/Logo-Gazette-Aout-2025-V3.jpg","width":525,"height":130,"caption":"La Gazette"},"image":{"@id":"https:\/\/sceaux-lagazette.fr\/#\/schema\/logo\/image\/"}},{"@type":"Person","@id":"https:\/\/sceaux-lagazette.fr\/#\/schema\/person\/5650e206a121f68c6f5e76379bccfbc4","name":"G\u00e9rard Bardier","image":{"@type":"ImageObject","inLanguage":"fr-FR","@id":"https:\/\/sceaux-lagazette.fr\/#\/schema\/person\/image\/","url":"https:\/\/secure.gravatar.com\/avatar\/5cf4391ef9dbc0367750202561279a29?s=96&r=g","contentUrl":"https:\/\/secure.gravatar.com\/avatar\/5cf4391ef9dbc0367750202561279a29?s=96&r=g","caption":"G\u00e9rard Bardier"},"url":"https:\/\/sceaux-lagazette.fr\/index.php\/author\/gb\/"}]}},"cc_featured_image_caption":{"caption_text":"","source_text":"","source_url":""},"_links":{"self":[{"href":"https:\/\/sceaux-lagazette.fr\/index.php\/wp-json\/wp\/v2\/posts\/45532"}],"collection":[{"href":"https:\/\/sceaux-lagazette.fr\/index.php\/wp-json\/wp\/v2\/posts"}],"about":[{"href":"https:\/\/sceaux-lagazette.fr\/index.php\/wp-json\/wp\/v2\/types\/post"}],"author":[{"embeddable":true,"href":"https:\/\/sceaux-lagazette.fr\/index.php\/wp-json\/wp\/v2\/users\/11"}],"replies":[{"embeddable":true,"href":"https:\/\/sceaux-lagazette.fr\/index.php\/wp-json\/wp\/v2\/comments?post=45532"}],"version-history":[{"count":5,"href":"https:\/\/sceaux-lagazette.fr\/index.php\/wp-json\/wp\/v2\/posts\/45532\/revisions"}],"predecessor-version":[{"id":45567,"href":"https:\/\/sceaux-lagazette.fr\/index.php\/wp-json\/wp\/v2\/posts\/45532\/revisions\/45567"}],"wp:featuredmedia":[{"embeddable":true,"href":"https:\/\/sceaux-lagazette.fr\/index.php\/wp-json\/wp\/v2\/media\/45535"}],"wp:attachment":[{"href":"https:\/\/sceaux-lagazette.fr\/index.php\/wp-json\/wp\/v2\/media?parent=45532"}],"wp:term":[{"taxonomy":"category","embeddable":true,"href":"https:\/\/sceaux-lagazette.fr\/index.php\/wp-json\/wp\/v2\/categories?post=45532"},{"taxonomy":"post_tag","embeddable":true,"href":"https:\/\/sceaux-lagazette.fr\/index.php\/wp-json\/wp\/v2\/tags?post=45532"}],"curies":[{"name":"wp","href":"https:\/\/api.w.org\/{rel}","templated":true}]}}