{"id":45521,"date":"2026-03-11T08:20:14","date_gmt":"2026-03-11T07:20:14","guid":{"rendered":"https:\/\/sceaux-lagazette.fr\/?p=45521"},"modified":"2026-03-12T09:23:15","modified_gmt":"2026-03-12T08:23:15","slug":"on-est-si-bien-ensemble-a-chatenay-malabry-avec-carl-segaud","status":"publish","type":"post","link":"https:\/\/sceaux-lagazette.fr\/index.php\/2026\/03\/11\/on-est-si-bien-ensemble-a-chatenay-malabry-avec-carl-segaud\/","title":{"rendered":"On est si bien ensemble \u00e0 Ch\u00e2tenay-Malabry, avec Carl Segaud"},"content":{"rendered":"\n<p>Le maire de Ch\u00e2tenay-Malabry sollicite un nouveau mandat et conduit la liste <em>On est si bien ensemble \u00e0 Ch\u00e2tenay-Malabry<\/em>. La Gazette l\u2019a rencontr\u00e9.<\/p>\n\n\n\n<p><strong>La Gazette<\/strong>&nbsp;: <em>Pouvez-vous vous pr\u00e9senter ainsi que votre liste&nbsp;?<\/em><\/p>\n\n\n\n<p>Je suis au service de cette ville depuis 2001 aupr\u00e8s de Georges Siffredi, comme chef de cabinet, puis directeur de cabinet, adjoint au maire, puis depuis 2020 Maire de Ch\u00e2tenay-Malabry.&nbsp;C\u2019est donc une longue histoire avec les Ch\u00e2tenaisiens&nbsp;! J\u2019ai \u00e9t\u00e9 associ\u00e9 \u00e0 toutes les grandes d\u00e9cisions, ce qui m\u2019a permis de bien connaitre les dossiers quand je suis devenu maire. Cette mission est un plaisir pour moi.<\/p>\n\n\n\n<p>L\u2019\u00e9quipe qui m\u2019accompagne est constitu\u00e9e de femmes et d\u2019hommes venus d\u2019horizons divers et repr\u00e9sentative de tous les quartiers et de toutes les g\u00e9n\u00e9rations.<\/p>\n\n\n\n<h2 class=\"wp-block-heading\">Bilan<\/h2>\n\n\n\n<p><strong>La Gazette<\/strong>&nbsp;: <em>Quel est votre bilan du mandat qui se termine&nbsp;?<\/em><\/p>\n\n\n\n<p>Nous avons tenu tous nos engagements pris en 2020. Nous avons m\u00eame conduit des projets que nous ne pouvions pas pr\u00e9senter comme s\u00fbrs d\u2019\u00eatre men\u00e9s \u00e0 terme en 2020. Trois exemples&nbsp;: la g\u00e9othermie, l\u2019ouverture au public du parc de la Roseraie, ou encore l\u2019Arbre des naissances.<\/p>\n\n\n\n<p>Tous les ans depuis 2020, nous plantons un arbre, d\u2019une esp\u00e8ce choisie pour sa longue vie. Sur place, une cr\u00e9ation artistique porte le pr\u00e9nom des nouveau-n\u00e9s de l\u2019ann\u00e9e pr\u00e9c\u00e9dente. Celui-ci donne lieu \u00e0 une grande f\u00eate. C\u2019est une mani\u00e8re pour les familles de s\u2019enraciner dans la ville, d\u2019\u00eatre mises en relation avec les autres familles qu\u2019elles croiseront plus tard \u00e0 la maternelle puis \u00e0 l\u2019\u00e9cole. Les lieux de plantation sont nouveaux \u00e0 chaque fois, en lien avec les projets en cours&nbsp;: Place de l\u2019Enfance, Cit\u00e9 jardin, LaVall\u00e9e\u2026Truffaut est m\u00e9c\u00e8ne de ce projet (notamment pour les arbres).<\/p>\n\n\n\n<h2 class=\"wp-block-heading\">Programme<\/h2>\n\n\n\n<p><strong>La Gazette<\/strong>&nbsp;<em>: Que proposez-vous aux Ch\u00e2tenaisiens&nbsp;?<\/em><\/p>\n\n\n\n<p>C\u2019est un projet dense, dont on trouvera tous les d\u00e9tails sur <a href=\"https:\/\/carl-segaud.fr\/\">notre site de campagne<\/a>. Mais prenons quelques exemples structurants pour le futur de Ch\u00e2tenay-Malabry et de ses habitants.<\/p>\n\n\n\n<p>D\u2019abord les investissements importants&nbsp;: deux nouvelles \u00e9coles, deux nouvelles cr\u00e8ches, la poursuite du programme de vid\u00e9oprotection, la cr\u00e9ation d\u2019une brigade verte et le passage de la limitation de vitesse \u00e0 30km\/h dans la ville.<\/p>\n\n\n\n<p>Ensuite les projets de transports, ont un impact fort sur la ville. Le prolongement du T10 jusqu\u2019\u00e0 la ligne 15 (du c\u00f4t\u00e9 de Clamart) devrait \u00eatre en service \u00e0 la fin du mandat. Le nombre de voyageurs les jours les plus charg\u00e9s devrait passer de 30.000 \u00e0 75.000, avec des rames suppl\u00e9mentaires. La capacit\u00e9 du centre de maintenance a \u00e9t\u00e9 con\u00e7ue d\u00e8s le d\u00e9part pour pouvoir accueillir toutes ces rames. Nous nous sommes battus pour le T10 et son prolongement comme nous poursuivrons notre mobilisation pour le prolongement de la ligne 4 du m\u00e9tro jusqu\u2019\u00e0 Ch\u00e2tenay-Malabry, dossier sur lequel nous avons obtenu des avanc\u00e9es significatives au cours du mandat qui s\u2019ach\u00e8ve.<\/p>\n\n\n\n<p>Les \u00e9tudes pour le prolongement de la ligne 4 depuis la station Lucie Aubrac \u00e0 Bagneux jusqu\u2019au T10 ont \u00e9t\u00e9 int\u00e9gr\u00e9es dans le contrat de plan \u00c9tat-R\u00e9gion. C\u2019est un sujet que j\u2019ai plaid\u00e9 longuement aupr\u00e8s de la pr\u00e9sidente de R\u00e9gion, Val\u00e9rie P\u00e9cresse. L\u2019un des enjeux est de permettre \u00e0 toutes les rames du RER B d\u2019aller au-del\u00e0 de Bourg-la-Reine dans la direction de Saint-R\u00e9my-l\u00e8s-Chevreuse.<\/p>\n\n\n\n<p>Citons encore quelques sujets importants pour le quotidien.<\/p>\n\n\n\n<ul class=\"wp-block-list\">\n<li>Des stages anti-noyades pendant les vacances scolaires, pour ceux qui ne souhaitent pas s\u2019inscrire pour une ann\u00e9e de cours \u00e0 la piscine<\/li>\n\n\n\n<li>Des challenges au sein des centres de loisirs&nbsp;: concours d\u2019avion en papier, concours d\u2019\u00e9pouvantails pour Halloween (notre ferme urbaine fournira les citrouilles et exposera les cr\u00e9ations).<\/li>\n\n\n\n<li>Deux nouveaux clubs pour tisser des liens&nbsp;: un club <em>Poussette<\/em> pour les jeunes parents et un club <em>Maman solo<\/em> pour les m\u00e8res c\u00e9libataires.<\/li>\n<\/ul>\n\n\n\n<h2 class=\"wp-block-heading\">Points particuliers<\/h2>\n\n\n\n<p><strong><em>La Gazette<\/em><\/strong><em>&nbsp;: L\u2019\u00e9tat g\u00e9n\u00e9ral des Finances publiques fran\u00e7aises risque de conduire \u00e0 une diminution des ressources des municipalit\u00e9s dans un futur proche. Qu\u2019allez-vous faire&nbsp;?<\/em><\/p>\n\n\n\n<p>Nous sommes tr\u00e8s vigilants sur la trajectoire financi\u00e8re de la commune. Depuis 14 ans, nous n\u2019avons pas augment\u00e9 les imp\u00f4ts. Depuis 10 ans, nous n\u2019avons pas augment\u00e9 les tarifs des services. Depuis 11 ans, nous n\u2019avons pas emprunt\u00e9.<\/p>\n\n\n\n<p>Il est vrai que les perspectives ne sont pas favorables.&nbsp; On l\u2019a d\u00e9j\u00e0 vu dans le pass\u00e9, quand l\u2019Etat est en d\u00e9ficit chronique, cela a un impact sur les collectivit\u00e9s locales.<\/p>\n\n\n\n<p>Nous avons des projets suffisamment pertinents pour pouvoir b\u00e9n\u00e9ficier des financements possibles de la r\u00e9gion, du d\u00e9partement, de la M\u00e9tropole ou de VSGP.<\/p>\n\n\n\n<p><strong><em>La Gazette<\/em><\/strong><em>&nbsp;: Le PCAET de VSGP a pr\u00e9vu de nombreuses mesures, mais sa r\u00e9alisation d\u00e9pend en grande partie des municipalit\u00e9s. Dans le domaine des \u00e9missions de gaz \u00e0 effet de serre (GES), la priorit\u00e9 pour une municipalit\u00e9 est de diminuer ses propres \u00e9missions, par exemple en am\u00e9liorant l\u2019isolation des b\u00e2timents publics.<\/em> <em>Quels sont vos projets&nbsp;?<\/em><\/p>\n\n\n\n<p>Cette dimension est prise en compte depuis longtemps dans nos projets. Par exemple, dans l\u2019\u00e9coquartier de LaVall\u00e9e, on a r\u00e9utilis\u00e9 100% du b\u00e9ton r\u00e9cup\u00e9r\u00e9 sur place. L\u2019\u00e9cole Voltaire est un mod\u00e8le de d\u00e9veloppement durable. Pour la r\u00e9novation de la Cit\u00e9 jardin, nous voulons un bilan carbone neutre. Nous pensons \u00e0 cr\u00e9er des fili\u00e8res de recyclage de mat\u00e9riaux, par exemple pour le polystyr\u00e8ne.<\/p>\n\n\n\n<p>Le r\u00e9seau de g\u00e9othermie sera en service en mai avec deux quartiers pr\u00eats \u00e0 le recevoir&nbsp;: LaVall\u00e9e et la Cit\u00e9 jardin.<\/p>\n\n\n\n<p>Enfin, les travaux d\u2019isolation et de modernisation de nos b\u00e2timents municipaux engag\u00e9s sur cette mandature ont permis de g\u00e9n\u00e9rer 45% d\u2019\u00e9conomies d\u2019\u00e9nergie. Nous allons continuer en ce sens.<\/p>\n\n\n\n<p><em>Les conseillers territoriaux (pour VSGP) sont \u00e9lus en m\u00eame temps que les conseillers municipaux. Quel avenir pour VSGP et quel partenariat de la ville avec cette intercommunalit\u00e9&nbsp;?<\/em><\/p>\n\n\n\n<p>Ce sont les conseillers de la M\u00e9tropole (les deux premiers de la liste des municipales) qui seront \u00e9lus le 15 mars. Les conseillers territoriaux sont d\u00e9sign\u00e9s par le conseil municipal. C\u2019est avec les \u00e9lus du conseil municipal que l\u2019on r\u00e9fl\u00e9chira \u00e0 d\u2019\u00e9ventuelles \u00e9volutions des comp\u00e9tences transf\u00e9r\u00e9es au Territoire.<\/p>\n\n\n\n<hr class=\"wp-block-separator has-alpha-channel-opacity\"\/>\n\n\n\n<h2 class=\"wp-block-heading\">A lire sur la Gazette<\/h2>\n\n\n\n<ul class=\"wp-block-list\">\n<li><a href=\"https:\/\/sceaux-lagazette.fr\/index.php\/2025\/12\/15\/municipales-2026-a-chatenay-malabry\/\">Municipales 2026 \u00e0 Ch\u00e2tenay-Malabry<\/a><\/li>\n\n\n\n<li><a href=\"https:\/\/sceaux-lagazette.fr\/index.php\/2026\/02\/06\/reinventons-chatenay-malabry-avec-brice-gaillard\/\">R\u00e9inventons Ch\u00e2tenay-Malabry avec Brice Gaillard<\/a><\/li>\n\n\n\n<li><a href=\"https:\/\/sceaux-lagazette.fr\/index.php\/2026\/02\/28\/listes-definitives-et-carnets-de-campagne\/\">Listes d\u00e9finitives et carnets de campagne<\/a><\/li>\n\n\n\n<li><a href=\"https:\/\/sceaux-lagazette.fr\/index.php\/2026\/02\/16\/carnets-de-campagne-premiere-quinzaine-de-fevrier-2026\/\">Carnets de campagne premi\u00e8re quinzaine de f\u00e9vrier 2026<\/a><\/li>\n\n\n\n<li><a href=\"https:\/\/sceaux-lagazette.fr\/index.php\/2025\/10\/16\/regles-pour-les-elections-municipales-de-2026\/\">R\u00e8gles pour les \u00e9lections municipales de 2026<\/a><\/li>\n\n\n\n<li><\/li>\n<\/ul>\n\n\n\n<p><\/p>\n","protected":false},"excerpt":{"rendered":"<p>Le maire de Ch\u00e2tenay-Malabry sollicite un nouveau mandat et conduit la liste On est si bien ensemble \u00e0 Ch\u00e2tenay-Malabry. La Gazette l\u2019a rencontr\u00e9. La Gazette&nbsp;: Pouvez-vous vous pr\u00e9senter ainsi que votre liste&nbsp;? Je suis au service de cette ville depuis 2001 aupr\u00e8s de Georges Siffredi, comme chef de cabinet, puis&#8230;<\/p>\n","protected":false},"author":11,"featured_media":45528,"comment_status":"open","ping_status":"open","sticky":false,"template":"","format":"standard","meta":{"om_disable_all_campaigns":false,"_monsterinsights_skip_tracking":false,"_monsterinsights_sitenote_active":false,"_monsterinsights_sitenote_note":"","_monsterinsights_sitenote_category":0,"_uf_show_specific_survey":0,"_uf_disable_surveys":false,"footnotes":""},"categories":[263,270,246],"tags":[],"class_list":["post-45521","post","type-post","status-publish","format-standard","has-post-thumbnail","hentry","category-chatenay-malabry","category-projets-politiques","category-vie-publique","entry","simple"],"yoast_head":"<!-- This site is optimized with the Yoast SEO plugin v25.6 - https:\/\/yoast.com\/wordpress\/plugins\/seo\/ -->\n<title>On est si bien ensemble \u00e0 Ch\u00e2tenay-Malabry, avec Carl Segaud - La Gazette<\/title>\n<meta name=\"robots\" content=\"index, follow, max-snippet:-1, max-image-preview:large, max-video-preview:-1\" \/>\n<link rel=\"canonical\" href=\"https:\/\/sceaux-lagazette.fr\/index.php\/2026\/03\/11\/on-est-si-bien-ensemble-a-chatenay-malabry-avec-carl-segaud\/\" \/>\n<meta property=\"og:locale\" content=\"fr_FR\" \/>\n<meta property=\"og:type\" content=\"article\" \/>\n<meta property=\"og:title\" content=\"On est si bien ensemble \u00e0 Ch\u00e2tenay-Malabry, avec Carl Segaud - La Gazette\" \/>\n<meta property=\"og:description\" content=\"Le maire de Ch\u00e2tenay-Malabry sollicite un nouveau mandat et conduit la liste On est si bien ensemble \u00e0 Ch\u00e2tenay-Malabry. La Gazette l\u2019a rencontr\u00e9. La Gazette&nbsp;: Pouvez-vous vous pr\u00e9senter ainsi que votre liste&nbsp;? Je suis au service de cette ville depuis 2001 aupr\u00e8s de Georges Siffredi, comme chef de cabinet, puis&#8230;\" \/>\n<meta property=\"og:url\" content=\"https:\/\/sceaux-lagazette.fr\/index.php\/2026\/03\/11\/on-est-si-bien-ensemble-a-chatenay-malabry-avec-carl-segaud\/\" \/>\n<meta property=\"og:site_name\" content=\"La Gazette\" \/>\n<meta property=\"article:published_time\" content=\"2026-03-11T07:20:14+00:00\" \/>\n<meta property=\"article:modified_time\" content=\"2026-03-12T08:23:15+00:00\" \/>\n<meta property=\"og:image\" content=\"https:\/\/sceaux-lagazette.fr\/wp-content\/uploads\/2026\/03\/Medaillon-Carl-Segaud-Mairie-CM.jpg\" \/>\n\t<meta property=\"og:image:width\" content=\"960\" \/>\n\t<meta property=\"og:image:height\" content=\"624\" \/>\n\t<meta property=\"og:image:type\" content=\"image\/jpeg\" \/>\n<meta name=\"author\" content=\"G\u00e9rard Bardier\" \/>\n<meta name=\"twitter:card\" content=\"summary_large_image\" \/>\n<meta name=\"twitter:label1\" content=\"\u00c9crit par\" \/>\n\t<meta name=\"twitter:data1\" content=\"G\u00e9rard Bardier\" \/>\n\t<meta name=\"twitter:label2\" content=\"Dur\u00e9e de lecture estim\u00e9e\" \/>\n\t<meta name=\"twitter:data2\" content=\"6 minutes\" \/>\n<script type=\"application\/ld+json\" class=\"yoast-schema-graph\">{\"@context\":\"https:\/\/schema.org\",\"@graph\":[{\"@type\":\"Article\",\"@id\":\"https:\/\/sceaux-lagazette.fr\/index.php\/2026\/03\/11\/on-est-si-bien-ensemble-a-chatenay-malabry-avec-carl-segaud\/#article\",\"isPartOf\":{\"@id\":\"https:\/\/sceaux-lagazette.fr\/index.php\/2026\/03\/11\/on-est-si-bien-ensemble-a-chatenay-malabry-avec-carl-segaud\/\"},\"author\":{\"name\":\"G\u00e9rard Bardier\",\"@id\":\"https:\/\/sceaux-lagazette.fr\/#\/schema\/person\/5650e206a121f68c6f5e76379bccfbc4\"},\"headline\":\"On est si bien ensemble \u00e0 Ch\u00e2tenay-Malabry, avec Carl Segaud\",\"datePublished\":\"2026-03-11T07:20:14+00:00\",\"dateModified\":\"2026-03-12T08:23:15+00:00\",\"mainEntityOfPage\":{\"@id\":\"https:\/\/sceaux-lagazette.fr\/index.php\/2026\/03\/11\/on-est-si-bien-ensemble-a-chatenay-malabry-avec-carl-segaud\/\"},\"wordCount\":1150,\"commentCount\":2,\"publisher\":{\"@id\":\"https:\/\/sceaux-lagazette.fr\/#organization\"},\"image\":{\"@id\":\"https:\/\/sceaux-lagazette.fr\/index.php\/2026\/03\/11\/on-est-si-bien-ensemble-a-chatenay-malabry-avec-carl-segaud\/#primaryimage\"},\"thumbnailUrl\":\"https:\/\/sceaux-lagazette.fr\/wp-content\/uploads\/2026\/03\/Medaillon-Carl-Segaud-Mairie-CM.jpg\",\"articleSection\":[\"Ch\u00e2tenay-Malabry\",\"projets politiques\",\"Vie publique\"],\"inLanguage\":\"fr-FR\",\"potentialAction\":[{\"@type\":\"CommentAction\",\"name\":\"Comment\",\"target\":[\"https:\/\/sceaux-lagazette.fr\/index.php\/2026\/03\/11\/on-est-si-bien-ensemble-a-chatenay-malabry-avec-carl-segaud\/#respond\"]}]},{\"@type\":\"WebPage\",\"@id\":\"https:\/\/sceaux-lagazette.fr\/index.php\/2026\/03\/11\/on-est-si-bien-ensemble-a-chatenay-malabry-avec-carl-segaud\/\",\"url\":\"https:\/\/sceaux-lagazette.fr\/index.php\/2026\/03\/11\/on-est-si-bien-ensemble-a-chatenay-malabry-avec-carl-segaud\/\",\"name\":\"On est si bien ensemble \u00e0 Ch\u00e2tenay-Malabry, avec Carl Segaud - La Gazette\",\"isPartOf\":{\"@id\":\"https:\/\/sceaux-lagazette.fr\/#website\"},\"primaryImageOfPage\":{\"@id\":\"https:\/\/sceaux-lagazette.fr\/index.php\/2026\/03\/11\/on-est-si-bien-ensemble-a-chatenay-malabry-avec-carl-segaud\/#primaryimage\"},\"image\":{\"@id\":\"https:\/\/sceaux-lagazette.fr\/index.php\/2026\/03\/11\/on-est-si-bien-ensemble-a-chatenay-malabry-avec-carl-segaud\/#primaryimage\"},\"thumbnailUrl\":\"https:\/\/sceaux-lagazette.fr\/wp-content\/uploads\/2026\/03\/Medaillon-Carl-Segaud-Mairie-CM.jpg\",\"datePublished\":\"2026-03-11T07:20:14+00:00\",\"dateModified\":\"2026-03-12T08:23:15+00:00\",\"breadcrumb\":{\"@id\":\"https:\/\/sceaux-lagazette.fr\/index.php\/2026\/03\/11\/on-est-si-bien-ensemble-a-chatenay-malabry-avec-carl-segaud\/#breadcrumb\"},\"inLanguage\":\"fr-FR\",\"potentialAction\":[{\"@type\":\"ReadAction\",\"target\":[\"https:\/\/sceaux-lagazette.fr\/index.php\/2026\/03\/11\/on-est-si-bien-ensemble-a-chatenay-malabry-avec-carl-segaud\/\"]}]},{\"@type\":\"ImageObject\",\"inLanguage\":\"fr-FR\",\"@id\":\"https:\/\/sceaux-lagazette.fr\/index.php\/2026\/03\/11\/on-est-si-bien-ensemble-a-chatenay-malabry-avec-carl-segaud\/#primaryimage\",\"url\":\"https:\/\/sceaux-lagazette.fr\/wp-content\/uploads\/2026\/03\/Medaillon-Carl-Segaud-Mairie-CM.jpg\",\"contentUrl\":\"https:\/\/sceaux-lagazette.fr\/wp-content\/uploads\/2026\/03\/Medaillon-Carl-Segaud-Mairie-CM.jpg\",\"width\":960,\"height\":624},{\"@type\":\"BreadcrumbList\",\"@id\":\"https:\/\/sceaux-lagazette.fr\/index.php\/2026\/03\/11\/on-est-si-bien-ensemble-a-chatenay-malabry-avec-carl-segaud\/#breadcrumb\",\"itemListElement\":[{\"@type\":\"ListItem\",\"position\":1,\"name\":\"Accueil\",\"item\":\"https:\/\/sceaux-lagazette.fr\/\"},{\"@type\":\"ListItem\",\"position\":2,\"name\":\"On est si bien ensemble \u00e0 Ch\u00e2tenay-Malabry, avec Carl Segaud\"}]},{\"@type\":\"WebSite\",\"@id\":\"https:\/\/sceaux-lagazette.fr\/#website\",\"url\":\"https:\/\/sceaux-lagazette.fr\/\",\"name\":\"La Gazette\",\"description\":\"Bourg-la-Reine, Ch\u00e2tenay, Fontenay, Sceaux\",\"publisher\":{\"@id\":\"https:\/\/sceaux-lagazette.fr\/#organization\"},\"potentialAction\":[{\"@type\":\"SearchAction\",\"target\":{\"@type\":\"EntryPoint\",\"urlTemplate\":\"https:\/\/sceaux-lagazette.fr\/?s={search_term_string}\"},\"query-input\":{\"@type\":\"PropertyValueSpecification\",\"valueRequired\":true,\"valueName\":\"search_term_string\"}}],\"inLanguage\":\"fr-FR\"},{\"@type\":\"Organization\",\"@id\":\"https:\/\/sceaux-lagazette.fr\/#organization\",\"name\":\"La Gazette\",\"url\":\"https:\/\/sceaux-lagazette.fr\/\",\"logo\":{\"@type\":\"ImageObject\",\"inLanguage\":\"fr-FR\",\"@id\":\"https:\/\/sceaux-lagazette.fr\/#\/schema\/logo\/image\/\",\"url\":\"https:\/\/sceaux-lagazette.fr\/wp-content\/uploads\/2025\/08\/Logo-Gazette-Aout-2025-V3.jpg\",\"contentUrl\":\"https:\/\/sceaux-lagazette.fr\/wp-content\/uploads\/2025\/08\/Logo-Gazette-Aout-2025-V3.jpg\",\"width\":525,\"height\":130,\"caption\":\"La Gazette\"},\"image\":{\"@id\":\"https:\/\/sceaux-lagazette.fr\/#\/schema\/logo\/image\/\"}},{\"@type\":\"Person\",\"@id\":\"https:\/\/sceaux-lagazette.fr\/#\/schema\/person\/5650e206a121f68c6f5e76379bccfbc4\",\"name\":\"G\u00e9rard Bardier\",\"image\":{\"@type\":\"ImageObject\",\"inLanguage\":\"fr-FR\",\"@id\":\"https:\/\/sceaux-lagazette.fr\/#\/schema\/person\/image\/\",\"url\":\"https:\/\/secure.gravatar.com\/avatar\/5cf4391ef9dbc0367750202561279a29?s=96&r=g\",\"contentUrl\":\"https:\/\/secure.gravatar.com\/avatar\/5cf4391ef9dbc0367750202561279a29?s=96&r=g\",\"caption\":\"G\u00e9rard Bardier\"},\"url\":\"https:\/\/sceaux-lagazette.fr\/index.php\/author\/gb\/\"}]}<\/script>\n<!-- \/ Yoast SEO plugin. -->","yoast_head_json":{"title":"On est si bien ensemble \u00e0 Ch\u00e2tenay-Malabry, avec Carl Segaud - La Gazette","robots":{"index":"index","follow":"follow","max-snippet":"max-snippet:-1","max-image-preview":"max-image-preview:large","max-video-preview":"max-video-preview:-1"},"canonical":"https:\/\/sceaux-lagazette.fr\/index.php\/2026\/03\/11\/on-est-si-bien-ensemble-a-chatenay-malabry-avec-carl-segaud\/","og_locale":"fr_FR","og_type":"article","og_title":"On est si bien ensemble \u00e0 Ch\u00e2tenay-Malabry, avec Carl Segaud - La Gazette","og_description":"Le maire de Ch\u00e2tenay-Malabry sollicite un nouveau mandat et conduit la liste On est si bien ensemble \u00e0 Ch\u00e2tenay-Malabry. La Gazette l\u2019a rencontr\u00e9. La Gazette&nbsp;: Pouvez-vous vous pr\u00e9senter ainsi que votre liste&nbsp;? Je suis au service de cette ville depuis 2001 aupr\u00e8s de Georges Siffredi, comme chef de cabinet, puis&#8230;","og_url":"https:\/\/sceaux-lagazette.fr\/index.php\/2026\/03\/11\/on-est-si-bien-ensemble-a-chatenay-malabry-avec-carl-segaud\/","og_site_name":"La Gazette","article_published_time":"2026-03-11T07:20:14+00:00","article_modified_time":"2026-03-12T08:23:15+00:00","og_image":[{"width":960,"height":624,"url":"https:\/\/sceaux-lagazette.fr\/wp-content\/uploads\/2026\/03\/Medaillon-Carl-Segaud-Mairie-CM.jpg","type":"image\/jpeg"}],"author":"G\u00e9rard Bardier","twitter_card":"summary_large_image","twitter_misc":{"\u00c9crit par":"G\u00e9rard Bardier","Dur\u00e9e de lecture estim\u00e9e":"6 minutes"},"schema":{"@context":"https:\/\/schema.org","@graph":[{"@type":"Article","@id":"https:\/\/sceaux-lagazette.fr\/index.php\/2026\/03\/11\/on-est-si-bien-ensemble-a-chatenay-malabry-avec-carl-segaud\/#article","isPartOf":{"@id":"https:\/\/sceaux-lagazette.fr\/index.php\/2026\/03\/11\/on-est-si-bien-ensemble-a-chatenay-malabry-avec-carl-segaud\/"},"author":{"name":"G\u00e9rard Bardier","@id":"https:\/\/sceaux-lagazette.fr\/#\/schema\/person\/5650e206a121f68c6f5e76379bccfbc4"},"headline":"On est si bien ensemble \u00e0 Ch\u00e2tenay-Malabry, avec Carl Segaud","datePublished":"2026-03-11T07:20:14+00:00","dateModified":"2026-03-12T08:23:15+00:00","mainEntityOfPage":{"@id":"https:\/\/sceaux-lagazette.fr\/index.php\/2026\/03\/11\/on-est-si-bien-ensemble-a-chatenay-malabry-avec-carl-segaud\/"},"wordCount":1150,"commentCount":2,"publisher":{"@id":"https:\/\/sceaux-lagazette.fr\/#organization"},"image":{"@id":"https:\/\/sceaux-lagazette.fr\/index.php\/2026\/03\/11\/on-est-si-bien-ensemble-a-chatenay-malabry-avec-carl-segaud\/#primaryimage"},"thumbnailUrl":"https:\/\/sceaux-lagazette.fr\/wp-content\/uploads\/2026\/03\/Medaillon-Carl-Segaud-Mairie-CM.jpg","articleSection":["Ch\u00e2tenay-Malabry","projets politiques","Vie publique"],"inLanguage":"fr-FR","potentialAction":[{"@type":"CommentAction","name":"Comment","target":["https:\/\/sceaux-lagazette.fr\/index.php\/2026\/03\/11\/on-est-si-bien-ensemble-a-chatenay-malabry-avec-carl-segaud\/#respond"]}]},{"@type":"WebPage","@id":"https:\/\/sceaux-lagazette.fr\/index.php\/2026\/03\/11\/on-est-si-bien-ensemble-a-chatenay-malabry-avec-carl-segaud\/","url":"https:\/\/sceaux-lagazette.fr\/index.php\/2026\/03\/11\/on-est-si-bien-ensemble-a-chatenay-malabry-avec-carl-segaud\/","name":"On est si bien ensemble \u00e0 Ch\u00e2tenay-Malabry, avec Carl Segaud - La Gazette","isPartOf":{"@id":"https:\/\/sceaux-lagazette.fr\/#website"},"primaryImageOfPage":{"@id":"https:\/\/sceaux-lagazette.fr\/index.php\/2026\/03\/11\/on-est-si-bien-ensemble-a-chatenay-malabry-avec-carl-segaud\/#primaryimage"},"image":{"@id":"https:\/\/sceaux-lagazette.fr\/index.php\/2026\/03\/11\/on-est-si-bien-ensemble-a-chatenay-malabry-avec-carl-segaud\/#primaryimage"},"thumbnailUrl":"https:\/\/sceaux-lagazette.fr\/wp-content\/uploads\/2026\/03\/Medaillon-Carl-Segaud-Mairie-CM.jpg","datePublished":"2026-03-11T07:20:14+00:00","dateModified":"2026-03-12T08:23:15+00:00","breadcrumb":{"@id":"https:\/\/sceaux-lagazette.fr\/index.php\/2026\/03\/11\/on-est-si-bien-ensemble-a-chatenay-malabry-avec-carl-segaud\/#breadcrumb"},"inLanguage":"fr-FR","potentialAction":[{"@type":"ReadAction","target":["https:\/\/sceaux-lagazette.fr\/index.php\/2026\/03\/11\/on-est-si-bien-ensemble-a-chatenay-malabry-avec-carl-segaud\/"]}]},{"@type":"ImageObject","inLanguage":"fr-FR","@id":"https:\/\/sceaux-lagazette.fr\/index.php\/2026\/03\/11\/on-est-si-bien-ensemble-a-chatenay-malabry-avec-carl-segaud\/#primaryimage","url":"https:\/\/sceaux-lagazette.fr\/wp-content\/uploads\/2026\/03\/Medaillon-Carl-Segaud-Mairie-CM.jpg","contentUrl":"https:\/\/sceaux-lagazette.fr\/wp-content\/uploads\/2026\/03\/Medaillon-Carl-Segaud-Mairie-CM.jpg","width":960,"height":624},{"@type":"BreadcrumbList","@id":"https:\/\/sceaux-lagazette.fr\/index.php\/2026\/03\/11\/on-est-si-bien-ensemble-a-chatenay-malabry-avec-carl-segaud\/#breadcrumb","itemListElement":[{"@type":"ListItem","position":1,"name":"Accueil","item":"https:\/\/sceaux-lagazette.fr\/"},{"@type":"ListItem","position":2,"name":"On est si bien ensemble \u00e0 Ch\u00e2tenay-Malabry, avec Carl Segaud"}]},{"@type":"WebSite","@id":"https:\/\/sceaux-lagazette.fr\/#website","url":"https:\/\/sceaux-lagazette.fr\/","name":"La Gazette","description":"Bourg-la-Reine, Ch\u00e2tenay, Fontenay, Sceaux","publisher":{"@id":"https:\/\/sceaux-lagazette.fr\/#organization"},"potentialAction":[{"@type":"SearchAction","target":{"@type":"EntryPoint","urlTemplate":"https:\/\/sceaux-lagazette.fr\/?s={search_term_string}"},"query-input":{"@type":"PropertyValueSpecification","valueRequired":true,"valueName":"search_term_string"}}],"inLanguage":"fr-FR"},{"@type":"Organization","@id":"https:\/\/sceaux-lagazette.fr\/#organization","name":"La Gazette","url":"https:\/\/sceaux-lagazette.fr\/","logo":{"@type":"ImageObject","inLanguage":"fr-FR","@id":"https:\/\/sceaux-lagazette.fr\/#\/schema\/logo\/image\/","url":"https:\/\/sceaux-lagazette.fr\/wp-content\/uploads\/2025\/08\/Logo-Gazette-Aout-2025-V3.jpg","contentUrl":"https:\/\/sceaux-lagazette.fr\/wp-content\/uploads\/2025\/08\/Logo-Gazette-Aout-2025-V3.jpg","width":525,"height":130,"caption":"La Gazette"},"image":{"@id":"https:\/\/sceaux-lagazette.fr\/#\/schema\/logo\/image\/"}},{"@type":"Person","@id":"https:\/\/sceaux-lagazette.fr\/#\/schema\/person\/5650e206a121f68c6f5e76379bccfbc4","name":"G\u00e9rard Bardier","image":{"@type":"ImageObject","inLanguage":"fr-FR","@id":"https:\/\/sceaux-lagazette.fr\/#\/schema\/person\/image\/","url":"https:\/\/secure.gravatar.com\/avatar\/5cf4391ef9dbc0367750202561279a29?s=96&r=g","contentUrl":"https:\/\/secure.gravatar.com\/avatar\/5cf4391ef9dbc0367750202561279a29?s=96&r=g","caption":"G\u00e9rard Bardier"},"url":"https:\/\/sceaux-lagazette.fr\/index.php\/author\/gb\/"}]}},"cc_featured_image_caption":{"caption_text":"","source_text":"","source_url":""},"_links":{"self":[{"href":"https:\/\/sceaux-lagazette.fr\/index.php\/wp-json\/wp\/v2\/posts\/45521"}],"collection":[{"href":"https:\/\/sceaux-lagazette.fr\/index.php\/wp-json\/wp\/v2\/posts"}],"about":[{"href":"https:\/\/sceaux-lagazette.fr\/index.php\/wp-json\/wp\/v2\/types\/post"}],"author":[{"embeddable":true,"href":"https:\/\/sceaux-lagazette.fr\/index.php\/wp-json\/wp\/v2\/users\/11"}],"replies":[{"embeddable":true,"href":"https:\/\/sceaux-lagazette.fr\/index.php\/wp-json\/wp\/v2\/comments?post=45521"}],"version-history":[{"count":3,"href":"https:\/\/sceaux-lagazette.fr\/index.php\/wp-json\/wp\/v2\/posts\/45521\/revisions"}],"predecessor-version":[{"id":45558,"href":"https:\/\/sceaux-lagazette.fr\/index.php\/wp-json\/wp\/v2\/posts\/45521\/revisions\/45558"}],"wp:featuredmedia":[{"embeddable":true,"href":"https:\/\/sceaux-lagazette.fr\/index.php\/wp-json\/wp\/v2\/media\/45528"}],"wp:attachment":[{"href":"https:\/\/sceaux-lagazette.fr\/index.php\/wp-json\/wp\/v2\/media?parent=45521"}],"wp:term":[{"taxonomy":"category","embeddable":true,"href":"https:\/\/sceaux-lagazette.fr\/index.php\/wp-json\/wp\/v2\/categories?post=45521"},{"taxonomy":"post_tag","embeddable":true,"href":"https:\/\/sceaux-lagazette.fr\/index.php\/wp-json\/wp\/v2\/tags?post=45521"}],"curies":[{"name":"wp","href":"https:\/\/api.w.org\/{rel}","templated":true}]}}