{"id":45490,"date":"2026-03-10T08:46:46","date_gmt":"2026-03-10T07:46:46","guid":{"rendered":"https:\/\/sceaux-lagazette.fr\/?p=45490"},"modified":"2026-03-10T08:46:47","modified_gmt":"2026-03-10T07:46:47","slug":"sceaux-village-3-0-avec-claire-bourdier","status":"publish","type":"post","link":"https:\/\/sceaux-lagazette.fr\/index.php\/2026\/03\/10\/sceaux-village-3-0-avec-claire-bourdier\/","title":{"rendered":"Sceaux Village 3.0, avec Claire Bourdier"},"content":{"rendered":"\n<p>La liste <em>Sceaux Village 3.0<\/em>&nbsp;est men\u00e9e par la pr\u00e9sidente de l\u2019Union des commer\u00e7ants et des artisans de Sceaux (UCAS). Elle a r\u00e9pondu aux questions de la Gazette.<\/p>\n\n\n\n<p><strong>La Gazette<\/strong>&nbsp;<em>: Pouvez-vous vous pr\u00e9senter ainsi que votre liste&nbsp;?<\/em><\/p>\n\n\n\n<p>J\u2019ai 54 ans, une premi\u00e8re partie de carri\u00e8re comme directrice marketing dans la cosm\u00e9tique. Je dirige depuis 2011 une agence immobili\u00e8re \u00e0 Sceaux, o\u00f9 je vis depuis 2006. Je suis pr\u00e9sidente de l\u2019UCAS depuis 4 ans.<\/p>\n\n\n\n<p>J\u2019ai voulu une liste tr\u00e8s h\u00e9t\u00e9rog\u00e8ne&nbsp;: des candidats de tous \u00e2ges de tous les quartiers de la ville, ayant des engagements associatifs ou professionnels. La liste se veut disruptive, comme notre programme.<\/p>\n\n\n\n<h2 class=\"wp-block-heading\">Le constat<\/h2>\n\n\n\n<p><em>La Gazette : Quel bilan faites-vous de la situation de la ville&nbsp;?<\/em><\/p>\n\n\n\n<p>Le dernier mandat de Philippe Laurent ne r\u00e9pond plus aux attentes des Sc\u00e9ens et des consommateurs ext\u00e9rieurs \u00e0 la ville.<\/p>\n\n\n\n<p>Le niveau de la dette est catastrophique, sans \u00eatre justifi\u00e9 par de nouveaux investissements ou le niveau de service aux habitants. Le service public se d\u00e9grade&nbsp;: cantine, services \u00e0 la personne, nettoyage, voirie, accueil en mairie\u2026<\/p>\n\n\n\n<p>La gestion du stationnement est en train de tuer le commerce, alors que les acheteurs venus de villes voisines repr\u00e9sentent entre 30 et 70% de la client\u00e8le des commer\u00e7ants. Le march\u00e9 de Sceaux d\u00e9cline (au Plessis, il y a 1h30 de stationnement gratuit pour ceux qui font leurs courses).<\/p>\n\n\n\n<p>Il manque des places de stationnement et les automobilistes sont matraqu\u00e9s par les PV. C\u2019est aussi un probl\u00e8me pour les soignants ou les enseignants venus de l\u2019ext\u00e9rieur qui n\u2019arrivent pas \u00e0 se garer.<\/p>\n\n\n\n<p>Le quartier des Blagis reste isol\u00e9 du centre-ville, on a le sentiment de deux mondes (Sceaux du haut\/du bas) qui s\u2019ignorent. Les habitants des Bas-Coudrais consid\u00e8rent qu\u2019on y a fait de la cosm\u00e9tique. Certains immeubles sont profond\u00e9ment d\u00e9grad\u00e9s.<\/p>\n\n\n\n<p>Les Sc\u00e9ens n\u2019ont pas r\u00e9ellement la parole dans la ville. Les d\u00e9marches <em>Parlons ensemble<\/em> n\u2019ont jamais r\u00e9uni plus de 300 personnes. On a un maire devenu autocrate et politicien. Il fait des coups&nbsp;: par exemple on plante des arbres \u00e0 quelques semaines des \u00e9lections alors qu\u2019on ne l\u2019a pas fait pendant 6 ans.<\/p>\n\n\n\n<p>La maire tient un discours \u00ab&nbsp;\u00e9cologique&nbsp;\u00bb qui ne correspond pas \u00e0 la r\u00e9alit\u00e9. On vient encore de min\u00e9raliser la place des Ailantes et celle de l\u2019\u00e9glise quand il faudrait v\u00e9g\u00e9taliser plus.<\/p>\n\n\n\n<h2 class=\"wp-block-heading\">Le programme<\/h2>\n\n\n\n<p><strong>La Gazette<\/strong><em>&nbsp;: Quel programme proposez-vous aux Sc\u00e9ens&nbsp;?<\/em><\/p>\n\n\n\n<p>La liste que je m\u00e8ne se veut simple, fond\u00e9e sur la vie de tous les jours, avec une maire qui soit proche des gens.<\/p>\n\n\n\n<p>La gestion de la Ville doit \u00eatre revue pour \u00eatre plus \u00e9conome, en s\u2019appuyant sur le patrimoine existant. L\u2019objectif est de pouvoir baisser les taux de taxe fonci\u00e8re et d\u2019am\u00e9liorer les services. On peut mieux utiliser certaines infrastructures (par exemple l\u2019ancienne mairie) en les louant pour financer leur entretien \u00e0 minima.<\/p>\n\n\n\n<p>Nous voulons redonner des places de stationnement (pour les autos comme pour les v\u00e9los&nbsp;!), pour faciliter la vie de ceux qui viennent contribuer \u00e0 la richesse de la ville par leur travail ou leurs achats.<\/p>\n\n\n\n<p>Je veux un renouveau du quartier des Blagis. Aux Bas-Coudrais, cela passera par la d\u00e9molition de quelques immeubles tr\u00e8s d\u00e9grad\u00e9s et mal isol\u00e9s. A Fontenay-aux-Roses (en face), la r\u00e9novation ouvre la voie \u00e0 un m\u00e9lange de logements sociaux et d\u2019autres en accession \u00e0 la propri\u00e9t\u00e9. Je souhaite mettre en \u0153uvre le PSLA (Pr\u00eat Social Location Accession \u00e0 la propri\u00e9t\u00e9). Cela permet \u00e0 des locataires de transformer leur loyer en un outil d\u2019accession \u00e0 la propri\u00e9t\u00e9 au bout de 15 ans.<\/p>\n\n\n\n<p>Toujours pour les Blagis, il faut recr\u00e9er du lien avec les habitants, permettre \u00e0 chacun, et singuli\u00e8rement aux jeunes, d\u2019avoir des perspectives, une vision positive de l\u2019avenir. Je veux favoriser l\u2019interg\u00e9n\u00e9rationnel, l\u2019\u00e9coute des personnes en difficult\u00e9. Fusionner le CSCB et la MJC pourrait \u00eatre un moyen de recoudre les liens entre les Blagis et le centre-ville.<\/p>\n\n\n\n<p>Je veux mettre les Sc\u00e9ens au centre de la ville, en leur permettant d\u2019exprimer leurs attentes&nbsp;: je propose des questionnaires diffus\u00e9s par Sceaux Mag et des r\u00e9f\u00e9rendums d\u2019initiative citoyenne. Je propose de d\u00e9velopper les \u00e9v\u00e9nements culturels et sportifs (on a les infrastructures pour cela), de favoriser l\u2019interg\u00e9n\u00e9rationnel, par exemple avec des ateliers rencontre.<\/p>\n\n\n\n<p>Enfin, il faut mettre en \u0153uvre une v\u00e9ritable \u00e9cologie, positive plut\u00f4t que punitive. Il faut aller vers des syst\u00e8mes plus \u00e9cologiques pour l\u2019\u00e9lectricit\u00e9 et l\u2019eau, mettre la nature \u00e0 disposition des habitants (espaces pour s\u2019asseoir, pour pique-niquer\u2026).<\/p>\n\n\n\n<h2 class=\"wp-block-heading\">Points particuliers<\/h2>\n\n\n\n<p><strong>La Gazette<\/strong><em>&nbsp;: L\u2019\u00e9tat g\u00e9n\u00e9ral des Finances publiques fran\u00e7aises risque de conduire \u00e0 une diminution des ressources des municipalit\u00e9s dans un futur proche. Qu\u2019allez-vous faire&nbsp;?<\/em><\/p>\n\n\n\n<p>Je partage le constat, nous vivons une crise nationale et internationale. Il faut d\u00e9penser moins et mieux travailler avec les apporteurs de subventions (VSGP, d\u00e9partement, r\u00e9gion\u2026), ne pas \u00eatre les derniers servis\u2026<\/p>\n\n\n\n<p><strong>La Gazette<\/strong><em> : Le PCAET de VSGP a pr\u00e9vu de nombreuses mesures, mais sa r\u00e9alisation d\u00e9pend en grande partie des municipalit\u00e9s. Dans le domaine des \u00e9missions de gaz \u00e0 effet de serre (GES), la priorit\u00e9 pour une municipalit\u00e9 est de diminuer ses propres \u00e9missions, par exemple en am\u00e9liorant l\u2019isolation des b\u00e2timents publics.<\/em><\/p>\n\n\n\n<p>Dans une mairie \u00e9cologique, on ne peut pas avoir des b\u00e2timents pollueurs. Mais c\u2019est aussi vrai au niveau des nouvelles constructions qu\u2019il faut concevoir en \u00e9vitant la min\u00e9ralisation et en v\u00e9g\u00e9talisant.<\/p>\n\n\n\n<p><strong>La Gazette<\/strong>&nbsp;<em>: Les conseillers territoriaux (pour VSGP) sont \u00e9lus en m\u00eame temps que les conseillers municipaux. Quel avenir pour VSGP et quel partenariat de la ville avec cette intercommunalit\u00e9&nbsp;?<\/em><\/p>\n\n\n\n<p>VSGP a repris des fonctions anciennes des villes et cela fonctionne plut\u00f4t bien. Mais il faut en \u00eatre plus proche, mieux utiliser leurs comp\u00e9tences.<\/p>\n\n\n\n<p><strong>La Gazette<\/strong><em>&nbsp;: <\/em><em>Quelle position pour un \u00e9ventuel deuxi\u00e8me tour&nbsp;?<\/em><\/p>\n\n\n\n<p>On ne sait pas ce que seront les r\u00e9sultats, je suis humble face \u00e0 ce scrutin. Il faut que les Sc\u00e9ens aient envie et la volont\u00e9 de voter pour \u00eatre plus audacieux. Je suis pr\u00eate \u00e0 \u00e9changer, d\u00e8s l\u2019affichage des r\u00e9sultats, avec les listes qui veulent avancer POUR Sceaux, pour que Sceaux GAGNE. J\u2019ai d\u00e9j\u00e0 rencontr\u00e9 Maud Bonte, Jean-Christophe Dessanges et Flavien Poupinel.<\/p>\n","protected":false},"excerpt":{"rendered":"<p>La liste Sceaux Village 3.0&nbsp;est men\u00e9e par la pr\u00e9sidente de l\u2019Union des commer\u00e7ants et des artisans de Sceaux (UCAS). Elle a r\u00e9pondu aux questions de la Gazette. La Gazette&nbsp;: Pouvez-vous vous pr\u00e9senter ainsi que votre liste&nbsp;? J\u2019ai 54 ans, une premi\u00e8re partie de carri\u00e8re comme directrice marketing dans la cosm\u00e9tique.&#8230;<\/p>\n","protected":false},"author":11,"featured_media":45493,"comment_status":"open","ping_status":"open","sticky":false,"template":"","format":"standard","meta":{"om_disable_all_campaigns":false,"_monsterinsights_skip_tracking":false,"_monsterinsights_sitenote_active":false,"_monsterinsights_sitenote_note":"","_monsterinsights_sitenote_category":0,"_uf_show_specific_survey":0,"_uf_disable_surveys":false,"footnotes":""},"categories":[270,266],"tags":[],"class_list":["post-45490","post","type-post","status-publish","format-standard","has-post-thumbnail","hentry","category-projets-politiques","category-sceaux","entry","simple"],"yoast_head":"<!-- This site is optimized with the Yoast SEO plugin v25.6 - https:\/\/yoast.com\/wordpress\/plugins\/seo\/ -->\n<title>Sceaux Village 3.0, avec Claire Bourdier - La Gazette<\/title>\n<meta name=\"robots\" content=\"index, follow, max-snippet:-1, max-image-preview:large, max-video-preview:-1\" \/>\n<link rel=\"canonical\" href=\"https:\/\/sceaux-lagazette.fr\/index.php\/2026\/03\/10\/sceaux-village-3-0-avec-claire-bourdier\/\" \/>\n<meta property=\"og:locale\" content=\"fr_FR\" \/>\n<meta property=\"og:type\" content=\"article\" \/>\n<meta property=\"og:title\" content=\"Sceaux Village 3.0, avec Claire Bourdier - La Gazette\" \/>\n<meta property=\"og:description\" content=\"La liste Sceaux Village 3.0&nbsp;est men\u00e9e par la pr\u00e9sidente de l\u2019Union des commer\u00e7ants et des artisans de Sceaux (UCAS). Elle a r\u00e9pondu aux questions de la Gazette. La Gazette&nbsp;: Pouvez-vous vous pr\u00e9senter ainsi que votre liste&nbsp;? J\u2019ai 54 ans, une premi\u00e8re partie de carri\u00e8re comme directrice marketing dans la cosm\u00e9tique.&#8230;\" \/>\n<meta property=\"og:url\" content=\"https:\/\/sceaux-lagazette.fr\/index.php\/2026\/03\/10\/sceaux-village-3-0-avec-claire-bourdier\/\" \/>\n<meta property=\"og:site_name\" content=\"La Gazette\" \/>\n<meta property=\"article:published_time\" content=\"2026-03-10T07:46:46+00:00\" \/>\n<meta property=\"article:modified_time\" content=\"2026-03-10T07:46:47+00:00\" \/>\n<meta property=\"og:image\" content=\"https:\/\/sceaux-lagazette.fr\/wp-content\/uploads\/2026\/03\/Medaillon-Claire-Bourdier-Mairie-Sceaux-2026.jpg\" \/>\n\t<meta property=\"og:image:width\" content=\"1224\" \/>\n\t<meta property=\"og:image:height\" content=\"646\" \/>\n\t<meta property=\"og:image:type\" content=\"image\/jpeg\" \/>\n<meta name=\"author\" content=\"G\u00e9rard Bardier\" \/>\n<meta name=\"twitter:card\" content=\"summary_large_image\" \/>\n<meta name=\"twitter:label1\" content=\"\u00c9crit par\" \/>\n\t<meta name=\"twitter:data1\" content=\"G\u00e9rard Bardier\" \/>\n\t<meta name=\"twitter:label2\" content=\"Dur\u00e9e de lecture estim\u00e9e\" \/>\n\t<meta name=\"twitter:data2\" content=\"6 minutes\" \/>\n<script type=\"application\/ld+json\" class=\"yoast-schema-graph\">{\"@context\":\"https:\/\/schema.org\",\"@graph\":[{\"@type\":\"Article\",\"@id\":\"https:\/\/sceaux-lagazette.fr\/index.php\/2026\/03\/10\/sceaux-village-3-0-avec-claire-bourdier\/#article\",\"isPartOf\":{\"@id\":\"https:\/\/sceaux-lagazette.fr\/index.php\/2026\/03\/10\/sceaux-village-3-0-avec-claire-bourdier\/\"},\"author\":{\"name\":\"G\u00e9rard Bardier\",\"@id\":\"https:\/\/sceaux-lagazette.fr\/#\/schema\/person\/5650e206a121f68c6f5e76379bccfbc4\"},\"headline\":\"Sceaux Village 3.0, avec Claire Bourdier\",\"datePublished\":\"2026-03-10T07:46:46+00:00\",\"dateModified\":\"2026-03-10T07:46:47+00:00\",\"mainEntityOfPage\":{\"@id\":\"https:\/\/sceaux-lagazette.fr\/index.php\/2026\/03\/10\/sceaux-village-3-0-avec-claire-bourdier\/\"},\"wordCount\":1118,\"commentCount\":0,\"publisher\":{\"@id\":\"https:\/\/sceaux-lagazette.fr\/#organization\"},\"image\":{\"@id\":\"https:\/\/sceaux-lagazette.fr\/index.php\/2026\/03\/10\/sceaux-village-3-0-avec-claire-bourdier\/#primaryimage\"},\"thumbnailUrl\":\"https:\/\/sceaux-lagazette.fr\/wp-content\/uploads\/2026\/03\/Medaillon-Claire-Bourdier-Mairie-Sceaux-2026.jpg\",\"articleSection\":[\"projets politiques\",\"Sceaux\"],\"inLanguage\":\"fr-FR\",\"potentialAction\":[{\"@type\":\"CommentAction\",\"name\":\"Comment\",\"target\":[\"https:\/\/sceaux-lagazette.fr\/index.php\/2026\/03\/10\/sceaux-village-3-0-avec-claire-bourdier\/#respond\"]}]},{\"@type\":\"WebPage\",\"@id\":\"https:\/\/sceaux-lagazette.fr\/index.php\/2026\/03\/10\/sceaux-village-3-0-avec-claire-bourdier\/\",\"url\":\"https:\/\/sceaux-lagazette.fr\/index.php\/2026\/03\/10\/sceaux-village-3-0-avec-claire-bourdier\/\",\"name\":\"Sceaux Village 3.0, avec Claire Bourdier - La Gazette\",\"isPartOf\":{\"@id\":\"https:\/\/sceaux-lagazette.fr\/#website\"},\"primaryImageOfPage\":{\"@id\":\"https:\/\/sceaux-lagazette.fr\/index.php\/2026\/03\/10\/sceaux-village-3-0-avec-claire-bourdier\/#primaryimage\"},\"image\":{\"@id\":\"https:\/\/sceaux-lagazette.fr\/index.php\/2026\/03\/10\/sceaux-village-3-0-avec-claire-bourdier\/#primaryimage\"},\"thumbnailUrl\":\"https:\/\/sceaux-lagazette.fr\/wp-content\/uploads\/2026\/03\/Medaillon-Claire-Bourdier-Mairie-Sceaux-2026.jpg\",\"datePublished\":\"2026-03-10T07:46:46+00:00\",\"dateModified\":\"2026-03-10T07:46:47+00:00\",\"breadcrumb\":{\"@id\":\"https:\/\/sceaux-lagazette.fr\/index.php\/2026\/03\/10\/sceaux-village-3-0-avec-claire-bourdier\/#breadcrumb\"},\"inLanguage\":\"fr-FR\",\"potentialAction\":[{\"@type\":\"ReadAction\",\"target\":[\"https:\/\/sceaux-lagazette.fr\/index.php\/2026\/03\/10\/sceaux-village-3-0-avec-claire-bourdier\/\"]}]},{\"@type\":\"ImageObject\",\"inLanguage\":\"fr-FR\",\"@id\":\"https:\/\/sceaux-lagazette.fr\/index.php\/2026\/03\/10\/sceaux-village-3-0-avec-claire-bourdier\/#primaryimage\",\"url\":\"https:\/\/sceaux-lagazette.fr\/wp-content\/uploads\/2026\/03\/Medaillon-Claire-Bourdier-Mairie-Sceaux-2026.jpg\",\"contentUrl\":\"https:\/\/sceaux-lagazette.fr\/wp-content\/uploads\/2026\/03\/Medaillon-Claire-Bourdier-Mairie-Sceaux-2026.jpg\",\"width\":1224,\"height\":646},{\"@type\":\"BreadcrumbList\",\"@id\":\"https:\/\/sceaux-lagazette.fr\/index.php\/2026\/03\/10\/sceaux-village-3-0-avec-claire-bourdier\/#breadcrumb\",\"itemListElement\":[{\"@type\":\"ListItem\",\"position\":1,\"name\":\"Accueil\",\"item\":\"https:\/\/sceaux-lagazette.fr\/\"},{\"@type\":\"ListItem\",\"position\":2,\"name\":\"Sceaux Village 3.0, avec Claire Bourdier\"}]},{\"@type\":\"WebSite\",\"@id\":\"https:\/\/sceaux-lagazette.fr\/#website\",\"url\":\"https:\/\/sceaux-lagazette.fr\/\",\"name\":\"La Gazette\",\"description\":\"Bourg-la-Reine, Ch\u00e2tenay, Fontenay, Sceaux\",\"publisher\":{\"@id\":\"https:\/\/sceaux-lagazette.fr\/#organization\"},\"potentialAction\":[{\"@type\":\"SearchAction\",\"target\":{\"@type\":\"EntryPoint\",\"urlTemplate\":\"https:\/\/sceaux-lagazette.fr\/?s={search_term_string}\"},\"query-input\":{\"@type\":\"PropertyValueSpecification\",\"valueRequired\":true,\"valueName\":\"search_term_string\"}}],\"inLanguage\":\"fr-FR\"},{\"@type\":\"Organization\",\"@id\":\"https:\/\/sceaux-lagazette.fr\/#organization\",\"name\":\"La Gazette\",\"url\":\"https:\/\/sceaux-lagazette.fr\/\",\"logo\":{\"@type\":\"ImageObject\",\"inLanguage\":\"fr-FR\",\"@id\":\"https:\/\/sceaux-lagazette.fr\/#\/schema\/logo\/image\/\",\"url\":\"https:\/\/sceaux-lagazette.fr\/wp-content\/uploads\/2025\/08\/Logo-Gazette-Aout-2025-V3.jpg\",\"contentUrl\":\"https:\/\/sceaux-lagazette.fr\/wp-content\/uploads\/2025\/08\/Logo-Gazette-Aout-2025-V3.jpg\",\"width\":525,\"height\":130,\"caption\":\"La Gazette\"},\"image\":{\"@id\":\"https:\/\/sceaux-lagazette.fr\/#\/schema\/logo\/image\/\"}},{\"@type\":\"Person\",\"@id\":\"https:\/\/sceaux-lagazette.fr\/#\/schema\/person\/5650e206a121f68c6f5e76379bccfbc4\",\"name\":\"G\u00e9rard Bardier\",\"image\":{\"@type\":\"ImageObject\",\"inLanguage\":\"fr-FR\",\"@id\":\"https:\/\/sceaux-lagazette.fr\/#\/schema\/person\/image\/\",\"url\":\"https:\/\/secure.gravatar.com\/avatar\/5cf4391ef9dbc0367750202561279a29?s=96&r=g\",\"contentUrl\":\"https:\/\/secure.gravatar.com\/avatar\/5cf4391ef9dbc0367750202561279a29?s=96&r=g\",\"caption\":\"G\u00e9rard Bardier\"},\"url\":\"https:\/\/sceaux-lagazette.fr\/index.php\/author\/gb\/\"}]}<\/script>\n<!-- \/ Yoast SEO plugin. -->","yoast_head_json":{"title":"Sceaux Village 3.0, avec Claire Bourdier - La Gazette","robots":{"index":"index","follow":"follow","max-snippet":"max-snippet:-1","max-image-preview":"max-image-preview:large","max-video-preview":"max-video-preview:-1"},"canonical":"https:\/\/sceaux-lagazette.fr\/index.php\/2026\/03\/10\/sceaux-village-3-0-avec-claire-bourdier\/","og_locale":"fr_FR","og_type":"article","og_title":"Sceaux Village 3.0, avec Claire Bourdier - La Gazette","og_description":"La liste Sceaux Village 3.0&nbsp;est men\u00e9e par la pr\u00e9sidente de l\u2019Union des commer\u00e7ants et des artisans de Sceaux (UCAS). Elle a r\u00e9pondu aux questions de la Gazette. La Gazette&nbsp;: Pouvez-vous vous pr\u00e9senter ainsi que votre liste&nbsp;? J\u2019ai 54 ans, une premi\u00e8re partie de carri\u00e8re comme directrice marketing dans la cosm\u00e9tique.&#8230;","og_url":"https:\/\/sceaux-lagazette.fr\/index.php\/2026\/03\/10\/sceaux-village-3-0-avec-claire-bourdier\/","og_site_name":"La Gazette","article_published_time":"2026-03-10T07:46:46+00:00","article_modified_time":"2026-03-10T07:46:47+00:00","og_image":[{"width":1224,"height":646,"url":"https:\/\/sceaux-lagazette.fr\/wp-content\/uploads\/2026\/03\/Medaillon-Claire-Bourdier-Mairie-Sceaux-2026.jpg","type":"image\/jpeg"}],"author":"G\u00e9rard Bardier","twitter_card":"summary_large_image","twitter_misc":{"\u00c9crit par":"G\u00e9rard Bardier","Dur\u00e9e de lecture estim\u00e9e":"6 minutes"},"schema":{"@context":"https:\/\/schema.org","@graph":[{"@type":"Article","@id":"https:\/\/sceaux-lagazette.fr\/index.php\/2026\/03\/10\/sceaux-village-3-0-avec-claire-bourdier\/#article","isPartOf":{"@id":"https:\/\/sceaux-lagazette.fr\/index.php\/2026\/03\/10\/sceaux-village-3-0-avec-claire-bourdier\/"},"author":{"name":"G\u00e9rard Bardier","@id":"https:\/\/sceaux-lagazette.fr\/#\/schema\/person\/5650e206a121f68c6f5e76379bccfbc4"},"headline":"Sceaux Village 3.0, avec Claire Bourdier","datePublished":"2026-03-10T07:46:46+00:00","dateModified":"2026-03-10T07:46:47+00:00","mainEntityOfPage":{"@id":"https:\/\/sceaux-lagazette.fr\/index.php\/2026\/03\/10\/sceaux-village-3-0-avec-claire-bourdier\/"},"wordCount":1118,"commentCount":0,"publisher":{"@id":"https:\/\/sceaux-lagazette.fr\/#organization"},"image":{"@id":"https:\/\/sceaux-lagazette.fr\/index.php\/2026\/03\/10\/sceaux-village-3-0-avec-claire-bourdier\/#primaryimage"},"thumbnailUrl":"https:\/\/sceaux-lagazette.fr\/wp-content\/uploads\/2026\/03\/Medaillon-Claire-Bourdier-Mairie-Sceaux-2026.jpg","articleSection":["projets politiques","Sceaux"],"inLanguage":"fr-FR","potentialAction":[{"@type":"CommentAction","name":"Comment","target":["https:\/\/sceaux-lagazette.fr\/index.php\/2026\/03\/10\/sceaux-village-3-0-avec-claire-bourdier\/#respond"]}]},{"@type":"WebPage","@id":"https:\/\/sceaux-lagazette.fr\/index.php\/2026\/03\/10\/sceaux-village-3-0-avec-claire-bourdier\/","url":"https:\/\/sceaux-lagazette.fr\/index.php\/2026\/03\/10\/sceaux-village-3-0-avec-claire-bourdier\/","name":"Sceaux Village 3.0, avec Claire Bourdier - La Gazette","isPartOf":{"@id":"https:\/\/sceaux-lagazette.fr\/#website"},"primaryImageOfPage":{"@id":"https:\/\/sceaux-lagazette.fr\/index.php\/2026\/03\/10\/sceaux-village-3-0-avec-claire-bourdier\/#primaryimage"},"image":{"@id":"https:\/\/sceaux-lagazette.fr\/index.php\/2026\/03\/10\/sceaux-village-3-0-avec-claire-bourdier\/#primaryimage"},"thumbnailUrl":"https:\/\/sceaux-lagazette.fr\/wp-content\/uploads\/2026\/03\/Medaillon-Claire-Bourdier-Mairie-Sceaux-2026.jpg","datePublished":"2026-03-10T07:46:46+00:00","dateModified":"2026-03-10T07:46:47+00:00","breadcrumb":{"@id":"https:\/\/sceaux-lagazette.fr\/index.php\/2026\/03\/10\/sceaux-village-3-0-avec-claire-bourdier\/#breadcrumb"},"inLanguage":"fr-FR","potentialAction":[{"@type":"ReadAction","target":["https:\/\/sceaux-lagazette.fr\/index.php\/2026\/03\/10\/sceaux-village-3-0-avec-claire-bourdier\/"]}]},{"@type":"ImageObject","inLanguage":"fr-FR","@id":"https:\/\/sceaux-lagazette.fr\/index.php\/2026\/03\/10\/sceaux-village-3-0-avec-claire-bourdier\/#primaryimage","url":"https:\/\/sceaux-lagazette.fr\/wp-content\/uploads\/2026\/03\/Medaillon-Claire-Bourdier-Mairie-Sceaux-2026.jpg","contentUrl":"https:\/\/sceaux-lagazette.fr\/wp-content\/uploads\/2026\/03\/Medaillon-Claire-Bourdier-Mairie-Sceaux-2026.jpg","width":1224,"height":646},{"@type":"BreadcrumbList","@id":"https:\/\/sceaux-lagazette.fr\/index.php\/2026\/03\/10\/sceaux-village-3-0-avec-claire-bourdier\/#breadcrumb","itemListElement":[{"@type":"ListItem","position":1,"name":"Accueil","item":"https:\/\/sceaux-lagazette.fr\/"},{"@type":"ListItem","position":2,"name":"Sceaux Village 3.0, avec Claire Bourdier"}]},{"@type":"WebSite","@id":"https:\/\/sceaux-lagazette.fr\/#website","url":"https:\/\/sceaux-lagazette.fr\/","name":"La Gazette","description":"Bourg-la-Reine, Ch\u00e2tenay, Fontenay, Sceaux","publisher":{"@id":"https:\/\/sceaux-lagazette.fr\/#organization"},"potentialAction":[{"@type":"SearchAction","target":{"@type":"EntryPoint","urlTemplate":"https:\/\/sceaux-lagazette.fr\/?s={search_term_string}"},"query-input":{"@type":"PropertyValueSpecification","valueRequired":true,"valueName":"search_term_string"}}],"inLanguage":"fr-FR"},{"@type":"Organization","@id":"https:\/\/sceaux-lagazette.fr\/#organization","name":"La Gazette","url":"https:\/\/sceaux-lagazette.fr\/","logo":{"@type":"ImageObject","inLanguage":"fr-FR","@id":"https:\/\/sceaux-lagazette.fr\/#\/schema\/logo\/image\/","url":"https:\/\/sceaux-lagazette.fr\/wp-content\/uploads\/2025\/08\/Logo-Gazette-Aout-2025-V3.jpg","contentUrl":"https:\/\/sceaux-lagazette.fr\/wp-content\/uploads\/2025\/08\/Logo-Gazette-Aout-2025-V3.jpg","width":525,"height":130,"caption":"La Gazette"},"image":{"@id":"https:\/\/sceaux-lagazette.fr\/#\/schema\/logo\/image\/"}},{"@type":"Person","@id":"https:\/\/sceaux-lagazette.fr\/#\/schema\/person\/5650e206a121f68c6f5e76379bccfbc4","name":"G\u00e9rard Bardier","image":{"@type":"ImageObject","inLanguage":"fr-FR","@id":"https:\/\/sceaux-lagazette.fr\/#\/schema\/person\/image\/","url":"https:\/\/secure.gravatar.com\/avatar\/5cf4391ef9dbc0367750202561279a29?s=96&r=g","contentUrl":"https:\/\/secure.gravatar.com\/avatar\/5cf4391ef9dbc0367750202561279a29?s=96&r=g","caption":"G\u00e9rard Bardier"},"url":"https:\/\/sceaux-lagazette.fr\/index.php\/author\/gb\/"}]}},"cc_featured_image_caption":{"caption_text":"","source_text":"","source_url":""},"_links":{"self":[{"href":"https:\/\/sceaux-lagazette.fr\/index.php\/wp-json\/wp\/v2\/posts\/45490"}],"collection":[{"href":"https:\/\/sceaux-lagazette.fr\/index.php\/wp-json\/wp\/v2\/posts"}],"about":[{"href":"https:\/\/sceaux-lagazette.fr\/index.php\/wp-json\/wp\/v2\/types\/post"}],"author":[{"embeddable":true,"href":"https:\/\/sceaux-lagazette.fr\/index.php\/wp-json\/wp\/v2\/users\/11"}],"replies":[{"embeddable":true,"href":"https:\/\/sceaux-lagazette.fr\/index.php\/wp-json\/wp\/v2\/comments?post=45490"}],"version-history":[{"count":1,"href":"https:\/\/sceaux-lagazette.fr\/index.php\/wp-json\/wp\/v2\/posts\/45490\/revisions"}],"predecessor-version":[{"id":45491,"href":"https:\/\/sceaux-lagazette.fr\/index.php\/wp-json\/wp\/v2\/posts\/45490\/revisions\/45491"}],"wp:featuredmedia":[{"embeddable":true,"href":"https:\/\/sceaux-lagazette.fr\/index.php\/wp-json\/wp\/v2\/media\/45493"}],"wp:attachment":[{"href":"https:\/\/sceaux-lagazette.fr\/index.php\/wp-json\/wp\/v2\/media?parent=45490"}],"wp:term":[{"taxonomy":"category","embeddable":true,"href":"https:\/\/sceaux-lagazette.fr\/index.php\/wp-json\/wp\/v2\/categories?post=45490"},{"taxonomy":"post_tag","embeddable":true,"href":"https:\/\/sceaux-lagazette.fr\/index.php\/wp-json\/wp\/v2\/tags?post=45490"}],"curies":[{"name":"wp","href":"https:\/\/api.w.org\/{rel}","templated":true}]}}