{"id":45426,"date":"2026-03-03T08:30:05","date_gmt":"2026-03-03T07:30:05","guid":{"rendered":"https:\/\/sceaux-lagazette.fr\/?p=45426"},"modified":"2026-04-01T18:34:12","modified_gmt":"2026-04-01T16:34:12","slug":"le-textile-comme-medium-artistique","status":"publish","type":"post","link":"https:\/\/sceaux-lagazette.fr\/index.php\/2026\/03\/03\/le-textile-comme-medium-artistique\/","title":{"rendered":"Le textile comme m\u00e9dium artistique"},"content":{"rendered":"\n<p>L\u2019Espace Rosa Bonheur de Fontenay-aux Roses accueille du 24 f\u00e9vrier au 15 mars 2026, des artistes de la ville. L\u2019exposition <strong>Rencontres Textiles 2<\/strong> propose sur la quinzaine de jours de transformer la mati\u00e8re tiss\u00e9e en langage visuel et narratif, invitant le public \u00e0 d\u00e9couvrir comment fibres et fils peuvent porter des histoires, des \u00e9motions et des engagements.<\/p>\n\n\n\n<p>Quelques instantan\u00e9s recueillis aupr\u00e8s d&rsquo;artistes lors du vernissage, le 25 f\u00e9vrier.<\/p>\n\n\n\n<h2 class=\"wp-block-heading\">LiliCamiron<\/h2>\n\n\n<div class=\"wp-block-image\">\n<figure class=\"alignleft size-full is-resized\"><img decoding=\"async\" width=\"449\" height=\"443\" src=\"https:\/\/sceaux-lagazette.fr\/wp-content\/uploads\/2026\/02\/image.jpg\" alt=\"\" class=\"wp-image-45428\" style=\"width:288px;height:auto\" srcset=\"https:\/\/sceaux-lagazette.fr\/wp-content\/uploads\/2026\/02\/image.jpg 449w, https:\/\/sceaux-lagazette.fr\/wp-content\/uploads\/2026\/02\/image-300x296.jpg 300w\" sizes=\"(max-width: 449px) 100vw, 449px\" \/><\/figure><\/div>\n\n\n<p>Avec des installations en fil de fer crochet\u00e9, <a href=\"https:\/\/lilicamiron.fr\/\">LiliCamiron<\/a> interroge les normes sociales et les attentes impos\u00e9es aux femmes. Son approche m\u00eale humour et critique sociale, utilisant la mati\u00e8re avec esprit et inventivit\u00e9 pour poser un regard incisif sur les injonctions contemporaines.<\/p>\n\n\n\n<p><strong>Pierre Bozzonne. Pour vous, le textile est-il avant tout un support ou un langage en soi ?<\/strong><\/p>\n\n\n\n<p><strong>LiliCamiron<\/strong>. En pr\u00e9ambule, il est important de souligner que j\u2019ai r\u00e9alis\u00e9 cette installation apr\u00e8s l\u2019invitation qui m\u2019a \u00e9t\u00e9 faite d\u2019exposer dans cet espace sur le th\u00e8me de la f\u00e9minit\u00e9.<br>Je ne peux pas vous r\u00e9pondre de fa\u00e7on g\u00e9n\u00e9rale, mais cette installation par exemple\u00a0permet un \u00e9change. A un homme affirmant \u00ab\u00a0j\u2019aime la lingerie fine\u00a0\u00bb, ma r\u00e9ponse \u00e9tait \u00ab est-ce assez fin pour toi ? \u00bb<\/p>\n\n\n\n<p>Je me suis inspir\u00e9e d\u2019un texte lu par Cynthia Nixon (l\u2019actrice de la s\u00e9rie TV Sex in the City) lesbienne et f\u00e9ministe assum\u00e9e. <a href=\"https:\/\/www.youtube.com\/watch?v=dFavdG_l8nE\">\u00ab Be a lady they said \u00bb<\/a> est un spot dans lequel elle liste toutes les injonctions, souvent contradictoires, faites aux femmes, afin que celles-ci r\u00e9pondent \u00e0 toutes les normes f\u00e9minines.<\/p>\n\n\n\n<p>Pour autant, ma d\u00e9marche ne se voulait pas vindicative (le reflet d\u2019un combat entre l\u2019homme et la femme), mais qu\u2019elle prenne une forme plus sensuelle. Comme ses sous-v\u00eatements d\u00e9pos\u00e9s n\u00e9gligemment sur un lit afin qu\u2019une fois lib\u00e9r\u00e9e de tous ces carcans, la femme s\u2019offre au regard d\u2019un homme, dans la r\u00e9alit\u00e9 de sa nudit\u00e9<\/p>\n\n\n\n<h2 class=\"wp-block-heading\">Alain&nbsp;Cortesi<\/h2>\n\n\n<div class=\"wp-block-image\">\n<figure class=\"alignleft size-full is-resized\"><img decoding=\"async\" width=\"449\" height=\"376\" src=\"https:\/\/sceaux-lagazette.fr\/wp-content\/uploads\/2026\/02\/image-1.jpg\" alt=\"\" class=\"wp-image-45429\" style=\"width:278px;height:auto\" srcset=\"https:\/\/sceaux-lagazette.fr\/wp-content\/uploads\/2026\/02\/image-1.jpg 449w, https:\/\/sceaux-lagazette.fr\/wp-content\/uploads\/2026\/02\/image-1-300x251.jpg 300w\" sizes=\"(max-width: 449px) 100vw, 449px\" \/><\/figure><\/div>\n\n\n<p>Loin de se cantonner au textile traditionnel, <a href=\"https:\/\/alaincortesi.com\/\">Alain Cortesi<\/a> associe photographie et mati\u00e8res textiles r\u00e9alis\u00e9es par des artisans locaux. Ses pi\u00e8ces jouent avec le relief et la profondeur, cr\u00e9ant des images o\u00f9 le tissu devient composante narrative.<\/p>\n\n\n\n<p><strong>Pierre Bozzonne. Vos cr\u00e9ations racontent-elles des histoires personnelles, des r\u00e9cits collectifs ou des impressions purement esth\u00e9tiques ?<\/strong><\/p>\n\n\n\n<p><strong>Alain Cortesi.<\/strong> J\u2019avais envie d\u2019associer des photos que j\u2019avais prises dans de petits villages isol\u00e9s d\u2019Inde en y associant le travail r\u00e9alis\u00e9 par des artisans locaux. Ma d\u00e9marche ne rev\u00eat pas un souci esth\u00e9tique. C\u2019est plus une d\u00e9marche ethnologique qui m\u2019accompagne\u00a0: d\u00e9couvrir leur quotidien, leurs difficult\u00e9s \u00e9conomiques, montrer les mat\u00e9riaux qu\u2019ils utilisent, les tissus qu\u2019ils brodent patiemment et qu\u2019ils revendent. Ces photos sont donc un t\u00e9moignage, pour faire mieux conna\u00eetre leurs r\u00e9alisations et leur savoir-faire.<\/p>\n\n\n\n<h2 class=\"wp-block-heading\">Sylvie Bourgougnon<\/h2>\n\n\n<div class=\"wp-block-image\">\n<figure class=\"alignleft size-full is-resized\"><img decoding=\"async\" width=\"129\" height=\"151\" src=\"https:\/\/sceaux-lagazette.fr\/wp-content\/uploads\/2026\/02\/image.png\" alt=\"\" class=\"wp-image-45430\" style=\"width:268px;height:auto\"\/><\/figure><\/div>\n\n\n<p>Brodeuse, <a href=\"https:\/\/laturbinecreative.fr\/artisan-createur\/sylvie-bourgougnon\/\">Sylvie Bourgougnon<\/a> m\u00eale finesse et abstraction. \u00c0 travers des compositions travaill\u00e9es aussi bien sur tissu que sur papier, elle tisse des formes organiques et g\u00e9om\u00e9triques o\u00f9 la couleur dialogue avec le trait du fil, cr\u00e9ant des \u0153uvres qui oscillent entre rigueur et po\u00e9sie.<\/p>\n\n\n\n<p><strong>Pierre Bozzonne. Pouvez-vous nous raconter comment vous \u00eates arriv\u00e9e \u00e0 travailler le textile comme m\u00e9dium artistique ?<\/strong><\/p>\n\n\n\n<p><strong>Sylvie Bourgougnon.<\/strong> J\u2019ai toujours ressenti comme une n\u00e9cessit\u00e9 existentielle de m\u2019attaquer \u00e0 la broderie. Lorsque mes enfants \u00e9taient petits et qu\u2019ils dessinaient, cela m\u2019a donn\u00e9 une premi\u00e8re envie de les accompagner. Et il y a une dizaine d\u2019ann\u00e9es, je me suis lanc\u00e9e. Il ne se passe pas une journ\u00e9e sans que je m\u2019y adonne. J\u2019ai d\u00e9couvert tout \u00e0 fait par hasard que mon arri\u00e8re-grand-m\u00e8re \u00e9tait brodeuse de m\u00e9tier. \u00c7a a \u00e9t\u00e9 pour moi autant un choc qu\u2019une r\u00e9v\u00e9lation. J\u2019aime l\u2019id\u00e9e qu\u2019une transmission g\u00e9n\u00e9rationnelle se soit ainsi op\u00e9r\u00e9e. Je ne l\u2019ai pas connu r\u00e9ellement. J\u2019ai qu\u2019une seule photo sur laquelle on me voit, poser avec elle. J\u2019avais un an \u00e0 peine. J\u2019ai \u00e9galement conserv\u00e9 une lettre sur laquelle elle \u00e9crit qu\u2019elle avait \u00e9t\u00e9 tr\u00e8s heureuse d\u2019avoir fait ma connaissance. C\u2019est tout. Je pense beaucoup \u00e0 elle, en brodant. Cette femme venue de Sicile m\u2019inspire beaucoup de fa\u00e7on inconsciente.<br>Le textile est un langage pour moi. C\u2019est avant tout des trames, des \u00e9paisseurs, des couleurs. C\u2018est donc de la mati\u00e8re. Et cette mati\u00e8re-l\u00e0 guide mes r\u00e9alisations.<\/p>\n\n\n\n<h2 class=\"wp-block-heading\">Tatiana Ol\u00e9a<\/h2>\n\n\n<div class=\"wp-block-image\">\n<figure class=\"alignleft size-full is-resized\"><img decoding=\"async\" width=\"385\" height=\"524\" src=\"https:\/\/sceaux-lagazette.fr\/wp-content\/uploads\/2026\/02\/image-1-1.jpg\" alt=\"\" class=\"wp-image-45431\" style=\"width:264px;height:auto\" srcset=\"https:\/\/sceaux-lagazette.fr\/wp-content\/uploads\/2026\/02\/image-1-1.jpg 385w, https:\/\/sceaux-lagazette.fr\/wp-content\/uploads\/2026\/02\/image-1-1-220x300.jpg 220w\" sizes=\"(max-width: 385px) 100vw, 385px\" \/><\/figure><\/div>\n\n\n<p>Plasticienne textile, <a href=\"https:\/\/www.instagram.com\/tatianaoleadesigns\/?hl=fr\">Tatiana Ol\u00e9a<\/a> place la mati\u00e8re au c\u0153ur de sa d\u00e9marche. En r\u00e9utilisant fils, tissus et objets d\u00e9j\u00e0 v\u00e9cus, elle invite le spectateur \u00e0 s\u2019interroger sur le rapport au corps, \u00e0 la f\u00e9minit\u00e9 et \u00e0 l\u2019expression de soi.<\/p>\n\n\n\n<p><strong>Pierre Bozzonne. Y a-t-il un message ou un questionnement que vous cherchez \u00e0 transmettre \u00e0 travers vos cr\u00e9ations textiles?<\/strong><\/p>\n\n\n\n<p><strong>Tatiana Ol\u00e9a. <\/strong>J\u2019ai d\u00e9but\u00e9 par la r\u00e9alisation de bijoux. En m\u00eame temps, j\u2019ai toujours \u00e9t\u00e9 attir\u00e9 par le textile. Cette r\u00e9alisation par exemple, repr\u00e9sente mon pays, le P\u00e9rou. Elle est singuli\u00e8re. D\u2019habitude, je r\u00e9alise des \u0153uvres purement monochromes. (j\u2019ai beaucoup de mal avec les couleurs). Mais paradoxalement, j\u2019ai eu envie, en r\u00e9cup\u00e9rant des tissus tr\u00e8s color\u00e9s, d\u2019inviter la couleur. Parce que mon pays est un pays de couleurs.<\/p>\n\n\n\n<p>J\u2019ai aussi r\u00e9alis\u00e9 et accroch\u00e9 des \u0153uvres en fonction du cahier des charges de l\u2019exposition\u00a0: \u00ab\u00a0la f\u00e9minit\u00e9\u00a0\u00bb. Dans un triptyque, on d\u00e9couvre trois \u0153uvres c\u00e9l\u00e9brant la femme\u00a0: la virginit\u00e9 (une r\u00e9alisation de couleur blanche et \u00e9crue), le sang (de couleur rouge qui rappelle les menstruations) et les interdictions (une composition beaucoup plus sombre). Vous pourrez observer qu\u2019une place est toujours laiss\u00e9e au mouvement.<\/p>\n\n\n\n<h2 class=\"wp-block-heading\">Solange Lasbleis<\/h2>\n\n\n<div class=\"wp-block-image\">\n<figure class=\"alignleft size-full is-resized\"><img decoding=\"async\" width=\"275\" height=\"327\" src=\"https:\/\/sceaux-lagazette.fr\/wp-content\/uploads\/2026\/02\/image-1.png\" alt=\"\" class=\"wp-image-45432\" style=\"width:276px;height:auto\" srcset=\"https:\/\/sceaux-lagazette.fr\/wp-content\/uploads\/2026\/02\/image-1.png 275w, https:\/\/sceaux-lagazette.fr\/wp-content\/uploads\/2026\/02\/image-1-252x300.png 252w\" sizes=\"(max-width: 275px) 100vw, 275px\" \/><\/figure><\/div>\n\n\n<p>Les \u0153uvres pr\u00e9sent\u00e9es s\u2019apparentent \u00e0 des portraits textiles inspir\u00e9s de la peinture, o\u00f9 le visage f\u00e9minin occupe une place centrale. Solange Lasbleis transpose la mati\u00e8re textile en un langage expressif, donnant au fil la m\u00eame puissance que le pinceau.<\/p>\n\n\n\n<p><strong>Pierre Bozzonne. Est-ce que votre d\u00e9marche artistique est influenc\u00e9e par des exp\u00e9riences, des souvenirs ou des lieux sp\u00e9cifiques<\/strong> ?<\/p>\n\n\n\n<p><strong>Solange Lasbleis.<\/strong> <em>Ici, c\u2019est plut\u00f4t par des \u0153uvres. J<\/em>\u2019ai d\u00e9couvert le textile gr\u00e2ce \u00e0 une artiste tr\u00e8s connue, Fanny Viollet dont j\u2019ai \u00e9t\u00e9 l\u2019\u00e9l\u00e8ve. Elle m\u2019a appris les techniques particuli\u00e8res du travail sur machine (le piquet libre, etc.)\u00a0 \u00e0 l\u2019aide de fils.<\/p>\n\n\n\n<p>Je travaille en m\u2019inspirant du travail du peintre\u00a0: l\u2019aiguille avance progressivement en \u00e9vitant toute reprise. Ce qui permet d\u2019offrir le m\u00eame ombrage qu\u2019un pinceau sur une toile. Je reproduis ici, trois figures f\u00e9minines, r\u00e9alis\u00e9es par trois ma\u00eetres\u00a0: Picasso, Modigliani et Derain. C\u2019est un hommage \u00e0 la femme \u00e0 travers trois \u00e9poques diff\u00e9rentes de l\u2019histoire de l\u2019art\u00a0: Le Cubisme, l\u2019\u00e9cole de Paris et le fauvisme.<\/p>\n\n\n\n<h2 class=\"wp-block-heading\">B\u00e9n\u00e9dicte Dubois<\/h2>\n\n\n<div class=\"wp-block-image\">\n<figure class=\"alignleft size-full is-resized\"><img decoding=\"async\" width=\"422\" height=\"573\" src=\"https:\/\/sceaux-lagazette.fr\/wp-content\/uploads\/2026\/02\/image-2.jpg\" alt=\"\" class=\"wp-image-45433\" style=\"width:288px;height:auto\" srcset=\"https:\/\/sceaux-lagazette.fr\/wp-content\/uploads\/2026\/02\/image-2.jpg 422w, https:\/\/sceaux-lagazette.fr\/wp-content\/uploads\/2026\/02\/image-2-221x300.jpg 221w\" sizes=\"(max-width: 422px) 100vw, 422px\" \/><\/figure><\/div>\n\n\n<p>Son travail engage une r\u00e9flexion soci\u00e9tale sur l\u2019environnement et les questions de genre. <a href=\"https:\/\/www.facebook.com\/Bilidine\/\">B\u00e9n\u00e9dicte Dubois<\/a> utilise la broderie pour interroger l\u2019\u00e9cologie et le f\u00e9minisme, transformant un savoir\u2011faire traditionnel en outil critique et contemporain.<\/p>\n\n\n\n<p><strong>Pierre Bozzonne. Pouvez-vous pr\u00e9senter et dire comment vous dialoguez, consciemment ou non, avec les autres artistes rassembl\u00e9s dans cette exposition collective&nbsp;?<\/strong><\/p>\n\n\n\n<p><strong>B\u00e9n\u00e9dicte Dubois.<\/strong> Apr\u00e8s l\u2019obtention de mon dipl\u00f4me des M\u00e9tiers d\u2019Arts et de textile, je me suis lanc\u00e9e dans la cr\u00e9ation. Mes \u0153uvres interrogent la place des femmes dans la soci\u00e9t\u00e9, leurs combats. Sur cette robe ancienne blanche, j\u2019ai reproduit par \u00e9crit \u00ab\u00a0l\u2019hymne des femmes\u00a0\u00bb cr\u00e9\u00e9 collectivement par des militantes f\u00e9ministes parisiennes devenu un embl\u00e8me du Mouvement de lib\u00e9ration des femmes.<\/p>\n\n\n\n<p>Le dialogue se produit parfois au hasard des rencontres comme ici, avec <strong>LiliCamiron <\/strong>quitravaille avec des fils de fer et qui interroge \u00e9galement le corps et la place des femmes dans la soci\u00e9t\u00e9.<\/p>\n\n\n\n<hr class=\"wp-block-separator has-alpha-channel-opacity\"\/>\n\n\n\n<p><strong>A NOTER<\/strong>&nbsp;: Les samedis 7 et 14 mars, \u00e0 16h (<a href=\"mailto:culture@fontenay-aux-roses.fr\">sur inscription<\/a>), des artistes animeront un atelier d\u2019initiation \u00e0 la broderie pour d\u00e9couvrir les points de base et cr\u00e9er de premiers motifs.<\/p>\n\n\n\n<p><strong>POUR EN VOIR PLUS<\/strong>&nbsp;: <a href=\"https:\/\/www.instagram.com\/p\/DUafQHXDG0Y\/\">Le site Insta de l\u2019expo.<\/a><\/p>\n\n\n\n<p><\/p>\n","protected":false},"excerpt":{"rendered":"<p>L\u2019Espace Rosa Bonheur de Fontenay-aux Roses accueille du 24 f\u00e9vrier au 15 mars 2026, des artistes de la ville. L\u2019exposition Rencontres Textiles 2 propose sur la quinzaine de jours de transformer la mati\u00e8re tiss\u00e9e en langage visuel et narratif, invitant le public \u00e0 d\u00e9couvrir comment fibres et fils peuvent porter&#8230;<\/p>\n","protected":false},"author":46,"featured_media":45436,"comment_status":"open","ping_status":"open","sticky":false,"template":"","format":"standard","meta":{"om_disable_all_campaigns":false,"_monsterinsights_skip_tracking":false,"_monsterinsights_sitenote_active":false,"_monsterinsights_sitenote_note":"","_monsterinsights_sitenote_category":0,"_uf_show_specific_survey":0,"_uf_disable_surveys":false,"footnotes":""},"categories":[264],"tags":[],"class_list":["post-45426","post","type-post","status-publish","format-standard","has-post-thumbnail","hentry","category-fontenay-aux-roses","entry","simple"],"yoast_head":"<!-- This site is optimized with the Yoast SEO plugin v25.6 - https:\/\/yoast.com\/wordpress\/plugins\/seo\/ -->\n<title>Exposition Rencontre Textiles \u00e0 Fontenay-aux-Roses : Art - La Gazette<\/title>\n<meta name=\"robots\" content=\"index, follow, max-snippet:-1, max-image-preview:large, max-video-preview:-1\" \/>\n<link rel=\"canonical\" href=\"https:\/\/sceaux-lagazette.fr\/index.php\/2026\/03\/03\/le-textile-comme-medium-artistique\/\" \/>\n<meta property=\"og:locale\" content=\"fr_FR\" \/>\n<meta property=\"og:type\" content=\"article\" \/>\n<meta property=\"og:title\" content=\"Exposition Rencontre Textiles \u00e0 Fontenay-aux-Roses : Art - La Gazette\" \/>\n<meta property=\"og:description\" content=\"L\u2019Espace Rosa Bonheur de Fontenay-aux Roses accueille du 24 f\u00e9vrier au 15 mars 2026, des artistes de la ville. L\u2019exposition Rencontres Textiles 2 propose sur la quinzaine de jours de transformer la mati\u00e8re tiss\u00e9e en langage visuel et narratif, invitant le public \u00e0 d\u00e9couvrir comment fibres et fils peuvent porter&#8230;\" \/>\n<meta property=\"og:url\" content=\"https:\/\/sceaux-lagazette.fr\/index.php\/2026\/03\/03\/le-textile-comme-medium-artistique\/\" \/>\n<meta property=\"og:site_name\" content=\"La Gazette\" \/>\n<meta property=\"article:published_time\" content=\"2026-03-03T07:30:05+00:00\" \/>\n<meta property=\"article:modified_time\" content=\"2026-04-01T16:34:12+00:00\" \/>\n<meta property=\"og:image\" content=\"https:\/\/sceaux-lagazette.fr\/wp-content\/uploads\/2026\/02\/Textiles-2-fevrier-2026-FAR.jpg\" \/>\n\t<meta property=\"og:image:width\" content=\"960\" \/>\n\t<meta property=\"og:image:height\" content=\"599\" \/>\n\t<meta property=\"og:image:type\" content=\"image\/jpeg\" \/>\n<meta name=\"author\" content=\"Pierre Bozzonne\" \/>\n<meta name=\"twitter:card\" content=\"summary_large_image\" \/>\n<meta name=\"twitter:label1\" content=\"\u00c9crit par\" \/>\n\t<meta name=\"twitter:data1\" content=\"Pierre Bozzonne\" \/>\n\t<meta name=\"twitter:label2\" content=\"Dur\u00e9e de lecture estim\u00e9e\" \/>\n\t<meta name=\"twitter:data2\" content=\"8 minutes\" \/>\n<script type=\"application\/ld+json\" class=\"yoast-schema-graph\">{\"@context\":\"https:\/\/schema.org\",\"@graph\":[{\"@type\":\"Article\",\"@id\":\"https:\/\/sceaux-lagazette.fr\/index.php\/2026\/03\/03\/le-textile-comme-medium-artistique\/#article\",\"isPartOf\":{\"@id\":\"https:\/\/sceaux-lagazette.fr\/index.php\/2026\/03\/03\/le-textile-comme-medium-artistique\/\"},\"author\":{\"name\":\"Pierre Bozzonne\",\"@id\":\"https:\/\/sceaux-lagazette.fr\/#\/schema\/person\/fc66afcc3e1fb790b5c83a90d0b83e6a\"},\"headline\":\"Le textile comme m\u00e9dium artistique\",\"datePublished\":\"2026-03-03T07:30:05+00:00\",\"dateModified\":\"2026-04-01T16:34:12+00:00\",\"mainEntityOfPage\":{\"@id\":\"https:\/\/sceaux-lagazette.fr\/index.php\/2026\/03\/03\/le-textile-comme-medium-artistique\/\"},\"wordCount\":1431,\"commentCount\":2,\"publisher\":{\"@id\":\"https:\/\/sceaux-lagazette.fr\/#organization\"},\"image\":{\"@id\":\"https:\/\/sceaux-lagazette.fr\/index.php\/2026\/03\/03\/le-textile-comme-medium-artistique\/#primaryimage\"},\"thumbnailUrl\":\"https:\/\/sceaux-lagazette.fr\/wp-content\/uploads\/2026\/02\/Textiles-2-fevrier-2026-FAR.jpg\",\"articleSection\":[\"Fontenay-aux-Roses\"],\"inLanguage\":\"fr-FR\",\"potentialAction\":[{\"@type\":\"CommentAction\",\"name\":\"Comment\",\"target\":[\"https:\/\/sceaux-lagazette.fr\/index.php\/2026\/03\/03\/le-textile-comme-medium-artistique\/#respond\"]}]},{\"@type\":\"WebPage\",\"@id\":\"https:\/\/sceaux-lagazette.fr\/index.php\/2026\/03\/03\/le-textile-comme-medium-artistique\/\",\"url\":\"https:\/\/sceaux-lagazette.fr\/index.php\/2026\/03\/03\/le-textile-comme-medium-artistique\/\",\"name\":\"Exposition Rencontre Textiles \u00e0 Fontenay-aux-Roses : Art - La Gazette\",\"isPartOf\":{\"@id\":\"https:\/\/sceaux-lagazette.fr\/#website\"},\"primaryImageOfPage\":{\"@id\":\"https:\/\/sceaux-lagazette.fr\/index.php\/2026\/03\/03\/le-textile-comme-medium-artistique\/#primaryimage\"},\"image\":{\"@id\":\"https:\/\/sceaux-lagazette.fr\/index.php\/2026\/03\/03\/le-textile-comme-medium-artistique\/#primaryimage\"},\"thumbnailUrl\":\"https:\/\/sceaux-lagazette.fr\/wp-content\/uploads\/2026\/02\/Textiles-2-fevrier-2026-FAR.jpg\",\"datePublished\":\"2026-03-03T07:30:05+00:00\",\"dateModified\":\"2026-04-01T16:34:12+00:00\",\"breadcrumb\":{\"@id\":\"https:\/\/sceaux-lagazette.fr\/index.php\/2026\/03\/03\/le-textile-comme-medium-artistique\/#breadcrumb\"},\"inLanguage\":\"fr-FR\",\"potentialAction\":[{\"@type\":\"ReadAction\",\"target\":[\"https:\/\/sceaux-lagazette.fr\/index.php\/2026\/03\/03\/le-textile-comme-medium-artistique\/\"]}]},{\"@type\":\"ImageObject\",\"inLanguage\":\"fr-FR\",\"@id\":\"https:\/\/sceaux-lagazette.fr\/index.php\/2026\/03\/03\/le-textile-comme-medium-artistique\/#primaryimage\",\"url\":\"https:\/\/sceaux-lagazette.fr\/wp-content\/uploads\/2026\/02\/Textiles-2-fevrier-2026-FAR.jpg\",\"contentUrl\":\"https:\/\/sceaux-lagazette.fr\/wp-content\/uploads\/2026\/02\/Textiles-2-fevrier-2026-FAR.jpg\",\"width\":960,\"height\":599},{\"@type\":\"BreadcrumbList\",\"@id\":\"https:\/\/sceaux-lagazette.fr\/index.php\/2026\/03\/03\/le-textile-comme-medium-artistique\/#breadcrumb\",\"itemListElement\":[{\"@type\":\"ListItem\",\"position\":1,\"name\":\"Accueil\",\"item\":\"https:\/\/sceaux-lagazette.fr\/\"},{\"@type\":\"ListItem\",\"position\":2,\"name\":\"Le textile comme m\u00e9dium artistique\"}]},{\"@type\":\"WebSite\",\"@id\":\"https:\/\/sceaux-lagazette.fr\/#website\",\"url\":\"https:\/\/sceaux-lagazette.fr\/\",\"name\":\"La Gazette\",\"description\":\"Bourg-la-Reine, Ch\u00e2tenay, Fontenay, Sceaux\",\"publisher\":{\"@id\":\"https:\/\/sceaux-lagazette.fr\/#organization\"},\"potentialAction\":[{\"@type\":\"SearchAction\",\"target\":{\"@type\":\"EntryPoint\",\"urlTemplate\":\"https:\/\/sceaux-lagazette.fr\/?s={search_term_string}\"},\"query-input\":{\"@type\":\"PropertyValueSpecification\",\"valueRequired\":true,\"valueName\":\"search_term_string\"}}],\"inLanguage\":\"fr-FR\"},{\"@type\":\"Organization\",\"@id\":\"https:\/\/sceaux-lagazette.fr\/#organization\",\"name\":\"La Gazette\",\"url\":\"https:\/\/sceaux-lagazette.fr\/\",\"logo\":{\"@type\":\"ImageObject\",\"inLanguage\":\"fr-FR\",\"@id\":\"https:\/\/sceaux-lagazette.fr\/#\/schema\/logo\/image\/\",\"url\":\"https:\/\/sceaux-lagazette.fr\/wp-content\/uploads\/2025\/08\/Logo-Gazette-Aout-2025-V3.jpg\",\"contentUrl\":\"https:\/\/sceaux-lagazette.fr\/wp-content\/uploads\/2025\/08\/Logo-Gazette-Aout-2025-V3.jpg\",\"width\":525,\"height\":130,\"caption\":\"La Gazette\"},\"image\":{\"@id\":\"https:\/\/sceaux-lagazette.fr\/#\/schema\/logo\/image\/\"}},{\"@type\":\"Person\",\"@id\":\"https:\/\/sceaux-lagazette.fr\/#\/schema\/person\/fc66afcc3e1fb790b5c83a90d0b83e6a\",\"name\":\"Pierre Bozzonne\",\"image\":{\"@type\":\"ImageObject\",\"inLanguage\":\"fr-FR\",\"@id\":\"https:\/\/sceaux-lagazette.fr\/#\/schema\/person\/image\/\",\"url\":\"https:\/\/secure.gravatar.com\/avatar\/c4f964cef1aa41a485b745cba2cc0047?s=96&r=g\",\"contentUrl\":\"https:\/\/secure.gravatar.com\/avatar\/c4f964cef1aa41a485b745cba2cc0047?s=96&r=g\",\"caption\":\"Pierre Bozzonne\"},\"url\":\"https:\/\/sceaux-lagazette.fr\/index.php\/author\/pierre-bozzonne\/\"}]}<\/script>\n<!-- \/ Yoast SEO plugin. -->","yoast_head_json":{"title":"Exposition Rencontre Textiles \u00e0 Fontenay-aux-Roses : Art - La Gazette","robots":{"index":"index","follow":"follow","max-snippet":"max-snippet:-1","max-image-preview":"max-image-preview:large","max-video-preview":"max-video-preview:-1"},"canonical":"https:\/\/sceaux-lagazette.fr\/index.php\/2026\/03\/03\/le-textile-comme-medium-artistique\/","og_locale":"fr_FR","og_type":"article","og_title":"Exposition Rencontre Textiles \u00e0 Fontenay-aux-Roses : Art - La Gazette","og_description":"L\u2019Espace Rosa Bonheur de Fontenay-aux Roses accueille du 24 f\u00e9vrier au 15 mars 2026, des artistes de la ville. L\u2019exposition Rencontres Textiles 2 propose sur la quinzaine de jours de transformer la mati\u00e8re tiss\u00e9e en langage visuel et narratif, invitant le public \u00e0 d\u00e9couvrir comment fibres et fils peuvent porter&#8230;","og_url":"https:\/\/sceaux-lagazette.fr\/index.php\/2026\/03\/03\/le-textile-comme-medium-artistique\/","og_site_name":"La Gazette","article_published_time":"2026-03-03T07:30:05+00:00","article_modified_time":"2026-04-01T16:34:12+00:00","og_image":[{"width":960,"height":599,"url":"https:\/\/sceaux-lagazette.fr\/wp-content\/uploads\/2026\/02\/Textiles-2-fevrier-2026-FAR.jpg","type":"image\/jpeg"}],"author":"Pierre Bozzonne","twitter_card":"summary_large_image","twitter_misc":{"\u00c9crit par":"Pierre Bozzonne","Dur\u00e9e de lecture estim\u00e9e":"8 minutes"},"schema":{"@context":"https:\/\/schema.org","@graph":[{"@type":"Article","@id":"https:\/\/sceaux-lagazette.fr\/index.php\/2026\/03\/03\/le-textile-comme-medium-artistique\/#article","isPartOf":{"@id":"https:\/\/sceaux-lagazette.fr\/index.php\/2026\/03\/03\/le-textile-comme-medium-artistique\/"},"author":{"name":"Pierre Bozzonne","@id":"https:\/\/sceaux-lagazette.fr\/#\/schema\/person\/fc66afcc3e1fb790b5c83a90d0b83e6a"},"headline":"Le textile comme m\u00e9dium artistique","datePublished":"2026-03-03T07:30:05+00:00","dateModified":"2026-04-01T16:34:12+00:00","mainEntityOfPage":{"@id":"https:\/\/sceaux-lagazette.fr\/index.php\/2026\/03\/03\/le-textile-comme-medium-artistique\/"},"wordCount":1431,"commentCount":2,"publisher":{"@id":"https:\/\/sceaux-lagazette.fr\/#organization"},"image":{"@id":"https:\/\/sceaux-lagazette.fr\/index.php\/2026\/03\/03\/le-textile-comme-medium-artistique\/#primaryimage"},"thumbnailUrl":"https:\/\/sceaux-lagazette.fr\/wp-content\/uploads\/2026\/02\/Textiles-2-fevrier-2026-FAR.jpg","articleSection":["Fontenay-aux-Roses"],"inLanguage":"fr-FR","potentialAction":[{"@type":"CommentAction","name":"Comment","target":["https:\/\/sceaux-lagazette.fr\/index.php\/2026\/03\/03\/le-textile-comme-medium-artistique\/#respond"]}]},{"@type":"WebPage","@id":"https:\/\/sceaux-lagazette.fr\/index.php\/2026\/03\/03\/le-textile-comme-medium-artistique\/","url":"https:\/\/sceaux-lagazette.fr\/index.php\/2026\/03\/03\/le-textile-comme-medium-artistique\/","name":"Exposition Rencontre Textiles \u00e0 Fontenay-aux-Roses : Art - La Gazette","isPartOf":{"@id":"https:\/\/sceaux-lagazette.fr\/#website"},"primaryImageOfPage":{"@id":"https:\/\/sceaux-lagazette.fr\/index.php\/2026\/03\/03\/le-textile-comme-medium-artistique\/#primaryimage"},"image":{"@id":"https:\/\/sceaux-lagazette.fr\/index.php\/2026\/03\/03\/le-textile-comme-medium-artistique\/#primaryimage"},"thumbnailUrl":"https:\/\/sceaux-lagazette.fr\/wp-content\/uploads\/2026\/02\/Textiles-2-fevrier-2026-FAR.jpg","datePublished":"2026-03-03T07:30:05+00:00","dateModified":"2026-04-01T16:34:12+00:00","breadcrumb":{"@id":"https:\/\/sceaux-lagazette.fr\/index.php\/2026\/03\/03\/le-textile-comme-medium-artistique\/#breadcrumb"},"inLanguage":"fr-FR","potentialAction":[{"@type":"ReadAction","target":["https:\/\/sceaux-lagazette.fr\/index.php\/2026\/03\/03\/le-textile-comme-medium-artistique\/"]}]},{"@type":"ImageObject","inLanguage":"fr-FR","@id":"https:\/\/sceaux-lagazette.fr\/index.php\/2026\/03\/03\/le-textile-comme-medium-artistique\/#primaryimage","url":"https:\/\/sceaux-lagazette.fr\/wp-content\/uploads\/2026\/02\/Textiles-2-fevrier-2026-FAR.jpg","contentUrl":"https:\/\/sceaux-lagazette.fr\/wp-content\/uploads\/2026\/02\/Textiles-2-fevrier-2026-FAR.jpg","width":960,"height":599},{"@type":"BreadcrumbList","@id":"https:\/\/sceaux-lagazette.fr\/index.php\/2026\/03\/03\/le-textile-comme-medium-artistique\/#breadcrumb","itemListElement":[{"@type":"ListItem","position":1,"name":"Accueil","item":"https:\/\/sceaux-lagazette.fr\/"},{"@type":"ListItem","position":2,"name":"Le textile comme m\u00e9dium artistique"}]},{"@type":"WebSite","@id":"https:\/\/sceaux-lagazette.fr\/#website","url":"https:\/\/sceaux-lagazette.fr\/","name":"La Gazette","description":"Bourg-la-Reine, Ch\u00e2tenay, Fontenay, Sceaux","publisher":{"@id":"https:\/\/sceaux-lagazette.fr\/#organization"},"potentialAction":[{"@type":"SearchAction","target":{"@type":"EntryPoint","urlTemplate":"https:\/\/sceaux-lagazette.fr\/?s={search_term_string}"},"query-input":{"@type":"PropertyValueSpecification","valueRequired":true,"valueName":"search_term_string"}}],"inLanguage":"fr-FR"},{"@type":"Organization","@id":"https:\/\/sceaux-lagazette.fr\/#organization","name":"La Gazette","url":"https:\/\/sceaux-lagazette.fr\/","logo":{"@type":"ImageObject","inLanguage":"fr-FR","@id":"https:\/\/sceaux-lagazette.fr\/#\/schema\/logo\/image\/","url":"https:\/\/sceaux-lagazette.fr\/wp-content\/uploads\/2025\/08\/Logo-Gazette-Aout-2025-V3.jpg","contentUrl":"https:\/\/sceaux-lagazette.fr\/wp-content\/uploads\/2025\/08\/Logo-Gazette-Aout-2025-V3.jpg","width":525,"height":130,"caption":"La Gazette"},"image":{"@id":"https:\/\/sceaux-lagazette.fr\/#\/schema\/logo\/image\/"}},{"@type":"Person","@id":"https:\/\/sceaux-lagazette.fr\/#\/schema\/person\/fc66afcc3e1fb790b5c83a90d0b83e6a","name":"Pierre Bozzonne","image":{"@type":"ImageObject","inLanguage":"fr-FR","@id":"https:\/\/sceaux-lagazette.fr\/#\/schema\/person\/image\/","url":"https:\/\/secure.gravatar.com\/avatar\/c4f964cef1aa41a485b745cba2cc0047?s=96&r=g","contentUrl":"https:\/\/secure.gravatar.com\/avatar\/c4f964cef1aa41a485b745cba2cc0047?s=96&r=g","caption":"Pierre Bozzonne"},"url":"https:\/\/sceaux-lagazette.fr\/index.php\/author\/pierre-bozzonne\/"}]}},"cc_featured_image_caption":{"caption_text":"Photo: P. Bozzonne","source_text":"","source_url":""},"_links":{"self":[{"href":"https:\/\/sceaux-lagazette.fr\/index.php\/wp-json\/wp\/v2\/posts\/45426"}],"collection":[{"href":"https:\/\/sceaux-lagazette.fr\/index.php\/wp-json\/wp\/v2\/posts"}],"about":[{"href":"https:\/\/sceaux-lagazette.fr\/index.php\/wp-json\/wp\/v2\/types\/post"}],"author":[{"embeddable":true,"href":"https:\/\/sceaux-lagazette.fr\/index.php\/wp-json\/wp\/v2\/users\/46"}],"replies":[{"embeddable":true,"href":"https:\/\/sceaux-lagazette.fr\/index.php\/wp-json\/wp\/v2\/comments?post=45426"}],"version-history":[{"count":5,"href":"https:\/\/sceaux-lagazette.fr\/index.php\/wp-json\/wp\/v2\/posts\/45426\/revisions"}],"predecessor-version":[{"id":45767,"href":"https:\/\/sceaux-lagazette.fr\/index.php\/wp-json\/wp\/v2\/posts\/45426\/revisions\/45767"}],"wp:featuredmedia":[{"embeddable":true,"href":"https:\/\/sceaux-lagazette.fr\/index.php\/wp-json\/wp\/v2\/media\/45436"}],"wp:attachment":[{"href":"https:\/\/sceaux-lagazette.fr\/index.php\/wp-json\/wp\/v2\/media?parent=45426"}],"wp:term":[{"taxonomy":"category","embeddable":true,"href":"https:\/\/sceaux-lagazette.fr\/index.php\/wp-json\/wp\/v2\/categories?post=45426"},{"taxonomy":"post_tag","embeddable":true,"href":"https:\/\/sceaux-lagazette.fr\/index.php\/wp-json\/wp\/v2\/tags?post=45426"}],"curies":[{"name":"wp","href":"https:\/\/api.w.org\/{rel}","templated":true}]}}