{"id":45234,"date":"2026-01-29T08:30:31","date_gmt":"2026-01-29T07:30:31","guid":{"rendered":"https:\/\/sceaux-lagazette.fr\/?p=45234"},"modified":"2026-01-28T22:27:10","modified_gmt":"2026-01-28T21:27:10","slug":"evenements-de-la-premiere-quinzaine-de-fevrier","status":"publish","type":"post","link":"https:\/\/sceaux-lagazette.fr\/index.php\/2026\/01\/29\/evenements-de-la-premiere-quinzaine-de-fevrier\/","title":{"rendered":"Ev\u00e9nements de la premi\u00e8re quinzaine de f\u00e9vrier"},"content":{"rendered":"\n<p>Pour cette quinzaine, la Gazette dirige le spot <strong>sur la 30<sup>e<\/sup> \u00e9dition de <em>La Science se livre<\/em><\/strong>du 7 au 21 f\u00e9vrier 2026. Le th\u00e8me de cette ann\u00e9e est <strong><em>Sciences et imaginaire(s)<\/em><\/strong>.<\/p>\n\n\n\n<p>Il s\u2019agit d\u2019une manifestation organis\u00e9e par le d\u00e9partement des Hauts-de-Seine dans les 26 communes des Hauts-de-Seine.<\/p>\n\n\n\n<p>Attention, plusieurs activit\u00e9s demandent des inscriptions. On se reportera sur les magazines de nos quatre communes pour en savoir plus (liens en fin d\u2019article) ou sur les sites des \u00e9tablissements d&rsquo;accueil..<\/p>\n\n\n\n<h2 class=\"wp-block-heading\">Bourg-la-Reine<\/h2>\n\n\n\n<p>A la M\u00e9diath\u00e8que Fran\u00e7ois Villon &#8211; 2, rue Le Bouvier.<\/p>\n\n\n\n<ul class=\"wp-block-list\">\n<li>Du 7 au 21 f\u00e9vrier&nbsp;: Exposition, <em>Objectif Lune<\/em>, organis\u00e9e par l&rsquo;\u00e9diteur S\u00e9pia et Bodoni. Une exploration des facettes de l\u2019astre. Tout public.<\/li>\n\n\n\n<li>Samedi 7 f\u00e9vrier \u00e0 16h : Spectacle. <em>Les herbes folles repoussent toujours,<\/em> par Nathalie Bondoux de la Compagnie Cont&rsquo;anim\u00e9s. A partir de 7 ans.<\/li>\n\n\n\n<li>Vendredi 13 f\u00e9vrier \u00e0 19h : Conf\u00e9rence, rencontre : La Lune et son imaginaire, avec Charles Frankel, enseignant en plan\u00e9tologie et g\u00e9ologue.<\/li>\n\n\n\n<li>Samedi 14 f\u00e9vrier \u00e0 17h&nbsp;: Conf\u00e9rence, <em>La lumi\u00e8re dans l&rsquo;art.<\/em><\/li>\n<\/ul>\n\n\n\n<h2 class=\"wp-block-heading\">Ch\u00e2tenay-Malabry<\/h2>\n\n\n\n<ul class=\"wp-block-list\">\n<li>Samedi 14 f\u00e9vrier, 14h30 et 16h&nbsp;: Atelier scientifique, <em>Les forces cach\u00e9es des Super-H\u00e9ros : Fictions et r\u00e9alit\u00e9s<\/em>. A partir de 7 ans. M\u00e9diath\u00e8que, 7-9 rue des Vall\u00e9es.<\/li>\n\n\n\n<li>Mercredi 18 f\u00e9vrier, \u00e0 16h\u00a0: Atelier scientifique, <em>La m\u00e9nagerie de l\u2019imaginaire, <\/em>anim\u00e9 par la Maison des sciences de Ch\u00e2tenay-Malabry. S\u00e9ance \u00e0 14h, pour les 6-10 ans. Biblioth\u00e8que Louis Aragon, place L\u00e9on Blum.<\/li>\n\n\n\n<li>Vendredi 20 f\u00e9vrier, \u00e0 12h30\u00a0: Sieste litt\u00e9raire et musicale. <em>La litt\u00e9rature fran\u00e7aise de l\u2019imaginaire.<\/em> M\u00e9diath\u00e8que.<\/li>\n<\/ul>\n\n\n\n<h2 class=\"wp-block-heading\">Fontenay-aux-Roses<\/h2>\n\n\n\n<ul class=\"wp-block-list\">\n<li>Jusqu\u2019au 28 f\u00e9vrier&nbsp;: Exposition, <em>M\u00e9tamorphoses de l\u2019inconnu<\/em> par Florence Huyar-Letourneur. M\u00e9diath\u00e8que.<\/li>\n\n\n\n<li>Mercredi 11 f\u00e9vrier \u00e0 10h30\u00a0: Mus\u00e9e num\u00e9rique, <em>Le g\u00e9nie de De Vinci<\/em>. Une exp\u00e9rience interactive m\u00ealant cr\u00e9ativit\u00e9 et sciences.<\/li>\n\n\n\n<li>Jeudi 12 f\u00e9vrier \u00e0 18h30\u00a0: Vernissage suivi d\u2019un concert d\u2019Iris Letourneur \u00e0 18h45, pour une d\u00e9couverte des \u0153uvres en musique.<\/li>\n\n\n\n<li>Samedi 14 f\u00e9vrier \u00e0 15h&nbsp;: Promenade scientifique \u00e0 travers l\u2019\u0153uvre de Florence Huyar-Letourneur. Visite guid\u00e9e de 30 minutes suivie d\u2019un temps d\u2019\u00e9changes. Diane Letourneur, docteure en microbiologie et fille de l\u2019artiste, pr\u00e9sentera et d\u00e9dicacera son ouvrage<em> Jeunes ann\u00e9es<\/em>.<\/li>\n\n\n\n<li>Samedi 21 f\u00e9vrier, \u00e0 16h&nbsp;: Conf\u00e9rence du CEA, <em>Le cerveau cr\u00e9atif et le sens de l&rsquo;esth\u00e9tique<\/em>.12 Place du ch\u00e2teau Sainte-Barbe.<\/li>\n<\/ul>\n\n\n\n<h2 class=\"wp-block-heading\">Sceaux<\/h2>\n\n\n\n<ul class=\"wp-block-list\">\n<li>Du 7 au 21 f\u00e9vrier&nbsp;: Expo Arnaud Rafaelian, illustrateur, sur des cr\u00e9atures de fiction avec une rencontre samedi 7 f\u00e9vrier, \u00e0 10h30. Biblioth\u00e8que, 7 rue Honor\u00e9 de Balzac.<\/li>\n\n\n\n<li>Samedi 7 f\u00e9vrier, \u00e0 15h30&nbsp;: Ateliers gratuits pour les enfants comme et conf\u00e9rence-d\u00e9bat autour de \u00ab faire de la science au cin\u00e9ma \u00bb (\u00e0 partir de 8 ans). Biblioth\u00e8que.<\/li>\n\n\n\n<li>Mercredi 11 f\u00e9vrier, \u00e0 16h : M\u00eames ateliers \u00e0 partir de 6 ans. Biblioth\u00e8que.<\/li>\n\n\n\n<li>Samedi 14 f\u00e9vrier, \u00e0 10h30 : Projection-rencontre avec la r\u00e9alisatrice japonaise Momoko Seto. Biblioth\u00e8que.<\/li>\n\n\n\n<li>Samedi 14 f\u00e9vrier, \u00e0 16h&nbsp;: Atelier scientifique intitul\u00e9 \u00ab L\u00e9onard de Vinci, pour les 8-12 ans. Biblioth\u00e8que.<\/li>\n\n\n\n<li>Dimanche 15 f\u00e9vrier, \u00e0 15h&nbsp;: <em>Les voyages imaginaires de l&rsquo;espace c\u00e9leste au XVIIe si\u00e8cle, <\/em>conf\u00e9rence anim\u00e9e par Sylvie Requemora, professeur des universit\u00e9s sp\u00e9cialiste de la litt\u00e9rature fran\u00e7aise du XVIIe si\u00e8cle. Petit Ch\u00e2teau.<\/li>\n\n\n\n<li>Mercredi 18 f\u00e9vrier, \u00e0 16h&nbsp;: Atelier scientifique autour des animaux imaginaires, pour les 5-7 ans. Biblioth\u00e8que.<\/li>\n<\/ul>\n\n\n\n<hr class=\"wp-block-separator has-alpha-channel-opacity\"\/>\n\n\n\n<h2 class=\"wp-block-heading\">Pour plus d\u2019information<\/h2>\n\n\n\n<p><a href=\".%20https:\/www.hauts-de-seine.fr\/lascienceselivre\">Le site du d\u00e9partement consacr\u00e9 \u00e0 la manifestation.<\/a><\/p>\n\n\n\n<h2 class=\"wp-block-heading\">Vers les magazines des communes<\/h2>\n\n\n\n<ul class=\"wp-block-list\">\n<li><strong>Agenda&nbsp;<a href=\"https:\/\/www.bourg-la-reine.fr\/10585-blr-magazine.htm\" target=\"_blank\" rel=\"noreferrer noopener\">Bourg-la Reine<\/a><\/strong><\/li>\n\n\n\n<li><strong>Agenda&nbsp;<a href=\"https:\/\/www.chatenay-malabry.fr\/publications-magazines\/\" target=\"_blank\" rel=\"noreferrer noopener\">Ch\u00e2tenay-Malabry<\/a><\/strong><\/li>\n\n\n\n<li><strong>Agenda&nbsp;<a href=\"https:\/\/www.fontenay-aux-roses.fr\/le-kiosque\/?currentCat=Fontenay+Mag\" target=\"_blank\" rel=\"noreferrer noopener\">Fontenay-aux-Roses<\/a><\/strong><\/li>\n\n\n\n<li><strong>Agenda&nbsp;<a href=\"https:\/\/www.sceaux.fr\/publications\" target=\"_blank\" rel=\"noreferrer noopener\">Sceaux<\/a><\/strong><\/li>\n<\/ul>\n","protected":false},"excerpt":{"rendered":"<p>Pour cette quinzaine, la Gazette dirige le spot sur la 30e \u00e9dition de La Science se livredu 7 au 21 f\u00e9vrier 2026. Le th\u00e8me de cette ann\u00e9e est Sciences et imaginaire(s). Il s\u2019agit d\u2019une manifestation organis\u00e9e par le d\u00e9partement des Hauts-de-Seine dans les 26 communes des Hauts-de-Seine. Attention, plusieurs activit\u00e9s&#8230;<\/p>\n","protected":false},"author":20,"featured_media":45237,"comment_status":"open","ping_status":"open","sticky":false,"template":"","format":"standard","meta":{"om_disable_all_campaigns":false,"_monsterinsights_skip_tracking":false,"_monsterinsights_sitenote_active":false,"_monsterinsights_sitenote_note":"","_monsterinsights_sitenote_category":0,"_uf_show_specific_survey":0,"_uf_disable_surveys":false,"footnotes":""},"categories":[265,263,264,266],"tags":[],"class_list":["post-45234","post","type-post","status-publish","format-standard","has-post-thumbnail","hentry","category-bourg-la-reine","category-chatenay-malabry","category-fontenay-aux-roses","category-sceaux","entry","simple"],"yoast_head":"<!-- This site is optimized with the Yoast SEO plugin v25.6 - https:\/\/yoast.com\/wordpress\/plugins\/seo\/ -->\n<title>Ev\u00e9nements de la premi\u00e8re quinzaine de f\u00e9vrier - La Gazette<\/title>\n<meta name=\"robots\" content=\"index, follow, max-snippet:-1, max-image-preview:large, max-video-preview:-1\" \/>\n<link rel=\"canonical\" href=\"https:\/\/sceaux-lagazette.fr\/index.php\/2026\/01\/29\/evenements-de-la-premiere-quinzaine-de-fevrier\/\" \/>\n<meta property=\"og:locale\" content=\"fr_FR\" \/>\n<meta property=\"og:type\" content=\"article\" \/>\n<meta property=\"og:title\" content=\"Ev\u00e9nements de la premi\u00e8re quinzaine de f\u00e9vrier - La Gazette\" \/>\n<meta property=\"og:description\" content=\"Pour cette quinzaine, la Gazette dirige le spot sur la 30e \u00e9dition de La Science se livredu 7 au 21 f\u00e9vrier 2026. Le th\u00e8me de cette ann\u00e9e est Sciences et imaginaire(s). Il s\u2019agit d\u2019une manifestation organis\u00e9e par le d\u00e9partement des Hauts-de-Seine dans les 26 communes des Hauts-de-Seine. Attention, plusieurs activit\u00e9s&#8230;\" \/>\n<meta property=\"og:url\" content=\"https:\/\/sceaux-lagazette.fr\/index.php\/2026\/01\/29\/evenements-de-la-premiere-quinzaine-de-fevrier\/\" \/>\n<meta property=\"og:site_name\" content=\"La Gazette\" \/>\n<meta property=\"article:published_time\" content=\"2026-01-29T07:30:31+00:00\" \/>\n<meta property=\"og:image\" content=\"https:\/\/sceaux-lagazette.fr\/wp-content\/uploads\/2026\/01\/La-science-se-livre-2026.jpg\" \/>\n\t<meta property=\"og:image:width\" content=\"918\" \/>\n\t<meta property=\"og:image:height\" content=\"462\" \/>\n\t<meta property=\"og:image:type\" content=\"image\/jpeg\" \/>\n<meta name=\"author\" content=\"LGdS\" \/>\n<meta name=\"twitter:card\" content=\"summary_large_image\" \/>\n<meta name=\"twitter:label1\" content=\"\u00c9crit par\" \/>\n\t<meta name=\"twitter:data1\" content=\"LGdS\" \/>\n\t<meta name=\"twitter:label2\" content=\"Dur\u00e9e de lecture estim\u00e9e\" \/>\n\t<meta name=\"twitter:data2\" content=\"3 minutes\" \/>\n<script type=\"application\/ld+json\" class=\"yoast-schema-graph\">{\"@context\":\"https:\/\/schema.org\",\"@graph\":[{\"@type\":\"Article\",\"@id\":\"https:\/\/sceaux-lagazette.fr\/index.php\/2026\/01\/29\/evenements-de-la-premiere-quinzaine-de-fevrier\/#article\",\"isPartOf\":{\"@id\":\"https:\/\/sceaux-lagazette.fr\/index.php\/2026\/01\/29\/evenements-de-la-premiere-quinzaine-de-fevrier\/\"},\"author\":{\"name\":\"LGdS\",\"@id\":\"https:\/\/sceaux-lagazette.fr\/#\/schema\/person\/806960bbccfc3b4ae295c2b54730eb27\"},\"headline\":\"Ev\u00e9nements de la premi\u00e8re quinzaine de f\u00e9vrier\",\"datePublished\":\"2026-01-29T07:30:31+00:00\",\"mainEntityOfPage\":{\"@id\":\"https:\/\/sceaux-lagazette.fr\/index.php\/2026\/01\/29\/evenements-de-la-premiere-quinzaine-de-fevrier\/\"},\"wordCount\":609,\"commentCount\":0,\"publisher\":{\"@id\":\"https:\/\/sceaux-lagazette.fr\/#organization\"},\"image\":{\"@id\":\"https:\/\/sceaux-lagazette.fr\/index.php\/2026\/01\/29\/evenements-de-la-premiere-quinzaine-de-fevrier\/#primaryimage\"},\"thumbnailUrl\":\"https:\/\/sceaux-lagazette.fr\/wp-content\/uploads\/2026\/01\/La-science-se-livre-2026.jpg\",\"articleSection\":[\"Bourg-la-Reine\",\"Ch\u00e2tenay-Malabry\",\"Fontenay-aux-Roses\",\"Sceaux\"],\"inLanguage\":\"fr-FR\",\"potentialAction\":[{\"@type\":\"CommentAction\",\"name\":\"Comment\",\"target\":[\"https:\/\/sceaux-lagazette.fr\/index.php\/2026\/01\/29\/evenements-de-la-premiere-quinzaine-de-fevrier\/#respond\"]}]},{\"@type\":\"WebPage\",\"@id\":\"https:\/\/sceaux-lagazette.fr\/index.php\/2026\/01\/29\/evenements-de-la-premiere-quinzaine-de-fevrier\/\",\"url\":\"https:\/\/sceaux-lagazette.fr\/index.php\/2026\/01\/29\/evenements-de-la-premiere-quinzaine-de-fevrier\/\",\"name\":\"Ev\u00e9nements de la premi\u00e8re quinzaine de f\u00e9vrier - La Gazette\",\"isPartOf\":{\"@id\":\"https:\/\/sceaux-lagazette.fr\/#website\"},\"primaryImageOfPage\":{\"@id\":\"https:\/\/sceaux-lagazette.fr\/index.php\/2026\/01\/29\/evenements-de-la-premiere-quinzaine-de-fevrier\/#primaryimage\"},\"image\":{\"@id\":\"https:\/\/sceaux-lagazette.fr\/index.php\/2026\/01\/29\/evenements-de-la-premiere-quinzaine-de-fevrier\/#primaryimage\"},\"thumbnailUrl\":\"https:\/\/sceaux-lagazette.fr\/wp-content\/uploads\/2026\/01\/La-science-se-livre-2026.jpg\",\"datePublished\":\"2026-01-29T07:30:31+00:00\",\"breadcrumb\":{\"@id\":\"https:\/\/sceaux-lagazette.fr\/index.php\/2026\/01\/29\/evenements-de-la-premiere-quinzaine-de-fevrier\/#breadcrumb\"},\"inLanguage\":\"fr-FR\",\"potentialAction\":[{\"@type\":\"ReadAction\",\"target\":[\"https:\/\/sceaux-lagazette.fr\/index.php\/2026\/01\/29\/evenements-de-la-premiere-quinzaine-de-fevrier\/\"]}]},{\"@type\":\"ImageObject\",\"inLanguage\":\"fr-FR\",\"@id\":\"https:\/\/sceaux-lagazette.fr\/index.php\/2026\/01\/29\/evenements-de-la-premiere-quinzaine-de-fevrier\/#primaryimage\",\"url\":\"https:\/\/sceaux-lagazette.fr\/wp-content\/uploads\/2026\/01\/La-science-se-livre-2026.jpg\",\"contentUrl\":\"https:\/\/sceaux-lagazette.fr\/wp-content\/uploads\/2026\/01\/La-science-se-livre-2026.jpg\",\"width\":918,\"height\":462},{\"@type\":\"BreadcrumbList\",\"@id\":\"https:\/\/sceaux-lagazette.fr\/index.php\/2026\/01\/29\/evenements-de-la-premiere-quinzaine-de-fevrier\/#breadcrumb\",\"itemListElement\":[{\"@type\":\"ListItem\",\"position\":1,\"name\":\"Accueil\",\"item\":\"https:\/\/sceaux-lagazette.fr\/\"},{\"@type\":\"ListItem\",\"position\":2,\"name\":\"Ev\u00e9nements de la premi\u00e8re quinzaine de f\u00e9vrier\"}]},{\"@type\":\"WebSite\",\"@id\":\"https:\/\/sceaux-lagazette.fr\/#website\",\"url\":\"https:\/\/sceaux-lagazette.fr\/\",\"name\":\"La Gazette\",\"description\":\"Bourg-la-Reine, Ch\u00e2tenay, Fontenay, Sceaux\",\"publisher\":{\"@id\":\"https:\/\/sceaux-lagazette.fr\/#organization\"},\"potentialAction\":[{\"@type\":\"SearchAction\",\"target\":{\"@type\":\"EntryPoint\",\"urlTemplate\":\"https:\/\/sceaux-lagazette.fr\/?s={search_term_string}\"},\"query-input\":{\"@type\":\"PropertyValueSpecification\",\"valueRequired\":true,\"valueName\":\"search_term_string\"}}],\"inLanguage\":\"fr-FR\"},{\"@type\":\"Organization\",\"@id\":\"https:\/\/sceaux-lagazette.fr\/#organization\",\"name\":\"La Gazette\",\"url\":\"https:\/\/sceaux-lagazette.fr\/\",\"logo\":{\"@type\":\"ImageObject\",\"inLanguage\":\"fr-FR\",\"@id\":\"https:\/\/sceaux-lagazette.fr\/#\/schema\/logo\/image\/\",\"url\":\"https:\/\/sceaux-lagazette.fr\/wp-content\/uploads\/2025\/08\/Logo-Gazette-Aout-2025-V3.jpg\",\"contentUrl\":\"https:\/\/sceaux-lagazette.fr\/wp-content\/uploads\/2025\/08\/Logo-Gazette-Aout-2025-V3.jpg\",\"width\":525,\"height\":130,\"caption\":\"La Gazette\"},\"image\":{\"@id\":\"https:\/\/sceaux-lagazette.fr\/#\/schema\/logo\/image\/\"}},{\"@type\":\"Person\",\"@id\":\"https:\/\/sceaux-lagazette.fr\/#\/schema\/person\/806960bbccfc3b4ae295c2b54730eb27\",\"name\":\"LGdS\",\"image\":{\"@type\":\"ImageObject\",\"inLanguage\":\"fr-FR\",\"@id\":\"https:\/\/sceaux-lagazette.fr\/#\/schema\/person\/image\/\",\"url\":\"https:\/\/secure.gravatar.com\/avatar\/996280e569d55491618abd43c427078e?s=96&r=g\",\"contentUrl\":\"https:\/\/secure.gravatar.com\/avatar\/996280e569d55491618abd43c427078e?s=96&r=g\",\"caption\":\"LGdS\"},\"url\":\"https:\/\/sceaux-lagazette.fr\/index.php\/author\/lgds\/\"}]}<\/script>\n<!-- \/ Yoast SEO plugin. -->","yoast_head_json":{"title":"Ev\u00e9nements de la premi\u00e8re quinzaine de f\u00e9vrier - La Gazette","robots":{"index":"index","follow":"follow","max-snippet":"max-snippet:-1","max-image-preview":"max-image-preview:large","max-video-preview":"max-video-preview:-1"},"canonical":"https:\/\/sceaux-lagazette.fr\/index.php\/2026\/01\/29\/evenements-de-la-premiere-quinzaine-de-fevrier\/","og_locale":"fr_FR","og_type":"article","og_title":"Ev\u00e9nements de la premi\u00e8re quinzaine de f\u00e9vrier - La Gazette","og_description":"Pour cette quinzaine, la Gazette dirige le spot sur la 30e \u00e9dition de La Science se livredu 7 au 21 f\u00e9vrier 2026. Le th\u00e8me de cette ann\u00e9e est Sciences et imaginaire(s). Il s\u2019agit d\u2019une manifestation organis\u00e9e par le d\u00e9partement des Hauts-de-Seine dans les 26 communes des Hauts-de-Seine. Attention, plusieurs activit\u00e9s&#8230;","og_url":"https:\/\/sceaux-lagazette.fr\/index.php\/2026\/01\/29\/evenements-de-la-premiere-quinzaine-de-fevrier\/","og_site_name":"La Gazette","article_published_time":"2026-01-29T07:30:31+00:00","og_image":[{"width":918,"height":462,"url":"https:\/\/sceaux-lagazette.fr\/wp-content\/uploads\/2026\/01\/La-science-se-livre-2026.jpg","type":"image\/jpeg"}],"author":"LGdS","twitter_card":"summary_large_image","twitter_misc":{"\u00c9crit par":"LGdS","Dur\u00e9e de lecture estim\u00e9e":"3 minutes"},"schema":{"@context":"https:\/\/schema.org","@graph":[{"@type":"Article","@id":"https:\/\/sceaux-lagazette.fr\/index.php\/2026\/01\/29\/evenements-de-la-premiere-quinzaine-de-fevrier\/#article","isPartOf":{"@id":"https:\/\/sceaux-lagazette.fr\/index.php\/2026\/01\/29\/evenements-de-la-premiere-quinzaine-de-fevrier\/"},"author":{"name":"LGdS","@id":"https:\/\/sceaux-lagazette.fr\/#\/schema\/person\/806960bbccfc3b4ae295c2b54730eb27"},"headline":"Ev\u00e9nements de la premi\u00e8re quinzaine de f\u00e9vrier","datePublished":"2026-01-29T07:30:31+00:00","mainEntityOfPage":{"@id":"https:\/\/sceaux-lagazette.fr\/index.php\/2026\/01\/29\/evenements-de-la-premiere-quinzaine-de-fevrier\/"},"wordCount":609,"commentCount":0,"publisher":{"@id":"https:\/\/sceaux-lagazette.fr\/#organization"},"image":{"@id":"https:\/\/sceaux-lagazette.fr\/index.php\/2026\/01\/29\/evenements-de-la-premiere-quinzaine-de-fevrier\/#primaryimage"},"thumbnailUrl":"https:\/\/sceaux-lagazette.fr\/wp-content\/uploads\/2026\/01\/La-science-se-livre-2026.jpg","articleSection":["Bourg-la-Reine","Ch\u00e2tenay-Malabry","Fontenay-aux-Roses","Sceaux"],"inLanguage":"fr-FR","potentialAction":[{"@type":"CommentAction","name":"Comment","target":["https:\/\/sceaux-lagazette.fr\/index.php\/2026\/01\/29\/evenements-de-la-premiere-quinzaine-de-fevrier\/#respond"]}]},{"@type":"WebPage","@id":"https:\/\/sceaux-lagazette.fr\/index.php\/2026\/01\/29\/evenements-de-la-premiere-quinzaine-de-fevrier\/","url":"https:\/\/sceaux-lagazette.fr\/index.php\/2026\/01\/29\/evenements-de-la-premiere-quinzaine-de-fevrier\/","name":"Ev\u00e9nements de la premi\u00e8re quinzaine de f\u00e9vrier - La Gazette","isPartOf":{"@id":"https:\/\/sceaux-lagazette.fr\/#website"},"primaryImageOfPage":{"@id":"https:\/\/sceaux-lagazette.fr\/index.php\/2026\/01\/29\/evenements-de-la-premiere-quinzaine-de-fevrier\/#primaryimage"},"image":{"@id":"https:\/\/sceaux-lagazette.fr\/index.php\/2026\/01\/29\/evenements-de-la-premiere-quinzaine-de-fevrier\/#primaryimage"},"thumbnailUrl":"https:\/\/sceaux-lagazette.fr\/wp-content\/uploads\/2026\/01\/La-science-se-livre-2026.jpg","datePublished":"2026-01-29T07:30:31+00:00","breadcrumb":{"@id":"https:\/\/sceaux-lagazette.fr\/index.php\/2026\/01\/29\/evenements-de-la-premiere-quinzaine-de-fevrier\/#breadcrumb"},"inLanguage":"fr-FR","potentialAction":[{"@type":"ReadAction","target":["https:\/\/sceaux-lagazette.fr\/index.php\/2026\/01\/29\/evenements-de-la-premiere-quinzaine-de-fevrier\/"]}]},{"@type":"ImageObject","inLanguage":"fr-FR","@id":"https:\/\/sceaux-lagazette.fr\/index.php\/2026\/01\/29\/evenements-de-la-premiere-quinzaine-de-fevrier\/#primaryimage","url":"https:\/\/sceaux-lagazette.fr\/wp-content\/uploads\/2026\/01\/La-science-se-livre-2026.jpg","contentUrl":"https:\/\/sceaux-lagazette.fr\/wp-content\/uploads\/2026\/01\/La-science-se-livre-2026.jpg","width":918,"height":462},{"@type":"BreadcrumbList","@id":"https:\/\/sceaux-lagazette.fr\/index.php\/2026\/01\/29\/evenements-de-la-premiere-quinzaine-de-fevrier\/#breadcrumb","itemListElement":[{"@type":"ListItem","position":1,"name":"Accueil","item":"https:\/\/sceaux-lagazette.fr\/"},{"@type":"ListItem","position":2,"name":"Ev\u00e9nements de la premi\u00e8re quinzaine de f\u00e9vrier"}]},{"@type":"WebSite","@id":"https:\/\/sceaux-lagazette.fr\/#website","url":"https:\/\/sceaux-lagazette.fr\/","name":"La Gazette","description":"Bourg-la-Reine, Ch\u00e2tenay, Fontenay, Sceaux","publisher":{"@id":"https:\/\/sceaux-lagazette.fr\/#organization"},"potentialAction":[{"@type":"SearchAction","target":{"@type":"EntryPoint","urlTemplate":"https:\/\/sceaux-lagazette.fr\/?s={search_term_string}"},"query-input":{"@type":"PropertyValueSpecification","valueRequired":true,"valueName":"search_term_string"}}],"inLanguage":"fr-FR"},{"@type":"Organization","@id":"https:\/\/sceaux-lagazette.fr\/#organization","name":"La Gazette","url":"https:\/\/sceaux-lagazette.fr\/","logo":{"@type":"ImageObject","inLanguage":"fr-FR","@id":"https:\/\/sceaux-lagazette.fr\/#\/schema\/logo\/image\/","url":"https:\/\/sceaux-lagazette.fr\/wp-content\/uploads\/2025\/08\/Logo-Gazette-Aout-2025-V3.jpg","contentUrl":"https:\/\/sceaux-lagazette.fr\/wp-content\/uploads\/2025\/08\/Logo-Gazette-Aout-2025-V3.jpg","width":525,"height":130,"caption":"La Gazette"},"image":{"@id":"https:\/\/sceaux-lagazette.fr\/#\/schema\/logo\/image\/"}},{"@type":"Person","@id":"https:\/\/sceaux-lagazette.fr\/#\/schema\/person\/806960bbccfc3b4ae295c2b54730eb27","name":"LGdS","image":{"@type":"ImageObject","inLanguage":"fr-FR","@id":"https:\/\/sceaux-lagazette.fr\/#\/schema\/person\/image\/","url":"https:\/\/secure.gravatar.com\/avatar\/996280e569d55491618abd43c427078e?s=96&r=g","contentUrl":"https:\/\/secure.gravatar.com\/avatar\/996280e569d55491618abd43c427078e?s=96&r=g","caption":"LGdS"},"url":"https:\/\/sceaux-lagazette.fr\/index.php\/author\/lgds\/"}]}},"cc_featured_image_caption":{"caption_text":"Source : site du Conseil d\u00e9partemental des Hauts-de-Seine","source_text":"","source_url":""},"_links":{"self":[{"href":"https:\/\/sceaux-lagazette.fr\/index.php\/wp-json\/wp\/v2\/posts\/45234"}],"collection":[{"href":"https:\/\/sceaux-lagazette.fr\/index.php\/wp-json\/wp\/v2\/posts"}],"about":[{"href":"https:\/\/sceaux-lagazette.fr\/index.php\/wp-json\/wp\/v2\/types\/post"}],"author":[{"embeddable":true,"href":"https:\/\/sceaux-lagazette.fr\/index.php\/wp-json\/wp\/v2\/users\/20"}],"replies":[{"embeddable":true,"href":"https:\/\/sceaux-lagazette.fr\/index.php\/wp-json\/wp\/v2\/comments?post=45234"}],"version-history":[{"count":1,"href":"https:\/\/sceaux-lagazette.fr\/index.php\/wp-json\/wp\/v2\/posts\/45234\/revisions"}],"predecessor-version":[{"id":45235,"href":"https:\/\/sceaux-lagazette.fr\/index.php\/wp-json\/wp\/v2\/posts\/45234\/revisions\/45235"}],"wp:featuredmedia":[{"embeddable":true,"href":"https:\/\/sceaux-lagazette.fr\/index.php\/wp-json\/wp\/v2\/media\/45237"}],"wp:attachment":[{"href":"https:\/\/sceaux-lagazette.fr\/index.php\/wp-json\/wp\/v2\/media?parent=45234"}],"wp:term":[{"taxonomy":"category","embeddable":true,"href":"https:\/\/sceaux-lagazette.fr\/index.php\/wp-json\/wp\/v2\/categories?post=45234"},{"taxonomy":"post_tag","embeddable":true,"href":"https:\/\/sceaux-lagazette.fr\/index.php\/wp-json\/wp\/v2\/tags?post=45234"}],"curies":[{"name":"wp","href":"https:\/\/api.w.org\/{rel}","templated":true}]}}