{"id":45223,"date":"2026-01-27T08:38:13","date_gmt":"2026-01-27T07:38:13","guid":{"rendered":"https:\/\/sceaux-lagazette.fr\/?p=45223"},"modified":"2026-01-27T08:38:14","modified_gmt":"2026-01-27T07:38:14","slug":"food-truck-solidaire-pour-les-etudiants-a-sceaux","status":"publish","type":"post","link":"https:\/\/sceaux-lagazette.fr\/index.php\/2026\/01\/27\/food-truck-solidaire-pour-les-etudiants-a-sceaux\/","title":{"rendered":"Food-truck solidaire pour les \u00e9tudiants \u00e0 Sceaux"},"content":{"rendered":"\n<p>Depuis mars 2025, une camionnette <a href=\"https:\/\/www.facebook.com\/watch\/?v=742375318915052\">vient tous les jeudis<\/a> sur le campus de la facult\u00e9 Jean Monnet offrir un repas sain et \u00e9quilibr\u00e9 aux \u00e9tudiants en situation de pr\u00e9carit\u00e9. Une initiative de l\u2019Ordre de Malte France, en partenariat avec la R\u00e9gion \u00cele-de-France, relay\u00e9e par les b\u00e9n\u00e9voles locaux.<\/p>\n\n\n\n<p>Depuis quelques ann\u00e9es, l\u2019Ordre de Malte France s\u2019est organis\u00e9 pour fournir une aide alimentaire de qualit\u00e9. Pour cibler plus pr\u00e9cis\u00e9ment les \u00e9tudiants, un syst\u00e8me de distribution a \u00e9t\u00e9 lanc\u00e9 avec l\u2019Universit\u00e9 Paris-Saclay, dans le cadre d\u2019une convention entre les deux parties. L\u2019association a alors fait appel \u00e0 des b\u00e9n\u00e9voles pour agir au sein de cette universit\u00e9 sur les diff\u00e9rents campus.<\/p>\n\n\n\n<p>Marie-Jos\u00e9 Hart de Keating et son mari Fran\u00e7ois sont devenus b\u00e9n\u00e9voles de l\u2019Ordre de Malte France il y a trois ans, apr\u00e8s leur d\u00e9part en retraite respectif. Une tradition familiale&nbsp;: un lointain anc\u00eatre de Fran\u00e7ois a \u00e9t\u00e9 responsable de l\u2019Ordre en Irlande. Ils habitent \u00e0 Fontenay-aux-Roses apr\u00e8s 17 ans pass\u00e9s \u00e0 Sceaux.<\/p>\n\n\n\n<p>Ils ont accept\u00e9 de d\u00e9cliner l\u2019action propos\u00e9e \u00e0 Jean Monnet. La distribution a commenc\u00e9 en mars 2025, \u00e0 raison d\u2019un jour par semaine, le jeudi.<\/p>\n\n\n\n<p>Le processus est simple&nbsp;: le couple ach\u00e8te des plats cuisin\u00e9s individuels, des laitages, des fruits et des collations. les plats sont ensuite r\u00e9chauff\u00e9s gr\u00e2ce \u00e0 3 fours \u00e0 micro-ondes et <a href=\"https:\/\/www.ordredemaltefrance.org\/solidarite\/un-food-truck-pour-les-etudiants-en-precarite-a-sceaux-un-souffle-de-solidarite-de-lordre-de-malte-france\/\">distribu\u00e9s sur le campus<\/a> de Jean Monnet. Un food-truck (utilis\u00e9 aussi sur d\u2019autres sites) facilite la distribution. Celle-ci est aussi l\u2019occasion de discuter avec les b\u00e9n\u00e9ficiaires, qui souffrent souvent de solitude. 30 \u00e0 50 repas sont ainsi distribu\u00e9s chaque jeudi (mais leur nombre devrait augmenter avec le bouche-\u00e0-oreille).<\/p>\n\n\n\n<p>L\u2019action est assur\u00e9e par 5 ou 6 b\u00e9n\u00e9voles. L\u2019association en recherche d\u2019autres pour assurer la permanence de l\u2019intervention (s\u2019adresser \u00e0 <a href=\"mailto:mj.hartdekeating-D92@ordredemaltefrance.org\">mj.hartdekeating-D92@ordredemaltefrance.org<\/a>)<\/p>\n\n\n\n<p>L\u2019\u00e9quipe de b\u00e9n\u00e9voles prend aussi en charge localement (Fontenay-aux-Roses et Sceaux) la qu\u00eate annuelle dans le cadre de la <a href=\"https:\/\/www.ordredemaltefrance.org\/journee-mondiale-des-malades-de-la-lepre\/\">journ\u00e9e mondiale des malades de la l\u00e8pre<\/a>. Elle se manifestera lors du week-end du 24-25 janvier 2026 \u00e0 la sortie des \u00e9glises et dans la partie pi\u00e9tonne de la rue Houdan.<\/p>\n\n\n\n<h2 class=\"wp-block-heading\">L\u2019Ordre de Malte<\/h2>\n\n\n\n<p>L\u2019Ordre de Malte est la plus ancienne institution caritative au monde (il faut dire qu\u2019elle a \u00e9t\u00e9 fond\u00e9e vers 1048&nbsp;!!!). Son \u00e9manation fran\u00e7aise, l\u2019Ordre de Malte France, est une association catholique hospitali\u00e8re, qui place la Charit\u00e9 au c\u0153ur de son engagement. Cr\u00e9\u00e9e en 1927, reconnue d\u2019utilit\u00e9 publique depuis 1928, elle compte aujourd\u2019hui 2.000 salari\u00e9s et 13.900 b\u00e9n\u00e9voles r\u00e9partis en 102 d\u00e9l\u00e9gations.<\/p>\n\n\n\n<p>L\u2019association intervient dans quatre domaines&nbsp;: solidarit\u00e9, secourisme, sanitaire et m\u00e9dico-social et international.<\/p>\n\n\n\n<p>Solidarit\u00e9&nbsp;: Des petits-d\u00e9jeuners jusqu\u2019aux maraudes, en passant par les centres de soins, les h\u00e9bergements d\u2019urgence et de r\u00e9insertion sociale et les distributions alimentaires, l\u2019Ordre de Malte France vient en aide aux plus fragiles.<\/p>\n\n\n\n<p>Secourisme&nbsp;: Association agr\u00e9\u00e9e de S\u00e9curit\u00e9 Civile, l\u2019Ordre de Malte France est habilit\u00e9 par l\u2019\u00c9tat \u00e0 r\u00e9pondre aux situations d\u2019urgence gr\u00e2ce \u00e0 ses 43 unit\u00e9s d\u00e9partementales d\u2019intervention.<\/p>\n\n\n\n<p>Sanitaire et m\u00e9dico-social&nbsp;: Pour que chaque r\u00e9sident \u00e9volue dans un environnement de vie serein et adapt\u00e9 \u00e0 sa situation, les 13 \u00e9tablissements sanitaires et m\u00e9dico-sociaux de l\u2019Ordre de Malte France proposent un accompagnement individualis\u00e9 avec un projet de vie \u00e9tabli en fonction de chacun, dans le souci de son bien-\u00eatre.<\/p>\n\n\n\n<p>International&nbsp;: l\u2019Ordre de Malte France est pr\u00e9sent dans plus de 30 pays avec 15 \u00e9tablissements \u0153uvrant principalement dans le domaine de la sant\u00e9 materno-infantile d\u2019une part, celui de la prise en charge des personnes atteintes de la l\u00e8pre d\u2019autre part.<\/p>\n","protected":false},"excerpt":{"rendered":"<p>Depuis mars 2025, une camionnette vient tous les jeudis sur le campus de la facult\u00e9 Jean Monnet offrir un repas sain et \u00e9quilibr\u00e9 aux \u00e9tudiants en situation de pr\u00e9carit\u00e9. Une initiative de l\u2019Ordre de Malte France, en partenariat avec la R\u00e9gion \u00cele-de-France, relay\u00e9e par les b\u00e9n\u00e9voles locaux. Depuis quelques ann\u00e9es,&#8230;<\/p>\n","protected":false},"author":11,"featured_media":45225,"comment_status":"open","ping_status":"open","sticky":false,"template":"","format":"standard","meta":{"om_disable_all_campaigns":false,"_monsterinsights_skip_tracking":false,"_monsterinsights_sitenote_active":false,"_monsterinsights_sitenote_note":"","_monsterinsights_sitenote_category":0,"_uf_show_specific_survey":0,"_uf_disable_surveys":false,"footnotes":""},"categories":[261,232,266],"tags":[],"class_list":["post-45223","post","type-post","status-publish","format-standard","has-post-thumbnail","hentry","category-associations","category-au-quotidien","category-sceaux","entry","simple"],"yoast_head":"<!-- This site is optimized with the Yoast SEO plugin v25.6 - https:\/\/yoast.com\/wordpress\/plugins\/seo\/ -->\n<title>Food-truck solidaire pour les \u00e9tudiants \u00e0 Sceaux - La Gazette<\/title>\n<meta name=\"robots\" content=\"index, follow, max-snippet:-1, max-image-preview:large, max-video-preview:-1\" \/>\n<link rel=\"canonical\" href=\"https:\/\/sceaux-lagazette.fr\/index.php\/2026\/01\/27\/food-truck-solidaire-pour-les-etudiants-a-sceaux\/\" \/>\n<meta property=\"og:locale\" content=\"fr_FR\" \/>\n<meta property=\"og:type\" content=\"article\" \/>\n<meta property=\"og:title\" content=\"Food-truck solidaire pour les \u00e9tudiants \u00e0 Sceaux - La Gazette\" \/>\n<meta property=\"og:description\" content=\"Depuis mars 2025, une camionnette vient tous les jeudis sur le campus de la facult\u00e9 Jean Monnet offrir un repas sain et \u00e9quilibr\u00e9 aux \u00e9tudiants en situation de pr\u00e9carit\u00e9. Une initiative de l\u2019Ordre de Malte France, en partenariat avec la R\u00e9gion \u00cele-de-France, relay\u00e9e par les b\u00e9n\u00e9voles locaux. Depuis quelques ann\u00e9es,&#8230;\" \/>\n<meta property=\"og:url\" content=\"https:\/\/sceaux-lagazette.fr\/index.php\/2026\/01\/27\/food-truck-solidaire-pour-les-etudiants-a-sceaux\/\" \/>\n<meta property=\"og:site_name\" content=\"La Gazette\" \/>\n<meta property=\"article:published_time\" content=\"2026-01-27T07:38:13+00:00\" \/>\n<meta property=\"article:modified_time\" content=\"2026-01-27T07:38:14+00:00\" \/>\n<meta property=\"og:image\" content=\"https:\/\/sceaux-lagazette.fr\/wp-content\/uploads\/2026\/01\/Ordre-de-Malte.jpg\" \/>\n\t<meta property=\"og:image:width\" content=\"945\" \/>\n\t<meta property=\"og:image:height\" content=\"529\" \/>\n\t<meta property=\"og:image:type\" content=\"image\/jpeg\" \/>\n<meta name=\"author\" content=\"G\u00e9rard Bardier\" \/>\n<meta name=\"twitter:card\" content=\"summary_large_image\" \/>\n<meta name=\"twitter:label1\" content=\"\u00c9crit par\" \/>\n\t<meta name=\"twitter:data1\" content=\"G\u00e9rard Bardier\" \/>\n\t<meta name=\"twitter:label2\" content=\"Dur\u00e9e de lecture estim\u00e9e\" \/>\n\t<meta name=\"twitter:data2\" content=\"4 minutes\" \/>\n<script type=\"application\/ld+json\" class=\"yoast-schema-graph\">{\"@context\":\"https:\/\/schema.org\",\"@graph\":[{\"@type\":\"Article\",\"@id\":\"https:\/\/sceaux-lagazette.fr\/index.php\/2026\/01\/27\/food-truck-solidaire-pour-les-etudiants-a-sceaux\/#article\",\"isPartOf\":{\"@id\":\"https:\/\/sceaux-lagazette.fr\/index.php\/2026\/01\/27\/food-truck-solidaire-pour-les-etudiants-a-sceaux\/\"},\"author\":{\"name\":\"G\u00e9rard Bardier\",\"@id\":\"https:\/\/sceaux-lagazette.fr\/#\/schema\/person\/5650e206a121f68c6f5e76379bccfbc4\"},\"headline\":\"Food-truck solidaire pour les \u00e9tudiants \u00e0 Sceaux\",\"datePublished\":\"2026-01-27T07:38:13+00:00\",\"dateModified\":\"2026-01-27T07:38:14+00:00\",\"mainEntityOfPage\":{\"@id\":\"https:\/\/sceaux-lagazette.fr\/index.php\/2026\/01\/27\/food-truck-solidaire-pour-les-etudiants-a-sceaux\/\"},\"wordCount\":648,\"commentCount\":0,\"publisher\":{\"@id\":\"https:\/\/sceaux-lagazette.fr\/#organization\"},\"image\":{\"@id\":\"https:\/\/sceaux-lagazette.fr\/index.php\/2026\/01\/27\/food-truck-solidaire-pour-les-etudiants-a-sceaux\/#primaryimage\"},\"thumbnailUrl\":\"https:\/\/sceaux-lagazette.fr\/wp-content\/uploads\/2026\/01\/Ordre-de-Malte.jpg\",\"articleSection\":[\"Associations\",\"Au quotidien\",\"Sceaux\"],\"inLanguage\":\"fr-FR\",\"potentialAction\":[{\"@type\":\"CommentAction\",\"name\":\"Comment\",\"target\":[\"https:\/\/sceaux-lagazette.fr\/index.php\/2026\/01\/27\/food-truck-solidaire-pour-les-etudiants-a-sceaux\/#respond\"]}]},{\"@type\":\"WebPage\",\"@id\":\"https:\/\/sceaux-lagazette.fr\/index.php\/2026\/01\/27\/food-truck-solidaire-pour-les-etudiants-a-sceaux\/\",\"url\":\"https:\/\/sceaux-lagazette.fr\/index.php\/2026\/01\/27\/food-truck-solidaire-pour-les-etudiants-a-sceaux\/\",\"name\":\"Food-truck solidaire pour les \u00e9tudiants \u00e0 Sceaux - La Gazette\",\"isPartOf\":{\"@id\":\"https:\/\/sceaux-lagazette.fr\/#website\"},\"primaryImageOfPage\":{\"@id\":\"https:\/\/sceaux-lagazette.fr\/index.php\/2026\/01\/27\/food-truck-solidaire-pour-les-etudiants-a-sceaux\/#primaryimage\"},\"image\":{\"@id\":\"https:\/\/sceaux-lagazette.fr\/index.php\/2026\/01\/27\/food-truck-solidaire-pour-les-etudiants-a-sceaux\/#primaryimage\"},\"thumbnailUrl\":\"https:\/\/sceaux-lagazette.fr\/wp-content\/uploads\/2026\/01\/Ordre-de-Malte.jpg\",\"datePublished\":\"2026-01-27T07:38:13+00:00\",\"dateModified\":\"2026-01-27T07:38:14+00:00\",\"breadcrumb\":{\"@id\":\"https:\/\/sceaux-lagazette.fr\/index.php\/2026\/01\/27\/food-truck-solidaire-pour-les-etudiants-a-sceaux\/#breadcrumb\"},\"inLanguage\":\"fr-FR\",\"potentialAction\":[{\"@type\":\"ReadAction\",\"target\":[\"https:\/\/sceaux-lagazette.fr\/index.php\/2026\/01\/27\/food-truck-solidaire-pour-les-etudiants-a-sceaux\/\"]}]},{\"@type\":\"ImageObject\",\"inLanguage\":\"fr-FR\",\"@id\":\"https:\/\/sceaux-lagazette.fr\/index.php\/2026\/01\/27\/food-truck-solidaire-pour-les-etudiants-a-sceaux\/#primaryimage\",\"url\":\"https:\/\/sceaux-lagazette.fr\/wp-content\/uploads\/2026\/01\/Ordre-de-Malte.jpg\",\"contentUrl\":\"https:\/\/sceaux-lagazette.fr\/wp-content\/uploads\/2026\/01\/Ordre-de-Malte.jpg\",\"width\":945,\"height\":529},{\"@type\":\"BreadcrumbList\",\"@id\":\"https:\/\/sceaux-lagazette.fr\/index.php\/2026\/01\/27\/food-truck-solidaire-pour-les-etudiants-a-sceaux\/#breadcrumb\",\"itemListElement\":[{\"@type\":\"ListItem\",\"position\":1,\"name\":\"Accueil\",\"item\":\"https:\/\/sceaux-lagazette.fr\/\"},{\"@type\":\"ListItem\",\"position\":2,\"name\":\"Food-truck solidaire pour les \u00e9tudiants \u00e0 Sceaux\"}]},{\"@type\":\"WebSite\",\"@id\":\"https:\/\/sceaux-lagazette.fr\/#website\",\"url\":\"https:\/\/sceaux-lagazette.fr\/\",\"name\":\"La Gazette\",\"description\":\"Bourg-la-Reine, Ch\u00e2tenay, Fontenay, Sceaux\",\"publisher\":{\"@id\":\"https:\/\/sceaux-lagazette.fr\/#organization\"},\"potentialAction\":[{\"@type\":\"SearchAction\",\"target\":{\"@type\":\"EntryPoint\",\"urlTemplate\":\"https:\/\/sceaux-lagazette.fr\/?s={search_term_string}\"},\"query-input\":{\"@type\":\"PropertyValueSpecification\",\"valueRequired\":true,\"valueName\":\"search_term_string\"}}],\"inLanguage\":\"fr-FR\"},{\"@type\":\"Organization\",\"@id\":\"https:\/\/sceaux-lagazette.fr\/#organization\",\"name\":\"La Gazette\",\"url\":\"https:\/\/sceaux-lagazette.fr\/\",\"logo\":{\"@type\":\"ImageObject\",\"inLanguage\":\"fr-FR\",\"@id\":\"https:\/\/sceaux-lagazette.fr\/#\/schema\/logo\/image\/\",\"url\":\"https:\/\/sceaux-lagazette.fr\/wp-content\/uploads\/2025\/08\/Logo-Gazette-Aout-2025-V3.jpg\",\"contentUrl\":\"https:\/\/sceaux-lagazette.fr\/wp-content\/uploads\/2025\/08\/Logo-Gazette-Aout-2025-V3.jpg\",\"width\":525,\"height\":130,\"caption\":\"La Gazette\"},\"image\":{\"@id\":\"https:\/\/sceaux-lagazette.fr\/#\/schema\/logo\/image\/\"}},{\"@type\":\"Person\",\"@id\":\"https:\/\/sceaux-lagazette.fr\/#\/schema\/person\/5650e206a121f68c6f5e76379bccfbc4\",\"name\":\"G\u00e9rard Bardier\",\"image\":{\"@type\":\"ImageObject\",\"inLanguage\":\"fr-FR\",\"@id\":\"https:\/\/sceaux-lagazette.fr\/#\/schema\/person\/image\/\",\"url\":\"https:\/\/secure.gravatar.com\/avatar\/5cf4391ef9dbc0367750202561279a29?s=96&r=g\",\"contentUrl\":\"https:\/\/secure.gravatar.com\/avatar\/5cf4391ef9dbc0367750202561279a29?s=96&r=g\",\"caption\":\"G\u00e9rard Bardier\"},\"url\":\"https:\/\/sceaux-lagazette.fr\/index.php\/author\/gb\/\"}]}<\/script>\n<!-- \/ Yoast SEO plugin. -->","yoast_head_json":{"title":"Food-truck solidaire pour les \u00e9tudiants \u00e0 Sceaux - La Gazette","robots":{"index":"index","follow":"follow","max-snippet":"max-snippet:-1","max-image-preview":"max-image-preview:large","max-video-preview":"max-video-preview:-1"},"canonical":"https:\/\/sceaux-lagazette.fr\/index.php\/2026\/01\/27\/food-truck-solidaire-pour-les-etudiants-a-sceaux\/","og_locale":"fr_FR","og_type":"article","og_title":"Food-truck solidaire pour les \u00e9tudiants \u00e0 Sceaux - La Gazette","og_description":"Depuis mars 2025, une camionnette vient tous les jeudis sur le campus de la facult\u00e9 Jean Monnet offrir un repas sain et \u00e9quilibr\u00e9 aux \u00e9tudiants en situation de pr\u00e9carit\u00e9. Une initiative de l\u2019Ordre de Malte France, en partenariat avec la R\u00e9gion \u00cele-de-France, relay\u00e9e par les b\u00e9n\u00e9voles locaux. Depuis quelques ann\u00e9es,&#8230;","og_url":"https:\/\/sceaux-lagazette.fr\/index.php\/2026\/01\/27\/food-truck-solidaire-pour-les-etudiants-a-sceaux\/","og_site_name":"La Gazette","article_published_time":"2026-01-27T07:38:13+00:00","article_modified_time":"2026-01-27T07:38:14+00:00","og_image":[{"width":945,"height":529,"url":"https:\/\/sceaux-lagazette.fr\/wp-content\/uploads\/2026\/01\/Ordre-de-Malte.jpg","type":"image\/jpeg"}],"author":"G\u00e9rard Bardier","twitter_card":"summary_large_image","twitter_misc":{"\u00c9crit par":"G\u00e9rard Bardier","Dur\u00e9e de lecture estim\u00e9e":"4 minutes"},"schema":{"@context":"https:\/\/schema.org","@graph":[{"@type":"Article","@id":"https:\/\/sceaux-lagazette.fr\/index.php\/2026\/01\/27\/food-truck-solidaire-pour-les-etudiants-a-sceaux\/#article","isPartOf":{"@id":"https:\/\/sceaux-lagazette.fr\/index.php\/2026\/01\/27\/food-truck-solidaire-pour-les-etudiants-a-sceaux\/"},"author":{"name":"G\u00e9rard Bardier","@id":"https:\/\/sceaux-lagazette.fr\/#\/schema\/person\/5650e206a121f68c6f5e76379bccfbc4"},"headline":"Food-truck solidaire pour les \u00e9tudiants \u00e0 Sceaux","datePublished":"2026-01-27T07:38:13+00:00","dateModified":"2026-01-27T07:38:14+00:00","mainEntityOfPage":{"@id":"https:\/\/sceaux-lagazette.fr\/index.php\/2026\/01\/27\/food-truck-solidaire-pour-les-etudiants-a-sceaux\/"},"wordCount":648,"commentCount":0,"publisher":{"@id":"https:\/\/sceaux-lagazette.fr\/#organization"},"image":{"@id":"https:\/\/sceaux-lagazette.fr\/index.php\/2026\/01\/27\/food-truck-solidaire-pour-les-etudiants-a-sceaux\/#primaryimage"},"thumbnailUrl":"https:\/\/sceaux-lagazette.fr\/wp-content\/uploads\/2026\/01\/Ordre-de-Malte.jpg","articleSection":["Associations","Au quotidien","Sceaux"],"inLanguage":"fr-FR","potentialAction":[{"@type":"CommentAction","name":"Comment","target":["https:\/\/sceaux-lagazette.fr\/index.php\/2026\/01\/27\/food-truck-solidaire-pour-les-etudiants-a-sceaux\/#respond"]}]},{"@type":"WebPage","@id":"https:\/\/sceaux-lagazette.fr\/index.php\/2026\/01\/27\/food-truck-solidaire-pour-les-etudiants-a-sceaux\/","url":"https:\/\/sceaux-lagazette.fr\/index.php\/2026\/01\/27\/food-truck-solidaire-pour-les-etudiants-a-sceaux\/","name":"Food-truck solidaire pour les \u00e9tudiants \u00e0 Sceaux - La Gazette","isPartOf":{"@id":"https:\/\/sceaux-lagazette.fr\/#website"},"primaryImageOfPage":{"@id":"https:\/\/sceaux-lagazette.fr\/index.php\/2026\/01\/27\/food-truck-solidaire-pour-les-etudiants-a-sceaux\/#primaryimage"},"image":{"@id":"https:\/\/sceaux-lagazette.fr\/index.php\/2026\/01\/27\/food-truck-solidaire-pour-les-etudiants-a-sceaux\/#primaryimage"},"thumbnailUrl":"https:\/\/sceaux-lagazette.fr\/wp-content\/uploads\/2026\/01\/Ordre-de-Malte.jpg","datePublished":"2026-01-27T07:38:13+00:00","dateModified":"2026-01-27T07:38:14+00:00","breadcrumb":{"@id":"https:\/\/sceaux-lagazette.fr\/index.php\/2026\/01\/27\/food-truck-solidaire-pour-les-etudiants-a-sceaux\/#breadcrumb"},"inLanguage":"fr-FR","potentialAction":[{"@type":"ReadAction","target":["https:\/\/sceaux-lagazette.fr\/index.php\/2026\/01\/27\/food-truck-solidaire-pour-les-etudiants-a-sceaux\/"]}]},{"@type":"ImageObject","inLanguage":"fr-FR","@id":"https:\/\/sceaux-lagazette.fr\/index.php\/2026\/01\/27\/food-truck-solidaire-pour-les-etudiants-a-sceaux\/#primaryimage","url":"https:\/\/sceaux-lagazette.fr\/wp-content\/uploads\/2026\/01\/Ordre-de-Malte.jpg","contentUrl":"https:\/\/sceaux-lagazette.fr\/wp-content\/uploads\/2026\/01\/Ordre-de-Malte.jpg","width":945,"height":529},{"@type":"BreadcrumbList","@id":"https:\/\/sceaux-lagazette.fr\/index.php\/2026\/01\/27\/food-truck-solidaire-pour-les-etudiants-a-sceaux\/#breadcrumb","itemListElement":[{"@type":"ListItem","position":1,"name":"Accueil","item":"https:\/\/sceaux-lagazette.fr\/"},{"@type":"ListItem","position":2,"name":"Food-truck solidaire pour les \u00e9tudiants \u00e0 Sceaux"}]},{"@type":"WebSite","@id":"https:\/\/sceaux-lagazette.fr\/#website","url":"https:\/\/sceaux-lagazette.fr\/","name":"La Gazette","description":"Bourg-la-Reine, Ch\u00e2tenay, Fontenay, Sceaux","publisher":{"@id":"https:\/\/sceaux-lagazette.fr\/#organization"},"potentialAction":[{"@type":"SearchAction","target":{"@type":"EntryPoint","urlTemplate":"https:\/\/sceaux-lagazette.fr\/?s={search_term_string}"},"query-input":{"@type":"PropertyValueSpecification","valueRequired":true,"valueName":"search_term_string"}}],"inLanguage":"fr-FR"},{"@type":"Organization","@id":"https:\/\/sceaux-lagazette.fr\/#organization","name":"La Gazette","url":"https:\/\/sceaux-lagazette.fr\/","logo":{"@type":"ImageObject","inLanguage":"fr-FR","@id":"https:\/\/sceaux-lagazette.fr\/#\/schema\/logo\/image\/","url":"https:\/\/sceaux-lagazette.fr\/wp-content\/uploads\/2025\/08\/Logo-Gazette-Aout-2025-V3.jpg","contentUrl":"https:\/\/sceaux-lagazette.fr\/wp-content\/uploads\/2025\/08\/Logo-Gazette-Aout-2025-V3.jpg","width":525,"height":130,"caption":"La Gazette"},"image":{"@id":"https:\/\/sceaux-lagazette.fr\/#\/schema\/logo\/image\/"}},{"@type":"Person","@id":"https:\/\/sceaux-lagazette.fr\/#\/schema\/person\/5650e206a121f68c6f5e76379bccfbc4","name":"G\u00e9rard Bardier","image":{"@type":"ImageObject","inLanguage":"fr-FR","@id":"https:\/\/sceaux-lagazette.fr\/#\/schema\/person\/image\/","url":"https:\/\/secure.gravatar.com\/avatar\/5cf4391ef9dbc0367750202561279a29?s=96&r=g","contentUrl":"https:\/\/secure.gravatar.com\/avatar\/5cf4391ef9dbc0367750202561279a29?s=96&r=g","caption":"G\u00e9rard Bardier"},"url":"https:\/\/sceaux-lagazette.fr\/index.php\/author\/gb\/"}]}},"cc_featured_image_caption":{"caption_text":"Photo : Ordre de Malte","source_text":"","source_url":""},"_links":{"self":[{"href":"https:\/\/sceaux-lagazette.fr\/index.php\/wp-json\/wp\/v2\/posts\/45223"}],"collection":[{"href":"https:\/\/sceaux-lagazette.fr\/index.php\/wp-json\/wp\/v2\/posts"}],"about":[{"href":"https:\/\/sceaux-lagazette.fr\/index.php\/wp-json\/wp\/v2\/types\/post"}],"author":[{"embeddable":true,"href":"https:\/\/sceaux-lagazette.fr\/index.php\/wp-json\/wp\/v2\/users\/11"}],"replies":[{"embeddable":true,"href":"https:\/\/sceaux-lagazette.fr\/index.php\/wp-json\/wp\/v2\/comments?post=45223"}],"version-history":[{"count":1,"href":"https:\/\/sceaux-lagazette.fr\/index.php\/wp-json\/wp\/v2\/posts\/45223\/revisions"}],"predecessor-version":[{"id":45224,"href":"https:\/\/sceaux-lagazette.fr\/index.php\/wp-json\/wp\/v2\/posts\/45223\/revisions\/45224"}],"wp:featuredmedia":[{"embeddable":true,"href":"https:\/\/sceaux-lagazette.fr\/index.php\/wp-json\/wp\/v2\/media\/45225"}],"wp:attachment":[{"href":"https:\/\/sceaux-lagazette.fr\/index.php\/wp-json\/wp\/v2\/media?parent=45223"}],"wp:term":[{"taxonomy":"category","embeddable":true,"href":"https:\/\/sceaux-lagazette.fr\/index.php\/wp-json\/wp\/v2\/categories?post=45223"},{"taxonomy":"post_tag","embeddable":true,"href":"https:\/\/sceaux-lagazette.fr\/index.php\/wp-json\/wp\/v2\/tags?post=45223"}],"curies":[{"name":"wp","href":"https:\/\/api.w.org\/{rel}","templated":true}]}}