{"id":45217,"date":"2026-01-28T09:17:57","date_gmt":"2026-01-28T08:17:57","guid":{"rendered":"https:\/\/sceaux-lagazette.fr\/?p=45217"},"modified":"2026-01-28T09:17:58","modified_gmt":"2026-01-28T08:17:58","slug":"lelan-citoyen-pour-fontenay-avec-gilles-mergy","status":"publish","type":"post","link":"https:\/\/sceaux-lagazette.fr\/index.php\/2026\/01\/28\/lelan-citoyen-pour-fontenay-avec-gilles-mergy\/","title":{"rendered":"L\u2019\u00e9lan citoyen pour Fontenay\u00a0! Avec Gilles Mergy"},"content":{"rendered":"\n<p>Gilles Mergy, d\u00e9j\u00e0 candidat en 2020, dirige en 2026 la <a href=\"https:\/\/www.ateliersfontenaisiens.fr\/\">liste <em>L\u2019\u00e9lan citoyen pour Fontenay&nbsp;!<\/em><\/a> Il met en avant les valeurs choisies par son collectif et sept priorit\u00e9s pour la ville avant de r\u00e9pondre aux questions de la Gazette.<\/p>\n\n\n\n<p>Gilles Mergy, dont la Gazette a fait <a href=\"https:\/\/sceaux-lagazette.fr\/index.php\/2023\/05\/26\/lautre-vie-de-nos-elus-gilles-mergy\/\">un portrait<\/a>, a \u00e9t\u00e9 adjoint au maire responsable des finances de 2008 \u00e0 2014, puis \u00e9lu d\u2019opposition. En 2020, il a men\u00e9, avec le soutien du PRG (centre-gauche), une liste arriv\u00e9e en seconde position au premier tour, puis \u00e0 seulement 300 voix de la victoire au second tour. L\u00e9a-Iris Poggi, alors num\u00e9ro 2 au premier tour, retrouve cette place en 2026 et assure \u00e9galement la direction de campagne.&nbsp;<\/p>\n\n\n\n<h2 class=\"wp-block-heading\">Positionnement et convictions<\/h2>\n\n\n\n<p>La liste se veut avant tout citoyenne. Gilles Mergy est d\u2019ailleurs venu \u00e0 l\u2019entretien avec la Gazette en compagnie d\u2019Ahmed Mouldaia, en charge de la strat\u00e9gie de la campagne et qui a aid\u00e9 \u00e0 mettre en place <a href=\"https:\/\/www.osez-fontenay.fr\/lapplication-mobile-lelan-citoyen-un-laboratoire-de-democratie-participative-par-gilles-mergy-entretien-avec-ahmed-mouldaia\/\">des outils concrets<\/a> pour impliquer les habitants : application mobile, questionnaires, ateliers participatifs\u2026Ahmed a rencontr\u00e9 Gilles Mergy il y a deux ans, et son approche humaniste de la politique l\u2019a convaincu de travailler avec lui.<\/p>\n\n\n\n<p>Il insiste sur l\u2019approche citoyenne qui a \u00e9t\u00e9 privil\u00e9gi\u00e9e, \u00e0 l\u2019aide des moyens mis en place pour faire remonter les attentes des habitants&nbsp;: ces outils num\u00e9riques se conjuguent avec les ateliers et le porte \u00e0 porte. Un questionnaire a ainsi pu b\u00e9n\u00e9ficier de 450 r\u00e9ponses. Des mini-sondages sont organis\u00e9s sur divers sujets via l\u2019application mobile.<\/p>\n\n\n\n<p>Au cours de ce processus, 6 valeurs ont \u00e9t\u00e9 identifi\u00e9es&nbsp;: \u00e9coute, solidarit\u00e9, pragmatisme, responsabilit\u00e9, innovation et transparence.<\/p>\n\n\n\n<p>L&rsquo;\u00e9quipe rassemble des femmes et des hommes d&rsquo;\u00e2ges, d&rsquo;origines et de parcours vari\u00e9s, unis autour d&rsquo;un projet commun pour Fontenay<\/p>\n\n\n\n<h1 class=\"wp-block-heading\">Diagnostic<\/h1>\n\n\n\n<p>Le diagnostic sur la situation actuelle de la ville met en \u00e9vidence de nombreuses lacunes. Parmi les points soulign\u00e9s lors de l&rsquo;entretien&nbsp;:<\/p>\n\n\n\n<ul class=\"wp-block-list\">\n<li>Opacit\u00e9 et d\u00e9rive des comptes, en particulier sur le pilotage des projets d\u2019investissements (probl\u00e8me de gouvernance et de ma\u00eetrise d\u2019ouvrage)<\/li>\n\n\n\n<li>Absence de d\u00e9mocratie participative (simili concertation avec les comit\u00e9s de quartier)<\/li>\n\n\n\n<li>B\u00e9tonisation avec l\u2019autorisation par le Maire de la construction de 2584 logements depuis 2014<\/li>\n\n\n\n<li>Les quartiers p\u00e9riph\u00e9riques de la ville se sentent oubli\u00e9s<\/li>\n<\/ul>\n\n\n\n<h2 class=\"wp-block-heading\">Priorit\u00e9s<\/h2>\n\n\n\n<p>La d\u00e9mocratie participative est au c\u0153ur du projet, avec une ambition claire : passer d&rsquo;une consultation sans suite \u00e0 une v\u00e9ritable co-d\u00e9cision avec les habitants. Cela repose sur un engagement du maire \u00e0 partager le pouvoir, un Observatoire des engagements municipaux (35 citoyens tir\u00e9s au sort) pour garantir la transparence, une ing\u00e9nierie participative avec des moyens d\u00e9di\u00e9s, et une volont\u00e9 d&rsquo;aller chercher ceux qu&rsquo;on n&rsquo;entend jamais \u2014 jeunes, actifs, familles.<\/p>\n\n\n\n<p><strong>Innovation technologique et r\u00e9duction de la fracture num\u00e9rique<\/strong> sont \u00e9galement au programme. Une permanence num\u00e9rique sera \u00e0 disposition pour aider les personnes qui ont du mal avec le num\u00e9rique. Une application mobile, con\u00e7ue sp\u00e9cifiquement pour Fontenay, permettra une communication dans les trois sens : de la mairie vers les habitants (alertes, informations), des habitants vers la mairie \u2014 avec un syst\u00e8me de signalement pour remonter les irritants du quotidien \u2014 et entre habitants, gr\u00e2ce \u00e0 des communaut\u00e9s th\u00e9matiques.\u00a0\u00bb<\/p>\n\n\n\n<p>C\u00f4t\u00e9 Blagis, le projet Station B vise \u00e0 faire du quartier un moteur d&rsquo;entrepreneuriat. Ce tiers-lieu d\u00e9di\u00e9 au num\u00e9rique offrira espaces de coworking, formations et accompagnement \u00e0 la cr\u00e9ation d&rsquo;entreprise \u2014 ouvert aux jeunes, aux ind\u00e9pendants et aux habitants en reconversion, sans pr\u00e9requis de dipl\u00f4me. En synergie avec le Fab Lab num\u00e9rique c\u00f4t\u00e9 Sceaux, Station B renforcera l&rsquo;\u00e9cosyst\u00e8me entrepreneurial du quartier.<\/p>\n\n\n\n<p>Par ailleurs, un membre de la liste a men\u00e9 un travail d&rsquo;identification d&rsquo;Initiatives Innovantes dans d&rsquo;autres municipalit\u00e9s : sur une trentaine rep\u00e9r\u00e9es, une douzaine ont \u00e9t\u00e9 retenues pour \u00eatre adapt\u00e9es \u00e0 Fontenay \u2014 parmi lesquelles un restaurant associatif pour les personnes pr\u00e9caires, des casiers num\u00e9riques pour le partage d&rsquo;\u00e9quipements sportifs, ou encore des formations \u00e0 la prise de d\u00e9cision coll\u00e9giale. Ces formations seront ainsi mises en \u0153uvre dans le cadre de la d\u00e9mocratie participative.<\/p>\n\n\n\n<p>Pour un <strong>r\u00e9\u00e9quilibrage territorial<\/strong> des investissements, il est pr\u00e9vu un projet structurant par quartier (soit 6 ou 7, la capacit\u00e9 de la ville \u00e0 suivre les projets).<\/p>\n\n\n\n<p>Un <strong>traitement r\u00e9el des irritants<\/strong> sera mis en place (ne plus se contenter de dire c\u2019est telle ou telle institution la responsable) pour un suivi avec les partenaires de la ville.<\/p>\n\n\n\n<p>L\u2019accompagnement de la <strong>r\u00e9ussite des jeunes<\/strong> sera renforc\u00e9, par exemple pour la recherche de stage en 3<sup>e<\/sup> voir <a href=\"https:\/\/www.ateliersfontenaisiens.fr\/atelier-enfance-jeunesse-elan-citoyen-pour-fontenay\/\">plus de d\u00e9tails ici<\/a>.<\/p>\n\n\n\n<p><strong>L\u2019accompagnement des seniors<\/strong> sera lui aussi renforc\u00e9 (adaptation de l\u2019espace public, renforcement des services de proximit\u00e9,&nbsp; r\u00e9novation de l\u2019espace loisirs seniors). Les aides aux personnes fragiles seront accrues (personnes seules, familles monoparentales, aidants, \u00e9tudiants et jeunes en situation de pr\u00e9carit\u00e9).<\/p>\n\n\n\n<p><strong>Un grand plan d\u2019entretien et de r\u00e9novation du parc social<\/strong> sera mis en place avec tous les bailleurs sociaux implant\u00e9s sur la ville en mettant l\u2019accent sur la qualit\u00e9 du suivi des signalements remont\u00e9s par les locataires et les d\u00e9lais d\u2019intervention.<\/p>\n\n\n\n<p><strong>La politique de b\u00e9tonisation sera stopp\u00e9e <\/strong>en veillant \u00e0 mieux prot\u00e9ger les quartier pavillonnaires gr\u00e2ce \u00e0 une \u00e9volution du PLUI. La priorit\u00e9 sera donn\u00e9e \u00e0 la r\u00e9habilitation plut\u00f4t que la destruction\/reconstruction et une charte d\u2019urbanisme sera adopt\u00e9e (qualit\u00e9 des constructions, confort des logements\u2026 )<\/p>\n\n\n\n<h2 class=\"wp-block-heading\">Questions de la Gazette<\/h2>\n\n\n\n<p><em>L\u2019\u00e9tat g\u00e9n\u00e9ral des Finances publiques fran\u00e7aises risque de conduire \u00e0 une diminution des ressources des municipalit\u00e9s dans un futur proche. Qu\u2019allez-vous faire&nbsp;?<\/em><\/p>\n\n\n\n<p>L\u2019\u00e9lan citoyen pour Fontenay&nbsp;! se donne plusieurs moyens pour am\u00e9liorer les finances. D\u2019abord \u00eatre plus efficace dans la \u00ab&nbsp;chasse aux subventions&nbsp;\u00bb (y compris aupr\u00e8s de VSGP) . Ensuite, mieux g\u00e9rer les projets (30 % de d\u00e9rive moyenne, soit 2M\u20ac par an), par un meilleur suivi des contrats avec les prestataires et une ma\u00eetrise d\u2019ouvrage plus performante (en s\u2019appuyant sur un recrutement d\u2019un expert dans ce domaine et en veillant au respect des cahiers des charges par les entreprises sous peine de p\u00e9nalit\u00e9). Enfin, g\u00e9rer de mani\u00e8re plus rigoureuse les d\u00e9penses de fonctionnement, en r\u00e9duisant le <em>turn over<\/em> des agents qui a un co\u00fbt \u00e9lev\u00e9 pour la ville, le train de vie de la Ville, les doublons entre VSGP et la ville\u2026<\/p>\n\n\n\n<p><em>Le PCAET de VSGP a pr\u00e9vu de nombreuses mesures, mais sa r\u00e9alisation d\u00e9pend en grande partie des municipalit\u00e9s. Dans le domaine des \u00e9missions de gaz \u00e0 effet de serre (GES), la priorit\u00e9 pour une municipalit\u00e9 est de diminuer ses propres \u00e9missions, par exemple en am\u00e9liorant <strong>l\u2019isolation des b\u00e2timents publics<\/strong>.<\/em> <em>Que veut faire L\u2019\u00e9lan citoyen pour Fontenay&nbsp;?<\/em><\/p>\n\n\n\n<p>L\u2019\u00e9lan citoyen pour Fontenay&nbsp;! lancera un plan d\u2019isolation thermique des b\u00e2timents publics (\u00e9coles, gymnases, \u00e9quipements municipaux) afin de r\u00e9duire durablement les d\u00e9penses \u00e9nergiques et am\u00e9liorer le confort des usagers. Ce plan sera construit avec l\u2019aide d\u2019un ing\u00e9nieur thermicien. Les travaux seront r\u00e9alis\u00e9s en recherchant activement des subventions et des dispositifs de financement adapt\u00e9s.<\/p>\n\n\n\n<p><em>Les conseillers territoriaux (pour VSGP) sont \u00e9lus en m\u00eame temps que les conseillers municipaux. Quel avenir pour VSGP et quel partenariat de la ville avec cette intercommunalit\u00e9&nbsp;?<\/em><\/p>\n\n\n\n<p>Gilles Mergy est depuis 2020 membre du conseil territorial. Il observe d\u2019abord une volont\u00e9 du bureau du territoire de rechercher le consensus politique. Les trois maires de gauche sont vice-pr\u00e9sidentes du Territoire (pr\u00e9sid\u00e9 par C. S\u00e9gaud, maire de Chatenay). Mais cette approche conduit \u00e0 verrouiller tous les d\u00e9bats au sein du Conseil de Territoire et nous ne sommes qu\u2019une poign\u00e9e d\u2019\u00e9lus \u00e0 intervenir pour nous opposer aux projets qui ne r\u00e9pondent pas aux besoins des habitants. Par ailleurs, il n\u2019y a pas vraiment de projet communautaire, mais plut\u00f4t l\u2019adjonction de projets municipaux. Sur les comp\u00e9tences transf\u00e9r\u00e9es au Territoire par la loi ou \u00e0 l\u2019initiative des communes &nbsp;(d\u00e9chets, voiries\u2026), il n\u2019y a pas de bilan r\u00e9alis\u00e9 sur les \u00e9conomies d\u2019\u00e9chelles, sur l\u2019efficacit\u00e9 r\u00e9elle. En l\u2019absence de r\u00e9el bilan, Il n\u2019est pas partisan de transf\u00e9rer de nouvelles responsabilit\u00e9s de la ville vers VSGP.<\/p>\n\n\n\n<p><em>Quelle position pour un \u00e9ventuel <strong>deuxi\u00e8me tour<\/strong>&nbsp;?<\/em><\/p>\n\n\n\n<p>Nous ne nous allierons pas \u00e0 Laurent Vastel. Pour le battre, nous sommes ouverts \u00e0 une fusion avec les listes d&rsquo;opposition qui partagent nos valeurs, selon des modalit\u00e9s qui d\u00e9pendront des r\u00e9sultats du premier tour.<\/p>\n\n\n\n<hr class=\"wp-block-separator has-alpha-channel-opacity\"\/>\n\n\n\n<h2 class=\"wp-block-heading\">A lire sur la Gazette<\/h2>\n\n\n\n<ul class=\"wp-block-list\">\n<li><a href=\"https:\/\/sceaux-lagazette.fr\/index.php\/2026\/01\/15\/municipales-a-fontenay-aux-roses\/\">Municipales \u00e0 Fontenay-aux-Roses<\/a><\/li>\n\n\n\n<li><a href=\"https:\/\/sceaux-lagazette.fr\/index.php\/2025\/10\/16\/regles-pour-les-elections-municipales-de-2026\/\">R\u00e8gles pour les \u00e9lections municipales de 2026<\/a><\/li>\n\n\n\n<li><a href=\"https:\/\/sceaux-lagazette.fr\/index.php\/2025\/11\/13\/municipales-2026-contexte-politique\/\">Municipales 2026 : contexte politique<\/a><\/li>\n\n\n\n<li><a href=\"https:\/\/sceaux-lagazette.fr\/index.php\/2026\/01\/08\/carnets-de-campagne-municipales-premier-semestre-2025\/\">Carnets de campagnes municipales- premier semestre 2025<\/a><\/li>\n\n\n\n<li><a href=\"https:\/\/sceaux-lagazette.fr\/index.php\/2026\/01\/12\/carnets-de-campagne-municipales-deuxieme-semestre-2025\/\">Carnets de campagne. Municipales- deuxi\u00e8me semestre 2025<\/a><\/li>\n<\/ul>\n\n\n\n<p><\/p>\n","protected":false},"excerpt":{"rendered":"<p>Gilles Mergy, d\u00e9j\u00e0 candidat en 2020, dirige en 2026 la liste L\u2019\u00e9lan citoyen pour Fontenay&nbsp;! Il met en avant les valeurs choisies par son collectif et sept priorit\u00e9s pour la ville avant de r\u00e9pondre aux questions de la Gazette. Gilles Mergy, dont la Gazette a fait un portrait, a \u00e9t\u00e9&#8230;<\/p>\n","protected":false},"author":11,"featured_media":45232,"comment_status":"open","ping_status":"open","sticky":false,"template":"","format":"standard","meta":{"om_disable_all_campaigns":false,"_monsterinsights_skip_tracking":false,"_monsterinsights_sitenote_active":false,"_monsterinsights_sitenote_note":"","_monsterinsights_sitenote_category":0,"_uf_show_specific_survey":0,"_uf_disable_surveys":false,"footnotes":""},"categories":[264,270],"tags":[],"class_list":["post-45217","post","type-post","status-publish","format-standard","has-post-thumbnail","hentry","category-fontenay-aux-roses","category-projets-politiques","entry","simple"],"yoast_head":"<!-- This site is optimized with the Yoast SEO plugin v25.6 - https:\/\/yoast.com\/wordpress\/plugins\/seo\/ -->\n<title>L\u2019\u00e9lan citoyen pour Fontenay\u00a0! Avec Gilles Mergy - La Gazette<\/title>\n<meta name=\"robots\" content=\"index, follow, max-snippet:-1, max-image-preview:large, max-video-preview:-1\" \/>\n<link rel=\"canonical\" href=\"https:\/\/sceaux-lagazette.fr\/index.php\/2026\/01\/28\/lelan-citoyen-pour-fontenay-avec-gilles-mergy\/\" \/>\n<meta property=\"og:locale\" content=\"fr_FR\" \/>\n<meta property=\"og:type\" content=\"article\" \/>\n<meta property=\"og:title\" content=\"L\u2019\u00e9lan citoyen pour Fontenay\u00a0! Avec Gilles Mergy - La Gazette\" \/>\n<meta property=\"og:description\" content=\"Gilles Mergy, d\u00e9j\u00e0 candidat en 2020, dirige en 2026 la liste L\u2019\u00e9lan citoyen pour Fontenay&nbsp;! Il met en avant les valeurs choisies par son collectif et sept priorit\u00e9s pour la ville avant de r\u00e9pondre aux questions de la Gazette. Gilles Mergy, dont la Gazette a fait un portrait, a \u00e9t\u00e9&#8230;\" \/>\n<meta property=\"og:url\" content=\"https:\/\/sceaux-lagazette.fr\/index.php\/2026\/01\/28\/lelan-citoyen-pour-fontenay-avec-gilles-mergy\/\" \/>\n<meta property=\"og:site_name\" content=\"La Gazette\" \/>\n<meta property=\"article:published_time\" content=\"2026-01-28T08:17:57+00:00\" \/>\n<meta property=\"article:modified_time\" content=\"2026-01-28T08:17:58+00:00\" \/>\n<meta property=\"og:image\" content=\"https:\/\/sceaux-lagazette.fr\/wp-content\/uploads\/2026\/01\/Gilles-Mergy-candidat-2026.jpg\" \/>\n\t<meta property=\"og:image:width\" content=\"1920\" \/>\n\t<meta property=\"og:image:height\" content=\"857\" \/>\n\t<meta property=\"og:image:type\" content=\"image\/jpeg\" \/>\n<meta name=\"author\" content=\"G\u00e9rard Bardier\" \/>\n<meta name=\"twitter:card\" content=\"summary_large_image\" \/>\n<meta name=\"twitter:label1\" content=\"\u00c9crit par\" \/>\n\t<meta name=\"twitter:data1\" content=\"G\u00e9rard Bardier\" \/>\n\t<meta name=\"twitter:label2\" content=\"Dur\u00e9e de lecture estim\u00e9e\" \/>\n\t<meta name=\"twitter:data2\" content=\"8 minutes\" \/>\n<script type=\"application\/ld+json\" class=\"yoast-schema-graph\">{\"@context\":\"https:\/\/schema.org\",\"@graph\":[{\"@type\":\"Article\",\"@id\":\"https:\/\/sceaux-lagazette.fr\/index.php\/2026\/01\/28\/lelan-citoyen-pour-fontenay-avec-gilles-mergy\/#article\",\"isPartOf\":{\"@id\":\"https:\/\/sceaux-lagazette.fr\/index.php\/2026\/01\/28\/lelan-citoyen-pour-fontenay-avec-gilles-mergy\/\"},\"author\":{\"name\":\"G\u00e9rard Bardier\",\"@id\":\"https:\/\/sceaux-lagazette.fr\/#\/schema\/person\/5650e206a121f68c6f5e76379bccfbc4\"},\"headline\":\"L\u2019\u00e9lan citoyen pour Fontenay\u00a0! Avec Gilles Mergy\",\"datePublished\":\"2026-01-28T08:17:57+00:00\",\"dateModified\":\"2026-01-28T08:17:58+00:00\",\"mainEntityOfPage\":{\"@id\":\"https:\/\/sceaux-lagazette.fr\/index.php\/2026\/01\/28\/lelan-citoyen-pour-fontenay-avec-gilles-mergy\/\"},\"wordCount\":1509,\"commentCount\":0,\"publisher\":{\"@id\":\"https:\/\/sceaux-lagazette.fr\/#organization\"},\"image\":{\"@id\":\"https:\/\/sceaux-lagazette.fr\/index.php\/2026\/01\/28\/lelan-citoyen-pour-fontenay-avec-gilles-mergy\/#primaryimage\"},\"thumbnailUrl\":\"https:\/\/sceaux-lagazette.fr\/wp-content\/uploads\/2026\/01\/Gilles-Mergy-candidat-2026.jpg\",\"articleSection\":[\"Fontenay-aux-Roses\",\"projets politiques\"],\"inLanguage\":\"fr-FR\",\"potentialAction\":[{\"@type\":\"CommentAction\",\"name\":\"Comment\",\"target\":[\"https:\/\/sceaux-lagazette.fr\/index.php\/2026\/01\/28\/lelan-citoyen-pour-fontenay-avec-gilles-mergy\/#respond\"]}]},{\"@type\":\"WebPage\",\"@id\":\"https:\/\/sceaux-lagazette.fr\/index.php\/2026\/01\/28\/lelan-citoyen-pour-fontenay-avec-gilles-mergy\/\",\"url\":\"https:\/\/sceaux-lagazette.fr\/index.php\/2026\/01\/28\/lelan-citoyen-pour-fontenay-avec-gilles-mergy\/\",\"name\":\"L\u2019\u00e9lan citoyen pour Fontenay\u00a0! Avec Gilles Mergy - La Gazette\",\"isPartOf\":{\"@id\":\"https:\/\/sceaux-lagazette.fr\/#website\"},\"primaryImageOfPage\":{\"@id\":\"https:\/\/sceaux-lagazette.fr\/index.php\/2026\/01\/28\/lelan-citoyen-pour-fontenay-avec-gilles-mergy\/#primaryimage\"},\"image\":{\"@id\":\"https:\/\/sceaux-lagazette.fr\/index.php\/2026\/01\/28\/lelan-citoyen-pour-fontenay-avec-gilles-mergy\/#primaryimage\"},\"thumbnailUrl\":\"https:\/\/sceaux-lagazette.fr\/wp-content\/uploads\/2026\/01\/Gilles-Mergy-candidat-2026.jpg\",\"datePublished\":\"2026-01-28T08:17:57+00:00\",\"dateModified\":\"2026-01-28T08:17:58+00:00\",\"breadcrumb\":{\"@id\":\"https:\/\/sceaux-lagazette.fr\/index.php\/2026\/01\/28\/lelan-citoyen-pour-fontenay-avec-gilles-mergy\/#breadcrumb\"},\"inLanguage\":\"fr-FR\",\"potentialAction\":[{\"@type\":\"ReadAction\",\"target\":[\"https:\/\/sceaux-lagazette.fr\/index.php\/2026\/01\/28\/lelan-citoyen-pour-fontenay-avec-gilles-mergy\/\"]}]},{\"@type\":\"ImageObject\",\"inLanguage\":\"fr-FR\",\"@id\":\"https:\/\/sceaux-lagazette.fr\/index.php\/2026\/01\/28\/lelan-citoyen-pour-fontenay-avec-gilles-mergy\/#primaryimage\",\"url\":\"https:\/\/sceaux-lagazette.fr\/wp-content\/uploads\/2026\/01\/Gilles-Mergy-candidat-2026.jpg\",\"contentUrl\":\"https:\/\/sceaux-lagazette.fr\/wp-content\/uploads\/2026\/01\/Gilles-Mergy-candidat-2026.jpg\",\"width\":1920,\"height\":857},{\"@type\":\"BreadcrumbList\",\"@id\":\"https:\/\/sceaux-lagazette.fr\/index.php\/2026\/01\/28\/lelan-citoyen-pour-fontenay-avec-gilles-mergy\/#breadcrumb\",\"itemListElement\":[{\"@type\":\"ListItem\",\"position\":1,\"name\":\"Accueil\",\"item\":\"https:\/\/sceaux-lagazette.fr\/\"},{\"@type\":\"ListItem\",\"position\":2,\"name\":\"L\u2019\u00e9lan citoyen pour Fontenay\u00a0! Avec Gilles Mergy\"}]},{\"@type\":\"WebSite\",\"@id\":\"https:\/\/sceaux-lagazette.fr\/#website\",\"url\":\"https:\/\/sceaux-lagazette.fr\/\",\"name\":\"La Gazette\",\"description\":\"Bourg-la-Reine, Ch\u00e2tenay, Fontenay, Sceaux\",\"publisher\":{\"@id\":\"https:\/\/sceaux-lagazette.fr\/#organization\"},\"potentialAction\":[{\"@type\":\"SearchAction\",\"target\":{\"@type\":\"EntryPoint\",\"urlTemplate\":\"https:\/\/sceaux-lagazette.fr\/?s={search_term_string}\"},\"query-input\":{\"@type\":\"PropertyValueSpecification\",\"valueRequired\":true,\"valueName\":\"search_term_string\"}}],\"inLanguage\":\"fr-FR\"},{\"@type\":\"Organization\",\"@id\":\"https:\/\/sceaux-lagazette.fr\/#organization\",\"name\":\"La Gazette\",\"url\":\"https:\/\/sceaux-lagazette.fr\/\",\"logo\":{\"@type\":\"ImageObject\",\"inLanguage\":\"fr-FR\",\"@id\":\"https:\/\/sceaux-lagazette.fr\/#\/schema\/logo\/image\/\",\"url\":\"https:\/\/sceaux-lagazette.fr\/wp-content\/uploads\/2025\/08\/Logo-Gazette-Aout-2025-V3.jpg\",\"contentUrl\":\"https:\/\/sceaux-lagazette.fr\/wp-content\/uploads\/2025\/08\/Logo-Gazette-Aout-2025-V3.jpg\",\"width\":525,\"height\":130,\"caption\":\"La Gazette\"},\"image\":{\"@id\":\"https:\/\/sceaux-lagazette.fr\/#\/schema\/logo\/image\/\"}},{\"@type\":\"Person\",\"@id\":\"https:\/\/sceaux-lagazette.fr\/#\/schema\/person\/5650e206a121f68c6f5e76379bccfbc4\",\"name\":\"G\u00e9rard Bardier\",\"image\":{\"@type\":\"ImageObject\",\"inLanguage\":\"fr-FR\",\"@id\":\"https:\/\/sceaux-lagazette.fr\/#\/schema\/person\/image\/\",\"url\":\"https:\/\/secure.gravatar.com\/avatar\/5cf4391ef9dbc0367750202561279a29?s=96&r=g\",\"contentUrl\":\"https:\/\/secure.gravatar.com\/avatar\/5cf4391ef9dbc0367750202561279a29?s=96&r=g\",\"caption\":\"G\u00e9rard Bardier\"},\"url\":\"https:\/\/sceaux-lagazette.fr\/index.php\/author\/gb\/\"}]}<\/script>\n<!-- \/ Yoast SEO plugin. -->","yoast_head_json":{"title":"L\u2019\u00e9lan citoyen pour Fontenay\u00a0! Avec Gilles Mergy - La Gazette","robots":{"index":"index","follow":"follow","max-snippet":"max-snippet:-1","max-image-preview":"max-image-preview:large","max-video-preview":"max-video-preview:-1"},"canonical":"https:\/\/sceaux-lagazette.fr\/index.php\/2026\/01\/28\/lelan-citoyen-pour-fontenay-avec-gilles-mergy\/","og_locale":"fr_FR","og_type":"article","og_title":"L\u2019\u00e9lan citoyen pour Fontenay\u00a0! Avec Gilles Mergy - La Gazette","og_description":"Gilles Mergy, d\u00e9j\u00e0 candidat en 2020, dirige en 2026 la liste L\u2019\u00e9lan citoyen pour Fontenay&nbsp;! Il met en avant les valeurs choisies par son collectif et sept priorit\u00e9s pour la ville avant de r\u00e9pondre aux questions de la Gazette. Gilles Mergy, dont la Gazette a fait un portrait, a \u00e9t\u00e9&#8230;","og_url":"https:\/\/sceaux-lagazette.fr\/index.php\/2026\/01\/28\/lelan-citoyen-pour-fontenay-avec-gilles-mergy\/","og_site_name":"La Gazette","article_published_time":"2026-01-28T08:17:57+00:00","article_modified_time":"2026-01-28T08:17:58+00:00","og_image":[{"width":1920,"height":857,"url":"https:\/\/sceaux-lagazette.fr\/wp-content\/uploads\/2026\/01\/Gilles-Mergy-candidat-2026.jpg","type":"image\/jpeg"}],"author":"G\u00e9rard Bardier","twitter_card":"summary_large_image","twitter_misc":{"\u00c9crit par":"G\u00e9rard Bardier","Dur\u00e9e de lecture estim\u00e9e":"8 minutes"},"schema":{"@context":"https:\/\/schema.org","@graph":[{"@type":"Article","@id":"https:\/\/sceaux-lagazette.fr\/index.php\/2026\/01\/28\/lelan-citoyen-pour-fontenay-avec-gilles-mergy\/#article","isPartOf":{"@id":"https:\/\/sceaux-lagazette.fr\/index.php\/2026\/01\/28\/lelan-citoyen-pour-fontenay-avec-gilles-mergy\/"},"author":{"name":"G\u00e9rard Bardier","@id":"https:\/\/sceaux-lagazette.fr\/#\/schema\/person\/5650e206a121f68c6f5e76379bccfbc4"},"headline":"L\u2019\u00e9lan citoyen pour Fontenay\u00a0! Avec Gilles Mergy","datePublished":"2026-01-28T08:17:57+00:00","dateModified":"2026-01-28T08:17:58+00:00","mainEntityOfPage":{"@id":"https:\/\/sceaux-lagazette.fr\/index.php\/2026\/01\/28\/lelan-citoyen-pour-fontenay-avec-gilles-mergy\/"},"wordCount":1509,"commentCount":0,"publisher":{"@id":"https:\/\/sceaux-lagazette.fr\/#organization"},"image":{"@id":"https:\/\/sceaux-lagazette.fr\/index.php\/2026\/01\/28\/lelan-citoyen-pour-fontenay-avec-gilles-mergy\/#primaryimage"},"thumbnailUrl":"https:\/\/sceaux-lagazette.fr\/wp-content\/uploads\/2026\/01\/Gilles-Mergy-candidat-2026.jpg","articleSection":["Fontenay-aux-Roses","projets politiques"],"inLanguage":"fr-FR","potentialAction":[{"@type":"CommentAction","name":"Comment","target":["https:\/\/sceaux-lagazette.fr\/index.php\/2026\/01\/28\/lelan-citoyen-pour-fontenay-avec-gilles-mergy\/#respond"]}]},{"@type":"WebPage","@id":"https:\/\/sceaux-lagazette.fr\/index.php\/2026\/01\/28\/lelan-citoyen-pour-fontenay-avec-gilles-mergy\/","url":"https:\/\/sceaux-lagazette.fr\/index.php\/2026\/01\/28\/lelan-citoyen-pour-fontenay-avec-gilles-mergy\/","name":"L\u2019\u00e9lan citoyen pour Fontenay\u00a0! Avec Gilles Mergy - La Gazette","isPartOf":{"@id":"https:\/\/sceaux-lagazette.fr\/#website"},"primaryImageOfPage":{"@id":"https:\/\/sceaux-lagazette.fr\/index.php\/2026\/01\/28\/lelan-citoyen-pour-fontenay-avec-gilles-mergy\/#primaryimage"},"image":{"@id":"https:\/\/sceaux-lagazette.fr\/index.php\/2026\/01\/28\/lelan-citoyen-pour-fontenay-avec-gilles-mergy\/#primaryimage"},"thumbnailUrl":"https:\/\/sceaux-lagazette.fr\/wp-content\/uploads\/2026\/01\/Gilles-Mergy-candidat-2026.jpg","datePublished":"2026-01-28T08:17:57+00:00","dateModified":"2026-01-28T08:17:58+00:00","breadcrumb":{"@id":"https:\/\/sceaux-lagazette.fr\/index.php\/2026\/01\/28\/lelan-citoyen-pour-fontenay-avec-gilles-mergy\/#breadcrumb"},"inLanguage":"fr-FR","potentialAction":[{"@type":"ReadAction","target":["https:\/\/sceaux-lagazette.fr\/index.php\/2026\/01\/28\/lelan-citoyen-pour-fontenay-avec-gilles-mergy\/"]}]},{"@type":"ImageObject","inLanguage":"fr-FR","@id":"https:\/\/sceaux-lagazette.fr\/index.php\/2026\/01\/28\/lelan-citoyen-pour-fontenay-avec-gilles-mergy\/#primaryimage","url":"https:\/\/sceaux-lagazette.fr\/wp-content\/uploads\/2026\/01\/Gilles-Mergy-candidat-2026.jpg","contentUrl":"https:\/\/sceaux-lagazette.fr\/wp-content\/uploads\/2026\/01\/Gilles-Mergy-candidat-2026.jpg","width":1920,"height":857},{"@type":"BreadcrumbList","@id":"https:\/\/sceaux-lagazette.fr\/index.php\/2026\/01\/28\/lelan-citoyen-pour-fontenay-avec-gilles-mergy\/#breadcrumb","itemListElement":[{"@type":"ListItem","position":1,"name":"Accueil","item":"https:\/\/sceaux-lagazette.fr\/"},{"@type":"ListItem","position":2,"name":"L\u2019\u00e9lan citoyen pour Fontenay\u00a0! Avec Gilles Mergy"}]},{"@type":"WebSite","@id":"https:\/\/sceaux-lagazette.fr\/#website","url":"https:\/\/sceaux-lagazette.fr\/","name":"La Gazette","description":"Bourg-la-Reine, Ch\u00e2tenay, Fontenay, Sceaux","publisher":{"@id":"https:\/\/sceaux-lagazette.fr\/#organization"},"potentialAction":[{"@type":"SearchAction","target":{"@type":"EntryPoint","urlTemplate":"https:\/\/sceaux-lagazette.fr\/?s={search_term_string}"},"query-input":{"@type":"PropertyValueSpecification","valueRequired":true,"valueName":"search_term_string"}}],"inLanguage":"fr-FR"},{"@type":"Organization","@id":"https:\/\/sceaux-lagazette.fr\/#organization","name":"La Gazette","url":"https:\/\/sceaux-lagazette.fr\/","logo":{"@type":"ImageObject","inLanguage":"fr-FR","@id":"https:\/\/sceaux-lagazette.fr\/#\/schema\/logo\/image\/","url":"https:\/\/sceaux-lagazette.fr\/wp-content\/uploads\/2025\/08\/Logo-Gazette-Aout-2025-V3.jpg","contentUrl":"https:\/\/sceaux-lagazette.fr\/wp-content\/uploads\/2025\/08\/Logo-Gazette-Aout-2025-V3.jpg","width":525,"height":130,"caption":"La Gazette"},"image":{"@id":"https:\/\/sceaux-lagazette.fr\/#\/schema\/logo\/image\/"}},{"@type":"Person","@id":"https:\/\/sceaux-lagazette.fr\/#\/schema\/person\/5650e206a121f68c6f5e76379bccfbc4","name":"G\u00e9rard Bardier","image":{"@type":"ImageObject","inLanguage":"fr-FR","@id":"https:\/\/sceaux-lagazette.fr\/#\/schema\/person\/image\/","url":"https:\/\/secure.gravatar.com\/avatar\/5cf4391ef9dbc0367750202561279a29?s=96&r=g","contentUrl":"https:\/\/secure.gravatar.com\/avatar\/5cf4391ef9dbc0367750202561279a29?s=96&r=g","caption":"G\u00e9rard Bardier"},"url":"https:\/\/sceaux-lagazette.fr\/index.php\/author\/gb\/"}]}},"cc_featured_image_caption":{"caption_text":"","source_text":"","source_url":""},"_links":{"self":[{"href":"https:\/\/sceaux-lagazette.fr\/index.php\/wp-json\/wp\/v2\/posts\/45217"}],"collection":[{"href":"https:\/\/sceaux-lagazette.fr\/index.php\/wp-json\/wp\/v2\/posts"}],"about":[{"href":"https:\/\/sceaux-lagazette.fr\/index.php\/wp-json\/wp\/v2\/types\/post"}],"author":[{"embeddable":true,"href":"https:\/\/sceaux-lagazette.fr\/index.php\/wp-json\/wp\/v2\/users\/11"}],"replies":[{"embeddable":true,"href":"https:\/\/sceaux-lagazette.fr\/index.php\/wp-json\/wp\/v2\/comments?post=45217"}],"version-history":[{"count":4,"href":"https:\/\/sceaux-lagazette.fr\/index.php\/wp-json\/wp\/v2\/posts\/45217\/revisions"}],"predecessor-version":[{"id":45221,"href":"https:\/\/sceaux-lagazette.fr\/index.php\/wp-json\/wp\/v2\/posts\/45217\/revisions\/45221"}],"wp:featuredmedia":[{"embeddable":true,"href":"https:\/\/sceaux-lagazette.fr\/index.php\/wp-json\/wp\/v2\/media\/45232"}],"wp:attachment":[{"href":"https:\/\/sceaux-lagazette.fr\/index.php\/wp-json\/wp\/v2\/media?parent=45217"}],"wp:term":[{"taxonomy":"category","embeddable":true,"href":"https:\/\/sceaux-lagazette.fr\/index.php\/wp-json\/wp\/v2\/categories?post=45217"},{"taxonomy":"post_tag","embeddable":true,"href":"https:\/\/sceaux-lagazette.fr\/index.php\/wp-json\/wp\/v2\/tags?post=45217"}],"curies":[{"name":"wp","href":"https:\/\/api.w.org\/{rel}","templated":true}]}}