{"id":45197,"date":"2026-01-22T12:43:47","date_gmt":"2026-01-22T11:43:47","guid":{"rendered":"https:\/\/sceaux-lagazette.fr\/?p=45197"},"modified":"2026-02-04T17:24:46","modified_gmt":"2026-02-04T16:24:46","slug":"derniers-jours-de-lexpo-anne-le-chevallier","status":"publish","type":"post","link":"https:\/\/sceaux-lagazette.fr\/index.php\/2026\/01\/22\/derniers-jours-de-lexpo-anne-le-chevallier\/","title":{"rendered":"Derniers jours de l&rsquo;expo Anne Le Chevallier"},"content":{"rendered":"\n<p>Nous sommes jeudi, il ne reste que peu de jours pour d\u00e9couvrir Anne Le Chevallier \u00e0 la m\u00e9diath\u00e8que de Fontenay-aux-Roses. L\u2019exposition intitul\u00e9e <em>Chemins de couleur<\/em> prend fin dimanche 25 janvier en fin de matin\u00e9e.<\/p>\n\n\n\n<p>Anne Le Chevallier est \u00e0 la fois peintre et ma\u00eetre verrier. L\u2019exposition pr\u00e9sente les deux formes de son parcours qui s\u2019\u00e9tend sur plus de cinquante ans. Ang\u00e8le Cloup, la commissaire, y a d\u00e9velopp\u00e9 une intention&nbsp;: montrer comment la lumi\u00e8re se laisse d\u00e9couvrir diff\u00e9remment selon qu&rsquo;elle agit dans la peinture ou le vitrail, lesquels jouent avec et contre l\u2019ombre selon des partitions singuli\u00e8res.<\/p>\n\n\n\n<h2 class=\"wp-block-heading\">Le verre<\/h2>\n\n\n\n<p>Car la lumi\u00e8re s&rsquo;exprime dans le vitrail et la peinture sur toile selon des formules au mieux parall\u00e8les sinon oppos\u00e9es. La grande salle du fond, dans une sc\u00e9nographie limpide con\u00e7ue par Ang\u00e8le Cloup, en fait d\u00e9monstration.<\/p>\n\n\n\n<p>Un m\u00eame vitrail est pr\u00e9sent\u00e9 de plusieurs fa\u00e7ons. A l\u2019\u00e9tat de maquette, c\u2019est alors une aquarelle&nbsp;; dans sa r\u00e9alit\u00e9, montr\u00e9e par une photographie&nbsp;; avec un panneau \u00e9chantillon de vitrail. Ainsi, de l&rsquo;\u00e9glise Saint Martin d&rsquo;Arthenac qui \u00e9claire la d\u00e9marche d\u2019Anne Le Chevallier et en quoi elle s\u2019inscrit dans un processus qui commence sur le papier et s\u2019ach\u00e8ve dans l&rsquo;assemblage et la pose des pi\u00e8ces de verre color\u00e9es et reli\u00e9es entre elles par une structure de m\u00e9tal.<\/p>\n\n\n\n<p>Que ce soit le ch\u0153ur de l&rsquo;\u00e9glise Saint-Gervais Saint-Protais, \u00e0 Paris, ou la cath\u00e9drale Saint-Pierre Saint-Paul de Nantes, ou encore la nef de l&rsquo;abbaye Notre-Dame de Bonmont en Suisse, le dialogue entre la maquette et la photo convainc d\u2019embl\u00e9e que le tableau est \u0153uvre autonome, tandis que le vitrail est \u0153uvre architecturale qui change avec le jour.<\/p>\n\n\n\n<p>Historiquement li\u00e9s aux lieux de culte, on ne sera gu\u00e8re surpris d\u2019y trouver les \u00e9nonc\u00e9s les plus \u00e9vocateurs des travaux d\u2019Anne Le Chevallier. N\u2019y associe-t-on pas le vitrail \u00e0 un sentiment d&rsquo;\u00e9l\u00e9vation&nbsp;? Et m\u00eame dans ses expressions contemporaines et la\u00efques, ne conserve-t-il sa capacit\u00e9 \u00e0 ralentir le regard, \u00e0 l\u2019apaiser.<\/p>\n\n\n\n<h2 class=\"wp-block-heading\">L\u2019huile<\/h2>\n\n\n\n<p>La salle du fond de la m\u00e9diath\u00e8que est pr\u00e9c\u00e9d\u00e9e d\u2019une enfilade de pi\u00e8ces consacr\u00e9es au travail de peinture d\u2019Anne Le Chevallier. Des huiles sur toile de formats variables ont en commun de parler de la lumi\u00e8re comme d\u2019un jeu de couleurs et de formes o\u00f9 chacun peut voir, se projeter voire m\u00e9diter \u00e0 sa fa\u00e7on. Ainsi, d&rsquo;une <em>Fontaine<\/em>, une toile de 2018 ou d&rsquo;un <em>Jardin r\u00eav\u00e9<\/em> de 2017. \u00ab&nbsp;<em>Les couleurs, <\/em>\u00e9crit Ang\u00e8le Cloup, <em>tracent des chemins que le regard est libre d\u2019arpenter et d\u2019interpr\u00e9ter.<\/em>&nbsp;\u00bb On se gardera donc de tout commentaire pour vous inviter \u00e0 y aller voir vous-m\u00eames.<\/p>\n\n\n\n<p>Vous y trouverez ce qu\u2019il faut savoir du parcours d\u2019Anne Faraut, n\u00e9e en 1937, devenue Anne Le Chevallier en \u00e9pousant Guy \u00e0 23 ans. Il est peintre verrier, lui-m\u00eame fils de Jacques (1896-1987) qui fut un ma\u00eetre verrier d\u2019exception. C\u2019est dire le bain dans lequel elle a baign\u00e9 et combien fut f\u00e9condant \u00a0l\u2019atelier familial de Fontenay-aux-Roses. Le catalogue de l\u2019exposition en fait r\u00e9cit et l\u2019illustre joliment. Il n\u2019en reste plus beaucoup. D\u00e9p\u00eachez-vous si vous voulez en trouver.<\/p>\n","protected":false},"excerpt":{"rendered":"<p>Nous sommes jeudi, il ne reste que peu de jours pour d\u00e9couvrir Anne Le Chevallier \u00e0 la m\u00e9diath\u00e8que de Fontenay-aux-Roses. L\u2019exposition intitul\u00e9e Chemins de couleur prend fin dimanche 25 janvier en fin de matin\u00e9e. Anne Le Chevallier est \u00e0 la fois peintre et ma\u00eetre verrier. L\u2019exposition pr\u00e9sente les deux formes&#8230;<\/p>\n","protected":false},"author":6,"featured_media":45215,"comment_status":"open","ping_status":"open","sticky":false,"template":"","format":"standard","meta":{"om_disable_all_campaigns":false,"_monsterinsights_skip_tracking":false,"_monsterinsights_sitenote_active":false,"_monsterinsights_sitenote_note":"","_monsterinsights_sitenote_category":0,"_uf_show_specific_survey":0,"_uf_disable_surveys":false,"footnotes":""},"categories":[264,257],"tags":[],"class_list":["post-45197","post","type-post","status-publish","format-standard","has-post-thumbnail","hentry","category-fontenay-aux-roses","category-peinture","entry","simple"],"yoast_head":"<!-- This site is optimized with the Yoast SEO plugin v25.6 - https:\/\/yoast.com\/wordpress\/plugins\/seo\/ -->\n<title>Derniers jours de l&#039;expo Anne Le Chevallier - La Gazette<\/title>\n<meta name=\"robots\" content=\"index, follow, max-snippet:-1, max-image-preview:large, max-video-preview:-1\" \/>\n<link rel=\"canonical\" href=\"https:\/\/sceaux-lagazette.fr\/index.php\/2026\/01\/22\/derniers-jours-de-lexpo-anne-le-chevallier\/\" \/>\n<meta property=\"og:locale\" content=\"fr_FR\" \/>\n<meta property=\"og:type\" content=\"article\" \/>\n<meta property=\"og:title\" content=\"Derniers jours de l&#039;expo Anne Le Chevallier - La Gazette\" \/>\n<meta property=\"og:description\" content=\"Nous sommes jeudi, il ne reste que peu de jours pour d\u00e9couvrir Anne Le Chevallier \u00e0 la m\u00e9diath\u00e8que de Fontenay-aux-Roses. L\u2019exposition intitul\u00e9e Chemins de couleur prend fin dimanche 25 janvier en fin de matin\u00e9e. Anne Le Chevallier est \u00e0 la fois peintre et ma\u00eetre verrier. L\u2019exposition pr\u00e9sente les deux formes&#8230;\" \/>\n<meta property=\"og:url\" content=\"https:\/\/sceaux-lagazette.fr\/index.php\/2026\/01\/22\/derniers-jours-de-lexpo-anne-le-chevallier\/\" \/>\n<meta property=\"og:site_name\" content=\"La Gazette\" \/>\n<meta property=\"article:published_time\" content=\"2026-01-22T11:43:47+00:00\" \/>\n<meta property=\"article:modified_time\" content=\"2026-02-04T16:24:46+00:00\" \/>\n<meta property=\"og:image\" content=\"https:\/\/sceaux-lagazette.fr\/wp-content\/uploads\/2026\/01\/Rosace-Anne-Le-Chevallier-Yvon-Bellec-1.jpg\" \/>\n\t<meta property=\"og:image:width\" content=\"860\" \/>\n\t<meta property=\"og:image:height\" content=\"660\" \/>\n\t<meta property=\"og:image:type\" content=\"image\/jpeg\" \/>\n<meta name=\"author\" content=\"Maurice Zytnicki\" \/>\n<meta name=\"twitter:card\" content=\"summary_large_image\" \/>\n<meta name=\"twitter:label1\" content=\"\u00c9crit par\" \/>\n\t<meta name=\"twitter:data1\" content=\"Maurice Zytnicki\" \/>\n\t<meta name=\"twitter:label2\" content=\"Dur\u00e9e de lecture estim\u00e9e\" \/>\n\t<meta name=\"twitter:data2\" content=\"3 minutes\" \/>\n<script type=\"application\/ld+json\" class=\"yoast-schema-graph\">{\"@context\":\"https:\/\/schema.org\",\"@graph\":[{\"@type\":\"Article\",\"@id\":\"https:\/\/sceaux-lagazette.fr\/index.php\/2026\/01\/22\/derniers-jours-de-lexpo-anne-le-chevallier\/#article\",\"isPartOf\":{\"@id\":\"https:\/\/sceaux-lagazette.fr\/index.php\/2026\/01\/22\/derniers-jours-de-lexpo-anne-le-chevallier\/\"},\"author\":{\"name\":\"Maurice Zytnicki\",\"@id\":\"https:\/\/sceaux-lagazette.fr\/#\/schema\/person\/060ab8fc058c4220d9079707a58da9f1\"},\"headline\":\"Derniers jours de l&rsquo;expo Anne Le Chevallier\",\"datePublished\":\"2026-01-22T11:43:47+00:00\",\"dateModified\":\"2026-02-04T16:24:46+00:00\",\"mainEntityOfPage\":{\"@id\":\"https:\/\/sceaux-lagazette.fr\/index.php\/2026\/01\/22\/derniers-jours-de-lexpo-anne-le-chevallier\/\"},\"wordCount\":593,\"commentCount\":0,\"publisher\":{\"@id\":\"https:\/\/sceaux-lagazette.fr\/#organization\"},\"image\":{\"@id\":\"https:\/\/sceaux-lagazette.fr\/index.php\/2026\/01\/22\/derniers-jours-de-lexpo-anne-le-chevallier\/#primaryimage\"},\"thumbnailUrl\":\"https:\/\/sceaux-lagazette.fr\/wp-content\/uploads\/2026\/01\/Rosace-Anne-Le-Chevallier-Yvon-Bellec-1.jpg\",\"articleSection\":[\"Fontenay-aux-Roses\",\"peinture\"],\"inLanguage\":\"fr-FR\",\"potentialAction\":[{\"@type\":\"CommentAction\",\"name\":\"Comment\",\"target\":[\"https:\/\/sceaux-lagazette.fr\/index.php\/2026\/01\/22\/derniers-jours-de-lexpo-anne-le-chevallier\/#respond\"]}]},{\"@type\":\"WebPage\",\"@id\":\"https:\/\/sceaux-lagazette.fr\/index.php\/2026\/01\/22\/derniers-jours-de-lexpo-anne-le-chevallier\/\",\"url\":\"https:\/\/sceaux-lagazette.fr\/index.php\/2026\/01\/22\/derniers-jours-de-lexpo-anne-le-chevallier\/\",\"name\":\"Derniers jours de l'expo Anne Le Chevallier - La Gazette\",\"isPartOf\":{\"@id\":\"https:\/\/sceaux-lagazette.fr\/#website\"},\"primaryImageOfPage\":{\"@id\":\"https:\/\/sceaux-lagazette.fr\/index.php\/2026\/01\/22\/derniers-jours-de-lexpo-anne-le-chevallier\/#primaryimage\"},\"image\":{\"@id\":\"https:\/\/sceaux-lagazette.fr\/index.php\/2026\/01\/22\/derniers-jours-de-lexpo-anne-le-chevallier\/#primaryimage\"},\"thumbnailUrl\":\"https:\/\/sceaux-lagazette.fr\/wp-content\/uploads\/2026\/01\/Rosace-Anne-Le-Chevallier-Yvon-Bellec-1.jpg\",\"datePublished\":\"2026-01-22T11:43:47+00:00\",\"dateModified\":\"2026-02-04T16:24:46+00:00\",\"breadcrumb\":{\"@id\":\"https:\/\/sceaux-lagazette.fr\/index.php\/2026\/01\/22\/derniers-jours-de-lexpo-anne-le-chevallier\/#breadcrumb\"},\"inLanguage\":\"fr-FR\",\"potentialAction\":[{\"@type\":\"ReadAction\",\"target\":[\"https:\/\/sceaux-lagazette.fr\/index.php\/2026\/01\/22\/derniers-jours-de-lexpo-anne-le-chevallier\/\"]}]},{\"@type\":\"ImageObject\",\"inLanguage\":\"fr-FR\",\"@id\":\"https:\/\/sceaux-lagazette.fr\/index.php\/2026\/01\/22\/derniers-jours-de-lexpo-anne-le-chevallier\/#primaryimage\",\"url\":\"https:\/\/sceaux-lagazette.fr\/wp-content\/uploads\/2026\/01\/Rosace-Anne-Le-Chevallier-Yvon-Bellec-1.jpg\",\"contentUrl\":\"https:\/\/sceaux-lagazette.fr\/wp-content\/uploads\/2026\/01\/Rosace-Anne-Le-Chevallier-Yvon-Bellec-1.jpg\",\"width\":860,\"height\":660},{\"@type\":\"BreadcrumbList\",\"@id\":\"https:\/\/sceaux-lagazette.fr\/index.php\/2026\/01\/22\/derniers-jours-de-lexpo-anne-le-chevallier\/#breadcrumb\",\"itemListElement\":[{\"@type\":\"ListItem\",\"position\":1,\"name\":\"Accueil\",\"item\":\"https:\/\/sceaux-lagazette.fr\/\"},{\"@type\":\"ListItem\",\"position\":2,\"name\":\"Derniers jours de l&rsquo;expo Anne Le Chevallier\"}]},{\"@type\":\"WebSite\",\"@id\":\"https:\/\/sceaux-lagazette.fr\/#website\",\"url\":\"https:\/\/sceaux-lagazette.fr\/\",\"name\":\"La Gazette\",\"description\":\"Bourg-la-Reine, Ch\u00e2tenay, Fontenay, Sceaux\",\"publisher\":{\"@id\":\"https:\/\/sceaux-lagazette.fr\/#organization\"},\"potentialAction\":[{\"@type\":\"SearchAction\",\"target\":{\"@type\":\"EntryPoint\",\"urlTemplate\":\"https:\/\/sceaux-lagazette.fr\/?s={search_term_string}\"},\"query-input\":{\"@type\":\"PropertyValueSpecification\",\"valueRequired\":true,\"valueName\":\"search_term_string\"}}],\"inLanguage\":\"fr-FR\"},{\"@type\":\"Organization\",\"@id\":\"https:\/\/sceaux-lagazette.fr\/#organization\",\"name\":\"La Gazette\",\"url\":\"https:\/\/sceaux-lagazette.fr\/\",\"logo\":{\"@type\":\"ImageObject\",\"inLanguage\":\"fr-FR\",\"@id\":\"https:\/\/sceaux-lagazette.fr\/#\/schema\/logo\/image\/\",\"url\":\"https:\/\/sceaux-lagazette.fr\/wp-content\/uploads\/2025\/08\/Logo-Gazette-Aout-2025-V3.jpg\",\"contentUrl\":\"https:\/\/sceaux-lagazette.fr\/wp-content\/uploads\/2025\/08\/Logo-Gazette-Aout-2025-V3.jpg\",\"width\":525,\"height\":130,\"caption\":\"La Gazette\"},\"image\":{\"@id\":\"https:\/\/sceaux-lagazette.fr\/#\/schema\/logo\/image\/\"}},{\"@type\":\"Person\",\"@id\":\"https:\/\/sceaux-lagazette.fr\/#\/schema\/person\/060ab8fc058c4220d9079707a58da9f1\",\"name\":\"Maurice Zytnicki\",\"image\":{\"@type\":\"ImageObject\",\"inLanguage\":\"fr-FR\",\"@id\":\"https:\/\/sceaux-lagazette.fr\/#\/schema\/person\/image\/\",\"url\":\"https:\/\/secure.gravatar.com\/avatar\/d94d30d6fa0e9cb7af48a89366fc0cdb?s=96&r=g\",\"contentUrl\":\"https:\/\/secure.gravatar.com\/avatar\/d94d30d6fa0e9cb7af48a89366fc0cdb?s=96&r=g\",\"caption\":\"Maurice Zytnicki\"},\"url\":\"https:\/\/sceaux-lagazette.fr\/index.php\/author\/maurice\/\"}]}<\/script>\n<!-- \/ Yoast SEO plugin. -->","yoast_head_json":{"title":"Derniers jours de l'expo Anne Le Chevallier - La Gazette","robots":{"index":"index","follow":"follow","max-snippet":"max-snippet:-1","max-image-preview":"max-image-preview:large","max-video-preview":"max-video-preview:-1"},"canonical":"https:\/\/sceaux-lagazette.fr\/index.php\/2026\/01\/22\/derniers-jours-de-lexpo-anne-le-chevallier\/","og_locale":"fr_FR","og_type":"article","og_title":"Derniers jours de l'expo Anne Le Chevallier - La Gazette","og_description":"Nous sommes jeudi, il ne reste que peu de jours pour d\u00e9couvrir Anne Le Chevallier \u00e0 la m\u00e9diath\u00e8que de Fontenay-aux-Roses. L\u2019exposition intitul\u00e9e Chemins de couleur prend fin dimanche 25 janvier en fin de matin\u00e9e. Anne Le Chevallier est \u00e0 la fois peintre et ma\u00eetre verrier. L\u2019exposition pr\u00e9sente les deux formes&#8230;","og_url":"https:\/\/sceaux-lagazette.fr\/index.php\/2026\/01\/22\/derniers-jours-de-lexpo-anne-le-chevallier\/","og_site_name":"La Gazette","article_published_time":"2026-01-22T11:43:47+00:00","article_modified_time":"2026-02-04T16:24:46+00:00","og_image":[{"width":860,"height":660,"url":"https:\/\/sceaux-lagazette.fr\/wp-content\/uploads\/2026\/01\/Rosace-Anne-Le-Chevallier-Yvon-Bellec-1.jpg","type":"image\/jpeg"}],"author":"Maurice Zytnicki","twitter_card":"summary_large_image","twitter_misc":{"\u00c9crit par":"Maurice Zytnicki","Dur\u00e9e de lecture estim\u00e9e":"3 minutes"},"schema":{"@context":"https:\/\/schema.org","@graph":[{"@type":"Article","@id":"https:\/\/sceaux-lagazette.fr\/index.php\/2026\/01\/22\/derniers-jours-de-lexpo-anne-le-chevallier\/#article","isPartOf":{"@id":"https:\/\/sceaux-lagazette.fr\/index.php\/2026\/01\/22\/derniers-jours-de-lexpo-anne-le-chevallier\/"},"author":{"name":"Maurice Zytnicki","@id":"https:\/\/sceaux-lagazette.fr\/#\/schema\/person\/060ab8fc058c4220d9079707a58da9f1"},"headline":"Derniers jours de l&rsquo;expo Anne Le Chevallier","datePublished":"2026-01-22T11:43:47+00:00","dateModified":"2026-02-04T16:24:46+00:00","mainEntityOfPage":{"@id":"https:\/\/sceaux-lagazette.fr\/index.php\/2026\/01\/22\/derniers-jours-de-lexpo-anne-le-chevallier\/"},"wordCount":593,"commentCount":0,"publisher":{"@id":"https:\/\/sceaux-lagazette.fr\/#organization"},"image":{"@id":"https:\/\/sceaux-lagazette.fr\/index.php\/2026\/01\/22\/derniers-jours-de-lexpo-anne-le-chevallier\/#primaryimage"},"thumbnailUrl":"https:\/\/sceaux-lagazette.fr\/wp-content\/uploads\/2026\/01\/Rosace-Anne-Le-Chevallier-Yvon-Bellec-1.jpg","articleSection":["Fontenay-aux-Roses","peinture"],"inLanguage":"fr-FR","potentialAction":[{"@type":"CommentAction","name":"Comment","target":["https:\/\/sceaux-lagazette.fr\/index.php\/2026\/01\/22\/derniers-jours-de-lexpo-anne-le-chevallier\/#respond"]}]},{"@type":"WebPage","@id":"https:\/\/sceaux-lagazette.fr\/index.php\/2026\/01\/22\/derniers-jours-de-lexpo-anne-le-chevallier\/","url":"https:\/\/sceaux-lagazette.fr\/index.php\/2026\/01\/22\/derniers-jours-de-lexpo-anne-le-chevallier\/","name":"Derniers jours de l'expo Anne Le Chevallier - La Gazette","isPartOf":{"@id":"https:\/\/sceaux-lagazette.fr\/#website"},"primaryImageOfPage":{"@id":"https:\/\/sceaux-lagazette.fr\/index.php\/2026\/01\/22\/derniers-jours-de-lexpo-anne-le-chevallier\/#primaryimage"},"image":{"@id":"https:\/\/sceaux-lagazette.fr\/index.php\/2026\/01\/22\/derniers-jours-de-lexpo-anne-le-chevallier\/#primaryimage"},"thumbnailUrl":"https:\/\/sceaux-lagazette.fr\/wp-content\/uploads\/2026\/01\/Rosace-Anne-Le-Chevallier-Yvon-Bellec-1.jpg","datePublished":"2026-01-22T11:43:47+00:00","dateModified":"2026-02-04T16:24:46+00:00","breadcrumb":{"@id":"https:\/\/sceaux-lagazette.fr\/index.php\/2026\/01\/22\/derniers-jours-de-lexpo-anne-le-chevallier\/#breadcrumb"},"inLanguage":"fr-FR","potentialAction":[{"@type":"ReadAction","target":["https:\/\/sceaux-lagazette.fr\/index.php\/2026\/01\/22\/derniers-jours-de-lexpo-anne-le-chevallier\/"]}]},{"@type":"ImageObject","inLanguage":"fr-FR","@id":"https:\/\/sceaux-lagazette.fr\/index.php\/2026\/01\/22\/derniers-jours-de-lexpo-anne-le-chevallier\/#primaryimage","url":"https:\/\/sceaux-lagazette.fr\/wp-content\/uploads\/2026\/01\/Rosace-Anne-Le-Chevallier-Yvon-Bellec-1.jpg","contentUrl":"https:\/\/sceaux-lagazette.fr\/wp-content\/uploads\/2026\/01\/Rosace-Anne-Le-Chevallier-Yvon-Bellec-1.jpg","width":860,"height":660},{"@type":"BreadcrumbList","@id":"https:\/\/sceaux-lagazette.fr\/index.php\/2026\/01\/22\/derniers-jours-de-lexpo-anne-le-chevallier\/#breadcrumb","itemListElement":[{"@type":"ListItem","position":1,"name":"Accueil","item":"https:\/\/sceaux-lagazette.fr\/"},{"@type":"ListItem","position":2,"name":"Derniers jours de l&rsquo;expo Anne Le Chevallier"}]},{"@type":"WebSite","@id":"https:\/\/sceaux-lagazette.fr\/#website","url":"https:\/\/sceaux-lagazette.fr\/","name":"La Gazette","description":"Bourg-la-Reine, Ch\u00e2tenay, Fontenay, Sceaux","publisher":{"@id":"https:\/\/sceaux-lagazette.fr\/#organization"},"potentialAction":[{"@type":"SearchAction","target":{"@type":"EntryPoint","urlTemplate":"https:\/\/sceaux-lagazette.fr\/?s={search_term_string}"},"query-input":{"@type":"PropertyValueSpecification","valueRequired":true,"valueName":"search_term_string"}}],"inLanguage":"fr-FR"},{"@type":"Organization","@id":"https:\/\/sceaux-lagazette.fr\/#organization","name":"La Gazette","url":"https:\/\/sceaux-lagazette.fr\/","logo":{"@type":"ImageObject","inLanguage":"fr-FR","@id":"https:\/\/sceaux-lagazette.fr\/#\/schema\/logo\/image\/","url":"https:\/\/sceaux-lagazette.fr\/wp-content\/uploads\/2025\/08\/Logo-Gazette-Aout-2025-V3.jpg","contentUrl":"https:\/\/sceaux-lagazette.fr\/wp-content\/uploads\/2025\/08\/Logo-Gazette-Aout-2025-V3.jpg","width":525,"height":130,"caption":"La Gazette"},"image":{"@id":"https:\/\/sceaux-lagazette.fr\/#\/schema\/logo\/image\/"}},{"@type":"Person","@id":"https:\/\/sceaux-lagazette.fr\/#\/schema\/person\/060ab8fc058c4220d9079707a58da9f1","name":"Maurice Zytnicki","image":{"@type":"ImageObject","inLanguage":"fr-FR","@id":"https:\/\/sceaux-lagazette.fr\/#\/schema\/person\/image\/","url":"https:\/\/secure.gravatar.com\/avatar\/d94d30d6fa0e9cb7af48a89366fc0cdb?s=96&r=g","contentUrl":"https:\/\/secure.gravatar.com\/avatar\/d94d30d6fa0e9cb7af48a89366fc0cdb?s=96&r=g","caption":"Maurice Zytnicki"},"url":"https:\/\/sceaux-lagazette.fr\/index.php\/author\/maurice\/"}]}},"cc_featured_image_caption":{"caption_text":"Photo Yvon Bellec","source_text":"","source_url":""},"_links":{"self":[{"href":"https:\/\/sceaux-lagazette.fr\/index.php\/wp-json\/wp\/v2\/posts\/45197"}],"collection":[{"href":"https:\/\/sceaux-lagazette.fr\/index.php\/wp-json\/wp\/v2\/posts"}],"about":[{"href":"https:\/\/sceaux-lagazette.fr\/index.php\/wp-json\/wp\/v2\/types\/post"}],"author":[{"embeddable":true,"href":"https:\/\/sceaux-lagazette.fr\/index.php\/wp-json\/wp\/v2\/users\/6"}],"replies":[{"embeddable":true,"href":"https:\/\/sceaux-lagazette.fr\/index.php\/wp-json\/wp\/v2\/comments?post=45197"}],"version-history":[{"count":3,"href":"https:\/\/sceaux-lagazette.fr\/index.php\/wp-json\/wp\/v2\/posts\/45197\/revisions"}],"predecessor-version":[{"id":45272,"href":"https:\/\/sceaux-lagazette.fr\/index.php\/wp-json\/wp\/v2\/posts\/45197\/revisions\/45272"}],"wp:featuredmedia":[{"embeddable":true,"href":"https:\/\/sceaux-lagazette.fr\/index.php\/wp-json\/wp\/v2\/media\/45215"}],"wp:attachment":[{"href":"https:\/\/sceaux-lagazette.fr\/index.php\/wp-json\/wp\/v2\/media?parent=45197"}],"wp:term":[{"taxonomy":"category","embeddable":true,"href":"https:\/\/sceaux-lagazette.fr\/index.php\/wp-json\/wp\/v2\/categories?post=45197"},{"taxonomy":"post_tag","embeddable":true,"href":"https:\/\/sceaux-lagazette.fr\/index.php\/wp-json\/wp\/v2\/tags?post=45197"}],"curies":[{"name":"wp","href":"https:\/\/api.w.org\/{rel}","templated":true}]}}