{"id":45156,"date":"2026-01-21T08:30:36","date_gmt":"2026-01-21T07:30:36","guid":{"rendered":"https:\/\/sceaux-lagazette.fr\/?p=45156"},"modified":"2026-01-21T09:01:06","modified_gmt":"2026-01-21T08:01:06","slug":"30e-edition-du-festival-de-lhumour-de-bourg-la-reine","status":"publish","type":"post","link":"https:\/\/sceaux-lagazette.fr\/index.php\/2026\/01\/21\/30e-edition-du-festival-de-lhumour-de-bourg-la-reine\/","title":{"rendered":"30e \u00e9dition du festival de l&rsquo;humour de Bourg-la-Reine"},"content":{"rendered":"\n<p>La 30\u00e8me \u00e9dition du Festival de l&rsquo;humour de Bourg-la-Reine se d\u00e9roulera \u00e0 l&rsquo;Agoreine du 24 au 31 janvier 2026. Il promet une semaine copieuse en rires et en d\u00e9couvertes artistiques. Une vari\u00e9t\u00e9 de spectacles s&rsquo;adressera \u00e0 tous les publics, m\u00ealant humour, musique, po\u00e9sie et r\u00e9flexions sur la vie.<\/p>\n\n\n\n<p>Parmi les t\u00eates d&rsquo;affiche, on retrouve <em>Mozart, Moi ? Jamais ?<\/em> un spectacle qui fusionne r\u00e9cital de piano classique et stand-up. Samedi 24 janvier \u00e0 20h30, Fran\u00e7ois Moschetta, pianiste classique, y raconte sa relation avec Mozart. Il m\u00e9lange \u00e9motion, virtuosit\u00e9 et humour. Ce spectacle s&rsquo;adresse aussi bien aux connaisseurs qu&rsquo;aux novices, petits et grands.<\/p>\n\n\n\n<p><em>Bulle \u00e0 bulle<\/em> par Pep Bou et Martin Cattani invite le public de tous \u00e2ges \u00e0 red\u00e9couvrir la magie des moments quotidiens \u00e0 travers la po\u00e9sie des bulles de savon. Ce spectacle visuel et po\u00e9tique s&rsquo;adresse \u00e0 tous les publics \u00e0 partir de 5 ans. Dimanche 25 janvier \u00e0 15h.<\/p>\n\n\n\n<p>Lundi 26 janvier \u00e0 20h30, Camille Chamoux pr\u00e9sentera son nouveau show, <em>\u00c7a va \u00e7a va<\/em>. Avec un piano, des plumes et des magazines de sant\u00e9, elle aborde de fa\u00e7on \u00e0 la fois  la fois dr\u00f4le et touchante les al\u00e9as de la vie : le vieillissement des parents, les relations familiales et de couple, et la sant\u00e9 mentale.<\/p>\n\n\n\n<p><em>Les Fouteurs de Joie<\/em> proposeront un spectacle de chanson spectaculaire, mardi 27 janvier \u00e0 20h30. Les cinq artistes jouent avec l\u00e9g\u00e8ret\u00e9 sur les id\u00e9es noires, les chutes et les envol\u00e9es, m\u00ealant voyages bucoliques et \u00e9chapp\u00e9es absurdes. Leur spectacle, <em>Les courses folles<\/em>, chante \u00ab\u00a0<em>le temps <\/em>[qui] s<em>e r\u00e9tr\u00e9cit en m\u00eame temps que les distances. Bienvenue dans le monde de l\u2019instantan\u00e9it\u00e9 et de la connectivit\u00e9<\/em>.\u00a0\u00bb<\/p>\n\n\n\n<p>Audrey Vernon, connue pour l&rsquo;humour grin\u00e7ant de ses spectacles, pr\u00e9sentera une nouvelle cr\u00e9ation, <em>Chagrin d&rsquo;amour<\/em>. Dans une conversation avec son souffleur invisible, elle aborde la perte, le sentiment d&rsquo;abandon et la survie au chagrin, m\u00ealant r\u00e9f\u00e9rences historiques, scientifiques et culturelles. Jeudi 29 janvier \u00e0 20h30.<\/p>\n\n\n\n<p>Paul de Saint-Sernin s&rsquo;amusera avec les raisons qui poussent \u00e0 monter sur sc\u00e8ne, d\u00e9tricotant l&rsquo;id\u00e9e qu&rsquo;il y aurait un \u00ab\u00a0vide \u00e0 combler\u00a0\u00bb. Son spectacle souhaite avant tout faire rire en partageant des anecdotes personnelles et des r\u00e9flexions sur l&rsquo;amour et la vie. Vendredi 30 janvier \u00e0 20h30.<\/p>\n\n\n\n<p>Enfin, samedi 31 janvier \u00e0 20h30, le trio <em>Bl\u00f8nd and Bl\u00f6nd and Bl\u00f3nd <\/em>cl\u00f4turera le festival avec  <em>Pourquoi crever seul quand on peut mourir ensemble ?<\/em> Ces astrologues su\u00e9dois revisitent leurs chansons apocalyptiques, m\u00ealant humour corrosif et passion su\u00e9doise pour un dernier repas de famille avant la fin du monde.<\/p>\n\n\n\n<p>Pour les d\u00e9tails sur les spectacles, on se reportera au <a href=\"https:\/\/www.caelmjc.com\/festival-de-lhumour-de-bourg-la-reine\/\" target=\"_blank\" rel=\"noreferrer noopener\">site du CAEL<\/a> et une billetterie en ligne est <a href=\"https:\/\/billetterie.caelmjc.com\/event\/614517-festival-de-lhumour-de-bourg-la-reine-bulle-a-bulle-pep-bou-et-martin-cattani-tout-public-des-5-ans\" target=\"_blank\" rel=\"noreferrer noopener\">propos\u00e9e ici<\/a>.<\/p>\n\n\n\n<p><\/p>\n\n\n\n<p><\/p>\n","protected":false},"excerpt":{"rendered":"<p>La 30\u00e8me \u00e9dition du Festival de l&rsquo;humour de Bourg-la-Reine se d\u00e9roulera \u00e0 l&rsquo;Agoreine du 24 au 31 janvier 2026. Il promet une semaine copieuse en rires et en d\u00e9couvertes artistiques. Une vari\u00e9t\u00e9 de spectacles s&rsquo;adressera \u00e0 tous les publics, m\u00ealant humour, musique, po\u00e9sie et r\u00e9flexions sur la vie. Parmi les&#8230;<\/p>\n","protected":false},"author":20,"featured_media":45162,"comment_status":"open","ping_status":"open","sticky":false,"template":"","format":"standard","meta":{"om_disable_all_campaigns":false,"_monsterinsights_skip_tracking":false,"_monsterinsights_sitenote_active":false,"_monsterinsights_sitenote_note":"","_monsterinsights_sitenote_category":0,"_uf_show_specific_survey":0,"_uf_disable_surveys":false,"footnotes":""},"categories":[265],"tags":[],"class_list":["post-45156","post","type-post","status-publish","format-standard","has-post-thumbnail","hentry","category-bourg-la-reine","entry","simple"],"yoast_head":"<!-- This site is optimized with the Yoast SEO plugin v25.6 - https:\/\/yoast.com\/wordpress\/plugins\/seo\/ -->\n<title>30e \u00e9dition du festival de l&#039;humour de Bourg-la-Reine - La Gazette<\/title>\n<meta name=\"robots\" content=\"index, follow, max-snippet:-1, max-image-preview:large, max-video-preview:-1\" \/>\n<link rel=\"canonical\" href=\"https:\/\/sceaux-lagazette.fr\/index.php\/2026\/01\/21\/30e-edition-du-festival-de-lhumour-de-bourg-la-reine\/\" \/>\n<meta property=\"og:locale\" content=\"fr_FR\" \/>\n<meta property=\"og:type\" content=\"article\" \/>\n<meta property=\"og:title\" content=\"30e \u00e9dition du festival de l&#039;humour de Bourg-la-Reine - La Gazette\" \/>\n<meta property=\"og:description\" content=\"La 30\u00e8me \u00e9dition du Festival de l&rsquo;humour de Bourg-la-Reine se d\u00e9roulera \u00e0 l&rsquo;Agoreine du 24 au 31 janvier 2026. Il promet une semaine copieuse en rires et en d\u00e9couvertes artistiques. Une vari\u00e9t\u00e9 de spectacles s&rsquo;adressera \u00e0 tous les publics, m\u00ealant humour, musique, po\u00e9sie et r\u00e9flexions sur la vie. Parmi les&#8230;\" \/>\n<meta property=\"og:url\" content=\"https:\/\/sceaux-lagazette.fr\/index.php\/2026\/01\/21\/30e-edition-du-festival-de-lhumour-de-bourg-la-reine\/\" \/>\n<meta property=\"og:site_name\" content=\"La Gazette\" \/>\n<meta property=\"article:published_time\" content=\"2026-01-21T07:30:36+00:00\" \/>\n<meta property=\"article:modified_time\" content=\"2026-01-21T08:01:06+00:00\" \/>\n<meta property=\"og:image\" content=\"https:\/\/sceaux-lagazette.fr\/wp-content\/uploads\/2026\/01\/Festival-humour-BLR-2026.jpg\" \/>\n\t<meta property=\"og:image:width\" content=\"955\" \/>\n\t<meta property=\"og:image:height\" content=\"470\" \/>\n\t<meta property=\"og:image:type\" content=\"image\/jpeg\" \/>\n<meta name=\"author\" content=\"LGdS\" \/>\n<meta name=\"twitter:card\" content=\"summary_large_image\" \/>\n<meta name=\"twitter:label1\" content=\"\u00c9crit par\" \/>\n\t<meta name=\"twitter:data1\" content=\"LGdS\" \/>\n\t<meta name=\"twitter:label2\" content=\"Dur\u00e9e de lecture estim\u00e9e\" \/>\n\t<meta name=\"twitter:data2\" content=\"1 minute\" \/>\n<script type=\"application\/ld+json\" class=\"yoast-schema-graph\">{\"@context\":\"https:\/\/schema.org\",\"@graph\":[{\"@type\":\"Article\",\"@id\":\"https:\/\/sceaux-lagazette.fr\/index.php\/2026\/01\/21\/30e-edition-du-festival-de-lhumour-de-bourg-la-reine\/#article\",\"isPartOf\":{\"@id\":\"https:\/\/sceaux-lagazette.fr\/index.php\/2026\/01\/21\/30e-edition-du-festival-de-lhumour-de-bourg-la-reine\/\"},\"author\":{\"name\":\"LGdS\",\"@id\":\"https:\/\/sceaux-lagazette.fr\/#\/schema\/person\/806960bbccfc3b4ae295c2b54730eb27\"},\"headline\":\"30e \u00e9dition du festival de l&rsquo;humour de Bourg-la-Reine\",\"datePublished\":\"2026-01-21T07:30:36+00:00\",\"dateModified\":\"2026-01-21T08:01:06+00:00\",\"mainEntityOfPage\":{\"@id\":\"https:\/\/sceaux-lagazette.fr\/index.php\/2026\/01\/21\/30e-edition-du-festival-de-lhumour-de-bourg-la-reine\/\"},\"wordCount\":473,\"commentCount\":0,\"publisher\":{\"@id\":\"https:\/\/sceaux-lagazette.fr\/#organization\"},\"image\":{\"@id\":\"https:\/\/sceaux-lagazette.fr\/index.php\/2026\/01\/21\/30e-edition-du-festival-de-lhumour-de-bourg-la-reine\/#primaryimage\"},\"thumbnailUrl\":\"https:\/\/sceaux-lagazette.fr\/wp-content\/uploads\/2026\/01\/Festival-humour-BLR-2026.jpg\",\"articleSection\":[\"Bourg-la-Reine\"],\"inLanguage\":\"fr-FR\",\"potentialAction\":[{\"@type\":\"CommentAction\",\"name\":\"Comment\",\"target\":[\"https:\/\/sceaux-lagazette.fr\/index.php\/2026\/01\/21\/30e-edition-du-festival-de-lhumour-de-bourg-la-reine\/#respond\"]}]},{\"@type\":\"WebPage\",\"@id\":\"https:\/\/sceaux-lagazette.fr\/index.php\/2026\/01\/21\/30e-edition-du-festival-de-lhumour-de-bourg-la-reine\/\",\"url\":\"https:\/\/sceaux-lagazette.fr\/index.php\/2026\/01\/21\/30e-edition-du-festival-de-lhumour-de-bourg-la-reine\/\",\"name\":\"30e \u00e9dition du festival de l'humour de Bourg-la-Reine - La Gazette\",\"isPartOf\":{\"@id\":\"https:\/\/sceaux-lagazette.fr\/#website\"},\"primaryImageOfPage\":{\"@id\":\"https:\/\/sceaux-lagazette.fr\/index.php\/2026\/01\/21\/30e-edition-du-festival-de-lhumour-de-bourg-la-reine\/#primaryimage\"},\"image\":{\"@id\":\"https:\/\/sceaux-lagazette.fr\/index.php\/2026\/01\/21\/30e-edition-du-festival-de-lhumour-de-bourg-la-reine\/#primaryimage\"},\"thumbnailUrl\":\"https:\/\/sceaux-lagazette.fr\/wp-content\/uploads\/2026\/01\/Festival-humour-BLR-2026.jpg\",\"datePublished\":\"2026-01-21T07:30:36+00:00\",\"dateModified\":\"2026-01-21T08:01:06+00:00\",\"breadcrumb\":{\"@id\":\"https:\/\/sceaux-lagazette.fr\/index.php\/2026\/01\/21\/30e-edition-du-festival-de-lhumour-de-bourg-la-reine\/#breadcrumb\"},\"inLanguage\":\"fr-FR\",\"potentialAction\":[{\"@type\":\"ReadAction\",\"target\":[\"https:\/\/sceaux-lagazette.fr\/index.php\/2026\/01\/21\/30e-edition-du-festival-de-lhumour-de-bourg-la-reine\/\"]}]},{\"@type\":\"ImageObject\",\"inLanguage\":\"fr-FR\",\"@id\":\"https:\/\/sceaux-lagazette.fr\/index.php\/2026\/01\/21\/30e-edition-du-festival-de-lhumour-de-bourg-la-reine\/#primaryimage\",\"url\":\"https:\/\/sceaux-lagazette.fr\/wp-content\/uploads\/2026\/01\/Festival-humour-BLR-2026.jpg\",\"contentUrl\":\"https:\/\/sceaux-lagazette.fr\/wp-content\/uploads\/2026\/01\/Festival-humour-BLR-2026.jpg\",\"width\":955,\"height\":470},{\"@type\":\"BreadcrumbList\",\"@id\":\"https:\/\/sceaux-lagazette.fr\/index.php\/2026\/01\/21\/30e-edition-du-festival-de-lhumour-de-bourg-la-reine\/#breadcrumb\",\"itemListElement\":[{\"@type\":\"ListItem\",\"position\":1,\"name\":\"Accueil\",\"item\":\"https:\/\/sceaux-lagazette.fr\/\"},{\"@type\":\"ListItem\",\"position\":2,\"name\":\"30e \u00e9dition du festival de l&rsquo;humour de Bourg-la-Reine\"}]},{\"@type\":\"WebSite\",\"@id\":\"https:\/\/sceaux-lagazette.fr\/#website\",\"url\":\"https:\/\/sceaux-lagazette.fr\/\",\"name\":\"La Gazette\",\"description\":\"Bourg-la-Reine, Ch\u00e2tenay, Fontenay, Sceaux\",\"publisher\":{\"@id\":\"https:\/\/sceaux-lagazette.fr\/#organization\"},\"potentialAction\":[{\"@type\":\"SearchAction\",\"target\":{\"@type\":\"EntryPoint\",\"urlTemplate\":\"https:\/\/sceaux-lagazette.fr\/?s={search_term_string}\"},\"query-input\":{\"@type\":\"PropertyValueSpecification\",\"valueRequired\":true,\"valueName\":\"search_term_string\"}}],\"inLanguage\":\"fr-FR\"},{\"@type\":\"Organization\",\"@id\":\"https:\/\/sceaux-lagazette.fr\/#organization\",\"name\":\"La Gazette\",\"url\":\"https:\/\/sceaux-lagazette.fr\/\",\"logo\":{\"@type\":\"ImageObject\",\"inLanguage\":\"fr-FR\",\"@id\":\"https:\/\/sceaux-lagazette.fr\/#\/schema\/logo\/image\/\",\"url\":\"https:\/\/sceaux-lagazette.fr\/wp-content\/uploads\/2025\/08\/Logo-Gazette-Aout-2025-V3.jpg\",\"contentUrl\":\"https:\/\/sceaux-lagazette.fr\/wp-content\/uploads\/2025\/08\/Logo-Gazette-Aout-2025-V3.jpg\",\"width\":525,\"height\":130,\"caption\":\"La Gazette\"},\"image\":{\"@id\":\"https:\/\/sceaux-lagazette.fr\/#\/schema\/logo\/image\/\"}},{\"@type\":\"Person\",\"@id\":\"https:\/\/sceaux-lagazette.fr\/#\/schema\/person\/806960bbccfc3b4ae295c2b54730eb27\",\"name\":\"LGdS\",\"image\":{\"@type\":\"ImageObject\",\"inLanguage\":\"fr-FR\",\"@id\":\"https:\/\/sceaux-lagazette.fr\/#\/schema\/person\/image\/\",\"url\":\"https:\/\/secure.gravatar.com\/avatar\/996280e569d55491618abd43c427078e?s=96&r=g\",\"contentUrl\":\"https:\/\/secure.gravatar.com\/avatar\/996280e569d55491618abd43c427078e?s=96&r=g\",\"caption\":\"LGdS\"},\"url\":\"https:\/\/sceaux-lagazette.fr\/index.php\/author\/lgds\/\"}]}<\/script>\n<!-- \/ Yoast SEO plugin. -->","yoast_head_json":{"title":"30e \u00e9dition du festival de l'humour de Bourg-la-Reine - La Gazette","robots":{"index":"index","follow":"follow","max-snippet":"max-snippet:-1","max-image-preview":"max-image-preview:large","max-video-preview":"max-video-preview:-1"},"canonical":"https:\/\/sceaux-lagazette.fr\/index.php\/2026\/01\/21\/30e-edition-du-festival-de-lhumour-de-bourg-la-reine\/","og_locale":"fr_FR","og_type":"article","og_title":"30e \u00e9dition du festival de l'humour de Bourg-la-Reine - La Gazette","og_description":"La 30\u00e8me \u00e9dition du Festival de l&rsquo;humour de Bourg-la-Reine se d\u00e9roulera \u00e0 l&rsquo;Agoreine du 24 au 31 janvier 2026. Il promet une semaine copieuse en rires et en d\u00e9couvertes artistiques. Une vari\u00e9t\u00e9 de spectacles s&rsquo;adressera \u00e0 tous les publics, m\u00ealant humour, musique, po\u00e9sie et r\u00e9flexions sur la vie. Parmi les&#8230;","og_url":"https:\/\/sceaux-lagazette.fr\/index.php\/2026\/01\/21\/30e-edition-du-festival-de-lhumour-de-bourg-la-reine\/","og_site_name":"La Gazette","article_published_time":"2026-01-21T07:30:36+00:00","article_modified_time":"2026-01-21T08:01:06+00:00","og_image":[{"width":955,"height":470,"url":"https:\/\/sceaux-lagazette.fr\/wp-content\/uploads\/2026\/01\/Festival-humour-BLR-2026.jpg","type":"image\/jpeg"}],"author":"LGdS","twitter_card":"summary_large_image","twitter_misc":{"\u00c9crit par":"LGdS","Dur\u00e9e de lecture estim\u00e9e":"1 minute"},"schema":{"@context":"https:\/\/schema.org","@graph":[{"@type":"Article","@id":"https:\/\/sceaux-lagazette.fr\/index.php\/2026\/01\/21\/30e-edition-du-festival-de-lhumour-de-bourg-la-reine\/#article","isPartOf":{"@id":"https:\/\/sceaux-lagazette.fr\/index.php\/2026\/01\/21\/30e-edition-du-festival-de-lhumour-de-bourg-la-reine\/"},"author":{"name":"LGdS","@id":"https:\/\/sceaux-lagazette.fr\/#\/schema\/person\/806960bbccfc3b4ae295c2b54730eb27"},"headline":"30e \u00e9dition du festival de l&rsquo;humour de Bourg-la-Reine","datePublished":"2026-01-21T07:30:36+00:00","dateModified":"2026-01-21T08:01:06+00:00","mainEntityOfPage":{"@id":"https:\/\/sceaux-lagazette.fr\/index.php\/2026\/01\/21\/30e-edition-du-festival-de-lhumour-de-bourg-la-reine\/"},"wordCount":473,"commentCount":0,"publisher":{"@id":"https:\/\/sceaux-lagazette.fr\/#organization"},"image":{"@id":"https:\/\/sceaux-lagazette.fr\/index.php\/2026\/01\/21\/30e-edition-du-festival-de-lhumour-de-bourg-la-reine\/#primaryimage"},"thumbnailUrl":"https:\/\/sceaux-lagazette.fr\/wp-content\/uploads\/2026\/01\/Festival-humour-BLR-2026.jpg","articleSection":["Bourg-la-Reine"],"inLanguage":"fr-FR","potentialAction":[{"@type":"CommentAction","name":"Comment","target":["https:\/\/sceaux-lagazette.fr\/index.php\/2026\/01\/21\/30e-edition-du-festival-de-lhumour-de-bourg-la-reine\/#respond"]}]},{"@type":"WebPage","@id":"https:\/\/sceaux-lagazette.fr\/index.php\/2026\/01\/21\/30e-edition-du-festival-de-lhumour-de-bourg-la-reine\/","url":"https:\/\/sceaux-lagazette.fr\/index.php\/2026\/01\/21\/30e-edition-du-festival-de-lhumour-de-bourg-la-reine\/","name":"30e \u00e9dition du festival de l'humour de Bourg-la-Reine - La Gazette","isPartOf":{"@id":"https:\/\/sceaux-lagazette.fr\/#website"},"primaryImageOfPage":{"@id":"https:\/\/sceaux-lagazette.fr\/index.php\/2026\/01\/21\/30e-edition-du-festival-de-lhumour-de-bourg-la-reine\/#primaryimage"},"image":{"@id":"https:\/\/sceaux-lagazette.fr\/index.php\/2026\/01\/21\/30e-edition-du-festival-de-lhumour-de-bourg-la-reine\/#primaryimage"},"thumbnailUrl":"https:\/\/sceaux-lagazette.fr\/wp-content\/uploads\/2026\/01\/Festival-humour-BLR-2026.jpg","datePublished":"2026-01-21T07:30:36+00:00","dateModified":"2026-01-21T08:01:06+00:00","breadcrumb":{"@id":"https:\/\/sceaux-lagazette.fr\/index.php\/2026\/01\/21\/30e-edition-du-festival-de-lhumour-de-bourg-la-reine\/#breadcrumb"},"inLanguage":"fr-FR","potentialAction":[{"@type":"ReadAction","target":["https:\/\/sceaux-lagazette.fr\/index.php\/2026\/01\/21\/30e-edition-du-festival-de-lhumour-de-bourg-la-reine\/"]}]},{"@type":"ImageObject","inLanguage":"fr-FR","@id":"https:\/\/sceaux-lagazette.fr\/index.php\/2026\/01\/21\/30e-edition-du-festival-de-lhumour-de-bourg-la-reine\/#primaryimage","url":"https:\/\/sceaux-lagazette.fr\/wp-content\/uploads\/2026\/01\/Festival-humour-BLR-2026.jpg","contentUrl":"https:\/\/sceaux-lagazette.fr\/wp-content\/uploads\/2026\/01\/Festival-humour-BLR-2026.jpg","width":955,"height":470},{"@type":"BreadcrumbList","@id":"https:\/\/sceaux-lagazette.fr\/index.php\/2026\/01\/21\/30e-edition-du-festival-de-lhumour-de-bourg-la-reine\/#breadcrumb","itemListElement":[{"@type":"ListItem","position":1,"name":"Accueil","item":"https:\/\/sceaux-lagazette.fr\/"},{"@type":"ListItem","position":2,"name":"30e \u00e9dition du festival de l&rsquo;humour de Bourg-la-Reine"}]},{"@type":"WebSite","@id":"https:\/\/sceaux-lagazette.fr\/#website","url":"https:\/\/sceaux-lagazette.fr\/","name":"La Gazette","description":"Bourg-la-Reine, Ch\u00e2tenay, Fontenay, Sceaux","publisher":{"@id":"https:\/\/sceaux-lagazette.fr\/#organization"},"potentialAction":[{"@type":"SearchAction","target":{"@type":"EntryPoint","urlTemplate":"https:\/\/sceaux-lagazette.fr\/?s={search_term_string}"},"query-input":{"@type":"PropertyValueSpecification","valueRequired":true,"valueName":"search_term_string"}}],"inLanguage":"fr-FR"},{"@type":"Organization","@id":"https:\/\/sceaux-lagazette.fr\/#organization","name":"La Gazette","url":"https:\/\/sceaux-lagazette.fr\/","logo":{"@type":"ImageObject","inLanguage":"fr-FR","@id":"https:\/\/sceaux-lagazette.fr\/#\/schema\/logo\/image\/","url":"https:\/\/sceaux-lagazette.fr\/wp-content\/uploads\/2025\/08\/Logo-Gazette-Aout-2025-V3.jpg","contentUrl":"https:\/\/sceaux-lagazette.fr\/wp-content\/uploads\/2025\/08\/Logo-Gazette-Aout-2025-V3.jpg","width":525,"height":130,"caption":"La Gazette"},"image":{"@id":"https:\/\/sceaux-lagazette.fr\/#\/schema\/logo\/image\/"}},{"@type":"Person","@id":"https:\/\/sceaux-lagazette.fr\/#\/schema\/person\/806960bbccfc3b4ae295c2b54730eb27","name":"LGdS","image":{"@type":"ImageObject","inLanguage":"fr-FR","@id":"https:\/\/sceaux-lagazette.fr\/#\/schema\/person\/image\/","url":"https:\/\/secure.gravatar.com\/avatar\/996280e569d55491618abd43c427078e?s=96&r=g","contentUrl":"https:\/\/secure.gravatar.com\/avatar\/996280e569d55491618abd43c427078e?s=96&r=g","caption":"LGdS"},"url":"https:\/\/sceaux-lagazette.fr\/index.php\/author\/lgds\/"}]}},"cc_featured_image_caption":{"caption_text":"","source_text":"","source_url":""},"_links":{"self":[{"href":"https:\/\/sceaux-lagazette.fr\/index.php\/wp-json\/wp\/v2\/posts\/45156"}],"collection":[{"href":"https:\/\/sceaux-lagazette.fr\/index.php\/wp-json\/wp\/v2\/posts"}],"about":[{"href":"https:\/\/sceaux-lagazette.fr\/index.php\/wp-json\/wp\/v2\/types\/post"}],"author":[{"embeddable":true,"href":"https:\/\/sceaux-lagazette.fr\/index.php\/wp-json\/wp\/v2\/users\/20"}],"replies":[{"embeddable":true,"href":"https:\/\/sceaux-lagazette.fr\/index.php\/wp-json\/wp\/v2\/comments?post=45156"}],"version-history":[{"count":4,"href":"https:\/\/sceaux-lagazette.fr\/index.php\/wp-json\/wp\/v2\/posts\/45156\/revisions"}],"predecessor-version":[{"id":45180,"href":"https:\/\/sceaux-lagazette.fr\/index.php\/wp-json\/wp\/v2\/posts\/45156\/revisions\/45180"}],"wp:featuredmedia":[{"embeddable":true,"href":"https:\/\/sceaux-lagazette.fr\/index.php\/wp-json\/wp\/v2\/media\/45162"}],"wp:attachment":[{"href":"https:\/\/sceaux-lagazette.fr\/index.php\/wp-json\/wp\/v2\/media?parent=45156"}],"wp:term":[{"taxonomy":"category","embeddable":true,"href":"https:\/\/sceaux-lagazette.fr\/index.php\/wp-json\/wp\/v2\/categories?post=45156"},{"taxonomy":"post_tag","embeddable":true,"href":"https:\/\/sceaux-lagazette.fr\/index.php\/wp-json\/wp\/v2\/tags?post=45156"}],"curies":[{"name":"wp","href":"https:\/\/api.w.org\/{rel}","templated":true}]}}