{"id":451,"date":"2020-05-10T18:50:49","date_gmt":"2020-05-10T16:50:49","guid":{"rendered":"http:\/\/sceaux-lagazette.fr\/?p=451"},"modified":"2020-08-03T09:58:33","modified_gmt":"2020-08-03T07:58:33","slug":"loue-soit-le-velo","status":"publish","type":"post","link":"https:\/\/sceaux-lagazette.fr\/index.php\/2020\/05\/10\/loue-soit-le-velo\/","title":{"rendered":"Lou\u00e9 soit le v\u00e9lo"},"content":{"rendered":"\n<div class=\"wp-block-image\"><figure class=\"alignright size-medium\"><img decoding=\"async\" width=\"300\" height=\"200\" src=\"http:\/\/sceaux-lagazette.fr\/wp-content\/uploads\/2020\/05\/Location-velo-1-300x200.jpg\" alt=\"\" class=\"wp-image-453\" srcset=\"https:\/\/sceaux-lagazette.fr\/wp-content\/uploads\/2020\/05\/Location-velo-1-300x200.jpg 300w, https:\/\/sceaux-lagazette.fr\/wp-content\/uploads\/2020\/05\/Location-velo-1-1024x683.jpg 1024w, https:\/\/sceaux-lagazette.fr\/wp-content\/uploads\/2020\/05\/Location-velo-1-768x512.jpg 768w, https:\/\/sceaux-lagazette.fr\/wp-content\/uploads\/2020\/05\/Location-velo-1-1536x1024.jpg 1536w, https:\/\/sceaux-lagazette.fr\/wp-content\/uploads\/2020\/05\/Location-velo-1-2048x1365.jpg 2048w\" sizes=\"(max-width: 300px) 100vw, 300px\" \/><\/figure><\/div>\n\n\n\n<p>Nous avons la chance, \u00e0 Sceaux, d\u2019avoir deux loueurs de v\u00e9los en libre service. Pourtant, en Ile-de-France, les locations de v\u00e9los se font principalement sur Paris(80%) pour seulement 20% dans les villes de la m\u00e9tropole. Il y a ZOOV et VELIB.<\/p>\n\n\n\n<p>Avec les probl\u00e8mes de transport qui s&rsquo;annoncent, je me suis livr\u00e9 \u00e0 une petite comparaison. <\/p>\n\n\n\n<p>Avec ZOOV, il faut noter d&#8217;embl\u00e9e que l&rsquo;Iphone d&rsquo;Apple est impos\u00e9!! Evidemment, \u00e7a limite. Par ailleurs, Zoom d\u00e9bute son installation dans le sud parisien. Seules les villes de Sceaux, Antony et Massy sont accessibles pour le moment ainsi qu\u2019une partie du plateau de Saclay. C\u2019est facile \u00e0 mettre en place, pas d\u2019abonnement, cela co\u00fbte 0,20\u20ac la mn soit tout de m\u00eame 6\u20ac par \u00bd heure !! 100% des v\u00e9los sont \u00e9lectriques.<br>  &gt; Ils sont \u00e9quip\u00e9s d\u2019un GPS int\u00e9gr\u00e9 qui indique o\u00f9 les d\u00e9poser : soit dans une station, soit en libre, sur le trottoir. Il faut juste t\u00e9l\u00e9charger l\u2019application et on est pr\u00eat.<\/p>\n\n\n\n<p>VELIB demande un peu plus de concentration. La d\u00e9marche est plus formelle. Ils proposent une formule avec abonnement et une formule sans. L&rsquo;avantage est qu&rsquo;il existe de tr\u00e8s nombreuses stations et l\u2019on peut m\u00eame aller jusqu\u2019\u00e0 Paris. Pour les amoureux du v\u00e9lo, cela fait une continuit\u00e9 avec la capitale qui est int\u00e9ressante . Notez que 30% des v\u00e9los mis en disposition sont \u00e9lectriques.<\/p>\n\n\n\n<p>N\u2019h\u00e9sitez pas \u00e0 me faire un retour d\u2019exp\u00e9rience. Je vais souvent \u00e0 Paris et une solution tout v\u00e9lo \ud83d\udeb2\ud83d\udeb2 m&rsquo;int\u00e9resserait bien. Je suis s\u00fbr de ne pas \u00eatre le seul.<\/p>\n","protected":false},"excerpt":{"rendered":"<p>Nous avons la chance, \u00e0 Sceaux, d\u2019avoir deux loueurs de v\u00e9los en libre service. Pourtant, en Ile-de-France, les locations de v\u00e9los se font principalement sur Paris(80%) pour seulement 20% dans les villes de la m\u00e9tropole. Il y a ZOOV et VELIB. Avec les probl\u00e8mes de transport qui s&rsquo;annoncent, je me&#8230;<\/p>\n","protected":false},"author":14,"featured_media":0,"comment_status":"open","ping_status":"open","sticky":false,"template":"","format":"standard","meta":{"om_disable_all_campaigns":false,"_monsterinsights_skip_tracking":false,"_monsterinsights_sitenote_active":false,"_monsterinsights_sitenote_note":"","_monsterinsights_sitenote_category":0,"_uf_show_specific_survey":0,"_uf_disable_surveys":false,"footnotes":""},"categories":[232],"tags":[78,76,77,80,73,79],"class_list":["post-451","post","type-post","status-publish","format-standard","hentry","category-au-quotidien","tag-libre-service","tag-location","tag-transport","tag-velib","tag-velo","tag-zoov","entry","simple"],"yoast_head":"<!-- This site is optimized with the Yoast SEO plugin v25.6 - https:\/\/yoast.com\/wordpress\/plugins\/seo\/ -->\n<title>Lou\u00e9 soit le v\u00e9lo - La Gazette<\/title>\n<meta name=\"robots\" content=\"index, follow, max-snippet:-1, max-image-preview:large, max-video-preview:-1\" \/>\n<link rel=\"canonical\" href=\"https:\/\/sceaux-lagazette.fr\/index.php\/2020\/05\/10\/loue-soit-le-velo\/\" \/>\n<meta property=\"og:locale\" content=\"fr_FR\" \/>\n<meta property=\"og:type\" content=\"article\" \/>\n<meta property=\"og:title\" content=\"Lou\u00e9 soit le v\u00e9lo - La Gazette\" \/>\n<meta property=\"og:description\" content=\"Nous avons la chance, \u00e0 Sceaux, d\u2019avoir deux loueurs de v\u00e9los en libre service. Pourtant, en Ile-de-France, les locations de v\u00e9los se font principalement sur Paris(80%) pour seulement 20% dans les villes de la m\u00e9tropole. Il y a ZOOV et VELIB. Avec les probl\u00e8mes de transport qui s&rsquo;annoncent, je me&#8230;\" \/>\n<meta property=\"og:url\" content=\"https:\/\/sceaux-lagazette.fr\/index.php\/2020\/05\/10\/loue-soit-le-velo\/\" \/>\n<meta property=\"og:site_name\" content=\"La Gazette\" \/>\n<meta property=\"article:published_time\" content=\"2020-05-10T16:50:49+00:00\" \/>\n<meta property=\"article:modified_time\" content=\"2020-08-03T07:58:33+00:00\" \/>\n<meta property=\"og:image\" content=\"http:\/\/sceaux-lagazette.fr\/wp-content\/uploads\/2020\/05\/Location-velo-1-300x200.jpg\" \/>\n<meta name=\"author\" content=\"AA\" \/>\n<meta name=\"twitter:card\" content=\"summary_large_image\" \/>\n<meta name=\"twitter:label1\" content=\"\u00c9crit par\" \/>\n\t<meta name=\"twitter:data1\" content=\"AA\" \/>\n\t<meta name=\"twitter:label2\" content=\"Dur\u00e9e de lecture estim\u00e9e\" \/>\n\t<meta name=\"twitter:data2\" content=\"1 minute\" \/>\n<script type=\"application\/ld+json\" class=\"yoast-schema-graph\">{\"@context\":\"https:\/\/schema.org\",\"@graph\":[{\"@type\":\"Article\",\"@id\":\"https:\/\/sceaux-lagazette.fr\/index.php\/2020\/05\/10\/loue-soit-le-velo\/#article\",\"isPartOf\":{\"@id\":\"https:\/\/sceaux-lagazette.fr\/index.php\/2020\/05\/10\/loue-soit-le-velo\/\"},\"author\":{\"name\":\"AA\",\"@id\":\"https:\/\/sceaux-lagazette.fr\/#\/schema\/person\/957f441f9b5bc9256a2b276d82085ba7\"},\"headline\":\"Lou\u00e9 soit le v\u00e9lo\",\"datePublished\":\"2020-05-10T16:50:49+00:00\",\"dateModified\":\"2020-08-03T07:58:33+00:00\",\"mainEntityOfPage\":{\"@id\":\"https:\/\/sceaux-lagazette.fr\/index.php\/2020\/05\/10\/loue-soit-le-velo\/\"},\"wordCount\":284,\"commentCount\":0,\"publisher\":{\"@id\":\"https:\/\/sceaux-lagazette.fr\/#organization\"},\"image\":{\"@id\":\"https:\/\/sceaux-lagazette.fr\/index.php\/2020\/05\/10\/loue-soit-le-velo\/#primaryimage\"},\"thumbnailUrl\":\"http:\/\/sceaux-lagazette.fr\/wp-content\/uploads\/2020\/05\/Location-velo-1-300x200.jpg\",\"keywords\":[\"Libre-service\",\"Location\",\"Transport\",\"VELIB\",\"V\u00e9lo\",\"ZOOV\"],\"articleSection\":[\"Au quotidien\"],\"inLanguage\":\"fr-FR\",\"potentialAction\":[{\"@type\":\"CommentAction\",\"name\":\"Comment\",\"target\":[\"https:\/\/sceaux-lagazette.fr\/index.php\/2020\/05\/10\/loue-soit-le-velo\/#respond\"]}]},{\"@type\":\"WebPage\",\"@id\":\"https:\/\/sceaux-lagazette.fr\/index.php\/2020\/05\/10\/loue-soit-le-velo\/\",\"url\":\"https:\/\/sceaux-lagazette.fr\/index.php\/2020\/05\/10\/loue-soit-le-velo\/\",\"name\":\"Lou\u00e9 soit le v\u00e9lo - La Gazette\",\"isPartOf\":{\"@id\":\"https:\/\/sceaux-lagazette.fr\/#website\"},\"primaryImageOfPage\":{\"@id\":\"https:\/\/sceaux-lagazette.fr\/index.php\/2020\/05\/10\/loue-soit-le-velo\/#primaryimage\"},\"image\":{\"@id\":\"https:\/\/sceaux-lagazette.fr\/index.php\/2020\/05\/10\/loue-soit-le-velo\/#primaryimage\"},\"thumbnailUrl\":\"http:\/\/sceaux-lagazette.fr\/wp-content\/uploads\/2020\/05\/Location-velo-1-300x200.jpg\",\"datePublished\":\"2020-05-10T16:50:49+00:00\",\"dateModified\":\"2020-08-03T07:58:33+00:00\",\"breadcrumb\":{\"@id\":\"https:\/\/sceaux-lagazette.fr\/index.php\/2020\/05\/10\/loue-soit-le-velo\/#breadcrumb\"},\"inLanguage\":\"fr-FR\",\"potentialAction\":[{\"@type\":\"ReadAction\",\"target\":[\"https:\/\/sceaux-lagazette.fr\/index.php\/2020\/05\/10\/loue-soit-le-velo\/\"]}]},{\"@type\":\"ImageObject\",\"inLanguage\":\"fr-FR\",\"@id\":\"https:\/\/sceaux-lagazette.fr\/index.php\/2020\/05\/10\/loue-soit-le-velo\/#primaryimage\",\"url\":\"http:\/\/sceaux-lagazette.fr\/wp-content\/uploads\/2020\/05\/Location-velo-1-300x200.jpg\",\"contentUrl\":\"http:\/\/sceaux-lagazette.fr\/wp-content\/uploads\/2020\/05\/Location-velo-1-300x200.jpg\"},{\"@type\":\"BreadcrumbList\",\"@id\":\"https:\/\/sceaux-lagazette.fr\/index.php\/2020\/05\/10\/loue-soit-le-velo\/#breadcrumb\",\"itemListElement\":[{\"@type\":\"ListItem\",\"position\":1,\"name\":\"Accueil\",\"item\":\"https:\/\/sceaux-lagazette.fr\/\"},{\"@type\":\"ListItem\",\"position\":2,\"name\":\"Lou\u00e9 soit le v\u00e9lo\"}]},{\"@type\":\"WebSite\",\"@id\":\"https:\/\/sceaux-lagazette.fr\/#website\",\"url\":\"https:\/\/sceaux-lagazette.fr\/\",\"name\":\"La Gazette\",\"description\":\"Bourg-la-Reine, Ch\u00e2tenay, Fontenay, Sceaux\",\"publisher\":{\"@id\":\"https:\/\/sceaux-lagazette.fr\/#organization\"},\"potentialAction\":[{\"@type\":\"SearchAction\",\"target\":{\"@type\":\"EntryPoint\",\"urlTemplate\":\"https:\/\/sceaux-lagazette.fr\/?s={search_term_string}\"},\"query-input\":{\"@type\":\"PropertyValueSpecification\",\"valueRequired\":true,\"valueName\":\"search_term_string\"}}],\"inLanguage\":\"fr-FR\"},{\"@type\":\"Organization\",\"@id\":\"https:\/\/sceaux-lagazette.fr\/#organization\",\"name\":\"La Gazette\",\"url\":\"https:\/\/sceaux-lagazette.fr\/\",\"logo\":{\"@type\":\"ImageObject\",\"inLanguage\":\"fr-FR\",\"@id\":\"https:\/\/sceaux-lagazette.fr\/#\/schema\/logo\/image\/\",\"url\":\"https:\/\/sceaux-lagazette.fr\/wp-content\/uploads\/2025\/08\/Logo-Gazette-Aout-2025-V3.jpg\",\"contentUrl\":\"https:\/\/sceaux-lagazette.fr\/wp-content\/uploads\/2025\/08\/Logo-Gazette-Aout-2025-V3.jpg\",\"width\":525,\"height\":130,\"caption\":\"La Gazette\"},\"image\":{\"@id\":\"https:\/\/sceaux-lagazette.fr\/#\/schema\/logo\/image\/\"}},{\"@type\":\"Person\",\"@id\":\"https:\/\/sceaux-lagazette.fr\/#\/schema\/person\/957f441f9b5bc9256a2b276d82085ba7\",\"name\":\"AA\",\"image\":{\"@type\":\"ImageObject\",\"inLanguage\":\"fr-FR\",\"@id\":\"https:\/\/sceaux-lagazette.fr\/#\/schema\/person\/image\/\",\"url\":\"https:\/\/secure.gravatar.com\/avatar\/23602a70e0483726ad2d4d3cffe08366?s=96&r=g\",\"contentUrl\":\"https:\/\/secure.gravatar.com\/avatar\/23602a70e0483726ad2d4d3cffe08366?s=96&r=g\",\"caption\":\"AA\"},\"url\":\"https:\/\/sceaux-lagazette.fr\/index.php\/author\/aa\/\"}]}<\/script>\n<!-- \/ Yoast SEO plugin. -->","yoast_head_json":{"title":"Lou\u00e9 soit le v\u00e9lo - La Gazette","robots":{"index":"index","follow":"follow","max-snippet":"max-snippet:-1","max-image-preview":"max-image-preview:large","max-video-preview":"max-video-preview:-1"},"canonical":"https:\/\/sceaux-lagazette.fr\/index.php\/2020\/05\/10\/loue-soit-le-velo\/","og_locale":"fr_FR","og_type":"article","og_title":"Lou\u00e9 soit le v\u00e9lo - La Gazette","og_description":"Nous avons la chance, \u00e0 Sceaux, d\u2019avoir deux loueurs de v\u00e9los en libre service. Pourtant, en Ile-de-France, les locations de v\u00e9los se font principalement sur Paris(80%) pour seulement 20% dans les villes de la m\u00e9tropole. Il y a ZOOV et VELIB. Avec les probl\u00e8mes de transport qui s&rsquo;annoncent, je me&#8230;","og_url":"https:\/\/sceaux-lagazette.fr\/index.php\/2020\/05\/10\/loue-soit-le-velo\/","og_site_name":"La Gazette","article_published_time":"2020-05-10T16:50:49+00:00","article_modified_time":"2020-08-03T07:58:33+00:00","og_image":[{"url":"http:\/\/sceaux-lagazette.fr\/wp-content\/uploads\/2020\/05\/Location-velo-1-300x200.jpg","type":"","width":"","height":""}],"author":"AA","twitter_card":"summary_large_image","twitter_misc":{"\u00c9crit par":"AA","Dur\u00e9e de lecture estim\u00e9e":"1 minute"},"schema":{"@context":"https:\/\/schema.org","@graph":[{"@type":"Article","@id":"https:\/\/sceaux-lagazette.fr\/index.php\/2020\/05\/10\/loue-soit-le-velo\/#article","isPartOf":{"@id":"https:\/\/sceaux-lagazette.fr\/index.php\/2020\/05\/10\/loue-soit-le-velo\/"},"author":{"name":"AA","@id":"https:\/\/sceaux-lagazette.fr\/#\/schema\/person\/957f441f9b5bc9256a2b276d82085ba7"},"headline":"Lou\u00e9 soit le v\u00e9lo","datePublished":"2020-05-10T16:50:49+00:00","dateModified":"2020-08-03T07:58:33+00:00","mainEntityOfPage":{"@id":"https:\/\/sceaux-lagazette.fr\/index.php\/2020\/05\/10\/loue-soit-le-velo\/"},"wordCount":284,"commentCount":0,"publisher":{"@id":"https:\/\/sceaux-lagazette.fr\/#organization"},"image":{"@id":"https:\/\/sceaux-lagazette.fr\/index.php\/2020\/05\/10\/loue-soit-le-velo\/#primaryimage"},"thumbnailUrl":"http:\/\/sceaux-lagazette.fr\/wp-content\/uploads\/2020\/05\/Location-velo-1-300x200.jpg","keywords":["Libre-service","Location","Transport","VELIB","V\u00e9lo","ZOOV"],"articleSection":["Au quotidien"],"inLanguage":"fr-FR","potentialAction":[{"@type":"CommentAction","name":"Comment","target":["https:\/\/sceaux-lagazette.fr\/index.php\/2020\/05\/10\/loue-soit-le-velo\/#respond"]}]},{"@type":"WebPage","@id":"https:\/\/sceaux-lagazette.fr\/index.php\/2020\/05\/10\/loue-soit-le-velo\/","url":"https:\/\/sceaux-lagazette.fr\/index.php\/2020\/05\/10\/loue-soit-le-velo\/","name":"Lou\u00e9 soit le v\u00e9lo - La Gazette","isPartOf":{"@id":"https:\/\/sceaux-lagazette.fr\/#website"},"primaryImageOfPage":{"@id":"https:\/\/sceaux-lagazette.fr\/index.php\/2020\/05\/10\/loue-soit-le-velo\/#primaryimage"},"image":{"@id":"https:\/\/sceaux-lagazette.fr\/index.php\/2020\/05\/10\/loue-soit-le-velo\/#primaryimage"},"thumbnailUrl":"http:\/\/sceaux-lagazette.fr\/wp-content\/uploads\/2020\/05\/Location-velo-1-300x200.jpg","datePublished":"2020-05-10T16:50:49+00:00","dateModified":"2020-08-03T07:58:33+00:00","breadcrumb":{"@id":"https:\/\/sceaux-lagazette.fr\/index.php\/2020\/05\/10\/loue-soit-le-velo\/#breadcrumb"},"inLanguage":"fr-FR","potentialAction":[{"@type":"ReadAction","target":["https:\/\/sceaux-lagazette.fr\/index.php\/2020\/05\/10\/loue-soit-le-velo\/"]}]},{"@type":"ImageObject","inLanguage":"fr-FR","@id":"https:\/\/sceaux-lagazette.fr\/index.php\/2020\/05\/10\/loue-soit-le-velo\/#primaryimage","url":"http:\/\/sceaux-lagazette.fr\/wp-content\/uploads\/2020\/05\/Location-velo-1-300x200.jpg","contentUrl":"http:\/\/sceaux-lagazette.fr\/wp-content\/uploads\/2020\/05\/Location-velo-1-300x200.jpg"},{"@type":"BreadcrumbList","@id":"https:\/\/sceaux-lagazette.fr\/index.php\/2020\/05\/10\/loue-soit-le-velo\/#breadcrumb","itemListElement":[{"@type":"ListItem","position":1,"name":"Accueil","item":"https:\/\/sceaux-lagazette.fr\/"},{"@type":"ListItem","position":2,"name":"Lou\u00e9 soit le v\u00e9lo"}]},{"@type":"WebSite","@id":"https:\/\/sceaux-lagazette.fr\/#website","url":"https:\/\/sceaux-lagazette.fr\/","name":"La Gazette","description":"Bourg-la-Reine, Ch\u00e2tenay, Fontenay, Sceaux","publisher":{"@id":"https:\/\/sceaux-lagazette.fr\/#organization"},"potentialAction":[{"@type":"SearchAction","target":{"@type":"EntryPoint","urlTemplate":"https:\/\/sceaux-lagazette.fr\/?s={search_term_string}"},"query-input":{"@type":"PropertyValueSpecification","valueRequired":true,"valueName":"search_term_string"}}],"inLanguage":"fr-FR"},{"@type":"Organization","@id":"https:\/\/sceaux-lagazette.fr\/#organization","name":"La Gazette","url":"https:\/\/sceaux-lagazette.fr\/","logo":{"@type":"ImageObject","inLanguage":"fr-FR","@id":"https:\/\/sceaux-lagazette.fr\/#\/schema\/logo\/image\/","url":"https:\/\/sceaux-lagazette.fr\/wp-content\/uploads\/2025\/08\/Logo-Gazette-Aout-2025-V3.jpg","contentUrl":"https:\/\/sceaux-lagazette.fr\/wp-content\/uploads\/2025\/08\/Logo-Gazette-Aout-2025-V3.jpg","width":525,"height":130,"caption":"La Gazette"},"image":{"@id":"https:\/\/sceaux-lagazette.fr\/#\/schema\/logo\/image\/"}},{"@type":"Person","@id":"https:\/\/sceaux-lagazette.fr\/#\/schema\/person\/957f441f9b5bc9256a2b276d82085ba7","name":"AA","image":{"@type":"ImageObject","inLanguage":"fr-FR","@id":"https:\/\/sceaux-lagazette.fr\/#\/schema\/person\/image\/","url":"https:\/\/secure.gravatar.com\/avatar\/23602a70e0483726ad2d4d3cffe08366?s=96&r=g","contentUrl":"https:\/\/secure.gravatar.com\/avatar\/23602a70e0483726ad2d4d3cffe08366?s=96&r=g","caption":"AA"},"url":"https:\/\/sceaux-lagazette.fr\/index.php\/author\/aa\/"}]}},"cc_featured_image_caption":{"caption_text":false,"source_text":false,"source_url":false},"_links":{"self":[{"href":"https:\/\/sceaux-lagazette.fr\/index.php\/wp-json\/wp\/v2\/posts\/451"}],"collection":[{"href":"https:\/\/sceaux-lagazette.fr\/index.php\/wp-json\/wp\/v2\/posts"}],"about":[{"href":"https:\/\/sceaux-lagazette.fr\/index.php\/wp-json\/wp\/v2\/types\/post"}],"author":[{"embeddable":true,"href":"https:\/\/sceaux-lagazette.fr\/index.php\/wp-json\/wp\/v2\/users\/14"}],"replies":[{"embeddable":true,"href":"https:\/\/sceaux-lagazette.fr\/index.php\/wp-json\/wp\/v2\/comments?post=451"}],"version-history":[{"count":2,"href":"https:\/\/sceaux-lagazette.fr\/index.php\/wp-json\/wp\/v2\/posts\/451\/revisions"}],"predecessor-version":[{"id":470,"href":"https:\/\/sceaux-lagazette.fr\/index.php\/wp-json\/wp\/v2\/posts\/451\/revisions\/470"}],"wp:attachment":[{"href":"https:\/\/sceaux-lagazette.fr\/index.php\/wp-json\/wp\/v2\/media?parent=451"}],"wp:term":[{"taxonomy":"category","embeddable":true,"href":"https:\/\/sceaux-lagazette.fr\/index.php\/wp-json\/wp\/v2\/categories?post=451"},{"taxonomy":"post_tag","embeddable":true,"href":"https:\/\/sceaux-lagazette.fr\/index.php\/wp-json\/wp\/v2\/tags?post=451"}],"curies":[{"name":"wp","href":"https:\/\/api.w.org\/{rel}","templated":true}]}}