{"id":45087,"date":"2026-01-26T10:42:11","date_gmt":"2026-01-26T09:42:11","guid":{"rendered":"https:\/\/sceaux-lagazette.fr\/?p=45087"},"modified":"2026-01-26T10:42:13","modified_gmt":"2026-01-26T09:42:13","slug":"suivre-les-municipales-articles-par-liste","status":"publish","type":"post","link":"https:\/\/sceaux-lagazette.fr\/index.php\/2026\/01\/26\/suivre-les-municipales-articles-par-liste\/","title":{"rendered":"Suivre les municipales : articles par liste"},"content":{"rendered":"\n<p>Les \u00e9lections municipales ont lieu les 15 et 22 mars prochains. Depuis plusieurs mois, la Gazette suit les \u00e9v\u00e9nements qui y ont trait (articles sur les sites des candidats, tractages, r\u00e9unions publiques&#8230;) et a publi\u00e9 plusieurs articles sur le sujet. La suite devrait notamment consister en un article par liste. Pour toutes les listes&nbsp;?<\/p>\n\n\n\n<h2 class=\"wp-block-heading\">Contenu des articles<\/h2>\n\n\n\n<p>Pour chaque liste, la Gazette rencontrera la t\u00eate de liste. L&rsquo;article permettra \u00e0 celle-ci de se pr\u00e9senter rapidement, d&rsquo;expliquer son analyse de la situation de la ville (et la raison de sa pr\u00e9sence), de pr\u00e9senter les principales lignes de son programme. <\/p>\n\n\n\n<p>La Gazette a pr\u00e9vu de poser quelques questions \u00e0 tous les candidats. La premi\u00e8re concernera les finances. Vu l&rsquo;\u00e9tat des finances publiques, les ressources des collectivit\u00e9s locales pourraient bien baisser dans les prochaines ann\u00e9es: comment en tenir compte?<\/p>\n\n\n\n<p>La seconde visera les \u00e9missions de gaz \u00e0 effet de serre(GES) et la mani\u00e8re dont la ville diminuera ses propres \u00e9missions (par exemple pour le chauffage des b\u00e2timents municipaux).<\/p>\n\n\n\n<p>La troisi\u00e8me concernera VSGP. Lors des \u00e9lections de mars, les \u00e9lecteurs voteront \u00e0 la fois pour les villes mais aussi pour leurs repr\u00e9sentants \u00e0 VSGP.<\/p>\n\n\n\n<p>La derni\u00e8re question concernera l&rsquo;attitude lors d&rsquo;un \u00e9ventuel second tour.<\/p>\n\n\n\n<h2 class=\"wp-block-heading\">Contexte inqui\u00e9tant<\/h2>\n\n\n\n<p>Ces \u00e9lections municipales se d\u00e9roulent \u00e0 un moment politique particuli\u00e8rement d\u00e9licat. Pour la premi\u00e8re fois depuis le d\u00e9but de la Ve R\u00e9publique, aucune des coalitions qui se sont pr\u00e9sent\u00e9es aux derni\u00e8res l\u00e9gislatives <a href=\"https:\/\/www2.assemblee-nationale.fr\/deputes\/liste\/groupe-politique\">ne dispose de la majorit\u00e9 \u00e0 l\u2019Assembl\u00e9e nationale<\/a>. Le groupe du Rassemblement national compte 123 d\u00e9put\u00e9s&nbsp;; celui de l\u2019Union des droites 16, celui de la France insoumise 71. Un total de 210 d\u00e9put\u00e9s (sur 577) pour des partis partisans <a href=\"d\u2019une%20d\u00e9mocratie%20illib\u00e9rale\">d\u2019une d\u00e9mocratie illib\u00e9rale<\/a>, <a href=\"https:\/\/x.com\/FrancoisCame\/status\/2001986304821850248\">de la Russie de Poutine<\/a>, utilisant <a href=\"https:\/\/sceaux-lagazette.fr\/index.php\/2025\/08\/18\/le-siecle-du-populisme-notes-de-lecture\/\">les m\u00e9thodes populistes<\/a>. &nbsp;Des sondages qui donnent le RN probable gagnant de la prochaine pr\u00e9sidentielle. Une mont\u00e9e rapide de <a href=\"https:\/\/www.fnac.com\/a22133842\/Richard-Malka-Passion-antisemite\">l\u2019antis\u00e9mitisme,<\/a> venue des deux extr\u00eames.<\/p>\n\n\n\n<p>Nos villes sont partiellement \u00e9pargn\u00e9s par cette forte pr\u00e9sence des extr\u00eames. Lors du premier tour de la pr\u00e9sidentielle en 2024, Marine Le Pen a recueilli 23,15% des suffrages, Jean-Luc M\u00e9lenchon 21,95% et Eric Zemmour 7,07% sur l\u2019ensemble de la France. Un total de 52,17% des suffrages \u00e0 eux 3. Le total pour ces trois candidats \u00e9tait de 38,15% \u00e0 Bourg-la-Reine, de 40,74% \u00e0 Ch\u00e2tenay-Malabry, 45,06% \u00e0 Fontenay-aux-Roses et 35,01% \u00e0 Sceaux. Dans les 4 villes, c\u2019est le score de M\u00e9lenchon qui est important, beaucoup plus que celui de Le Pen ou Zemmour.<\/p>\n\n\n\n<h2 class=\"wp-block-heading\">\u00c9tat de droit et d\u00e9mocratie<\/h2>\n\n\n\n<p>Le politologue <a href=\"https:\/\/people.ceu.edu\/matthijs_bogaards\">Matthijs Bogaards<\/a> <a href=\"https:\/\/fr.wikipedia.org\/wiki\/Illib%C3%A9ralisme#:~:text=Selon%20le%20politologue%20Matthijs%20Bogaards,ou%20%C3%A0%20des%20acteurs%20priv%C3%A9s%20%C2%BB\">nous propose<\/a> la d\u00e9finition suivante de l\u2019illib\u00e9ralisme&nbsp;:<\/p>\n\n\n\n<p><em>Il s&rsquo;agit d&rsquo;\u00ab une situation d\u00e9mocratique o\u00f9, n\u00e9anmoins, l&rsquo;ind\u00e9pendance de la justice est malmen\u00e9e, et les citoyens ne b\u00e9n\u00e9ficient pas d&rsquo;un traitement \u00e9galitaire face \u00e0 la loi, ni de protections suffisantes face \u00e0 l&rsquo;\u00c9tat ou \u00e0 des acteurs priv\u00e9s \u00bb.<\/em><\/p>\n\n\n\n<p>On voit avec Trump comment un dirigeant illib\u00e9ral malm\u00e8ne l\u2019Etat de droit.<\/p>\n\n\n\n<p>Pierre Rosanvallon, dans <a href=\"https:\/\/www.seuil.com\/ouvrage\/le-siecle-du-populisme-pierre-rosanvallon\/9782021401929\"><em>le si\u00e8cle du populisme<\/em><\/a> (dont la Gazette a publi\u00e9 <a href=\"https:\/\/sceaux-lagazette.fr\/index.php\/2025\/08\/18\/le-siecle-du-populisme-notes-de-lecture\/\">des notes de lecture<\/a>) propose 5 caract\u00e9ristique du populisme&nbsp;: <em>une conception du peuple : le peuple-Un&nbsp;; une th\u00e9orie de la d\u00e9mocratie : directe, polaris\u00e9e, imm\u00e9diate&nbsp;; une modalit\u00e9 de la repr\u00e9sentation : l\u2019homme peuple, le national-protectionnisme&nbsp;; un r\u00e9gime de passions et d\u2019\u00e9motions<\/em>. Il montre comment le RN et LFI correspondent parfaitement \u00e0 cette caract\u00e9risation.<\/p>\n\n\n\n<p>A l\u2019Assembl\u00e9e nationale, comme sur les r\u00e9seaux sociaux, la <a href=\"https:\/\/fr.wikipedia.org\/wiki\/La_Meute_(livre)\">strat\u00e9gie de LFI<\/a> est celle du chaos et de la <a href=\"https:\/\/www.amazon.fr\/Complices-mal-Omar-Youssef-Souleimane\/dp\/2259322735\">recherche de l\u2019affrontement social.<\/a><\/p>\n\n\n\n<p>Si le RN a fait avec Marine Le Pen le choix de la d\u00e9diabolisation, il n\u2019y a pas besoin de chercher beaucoup pour voir que <a href=\"https:\/\/x.com\/24hPujadas\/status\/2001365858136797378\">ce n\u2019est qu\u2019une fa\u00e7ade<\/a>.<\/p>\n\n\n\n<p>Dans un tel contexte, si l\u2019on est un partisan de l\u2019\u00c9tat de droit et de la d\u00e9mocratie, faut-il diffuser les id\u00e9es de ceux qui les combattent&nbsp;? Difficile de ne pas le faire quand les concern\u00e9s comptent plus de la moiti\u00e9 des suffrages. Ce n\u2019est pas le cas dans nos villes. Apr\u00e8s r\u00e9flexion, l\u2019\u00e9quipe de r\u00e9daction de la Gazette r\u00e9pond non. Nous ne donnerons pas la parole aux repr\u00e9sentants des extr\u00eames (LFI, RN, Reconqu\u00eate).<\/p>\n\n\n\n<h2 class=\"wp-block-heading\">Ligne \u00e9ditoriale<\/h2>\n\n\n\n<p>Depuis sa cr\u00e9ation, la Gazette a fait le choix de valoriser ceux qui agissent au quotidien plut\u00f4t que de chercher les scandales. C\u2019est notamment ce qui est fait \u00e0 travers les portraits et ses observations de la vie publique, des \u00e9v\u00e9nements de toutes sortes. Notre ambition est de donner aux lecteurs des informations sans vouloir penser et se faire une opinion \u00e0 leur place.<\/p>\n\n\n\n<p>S\u2019il nous arrive de r\u00e9agir n\u00e9gativement, c\u2019est pour pointer ce que nous consid\u00e9rons comme des mensonges, n\u00e9faste pour le d\u00e9bat public.<\/p>\n\n\n\n<p>Nous l\u2019avons fait en mars 2025, avec un article intitul\u00e9 <a href=\"https:\/\/sceaux-lagazette.fr\/index.php\/2025\/03\/20\/sceaux-mag-et-les-charlatans\/\">Sceaux Mag et les charlatans<\/a>. Depuis, les responsables de la publication ont pris l\u2019habitude de pr\u00e9ciser, dans la page de pr\u00e9sentation des nouvelles installations professionnelles, qu\u2019un m\u00e9tier mis en avant n\u2019est pas une profession de sant\u00e9, s\u2019il y a risque de confusion. La Gazette salue cette initiative.<\/p>\n\n\n\n<p>En novembre, nous avons consacr\u00e9 <a href=\"G\u00e9othermie%20avec%20l\u2019Union%20Associative%20Fontenaisienne\">un article \u00e0<\/a> une r\u00e9union sur la g\u00e9othermie qui nous a paru avancer des raisonnements faux. Sur un sujet tr\u00e8s important localement (il s\u2019agit apr\u00e8s tout d\u2019un investissement de 70M\u20ac), il nous a sembl\u00e9 que nous ne devions pas laisser un d\u00e9bat l\u00e9gitime \u00eatre pollu\u00e9 par de fausses affirmations.<\/p>\n\n\n\n<p>Il est normal que des propositions alternatives soient propos\u00e9es dans le d\u00e9bat public, en particulier \u00e0 l\u2019occasion d\u2019une campagne \u00e9lectorale.<\/p>\n\n\n\n<p>Dans un syst\u00e8me d\u00e9mocratique, ces solutions sont des r\u00e9ponses \u00e0 des situations dont la description (par exemple chez nous les donn\u00e9es de l\u2019Insee) est partag\u00e9e, m\u00eame si les interpr\u00e9tations diff\u00e8rent. On voit aujourd\u2019hui aux U.S.A. un refus de s\u2019accorder sur ces sujets, avec les <em>fake news<\/em> (ou \u00ab&nbsp;v\u00e9rit\u00e9s alternatives&nbsp;\u00bb) diffus\u00e9es par Trump et ceux qui le soutiennent. Le r\u00f4le de la presse est aussi d\u2019\u00e9viter ces mensonges. Pour la Gazette il s\u2019agit modestement d\u2019\u00eatre rigoureux dans le traitement de l\u2019information.<\/p>\n\n\n\n<hr class=\"wp-block-separator has-alpha-channel-opacity\"\/>\n\n\n\n<h2 class=\"wp-block-heading\">Publications de la Gazette<\/h2>\n\n\n\n<p>La Gazette a d\u00e9j\u00e0 publi\u00e9 les articles suivants&nbsp;:<\/p>\n\n\n\n<ol class=\"wp-block-list\">\n<li><a href=\"https:\/\/sceaux-lagazette.fr\/index.php\/2025\/10\/16\/regles-pour-les-elections-municipales-de-2026\/\">R\u00e8gles pour les \u00e9lections municipales de 2026<\/a><\/li>\n\n\n\n<li><a href=\"https:\/\/sceaux-lagazette.fr\/index.php\/2025\/11\/13\/municipales-2026-contexte-politique\/\">Municipales 2026 : contexte politique<\/a><\/li>\n\n\n\n<li><a href=\"https:\/\/sceaux-lagazette.fr\/index.php\/2025\/12\/01\/municipales-2026-a-sceaux\/\">Municipales 2026 \u00e0 Sceaux<\/a><\/li>\n\n\n\n<li><a href=\"https:\/\/sceaux-lagazette.fr\/index.php\/2025\/12\/15\/municipales-2026-a-chatenay-malabry\/\">Municipales 2026 \u00e0 Ch\u00e2tenay-Malabry<\/a><\/li>\n\n\n\n<li><a href=\"https:\/\/sceaux-lagazette.fr\/index.php\/2026\/01\/08\/carnets-de-campagne-municipales-premier-semestre-2025\/\">Carnets de campagnes municipales- premier semestre 2025<\/a><\/li>\n\n\n\n<li><a href=\"https:\/\/sceaux-lagazette.fr\/index.php\/2026\/01\/12\/carnets-de-campagne-municipales-deuxieme-semestre-2025\/\">Carnets de campagne. Municipales- deuxi\u00e8me semestre 2025<\/a><\/li>\n\n\n\n<li><a href=\"https:\/\/sceaux-lagazette.fr\/index.php\/2026\/01\/15\/municipales-a-fontenay-aux-roses\/\">Municipales \u00e0 Fontenay-aux-Roses<\/a><\/li>\n\n\n\n<li><a href=\"https:\/\/sceaux-lagazette.fr\/index.php\/2026\/01\/20\/municipales-a-bourg-la-reine\/\">Municipales \u00e0 Bourg-la-Reine<\/a><\/li>\n<\/ol>\n\n\n\n<p>Nous allons passer maintenant \u00e0 des articles par liste, tout en continuant les \u00ab\u00a0carnets de campagne\u00a0\u00bb. Nous publierons peut-\u00eatre aussi d\u2019autres articles, en fonction des \u00e9v\u00e9nements. Et bien s\u00fbr, nous publierons les r\u00e9sultats apr\u00e8s le 15 mars et apr\u00e8s le 22 mars.<\/p>\n\n\n\n<p><\/p>\n","protected":false},"excerpt":{"rendered":"<p>Les \u00e9lections municipales ont lieu les 15 et 22 mars prochains. Depuis plusieurs mois, la Gazette suit les \u00e9v\u00e9nements qui y ont trait (articles sur les sites des candidats, tractages, r\u00e9unions publiques&#8230;) et a publi\u00e9 plusieurs articles sur le sujet. La suite devrait notamment consister en un article par liste.&#8230;<\/p>\n","protected":false},"author":11,"featured_media":45090,"comment_status":"open","ping_status":"open","sticky":false,"template":"","format":"standard","meta":{"om_disable_all_campaigns":false,"_monsterinsights_skip_tracking":false,"_monsterinsights_sitenote_active":false,"_monsterinsights_sitenote_note":"","_monsterinsights_sitenote_category":0,"_uf_show_specific_survey":0,"_uf_disable_surveys":false,"footnotes":""},"categories":[53,265,263,264,266,246],"tags":[],"class_list":["post-45087","post","type-post","status-publish","format-standard","has-post-thumbnail","hentry","category-analyses","category-bourg-la-reine","category-chatenay-malabry","category-fontenay-aux-roses","category-sceaux","category-vie-publique","entry","simple"],"yoast_head":"<!-- This site is optimized with the Yoast SEO plugin v25.6 - https:\/\/yoast.com\/wordpress\/plugins\/seo\/ -->\n<title>Suivre les municipales : articles par liste - La Gazette<\/title>\n<meta name=\"robots\" content=\"index, follow, max-snippet:-1, max-image-preview:large, max-video-preview:-1\" \/>\n<link rel=\"canonical\" href=\"https:\/\/sceaux-lagazette.fr\/index.php\/2026\/01\/26\/suivre-les-municipales-articles-par-liste\/\" \/>\n<meta property=\"og:locale\" content=\"fr_FR\" \/>\n<meta property=\"og:type\" content=\"article\" \/>\n<meta property=\"og:title\" content=\"Suivre les municipales : articles par liste - La Gazette\" \/>\n<meta property=\"og:description\" content=\"Les \u00e9lections municipales ont lieu les 15 et 22 mars prochains. Depuis plusieurs mois, la Gazette suit les \u00e9v\u00e9nements qui y ont trait (articles sur les sites des candidats, tractages, r\u00e9unions publiques&#8230;) et a publi\u00e9 plusieurs articles sur le sujet. La suite devrait notamment consister en un article par liste.&#8230;\" \/>\n<meta property=\"og:url\" content=\"https:\/\/sceaux-lagazette.fr\/index.php\/2026\/01\/26\/suivre-les-municipales-articles-par-liste\/\" \/>\n<meta property=\"og:site_name\" content=\"La Gazette\" \/>\n<meta property=\"article:published_time\" content=\"2026-01-26T09:42:11+00:00\" \/>\n<meta property=\"article:modified_time\" content=\"2026-01-26T09:42:13+00:00\" \/>\n<meta property=\"og:image\" content=\"https:\/\/sceaux-lagazette.fr\/wp-content\/uploads\/2026\/01\/Elections-municipales-2026-2.jpg\" \/>\n\t<meta property=\"og:image:width\" content=\"1080\" \/>\n\t<meta property=\"og:image:height\" content=\"720\" \/>\n\t<meta property=\"og:image:type\" content=\"image\/jpeg\" \/>\n<meta name=\"author\" content=\"G\u00e9rard Bardier\" \/>\n<meta name=\"twitter:card\" content=\"summary_large_image\" \/>\n<meta name=\"twitter:label1\" content=\"\u00c9crit par\" \/>\n\t<meta name=\"twitter:data1\" content=\"G\u00e9rard Bardier\" \/>\n\t<meta name=\"twitter:label2\" content=\"Dur\u00e9e de lecture estim\u00e9e\" \/>\n\t<meta name=\"twitter:data2\" content=\"6 minutes\" \/>\n<script type=\"application\/ld+json\" class=\"yoast-schema-graph\">{\"@context\":\"https:\/\/schema.org\",\"@graph\":[{\"@type\":\"Article\",\"@id\":\"https:\/\/sceaux-lagazette.fr\/index.php\/2026\/01\/26\/suivre-les-municipales-articles-par-liste\/#article\",\"isPartOf\":{\"@id\":\"https:\/\/sceaux-lagazette.fr\/index.php\/2026\/01\/26\/suivre-les-municipales-articles-par-liste\/\"},\"author\":{\"name\":\"G\u00e9rard Bardier\",\"@id\":\"https:\/\/sceaux-lagazette.fr\/#\/schema\/person\/5650e206a121f68c6f5e76379bccfbc4\"},\"headline\":\"Suivre les municipales : articles par liste\",\"datePublished\":\"2026-01-26T09:42:11+00:00\",\"dateModified\":\"2026-01-26T09:42:13+00:00\",\"mainEntityOfPage\":{\"@id\":\"https:\/\/sceaux-lagazette.fr\/index.php\/2026\/01\/26\/suivre-les-municipales-articles-par-liste\/\"},\"wordCount\":1180,\"commentCount\":8,\"publisher\":{\"@id\":\"https:\/\/sceaux-lagazette.fr\/#organization\"},\"image\":{\"@id\":\"https:\/\/sceaux-lagazette.fr\/index.php\/2026\/01\/26\/suivre-les-municipales-articles-par-liste\/#primaryimage\"},\"thumbnailUrl\":\"https:\/\/sceaux-lagazette.fr\/wp-content\/uploads\/2026\/01\/Elections-municipales-2026-2.jpg\",\"articleSection\":[\"Analyses\",\"Bourg-la-Reine\",\"Ch\u00e2tenay-Malabry\",\"Fontenay-aux-Roses\",\"Sceaux\",\"Vie publique\"],\"inLanguage\":\"fr-FR\",\"potentialAction\":[{\"@type\":\"CommentAction\",\"name\":\"Comment\",\"target\":[\"https:\/\/sceaux-lagazette.fr\/index.php\/2026\/01\/26\/suivre-les-municipales-articles-par-liste\/#respond\"]}]},{\"@type\":\"WebPage\",\"@id\":\"https:\/\/sceaux-lagazette.fr\/index.php\/2026\/01\/26\/suivre-les-municipales-articles-par-liste\/\",\"url\":\"https:\/\/sceaux-lagazette.fr\/index.php\/2026\/01\/26\/suivre-les-municipales-articles-par-liste\/\",\"name\":\"Suivre les municipales : articles par liste - La Gazette\",\"isPartOf\":{\"@id\":\"https:\/\/sceaux-lagazette.fr\/#website\"},\"primaryImageOfPage\":{\"@id\":\"https:\/\/sceaux-lagazette.fr\/index.php\/2026\/01\/26\/suivre-les-municipales-articles-par-liste\/#primaryimage\"},\"image\":{\"@id\":\"https:\/\/sceaux-lagazette.fr\/index.php\/2026\/01\/26\/suivre-les-municipales-articles-par-liste\/#primaryimage\"},\"thumbnailUrl\":\"https:\/\/sceaux-lagazette.fr\/wp-content\/uploads\/2026\/01\/Elections-municipales-2026-2.jpg\",\"datePublished\":\"2026-01-26T09:42:11+00:00\",\"dateModified\":\"2026-01-26T09:42:13+00:00\",\"breadcrumb\":{\"@id\":\"https:\/\/sceaux-lagazette.fr\/index.php\/2026\/01\/26\/suivre-les-municipales-articles-par-liste\/#breadcrumb\"},\"inLanguage\":\"fr-FR\",\"potentialAction\":[{\"@type\":\"ReadAction\",\"target\":[\"https:\/\/sceaux-lagazette.fr\/index.php\/2026\/01\/26\/suivre-les-municipales-articles-par-liste\/\"]}]},{\"@type\":\"ImageObject\",\"inLanguage\":\"fr-FR\",\"@id\":\"https:\/\/sceaux-lagazette.fr\/index.php\/2026\/01\/26\/suivre-les-municipales-articles-par-liste\/#primaryimage\",\"url\":\"https:\/\/sceaux-lagazette.fr\/wp-content\/uploads\/2026\/01\/Elections-municipales-2026-2.jpg\",\"contentUrl\":\"https:\/\/sceaux-lagazette.fr\/wp-content\/uploads\/2026\/01\/Elections-municipales-2026-2.jpg\",\"width\":1080,\"height\":720},{\"@type\":\"BreadcrumbList\",\"@id\":\"https:\/\/sceaux-lagazette.fr\/index.php\/2026\/01\/26\/suivre-les-municipales-articles-par-liste\/#breadcrumb\",\"itemListElement\":[{\"@type\":\"ListItem\",\"position\":1,\"name\":\"Accueil\",\"item\":\"https:\/\/sceaux-lagazette.fr\/\"},{\"@type\":\"ListItem\",\"position\":2,\"name\":\"Suivre les municipales : articles par liste\"}]},{\"@type\":\"WebSite\",\"@id\":\"https:\/\/sceaux-lagazette.fr\/#website\",\"url\":\"https:\/\/sceaux-lagazette.fr\/\",\"name\":\"La Gazette\",\"description\":\"Bourg-la-Reine, Ch\u00e2tenay, Fontenay, Sceaux\",\"publisher\":{\"@id\":\"https:\/\/sceaux-lagazette.fr\/#organization\"},\"potentialAction\":[{\"@type\":\"SearchAction\",\"target\":{\"@type\":\"EntryPoint\",\"urlTemplate\":\"https:\/\/sceaux-lagazette.fr\/?s={search_term_string}\"},\"query-input\":{\"@type\":\"PropertyValueSpecification\",\"valueRequired\":true,\"valueName\":\"search_term_string\"}}],\"inLanguage\":\"fr-FR\"},{\"@type\":\"Organization\",\"@id\":\"https:\/\/sceaux-lagazette.fr\/#organization\",\"name\":\"La Gazette\",\"url\":\"https:\/\/sceaux-lagazette.fr\/\",\"logo\":{\"@type\":\"ImageObject\",\"inLanguage\":\"fr-FR\",\"@id\":\"https:\/\/sceaux-lagazette.fr\/#\/schema\/logo\/image\/\",\"url\":\"https:\/\/sceaux-lagazette.fr\/wp-content\/uploads\/2025\/08\/Logo-Gazette-Aout-2025-V3.jpg\",\"contentUrl\":\"https:\/\/sceaux-lagazette.fr\/wp-content\/uploads\/2025\/08\/Logo-Gazette-Aout-2025-V3.jpg\",\"width\":525,\"height\":130,\"caption\":\"La Gazette\"},\"image\":{\"@id\":\"https:\/\/sceaux-lagazette.fr\/#\/schema\/logo\/image\/\"}},{\"@type\":\"Person\",\"@id\":\"https:\/\/sceaux-lagazette.fr\/#\/schema\/person\/5650e206a121f68c6f5e76379bccfbc4\",\"name\":\"G\u00e9rard Bardier\",\"image\":{\"@type\":\"ImageObject\",\"inLanguage\":\"fr-FR\",\"@id\":\"https:\/\/sceaux-lagazette.fr\/#\/schema\/person\/image\/\",\"url\":\"https:\/\/secure.gravatar.com\/avatar\/5cf4391ef9dbc0367750202561279a29?s=96&r=g\",\"contentUrl\":\"https:\/\/secure.gravatar.com\/avatar\/5cf4391ef9dbc0367750202561279a29?s=96&r=g\",\"caption\":\"G\u00e9rard Bardier\"},\"url\":\"https:\/\/sceaux-lagazette.fr\/index.php\/author\/gb\/\"}]}<\/script>\n<!-- \/ Yoast SEO plugin. -->","yoast_head_json":{"title":"Suivre les municipales : articles par liste - La Gazette","robots":{"index":"index","follow":"follow","max-snippet":"max-snippet:-1","max-image-preview":"max-image-preview:large","max-video-preview":"max-video-preview:-1"},"canonical":"https:\/\/sceaux-lagazette.fr\/index.php\/2026\/01\/26\/suivre-les-municipales-articles-par-liste\/","og_locale":"fr_FR","og_type":"article","og_title":"Suivre les municipales : articles par liste - La Gazette","og_description":"Les \u00e9lections municipales ont lieu les 15 et 22 mars prochains. Depuis plusieurs mois, la Gazette suit les \u00e9v\u00e9nements qui y ont trait (articles sur les sites des candidats, tractages, r\u00e9unions publiques&#8230;) et a publi\u00e9 plusieurs articles sur le sujet. La suite devrait notamment consister en un article par liste.&#8230;","og_url":"https:\/\/sceaux-lagazette.fr\/index.php\/2026\/01\/26\/suivre-les-municipales-articles-par-liste\/","og_site_name":"La Gazette","article_published_time":"2026-01-26T09:42:11+00:00","article_modified_time":"2026-01-26T09:42:13+00:00","og_image":[{"width":1080,"height":720,"url":"https:\/\/sceaux-lagazette.fr\/wp-content\/uploads\/2026\/01\/Elections-municipales-2026-2.jpg","type":"image\/jpeg"}],"author":"G\u00e9rard Bardier","twitter_card":"summary_large_image","twitter_misc":{"\u00c9crit par":"G\u00e9rard Bardier","Dur\u00e9e de lecture estim\u00e9e":"6 minutes"},"schema":{"@context":"https:\/\/schema.org","@graph":[{"@type":"Article","@id":"https:\/\/sceaux-lagazette.fr\/index.php\/2026\/01\/26\/suivre-les-municipales-articles-par-liste\/#article","isPartOf":{"@id":"https:\/\/sceaux-lagazette.fr\/index.php\/2026\/01\/26\/suivre-les-municipales-articles-par-liste\/"},"author":{"name":"G\u00e9rard Bardier","@id":"https:\/\/sceaux-lagazette.fr\/#\/schema\/person\/5650e206a121f68c6f5e76379bccfbc4"},"headline":"Suivre les municipales : articles par liste","datePublished":"2026-01-26T09:42:11+00:00","dateModified":"2026-01-26T09:42:13+00:00","mainEntityOfPage":{"@id":"https:\/\/sceaux-lagazette.fr\/index.php\/2026\/01\/26\/suivre-les-municipales-articles-par-liste\/"},"wordCount":1180,"commentCount":8,"publisher":{"@id":"https:\/\/sceaux-lagazette.fr\/#organization"},"image":{"@id":"https:\/\/sceaux-lagazette.fr\/index.php\/2026\/01\/26\/suivre-les-municipales-articles-par-liste\/#primaryimage"},"thumbnailUrl":"https:\/\/sceaux-lagazette.fr\/wp-content\/uploads\/2026\/01\/Elections-municipales-2026-2.jpg","articleSection":["Analyses","Bourg-la-Reine","Ch\u00e2tenay-Malabry","Fontenay-aux-Roses","Sceaux","Vie publique"],"inLanguage":"fr-FR","potentialAction":[{"@type":"CommentAction","name":"Comment","target":["https:\/\/sceaux-lagazette.fr\/index.php\/2026\/01\/26\/suivre-les-municipales-articles-par-liste\/#respond"]}]},{"@type":"WebPage","@id":"https:\/\/sceaux-lagazette.fr\/index.php\/2026\/01\/26\/suivre-les-municipales-articles-par-liste\/","url":"https:\/\/sceaux-lagazette.fr\/index.php\/2026\/01\/26\/suivre-les-municipales-articles-par-liste\/","name":"Suivre les municipales : articles par liste - La Gazette","isPartOf":{"@id":"https:\/\/sceaux-lagazette.fr\/#website"},"primaryImageOfPage":{"@id":"https:\/\/sceaux-lagazette.fr\/index.php\/2026\/01\/26\/suivre-les-municipales-articles-par-liste\/#primaryimage"},"image":{"@id":"https:\/\/sceaux-lagazette.fr\/index.php\/2026\/01\/26\/suivre-les-municipales-articles-par-liste\/#primaryimage"},"thumbnailUrl":"https:\/\/sceaux-lagazette.fr\/wp-content\/uploads\/2026\/01\/Elections-municipales-2026-2.jpg","datePublished":"2026-01-26T09:42:11+00:00","dateModified":"2026-01-26T09:42:13+00:00","breadcrumb":{"@id":"https:\/\/sceaux-lagazette.fr\/index.php\/2026\/01\/26\/suivre-les-municipales-articles-par-liste\/#breadcrumb"},"inLanguage":"fr-FR","potentialAction":[{"@type":"ReadAction","target":["https:\/\/sceaux-lagazette.fr\/index.php\/2026\/01\/26\/suivre-les-municipales-articles-par-liste\/"]}]},{"@type":"ImageObject","inLanguage":"fr-FR","@id":"https:\/\/sceaux-lagazette.fr\/index.php\/2026\/01\/26\/suivre-les-municipales-articles-par-liste\/#primaryimage","url":"https:\/\/sceaux-lagazette.fr\/wp-content\/uploads\/2026\/01\/Elections-municipales-2026-2.jpg","contentUrl":"https:\/\/sceaux-lagazette.fr\/wp-content\/uploads\/2026\/01\/Elections-municipales-2026-2.jpg","width":1080,"height":720},{"@type":"BreadcrumbList","@id":"https:\/\/sceaux-lagazette.fr\/index.php\/2026\/01\/26\/suivre-les-municipales-articles-par-liste\/#breadcrumb","itemListElement":[{"@type":"ListItem","position":1,"name":"Accueil","item":"https:\/\/sceaux-lagazette.fr\/"},{"@type":"ListItem","position":2,"name":"Suivre les municipales : articles par liste"}]},{"@type":"WebSite","@id":"https:\/\/sceaux-lagazette.fr\/#website","url":"https:\/\/sceaux-lagazette.fr\/","name":"La Gazette","description":"Bourg-la-Reine, Ch\u00e2tenay, Fontenay, Sceaux","publisher":{"@id":"https:\/\/sceaux-lagazette.fr\/#organization"},"potentialAction":[{"@type":"SearchAction","target":{"@type":"EntryPoint","urlTemplate":"https:\/\/sceaux-lagazette.fr\/?s={search_term_string}"},"query-input":{"@type":"PropertyValueSpecification","valueRequired":true,"valueName":"search_term_string"}}],"inLanguage":"fr-FR"},{"@type":"Organization","@id":"https:\/\/sceaux-lagazette.fr\/#organization","name":"La Gazette","url":"https:\/\/sceaux-lagazette.fr\/","logo":{"@type":"ImageObject","inLanguage":"fr-FR","@id":"https:\/\/sceaux-lagazette.fr\/#\/schema\/logo\/image\/","url":"https:\/\/sceaux-lagazette.fr\/wp-content\/uploads\/2025\/08\/Logo-Gazette-Aout-2025-V3.jpg","contentUrl":"https:\/\/sceaux-lagazette.fr\/wp-content\/uploads\/2025\/08\/Logo-Gazette-Aout-2025-V3.jpg","width":525,"height":130,"caption":"La Gazette"},"image":{"@id":"https:\/\/sceaux-lagazette.fr\/#\/schema\/logo\/image\/"}},{"@type":"Person","@id":"https:\/\/sceaux-lagazette.fr\/#\/schema\/person\/5650e206a121f68c6f5e76379bccfbc4","name":"G\u00e9rard Bardier","image":{"@type":"ImageObject","inLanguage":"fr-FR","@id":"https:\/\/sceaux-lagazette.fr\/#\/schema\/person\/image\/","url":"https:\/\/secure.gravatar.com\/avatar\/5cf4391ef9dbc0367750202561279a29?s=96&r=g","contentUrl":"https:\/\/secure.gravatar.com\/avatar\/5cf4391ef9dbc0367750202561279a29?s=96&r=g","caption":"G\u00e9rard Bardier"},"url":"https:\/\/sceaux-lagazette.fr\/index.php\/author\/gb\/"}]}},"cc_featured_image_caption":{"caption_text":"Image r\u00e9alis\u00e9e par Copilote","source_text":"","source_url":""},"_links":{"self":[{"href":"https:\/\/sceaux-lagazette.fr\/index.php\/wp-json\/wp\/v2\/posts\/45087"}],"collection":[{"href":"https:\/\/sceaux-lagazette.fr\/index.php\/wp-json\/wp\/v2\/posts"}],"about":[{"href":"https:\/\/sceaux-lagazette.fr\/index.php\/wp-json\/wp\/v2\/types\/post"}],"author":[{"embeddable":true,"href":"https:\/\/sceaux-lagazette.fr\/index.php\/wp-json\/wp\/v2\/users\/11"}],"replies":[{"embeddable":true,"href":"https:\/\/sceaux-lagazette.fr\/index.php\/wp-json\/wp\/v2\/comments?post=45087"}],"version-history":[{"count":8,"href":"https:\/\/sceaux-lagazette.fr\/index.php\/wp-json\/wp\/v2\/posts\/45087\/revisions"}],"predecessor-version":[{"id":45214,"href":"https:\/\/sceaux-lagazette.fr\/index.php\/wp-json\/wp\/v2\/posts\/45087\/revisions\/45214"}],"wp:featuredmedia":[{"embeddable":true,"href":"https:\/\/sceaux-lagazette.fr\/index.php\/wp-json\/wp\/v2\/media\/45090"}],"wp:attachment":[{"href":"https:\/\/sceaux-lagazette.fr\/index.php\/wp-json\/wp\/v2\/media?parent=45087"}],"wp:term":[{"taxonomy":"category","embeddable":true,"href":"https:\/\/sceaux-lagazette.fr\/index.php\/wp-json\/wp\/v2\/categories?post=45087"},{"taxonomy":"post_tag","embeddable":true,"href":"https:\/\/sceaux-lagazette.fr\/index.php\/wp-json\/wp\/v2\/tags?post=45087"}],"curies":[{"name":"wp","href":"https:\/\/api.w.org\/{rel}","templated":true}]}}