{"id":44941,"date":"2025-12-09T08:30:12","date_gmt":"2025-12-09T07:30:12","guid":{"rendered":"https:\/\/sceaux-lagazette.fr\/?p=44941"},"modified":"2025-12-08T16:02:21","modified_gmt":"2025-12-08T15:02:21","slug":"les-figures-de-la-pluie","status":"publish","type":"post","link":"https:\/\/sceaux-lagazette.fr\/index.php\/2025\/12\/09\/les-figures-de-la-pluie\/","title":{"rendered":"Les figures de la pluie"},"content":{"rendered":"\n<p><strong>INSPIRATION CADEAU<\/strong> Il suffit d\u2019aimer dans la pluie, sa nature, ses causes et ses effets pour trouver dans <em>Balade sous la pluie<\/em> de quoi apaiser sa soif. On la sait indispensable, vitale et mena\u00e7ante. On la sent, on la voit, on l\u2019entend. Mais que sait-on des ph\u00e9nom\u00e8nes physiques qui la cr\u00e9ent ou qui en d\u00e9pendent\u00a0? Le livre imagin\u00e9 comme une navigation le long d\u2019explications scientifiques reste toujours liquide. Il coule. Il comporte quelques formules mais sans abus. Tr\u00e8s illustr\u00e9, tr\u00e8s imag\u00e9, situons-le \u00e0 un niveau lyc\u00e9e (sans option particuli\u00e8re). Il est agr\u00e9able \u00e0 lire, pose les questions que l\u2019on se pose. En un mot, il est clair et brillant, quasiment pittoresque.<\/p>\n\n\n\n<p>Les deux auteurs savent de quoi ils parlent. Eleonora Dallan et Auguste Gires sont des chercheurs en hydrologie et en m\u00e9t\u00e9orologie. Elle est italienne, travaille \u00e0 l\u2019universit\u00e9 de Padoue. Lui est dans un laboratoire \u00e0 l\u2019\u00c9cole nationale des ponts et chauss\u00e9es. Ils ont un parti pris&nbsp;: diffuser, populariser.<\/p>\n\n\n\n<p>A l\u2019image d\u2019une croisi\u00e8re, le livre est organis\u00e9 en escales, autant de visites guid\u00e9es dans le pourquoi et le comment des ph\u00e9nom\u00e8nes. Les escales de quelques pages sont rassembl\u00e9es en trois \u00ab&nbsp;chapitres&nbsp;\u00bb, chacun correspondant \u00e0 un point de vue sur la pluie, une approche.<\/p>\n\n\n\n<h2 class=\"wp-block-heading\">Goutte-\u00e0-goutte<\/h2>\n\n\n\n<p>Le premier chapitre pr\u00e9sente <em>L\u2019anatomie d&rsquo;un ph\u00e9nom\u00e8ne<\/em>. On est dans l\u2019analyse. Douze escales d\u00e9composent la pluie, qui est le tout, en parties, les gouttes. Avec leurs tailles, leurs vitesses, leurs parcours dans la chute. La s\u00e9paration entre les grosses et les petites. Et on y apprend que d\u00e9finir la taille d&rsquo;une goutte n&rsquo;est pas facile. On s\u2019en serait dout\u00e9, mais l\u2019important est que pendant leur chute, les gouttes n&rsquo;ont pas une forme simple. Elles ne sont pas sph\u00e9riques du moins pour les grosses. Elles n&rsquo;ont pas non plus la forme d&rsquo;une poire ni d&rsquo;une larme.<\/p>\n\n\n\n<p>Les mesures sont des d\u00e9fis en elles-m\u00eames. Elles sont n\u00e9cessaires \u00e0 la compr\u00e9hension des liens entre taille et vitesse. La mesure des pr\u00e9cipitations doit composer avec le d\u00e9placement des gouttes sous le vent. Quels sont les instruments&nbsp;? Que peuvent-ils et quelles en sont leurs limites&nbsp;? Les chercheurs disent tout sans jamais abuser des abstractions.<\/p>\n\n\n\n<p>C\u2019est dans le m\u00eame esprit qu\u2019un court pied-\u00e0-terre, une \u00ab&nbsp;escalounette&nbsp;\u00bb dans le royaume de la lumi\u00e8re, observe de quelles interactions provient l&rsquo;arc-en-ciel, explique pourquoi sa forme est circulaire. Il raconte m\u00eame la possibilit\u00e9 d\u2019un arc-en-ciel secondaire qui double le premier \u00ab&nbsp;<em>quand les rayons lumineux se r\u00e9fl\u00e9chissent \u00e0 l\u2019int\u00e9rieur des gouttes&nbsp;<\/em>\u00bb&nbsp;! Premi\u00e8re nouvelle. On n\u2019en dit pas plus. A d\u00e9couvrir.<\/p>\n\n\n\n<h2 class=\"wp-block-heading\">D\u00e9busquer des r\u00e9gularit\u00e9s<\/h2>\n\n\n\n<p>Le chapitre 2, <em>La pluie un ph\u00e9nom\u00e8ne naturel \u00e0 quantifier,<\/em> la pr\u00e9sente dans son ensemble. Onze escales d\u00e9couvrent une sorte d\u2019histoire raisonn\u00e9e des quantit\u00e9s qui tombent, de leurs extr\u00eames, de leurs fr\u00e9quences. On traverse les variabilit\u00e9s dans le temps et dans l&rsquo;espace.<\/p>\n\n\n<div class=\"wp-block-image\">\n<figure class=\"alignright size-full is-resized\"><img decoding=\"async\" width=\"504\" height=\"720\" src=\"https:\/\/sceaux-lagazette.fr\/wp-content\/uploads\/2025\/12\/Balade-sous-la-pluie-Couverture.jpg\" alt=\"\" class=\"wp-image-44945\" style=\"width:238px;height:auto\" srcset=\"https:\/\/sceaux-lagazette.fr\/wp-content\/uploads\/2025\/12\/Balade-sous-la-pluie-Couverture.jpg 504w, https:\/\/sceaux-lagazette.fr\/wp-content\/uploads\/2025\/12\/Balade-sous-la-pluie-Couverture-210x300.jpg 210w\" sizes=\"(max-width: 504px) 100vw, 504px\" \/><\/figure><\/div>\n\n\n<p>D\u2019o\u00f9 une question l\u00e9gitime&nbsp;: A quelle fr\u00e9quence pleut-il&nbsp;? Les auteurs montrent de fa\u00e7on m\u00e9thodique et claire qu\u2019 \u00ab&nbsp;<em>une approche uniquement \u00e0 partir des quantit\u00e9s de pr\u00e9cipitations sur de longues p\u00e9riodes est trop restrictive.<\/em>&nbsp;\u00bb Parce qu\u2019il faut d\u2019abord quantifier la fr\u00e9quence des pluies. Et que les r\u00e9sultats d\u00e9pendent alors des temps d&rsquo;observation. La d\u00e9monstration est men\u00e9e chiffres \u00e0 l\u2019appui (pas trop tout de m\u00eame).<\/p>\n\n\n\n<p>La croisi\u00e8re continue. Et si les pr\u00e9cipitations \u00ab&nbsp;<em>se produisent d\u00e9sormais par vagues plus extr\u00eames<\/em>&nbsp;\u00bb avec des inondations suivies de s\u00e9cheresses, y aurait-il une relation avec le changement climatique&nbsp;? La question m\u00e9rite d\u2019\u00eatre pos\u00e9e (et analys\u00e9e) tant les d\u00e9fis sont s\u00e9rieux pour l&rsquo;agriculture, l&rsquo;approvisionnement en eau et les \u00e9cosyst\u00e8mes. Les conclusions des recherches r\u00e9centes d\u2019Eleonora sont expos\u00e9es en exemple. Elles concernent le nord de l&rsquo;Italie et mettent en \u00e9vidence une augmentation des pr\u00e9cipitations extr\u00eames d&rsquo;ici la fin du si\u00e8cle.<\/p>\n\n\n\n<p>Variabilit\u00e9s donc, mais aussi a contrario un invariant. Ah bon&nbsp;? Entre l\u2019eau qui tombe des grandes hauteurs et celle qui s\u2019\u00e9crase sur le sol, y aurait-il du commun&nbsp;? On le dirait, mais il est assez abstrait. Il est sugg\u00e9r\u00e9 lors d\u2019une courte escapade, quand l\u2019ancre est jet\u00e9e sur les fractals. On en sent le parfum, ce qui est un d\u00e9but.<\/p>\n\n\n\n<p>Pour revenir au quotidien, un \u00ab&nbsp;bonus&nbsp;\u00bb (une escale improvis\u00e9e sur un \u00eelet inattendu) pose une forte question&nbsp;\ud83d\ude09&nbsp;: \u00ab&nbsp;<em>Pleut-il vraiment moins sous un arbre&nbsp;?&nbsp;<\/em>\u00bb On randonne parmi les raisonnements, les limites des appareils de mesure, la diversit\u00e9 des for\u00eats, pour apprendre en quoi la question reste un sujet de recherches.<\/p>\n\n\n\n<h2 class=\"wp-block-heading\">Courons sous la pluie<\/h2>\n\n\n\n<p><em>Apr\u00e8s la pluie,<\/em> le chapitre 3 se demande, expose ce que la pluie devient. Son \u00e9coulement, son ruissellement, son stockage. Les relations aux sols. Les d\u00e9sordres que les exc\u00e8s y font, qu\u2019ils soient inondations ou s\u00e9cheresses, les d\u00e9sordres dans la dur\u00e9e et dans l\u2019espace. Les huit escales sont des excursions dans les cons\u00e9quences. La pluie qu&rsquo;on \u00e9coute, qui ruisselle, qui manque. Qu&rsquo;est-ce qu&rsquo;une s\u00e9cheresse ou une inondation&nbsp;? Quels en sont les chaos&nbsp;?<\/p>\n\n\n<div class=\"wp-block-image\">\n<figure class=\"alignleft size-full is-resized\"><img decoding=\"async\" width=\"1018\" height=\"720\" src=\"https:\/\/sceaux-lagazette.fr\/wp-content\/uploads\/2025\/12\/Balade-sous-la-pluie-Ruissellement_Sceaux_17_octobre_2024.jpg\" alt=\"\" class=\"wp-image-44947\" style=\"width:392px;height:auto\" srcset=\"https:\/\/sceaux-lagazette.fr\/wp-content\/uploads\/2025\/12\/Balade-sous-la-pluie-Ruissellement_Sceaux_17_octobre_2024.jpg 1018w, https:\/\/sceaux-lagazette.fr\/wp-content\/uploads\/2025\/12\/Balade-sous-la-pluie-Ruissellement_Sceaux_17_octobre_2024-300x212.jpg 300w, https:\/\/sceaux-lagazette.fr\/wp-content\/uploads\/2025\/12\/Balade-sous-la-pluie-Ruissellement_Sceaux_17_octobre_2024-768x543.jpg 768w\" sizes=\"(max-width: 1018px) 100vw, 1018px\" \/><\/figure><\/div>\n\n\n<p>Les int\u00e9r\u00eats pratiques sont clairs. Il en va de la capacit\u00e9 \u00e0 dimensionner les moyens d\u2019absorber, de g\u00e9rer, les pr\u00e9cipitations. Le chapitre en d\u00e9taille bien les diff\u00e9rentes facettes. Mais pas que. On aura \u00ab&nbsp;<em>pour se dire au revoir<\/em>&nbsp;\u00bb une courte plong\u00e9e (sans tuba, juste le temps de jeter sur un coup d\u2019\u0153il) sur la pr\u00e9sence banale et sensitive de la pluie autour de nous (ou sur nous). Un conseil au passage, comme ferait un guide devant un panorama&nbsp;: \u00e9viter d\u2019ouvrir la bouche \u00ab&nbsp;<em>lorsqu&rsquo;il pleut surtout au d\u00e9but, car des polluants peuvent encore \u00eatre pr\u00e9sents dans l\u2019atmosph\u00e8re avant d&rsquo;\u00eatre progressivement lessiv\u00e9 par la pluie<\/em>&nbsp;\u00bb. Une fois lu, on se demande pourquoi on ne se l\u2019\u00e9tait pas dit plus t\u00f4t. Le livre fourmille de rappels de ce genre. Un v\u00e9ritable aide-m\u00e9moire.<\/p>\n\n\n\n<p>Une derni\u00e8re escale, cerise sur le g\u00e2teau, descend sur une question farfelue cependant scientifique&nbsp;: faut-il marcher ou courir sous la pluie&nbsp;? Et si courir, c\u2019est plut\u00f4t vite ou pas trop&nbsp;? Question \u00e0 la fois rationnelle et sensorielle. Parce que la pluie est forte de symboles, entre m\u00e9lancolie, renouveau, purification et le fait d\u2019\u00eatre tremp\u00e9 jusqu\u2019aux os. Dans le livre, elle donne lieu \u00e0 des consid\u00e9rations scientifiques&#8230;. et visuelles. Personne ne chante sous la pluie, mais quelqu\u2019un y court. Un des auteurs a fait le don de sa personne pour mener l\u2019exp\u00e9rience.<\/p>\n\n\n\n<h2 class=\"wp-block-heading\">Les pieds sur terre<\/h2>\n\n\n\n<p>On peut consid\u00e9rer <em>Balade sous la pluie<\/em> comme un menu \u00ab&nbsp;D\u00e9gustation&nbsp;\u00bb. Les chefs donnent une id\u00e9e de leurs savoirs et de leurs exp\u00e9rimentations \u00e0 travers une s\u00e9rie de plats o\u00f9 l\u2019on reconna\u00eet tous les ingr\u00e9dients ordinaires cependant compos\u00e9s, rapproch\u00e9s, expliqu\u00e9s de telles mani\u00e8res qu\u2019on d\u00e9couvre des saveurs nouvelles. On peut \u00e0 bon droit, sans chercher \u00e0 imiter le Guide Michelin et ses distributions d\u2019\u00e9toiles, recommander totalement ces belles sp\u00e9cialit\u00e9s.<\/p>\n\n\n\n<p>Il ressort de cette bonne ch\u00e8re didactique, concr\u00e8te, agenc\u00e9e sur des exemples du quotidien que la pluie est un lieu \u00e0 fort enjeu&nbsp;: pr\u00e9diction des pr\u00e9cipitations, gestion de l&rsquo;eau, adaptation des soci\u00e9t\u00e9s. Il est utile de la comprendre dans ses volumes et ses exc\u00e8s, les inondations fluviales, pluviales ou marines ou au contraire dans ses manques cruels. Le souci d\u2019Eleonora Dallan et d\u2019Auguste Gires d\u2019illustrer de graphiques et de photos donne \u00e0 leurs d\u00e9monstrations la fluidit\u00e9 limpide des r\u00e9cits de voyage.<\/p>\n\n\n\n<hr class=\"wp-block-separator has-alpha-channel-opacity\"\/>\n\n\n\n<h2 class=\"wp-block-heading\">Pour en savoir plus<\/h2>\n\n\n\n<p>Les auteurs proposent une s\u00e9rie de trois petites exp\u00e9riences pour faire de votre toucher, de votre ou\u00efe et de votre vue des capteurs de pluie (<a href=\"https:\/\/sites.google.com\/view\/feelingrainfallwithsenses\/home_fr\" target=\"_blank\" rel=\"noreferrer noopener\">https:\/\/sites.google.com\/view\/feelingrainfallwithsenses<\/a>).<\/p>\n\n\n\n<h2 class=\"wp-block-heading\">Librairies o\u00f9 commander<\/h2>\n\n\n\n<p><em>Balade sous la pluie<\/em>, d\u2019Eleonora Pallan et Auguste Gires, Presse des Ponts, 2025, 15\u20ac<\/p>\n\n\n\n<ul class=\"wp-block-list\">\n<li>L\u2019infinie com\u00e9die, 6 rue Ren\u00e9 Roeckel, Bourg-la-Reine<\/li>\n\n\n\n<li>L\u2019\u00celot Livres, 56 bis rue Jean Longuet, Ch\u00e2tenay-Malabry<\/li>\n\n\n\n<li>Les p\u00eacheurs d\u2019\u00e9toiles, 2 place du G\u00e9n\u00e9ral de Gaulle, Fontenay-aux-Roses<\/li>\n\n\n\n<li>Le Roi Lire, 4 rue Florian, Sceaux<\/li>\n<\/ul>\n\n\n\n<h2 class=\"wp-block-heading\">A lire dans La Gazette<\/h2>\n\n\n\n<figure class=\"wp-block-embed is-type-wp-embed is-provider-la-gazette wp-block-embed-la-gazette\"><div class=\"wp-block-embed__wrapper\">\n<blockquote class=\"wp-embedded-content\" data-secret=\"LcHMoeqDF9\"><a href=\"https:\/\/sceaux-lagazette.fr\/index.php\/2022\/05\/17\/champ-de-pluie-champ-de-vent-sceaux-par-tous-les-temps\/\">Champ de pluie, champ de vent, Sceaux par tous les temps<\/a><\/blockquote><iframe loading=\"lazy\" class=\"wp-embedded-content\" sandbox=\"allow-scripts\" security=\"restricted\" style=\"position: absolute; visibility: hidden;\" title=\"\u00ab\u00a0Champ de pluie, champ de vent, Sceaux par tous les temps\u00a0\u00bb &#8212; La Gazette\" src=\"https:\/\/sceaux-lagazette.fr\/index.php\/2022\/05\/17\/champ-de-pluie-champ-de-vent-sceaux-par-tous-les-temps\/embed\/#?secret=hX2SwSEg9b#?secret=LcHMoeqDF9\" data-secret=\"LcHMoeqDF9\" width=\"500\" height=\"282\" frameborder=\"0\" marginwidth=\"0\" marginheight=\"0\" scrolling=\"no\"><\/iframe>\n<\/div><\/figure>\n\n\n\n<p><\/p>\n","protected":false},"excerpt":{"rendered":"<p>INSPIRATION CADEAU Il suffit d\u2019aimer dans la pluie, sa nature, ses causes et ses effets pour trouver dans Balade sous la pluie de quoi apaiser sa soif. On la sait indispensable, vitale et mena\u00e7ante. On la sent, on la voit, on l\u2019entend. Mais que sait-on des ph\u00e9nom\u00e8nes physiques qui la&#8230;<\/p>\n","protected":false},"author":6,"featured_media":44944,"comment_status":"open","ping_status":"open","sticky":false,"template":"","format":"standard","meta":{"om_disable_all_campaigns":false,"_monsterinsights_skip_tracking":false,"_monsterinsights_sitenote_active":false,"_monsterinsights_sitenote_note":"","_monsterinsights_sitenote_category":0,"_uf_show_specific_survey":0,"_uf_disable_surveys":false,"footnotes":""},"categories":[242,59,266],"tags":[],"class_list":["post-44941","post","type-post","status-publish","format-standard","has-post-thumbnail","hentry","category-litterature","category-portraits","category-sceaux","entry","simple"],"yoast_head":"<!-- This site is optimized with the Yoast SEO plugin v25.6 - https:\/\/yoast.com\/wordpress\/plugins\/seo\/ -->\n<title>Les figures de la pluie - La Gazette<\/title>\n<meta name=\"robots\" content=\"index, follow, max-snippet:-1, max-image-preview:large, max-video-preview:-1\" \/>\n<link rel=\"canonical\" href=\"https:\/\/sceaux-lagazette.fr\/index.php\/2025\/12\/09\/les-figures-de-la-pluie\/\" \/>\n<meta property=\"og:locale\" content=\"fr_FR\" \/>\n<meta property=\"og:type\" content=\"article\" \/>\n<meta property=\"og:title\" content=\"Les figures de la pluie - La Gazette\" \/>\n<meta property=\"og:description\" content=\"INSPIRATION CADEAU Il suffit d\u2019aimer dans la pluie, sa nature, ses causes et ses effets pour trouver dans Balade sous la pluie de quoi apaiser sa soif. On la sait indispensable, vitale et mena\u00e7ante. On la sent, on la voit, on l\u2019entend. Mais que sait-on des ph\u00e9nom\u00e8nes physiques qui la&#8230;\" \/>\n<meta property=\"og:url\" content=\"https:\/\/sceaux-lagazette.fr\/index.php\/2025\/12\/09\/les-figures-de-la-pluie\/\" \/>\n<meta property=\"og:site_name\" content=\"La Gazette\" \/>\n<meta property=\"article:published_time\" content=\"2025-12-09T07:30:12+00:00\" \/>\n<meta property=\"og:image\" content=\"https:\/\/sceaux-lagazette.fr\/wp-content\/uploads\/2025\/12\/Balade-sous-la-pluie-Deux-pages.jpg\" \/>\n\t<meta property=\"og:image:width\" content=\"1019\" \/>\n\t<meta property=\"og:image:height\" content=\"720\" \/>\n\t<meta property=\"og:image:type\" content=\"image\/jpeg\" \/>\n<meta name=\"author\" content=\"Maurice Zytnicki\" \/>\n<meta name=\"twitter:card\" content=\"summary_large_image\" \/>\n<meta name=\"twitter:label1\" content=\"\u00c9crit par\" \/>\n\t<meta name=\"twitter:data1\" content=\"Maurice Zytnicki\" \/>\n\t<meta name=\"twitter:label2\" content=\"Dur\u00e9e de lecture estim\u00e9e\" \/>\n\t<meta name=\"twitter:data2\" content=\"7 minutes\" \/>\n<script type=\"application\/ld+json\" class=\"yoast-schema-graph\">{\"@context\":\"https:\/\/schema.org\",\"@graph\":[{\"@type\":\"Article\",\"@id\":\"https:\/\/sceaux-lagazette.fr\/index.php\/2025\/12\/09\/les-figures-de-la-pluie\/#article\",\"isPartOf\":{\"@id\":\"https:\/\/sceaux-lagazette.fr\/index.php\/2025\/12\/09\/les-figures-de-la-pluie\/\"},\"author\":{\"name\":\"Maurice Zytnicki\",\"@id\":\"https:\/\/sceaux-lagazette.fr\/#\/schema\/person\/060ab8fc058c4220d9079707a58da9f1\"},\"headline\":\"Les figures de la pluie\",\"datePublished\":\"2025-12-09T07:30:12+00:00\",\"mainEntityOfPage\":{\"@id\":\"https:\/\/sceaux-lagazette.fr\/index.php\/2025\/12\/09\/les-figures-de-la-pluie\/\"},\"wordCount\":1488,\"commentCount\":0,\"publisher\":{\"@id\":\"https:\/\/sceaux-lagazette.fr\/#organization\"},\"image\":{\"@id\":\"https:\/\/sceaux-lagazette.fr\/index.php\/2025\/12\/09\/les-figures-de-la-pluie\/#primaryimage\"},\"thumbnailUrl\":\"https:\/\/sceaux-lagazette.fr\/wp-content\/uploads\/2025\/12\/Balade-sous-la-pluie-Deux-pages.jpg\",\"articleSection\":[\"Litt\u00e9rature\",\"Portraits\",\"Sceaux\"],\"inLanguage\":\"fr-FR\",\"potentialAction\":[{\"@type\":\"CommentAction\",\"name\":\"Comment\",\"target\":[\"https:\/\/sceaux-lagazette.fr\/index.php\/2025\/12\/09\/les-figures-de-la-pluie\/#respond\"]}]},{\"@type\":\"WebPage\",\"@id\":\"https:\/\/sceaux-lagazette.fr\/index.php\/2025\/12\/09\/les-figures-de-la-pluie\/\",\"url\":\"https:\/\/sceaux-lagazette.fr\/index.php\/2025\/12\/09\/les-figures-de-la-pluie\/\",\"name\":\"Les figures de la pluie - La Gazette\",\"isPartOf\":{\"@id\":\"https:\/\/sceaux-lagazette.fr\/#website\"},\"primaryImageOfPage\":{\"@id\":\"https:\/\/sceaux-lagazette.fr\/index.php\/2025\/12\/09\/les-figures-de-la-pluie\/#primaryimage\"},\"image\":{\"@id\":\"https:\/\/sceaux-lagazette.fr\/index.php\/2025\/12\/09\/les-figures-de-la-pluie\/#primaryimage\"},\"thumbnailUrl\":\"https:\/\/sceaux-lagazette.fr\/wp-content\/uploads\/2025\/12\/Balade-sous-la-pluie-Deux-pages.jpg\",\"datePublished\":\"2025-12-09T07:30:12+00:00\",\"breadcrumb\":{\"@id\":\"https:\/\/sceaux-lagazette.fr\/index.php\/2025\/12\/09\/les-figures-de-la-pluie\/#breadcrumb\"},\"inLanguage\":\"fr-FR\",\"potentialAction\":[{\"@type\":\"ReadAction\",\"target\":[\"https:\/\/sceaux-lagazette.fr\/index.php\/2025\/12\/09\/les-figures-de-la-pluie\/\"]}]},{\"@type\":\"ImageObject\",\"inLanguage\":\"fr-FR\",\"@id\":\"https:\/\/sceaux-lagazette.fr\/index.php\/2025\/12\/09\/les-figures-de-la-pluie\/#primaryimage\",\"url\":\"https:\/\/sceaux-lagazette.fr\/wp-content\/uploads\/2025\/12\/Balade-sous-la-pluie-Deux-pages.jpg\",\"contentUrl\":\"https:\/\/sceaux-lagazette.fr\/wp-content\/uploads\/2025\/12\/Balade-sous-la-pluie-Deux-pages.jpg\",\"width\":1019,\"height\":720},{\"@type\":\"BreadcrumbList\",\"@id\":\"https:\/\/sceaux-lagazette.fr\/index.php\/2025\/12\/09\/les-figures-de-la-pluie\/#breadcrumb\",\"itemListElement\":[{\"@type\":\"ListItem\",\"position\":1,\"name\":\"Accueil\",\"item\":\"https:\/\/sceaux-lagazette.fr\/\"},{\"@type\":\"ListItem\",\"position\":2,\"name\":\"Les figures de la pluie\"}]},{\"@type\":\"WebSite\",\"@id\":\"https:\/\/sceaux-lagazette.fr\/#website\",\"url\":\"https:\/\/sceaux-lagazette.fr\/\",\"name\":\"La Gazette\",\"description\":\"Bourg-la-Reine, Ch\u00e2tenay, Fontenay, Sceaux\",\"publisher\":{\"@id\":\"https:\/\/sceaux-lagazette.fr\/#organization\"},\"potentialAction\":[{\"@type\":\"SearchAction\",\"target\":{\"@type\":\"EntryPoint\",\"urlTemplate\":\"https:\/\/sceaux-lagazette.fr\/?s={search_term_string}\"},\"query-input\":{\"@type\":\"PropertyValueSpecification\",\"valueRequired\":true,\"valueName\":\"search_term_string\"}}],\"inLanguage\":\"fr-FR\"},{\"@type\":\"Organization\",\"@id\":\"https:\/\/sceaux-lagazette.fr\/#organization\",\"name\":\"La Gazette\",\"url\":\"https:\/\/sceaux-lagazette.fr\/\",\"logo\":{\"@type\":\"ImageObject\",\"inLanguage\":\"fr-FR\",\"@id\":\"https:\/\/sceaux-lagazette.fr\/#\/schema\/logo\/image\/\",\"url\":\"https:\/\/sceaux-lagazette.fr\/wp-content\/uploads\/2025\/08\/Logo-Gazette-Aout-2025-V3.jpg\",\"contentUrl\":\"https:\/\/sceaux-lagazette.fr\/wp-content\/uploads\/2025\/08\/Logo-Gazette-Aout-2025-V3.jpg\",\"width\":525,\"height\":130,\"caption\":\"La Gazette\"},\"image\":{\"@id\":\"https:\/\/sceaux-lagazette.fr\/#\/schema\/logo\/image\/\"}},{\"@type\":\"Person\",\"@id\":\"https:\/\/sceaux-lagazette.fr\/#\/schema\/person\/060ab8fc058c4220d9079707a58da9f1\",\"name\":\"Maurice Zytnicki\",\"image\":{\"@type\":\"ImageObject\",\"inLanguage\":\"fr-FR\",\"@id\":\"https:\/\/sceaux-lagazette.fr\/#\/schema\/person\/image\/\",\"url\":\"https:\/\/secure.gravatar.com\/avatar\/d94d30d6fa0e9cb7af48a89366fc0cdb?s=96&r=g\",\"contentUrl\":\"https:\/\/secure.gravatar.com\/avatar\/d94d30d6fa0e9cb7af48a89366fc0cdb?s=96&r=g\",\"caption\":\"Maurice Zytnicki\"},\"url\":\"https:\/\/sceaux-lagazette.fr\/index.php\/author\/maurice\/\"}]}<\/script>\n<!-- \/ Yoast SEO plugin. -->","yoast_head_json":{"title":"Les figures de la pluie - La Gazette","robots":{"index":"index","follow":"follow","max-snippet":"max-snippet:-1","max-image-preview":"max-image-preview:large","max-video-preview":"max-video-preview:-1"},"canonical":"https:\/\/sceaux-lagazette.fr\/index.php\/2025\/12\/09\/les-figures-de-la-pluie\/","og_locale":"fr_FR","og_type":"article","og_title":"Les figures de la pluie - La Gazette","og_description":"INSPIRATION CADEAU Il suffit d\u2019aimer dans la pluie, sa nature, ses causes et ses effets pour trouver dans Balade sous la pluie de quoi apaiser sa soif. On la sait indispensable, vitale et mena\u00e7ante. On la sent, on la voit, on l\u2019entend. Mais que sait-on des ph\u00e9nom\u00e8nes physiques qui la&#8230;","og_url":"https:\/\/sceaux-lagazette.fr\/index.php\/2025\/12\/09\/les-figures-de-la-pluie\/","og_site_name":"La Gazette","article_published_time":"2025-12-09T07:30:12+00:00","og_image":[{"width":1019,"height":720,"url":"https:\/\/sceaux-lagazette.fr\/wp-content\/uploads\/2025\/12\/Balade-sous-la-pluie-Deux-pages.jpg","type":"image\/jpeg"}],"author":"Maurice Zytnicki","twitter_card":"summary_large_image","twitter_misc":{"\u00c9crit par":"Maurice Zytnicki","Dur\u00e9e de lecture estim\u00e9e":"7 minutes"},"schema":{"@context":"https:\/\/schema.org","@graph":[{"@type":"Article","@id":"https:\/\/sceaux-lagazette.fr\/index.php\/2025\/12\/09\/les-figures-de-la-pluie\/#article","isPartOf":{"@id":"https:\/\/sceaux-lagazette.fr\/index.php\/2025\/12\/09\/les-figures-de-la-pluie\/"},"author":{"name":"Maurice Zytnicki","@id":"https:\/\/sceaux-lagazette.fr\/#\/schema\/person\/060ab8fc058c4220d9079707a58da9f1"},"headline":"Les figures de la pluie","datePublished":"2025-12-09T07:30:12+00:00","mainEntityOfPage":{"@id":"https:\/\/sceaux-lagazette.fr\/index.php\/2025\/12\/09\/les-figures-de-la-pluie\/"},"wordCount":1488,"commentCount":0,"publisher":{"@id":"https:\/\/sceaux-lagazette.fr\/#organization"},"image":{"@id":"https:\/\/sceaux-lagazette.fr\/index.php\/2025\/12\/09\/les-figures-de-la-pluie\/#primaryimage"},"thumbnailUrl":"https:\/\/sceaux-lagazette.fr\/wp-content\/uploads\/2025\/12\/Balade-sous-la-pluie-Deux-pages.jpg","articleSection":["Litt\u00e9rature","Portraits","Sceaux"],"inLanguage":"fr-FR","potentialAction":[{"@type":"CommentAction","name":"Comment","target":["https:\/\/sceaux-lagazette.fr\/index.php\/2025\/12\/09\/les-figures-de-la-pluie\/#respond"]}]},{"@type":"WebPage","@id":"https:\/\/sceaux-lagazette.fr\/index.php\/2025\/12\/09\/les-figures-de-la-pluie\/","url":"https:\/\/sceaux-lagazette.fr\/index.php\/2025\/12\/09\/les-figures-de-la-pluie\/","name":"Les figures de la pluie - La Gazette","isPartOf":{"@id":"https:\/\/sceaux-lagazette.fr\/#website"},"primaryImageOfPage":{"@id":"https:\/\/sceaux-lagazette.fr\/index.php\/2025\/12\/09\/les-figures-de-la-pluie\/#primaryimage"},"image":{"@id":"https:\/\/sceaux-lagazette.fr\/index.php\/2025\/12\/09\/les-figures-de-la-pluie\/#primaryimage"},"thumbnailUrl":"https:\/\/sceaux-lagazette.fr\/wp-content\/uploads\/2025\/12\/Balade-sous-la-pluie-Deux-pages.jpg","datePublished":"2025-12-09T07:30:12+00:00","breadcrumb":{"@id":"https:\/\/sceaux-lagazette.fr\/index.php\/2025\/12\/09\/les-figures-de-la-pluie\/#breadcrumb"},"inLanguage":"fr-FR","potentialAction":[{"@type":"ReadAction","target":["https:\/\/sceaux-lagazette.fr\/index.php\/2025\/12\/09\/les-figures-de-la-pluie\/"]}]},{"@type":"ImageObject","inLanguage":"fr-FR","@id":"https:\/\/sceaux-lagazette.fr\/index.php\/2025\/12\/09\/les-figures-de-la-pluie\/#primaryimage","url":"https:\/\/sceaux-lagazette.fr\/wp-content\/uploads\/2025\/12\/Balade-sous-la-pluie-Deux-pages.jpg","contentUrl":"https:\/\/sceaux-lagazette.fr\/wp-content\/uploads\/2025\/12\/Balade-sous-la-pluie-Deux-pages.jpg","width":1019,"height":720},{"@type":"BreadcrumbList","@id":"https:\/\/sceaux-lagazette.fr\/index.php\/2025\/12\/09\/les-figures-de-la-pluie\/#breadcrumb","itemListElement":[{"@type":"ListItem","position":1,"name":"Accueil","item":"https:\/\/sceaux-lagazette.fr\/"},{"@type":"ListItem","position":2,"name":"Les figures de la pluie"}]},{"@type":"WebSite","@id":"https:\/\/sceaux-lagazette.fr\/#website","url":"https:\/\/sceaux-lagazette.fr\/","name":"La Gazette","description":"Bourg-la-Reine, Ch\u00e2tenay, Fontenay, Sceaux","publisher":{"@id":"https:\/\/sceaux-lagazette.fr\/#organization"},"potentialAction":[{"@type":"SearchAction","target":{"@type":"EntryPoint","urlTemplate":"https:\/\/sceaux-lagazette.fr\/?s={search_term_string}"},"query-input":{"@type":"PropertyValueSpecification","valueRequired":true,"valueName":"search_term_string"}}],"inLanguage":"fr-FR"},{"@type":"Organization","@id":"https:\/\/sceaux-lagazette.fr\/#organization","name":"La Gazette","url":"https:\/\/sceaux-lagazette.fr\/","logo":{"@type":"ImageObject","inLanguage":"fr-FR","@id":"https:\/\/sceaux-lagazette.fr\/#\/schema\/logo\/image\/","url":"https:\/\/sceaux-lagazette.fr\/wp-content\/uploads\/2025\/08\/Logo-Gazette-Aout-2025-V3.jpg","contentUrl":"https:\/\/sceaux-lagazette.fr\/wp-content\/uploads\/2025\/08\/Logo-Gazette-Aout-2025-V3.jpg","width":525,"height":130,"caption":"La Gazette"},"image":{"@id":"https:\/\/sceaux-lagazette.fr\/#\/schema\/logo\/image\/"}},{"@type":"Person","@id":"https:\/\/sceaux-lagazette.fr\/#\/schema\/person\/060ab8fc058c4220d9079707a58da9f1","name":"Maurice Zytnicki","image":{"@type":"ImageObject","inLanguage":"fr-FR","@id":"https:\/\/sceaux-lagazette.fr\/#\/schema\/person\/image\/","url":"https:\/\/secure.gravatar.com\/avatar\/d94d30d6fa0e9cb7af48a89366fc0cdb?s=96&r=g","contentUrl":"https:\/\/secure.gravatar.com\/avatar\/d94d30d6fa0e9cb7af48a89366fc0cdb?s=96&r=g","caption":"Maurice Zytnicki"},"url":"https:\/\/sceaux-lagazette.fr\/index.php\/author\/maurice\/"}]}},"cc_featured_image_caption":{"caption_text":"","source_text":"","source_url":""},"_links":{"self":[{"href":"https:\/\/sceaux-lagazette.fr\/index.php\/wp-json\/wp\/v2\/posts\/44941"}],"collection":[{"href":"https:\/\/sceaux-lagazette.fr\/index.php\/wp-json\/wp\/v2\/posts"}],"about":[{"href":"https:\/\/sceaux-lagazette.fr\/index.php\/wp-json\/wp\/v2\/types\/post"}],"author":[{"embeddable":true,"href":"https:\/\/sceaux-lagazette.fr\/index.php\/wp-json\/wp\/v2\/users\/6"}],"replies":[{"embeddable":true,"href":"https:\/\/sceaux-lagazette.fr\/index.php\/wp-json\/wp\/v2\/comments?post=44941"}],"version-history":[{"count":4,"href":"https:\/\/sceaux-lagazette.fr\/index.php\/wp-json\/wp\/v2\/posts\/44941\/revisions"}],"predecessor-version":[{"id":44949,"href":"https:\/\/sceaux-lagazette.fr\/index.php\/wp-json\/wp\/v2\/posts\/44941\/revisions\/44949"}],"wp:featuredmedia":[{"embeddable":true,"href":"https:\/\/sceaux-lagazette.fr\/index.php\/wp-json\/wp\/v2\/media\/44944"}],"wp:attachment":[{"href":"https:\/\/sceaux-lagazette.fr\/index.php\/wp-json\/wp\/v2\/media?parent=44941"}],"wp:term":[{"taxonomy":"category","embeddable":true,"href":"https:\/\/sceaux-lagazette.fr\/index.php\/wp-json\/wp\/v2\/categories?post=44941"},{"taxonomy":"post_tag","embeddable":true,"href":"https:\/\/sceaux-lagazette.fr\/index.php\/wp-json\/wp\/v2\/tags?post=44941"}],"curies":[{"name":"wp","href":"https:\/\/api.w.org\/{rel}","templated":true}]}}