{"id":44923,"date":"2025-12-05T08:30:59","date_gmt":"2025-12-05T07:30:59","guid":{"rendered":"https:\/\/sceaux-lagazette.fr\/?p=44923"},"modified":"2025-12-08T15:10:45","modified_gmt":"2025-12-08T14:10:45","slug":"festivites-de-noel-2025","status":"publish","type":"post","link":"https:\/\/sceaux-lagazette.fr\/index.php\/2025\/12\/05\/festivites-de-noel-2025\/","title":{"rendered":"Festivit\u00e9s de No\u00ebl 2025"},"content":{"rendered":"\n<p>\u00c0 l\u2019approche des f\u00eates de fin d\u2019ann\u00e9e, les communes de Bourg-la-Reine, Ch\u00e2tenay-Malabry, Fontenay-aux-Roses et Sceaux s\u2019animent pour c\u00e9l\u00e9brer No\u00ebl 2025. Voici un aper\u00e7u des principales animations et \u00e9v\u00e9nements pr\u00e9vus dans ces quatre communes. Pour des d\u00e9tails, <strong>voir les magazines municipaux<\/strong> (liens en fin d\u2019article).<\/p>\n\n\n\n<h2 class=\"wp-block-heading\">Bourg-la-Reine<\/h2>\n\n\n<div class=\"wp-block-image\">\n<figure class=\"alignleft size-full is-resized\"><img decoding=\"async\" width=\"486\" height=\"817\" src=\"https:\/\/sceaux-lagazette.fr\/wp-content\/uploads\/2025\/12\/image-4.jpg\" alt=\"\" class=\"wp-image-44931\" style=\"width:188px;height:auto\" srcset=\"https:\/\/sceaux-lagazette.fr\/wp-content\/uploads\/2025\/12\/image-4.jpg 486w, https:\/\/sceaux-lagazette.fr\/wp-content\/uploads\/2025\/12\/image-4-178x300.jpg 178w\" sizes=\"(max-width: 486px) 100vw, 486px\" \/><\/figure><\/div>\n\n\n<ul class=\"wp-block-list\">\n<li>Village des enfants. Mercredi 10 d\u00e9cembre, parvis de la m\u00e9diath\u00e8que Fran\u00e7ois Villon&nbsp;: visite du P\u00e8re No\u00ebl et divers ateliers : boules de No\u00ebl, mobiles, lutins en mousse&#8230;<\/li>\n\n\n\n<li>March\u00e9 de No\u00ebl : Du vendredi 12 au dimanche 14 d\u00e9cembre 2025, avenue du G\u00e9n\u00e9ral Leclerc, entre le caf\u00e9 Grove et la Poste. Produits gourmands, cadeaux artisanaux, vin chaud !<\/li>\n\n\n\n<li>Concours de dessins pour les enfants de 6 \u00e0 12 ans, sur le th\u00e8me \u00ab Les enfants du monde f\u00eatent No\u00ebl \u00e0 BLR \u00bb. La remise des prix aura lieu lors du go\u00fbter de No\u00ebl du Trois-M\u00e2ts le samedi 13 d\u00e9cembre.<\/li>\n\n\n\n<li>F\u00eate de No\u00ebl au Trois-m\u00e2ts&nbsp;: Samedi 13 de 13h30 \u00e0 18h30.  Ateliers fabrication de cartes de v\u0153ux, maquillage, jeux de soci\u00e9t\u00e9, cr\u00e9ation de d\u00e9corations de No\u00ebl, p\u00e2te \u00e0 sel. Lecture d&rsquo;histoire. \u00c0 16 h : Spectacle de la Compagnie des Loges \u00ab Les Rennes de No\u00ebl \u00bb. \u00c0 17 h 30 : Distribution des ballotins de chocolats.<\/li>\n<\/ul>\n\n\n\n<h2 class=\"wp-block-heading\">Ch\u00e2tenay-Malabry<\/h2>\n\n\n<div class=\"wp-block-image\">\n<figure class=\"alignleft size-full is-resized\"><img decoding=\"async\" width=\"487\" height=\"817\" src=\"https:\/\/sceaux-lagazette.fr\/wp-content\/uploads\/2025\/12\/image-3.jpg\" alt=\"\" class=\"wp-image-44930\" style=\"width:190px;height:auto\" srcset=\"https:\/\/sceaux-lagazette.fr\/wp-content\/uploads\/2025\/12\/image-3.jpg 487w, https:\/\/sceaux-lagazette.fr\/wp-content\/uploads\/2025\/12\/image-3-179x300.jpg 179w\" sizes=\"(max-width: 487px) 100vw, 487px\" \/><\/figure><\/div>\n\n\n<ul class=\"wp-block-list\">\n<li>Village de No\u00ebl : Install\u00e9 au parc de la Mairie (parc du Souvenir fran\u00e7ais) du 10 au 14 d\u00e9cembre, march\u00e9 de No\u00ebl, piste de ski, une patinoire \u00e9ph\u00e9m\u00e8re.<\/li>\n\n\n\n<li>Animations pour petits et grands, dont la venue du P\u00e8re No\u00ebl.<\/li>\n\n\n\n<li>Environ 35 artisans proposeront sp\u00e9cialit\u00e9s gourmandes et artisanales telles que objets de d\u00e9coration, jeux \u00e9ducatifs, couteaux artisanaux, textiles ou produits de beaut\u00e9<\/li>\n\n\n\n<li>Parade de No\u00ebl : Le 15 d\u00e9cembre \u00e0 partir de 17h, une grande parade festive traversera le centre-ville avec chars illumin\u00e9s et troupes costum\u00e9es.<\/li>\n\n\n\n<li>Ateliers et contes : La m\u00e9diath\u00e8que organisera des lectures de contes et des ateliers de cr\u00e9ation de d\u00e9corations du 10 au 20 d\u00e9cembre.<\/li>\n\n\n\n<li>Tombolas organis\u00e9es tout au long du Village&nbsp;: s\u00e9jours \u00e0 la neige \u00e0 G\u00e9rardmer \u00e0 gagner<\/li>\n\n\n\n<li>Feu d\u2019artifice le samedi 13 \u00e0 17h45.<\/li>\n<\/ul>\n\n\n\n<h2 class=\"wp-block-heading\">Fontenay-aux-Roses<\/h2>\n\n\n<div class=\"wp-block-image\">\n<figure class=\"alignleft size-full is-resized\"><img decoding=\"async\" width=\"510\" height=\"720\" src=\"https:\/\/sceaux-lagazette.fr\/wp-content\/uploads\/2025\/12\/Affiche_A4_Noel_2025_FAR.jpg\" alt=\"\" class=\"wp-image-44938\" style=\"width:195px;height:auto\" srcset=\"https:\/\/sceaux-lagazette.fr\/wp-content\/uploads\/2025\/12\/Affiche_A4_Noel_2025_FAR.jpg 510w, https:\/\/sceaux-lagazette.fr\/wp-content\/uploads\/2025\/12\/Affiche_A4_Noel_2025_FAR-213x300.jpg 213w\" sizes=\"(max-width: 510px) 100vw, 510px\" \/><\/figure><\/div>\n\n\n<ul class=\"wp-block-list\">\n<li>Le lancement des illuminations le 3 d\u00e9cembre et No\u00ebl solidaire le 5 d\u00e9cembre (spectacle &amp; repas partag\u00e9)<\/li>\n\n\n\n<li>March\u00e9 de No\u00ebl : Du 12 au 22 d\u00e9cembre sur la place de la Mairie, retrouvez des exposants, des animations musicales et des d\u00e9gustations de produits locaux. Le March\u00e9 de No\u00ebl des Artistes \u2013 12 au 14 d\u00e9cembre<\/li>\n\n\n\n<li>Les voix de la Chorale Saint-Pierre Saint-Paul: concert, samedi 13 d\u00e9cembre \u00e0 16h. \u00c9glise Saint-Pierre Saint-Paul.<\/li>\n\n\n\n<li>Animations enfants : Man\u00e8ge, maquillage et ateliers cr\u00e9atifs seront propos\u00e9s dans le centre-ville durant tout le mois de d\u00e9cembre. No\u00ebl \u00e0 Scarron &amp; la bourse aux jouets le 13 d\u00e9cembre.<\/li>\n\n\n\n<li>Le Village de No\u00ebl et ses attractions du 17 au 25 d\u00e9cembre&nbsp;: Grande Parade le 17 d\u00e9cembre, concerts, spectacles.<\/li>\n\n\n\n<li>Village de No\u00ebl, samedi 20 d\u00e9cembre sur le Parvis de la Mairie et place du G\u00e9n\u00e9ral de Gaulle, d\u00e9ambulation lumineuse et musicale. 3 passages entre 17h et 18h.<\/li>\n<\/ul>\n\n\n\n<h2 class=\"wp-block-heading\">Sceaux<\/h2>\n\n\n<div class=\"wp-block-image\">\n<figure class=\"alignleft size-full is-resized\"><img decoding=\"async\" width=\"548\" height=\"784\" src=\"https:\/\/sceaux-lagazette.fr\/wp-content\/uploads\/2025\/12\/image-1.jpg\" alt=\"\" class=\"wp-image-44928\" style=\"width:202px;height:auto\" srcset=\"https:\/\/sceaux-lagazette.fr\/wp-content\/uploads\/2025\/12\/image-1.jpg 548w, https:\/\/sceaux-lagazette.fr\/wp-content\/uploads\/2025\/12\/image-1-210x300.jpg 210w\" sizes=\"(max-width: 548px) 100vw, 548px\" \/><\/figure><\/div>\n\n\n<ul class=\"wp-block-list\">\n<li>F\u00eate des lumi\u00e8res : Le 6 d\u00e9cembre, la ville lancera ses illuminations avec une c\u00e9r\u00e9monie sur la place du G\u00e9n\u00e9ral de Gaulle, suivie d\u2019un spectacle son et lumi\u00e8re.<\/li>\n\n\n\n<li>March\u00e9 de No\u00ebl : Du 6 au 20 d\u00e9cembre, un march\u00e9 traditionnel s\u2019installera dans le centre, avec produits artisanaux, animations musicales et d\u00e9gustations.<\/li>\n\n\n\n<li>Foire aux santons et cr\u00e8ches de Provence, du 5 au 14 d\u00e9cembre&nbsp;: traditions du Sud de la France et les merveilles de l\u2019art santonnier. Ancienne mairie \u2022 68 rue Houdan.<\/li>\n\n\n\n<li>Le 14 d\u00e9cembre&nbsp;: concert proven\u00e7al avec les chorales La Villanelle de Sceaux et Vox Sirenis. \u00c9glise Saint-Jean-Baptiste.<\/li>\n\n\n\n<li>Schubertiade, samedi 13 d\u00e9cembre, \u00e0 17h, avec la pianiste et soliste internationale Beatrice Berrut. Liszt, Saint-Sa\u00ebns et Tcha\u00efkovski et des pi\u00e8ces bien connues du jeune public, l\u2019Apprenti sorcier de Paul Dukas ou Harry Potter transcrites pour piano.<\/li>\n<\/ul>\n\n\n\n<hr class=\"wp-block-separator has-alpha-channel-opacity\"\/>\n\n\n\n<h2 class=\"wp-block-heading\">Vers les magazines des communes<\/h2>\n\n\n\n<ul class=\"wp-block-list\">\n<li><strong>Agenda&nbsp;<a href=\"https:\/\/www.bourg-la-reine.fr\/10585-blr-magazine.htm\" target=\"_blank\" rel=\"noreferrer noopener\">Bourg-la Reine<\/a><\/strong><\/li>\n\n\n\n<li><strong>Agenda <a href=\"https:\/\/www.chatenay-malabry.fr\/publications-magazines\/\" target=\"_blank\" rel=\"noreferrer noopener\">Ch\u00e2tenay-Malabry<\/a><\/strong><\/li>\n\n\n\n<li><strong>Agenda&nbsp;<a href=\"https:\/\/www.fontenay-aux-roses.fr\/le-kiosque\/?currentCat=Fontenay+Mag\" target=\"_blank\" rel=\"noreferrer noopener\">Fontenay-aux-Roses<\/a><\/strong><\/li>\n\n\n\n<li><strong>Agenda <a href=\"https:\/\/www.sceaux.fr\/publications\" target=\"_blank\" rel=\"noreferrer noopener\">Sceaux<\/a><\/strong><\/li>\n<\/ul>\n\n\n\n<p><\/p>\n","protected":false},"excerpt":{"rendered":"<p>\u00c0 l\u2019approche des f\u00eates de fin d\u2019ann\u00e9e, les communes de Bourg-la-Reine, Ch\u00e2tenay-Malabry, Fontenay-aux-Roses et Sceaux s\u2019animent pour c\u00e9l\u00e9brer No\u00ebl 2025. Voici un aper\u00e7u des principales animations et \u00e9v\u00e9nements pr\u00e9vus dans ces quatre communes. Pour des d\u00e9tails, voir les magazines municipaux (liens en fin d\u2019article). Bourg-la-Reine Ch\u00e2tenay-Malabry Fontenay-aux-Roses Sceaux Vers les&#8230;<\/p>\n","protected":false},"author":20,"featured_media":44932,"comment_status":"open","ping_status":"open","sticky":false,"template":"","format":"standard","meta":{"om_disable_all_campaigns":false,"_monsterinsights_skip_tracking":false,"_monsterinsights_sitenote_active":false,"_monsterinsights_sitenote_note":"","_monsterinsights_sitenote_category":0,"_uf_show_specific_survey":0,"_uf_disable_surveys":false,"footnotes":""},"categories":[265,263,264,266,246],"tags":[],"class_list":["post-44923","post","type-post","status-publish","format-standard","has-post-thumbnail","hentry","category-bourg-la-reine","category-chatenay-malabry","category-fontenay-aux-roses","category-sceaux","category-vie-publique","entry","simple"],"yoast_head":"<!-- This site is optimized with the Yoast SEO plugin v25.6 - https:\/\/yoast.com\/wordpress\/plugins\/seo\/ -->\n<title>Festivit\u00e9s de No\u00ebl 2025 - La Gazette<\/title>\n<meta name=\"robots\" content=\"index, follow, max-snippet:-1, max-image-preview:large, max-video-preview:-1\" \/>\n<link rel=\"canonical\" href=\"https:\/\/sceaux-lagazette.fr\/index.php\/2025\/12\/05\/festivites-de-noel-2025\/\" \/>\n<meta property=\"og:locale\" content=\"fr_FR\" \/>\n<meta property=\"og:type\" content=\"article\" \/>\n<meta property=\"og:title\" content=\"Festivit\u00e9s de No\u00ebl 2025 - La Gazette\" \/>\n<meta property=\"og:description\" content=\"\u00c0 l\u2019approche des f\u00eates de fin d\u2019ann\u00e9e, les communes de Bourg-la-Reine, Ch\u00e2tenay-Malabry, Fontenay-aux-Roses et Sceaux s\u2019animent pour c\u00e9l\u00e9brer No\u00ebl 2025. Voici un aper\u00e7u des principales animations et \u00e9v\u00e9nements pr\u00e9vus dans ces quatre communes. Pour des d\u00e9tails, voir les magazines municipaux (liens en fin d\u2019article). Bourg-la-Reine Ch\u00e2tenay-Malabry Fontenay-aux-Roses Sceaux Vers les&#8230;\" \/>\n<meta property=\"og:url\" content=\"https:\/\/sceaux-lagazette.fr\/index.php\/2025\/12\/05\/festivites-de-noel-2025\/\" \/>\n<meta property=\"og:site_name\" content=\"La Gazette\" \/>\n<meta property=\"article:published_time\" content=\"2025-12-05T07:30:59+00:00\" \/>\n<meta property=\"article:modified_time\" content=\"2025-12-08T14:10:45+00:00\" \/>\n<meta property=\"og:image\" content=\"https:\/\/sceaux-lagazette.fr\/wp-content\/uploads\/2025\/12\/Noel-2025.jpg\" \/>\n\t<meta property=\"og:image:width\" content=\"963\" \/>\n\t<meta property=\"og:image:height\" content=\"305\" \/>\n\t<meta property=\"og:image:type\" content=\"image\/jpeg\" \/>\n<meta name=\"author\" content=\"LGdS\" \/>\n<meta name=\"twitter:card\" content=\"summary_large_image\" \/>\n<meta name=\"twitter:label1\" content=\"\u00c9crit par\" \/>\n\t<meta name=\"twitter:data1\" content=\"LGdS\" \/>\n\t<meta name=\"twitter:label2\" content=\"Dur\u00e9e de lecture estim\u00e9e\" \/>\n\t<meta name=\"twitter:data2\" content=\"4 minutes\" \/>\n<script type=\"application\/ld+json\" class=\"yoast-schema-graph\">{\"@context\":\"https:\/\/schema.org\",\"@graph\":[{\"@type\":\"Article\",\"@id\":\"https:\/\/sceaux-lagazette.fr\/index.php\/2025\/12\/05\/festivites-de-noel-2025\/#article\",\"isPartOf\":{\"@id\":\"https:\/\/sceaux-lagazette.fr\/index.php\/2025\/12\/05\/festivites-de-noel-2025\/\"},\"author\":{\"name\":\"LGdS\",\"@id\":\"https:\/\/sceaux-lagazette.fr\/#\/schema\/person\/806960bbccfc3b4ae295c2b54730eb27\"},\"headline\":\"Festivit\u00e9s de No\u00ebl 2025\",\"datePublished\":\"2025-12-05T07:30:59+00:00\",\"dateModified\":\"2025-12-08T14:10:45+00:00\",\"mainEntityOfPage\":{\"@id\":\"https:\/\/sceaux-lagazette.fr\/index.php\/2025\/12\/05\/festivites-de-noel-2025\/\"},\"wordCount\":685,\"commentCount\":0,\"publisher\":{\"@id\":\"https:\/\/sceaux-lagazette.fr\/#organization\"},\"image\":{\"@id\":\"https:\/\/sceaux-lagazette.fr\/index.php\/2025\/12\/05\/festivites-de-noel-2025\/#primaryimage\"},\"thumbnailUrl\":\"https:\/\/sceaux-lagazette.fr\/wp-content\/uploads\/2025\/12\/Noel-2025.jpg\",\"articleSection\":[\"Bourg-la-Reine\",\"Ch\u00e2tenay-Malabry\",\"Fontenay-aux-Roses\",\"Sceaux\",\"Vie publique\"],\"inLanguage\":\"fr-FR\",\"potentialAction\":[{\"@type\":\"CommentAction\",\"name\":\"Comment\",\"target\":[\"https:\/\/sceaux-lagazette.fr\/index.php\/2025\/12\/05\/festivites-de-noel-2025\/#respond\"]}]},{\"@type\":\"WebPage\",\"@id\":\"https:\/\/sceaux-lagazette.fr\/index.php\/2025\/12\/05\/festivites-de-noel-2025\/\",\"url\":\"https:\/\/sceaux-lagazette.fr\/index.php\/2025\/12\/05\/festivites-de-noel-2025\/\",\"name\":\"Festivit\u00e9s de No\u00ebl 2025 - La Gazette\",\"isPartOf\":{\"@id\":\"https:\/\/sceaux-lagazette.fr\/#website\"},\"primaryImageOfPage\":{\"@id\":\"https:\/\/sceaux-lagazette.fr\/index.php\/2025\/12\/05\/festivites-de-noel-2025\/#primaryimage\"},\"image\":{\"@id\":\"https:\/\/sceaux-lagazette.fr\/index.php\/2025\/12\/05\/festivites-de-noel-2025\/#primaryimage\"},\"thumbnailUrl\":\"https:\/\/sceaux-lagazette.fr\/wp-content\/uploads\/2025\/12\/Noel-2025.jpg\",\"datePublished\":\"2025-12-05T07:30:59+00:00\",\"dateModified\":\"2025-12-08T14:10:45+00:00\",\"breadcrumb\":{\"@id\":\"https:\/\/sceaux-lagazette.fr\/index.php\/2025\/12\/05\/festivites-de-noel-2025\/#breadcrumb\"},\"inLanguage\":\"fr-FR\",\"potentialAction\":[{\"@type\":\"ReadAction\",\"target\":[\"https:\/\/sceaux-lagazette.fr\/index.php\/2025\/12\/05\/festivites-de-noel-2025\/\"]}]},{\"@type\":\"ImageObject\",\"inLanguage\":\"fr-FR\",\"@id\":\"https:\/\/sceaux-lagazette.fr\/index.php\/2025\/12\/05\/festivites-de-noel-2025\/#primaryimage\",\"url\":\"https:\/\/sceaux-lagazette.fr\/wp-content\/uploads\/2025\/12\/Noel-2025.jpg\",\"contentUrl\":\"https:\/\/sceaux-lagazette.fr\/wp-content\/uploads\/2025\/12\/Noel-2025.jpg\",\"width\":963,\"height\":305},{\"@type\":\"BreadcrumbList\",\"@id\":\"https:\/\/sceaux-lagazette.fr\/index.php\/2025\/12\/05\/festivites-de-noel-2025\/#breadcrumb\",\"itemListElement\":[{\"@type\":\"ListItem\",\"position\":1,\"name\":\"Accueil\",\"item\":\"https:\/\/sceaux-lagazette.fr\/\"},{\"@type\":\"ListItem\",\"position\":2,\"name\":\"Festivit\u00e9s de No\u00ebl 2025\"}]},{\"@type\":\"WebSite\",\"@id\":\"https:\/\/sceaux-lagazette.fr\/#website\",\"url\":\"https:\/\/sceaux-lagazette.fr\/\",\"name\":\"La Gazette\",\"description\":\"Bourg-la-Reine, Ch\u00e2tenay, Fontenay, Sceaux\",\"publisher\":{\"@id\":\"https:\/\/sceaux-lagazette.fr\/#organization\"},\"potentialAction\":[{\"@type\":\"SearchAction\",\"target\":{\"@type\":\"EntryPoint\",\"urlTemplate\":\"https:\/\/sceaux-lagazette.fr\/?s={search_term_string}\"},\"query-input\":{\"@type\":\"PropertyValueSpecification\",\"valueRequired\":true,\"valueName\":\"search_term_string\"}}],\"inLanguage\":\"fr-FR\"},{\"@type\":\"Organization\",\"@id\":\"https:\/\/sceaux-lagazette.fr\/#organization\",\"name\":\"La Gazette\",\"url\":\"https:\/\/sceaux-lagazette.fr\/\",\"logo\":{\"@type\":\"ImageObject\",\"inLanguage\":\"fr-FR\",\"@id\":\"https:\/\/sceaux-lagazette.fr\/#\/schema\/logo\/image\/\",\"url\":\"https:\/\/sceaux-lagazette.fr\/wp-content\/uploads\/2025\/08\/Logo-Gazette-Aout-2025-V3.jpg\",\"contentUrl\":\"https:\/\/sceaux-lagazette.fr\/wp-content\/uploads\/2025\/08\/Logo-Gazette-Aout-2025-V3.jpg\",\"width\":525,\"height\":130,\"caption\":\"La Gazette\"},\"image\":{\"@id\":\"https:\/\/sceaux-lagazette.fr\/#\/schema\/logo\/image\/\"}},{\"@type\":\"Person\",\"@id\":\"https:\/\/sceaux-lagazette.fr\/#\/schema\/person\/806960bbccfc3b4ae295c2b54730eb27\",\"name\":\"LGdS\",\"image\":{\"@type\":\"ImageObject\",\"inLanguage\":\"fr-FR\",\"@id\":\"https:\/\/sceaux-lagazette.fr\/#\/schema\/person\/image\/\",\"url\":\"https:\/\/secure.gravatar.com\/avatar\/996280e569d55491618abd43c427078e?s=96&r=g\",\"contentUrl\":\"https:\/\/secure.gravatar.com\/avatar\/996280e569d55491618abd43c427078e?s=96&r=g\",\"caption\":\"LGdS\"},\"url\":\"https:\/\/sceaux-lagazette.fr\/index.php\/author\/lgds\/\"}]}<\/script>\n<!-- \/ Yoast SEO plugin. -->","yoast_head_json":{"title":"Festivit\u00e9s de No\u00ebl 2025 - La Gazette","robots":{"index":"index","follow":"follow","max-snippet":"max-snippet:-1","max-image-preview":"max-image-preview:large","max-video-preview":"max-video-preview:-1"},"canonical":"https:\/\/sceaux-lagazette.fr\/index.php\/2025\/12\/05\/festivites-de-noel-2025\/","og_locale":"fr_FR","og_type":"article","og_title":"Festivit\u00e9s de No\u00ebl 2025 - La Gazette","og_description":"\u00c0 l\u2019approche des f\u00eates de fin d\u2019ann\u00e9e, les communes de Bourg-la-Reine, Ch\u00e2tenay-Malabry, Fontenay-aux-Roses et Sceaux s\u2019animent pour c\u00e9l\u00e9brer No\u00ebl 2025. Voici un aper\u00e7u des principales animations et \u00e9v\u00e9nements pr\u00e9vus dans ces quatre communes. Pour des d\u00e9tails, voir les magazines municipaux (liens en fin d\u2019article). Bourg-la-Reine Ch\u00e2tenay-Malabry Fontenay-aux-Roses Sceaux Vers les&#8230;","og_url":"https:\/\/sceaux-lagazette.fr\/index.php\/2025\/12\/05\/festivites-de-noel-2025\/","og_site_name":"La Gazette","article_published_time":"2025-12-05T07:30:59+00:00","article_modified_time":"2025-12-08T14:10:45+00:00","og_image":[{"width":963,"height":305,"url":"https:\/\/sceaux-lagazette.fr\/wp-content\/uploads\/2025\/12\/Noel-2025.jpg","type":"image\/jpeg"}],"author":"LGdS","twitter_card":"summary_large_image","twitter_misc":{"\u00c9crit par":"LGdS","Dur\u00e9e de lecture estim\u00e9e":"4 minutes"},"schema":{"@context":"https:\/\/schema.org","@graph":[{"@type":"Article","@id":"https:\/\/sceaux-lagazette.fr\/index.php\/2025\/12\/05\/festivites-de-noel-2025\/#article","isPartOf":{"@id":"https:\/\/sceaux-lagazette.fr\/index.php\/2025\/12\/05\/festivites-de-noel-2025\/"},"author":{"name":"LGdS","@id":"https:\/\/sceaux-lagazette.fr\/#\/schema\/person\/806960bbccfc3b4ae295c2b54730eb27"},"headline":"Festivit\u00e9s de No\u00ebl 2025","datePublished":"2025-12-05T07:30:59+00:00","dateModified":"2025-12-08T14:10:45+00:00","mainEntityOfPage":{"@id":"https:\/\/sceaux-lagazette.fr\/index.php\/2025\/12\/05\/festivites-de-noel-2025\/"},"wordCount":685,"commentCount":0,"publisher":{"@id":"https:\/\/sceaux-lagazette.fr\/#organization"},"image":{"@id":"https:\/\/sceaux-lagazette.fr\/index.php\/2025\/12\/05\/festivites-de-noel-2025\/#primaryimage"},"thumbnailUrl":"https:\/\/sceaux-lagazette.fr\/wp-content\/uploads\/2025\/12\/Noel-2025.jpg","articleSection":["Bourg-la-Reine","Ch\u00e2tenay-Malabry","Fontenay-aux-Roses","Sceaux","Vie publique"],"inLanguage":"fr-FR","potentialAction":[{"@type":"CommentAction","name":"Comment","target":["https:\/\/sceaux-lagazette.fr\/index.php\/2025\/12\/05\/festivites-de-noel-2025\/#respond"]}]},{"@type":"WebPage","@id":"https:\/\/sceaux-lagazette.fr\/index.php\/2025\/12\/05\/festivites-de-noel-2025\/","url":"https:\/\/sceaux-lagazette.fr\/index.php\/2025\/12\/05\/festivites-de-noel-2025\/","name":"Festivit\u00e9s de No\u00ebl 2025 - La Gazette","isPartOf":{"@id":"https:\/\/sceaux-lagazette.fr\/#website"},"primaryImageOfPage":{"@id":"https:\/\/sceaux-lagazette.fr\/index.php\/2025\/12\/05\/festivites-de-noel-2025\/#primaryimage"},"image":{"@id":"https:\/\/sceaux-lagazette.fr\/index.php\/2025\/12\/05\/festivites-de-noel-2025\/#primaryimage"},"thumbnailUrl":"https:\/\/sceaux-lagazette.fr\/wp-content\/uploads\/2025\/12\/Noel-2025.jpg","datePublished":"2025-12-05T07:30:59+00:00","dateModified":"2025-12-08T14:10:45+00:00","breadcrumb":{"@id":"https:\/\/sceaux-lagazette.fr\/index.php\/2025\/12\/05\/festivites-de-noel-2025\/#breadcrumb"},"inLanguage":"fr-FR","potentialAction":[{"@type":"ReadAction","target":["https:\/\/sceaux-lagazette.fr\/index.php\/2025\/12\/05\/festivites-de-noel-2025\/"]}]},{"@type":"ImageObject","inLanguage":"fr-FR","@id":"https:\/\/sceaux-lagazette.fr\/index.php\/2025\/12\/05\/festivites-de-noel-2025\/#primaryimage","url":"https:\/\/sceaux-lagazette.fr\/wp-content\/uploads\/2025\/12\/Noel-2025.jpg","contentUrl":"https:\/\/sceaux-lagazette.fr\/wp-content\/uploads\/2025\/12\/Noel-2025.jpg","width":963,"height":305},{"@type":"BreadcrumbList","@id":"https:\/\/sceaux-lagazette.fr\/index.php\/2025\/12\/05\/festivites-de-noel-2025\/#breadcrumb","itemListElement":[{"@type":"ListItem","position":1,"name":"Accueil","item":"https:\/\/sceaux-lagazette.fr\/"},{"@type":"ListItem","position":2,"name":"Festivit\u00e9s de No\u00ebl 2025"}]},{"@type":"WebSite","@id":"https:\/\/sceaux-lagazette.fr\/#website","url":"https:\/\/sceaux-lagazette.fr\/","name":"La Gazette","description":"Bourg-la-Reine, Ch\u00e2tenay, Fontenay, Sceaux","publisher":{"@id":"https:\/\/sceaux-lagazette.fr\/#organization"},"potentialAction":[{"@type":"SearchAction","target":{"@type":"EntryPoint","urlTemplate":"https:\/\/sceaux-lagazette.fr\/?s={search_term_string}"},"query-input":{"@type":"PropertyValueSpecification","valueRequired":true,"valueName":"search_term_string"}}],"inLanguage":"fr-FR"},{"@type":"Organization","@id":"https:\/\/sceaux-lagazette.fr\/#organization","name":"La Gazette","url":"https:\/\/sceaux-lagazette.fr\/","logo":{"@type":"ImageObject","inLanguage":"fr-FR","@id":"https:\/\/sceaux-lagazette.fr\/#\/schema\/logo\/image\/","url":"https:\/\/sceaux-lagazette.fr\/wp-content\/uploads\/2025\/08\/Logo-Gazette-Aout-2025-V3.jpg","contentUrl":"https:\/\/sceaux-lagazette.fr\/wp-content\/uploads\/2025\/08\/Logo-Gazette-Aout-2025-V3.jpg","width":525,"height":130,"caption":"La Gazette"},"image":{"@id":"https:\/\/sceaux-lagazette.fr\/#\/schema\/logo\/image\/"}},{"@type":"Person","@id":"https:\/\/sceaux-lagazette.fr\/#\/schema\/person\/806960bbccfc3b4ae295c2b54730eb27","name":"LGdS","image":{"@type":"ImageObject","inLanguage":"fr-FR","@id":"https:\/\/sceaux-lagazette.fr\/#\/schema\/person\/image\/","url":"https:\/\/secure.gravatar.com\/avatar\/996280e569d55491618abd43c427078e?s=96&r=g","contentUrl":"https:\/\/secure.gravatar.com\/avatar\/996280e569d55491618abd43c427078e?s=96&r=g","caption":"LGdS"},"url":"https:\/\/sceaux-lagazette.fr\/index.php\/author\/lgds\/"}]}},"cc_featured_image_caption":{"caption_text":"Source: magazines municipaux de Bourg-la-Reine, Ch\u00e2tenay, Fontenay et Sceaux","source_text":"","source_url":""},"_links":{"self":[{"href":"https:\/\/sceaux-lagazette.fr\/index.php\/wp-json\/wp\/v2\/posts\/44923"}],"collection":[{"href":"https:\/\/sceaux-lagazette.fr\/index.php\/wp-json\/wp\/v2\/posts"}],"about":[{"href":"https:\/\/sceaux-lagazette.fr\/index.php\/wp-json\/wp\/v2\/types\/post"}],"author":[{"embeddable":true,"href":"https:\/\/sceaux-lagazette.fr\/index.php\/wp-json\/wp\/v2\/users\/20"}],"replies":[{"embeddable":true,"href":"https:\/\/sceaux-lagazette.fr\/index.php\/wp-json\/wp\/v2\/comments?post=44923"}],"version-history":[{"count":6,"href":"https:\/\/sceaux-lagazette.fr\/index.php\/wp-json\/wp\/v2\/posts\/44923\/revisions"}],"predecessor-version":[{"id":44940,"href":"https:\/\/sceaux-lagazette.fr\/index.php\/wp-json\/wp\/v2\/posts\/44923\/revisions\/44940"}],"wp:featuredmedia":[{"embeddable":true,"href":"https:\/\/sceaux-lagazette.fr\/index.php\/wp-json\/wp\/v2\/media\/44932"}],"wp:attachment":[{"href":"https:\/\/sceaux-lagazette.fr\/index.php\/wp-json\/wp\/v2\/media?parent=44923"}],"wp:term":[{"taxonomy":"category","embeddable":true,"href":"https:\/\/sceaux-lagazette.fr\/index.php\/wp-json\/wp\/v2\/categories?post=44923"},{"taxonomy":"post_tag","embeddable":true,"href":"https:\/\/sceaux-lagazette.fr\/index.php\/wp-json\/wp\/v2\/tags?post=44923"}],"curies":[{"name":"wp","href":"https:\/\/api.w.org\/{rel}","templated":true}]}}