{"id":44918,"date":"2025-12-08T08:43:33","date_gmt":"2025-12-08T07:43:33","guid":{"rendered":"https:\/\/sceaux-lagazette.fr\/?p=44918"},"modified":"2025-12-08T08:43:34","modified_gmt":"2025-12-08T07:43:34","slug":"quand-la-ville-enquete","status":"publish","type":"post","link":"https:\/\/sceaux-lagazette.fr\/index.php\/2025\/12\/08\/quand-la-ville-enquete\/","title":{"rendered":"Quand la ville enqu\u00eate"},"content":{"rendered":"\n<p>Dimanche 30 novembre, 250 personnes s\u2019\u00e9taient r\u00e9unies aux Colonnes de Bourg-la-Reine, pour tenter de discerner, parmi 8 suspects, <a href=\"https:\/\/sceaux-lagazette.fr\/index.php\/2025\/11\/25\/le-coupable-est-a-bourg-la-reine\/\">celui qui s\u2019\u00e9tait rendu coupable<\/a> de l\u2019assassinat d\u2019Isidore Bouzam\u00e9 (brr!) directeur du cirque du m\u00eame nom.<\/p>\n\n\n\n<h2 class=\"wp-block-heading\">L\u2019enqu\u00eate<\/h2>\n\n\n\n<p>On sait qu\u2019Isidore a \u00e9t\u00e9 frapp\u00e9 mortellement \u00e0 la t\u00eate. Qui a bien pu faire une chose pareille&nbsp;? Le clown Jojo le rigolo qui a un pass\u00e9 de d\u00e9linquant&nbsp;? Sa femme Isabelle, r\u00e9cemment \u00e9pous\u00e9e et qui semble avoir un pass\u00e9 trouble&nbsp;? Anton Pirouette, le voltigeur, qui accuse Isidore de la mort dans un accident de sa femme Sylvia, partenaire de trap\u00e8ze&nbsp;? Claudia Bonaventure, la voyante&nbsp;: avait-elle pr\u00e9dit cette mort&nbsp;? Oratio Bouzam\u00e9, le propre fr\u00e8re du d\u00e9funt, qui nourrissait une haine tenace envers son fr\u00e8re&nbsp;? Astrid Gilberte, qui voulait lib\u00e9rer les b\u00eates sauvages de la m\u00e9nagerie&nbsp;? Jacky Luzion, le prestidigitateur, qui semblait tr\u00e8s li\u00e9 \u00e0 Isabelle&nbsp;?<\/p>\n\n\n\n<p>Pour en savoir plus, les enqu\u00eateurs pouvaient rencontrer successivement chaque suspect, selon un ordre sp\u00e9cifique \u00e0 chaque \u00e9quipe, con\u00e7u pour que tout le monde ne se pr\u00e9sente pas en m\u00eame temps devant les suspects. Heureusement, on savait o\u00f9 les trouver&nbsp;: \u00e0 la mairie, \u00e0 la salle des mariages et la salle du conseil au premier, \u00e0 la m\u00e9diath\u00e8que dans la salle affect\u00e9e aux Microfolies, \u00e0 l\u2019\u00e9cole de la R\u00e9publique (cantine et ampli), \u00e0 la Villa Saint-Cyr (rez-de-chauss\u00e9e et premier) et au foyer des jeunes travailleurs.<\/p>\n\n\n\n<p>En raison du tr\u00e8s grand nombre d\u2019enqu\u00eateurs, et malgr\u00e9 les temps de trajet qui laissaient une partie d\u2019entre eux sur la route \u00e0 chaque instant, on se retrouvait malgr\u00e9 tout avec plusieurs \u00e9quipes en m\u00eame temps \u00e0 interroger un suspect. Finalement un avantage pour la vari\u00e9t\u00e9 des questions, notamment de ceux qui avaient appris une information par un autre suspect.<\/p>\n\n\n\n<p>Comment trouver le coupable&nbsp;? Par son mobile&nbsp;? Par sa pr\u00e9sence sur les lieux&nbsp;? Par sa r\u00e9putation&nbsp;? Pas simple de jouer les enqu\u00eateurs&nbsp;!<\/p>\n\n\n\n<h2 class=\"wp-block-heading\">Les suspects<\/h2>\n\n\n\n<p>Anton Pirouette, le voltigeur, v\u00eatu de son costume de cirque tout paillet\u00e9 est bien \u00e9nerv\u00e9. Non seulement il accuse Isidore de la mort de sa femme, mais en plus il lui reproche d\u2019avoir organis\u00e9 une c\u00e9r\u00e9monie en l\u2019honneur du fondateur du cirque, le p\u00e8re d\u2019Isidore, un an, jour pour jour, apr\u00e8s le d\u00e9c\u00e8s de sa partenaire.<\/p>\n\n\n\n<p>Lors d\u2019un spectacle de voltige, Sylvia n\u2019a pas r\u00e9ussi \u00e0 attraper les chevilles de son partenaire. Celui-ci pr\u00e9tend que les trap\u00e8zes \u00e9taient mal install\u00e9s, et il a fait un proc\u00e8s au cirque. Pourquoi tuer aujourd\u2019hui le propri\u00e9taire. Et faut-il ajouter foi \u00e0 d\u2019autres suspects qui susurrent qu\u2019Anton serait trop port\u00e9 sur la bouteille&nbsp;? De son c\u00f4t\u00e9, Anton sugg\u00e8re de rechercher du c\u00f4t\u00e9 d\u2019Isabella\u2026<\/p>\n\n\n\n<p>Isabella, la femme d\u2019Isidore, porte d\u00e9j\u00e0 des v\u00eatements de deuil. Elle raconte comment elle a rencontr\u00e9 Isidore au parc de Sceaux, un jour o\u00f9 elle s\u2019\u00e9tait assise sur un banc. Et comment trois mois plus tard ils se sont mari\u00e9s. Son r\u00f4le dans le cirque&nbsp;? Elle a vite compris qu\u2019Isidore n\u2019\u00e9tait pas un gestionnaire. Donc elle se charge du sujet, ce qui n\u2019est pas sans lui valoir l\u2019inimiti\u00e9 de la plupart des artistes.<\/p>\n\n\n\n<p>Mais qu\u2019est-ce que cette histoire d\u2019un ch\u00e8que de 8500 \u20ac donn\u00e9 \u00e0 Jacky&nbsp;? Et d\u2019un premier mari d\u2019Isabella qui a gagn\u00e9 au loto et en a fait une crise cardiaque&nbsp;? Quand Isidore a appris l\u2019histoire, Isabella lui a promis d\u2019investir dans le cirque les 983.000 \u20ac du loto. Preuve d\u2019\u2019amour ou au contraire mobile pour tuer et ne pas l\u00e2cher le magot&nbsp;?<\/p>\n\n\n\n<p>Astrid Gilberte n\u2019appartient pas au cirque, mais voulait lib\u00e9rer les animaux exhib\u00e9s par celui-ci.<\/p>\n\n\n\n<p>Mais faut-il poursuivre&nbsp;? Les lecteurs l\u2019auront compris, l\u2019intrigue est tr\u00e8s bien nou\u00e9e, et l\u2019\u00e9nigme particuli\u00e8rement difficile \u00e0 r\u00e9soudre.<\/p>\n\n\n\n<h2 class=\"wp-block-heading\">Les r\u00e9sultats<\/h2>\n\n\n\n<p>Les participants disposaient d\u2019un dossier tr\u00e8s bien fait, avec toutes les informations n\u00e9cessaires \u00e0 l\u2019enqu\u00eate, et un coupon-r\u00e9ponse \u00e0 mettre dans l\u2019urne pr\u00e9vue pour cela, avec le nom de celui que l\u2019\u00e9quipe consid\u00e8re comme coupable et son mobile.<\/p>\n\n\n\n<p>Le rendez-vous de d\u00e9part \u00e9tait \u00e0 14h. Le temps de faire entrer tout le monde, de donner les explications indispensables, de distribuer les dossiers, les enqu\u00eateurs sont partis vers 14H 30. Heure ultime pour rendre sa r\u00e9ponse (aux Colonnes)&nbsp;: 17 H 30. Mais d\u00e8s 16h 45, les \u00e9quipes ont commenc\u00e9 \u00e0 arriver. Tous les participants ont pu profiter de la petite collation propos\u00e9e&nbsp;: gaufre, cr\u00eape, barbe \u00e0 papa ainsi que des boissons diverses. Il a fallu attendre que toutes les \u00e9quipes soient arriv\u00e9es et le d\u00e9pouillement des r\u00e9ponses, dans les jeux des enfants et la bonne humeur.<\/p>\n\n\n\n<p>C\u2019est Patrick Donath qui a d\u00e9marr\u00e9 la fin du jeu en pr\u00e9sentant tous les intervenants de cette enqu\u00eate. Puis les meneurs de jeu ont annonc\u00e9 les r\u00e9sultats. 7 \u00e9quipes avaient trouv\u00e9 le coupable&nbsp;: Jacky Luzion, le prestidigitateur, amoureux de la femme d\u2019Isidore, qui a tu\u00e9 son rival.<\/p>\n\n\n\n<h2 class=\"wp-block-heading\">Les enqu\u00eateurs<\/h2>\n\n\n\n<p>Pour participer \u00e0 l\u2019enqu\u00eate, il suffisait d\u2019inscrire une liste de 6 personnes au maximum en lui donnant un nom. 63 \u00e9quipes se sont inscrites aupr\u00e8s du service jeunesse de la ville de Bourg-la-Reine, deux se sont rajout\u00e9es au dernier moment et 6 ne sont pas venues (il faut dire que l\u2019inscription \u00e9tait gratuite).<\/p>\n\n\n\n<p>Initialement, le rendez-vous <a href=\"https:\/\/www.facebook.com\/villedebourglareine\/posts\/%EF%B8%8F%EF%B8%8F-%F0%9D%90%8C%F0%9D%90%B2%F0%9D%90%AC%F0%9D%90%AD%F0%9D%90%9E%CC%80%F0%9D%90%AB%F0%9D%90%9E-%F0%9D%90%9A%CC%80-%F0%9D%90%81%F0%9D%90%8B%F0%9D%90%91-%F0%9D%90%A5%F0%9D%90%9E%F0%9D%90%A7%F0%9D%90%AA%F0%9D%90%AE%F0%9D%90%9E%CC%82%F0%9D%90%AD%F0%9D%90%9E-%F0%9D%90%9E%F0%9D%90%AC%F0%9D%90%AD-%F0%9D%90%A8%F0%9D%90%AE%F0%9D%90%AF%F0%9D%90%9E%F0%9D%90%AB%F0%9D%90%AD%F0%9D%90%9E-la-la-ville-se-transforme-en-v%C3%A9ritable-\/1303725431786553\/\">devait avoir lieu au CAEL<\/a>. Devant le grand nombre d\u2019inscriptions (finalement limit\u00e9 \u00e0 300 personnes), le d\u00e9part a eu lieu aux Colonnes.<\/p>\n\n\n\n<p>La plupart des \u00e9quipes \u00e9taient constitu\u00e9es d\u2019enfant et d\u2019adultes (tr\u00e8s probablement leurs parents dans la grande majorit\u00e9 des cas). Il y avait des jeunes d\u2019un peu tous les \u00e2ges, mais la plupart d\u2019environ une dizaine d\u2019ann\u00e9es.<\/p>\n\n\n\n<h2 class=\"wp-block-heading\">Acteurs et organisateurs&nbsp;<\/h2>\n\n\n\n<p>Pour incarner les 8 suspects, la Ville avait fait appel \u00e0 la Compagnie de la Mouette. Le sc\u00e9nario \u00e9tait de Coralie Manant, la fille de la directrice de la compagnie, Jeannine Manant. Cette derni\u00e8re s\u2019est occup\u00e9e de faire travailler le sc\u00e9nario par les acteurs de la troupe.<\/p>\n\n\n\n<p>Pour ajouter \u00e0 la richesse du jeu, les acteurs \u00e9taient v\u00eatus dans l\u2019esprit de leur personnage, comme on peut le voir sur la photo en haut d\u2019article.<\/p>\n\n\n\n<p>Les membres du conseil municipal des jeunes \u00e9taient au c\u0153ur de l\u2019organisation&nbsp;: pour distribuer les dossiers au d\u00e9but, pour diriger les participants dans chacun des sites o\u00f9 se trouvait un suspect, pour distribuer les bons pour la collation finale et pour d\u00e9pouiller les r\u00e9sultats.<\/p>\n\n\n\n<p>Tous ont permis la r\u00e9ussite de ce jeu dont tous les participants \u00e9taient ravis. D\u2019autant plus que le temps \u00e9tait de la partie avec du soleil tout l\u2019apr\u00e8s-midi.<\/p>\n\n\n\n<p>Le jeu existe depuis 5 ans, avec une \u00e9dition annuelle. Au d\u00e9part il se nommait&nbsp;<em>Murder Party<\/em>, nom qui a \u00e9t\u00e9 remplac\u00e9 par <em>Toute la ville enqu\u00eate<\/em> il y a deux ans.<\/p>\n\n\n\n<p>Il va falloir attendre un an pour l\u2019\u00e9dition suivante&nbsp;!<\/p>\n","protected":false},"excerpt":{"rendered":"<p>Dimanche 30 novembre, 250 personnes s\u2019\u00e9taient r\u00e9unies aux Colonnes de Bourg-la-Reine, pour tenter de discerner, parmi 8 suspects, celui qui s\u2019\u00e9tait rendu coupable de l\u2019assassinat d\u2019Isidore Bouzam\u00e9 (brr!) directeur du cirque du m\u00eame nom. L\u2019enqu\u00eate On sait qu\u2019Isidore a \u00e9t\u00e9 frapp\u00e9 mortellement \u00e0 la t\u00eate. Qui a bien pu faire&#8230;<\/p>\n","protected":false},"author":11,"featured_media":44919,"comment_status":"open","ping_status":"open","sticky":false,"template":"","format":"standard","meta":{"om_disable_all_campaigns":false,"_monsterinsights_skip_tracking":false,"_monsterinsights_sitenote_active":false,"_monsterinsights_sitenote_note":"","_monsterinsights_sitenote_category":0,"_uf_show_specific_survey":0,"_uf_disable_surveys":false,"footnotes":""},"categories":[265,253],"tags":[],"class_list":["post-44918","post","type-post","status-publish","format-standard","has-post-thumbnail","hentry","category-bourg-la-reine","category-manifestations-locales","entry","simple"],"yoast_head":"<!-- This site is optimized with the Yoast SEO plugin v25.6 - https:\/\/yoast.com\/wordpress\/plugins\/seo\/ -->\n<title>Quand la ville enqu\u00eate - La Gazette<\/title>\n<meta name=\"robots\" content=\"index, follow, max-snippet:-1, max-image-preview:large, max-video-preview:-1\" \/>\n<link rel=\"canonical\" href=\"https:\/\/sceaux-lagazette.fr\/index.php\/2025\/12\/08\/quand-la-ville-enquete\/\" \/>\n<meta property=\"og:locale\" content=\"fr_FR\" \/>\n<meta property=\"og:type\" content=\"article\" \/>\n<meta property=\"og:title\" content=\"Quand la ville enqu\u00eate - La Gazette\" \/>\n<meta property=\"og:description\" content=\"Dimanche 30 novembre, 250 personnes s\u2019\u00e9taient r\u00e9unies aux Colonnes de Bourg-la-Reine, pour tenter de discerner, parmi 8 suspects, celui qui s\u2019\u00e9tait rendu coupable de l\u2019assassinat d\u2019Isidore Bouzam\u00e9 (brr!) directeur du cirque du m\u00eame nom. L\u2019enqu\u00eate On sait qu\u2019Isidore a \u00e9t\u00e9 frapp\u00e9 mortellement \u00e0 la t\u00eate. Qui a bien pu faire&#8230;\" \/>\n<meta property=\"og:url\" content=\"https:\/\/sceaux-lagazette.fr\/index.php\/2025\/12\/08\/quand-la-ville-enquete\/\" \/>\n<meta property=\"og:site_name\" content=\"La Gazette\" \/>\n<meta property=\"article:published_time\" content=\"2025-12-08T07:43:33+00:00\" \/>\n<meta property=\"article:modified_time\" content=\"2025-12-08T07:43:34+00:00\" \/>\n<meta property=\"og:image\" content=\"https:\/\/sceaux-lagazette.fr\/wp-content\/uploads\/2025\/12\/Tte-la-V-2025.jpg\" \/>\n\t<meta property=\"og:image:width\" content=\"626\" \/>\n\t<meta property=\"og:image:height\" content=\"421\" \/>\n\t<meta property=\"og:image:type\" content=\"image\/jpeg\" \/>\n<meta name=\"author\" content=\"G\u00e9rard Bardier\" \/>\n<meta name=\"twitter:card\" content=\"summary_large_image\" \/>\n<meta name=\"twitter:label1\" content=\"\u00c9crit par\" \/>\n\t<meta name=\"twitter:data1\" content=\"G\u00e9rard Bardier\" \/>\n\t<meta name=\"twitter:label2\" content=\"Dur\u00e9e de lecture estim\u00e9e\" \/>\n\t<meta name=\"twitter:data2\" content=\"6 minutes\" \/>\n<script type=\"application\/ld+json\" class=\"yoast-schema-graph\">{\"@context\":\"https:\/\/schema.org\",\"@graph\":[{\"@type\":\"Article\",\"@id\":\"https:\/\/sceaux-lagazette.fr\/index.php\/2025\/12\/08\/quand-la-ville-enquete\/#article\",\"isPartOf\":{\"@id\":\"https:\/\/sceaux-lagazette.fr\/index.php\/2025\/12\/08\/quand-la-ville-enquete\/\"},\"author\":{\"name\":\"G\u00e9rard Bardier\",\"@id\":\"https:\/\/sceaux-lagazette.fr\/#\/schema\/person\/5650e206a121f68c6f5e76379bccfbc4\"},\"headline\":\"Quand la ville enqu\u00eate\",\"datePublished\":\"2025-12-08T07:43:33+00:00\",\"dateModified\":\"2025-12-08T07:43:34+00:00\",\"mainEntityOfPage\":{\"@id\":\"https:\/\/sceaux-lagazette.fr\/index.php\/2025\/12\/08\/quand-la-ville-enquete\/\"},\"wordCount\":1236,\"commentCount\":0,\"publisher\":{\"@id\":\"https:\/\/sceaux-lagazette.fr\/#organization\"},\"image\":{\"@id\":\"https:\/\/sceaux-lagazette.fr\/index.php\/2025\/12\/08\/quand-la-ville-enquete\/#primaryimage\"},\"thumbnailUrl\":\"https:\/\/sceaux-lagazette.fr\/wp-content\/uploads\/2025\/12\/Tte-la-V-2025.jpg\",\"articleSection\":[\"Bourg-la-Reine\",\"Manifestations locales\"],\"inLanguage\":\"fr-FR\",\"potentialAction\":[{\"@type\":\"CommentAction\",\"name\":\"Comment\",\"target\":[\"https:\/\/sceaux-lagazette.fr\/index.php\/2025\/12\/08\/quand-la-ville-enquete\/#respond\"]}]},{\"@type\":\"WebPage\",\"@id\":\"https:\/\/sceaux-lagazette.fr\/index.php\/2025\/12\/08\/quand-la-ville-enquete\/\",\"url\":\"https:\/\/sceaux-lagazette.fr\/index.php\/2025\/12\/08\/quand-la-ville-enquete\/\",\"name\":\"Quand la ville enqu\u00eate - La Gazette\",\"isPartOf\":{\"@id\":\"https:\/\/sceaux-lagazette.fr\/#website\"},\"primaryImageOfPage\":{\"@id\":\"https:\/\/sceaux-lagazette.fr\/index.php\/2025\/12\/08\/quand-la-ville-enquete\/#primaryimage\"},\"image\":{\"@id\":\"https:\/\/sceaux-lagazette.fr\/index.php\/2025\/12\/08\/quand-la-ville-enquete\/#primaryimage\"},\"thumbnailUrl\":\"https:\/\/sceaux-lagazette.fr\/wp-content\/uploads\/2025\/12\/Tte-la-V-2025.jpg\",\"datePublished\":\"2025-12-08T07:43:33+00:00\",\"dateModified\":\"2025-12-08T07:43:34+00:00\",\"breadcrumb\":{\"@id\":\"https:\/\/sceaux-lagazette.fr\/index.php\/2025\/12\/08\/quand-la-ville-enquete\/#breadcrumb\"},\"inLanguage\":\"fr-FR\",\"potentialAction\":[{\"@type\":\"ReadAction\",\"target\":[\"https:\/\/sceaux-lagazette.fr\/index.php\/2025\/12\/08\/quand-la-ville-enquete\/\"]}]},{\"@type\":\"ImageObject\",\"inLanguage\":\"fr-FR\",\"@id\":\"https:\/\/sceaux-lagazette.fr\/index.php\/2025\/12\/08\/quand-la-ville-enquete\/#primaryimage\",\"url\":\"https:\/\/sceaux-lagazette.fr\/wp-content\/uploads\/2025\/12\/Tte-la-V-2025.jpg\",\"contentUrl\":\"https:\/\/sceaux-lagazette.fr\/wp-content\/uploads\/2025\/12\/Tte-la-V-2025.jpg\",\"width\":626,\"height\":421},{\"@type\":\"BreadcrumbList\",\"@id\":\"https:\/\/sceaux-lagazette.fr\/index.php\/2025\/12\/08\/quand-la-ville-enquete\/#breadcrumb\",\"itemListElement\":[{\"@type\":\"ListItem\",\"position\":1,\"name\":\"Accueil\",\"item\":\"https:\/\/sceaux-lagazette.fr\/\"},{\"@type\":\"ListItem\",\"position\":2,\"name\":\"Quand la ville enqu\u00eate\"}]},{\"@type\":\"WebSite\",\"@id\":\"https:\/\/sceaux-lagazette.fr\/#website\",\"url\":\"https:\/\/sceaux-lagazette.fr\/\",\"name\":\"La Gazette\",\"description\":\"Bourg-la-Reine, Ch\u00e2tenay, Fontenay, Sceaux\",\"publisher\":{\"@id\":\"https:\/\/sceaux-lagazette.fr\/#organization\"},\"potentialAction\":[{\"@type\":\"SearchAction\",\"target\":{\"@type\":\"EntryPoint\",\"urlTemplate\":\"https:\/\/sceaux-lagazette.fr\/?s={search_term_string}\"},\"query-input\":{\"@type\":\"PropertyValueSpecification\",\"valueRequired\":true,\"valueName\":\"search_term_string\"}}],\"inLanguage\":\"fr-FR\"},{\"@type\":\"Organization\",\"@id\":\"https:\/\/sceaux-lagazette.fr\/#organization\",\"name\":\"La Gazette\",\"url\":\"https:\/\/sceaux-lagazette.fr\/\",\"logo\":{\"@type\":\"ImageObject\",\"inLanguage\":\"fr-FR\",\"@id\":\"https:\/\/sceaux-lagazette.fr\/#\/schema\/logo\/image\/\",\"url\":\"https:\/\/sceaux-lagazette.fr\/wp-content\/uploads\/2025\/08\/Logo-Gazette-Aout-2025-V3.jpg\",\"contentUrl\":\"https:\/\/sceaux-lagazette.fr\/wp-content\/uploads\/2025\/08\/Logo-Gazette-Aout-2025-V3.jpg\",\"width\":525,\"height\":130,\"caption\":\"La Gazette\"},\"image\":{\"@id\":\"https:\/\/sceaux-lagazette.fr\/#\/schema\/logo\/image\/\"}},{\"@type\":\"Person\",\"@id\":\"https:\/\/sceaux-lagazette.fr\/#\/schema\/person\/5650e206a121f68c6f5e76379bccfbc4\",\"name\":\"G\u00e9rard Bardier\",\"image\":{\"@type\":\"ImageObject\",\"inLanguage\":\"fr-FR\",\"@id\":\"https:\/\/sceaux-lagazette.fr\/#\/schema\/person\/image\/\",\"url\":\"https:\/\/secure.gravatar.com\/avatar\/5cf4391ef9dbc0367750202561279a29?s=96&r=g\",\"contentUrl\":\"https:\/\/secure.gravatar.com\/avatar\/5cf4391ef9dbc0367750202561279a29?s=96&r=g\",\"caption\":\"G\u00e9rard Bardier\"},\"url\":\"https:\/\/sceaux-lagazette.fr\/index.php\/author\/gb\/\"}]}<\/script>\n<!-- \/ Yoast SEO plugin. -->","yoast_head_json":{"title":"Quand la ville enqu\u00eate - La Gazette","robots":{"index":"index","follow":"follow","max-snippet":"max-snippet:-1","max-image-preview":"max-image-preview:large","max-video-preview":"max-video-preview:-1"},"canonical":"https:\/\/sceaux-lagazette.fr\/index.php\/2025\/12\/08\/quand-la-ville-enquete\/","og_locale":"fr_FR","og_type":"article","og_title":"Quand la ville enqu\u00eate - La Gazette","og_description":"Dimanche 30 novembre, 250 personnes s\u2019\u00e9taient r\u00e9unies aux Colonnes de Bourg-la-Reine, pour tenter de discerner, parmi 8 suspects, celui qui s\u2019\u00e9tait rendu coupable de l\u2019assassinat d\u2019Isidore Bouzam\u00e9 (brr!) directeur du cirque du m\u00eame nom. L\u2019enqu\u00eate On sait qu\u2019Isidore a \u00e9t\u00e9 frapp\u00e9 mortellement \u00e0 la t\u00eate. Qui a bien pu faire&#8230;","og_url":"https:\/\/sceaux-lagazette.fr\/index.php\/2025\/12\/08\/quand-la-ville-enquete\/","og_site_name":"La Gazette","article_published_time":"2025-12-08T07:43:33+00:00","article_modified_time":"2025-12-08T07:43:34+00:00","og_image":[{"width":626,"height":421,"url":"https:\/\/sceaux-lagazette.fr\/wp-content\/uploads\/2025\/12\/Tte-la-V-2025.jpg","type":"image\/jpeg"}],"author":"G\u00e9rard Bardier","twitter_card":"summary_large_image","twitter_misc":{"\u00c9crit par":"G\u00e9rard Bardier","Dur\u00e9e de lecture estim\u00e9e":"6 minutes"},"schema":{"@context":"https:\/\/schema.org","@graph":[{"@type":"Article","@id":"https:\/\/sceaux-lagazette.fr\/index.php\/2025\/12\/08\/quand-la-ville-enquete\/#article","isPartOf":{"@id":"https:\/\/sceaux-lagazette.fr\/index.php\/2025\/12\/08\/quand-la-ville-enquete\/"},"author":{"name":"G\u00e9rard Bardier","@id":"https:\/\/sceaux-lagazette.fr\/#\/schema\/person\/5650e206a121f68c6f5e76379bccfbc4"},"headline":"Quand la ville enqu\u00eate","datePublished":"2025-12-08T07:43:33+00:00","dateModified":"2025-12-08T07:43:34+00:00","mainEntityOfPage":{"@id":"https:\/\/sceaux-lagazette.fr\/index.php\/2025\/12\/08\/quand-la-ville-enquete\/"},"wordCount":1236,"commentCount":0,"publisher":{"@id":"https:\/\/sceaux-lagazette.fr\/#organization"},"image":{"@id":"https:\/\/sceaux-lagazette.fr\/index.php\/2025\/12\/08\/quand-la-ville-enquete\/#primaryimage"},"thumbnailUrl":"https:\/\/sceaux-lagazette.fr\/wp-content\/uploads\/2025\/12\/Tte-la-V-2025.jpg","articleSection":["Bourg-la-Reine","Manifestations locales"],"inLanguage":"fr-FR","potentialAction":[{"@type":"CommentAction","name":"Comment","target":["https:\/\/sceaux-lagazette.fr\/index.php\/2025\/12\/08\/quand-la-ville-enquete\/#respond"]}]},{"@type":"WebPage","@id":"https:\/\/sceaux-lagazette.fr\/index.php\/2025\/12\/08\/quand-la-ville-enquete\/","url":"https:\/\/sceaux-lagazette.fr\/index.php\/2025\/12\/08\/quand-la-ville-enquete\/","name":"Quand la ville enqu\u00eate - La Gazette","isPartOf":{"@id":"https:\/\/sceaux-lagazette.fr\/#website"},"primaryImageOfPage":{"@id":"https:\/\/sceaux-lagazette.fr\/index.php\/2025\/12\/08\/quand-la-ville-enquete\/#primaryimage"},"image":{"@id":"https:\/\/sceaux-lagazette.fr\/index.php\/2025\/12\/08\/quand-la-ville-enquete\/#primaryimage"},"thumbnailUrl":"https:\/\/sceaux-lagazette.fr\/wp-content\/uploads\/2025\/12\/Tte-la-V-2025.jpg","datePublished":"2025-12-08T07:43:33+00:00","dateModified":"2025-12-08T07:43:34+00:00","breadcrumb":{"@id":"https:\/\/sceaux-lagazette.fr\/index.php\/2025\/12\/08\/quand-la-ville-enquete\/#breadcrumb"},"inLanguage":"fr-FR","potentialAction":[{"@type":"ReadAction","target":["https:\/\/sceaux-lagazette.fr\/index.php\/2025\/12\/08\/quand-la-ville-enquete\/"]}]},{"@type":"ImageObject","inLanguage":"fr-FR","@id":"https:\/\/sceaux-lagazette.fr\/index.php\/2025\/12\/08\/quand-la-ville-enquete\/#primaryimage","url":"https:\/\/sceaux-lagazette.fr\/wp-content\/uploads\/2025\/12\/Tte-la-V-2025.jpg","contentUrl":"https:\/\/sceaux-lagazette.fr\/wp-content\/uploads\/2025\/12\/Tte-la-V-2025.jpg","width":626,"height":421},{"@type":"BreadcrumbList","@id":"https:\/\/sceaux-lagazette.fr\/index.php\/2025\/12\/08\/quand-la-ville-enquete\/#breadcrumb","itemListElement":[{"@type":"ListItem","position":1,"name":"Accueil","item":"https:\/\/sceaux-lagazette.fr\/"},{"@type":"ListItem","position":2,"name":"Quand la ville enqu\u00eate"}]},{"@type":"WebSite","@id":"https:\/\/sceaux-lagazette.fr\/#website","url":"https:\/\/sceaux-lagazette.fr\/","name":"La Gazette","description":"Bourg-la-Reine, Ch\u00e2tenay, Fontenay, Sceaux","publisher":{"@id":"https:\/\/sceaux-lagazette.fr\/#organization"},"potentialAction":[{"@type":"SearchAction","target":{"@type":"EntryPoint","urlTemplate":"https:\/\/sceaux-lagazette.fr\/?s={search_term_string}"},"query-input":{"@type":"PropertyValueSpecification","valueRequired":true,"valueName":"search_term_string"}}],"inLanguage":"fr-FR"},{"@type":"Organization","@id":"https:\/\/sceaux-lagazette.fr\/#organization","name":"La Gazette","url":"https:\/\/sceaux-lagazette.fr\/","logo":{"@type":"ImageObject","inLanguage":"fr-FR","@id":"https:\/\/sceaux-lagazette.fr\/#\/schema\/logo\/image\/","url":"https:\/\/sceaux-lagazette.fr\/wp-content\/uploads\/2025\/08\/Logo-Gazette-Aout-2025-V3.jpg","contentUrl":"https:\/\/sceaux-lagazette.fr\/wp-content\/uploads\/2025\/08\/Logo-Gazette-Aout-2025-V3.jpg","width":525,"height":130,"caption":"La Gazette"},"image":{"@id":"https:\/\/sceaux-lagazette.fr\/#\/schema\/logo\/image\/"}},{"@type":"Person","@id":"https:\/\/sceaux-lagazette.fr\/#\/schema\/person\/5650e206a121f68c6f5e76379bccfbc4","name":"G\u00e9rard Bardier","image":{"@type":"ImageObject","inLanguage":"fr-FR","@id":"https:\/\/sceaux-lagazette.fr\/#\/schema\/person\/image\/","url":"https:\/\/secure.gravatar.com\/avatar\/5cf4391ef9dbc0367750202561279a29?s=96&r=g","contentUrl":"https:\/\/secure.gravatar.com\/avatar\/5cf4391ef9dbc0367750202561279a29?s=96&r=g","caption":"G\u00e9rard Bardier"},"url":"https:\/\/sceaux-lagazette.fr\/index.php\/author\/gb\/"}]}},"cc_featured_image_caption":{"caption_text":"Photo GB","source_text":"","source_url":""},"_links":{"self":[{"href":"https:\/\/sceaux-lagazette.fr\/index.php\/wp-json\/wp\/v2\/posts\/44918"}],"collection":[{"href":"https:\/\/sceaux-lagazette.fr\/index.php\/wp-json\/wp\/v2\/posts"}],"about":[{"href":"https:\/\/sceaux-lagazette.fr\/index.php\/wp-json\/wp\/v2\/types\/post"}],"author":[{"embeddable":true,"href":"https:\/\/sceaux-lagazette.fr\/index.php\/wp-json\/wp\/v2\/users\/11"}],"replies":[{"embeddable":true,"href":"https:\/\/sceaux-lagazette.fr\/index.php\/wp-json\/wp\/v2\/comments?post=44918"}],"version-history":[{"count":2,"href":"https:\/\/sceaux-lagazette.fr\/index.php\/wp-json\/wp\/v2\/posts\/44918\/revisions"}],"predecessor-version":[{"id":44937,"href":"https:\/\/sceaux-lagazette.fr\/index.php\/wp-json\/wp\/v2\/posts\/44918\/revisions\/44937"}],"wp:featuredmedia":[{"embeddable":true,"href":"https:\/\/sceaux-lagazette.fr\/index.php\/wp-json\/wp\/v2\/media\/44919"}],"wp:attachment":[{"href":"https:\/\/sceaux-lagazette.fr\/index.php\/wp-json\/wp\/v2\/media?parent=44918"}],"wp:term":[{"taxonomy":"category","embeddable":true,"href":"https:\/\/sceaux-lagazette.fr\/index.php\/wp-json\/wp\/v2\/categories?post=44918"},{"taxonomy":"post_tag","embeddable":true,"href":"https:\/\/sceaux-lagazette.fr\/index.php\/wp-json\/wp\/v2\/tags?post=44918"}],"curies":[{"name":"wp","href":"https:\/\/api.w.org\/{rel}","templated":true}]}}