{"id":44892,"date":"2025-12-04T08:42:47","date_gmt":"2025-12-04T07:42:47","guid":{"rendered":"https:\/\/sceaux-lagazette.fr\/?p=44892"},"modified":"2025-12-04T12:24:31","modified_gmt":"2025-12-04T11:24:31","slug":"rachel-lacoutiere-et-la-cohabitation-intergenerationnelle-solidaire","status":"publish","type":"post","link":"https:\/\/sceaux-lagazette.fr\/index.php\/2025\/12\/04\/rachel-lacoutiere-et-la-cohabitation-intergenerationnelle-solidaire\/","title":{"rendered":"Rachel Lacouti\u00e8re et la \u00ab\u00a0cohabitation interg\u00e9n\u00e9rationnelle solidaire\u00a0\u00bb"},"content":{"rendered":"\n<p>Mettre en relation des s\u00e9niors qui peuvent h\u00e9berger chez eux avec des jeunes qui cherchent \u00e0 se loger. R\u00e9pondre \u00e0 des besoins de s\u00e9niors en termes de pr\u00e9sence et de services et permettre \u00e0 des jeunes, qui peuvent s\u2019engager \u00e0 rendre ces services, de payer un loyer moins cher. En mixant les deux, on tombe sur <em>Ensemble2generations,<\/em> une association qui rencontre les personnes d\u2019abord, analyse les situations, puis met en relation un jeune et un s\u00e9nior pour former un bin\u00f4me harmonieux. Elle suit la cohabitation et intervient si besoin. Une association nationale reconnue d\u2019int\u00e9r\u00eat g\u00e9n\u00e9ral \u00e0 caract\u00e8re philanthropique qui existe depuis 20 ans et a accompagn\u00e9 plus de 16000 b\u00e9n\u00e9ficiaires.<\/p>\n\n\n\n<p>Dans les Hauts-de-Seine, l\u2019association accompagne 130 bin\u00f4mes, dans le sud du d\u00e9partement, elle en accompagne 30. Dans nos communes l\u2019association a un nom\u00a0: Rachel Lacouti\u00e8re. L\u2019ancienne ing\u00e9nieure s\u2019est \u00ab\u00a0<em>reconvertie dans le milieu associatif pour porter des valeurs de bienveillance et d\u2019entraide<\/em>\u00a0\u00bb.<\/p>\n\n\n\n<h2 class=\"wp-block-heading\">Un contrat<\/h2>\n\n\n<div class=\"wp-block-image\">\n<figure class=\"alignright size-full is-resized\"><img decoding=\"async\" width=\"412\" height=\"575\" src=\"https:\/\/sceaux-lagazette.fr\/wp-content\/uploads\/2025\/12\/Ensemble2generations-Rachel-Lacoutiere-2.jpg\" alt=\"\" class=\"wp-image-44909\" style=\"width:309px;height:auto\" srcset=\"https:\/\/sceaux-lagazette.fr\/wp-content\/uploads\/2025\/12\/Ensemble2generations-Rachel-Lacoutiere-2.jpg 412w, https:\/\/sceaux-lagazette.fr\/wp-content\/uploads\/2025\/12\/Ensemble2generations-Rachel-Lacoutiere-2-215x300.jpg 215w\" sizes=\"(max-width: 412px) 100vw, 412px\" \/><\/figure><\/div>\n\n\n<p>Au d\u00e9part, tout est simple. On a un pavillon bien grand pour soi et on a plus de 60 ans. Un jeune de moins de 30 ans doit se loger pour suivre ses \u00e9tudes ou simplement exercer son emploi. Le rapprochement s\u2019impose. Sauf que \u00a0\u00ab\u00a0<em>la cohabitation interg\u00e9n\u00e9rationnelle solidaire, <\/em>explique Rachel Lacouti\u00e8re<em>, c\u2019est plus qu\u2019un logement, c\u2019est une entraide. Deux g\u00e9n\u00e9rations qui se retrouvent pour une exp\u00e9rience conviviale gagnante-gagnante. Le s\u00e9nior donne un petit coup de pouce au jeune en lui offrant un logement \u00e0 un tarif modeste. Le jeune vient rompre la solitude su s\u00e9nior, lui rend des petits services et apporte une pr\u00e9sence rassurante.<\/em>\u00a0\u00bb<\/p>\n\n\n\n<p>Ce dispositif n\u00e9cessite que les jeunes et s\u00e9niors adh\u00e8rent au projet solidaire et en partagent les bonnes pratiques. \u00ab\u00a0<em>Tous les jeunes ne sont pas aptes et tous les s\u00e9niors non plus<\/em>\u00a0\u00bb. Pour l\u2019\u00e9tudiant, ce n\u2019est pas une coloc, il y a des r\u00e8gles de bienveillance. Il faut respecter les r\u00e8gles de vie de la maison, communiquer son emploi du temps, de sorte que le s\u00e9nior soit au courant des principales all\u00e9es et venues du jeune. On n\u2019entre pas chez elle comme dans un moulin, on ne peut ramener d\u2019amis sans accord du s\u00e9nior. Ce serait angoissant. S\u2019il est entendu de rentrer avant 21h, ce n\u2019est pas minuit. Avertir, un peu comme on le ferait en famille. Inversement, son intimit\u00e9 et ses contraintes doivent \u00eatre respect\u00e9es.<\/p>\n\n\n\n<p>Avec <em>Ensemble2generations<\/em>, les loyers vers\u00e9s par le jeune d\u00e9pendent de son engagement aupr\u00e8s du s\u00e9nior (services, pr\u00e9sence, partage de moments de convivialit\u00e9). Ceux-ci vont de presque rien jusqu\u2019\u00e0 \u00a0environ 450 euros, donc moindre qu\u2019une location standard.<\/p>\n\n\n\n<p>Ces termes de l\u2019\u00e9quation (services, loyer, respects), Rachel Lacouti\u00e8re les suit en permanence. Elle a re\u00e7u au sein de l\u2019association une formation de m\u00e9diatrice: <em>\u00ab je sais trouver des solutions.\u00bb <\/em>D\u2019autant qu\u2019en amont, elle a analys\u00e9 les motivations et les attentes respectives, recherch\u00e9 l\u2019alchimie entre un s\u00e9nior et un jeune, \u00e9valu\u00e9 les r\u00e9sultats du premier contact. En aval, elle prend des nouvelles d\u00e8s l\u2019emm\u00e9nagement et son r\u00f4le est de r\u00e9soudre ce qui doit \u00eatre r\u00e9solu.<\/p>\n\n\n\n<p>Elle ne quitte donc pas le bin\u00f4me quand le contrat est sign\u00e9. Car il y a contrat et il est m\u00eame encadr\u00e9 par une disposition de la loi ELAN qui d\u00e9finit le <strong>contrat de cohabitation interg\u00e9n\u00e9rationnelle<\/strong> comme le<em> \u00ab contrat par lequel une personne de soixante ans et plus, propri\u00e9taire ou locataire, s\u2019engage \u00e0 louer ou sous-louer une partie de son logement \u00e0 une personne de moins de trente ans moyennant une contrepartie financi\u00e8re modeste.\u00a0\u00bb <\/em>(Code de la Construction et de l\u2019habitation CCH: L.631-17). Ce dispositif s\u2019applique \u00e0 des personnes \u00e2g\u00e9es propri\u00e9taires ou locataires de leur bien et m\u00eame locataires chez un bailleur social.<\/p>\n\n\n\n<h2 class=\"wp-block-heading\">Du c\u00f4t\u00e9 de l\u2019offre<\/h2>\n\n\n\n<p>Au d\u00e9but est la rencontre de Rachel Lacouti\u00e8re avec des s\u00e9niors qui disposent d\u2019une pi\u00e8ce. Elle \u00e9value les lieux, l\u2019autonomie de la personne, son \u00e2ge. Elle identifie les attentes, les moments de convivialit\u00e9s souhait\u00e9s, les services, peut-\u00eatre la pr\u00e9sence en d\u00e9but de soir\u00e9e (parler, manger ensemble) la pr\u00e9sence rassurante pendant la nuit (r\u00e9agir en cas d\u2019appel). \u00c9ventuellement le compl\u00e9ment de revenu esp\u00e9r\u00e9.<\/p>\n\n\n\n<p>Elle visite le logement, la chambre meubl\u00e9e avec le lit, le bureau, le rangement&nbsp;la chaise, la superficie sup\u00e9rieure \u00e0 9m2, la salle de bain partag\u00e9e ou privative. La place disponible dans les rangements et dans le frigo. Oui, il y a des d\u00e9tails. Autant les anticiper.<\/p>\n\n\n\n<p>\u00ab&nbsp;<em>A quelle \u00e9ch\u00e9ance voulez-vous un \u00e9tudiant&nbsp;? Un jeune travailleur&nbsp;?&nbsp; Une fille, un gar\u00e7on, qu\u2019importe&nbsp;?\u00bb,<\/em> dit-elle en citant des questions qu\u2019elle pose. \u00c0 c\u00f4t\u00e9 des \u00e9tudiants, de jeunes salari\u00e9(e)s cherchent aussi \u00e0 se loger.<\/p>\n\n\n\n<p>Elle dessine le profil du s\u00e9nior, qualifie son parcours, cherche les centres d\u2019int\u00e9r\u00eat, les activit\u00e9s lors des temps libres. Elle cherche \u00e0 situer ce qui est attendu de la (du) futur(e) colocataire, ses qualit\u00e9s, ses ressorts.<\/p>\n\n\n\n<p>Lorsque le partage est \u00e0 la demande de sa famille, les aidants, \u00a0les besoins demand\u00e9s sont souvent une pr\u00e9sence rassurante r\u00e9guli\u00e8re, par exemple toutes les nuits de la semaine, sauf peut-\u00eatre un week-end sur deux. Auquel cas, le loyer peut descendre \u00e0 10\u20ac\/mois. L\u2019engagement demand\u00e9 aux jeunes gens peut \u00eatre fort. On citait une pr\u00e9sence possible \u00e0 partir de 19h. Elle ajoute l\u2019appel aux pompiers en cas de probl\u00e8me. <em>\u00ab\u00a0Les jeunes b\u00e9n\u00e9ficient d\u2019ailleurs d\u2019une formation aux soins de premiers secours avec la Croix-Rouge, s\u2019ils le souhaitent<\/em>.\u00a0\u00bb<\/p>\n\n\n\n<h2 class=\"wp-block-heading\">Du c\u00f4t\u00e9 de la demande<\/h2>\n\n\n\n<p>L\u2019attente du c\u00f4t\u00e9 jeune est tr\u00e8s claire&nbsp;: se loger. Ils se sont inscrits sur le site de l\u2019association. La liste est longue, qui s\u2019en \u00e9tonne, le probl\u00e8me du logement \u00e9tant ce qu\u2019il est. La r\u00e9gion parisienne est, on le sait, assez inaccessible. Ce qui importe, pour Rachel Lacouti\u00e8re, est la capacit\u00e9 des candidats \u00e0 donner en \u00e9change, \u00ab&nbsp;<em>\u00e0 s\u2019engager dans cette exp\u00e9rience solidaire<\/em>&nbsp;\u00bb. Elle les re\u00e7oit tous sans exception. Le plus souvent vers mai ou juin, pour pr\u00e9parer la rentr\u00e9e. Janvier est aussi un mois demand\u00e9 pour le second semestre universitaire. Elle organise d\u2019abord une visio d\u2019une heure pour comprendre globalement la situation familiale, universitaire, professionnelle, les motivations, les exp\u00e9riences pr\u00e9c\u00e9dentes avec des personnes \u00e2g\u00e9es, comment ont-ils connu l\u2019association. Une sorte de standard RH appliqu\u00e9 \u00e0 la recherche d\u2019un sweet home.<\/p>\n\n\n<div class=\"wp-block-image\">\n<figure class=\"alignleft size-full is-resized\"><img decoding=\"async\" width=\"771\" height=\"524\" src=\"https:\/\/sceaux-lagazette.fr\/wp-content\/uploads\/2025\/12\/Ensemble2generations-Mains.jpg\" alt=\"\" class=\"wp-image-44915\" style=\"width:366px;height:auto\" srcset=\"https:\/\/sceaux-lagazette.fr\/wp-content\/uploads\/2025\/12\/Ensemble2generations-Mains.jpg 771w, https:\/\/sceaux-lagazette.fr\/wp-content\/uploads\/2025\/12\/Ensemble2generations-Mains-300x204.jpg 300w, https:\/\/sceaux-lagazette.fr\/wp-content\/uploads\/2025\/12\/Ensemble2generations-Mains-768x522.jpg 768w\" sizes=\"(max-width: 771px) 100vw, 771px\" \/><\/figure><\/div>\n\n\n<p>Elle observe, \u00e9value le budget disponible, mais aussi le temps disponible (ils sont li\u00e9s) et l\u2019envie de rendre des services. Et pour quels types d\u2019engagements&nbsp;: nuit, soir\u00e9e, convivialit\u00e9, services comme faire des courses, accompagner en promenade. Comme pr\u00e9cis\u00e9 d\u00e9j\u00e0, elle cherche les centres d\u2019int\u00e9r\u00eat \u00e0 croiser si possible avec ceux des logeurs. Leur partage reste encore une excellente raison de cohabitation.<\/p>\n\n\n\n<p>A Bourg-la-Reine, Rachel Lacouti\u00e8re suit un bin\u00f4me qui fonctionne bien. Elle a mis ensemble une ancienne arch\u00e9ologue et une \u00e9tudiante de l\u2019Ecole du Louvre. A Ch\u00e2tenay, c\u2019est la rencontre entre une ancienne professeur d\u2019anglais et un \u00e9tudiant qui a accompagn\u00e9 l\u2019expatriation de ses parents aux \u00c9tats-Unis.<\/p>\n\n\n\n<p class=\"has-vivid-red-color has-text-color has-link-color wp-elements-28255c44107158041dc7875e78a15bca\"><a href=\"https:\/\/sceaux-lagazette.fr\/wp-content\/uploads\/2025\/12\/image-1024x719.jpg\" target=\"_blank\" rel=\"noreferrer noopener\"><strong><em>A lire: plus de t\u00e9moignages du sud des Hauts-de-Seine<\/em><\/strong><\/a><\/p>\n\n\n\n<h2 class=\"wp-block-heading\">Le cheminement<\/h2>\n\n\n\n<p>Comment ces rencontres se produisent-elles&nbsp;? <em>\u00ab&nbsp;Quand je pense avoir trouv\u00e9 un bin\u00f4me, <\/em>explique Rachel Lacouti\u00e8re, <em>quand je sens qu\u2019ils sont pr\u00eats \u00e0 aller plus loin, j\u2019organise un rendez-vous auquel je ne participe pas. Si l\u2019issue de la rencontre est positive, on passe \u00e0 la phase suivante<\/em>.&nbsp;\u00bb C\u2019est progressif, et l\u2019on sent bien \u00e0 l\u2019\u00e9couter qu\u2019elle n\u2019est pas de celles \u00e0 aller plus vite que la musique. Son objectif est que le courant passe. Que l\u2019entente, la confiance soient r\u00e9elles. Le reste est dans le contrat. Encadr\u00e9 par la loi, il est l\u00e0 pour \u00e7a, pour s\u00e9curiser les deux parties. Pour qu\u2019elles se r\u00e9servent \u00e0 l\u2019essentiel, s\u2019entraider. Se r\u00e9server au solidaire, le b\u00e9n\u00e9fice pour soi dans le souci de l\u2019autre.<\/p>\n\n\n\n<hr class=\"wp-block-separator has-alpha-channel-opacity\"\/>\n\n\n\n<h2 class=\"wp-block-heading\">Pour en savoir plus<\/h2>\n\n\n\n<p class=\"has-luminous-vivid-amber-background-color has-background\"><strong>Pour joindre Rachel Lacouti\u00e8re<\/strong><br><span style=\"font-size: 1em;\">&nbsp;<\/span><strong style=\"font-size: 1em;\">Tel <\/strong><span style=\"font-size: 1em;\">: 0602084655<\/span><br><strong>Mail <\/strong>: r.lacoutiere@ensemble2g\u00e9n\u00e9rations.fr<\/p>\n\n\n\n<p><strong>La cohabitation interg\u00e9n\u00e9rationnelle solidaire<\/strong><\/p>\n\n\n\n<ul class=\"wp-block-list\">\n<li><a href=\"https:\/\/www.legifrance.gouv.fr\/jorf\/article_jo\/JORFARTI000037639620\">Article 118 de la loi ELAN<\/a>.<\/li>\n\n\n\n<li><a href=\"https:\/\/www.legifrance.gouv.fr\/codes\/article_lc\/LEGIARTI000037650001\">Article L631-17 du CCH<\/a><\/li>\n<\/ul>\n\n\n\n<p><strong>L\u2019association Ensemble2g\u00e9n\u00e9rations<\/strong><\/p>\n\n\n\n<ul class=\"wp-block-list\">\n<li><a href=\"https:\/\/www.youtube.com\/channel\/UC55A8Fr8XXCVJtesBt9JC1Q\" target=\"_blank\" rel=\"noreferrer noopener\">Le site Youtube de l&rsquo;association<\/a><\/li>\n\n\n\n<li><a href=\"https:\/\/ensemble2generations.fr\">Le site internet<\/a><\/li>\n\n\n\n<li><a href=\"https:\/\/ensemble2generations.fr\/association\/agences\/hauts-de-seine\">L\u2019agence des Hauts-de-Seine<\/a><\/li>\n<\/ul>\n\n\n\n<p><\/p>\n\n\n\n<p><\/p>\n","protected":false},"excerpt":{"rendered":"<p>Mettre en relation des s\u00e9niors qui peuvent h\u00e9berger chez eux avec des jeunes qui cherchent \u00e0 se loger. R\u00e9pondre \u00e0 des besoins de s\u00e9niors en termes de pr\u00e9sence et de services et permettre \u00e0 des jeunes, qui peuvent s\u2019engager \u00e0 rendre ces services, de payer un loyer moins cher. En&#8230;<\/p>\n","protected":false},"author":6,"featured_media":44898,"comment_status":"open","ping_status":"open","sticky":false,"template":"","format":"standard","meta":{"om_disable_all_campaigns":false,"_monsterinsights_skip_tracking":false,"_monsterinsights_sitenote_active":false,"_monsterinsights_sitenote_note":"","_monsterinsights_sitenote_category":0,"_uf_show_specific_survey":0,"_uf_disable_surveys":false,"footnotes":""},"categories":[267,261,265,263,264,269,59,266],"tags":[],"class_list":["post-44892","post","type-post","status-publish","format-standard","has-post-thumbnail","hentry","category-antony","category-associations","category-bourg-la-reine","category-chatenay-malabry","category-fontenay-aux-roses","category-le-plessis-robinson","category-portraits","category-sceaux","entry","simple"],"yoast_head":"<!-- This site is optimized with the Yoast SEO plugin v25.6 - https:\/\/yoast.com\/wordpress\/plugins\/seo\/ -->\n<title>Rachel Lacouti\u00e8re et la \u00ab\u00a0cohabitation interg\u00e9n\u00e9rationnelle solidaire\u00a0\u00bb - La Gazette<\/title>\n<meta name=\"robots\" content=\"index, follow, max-snippet:-1, max-image-preview:large, max-video-preview:-1\" \/>\n<link rel=\"canonical\" href=\"https:\/\/sceaux-lagazette.fr\/index.php\/2025\/12\/04\/rachel-lacoutiere-et-la-cohabitation-intergenerationnelle-solidaire\/\" \/>\n<meta property=\"og:locale\" content=\"fr_FR\" \/>\n<meta property=\"og:type\" content=\"article\" \/>\n<meta property=\"og:title\" content=\"Rachel Lacouti\u00e8re et la \u00ab\u00a0cohabitation interg\u00e9n\u00e9rationnelle solidaire\u00a0\u00bb - La Gazette\" \/>\n<meta property=\"og:description\" content=\"Mettre en relation des s\u00e9niors qui peuvent h\u00e9berger chez eux avec des jeunes qui cherchent \u00e0 se loger. R\u00e9pondre \u00e0 des besoins de s\u00e9niors en termes de pr\u00e9sence et de services et permettre \u00e0 des jeunes, qui peuvent s\u2019engager \u00e0 rendre ces services, de payer un loyer moins cher. En&#8230;\" \/>\n<meta property=\"og:url\" content=\"https:\/\/sceaux-lagazette.fr\/index.php\/2025\/12\/04\/rachel-lacoutiere-et-la-cohabitation-intergenerationnelle-solidaire\/\" \/>\n<meta property=\"og:site_name\" content=\"La Gazette\" \/>\n<meta property=\"article:published_time\" content=\"2025-12-04T07:42:47+00:00\" \/>\n<meta property=\"article:modified_time\" content=\"2025-12-04T11:24:31+00:00\" \/>\n<meta property=\"og:image\" content=\"https:\/\/sceaux-lagazette.fr\/wp-content\/uploads\/2025\/12\/Ensemble2generations-page-accueil-site.jpg\" \/>\n\t<meta property=\"og:image:width\" content=\"1280\" \/>\n\t<meta property=\"og:image:height\" content=\"676\" \/>\n\t<meta property=\"og:image:type\" content=\"image\/jpeg\" \/>\n<meta name=\"author\" content=\"Maurice Zytnicki\" \/>\n<meta name=\"twitter:card\" content=\"summary_large_image\" \/>\n<meta name=\"twitter:label1\" content=\"\u00c9crit par\" \/>\n\t<meta name=\"twitter:data1\" content=\"Maurice Zytnicki\" \/>\n\t<meta name=\"twitter:label2\" content=\"Dur\u00e9e de lecture estim\u00e9e\" \/>\n\t<meta name=\"twitter:data2\" content=\"8 minutes\" \/>\n<script type=\"application\/ld+json\" class=\"yoast-schema-graph\">{\"@context\":\"https:\/\/schema.org\",\"@graph\":[{\"@type\":\"Article\",\"@id\":\"https:\/\/sceaux-lagazette.fr\/index.php\/2025\/12\/04\/rachel-lacoutiere-et-la-cohabitation-intergenerationnelle-solidaire\/#article\",\"isPartOf\":{\"@id\":\"https:\/\/sceaux-lagazette.fr\/index.php\/2025\/12\/04\/rachel-lacoutiere-et-la-cohabitation-intergenerationnelle-solidaire\/\"},\"author\":{\"name\":\"Maurice Zytnicki\",\"@id\":\"https:\/\/sceaux-lagazette.fr\/#\/schema\/person\/060ab8fc058c4220d9079707a58da9f1\"},\"headline\":\"Rachel Lacouti\u00e8re et la \u00ab\u00a0cohabitation interg\u00e9n\u00e9rationnelle solidaire\u00a0\u00bb\",\"datePublished\":\"2025-12-04T07:42:47+00:00\",\"dateModified\":\"2025-12-04T11:24:31+00:00\",\"mainEntityOfPage\":{\"@id\":\"https:\/\/sceaux-lagazette.fr\/index.php\/2025\/12\/04\/rachel-lacoutiere-et-la-cohabitation-intergenerationnelle-solidaire\/\"},\"wordCount\":1490,\"commentCount\":0,\"publisher\":{\"@id\":\"https:\/\/sceaux-lagazette.fr\/#organization\"},\"image\":{\"@id\":\"https:\/\/sceaux-lagazette.fr\/index.php\/2025\/12\/04\/rachel-lacoutiere-et-la-cohabitation-intergenerationnelle-solidaire\/#primaryimage\"},\"thumbnailUrl\":\"https:\/\/sceaux-lagazette.fr\/wp-content\/uploads\/2025\/12\/Ensemble2generations-page-accueil-site.jpg\",\"articleSection\":[\"Antony\",\"Associations\",\"Bourg-la-Reine\",\"Ch\u00e2tenay-Malabry\",\"Fontenay-aux-Roses\",\"Le Plessis-Robinson\",\"Portraits\",\"Sceaux\"],\"inLanguage\":\"fr-FR\",\"potentialAction\":[{\"@type\":\"CommentAction\",\"name\":\"Comment\",\"target\":[\"https:\/\/sceaux-lagazette.fr\/index.php\/2025\/12\/04\/rachel-lacoutiere-et-la-cohabitation-intergenerationnelle-solidaire\/#respond\"]}]},{\"@type\":\"WebPage\",\"@id\":\"https:\/\/sceaux-lagazette.fr\/index.php\/2025\/12\/04\/rachel-lacoutiere-et-la-cohabitation-intergenerationnelle-solidaire\/\",\"url\":\"https:\/\/sceaux-lagazette.fr\/index.php\/2025\/12\/04\/rachel-lacoutiere-et-la-cohabitation-intergenerationnelle-solidaire\/\",\"name\":\"Rachel Lacouti\u00e8re et la \u00ab\u00a0cohabitation interg\u00e9n\u00e9rationnelle solidaire\u00a0\u00bb - La Gazette\",\"isPartOf\":{\"@id\":\"https:\/\/sceaux-lagazette.fr\/#website\"},\"primaryImageOfPage\":{\"@id\":\"https:\/\/sceaux-lagazette.fr\/index.php\/2025\/12\/04\/rachel-lacoutiere-et-la-cohabitation-intergenerationnelle-solidaire\/#primaryimage\"},\"image\":{\"@id\":\"https:\/\/sceaux-lagazette.fr\/index.php\/2025\/12\/04\/rachel-lacoutiere-et-la-cohabitation-intergenerationnelle-solidaire\/#primaryimage\"},\"thumbnailUrl\":\"https:\/\/sceaux-lagazette.fr\/wp-content\/uploads\/2025\/12\/Ensemble2generations-page-accueil-site.jpg\",\"datePublished\":\"2025-12-04T07:42:47+00:00\",\"dateModified\":\"2025-12-04T11:24:31+00:00\",\"breadcrumb\":{\"@id\":\"https:\/\/sceaux-lagazette.fr\/index.php\/2025\/12\/04\/rachel-lacoutiere-et-la-cohabitation-intergenerationnelle-solidaire\/#breadcrumb\"},\"inLanguage\":\"fr-FR\",\"potentialAction\":[{\"@type\":\"ReadAction\",\"target\":[\"https:\/\/sceaux-lagazette.fr\/index.php\/2025\/12\/04\/rachel-lacoutiere-et-la-cohabitation-intergenerationnelle-solidaire\/\"]}]},{\"@type\":\"ImageObject\",\"inLanguage\":\"fr-FR\",\"@id\":\"https:\/\/sceaux-lagazette.fr\/index.php\/2025\/12\/04\/rachel-lacoutiere-et-la-cohabitation-intergenerationnelle-solidaire\/#primaryimage\",\"url\":\"https:\/\/sceaux-lagazette.fr\/wp-content\/uploads\/2025\/12\/Ensemble2generations-page-accueil-site.jpg\",\"contentUrl\":\"https:\/\/sceaux-lagazette.fr\/wp-content\/uploads\/2025\/12\/Ensemble2generations-page-accueil-site.jpg\",\"width\":1280,\"height\":676},{\"@type\":\"BreadcrumbList\",\"@id\":\"https:\/\/sceaux-lagazette.fr\/index.php\/2025\/12\/04\/rachel-lacoutiere-et-la-cohabitation-intergenerationnelle-solidaire\/#breadcrumb\",\"itemListElement\":[{\"@type\":\"ListItem\",\"position\":1,\"name\":\"Accueil\",\"item\":\"https:\/\/sceaux-lagazette.fr\/\"},{\"@type\":\"ListItem\",\"position\":2,\"name\":\"Rachel Lacouti\u00e8re et la \u00ab\u00a0cohabitation interg\u00e9n\u00e9rationnelle solidaire\u00a0\u00bb\"}]},{\"@type\":\"WebSite\",\"@id\":\"https:\/\/sceaux-lagazette.fr\/#website\",\"url\":\"https:\/\/sceaux-lagazette.fr\/\",\"name\":\"La Gazette\",\"description\":\"Bourg-la-Reine, Ch\u00e2tenay, Fontenay, Sceaux\",\"publisher\":{\"@id\":\"https:\/\/sceaux-lagazette.fr\/#organization\"},\"potentialAction\":[{\"@type\":\"SearchAction\",\"target\":{\"@type\":\"EntryPoint\",\"urlTemplate\":\"https:\/\/sceaux-lagazette.fr\/?s={search_term_string}\"},\"query-input\":{\"@type\":\"PropertyValueSpecification\",\"valueRequired\":true,\"valueName\":\"search_term_string\"}}],\"inLanguage\":\"fr-FR\"},{\"@type\":\"Organization\",\"@id\":\"https:\/\/sceaux-lagazette.fr\/#organization\",\"name\":\"La Gazette\",\"url\":\"https:\/\/sceaux-lagazette.fr\/\",\"logo\":{\"@type\":\"ImageObject\",\"inLanguage\":\"fr-FR\",\"@id\":\"https:\/\/sceaux-lagazette.fr\/#\/schema\/logo\/image\/\",\"url\":\"https:\/\/sceaux-lagazette.fr\/wp-content\/uploads\/2025\/08\/Logo-Gazette-Aout-2025-V3.jpg\",\"contentUrl\":\"https:\/\/sceaux-lagazette.fr\/wp-content\/uploads\/2025\/08\/Logo-Gazette-Aout-2025-V3.jpg\",\"width\":525,\"height\":130,\"caption\":\"La Gazette\"},\"image\":{\"@id\":\"https:\/\/sceaux-lagazette.fr\/#\/schema\/logo\/image\/\"}},{\"@type\":\"Person\",\"@id\":\"https:\/\/sceaux-lagazette.fr\/#\/schema\/person\/060ab8fc058c4220d9079707a58da9f1\",\"name\":\"Maurice Zytnicki\",\"image\":{\"@type\":\"ImageObject\",\"inLanguage\":\"fr-FR\",\"@id\":\"https:\/\/sceaux-lagazette.fr\/#\/schema\/person\/image\/\",\"url\":\"https:\/\/secure.gravatar.com\/avatar\/d94d30d6fa0e9cb7af48a89366fc0cdb?s=96&r=g\",\"contentUrl\":\"https:\/\/secure.gravatar.com\/avatar\/d94d30d6fa0e9cb7af48a89366fc0cdb?s=96&r=g\",\"caption\":\"Maurice Zytnicki\"},\"url\":\"https:\/\/sceaux-lagazette.fr\/index.php\/author\/maurice\/\"}]}<\/script>\n<!-- \/ Yoast SEO plugin. -->","yoast_head_json":{"title":"Rachel Lacouti\u00e8re et la \u00ab\u00a0cohabitation interg\u00e9n\u00e9rationnelle solidaire\u00a0\u00bb - La Gazette","robots":{"index":"index","follow":"follow","max-snippet":"max-snippet:-1","max-image-preview":"max-image-preview:large","max-video-preview":"max-video-preview:-1"},"canonical":"https:\/\/sceaux-lagazette.fr\/index.php\/2025\/12\/04\/rachel-lacoutiere-et-la-cohabitation-intergenerationnelle-solidaire\/","og_locale":"fr_FR","og_type":"article","og_title":"Rachel Lacouti\u00e8re et la \u00ab\u00a0cohabitation interg\u00e9n\u00e9rationnelle solidaire\u00a0\u00bb - La Gazette","og_description":"Mettre en relation des s\u00e9niors qui peuvent h\u00e9berger chez eux avec des jeunes qui cherchent \u00e0 se loger. R\u00e9pondre \u00e0 des besoins de s\u00e9niors en termes de pr\u00e9sence et de services et permettre \u00e0 des jeunes, qui peuvent s\u2019engager \u00e0 rendre ces services, de payer un loyer moins cher. En&#8230;","og_url":"https:\/\/sceaux-lagazette.fr\/index.php\/2025\/12\/04\/rachel-lacoutiere-et-la-cohabitation-intergenerationnelle-solidaire\/","og_site_name":"La Gazette","article_published_time":"2025-12-04T07:42:47+00:00","article_modified_time":"2025-12-04T11:24:31+00:00","og_image":[{"width":1280,"height":676,"url":"https:\/\/sceaux-lagazette.fr\/wp-content\/uploads\/2025\/12\/Ensemble2generations-page-accueil-site.jpg","type":"image\/jpeg"}],"author":"Maurice Zytnicki","twitter_card":"summary_large_image","twitter_misc":{"\u00c9crit par":"Maurice Zytnicki","Dur\u00e9e de lecture estim\u00e9e":"8 minutes"},"schema":{"@context":"https:\/\/schema.org","@graph":[{"@type":"Article","@id":"https:\/\/sceaux-lagazette.fr\/index.php\/2025\/12\/04\/rachel-lacoutiere-et-la-cohabitation-intergenerationnelle-solidaire\/#article","isPartOf":{"@id":"https:\/\/sceaux-lagazette.fr\/index.php\/2025\/12\/04\/rachel-lacoutiere-et-la-cohabitation-intergenerationnelle-solidaire\/"},"author":{"name":"Maurice Zytnicki","@id":"https:\/\/sceaux-lagazette.fr\/#\/schema\/person\/060ab8fc058c4220d9079707a58da9f1"},"headline":"Rachel Lacouti\u00e8re et la \u00ab\u00a0cohabitation interg\u00e9n\u00e9rationnelle solidaire\u00a0\u00bb","datePublished":"2025-12-04T07:42:47+00:00","dateModified":"2025-12-04T11:24:31+00:00","mainEntityOfPage":{"@id":"https:\/\/sceaux-lagazette.fr\/index.php\/2025\/12\/04\/rachel-lacoutiere-et-la-cohabitation-intergenerationnelle-solidaire\/"},"wordCount":1490,"commentCount":0,"publisher":{"@id":"https:\/\/sceaux-lagazette.fr\/#organization"},"image":{"@id":"https:\/\/sceaux-lagazette.fr\/index.php\/2025\/12\/04\/rachel-lacoutiere-et-la-cohabitation-intergenerationnelle-solidaire\/#primaryimage"},"thumbnailUrl":"https:\/\/sceaux-lagazette.fr\/wp-content\/uploads\/2025\/12\/Ensemble2generations-page-accueil-site.jpg","articleSection":["Antony","Associations","Bourg-la-Reine","Ch\u00e2tenay-Malabry","Fontenay-aux-Roses","Le Plessis-Robinson","Portraits","Sceaux"],"inLanguage":"fr-FR","potentialAction":[{"@type":"CommentAction","name":"Comment","target":["https:\/\/sceaux-lagazette.fr\/index.php\/2025\/12\/04\/rachel-lacoutiere-et-la-cohabitation-intergenerationnelle-solidaire\/#respond"]}]},{"@type":"WebPage","@id":"https:\/\/sceaux-lagazette.fr\/index.php\/2025\/12\/04\/rachel-lacoutiere-et-la-cohabitation-intergenerationnelle-solidaire\/","url":"https:\/\/sceaux-lagazette.fr\/index.php\/2025\/12\/04\/rachel-lacoutiere-et-la-cohabitation-intergenerationnelle-solidaire\/","name":"Rachel Lacouti\u00e8re et la \u00ab\u00a0cohabitation interg\u00e9n\u00e9rationnelle solidaire\u00a0\u00bb - La Gazette","isPartOf":{"@id":"https:\/\/sceaux-lagazette.fr\/#website"},"primaryImageOfPage":{"@id":"https:\/\/sceaux-lagazette.fr\/index.php\/2025\/12\/04\/rachel-lacoutiere-et-la-cohabitation-intergenerationnelle-solidaire\/#primaryimage"},"image":{"@id":"https:\/\/sceaux-lagazette.fr\/index.php\/2025\/12\/04\/rachel-lacoutiere-et-la-cohabitation-intergenerationnelle-solidaire\/#primaryimage"},"thumbnailUrl":"https:\/\/sceaux-lagazette.fr\/wp-content\/uploads\/2025\/12\/Ensemble2generations-page-accueil-site.jpg","datePublished":"2025-12-04T07:42:47+00:00","dateModified":"2025-12-04T11:24:31+00:00","breadcrumb":{"@id":"https:\/\/sceaux-lagazette.fr\/index.php\/2025\/12\/04\/rachel-lacoutiere-et-la-cohabitation-intergenerationnelle-solidaire\/#breadcrumb"},"inLanguage":"fr-FR","potentialAction":[{"@type":"ReadAction","target":["https:\/\/sceaux-lagazette.fr\/index.php\/2025\/12\/04\/rachel-lacoutiere-et-la-cohabitation-intergenerationnelle-solidaire\/"]}]},{"@type":"ImageObject","inLanguage":"fr-FR","@id":"https:\/\/sceaux-lagazette.fr\/index.php\/2025\/12\/04\/rachel-lacoutiere-et-la-cohabitation-intergenerationnelle-solidaire\/#primaryimage","url":"https:\/\/sceaux-lagazette.fr\/wp-content\/uploads\/2025\/12\/Ensemble2generations-page-accueil-site.jpg","contentUrl":"https:\/\/sceaux-lagazette.fr\/wp-content\/uploads\/2025\/12\/Ensemble2generations-page-accueil-site.jpg","width":1280,"height":676},{"@type":"BreadcrumbList","@id":"https:\/\/sceaux-lagazette.fr\/index.php\/2025\/12\/04\/rachel-lacoutiere-et-la-cohabitation-intergenerationnelle-solidaire\/#breadcrumb","itemListElement":[{"@type":"ListItem","position":1,"name":"Accueil","item":"https:\/\/sceaux-lagazette.fr\/"},{"@type":"ListItem","position":2,"name":"Rachel Lacouti\u00e8re et la \u00ab\u00a0cohabitation interg\u00e9n\u00e9rationnelle solidaire\u00a0\u00bb"}]},{"@type":"WebSite","@id":"https:\/\/sceaux-lagazette.fr\/#website","url":"https:\/\/sceaux-lagazette.fr\/","name":"La Gazette","description":"Bourg-la-Reine, Ch\u00e2tenay, Fontenay, Sceaux","publisher":{"@id":"https:\/\/sceaux-lagazette.fr\/#organization"},"potentialAction":[{"@type":"SearchAction","target":{"@type":"EntryPoint","urlTemplate":"https:\/\/sceaux-lagazette.fr\/?s={search_term_string}"},"query-input":{"@type":"PropertyValueSpecification","valueRequired":true,"valueName":"search_term_string"}}],"inLanguage":"fr-FR"},{"@type":"Organization","@id":"https:\/\/sceaux-lagazette.fr\/#organization","name":"La Gazette","url":"https:\/\/sceaux-lagazette.fr\/","logo":{"@type":"ImageObject","inLanguage":"fr-FR","@id":"https:\/\/sceaux-lagazette.fr\/#\/schema\/logo\/image\/","url":"https:\/\/sceaux-lagazette.fr\/wp-content\/uploads\/2025\/08\/Logo-Gazette-Aout-2025-V3.jpg","contentUrl":"https:\/\/sceaux-lagazette.fr\/wp-content\/uploads\/2025\/08\/Logo-Gazette-Aout-2025-V3.jpg","width":525,"height":130,"caption":"La Gazette"},"image":{"@id":"https:\/\/sceaux-lagazette.fr\/#\/schema\/logo\/image\/"}},{"@type":"Person","@id":"https:\/\/sceaux-lagazette.fr\/#\/schema\/person\/060ab8fc058c4220d9079707a58da9f1","name":"Maurice Zytnicki","image":{"@type":"ImageObject","inLanguage":"fr-FR","@id":"https:\/\/sceaux-lagazette.fr\/#\/schema\/person\/image\/","url":"https:\/\/secure.gravatar.com\/avatar\/d94d30d6fa0e9cb7af48a89366fc0cdb?s=96&r=g","contentUrl":"https:\/\/secure.gravatar.com\/avatar\/d94d30d6fa0e9cb7af48a89366fc0cdb?s=96&r=g","caption":"Maurice Zytnicki"},"url":"https:\/\/sceaux-lagazette.fr\/index.php\/author\/maurice\/"}]}},"cc_featured_image_caption":{"caption_text":"Page d'accueil du site Ensemble2G\u00e9n\u00e9rations","source_text":"","source_url":""},"_links":{"self":[{"href":"https:\/\/sceaux-lagazette.fr\/index.php\/wp-json\/wp\/v2\/posts\/44892"}],"collection":[{"href":"https:\/\/sceaux-lagazette.fr\/index.php\/wp-json\/wp\/v2\/posts"}],"about":[{"href":"https:\/\/sceaux-lagazette.fr\/index.php\/wp-json\/wp\/v2\/types\/post"}],"author":[{"embeddable":true,"href":"https:\/\/sceaux-lagazette.fr\/index.php\/wp-json\/wp\/v2\/users\/6"}],"replies":[{"embeddable":true,"href":"https:\/\/sceaux-lagazette.fr\/index.php\/wp-json\/wp\/v2\/comments?post=44892"}],"version-history":[{"count":12,"href":"https:\/\/sceaux-lagazette.fr\/index.php\/wp-json\/wp\/v2\/posts\/44892\/revisions"}],"predecessor-version":[{"id":44917,"href":"https:\/\/sceaux-lagazette.fr\/index.php\/wp-json\/wp\/v2\/posts\/44892\/revisions\/44917"}],"wp:featuredmedia":[{"embeddable":true,"href":"https:\/\/sceaux-lagazette.fr\/index.php\/wp-json\/wp\/v2\/media\/44898"}],"wp:attachment":[{"href":"https:\/\/sceaux-lagazette.fr\/index.php\/wp-json\/wp\/v2\/media?parent=44892"}],"wp:term":[{"taxonomy":"category","embeddable":true,"href":"https:\/\/sceaux-lagazette.fr\/index.php\/wp-json\/wp\/v2\/categories?post=44892"},{"taxonomy":"post_tag","embeddable":true,"href":"https:\/\/sceaux-lagazette.fr\/index.php\/wp-json\/wp\/v2\/tags?post=44892"}],"curies":[{"name":"wp","href":"https:\/\/api.w.org\/{rel}","templated":true}]}}