{"id":44854,"date":"2025-12-02T08:30:22","date_gmt":"2025-12-02T07:30:22","guid":{"rendered":"https:\/\/sceaux-lagazette.fr\/?p=44854"},"modified":"2025-12-01T23:12:41","modified_gmt":"2025-12-01T22:12:41","slug":"laurent-nimeskern-la-licra-et-la-laicite","status":"publish","type":"post","link":"https:\/\/sceaux-lagazette.fr\/index.php\/2025\/12\/02\/laurent-nimeskern-la-licra-et-la-laicite\/","title":{"rendered":"Laurent Nimeskern, la LICRA et la la\u00efcit\u00e9"},"content":{"rendered":"\n<p>Une section de la LICRA (Ligue internationale contre le racisme et l\u2019antis\u00e9mitisme) est pr\u00e9sente sur Antony et la ligne de Sceaux. Nous avons rencontr\u00e9 son pr\u00e9sident, Laurent Nimeskern. Au sein de l\u2019organisation, il pr\u00e9side par ailleurs la commission Education de la r\u00e9gion \u00cele-de-France qui organise des interventions dans les \u00e9tablissements scolaires. Un investissement personnel compr\u00e9hensible pour un proviseur de lyc\u00e9e, ancien professeur d\u2019histoire-g\u00e9o et \u2026 \u00ab&nbsp;<em>d\u2019instruction civique&nbsp;<\/em>\u00bb, insiste-t-il au d\u00e9tour d\u2019une phrase.<\/p>\n\n\n\n<h2 class=\"wp-block-heading\">Un projet pour Quartier 2030<\/h2>\n\n\n\n<p>Un projet \u00e9ducatif en cours de pr\u00e9paration illustre l\u2019\u00e9tat d\u2019esprit de la LICRA et, en l\u2019occurrence, de sa section locale. Il vise des \u00e9l\u00e8ves de CM1 et CM2 d\u2019\u00e9coles du secteur Bagneux, Bourg-la-Reine, Fontenay et Sceaux. Une des classes doit \u00eatre situ\u00e9e dans le QPV (quartier prioritaire de la ville) des Blagis.<\/p>\n\n\n\n<p>Il s\u2019agit de travailler autour d\u2019un conte de Jean-Claude Grumberg, <em>La plus pr\u00e9cieuse des marchandises<\/em>. Le texte invite \u00e0 sensibiliser les \u00e9l\u00e8ves aux questions de respect et d\u2019acception de l\u2019autre, \u00e0 d\u00e9velopper autour de lui les comp\u00e9tences orales et \u00e9crites. Le projet propose un travail \u00e9tal\u00e9 sur 6 mois, de janvier \u00e0 juin en 2026, accompagn\u00e9 d\u2019un professeur de th\u00e9\u00e2tre et d\u2019enseignants animant des ateliers d\u2019\u00e9criture.<\/p>\n\n\n\n<h2 class=\"wp-block-heading\">Pr\u00e9sences<\/h2>\n\n\n\n<p>L\u2019ann\u00e9e derni\u00e8re, la section de la LICRA organisait \u00e0 l\u2019espace Vasarely d\u2019Antony un hommage \u00e0 Missak Manouchian et au combat d\u2019\u00e9trangers pour la lib\u00e9ration du sol de France. A l\u2019Agoreine de Bourg-la-Reine, elle conviait \u00e0 une conf\u00e9rence avec Renaud D\u00e9ly, auteur, sc\u00e9nariste et journaliste, sur les menaces croissantes contre la d\u00e9mocratie. C\u2019\u00e9tait cette ann\u00e9e un r\u00e9cital lyrique \u00e0 l\u2019ancienne mairie de Sceaux avec des lectures du Journal d\u2019Etty Hillesum (d\u00e9port\u00e9e en 1943) accompagn\u00e9es d\u2019une soprano et d\u2019un pianiste.<\/p>\n\n\n<div class=\"wp-block-image\">\n<figure class=\"alignright size-large is-resized\"><img decoding=\"async\" width=\"1024\" height=\"563\" src=\"https:\/\/sceaux-lagazette.fr\/wp-content\/uploads\/2025\/11\/LICRA-Antony-Sceaux-1024x563.jpg\" alt=\"\" class=\"wp-image-44858\" style=\"width:372px;height:auto\" srcset=\"https:\/\/sceaux-lagazette.fr\/wp-content\/uploads\/2025\/11\/LICRA-Antony-Sceaux-1024x563.jpg 1024w, https:\/\/sceaux-lagazette.fr\/wp-content\/uploads\/2025\/11\/LICRA-Antony-Sceaux-300x165.jpg 300w, https:\/\/sceaux-lagazette.fr\/wp-content\/uploads\/2025\/11\/LICRA-Antony-Sceaux-768x422.jpg 768w, https:\/\/sceaux-lagazette.fr\/wp-content\/uploads\/2025\/11\/LICRA-Antony-Sceaux-1536x845.jpg 1536w, https:\/\/sceaux-lagazette.fr\/wp-content\/uploads\/2025\/11\/LICRA-Antony-Sceaux.jpg 1920w\" sizes=\"(max-width: 1024px) 100vw, 1024px\" \/><\/figure><\/div>\n\n\n<p>Une conf\u00e9rence, en pr\u00e9paration, sera consacr\u00e9e au processus de radicalisation<em>.<\/em> Y participeront Jacqueline Costa-Lascoux, sociologue et juriste, membre du <a href=\"https:\/\/fr.wikipedia.org\/wiki\/Haut_Conseil_%C3%A0_l%27int%C3%A9gration\">Haut conseil \u00e0 l\u2019int\u00e9gration<\/a> et ancienne membre de la <a href=\"https:\/\/fr.wikipedia.org\/wiki\/Commission_Stasi\">Commission Stasi<\/a> (en 2003, sur la la\u00efcit\u00e9) et l\u2019historien Denis Peschanski, \u00ab&nbsp;<em>qui \u00e9tudie<\/em>, rappelle Laurent Nimeskern,<em> comment la m\u00e9moire se construit apr\u00e8s le traumatisme des attentats du 13 novembre 2015<\/em>&nbsp;\u00bb.<sup>.<\/sup><\/p>\n\n\n\n<p>En direction des Ecoles, la LICRA dispose aussi d\u2019un site, <a href=\"https:\/\/www.licra.org\/sapio-la-plateforme-educative-contre-le-racisme-et-lantisemitisme\">SAPIO,<\/a> qui comporte photos, textes et vid\u00e9os sur les th\u00e8mes de la la\u00efcit\u00e9, de l\u2019antiracisme, de l\u2019antis\u00e9mitisme. Il y a du travail \u00e0 faire tant est grande, dit-il, \u00ab\u00a0<em>la concurrence des r\u00e9seaux sociaux, les TikTok, o\u00f9 des influenceurs sont plus \u00e9cout\u00e9s que les enseignants<\/em>\u00a0\u00bb. Au quotidien, elle se tient \u00e0 l\u2019\u00e9coute des victimes et dispose pour les soutenir d\u2019un fort r\u00e9seau de juristes.<\/p>\n\n\n\n<h2 class=\"wp-block-heading\">Se former<\/h2>\n\n\n\n<p>La LICRA est aussi et intens\u00e9ment un lieu de d\u00e9bat. Tous les ans, une universit\u00e9 d\u2019automne r\u00e9unit les militants. Celle de cette ann\u00e9e s\u2019est tenue r\u00e9cemment au Havre. Elle a consacr\u00e9 trois jours \u00e0 l\u2019anniversaire (120 ans) de promulgation de la loi de 1905. Les tables rondes se sont succ\u00e9d\u00e9, dont celles-ci parmi d\u2019autres.<\/p>\n\n\n\n<p><em>La la\u00efcit\u00e9, un objet de militantisme<\/em> abordait les d\u00e9bats et les conflits d\u2019interpr\u00e9tation en France. Loi d\u2019\u00e9mancipation pour les uns, outil restreignant la libert\u00e9 d\u2019exprimer sa sensibilit\u00e9 religieuse pour les autres, elle est devenue un objet de revendication, mais aussi de contestation.&nbsp;<\/p>\n\n\n\n<p>Une autre table ronde analysait la loi du 24 ao\u00fbt 2021 qui a instaur\u00e9 un contrat d\u2019engagement r\u00e9publicain pour les associations.<\/p>\n\n\n\n<p>Des ateliers th\u00e9matiques anim\u00e9s par des sp\u00e9cialistes ont discut\u00e9 de la la\u00efcit\u00e9 de plusieurs points de vue&nbsp;: son combat en Europe et dans le monde&nbsp;; ses liens avec l\u2019Immigration et l\u2019int\u00e9gration&nbsp;; son enjeu \u00e0 l\u2019\u00e9cole, dans les sports ; dans l\u2019entreprise, dans la culture. Et la question \u00ab&nbsp;<em>Pourquoi la la\u00efcit\u00e9 est-elle devenue un gros mot<\/em>&nbsp;?&nbsp;\u00bb<\/p>\n\n\n\n<p>En effet, on voit combien ces th\u00e9matiques sont d\u2019actualit\u00e9 et m\u00eame urgentes. Et pour la LICRA, il s\u2019agit de s\u2019\u00e9quiper intellectuellement pour \u00eatre pr\u00e9sente sur le terrain o\u00f9 se forment et se confrontent les consciences. L\u2019ambition est d\u2019envergure. Il n\u2019\u00e9chappe \u00e0 personne que les consciences bougent \u00e0 la vitesse grand V.<\/p>\n\n\n\n<h2 class=\"wp-block-heading\">Les mots comptent<\/h2>\n\n\n\n<p>Chez Laurent Nimeskern, la lutte contre le racisme et l\u2019antis\u00e9mitisme rel\u00e8ve de l\u2019engagement r\u00e9publicain. La fraternit\u00e9 entre les hommes passe par des droits, des dignit\u00e9s et des respects semblables. Et c\u2019est tr\u00e8s t\u00f4t qu\u2019il pense n\u00e9cessaire de semer les graines de cet humanisme. Les \u00e9tablissements scolaires sont alors le cadre par excellence o\u00f9 commencer \u00e0 faire r\u00e9fl\u00e9chir.<\/p>\n\n\n\n<p>D\u2019autant que pour lui les ambig\u00fcit\u00e9s s\u00e9mantiques sont nombreuses et dangereuses. La notion d\u2019\u00ab&nbsp;inclusivit\u00e9&nbsp;\u00bb qui, tout en se voulant ouverte, masque parfois le communautarisme. Il y voit comme une sacralisation des appartenances qui agit dans le sens d\u2019un \u00ab<em>&nbsp;morc\u00e8lement de la nation&nbsp;<\/em>\u00bb. Et s\u2019il ajoute \u00e0 ses terrains o\u00f9 toucher la jeunesse les clubs sportifs, c\u2019est qu\u2019ils font partie des cibles privil\u00e9gi\u00e9es d\u2019offensives communautaristes. La LICRA, au plan national, en fait d\u2019ailleurs un sujet important, tant lui semblent av\u00e9r\u00e9s les signes de man\u0153uvres concert\u00e9es.<\/p>\n\n\n\n<p>Laurent Nimeskern n\u2019est pas na\u00eff. Il sait que la jeunesse est particuli\u00e8rement sensible \u00e0 ce qui diff\u00e9rencie. L\u2019enseignant a v\u00e9cu fortement la loi de 2004 qui interdisait les manifestations ostentatoires d\u2019appartenance religieuse dans les \u00e9coles. Certains \u00e9l\u00e8ves y voyaient un interdit \u00e0 combattre. Quand il y voyait une \u00ab&nbsp;<em>protection contre les pressions d\u2019un groupe&nbsp;; une mesure de protection des convictions, une respiration la\u00efque<\/em>.&nbsp;\u00bb<\/p>\n\n\n\n<p>Et c\u2019est un enjeu cl\u00e9 de son engagement que d\u2019aider \u00e0 en d\u00e9cortiquer les sens des mots. C\u2019est pourquoi, il insiste par exemple sur le regard que porte la LICRA sur le terme \u00ab&nbsp;islamophobie&nbsp;\u00bb. \u00ab&nbsp;<em>Nous estimons que ce mot cr\u00e9e une confusion entre la critique d\u2019une religion \u2014 qui rel\u00e8ve de la libert\u00e9 d\u2019expression \u2014 et la haine dirig\u00e9e contre des personnes musulmanes \u2014 qui est du racisme. Nous consid\u00e9rons \u00e9galement que ce mot est utilis\u00e9 comme un outil politique pour limiter la critique de l\u2019islam en tant qu\u2019id\u00e9e. Nous pr\u00e9f\u00e9rons parler d\u2019\u00ab haine antimusulmans \u00bb ou de \u00ab racisme antimusulman \u00bb afin de nommer clairement les actes contre des personnes, sans en prot\u00e9ger juridiquement les id\u00e9es religieuses.&nbsp;<\/em>\u00bb<\/p>\n\n\n\n<h2 class=\"wp-block-heading\">Libre pens\u00e9e<\/h2>\n\n\n\n<p>Les id\u00e9es religieuses, \u00e0 ses yeux, n\u2019ont pas \u00e0 \u00eatre plus d\u00e9fendues que les id\u00e9es ath\u00e9es. Dit autrement, le refus du religieux n\u2019est pas plus condamnable que l\u2019engagement religieux. Il les situe \u00e0 un m\u00eame degr\u00e9 de rapport au monde.<\/p>\n\n\n\n<p>Mais justement, cette sym\u00e9trie entre croyance et incroyance est devenue, ces derni\u00e8res ann\u00e9es, un sujet de tension et parfois d\u2019incompr\u00e9hension. Et les d\u00e9bats se cristallisent souvent autour de l\u2019espace public, ce lieu partag\u00e9 o\u00f9 s\u2019exprime la citoyennet\u00e9 et o\u00f9 se construit le \u00ab&nbsp;vivre ensemble&nbsp;\u00bb.<\/p>\n\n\n\n<p>Laurent Nimeskern situe l\u2019enjeu de ces d\u00e9bats sous forme de questions qui parlent ici mieux que des affirmations. \u00ab&nbsp;<em>Comment, dans cet espace commun, concilier la libert\u00e9 de conscience et le respect des convictions de chacun ? Quel socle commun souhaitons-nous pr\u00e9server et transmettre ? Quelles pratiques, quelles attitudes, quelles expressions voulons-nous partager pour que la diversit\u00e9 n\u2019exclue jamais l\u2019unit\u00e9, et que la la\u00efcit\u00e9 demeure un principe de libert\u00e9 et de concorde plut\u00f4t qu\u2019un motif de division ?<\/em>&nbsp;\u00bb<\/p>\n\n\n\n<hr class=\"wp-block-separator has-alpha-channel-opacity\"\/>\n\n\n\n<h2 class=\"wp-block-heading\">Pour en savoir plus<\/h2>\n\n\n\n<p>Adresse mail de contact avec la LICRA\u00a0: lnimeskern@licra.org<\/p>\n\n\n\n<p><a id=\"_msocom_1\"><\/a><\/p>\n\n\n\n<p><\/p>\n","protected":false},"excerpt":{"rendered":"<p>Une section de la LICRA (Ligue internationale contre le racisme et l\u2019antis\u00e9mitisme) est pr\u00e9sente sur Antony et la ligne de Sceaux. Nous avons rencontr\u00e9 son pr\u00e9sident, Laurent Nimeskern. Au sein de l\u2019organisation, il pr\u00e9side par ailleurs la commission Education de la r\u00e9gion \u00cele-de-France qui organise des interventions dans les \u00e9tablissements&#8230;<\/p>\n","protected":false},"author":6,"featured_media":44857,"comment_status":"open","ping_status":"open","sticky":false,"template":"","format":"standard","meta":{"om_disable_all_campaigns":false,"_monsterinsights_skip_tracking":false,"_monsterinsights_sitenote_active":false,"_monsterinsights_sitenote_note":"","_monsterinsights_sitenote_category":0,"_uf_show_specific_survey":0,"_uf_disable_surveys":false,"footnotes":""},"categories":[267,261,265,263,266],"tags":[],"class_list":["post-44854","post","type-post","status-publish","format-standard","has-post-thumbnail","hentry","category-antony","category-associations","category-bourg-la-reine","category-chatenay-malabry","category-sceaux","entry","simple"],"yoast_head":"<!-- This site is optimized with the Yoast SEO plugin v25.6 - https:\/\/yoast.com\/wordpress\/plugins\/seo\/ -->\n<title>Laurent Nimeskern, la LICRA et la la\u00efcit\u00e9 - La Gazette<\/title>\n<meta name=\"description\" content=\"Laurent Nimeskern pr\u00e9side la section de LICRA des communes d&#039;Antony Sceaux et autour\" \/>\n<meta name=\"robots\" content=\"index, follow, max-snippet:-1, max-image-preview:large, max-video-preview:-1\" \/>\n<link rel=\"canonical\" href=\"https:\/\/sceaux-lagazette.fr\/index.php\/2025\/12\/02\/laurent-nimeskern-la-licra-et-la-laicite\/\" \/>\n<meta property=\"og:locale\" content=\"fr_FR\" \/>\n<meta property=\"og:type\" content=\"article\" \/>\n<meta property=\"og:title\" content=\"Laurent Nimeskern, la LICRA et la la\u00efcit\u00e9 - La Gazette\" \/>\n<meta property=\"og:description\" content=\"Laurent Nimeskern pr\u00e9side la section de LICRA des communes d&#039;Antony Sceaux et autour\" \/>\n<meta property=\"og:url\" content=\"https:\/\/sceaux-lagazette.fr\/index.php\/2025\/12\/02\/laurent-nimeskern-la-licra-et-la-laicite\/\" \/>\n<meta property=\"og:site_name\" content=\"La Gazette\" \/>\n<meta property=\"article:published_time\" content=\"2025-12-02T07:30:22+00:00\" \/>\n<meta property=\"og:image\" content=\"https:\/\/sceaux-lagazette.fr\/wp-content\/uploads\/2025\/11\/LICRA-Antony-07.09.2025-au-Forum-associations-Antony.jpg\" \/>\n\t<meta property=\"og:image:width\" content=\"788\" \/>\n\t<meta property=\"og:image:height\" content=\"498\" \/>\n\t<meta property=\"og:image:type\" content=\"image\/jpeg\" \/>\n<meta name=\"author\" content=\"Maurice Zytnicki\" \/>\n<meta name=\"twitter:card\" content=\"summary_large_image\" \/>\n<meta name=\"twitter:label1\" content=\"\u00c9crit par\" \/>\n\t<meta name=\"twitter:data1\" content=\"Maurice Zytnicki\" \/>\n\t<meta name=\"twitter:label2\" content=\"Dur\u00e9e de lecture estim\u00e9e\" \/>\n\t<meta name=\"twitter:data2\" content=\"7 minutes\" \/>\n<script type=\"application\/ld+json\" class=\"yoast-schema-graph\">{\"@context\":\"https:\/\/schema.org\",\"@graph\":[{\"@type\":\"Article\",\"@id\":\"https:\/\/sceaux-lagazette.fr\/index.php\/2025\/12\/02\/laurent-nimeskern-la-licra-et-la-laicite\/#article\",\"isPartOf\":{\"@id\":\"https:\/\/sceaux-lagazette.fr\/index.php\/2025\/12\/02\/laurent-nimeskern-la-licra-et-la-laicite\/\"},\"author\":{\"name\":\"Maurice Zytnicki\",\"@id\":\"https:\/\/sceaux-lagazette.fr\/#\/schema\/person\/060ab8fc058c4220d9079707a58da9f1\"},\"headline\":\"Laurent Nimeskern, la LICRA et la la\u00efcit\u00e9\",\"datePublished\":\"2025-12-02T07:30:22+00:00\",\"mainEntityOfPage\":{\"@id\":\"https:\/\/sceaux-lagazette.fr\/index.php\/2025\/12\/02\/laurent-nimeskern-la-licra-et-la-laicite\/\"},\"wordCount\":1319,\"commentCount\":0,\"publisher\":{\"@id\":\"https:\/\/sceaux-lagazette.fr\/#organization\"},\"image\":{\"@id\":\"https:\/\/sceaux-lagazette.fr\/index.php\/2025\/12\/02\/laurent-nimeskern-la-licra-et-la-laicite\/#primaryimage\"},\"thumbnailUrl\":\"https:\/\/sceaux-lagazette.fr\/wp-content\/uploads\/2025\/11\/LICRA-Antony-07.09.2025-au-Forum-associations-Antony.jpg\",\"articleSection\":[\"Antony\",\"Associations\",\"Bourg-la-Reine\",\"Ch\u00e2tenay-Malabry\",\"Sceaux\"],\"inLanguage\":\"fr-FR\",\"potentialAction\":[{\"@type\":\"CommentAction\",\"name\":\"Comment\",\"target\":[\"https:\/\/sceaux-lagazette.fr\/index.php\/2025\/12\/02\/laurent-nimeskern-la-licra-et-la-laicite\/#respond\"]}]},{\"@type\":\"WebPage\",\"@id\":\"https:\/\/sceaux-lagazette.fr\/index.php\/2025\/12\/02\/laurent-nimeskern-la-licra-et-la-laicite\/\",\"url\":\"https:\/\/sceaux-lagazette.fr\/index.php\/2025\/12\/02\/laurent-nimeskern-la-licra-et-la-laicite\/\",\"name\":\"Laurent Nimeskern, la LICRA et la la\u00efcit\u00e9 - La Gazette\",\"isPartOf\":{\"@id\":\"https:\/\/sceaux-lagazette.fr\/#website\"},\"primaryImageOfPage\":{\"@id\":\"https:\/\/sceaux-lagazette.fr\/index.php\/2025\/12\/02\/laurent-nimeskern-la-licra-et-la-laicite\/#primaryimage\"},\"image\":{\"@id\":\"https:\/\/sceaux-lagazette.fr\/index.php\/2025\/12\/02\/laurent-nimeskern-la-licra-et-la-laicite\/#primaryimage\"},\"thumbnailUrl\":\"https:\/\/sceaux-lagazette.fr\/wp-content\/uploads\/2025\/11\/LICRA-Antony-07.09.2025-au-Forum-associations-Antony.jpg\",\"datePublished\":\"2025-12-02T07:30:22+00:00\",\"description\":\"Laurent Nimeskern pr\u00e9side la section de LICRA des communes d'Antony Sceaux et autour\",\"breadcrumb\":{\"@id\":\"https:\/\/sceaux-lagazette.fr\/index.php\/2025\/12\/02\/laurent-nimeskern-la-licra-et-la-laicite\/#breadcrumb\"},\"inLanguage\":\"fr-FR\",\"potentialAction\":[{\"@type\":\"ReadAction\",\"target\":[\"https:\/\/sceaux-lagazette.fr\/index.php\/2025\/12\/02\/laurent-nimeskern-la-licra-et-la-laicite\/\"]}]},{\"@type\":\"ImageObject\",\"inLanguage\":\"fr-FR\",\"@id\":\"https:\/\/sceaux-lagazette.fr\/index.php\/2025\/12\/02\/laurent-nimeskern-la-licra-et-la-laicite\/#primaryimage\",\"url\":\"https:\/\/sceaux-lagazette.fr\/wp-content\/uploads\/2025\/11\/LICRA-Antony-07.09.2025-au-Forum-associations-Antony.jpg\",\"contentUrl\":\"https:\/\/sceaux-lagazette.fr\/wp-content\/uploads\/2025\/11\/LICRA-Antony-07.09.2025-au-Forum-associations-Antony.jpg\",\"width\":788,\"height\":498},{\"@type\":\"BreadcrumbList\",\"@id\":\"https:\/\/sceaux-lagazette.fr\/index.php\/2025\/12\/02\/laurent-nimeskern-la-licra-et-la-laicite\/#breadcrumb\",\"itemListElement\":[{\"@type\":\"ListItem\",\"position\":1,\"name\":\"Accueil\",\"item\":\"https:\/\/sceaux-lagazette.fr\/\"},{\"@type\":\"ListItem\",\"position\":2,\"name\":\"Laurent Nimeskern, la LICRA et la la\u00efcit\u00e9\"}]},{\"@type\":\"WebSite\",\"@id\":\"https:\/\/sceaux-lagazette.fr\/#website\",\"url\":\"https:\/\/sceaux-lagazette.fr\/\",\"name\":\"La Gazette\",\"description\":\"Bourg-la-Reine, Ch\u00e2tenay, Fontenay, Sceaux\",\"publisher\":{\"@id\":\"https:\/\/sceaux-lagazette.fr\/#organization\"},\"potentialAction\":[{\"@type\":\"SearchAction\",\"target\":{\"@type\":\"EntryPoint\",\"urlTemplate\":\"https:\/\/sceaux-lagazette.fr\/?s={search_term_string}\"},\"query-input\":{\"@type\":\"PropertyValueSpecification\",\"valueRequired\":true,\"valueName\":\"search_term_string\"}}],\"inLanguage\":\"fr-FR\"},{\"@type\":\"Organization\",\"@id\":\"https:\/\/sceaux-lagazette.fr\/#organization\",\"name\":\"La Gazette\",\"url\":\"https:\/\/sceaux-lagazette.fr\/\",\"logo\":{\"@type\":\"ImageObject\",\"inLanguage\":\"fr-FR\",\"@id\":\"https:\/\/sceaux-lagazette.fr\/#\/schema\/logo\/image\/\",\"url\":\"https:\/\/sceaux-lagazette.fr\/wp-content\/uploads\/2025\/08\/Logo-Gazette-Aout-2025-V3.jpg\",\"contentUrl\":\"https:\/\/sceaux-lagazette.fr\/wp-content\/uploads\/2025\/08\/Logo-Gazette-Aout-2025-V3.jpg\",\"width\":525,\"height\":130,\"caption\":\"La Gazette\"},\"image\":{\"@id\":\"https:\/\/sceaux-lagazette.fr\/#\/schema\/logo\/image\/\"}},{\"@type\":\"Person\",\"@id\":\"https:\/\/sceaux-lagazette.fr\/#\/schema\/person\/060ab8fc058c4220d9079707a58da9f1\",\"name\":\"Maurice Zytnicki\",\"image\":{\"@type\":\"ImageObject\",\"inLanguage\":\"fr-FR\",\"@id\":\"https:\/\/sceaux-lagazette.fr\/#\/schema\/person\/image\/\",\"url\":\"https:\/\/secure.gravatar.com\/avatar\/d94d30d6fa0e9cb7af48a89366fc0cdb?s=96&r=g\",\"contentUrl\":\"https:\/\/secure.gravatar.com\/avatar\/d94d30d6fa0e9cb7af48a89366fc0cdb?s=96&r=g\",\"caption\":\"Maurice Zytnicki\"},\"url\":\"https:\/\/sceaux-lagazette.fr\/index.php\/author\/maurice\/\"}]}<\/script>\n<!-- \/ Yoast SEO plugin. -->","yoast_head_json":{"title":"Laurent Nimeskern, la LICRA et la la\u00efcit\u00e9 - La Gazette","description":"Laurent Nimeskern pr\u00e9side la section de LICRA des communes d'Antony Sceaux et autour","robots":{"index":"index","follow":"follow","max-snippet":"max-snippet:-1","max-image-preview":"max-image-preview:large","max-video-preview":"max-video-preview:-1"},"canonical":"https:\/\/sceaux-lagazette.fr\/index.php\/2025\/12\/02\/laurent-nimeskern-la-licra-et-la-laicite\/","og_locale":"fr_FR","og_type":"article","og_title":"Laurent Nimeskern, la LICRA et la la\u00efcit\u00e9 - La Gazette","og_description":"Laurent Nimeskern pr\u00e9side la section de LICRA des communes d'Antony Sceaux et autour","og_url":"https:\/\/sceaux-lagazette.fr\/index.php\/2025\/12\/02\/laurent-nimeskern-la-licra-et-la-laicite\/","og_site_name":"La Gazette","article_published_time":"2025-12-02T07:30:22+00:00","og_image":[{"width":788,"height":498,"url":"https:\/\/sceaux-lagazette.fr\/wp-content\/uploads\/2025\/11\/LICRA-Antony-07.09.2025-au-Forum-associations-Antony.jpg","type":"image\/jpeg"}],"author":"Maurice Zytnicki","twitter_card":"summary_large_image","twitter_misc":{"\u00c9crit par":"Maurice Zytnicki","Dur\u00e9e de lecture estim\u00e9e":"7 minutes"},"schema":{"@context":"https:\/\/schema.org","@graph":[{"@type":"Article","@id":"https:\/\/sceaux-lagazette.fr\/index.php\/2025\/12\/02\/laurent-nimeskern-la-licra-et-la-laicite\/#article","isPartOf":{"@id":"https:\/\/sceaux-lagazette.fr\/index.php\/2025\/12\/02\/laurent-nimeskern-la-licra-et-la-laicite\/"},"author":{"name":"Maurice Zytnicki","@id":"https:\/\/sceaux-lagazette.fr\/#\/schema\/person\/060ab8fc058c4220d9079707a58da9f1"},"headline":"Laurent Nimeskern, la LICRA et la la\u00efcit\u00e9","datePublished":"2025-12-02T07:30:22+00:00","mainEntityOfPage":{"@id":"https:\/\/sceaux-lagazette.fr\/index.php\/2025\/12\/02\/laurent-nimeskern-la-licra-et-la-laicite\/"},"wordCount":1319,"commentCount":0,"publisher":{"@id":"https:\/\/sceaux-lagazette.fr\/#organization"},"image":{"@id":"https:\/\/sceaux-lagazette.fr\/index.php\/2025\/12\/02\/laurent-nimeskern-la-licra-et-la-laicite\/#primaryimage"},"thumbnailUrl":"https:\/\/sceaux-lagazette.fr\/wp-content\/uploads\/2025\/11\/LICRA-Antony-07.09.2025-au-Forum-associations-Antony.jpg","articleSection":["Antony","Associations","Bourg-la-Reine","Ch\u00e2tenay-Malabry","Sceaux"],"inLanguage":"fr-FR","potentialAction":[{"@type":"CommentAction","name":"Comment","target":["https:\/\/sceaux-lagazette.fr\/index.php\/2025\/12\/02\/laurent-nimeskern-la-licra-et-la-laicite\/#respond"]}]},{"@type":"WebPage","@id":"https:\/\/sceaux-lagazette.fr\/index.php\/2025\/12\/02\/laurent-nimeskern-la-licra-et-la-laicite\/","url":"https:\/\/sceaux-lagazette.fr\/index.php\/2025\/12\/02\/laurent-nimeskern-la-licra-et-la-laicite\/","name":"Laurent Nimeskern, la LICRA et la la\u00efcit\u00e9 - La Gazette","isPartOf":{"@id":"https:\/\/sceaux-lagazette.fr\/#website"},"primaryImageOfPage":{"@id":"https:\/\/sceaux-lagazette.fr\/index.php\/2025\/12\/02\/laurent-nimeskern-la-licra-et-la-laicite\/#primaryimage"},"image":{"@id":"https:\/\/sceaux-lagazette.fr\/index.php\/2025\/12\/02\/laurent-nimeskern-la-licra-et-la-laicite\/#primaryimage"},"thumbnailUrl":"https:\/\/sceaux-lagazette.fr\/wp-content\/uploads\/2025\/11\/LICRA-Antony-07.09.2025-au-Forum-associations-Antony.jpg","datePublished":"2025-12-02T07:30:22+00:00","description":"Laurent Nimeskern pr\u00e9side la section de LICRA des communes d'Antony Sceaux et autour","breadcrumb":{"@id":"https:\/\/sceaux-lagazette.fr\/index.php\/2025\/12\/02\/laurent-nimeskern-la-licra-et-la-laicite\/#breadcrumb"},"inLanguage":"fr-FR","potentialAction":[{"@type":"ReadAction","target":["https:\/\/sceaux-lagazette.fr\/index.php\/2025\/12\/02\/laurent-nimeskern-la-licra-et-la-laicite\/"]}]},{"@type":"ImageObject","inLanguage":"fr-FR","@id":"https:\/\/sceaux-lagazette.fr\/index.php\/2025\/12\/02\/laurent-nimeskern-la-licra-et-la-laicite\/#primaryimage","url":"https:\/\/sceaux-lagazette.fr\/wp-content\/uploads\/2025\/11\/LICRA-Antony-07.09.2025-au-Forum-associations-Antony.jpg","contentUrl":"https:\/\/sceaux-lagazette.fr\/wp-content\/uploads\/2025\/11\/LICRA-Antony-07.09.2025-au-Forum-associations-Antony.jpg","width":788,"height":498},{"@type":"BreadcrumbList","@id":"https:\/\/sceaux-lagazette.fr\/index.php\/2025\/12\/02\/laurent-nimeskern-la-licra-et-la-laicite\/#breadcrumb","itemListElement":[{"@type":"ListItem","position":1,"name":"Accueil","item":"https:\/\/sceaux-lagazette.fr\/"},{"@type":"ListItem","position":2,"name":"Laurent Nimeskern, la LICRA et la la\u00efcit\u00e9"}]},{"@type":"WebSite","@id":"https:\/\/sceaux-lagazette.fr\/#website","url":"https:\/\/sceaux-lagazette.fr\/","name":"La Gazette","description":"Bourg-la-Reine, Ch\u00e2tenay, Fontenay, Sceaux","publisher":{"@id":"https:\/\/sceaux-lagazette.fr\/#organization"},"potentialAction":[{"@type":"SearchAction","target":{"@type":"EntryPoint","urlTemplate":"https:\/\/sceaux-lagazette.fr\/?s={search_term_string}"},"query-input":{"@type":"PropertyValueSpecification","valueRequired":true,"valueName":"search_term_string"}}],"inLanguage":"fr-FR"},{"@type":"Organization","@id":"https:\/\/sceaux-lagazette.fr\/#organization","name":"La Gazette","url":"https:\/\/sceaux-lagazette.fr\/","logo":{"@type":"ImageObject","inLanguage":"fr-FR","@id":"https:\/\/sceaux-lagazette.fr\/#\/schema\/logo\/image\/","url":"https:\/\/sceaux-lagazette.fr\/wp-content\/uploads\/2025\/08\/Logo-Gazette-Aout-2025-V3.jpg","contentUrl":"https:\/\/sceaux-lagazette.fr\/wp-content\/uploads\/2025\/08\/Logo-Gazette-Aout-2025-V3.jpg","width":525,"height":130,"caption":"La Gazette"},"image":{"@id":"https:\/\/sceaux-lagazette.fr\/#\/schema\/logo\/image\/"}},{"@type":"Person","@id":"https:\/\/sceaux-lagazette.fr\/#\/schema\/person\/060ab8fc058c4220d9079707a58da9f1","name":"Maurice Zytnicki","image":{"@type":"ImageObject","inLanguage":"fr-FR","@id":"https:\/\/sceaux-lagazette.fr\/#\/schema\/person\/image\/","url":"https:\/\/secure.gravatar.com\/avatar\/d94d30d6fa0e9cb7af48a89366fc0cdb?s=96&r=g","contentUrl":"https:\/\/secure.gravatar.com\/avatar\/d94d30d6fa0e9cb7af48a89366fc0cdb?s=96&r=g","caption":"Maurice Zytnicki"},"url":"https:\/\/sceaux-lagazette.fr\/index.php\/author\/maurice\/"}]}},"cc_featured_image_caption":{"caption_text":"Membres du bureau de la LICRA. Photo LN","source_text":"","source_url":""},"_links":{"self":[{"href":"https:\/\/sceaux-lagazette.fr\/index.php\/wp-json\/wp\/v2\/posts\/44854"}],"collection":[{"href":"https:\/\/sceaux-lagazette.fr\/index.php\/wp-json\/wp\/v2\/posts"}],"about":[{"href":"https:\/\/sceaux-lagazette.fr\/index.php\/wp-json\/wp\/v2\/types\/post"}],"author":[{"embeddable":true,"href":"https:\/\/sceaux-lagazette.fr\/index.php\/wp-json\/wp\/v2\/users\/6"}],"replies":[{"embeddable":true,"href":"https:\/\/sceaux-lagazette.fr\/index.php\/wp-json\/wp\/v2\/comments?post=44854"}],"version-history":[{"count":2,"href":"https:\/\/sceaux-lagazette.fr\/index.php\/wp-json\/wp\/v2\/posts\/44854\/revisions"}],"predecessor-version":[{"id":44859,"href":"https:\/\/sceaux-lagazette.fr\/index.php\/wp-json\/wp\/v2\/posts\/44854\/revisions\/44859"}],"wp:featuredmedia":[{"embeddable":true,"href":"https:\/\/sceaux-lagazette.fr\/index.php\/wp-json\/wp\/v2\/media\/44857"}],"wp:attachment":[{"href":"https:\/\/sceaux-lagazette.fr\/index.php\/wp-json\/wp\/v2\/media?parent=44854"}],"wp:term":[{"taxonomy":"category","embeddable":true,"href":"https:\/\/sceaux-lagazette.fr\/index.php\/wp-json\/wp\/v2\/categories?post=44854"},{"taxonomy":"post_tag","embeddable":true,"href":"https:\/\/sceaux-lagazette.fr\/index.php\/wp-json\/wp\/v2\/tags?post=44854"}],"curies":[{"name":"wp","href":"https:\/\/api.w.org\/{rel}","templated":true}]}}