{"id":44531,"date":"2025-10-17T11:04:22","date_gmt":"2025-10-17T09:04:22","guid":{"rendered":"https:\/\/sceaux-lagazette.fr\/?p=44531"},"modified":"2025-10-17T11:04:25","modified_gmt":"2025-10-17T09:04:25","slug":"evenements-pendant-les-vacances-de-la-toussaint","status":"publish","type":"post","link":"https:\/\/sceaux-lagazette.fr\/index.php\/2025\/10\/17\/evenements-pendant-les-vacances-de-la-toussaint\/","title":{"rendered":"Ev\u00e9nements pendant les vacances de la Toussaint"},"content":{"rendered":"\n<p>Place est faite aux enfants. Avec les vacances de la Toussaint qui commencent, l\u2019offre d\u2019activit\u00e9s \u00e0 leur endroit est particuli\u00e8rement riche. Attention, elles sont le plus souvent sur r\u00e9servation et certaines payantes. Pour les d\u00e9tails, reportez-vous \u00e0 la presse municipale (les liens sont en fin d\u2019article). De m\u00eame, les adresses des lieux sont donn\u00e9es en fin d\u2019article.<\/p>\n\n\n\n<p>Nous donnons \u00e9galement une s\u00e9lection d\u2019\u00e9v\u00e9nements pour adultes.<\/p>\n\n\n\n<h1 class=\"wp-block-heading has-text-align-center has-vivid-red-color has-text-color has-link-color wp-elements-a2778b2d7bf8abebcc8b22b2384cca61\"><strong>Enfants \/ Jeunes<\/strong><\/h1>\n\n\n\n<h2 class=\"wp-block-heading\">Bourg-la-Reine<\/h2>\n\n\n\n<ul class=\"wp-block-list\">\n<li>Samedi 18 octobre \u00e0 15h30. <strong>Tournoi de jeux vid\u00e9o, Boomerang Fu<\/strong> ! A partir de 7 ans. M\u00e9diath\u00e8que.<\/li>\n\n\n\n<li>Les mercredis 22 et 29 octobre de 11h \u00e0 12h, les vendredis 24 et 31 octobre et de 17h \u00e0 18h, les mardis 21 et 28 octobre de 15h \u00e0 17h\u00a0: <strong>Jeux vid\u00e9o <\/strong>(\u00c0 partir de 7 ans). M\u00e9diath\u00e8que.<\/li>\n\n\n\n<li>Les mercredis 22 et 29 octobre de 14h \u00e0 16h, samedis 18 et 25 octobre de 14h \u00e0 18h\u00a0: <strong>Histoire des arts <\/strong>avec le conservatoire. Tous publics. M\u00e9diath\u00e8que.<\/li>\n\n\n\n<li>Du lundi 20 au vendredi 31 octobre, 10h-12h : <strong>Futsal, dojo, jeux de soci\u00e9t\u00e9<\/strong>. Trois-M\u00e2ts.<\/li>\n\n\n\n<li>Jeudi 23 octobre, 8h30-18h :<strong> Sortie \u00ab\u00a0Trempoline park\u00a0\u00bb \u00e0 Palaiseau<\/strong>. Trois-M\u00e2ts.<\/li>\n\n\n\n<li>Vendredi 24 octobre et vendredi 31, 14h-18h : <strong>Atelier \u00ab\u00a0Top Chef\u00a0\u00bb<\/strong>. Trois-M\u00e2ts.<\/li>\n\n\n\n<li>Jeudi 30 octobre, 14h-18h : <strong>Sortie patinoire Meudon<\/strong>. Trois-M\u00e2ts.<\/li>\n<\/ul>\n\n\n\n<h2 class=\"wp-block-heading\">Ch\u00e2tenay-Malabry<\/h2>\n\n\n\n<ul class=\"wp-block-list\">\n<li>Dimanche 19 octobre, 16h-18h\u00a0<strong>: Les enfants racontent une histoire imagin\u00e9e<\/strong> avec Leporello (livre qui se d\u00e9plie comme un accord\u00e9on). Maison de Chateaubriand.<\/li>\n\n\n\n<li>Du lundi 20 au vendredi 24 octobre (5 jours)\u00a0: <strong>Stage de th\u00e9\u00e2tre<\/strong> (6-12 ans). Salle La Briaude.<\/li>\n\n\n\n<li>Du lundi 20 au vendredi 24 octobre (5 jours)\u00a0: <strong>Stage de cr\u00e9ation de mangas<\/strong>, (12-17 ans). Maison de Chateaubriand.<\/li>\n\n\n\n<li>Du mardi 21 au vendredi 31 octobre\u00a0: <strong>Deux \u00ab Semaines de la peur \u00bb autour d\u2019Halloween<\/strong>. Animations \u00e0 la M\u00e9diath\u00e8que (7-9 rue des Vall\u00e9e) et la Biblioth\u00e8que Louis Aragon (place L\u00e9on Blum).<\/li>\n\n\n\n<li>Dimanche 26 octobre, 15h-17h\u00a0: <strong>D\u00e9couverte du mat\u00e9riel d\u2019un \u00e9crivain du XIXe si\u00e8cle<\/strong>. \u00c0 partir de 6 ans. Maison de Chateaubriand.<\/li>\n\n\n\n<li>Du lundi 27 au vendredi 31 octobre, de 14h \u00e0 16h\u00a0: <strong>D\u00e9couvrir la nature autrement et en anglais<\/strong>. De 12 \u00e0 17 ans. Cap Jeunes.<\/li>\n\n\n\n<li>Mercredi 29 octobre, dur\u00e9e 2h\u00a0: <em>Moi, Catalpa de monsieur de Chateaubriand<\/em>, A<strong>telier d\u2019\u00e9criture et d\u00e9couverte du parc de Chateaubriand<\/strong>. 8-12 ans.<\/li>\n<\/ul>\n\n\n\n<h2 class=\"wp-block-heading\">Fontenay<\/h2>\n\n\n\n<ul class=\"wp-block-list\">\n<li>Samedi 18 octobre, 10h-12h\u00a0: <strong>Atelier floral<\/strong>. Parent\/enfant. CCJL.<\/li>\n\n\n\n<li>Samedi 18 octobre, 10h30\u00a0: <strong>Histoires \u00e0 faire peur.<\/strong> \u00c0 partir de 3 ans. M\u00e9diath\u00e8que.<\/li>\n\n\n\n<li>Du 20 au 24 octobre,10h-12h\u00a0: <strong>Stage arts plastiques.<\/strong> 6-12 ans. CCJL.<\/li>\n\n\n\n<li>Du 20 au 24 octobre, 10h-16h\u00a0: <strong>Stages multisports.<\/strong> Du CP au CM2. Gymnase du Parc,<\/li>\n\n\n\n<li>Du 20 au 24 octobre, 10h30-12h\u00a0: \u00a0<strong>Stage Rythmes et percussions<\/strong>. \u00c0 partir de 7 ans Maison de la Musique et de la Danse.<\/li>\n\n\n\n<li>Du 20 au 24 octobre, 14h-16h\u00a0: <strong>Stage BD manga<\/strong>. 9-16 ans. CCJL.<\/li>\n\n\n\n<li>Du 27 au 30 octobre,10h-12h\u00a0: <strong>Stage Cr\u00e9ations 3D<\/strong>. 6-12 ans. CCJL.<\/li>\n\n\n\n<li>Du 27 au 30 octobre,10h-12h\u00a0: <strong>Stage \u00c9checs<\/strong>. \u00c0 partir de 7 ans. CCJL.<\/li>\n\n\n\n<li>Du 27 au 30 octobre,14h-16h\u00a0: <strong>Stage Initiation \u00e0 la magie<\/strong>. 7-12 ans. CCJL.<\/li>\n\n\n\n<li>Du 27 au 30 octobre,14h-17h\u00a0: <strong>Stage de hip hop<\/strong>. Maison de quartier des Paradis.<\/li>\n\n\n\n<li>Du 27 au 30 octobre,10h-16h\u00a0: <strong>Stages multisports.<\/strong> Du CP au CM2. Gymnase du Parc.<\/li>\n\n\n\n<li>Du 28 au 30 octobre, 16h30-18h\u00a0: <strong>Atelier cr\u00e9atif Sp\u00e9cial Halloween<\/strong>. Maison de quartier des Paradis.<\/li>\n<\/ul>\n\n\n\n<h2 class=\"wp-block-heading\">Sceaux<\/h2>\n\n\n\n<ul class=\"wp-block-list\">\n<li>Samedi 18 octobre \u00e0 10h30 et \u00e0 16h30\u00a0: <strong>Initiation \u00e0 l\u2019architecture<\/strong> (5 \u00e0 10 ans) et cr\u00e9ation d\u2019une maquette individuelle. Voir Maison du tourisme.<\/li>\n\n\n\n<li>Mardi 21 octobre, 10h30\u00a0: <strong>Raconte sur le tapis d\u2019\u00e9veil.<\/strong> De 1 \u00e0 5 ans. Pavillon de l\u2019Aurore au domaine de Sceaux.<\/li>\n\n\n\n<li>Mardi 21 octobre, 14h-16h\u00a0: Une lettre anonyme est arriv\u00e9e au Ch\u00e2teau\u2026 <strong>Jeu de piste en \u00e9quipes<\/strong>, parents et enfants. Mus\u00e9e d\u00e9partemental du ch\u00e2teau de Sceaux.<\/li>\n\n\n\n<li>Mardi 21 octobre, 15h <strong>Jeux de soci\u00e9t\u00e9 en famille ou entre amis<\/strong>. A partir de 4 ans. Biblioth\u00e8que<\/li>\n\n\n\n<li>Mercredi 22 octobre, 15h\u00a0: <strong>Dict\u00e9e interg\u00e9n\u00e9rationnelle<\/strong>. R\u00e9sidence Les Imberg\u00e8res.<\/li>\n\n\n\n<li>Jeudi 23 octobre,15h\u00a0: <strong>Rendez-vous des gamers<\/strong>. A partir de 8 ans. La Biblioth\u00e8que.<\/li>\n\n\n\n<li>Mardi 28 octobre, 10h30-12h\u00a0: <strong>Sceaux en musique<\/strong>\u00a0! A partir de 8 ans. Ch\u00e2teau de Sceaux, mus\u00e9e d\u00e9partemental<\/li>\n\n\n\n<li>Mardi 28 octobre,14h-16h\u00a0: <strong>Enqu\u00eate \u00e0 Sceaux <\/strong>Une lettre anonyme est arriv\u00e9e au Ch\u00e2teau : \u00ab J\u2019ai quelque chose \u00e0 vous<\/li>\n\n\n\n<li>Mardi 28 octobre,15h\u00a0: <strong>Jeux de soci\u00e9t\u00e9 Jouez en famille<\/strong> (\u00e0 partir de 4 ans) ou entre amis \u00e0 une s\u00e9lection de jeux de soci\u00e9t\u00e9. La Biblioth\u00e8que<\/li>\n\n\n\n<li>Vendredi 31 octobre, 16h30\u00a0: <strong>Visite de \u00ab\u00a0l\u2019effroi\u00a0\u00bb dans les rues de Sceaux<\/strong>. Rendez-vous \u00e0 l\u2019entr\u00e9e du cimeti\u00e8re, 174 rue Houdan.<\/li>\n\n\n\n<li>Vendredi 31 octobre, 17h-19h\u00a0: <strong>Soir\u00e9e Loups-garous<\/strong>. D\u00e8s 12 ans. D\u00e9guisements bienvenus\u00a0! La Biblioth\u00e8que.<\/li>\n<\/ul>\n\n\n\n<h1 class=\"wp-block-heading has-text-align-center has-vivid-red-color has-text-color has-link-color wp-elements-301ff8afc6c1c78a4c66e53905e84bf7\"><strong>Visites, spectacles et conf\u00e9rences<\/strong><\/h1>\n\n\n\n<h2 class=\"wp-block-heading\">Bourg-la-Reine<\/h2>\n\n\n\n<ul class=\"wp-block-list\">\n<li>Samedi 18 octobre, de 10h \u00e0 12h et de 14h \u00e0 17h\u00a0: V<strong>isite de la collection du c\u00e9ramiste Dalpayrat<\/strong>. 43, avenue du G\u00e9n\u00e9ral-Leclerc.<\/li>\n<\/ul>\n\n\n\n<h2 class=\"wp-block-heading\">Ch\u00e2tenay-Malabry<\/h2>\n\n\n\n<ul class=\"wp-block-list\">\n<li>Samedi 18 octobre, 15h-16h30\u00a0: <strong>D\u00e9couverte du parc de la Maison de Chateaubriand<\/strong>.<\/li>\n\n\n\n<li>Samedi 25 octobre, 15h-16h\u00a0: <strong>Visite th\u00e9\u00e2tralis\u00e9e de la maison de Chateaubriand.<\/strong><\/li>\n\n\n\n<li>Jeudi 23 octobre, 20h\u00a0: <strong>Concert Arman M\u00e9li\u00e8s <\/strong>sur le nouvel album Ambrosia. P\u00e9diluve. Bar et restauration l\u00e9g\u00e8re d\u00e8s 19h15 et apr\u00e8s le concert.<\/li>\n\n\n\n<li>Jeudi 30 octobre, 20h\u00a0:<strong> Concert musique guyanaise et amazonienne<\/strong>. P\u00e9diluve. Bar et restauration l\u00e9g\u00e8re d\u00e8s 19h15 et apr\u00e8s le concert.<\/li>\n\n\n\n<li>Jusqu\u2019au samedi 1er novembre\u00a0: <strong>Exposition d\u2019une partie des \u0153uvres du patrimoine du Lions<\/strong>. Pavillon des Arts et du Patrimoine.<\/li>\n<\/ul>\n\n\n\n<h2 class=\"wp-block-heading\">Fontenay<\/h2>\n\n\n\n<ul class=\"wp-block-list\">\n<li>Jusqu\u2019au 26 octobre\u00a0: <em>T\u00e9lescopages et ravissements<\/em>, <strong>exposition peintures et sculptures<\/strong>. Espace Rosa Bonheur.<\/li>\n\n\n\n<li>Samedi 25octobre, 18h\u00a0: <strong>Conf\u00e9rence sur <em>Le D\u00e9nombrement de Bethl\u00e9em <\/em><\/strong>(1610-1620), toile de Pieter Brueghel le Jeune. M\u00e9diath\u00e8que.<\/li>\n<\/ul>\n\n\n\n<h2 class=\"wp-block-heading\">Sceaux<\/h2>\n\n\n\n<ul class=\"wp-block-list\">\n<li>Samedi 18 octobre,\u00a010h\u00a0: <strong>Pr\u00e9sentation de chantier de la future r\u00e9sidence Kominka <\/strong>situ\u00e9e rue du Lyc\u00e9e, en compagnie de l\u2019architecte du projet.<\/li>\n\n\n\n<li>Samedi 18 octobre, visites \u00e0 10h, 11h, 12h, 14h, 15h, 16h et 17h\u00a0: <strong>Exposition<\/strong> <em>Le livre d\u2019artiste \u2013 Un monde en soi<\/em>. Maison-atelier d\u2019Andr\u00e9 Lur\u00e7at, 21 rue Paul Couderc.<\/li>\n\n\n\n<li>Samedi 18 octobre, 10h-13h\u00a0: <strong>D\u00e9dicace avec No\u00eblle Herrenschmidt<\/strong> de son nouvel ouvrage <em>Promenade amoureuse dans Sceaux<\/em>. Maison du tourisme.<\/li>\n\n\n\n<li>Samedi 18 octobre, 14h30\u00a0: <strong>Visite du lotissement du parc de Sceaux<\/strong> avec Corinne Jager.<\/li>\n<\/ul>\n\n\n\n<hr class=\"wp-block-separator has-alpha-channel-opacity\"\/>\n\n\n\n<h2 class=\"wp-block-heading\">Vers les magazines des communes<\/h2>\n\n\n\n<ul class=\"wp-block-list\">\n<li><strong>Agenda&nbsp;<a href=\"https:\/\/www.bourg-la-reine.fr\/10585-blr-magazine.htm\" target=\"_blank\" rel=\"noreferrer noopener\">Bourg-la Reine<\/a><\/strong><\/li>\n\n\n\n<li><strong>Agenda <a href=\"https:\/\/www.chatenay-malabry.fr\/publications-magazines\/\" target=\"_blank\" rel=\"noreferrer noopener\">Ch\u00e2tenay-Malabry<\/a><\/strong><\/li>\n\n\n\n<li><strong>Agenda&nbsp;<a href=\"https:\/\/www.fontenay-aux-roses.fr\/le-kiosque\/?currentCat=Fontenay+Mag\" target=\"_blank\" rel=\"noreferrer noopener\">Fontenay-aux-Roses<\/a><\/strong><\/li>\n\n\n\n<li><strong>Agenda <a href=\"https:\/\/www.sceaux.fr\/publications\" target=\"_blank\" rel=\"noreferrer noopener\">Sceaux<\/a><\/strong><\/li>\n<\/ul>\n\n\n\n<hr class=\"wp-block-separator has-alpha-channel-opacity\"\/>\n\n\n\n<h1 class=\"wp-block-heading has-text-align-center\">Adresses<\/h1>\n\n\n\n<h2 class=\"wp-block-heading\">Bourg-la-Reine<\/h2>\n\n\n\n<ul class=\"wp-block-list\">\n<li>Conservatoire de Bourg-la-Reine\/Sceaux, 11\/13 boulevard Carnot.<\/li>\n\n\n\n<li>Le Trois-m\u00e2ts&nbsp;: 18 avenue de Montrouge.<\/li>\n\n\n\n<li>M\u00e9diath\u00e8que Fran\u00e7ois Villon, 2-4 rue Le Bouvier.<\/li>\n\n\n\n<li>Mus\u00e9e Dalpayrat&nbsp;: 43, avenue du G\u00e9n\u00e9ral-Leclerc.<\/li>\n<\/ul>\n\n\n\n<h2 class=\"wp-block-heading\">Ch\u00e2tenay-Malabry<\/h2>\n\n\n\n<ul class=\"wp-block-list\">\n<li>Biblioth\u00e8que Louis Aragon, place L\u00e9on Blum.<\/li>\n\n\n\n<li>Cap Jeunes, 64 rue Jean Longuet.<\/li>\n\n\n\n<li>Maison de Chateaubriand, 87 rue de Chateaubriand.<\/li>\n\n\n\n<li>M\u00e9diath\u00e8que, 7-9 rue des Vall\u00e9es.<\/li>\n\n\n\n<li>Pavillon des Arts et du Patrimoine, 98 rue Jean Longuet.<\/li>\n\n\n\n<li>P\u00e9diluve, 254 avenue de la Division Leclerc.<\/li>\n\n\n\n<li>Salle La Briaude, 166 avenue de la Division Leclerc.<\/li>\n<\/ul>\n\n\n\n<h2 class=\"wp-block-heading\">Fontenay-aux-Roses<\/h2>\n\n\n\n<ul class=\"wp-block-list\">\n<li>CCJL (Centre culturel Jeunesse et Loisirs), 10 place du Ch\u00e2teau Sainte-Barbe.<\/li>\n\n\n\n<li>Espace Rosa Bonheur, 20, avenue Jean Moulin.<\/li>\n\n\n\n<li>Gymnase du Parc, 7 avenue du Parc.<\/li>\n\n\n\n<li>Maison de la Musique et de la Danse, 10 place du G\u00e9n\u00e9ral de Gaulle.<\/li>\n\n\n\n<li>M\u00e9diath\u00e8que, 6 place du Ch\u00e2teau Sainte-Barbe.<\/li>\n<\/ul>\n\n\n\n<h2 class=\"wp-block-heading\">Sceaux<\/h2>\n\n\n\n<ul class=\"wp-block-list\">\n<li>Biblioth\u00e8que, 7 rue Honor\u00e9-de-Balzac<\/li>\n\n\n\n<li>CSCB (Centre Social et Culturel des Blagis), 2 Rue du Docteur Roux,<\/li>\n\n\n\n<li>Maison du tourisme, 70 rue Houdan<\/li>\n\n\n\n<li>Maison-atelier d\u2019Andr\u00e9 Lur\u00e7at, 21 rue Paul Couderc<\/li>\n\n\n\n<li>MJC, 21 rue des \u00c9coles.<\/li>\n\n\n\n<li>R\u00e9sidence Les Imberg\u00e8res, 19 rue des Imberg\u00e8res<\/li>\n<\/ul>\n\n\n\n<p><\/p>\n","protected":false},"excerpt":{"rendered":"<p>Place est faite aux enfants. Avec les vacances de la Toussaint qui commencent, l\u2019offre d\u2019activit\u00e9s \u00e0 leur endroit est particuli\u00e8rement riche. Attention, elles sont le plus souvent sur r\u00e9servation et certaines payantes. Pour les d\u00e9tails, reportez-vous \u00e0 la presse municipale (les liens sont en fin d\u2019article). De m\u00eame, les adresses&#8230;<\/p>\n","protected":false},"author":20,"featured_media":44536,"comment_status":"open","ping_status":"open","sticky":false,"template":"","format":"standard","meta":{"om_disable_all_campaigns":false,"_monsterinsights_skip_tracking":false,"_monsterinsights_sitenote_active":false,"_monsterinsights_sitenote_note":"","_monsterinsights_sitenote_category":0,"_uf_show_specific_survey":0,"_uf_disable_surveys":false,"footnotes":""},"categories":[265,263,264,266],"tags":[],"class_list":["post-44531","post","type-post","status-publish","format-standard","has-post-thumbnail","hentry","category-bourg-la-reine","category-chatenay-malabry","category-fontenay-aux-roses","category-sceaux","entry","simple"],"yoast_head":"<!-- This site is optimized with the Yoast SEO plugin v25.6 - https:\/\/yoast.com\/wordpress\/plugins\/seo\/ -->\n<title>Ev\u00e9nements pendant les vacances de la Toussaint - La Gazette<\/title>\n<meta name=\"robots\" content=\"index, follow, max-snippet:-1, max-image-preview:large, max-video-preview:-1\" \/>\n<link rel=\"canonical\" href=\"https:\/\/sceaux-lagazette.fr\/index.php\/2025\/10\/17\/evenements-pendant-les-vacances-de-la-toussaint\/\" \/>\n<meta property=\"og:locale\" content=\"fr_FR\" \/>\n<meta property=\"og:type\" content=\"article\" \/>\n<meta property=\"og:title\" content=\"Ev\u00e9nements pendant les vacances de la Toussaint - La Gazette\" \/>\n<meta property=\"og:description\" content=\"Place est faite aux enfants. Avec les vacances de la Toussaint qui commencent, l\u2019offre d\u2019activit\u00e9s \u00e0 leur endroit est particuli\u00e8rement riche. Attention, elles sont le plus souvent sur r\u00e9servation et certaines payantes. Pour les d\u00e9tails, reportez-vous \u00e0 la presse municipale (les liens sont en fin d\u2019article). De m\u00eame, les adresses&#8230;\" \/>\n<meta property=\"og:url\" content=\"https:\/\/sceaux-lagazette.fr\/index.php\/2025\/10\/17\/evenements-pendant-les-vacances-de-la-toussaint\/\" \/>\n<meta property=\"og:site_name\" content=\"La Gazette\" \/>\n<meta property=\"article:published_time\" content=\"2025-10-17T09:04:22+00:00\" \/>\n<meta property=\"article:modified_time\" content=\"2025-10-17T09:04:25+00:00\" \/>\n<meta property=\"og:image\" content=\"https:\/\/sceaux-lagazette.fr\/wp-content\/uploads\/2025\/10\/Evenements-Toussaint-2025.jpg\" \/>\n\t<meta property=\"og:image:width\" content=\"1920\" \/>\n\t<meta property=\"og:image:height\" content=\"699\" \/>\n\t<meta property=\"og:image:type\" content=\"image\/jpeg\" \/>\n<meta name=\"author\" content=\"LGdS\" \/>\n<meta name=\"twitter:card\" content=\"summary_large_image\" \/>\n<meta name=\"twitter:label1\" content=\"\u00c9crit par\" \/>\n\t<meta name=\"twitter:data1\" content=\"LGdS\" \/>\n\t<meta name=\"twitter:label2\" content=\"Dur\u00e9e de lecture estim\u00e9e\" \/>\n\t<meta name=\"twitter:data2\" content=\"6 minutes\" \/>\n<script type=\"application\/ld+json\" class=\"yoast-schema-graph\">{\"@context\":\"https:\/\/schema.org\",\"@graph\":[{\"@type\":\"Article\",\"@id\":\"https:\/\/sceaux-lagazette.fr\/index.php\/2025\/10\/17\/evenements-pendant-les-vacances-de-la-toussaint\/#article\",\"isPartOf\":{\"@id\":\"https:\/\/sceaux-lagazette.fr\/index.php\/2025\/10\/17\/evenements-pendant-les-vacances-de-la-toussaint\/\"},\"author\":{\"name\":\"LGdS\",\"@id\":\"https:\/\/sceaux-lagazette.fr\/#\/schema\/person\/806960bbccfc3b4ae295c2b54730eb27\"},\"headline\":\"Ev\u00e9nements pendant les vacances de la Toussaint\",\"datePublished\":\"2025-10-17T09:04:22+00:00\",\"dateModified\":\"2025-10-17T09:04:25+00:00\",\"mainEntityOfPage\":{\"@id\":\"https:\/\/sceaux-lagazette.fr\/index.php\/2025\/10\/17\/evenements-pendant-les-vacances-de-la-toussaint\/\"},\"wordCount\":1190,\"commentCount\":0,\"publisher\":{\"@id\":\"https:\/\/sceaux-lagazette.fr\/#organization\"},\"image\":{\"@id\":\"https:\/\/sceaux-lagazette.fr\/index.php\/2025\/10\/17\/evenements-pendant-les-vacances-de-la-toussaint\/#primaryimage\"},\"thumbnailUrl\":\"https:\/\/sceaux-lagazette.fr\/wp-content\/uploads\/2025\/10\/Evenements-Toussaint-2025.jpg\",\"articleSection\":[\"Bourg-la-Reine\",\"Ch\u00e2tenay-Malabry\",\"Fontenay-aux-Roses\",\"Sceaux\"],\"inLanguage\":\"fr-FR\",\"potentialAction\":[{\"@type\":\"CommentAction\",\"name\":\"Comment\",\"target\":[\"https:\/\/sceaux-lagazette.fr\/index.php\/2025\/10\/17\/evenements-pendant-les-vacances-de-la-toussaint\/#respond\"]}]},{\"@type\":\"WebPage\",\"@id\":\"https:\/\/sceaux-lagazette.fr\/index.php\/2025\/10\/17\/evenements-pendant-les-vacances-de-la-toussaint\/\",\"url\":\"https:\/\/sceaux-lagazette.fr\/index.php\/2025\/10\/17\/evenements-pendant-les-vacances-de-la-toussaint\/\",\"name\":\"Ev\u00e9nements pendant les vacances de la Toussaint - La Gazette\",\"isPartOf\":{\"@id\":\"https:\/\/sceaux-lagazette.fr\/#website\"},\"primaryImageOfPage\":{\"@id\":\"https:\/\/sceaux-lagazette.fr\/index.php\/2025\/10\/17\/evenements-pendant-les-vacances-de-la-toussaint\/#primaryimage\"},\"image\":{\"@id\":\"https:\/\/sceaux-lagazette.fr\/index.php\/2025\/10\/17\/evenements-pendant-les-vacances-de-la-toussaint\/#primaryimage\"},\"thumbnailUrl\":\"https:\/\/sceaux-lagazette.fr\/wp-content\/uploads\/2025\/10\/Evenements-Toussaint-2025.jpg\",\"datePublished\":\"2025-10-17T09:04:22+00:00\",\"dateModified\":\"2025-10-17T09:04:25+00:00\",\"breadcrumb\":{\"@id\":\"https:\/\/sceaux-lagazette.fr\/index.php\/2025\/10\/17\/evenements-pendant-les-vacances-de-la-toussaint\/#breadcrumb\"},\"inLanguage\":\"fr-FR\",\"potentialAction\":[{\"@type\":\"ReadAction\",\"target\":[\"https:\/\/sceaux-lagazette.fr\/index.php\/2025\/10\/17\/evenements-pendant-les-vacances-de-la-toussaint\/\"]}]},{\"@type\":\"ImageObject\",\"inLanguage\":\"fr-FR\",\"@id\":\"https:\/\/sceaux-lagazette.fr\/index.php\/2025\/10\/17\/evenements-pendant-les-vacances-de-la-toussaint\/#primaryimage\",\"url\":\"https:\/\/sceaux-lagazette.fr\/wp-content\/uploads\/2025\/10\/Evenements-Toussaint-2025.jpg\",\"contentUrl\":\"https:\/\/sceaux-lagazette.fr\/wp-content\/uploads\/2025\/10\/Evenements-Toussaint-2025.jpg\",\"width\":1920,\"height\":699},{\"@type\":\"BreadcrumbList\",\"@id\":\"https:\/\/sceaux-lagazette.fr\/index.php\/2025\/10\/17\/evenements-pendant-les-vacances-de-la-toussaint\/#breadcrumb\",\"itemListElement\":[{\"@type\":\"ListItem\",\"position\":1,\"name\":\"Accueil\",\"item\":\"https:\/\/sceaux-lagazette.fr\/\"},{\"@type\":\"ListItem\",\"position\":2,\"name\":\"Ev\u00e9nements pendant les vacances de la Toussaint\"}]},{\"@type\":\"WebSite\",\"@id\":\"https:\/\/sceaux-lagazette.fr\/#website\",\"url\":\"https:\/\/sceaux-lagazette.fr\/\",\"name\":\"La Gazette\",\"description\":\"Bourg-la-Reine, Ch\u00e2tenay, Fontenay, Sceaux\",\"publisher\":{\"@id\":\"https:\/\/sceaux-lagazette.fr\/#organization\"},\"potentialAction\":[{\"@type\":\"SearchAction\",\"target\":{\"@type\":\"EntryPoint\",\"urlTemplate\":\"https:\/\/sceaux-lagazette.fr\/?s={search_term_string}\"},\"query-input\":{\"@type\":\"PropertyValueSpecification\",\"valueRequired\":true,\"valueName\":\"search_term_string\"}}],\"inLanguage\":\"fr-FR\"},{\"@type\":\"Organization\",\"@id\":\"https:\/\/sceaux-lagazette.fr\/#organization\",\"name\":\"La Gazette\",\"url\":\"https:\/\/sceaux-lagazette.fr\/\",\"logo\":{\"@type\":\"ImageObject\",\"inLanguage\":\"fr-FR\",\"@id\":\"https:\/\/sceaux-lagazette.fr\/#\/schema\/logo\/image\/\",\"url\":\"https:\/\/sceaux-lagazette.fr\/wp-content\/uploads\/2025\/08\/Logo-Gazette-Aout-2025-V3.jpg\",\"contentUrl\":\"https:\/\/sceaux-lagazette.fr\/wp-content\/uploads\/2025\/08\/Logo-Gazette-Aout-2025-V3.jpg\",\"width\":525,\"height\":130,\"caption\":\"La Gazette\"},\"image\":{\"@id\":\"https:\/\/sceaux-lagazette.fr\/#\/schema\/logo\/image\/\"}},{\"@type\":\"Person\",\"@id\":\"https:\/\/sceaux-lagazette.fr\/#\/schema\/person\/806960bbccfc3b4ae295c2b54730eb27\",\"name\":\"LGdS\",\"image\":{\"@type\":\"ImageObject\",\"inLanguage\":\"fr-FR\",\"@id\":\"https:\/\/sceaux-lagazette.fr\/#\/schema\/person\/image\/\",\"url\":\"https:\/\/secure.gravatar.com\/avatar\/996280e569d55491618abd43c427078e?s=96&r=g\",\"contentUrl\":\"https:\/\/secure.gravatar.com\/avatar\/996280e569d55491618abd43c427078e?s=96&r=g\",\"caption\":\"LGdS\"},\"url\":\"https:\/\/sceaux-lagazette.fr\/index.php\/author\/lgds\/\"}]}<\/script>\n<!-- \/ Yoast SEO plugin. -->","yoast_head_json":{"title":"Ev\u00e9nements pendant les vacances de la Toussaint - La Gazette","robots":{"index":"index","follow":"follow","max-snippet":"max-snippet:-1","max-image-preview":"max-image-preview:large","max-video-preview":"max-video-preview:-1"},"canonical":"https:\/\/sceaux-lagazette.fr\/index.php\/2025\/10\/17\/evenements-pendant-les-vacances-de-la-toussaint\/","og_locale":"fr_FR","og_type":"article","og_title":"Ev\u00e9nements pendant les vacances de la Toussaint - La Gazette","og_description":"Place est faite aux enfants. Avec les vacances de la Toussaint qui commencent, l\u2019offre d\u2019activit\u00e9s \u00e0 leur endroit est particuli\u00e8rement riche. Attention, elles sont le plus souvent sur r\u00e9servation et certaines payantes. Pour les d\u00e9tails, reportez-vous \u00e0 la presse municipale (les liens sont en fin d\u2019article). De m\u00eame, les adresses&#8230;","og_url":"https:\/\/sceaux-lagazette.fr\/index.php\/2025\/10\/17\/evenements-pendant-les-vacances-de-la-toussaint\/","og_site_name":"La Gazette","article_published_time":"2025-10-17T09:04:22+00:00","article_modified_time":"2025-10-17T09:04:25+00:00","og_image":[{"width":1920,"height":699,"url":"https:\/\/sceaux-lagazette.fr\/wp-content\/uploads\/2025\/10\/Evenements-Toussaint-2025.jpg","type":"image\/jpeg"}],"author":"LGdS","twitter_card":"summary_large_image","twitter_misc":{"\u00c9crit par":"LGdS","Dur\u00e9e de lecture estim\u00e9e":"6 minutes"},"schema":{"@context":"https:\/\/schema.org","@graph":[{"@type":"Article","@id":"https:\/\/sceaux-lagazette.fr\/index.php\/2025\/10\/17\/evenements-pendant-les-vacances-de-la-toussaint\/#article","isPartOf":{"@id":"https:\/\/sceaux-lagazette.fr\/index.php\/2025\/10\/17\/evenements-pendant-les-vacances-de-la-toussaint\/"},"author":{"name":"LGdS","@id":"https:\/\/sceaux-lagazette.fr\/#\/schema\/person\/806960bbccfc3b4ae295c2b54730eb27"},"headline":"Ev\u00e9nements pendant les vacances de la Toussaint","datePublished":"2025-10-17T09:04:22+00:00","dateModified":"2025-10-17T09:04:25+00:00","mainEntityOfPage":{"@id":"https:\/\/sceaux-lagazette.fr\/index.php\/2025\/10\/17\/evenements-pendant-les-vacances-de-la-toussaint\/"},"wordCount":1190,"commentCount":0,"publisher":{"@id":"https:\/\/sceaux-lagazette.fr\/#organization"},"image":{"@id":"https:\/\/sceaux-lagazette.fr\/index.php\/2025\/10\/17\/evenements-pendant-les-vacances-de-la-toussaint\/#primaryimage"},"thumbnailUrl":"https:\/\/sceaux-lagazette.fr\/wp-content\/uploads\/2025\/10\/Evenements-Toussaint-2025.jpg","articleSection":["Bourg-la-Reine","Ch\u00e2tenay-Malabry","Fontenay-aux-Roses","Sceaux"],"inLanguage":"fr-FR","potentialAction":[{"@type":"CommentAction","name":"Comment","target":["https:\/\/sceaux-lagazette.fr\/index.php\/2025\/10\/17\/evenements-pendant-les-vacances-de-la-toussaint\/#respond"]}]},{"@type":"WebPage","@id":"https:\/\/sceaux-lagazette.fr\/index.php\/2025\/10\/17\/evenements-pendant-les-vacances-de-la-toussaint\/","url":"https:\/\/sceaux-lagazette.fr\/index.php\/2025\/10\/17\/evenements-pendant-les-vacances-de-la-toussaint\/","name":"Ev\u00e9nements pendant les vacances de la Toussaint - La Gazette","isPartOf":{"@id":"https:\/\/sceaux-lagazette.fr\/#website"},"primaryImageOfPage":{"@id":"https:\/\/sceaux-lagazette.fr\/index.php\/2025\/10\/17\/evenements-pendant-les-vacances-de-la-toussaint\/#primaryimage"},"image":{"@id":"https:\/\/sceaux-lagazette.fr\/index.php\/2025\/10\/17\/evenements-pendant-les-vacances-de-la-toussaint\/#primaryimage"},"thumbnailUrl":"https:\/\/sceaux-lagazette.fr\/wp-content\/uploads\/2025\/10\/Evenements-Toussaint-2025.jpg","datePublished":"2025-10-17T09:04:22+00:00","dateModified":"2025-10-17T09:04:25+00:00","breadcrumb":{"@id":"https:\/\/sceaux-lagazette.fr\/index.php\/2025\/10\/17\/evenements-pendant-les-vacances-de-la-toussaint\/#breadcrumb"},"inLanguage":"fr-FR","potentialAction":[{"@type":"ReadAction","target":["https:\/\/sceaux-lagazette.fr\/index.php\/2025\/10\/17\/evenements-pendant-les-vacances-de-la-toussaint\/"]}]},{"@type":"ImageObject","inLanguage":"fr-FR","@id":"https:\/\/sceaux-lagazette.fr\/index.php\/2025\/10\/17\/evenements-pendant-les-vacances-de-la-toussaint\/#primaryimage","url":"https:\/\/sceaux-lagazette.fr\/wp-content\/uploads\/2025\/10\/Evenements-Toussaint-2025.jpg","contentUrl":"https:\/\/sceaux-lagazette.fr\/wp-content\/uploads\/2025\/10\/Evenements-Toussaint-2025.jpg","width":1920,"height":699},{"@type":"BreadcrumbList","@id":"https:\/\/sceaux-lagazette.fr\/index.php\/2025\/10\/17\/evenements-pendant-les-vacances-de-la-toussaint\/#breadcrumb","itemListElement":[{"@type":"ListItem","position":1,"name":"Accueil","item":"https:\/\/sceaux-lagazette.fr\/"},{"@type":"ListItem","position":2,"name":"Ev\u00e9nements pendant les vacances de la Toussaint"}]},{"@type":"WebSite","@id":"https:\/\/sceaux-lagazette.fr\/#website","url":"https:\/\/sceaux-lagazette.fr\/","name":"La Gazette","description":"Bourg-la-Reine, Ch\u00e2tenay, Fontenay, Sceaux","publisher":{"@id":"https:\/\/sceaux-lagazette.fr\/#organization"},"potentialAction":[{"@type":"SearchAction","target":{"@type":"EntryPoint","urlTemplate":"https:\/\/sceaux-lagazette.fr\/?s={search_term_string}"},"query-input":{"@type":"PropertyValueSpecification","valueRequired":true,"valueName":"search_term_string"}}],"inLanguage":"fr-FR"},{"@type":"Organization","@id":"https:\/\/sceaux-lagazette.fr\/#organization","name":"La Gazette","url":"https:\/\/sceaux-lagazette.fr\/","logo":{"@type":"ImageObject","inLanguage":"fr-FR","@id":"https:\/\/sceaux-lagazette.fr\/#\/schema\/logo\/image\/","url":"https:\/\/sceaux-lagazette.fr\/wp-content\/uploads\/2025\/08\/Logo-Gazette-Aout-2025-V3.jpg","contentUrl":"https:\/\/sceaux-lagazette.fr\/wp-content\/uploads\/2025\/08\/Logo-Gazette-Aout-2025-V3.jpg","width":525,"height":130,"caption":"La Gazette"},"image":{"@id":"https:\/\/sceaux-lagazette.fr\/#\/schema\/logo\/image\/"}},{"@type":"Person","@id":"https:\/\/sceaux-lagazette.fr\/#\/schema\/person\/806960bbccfc3b4ae295c2b54730eb27","name":"LGdS","image":{"@type":"ImageObject","inLanguage":"fr-FR","@id":"https:\/\/sceaux-lagazette.fr\/#\/schema\/person\/image\/","url":"https:\/\/secure.gravatar.com\/avatar\/996280e569d55491618abd43c427078e?s=96&r=g","contentUrl":"https:\/\/secure.gravatar.com\/avatar\/996280e569d55491618abd43c427078e?s=96&r=g","caption":"LGdS"},"url":"https:\/\/sceaux-lagazette.fr\/index.php\/author\/lgds\/"}]}},"cc_featured_image_caption":{"caption_text":"","source_text":"","source_url":""},"_links":{"self":[{"href":"https:\/\/sceaux-lagazette.fr\/index.php\/wp-json\/wp\/v2\/posts\/44531"}],"collection":[{"href":"https:\/\/sceaux-lagazette.fr\/index.php\/wp-json\/wp\/v2\/posts"}],"about":[{"href":"https:\/\/sceaux-lagazette.fr\/index.php\/wp-json\/wp\/v2\/types\/post"}],"author":[{"embeddable":true,"href":"https:\/\/sceaux-lagazette.fr\/index.php\/wp-json\/wp\/v2\/users\/20"}],"replies":[{"embeddable":true,"href":"https:\/\/sceaux-lagazette.fr\/index.php\/wp-json\/wp\/v2\/comments?post=44531"}],"version-history":[{"count":7,"href":"https:\/\/sceaux-lagazette.fr\/index.php\/wp-json\/wp\/v2\/posts\/44531\/revisions"}],"predecessor-version":[{"id":44541,"href":"https:\/\/sceaux-lagazette.fr\/index.php\/wp-json\/wp\/v2\/posts\/44531\/revisions\/44541"}],"wp:featuredmedia":[{"embeddable":true,"href":"https:\/\/sceaux-lagazette.fr\/index.php\/wp-json\/wp\/v2\/media\/44536"}],"wp:attachment":[{"href":"https:\/\/sceaux-lagazette.fr\/index.php\/wp-json\/wp\/v2\/media?parent=44531"}],"wp:term":[{"taxonomy":"category","embeddable":true,"href":"https:\/\/sceaux-lagazette.fr\/index.php\/wp-json\/wp\/v2\/categories?post=44531"},{"taxonomy":"post_tag","embeddable":true,"href":"https:\/\/sceaux-lagazette.fr\/index.php\/wp-json\/wp\/v2\/tags?post=44531"}],"curies":[{"name":"wp","href":"https:\/\/api.w.org\/{rel}","templated":true}]}}