{"id":4414,"date":"2021-08-31T17:11:17","date_gmt":"2021-08-31T15:11:17","guid":{"rendered":"https:\/\/sceaux-lagazette.fr\/?p=4414"},"modified":"2022-02-15T09:10:59","modified_gmt":"2022-02-15T08:10:59","slug":"monsieur-jerome-de-retour-des-vacances","status":"publish","type":"post","link":"https:\/\/sceaux-lagazette.fr\/index.php\/2021\/08\/31\/monsieur-jerome-de-retour-des-vacances\/","title":{"rendered":"Monsieur J\u00e9r\u00f4me de retour des vacances"},"content":{"rendered":"\n<p>L\u2019habitant du pavillon dispose souvent des moyens de faire nettoyer son v\u00e9hicule par des professionnels ou du moins de s\u2019en remettre \u00e0 des automates. La station de lavage avenue de la Division Leclerc \u00e0 Ch\u00e2tenay n\u2019est pas loin. Aussi, il n\u2019est pas fr\u00e9quent de trouver dans une ruelle arbor\u00e9e \u00e0 souhait, un garage grand ouvert devant lequel un particulier, en short et en T-shirt, peau de chamois \u00e0 la main, astiquer lui-m\u00eame carrosserie, jantes, pare-chocs et tout ce qui va bien. Des hargneux l\u2019inviteraient \u00e0 (s\u2019)astiquer autre chose, nous avons choisi le dialogue.<\/p>\n\n\n\n<p>Il s\u2019appelle J\u00e9r\u00f4me, c\u2019est du moins sous ce pr\u00e9nom qu\u2019il s\u2019est pr\u00e9sent\u00e9. La Gazette n\u2019\u00e9tant pas qualifi\u00e9e pour le contr\u00f4le d\u2019identit\u00e9, elle accepte sans h\u00e9sitation cet avatar qui en vaut bien un autre. Seul le contenu compte et, en l\u2019occurrence, il est d\u2019importance. Car ce dont J\u00e9r\u00f4me t\u00e9moigne est \u00e0 l\u2019inverse de la tendance, \u00e0 rebrousse-poil des commandements \u00e9colos, mais incarnation probable d\u2019un public aussi nombreux que dissimul\u00e9, celui des amoureux de la bagnole.<\/p>\n\n\n\n<p>Il revient d\u2019un s\u00e9jour m\u00e9diterran\u00e9en. Il est arriv\u00e9 hier. 800 km d\u2019autoroute&nbsp;; des moustiques se sont coll\u00e9s sur le capot et la calandre. C\u2019est laid. Pour lui, c\u2019est m\u00eame insupportable. Elle est toute neuve. Il la brique. Il la trouve belle. C\u2019est la derni\u00e8re Clio 5. A ne surtout pas confondre avec la Clio 4, malheureux&nbsp;! \u00e7a n\u2019a rien \u00e0 voir&nbsp;! regardez le confort, l\u2019\u00e9conomie de carburant, l\u2019aide \u00e0 la conduite&nbsp;!<\/p>\n\n\n\n<p>Soyons pr\u00e9cis. Le confort, il est d\u2019abord acoustique, elle est vraiment silencieuse, m\u00eame \u00e0 grande vitesse&nbsp;; au d\u00e9marrage, pas de bruit moteur ni \u00e0 l\u2019int\u00e9rieur ni \u00e0 l\u2019ext\u00e9rieur. Les si\u00e8ges sont bien con\u00e7us, on est cal\u00e9s comme il faut.<\/p>\n\n\n\n<p>L\u2019\u00e9conomie&nbsp;: elle est exceptionnelle. Vous prenez une bi\u00e8re, me propose-t-il. Je refuse, \u00e7a me gonfle l\u2019estomac. La voiture est vendue pour du 4,2L aux cent, mais avec une conduite souple, on descend \u00e0 4. Le start &amp; go marche impec et \u00e7a compte.<\/p>\n\n\n\n<p>L\u2019aide \u00e0 la conduite&nbsp;: le tableau de bord est super ergonomique. Il me le montre et je vois. Il est en couleur, bien dirig\u00e9 vers le conducteur, il affiche tout ce qui est utile&nbsp;: le compteur kilom\u00e9trique, le compte-tour, les alertes par voyant. Il bipe quand il faut. Les obstacles sont d\u00e9tect\u00e9s \u00e0 l\u2019avant, \u00e0 l\u2019arri\u00e8re, \u00e0 gauche, \u00e0 droite. \u00c7a bipe quand on d\u00e9passe la vitesse autoris\u00e9e qui est v\u00e9rifi\u00e9e automatiquement en fonction des panneaux de limitations de vitesse.<\/p>\n\n\n\n<p>Elle rectifie quand on se d\u00e9porte vers la gauche, vers la droite. Incroyable, non&nbsp;? Et le freinage d\u2019urgence&nbsp;! Elle voit si un pi\u00e9ton traverse et elle freine, c\u2019est dingue&nbsp;! Dans un bouchon, elle r\u00e9agit avant moi. Pas possible&nbsp;? Si&nbsp;! Et puis, elle a un antid\u00e9rapage. &nbsp;Il y a une telle sinc\u00e9rit\u00e9 dans ces descriptions, un tel enthousiasme. Et son regard qui s\u2019\u00e9claire. On ne peut que suivre et d\u2019une certaine fa\u00e7on admirer. Je n\u2019attends pourtant de la voiture que le transport d\u2019un point \u00e0 un autre et le plus rarement possible.<\/p>\n\n\n\n<h2 class=\"wp-block-heading\">LOA, y a que \u00e7a&nbsp;!<\/h2>\n\n\n\n<p>J\u00e9r\u00f4me est un afficionado de la location avec option d\u2019achat (LOA). Il la pratique depuis des ann\u00e9es et en parle avec conviction. Pour un peu, il en vendrait. Il avance les mains pour appuyer son propos&nbsp;: &nbsp;\u00e7a inclut le changement des essuie-glaces, les vidanges, les contr\u00f4les r\u00e9guliers, le remorquage en cas de panne. La batterie est chang\u00e9e tous les deux ans.<\/p>\n\n\n\n<p>Vous savez, me dit-il, qu\u2019un v\u00e9hicule sur trois est vendu en LOA&nbsp;? Non, pourquoi&nbsp;? Parce qu\u2019il y a un gros avantage. Quelle que soit la panne, ils g\u00e8rent. C\u2019est un plus \u00e9norme. Ils d\u00e9pannent. Que demander de plus&nbsp;? Bon, la voiture ne m\u2019appartient pas. Mais qu\u2019est-ce que j\u2019en ai \u00e0 faire&nbsp;? Je change tous les 4 ans.&nbsp;? J\u2019ai toujours une voiture r\u00e9cente.<\/p>\n\n\n\n<p>C\u2019est bien beau tout \u00e7a, mais au moment de rendre la voiture, ils vont toujours trouver mille trucs \u00e0 payer. Faux&nbsp;! Vous voyez comment je la bichonne&nbsp;! (C\u2019est vrai qu\u2019il la bichonne). Et puis, il y a une usure normale qu\u2019ils ne peuvent pas discuter. Il y a une r\u00e9glementation. Le tapis, par exemple, il est us\u00e9, mais c\u2019est normal. Le sien est nickel, on se demande s\u2019il a d\u00e9j\u00e0 mis les pieds dessus. Ou alors en chaussons.<\/p>\n\n\n\n<h2 class=\"wp-block-heading\">Elle est belle<\/h2>\n\n\n\n<p>Toujours pas de bi\u00e8re, ce n\u2019est pas parce que c\u2019est de la bi\u00e8re, l\u2019eau p\u00e9tillante ou le coca, c\u2019est pareil, c\u2019est les bulles qui me font du mal. Pas de souci, ne croyez pas que la Clio 4 n\u2019\u00e9tait pas une bonne voiture. Il en a eu une. Il en a \u00e9t\u00e9 super content, mais entretemps, il y a eu des progr\u00e8s. Et la Clio 5 avec son moteur 115CV consomme moins qu\u2019une 4 avec un moteur 110CV. C\u2019est vrai que la forme a peu chang\u00e9, sauf qu\u2019il faut prendre en compte qu\u2019elle a 4 freins \u00e0 disque contre 2. Et puis, vous voyez (pas vraiment, mais je fais comme si) elle est plus effil\u00e9e. Elle est plus agressive. Pas de bruit de pneus. Ah bon&nbsp;? J\u2019ai exig\u00e9 des Goodyear. Ils voulaient me fourguer des Firestone, mais j\u2019ai refus\u00e9. Pas question. Les Goodyear, ce sont les meilleurs. On en apprend tous les jours.<\/p>\n\n\n\n<p>Vous n\u2019avez pas tout vu. Il y a encore \u00e0 voir&nbsp;? Un peu, mon neveu. Avec la carte main libre, les porti\u00e8res se d\u00e9verrouillent \u00e0 mon approche ou se verrouillent toutes seules \u00e0 mon d\u00e9part. Ah la vache&nbsp;! Oui et il y a plus fort&nbsp;: elle \u00e9met une musique de bienvenue d\u00e8s que je m&rsquo;assieds. Elle me dit bonjour. N\u2019en jetez plus&nbsp;!<\/p>\n\n\n\n<p>Et puis, les d\u00e9monstrations \u00e9puis\u00e9es, il en vient \u00e0 l\u2019essentiel&nbsp;: elle est belle, simplement belle, \u00e0 cause de \u2026 impossible \u00e0 dire. Et l\u00e0, on aper\u00e7oit une \u00e9motion muette et intense qui fait penser aux amoureux des trains et des avions, ou aux \u00e9merveillements n\u00e9s pendant l\u2019enfance devant les nouvelles choses.<\/p>\n\n\n\n<p>La Gazette n\u2019est pas sponsoris\u00e9e par Renault. Si, apr\u00e8s cet article \u00e9logieux sur la Clio 5, quelques esp\u00e8ces sonnantes devaient nous parvenir, nous paierons la tourn\u00e9e \u00e0 nos abonn\u00e9s (apr\u00e8s tirage au sort v\u00e9rifi\u00e9 par huissier, bien s\u00fbr). De mon c\u00f4t\u00e9, vous l\u2019avez compris, pas de bulles.<\/p>\n","protected":false},"excerpt":{"rendered":"<p>L\u2019habitant du pavillon dispose souvent des moyens de faire nettoyer son v\u00e9hicule par des professionnels ou du moins de s\u2019en remettre \u00e0 des automates. La station de lavage avenue de la Division Leclerc \u00e0 Ch\u00e2tenay n\u2019est pas loin. Aussi, il n\u2019est pas fr\u00e9quent de trouver dans une ruelle arbor\u00e9e \u00e0&#8230;<\/p>\n","protected":false},"author":26,"featured_media":4415,"comment_status":"open","ping_status":"open","sticky":false,"template":"","format":"standard","meta":{"om_disable_all_campaigns":false,"_monsterinsights_skip_tracking":false,"_monsterinsights_sitenote_active":false,"_monsterinsights_sitenote_note":"","_monsterinsights_sitenote_category":0,"_uf_show_specific_survey":0,"_uf_disable_surveys":false,"footnotes":""},"categories":[3],"tags":[],"class_list":["post-4414","post","type-post","status-publish","format-standard","has-post-thumbnail","hentry","category-futiles","entry","simple"],"yoast_head":"<!-- This site is optimized with the Yoast SEO plugin v25.6 - https:\/\/yoast.com\/wordpress\/plugins\/seo\/ -->\n<title>Monsieur J\u00e9r\u00f4me de retour des vacances - La Gazette<\/title>\n<meta name=\"description\" content=\"Une ode \u00e0 la Clio5 par un de ses conducteurs.\" \/>\n<meta name=\"robots\" content=\"index, follow, max-snippet:-1, max-image-preview:large, max-video-preview:-1\" \/>\n<link rel=\"canonical\" href=\"https:\/\/sceaux-lagazette.fr\/index.php\/2021\/08\/31\/monsieur-jerome-de-retour-des-vacances\/\" \/>\n<meta property=\"og:locale\" content=\"fr_FR\" \/>\n<meta property=\"og:type\" content=\"article\" \/>\n<meta property=\"og:title\" content=\"Monsieur J\u00e9r\u00f4me de retour des vacances - La Gazette\" \/>\n<meta property=\"og:description\" content=\"Une ode \u00e0 la Clio5 par un de ses conducteurs.\" \/>\n<meta property=\"og:url\" content=\"https:\/\/sceaux-lagazette.fr\/index.php\/2021\/08\/31\/monsieur-jerome-de-retour-des-vacances\/\" \/>\n<meta property=\"og:site_name\" content=\"La Gazette\" \/>\n<meta property=\"article:published_time\" content=\"2021-08-31T15:11:17+00:00\" \/>\n<meta property=\"article:modified_time\" content=\"2022-02-15T08:10:59+00:00\" \/>\n<meta property=\"og:image\" content=\"https:\/\/sceaux-lagazette.fr\/wp-content\/uploads\/2021\/08\/Clio5-scaled.jpg\" \/>\n\t<meta property=\"og:image:width\" content=\"2560\" \/>\n\t<meta property=\"og:image:height\" content=\"1194\" \/>\n\t<meta property=\"og:image:type\" content=\"image\/jpeg\" \/>\n<meta name=\"author\" content=\"Bob Trotter\" \/>\n<meta name=\"twitter:card\" content=\"summary_large_image\" \/>\n<meta name=\"twitter:label1\" content=\"\u00c9crit par\" \/>\n\t<meta name=\"twitter:data1\" content=\"Bob Trotter\" \/>\n\t<meta name=\"twitter:label2\" content=\"Dur\u00e9e de lecture estim\u00e9e\" \/>\n\t<meta name=\"twitter:data2\" content=\"6 minutes\" \/>\n<script type=\"application\/ld+json\" class=\"yoast-schema-graph\">{\"@context\":\"https:\/\/schema.org\",\"@graph\":[{\"@type\":\"Article\",\"@id\":\"https:\/\/sceaux-lagazette.fr\/index.php\/2021\/08\/31\/monsieur-jerome-de-retour-des-vacances\/#article\",\"isPartOf\":{\"@id\":\"https:\/\/sceaux-lagazette.fr\/index.php\/2021\/08\/31\/monsieur-jerome-de-retour-des-vacances\/\"},\"author\":{\"name\":\"Bob Trotter\",\"@id\":\"https:\/\/sceaux-lagazette.fr\/#\/schema\/person\/6a722b0a04ce43936c921179f282272b\"},\"headline\":\"Monsieur J\u00e9r\u00f4me de retour des vacances\",\"datePublished\":\"2021-08-31T15:11:17+00:00\",\"dateModified\":\"2022-02-15T08:10:59+00:00\",\"mainEntityOfPage\":{\"@id\":\"https:\/\/sceaux-lagazette.fr\/index.php\/2021\/08\/31\/monsieur-jerome-de-retour-des-vacances\/\"},\"wordCount\":1159,\"commentCount\":2,\"publisher\":{\"@id\":\"https:\/\/sceaux-lagazette.fr\/#organization\"},\"image\":{\"@id\":\"https:\/\/sceaux-lagazette.fr\/index.php\/2021\/08\/31\/monsieur-jerome-de-retour-des-vacances\/#primaryimage\"},\"thumbnailUrl\":\"https:\/\/sceaux-lagazette.fr\/wp-content\/uploads\/2021\/08\/Clio5-scaled.jpg\",\"articleSection\":[\"Futiles\"],\"inLanguage\":\"fr-FR\",\"potentialAction\":[{\"@type\":\"CommentAction\",\"name\":\"Comment\",\"target\":[\"https:\/\/sceaux-lagazette.fr\/index.php\/2021\/08\/31\/monsieur-jerome-de-retour-des-vacances\/#respond\"]}]},{\"@type\":\"WebPage\",\"@id\":\"https:\/\/sceaux-lagazette.fr\/index.php\/2021\/08\/31\/monsieur-jerome-de-retour-des-vacances\/\",\"url\":\"https:\/\/sceaux-lagazette.fr\/index.php\/2021\/08\/31\/monsieur-jerome-de-retour-des-vacances\/\",\"name\":\"Monsieur J\u00e9r\u00f4me de retour des vacances - La Gazette\",\"isPartOf\":{\"@id\":\"https:\/\/sceaux-lagazette.fr\/#website\"},\"primaryImageOfPage\":{\"@id\":\"https:\/\/sceaux-lagazette.fr\/index.php\/2021\/08\/31\/monsieur-jerome-de-retour-des-vacances\/#primaryimage\"},\"image\":{\"@id\":\"https:\/\/sceaux-lagazette.fr\/index.php\/2021\/08\/31\/monsieur-jerome-de-retour-des-vacances\/#primaryimage\"},\"thumbnailUrl\":\"https:\/\/sceaux-lagazette.fr\/wp-content\/uploads\/2021\/08\/Clio5-scaled.jpg\",\"datePublished\":\"2021-08-31T15:11:17+00:00\",\"dateModified\":\"2022-02-15T08:10:59+00:00\",\"description\":\"Une ode \u00e0 la Clio5 par un de ses conducteurs.\",\"breadcrumb\":{\"@id\":\"https:\/\/sceaux-lagazette.fr\/index.php\/2021\/08\/31\/monsieur-jerome-de-retour-des-vacances\/#breadcrumb\"},\"inLanguage\":\"fr-FR\",\"potentialAction\":[{\"@type\":\"ReadAction\",\"target\":[\"https:\/\/sceaux-lagazette.fr\/index.php\/2021\/08\/31\/monsieur-jerome-de-retour-des-vacances\/\"]}]},{\"@type\":\"ImageObject\",\"inLanguage\":\"fr-FR\",\"@id\":\"https:\/\/sceaux-lagazette.fr\/index.php\/2021\/08\/31\/monsieur-jerome-de-retour-des-vacances\/#primaryimage\",\"url\":\"https:\/\/sceaux-lagazette.fr\/wp-content\/uploads\/2021\/08\/Clio5-scaled.jpg\",\"contentUrl\":\"https:\/\/sceaux-lagazette.fr\/wp-content\/uploads\/2021\/08\/Clio5-scaled.jpg\",\"width\":2560,\"height\":1194},{\"@type\":\"BreadcrumbList\",\"@id\":\"https:\/\/sceaux-lagazette.fr\/index.php\/2021\/08\/31\/monsieur-jerome-de-retour-des-vacances\/#breadcrumb\",\"itemListElement\":[{\"@type\":\"ListItem\",\"position\":1,\"name\":\"Accueil\",\"item\":\"https:\/\/sceaux-lagazette.fr\/\"},{\"@type\":\"ListItem\",\"position\":2,\"name\":\"Monsieur J\u00e9r\u00f4me de retour des vacances\"}]},{\"@type\":\"WebSite\",\"@id\":\"https:\/\/sceaux-lagazette.fr\/#website\",\"url\":\"https:\/\/sceaux-lagazette.fr\/\",\"name\":\"La Gazette\",\"description\":\"Bourg-la-Reine, Ch\u00e2tenay, Fontenay, Sceaux\",\"publisher\":{\"@id\":\"https:\/\/sceaux-lagazette.fr\/#organization\"},\"potentialAction\":[{\"@type\":\"SearchAction\",\"target\":{\"@type\":\"EntryPoint\",\"urlTemplate\":\"https:\/\/sceaux-lagazette.fr\/?s={search_term_string}\"},\"query-input\":{\"@type\":\"PropertyValueSpecification\",\"valueRequired\":true,\"valueName\":\"search_term_string\"}}],\"inLanguage\":\"fr-FR\"},{\"@type\":\"Organization\",\"@id\":\"https:\/\/sceaux-lagazette.fr\/#organization\",\"name\":\"La Gazette\",\"url\":\"https:\/\/sceaux-lagazette.fr\/\",\"logo\":{\"@type\":\"ImageObject\",\"inLanguage\":\"fr-FR\",\"@id\":\"https:\/\/sceaux-lagazette.fr\/#\/schema\/logo\/image\/\",\"url\":\"https:\/\/sceaux-lagazette.fr\/wp-content\/uploads\/2025\/08\/Logo-Gazette-Aout-2025-V3.jpg\",\"contentUrl\":\"https:\/\/sceaux-lagazette.fr\/wp-content\/uploads\/2025\/08\/Logo-Gazette-Aout-2025-V3.jpg\",\"width\":525,\"height\":130,\"caption\":\"La Gazette\"},\"image\":{\"@id\":\"https:\/\/sceaux-lagazette.fr\/#\/schema\/logo\/image\/\"}},{\"@type\":\"Person\",\"@id\":\"https:\/\/sceaux-lagazette.fr\/#\/schema\/person\/6a722b0a04ce43936c921179f282272b\",\"name\":\"Bob Trotter\",\"image\":{\"@type\":\"ImageObject\",\"inLanguage\":\"fr-FR\",\"@id\":\"https:\/\/sceaux-lagazette.fr\/#\/schema\/person\/image\/\",\"url\":\"https:\/\/secure.gravatar.com\/avatar\/7b80be6425a418a33c1b7fcf62c4f1bc?s=96&r=g\",\"contentUrl\":\"https:\/\/secure.gravatar.com\/avatar\/7b80be6425a418a33c1b7fcf62c4f1bc?s=96&r=g\",\"caption\":\"Bob Trotter\"},\"url\":\"https:\/\/sceaux-lagazette.fr\/index.php\/author\/bob-trotter\/\"}]}<\/script>\n<!-- \/ Yoast SEO plugin. -->","yoast_head_json":{"title":"Monsieur J\u00e9r\u00f4me de retour des vacances - La Gazette","description":"Une ode \u00e0 la Clio5 par un de ses conducteurs.","robots":{"index":"index","follow":"follow","max-snippet":"max-snippet:-1","max-image-preview":"max-image-preview:large","max-video-preview":"max-video-preview:-1"},"canonical":"https:\/\/sceaux-lagazette.fr\/index.php\/2021\/08\/31\/monsieur-jerome-de-retour-des-vacances\/","og_locale":"fr_FR","og_type":"article","og_title":"Monsieur J\u00e9r\u00f4me de retour des vacances - La Gazette","og_description":"Une ode \u00e0 la Clio5 par un de ses conducteurs.","og_url":"https:\/\/sceaux-lagazette.fr\/index.php\/2021\/08\/31\/monsieur-jerome-de-retour-des-vacances\/","og_site_name":"La Gazette","article_published_time":"2021-08-31T15:11:17+00:00","article_modified_time":"2022-02-15T08:10:59+00:00","og_image":[{"width":2560,"height":1194,"url":"https:\/\/sceaux-lagazette.fr\/wp-content\/uploads\/2021\/08\/Clio5-scaled.jpg","type":"image\/jpeg"}],"author":"Bob Trotter","twitter_card":"summary_large_image","twitter_misc":{"\u00c9crit par":"Bob Trotter","Dur\u00e9e de lecture estim\u00e9e":"6 minutes"},"schema":{"@context":"https:\/\/schema.org","@graph":[{"@type":"Article","@id":"https:\/\/sceaux-lagazette.fr\/index.php\/2021\/08\/31\/monsieur-jerome-de-retour-des-vacances\/#article","isPartOf":{"@id":"https:\/\/sceaux-lagazette.fr\/index.php\/2021\/08\/31\/monsieur-jerome-de-retour-des-vacances\/"},"author":{"name":"Bob Trotter","@id":"https:\/\/sceaux-lagazette.fr\/#\/schema\/person\/6a722b0a04ce43936c921179f282272b"},"headline":"Monsieur J\u00e9r\u00f4me de retour des vacances","datePublished":"2021-08-31T15:11:17+00:00","dateModified":"2022-02-15T08:10:59+00:00","mainEntityOfPage":{"@id":"https:\/\/sceaux-lagazette.fr\/index.php\/2021\/08\/31\/monsieur-jerome-de-retour-des-vacances\/"},"wordCount":1159,"commentCount":2,"publisher":{"@id":"https:\/\/sceaux-lagazette.fr\/#organization"},"image":{"@id":"https:\/\/sceaux-lagazette.fr\/index.php\/2021\/08\/31\/monsieur-jerome-de-retour-des-vacances\/#primaryimage"},"thumbnailUrl":"https:\/\/sceaux-lagazette.fr\/wp-content\/uploads\/2021\/08\/Clio5-scaled.jpg","articleSection":["Futiles"],"inLanguage":"fr-FR","potentialAction":[{"@type":"CommentAction","name":"Comment","target":["https:\/\/sceaux-lagazette.fr\/index.php\/2021\/08\/31\/monsieur-jerome-de-retour-des-vacances\/#respond"]}]},{"@type":"WebPage","@id":"https:\/\/sceaux-lagazette.fr\/index.php\/2021\/08\/31\/monsieur-jerome-de-retour-des-vacances\/","url":"https:\/\/sceaux-lagazette.fr\/index.php\/2021\/08\/31\/monsieur-jerome-de-retour-des-vacances\/","name":"Monsieur J\u00e9r\u00f4me de retour des vacances - La Gazette","isPartOf":{"@id":"https:\/\/sceaux-lagazette.fr\/#website"},"primaryImageOfPage":{"@id":"https:\/\/sceaux-lagazette.fr\/index.php\/2021\/08\/31\/monsieur-jerome-de-retour-des-vacances\/#primaryimage"},"image":{"@id":"https:\/\/sceaux-lagazette.fr\/index.php\/2021\/08\/31\/monsieur-jerome-de-retour-des-vacances\/#primaryimage"},"thumbnailUrl":"https:\/\/sceaux-lagazette.fr\/wp-content\/uploads\/2021\/08\/Clio5-scaled.jpg","datePublished":"2021-08-31T15:11:17+00:00","dateModified":"2022-02-15T08:10:59+00:00","description":"Une ode \u00e0 la Clio5 par un de ses conducteurs.","breadcrumb":{"@id":"https:\/\/sceaux-lagazette.fr\/index.php\/2021\/08\/31\/monsieur-jerome-de-retour-des-vacances\/#breadcrumb"},"inLanguage":"fr-FR","potentialAction":[{"@type":"ReadAction","target":["https:\/\/sceaux-lagazette.fr\/index.php\/2021\/08\/31\/monsieur-jerome-de-retour-des-vacances\/"]}]},{"@type":"ImageObject","inLanguage":"fr-FR","@id":"https:\/\/sceaux-lagazette.fr\/index.php\/2021\/08\/31\/monsieur-jerome-de-retour-des-vacances\/#primaryimage","url":"https:\/\/sceaux-lagazette.fr\/wp-content\/uploads\/2021\/08\/Clio5-scaled.jpg","contentUrl":"https:\/\/sceaux-lagazette.fr\/wp-content\/uploads\/2021\/08\/Clio5-scaled.jpg","width":2560,"height":1194},{"@type":"BreadcrumbList","@id":"https:\/\/sceaux-lagazette.fr\/index.php\/2021\/08\/31\/monsieur-jerome-de-retour-des-vacances\/#breadcrumb","itemListElement":[{"@type":"ListItem","position":1,"name":"Accueil","item":"https:\/\/sceaux-lagazette.fr\/"},{"@type":"ListItem","position":2,"name":"Monsieur J\u00e9r\u00f4me de retour des vacances"}]},{"@type":"WebSite","@id":"https:\/\/sceaux-lagazette.fr\/#website","url":"https:\/\/sceaux-lagazette.fr\/","name":"La Gazette","description":"Bourg-la-Reine, Ch\u00e2tenay, Fontenay, Sceaux","publisher":{"@id":"https:\/\/sceaux-lagazette.fr\/#organization"},"potentialAction":[{"@type":"SearchAction","target":{"@type":"EntryPoint","urlTemplate":"https:\/\/sceaux-lagazette.fr\/?s={search_term_string}"},"query-input":{"@type":"PropertyValueSpecification","valueRequired":true,"valueName":"search_term_string"}}],"inLanguage":"fr-FR"},{"@type":"Organization","@id":"https:\/\/sceaux-lagazette.fr\/#organization","name":"La Gazette","url":"https:\/\/sceaux-lagazette.fr\/","logo":{"@type":"ImageObject","inLanguage":"fr-FR","@id":"https:\/\/sceaux-lagazette.fr\/#\/schema\/logo\/image\/","url":"https:\/\/sceaux-lagazette.fr\/wp-content\/uploads\/2025\/08\/Logo-Gazette-Aout-2025-V3.jpg","contentUrl":"https:\/\/sceaux-lagazette.fr\/wp-content\/uploads\/2025\/08\/Logo-Gazette-Aout-2025-V3.jpg","width":525,"height":130,"caption":"La Gazette"},"image":{"@id":"https:\/\/sceaux-lagazette.fr\/#\/schema\/logo\/image\/"}},{"@type":"Person","@id":"https:\/\/sceaux-lagazette.fr\/#\/schema\/person\/6a722b0a04ce43936c921179f282272b","name":"Bob Trotter","image":{"@type":"ImageObject","inLanguage":"fr-FR","@id":"https:\/\/sceaux-lagazette.fr\/#\/schema\/person\/image\/","url":"https:\/\/secure.gravatar.com\/avatar\/7b80be6425a418a33c1b7fcf62c4f1bc?s=96&r=g","contentUrl":"https:\/\/secure.gravatar.com\/avatar\/7b80be6425a418a33c1b7fcf62c4f1bc?s=96&r=g","caption":"Bob Trotter"},"url":"https:\/\/sceaux-lagazette.fr\/index.php\/author\/bob-trotter\/"}]}},"cc_featured_image_caption":{"caption_text":false,"source_text":false,"source_url":false},"_links":{"self":[{"href":"https:\/\/sceaux-lagazette.fr\/index.php\/wp-json\/wp\/v2\/posts\/4414"}],"collection":[{"href":"https:\/\/sceaux-lagazette.fr\/index.php\/wp-json\/wp\/v2\/posts"}],"about":[{"href":"https:\/\/sceaux-lagazette.fr\/index.php\/wp-json\/wp\/v2\/types\/post"}],"author":[{"embeddable":true,"href":"https:\/\/sceaux-lagazette.fr\/index.php\/wp-json\/wp\/v2\/users\/26"}],"replies":[{"embeddable":true,"href":"https:\/\/sceaux-lagazette.fr\/index.php\/wp-json\/wp\/v2\/comments?post=4414"}],"version-history":[{"count":3,"href":"https:\/\/sceaux-lagazette.fr\/index.php\/wp-json\/wp\/v2\/posts\/4414\/revisions"}],"predecessor-version":[{"id":4957,"href":"https:\/\/sceaux-lagazette.fr\/index.php\/wp-json\/wp\/v2\/posts\/4414\/revisions\/4957"}],"wp:featuredmedia":[{"embeddable":true,"href":"https:\/\/sceaux-lagazette.fr\/index.php\/wp-json\/wp\/v2\/media\/4415"}],"wp:attachment":[{"href":"https:\/\/sceaux-lagazette.fr\/index.php\/wp-json\/wp\/v2\/media?parent=4414"}],"wp:term":[{"taxonomy":"category","embeddable":true,"href":"https:\/\/sceaux-lagazette.fr\/index.php\/wp-json\/wp\/v2\/categories?post=4414"},{"taxonomy":"post_tag","embeddable":true,"href":"https:\/\/sceaux-lagazette.fr\/index.php\/wp-json\/wp\/v2\/tags?post=4414"}],"curies":[{"name":"wp","href":"https:\/\/api.w.org\/{rel}","templated":true}]}}