{"id":4407,"date":"2021-08-31T09:55:59","date_gmt":"2021-08-31T07:55:59","guid":{"rendered":"https:\/\/sceaux-lagazette.fr\/?p=4407"},"modified":"2021-11-08T11:32:32","modified_gmt":"2021-11-08T10:32:32","slug":"lete-2021-et-les-incendies-de-foret","status":"publish","type":"post","link":"https:\/\/sceaux-lagazette.fr\/index.php\/2021\/08\/31\/lete-2021-et-les-incendies-de-foret\/","title":{"rendered":"L\u2019\u00e9t\u00e9 2021 et les incendies de for\u00eat"},"content":{"rendered":"\n<p>L\u2019\u00e9t\u00e9 2021 restera comme celui des nombreux et graves incendies de for\u00eat en Europe et en Am\u00e9rique du Nord. La cause est connue&nbsp;: le r\u00e9chauffement climatique. Ce qui signifie que le ph\u00e9nom\u00e8ne devrait se renouveler et s\u2019accentuer dans les prochaines ann\u00e9es.<\/p>\n\n\n\n<h2 class=\"wp-block-heading\">La canicule de Lytton<\/h2>\n\n\n\n<p><a href=\"https:\/\/fr.wikipedia.org\/wiki\/Lytton_(Colombie-Britannique)\" target=\"_blank\" rel=\"noreferrer noopener\">Lytton <\/a>est une petite bourgade de 250 habitants en Colombie britannique (Ouest du Canada), \u00e0 260 km de Vancouver (Vancouver se trouve au bord de l\u2019oc\u00e9an Pacifique). Lytton se trouve \u00e0 la m\u00eame latitude que la ville d\u2019Arras.<\/p>\n\n\n\n<p>Le lundi 28 juin 2021, la bourgade fait la une de l\u2019actualit\u00e9 parce qu\u2019on vient d\u2019y enregistrer un record de chaleur pour le Canada&nbsp;: 46,6\u00b0. Le record pr\u00e9c\u00e9dent n\u2019\u00e9tait que de 45\u00b0, dans l&rsquo;\u00c9tat de la Saskatchewan, beaucoup plus \u00e9loign\u00e9 de l\u2019oc\u00e9an.<\/p>\n\n\n\n<p>Lytton est connu comme un point chaud et il n\u2019est pas rare d\u2019y mesurer ponctuellement des temp\u00e9ratures sup\u00e9rieures \u00e0 40\u00b0. Cette fois-l\u00e0, la m\u00e9t\u00e9o a pr\u00e9venu&nbsp;: un \u00ab\u00a0d\u00f4me de chaleur\u00a0\u00bb \u00e9tait install\u00e9 sur le Nord-Ouest am\u00e9ricain et la canicule allait durer plusieurs jours.<\/p>\n\n\n\n<p>Le lendemain, mardi 29 juin, la temp\u00e9rature observ\u00e9e \u00e0 Lytton a pulv\u00e9ris\u00e9 tous les records&nbsp;: 49,5\u00b0. La chaleur de la r\u00e9gion a renforc\u00e9 un feu de for\u00eat qui avait d\u00e9marr\u00e9 le 16 juin et provoqu\u00e9 le d\u00e9part d\u2019autres feux. Ces incendies d\u00e9gradent la qualit\u00e9 de l\u2019air des habitants. La chaleur ass\u00e8che toute la v\u00e9g\u00e9tation.<\/p>\n\n\n\n<p>Le 30 juin, le feu appara\u00eet dans la ville et le sh\u00e9rif donne l\u2019alerte&nbsp;: 15 minutes pour \u00e9vacuer la ville. Dans les heures qui suivent, toute la cit\u00e9 part en fum\u00e9e.<\/p>\n\n\n\n<p><a href=\"https:\/\/www.francetvinfo.fr\/meteo\/climat\/recit-il-ne-reste-plus-rien-de-notre-ville-comment-lytton-le-village-canadien-en-proie-a-des-temperatures-flirtant-avec-les-50-c-a-ete-devore-par-les-flammes_4685911.htm\">Un r\u00e9cit d\u00e9taill\u00e9 en fran\u00e7ais<\/a> est disponible sur le site de France Info. En bas de l\u2019article, un tweet est ins\u00e9r\u00e9 avec une vid\u00e9o tourn\u00e9e pendant l\u2019\u00e9vacuation.<\/p>\n\n\n\n<p>La situation m\u00e9t\u00e9orologique qui a conduit \u00e0 ces temp\u00e9ratures et \u00e0 ces incendies \u00e9tait particuli\u00e8rement improbable, ce qui explique l\u2019\u00e9cart entre la temp\u00e9rature atteinte et le record pr\u00e9c\u00e9dent. Mais une chose est s\u00fbre&nbsp;: elle n\u2019aurait pas pu avoir lieu sans le r\u00e9chauffement climatique. Des explications de cette affirmation sont fournies sur <a href=\"https:\/\/fr.wikipedia.org\/wiki\/Lytton_(Colombie-Britannique)\">cette page Wikipedia<\/a>.<\/p>\n\n\n\n<h2 class=\"wp-block-heading\">Greenville en Californie<\/h2>\n\n\n\n<p>Le 13 juillet 2021, un incendie se d\u00e9clare dans le nord de la Californie et prend rapidement de grandes proportions. Surnomm\u00e9 Dixie Fire, il est d\u00e9clar\u00e9 le 23 juillet 2021, le plus grand feu de for\u00eat de la saison 2021 des feux de for\u00eat de la Californie. Dans la nuit de 4 au 5 ao\u00fbt, alors qu\u2019il a d\u00e9j\u00e0 d\u00e9vast\u00e9 1100 km2, il d\u00e9truit la ville de Greenville (800 habitants). Le 8 ao\u00fbt, il est devenu le deuxi\u00e8me plus grand feu de l&rsquo;histoire de Californie, avec 1800 km2 ravag\u00e9s. Le 20 ao\u00fbt, il n\u2019\u00e9tait toujours pas ma\u00eetris\u00e9 apr\u00e8s avoir d\u00e9truit 2700 km2. Le 30 ao\u00fbt, <a rel=\"noreferrer noopener\" href=\"https:\/\/www.lemonde.fr\/planete\/article\/2021\/08\/31\/en-californie-un-incendie-pres-du-lac-tahoe-va-entrainer-l-evacuation-de-20-000-personnes_6092816_3244.html\" target=\"_blank\">un article <\/a>du <em>Monde<\/em> signale que le feu a d\u00e9j\u00e0 d\u00e9truit 3000 km2<\/p>\n\n\n\n<h2 class=\"wp-block-heading\">Incendies en Europe<\/h2>\n\n\n\n<p>Le 20 ao\u00fbt, <em>Le Monde<\/em> a publi\u00e9 <a href=\"https:\/\/www.lemonde.fr\/planete\/article\/2021\/08\/20\/dans-le-sillage-de-dixie-fire-le-gigantesque-brasier-qui-ravage-la-californie_6091862_3244.html\">un article des D\u00e9codeurs<\/a>, comparant la surface br\u00fbl\u00e9e dans chaque pays europ\u00e9en avec la moyenne observ\u00e9e de 2008 \u00e0 2020. En moyenne pour l\u2019Union europ\u00e9enne, la surface br\u00fbl\u00e9e a \u00e9t\u00e9 multipli\u00e9e par 2,3. Mais la Gr\u00e8ce et la Turquie ont \u00e9t\u00e9 particuli\u00e8rement touch\u00e9es, avec respectivement 1200 et 1800 km2 d\u00e9truits.). La France, \u00e0 cause de l\u2019incendie dans le Var, a vu la surface d\u00e9truite multipli\u00e9e par pr\u00e8s de 4.<\/p>\n\n\n\n<figure class=\"wp-block-image size-large\"><img decoding=\"async\" width=\"744\" height=\"558\" src=\"https:\/\/sceaux-lagazette.fr\/wp-content\/uploads\/2021\/08\/Incendies-Europe-2021.png\" alt=\"\" class=\"wp-image-4409\" srcset=\"https:\/\/sceaux-lagazette.fr\/wp-content\/uploads\/2021\/08\/Incendies-Europe-2021.png 744w, https:\/\/sceaux-lagazette.fr\/wp-content\/uploads\/2021\/08\/Incendies-Europe-2021-300x225.png 300w\" sizes=\"(max-width: 744px) 100vw, 744px\" \/><\/figure>\n\n\n\n<p>Pour m\u00e9moire, l\u2019Alg\u00e9rie a aussi connu des incendies inhabituels.<\/p>\n\n\n\n<h2 class=\"wp-block-heading\">Cons\u00e9quence du r\u00e9chauffement climatique<\/h2>\n\n\n\n<p>Que le r\u00e9chauffement climatique conduise \u00e0 une augmentation des incendies, en particulier dans les zones connaissant r\u00e9guli\u00e8rement des \u00e9pisodes de s\u00e9cheresse, ne para\u00eet pas une surprise. Un chiffre \u00e0 retenir&nbsp;: selon les \u00e9tudes des experts, le r\u00e9chauffement de 1,2\u00b0 d\u00e9j\u00e0 constat\u00e9 a multipli\u00e9 par 150 la probabilit\u00e9 de ce qui a provoqu\u00e9 la canicule de Lytton. Qu\u2019est-ce que ce sera avec une augmentation de 4\u00b0 telle qu\u2019envisag\u00e9e par le dernier rapport du GIEC&nbsp;?<\/p>\n\n\n\n<p>On y reviendra&nbsp;!<\/p>\n\n\n\n<hr class=\"wp-block-separator\"\/>\n\n\n\n<p>NB: Le compte Twitter des pompiers de Californie montre une vid\u00e9o de feu \u00e0 cette adresse:  <a href=\"https:\/\/twitter.com\/CAL_FIRE\/status\/1432060008036925441\" target=\"_blank\" rel=\"noreferrer noopener\">https:\/\/twitter.com\/CAL_FIRE\/status\/1432060008036925441<\/a><\/p>\n\n\n\n<p><\/p>\n","protected":false},"excerpt":{"rendered":"<p>L\u2019\u00e9t\u00e9 2021 restera comme celui des nombreux et graves incendies de for\u00eat en Europe et en Am\u00e9rique du Nord. La cause est connue&nbsp;: le r\u00e9chauffement climatique. Ce qui signifie que le ph\u00e9nom\u00e8ne devrait se renouveler et s\u2019accentuer dans les prochaines ann\u00e9es. La canicule de Lytton Lytton est une petite bourgade&#8230;<\/p>\n","protected":false},"author":11,"featured_media":5033,"comment_status":"open","ping_status":"open","sticky":false,"template":"","format":"standard","meta":{"om_disable_all_campaigns":false,"_monsterinsights_skip_tracking":false,"_monsterinsights_sitenote_active":false,"_monsterinsights_sitenote_note":"","_monsterinsights_sitenote_category":0,"_uf_show_specific_survey":0,"_uf_disable_surveys":false,"footnotes":""},"categories":[53],"tags":[],"class_list":["post-4407","post","type-post","status-publish","format-standard","has-post-thumbnail","hentry","category-analyses","entry","simple"],"yoast_head":"<!-- This site is optimized with the Yoast SEO plugin v25.6 - https:\/\/yoast.com\/wordpress\/plugins\/seo\/ -->\n<title>L\u2019\u00e9t\u00e9 2021 et les incendies de for\u00eat - La Gazette<\/title>\n<meta name=\"robots\" content=\"index, follow, max-snippet:-1, max-image-preview:large, max-video-preview:-1\" \/>\n<link rel=\"canonical\" href=\"https:\/\/sceaux-lagazette.fr\/index.php\/2021\/08\/31\/lete-2021-et-les-incendies-de-foret\/\" \/>\n<meta property=\"og:locale\" content=\"fr_FR\" \/>\n<meta property=\"og:type\" content=\"article\" \/>\n<meta property=\"og:title\" content=\"L\u2019\u00e9t\u00e9 2021 et les incendies de for\u00eat - La Gazette\" \/>\n<meta property=\"og:description\" content=\"L\u2019\u00e9t\u00e9 2021 restera comme celui des nombreux et graves incendies de for\u00eat en Europe et en Am\u00e9rique du Nord. La cause est connue&nbsp;: le r\u00e9chauffement climatique. Ce qui signifie que le ph\u00e9nom\u00e8ne devrait se renouveler et s\u2019accentuer dans les prochaines ann\u00e9es. La canicule de Lytton Lytton est une petite bourgade&#8230;\" \/>\n<meta property=\"og:url\" content=\"https:\/\/sceaux-lagazette.fr\/index.php\/2021\/08\/31\/lete-2021-et-les-incendies-de-foret\/\" \/>\n<meta property=\"og:site_name\" content=\"La Gazette\" \/>\n<meta property=\"article:published_time\" content=\"2021-08-31T07:55:59+00:00\" \/>\n<meta property=\"article:modified_time\" content=\"2021-11-08T10:32:32+00:00\" \/>\n<meta property=\"og:image\" content=\"https:\/\/sceaux-lagazette.fr\/wp-content\/uploads\/2021\/08\/feuer-1451666413wh4.jpg\" \/>\n\t<meta property=\"og:image:width\" content=\"225\" \/>\n\t<meta property=\"og:image:height\" content=\"150\" \/>\n\t<meta property=\"og:image:type\" content=\"image\/jpeg\" \/>\n<meta name=\"author\" content=\"G\u00e9rard Bardier\" \/>\n<meta name=\"twitter:card\" content=\"summary_large_image\" \/>\n<meta name=\"twitter:label1\" content=\"\u00c9crit par\" \/>\n\t<meta name=\"twitter:data1\" content=\"G\u00e9rard Bardier\" \/>\n\t<meta name=\"twitter:label2\" content=\"Dur\u00e9e de lecture estim\u00e9e\" \/>\n\t<meta name=\"twitter:data2\" content=\"4 minutes\" \/>\n<script type=\"application\/ld+json\" class=\"yoast-schema-graph\">{\"@context\":\"https:\/\/schema.org\",\"@graph\":[{\"@type\":\"Article\",\"@id\":\"https:\/\/sceaux-lagazette.fr\/index.php\/2021\/08\/31\/lete-2021-et-les-incendies-de-foret\/#article\",\"isPartOf\":{\"@id\":\"https:\/\/sceaux-lagazette.fr\/index.php\/2021\/08\/31\/lete-2021-et-les-incendies-de-foret\/\"},\"author\":{\"name\":\"G\u00e9rard Bardier\",\"@id\":\"https:\/\/sceaux-lagazette.fr\/#\/schema\/person\/5650e206a121f68c6f5e76379bccfbc4\"},\"headline\":\"L\u2019\u00e9t\u00e9 2021 et les incendies de for\u00eat\",\"datePublished\":\"2021-08-31T07:55:59+00:00\",\"dateModified\":\"2021-11-08T10:32:32+00:00\",\"mainEntityOfPage\":{\"@id\":\"https:\/\/sceaux-lagazette.fr\/index.php\/2021\/08\/31\/lete-2021-et-les-incendies-de-foret\/\"},\"wordCount\":735,\"commentCount\":2,\"publisher\":{\"@id\":\"https:\/\/sceaux-lagazette.fr\/#organization\"},\"image\":{\"@id\":\"https:\/\/sceaux-lagazette.fr\/index.php\/2021\/08\/31\/lete-2021-et-les-incendies-de-foret\/#primaryimage\"},\"thumbnailUrl\":\"https:\/\/sceaux-lagazette.fr\/wp-content\/uploads\/2021\/08\/feuer-1451666413wh4.jpg\",\"articleSection\":[\"Analyses\"],\"inLanguage\":\"fr-FR\",\"potentialAction\":[{\"@type\":\"CommentAction\",\"name\":\"Comment\",\"target\":[\"https:\/\/sceaux-lagazette.fr\/index.php\/2021\/08\/31\/lete-2021-et-les-incendies-de-foret\/#respond\"]}]},{\"@type\":\"WebPage\",\"@id\":\"https:\/\/sceaux-lagazette.fr\/index.php\/2021\/08\/31\/lete-2021-et-les-incendies-de-foret\/\",\"url\":\"https:\/\/sceaux-lagazette.fr\/index.php\/2021\/08\/31\/lete-2021-et-les-incendies-de-foret\/\",\"name\":\"L\u2019\u00e9t\u00e9 2021 et les incendies de for\u00eat - La Gazette\",\"isPartOf\":{\"@id\":\"https:\/\/sceaux-lagazette.fr\/#website\"},\"primaryImageOfPage\":{\"@id\":\"https:\/\/sceaux-lagazette.fr\/index.php\/2021\/08\/31\/lete-2021-et-les-incendies-de-foret\/#primaryimage\"},\"image\":{\"@id\":\"https:\/\/sceaux-lagazette.fr\/index.php\/2021\/08\/31\/lete-2021-et-les-incendies-de-foret\/#primaryimage\"},\"thumbnailUrl\":\"https:\/\/sceaux-lagazette.fr\/wp-content\/uploads\/2021\/08\/feuer-1451666413wh4.jpg\",\"datePublished\":\"2021-08-31T07:55:59+00:00\",\"dateModified\":\"2021-11-08T10:32:32+00:00\",\"breadcrumb\":{\"@id\":\"https:\/\/sceaux-lagazette.fr\/index.php\/2021\/08\/31\/lete-2021-et-les-incendies-de-foret\/#breadcrumb\"},\"inLanguage\":\"fr-FR\",\"potentialAction\":[{\"@type\":\"ReadAction\",\"target\":[\"https:\/\/sceaux-lagazette.fr\/index.php\/2021\/08\/31\/lete-2021-et-les-incendies-de-foret\/\"]}]},{\"@type\":\"ImageObject\",\"inLanguage\":\"fr-FR\",\"@id\":\"https:\/\/sceaux-lagazette.fr\/index.php\/2021\/08\/31\/lete-2021-et-les-incendies-de-foret\/#primaryimage\",\"url\":\"https:\/\/sceaux-lagazette.fr\/wp-content\/uploads\/2021\/08\/feuer-1451666413wh4.jpg\",\"contentUrl\":\"https:\/\/sceaux-lagazette.fr\/wp-content\/uploads\/2021\/08\/feuer-1451666413wh4.jpg\",\"width\":225,\"height\":150},{\"@type\":\"BreadcrumbList\",\"@id\":\"https:\/\/sceaux-lagazette.fr\/index.php\/2021\/08\/31\/lete-2021-et-les-incendies-de-foret\/#breadcrumb\",\"itemListElement\":[{\"@type\":\"ListItem\",\"position\":1,\"name\":\"Accueil\",\"item\":\"https:\/\/sceaux-lagazette.fr\/\"},{\"@type\":\"ListItem\",\"position\":2,\"name\":\"L\u2019\u00e9t\u00e9 2021 et les incendies de for\u00eat\"}]},{\"@type\":\"WebSite\",\"@id\":\"https:\/\/sceaux-lagazette.fr\/#website\",\"url\":\"https:\/\/sceaux-lagazette.fr\/\",\"name\":\"La Gazette\",\"description\":\"Bourg-la-Reine, Ch\u00e2tenay, Fontenay, Sceaux\",\"publisher\":{\"@id\":\"https:\/\/sceaux-lagazette.fr\/#organization\"},\"potentialAction\":[{\"@type\":\"SearchAction\",\"target\":{\"@type\":\"EntryPoint\",\"urlTemplate\":\"https:\/\/sceaux-lagazette.fr\/?s={search_term_string}\"},\"query-input\":{\"@type\":\"PropertyValueSpecification\",\"valueRequired\":true,\"valueName\":\"search_term_string\"}}],\"inLanguage\":\"fr-FR\"},{\"@type\":\"Organization\",\"@id\":\"https:\/\/sceaux-lagazette.fr\/#organization\",\"name\":\"La Gazette\",\"url\":\"https:\/\/sceaux-lagazette.fr\/\",\"logo\":{\"@type\":\"ImageObject\",\"inLanguage\":\"fr-FR\",\"@id\":\"https:\/\/sceaux-lagazette.fr\/#\/schema\/logo\/image\/\",\"url\":\"https:\/\/sceaux-lagazette.fr\/wp-content\/uploads\/2025\/08\/Logo-Gazette-Aout-2025-V3.jpg\",\"contentUrl\":\"https:\/\/sceaux-lagazette.fr\/wp-content\/uploads\/2025\/08\/Logo-Gazette-Aout-2025-V3.jpg\",\"width\":525,\"height\":130,\"caption\":\"La Gazette\"},\"image\":{\"@id\":\"https:\/\/sceaux-lagazette.fr\/#\/schema\/logo\/image\/\"}},{\"@type\":\"Person\",\"@id\":\"https:\/\/sceaux-lagazette.fr\/#\/schema\/person\/5650e206a121f68c6f5e76379bccfbc4\",\"name\":\"G\u00e9rard Bardier\",\"image\":{\"@type\":\"ImageObject\",\"inLanguage\":\"fr-FR\",\"@id\":\"https:\/\/sceaux-lagazette.fr\/#\/schema\/person\/image\/\",\"url\":\"https:\/\/secure.gravatar.com\/avatar\/5cf4391ef9dbc0367750202561279a29?s=96&r=g\",\"contentUrl\":\"https:\/\/secure.gravatar.com\/avatar\/5cf4391ef9dbc0367750202561279a29?s=96&r=g\",\"caption\":\"G\u00e9rard Bardier\"},\"url\":\"https:\/\/sceaux-lagazette.fr\/index.php\/author\/gb\/\"}]}<\/script>\n<!-- \/ Yoast SEO plugin. -->","yoast_head_json":{"title":"L\u2019\u00e9t\u00e9 2021 et les incendies de for\u00eat - La Gazette","robots":{"index":"index","follow":"follow","max-snippet":"max-snippet:-1","max-image-preview":"max-image-preview:large","max-video-preview":"max-video-preview:-1"},"canonical":"https:\/\/sceaux-lagazette.fr\/index.php\/2021\/08\/31\/lete-2021-et-les-incendies-de-foret\/","og_locale":"fr_FR","og_type":"article","og_title":"L\u2019\u00e9t\u00e9 2021 et les incendies de for\u00eat - La Gazette","og_description":"L\u2019\u00e9t\u00e9 2021 restera comme celui des nombreux et graves incendies de for\u00eat en Europe et en Am\u00e9rique du Nord. La cause est connue&nbsp;: le r\u00e9chauffement climatique. Ce qui signifie que le ph\u00e9nom\u00e8ne devrait se renouveler et s\u2019accentuer dans les prochaines ann\u00e9es. La canicule de Lytton Lytton est une petite bourgade&#8230;","og_url":"https:\/\/sceaux-lagazette.fr\/index.php\/2021\/08\/31\/lete-2021-et-les-incendies-de-foret\/","og_site_name":"La Gazette","article_published_time":"2021-08-31T07:55:59+00:00","article_modified_time":"2021-11-08T10:32:32+00:00","og_image":[{"width":225,"height":150,"url":"https:\/\/sceaux-lagazette.fr\/wp-content\/uploads\/2021\/08\/feuer-1451666413wh4.jpg","type":"image\/jpeg"}],"author":"G\u00e9rard Bardier","twitter_card":"summary_large_image","twitter_misc":{"\u00c9crit par":"G\u00e9rard Bardier","Dur\u00e9e de lecture estim\u00e9e":"4 minutes"},"schema":{"@context":"https:\/\/schema.org","@graph":[{"@type":"Article","@id":"https:\/\/sceaux-lagazette.fr\/index.php\/2021\/08\/31\/lete-2021-et-les-incendies-de-foret\/#article","isPartOf":{"@id":"https:\/\/sceaux-lagazette.fr\/index.php\/2021\/08\/31\/lete-2021-et-les-incendies-de-foret\/"},"author":{"name":"G\u00e9rard Bardier","@id":"https:\/\/sceaux-lagazette.fr\/#\/schema\/person\/5650e206a121f68c6f5e76379bccfbc4"},"headline":"L\u2019\u00e9t\u00e9 2021 et les incendies de for\u00eat","datePublished":"2021-08-31T07:55:59+00:00","dateModified":"2021-11-08T10:32:32+00:00","mainEntityOfPage":{"@id":"https:\/\/sceaux-lagazette.fr\/index.php\/2021\/08\/31\/lete-2021-et-les-incendies-de-foret\/"},"wordCount":735,"commentCount":2,"publisher":{"@id":"https:\/\/sceaux-lagazette.fr\/#organization"},"image":{"@id":"https:\/\/sceaux-lagazette.fr\/index.php\/2021\/08\/31\/lete-2021-et-les-incendies-de-foret\/#primaryimage"},"thumbnailUrl":"https:\/\/sceaux-lagazette.fr\/wp-content\/uploads\/2021\/08\/feuer-1451666413wh4.jpg","articleSection":["Analyses"],"inLanguage":"fr-FR","potentialAction":[{"@type":"CommentAction","name":"Comment","target":["https:\/\/sceaux-lagazette.fr\/index.php\/2021\/08\/31\/lete-2021-et-les-incendies-de-foret\/#respond"]}]},{"@type":"WebPage","@id":"https:\/\/sceaux-lagazette.fr\/index.php\/2021\/08\/31\/lete-2021-et-les-incendies-de-foret\/","url":"https:\/\/sceaux-lagazette.fr\/index.php\/2021\/08\/31\/lete-2021-et-les-incendies-de-foret\/","name":"L\u2019\u00e9t\u00e9 2021 et les incendies de for\u00eat - La Gazette","isPartOf":{"@id":"https:\/\/sceaux-lagazette.fr\/#website"},"primaryImageOfPage":{"@id":"https:\/\/sceaux-lagazette.fr\/index.php\/2021\/08\/31\/lete-2021-et-les-incendies-de-foret\/#primaryimage"},"image":{"@id":"https:\/\/sceaux-lagazette.fr\/index.php\/2021\/08\/31\/lete-2021-et-les-incendies-de-foret\/#primaryimage"},"thumbnailUrl":"https:\/\/sceaux-lagazette.fr\/wp-content\/uploads\/2021\/08\/feuer-1451666413wh4.jpg","datePublished":"2021-08-31T07:55:59+00:00","dateModified":"2021-11-08T10:32:32+00:00","breadcrumb":{"@id":"https:\/\/sceaux-lagazette.fr\/index.php\/2021\/08\/31\/lete-2021-et-les-incendies-de-foret\/#breadcrumb"},"inLanguage":"fr-FR","potentialAction":[{"@type":"ReadAction","target":["https:\/\/sceaux-lagazette.fr\/index.php\/2021\/08\/31\/lete-2021-et-les-incendies-de-foret\/"]}]},{"@type":"ImageObject","inLanguage":"fr-FR","@id":"https:\/\/sceaux-lagazette.fr\/index.php\/2021\/08\/31\/lete-2021-et-les-incendies-de-foret\/#primaryimage","url":"https:\/\/sceaux-lagazette.fr\/wp-content\/uploads\/2021\/08\/feuer-1451666413wh4.jpg","contentUrl":"https:\/\/sceaux-lagazette.fr\/wp-content\/uploads\/2021\/08\/feuer-1451666413wh4.jpg","width":225,"height":150},{"@type":"BreadcrumbList","@id":"https:\/\/sceaux-lagazette.fr\/index.php\/2021\/08\/31\/lete-2021-et-les-incendies-de-foret\/#breadcrumb","itemListElement":[{"@type":"ListItem","position":1,"name":"Accueil","item":"https:\/\/sceaux-lagazette.fr\/"},{"@type":"ListItem","position":2,"name":"L\u2019\u00e9t\u00e9 2021 et les incendies de for\u00eat"}]},{"@type":"WebSite","@id":"https:\/\/sceaux-lagazette.fr\/#website","url":"https:\/\/sceaux-lagazette.fr\/","name":"La Gazette","description":"Bourg-la-Reine, Ch\u00e2tenay, Fontenay, Sceaux","publisher":{"@id":"https:\/\/sceaux-lagazette.fr\/#organization"},"potentialAction":[{"@type":"SearchAction","target":{"@type":"EntryPoint","urlTemplate":"https:\/\/sceaux-lagazette.fr\/?s={search_term_string}"},"query-input":{"@type":"PropertyValueSpecification","valueRequired":true,"valueName":"search_term_string"}}],"inLanguage":"fr-FR"},{"@type":"Organization","@id":"https:\/\/sceaux-lagazette.fr\/#organization","name":"La Gazette","url":"https:\/\/sceaux-lagazette.fr\/","logo":{"@type":"ImageObject","inLanguage":"fr-FR","@id":"https:\/\/sceaux-lagazette.fr\/#\/schema\/logo\/image\/","url":"https:\/\/sceaux-lagazette.fr\/wp-content\/uploads\/2025\/08\/Logo-Gazette-Aout-2025-V3.jpg","contentUrl":"https:\/\/sceaux-lagazette.fr\/wp-content\/uploads\/2025\/08\/Logo-Gazette-Aout-2025-V3.jpg","width":525,"height":130,"caption":"La Gazette"},"image":{"@id":"https:\/\/sceaux-lagazette.fr\/#\/schema\/logo\/image\/"}},{"@type":"Person","@id":"https:\/\/sceaux-lagazette.fr\/#\/schema\/person\/5650e206a121f68c6f5e76379bccfbc4","name":"G\u00e9rard Bardier","image":{"@type":"ImageObject","inLanguage":"fr-FR","@id":"https:\/\/sceaux-lagazette.fr\/#\/schema\/person\/image\/","url":"https:\/\/secure.gravatar.com\/avatar\/5cf4391ef9dbc0367750202561279a29?s=96&r=g","contentUrl":"https:\/\/secure.gravatar.com\/avatar\/5cf4391ef9dbc0367750202561279a29?s=96&r=g","caption":"G\u00e9rard Bardier"},"url":"https:\/\/sceaux-lagazette.fr\/index.php\/author\/gb\/"}]}},"cc_featured_image_caption":{"caption_text":false,"source_text":false,"source_url":false},"_links":{"self":[{"href":"https:\/\/sceaux-lagazette.fr\/index.php\/wp-json\/wp\/v2\/posts\/4407"}],"collection":[{"href":"https:\/\/sceaux-lagazette.fr\/index.php\/wp-json\/wp\/v2\/posts"}],"about":[{"href":"https:\/\/sceaux-lagazette.fr\/index.php\/wp-json\/wp\/v2\/types\/post"}],"author":[{"embeddable":true,"href":"https:\/\/sceaux-lagazette.fr\/index.php\/wp-json\/wp\/v2\/users\/11"}],"replies":[{"embeddable":true,"href":"https:\/\/sceaux-lagazette.fr\/index.php\/wp-json\/wp\/v2\/comments?post=4407"}],"version-history":[{"count":4,"href":"https:\/\/sceaux-lagazette.fr\/index.php\/wp-json\/wp\/v2\/posts\/4407\/revisions"}],"predecessor-version":[{"id":5034,"href":"https:\/\/sceaux-lagazette.fr\/index.php\/wp-json\/wp\/v2\/posts\/4407\/revisions\/5034"}],"wp:featuredmedia":[{"embeddable":true,"href":"https:\/\/sceaux-lagazette.fr\/index.php\/wp-json\/wp\/v2\/media\/5033"}],"wp:attachment":[{"href":"https:\/\/sceaux-lagazette.fr\/index.php\/wp-json\/wp\/v2\/media?parent=4407"}],"wp:term":[{"taxonomy":"category","embeddable":true,"href":"https:\/\/sceaux-lagazette.fr\/index.php\/wp-json\/wp\/v2\/categories?post=4407"},{"taxonomy":"post_tag","embeddable":true,"href":"https:\/\/sceaux-lagazette.fr\/index.php\/wp-json\/wp\/v2\/tags?post=4407"}],"curies":[{"name":"wp","href":"https:\/\/api.w.org\/{rel}","templated":true}]}}