{"id":43625,"date":"2025-05-27T08:26:43","date_gmt":"2025-05-27T06:26:43","guid":{"rendered":"https:\/\/sceaux-lagazette.fr\/?p=43625"},"modified":"2025-05-27T11:13:23","modified_gmt":"2025-05-27T09:13:23","slug":"aux-cotes-des-oiseaux-du-parc-de-sceaux","status":"publish","type":"post","link":"https:\/\/sceaux-lagazette.fr\/index.php\/2025\/05\/27\/aux-cotes-des-oiseaux-du-parc-de-sceaux\/","title":{"rendered":"Aux c\u00f4t\u00e9s des oiseaux dans le parc de Sceaux"},"content":{"rendered":"\n<p>Bruno Lebrun fait partie de l\u2019\u00e9quipe d\u2019accueil et de surveillance <a href=\"https:\/\/domaine-de-sceaux.hauts-de-seine.fr\/\">du parc de Sceaux<\/a>. Il impressionne par ses connaissances les participants des visites du parc, comme celle dont la Gazette <a href=\"https:\/\/sceaux-lagazette.fr\/index.php\/2025\/04\/09\/les-oiseaux-du-parc-de-sceaux\/\">avait rendu compte<\/a>. Nous l\u2019avons rencontr\u00e9 pour en savoir plus. Sur sa mission et sur son exp\u00e9rience du monde des oiseaux.<\/p>\n\n\n\n<p>Lors de la mise en place <a href=\"https:\/\/www.hauts-de-seine.fr\/fileadmin\/user_upload\/Mon_departement\/01_Missions_et_actions\/01.5_Gestion_environnementale\/PG_Sceaux_Printw.pdf\">d\u2019une gestion diff\u00e9renci\u00e9e au parc de Sceaux<\/a>, vers la fin des ann\u00e9es 90, une mission \u00e0 temps partiel lui a \u00e9t\u00e9 confi\u00e9e, dans le cadre de la protection du parc. Elle comprenait notamment les visites guid\u00e9es nature (1 ou 2 week-ends par mois), tout ce qui concernait les nichoirs, et la r\u00e9daction d\u2019une synth\u00e8se ornithologique r\u00e9guli\u00e8re. Une mission qui lui convient parfaitement, lui qui d\u00e9j\u00e0 enfant passait des heures \u00e0 observer les animaux.<\/p>\n\n\n\n<h2 class=\"wp-block-heading\">Les zones du parc<\/h2>\n\n\n\n<p>Traditionnellement, le parc de Sceaux \u00e9tait g\u00e9r\u00e9 comme un \u00ab&nbsp;parc \u00e0 la fran\u00e7aise&nbsp;\u00bb&nbsp;: gestion tr\u00e8s stricte, des traitements partout, des ramassages de branches dans les sous-bois. Une gestion qui ne favorisait pas le d\u00e9veloppement des insectes et de toute la cha\u00eene alimentaire qui se construit \u00e0 partir de cette nourriture.<\/p>\n\n\n\n<p>Apr\u00e8s la temp\u00eate de 1999, il a \u00e9t\u00e9 d\u00e9cid\u00e9 de cr\u00e9er des parcelles pour prot\u00e9ger la faune et la flore, en s\u00e9parant zones jardin\u00e9es (tondues r\u00e9guli\u00e8rement), zones rustiques (entretien moins fr\u00e9quent) et zones naturelles (entretien tr\u00e8s limit\u00e9). Le parc a \u00e9t\u00e9 class\u00e9 <a href=\"https:\/\/fr.wikipedia.org\/wiki\/Zone_naturelle_d%27int%C3%A9r%C3%AAt_%C3%A9cologique,_faunistique_et_floristique\">Zone Naturelle d\u2019Int\u00e9r\u00eat \u00c9cologique, Faunistique et Floristique<\/a> (ZNIEFF).<\/p>\n\n\n\n<figure class=\"wp-block-image size-full\"><img decoding=\"async\" width=\"605\" height=\"438\" src=\"https:\/\/sceaux-lagazette.fr\/wp-content\/uploads\/2025\/05\/Gestion-differenciee-parc-de-Sceaux.jpg\" alt=\"\" class=\"wp-image-43627\" srcset=\"https:\/\/sceaux-lagazette.fr\/wp-content\/uploads\/2025\/05\/Gestion-differenciee-parc-de-Sceaux.jpg 605w, https:\/\/sceaux-lagazette.fr\/wp-content\/uploads\/2025\/05\/Gestion-differenciee-parc-de-Sceaux-300x217.jpg 300w\" sizes=\"(max-width: 605px) 100vw, 605px\" \/><\/figure>\n\n\n\n<p>Des plates-formes v\u00e9g\u00e9talis\u00e9es ont \u00e9t\u00e9 install\u00e9es sur les plans d\u2019eau, offrant un abri aux oiseaux d\u2019eau. Cela permettait par exemple \u00e0 un h\u00e9ron cendr\u00e9 de p\u00eacher toute la journ\u00e9e. Un couple s\u2019est install\u00e9. Malheureusement, les plates-formes ont coul\u00e9 au bout de trois ans. Il reste deux ou trois h\u00e9rons cendr\u00e9s, mais ils ne peuvent p\u00eacher que la nuit, quand le parc est ferm\u00e9.<\/p>\n\n\n\n<p>Deux plates-formes ont \u00e9t\u00e9 install\u00e9es r\u00e9cemment du c\u00f4t\u00e9 de l\u2019octogone, mais Bruno Lebrun pense qu\u2019il en faudrait au moins le double, pour toutes les esp\u00e8ces aquatiques.<\/p>\n\n\n\n<p>La gestion diff\u00e9r\u00e9e et le maintien de zones rustiques et naturelles ont conduit \u00e0 une augmentation des insectes et des escargots, une \u00e9volution favorable aux oiseaux. Les zones cl\u00f4tur\u00e9es en prairies sont utilis\u00e9es par des esp\u00e8ces migrantes.<\/p>\n\n\n\n<p>L\u2019utilisation nouvelle du bassin des Lilas ( pour les fontaines) a d\u2019abord conduit \u00e0 la disparation de certains batraciens( par exemple l\u2019alyte accoucheur). Depuis, le syst\u00e8me de filtrage de l\u2019eau a \u00e9t\u00e9 revu et le bassin n\u2019est cur\u00e9 que deux fois par an, \u00e0 la fin de l\u2019hiver et quand les petits ont grandi. Cette ann\u00e9e, on a revu l\u2019alyte accoucheur.<\/p>\n\n\n\n<h2 class=\"wp-block-heading\">\u00c9volution du nombre d\u2019esp\u00e8ces pr\u00e9sentes<\/h2>\n\n\n\n<p>Bruno Lebrun r\u00e9alise r\u00e9guli\u00e8rement (tous les 3 ans, sauf p\u00e9riodes de Covid&nbsp;!) des <a href=\"https:\/\/www.hauts-de-seine.fr\/fileadmin\/user_upload\/Sortir_et_decouvrir\/02_Patrimoine_vert\/02.2Parcs_et_jardins\/02.1Parcs\/sceaux_synthese_ornithologique.pdf\">synth\u00e8ses ornithologiques<\/a>. Il s\u2019agit de rep\u00e9rer les esp\u00e8ces pr\u00e9sentes au parc et de quantifier leur pr\u00e9sence. Rep\u00e9rer avant tout les esp\u00e8ces qui nichent, ce qui n\u00e9cessite que le plus gros de l\u2019exploration ait lieu au printemps.<\/p>\n\n\n\n<p>Ces synth\u00e8ses mettent r\u00e9guli\u00e8rement en \u00e9vidence des disparitions parmi les esp\u00e8ces pr\u00e9sentes.&nbsp;Cela n\u2019appara\u00eet pas forc\u00e9ment quand on regarde le nombre d\u2019esp\u00e8ces recens\u00e9es&nbsp;: des esp\u00e8ces peuvent revenir ou appara\u00eetre.<\/p>\n\n\n\n<p>En 1997, Bruno Lebrun compte 41 esp\u00e8ces nicheuses. 10 esp\u00e8ces, observ\u00e9e lors de comptages pr\u00e9c\u00e9dents (entre 1973 et 1983) ne le sont plus. Il en observe 45 en 2005, 45 en 2019 et 41 en 2023<\/p>\n\n\n\n<p>Environ 60 esp\u00e8ces de passage sont d\u00e9compt\u00e9es en 1997, 100 en 2005, 120 en 2019 et 123 en 2023. Ce passage a lieu lors du retour pour nicher ou au d\u00e9part pour le sud. Les dates de migration sont tr\u00e8s \u00e9tal\u00e9es selon les esp\u00e8ces, certaines arrivent m\u00eame quand d\u2019autres repartent d\u00e9j\u00e0&nbsp;! Il y a aussi quelques esp\u00e8ces qui hivernent sur place&nbsp;: la mouette rieuse, le grand cormoran ou la grive mauvis<\/p>\n\n\n\n<p>L\u2019augmentation du nombre d\u2019esp\u00e8ces d\u00e9compt\u00e9es n\u2018est qu\u2019apparente&nbsp;: les esp\u00e8ces observ\u00e9es les ann\u00e9es pr\u00e9c\u00e9dentes sont compt\u00e9es dans le total d\u2019une ann\u00e9e.<\/p>\n\n\n\n<p>L\u2019observation ne se limite pas \u00e0 citer les esp\u00e8ces observ\u00e9es, un comptage est r\u00e9alis\u00e9. Les fr\u00e9quentations peuvent \u00eatre tr\u00e8s diff\u00e9rentes d\u2019une esp\u00e8ce \u00e0 l\u2019autre. Par exemple, en 2023, on compte 1 \u00e0 2 couples pour le roitelet \u00e0 triple bandeau (regulus ignicapilla) et 80 \u00e0 100 couples pour la m\u00e9sange charbonni\u00e8re (parus major).<\/p>\n\n\n\n<p>Pour Bruno Lebrun, les esp\u00e8ces rencontr\u00e9es sont assez communes, il n\u2019y a pas d\u2019esp\u00e8ces qu\u2019on trouverait sp\u00e9cifiquement ici.<\/p>\n\n\n\n<h2 class=\"wp-block-heading\">Visiteurs et animaux domestiques<\/h2>\n\n\n\n<p>Avec une superficie de 1,8 km\u00b2, dont une part importante est trait\u00e9e en zones rustiques ou naturelles, le domaine du parc de Sceaux est un abri important pour les oiseaux. Avec pr\u00e8s de 4 millions de visiteurs par an (plus de 10.000\/j en moyenne), il est aussi un cadre de promenade privil\u00e9gi\u00e9 pour les habitants des alentours et m\u00eame ceux de toute la r\u00e9gion parisienne.&nbsp; D\u2019apr\u00e8s un sondage r\u00e9alis\u00e9 il y a une trentaine d\u2019ann\u00e9es par le Domaine, les visiteurs y cherchent avant tout le calme et la nature.<\/p>\n\n\n\n<p>Mais leur seule pr\u00e9sence est une g\u00eane pour certains oiseaux. Le fait, pour un h\u00e9ron cendr\u00e9, de pouvoir p\u00eacher le jour \u00e9tait \u00e9voqu\u00e9 plus haut. Certains oiseaux ne peuvent ainsi se nourrir que la nuit, une fois les visiteurs partis. Le probl\u00e8me se pose en particulier pour les esp\u00e8ces qui trouvent leur nourriture au sol et qui seront effarouch\u00e9es par les passants. Une difficult\u00e9 surtout en hiver, quand le besoin de nourriture est accru et que les journ\u00e9es sont plus courtes.<\/p>\n\n\n\n<p>Le pi\u00e9tinement est de plus en plus fr\u00e9quent dans les sous-bois, avec comme premi\u00e8re cons\u00e9quence d\u2019\u00e9largir les sentes sauvages qu\u2019on y trouve, au d\u00e9triment de la v\u00e9g\u00e9tation et de tout ce qui y vit.<\/p>\n\n\n\n<p>Autre menace pour la faune : les chats domestiques des maisons \u00e0 proximit\u00e9 du parc qui viennent y roder (et chasser) la nuit.<\/p>\n\n\n\n<p>Enfin, trop de visiteurs posent leurs d\u00e9chets pr\u00e8s des poubelles quand celles-ci sont pleines. R\u00e9sultat, la nuit, les renards qui sentent la nourriture, d\u00e9chirent les emballages et dispersent les d\u00e9chets.<\/p>\n\n\n\n<p>La publicit\u00e9 faite \u00e0 Hanami a aussi attir\u00e9 en masse des visiteurs sur une zone qui habituellement en accueillait beaucoup moins. A un niveau important&nbsp;: le Riverain, journal de l\u2019Association des Riverains du parc de Sceaux s\u2019en \u00e9meut <a href=\"https:\/\/www.riverains-parc-sceaux.fr\/journal-le-riverain.html\">dans son \u00e9dition d\u2019avril 2025<\/a>, o\u00f9 le nombre de 130.000 visiteurs pour cet \u00e9v\u00e9nement est \u00e9voqu\u00e9 (voir aussi le reportage photo).<\/p>\n\n\n\n<h2 class=\"wp-block-heading\">Les ombres du parc canin<\/h2>\n\n\n\n<p>Un parc canin a \u00e9t\u00e9 am\u00e9nag\u00e9 dans le parc. Il occupe environ 12 ha de sous-bois, au sein des zones rustiques. Les propri\u00e9taires de chien des environs le connaissent bien.<\/p>\n\n\n\n<p>La synth\u00e8se de 2023 note \u00e0 ce sujet&nbsp;:<\/p>\n\n\n\n<p><em>La fr\u00e9quentation humaine, qui s\u2019est consid\u00e9rablement accrue au cours de la derni\u00e8re d\u00e9cennie, n\u2019est pas non plus sans incidence. Erosion des sols, d\u00e9rangement pendant les p\u00e9riodes d\u2019alimentation et divagation des chiens sont autant de facteurs qui perturbent le quotidien de l\u2019avifaune. L\u2019exemple le plus criant est celui du parc canin. A surface \u00e9gale, la densit\u00e9 des esp\u00e8ces qui nichent pr\u00e8s du sol y est jusqu\u2019\u00e0 deux fois moins importante que dans les zones naturelles prot\u00e9g\u00e9es.<\/em><\/p>\n\n\n\n<p>Bruno Lebrun a connu les sous-bois avant l\u2019installation du parc canin. A l\u2019\u00e9poque, il \u00e9tait difficile de traverser ces sous-bois, tant ils \u00e9taient denses. Aujourd\u2019hui, le pi\u00e9tinement incessant durcit le sol jusqu\u2019\u00e0 rendre impossible la v\u00e9g\u00e9talisation. Bruno Lebrun avait propos\u00e9 de d\u00e9placer le parc canin vers le nord, pour occuper la zone sous les marronniers qui ne contient pas de sous-bois. Il n\u2019a pas \u00e9t\u00e9 suivi sur ce point.<\/p>\n\n\n\n<h2 class=\"wp-block-heading\">Quelques conseils pour respecter la nature dans le parc<\/h2>\n\n\n\n<p>De ce qui pr\u00e9c\u00e8de, on peut d\u00e9duire quelques conseils simples de comportement pour les visiteurs&nbsp;: \u00e9viter de p\u00e9n\u00e9trer dans les sous-bois autrement que sur les sentiers am\u00e9nag\u00e9s pour cela. Garder les chiens en laisse. Emporter ses restes chez soi. Bien entendu, ne pas d\u00e9ranger les oiseaux, en particulier quand ils nichent.<\/p>\n\n\n\n<p>A lire aussi :<\/p>\n\n\n\n<p><a href=\"https:\/\/sceaux-lagazette.fr\/index.php\/2025\/04\/09\/les-oiseaux-du-parc-de-sceaux\/\">Les oiseaux du Parc de Sceaux<\/a><\/p>\n\n\n\n<p><a href=\"https:\/\/sceaux-lagazette.fr\/index.php\/2025\/04\/08\/sixtine-bazire-et-lobservation-des-oiseaux\/\">Sixtine Bazire et l\u2019observation des oiseaux<\/a><\/p>\n\n\n\n<p><a href=\"https:\/\/sceaux-lagazette.fr\/index.php\/2024\/03\/19\/voir-et-entendre-les-oiseaux-au-parc-henri-sellier\/\">Voir et entendre les oiseaux au parc Henri Sellier<\/a><\/p>\n","protected":false},"excerpt":{"rendered":"<p>Bruno Lebrun fait partie de l\u2019\u00e9quipe d\u2019accueil et de surveillance du parc de Sceaux. Il impressionne par ses connaissances les participants des visites du parc, comme celle dont la Gazette avait rendu compte. Nous l\u2019avons rencontr\u00e9 pour en savoir plus. Sur sa mission et sur son exp\u00e9rience du monde des&#8230;<\/p>\n","protected":false},"author":11,"featured_media":43628,"comment_status":"open","ping_status":"open","sticky":false,"template":"","format":"standard","meta":{"om_disable_all_campaigns":false,"_monsterinsights_skip_tracking":false,"_monsterinsights_sitenote_active":false,"_monsterinsights_sitenote_note":"","_monsterinsights_sitenote_category":0,"_uf_show_specific_survey":0,"_uf_disable_surveys":false,"footnotes":""},"categories":[258,290],"tags":[],"class_list":["post-43625","post","type-post","status-publish","format-standard","has-post-thumbnail","hentry","category-environnement","category-parc-de-sceaux","entry","simple"],"yoast_head":"<!-- This site is optimized with the Yoast SEO plugin v25.6 - https:\/\/yoast.com\/wordpress\/plugins\/seo\/ -->\n<title>Aux c\u00f4t\u00e9s des oiseaux dans le parc de Sceaux - La Gazette<\/title>\n<meta name=\"robots\" content=\"index, follow, max-snippet:-1, max-image-preview:large, max-video-preview:-1\" \/>\n<link rel=\"canonical\" href=\"https:\/\/sceaux-lagazette.fr\/index.php\/2025\/05\/27\/aux-cotes-des-oiseaux-du-parc-de-sceaux\/\" \/>\n<meta property=\"og:locale\" content=\"fr_FR\" \/>\n<meta property=\"og:type\" content=\"article\" \/>\n<meta property=\"og:title\" content=\"Aux c\u00f4t\u00e9s des oiseaux dans le parc de Sceaux - La Gazette\" \/>\n<meta property=\"og:description\" content=\"Bruno Lebrun fait partie de l\u2019\u00e9quipe d\u2019accueil et de surveillance du parc de Sceaux. Il impressionne par ses connaissances les participants des visites du parc, comme celle dont la Gazette avait rendu compte. Nous l\u2019avons rencontr\u00e9 pour en savoir plus. Sur sa mission et sur son exp\u00e9rience du monde des&#8230;\" \/>\n<meta property=\"og:url\" content=\"https:\/\/sceaux-lagazette.fr\/index.php\/2025\/05\/27\/aux-cotes-des-oiseaux-du-parc-de-sceaux\/\" \/>\n<meta property=\"og:site_name\" content=\"La Gazette\" \/>\n<meta property=\"article:published_time\" content=\"2025-05-27T06:26:43+00:00\" \/>\n<meta property=\"article:modified_time\" content=\"2025-05-27T09:13:23+00:00\" \/>\n<meta property=\"og:image\" content=\"https:\/\/sceaux-lagazette.fr\/wp-content\/uploads\/2025\/05\/Sitelle-torchepot.jpg\" \/>\n\t<meta property=\"og:image:width\" content=\"1071\" \/>\n\t<meta property=\"og:image:height\" content=\"720\" \/>\n\t<meta property=\"og:image:type\" content=\"image\/jpeg\" \/>\n<meta name=\"author\" content=\"G\u00e9rard Bardier\" \/>\n<meta name=\"twitter:card\" content=\"summary_large_image\" \/>\n<meta name=\"twitter:label1\" content=\"\u00c9crit par\" \/>\n\t<meta name=\"twitter:data1\" content=\"G\u00e9rard Bardier\" \/>\n\t<meta name=\"twitter:label2\" content=\"Dur\u00e9e de lecture estim\u00e9e\" \/>\n\t<meta name=\"twitter:data2\" content=\"8 minutes\" \/>\n<script type=\"application\/ld+json\" class=\"yoast-schema-graph\">{\"@context\":\"https:\/\/schema.org\",\"@graph\":[{\"@type\":\"Article\",\"@id\":\"https:\/\/sceaux-lagazette.fr\/index.php\/2025\/05\/27\/aux-cotes-des-oiseaux-du-parc-de-sceaux\/#article\",\"isPartOf\":{\"@id\":\"https:\/\/sceaux-lagazette.fr\/index.php\/2025\/05\/27\/aux-cotes-des-oiseaux-du-parc-de-sceaux\/\"},\"author\":{\"name\":\"G\u00e9rard Bardier\",\"@id\":\"https:\/\/sceaux-lagazette.fr\/#\/schema\/person\/5650e206a121f68c6f5e76379bccfbc4\"},\"headline\":\"Aux c\u00f4t\u00e9s des oiseaux dans le parc de Sceaux\",\"datePublished\":\"2025-05-27T06:26:43+00:00\",\"dateModified\":\"2025-05-27T09:13:23+00:00\",\"mainEntityOfPage\":{\"@id\":\"https:\/\/sceaux-lagazette.fr\/index.php\/2025\/05\/27\/aux-cotes-des-oiseaux-du-parc-de-sceaux\/\"},\"wordCount\":1484,\"commentCount\":1,\"publisher\":{\"@id\":\"https:\/\/sceaux-lagazette.fr\/#organization\"},\"image\":{\"@id\":\"https:\/\/sceaux-lagazette.fr\/index.php\/2025\/05\/27\/aux-cotes-des-oiseaux-du-parc-de-sceaux\/#primaryimage\"},\"thumbnailUrl\":\"https:\/\/sceaux-lagazette.fr\/wp-content\/uploads\/2025\/05\/Sitelle-torchepot.jpg\",\"articleSection\":[\"Environnement\",\"Parc de Sceaux\"],\"inLanguage\":\"fr-FR\",\"potentialAction\":[{\"@type\":\"CommentAction\",\"name\":\"Comment\",\"target\":[\"https:\/\/sceaux-lagazette.fr\/index.php\/2025\/05\/27\/aux-cotes-des-oiseaux-du-parc-de-sceaux\/#respond\"]}]},{\"@type\":\"WebPage\",\"@id\":\"https:\/\/sceaux-lagazette.fr\/index.php\/2025\/05\/27\/aux-cotes-des-oiseaux-du-parc-de-sceaux\/\",\"url\":\"https:\/\/sceaux-lagazette.fr\/index.php\/2025\/05\/27\/aux-cotes-des-oiseaux-du-parc-de-sceaux\/\",\"name\":\"Aux c\u00f4t\u00e9s des oiseaux dans le parc de Sceaux - La Gazette\",\"isPartOf\":{\"@id\":\"https:\/\/sceaux-lagazette.fr\/#website\"},\"primaryImageOfPage\":{\"@id\":\"https:\/\/sceaux-lagazette.fr\/index.php\/2025\/05\/27\/aux-cotes-des-oiseaux-du-parc-de-sceaux\/#primaryimage\"},\"image\":{\"@id\":\"https:\/\/sceaux-lagazette.fr\/index.php\/2025\/05\/27\/aux-cotes-des-oiseaux-du-parc-de-sceaux\/#primaryimage\"},\"thumbnailUrl\":\"https:\/\/sceaux-lagazette.fr\/wp-content\/uploads\/2025\/05\/Sitelle-torchepot.jpg\",\"datePublished\":\"2025-05-27T06:26:43+00:00\",\"dateModified\":\"2025-05-27T09:13:23+00:00\",\"breadcrumb\":{\"@id\":\"https:\/\/sceaux-lagazette.fr\/index.php\/2025\/05\/27\/aux-cotes-des-oiseaux-du-parc-de-sceaux\/#breadcrumb\"},\"inLanguage\":\"fr-FR\",\"potentialAction\":[{\"@type\":\"ReadAction\",\"target\":[\"https:\/\/sceaux-lagazette.fr\/index.php\/2025\/05\/27\/aux-cotes-des-oiseaux-du-parc-de-sceaux\/\"]}]},{\"@type\":\"ImageObject\",\"inLanguage\":\"fr-FR\",\"@id\":\"https:\/\/sceaux-lagazette.fr\/index.php\/2025\/05\/27\/aux-cotes-des-oiseaux-du-parc-de-sceaux\/#primaryimage\",\"url\":\"https:\/\/sceaux-lagazette.fr\/wp-content\/uploads\/2025\/05\/Sitelle-torchepot.jpg\",\"contentUrl\":\"https:\/\/sceaux-lagazette.fr\/wp-content\/uploads\/2025\/05\/Sitelle-torchepot.jpg\",\"width\":1071,\"height\":720},{\"@type\":\"BreadcrumbList\",\"@id\":\"https:\/\/sceaux-lagazette.fr\/index.php\/2025\/05\/27\/aux-cotes-des-oiseaux-du-parc-de-sceaux\/#breadcrumb\",\"itemListElement\":[{\"@type\":\"ListItem\",\"position\":1,\"name\":\"Accueil\",\"item\":\"https:\/\/sceaux-lagazette.fr\/\"},{\"@type\":\"ListItem\",\"position\":2,\"name\":\"Aux c\u00f4t\u00e9s des oiseaux dans le parc de Sceaux\"}]},{\"@type\":\"WebSite\",\"@id\":\"https:\/\/sceaux-lagazette.fr\/#website\",\"url\":\"https:\/\/sceaux-lagazette.fr\/\",\"name\":\"La Gazette\",\"description\":\"Bourg-la-Reine, Ch\u00e2tenay, Fontenay, Sceaux\",\"publisher\":{\"@id\":\"https:\/\/sceaux-lagazette.fr\/#organization\"},\"potentialAction\":[{\"@type\":\"SearchAction\",\"target\":{\"@type\":\"EntryPoint\",\"urlTemplate\":\"https:\/\/sceaux-lagazette.fr\/?s={search_term_string}\"},\"query-input\":{\"@type\":\"PropertyValueSpecification\",\"valueRequired\":true,\"valueName\":\"search_term_string\"}}],\"inLanguage\":\"fr-FR\"},{\"@type\":\"Organization\",\"@id\":\"https:\/\/sceaux-lagazette.fr\/#organization\",\"name\":\"La Gazette\",\"url\":\"https:\/\/sceaux-lagazette.fr\/\",\"logo\":{\"@type\":\"ImageObject\",\"inLanguage\":\"fr-FR\",\"@id\":\"https:\/\/sceaux-lagazette.fr\/#\/schema\/logo\/image\/\",\"url\":\"https:\/\/sceaux-lagazette.fr\/wp-content\/uploads\/2025\/08\/Logo-Gazette-Aout-2025-V3.jpg\",\"contentUrl\":\"https:\/\/sceaux-lagazette.fr\/wp-content\/uploads\/2025\/08\/Logo-Gazette-Aout-2025-V3.jpg\",\"width\":525,\"height\":130,\"caption\":\"La Gazette\"},\"image\":{\"@id\":\"https:\/\/sceaux-lagazette.fr\/#\/schema\/logo\/image\/\"}},{\"@type\":\"Person\",\"@id\":\"https:\/\/sceaux-lagazette.fr\/#\/schema\/person\/5650e206a121f68c6f5e76379bccfbc4\",\"name\":\"G\u00e9rard Bardier\",\"image\":{\"@type\":\"ImageObject\",\"inLanguage\":\"fr-FR\",\"@id\":\"https:\/\/sceaux-lagazette.fr\/#\/schema\/person\/image\/\",\"url\":\"https:\/\/secure.gravatar.com\/avatar\/5cf4391ef9dbc0367750202561279a29?s=96&r=g\",\"contentUrl\":\"https:\/\/secure.gravatar.com\/avatar\/5cf4391ef9dbc0367750202561279a29?s=96&r=g\",\"caption\":\"G\u00e9rard Bardier\"},\"url\":\"https:\/\/sceaux-lagazette.fr\/index.php\/author\/gb\/\"}]}<\/script>\n<!-- \/ Yoast SEO plugin. -->","yoast_head_json":{"title":"Aux c\u00f4t\u00e9s des oiseaux dans le parc de Sceaux - La Gazette","robots":{"index":"index","follow":"follow","max-snippet":"max-snippet:-1","max-image-preview":"max-image-preview:large","max-video-preview":"max-video-preview:-1"},"canonical":"https:\/\/sceaux-lagazette.fr\/index.php\/2025\/05\/27\/aux-cotes-des-oiseaux-du-parc-de-sceaux\/","og_locale":"fr_FR","og_type":"article","og_title":"Aux c\u00f4t\u00e9s des oiseaux dans le parc de Sceaux - La Gazette","og_description":"Bruno Lebrun fait partie de l\u2019\u00e9quipe d\u2019accueil et de surveillance du parc de Sceaux. Il impressionne par ses connaissances les participants des visites du parc, comme celle dont la Gazette avait rendu compte. Nous l\u2019avons rencontr\u00e9 pour en savoir plus. Sur sa mission et sur son exp\u00e9rience du monde des&#8230;","og_url":"https:\/\/sceaux-lagazette.fr\/index.php\/2025\/05\/27\/aux-cotes-des-oiseaux-du-parc-de-sceaux\/","og_site_name":"La Gazette","article_published_time":"2025-05-27T06:26:43+00:00","article_modified_time":"2025-05-27T09:13:23+00:00","og_image":[{"width":1071,"height":720,"url":"https:\/\/sceaux-lagazette.fr\/wp-content\/uploads\/2025\/05\/Sitelle-torchepot.jpg","type":"image\/jpeg"}],"author":"G\u00e9rard Bardier","twitter_card":"summary_large_image","twitter_misc":{"\u00c9crit par":"G\u00e9rard Bardier","Dur\u00e9e de lecture estim\u00e9e":"8 minutes"},"schema":{"@context":"https:\/\/schema.org","@graph":[{"@type":"Article","@id":"https:\/\/sceaux-lagazette.fr\/index.php\/2025\/05\/27\/aux-cotes-des-oiseaux-du-parc-de-sceaux\/#article","isPartOf":{"@id":"https:\/\/sceaux-lagazette.fr\/index.php\/2025\/05\/27\/aux-cotes-des-oiseaux-du-parc-de-sceaux\/"},"author":{"name":"G\u00e9rard Bardier","@id":"https:\/\/sceaux-lagazette.fr\/#\/schema\/person\/5650e206a121f68c6f5e76379bccfbc4"},"headline":"Aux c\u00f4t\u00e9s des oiseaux dans le parc de Sceaux","datePublished":"2025-05-27T06:26:43+00:00","dateModified":"2025-05-27T09:13:23+00:00","mainEntityOfPage":{"@id":"https:\/\/sceaux-lagazette.fr\/index.php\/2025\/05\/27\/aux-cotes-des-oiseaux-du-parc-de-sceaux\/"},"wordCount":1484,"commentCount":1,"publisher":{"@id":"https:\/\/sceaux-lagazette.fr\/#organization"},"image":{"@id":"https:\/\/sceaux-lagazette.fr\/index.php\/2025\/05\/27\/aux-cotes-des-oiseaux-du-parc-de-sceaux\/#primaryimage"},"thumbnailUrl":"https:\/\/sceaux-lagazette.fr\/wp-content\/uploads\/2025\/05\/Sitelle-torchepot.jpg","articleSection":["Environnement","Parc de Sceaux"],"inLanguage":"fr-FR","potentialAction":[{"@type":"CommentAction","name":"Comment","target":["https:\/\/sceaux-lagazette.fr\/index.php\/2025\/05\/27\/aux-cotes-des-oiseaux-du-parc-de-sceaux\/#respond"]}]},{"@type":"WebPage","@id":"https:\/\/sceaux-lagazette.fr\/index.php\/2025\/05\/27\/aux-cotes-des-oiseaux-du-parc-de-sceaux\/","url":"https:\/\/sceaux-lagazette.fr\/index.php\/2025\/05\/27\/aux-cotes-des-oiseaux-du-parc-de-sceaux\/","name":"Aux c\u00f4t\u00e9s des oiseaux dans le parc de Sceaux - La Gazette","isPartOf":{"@id":"https:\/\/sceaux-lagazette.fr\/#website"},"primaryImageOfPage":{"@id":"https:\/\/sceaux-lagazette.fr\/index.php\/2025\/05\/27\/aux-cotes-des-oiseaux-du-parc-de-sceaux\/#primaryimage"},"image":{"@id":"https:\/\/sceaux-lagazette.fr\/index.php\/2025\/05\/27\/aux-cotes-des-oiseaux-du-parc-de-sceaux\/#primaryimage"},"thumbnailUrl":"https:\/\/sceaux-lagazette.fr\/wp-content\/uploads\/2025\/05\/Sitelle-torchepot.jpg","datePublished":"2025-05-27T06:26:43+00:00","dateModified":"2025-05-27T09:13:23+00:00","breadcrumb":{"@id":"https:\/\/sceaux-lagazette.fr\/index.php\/2025\/05\/27\/aux-cotes-des-oiseaux-du-parc-de-sceaux\/#breadcrumb"},"inLanguage":"fr-FR","potentialAction":[{"@type":"ReadAction","target":["https:\/\/sceaux-lagazette.fr\/index.php\/2025\/05\/27\/aux-cotes-des-oiseaux-du-parc-de-sceaux\/"]}]},{"@type":"ImageObject","inLanguage":"fr-FR","@id":"https:\/\/sceaux-lagazette.fr\/index.php\/2025\/05\/27\/aux-cotes-des-oiseaux-du-parc-de-sceaux\/#primaryimage","url":"https:\/\/sceaux-lagazette.fr\/wp-content\/uploads\/2025\/05\/Sitelle-torchepot.jpg","contentUrl":"https:\/\/sceaux-lagazette.fr\/wp-content\/uploads\/2025\/05\/Sitelle-torchepot.jpg","width":1071,"height":720},{"@type":"BreadcrumbList","@id":"https:\/\/sceaux-lagazette.fr\/index.php\/2025\/05\/27\/aux-cotes-des-oiseaux-du-parc-de-sceaux\/#breadcrumb","itemListElement":[{"@type":"ListItem","position":1,"name":"Accueil","item":"https:\/\/sceaux-lagazette.fr\/"},{"@type":"ListItem","position":2,"name":"Aux c\u00f4t\u00e9s des oiseaux dans le parc de Sceaux"}]},{"@type":"WebSite","@id":"https:\/\/sceaux-lagazette.fr\/#website","url":"https:\/\/sceaux-lagazette.fr\/","name":"La Gazette","description":"Bourg-la-Reine, Ch\u00e2tenay, Fontenay, Sceaux","publisher":{"@id":"https:\/\/sceaux-lagazette.fr\/#organization"},"potentialAction":[{"@type":"SearchAction","target":{"@type":"EntryPoint","urlTemplate":"https:\/\/sceaux-lagazette.fr\/?s={search_term_string}"},"query-input":{"@type":"PropertyValueSpecification","valueRequired":true,"valueName":"search_term_string"}}],"inLanguage":"fr-FR"},{"@type":"Organization","@id":"https:\/\/sceaux-lagazette.fr\/#organization","name":"La Gazette","url":"https:\/\/sceaux-lagazette.fr\/","logo":{"@type":"ImageObject","inLanguage":"fr-FR","@id":"https:\/\/sceaux-lagazette.fr\/#\/schema\/logo\/image\/","url":"https:\/\/sceaux-lagazette.fr\/wp-content\/uploads\/2025\/08\/Logo-Gazette-Aout-2025-V3.jpg","contentUrl":"https:\/\/sceaux-lagazette.fr\/wp-content\/uploads\/2025\/08\/Logo-Gazette-Aout-2025-V3.jpg","width":525,"height":130,"caption":"La Gazette"},"image":{"@id":"https:\/\/sceaux-lagazette.fr\/#\/schema\/logo\/image\/"}},{"@type":"Person","@id":"https:\/\/sceaux-lagazette.fr\/#\/schema\/person\/5650e206a121f68c6f5e76379bccfbc4","name":"G\u00e9rard Bardier","image":{"@type":"ImageObject","inLanguage":"fr-FR","@id":"https:\/\/sceaux-lagazette.fr\/#\/schema\/person\/image\/","url":"https:\/\/secure.gravatar.com\/avatar\/5cf4391ef9dbc0367750202561279a29?s=96&r=g","contentUrl":"https:\/\/secure.gravatar.com\/avatar\/5cf4391ef9dbc0367750202561279a29?s=96&r=g","caption":"G\u00e9rard Bardier"},"url":"https:\/\/sceaux-lagazette.fr\/index.php\/author\/gb\/"}]}},"cc_featured_image_caption":{"caption_text":"Photo Shayane Katchera","source_text":"","source_url":""},"_links":{"self":[{"href":"https:\/\/sceaux-lagazette.fr\/index.php\/wp-json\/wp\/v2\/posts\/43625"}],"collection":[{"href":"https:\/\/sceaux-lagazette.fr\/index.php\/wp-json\/wp\/v2\/posts"}],"about":[{"href":"https:\/\/sceaux-lagazette.fr\/index.php\/wp-json\/wp\/v2\/types\/post"}],"author":[{"embeddable":true,"href":"https:\/\/sceaux-lagazette.fr\/index.php\/wp-json\/wp\/v2\/users\/11"}],"replies":[{"embeddable":true,"href":"https:\/\/sceaux-lagazette.fr\/index.php\/wp-json\/wp\/v2\/comments?post=43625"}],"version-history":[{"count":5,"href":"https:\/\/sceaux-lagazette.fr\/index.php\/wp-json\/wp\/v2\/posts\/43625\/revisions"}],"predecessor-version":[{"id":43637,"href":"https:\/\/sceaux-lagazette.fr\/index.php\/wp-json\/wp\/v2\/posts\/43625\/revisions\/43637"}],"wp:featuredmedia":[{"embeddable":true,"href":"https:\/\/sceaux-lagazette.fr\/index.php\/wp-json\/wp\/v2\/media\/43628"}],"wp:attachment":[{"href":"https:\/\/sceaux-lagazette.fr\/index.php\/wp-json\/wp\/v2\/media?parent=43625"}],"wp:term":[{"taxonomy":"category","embeddable":true,"href":"https:\/\/sceaux-lagazette.fr\/index.php\/wp-json\/wp\/v2\/categories?post=43625"},{"taxonomy":"post_tag","embeddable":true,"href":"https:\/\/sceaux-lagazette.fr\/index.php\/wp-json\/wp\/v2\/tags?post=43625"}],"curies":[{"name":"wp","href":"https:\/\/api.w.org\/{rel}","templated":true}]}}