{"id":43106,"date":"2025-03-24T09:57:31","date_gmt":"2025-03-24T08:57:31","guid":{"rendered":"https:\/\/sceaux-lagazette.fr\/?p=43106"},"modified":"2025-03-24T09:57:32","modified_gmt":"2025-03-24T08:57:32","slug":"droit-international-humanitaire-a-marie-curie","status":"publish","type":"post","link":"https:\/\/sceaux-lagazette.fr\/index.php\/2025\/03\/24\/droit-international-humanitaire-a-marie-curie\/","title":{"rendered":"Droit international Humanitaire \u00e0 Marie-Curie"},"content":{"rendered":"\n<p>Des \u00e9l\u00e8ves de la pr\u00e9pa droit et \u00e9conomie (ENS D1) du lyc\u00e9e Marie Curie ont organis\u00e9 le 6 mars une pr\u00e9sentation de l\u2019histoire et des caract\u00e9ristiques du<a href=\"https:\/\/www.croix-rouge.fr\/droit-international-humanitaire\"> droit international humanitaire<\/a>. L\u2019orateur \u00e9tait l\u2019ancien directeur de l\u2019audit interne de la Croix-Rouge, Jean-Michel Chaplain, actuellement pr\u00e9sident local de l\u2019association.<\/p>\n\n\n\n<h2 class=\"wp-block-heading\">Introduction par un \u00e9l\u00e8ve<\/h2>\n\n\n\n<p>La r\u00e9union \u00e9tait organis\u00e9e par quatre \u00e9l\u00e8ves de 1<sup>\u00e8re<\/sup> et 2<sup>\u00e8me<\/sup> ann\u00e9e de la pr\u00e9pa, adh\u00e9rents \u00e0 titre personnel de la Croix -Rouge locale (<a href=\"https:\/\/sceaux-lagazette.fr\/index.php\/2025\/01\/31\/maraudes-avec-la-croix-rouge\/\">voir ici<\/a>). Une trentaine d\u2019\u00e9l\u00e8ves de la pr\u00e9pa ou en deuxi\u00e8me ann\u00e9e de la licence de droit de l\u2019Universit\u00e9 Paris-Saclay. Un des enseignants de la pr\u00e9pa, Laurent Izard, \u00e9tait \u00e9galement pr\u00e9sent. En fin de r\u00e9union, les organisateurs ont pr\u00e9sent\u00e9 rapidement les actions de la section locale de la Croix-Rouge.<\/p>\n\n\n\n<h2 class=\"wp-block-heading\">Grands principes<\/h2>\n\n\n\n<p>Faute de pouvoir supprimer la guerre, le droit international humanitaire veut, \u00e0 la suite de la Croix-Rouge, lui imposer des limites. L\u2019orateur insiste sur trois principes (voir ici les cinq principes fondamentaux)&nbsp;:<\/p>\n\n\n\n<p>Le principe de distinction entre les civils et les militaires. <em>Il impose aux bellig\u00e9rants de faire en tout temps la distinction entre la population civile et les combattants ainsi qu\u2019entre les biens civils et les objectifs militaires<\/em>.<\/p>\n\n\n\n<p>Le principe de pr\u00e9caution. <em>Les op\u00e9rations militaires doivent \u00eatre conduites en veillant constamment \u00e0 \u00e9pargner la population civile, les personnes civiles et les biens \u00e0 caract\u00e8re civil.<\/em><\/p>\n\n\n\n<p>Le principe de proportionnalit\u00e9<em>. Les op\u00e9rations militaires doivent \u00eatre r\u00e9alis\u00e9es en veillant \u00e0 \u00e9viter de provoquer des pertes ou des dommages parmi les personnes et les biens civils \u00ab\u00a0qui seraient excessifs par rapport \u00e0 l\u2019avantage militaire concret et direct attendu\u00a0\u00bb.<\/em><\/p>\n\n\n\n<h2 class=\"wp-block-heading\">Installation du droit international humanitaire<\/h2>\n\n\n\n<p>Il ne suffit pas d\u2019imaginer des r\u00e8gles, encore faut-il que les bellig\u00e9rants les respectent. Premi\u00e8re condition&nbsp;: qu\u2019ils les aient accept\u00e9es, c\u2019est-\u00e0-dire tr\u00e8s concr\u00e8tement, qu\u2019ils aient officiellement ratifi\u00e9 un texte qui les pr\u00e9cise.<\/p>\n\n\n\n<p>Apr\u00e8s le seconde guerre mondiale, les r\u00e8gles pr\u00e9cis\u00e9es dans les quatre<a href=\"https:\/\/fr.wikipedia.org\/wiki\/Conventions_de_Gen%C3%A8ve\"> conventions de Gen\u00e8ve<\/a> de 1949 ont \u00e9t\u00e9 ratifi\u00e9es par tous les \u00c9tats du monde. Des conventions suppl\u00e9mentaires ont \u00e9t\u00e9 promulgu\u00e9es en 1977 et en 2005, mais elles n\u2019ont pour l\u2019instant pas \u00e9t\u00e9 ratifi\u00e9es par tous les \u00c9tats du Monde. Le <a href=\"https:\/\/fr.wikipedia.org\/wiki\/Comit%C3%A9_international_de_la_Croix-Rouge\">Comit\u00e9 International de la Croix-Rouge<\/a> (CICR) estime que le corpus du droit international est aujourd\u2019hui stabilis\u00e9.<\/p>\n\n\n\n<p><em>Si le Comit\u00e9 international de la Croix-Rouge (CICR) est le \u00ab gardien du droit international humanitaire \u00bb et le d\u00e9fenseur des victimes de la guerre, la mise en \u0153uvre des conventions de Gen\u00e8ve rel\u00e8ve de la responsabilit\u00e9 des \u00c9tats parties, qui s&rsquo;engagent \u00e0 \u00ab respecter et faire respecter \u00bb cette convention \u00ab en toutes circonstances (Wikipedia)<\/em><\/p>\n\n\n\n<h2 class=\"wp-block-heading\">Cour p\u00e9nale internationale<\/h2>\n\n\n\n<p>Que faire quand les r\u00e8gles ne sont pas respect\u00e9es&nbsp;? D\u00e8s 1872, la question se pose pour les auteurs des premi\u00e8res conventions. En 1945 , les tribunaux de Nuremberg et de Tokyo jugent des criminels de guerre. Une nouvelle fois, des tribunaux ad hoc sont cr\u00e9\u00e9s pour la Yougoslavie puis pour le Rwanda. Enfin, en 2002 est cr\u00e9\u00e9e la <a href=\"https:\/\/www.icc-cpi.int\/fr\">Cour P\u00e9nale Internationale<\/a>, bas\u00e9e \u00e0 La Haye, selon des modalit\u00e9s d\u00e9finies par le Statut de Rome. Au 25 octobre 2024, 125 \u00c9tats sont parties au Statut de Rome, dont l\u2019\u00c9tat palestinien.<\/p>\n\n\n\n<p>Le tribunal est amen\u00e9 \u00e0 enqu\u00eater en cas de soup\u00e7ons de crimes de guerre, de crimes contre l\u2019humanit\u00e9, de g\u00e9nocide ou d\u2019agression. Il traite surtout des dossiers de chef d\u2019\u00e9tat. Tr\u00e8s r\u00e9cemment, il a d\u00e9pos\u00e9 un mandat d\u2019arr\u00eat contre le commandant en chef de l\u2019aile militaire du Hamas, le premier ministre d\u2019Isra\u00ebl et son ministre de la d\u00e9fense<\/p>\n\n\n\n<h2 class=\"wp-block-heading\">Armes interdites<\/h2>\n\n\n\n<p>Un certain nombre d\u2019armes ont \u00e9t\u00e9 interdites (mais dans des textes que tous les \u00c9tats n\u2019ont pas forc\u00e9ment paraph\u00e9s)&nbsp;: armes chimiques&nbsp;; armes anti-personnel, \u00e0 sous-munitions\u2026Jean-Michel Chaplain d\u00e9veloppe le cas de l\u2019arme nucl\u00e9aire, aujourd\u2019hui interdite par un trait\u00e9 ratifi\u00e9 par 73 \u00e9tats.<\/p>\n\n\n\n<p>A cette occasion, il explique que le CICR se projette sur le temps long&nbsp;: ce n\u2019est pas parce qu\u2019un objectif parait irr\u00e9aliste aujourd\u2019hui qu\u2019il ne faut pas essayer de le faire avancer.<\/p>\n\n\n\n<h2 class=\"wp-block-heading\">Disparus et morts non identifi\u00e9s<\/h2>\n\n\n\n<p>La Croix-Rouge a aussi un r\u00f4le de <a href=\"https:\/\/www.croix-rouge.fr\/retablissement-des-liens-familiaux\">r\u00e9tablissement des liens familiaux<\/a>. Jean-Michel Chaplain cite le cas d\u2019une b\u00e9n\u00e9vole de l\u2019unit\u00e9 locale de Sceaux, vietnamienne, qui a ainsi retrouv\u00e9 sa m\u00e8re en 1975 gr\u00e2ce \u00e0 la Croix-Rouge am\u00e9ricaine et a pu la rejoindre aux \u00c9tats-Unis(avant de venir en France) depuis le camp des Philippines o\u00f9 elle \u00e9tait r\u00e9fugi\u00e9e. Elle avait alors un peu moins de 30 ans.<\/p>\n\n\n\n<p>Une des premi\u00e8res actions historiques de la Croix-Rouge a \u00e9t\u00e9 de pousser les arm\u00e9es \u00e0 faire porter par les militaires un signe d\u2019identit\u00e9 permettant de les identifier sur le champ de bataille.<\/p>\n\n\n\n<h2 class=\"wp-block-heading\">R\u00f4le historique de la Croix-Rouge<\/h2>\n\n\n\n<p>On l\u2019a compris, la Croix-Rouge a, d\u00e8s sa cr\u00e9ation, jou\u00e9 un r\u00f4le essentiel dans le d\u00e9veloppement et la mise en \u0153uvre du droit international humanitaire.<\/p>\n\n\n\n<p>En 1859, <a href=\"https:\/\/fr.wikipedia.org\/wiki\/Henry_Dunant\">Henry Dunant<\/a> homme d\u2019affaires protestant genevois se trouve \u00e0 Solf\u00e9rino \u00e0 la fin de la bataille qui voit les Fran\u00e7ais et les Italiens s\u2019opposer aux Autrichiens. Il reste au moins 10&nbsp;000 bless\u00e9s sur le champ de bataille et personne ne s\u2019en occupe. Le choc de la situation conduira en 1862 Henri Dunant \u00e0 publier ses souvenirs de la bataille, ce qui d\u00e9bouchera en 1863 sur la fondation de la Croix-Rouge et l\u2019adoption de son embl\u00e8me.<\/p>\n\n\n\n<p>Progressivement, de nombreux pays ont cr\u00e9\u00e9 des soci\u00e9t\u00e9s nationales de la Croix-Rouge. En 1876, quand l\u2019empire ottoman a voulu cr\u00e9er son propre mouvement, il a demand\u00e9 et obtenu de remplacer dans le drapeau la croix par un croissant.<\/p>\n\n\n\n<p>La Croix-Rouge a ensuite \u00e9t\u00e9 au c\u0153ur des diff\u00e9rentes conventions de Gen\u00e8ve. La d\u00e9finition du statut de Rome et la cr\u00e9ation du tribunal p\u00e9nal international sont le produit d\u2019un groupe de travail de l\u2019ONU.<\/p>\n\n\n\n<p>La Croix-Rouge a toujours un r\u00f4le majeur dans le soutien aux personnes vuln\u00e9rables (bless\u00e9s, civils, prisonniers) dans les conflits.<\/p>\n\n\n\n<p>Son r\u00f4le dans les pays en paix proc\u00e8de du m\u00eame principe&nbsp;: aller au-devant de personnes vuln\u00e9rables de mani\u00e8re neutre et sans jugement<\/p>\n\n\n\n<h2 class=\"wp-block-heading\">Groupe local de la Croix-Rouge<\/h2>\n\n\n\n<p>A la fin de la r\u00e9union, les quatre \u00e9tudiants organisateurs de l\u2019\u00e9v\u00e9nement ont expliqu\u00e9 rapidement leur action au sein du groupe local de la Croix-Rouge.&nbsp; Jean-Michel Chaplain a pr\u00e9cis\u00e9 ce que pourrait \u00eatre une section jeunesse locale&nbsp;: participer aux activit\u00e9s actuelles (<a href=\"https:\/\/sceaux-lagazette.fr\/index.php\/2025\/01\/31\/maraudes-avec-la-croix-rouge\/\">maraudes<\/a>, transport de personnes) mais aussi pr\u00e9sentation du droit humanitaire international dans les lyc\u00e9es et coll\u00e8ges, formation aux premiers secours, pr\u00e9paration aux catastrophes climatiques\u2026<\/p>\n\n\n\n<p>A propos du groupe local : <\/p>\n\n\n\n<p>B<a href=\"https:\/\/sceaux-lagazette.fr\/index.php\/2022\/10\/15\/braderie-aux-blagis-sous-les-auspices-de-la-croix-rouge\/\">raderie aux Blagis<\/a><\/p>\n\n\n\n<p><a href=\"https:\/\/sceaux-lagazette.fr\/index.php\/2024\/12\/16\/colis-de-noel-a-marie-curie\/\">Colis de No\u00ebl<\/a><\/p>\n\n\n\n<p><a href=\"https:\/\/sceaux-lagazette.fr\/index.php\/2022\/03\/24\/action-humanitaire\/\">Action humanitaire<\/a><\/p>\n","protected":false},"excerpt":{"rendered":"<p>Des \u00e9l\u00e8ves de la pr\u00e9pa droit et \u00e9conomie (ENS D1) du lyc\u00e9e Marie Curie ont organis\u00e9 le 6 mars une pr\u00e9sentation de l\u2019histoire et des caract\u00e9ristiques du droit international humanitaire. L\u2019orateur \u00e9tait l\u2019ancien directeur de l\u2019audit interne de la Croix-Rouge, Jean-Michel Chaplain, actuellement pr\u00e9sident local de l\u2019association. Introduction par un&#8230;<\/p>\n","protected":false},"author":11,"featured_media":43108,"comment_status":"open","ping_status":"open","sticky":false,"template":"","format":"standard","meta":{"om_disable_all_campaigns":false,"_monsterinsights_skip_tracking":false,"_monsterinsights_sitenote_active":false,"_monsterinsights_sitenote_note":"","_monsterinsights_sitenote_category":0,"_uf_show_specific_survey":0,"_uf_disable_surveys":false,"footnotes":""},"categories":[261,253,266],"tags":[],"class_list":["post-43106","post","type-post","status-publish","format-standard","has-post-thumbnail","hentry","category-associations","category-manifestations-locales","category-sceaux","entry","simple"],"yoast_head":"<!-- This site is optimized with the Yoast SEO plugin v25.6 - https:\/\/yoast.com\/wordpress\/plugins\/seo\/ -->\n<title>Droit international Humanitaire \u00e0 Marie-Curie - La Gazette<\/title>\n<meta name=\"robots\" content=\"index, follow, max-snippet:-1, max-image-preview:large, max-video-preview:-1\" \/>\n<link rel=\"canonical\" href=\"https:\/\/sceaux-lagazette.fr\/index.php\/2025\/03\/24\/droit-international-humanitaire-a-marie-curie\/\" \/>\n<meta property=\"og:locale\" content=\"fr_FR\" \/>\n<meta property=\"og:type\" content=\"article\" \/>\n<meta property=\"og:title\" content=\"Droit international Humanitaire \u00e0 Marie-Curie - La Gazette\" \/>\n<meta property=\"og:description\" content=\"Des \u00e9l\u00e8ves de la pr\u00e9pa droit et \u00e9conomie (ENS D1) du lyc\u00e9e Marie Curie ont organis\u00e9 le 6 mars une pr\u00e9sentation de l\u2019histoire et des caract\u00e9ristiques du droit international humanitaire. L\u2019orateur \u00e9tait l\u2019ancien directeur de l\u2019audit interne de la Croix-Rouge, Jean-Michel Chaplain, actuellement pr\u00e9sident local de l\u2019association. Introduction par un&#8230;\" \/>\n<meta property=\"og:url\" content=\"https:\/\/sceaux-lagazette.fr\/index.php\/2025\/03\/24\/droit-international-humanitaire-a-marie-curie\/\" \/>\n<meta property=\"og:site_name\" content=\"La Gazette\" \/>\n<meta property=\"article:published_time\" content=\"2025-03-24T08:57:31+00:00\" \/>\n<meta property=\"article:modified_time\" content=\"2025-03-24T08:57:32+00:00\" \/>\n<meta property=\"og:image\" content=\"https:\/\/sceaux-lagazette.fr\/wp-content\/uploads\/2025\/03\/IMG_60891.jpg\" \/>\n\t<meta property=\"og:image:width\" content=\"1920\" \/>\n\t<meta property=\"og:image:height\" content=\"1280\" \/>\n\t<meta property=\"og:image:type\" content=\"image\/jpeg\" \/>\n<meta name=\"author\" content=\"G\u00e9rard Bardier\" \/>\n<meta name=\"twitter:card\" content=\"summary_large_image\" \/>\n<meta name=\"twitter:label1\" content=\"\u00c9crit par\" \/>\n\t<meta name=\"twitter:data1\" content=\"G\u00e9rard Bardier\" \/>\n\t<meta name=\"twitter:label2\" content=\"Dur\u00e9e de lecture estim\u00e9e\" \/>\n\t<meta name=\"twitter:data2\" content=\"6 minutes\" \/>\n<script type=\"application\/ld+json\" class=\"yoast-schema-graph\">{\"@context\":\"https:\/\/schema.org\",\"@graph\":[{\"@type\":\"Article\",\"@id\":\"https:\/\/sceaux-lagazette.fr\/index.php\/2025\/03\/24\/droit-international-humanitaire-a-marie-curie\/#article\",\"isPartOf\":{\"@id\":\"https:\/\/sceaux-lagazette.fr\/index.php\/2025\/03\/24\/droit-international-humanitaire-a-marie-curie\/\"},\"author\":{\"name\":\"G\u00e9rard Bardier\",\"@id\":\"https:\/\/sceaux-lagazette.fr\/#\/schema\/person\/5650e206a121f68c6f5e76379bccfbc4\"},\"headline\":\"Droit international Humanitaire \u00e0 Marie-Curie\",\"datePublished\":\"2025-03-24T08:57:31+00:00\",\"dateModified\":\"2025-03-24T08:57:32+00:00\",\"mainEntityOfPage\":{\"@id\":\"https:\/\/sceaux-lagazette.fr\/index.php\/2025\/03\/24\/droit-international-humanitaire-a-marie-curie\/\"},\"wordCount\":1196,\"commentCount\":0,\"publisher\":{\"@id\":\"https:\/\/sceaux-lagazette.fr\/#organization\"},\"image\":{\"@id\":\"https:\/\/sceaux-lagazette.fr\/index.php\/2025\/03\/24\/droit-international-humanitaire-a-marie-curie\/#primaryimage\"},\"thumbnailUrl\":\"https:\/\/sceaux-lagazette.fr\/wp-content\/uploads\/2025\/03\/IMG_60891.jpg\",\"articleSection\":[\"Associations\",\"Manifestations locales\",\"Sceaux\"],\"inLanguage\":\"fr-FR\",\"potentialAction\":[{\"@type\":\"CommentAction\",\"name\":\"Comment\",\"target\":[\"https:\/\/sceaux-lagazette.fr\/index.php\/2025\/03\/24\/droit-international-humanitaire-a-marie-curie\/#respond\"]}]},{\"@type\":\"WebPage\",\"@id\":\"https:\/\/sceaux-lagazette.fr\/index.php\/2025\/03\/24\/droit-international-humanitaire-a-marie-curie\/\",\"url\":\"https:\/\/sceaux-lagazette.fr\/index.php\/2025\/03\/24\/droit-international-humanitaire-a-marie-curie\/\",\"name\":\"Droit international Humanitaire \u00e0 Marie-Curie - La Gazette\",\"isPartOf\":{\"@id\":\"https:\/\/sceaux-lagazette.fr\/#website\"},\"primaryImageOfPage\":{\"@id\":\"https:\/\/sceaux-lagazette.fr\/index.php\/2025\/03\/24\/droit-international-humanitaire-a-marie-curie\/#primaryimage\"},\"image\":{\"@id\":\"https:\/\/sceaux-lagazette.fr\/index.php\/2025\/03\/24\/droit-international-humanitaire-a-marie-curie\/#primaryimage\"},\"thumbnailUrl\":\"https:\/\/sceaux-lagazette.fr\/wp-content\/uploads\/2025\/03\/IMG_60891.jpg\",\"datePublished\":\"2025-03-24T08:57:31+00:00\",\"dateModified\":\"2025-03-24T08:57:32+00:00\",\"breadcrumb\":{\"@id\":\"https:\/\/sceaux-lagazette.fr\/index.php\/2025\/03\/24\/droit-international-humanitaire-a-marie-curie\/#breadcrumb\"},\"inLanguage\":\"fr-FR\",\"potentialAction\":[{\"@type\":\"ReadAction\",\"target\":[\"https:\/\/sceaux-lagazette.fr\/index.php\/2025\/03\/24\/droit-international-humanitaire-a-marie-curie\/\"]}]},{\"@type\":\"ImageObject\",\"inLanguage\":\"fr-FR\",\"@id\":\"https:\/\/sceaux-lagazette.fr\/index.php\/2025\/03\/24\/droit-international-humanitaire-a-marie-curie\/#primaryimage\",\"url\":\"https:\/\/sceaux-lagazette.fr\/wp-content\/uploads\/2025\/03\/IMG_60891.jpg\",\"contentUrl\":\"https:\/\/sceaux-lagazette.fr\/wp-content\/uploads\/2025\/03\/IMG_60891.jpg\",\"width\":1920,\"height\":1280},{\"@type\":\"BreadcrumbList\",\"@id\":\"https:\/\/sceaux-lagazette.fr\/index.php\/2025\/03\/24\/droit-international-humanitaire-a-marie-curie\/#breadcrumb\",\"itemListElement\":[{\"@type\":\"ListItem\",\"position\":1,\"name\":\"Accueil\",\"item\":\"https:\/\/sceaux-lagazette.fr\/\"},{\"@type\":\"ListItem\",\"position\":2,\"name\":\"Droit international Humanitaire \u00e0 Marie-Curie\"}]},{\"@type\":\"WebSite\",\"@id\":\"https:\/\/sceaux-lagazette.fr\/#website\",\"url\":\"https:\/\/sceaux-lagazette.fr\/\",\"name\":\"La Gazette\",\"description\":\"Bourg-la-Reine, Ch\u00e2tenay, Fontenay, Sceaux\",\"publisher\":{\"@id\":\"https:\/\/sceaux-lagazette.fr\/#organization\"},\"potentialAction\":[{\"@type\":\"SearchAction\",\"target\":{\"@type\":\"EntryPoint\",\"urlTemplate\":\"https:\/\/sceaux-lagazette.fr\/?s={search_term_string}\"},\"query-input\":{\"@type\":\"PropertyValueSpecification\",\"valueRequired\":true,\"valueName\":\"search_term_string\"}}],\"inLanguage\":\"fr-FR\"},{\"@type\":\"Organization\",\"@id\":\"https:\/\/sceaux-lagazette.fr\/#organization\",\"name\":\"La Gazette\",\"url\":\"https:\/\/sceaux-lagazette.fr\/\",\"logo\":{\"@type\":\"ImageObject\",\"inLanguage\":\"fr-FR\",\"@id\":\"https:\/\/sceaux-lagazette.fr\/#\/schema\/logo\/image\/\",\"url\":\"https:\/\/sceaux-lagazette.fr\/wp-content\/uploads\/2025\/08\/Logo-Gazette-Aout-2025-V3.jpg\",\"contentUrl\":\"https:\/\/sceaux-lagazette.fr\/wp-content\/uploads\/2025\/08\/Logo-Gazette-Aout-2025-V3.jpg\",\"width\":525,\"height\":130,\"caption\":\"La Gazette\"},\"image\":{\"@id\":\"https:\/\/sceaux-lagazette.fr\/#\/schema\/logo\/image\/\"}},{\"@type\":\"Person\",\"@id\":\"https:\/\/sceaux-lagazette.fr\/#\/schema\/person\/5650e206a121f68c6f5e76379bccfbc4\",\"name\":\"G\u00e9rard Bardier\",\"image\":{\"@type\":\"ImageObject\",\"inLanguage\":\"fr-FR\",\"@id\":\"https:\/\/sceaux-lagazette.fr\/#\/schema\/person\/image\/\",\"url\":\"https:\/\/secure.gravatar.com\/avatar\/5cf4391ef9dbc0367750202561279a29?s=96&r=g\",\"contentUrl\":\"https:\/\/secure.gravatar.com\/avatar\/5cf4391ef9dbc0367750202561279a29?s=96&r=g\",\"caption\":\"G\u00e9rard Bardier\"},\"url\":\"https:\/\/sceaux-lagazette.fr\/index.php\/author\/gb\/\"}]}<\/script>\n<!-- \/ Yoast SEO plugin. -->","yoast_head_json":{"title":"Droit international Humanitaire \u00e0 Marie-Curie - La Gazette","robots":{"index":"index","follow":"follow","max-snippet":"max-snippet:-1","max-image-preview":"max-image-preview:large","max-video-preview":"max-video-preview:-1"},"canonical":"https:\/\/sceaux-lagazette.fr\/index.php\/2025\/03\/24\/droit-international-humanitaire-a-marie-curie\/","og_locale":"fr_FR","og_type":"article","og_title":"Droit international Humanitaire \u00e0 Marie-Curie - La Gazette","og_description":"Des \u00e9l\u00e8ves de la pr\u00e9pa droit et \u00e9conomie (ENS D1) du lyc\u00e9e Marie Curie ont organis\u00e9 le 6 mars une pr\u00e9sentation de l\u2019histoire et des caract\u00e9ristiques du droit international humanitaire. L\u2019orateur \u00e9tait l\u2019ancien directeur de l\u2019audit interne de la Croix-Rouge, Jean-Michel Chaplain, actuellement pr\u00e9sident local de l\u2019association. Introduction par un&#8230;","og_url":"https:\/\/sceaux-lagazette.fr\/index.php\/2025\/03\/24\/droit-international-humanitaire-a-marie-curie\/","og_site_name":"La Gazette","article_published_time":"2025-03-24T08:57:31+00:00","article_modified_time":"2025-03-24T08:57:32+00:00","og_image":[{"width":1920,"height":1280,"url":"https:\/\/sceaux-lagazette.fr\/wp-content\/uploads\/2025\/03\/IMG_60891.jpg","type":"image\/jpeg"}],"author":"G\u00e9rard Bardier","twitter_card":"summary_large_image","twitter_misc":{"\u00c9crit par":"G\u00e9rard Bardier","Dur\u00e9e de lecture estim\u00e9e":"6 minutes"},"schema":{"@context":"https:\/\/schema.org","@graph":[{"@type":"Article","@id":"https:\/\/sceaux-lagazette.fr\/index.php\/2025\/03\/24\/droit-international-humanitaire-a-marie-curie\/#article","isPartOf":{"@id":"https:\/\/sceaux-lagazette.fr\/index.php\/2025\/03\/24\/droit-international-humanitaire-a-marie-curie\/"},"author":{"name":"G\u00e9rard Bardier","@id":"https:\/\/sceaux-lagazette.fr\/#\/schema\/person\/5650e206a121f68c6f5e76379bccfbc4"},"headline":"Droit international Humanitaire \u00e0 Marie-Curie","datePublished":"2025-03-24T08:57:31+00:00","dateModified":"2025-03-24T08:57:32+00:00","mainEntityOfPage":{"@id":"https:\/\/sceaux-lagazette.fr\/index.php\/2025\/03\/24\/droit-international-humanitaire-a-marie-curie\/"},"wordCount":1196,"commentCount":0,"publisher":{"@id":"https:\/\/sceaux-lagazette.fr\/#organization"},"image":{"@id":"https:\/\/sceaux-lagazette.fr\/index.php\/2025\/03\/24\/droit-international-humanitaire-a-marie-curie\/#primaryimage"},"thumbnailUrl":"https:\/\/sceaux-lagazette.fr\/wp-content\/uploads\/2025\/03\/IMG_60891.jpg","articleSection":["Associations","Manifestations locales","Sceaux"],"inLanguage":"fr-FR","potentialAction":[{"@type":"CommentAction","name":"Comment","target":["https:\/\/sceaux-lagazette.fr\/index.php\/2025\/03\/24\/droit-international-humanitaire-a-marie-curie\/#respond"]}]},{"@type":"WebPage","@id":"https:\/\/sceaux-lagazette.fr\/index.php\/2025\/03\/24\/droit-international-humanitaire-a-marie-curie\/","url":"https:\/\/sceaux-lagazette.fr\/index.php\/2025\/03\/24\/droit-international-humanitaire-a-marie-curie\/","name":"Droit international Humanitaire \u00e0 Marie-Curie - La Gazette","isPartOf":{"@id":"https:\/\/sceaux-lagazette.fr\/#website"},"primaryImageOfPage":{"@id":"https:\/\/sceaux-lagazette.fr\/index.php\/2025\/03\/24\/droit-international-humanitaire-a-marie-curie\/#primaryimage"},"image":{"@id":"https:\/\/sceaux-lagazette.fr\/index.php\/2025\/03\/24\/droit-international-humanitaire-a-marie-curie\/#primaryimage"},"thumbnailUrl":"https:\/\/sceaux-lagazette.fr\/wp-content\/uploads\/2025\/03\/IMG_60891.jpg","datePublished":"2025-03-24T08:57:31+00:00","dateModified":"2025-03-24T08:57:32+00:00","breadcrumb":{"@id":"https:\/\/sceaux-lagazette.fr\/index.php\/2025\/03\/24\/droit-international-humanitaire-a-marie-curie\/#breadcrumb"},"inLanguage":"fr-FR","potentialAction":[{"@type":"ReadAction","target":["https:\/\/sceaux-lagazette.fr\/index.php\/2025\/03\/24\/droit-international-humanitaire-a-marie-curie\/"]}]},{"@type":"ImageObject","inLanguage":"fr-FR","@id":"https:\/\/sceaux-lagazette.fr\/index.php\/2025\/03\/24\/droit-international-humanitaire-a-marie-curie\/#primaryimage","url":"https:\/\/sceaux-lagazette.fr\/wp-content\/uploads\/2025\/03\/IMG_60891.jpg","contentUrl":"https:\/\/sceaux-lagazette.fr\/wp-content\/uploads\/2025\/03\/IMG_60891.jpg","width":1920,"height":1280},{"@type":"BreadcrumbList","@id":"https:\/\/sceaux-lagazette.fr\/index.php\/2025\/03\/24\/droit-international-humanitaire-a-marie-curie\/#breadcrumb","itemListElement":[{"@type":"ListItem","position":1,"name":"Accueil","item":"https:\/\/sceaux-lagazette.fr\/"},{"@type":"ListItem","position":2,"name":"Droit international Humanitaire \u00e0 Marie-Curie"}]},{"@type":"WebSite","@id":"https:\/\/sceaux-lagazette.fr\/#website","url":"https:\/\/sceaux-lagazette.fr\/","name":"La Gazette","description":"Bourg-la-Reine, Ch\u00e2tenay, Fontenay, Sceaux","publisher":{"@id":"https:\/\/sceaux-lagazette.fr\/#organization"},"potentialAction":[{"@type":"SearchAction","target":{"@type":"EntryPoint","urlTemplate":"https:\/\/sceaux-lagazette.fr\/?s={search_term_string}"},"query-input":{"@type":"PropertyValueSpecification","valueRequired":true,"valueName":"search_term_string"}}],"inLanguage":"fr-FR"},{"@type":"Organization","@id":"https:\/\/sceaux-lagazette.fr\/#organization","name":"La Gazette","url":"https:\/\/sceaux-lagazette.fr\/","logo":{"@type":"ImageObject","inLanguage":"fr-FR","@id":"https:\/\/sceaux-lagazette.fr\/#\/schema\/logo\/image\/","url":"https:\/\/sceaux-lagazette.fr\/wp-content\/uploads\/2025\/08\/Logo-Gazette-Aout-2025-V3.jpg","contentUrl":"https:\/\/sceaux-lagazette.fr\/wp-content\/uploads\/2025\/08\/Logo-Gazette-Aout-2025-V3.jpg","width":525,"height":130,"caption":"La Gazette"},"image":{"@id":"https:\/\/sceaux-lagazette.fr\/#\/schema\/logo\/image\/"}},{"@type":"Person","@id":"https:\/\/sceaux-lagazette.fr\/#\/schema\/person\/5650e206a121f68c6f5e76379bccfbc4","name":"G\u00e9rard Bardier","image":{"@type":"ImageObject","inLanguage":"fr-FR","@id":"https:\/\/sceaux-lagazette.fr\/#\/schema\/person\/image\/","url":"https:\/\/secure.gravatar.com\/avatar\/5cf4391ef9dbc0367750202561279a29?s=96&r=g","contentUrl":"https:\/\/secure.gravatar.com\/avatar\/5cf4391ef9dbc0367750202561279a29?s=96&r=g","caption":"G\u00e9rard Bardier"},"url":"https:\/\/sceaux-lagazette.fr\/index.php\/author\/gb\/"}]}},"cc_featured_image_caption":{"caption_text":"Photo : Romane Gauthier","source_text":"","source_url":""},"_links":{"self":[{"href":"https:\/\/sceaux-lagazette.fr\/index.php\/wp-json\/wp\/v2\/posts\/43106"}],"collection":[{"href":"https:\/\/sceaux-lagazette.fr\/index.php\/wp-json\/wp\/v2\/posts"}],"about":[{"href":"https:\/\/sceaux-lagazette.fr\/index.php\/wp-json\/wp\/v2\/types\/post"}],"author":[{"embeddable":true,"href":"https:\/\/sceaux-lagazette.fr\/index.php\/wp-json\/wp\/v2\/users\/11"}],"replies":[{"embeddable":true,"href":"https:\/\/sceaux-lagazette.fr\/index.php\/wp-json\/wp\/v2\/comments?post=43106"}],"version-history":[{"count":2,"href":"https:\/\/sceaux-lagazette.fr\/index.php\/wp-json\/wp\/v2\/posts\/43106\/revisions"}],"predecessor-version":[{"id":43137,"href":"https:\/\/sceaux-lagazette.fr\/index.php\/wp-json\/wp\/v2\/posts\/43106\/revisions\/43137"}],"wp:featuredmedia":[{"embeddable":true,"href":"https:\/\/sceaux-lagazette.fr\/index.php\/wp-json\/wp\/v2\/media\/43108"}],"wp:attachment":[{"href":"https:\/\/sceaux-lagazette.fr\/index.php\/wp-json\/wp\/v2\/media?parent=43106"}],"wp:term":[{"taxonomy":"category","embeddable":true,"href":"https:\/\/sceaux-lagazette.fr\/index.php\/wp-json\/wp\/v2\/categories?post=43106"},{"taxonomy":"post_tag","embeddable":true,"href":"https:\/\/sceaux-lagazette.fr\/index.php\/wp-json\/wp\/v2\/tags?post=43106"}],"curies":[{"name":"wp","href":"https:\/\/api.w.org\/{rel}","templated":true}]}}