{"id":43080,"date":"2025-03-27T10:07:31","date_gmt":"2025-03-27T09:07:31","guid":{"rendered":"https:\/\/sceaux-lagazette.fr\/?p=43080"},"modified":"2025-03-27T10:07:32","modified_gmt":"2025-03-27T09:07:32","slug":"rue-du-four-ceux-qui-ont-demenage","status":"publish","type":"post","link":"https:\/\/sceaux-lagazette.fr\/index.php\/2025\/03\/27\/rue-du-four-ceux-qui-ont-demenage\/","title":{"rendered":"Rue du Four\u00a0: ceux qui ont d\u00e9m\u00e9nag\u00e9"},"content":{"rendered":"\n<p>Dans le cadre du projet de la place du G\u00e9n\u00e9ral de Gaulle \u00e0 Sceaux, l\u2019\u00eelot de la rue du Four va prochainement \u00eatre d\u00e9truit. Mais que sont devenues les associations qui y b\u00e9n\u00e9ficiaient d\u2019un local&nbsp;? Enqu\u00eate&nbsp;!<\/p>\n\n\n\n<p>Si le propri\u00e9taire du Chiquito avait pr\u00e9vu de prendre sa retraite lors de la destruction de l\u2019ilot, quatre associations qui y \u00e9taient install\u00e9es provisoirement devaient trouver une solution pour continuer leurs activit\u00e9s. Il s\u2019agissait de Cop1, Sceaux Smart, la recyclerie et l\u2019AMAP bio.<\/p>\n\n\n\n<h2 class=\"wp-block-heading\">Distribution alimentaire pour les \u00e9tudiants<\/h2>\n\n\n\n<p>L\u2019<a href=\"https:\/\/cop1.fr\/\">association Cop1<\/a> n\u2019\u00e9tait install\u00e9e \u00e0 Sceaux que depuis une petite ann\u00e9e\u00a0: la Gazette lui avait consacr\u00e9 <a href=\"https:\/\/sceaux-lagazette.fr\/index.php\/2024\/03\/21\/distributions-alimentaires-a-sceaux\/\">un article<\/a> \u00e0 l\u2019\u00e9poque. Ils sont maintenant au 1 de la rue Jules Guesde, abrit\u00e9s dans l\u2019ancien caf\u00e9 restaurant, \u00e0 deux pas de la gare de Robinson, \u00e0 l\u2019angle de l\u2019avenue du Plessis et de l\u2019avenue Jules Guesde. Les distributions ont toujours lieu le samedi.<\/p>\n\n\n\n<h2 class=\"wp-block-heading\">Sceaux Smart<\/h2>\n\n\n\n<p>L<a href=\"https:\/\/www.sceauxsmart.com\/\">\u2019association \u00e9tablie 10 rue Gaston L\u00e9vy<\/a>, entre le lyc\u00e9e Marie-Curie et la Coul\u00e9e verte, b\u00e9n\u00e9ficiait d\u2019une annexe au Petit Voisin. Sa fermeture a donn\u00e9 lieu \u00e0 un \u00e9v\u00e9nement dont la<a href=\"https:\/\/sceaux-lagazette.fr\/index.php\/2024\/12\/11\/clap-de-fin-de-lephemere-au-petit-voisin\/\"> Gazette s\u2019est fait l\u2019\u00e9cho<\/a>. On pouvait y lire\u00a0:<\/p>\n\n\n\n<blockquote class=\"wp-block-quote is-layout-flow wp-block-quote-is-layout-flow\">\n<p>\u00ab\u00a0Le Petit Voisin repr\u00e9sente 10 % du chiffre d\u2019affaires de Sceaux Smart. Son principal avantage, offrir une deuxi\u00e8me salle de r\u00e9union. L\u2019\u00e9quipe <a href=\"https:\/\/www.sceauxsmart.com\/\">Sceaux Smart<\/a> r\u00e9fl\u00e9chit \u00e0 des formules pour s\u2019adapter. Une premi\u00e8re action est d\u00e9j\u00e0 lanc\u00e9e : elle consiste \u00e0 revoir l\u2019am\u00e9nagement de la salle de r\u00e9union du 10 rue Gaston L\u00e9vy.\u00a0\u00bb<\/p>\n<\/blockquote>\n\n\n\n<p>Depuis l\u2019am\u00e9nagement de la salle de r\u00e9union a \u00e9t\u00e9 termin\u00e9, avec notamment de nouveaux outils (grand \u00e9cran num\u00e9rique, vid\u00e9oprojecteur\u2026). La salle reconfigur\u00e9e accueille tr\u00e8s r\u00e9guli\u00e8rement des formations\u00a0: une fr\u00e9quentation largement renforc\u00e9e donc. Plus de pr\u00e9cision sur l\u2019am\u00e9nagement dans le <a href=\"https:\/\/www.sceauxsmart.com\/post\/fermer-2024-planifier-2025\">bilan de fin d\u2019ann\u00e9e<\/a> publi\u00e9 par Sceaux Smart.<\/p>\n\n\n\n<h2 class=\"wp-block-heading\">L\u2019\u00eele aux ressources<\/h2>\n\n\n\n<p><a href=\"https:\/\/www.facebook.com\/recyclerie.l.ile\/\">Sur Facebook<\/a>, l\u2019\u00e9quipe de la ressourcerie annon\u00e7ait le 3 f\u00e9vrier\u00a0:<\/p>\n\n\n\n<blockquote class=\"wp-block-quote is-layout-flow wp-block-quote-is-layout-flow\">\n<p><em>\u00ab<\/em>&nbsp;\u00c0 quelques jours pr\u00e8s, 4 ans qu\u2019on occupait le 3 rue du Four \u00e0 Sceaux, un tr\u00e8s chouette site que l\u2019on savait \u00e9ph\u00e9m\u00e8re et qui a un peu dur\u00e9 au final\u2026<\/p>\n\n\n\n<p>Gr\u00e2ce au succ\u00e8s de notre \u00eele, et donc gr\u00e2ce \u00e0 vous, l\u2019aventure continue et on aura bient\u00f4t le plaisir de vous retrouver au 4 rue Marguerite Renaudin, toujours \u00e0 Sceaux.&nbsp;\u00bb<\/p>\n<\/blockquote>\n\n\n\n<p>Ceux qui avaient visit\u00e9 la recyclerie ne pouvaient que s\u2019inqui\u00e9ter du travail de d\u00e9m\u00e9nagement \u00e0 venir. Il a fallu tout ranger dans des cartons, puis les d\u00e9baller et les ranger \u00e0 l\u2019arriv\u00e9e. Heureusement, la mairie a r\u00e9alis\u00e9 le transport.<\/p>\n\n\n\n<p>Le nouvel espace est l\u2019ancienne buanderie de la maison Marguerite Regnaudin, inoccup\u00e9e depuis longtemps. La mairie a refait l\u2019\u00e9lectricit\u00e9 et install\u00e9 des convecteurs. L\u2019association a am\u00e9nag\u00e9 les lieux et install\u00e9 les objets en vente. On remarquera le coin pour enfant, une nouveaut\u00e9 qui vaut le d\u00e9tour.<\/p>\n\n\n\n<h2 class=\"wp-block-heading\">L\u2019AMAP Bio<\/h2>\n\n\n\n<p><a href=\"https:\/\/www.mjcsceaux.com\/lamap\/\">L\u2019AMAP <\/a>utilisait jusqu\u2019il y a peu trois lieux de distribution\u00a0: la MJC, le CSCB et la maison \u00e9ph\u00e9m\u00e8re des transitions dans l\u2019\u00eelot de la rue du Four. Comme son nom l\u2019indique, cette derni\u00e8re avait une vie limit\u00e9e. L\u2019AMAP se replie donc sur ses deux autres lieux de distribution. Plus de passage donc pour la MJC, mais sans d\u00e9rangement particulier pour celle-ci, selon Isabelle Lena, la directrice adjointe.<\/p>\n","protected":false},"excerpt":{"rendered":"<p>Dans le cadre du projet de la place du G\u00e9n\u00e9ral de Gaulle \u00e0 Sceaux, l\u2019\u00eelot de la rue du Four va prochainement \u00eatre d\u00e9truit. Mais que sont devenues les associations qui y b\u00e9n\u00e9ficiaient d\u2019un local&nbsp;? Enqu\u00eate&nbsp;! Si le propri\u00e9taire du Chiquito avait pr\u00e9vu de prendre sa retraite lors de la&#8230;<\/p>\n","protected":false},"author":11,"featured_media":43149,"comment_status":"open","ping_status":"open","sticky":false,"template":"","format":"standard","meta":{"om_disable_all_campaigns":false,"_monsterinsights_skip_tracking":false,"_monsterinsights_sitenote_active":false,"_monsterinsights_sitenote_note":"","_monsterinsights_sitenote_category":0,"_uf_show_specific_survey":0,"_uf_disable_surveys":false,"footnotes":""},"categories":[261,266,246],"tags":[],"class_list":["post-43080","post","type-post","status-publish","format-standard","has-post-thumbnail","hentry","category-associations","category-sceaux","category-vie-publique","entry","simple"],"yoast_head":"<!-- This site is optimized with the Yoast SEO plugin v25.6 - https:\/\/yoast.com\/wordpress\/plugins\/seo\/ -->\n<title>Rue du Four\u00a0: ceux qui ont d\u00e9m\u00e9nag\u00e9 - La Gazette<\/title>\n<meta name=\"robots\" content=\"index, follow, max-snippet:-1, max-image-preview:large, max-video-preview:-1\" \/>\n<link rel=\"canonical\" href=\"https:\/\/sceaux-lagazette.fr\/index.php\/2025\/03\/27\/rue-du-four-ceux-qui-ont-demenage\/\" \/>\n<meta property=\"og:locale\" content=\"fr_FR\" \/>\n<meta property=\"og:type\" content=\"article\" \/>\n<meta property=\"og:title\" content=\"Rue du Four\u00a0: ceux qui ont d\u00e9m\u00e9nag\u00e9 - La Gazette\" \/>\n<meta property=\"og:description\" content=\"Dans le cadre du projet de la place du G\u00e9n\u00e9ral de Gaulle \u00e0 Sceaux, l\u2019\u00eelot de la rue du Four va prochainement \u00eatre d\u00e9truit. Mais que sont devenues les associations qui y b\u00e9n\u00e9ficiaient d\u2019un local&nbsp;? Enqu\u00eate&nbsp;! Si le propri\u00e9taire du Chiquito avait pr\u00e9vu de prendre sa retraite lors de la&#8230;\" \/>\n<meta property=\"og:url\" content=\"https:\/\/sceaux-lagazette.fr\/index.php\/2025\/03\/27\/rue-du-four-ceux-qui-ont-demenage\/\" \/>\n<meta property=\"og:site_name\" content=\"La Gazette\" \/>\n<meta property=\"article:published_time\" content=\"2025-03-27T09:07:31+00:00\" \/>\n<meta property=\"article:modified_time\" content=\"2025-03-27T09:07:32+00:00\" \/>\n<meta property=\"og:image\" content=\"https:\/\/sceaux-lagazette.fr\/wp-content\/uploads\/2025\/03\/Rue-du-Four.jpg\" \/>\n\t<meta property=\"og:image:width\" content=\"1040\" \/>\n\t<meta property=\"og:image:height\" content=\"780\" \/>\n\t<meta property=\"og:image:type\" content=\"image\/jpeg\" \/>\n<meta name=\"author\" content=\"G\u00e9rard Bardier\" \/>\n<meta name=\"twitter:card\" content=\"summary_large_image\" \/>\n<meta name=\"twitter:label1\" content=\"\u00c9crit par\" \/>\n\t<meta name=\"twitter:data1\" content=\"G\u00e9rard Bardier\" \/>\n\t<meta name=\"twitter:label2\" content=\"Dur\u00e9e de lecture estim\u00e9e\" \/>\n\t<meta name=\"twitter:data2\" content=\"3 minutes\" \/>\n<script type=\"application\/ld+json\" class=\"yoast-schema-graph\">{\"@context\":\"https:\/\/schema.org\",\"@graph\":[{\"@type\":\"Article\",\"@id\":\"https:\/\/sceaux-lagazette.fr\/index.php\/2025\/03\/27\/rue-du-four-ceux-qui-ont-demenage\/#article\",\"isPartOf\":{\"@id\":\"https:\/\/sceaux-lagazette.fr\/index.php\/2025\/03\/27\/rue-du-four-ceux-qui-ont-demenage\/\"},\"author\":{\"name\":\"G\u00e9rard Bardier\",\"@id\":\"https:\/\/sceaux-lagazette.fr\/#\/schema\/person\/5650e206a121f68c6f5e76379bccfbc4\"},\"headline\":\"Rue du Four\u00a0: ceux qui ont d\u00e9m\u00e9nag\u00e9\",\"datePublished\":\"2025-03-27T09:07:31+00:00\",\"dateModified\":\"2025-03-27T09:07:32+00:00\",\"mainEntityOfPage\":{\"@id\":\"https:\/\/sceaux-lagazette.fr\/index.php\/2025\/03\/27\/rue-du-four-ceux-qui-ont-demenage\/\"},\"wordCount\":607,\"commentCount\":0,\"publisher\":{\"@id\":\"https:\/\/sceaux-lagazette.fr\/#organization\"},\"image\":{\"@id\":\"https:\/\/sceaux-lagazette.fr\/index.php\/2025\/03\/27\/rue-du-four-ceux-qui-ont-demenage\/#primaryimage\"},\"thumbnailUrl\":\"https:\/\/sceaux-lagazette.fr\/wp-content\/uploads\/2025\/03\/Rue-du-Four-e1743238036488.jpg\",\"articleSection\":[\"Associations\",\"Sceaux\",\"Vie publique\"],\"inLanguage\":\"fr-FR\",\"potentialAction\":[{\"@type\":\"CommentAction\",\"name\":\"Comment\",\"target\":[\"https:\/\/sceaux-lagazette.fr\/index.php\/2025\/03\/27\/rue-du-four-ceux-qui-ont-demenage\/#respond\"]}]},{\"@type\":\"WebPage\",\"@id\":\"https:\/\/sceaux-lagazette.fr\/index.php\/2025\/03\/27\/rue-du-four-ceux-qui-ont-demenage\/\",\"url\":\"https:\/\/sceaux-lagazette.fr\/index.php\/2025\/03\/27\/rue-du-four-ceux-qui-ont-demenage\/\",\"name\":\"Rue du Four\u00a0: ceux qui ont d\u00e9m\u00e9nag\u00e9 - La Gazette\",\"isPartOf\":{\"@id\":\"https:\/\/sceaux-lagazette.fr\/#website\"},\"primaryImageOfPage\":{\"@id\":\"https:\/\/sceaux-lagazette.fr\/index.php\/2025\/03\/27\/rue-du-four-ceux-qui-ont-demenage\/#primaryimage\"},\"image\":{\"@id\":\"https:\/\/sceaux-lagazette.fr\/index.php\/2025\/03\/27\/rue-du-four-ceux-qui-ont-demenage\/#primaryimage\"},\"thumbnailUrl\":\"https:\/\/sceaux-lagazette.fr\/wp-content\/uploads\/2025\/03\/Rue-du-Four-e1743238036488.jpg\",\"datePublished\":\"2025-03-27T09:07:31+00:00\",\"dateModified\":\"2025-03-27T09:07:32+00:00\",\"breadcrumb\":{\"@id\":\"https:\/\/sceaux-lagazette.fr\/index.php\/2025\/03\/27\/rue-du-four-ceux-qui-ont-demenage\/#breadcrumb\"},\"inLanguage\":\"fr-FR\",\"potentialAction\":[{\"@type\":\"ReadAction\",\"target\":[\"https:\/\/sceaux-lagazette.fr\/index.php\/2025\/03\/27\/rue-du-four-ceux-qui-ont-demenage\/\"]}]},{\"@type\":\"ImageObject\",\"inLanguage\":\"fr-FR\",\"@id\":\"https:\/\/sceaux-lagazette.fr\/index.php\/2025\/03\/27\/rue-du-four-ceux-qui-ont-demenage\/#primaryimage\",\"url\":\"https:\/\/sceaux-lagazette.fr\/wp-content\/uploads\/2025\/03\/Rue-du-Four-e1743238036488.jpg\",\"contentUrl\":\"https:\/\/sceaux-lagazette.fr\/wp-content\/uploads\/2025\/03\/Rue-du-Four-e1743238036488.jpg\",\"width\":1040,\"height\":611},{\"@type\":\"BreadcrumbList\",\"@id\":\"https:\/\/sceaux-lagazette.fr\/index.php\/2025\/03\/27\/rue-du-four-ceux-qui-ont-demenage\/#breadcrumb\",\"itemListElement\":[{\"@type\":\"ListItem\",\"position\":1,\"name\":\"Accueil\",\"item\":\"https:\/\/sceaux-lagazette.fr\/\"},{\"@type\":\"ListItem\",\"position\":2,\"name\":\"Rue du Four\u00a0: ceux qui ont d\u00e9m\u00e9nag\u00e9\"}]},{\"@type\":\"WebSite\",\"@id\":\"https:\/\/sceaux-lagazette.fr\/#website\",\"url\":\"https:\/\/sceaux-lagazette.fr\/\",\"name\":\"La Gazette\",\"description\":\"Bourg-la-Reine, Ch\u00e2tenay, Fontenay, Sceaux\",\"publisher\":{\"@id\":\"https:\/\/sceaux-lagazette.fr\/#organization\"},\"potentialAction\":[{\"@type\":\"SearchAction\",\"target\":{\"@type\":\"EntryPoint\",\"urlTemplate\":\"https:\/\/sceaux-lagazette.fr\/?s={search_term_string}\"},\"query-input\":{\"@type\":\"PropertyValueSpecification\",\"valueRequired\":true,\"valueName\":\"search_term_string\"}}],\"inLanguage\":\"fr-FR\"},{\"@type\":\"Organization\",\"@id\":\"https:\/\/sceaux-lagazette.fr\/#organization\",\"name\":\"La Gazette\",\"url\":\"https:\/\/sceaux-lagazette.fr\/\",\"logo\":{\"@type\":\"ImageObject\",\"inLanguage\":\"fr-FR\",\"@id\":\"https:\/\/sceaux-lagazette.fr\/#\/schema\/logo\/image\/\",\"url\":\"https:\/\/sceaux-lagazette.fr\/wp-content\/uploads\/2025\/08\/Logo-Gazette-Aout-2025-V3.jpg\",\"contentUrl\":\"https:\/\/sceaux-lagazette.fr\/wp-content\/uploads\/2025\/08\/Logo-Gazette-Aout-2025-V3.jpg\",\"width\":525,\"height\":130,\"caption\":\"La Gazette\"},\"image\":{\"@id\":\"https:\/\/sceaux-lagazette.fr\/#\/schema\/logo\/image\/\"}},{\"@type\":\"Person\",\"@id\":\"https:\/\/sceaux-lagazette.fr\/#\/schema\/person\/5650e206a121f68c6f5e76379bccfbc4\",\"name\":\"G\u00e9rard Bardier\",\"image\":{\"@type\":\"ImageObject\",\"inLanguage\":\"fr-FR\",\"@id\":\"https:\/\/sceaux-lagazette.fr\/#\/schema\/person\/image\/\",\"url\":\"https:\/\/secure.gravatar.com\/avatar\/5cf4391ef9dbc0367750202561279a29?s=96&r=g\",\"contentUrl\":\"https:\/\/secure.gravatar.com\/avatar\/5cf4391ef9dbc0367750202561279a29?s=96&r=g\",\"caption\":\"G\u00e9rard Bardier\"},\"url\":\"https:\/\/sceaux-lagazette.fr\/index.php\/author\/gb\/\"}]}<\/script>\n<!-- \/ Yoast SEO plugin. -->","yoast_head_json":{"title":"Rue du Four\u00a0: ceux qui ont d\u00e9m\u00e9nag\u00e9 - La Gazette","robots":{"index":"index","follow":"follow","max-snippet":"max-snippet:-1","max-image-preview":"max-image-preview:large","max-video-preview":"max-video-preview:-1"},"canonical":"https:\/\/sceaux-lagazette.fr\/index.php\/2025\/03\/27\/rue-du-four-ceux-qui-ont-demenage\/","og_locale":"fr_FR","og_type":"article","og_title":"Rue du Four\u00a0: ceux qui ont d\u00e9m\u00e9nag\u00e9 - La Gazette","og_description":"Dans le cadre du projet de la place du G\u00e9n\u00e9ral de Gaulle \u00e0 Sceaux, l\u2019\u00eelot de la rue du Four va prochainement \u00eatre d\u00e9truit. Mais que sont devenues les associations qui y b\u00e9n\u00e9ficiaient d\u2019un local&nbsp;? Enqu\u00eate&nbsp;! Si le propri\u00e9taire du Chiquito avait pr\u00e9vu de prendre sa retraite lors de la&#8230;","og_url":"https:\/\/sceaux-lagazette.fr\/index.php\/2025\/03\/27\/rue-du-four-ceux-qui-ont-demenage\/","og_site_name":"La Gazette","article_published_time":"2025-03-27T09:07:31+00:00","article_modified_time":"2025-03-27T09:07:32+00:00","og_image":[{"width":1040,"height":780,"url":"https:\/\/sceaux-lagazette.fr\/wp-content\/uploads\/2025\/03\/Rue-du-Four.jpg","type":"image\/jpeg"}],"author":"G\u00e9rard Bardier","twitter_card":"summary_large_image","twitter_misc":{"\u00c9crit par":"G\u00e9rard Bardier","Dur\u00e9e de lecture estim\u00e9e":"3 minutes"},"schema":{"@context":"https:\/\/schema.org","@graph":[{"@type":"Article","@id":"https:\/\/sceaux-lagazette.fr\/index.php\/2025\/03\/27\/rue-du-four-ceux-qui-ont-demenage\/#article","isPartOf":{"@id":"https:\/\/sceaux-lagazette.fr\/index.php\/2025\/03\/27\/rue-du-four-ceux-qui-ont-demenage\/"},"author":{"name":"G\u00e9rard Bardier","@id":"https:\/\/sceaux-lagazette.fr\/#\/schema\/person\/5650e206a121f68c6f5e76379bccfbc4"},"headline":"Rue du Four\u00a0: ceux qui ont d\u00e9m\u00e9nag\u00e9","datePublished":"2025-03-27T09:07:31+00:00","dateModified":"2025-03-27T09:07:32+00:00","mainEntityOfPage":{"@id":"https:\/\/sceaux-lagazette.fr\/index.php\/2025\/03\/27\/rue-du-four-ceux-qui-ont-demenage\/"},"wordCount":607,"commentCount":0,"publisher":{"@id":"https:\/\/sceaux-lagazette.fr\/#organization"},"image":{"@id":"https:\/\/sceaux-lagazette.fr\/index.php\/2025\/03\/27\/rue-du-four-ceux-qui-ont-demenage\/#primaryimage"},"thumbnailUrl":"https:\/\/sceaux-lagazette.fr\/wp-content\/uploads\/2025\/03\/Rue-du-Four-e1743238036488.jpg","articleSection":["Associations","Sceaux","Vie publique"],"inLanguage":"fr-FR","potentialAction":[{"@type":"CommentAction","name":"Comment","target":["https:\/\/sceaux-lagazette.fr\/index.php\/2025\/03\/27\/rue-du-four-ceux-qui-ont-demenage\/#respond"]}]},{"@type":"WebPage","@id":"https:\/\/sceaux-lagazette.fr\/index.php\/2025\/03\/27\/rue-du-four-ceux-qui-ont-demenage\/","url":"https:\/\/sceaux-lagazette.fr\/index.php\/2025\/03\/27\/rue-du-four-ceux-qui-ont-demenage\/","name":"Rue du Four\u00a0: ceux qui ont d\u00e9m\u00e9nag\u00e9 - La Gazette","isPartOf":{"@id":"https:\/\/sceaux-lagazette.fr\/#website"},"primaryImageOfPage":{"@id":"https:\/\/sceaux-lagazette.fr\/index.php\/2025\/03\/27\/rue-du-four-ceux-qui-ont-demenage\/#primaryimage"},"image":{"@id":"https:\/\/sceaux-lagazette.fr\/index.php\/2025\/03\/27\/rue-du-four-ceux-qui-ont-demenage\/#primaryimage"},"thumbnailUrl":"https:\/\/sceaux-lagazette.fr\/wp-content\/uploads\/2025\/03\/Rue-du-Four-e1743238036488.jpg","datePublished":"2025-03-27T09:07:31+00:00","dateModified":"2025-03-27T09:07:32+00:00","breadcrumb":{"@id":"https:\/\/sceaux-lagazette.fr\/index.php\/2025\/03\/27\/rue-du-four-ceux-qui-ont-demenage\/#breadcrumb"},"inLanguage":"fr-FR","potentialAction":[{"@type":"ReadAction","target":["https:\/\/sceaux-lagazette.fr\/index.php\/2025\/03\/27\/rue-du-four-ceux-qui-ont-demenage\/"]}]},{"@type":"ImageObject","inLanguage":"fr-FR","@id":"https:\/\/sceaux-lagazette.fr\/index.php\/2025\/03\/27\/rue-du-four-ceux-qui-ont-demenage\/#primaryimage","url":"https:\/\/sceaux-lagazette.fr\/wp-content\/uploads\/2025\/03\/Rue-du-Four-e1743238036488.jpg","contentUrl":"https:\/\/sceaux-lagazette.fr\/wp-content\/uploads\/2025\/03\/Rue-du-Four-e1743238036488.jpg","width":1040,"height":611},{"@type":"BreadcrumbList","@id":"https:\/\/sceaux-lagazette.fr\/index.php\/2025\/03\/27\/rue-du-four-ceux-qui-ont-demenage\/#breadcrumb","itemListElement":[{"@type":"ListItem","position":1,"name":"Accueil","item":"https:\/\/sceaux-lagazette.fr\/"},{"@type":"ListItem","position":2,"name":"Rue du Four\u00a0: ceux qui ont d\u00e9m\u00e9nag\u00e9"}]},{"@type":"WebSite","@id":"https:\/\/sceaux-lagazette.fr\/#website","url":"https:\/\/sceaux-lagazette.fr\/","name":"La Gazette","description":"Bourg-la-Reine, Ch\u00e2tenay, Fontenay, Sceaux","publisher":{"@id":"https:\/\/sceaux-lagazette.fr\/#organization"},"potentialAction":[{"@type":"SearchAction","target":{"@type":"EntryPoint","urlTemplate":"https:\/\/sceaux-lagazette.fr\/?s={search_term_string}"},"query-input":{"@type":"PropertyValueSpecification","valueRequired":true,"valueName":"search_term_string"}}],"inLanguage":"fr-FR"},{"@type":"Organization","@id":"https:\/\/sceaux-lagazette.fr\/#organization","name":"La Gazette","url":"https:\/\/sceaux-lagazette.fr\/","logo":{"@type":"ImageObject","inLanguage":"fr-FR","@id":"https:\/\/sceaux-lagazette.fr\/#\/schema\/logo\/image\/","url":"https:\/\/sceaux-lagazette.fr\/wp-content\/uploads\/2025\/08\/Logo-Gazette-Aout-2025-V3.jpg","contentUrl":"https:\/\/sceaux-lagazette.fr\/wp-content\/uploads\/2025\/08\/Logo-Gazette-Aout-2025-V3.jpg","width":525,"height":130,"caption":"La Gazette"},"image":{"@id":"https:\/\/sceaux-lagazette.fr\/#\/schema\/logo\/image\/"}},{"@type":"Person","@id":"https:\/\/sceaux-lagazette.fr\/#\/schema\/person\/5650e206a121f68c6f5e76379bccfbc4","name":"G\u00e9rard Bardier","image":{"@type":"ImageObject","inLanguage":"fr-FR","@id":"https:\/\/sceaux-lagazette.fr\/#\/schema\/person\/image\/","url":"https:\/\/secure.gravatar.com\/avatar\/5cf4391ef9dbc0367750202561279a29?s=96&r=g","contentUrl":"https:\/\/secure.gravatar.com\/avatar\/5cf4391ef9dbc0367750202561279a29?s=96&r=g","caption":"G\u00e9rard Bardier"},"url":"https:\/\/sceaux-lagazette.fr\/index.php\/author\/gb\/"}]}},"cc_featured_image_caption":{"caption_text":"","source_text":"","source_url":""},"_links":{"self":[{"href":"https:\/\/sceaux-lagazette.fr\/index.php\/wp-json\/wp\/v2\/posts\/43080"}],"collection":[{"href":"https:\/\/sceaux-lagazette.fr\/index.php\/wp-json\/wp\/v2\/posts"}],"about":[{"href":"https:\/\/sceaux-lagazette.fr\/index.php\/wp-json\/wp\/v2\/types\/post"}],"author":[{"embeddable":true,"href":"https:\/\/sceaux-lagazette.fr\/index.php\/wp-json\/wp\/v2\/users\/11"}],"replies":[{"embeddable":true,"href":"https:\/\/sceaux-lagazette.fr\/index.php\/wp-json\/wp\/v2\/comments?post=43080"}],"version-history":[{"count":2,"href":"https:\/\/sceaux-lagazette.fr\/index.php\/wp-json\/wp\/v2\/posts\/43080\/revisions"}],"predecessor-version":[{"id":43150,"href":"https:\/\/sceaux-lagazette.fr\/index.php\/wp-json\/wp\/v2\/posts\/43080\/revisions\/43150"}],"wp:featuredmedia":[{"embeddable":true,"href":"https:\/\/sceaux-lagazette.fr\/index.php\/wp-json\/wp\/v2\/media\/43149"}],"wp:attachment":[{"href":"https:\/\/sceaux-lagazette.fr\/index.php\/wp-json\/wp\/v2\/media?parent=43080"}],"wp:term":[{"taxonomy":"category","embeddable":true,"href":"https:\/\/sceaux-lagazette.fr\/index.php\/wp-json\/wp\/v2\/categories?post=43080"},{"taxonomy":"post_tag","embeddable":true,"href":"https:\/\/sceaux-lagazette.fr\/index.php\/wp-json\/wp\/v2\/tags?post=43080"}],"curies":[{"name":"wp","href":"https:\/\/api.w.org\/{rel}","templated":true}]}}