{"id":43069,"date":"2025-03-13T09:00:54","date_gmt":"2025-03-13T08:00:54","guid":{"rendered":"https:\/\/sceaux-lagazette.fr\/?p=43069"},"modified":"2025-03-13T09:02:46","modified_gmt":"2025-03-13T08:02:46","slug":"exposition-alexandre-noll-a-la-mediatheque-de-fontenay","status":"publish","type":"post","link":"https:\/\/sceaux-lagazette.fr\/index.php\/2025\/03\/13\/exposition-alexandre-noll-a-la-mediatheque-de-fontenay\/","title":{"rendered":"Exposition Alexandre Noll \u00e0 la m\u00e9diath\u00e8que de Fontenay"},"content":{"rendered":"\n<p>Les amoureux du bois scrupuleusement fa\u00e7onn\u00e9, de la belle ouvrage et de l\u2019inspiration multiple d\u2019un sculpteur pionnier iront \u00e0 la m\u00e9diath\u00e8que de Fontenay, 6 place du Ch\u00e2teau Sainte-Barbe, admirer les \u0153uvres d\u2019Alexandre Noll. Elles sont expos\u00e9es jusqu\u2019au 27 avril.<\/p>\n\n\n\n<p>Il a commenc\u00e9 dans les ann\u00e9es 1920 par fabriquer au tour des parapluies pour le Bon March\u00e9. &nbsp;Alexandre Noll s\u2019\u00e9tait fait la main dans les Dardanelles pendant la Premi\u00e8re Guerre mondiale. Il faut croire que l\u2019autodidacte a des talents pas ordinaires, puisque Paul Poiret, le l\u00e9gendaire couturier et parfumeur, le remarque et lui confie la conception d&rsquo;articles m\u00e9nagers et d\u2019objets d\u00e9coratifs.<\/p>\n\n\n\n<p>Sa notori\u00e9t\u00e9 ne fera que cro\u00eetre. On trouvera dans l\u2019exposition des mots amicaux de Jacques Audiberti, Jacques Pr\u00e9vert, Jean Giono. Il participe au Salon des Artistes D\u00e9corateurs. Il ajoute aux meubles qu\u2019il fabrique, des sculptures abstraites. Il peint. Vous verrez des exemples de tout \u00e7a \u00e0 la m\u00e9diath\u00e8que. Plusieurs expositions personnelles \u00e0 Paris apr\u00e8s-guerre et dans les ann\u00e9es soixante le rendent c\u00e9l\u00e8bre. Depuis sa mort en 1970, sa capacit\u00e9 \u00e0 r\u00e9v\u00e9ler la beaut\u00e9 intrins\u00e8que du bois fait l\u2019objet de nombreux hommages. D\u2019ailleurs, le mus\u00e9e d&rsquo;art moderne de la ville de Paris et le mus\u00e9e des beaux-arts de Dijon poss\u00e8dent de ses \u0153uvres. La plupart ont \u00e9t\u00e9 vendues \u00e0 des amateurs \u00e9trangers, aux Etats-Unis notamment.<\/p>\n\n\n\n<h2 class=\"wp-block-heading\">Un vernissage<\/h2>\n\n\n\n<p>Muriel Galante Guilleminot, maire adjointe, d\u00e9l\u00e9gu\u00e9e \u00e0 la Culture, pr\u00e9sente l\u2019exposition. Elle se confond en remerciements chaleureux envers Dominique Touranchet-Noll, un petit-fils du sculpteur. La raison de la chaude reconnaissance appara\u00eetra quand on apprendra que les pi\u00e8ces expos\u00e9es viennent de la maison du petit-fils qu\u2019il a quasiment vid\u00e9. \u00ab\u00a0<em>Je m\u2019y sens comme dans un campement.<\/em>\u00a0\u00bb Ses tableaux (\u0153uvres moins connues et red\u00e9couvertes r\u00e9cemment) ont \u00e9t\u00e9 d\u00e9croch\u00e9s. Ses tables dont vous appr\u00e9cierez sur place les incroyables pi\u00e8tements n\u2019habitent plus ses pi\u00e8ces. De m\u00eame pour les buffets qu\u2019Alexandre Noll ne voulait blesser d\u2019aucun m\u00e9tal. Charni\u00e8res, fermetures, tout est de bois et ing\u00e9nieusement con\u00e7u. Les compositions abstraites ont aussi rejoint l\u2019exposition. Ainsi, peintures, gravures, aquarelles, bois, tout y est pass\u00e9\u00a0!<\/p>\n\n\n\n<p>L\u2019\u00e9lue salue avec une \u00e9motion semblable la mobilisation qui a permis la tenue de l\u2019exposition&nbsp;: l\u2019\u00e9quipe des archives, le service de la culture, la m\u00e9diath\u00e8que et bien s\u00fbr la famille. C\u2019est leur rencontre et leur engagement qui ont permis d\u2019\u00e9laborer une exposition, \u00e0 tous \u00e9gards, rarissime. Les \u0153uvres d\u2019Alexandre Noll sont \u00e9parpill\u00e9es dans le monde.<\/p>\n\n\n\n<p>Laurent Vastel, le maire de Fontenay-aux-Roses, se f\u00e9licite avec humour d\u2019accueillir l\u2019exposition. Il sent pour lui-m\u00eame une double proximit\u00e9. Celle de savoir que l\u2019artiste v\u00e9cut et cr\u00e9a \u00e0 Fontenay. Celle de partager avec lui le go\u00fbt des outils. Entre les gouges et les ciseaux du sculpteur et ses outils de chirurgien orthop\u00e9diste, il voit une sorte de parent\u00e9 dans les gestuelles. Avec une profonde diff\u00e9rence, tout de m\u00eame, qu\u2019il s\u2019amuse \u00e0 souligner&nbsp;: l\u2019artiste doit faire diff\u00e9rent \u00e0 chaque fois. On ne demande surtout pas \u00e7a \u00e0 un chirurgien. On fait plus que le croire, on l\u2019esp\u00e8re&nbsp;!<\/p>\n\n\n\n<h2 class=\"wp-block-heading\">Inspirations et influences<\/h2>\n\n\n\n<p>A tr\u00e8s grands traits, l\u2019itin\u00e9raire artistique d\u2019Alexandre Noll, commence lors de l&rsquo;Exposition Internationale de 1937, o\u00f9 il pr\u00e9sente des vases, pichets et plats creus\u00e9s, r\u00e9alis\u00e9s avec une finition polie unique.<\/p>\n\n\n\n<p>\u00c0 partir de 1935, il cr\u00e9e des meubles sculpt\u00e9s, puis dans les ann\u00e9es 1950, il se lance dans la sculpture abstraite.<\/p>\n\n\n<div class=\"wp-block-image\">\n<figure class=\"alignright size-full is-resized\"><img decoding=\"async\" width=\"540\" height=\"720\" src=\"https:\/\/sceaux-lagazette.fr\/wp-content\/uploads\/2025\/03\/Alexandre-Noll-buffet-tonneau.jpg\" alt=\"\" class=\"wp-image-43074\" style=\"width:284px;height:auto\" srcset=\"https:\/\/sceaux-lagazette.fr\/wp-content\/uploads\/2025\/03\/Alexandre-Noll-buffet-tonneau.jpg 540w, https:\/\/sceaux-lagazette.fr\/wp-content\/uploads\/2025\/03\/Alexandre-Noll-buffet-tonneau-225x300.jpg 225w\" sizes=\"(max-width: 540px) 100vw, 540px\" \/><\/figure><\/div>\n\n\n<p>Ses sources d\u2019inspiration sont celles de son \u00e9poque. On trouve chez lui des r\u00e9f\u00e9rences \u00e0 l\u2019Art Nouveau, avec des formes organiques et des lignes courbes. A l\u2019Art D\u00e9co, avec des formes plus g\u00e9om\u00e9triques et des motifs stylis\u00e9s. Mais  ses sculptures en bois aux formes simples et \u00e9pur\u00e9es ont quelque chose de l\u2019art primitif. Au sens o\u00f9 la nature est, \u00e0 suivre ses d\u00e9clarations, une sorte d\u2019\u00e9tymologie de son \u0153uvre. Chez lui, le bois est un mat\u00e9riau vivant (des mat\u00e9riaux vivants) dont il faut r\u00e9v\u00e9ler la beaut\u00e9 intrins\u00e8que.<\/p>\n\n\n\n<p>On pr\u00eate \u00e0 Alexandre Noll d\u2019avoir dit&nbsp;: \u00ab <em>Je ne tue pas le bois, je lui ob\u00e9is<\/em> \u00bb. Comme s\u2019il se laissait guider par le bois qu&rsquo;il choisit, avec ses imperfections, ses n\u0153uds et son grain. Il lui fallait pr\u00e9server en chaque morceau la nature unique. Form\u00e9 par personne sauf lui-m\u00eame, il forge dans ce rapport au mat\u00e9riau ses propres techniques, celles dont Poiret avait reconnu le potentiel.<\/p>\n\n\n\n<h2 class=\"wp-block-heading\">Une voie Alexandre Noll<\/h2>\n\n\n\n<p>Un communiqu\u00e9 de presse de la municipalit\u00e9 l\u2019annonce&nbsp;: \u00ab&nbsp;<em>Le 28 avril&nbsp;2025,&nbsp;\u00e0 18h, la Ville rendra hommage \u00e0 l\u2019artiste en donnant son nom \u00e0 une rue, en r\u00e9f\u00e9rence \u00e0 son atelier de Fontenay-aux-Roses, o\u00f9 il a v\u00e9cu et cr\u00e9\u00e9 plusieurs de ses \u0153uvres majeures. La journ\u00e9e se poursuivra, dans le hall de la Mairie, par l\u2019inauguration de la sculpture <\/em>Monumental Traverse<em>, offerte par la famille Touranchet Noll \u00e0 la Ville de Fontenay-aux-Roses<\/em><strong>.&nbsp;\u00bb<\/strong><\/p>\n\n\n\n<hr class=\"wp-block-separator has-alpha-channel-opacity\"\/>\n\n\n\n<h2 class=\"wp-block-heading\">Pour en savoir plus<\/h2>\n\n\n\n<ul class=\"wp-block-list\">\n<li>Des souvenirs d\u2019Odile, la fille d\u2019Alexandre Noll. <a href=\"https:\/\/www.calameo.com\/read\/002673207f2e6226d54e4\">Document<\/a> d\u00e9pos\u00e9 \u00e0 la ville de Fontenay.<\/li>\n\n\n\n<li>\u0152uvres d\u2019Alexandre Noll <a href=\"https:\/\/www.phillips.com\/artist\/3322\/alexandre-noll\">sur un site (en anglais) Works for Sale, Upcoming Auctions &amp; Past Results<\/a><\/li>\n<\/ul>\n\n\n\n<p><\/p>\n","protected":false},"excerpt":{"rendered":"<p>Les amoureux du bois scrupuleusement fa\u00e7onn\u00e9, de la belle ouvrage et de l\u2019inspiration multiple d\u2019un sculpteur pionnier iront \u00e0 la m\u00e9diath\u00e8que de Fontenay, 6 place du Ch\u00e2teau Sainte-Barbe, admirer les \u0153uvres d\u2019Alexandre Noll. Elles sont expos\u00e9es jusqu\u2019au 27 avril. Il a commenc\u00e9 dans les ann\u00e9es 1920 par fabriquer au tour&#8230;<\/p>\n","protected":false},"author":6,"featured_media":43072,"comment_status":"open","ping_status":"open","sticky":false,"template":"","format":"standard","meta":{"om_disable_all_campaigns":false,"_monsterinsights_skip_tracking":false,"_monsterinsights_sitenote_active":false,"_monsterinsights_sitenote_note":"","_monsterinsights_sitenote_category":0,"_uf_show_specific_survey":0,"_uf_disable_surveys":false,"footnotes":""},"categories":[259,264,276],"tags":[],"class_list":["post-43069","post","type-post","status-publish","format-standard","has-post-thumbnail","hentry","category-expositions","category-fontenay-aux-roses","category-sculpture","entry","simple"],"yoast_head":"<!-- This site is optimized with the Yoast SEO plugin v25.6 - https:\/\/yoast.com\/wordpress\/plugins\/seo\/ -->\n<title>Exposition Alexandre Noll \u00e0 la m\u00e9diath\u00e8que de Fontenay - La Gazette<\/title>\n<meta name=\"robots\" content=\"index, follow, max-snippet:-1, max-image-preview:large, max-video-preview:-1\" \/>\n<link rel=\"canonical\" href=\"https:\/\/sceaux-lagazette.fr\/index.php\/2025\/03\/13\/exposition-alexandre-noll-a-la-mediatheque-de-fontenay\/\" \/>\n<meta property=\"og:locale\" content=\"fr_FR\" \/>\n<meta property=\"og:type\" content=\"article\" \/>\n<meta property=\"og:title\" content=\"Exposition Alexandre Noll \u00e0 la m\u00e9diath\u00e8que de Fontenay - La Gazette\" \/>\n<meta property=\"og:description\" content=\"Les amoureux du bois scrupuleusement fa\u00e7onn\u00e9, de la belle ouvrage et de l\u2019inspiration multiple d\u2019un sculpteur pionnier iront \u00e0 la m\u00e9diath\u00e8que de Fontenay, 6 place du Ch\u00e2teau Sainte-Barbe, admirer les \u0153uvres d\u2019Alexandre Noll. Elles sont expos\u00e9es jusqu\u2019au 27 avril. Il a commenc\u00e9 dans les ann\u00e9es 1920 par fabriquer au tour&#8230;\" \/>\n<meta property=\"og:url\" content=\"https:\/\/sceaux-lagazette.fr\/index.php\/2025\/03\/13\/exposition-alexandre-noll-a-la-mediatheque-de-fontenay\/\" \/>\n<meta property=\"og:site_name\" content=\"La Gazette\" \/>\n<meta property=\"article:published_time\" content=\"2025-03-13T08:00:54+00:00\" \/>\n<meta property=\"article:modified_time\" content=\"2025-03-13T08:02:46+00:00\" \/>\n<meta property=\"og:image\" content=\"https:\/\/sceaux-lagazette.fr\/wp-content\/uploads\/2025\/03\/Alexandre-Noll-buffet.jpg\" \/>\n\t<meta property=\"og:image:width\" content=\"961\" \/>\n\t<meta property=\"og:image:height\" content=\"656\" \/>\n\t<meta property=\"og:image:type\" content=\"image\/jpeg\" \/>\n<meta name=\"author\" content=\"Maurice Zytnicki\" \/>\n<meta name=\"twitter:card\" content=\"summary_large_image\" \/>\n<meta name=\"twitter:label1\" content=\"\u00c9crit par\" \/>\n\t<meta name=\"twitter:data1\" content=\"Maurice Zytnicki\" \/>\n\t<meta name=\"twitter:label2\" content=\"Dur\u00e9e de lecture estim\u00e9e\" \/>\n\t<meta name=\"twitter:data2\" content=\"5 minutes\" \/>\n<script type=\"application\/ld+json\" class=\"yoast-schema-graph\">{\"@context\":\"https:\/\/schema.org\",\"@graph\":[{\"@type\":\"Article\",\"@id\":\"https:\/\/sceaux-lagazette.fr\/index.php\/2025\/03\/13\/exposition-alexandre-noll-a-la-mediatheque-de-fontenay\/#article\",\"isPartOf\":{\"@id\":\"https:\/\/sceaux-lagazette.fr\/index.php\/2025\/03\/13\/exposition-alexandre-noll-a-la-mediatheque-de-fontenay\/\"},\"author\":{\"name\":\"Maurice Zytnicki\",\"@id\":\"https:\/\/sceaux-lagazette.fr\/#\/schema\/person\/060ab8fc058c4220d9079707a58da9f1\"},\"headline\":\"Exposition Alexandre Noll \u00e0 la m\u00e9diath\u00e8que de Fontenay\",\"datePublished\":\"2025-03-13T08:00:54+00:00\",\"dateModified\":\"2025-03-13T08:02:46+00:00\",\"mainEntityOfPage\":{\"@id\":\"https:\/\/sceaux-lagazette.fr\/index.php\/2025\/03\/13\/exposition-alexandre-noll-a-la-mediatheque-de-fontenay\/\"},\"wordCount\":933,\"commentCount\":0,\"publisher\":{\"@id\":\"https:\/\/sceaux-lagazette.fr\/#organization\"},\"image\":{\"@id\":\"https:\/\/sceaux-lagazette.fr\/index.php\/2025\/03\/13\/exposition-alexandre-noll-a-la-mediatheque-de-fontenay\/#primaryimage\"},\"thumbnailUrl\":\"https:\/\/sceaux-lagazette.fr\/wp-content\/uploads\/2025\/03\/Alexandre-Noll-buffet.jpg\",\"articleSection\":[\"Expositions\",\"Fontenay-aux-Roses\",\"Sculpture\"],\"inLanguage\":\"fr-FR\",\"potentialAction\":[{\"@type\":\"CommentAction\",\"name\":\"Comment\",\"target\":[\"https:\/\/sceaux-lagazette.fr\/index.php\/2025\/03\/13\/exposition-alexandre-noll-a-la-mediatheque-de-fontenay\/#respond\"]}]},{\"@type\":\"WebPage\",\"@id\":\"https:\/\/sceaux-lagazette.fr\/index.php\/2025\/03\/13\/exposition-alexandre-noll-a-la-mediatheque-de-fontenay\/\",\"url\":\"https:\/\/sceaux-lagazette.fr\/index.php\/2025\/03\/13\/exposition-alexandre-noll-a-la-mediatheque-de-fontenay\/\",\"name\":\"Exposition Alexandre Noll \u00e0 la m\u00e9diath\u00e8que de Fontenay - La Gazette\",\"isPartOf\":{\"@id\":\"https:\/\/sceaux-lagazette.fr\/#website\"},\"primaryImageOfPage\":{\"@id\":\"https:\/\/sceaux-lagazette.fr\/index.php\/2025\/03\/13\/exposition-alexandre-noll-a-la-mediatheque-de-fontenay\/#primaryimage\"},\"image\":{\"@id\":\"https:\/\/sceaux-lagazette.fr\/index.php\/2025\/03\/13\/exposition-alexandre-noll-a-la-mediatheque-de-fontenay\/#primaryimage\"},\"thumbnailUrl\":\"https:\/\/sceaux-lagazette.fr\/wp-content\/uploads\/2025\/03\/Alexandre-Noll-buffet.jpg\",\"datePublished\":\"2025-03-13T08:00:54+00:00\",\"dateModified\":\"2025-03-13T08:02:46+00:00\",\"breadcrumb\":{\"@id\":\"https:\/\/sceaux-lagazette.fr\/index.php\/2025\/03\/13\/exposition-alexandre-noll-a-la-mediatheque-de-fontenay\/#breadcrumb\"},\"inLanguage\":\"fr-FR\",\"potentialAction\":[{\"@type\":\"ReadAction\",\"target\":[\"https:\/\/sceaux-lagazette.fr\/index.php\/2025\/03\/13\/exposition-alexandre-noll-a-la-mediatheque-de-fontenay\/\"]}]},{\"@type\":\"ImageObject\",\"inLanguage\":\"fr-FR\",\"@id\":\"https:\/\/sceaux-lagazette.fr\/index.php\/2025\/03\/13\/exposition-alexandre-noll-a-la-mediatheque-de-fontenay\/#primaryimage\",\"url\":\"https:\/\/sceaux-lagazette.fr\/wp-content\/uploads\/2025\/03\/Alexandre-Noll-buffet.jpg\",\"contentUrl\":\"https:\/\/sceaux-lagazette.fr\/wp-content\/uploads\/2025\/03\/Alexandre-Noll-buffet.jpg\",\"width\":961,\"height\":656},{\"@type\":\"BreadcrumbList\",\"@id\":\"https:\/\/sceaux-lagazette.fr\/index.php\/2025\/03\/13\/exposition-alexandre-noll-a-la-mediatheque-de-fontenay\/#breadcrumb\",\"itemListElement\":[{\"@type\":\"ListItem\",\"position\":1,\"name\":\"Accueil\",\"item\":\"https:\/\/sceaux-lagazette.fr\/\"},{\"@type\":\"ListItem\",\"position\":2,\"name\":\"Exposition Alexandre Noll \u00e0 la m\u00e9diath\u00e8que de Fontenay\"}]},{\"@type\":\"WebSite\",\"@id\":\"https:\/\/sceaux-lagazette.fr\/#website\",\"url\":\"https:\/\/sceaux-lagazette.fr\/\",\"name\":\"La Gazette\",\"description\":\"Bourg-la-Reine, Ch\u00e2tenay, Fontenay, Sceaux\",\"publisher\":{\"@id\":\"https:\/\/sceaux-lagazette.fr\/#organization\"},\"potentialAction\":[{\"@type\":\"SearchAction\",\"target\":{\"@type\":\"EntryPoint\",\"urlTemplate\":\"https:\/\/sceaux-lagazette.fr\/?s={search_term_string}\"},\"query-input\":{\"@type\":\"PropertyValueSpecification\",\"valueRequired\":true,\"valueName\":\"search_term_string\"}}],\"inLanguage\":\"fr-FR\"},{\"@type\":\"Organization\",\"@id\":\"https:\/\/sceaux-lagazette.fr\/#organization\",\"name\":\"La Gazette\",\"url\":\"https:\/\/sceaux-lagazette.fr\/\",\"logo\":{\"@type\":\"ImageObject\",\"inLanguage\":\"fr-FR\",\"@id\":\"https:\/\/sceaux-lagazette.fr\/#\/schema\/logo\/image\/\",\"url\":\"https:\/\/sceaux-lagazette.fr\/wp-content\/uploads\/2025\/08\/Logo-Gazette-Aout-2025-V3.jpg\",\"contentUrl\":\"https:\/\/sceaux-lagazette.fr\/wp-content\/uploads\/2025\/08\/Logo-Gazette-Aout-2025-V3.jpg\",\"width\":525,\"height\":130,\"caption\":\"La Gazette\"},\"image\":{\"@id\":\"https:\/\/sceaux-lagazette.fr\/#\/schema\/logo\/image\/\"}},{\"@type\":\"Person\",\"@id\":\"https:\/\/sceaux-lagazette.fr\/#\/schema\/person\/060ab8fc058c4220d9079707a58da9f1\",\"name\":\"Maurice Zytnicki\",\"image\":{\"@type\":\"ImageObject\",\"inLanguage\":\"fr-FR\",\"@id\":\"https:\/\/sceaux-lagazette.fr\/#\/schema\/person\/image\/\",\"url\":\"https:\/\/secure.gravatar.com\/avatar\/d94d30d6fa0e9cb7af48a89366fc0cdb?s=96&r=g\",\"contentUrl\":\"https:\/\/secure.gravatar.com\/avatar\/d94d30d6fa0e9cb7af48a89366fc0cdb?s=96&r=g\",\"caption\":\"Maurice Zytnicki\"},\"url\":\"https:\/\/sceaux-lagazette.fr\/index.php\/author\/maurice\/\"}]}<\/script>\n<!-- \/ Yoast SEO plugin. -->","yoast_head_json":{"title":"Exposition Alexandre Noll \u00e0 la m\u00e9diath\u00e8que de Fontenay - La Gazette","robots":{"index":"index","follow":"follow","max-snippet":"max-snippet:-1","max-image-preview":"max-image-preview:large","max-video-preview":"max-video-preview:-1"},"canonical":"https:\/\/sceaux-lagazette.fr\/index.php\/2025\/03\/13\/exposition-alexandre-noll-a-la-mediatheque-de-fontenay\/","og_locale":"fr_FR","og_type":"article","og_title":"Exposition Alexandre Noll \u00e0 la m\u00e9diath\u00e8que de Fontenay - La Gazette","og_description":"Les amoureux du bois scrupuleusement fa\u00e7onn\u00e9, de la belle ouvrage et de l\u2019inspiration multiple d\u2019un sculpteur pionnier iront \u00e0 la m\u00e9diath\u00e8que de Fontenay, 6 place du Ch\u00e2teau Sainte-Barbe, admirer les \u0153uvres d\u2019Alexandre Noll. Elles sont expos\u00e9es jusqu\u2019au 27 avril. Il a commenc\u00e9 dans les ann\u00e9es 1920 par fabriquer au tour&#8230;","og_url":"https:\/\/sceaux-lagazette.fr\/index.php\/2025\/03\/13\/exposition-alexandre-noll-a-la-mediatheque-de-fontenay\/","og_site_name":"La Gazette","article_published_time":"2025-03-13T08:00:54+00:00","article_modified_time":"2025-03-13T08:02:46+00:00","og_image":[{"width":961,"height":656,"url":"https:\/\/sceaux-lagazette.fr\/wp-content\/uploads\/2025\/03\/Alexandre-Noll-buffet.jpg","type":"image\/jpeg"}],"author":"Maurice Zytnicki","twitter_card":"summary_large_image","twitter_misc":{"\u00c9crit par":"Maurice Zytnicki","Dur\u00e9e de lecture estim\u00e9e":"5 minutes"},"schema":{"@context":"https:\/\/schema.org","@graph":[{"@type":"Article","@id":"https:\/\/sceaux-lagazette.fr\/index.php\/2025\/03\/13\/exposition-alexandre-noll-a-la-mediatheque-de-fontenay\/#article","isPartOf":{"@id":"https:\/\/sceaux-lagazette.fr\/index.php\/2025\/03\/13\/exposition-alexandre-noll-a-la-mediatheque-de-fontenay\/"},"author":{"name":"Maurice Zytnicki","@id":"https:\/\/sceaux-lagazette.fr\/#\/schema\/person\/060ab8fc058c4220d9079707a58da9f1"},"headline":"Exposition Alexandre Noll \u00e0 la m\u00e9diath\u00e8que de Fontenay","datePublished":"2025-03-13T08:00:54+00:00","dateModified":"2025-03-13T08:02:46+00:00","mainEntityOfPage":{"@id":"https:\/\/sceaux-lagazette.fr\/index.php\/2025\/03\/13\/exposition-alexandre-noll-a-la-mediatheque-de-fontenay\/"},"wordCount":933,"commentCount":0,"publisher":{"@id":"https:\/\/sceaux-lagazette.fr\/#organization"},"image":{"@id":"https:\/\/sceaux-lagazette.fr\/index.php\/2025\/03\/13\/exposition-alexandre-noll-a-la-mediatheque-de-fontenay\/#primaryimage"},"thumbnailUrl":"https:\/\/sceaux-lagazette.fr\/wp-content\/uploads\/2025\/03\/Alexandre-Noll-buffet.jpg","articleSection":["Expositions","Fontenay-aux-Roses","Sculpture"],"inLanguage":"fr-FR","potentialAction":[{"@type":"CommentAction","name":"Comment","target":["https:\/\/sceaux-lagazette.fr\/index.php\/2025\/03\/13\/exposition-alexandre-noll-a-la-mediatheque-de-fontenay\/#respond"]}]},{"@type":"WebPage","@id":"https:\/\/sceaux-lagazette.fr\/index.php\/2025\/03\/13\/exposition-alexandre-noll-a-la-mediatheque-de-fontenay\/","url":"https:\/\/sceaux-lagazette.fr\/index.php\/2025\/03\/13\/exposition-alexandre-noll-a-la-mediatheque-de-fontenay\/","name":"Exposition Alexandre Noll \u00e0 la m\u00e9diath\u00e8que de Fontenay - La Gazette","isPartOf":{"@id":"https:\/\/sceaux-lagazette.fr\/#website"},"primaryImageOfPage":{"@id":"https:\/\/sceaux-lagazette.fr\/index.php\/2025\/03\/13\/exposition-alexandre-noll-a-la-mediatheque-de-fontenay\/#primaryimage"},"image":{"@id":"https:\/\/sceaux-lagazette.fr\/index.php\/2025\/03\/13\/exposition-alexandre-noll-a-la-mediatheque-de-fontenay\/#primaryimage"},"thumbnailUrl":"https:\/\/sceaux-lagazette.fr\/wp-content\/uploads\/2025\/03\/Alexandre-Noll-buffet.jpg","datePublished":"2025-03-13T08:00:54+00:00","dateModified":"2025-03-13T08:02:46+00:00","breadcrumb":{"@id":"https:\/\/sceaux-lagazette.fr\/index.php\/2025\/03\/13\/exposition-alexandre-noll-a-la-mediatheque-de-fontenay\/#breadcrumb"},"inLanguage":"fr-FR","potentialAction":[{"@type":"ReadAction","target":["https:\/\/sceaux-lagazette.fr\/index.php\/2025\/03\/13\/exposition-alexandre-noll-a-la-mediatheque-de-fontenay\/"]}]},{"@type":"ImageObject","inLanguage":"fr-FR","@id":"https:\/\/sceaux-lagazette.fr\/index.php\/2025\/03\/13\/exposition-alexandre-noll-a-la-mediatheque-de-fontenay\/#primaryimage","url":"https:\/\/sceaux-lagazette.fr\/wp-content\/uploads\/2025\/03\/Alexandre-Noll-buffet.jpg","contentUrl":"https:\/\/sceaux-lagazette.fr\/wp-content\/uploads\/2025\/03\/Alexandre-Noll-buffet.jpg","width":961,"height":656},{"@type":"BreadcrumbList","@id":"https:\/\/sceaux-lagazette.fr\/index.php\/2025\/03\/13\/exposition-alexandre-noll-a-la-mediatheque-de-fontenay\/#breadcrumb","itemListElement":[{"@type":"ListItem","position":1,"name":"Accueil","item":"https:\/\/sceaux-lagazette.fr\/"},{"@type":"ListItem","position":2,"name":"Exposition Alexandre Noll \u00e0 la m\u00e9diath\u00e8que de Fontenay"}]},{"@type":"WebSite","@id":"https:\/\/sceaux-lagazette.fr\/#website","url":"https:\/\/sceaux-lagazette.fr\/","name":"La Gazette","description":"Bourg-la-Reine, Ch\u00e2tenay, Fontenay, Sceaux","publisher":{"@id":"https:\/\/sceaux-lagazette.fr\/#organization"},"potentialAction":[{"@type":"SearchAction","target":{"@type":"EntryPoint","urlTemplate":"https:\/\/sceaux-lagazette.fr\/?s={search_term_string}"},"query-input":{"@type":"PropertyValueSpecification","valueRequired":true,"valueName":"search_term_string"}}],"inLanguage":"fr-FR"},{"@type":"Organization","@id":"https:\/\/sceaux-lagazette.fr\/#organization","name":"La Gazette","url":"https:\/\/sceaux-lagazette.fr\/","logo":{"@type":"ImageObject","inLanguage":"fr-FR","@id":"https:\/\/sceaux-lagazette.fr\/#\/schema\/logo\/image\/","url":"https:\/\/sceaux-lagazette.fr\/wp-content\/uploads\/2025\/08\/Logo-Gazette-Aout-2025-V3.jpg","contentUrl":"https:\/\/sceaux-lagazette.fr\/wp-content\/uploads\/2025\/08\/Logo-Gazette-Aout-2025-V3.jpg","width":525,"height":130,"caption":"La Gazette"},"image":{"@id":"https:\/\/sceaux-lagazette.fr\/#\/schema\/logo\/image\/"}},{"@type":"Person","@id":"https:\/\/sceaux-lagazette.fr\/#\/schema\/person\/060ab8fc058c4220d9079707a58da9f1","name":"Maurice Zytnicki","image":{"@type":"ImageObject","inLanguage":"fr-FR","@id":"https:\/\/sceaux-lagazette.fr\/#\/schema\/person\/image\/","url":"https:\/\/secure.gravatar.com\/avatar\/d94d30d6fa0e9cb7af48a89366fc0cdb?s=96&r=g","contentUrl":"https:\/\/secure.gravatar.com\/avatar\/d94d30d6fa0e9cb7af48a89366fc0cdb?s=96&r=g","caption":"Maurice Zytnicki"},"url":"https:\/\/sceaux-lagazette.fr\/index.php\/author\/maurice\/"}]}},"cc_featured_image_caption":{"caption_text":"","source_text":"","source_url":""},"_links":{"self":[{"href":"https:\/\/sceaux-lagazette.fr\/index.php\/wp-json\/wp\/v2\/posts\/43069"}],"collection":[{"href":"https:\/\/sceaux-lagazette.fr\/index.php\/wp-json\/wp\/v2\/posts"}],"about":[{"href":"https:\/\/sceaux-lagazette.fr\/index.php\/wp-json\/wp\/v2\/types\/post"}],"author":[{"embeddable":true,"href":"https:\/\/sceaux-lagazette.fr\/index.php\/wp-json\/wp\/v2\/users\/6"}],"replies":[{"embeddable":true,"href":"https:\/\/sceaux-lagazette.fr\/index.php\/wp-json\/wp\/v2\/comments?post=43069"}],"version-history":[{"count":4,"href":"https:\/\/sceaux-lagazette.fr\/index.php\/wp-json\/wp\/v2\/posts\/43069\/revisions"}],"predecessor-version":[{"id":43079,"href":"https:\/\/sceaux-lagazette.fr\/index.php\/wp-json\/wp\/v2\/posts\/43069\/revisions\/43079"}],"wp:featuredmedia":[{"embeddable":true,"href":"https:\/\/sceaux-lagazette.fr\/index.php\/wp-json\/wp\/v2\/media\/43072"}],"wp:attachment":[{"href":"https:\/\/sceaux-lagazette.fr\/index.php\/wp-json\/wp\/v2\/media?parent=43069"}],"wp:term":[{"taxonomy":"category","embeddable":true,"href":"https:\/\/sceaux-lagazette.fr\/index.php\/wp-json\/wp\/v2\/categories?post=43069"},{"taxonomy":"post_tag","embeddable":true,"href":"https:\/\/sceaux-lagazette.fr\/index.php\/wp-json\/wp\/v2\/tags?post=43069"}],"curies":[{"name":"wp","href":"https:\/\/api.w.org\/{rel}","templated":true}]}}