{"id":43048,"date":"2025-03-17T08:43:55","date_gmt":"2025-03-17T07:43:55","guid":{"rendered":"https:\/\/sceaux-lagazette.fr\/?p=43048"},"modified":"2025-03-17T08:43:56","modified_gmt":"2025-03-17T07:43:56","slug":"quel-role-pour-une-association-de-quartier-un-exemple-a-bourg-la-reine","status":"publish","type":"post","link":"https:\/\/sceaux-lagazette.fr\/index.php\/2025\/03\/17\/quel-role-pour-une-association-de-quartier-un-exemple-a-bourg-la-reine\/","title":{"rendered":"Quel r\u00f4le pour une association de quartier\u00a0? Un exemple \u00e0 Bourg-la-Reine"},"content":{"rendered":"\n<p>En 2025, l\u2019<a href=\"http:\/\/assoquartierbellevue.com\/\">Association du quartier Bellevue<\/a> f\u00eatera ses trente-cinq ans d\u2019existence. Fond\u00e9e pour prot\u00e9ger le cadre de vie de ses habitants, elle est devenue un partenaire incontournable de la Ville pour tous les am\u00e9nagements et travaux dans et autour du quartier. Elle s\u2019est ensuite donn\u00e9e comme objectif de d\u00e9velopper le lien social\u00a0: elle organise tous les ans en juin un d\u00eener de rue qui rassemble environ 200 participants dont de nombreux enfants.<\/p>\n\n\n\n<h2 class=\"wp-block-heading\">D\u00eener de quartier<\/h2>\n\n\n\n<p>Depuis 2005, le d\u00eener annuel se d\u00e9roule g\u00e9n\u00e9ralement en juin. Le syst\u00e8me est simple\u00a0: chacun am\u00e8ne sa contribution au repas et tout le monde se retrouve pour celui-ci. L\u2019Association organise l\u2019animation, fournit les boissons et le pain. La ville met \u00e0 disposition les tables, les chaises et des barnums. \u00a0Les premi\u00e8res ann\u00e9es, des subventions municipales ont permis quelques extras avec notamment la venue du <a href=\"https:\/\/www.lepluspetitcirquedumonde.fr\/\">Plus Petit Cirque du Monde<\/a> en 2019. Ce n\u2019est plus le cas aujourd\u2019hui, mais l\u2019animation ne manque pas\u00a0avec <a href=\"https:\/\/www.facebook.com\/After.School.Paris\/\">After School<\/a> un groupe de musique du quartier, la pr\u00e9sence de scouts depuis quelques ann\u00e9es et d\u2019animateurs b\u00e9n\u00e9voles pour les enfants. Voir<a href=\"http:\/\/assoquartierbellevue.com\/diner-de-quartier\/\"> quelques photos ici\u00a0<\/a>.<\/p>\n\n\n\n<h2 class=\"wp-block-heading\">Un p\u00e9rim\u00e8tre qui s\u2019est progressivement d\u00e9fini<\/h2>\n\n\n\n<p>A l\u2019origine, le p\u00e9rim\u00e8tre d\u00e9fini par l\u2019Association comprenait les avenues Bellevue (qui a donn\u00e9 son nom), Mirebeau ainsi que les rues Pertuizot, 25 ao\u00fbt 1944 et Violette. Quelques ann\u00e9es plus tard, le p\u00e9rim\u00e8tre s\u2019est \u00e9tendu \u00e0 la rue des Vergers puis \u00e0 l\u2019avenue du Panorama<\/p>\n\n\n\n<p>Le site de l\u2019Association nous pr\u00e9cise d\u2019o\u00f9 viennent les noms des rues&nbsp;:<\/p>\n\n\n\n<blockquote class=\"wp-block-quote is-layout-flow wp-block-quote-is-layout-flow\">\n<p>Plusieurs d\u2019entre eux ont \u00e9t\u00e9 attribu\u00e9s lors de la cr\u00e9ation du lotissement. L\u2019avenue Mirebeau, le nom du lieu-dit original, met d\u00e9j\u00e0 en \u00e9vidence la belle vue que l\u2019on devait avoir de ce terrain sur la vall\u00e9e de la Bi\u00e8vre et les pentes de L\u2019Ha\u00ff-le-Roses. L\u2019avenue du Panorama et l&rsquo;avenue de Bellevue compl\u00e8tent cette toponymie. La rue des Vergers tient son nom des arbres fruitiers qui \u00e9taient plant\u00e9s sur ces terrains au moment du lotissement.<\/p>\n\n\n\n<p>Le 7 novembre 1932 le Conseil municipal d\u00e9cide d&rsquo;attribuer \u00ab\u00a0\u00e0 titre d&rsquo;hommage public \u00e0 diverses voiries communales les noms de plusieurs bienfaiteurs de Bourg-la-Reine\u00a0\u00bb. Ainsi la rue des Coteaux devient la rue Pertuizot et la rue Traversi\u00e8re devient la rue Violette.<\/p>\n\n\n\n<p>Le nom de la rue du 25 ao\u00fbt 1944, perc\u00e9e apr\u00e8s la guerre, lui f\u00fbt donn\u00e9e en souvenir de la lib\u00e9ration de Bourg-la-Reine et des premiers chars de la division Leclerc qui sont arriv\u00e9s par Bourg-la-Reine avant de lib\u00e9rer Paris<em>.<\/em><\/p>\n\n\n\n<p>La rue Pertuizot a \u00e9t\u00e9 baptis\u00e9e ainsi en l\u2019honneur de Fran\u00e7ois Pertuizot, d\u00e9c\u00e9d\u00e9 en 1908 \u00e0 l\u2019\u00e2ge de 72 ans, qui a fait un legs \u00e0 la municipalit\u00e9 pour d\u00e9cerner un prix annuel de 900 francs \u00e0 \u00ab\u00a0la jeune fille la plus m\u00e9ritante de la commune\u00a0\u00bb. Les conditions requises \u00e9taient d&rsquo;\u00eatre \u00e2g\u00e9e de 18 \u00e0 25 ans, d&rsquo;\u00eatre n\u00e9e et domicili\u00e9e \u00e0 Bourg-la-Reine. Cette jeune fille devait \u00eatre choisie par une commission constitu\u00e9e par M. le Cur\u00e9 de la paroisse, M. le Maire et deux adjoints. Mais \u00e0 qui cette somme (environ 3 500 euros de nos jours) a-t-elle \u00e9t\u00e9 vers\u00e9e et pendant combien de temps ?\u00a0 Myst\u00e8re !<\/p>\n\n\n\n<p>La rue Violette doit son nom \u00e0 Marie-Anne Violette, d\u00e9c\u00e9d\u00e9e en 1852. Bienfaitrice de Bourg-la-Reine, elle a fait un legs \u00e0 la municipalit\u00e9 qui a contribu\u00e9 \u00e0 la construction du presbyt\u00e8re, boulevard Carnot et d\u2019un dispensaire pr\u00e8s du cimeti\u00e8re.<\/p>\n<\/blockquote>\n\n\n\n<h2 class=\"wp-block-heading\">Un peu d\u2019histoire de l\u2019association<\/h2>\n\n\n\n<p>En 1990, Mireille G\u00e9rard, \u00e0 l\u2019\u00e9poque conseill\u00e8re municipale et son mari Michel qui habitaient (et habitent toujours) rue Pertuizot cr\u00e9e avec des voisins l\u2019Association du quartier Bellevue pour \u00ab&nbsp;la d\u00e9fense de l\u2019environnement et du cadre de vie&nbsp;\u00bb. Il y a en effet dans le voisinage deux estaminets sources de nuisances tard le soir. Le voisinage adh\u00e8re, un bureau est mis en place. Le probl\u00e8me finit par \u00eatre r\u00e9gl\u00e9 quand un nouveau apparait&nbsp;: un habitant de la toute voisine rue des Vergers pr\u00e9voit de s\u2019installer avenue Bellevue, la mairie projette de pr\u00e9empter la maison qu\u2019il souhaitait acqu\u00e9rir avenue de Bellevue pour en faire une maison des associations.<\/p>\n\n\n\n<p>Soucieuse de conserver la tranquillit\u00e9 du quartier, l\u2019Association se mobilise avec une p\u00e9tition. Le projet ne se fait pas. Le p\u00e9rim\u00e8tre de l\u2019Association s\u2019\u00e9largit \u00e0 la rue des Vergers.<\/p>\n\n\n\n<p>Un nouvel \u00e9v\u00e9nement va mobiliser l\u2019Association et lui apporter de nouveaux adh\u00e9rents&nbsp;: des papiers sont distribu\u00e9s dans les bo\u00eetes \u00e0 lettres par un op\u00e9rateur de t\u00e9l\u00e9phonie pour installer des antennes relais dans le quartier.<\/p>\n\n\n\n<p>Mais c\u2019est un autre projet qui va transformer le r\u00f4le de l\u2019Association&nbsp;: la ville projette de mettre en sens unique l\u2019une des rues du quartier. A partir de ce projet, l\u2019association va devenir un partenaire de la ville dans les r\u00e9flexions d\u2019urbanisme, comme le montre l\u2019article 2 de ses statuts&nbsp;:<\/p>\n\n\n\n<p><em>Elle a pour but de d\u00e9fendre les int\u00e9r\u00eats communs des habitants du quartier et de proposer aux autorit\u00e9s comp\u00e9tentes des solutions aux probl\u00e8mes qui se posent.<\/em><\/p>\n\n\n\n<p>Elle accompagnera tous les projets de transformation des plans de circulation et d\u2019am\u00e9lioration des rues du quartier&nbsp;: passage en zone 30, enfouissement des r\u00e9seaux a\u00e9riens, mises en sens uniques, am\u00e9nagements des rues, organisation de sondages dans chaque rues\u2026<\/p>\n\n\n\n<h2 class=\"wp-block-heading\">Urbanisme<\/h2>\n\n\n\n<p>Sur la page&nbsp;\u00ab&nbsp;projets&nbsp;\u00bb du site sont \u00e9voqu\u00e9s les projets en cours et ceux aboutis. Sont ainsi cit\u00e9s comme \u00ab&nbsp;Projets finalis\u00e9s avec la contribution de l&rsquo;Association&nbsp;\u00bb, l\u2019am\u00e9nagement de l\u2019avenue du Panorama, l\u2019am\u00e9nagement du carrefour Aristide Briand\/Mirebeau et la r\u00e9fection de la D920 entre la place de la R\u00e9sistance et l\u2019avenue de la Bi\u00e8vre.<\/p>\n\n\n\n<p>Parmi les projets en cours, le Campus de l\u2019enfance \u00e0 la Fa\u00efencerie, l\u2019am\u00e9nagement de la place de la R\u00e9sistance et de l\u2019entr\u00e9e Nord de la Ville. Il est aussi question de l\u2019ouverture d\u2019un centre m\u00e9dical en septembre sur le site de l\u2019ancienne maison de retraite Castel Regina.<\/p>\n\n\n\n<p>Lors de l\u2019Assembl\u00e9e g\u00e9n\u00e9rale de l\u2019Association, fin mars 2024 \u00e0 la Villa Saint Cyr, le maire et la premi\u00e8re adjointe, en charge de l\u2019urbaniste et du cadre de vie, sont venus pr\u00e9senter les projets de la Ville en cours et r\u00e9pondre aux questions des participants. Leur pr\u00e9sence a mobilis\u00e9 plus adh\u00e9rents que d\u2019habitude.<\/p>\n\n\n\n<h2 class=\"wp-block-heading\">Et demain&nbsp;?<\/h2>\n\n\n\n<p>Le pr\u00e9sident actuel de l\u2019Association, Yvon Bellec, souhaite se retirer apr\u00e8s dix ans de pr\u00e9sidence. Peut-\u00eatre l\u2019occasion pour une \u00e9quipe renouvel\u00e9e d\u2019inventer \u00e0 son tour de nouvelles mani\u00e8res de \u00ab&nbsp;faire quartier&nbsp;\u00bb<\/p>\n","protected":false},"excerpt":{"rendered":"<p>En 2025, l\u2019Association du quartier Bellevue f\u00eatera ses trente-cinq ans d\u2019existence. Fond\u00e9e pour prot\u00e9ger le cadre de vie de ses habitants, elle est devenue un partenaire incontournable de la Ville pour tous les am\u00e9nagements et travaux dans et autour du quartier. Elle s\u2019est ensuite donn\u00e9e comme objectif de d\u00e9velopper le&#8230;<\/p>\n","protected":false},"author":11,"featured_media":43051,"comment_status":"open","ping_status":"open","sticky":false,"template":"","format":"standard","meta":{"om_disable_all_campaigns":false,"_monsterinsights_skip_tracking":false,"_monsterinsights_sitenote_active":false,"_monsterinsights_sitenote_note":"","_monsterinsights_sitenote_category":0,"_uf_show_specific_survey":0,"_uf_disable_surveys":false,"footnotes":""},"categories":[261,265],"tags":[],"class_list":["post-43048","post","type-post","status-publish","format-standard","has-post-thumbnail","hentry","category-associations","category-bourg-la-reine","entry","simple"],"yoast_head":"<!-- This site is optimized with the Yoast SEO plugin v25.6 - https:\/\/yoast.com\/wordpress\/plugins\/seo\/ -->\n<title>Quel r\u00f4le pour une association de quartier\u00a0? Un exemple \u00e0 Bourg-la-Reine - La Gazette<\/title>\n<meta name=\"robots\" content=\"index, follow, max-snippet:-1, max-image-preview:large, max-video-preview:-1\" \/>\n<link rel=\"canonical\" href=\"https:\/\/sceaux-lagazette.fr\/index.php\/2025\/03\/17\/quel-role-pour-une-association-de-quartier-un-exemple-a-bourg-la-reine\/\" \/>\n<meta property=\"og:locale\" content=\"fr_FR\" \/>\n<meta property=\"og:type\" content=\"article\" \/>\n<meta property=\"og:title\" content=\"Quel r\u00f4le pour une association de quartier\u00a0? Un exemple \u00e0 Bourg-la-Reine - La Gazette\" \/>\n<meta property=\"og:description\" content=\"En 2025, l\u2019Association du quartier Bellevue f\u00eatera ses trente-cinq ans d\u2019existence. Fond\u00e9e pour prot\u00e9ger le cadre de vie de ses habitants, elle est devenue un partenaire incontournable de la Ville pour tous les am\u00e9nagements et travaux dans et autour du quartier. Elle s\u2019est ensuite donn\u00e9e comme objectif de d\u00e9velopper le&#8230;\" \/>\n<meta property=\"og:url\" content=\"https:\/\/sceaux-lagazette.fr\/index.php\/2025\/03\/17\/quel-role-pour-une-association-de-quartier-un-exemple-a-bourg-la-reine\/\" \/>\n<meta property=\"og:site_name\" content=\"La Gazette\" \/>\n<meta property=\"article:published_time\" content=\"2025-03-17T07:43:55+00:00\" \/>\n<meta property=\"article:modified_time\" content=\"2025-03-17T07:43:56+00:00\" \/>\n<meta property=\"og:image\" content=\"https:\/\/sceaux-lagazette.fr\/wp-content\/uploads\/2025\/03\/Diner-de-rue-Bellevue-e1741708882675.jpg\" \/>\n\t<meta property=\"og:image:width\" content=\"768\" \/>\n\t<meta property=\"og:image:height\" content=\"510\" \/>\n\t<meta property=\"og:image:type\" content=\"image\/jpeg\" \/>\n<meta name=\"author\" content=\"G\u00e9rard Bardier\" \/>\n<meta name=\"twitter:card\" content=\"summary_large_image\" \/>\n<meta name=\"twitter:label1\" content=\"\u00c9crit par\" \/>\n\t<meta name=\"twitter:data1\" content=\"G\u00e9rard Bardier\" \/>\n\t<meta name=\"twitter:label2\" content=\"Dur\u00e9e de lecture estim\u00e9e\" \/>\n\t<meta name=\"twitter:data2\" content=\"4 minutes\" \/>\n<script type=\"application\/ld+json\" class=\"yoast-schema-graph\">{\"@context\":\"https:\/\/schema.org\",\"@graph\":[{\"@type\":\"Article\",\"@id\":\"https:\/\/sceaux-lagazette.fr\/index.php\/2025\/03\/17\/quel-role-pour-une-association-de-quartier-un-exemple-a-bourg-la-reine\/#article\",\"isPartOf\":{\"@id\":\"https:\/\/sceaux-lagazette.fr\/index.php\/2025\/03\/17\/quel-role-pour-une-association-de-quartier-un-exemple-a-bourg-la-reine\/\"},\"author\":{\"name\":\"G\u00e9rard Bardier\",\"@id\":\"https:\/\/sceaux-lagazette.fr\/#\/schema\/person\/5650e206a121f68c6f5e76379bccfbc4\"},\"headline\":\"Quel r\u00f4le pour une association de quartier\u00a0? Un exemple \u00e0 Bourg-la-Reine\",\"datePublished\":\"2025-03-17T07:43:55+00:00\",\"dateModified\":\"2025-03-17T07:43:56+00:00\",\"mainEntityOfPage\":{\"@id\":\"https:\/\/sceaux-lagazette.fr\/index.php\/2025\/03\/17\/quel-role-pour-une-association-de-quartier-un-exemple-a-bourg-la-reine\/\"},\"wordCount\":1199,\"commentCount\":0,\"publisher\":{\"@id\":\"https:\/\/sceaux-lagazette.fr\/#organization\"},\"image\":{\"@id\":\"https:\/\/sceaux-lagazette.fr\/index.php\/2025\/03\/17\/quel-role-pour-une-association-de-quartier-un-exemple-a-bourg-la-reine\/#primaryimage\"},\"thumbnailUrl\":\"https:\/\/sceaux-lagazette.fr\/wp-content\/uploads\/2025\/03\/Diner-de-rue-Bellevue-e1741708882675.jpg\",\"articleSection\":[\"Associations\",\"Bourg-la-Reine\"],\"inLanguage\":\"fr-FR\",\"potentialAction\":[{\"@type\":\"CommentAction\",\"name\":\"Comment\",\"target\":[\"https:\/\/sceaux-lagazette.fr\/index.php\/2025\/03\/17\/quel-role-pour-une-association-de-quartier-un-exemple-a-bourg-la-reine\/#respond\"]}]},{\"@type\":\"WebPage\",\"@id\":\"https:\/\/sceaux-lagazette.fr\/index.php\/2025\/03\/17\/quel-role-pour-une-association-de-quartier-un-exemple-a-bourg-la-reine\/\",\"url\":\"https:\/\/sceaux-lagazette.fr\/index.php\/2025\/03\/17\/quel-role-pour-une-association-de-quartier-un-exemple-a-bourg-la-reine\/\",\"name\":\"Quel r\u00f4le pour une association de quartier\u00a0? Un exemple \u00e0 Bourg-la-Reine - La Gazette\",\"isPartOf\":{\"@id\":\"https:\/\/sceaux-lagazette.fr\/#website\"},\"primaryImageOfPage\":{\"@id\":\"https:\/\/sceaux-lagazette.fr\/index.php\/2025\/03\/17\/quel-role-pour-une-association-de-quartier-un-exemple-a-bourg-la-reine\/#primaryimage\"},\"image\":{\"@id\":\"https:\/\/sceaux-lagazette.fr\/index.php\/2025\/03\/17\/quel-role-pour-une-association-de-quartier-un-exemple-a-bourg-la-reine\/#primaryimage\"},\"thumbnailUrl\":\"https:\/\/sceaux-lagazette.fr\/wp-content\/uploads\/2025\/03\/Diner-de-rue-Bellevue-e1741708882675.jpg\",\"datePublished\":\"2025-03-17T07:43:55+00:00\",\"dateModified\":\"2025-03-17T07:43:56+00:00\",\"breadcrumb\":{\"@id\":\"https:\/\/sceaux-lagazette.fr\/index.php\/2025\/03\/17\/quel-role-pour-une-association-de-quartier-un-exemple-a-bourg-la-reine\/#breadcrumb\"},\"inLanguage\":\"fr-FR\",\"potentialAction\":[{\"@type\":\"ReadAction\",\"target\":[\"https:\/\/sceaux-lagazette.fr\/index.php\/2025\/03\/17\/quel-role-pour-une-association-de-quartier-un-exemple-a-bourg-la-reine\/\"]}]},{\"@type\":\"ImageObject\",\"inLanguage\":\"fr-FR\",\"@id\":\"https:\/\/sceaux-lagazette.fr\/index.php\/2025\/03\/17\/quel-role-pour-une-association-de-quartier-un-exemple-a-bourg-la-reine\/#primaryimage\",\"url\":\"https:\/\/sceaux-lagazette.fr\/wp-content\/uploads\/2025\/03\/Diner-de-rue-Bellevue-e1741708882675.jpg\",\"contentUrl\":\"https:\/\/sceaux-lagazette.fr\/wp-content\/uploads\/2025\/03\/Diner-de-rue-Bellevue-e1741708882675.jpg\",\"width\":768,\"height\":510},{\"@type\":\"BreadcrumbList\",\"@id\":\"https:\/\/sceaux-lagazette.fr\/index.php\/2025\/03\/17\/quel-role-pour-une-association-de-quartier-un-exemple-a-bourg-la-reine\/#breadcrumb\",\"itemListElement\":[{\"@type\":\"ListItem\",\"position\":1,\"name\":\"Accueil\",\"item\":\"https:\/\/sceaux-lagazette.fr\/\"},{\"@type\":\"ListItem\",\"position\":2,\"name\":\"Quel r\u00f4le pour une association de quartier\u00a0? Un exemple \u00e0 Bourg-la-Reine\"}]},{\"@type\":\"WebSite\",\"@id\":\"https:\/\/sceaux-lagazette.fr\/#website\",\"url\":\"https:\/\/sceaux-lagazette.fr\/\",\"name\":\"La Gazette\",\"description\":\"Bourg-la-Reine, Ch\u00e2tenay, Fontenay, Sceaux\",\"publisher\":{\"@id\":\"https:\/\/sceaux-lagazette.fr\/#organization\"},\"potentialAction\":[{\"@type\":\"SearchAction\",\"target\":{\"@type\":\"EntryPoint\",\"urlTemplate\":\"https:\/\/sceaux-lagazette.fr\/?s={search_term_string}\"},\"query-input\":{\"@type\":\"PropertyValueSpecification\",\"valueRequired\":true,\"valueName\":\"search_term_string\"}}],\"inLanguage\":\"fr-FR\"},{\"@type\":\"Organization\",\"@id\":\"https:\/\/sceaux-lagazette.fr\/#organization\",\"name\":\"La Gazette\",\"url\":\"https:\/\/sceaux-lagazette.fr\/\",\"logo\":{\"@type\":\"ImageObject\",\"inLanguage\":\"fr-FR\",\"@id\":\"https:\/\/sceaux-lagazette.fr\/#\/schema\/logo\/image\/\",\"url\":\"https:\/\/sceaux-lagazette.fr\/wp-content\/uploads\/2025\/08\/Logo-Gazette-Aout-2025-V3.jpg\",\"contentUrl\":\"https:\/\/sceaux-lagazette.fr\/wp-content\/uploads\/2025\/08\/Logo-Gazette-Aout-2025-V3.jpg\",\"width\":525,\"height\":130,\"caption\":\"La Gazette\"},\"image\":{\"@id\":\"https:\/\/sceaux-lagazette.fr\/#\/schema\/logo\/image\/\"}},{\"@type\":\"Person\",\"@id\":\"https:\/\/sceaux-lagazette.fr\/#\/schema\/person\/5650e206a121f68c6f5e76379bccfbc4\",\"name\":\"G\u00e9rard Bardier\",\"image\":{\"@type\":\"ImageObject\",\"inLanguage\":\"fr-FR\",\"@id\":\"https:\/\/sceaux-lagazette.fr\/#\/schema\/person\/image\/\",\"url\":\"https:\/\/secure.gravatar.com\/avatar\/5cf4391ef9dbc0367750202561279a29?s=96&r=g\",\"contentUrl\":\"https:\/\/secure.gravatar.com\/avatar\/5cf4391ef9dbc0367750202561279a29?s=96&r=g\",\"caption\":\"G\u00e9rard Bardier\"},\"url\":\"https:\/\/sceaux-lagazette.fr\/index.php\/author\/gb\/\"}]}<\/script>\n<!-- \/ Yoast SEO plugin. -->","yoast_head_json":{"title":"Quel r\u00f4le pour une association de quartier\u00a0? Un exemple \u00e0 Bourg-la-Reine - La Gazette","robots":{"index":"index","follow":"follow","max-snippet":"max-snippet:-1","max-image-preview":"max-image-preview:large","max-video-preview":"max-video-preview:-1"},"canonical":"https:\/\/sceaux-lagazette.fr\/index.php\/2025\/03\/17\/quel-role-pour-une-association-de-quartier-un-exemple-a-bourg-la-reine\/","og_locale":"fr_FR","og_type":"article","og_title":"Quel r\u00f4le pour une association de quartier\u00a0? Un exemple \u00e0 Bourg-la-Reine - La Gazette","og_description":"En 2025, l\u2019Association du quartier Bellevue f\u00eatera ses trente-cinq ans d\u2019existence. Fond\u00e9e pour prot\u00e9ger le cadre de vie de ses habitants, elle est devenue un partenaire incontournable de la Ville pour tous les am\u00e9nagements et travaux dans et autour du quartier. Elle s\u2019est ensuite donn\u00e9e comme objectif de d\u00e9velopper le&#8230;","og_url":"https:\/\/sceaux-lagazette.fr\/index.php\/2025\/03\/17\/quel-role-pour-une-association-de-quartier-un-exemple-a-bourg-la-reine\/","og_site_name":"La Gazette","article_published_time":"2025-03-17T07:43:55+00:00","article_modified_time":"2025-03-17T07:43:56+00:00","og_image":[{"width":768,"height":510,"url":"https:\/\/sceaux-lagazette.fr\/wp-content\/uploads\/2025\/03\/Diner-de-rue-Bellevue-e1741708882675.jpg","type":"image\/jpeg"}],"author":"G\u00e9rard Bardier","twitter_card":"summary_large_image","twitter_misc":{"\u00c9crit par":"G\u00e9rard Bardier","Dur\u00e9e de lecture estim\u00e9e":"4 minutes"},"schema":{"@context":"https:\/\/schema.org","@graph":[{"@type":"Article","@id":"https:\/\/sceaux-lagazette.fr\/index.php\/2025\/03\/17\/quel-role-pour-une-association-de-quartier-un-exemple-a-bourg-la-reine\/#article","isPartOf":{"@id":"https:\/\/sceaux-lagazette.fr\/index.php\/2025\/03\/17\/quel-role-pour-une-association-de-quartier-un-exemple-a-bourg-la-reine\/"},"author":{"name":"G\u00e9rard Bardier","@id":"https:\/\/sceaux-lagazette.fr\/#\/schema\/person\/5650e206a121f68c6f5e76379bccfbc4"},"headline":"Quel r\u00f4le pour une association de quartier\u00a0? Un exemple \u00e0 Bourg-la-Reine","datePublished":"2025-03-17T07:43:55+00:00","dateModified":"2025-03-17T07:43:56+00:00","mainEntityOfPage":{"@id":"https:\/\/sceaux-lagazette.fr\/index.php\/2025\/03\/17\/quel-role-pour-une-association-de-quartier-un-exemple-a-bourg-la-reine\/"},"wordCount":1199,"commentCount":0,"publisher":{"@id":"https:\/\/sceaux-lagazette.fr\/#organization"},"image":{"@id":"https:\/\/sceaux-lagazette.fr\/index.php\/2025\/03\/17\/quel-role-pour-une-association-de-quartier-un-exemple-a-bourg-la-reine\/#primaryimage"},"thumbnailUrl":"https:\/\/sceaux-lagazette.fr\/wp-content\/uploads\/2025\/03\/Diner-de-rue-Bellevue-e1741708882675.jpg","articleSection":["Associations","Bourg-la-Reine"],"inLanguage":"fr-FR","potentialAction":[{"@type":"CommentAction","name":"Comment","target":["https:\/\/sceaux-lagazette.fr\/index.php\/2025\/03\/17\/quel-role-pour-une-association-de-quartier-un-exemple-a-bourg-la-reine\/#respond"]}]},{"@type":"WebPage","@id":"https:\/\/sceaux-lagazette.fr\/index.php\/2025\/03\/17\/quel-role-pour-une-association-de-quartier-un-exemple-a-bourg-la-reine\/","url":"https:\/\/sceaux-lagazette.fr\/index.php\/2025\/03\/17\/quel-role-pour-une-association-de-quartier-un-exemple-a-bourg-la-reine\/","name":"Quel r\u00f4le pour une association de quartier\u00a0? Un exemple \u00e0 Bourg-la-Reine - La Gazette","isPartOf":{"@id":"https:\/\/sceaux-lagazette.fr\/#website"},"primaryImageOfPage":{"@id":"https:\/\/sceaux-lagazette.fr\/index.php\/2025\/03\/17\/quel-role-pour-une-association-de-quartier-un-exemple-a-bourg-la-reine\/#primaryimage"},"image":{"@id":"https:\/\/sceaux-lagazette.fr\/index.php\/2025\/03\/17\/quel-role-pour-une-association-de-quartier-un-exemple-a-bourg-la-reine\/#primaryimage"},"thumbnailUrl":"https:\/\/sceaux-lagazette.fr\/wp-content\/uploads\/2025\/03\/Diner-de-rue-Bellevue-e1741708882675.jpg","datePublished":"2025-03-17T07:43:55+00:00","dateModified":"2025-03-17T07:43:56+00:00","breadcrumb":{"@id":"https:\/\/sceaux-lagazette.fr\/index.php\/2025\/03\/17\/quel-role-pour-une-association-de-quartier-un-exemple-a-bourg-la-reine\/#breadcrumb"},"inLanguage":"fr-FR","potentialAction":[{"@type":"ReadAction","target":["https:\/\/sceaux-lagazette.fr\/index.php\/2025\/03\/17\/quel-role-pour-une-association-de-quartier-un-exemple-a-bourg-la-reine\/"]}]},{"@type":"ImageObject","inLanguage":"fr-FR","@id":"https:\/\/sceaux-lagazette.fr\/index.php\/2025\/03\/17\/quel-role-pour-une-association-de-quartier-un-exemple-a-bourg-la-reine\/#primaryimage","url":"https:\/\/sceaux-lagazette.fr\/wp-content\/uploads\/2025\/03\/Diner-de-rue-Bellevue-e1741708882675.jpg","contentUrl":"https:\/\/sceaux-lagazette.fr\/wp-content\/uploads\/2025\/03\/Diner-de-rue-Bellevue-e1741708882675.jpg","width":768,"height":510},{"@type":"BreadcrumbList","@id":"https:\/\/sceaux-lagazette.fr\/index.php\/2025\/03\/17\/quel-role-pour-une-association-de-quartier-un-exemple-a-bourg-la-reine\/#breadcrumb","itemListElement":[{"@type":"ListItem","position":1,"name":"Accueil","item":"https:\/\/sceaux-lagazette.fr\/"},{"@type":"ListItem","position":2,"name":"Quel r\u00f4le pour une association de quartier\u00a0? Un exemple \u00e0 Bourg-la-Reine"}]},{"@type":"WebSite","@id":"https:\/\/sceaux-lagazette.fr\/#website","url":"https:\/\/sceaux-lagazette.fr\/","name":"La Gazette","description":"Bourg-la-Reine, Ch\u00e2tenay, Fontenay, Sceaux","publisher":{"@id":"https:\/\/sceaux-lagazette.fr\/#organization"},"potentialAction":[{"@type":"SearchAction","target":{"@type":"EntryPoint","urlTemplate":"https:\/\/sceaux-lagazette.fr\/?s={search_term_string}"},"query-input":{"@type":"PropertyValueSpecification","valueRequired":true,"valueName":"search_term_string"}}],"inLanguage":"fr-FR"},{"@type":"Organization","@id":"https:\/\/sceaux-lagazette.fr\/#organization","name":"La Gazette","url":"https:\/\/sceaux-lagazette.fr\/","logo":{"@type":"ImageObject","inLanguage":"fr-FR","@id":"https:\/\/sceaux-lagazette.fr\/#\/schema\/logo\/image\/","url":"https:\/\/sceaux-lagazette.fr\/wp-content\/uploads\/2025\/08\/Logo-Gazette-Aout-2025-V3.jpg","contentUrl":"https:\/\/sceaux-lagazette.fr\/wp-content\/uploads\/2025\/08\/Logo-Gazette-Aout-2025-V3.jpg","width":525,"height":130,"caption":"La Gazette"},"image":{"@id":"https:\/\/sceaux-lagazette.fr\/#\/schema\/logo\/image\/"}},{"@type":"Person","@id":"https:\/\/sceaux-lagazette.fr\/#\/schema\/person\/5650e206a121f68c6f5e76379bccfbc4","name":"G\u00e9rard Bardier","image":{"@type":"ImageObject","inLanguage":"fr-FR","@id":"https:\/\/sceaux-lagazette.fr\/#\/schema\/person\/image\/","url":"https:\/\/secure.gravatar.com\/avatar\/5cf4391ef9dbc0367750202561279a29?s=96&r=g","contentUrl":"https:\/\/secure.gravatar.com\/avatar\/5cf4391ef9dbc0367750202561279a29?s=96&r=g","caption":"G\u00e9rard Bardier"},"url":"https:\/\/sceaux-lagazette.fr\/index.php\/author\/gb\/"}]}},"cc_featured_image_caption":{"caption_text":"","source_text":"","source_url":""},"_links":{"self":[{"href":"https:\/\/sceaux-lagazette.fr\/index.php\/wp-json\/wp\/v2\/posts\/43048"}],"collection":[{"href":"https:\/\/sceaux-lagazette.fr\/index.php\/wp-json\/wp\/v2\/posts"}],"about":[{"href":"https:\/\/sceaux-lagazette.fr\/index.php\/wp-json\/wp\/v2\/types\/post"}],"author":[{"embeddable":true,"href":"https:\/\/sceaux-lagazette.fr\/index.php\/wp-json\/wp\/v2\/users\/11"}],"replies":[{"embeddable":true,"href":"https:\/\/sceaux-lagazette.fr\/index.php\/wp-json\/wp\/v2\/comments?post=43048"}],"version-history":[{"count":2,"href":"https:\/\/sceaux-lagazette.fr\/index.php\/wp-json\/wp\/v2\/posts\/43048\/revisions"}],"predecessor-version":[{"id":43050,"href":"https:\/\/sceaux-lagazette.fr\/index.php\/wp-json\/wp\/v2\/posts\/43048\/revisions\/43050"}],"wp:featuredmedia":[{"embeddable":true,"href":"https:\/\/sceaux-lagazette.fr\/index.php\/wp-json\/wp\/v2\/media\/43051"}],"wp:attachment":[{"href":"https:\/\/sceaux-lagazette.fr\/index.php\/wp-json\/wp\/v2\/media?parent=43048"}],"wp:term":[{"taxonomy":"category","embeddable":true,"href":"https:\/\/sceaux-lagazette.fr\/index.php\/wp-json\/wp\/v2\/categories?post=43048"},{"taxonomy":"post_tag","embeddable":true,"href":"https:\/\/sceaux-lagazette.fr\/index.php\/wp-json\/wp\/v2\/tags?post=43048"}],"curies":[{"name":"wp","href":"https:\/\/api.w.org\/{rel}","templated":true}]}}