{"id":42356,"date":"2024-12-13T10:26:54","date_gmt":"2024-12-13T09:26:54","guid":{"rendered":"https:\/\/sceaux-lagazette.fr\/?p=42356"},"modified":"2024-12-13T10:28:52","modified_gmt":"2024-12-13T09:28:52","slug":"les-cent-ans-des-amis-de-sceaux","status":"publish","type":"post","link":"https:\/\/sceaux-lagazette.fr\/index.php\/2024\/12\/13\/les-cent-ans-des-amis-de-sceaux\/","title":{"rendered":"Les cent ans des Amis de Sceaux"},"content":{"rendered":"\n<p>Samedi 7 d\u00e9cembre, les Amis de Sceaux f\u00eatait leurs 100 ans. L\u2019occasion d\u2019en savoir plus sur cette soci\u00e9t\u00e9 savante. Pierre Manent a trait\u00e9 de la commune comme lieu de la recherche historique, puis Bruno Delmas des soci\u00e9t\u00e9s savantes. L\u2019histoire de l\u2019association pendant ces 100 ans a ensuite fait l\u2019objet d\u2019une vid\u00e9o puis d\u2019une pr\u00e9sentation par son pr\u00e9sident, Pierre Jaillard.<\/p>\n\n\n\n<h2 class=\"wp-block-heading\">Une jeunesse rayonnante<\/h2>\n\n\n\n<p>En 1924, Jean-Baptiste Bergeret de Frouville, maire de Sceaux, lance la proposition de la cr\u00e9ation d\u2019une soci\u00e9t\u00e9 savante. Une assembl\u00e9e g\u00e9n\u00e9rale constitutive, le 27 octobre, r\u00e9unit 34 personnes (notons qu\u2019\u00e0 l\u2019\u00e9poque, Sceaux compte 1671 \u00e9lecteurs inscrits, les femmes n\u2019ayant pas encore le droit de vote). Anatole Hentgen, professeur d\u2019histoire au lyc\u00e9e Lakanal en est nomm\u00e9 pr\u00e9sident (il sera \u00e9lu maire de la ville le 17 mai 1925) lors de la premi\u00e8re assembl\u00e9e g\u00e9n\u00e9rale, le 1<sup>er<\/sup> d\u00e9cembre. Le si\u00e8ge social de l\u2019association se situe \u00e0 l\u2019h\u00f4tel de ville. L\u2019\u00e9quivalent de l\u2019\u00e9poque du directeur g\u00e9n\u00e9ral des services et l\u2019archiviste de la ville font partie de l\u2019association. Celle-ci compte d\u00e9j\u00e0 \u00ab&nbsp;au moins&nbsp;\u00bb 80 inscrits.<\/p>\n\n\n\n<p>Pierre Jaillard lit un sonnet sur les Amis de Sceaux, \u00e9crit par Emile Fix et paru dans <a href=\"https:\/\/amis-de-sceaux.org\/publications\/3-bulletin-des-amis-de-sceaux-1925#flipbook-livrefp3\/5\/\">le premier bulletin<\/a>, en 1925. Dans ce premier bulletin, suivent le texte de l\u2019allocution du pr\u00e9sident lors de l\u2019Assembl\u00e9e g\u00e9n\u00e9rale du 1\/12\/2024, puis un texte de l\u2019Abb\u00e9 Jacquelin sur les sources de l\u2019histoire de Sceaux. Ensuite c\u2019est un texte <a href=\"https:\/\/fr.wikipedia.org\/wiki\/Henri_Le_Savoureux\">du Dr Savoureux <\/a>\u00e0 propos de Chateaubriand \u00e0 la Vall\u00e9e aux Loups, et un autre d\u2019Elie <a href=\"https:\/\/www.idref.fr\/244241252\">D\u00e9bidour <\/a>sur le domaine de Sceaux, son pass\u00e9, son avenir. Le bulletin se termine par une liste des \u00e9v\u00e9nements de l\u2019ann\u00e9e\u00a0; le dernier cit\u00e9 ayant eu lieu le 30 d\u00e9cembre, on peut conclure que le bulletin 1925 a \u00e9t\u00e9 publi\u00e9 en 1926.<\/p>\n\n\n\n<p>Des conf\u00e9rences sont organis\u00e9es par la jeune association, les textes \u00e9tant ensuite diffus\u00e9s par le bulletin annuel. Celui-ci contient toujours une liste des \u00e9v\u00e9nements de l\u2019ann\u00e9e \u00e0 Sceaux, liste plus ou moins pr\u00e9cis\u00e9e. La nouvelle association alterne conf\u00e9rences et sorties. En 1930, Henri Lemaitre, directeur de \u00ab&nbsp;la revue des biblioth\u00e8ques&nbsp;\u00bb devient pr\u00e9sident \u00e0 son tour.<\/p>\n\n\n\n<h2 class=\"wp-block-heading\">Le renouveau<\/h2>\n\n\n\n<p>La guerre suspend les travaux de l\u2019association. Auguste Panthieu, le secr\u00e9taire g\u00e9n\u00e9ral (il a laiss\u00e9 une monographie sur les vieilles maisons de Sceaux et le petit Ch\u00e2teau, republi\u00e9e en 1998) disparait en 1945. Il en est de m\u00eame pour Henri Lema\u00eetre en 1946.<\/p>\n\n\n\n<p><a href=\"https:\/\/fr.wikipedia.org\/wiki\/Ren%C3%A9_H%C3%A9ron_de_Villefosse\">Ren\u00e9 H\u00e9ron de Villefosse<\/a>, conservateur du mus\u00e9e d\u2019Ile de France \u00e0 Sceaux, lui succ\u00e8de alors. Une conf\u00e9rence sur Florian a lieu et il y a des activit\u00e9s jusqu\u2019\u00e0 1950 (mais pas de Bulletin si on en croit ceux qu\u2019on trouve sur le site de l\u2019association).<\/p>\n\n\n\n<p>C\u2019est en avril 1979 seulement qu\u2019une relance a lieu, sous l\u2019inspiration du maire encore une fois. C\u2019est Edwin Guldner qui propose ce nouveau d\u00e9part de l\u2019association. La fille d\u2019Henri Lema\u00eetre, <a href=\"https:\/\/www.babelio.com\/auteur\/Renee-Lemaitre\/73476\">Ren\u00e9e Lema\u00eetre<\/a>, en prend la pr\u00e9sidence. Elle est elle-m\u00eame biblioth\u00e9caire et pr\u00e9sidente de l&rsquo;Association des dipl\u00f4m\u00e9s de l&rsquo;Ecole des biblioth\u00e9caires documentalistes.<\/p>\n\n\n\n<p>Le conseil d\u2019administration comprend aussi Th\u00e9r\u00e8se Pila, biblioth\u00e9caire de la ville, qui en est la secr\u00e9taire g\u00e9n\u00e9rale et Bruno Philippe, adjoint \u00e0 la culture. <a href=\"https:\/\/amis-de-sceaux.org\/publications\/16-bulletin-des-amis-de-sceaux-1984#flipbook-livrefp16\/3\/\">Le premier bulletin de la nouvelle s\u00e9rie<\/a> paraitra en 1984. On y trouve un article de Martine Grigaut, actuelle vice-pr\u00e9sidente de l\u2019association.<\/p>\n\n\n\n<p>Entre temps, l\u2019association n\u2019est pas rest\u00e9e immobile, au contraire, avec une f\u00eate en 1981 autour du Bal de Sceaux inspir\u00e9e du livre de Balzac, et avec les 100 ans du lyc\u00e9e Lakanal en 1982.<\/p>\n\n\n\n<p>S\u2019en suivront 40 ans de publications r\u00e9guli\u00e8res que l\u2019on peut d\u00e9couvrir ici&nbsp;: <a href=\"https:\/\/amis-de-sceaux.org\/publications\">https:\/\/amis-de-sceaux.org\/publications<\/a><\/p>\n\n\n\n<h2 class=\"wp-block-heading\">Des sujets en abondance<\/h2>\n\n\n\n<p>En 100 ans, ce sont environ 5000 pages qui ont \u00e9t\u00e9 publi\u00e9es. Que Pierre Jaillard regroupe en quatre grands th\u00e8mes&nbsp;: domaine de Sceaux (le parc), les habitants de Sceaux, la commune, et les environs de Sceaux.<\/p>\n\n\n\n<p>Les derni\u00e8res conf\u00e9rences sur <a href=\"https:\/\/sceaux-lagazette.fr\/index.php\/2024\/04\/02\/le-parc-de-sceaux-sous-le-directoire\/\">le parc de Sceaux sous le directoire<\/a> ou sur <a href=\"https:\/\/sceaux-lagazette.fr\/index.php\/2024\/11\/22\/a-sceaux-deux-lycees-pendant-la-guerre\/\">les lyc\u00e9es pendant la guerre<\/a> prouvent que les sujets ne sont pas \u00e9puis\u00e9es\u00a0: les Amis de Sceaux vont continuer conf\u00e9rences et publications.<\/p>\n\n\n\n<p><\/p>\n","protected":false},"excerpt":{"rendered":"<p>Samedi 7 d\u00e9cembre, les Amis de Sceaux f\u00eatait leurs 100 ans. L\u2019occasion d\u2019en savoir plus sur cette soci\u00e9t\u00e9 savante. Pierre Manent a trait\u00e9 de la commune comme lieu de la recherche historique, puis Bruno Delmas des soci\u00e9t\u00e9s savantes. L\u2019histoire de l\u2019association pendant ces 100 ans a ensuite fait l\u2019objet d\u2019une&#8230;<\/p>\n","protected":false},"author":11,"featured_media":42387,"comment_status":"open","ping_status":"open","sticky":false,"template":"","format":"standard","meta":{"om_disable_all_campaigns":false,"_monsterinsights_skip_tracking":false,"_monsterinsights_sitenote_active":false,"_monsterinsights_sitenote_note":"","_monsterinsights_sitenote_category":0,"_uf_show_specific_survey":0,"_uf_disable_surveys":false,"footnotes":""},"categories":[261,272,266],"tags":[],"class_list":["post-42356","post","type-post","status-publish","format-standard","has-post-thumbnail","hentry","category-associations","category-conferences-2","category-sceaux","entry","simple"],"yoast_head":"<!-- This site is optimized with the Yoast SEO plugin v25.6 - https:\/\/yoast.com\/wordpress\/plugins\/seo\/ -->\n<title>Les cent ans des Amis de Sceaux - La Gazette<\/title>\n<meta name=\"robots\" content=\"index, follow, max-snippet:-1, max-image-preview:large, max-video-preview:-1\" \/>\n<link rel=\"canonical\" href=\"https:\/\/sceaux-lagazette.fr\/index.php\/2024\/12\/13\/les-cent-ans-des-amis-de-sceaux\/\" \/>\n<meta property=\"og:locale\" content=\"fr_FR\" \/>\n<meta property=\"og:type\" content=\"article\" \/>\n<meta property=\"og:title\" content=\"Les cent ans des Amis de Sceaux - La Gazette\" \/>\n<meta property=\"og:description\" content=\"Samedi 7 d\u00e9cembre, les Amis de Sceaux f\u00eatait leurs 100 ans. L\u2019occasion d\u2019en savoir plus sur cette soci\u00e9t\u00e9 savante. Pierre Manent a trait\u00e9 de la commune comme lieu de la recherche historique, puis Bruno Delmas des soci\u00e9t\u00e9s savantes. L\u2019histoire de l\u2019association pendant ces 100 ans a ensuite fait l\u2019objet d\u2019une&#8230;\" \/>\n<meta property=\"og:url\" content=\"https:\/\/sceaux-lagazette.fr\/index.php\/2024\/12\/13\/les-cent-ans-des-amis-de-sceaux\/\" \/>\n<meta property=\"og:site_name\" content=\"La Gazette\" \/>\n<meta property=\"article:published_time\" content=\"2024-12-13T09:26:54+00:00\" \/>\n<meta property=\"article:modified_time\" content=\"2024-12-13T09:28:52+00:00\" \/>\n<meta property=\"og:image\" content=\"https:\/\/sceaux-lagazette.fr\/wp-content\/uploads\/2024\/12\/Monument-aux-morts-Sceaux.jpg\" \/>\n\t<meta property=\"og:image:width\" content=\"1920\" \/>\n\t<meta property=\"og:image:height\" content=\"1440\" \/>\n\t<meta property=\"og:image:type\" content=\"image\/jpeg\" \/>\n<meta name=\"author\" content=\"G\u00e9rard Bardier\" \/>\n<meta name=\"twitter:card\" content=\"summary_large_image\" \/>\n<meta name=\"twitter:label1\" content=\"\u00c9crit par\" \/>\n\t<meta name=\"twitter:data1\" content=\"G\u00e9rard Bardier\" \/>\n\t<meta name=\"twitter:label2\" content=\"Dur\u00e9e de lecture estim\u00e9e\" \/>\n\t<meta name=\"twitter:data2\" content=\"4 minutes\" \/>\n<script type=\"application\/ld+json\" class=\"yoast-schema-graph\">{\"@context\":\"https:\/\/schema.org\",\"@graph\":[{\"@type\":\"Article\",\"@id\":\"https:\/\/sceaux-lagazette.fr\/index.php\/2024\/12\/13\/les-cent-ans-des-amis-de-sceaux\/#article\",\"isPartOf\":{\"@id\":\"https:\/\/sceaux-lagazette.fr\/index.php\/2024\/12\/13\/les-cent-ans-des-amis-de-sceaux\/\"},\"author\":{\"name\":\"G\u00e9rard Bardier\",\"@id\":\"https:\/\/sceaux-lagazette.fr\/#\/schema\/person\/5650e206a121f68c6f5e76379bccfbc4\"},\"headline\":\"Les cent ans des Amis de Sceaux\",\"datePublished\":\"2024-12-13T09:26:54+00:00\",\"dateModified\":\"2024-12-13T09:28:52+00:00\",\"mainEntityOfPage\":{\"@id\":\"https:\/\/sceaux-lagazette.fr\/index.php\/2024\/12\/13\/les-cent-ans-des-amis-de-sceaux\/\"},\"wordCount\":765,\"commentCount\":0,\"publisher\":{\"@id\":\"https:\/\/sceaux-lagazette.fr\/#organization\"},\"image\":{\"@id\":\"https:\/\/sceaux-lagazette.fr\/index.php\/2024\/12\/13\/les-cent-ans-des-amis-de-sceaux\/#primaryimage\"},\"thumbnailUrl\":\"https:\/\/sceaux-lagazette.fr\/wp-content\/uploads\/2024\/12\/Monument-aux-morts-Sceaux.jpg\",\"articleSection\":[\"Associations\",\"Conf\u00e9rences\",\"Sceaux\"],\"inLanguage\":\"fr-FR\",\"potentialAction\":[{\"@type\":\"CommentAction\",\"name\":\"Comment\",\"target\":[\"https:\/\/sceaux-lagazette.fr\/index.php\/2024\/12\/13\/les-cent-ans-des-amis-de-sceaux\/#respond\"]}]},{\"@type\":\"WebPage\",\"@id\":\"https:\/\/sceaux-lagazette.fr\/index.php\/2024\/12\/13\/les-cent-ans-des-amis-de-sceaux\/\",\"url\":\"https:\/\/sceaux-lagazette.fr\/index.php\/2024\/12\/13\/les-cent-ans-des-amis-de-sceaux\/\",\"name\":\"Les cent ans des Amis de Sceaux - La Gazette\",\"isPartOf\":{\"@id\":\"https:\/\/sceaux-lagazette.fr\/#website\"},\"primaryImageOfPage\":{\"@id\":\"https:\/\/sceaux-lagazette.fr\/index.php\/2024\/12\/13\/les-cent-ans-des-amis-de-sceaux\/#primaryimage\"},\"image\":{\"@id\":\"https:\/\/sceaux-lagazette.fr\/index.php\/2024\/12\/13\/les-cent-ans-des-amis-de-sceaux\/#primaryimage\"},\"thumbnailUrl\":\"https:\/\/sceaux-lagazette.fr\/wp-content\/uploads\/2024\/12\/Monument-aux-morts-Sceaux.jpg\",\"datePublished\":\"2024-12-13T09:26:54+00:00\",\"dateModified\":\"2024-12-13T09:28:52+00:00\",\"breadcrumb\":{\"@id\":\"https:\/\/sceaux-lagazette.fr\/index.php\/2024\/12\/13\/les-cent-ans-des-amis-de-sceaux\/#breadcrumb\"},\"inLanguage\":\"fr-FR\",\"potentialAction\":[{\"@type\":\"ReadAction\",\"target\":[\"https:\/\/sceaux-lagazette.fr\/index.php\/2024\/12\/13\/les-cent-ans-des-amis-de-sceaux\/\"]}]},{\"@type\":\"ImageObject\",\"inLanguage\":\"fr-FR\",\"@id\":\"https:\/\/sceaux-lagazette.fr\/index.php\/2024\/12\/13\/les-cent-ans-des-amis-de-sceaux\/#primaryimage\",\"url\":\"https:\/\/sceaux-lagazette.fr\/wp-content\/uploads\/2024\/12\/Monument-aux-morts-Sceaux.jpg\",\"contentUrl\":\"https:\/\/sceaux-lagazette.fr\/wp-content\/uploads\/2024\/12\/Monument-aux-morts-Sceaux.jpg\",\"width\":1920,\"height\":1440},{\"@type\":\"BreadcrumbList\",\"@id\":\"https:\/\/sceaux-lagazette.fr\/index.php\/2024\/12\/13\/les-cent-ans-des-amis-de-sceaux\/#breadcrumb\",\"itemListElement\":[{\"@type\":\"ListItem\",\"position\":1,\"name\":\"Accueil\",\"item\":\"https:\/\/sceaux-lagazette.fr\/\"},{\"@type\":\"ListItem\",\"position\":2,\"name\":\"Les cent ans des Amis de Sceaux\"}]},{\"@type\":\"WebSite\",\"@id\":\"https:\/\/sceaux-lagazette.fr\/#website\",\"url\":\"https:\/\/sceaux-lagazette.fr\/\",\"name\":\"La Gazette\",\"description\":\"Bourg-la-Reine, Ch\u00e2tenay, Fontenay, Sceaux\",\"publisher\":{\"@id\":\"https:\/\/sceaux-lagazette.fr\/#organization\"},\"potentialAction\":[{\"@type\":\"SearchAction\",\"target\":{\"@type\":\"EntryPoint\",\"urlTemplate\":\"https:\/\/sceaux-lagazette.fr\/?s={search_term_string}\"},\"query-input\":{\"@type\":\"PropertyValueSpecification\",\"valueRequired\":true,\"valueName\":\"search_term_string\"}}],\"inLanguage\":\"fr-FR\"},{\"@type\":\"Organization\",\"@id\":\"https:\/\/sceaux-lagazette.fr\/#organization\",\"name\":\"La Gazette\",\"url\":\"https:\/\/sceaux-lagazette.fr\/\",\"logo\":{\"@type\":\"ImageObject\",\"inLanguage\":\"fr-FR\",\"@id\":\"https:\/\/sceaux-lagazette.fr\/#\/schema\/logo\/image\/\",\"url\":\"https:\/\/sceaux-lagazette.fr\/wp-content\/uploads\/2025\/08\/Logo-Gazette-Aout-2025-V3.jpg\",\"contentUrl\":\"https:\/\/sceaux-lagazette.fr\/wp-content\/uploads\/2025\/08\/Logo-Gazette-Aout-2025-V3.jpg\",\"width\":525,\"height\":130,\"caption\":\"La Gazette\"},\"image\":{\"@id\":\"https:\/\/sceaux-lagazette.fr\/#\/schema\/logo\/image\/\"}},{\"@type\":\"Person\",\"@id\":\"https:\/\/sceaux-lagazette.fr\/#\/schema\/person\/5650e206a121f68c6f5e76379bccfbc4\",\"name\":\"G\u00e9rard Bardier\",\"image\":{\"@type\":\"ImageObject\",\"inLanguage\":\"fr-FR\",\"@id\":\"https:\/\/sceaux-lagazette.fr\/#\/schema\/person\/image\/\",\"url\":\"https:\/\/secure.gravatar.com\/avatar\/5cf4391ef9dbc0367750202561279a29?s=96&r=g\",\"contentUrl\":\"https:\/\/secure.gravatar.com\/avatar\/5cf4391ef9dbc0367750202561279a29?s=96&r=g\",\"caption\":\"G\u00e9rard Bardier\"},\"url\":\"https:\/\/sceaux-lagazette.fr\/index.php\/author\/gb\/\"}]}<\/script>\n<!-- \/ Yoast SEO plugin. -->","yoast_head_json":{"title":"Les cent ans des Amis de Sceaux - La Gazette","robots":{"index":"index","follow":"follow","max-snippet":"max-snippet:-1","max-image-preview":"max-image-preview:large","max-video-preview":"max-video-preview:-1"},"canonical":"https:\/\/sceaux-lagazette.fr\/index.php\/2024\/12\/13\/les-cent-ans-des-amis-de-sceaux\/","og_locale":"fr_FR","og_type":"article","og_title":"Les cent ans des Amis de Sceaux - La Gazette","og_description":"Samedi 7 d\u00e9cembre, les Amis de Sceaux f\u00eatait leurs 100 ans. L\u2019occasion d\u2019en savoir plus sur cette soci\u00e9t\u00e9 savante. Pierre Manent a trait\u00e9 de la commune comme lieu de la recherche historique, puis Bruno Delmas des soci\u00e9t\u00e9s savantes. L\u2019histoire de l\u2019association pendant ces 100 ans a ensuite fait l\u2019objet d\u2019une&#8230;","og_url":"https:\/\/sceaux-lagazette.fr\/index.php\/2024\/12\/13\/les-cent-ans-des-amis-de-sceaux\/","og_site_name":"La Gazette","article_published_time":"2024-12-13T09:26:54+00:00","article_modified_time":"2024-12-13T09:28:52+00:00","og_image":[{"width":1920,"height":1440,"url":"https:\/\/sceaux-lagazette.fr\/wp-content\/uploads\/2024\/12\/Monument-aux-morts-Sceaux.jpg","type":"image\/jpeg"}],"author":"G\u00e9rard Bardier","twitter_card":"summary_large_image","twitter_misc":{"\u00c9crit par":"G\u00e9rard Bardier","Dur\u00e9e de lecture estim\u00e9e":"4 minutes"},"schema":{"@context":"https:\/\/schema.org","@graph":[{"@type":"Article","@id":"https:\/\/sceaux-lagazette.fr\/index.php\/2024\/12\/13\/les-cent-ans-des-amis-de-sceaux\/#article","isPartOf":{"@id":"https:\/\/sceaux-lagazette.fr\/index.php\/2024\/12\/13\/les-cent-ans-des-amis-de-sceaux\/"},"author":{"name":"G\u00e9rard Bardier","@id":"https:\/\/sceaux-lagazette.fr\/#\/schema\/person\/5650e206a121f68c6f5e76379bccfbc4"},"headline":"Les cent ans des Amis de Sceaux","datePublished":"2024-12-13T09:26:54+00:00","dateModified":"2024-12-13T09:28:52+00:00","mainEntityOfPage":{"@id":"https:\/\/sceaux-lagazette.fr\/index.php\/2024\/12\/13\/les-cent-ans-des-amis-de-sceaux\/"},"wordCount":765,"commentCount":0,"publisher":{"@id":"https:\/\/sceaux-lagazette.fr\/#organization"},"image":{"@id":"https:\/\/sceaux-lagazette.fr\/index.php\/2024\/12\/13\/les-cent-ans-des-amis-de-sceaux\/#primaryimage"},"thumbnailUrl":"https:\/\/sceaux-lagazette.fr\/wp-content\/uploads\/2024\/12\/Monument-aux-morts-Sceaux.jpg","articleSection":["Associations","Conf\u00e9rences","Sceaux"],"inLanguage":"fr-FR","potentialAction":[{"@type":"CommentAction","name":"Comment","target":["https:\/\/sceaux-lagazette.fr\/index.php\/2024\/12\/13\/les-cent-ans-des-amis-de-sceaux\/#respond"]}]},{"@type":"WebPage","@id":"https:\/\/sceaux-lagazette.fr\/index.php\/2024\/12\/13\/les-cent-ans-des-amis-de-sceaux\/","url":"https:\/\/sceaux-lagazette.fr\/index.php\/2024\/12\/13\/les-cent-ans-des-amis-de-sceaux\/","name":"Les cent ans des Amis de Sceaux - La Gazette","isPartOf":{"@id":"https:\/\/sceaux-lagazette.fr\/#website"},"primaryImageOfPage":{"@id":"https:\/\/sceaux-lagazette.fr\/index.php\/2024\/12\/13\/les-cent-ans-des-amis-de-sceaux\/#primaryimage"},"image":{"@id":"https:\/\/sceaux-lagazette.fr\/index.php\/2024\/12\/13\/les-cent-ans-des-amis-de-sceaux\/#primaryimage"},"thumbnailUrl":"https:\/\/sceaux-lagazette.fr\/wp-content\/uploads\/2024\/12\/Monument-aux-morts-Sceaux.jpg","datePublished":"2024-12-13T09:26:54+00:00","dateModified":"2024-12-13T09:28:52+00:00","breadcrumb":{"@id":"https:\/\/sceaux-lagazette.fr\/index.php\/2024\/12\/13\/les-cent-ans-des-amis-de-sceaux\/#breadcrumb"},"inLanguage":"fr-FR","potentialAction":[{"@type":"ReadAction","target":["https:\/\/sceaux-lagazette.fr\/index.php\/2024\/12\/13\/les-cent-ans-des-amis-de-sceaux\/"]}]},{"@type":"ImageObject","inLanguage":"fr-FR","@id":"https:\/\/sceaux-lagazette.fr\/index.php\/2024\/12\/13\/les-cent-ans-des-amis-de-sceaux\/#primaryimage","url":"https:\/\/sceaux-lagazette.fr\/wp-content\/uploads\/2024\/12\/Monument-aux-morts-Sceaux.jpg","contentUrl":"https:\/\/sceaux-lagazette.fr\/wp-content\/uploads\/2024\/12\/Monument-aux-morts-Sceaux.jpg","width":1920,"height":1440},{"@type":"BreadcrumbList","@id":"https:\/\/sceaux-lagazette.fr\/index.php\/2024\/12\/13\/les-cent-ans-des-amis-de-sceaux\/#breadcrumb","itemListElement":[{"@type":"ListItem","position":1,"name":"Accueil","item":"https:\/\/sceaux-lagazette.fr\/"},{"@type":"ListItem","position":2,"name":"Les cent ans des Amis de Sceaux"}]},{"@type":"WebSite","@id":"https:\/\/sceaux-lagazette.fr\/#website","url":"https:\/\/sceaux-lagazette.fr\/","name":"La Gazette","description":"Bourg-la-Reine, Ch\u00e2tenay, Fontenay, Sceaux","publisher":{"@id":"https:\/\/sceaux-lagazette.fr\/#organization"},"potentialAction":[{"@type":"SearchAction","target":{"@type":"EntryPoint","urlTemplate":"https:\/\/sceaux-lagazette.fr\/?s={search_term_string}"},"query-input":{"@type":"PropertyValueSpecification","valueRequired":true,"valueName":"search_term_string"}}],"inLanguage":"fr-FR"},{"@type":"Organization","@id":"https:\/\/sceaux-lagazette.fr\/#organization","name":"La Gazette","url":"https:\/\/sceaux-lagazette.fr\/","logo":{"@type":"ImageObject","inLanguage":"fr-FR","@id":"https:\/\/sceaux-lagazette.fr\/#\/schema\/logo\/image\/","url":"https:\/\/sceaux-lagazette.fr\/wp-content\/uploads\/2025\/08\/Logo-Gazette-Aout-2025-V3.jpg","contentUrl":"https:\/\/sceaux-lagazette.fr\/wp-content\/uploads\/2025\/08\/Logo-Gazette-Aout-2025-V3.jpg","width":525,"height":130,"caption":"La Gazette"},"image":{"@id":"https:\/\/sceaux-lagazette.fr\/#\/schema\/logo\/image\/"}},{"@type":"Person","@id":"https:\/\/sceaux-lagazette.fr\/#\/schema\/person\/5650e206a121f68c6f5e76379bccfbc4","name":"G\u00e9rard Bardier","image":{"@type":"ImageObject","inLanguage":"fr-FR","@id":"https:\/\/sceaux-lagazette.fr\/#\/schema\/person\/image\/","url":"https:\/\/secure.gravatar.com\/avatar\/5cf4391ef9dbc0367750202561279a29?s=96&r=g","contentUrl":"https:\/\/secure.gravatar.com\/avatar\/5cf4391ef9dbc0367750202561279a29?s=96&r=g","caption":"G\u00e9rard Bardier"},"url":"https:\/\/sceaux-lagazette.fr\/index.php\/author\/gb\/"}]}},"cc_featured_image_caption":{"caption_text":"Photo GB","source_text":"","source_url":""},"_links":{"self":[{"href":"https:\/\/sceaux-lagazette.fr\/index.php\/wp-json\/wp\/v2\/posts\/42356"}],"collection":[{"href":"https:\/\/sceaux-lagazette.fr\/index.php\/wp-json\/wp\/v2\/posts"}],"about":[{"href":"https:\/\/sceaux-lagazette.fr\/index.php\/wp-json\/wp\/v2\/types\/post"}],"author":[{"embeddable":true,"href":"https:\/\/sceaux-lagazette.fr\/index.php\/wp-json\/wp\/v2\/users\/11"}],"replies":[{"embeddable":true,"href":"https:\/\/sceaux-lagazette.fr\/index.php\/wp-json\/wp\/v2\/comments?post=42356"}],"version-history":[{"count":3,"href":"https:\/\/sceaux-lagazette.fr\/index.php\/wp-json\/wp\/v2\/posts\/42356\/revisions"}],"predecessor-version":[{"id":42359,"href":"https:\/\/sceaux-lagazette.fr\/index.php\/wp-json\/wp\/v2\/posts\/42356\/revisions\/42359"}],"wp:featuredmedia":[{"embeddable":true,"href":"https:\/\/sceaux-lagazette.fr\/index.php\/wp-json\/wp\/v2\/media\/42387"}],"wp:attachment":[{"href":"https:\/\/sceaux-lagazette.fr\/index.php\/wp-json\/wp\/v2\/media?parent=42356"}],"wp:term":[{"taxonomy":"category","embeddable":true,"href":"https:\/\/sceaux-lagazette.fr\/index.php\/wp-json\/wp\/v2\/categories?post=42356"},{"taxonomy":"post_tag","embeddable":true,"href":"https:\/\/sceaux-lagazette.fr\/index.php\/wp-json\/wp\/v2\/tags?post=42356"}],"curies":[{"name":"wp","href":"https:\/\/api.w.org\/{rel}","templated":true}]}}