{"id":42247,"date":"2024-12-03T09:30:21","date_gmt":"2024-12-03T08:30:21","guid":{"rendered":"https:\/\/sceaux-lagazette.fr\/?p=42247"},"modified":"2024-12-11T10:57:30","modified_gmt":"2024-12-11T09:57:30","slug":"les-grappes-de-lumieres-de-la-maison-dar-dar","status":"publish","type":"post","link":"https:\/\/sceaux-lagazette.fr\/index.php\/2024\/12\/03\/les-grappes-de-lumieres-de-la-maison-dar-dar\/","title":{"rendered":"Des grappes de lumi\u00e8res venues de Syrie"},"content":{"rendered":"\n<p>Lors d\u2019une soir\u00e9e chez des amis d\u2019amis, tandis que la conversation glissait sur la politique, je fus frapp\u00e9 par un luminaire qui envoyait sur le salon un \u00e9clairage \u00e9trange. C\u2019\u00e9tait une sorte de grappe de raisin faite de grains de verre aux teintes jamais pareilles. Je me demandais o\u00f9 les h\u00f4tes avaient bien pu l\u2019acheter. A Sceaux&nbsp;? A la Vache noire&nbsp;?<\/p>\n\n\n\n<p>\u00ab\u00a0<em>Eh bien non, je l\u2019ai trouv\u00e9 \u00e0 Paris dans une boutique, rue Mabillon\u00a0<\/em>\u00bb me dit la ma\u00eetresse de maison dans la cuisine (refuge id\u00e9al pour fuir une conversation de table) o\u00f9 je l\u2019aidais \u00e0 disposer les fromages. \u00ab\u00a0<em>C\u2019est \u00e0 une trentaine de minutes, pas plus, du RER Robinson. Tu descends \u00e0 Luxembourg, tu traverses le jardin et tu y es quasiment.<\/em>\u00a0\u00bb Au 18, <a href=\"https:\/\/sandraserraf.fr\/collections\/luminaire\" target=\"_blank\" rel=\"noreferrer noopener\">Sandra Serraf <\/a>vend (parmi bien d\u2019autres propositions) des pi\u00e8ces d&rsquo;art d\u00e9coratif s\u00e9lectionn\u00e9es avec un regard de styliste. Du beau, venu du monde entier.<\/p>\n\n\n\n<h2 class=\"wp-block-heading\">L\u2019atelier, rue Ernestine &nbsp;<\/h2>\n\n\n\n<p>Internet aidant, le luminaire fascinant appara\u00eet bient\u00f4t d\u2019origine syrienne\u2026 et de fabrication artisanale comme le montraient ses (trop belles) irr\u00e9gularit\u00e9s. Pas surpris de le savoir unique. En appuyant un peu plus sur la p\u00e9dale web, c\u2019est le fabricant qui appara\u00eet, <em>La maison Dar dar<\/em>, dont l\u2019atelier est au 25 rue Ernestine dans le XVIIIe arrondissement. Pourquoi cette prospection, cette fixation&nbsp;? Pour retrouver si possible ce bleu magnifique, un bleu Klein, que j\u2019avais vu chez ces amis.<\/p>\n\n\n<div class=\"wp-block-image\">\n<figure class=\"alignright size-full is-resized\"><img decoding=\"async\" width=\"720\" height=\"720\" src=\"https:\/\/sceaux-lagazette.fr\/wp-content\/uploads\/2024\/11\/Artisanat-syrien-5-e1732994282747.jpg\" alt=\"\" class=\"wp-image-42253\" style=\"width:349px;height:auto\" srcset=\"https:\/\/sceaux-lagazette.fr\/wp-content\/uploads\/2024\/11\/Artisanat-syrien-5-e1732994282747.jpg 720w, https:\/\/sceaux-lagazette.fr\/wp-content\/uploads\/2024\/11\/Artisanat-syrien-5-e1732994282747-300x300.jpg 300w, https:\/\/sceaux-lagazette.fr\/wp-content\/uploads\/2024\/11\/Artisanat-syrien-5-e1732994282747-150x150.jpg 150w\" sizes=\"(max-width: 720px) 100vw, 720px\" \/><\/figure><\/div>\n\n\n<p>L\u2019atelier est dans une boutique. On y trouve mille choses, dont beaucoup en attente d\u2019exp\u00e9dition. Des boules de verre \u00e0 suspendre, des vases o\u00f9 poser des parfums, des verres \u00e0 boire d\u2019une facture datant des Romains. Des colorations ambr\u00e9es comme des bouteilles de sirop (je comprendrai que ce n\u2019est pas un hasard, les verres sont de r\u00e9cup\u00e9ration). L\u00e0, juste \u00e0 c\u00f4t\u00e9, une grappe turquoise, petite, massive faite de gouttes bien ramass\u00e9es. Les gouttes sont les \u00ab&nbsp;grains de raisin&nbsp;\u00bb. Une autre, rose p\u00e2le, aux gouttes tremp\u00e9es dans la couleur. On les imagine au centre d\u2019une table de f\u00eate, ou bien en suspension comme un lustre, en \u00e9clairage d\u2019ambiance ou sur une \u00e9tag\u00e8re comme une sculpture.<\/p>\n\n\n\n<p>Face \u00e0 la porte, assis sur un tabouret, un d\u00e9but de grappe entre les cuisses, Youssef (il se pr\u00e9sente ainsi) entrelace de longs fils de m\u00e9tal dans les accroches de verre qui terminent les gouttes. Il construit peu \u00e0 peu une grappe et on comprend que la structure m\u00e9tallique doit \u00eatre solide et savamment organis\u00e9e. Les gouttes sont nombreuses. Youssef les sort une \u00e0 une d\u2019une caisse o\u00f9 elles ont \u00e9t\u00e9 tri\u00e9es et pr\u00e9par\u00e9es pour obtenir le cama\u00efeu souhait\u00e9. Toutes les gouttes sont semblables et pourtant diff\u00e9rentes, c\u2019est le \u00ab&nbsp;d\u00e9faut&nbsp;\u00bb magique de l\u2019artisanat. Fabriqu\u00e9es en Syrie, elles sont assembl\u00e9es en France.<\/p>\n\n\n\n<h2 class=\"wp-block-heading\">La passion de la Syrie<\/h2>\n\n\n\n<p>Catherine Darnois a fond\u00e9 l\u2019atelier voil\u00e0 plus de vingt ans. Elle d\u00e9couvre la Syrie dans les ann\u00e9es 1990 \u00e0 travers un voyage touristique aussi banal qu\u2019improvis\u00e9&nbsp;: Damas, Palmyre, Alep\u2026 &nbsp;Tr\u00e8s standard, cela aurait pu se r\u00e9sumer \u00e0 des photographies dans un album. Mais elle y retourne, apprend l\u2019arabe aux Langues O, remarque des savoir-faire qui la s\u00e9duisent. Elle voudra les faire conna\u00eetre. Elle commence \u00e0 en faire commerce, se lie avec des ateliers. Le temps travaille et se nouent peu \u00e0 peu des sortes de partenariat. Elle conna\u00eet ses artisans par c\u0153ur et r\u00e9ciproquement. Le respect et l\u2019amiti\u00e9 surmontent bien des obstacles. Quand la guerre civile \u00e9clate, en 2011, les \u00e9changes deviennent extr\u00eamement difficiles. Pas impossibles, apparemment, elle continue de s\u2019y rendre.<\/p>\n\n\n\n<p>Plus exactement, elle s\u2019y rendait jusque tr\u00e8s r\u00e9cemment, avant le d\u00e9but de la guerre entre Isra\u00ebl et le Hezbollah avec les bombardements sur Beyrouth sud et dans la Bekaa. Mais en juin dernier, elle \u00e9tait encore \u00e0 Damas. Comment s\u2019y prend-elle donc&nbsp;?<\/p>\n\n\n\n<h2 class=\"wp-block-heading\">Beyrouth Damas par la route<\/h2>\n\n\n\n<p>\u00ab&nbsp;<em>Pour moi, ce n\u2019est pas compliqu\u00e9 d\u2019aller \u00e0 Damas. M\u00eame depuis 2011.&nbsp;<\/em>\u00bb Elle ne peut plus atterrir \u00e0 Damas&nbsp;? Elle atterrit \u00e0 Beyrouth&nbsp;! A l\u2019\u00e9couter, tout semble facile. Je m\u2019\u00e9tonne. \u00ab&nbsp;<em>Une habitude \u00e0 prendre&nbsp;<\/em>\u00bb, r\u00e9pond-elle tr\u00e8s naturellement. \u00ab<em>&nbsp;Damas n\u2019a pas \u00e9t\u00e9 touch\u00e9e par les bombardements.<\/em>&nbsp;\u00bb Vu comme \u00e7a.<\/p>\n\n\n\n<p>L\u2019a\u00e9roport de Beyrouth est dans la ville, au sud-ouest, accol\u00e9 au quartier chiite. Il donne sur la mer, un peu comme \u00e0 Nice. Bon, et ensuite&nbsp;? Elle prend un taxi, toujours le m\u00eame, elle conna\u00eet le chauffeur depuis des lustres. Que voit-elle par la fen\u00eatre de la voiture&nbsp;? Quand on sort de la ville, on monte bient\u00f4t dans les montagnes du Liban. Les routes serpentent. Puis on descend dans la plaine de la Bekaa avec des champs, des cultures, des constructions modestes, \u00ab&nbsp;au carr\u00e9&nbsp;\u00bb pr\u00e9cise-t-elle, en parpaings, pas vraiment de villages comme on en voit en France. Puis c\u2019est la montagne \u00e0 nouveau, celle dite de l\u2019Anti-Liban. Elle arrive \u00e0 Masnaa, tout en haut, le poste fronti\u00e8re entre la Syrie et le Liban.<\/p>\n\n\n\n<p>La distance qui s\u00e9pare les deux capitales est fixe, 130 km, mais le temps pour la parcourir est impr\u00e9visible. Comment r\u00e9agirent les checkpoints&nbsp;? Ceux de l\u2019arm\u00e9e libanaise, des arm\u00e9es de Syrie, de la douane, du poste-fronti\u00e8re pour la v\u00e9rification du visa, celle de la voiture\u2026 et tout le reste, les bakchichs \u00ab&nbsp;invisibles&nbsp;\u00bb qu\u2019il faut visiblement verser (tout le monde y passe).<\/p>\n\n\n\n<p>En Syrie, c\u2019est encore un paysage verdoyant de montagne, de cultures, il y neige en hiver, il y fait bon l\u2019\u00e9t\u00e9, on y vient du Golfe pour y prendre le frais. On descend vers Damas, on devine plus qu\u2019on les voit de la route des h\u00f4tels et des villas cossues, \u00ab&nbsp;plut\u00f4t kitchs&nbsp;\u00bb.<\/p>\n\n\n\n<p>Des collines succ\u00e8dent \u00e0 des plaines et Damas est sur un plateau. Elle y arrive par l\u2019ouest le long d\u2019une large avenue qui traverse un quartier d&rsquo;ambassades, Mazzeh. Un centre culturel, des facult\u00e9s, plus loin l\u2019op\u00e9ra et la biblioth\u00e8que nationale sur la place des Omeyyades, r\u00e9f\u00e9rence \u00e0 la dynastie m\u00e9di\u00e9vale qui r\u00e9gna depuis Damas sur l&rsquo;Empire musulman. \u00ab&nbsp;<em>Il y a un haut monument qui repr\u00e9sente une \u00e9p\u00e9e<\/em>&nbsp;\u00bb, dit-elle en montrant une photo sur son smartphone. D\u2019une inspiration contemporaine, il date des ann\u00e9es 1960 quand se tint \u00e0 Damas une foire internationale. Il est \u00e0 l\u2019int\u00e9rieur tout color\u00e9 des drapeaux des pays qui y particip\u00e8rent.<\/p>\n\n\n\n<h2 class=\"wp-block-heading\">En v\u00e9lo dans Damas<\/h2>\n\n\n\n<p>Elle circule \u00e0 Damas visiblement sans crainte. Elle aime la ville et \u00ab&nbsp;<em>si on a de l\u2019argent, pas forc\u00e9ment beaucoup, la vie y est facile.&nbsp;<\/em>\u00bb Elle y rencontre ses souffleurs de verre, v\u00e9rifie ses commandes, en passe de nouvelles, regarde ce qu\u2019ils peuvent produire&#8230; vu la situation du pays. Il en reste tr\u00e8s peu pour tr\u00e8s peu d\u2019ateliers. Ils sont situ\u00e9s dans le centre dans la banlieue. Pas toute la banlieue, car <em>\u00ab&nbsp;une partie a \u00e9t\u00e9 largement d\u00e9truite en 2014-2015 par les arm\u00e9es de Bachar El Assad. Et ce qui a \u00e9t\u00e9 d\u00e9moli n\u2019a pas \u00e9t\u00e9 reconstruit. L\u2019\u00c9tat syrien ne reb\u00e2tit rien<\/em>.&nbsp;\u00bb<\/p>\n\n\n\n<p>Et puis, il faut \u00eatre jeune pour souffler les gouttes avec la canne de verrier. Il faut aller vite. Les plus \u00e2g\u00e9s, plus lents, soufflent des objets plus sophistiqu\u00e9s, mais difficiles \u00e0 vendre. Autrefois, une client\u00e8le de passage, des touristes, les achetait. Aujourd\u2019hui, c\u2019est fini. Elle travaille principalement avec deux ateliers et, pour tout dire, elle y va \u00e0 v\u00e9lo&nbsp;!<\/p>\n\n\n\n<p>Autrefois, \u00e0 Alep, elle achetait des tissus et des foulards de soie l\u00e9g\u00e8re imprim\u00e9s avec des tampons de bois. En 2012, tout s\u2019est arr\u00eat\u00e9. Il n\u2019y avait plus de transport pour s\u2019y rendre et les gens s\u2019\u00e9taient enfuis. \u00ab&nbsp;<em>J\u2019y suis retourn\u00e9e en 2019. La ville est \u00e0 moiti\u00e9 d\u00e9truite. La ligne de front passait par le milieu.&nbsp;<\/em>\u00bb<a href=\"#_ftn1\" id=\"_ftnref1\">[1]<\/a> Il lui reste encore quelques rares textiles qui en proviennent, de ces belles et increvables nappes qui font la r\u00e9putation des tables syriennes.<\/p>\n\n\n\n<h2 class=\"wp-block-heading\">La seule occidentale<\/h2>\n\n\n\n<p>De ce pays qu\u2019elle aime et dont l\u2019\u00e9tat la fait souffrir, elle cherche souvent \u00e0 rappeler les grandeurs. Celle de ces femmes qui r\u00e9alisaient des tentures ou des nappes \u00e0 partir de patchworks de tissus dans des village sur les bords de l\u2019Euphrate. Celle de la d\u00e9couverte bien avant J\u00e9sus-Christ qu\u2019on peut \u00e9tirer le verre et cr\u00e9er des objets en soufflant dans une canne. Elle veut rendre \u00e0 Damas, ce qui est \u00e0 Damas et \u00e0 Murano ce qui est \u00e0 Murano. Ce sont les Romains qui r\u00e9pandirent autour de la M\u00e9diterran\u00e9e la technique du soufflage venue de la r\u00e9gion de Damas, l\u2019oasis entour\u00e9e de sable, cette mati\u00e8re premi\u00e8re du verre. \u00ab&nbsp;<em>Ce qui donnera Murano bien plus tard. Et non, l\u2019inverse&nbsp;!<\/em> <em>Il ne faut pas se tromper de sens&nbsp;<\/em>\u00bb insiste-t-elle avec un s\u00e9rieux m\u00eal\u00e9 d\u2019humour.<\/p>\n\n\n\n<p>Du coup, son propre commerce prend place dans une tradition mill\u00e9naire&nbsp;! Ses verres partent de Lattaqui\u00e9 comme jadis et s\u2019ils sont charg\u00e9s en conteneur par CGA CGM, l\u2019armateur \u00ab&nbsp;globalis\u00e9&nbsp;\u00bb, le transport jusqu\u2019au Havre emprunte sans doute des routes maritimes bien connues des anciens. Seul le d\u00e9douanement de la marchandise, syrienne de surcro\u00eet, doit suivre une imagination toute contemporaine.<\/p>\n\n\n\n<p>Le parall\u00e8le malicieux s\u2019arr\u00eate l\u00e0. On n\u2019est pas dans les grands \u00e9changes. \u00ab&nbsp;<em>Je suis maintenant la seule occidentale \u00e0 aller en Syrie faire travailler des souffleurs.<\/em>&nbsp;\u00bb On rel\u00e8vera en tout cas que, tandis qu\u2019on s&rsquo;entred\u00e9chire, des artisans l\u00e0-bas font na\u00eetre des formes venues des entrailles du pays. Catherine Darnois nous les rapporte avec une insouciance \u00e9bouriffante gr\u00e2ce \u00e0 laquelle on voit dans nos maisons un art imm\u00e9morial qui ne doit rien aux machines, mais aux mains et aux poumons de survivants d\u2019une guerre civile \u00e9pouvantable.<\/p>\n\n\n\n<figure class=\"wp-block-gallery has-nested-images columns-default is-cropped wp-block-gallery-1 is-layout-flex wp-block-gallery-is-layout-flex\">\n<figure class=\"wp-block-image size-large\"><img decoding=\"async\" width=\"960\" height=\"720\" data-id=\"42254\" src=\"https:\/\/sceaux-lagazette.fr\/wp-content\/uploads\/2024\/11\/Artisanat-syrien-1.jpg\" alt=\"\" class=\"wp-image-42254\" srcset=\"https:\/\/sceaux-lagazette.fr\/wp-content\/uploads\/2024\/11\/Artisanat-syrien-1.jpg 960w, https:\/\/sceaux-lagazette.fr\/wp-content\/uploads\/2024\/11\/Artisanat-syrien-1-300x225.jpg 300w, https:\/\/sceaux-lagazette.fr\/wp-content\/uploads\/2024\/11\/Artisanat-syrien-1-768x576.jpg 768w\" sizes=\"(max-width: 960px) 100vw, 960px\" \/><\/figure>\n\n\n\n<figure class=\"wp-block-image size-large\"><img decoding=\"async\" width=\"960\" height=\"720\" data-id=\"42256\" src=\"https:\/\/sceaux-lagazette.fr\/wp-content\/uploads\/2024\/11\/Artisanat-syrien-2.jpg\" alt=\"\" class=\"wp-image-42256\" srcset=\"https:\/\/sceaux-lagazette.fr\/wp-content\/uploads\/2024\/11\/Artisanat-syrien-2.jpg 960w, https:\/\/sceaux-lagazette.fr\/wp-content\/uploads\/2024\/11\/Artisanat-syrien-2-300x225.jpg 300w, https:\/\/sceaux-lagazette.fr\/wp-content\/uploads\/2024\/11\/Artisanat-syrien-2-768x576.jpg 768w\" sizes=\"(max-width: 960px) 100vw, 960px\" \/><\/figure>\n\n\n\n<figure class=\"wp-block-image size-large\"><img decoding=\"async\" width=\"960\" height=\"720\" data-id=\"42257\" src=\"https:\/\/sceaux-lagazette.fr\/wp-content\/uploads\/2024\/11\/Artisanat-syrien-4.jpg\" alt=\"\" class=\"wp-image-42257\" srcset=\"https:\/\/sceaux-lagazette.fr\/wp-content\/uploads\/2024\/11\/Artisanat-syrien-4.jpg 960w, https:\/\/sceaux-lagazette.fr\/wp-content\/uploads\/2024\/11\/Artisanat-syrien-4-300x225.jpg 300w, https:\/\/sceaux-lagazette.fr\/wp-content\/uploads\/2024\/11\/Artisanat-syrien-4-768x576.jpg 768w\" sizes=\"(max-width: 960px) 100vw, 960px\" \/><\/figure>\n\n\n\n<figure class=\"wp-block-image size-large\"><img decoding=\"async\" width=\"960\" height=\"720\" data-id=\"42255\" src=\"https:\/\/sceaux-lagazette.fr\/wp-content\/uploads\/2024\/11\/Artisanat-syrien-6.jpg\" alt=\"\" class=\"wp-image-42255\" srcset=\"https:\/\/sceaux-lagazette.fr\/wp-content\/uploads\/2024\/11\/Artisanat-syrien-6.jpg 960w, https:\/\/sceaux-lagazette.fr\/wp-content\/uploads\/2024\/11\/Artisanat-syrien-6-300x225.jpg 300w, https:\/\/sceaux-lagazette.fr\/wp-content\/uploads\/2024\/11\/Artisanat-syrien-6-768x576.jpg 768w\" sizes=\"(max-width: 960px) 100vw, 960px\" \/><figcaption class=\"wp-element-caption\">Des gouttes aux grappes<\/figcaption><\/figure>\n<\/figure>\n\n\n\n<hr class=\"wp-block-separator has-alpha-channel-opacity\"\/>\n\n\n\n<p><a href=\"#_ftnref1\" id=\"_ftn1\">[1]<\/a> Depuis l\u2019entretien, la ville conna\u00eet de nouveaux d\u00e9sastres.<\/p>\n\n\n\n<p><\/p>\n","protected":false},"excerpt":{"rendered":"<p>Lors d\u2019une soir\u00e9e chez des amis d\u2019amis, tandis que la conversation glissait sur la politique, je fus frapp\u00e9 par un luminaire qui envoyait sur le salon un \u00e9clairage \u00e9trange. C\u2019\u00e9tait une sorte de grappe de raisin faite de grains de verre aux teintes jamais pareilles. Je me demandais o\u00f9 les&#8230;<\/p>\n","protected":false},"author":6,"featured_media":42248,"comment_status":"open","ping_status":"open","sticky":false,"template":"","format":"standard","meta":{"om_disable_all_campaigns":false,"_monsterinsights_skip_tracking":false,"_monsterinsights_sitenote_active":false,"_monsterinsights_sitenote_note":"","_monsterinsights_sitenote_category":0,"_uf_show_specific_survey":0,"_uf_disable_surveys":false,"footnotes":""},"categories":[59],"tags":[],"class_list":["post-42247","post","type-post","status-publish","format-standard","has-post-thumbnail","hentry","category-portraits","entry","simple"],"yoast_head":"<!-- This site is optimized with the Yoast SEO plugin v25.6 - https:\/\/yoast.com\/wordpress\/plugins\/seo\/ -->\n<title>Des grappes de lumi\u00e8res venues de Syrie - La Gazette<\/title>\n<meta name=\"robots\" content=\"index, follow, max-snippet:-1, max-image-preview:large, max-video-preview:-1\" \/>\n<link rel=\"canonical\" href=\"https:\/\/sceaux-lagazette.fr\/index.php\/2024\/12\/03\/les-grappes-de-lumieres-de-la-maison-dar-dar\/\" \/>\n<meta property=\"og:locale\" content=\"fr_FR\" \/>\n<meta property=\"og:type\" content=\"article\" \/>\n<meta property=\"og:title\" content=\"Des grappes de lumi\u00e8res venues de Syrie - La Gazette\" \/>\n<meta property=\"og:description\" content=\"Lors d\u2019une soir\u00e9e chez des amis d\u2019amis, tandis que la conversation glissait sur la politique, je fus frapp\u00e9 par un luminaire qui envoyait sur le salon un \u00e9clairage \u00e9trange. C\u2019\u00e9tait une sorte de grappe de raisin faite de grains de verre aux teintes jamais pareilles. Je me demandais o\u00f9 les&#8230;\" \/>\n<meta property=\"og:url\" content=\"https:\/\/sceaux-lagazette.fr\/index.php\/2024\/12\/03\/les-grappes-de-lumieres-de-la-maison-dar-dar\/\" \/>\n<meta property=\"og:site_name\" content=\"La Gazette\" \/>\n<meta property=\"article:published_time\" content=\"2024-12-03T08:30:21+00:00\" \/>\n<meta property=\"article:modified_time\" content=\"2024-12-11T09:57:30+00:00\" \/>\n<meta property=\"og:image\" content=\"https:\/\/sceaux-lagazette.fr\/wp-content\/uploads\/2024\/11\/Artisanat-syrien-3.jpg\" \/>\n\t<meta property=\"og:image:width\" content=\"960\" \/>\n\t<meta property=\"og:image:height\" content=\"720\" \/>\n\t<meta property=\"og:image:type\" content=\"image\/jpeg\" \/>\n<meta name=\"author\" content=\"Maurice Zytnicki\" \/>\n<meta name=\"twitter:card\" content=\"summary_large_image\" \/>\n<meta name=\"twitter:label1\" content=\"\u00c9crit par\" \/>\n\t<meta name=\"twitter:data1\" content=\"Maurice Zytnicki\" \/>\n\t<meta name=\"twitter:label2\" content=\"Dur\u00e9e de lecture estim\u00e9e\" \/>\n\t<meta name=\"twitter:data2\" content=\"10 minutes\" \/>\n<script type=\"application\/ld+json\" class=\"yoast-schema-graph\">{\"@context\":\"https:\/\/schema.org\",\"@graph\":[{\"@type\":\"Article\",\"@id\":\"https:\/\/sceaux-lagazette.fr\/index.php\/2024\/12\/03\/les-grappes-de-lumieres-de-la-maison-dar-dar\/#article\",\"isPartOf\":{\"@id\":\"https:\/\/sceaux-lagazette.fr\/index.php\/2024\/12\/03\/les-grappes-de-lumieres-de-la-maison-dar-dar\/\"},\"author\":{\"name\":\"Maurice Zytnicki\",\"@id\":\"https:\/\/sceaux-lagazette.fr\/#\/schema\/person\/060ab8fc058c4220d9079707a58da9f1\"},\"headline\":\"Des grappes de lumi\u00e8res venues de Syrie\",\"datePublished\":\"2024-12-03T08:30:21+00:00\",\"dateModified\":\"2024-12-11T09:57:30+00:00\",\"mainEntityOfPage\":{\"@id\":\"https:\/\/sceaux-lagazette.fr\/index.php\/2024\/12\/03\/les-grappes-de-lumieres-de-la-maison-dar-dar\/\"},\"wordCount\":1758,\"commentCount\":0,\"publisher\":{\"@id\":\"https:\/\/sceaux-lagazette.fr\/#organization\"},\"image\":{\"@id\":\"https:\/\/sceaux-lagazette.fr\/index.php\/2024\/12\/03\/les-grappes-de-lumieres-de-la-maison-dar-dar\/#primaryimage\"},\"thumbnailUrl\":\"https:\/\/sceaux-lagazette.fr\/wp-content\/uploads\/2024\/11\/Artisanat-syrien-3.jpg\",\"articleSection\":[\"Portraits\"],\"inLanguage\":\"fr-FR\",\"potentialAction\":[{\"@type\":\"CommentAction\",\"name\":\"Comment\",\"target\":[\"https:\/\/sceaux-lagazette.fr\/index.php\/2024\/12\/03\/les-grappes-de-lumieres-de-la-maison-dar-dar\/#respond\"]}]},{\"@type\":\"WebPage\",\"@id\":\"https:\/\/sceaux-lagazette.fr\/index.php\/2024\/12\/03\/les-grappes-de-lumieres-de-la-maison-dar-dar\/\",\"url\":\"https:\/\/sceaux-lagazette.fr\/index.php\/2024\/12\/03\/les-grappes-de-lumieres-de-la-maison-dar-dar\/\",\"name\":\"Des grappes de lumi\u00e8res venues de Syrie - La Gazette\",\"isPartOf\":{\"@id\":\"https:\/\/sceaux-lagazette.fr\/#website\"},\"primaryImageOfPage\":{\"@id\":\"https:\/\/sceaux-lagazette.fr\/index.php\/2024\/12\/03\/les-grappes-de-lumieres-de-la-maison-dar-dar\/#primaryimage\"},\"image\":{\"@id\":\"https:\/\/sceaux-lagazette.fr\/index.php\/2024\/12\/03\/les-grappes-de-lumieres-de-la-maison-dar-dar\/#primaryimage\"},\"thumbnailUrl\":\"https:\/\/sceaux-lagazette.fr\/wp-content\/uploads\/2024\/11\/Artisanat-syrien-3.jpg\",\"datePublished\":\"2024-12-03T08:30:21+00:00\",\"dateModified\":\"2024-12-11T09:57:30+00:00\",\"breadcrumb\":{\"@id\":\"https:\/\/sceaux-lagazette.fr\/index.php\/2024\/12\/03\/les-grappes-de-lumieres-de-la-maison-dar-dar\/#breadcrumb\"},\"inLanguage\":\"fr-FR\",\"potentialAction\":[{\"@type\":\"ReadAction\",\"target\":[\"https:\/\/sceaux-lagazette.fr\/index.php\/2024\/12\/03\/les-grappes-de-lumieres-de-la-maison-dar-dar\/\"]}]},{\"@type\":\"ImageObject\",\"inLanguage\":\"fr-FR\",\"@id\":\"https:\/\/sceaux-lagazette.fr\/index.php\/2024\/12\/03\/les-grappes-de-lumieres-de-la-maison-dar-dar\/#primaryimage\",\"url\":\"https:\/\/sceaux-lagazette.fr\/wp-content\/uploads\/2024\/11\/Artisanat-syrien-3.jpg\",\"contentUrl\":\"https:\/\/sceaux-lagazette.fr\/wp-content\/uploads\/2024\/11\/Artisanat-syrien-3.jpg\",\"width\":960,\"height\":720},{\"@type\":\"BreadcrumbList\",\"@id\":\"https:\/\/sceaux-lagazette.fr\/index.php\/2024\/12\/03\/les-grappes-de-lumieres-de-la-maison-dar-dar\/#breadcrumb\",\"itemListElement\":[{\"@type\":\"ListItem\",\"position\":1,\"name\":\"Accueil\",\"item\":\"https:\/\/sceaux-lagazette.fr\/\"},{\"@type\":\"ListItem\",\"position\":2,\"name\":\"Des grappes de lumi\u00e8res venues de Syrie\"}]},{\"@type\":\"WebSite\",\"@id\":\"https:\/\/sceaux-lagazette.fr\/#website\",\"url\":\"https:\/\/sceaux-lagazette.fr\/\",\"name\":\"La Gazette\",\"description\":\"Bourg-la-Reine, Ch\u00e2tenay, Fontenay, Sceaux\",\"publisher\":{\"@id\":\"https:\/\/sceaux-lagazette.fr\/#organization\"},\"potentialAction\":[{\"@type\":\"SearchAction\",\"target\":{\"@type\":\"EntryPoint\",\"urlTemplate\":\"https:\/\/sceaux-lagazette.fr\/?s={search_term_string}\"},\"query-input\":{\"@type\":\"PropertyValueSpecification\",\"valueRequired\":true,\"valueName\":\"search_term_string\"}}],\"inLanguage\":\"fr-FR\"},{\"@type\":\"Organization\",\"@id\":\"https:\/\/sceaux-lagazette.fr\/#organization\",\"name\":\"La Gazette\",\"url\":\"https:\/\/sceaux-lagazette.fr\/\",\"logo\":{\"@type\":\"ImageObject\",\"inLanguage\":\"fr-FR\",\"@id\":\"https:\/\/sceaux-lagazette.fr\/#\/schema\/logo\/image\/\",\"url\":\"https:\/\/sceaux-lagazette.fr\/wp-content\/uploads\/2025\/08\/Logo-Gazette-Aout-2025-V3.jpg\",\"contentUrl\":\"https:\/\/sceaux-lagazette.fr\/wp-content\/uploads\/2025\/08\/Logo-Gazette-Aout-2025-V3.jpg\",\"width\":525,\"height\":130,\"caption\":\"La Gazette\"},\"image\":{\"@id\":\"https:\/\/sceaux-lagazette.fr\/#\/schema\/logo\/image\/\"}},{\"@type\":\"Person\",\"@id\":\"https:\/\/sceaux-lagazette.fr\/#\/schema\/person\/060ab8fc058c4220d9079707a58da9f1\",\"name\":\"Maurice Zytnicki\",\"image\":{\"@type\":\"ImageObject\",\"inLanguage\":\"fr-FR\",\"@id\":\"https:\/\/sceaux-lagazette.fr\/#\/schema\/person\/image\/\",\"url\":\"https:\/\/secure.gravatar.com\/avatar\/d94d30d6fa0e9cb7af48a89366fc0cdb?s=96&r=g\",\"contentUrl\":\"https:\/\/secure.gravatar.com\/avatar\/d94d30d6fa0e9cb7af48a89366fc0cdb?s=96&r=g\",\"caption\":\"Maurice Zytnicki\"},\"url\":\"https:\/\/sceaux-lagazette.fr\/index.php\/author\/maurice\/\"}]}<\/script>\n<!-- \/ Yoast SEO plugin. -->","yoast_head_json":{"title":"Des grappes de lumi\u00e8res venues de Syrie - La Gazette","robots":{"index":"index","follow":"follow","max-snippet":"max-snippet:-1","max-image-preview":"max-image-preview:large","max-video-preview":"max-video-preview:-1"},"canonical":"https:\/\/sceaux-lagazette.fr\/index.php\/2024\/12\/03\/les-grappes-de-lumieres-de-la-maison-dar-dar\/","og_locale":"fr_FR","og_type":"article","og_title":"Des grappes de lumi\u00e8res venues de Syrie - La Gazette","og_description":"Lors d\u2019une soir\u00e9e chez des amis d\u2019amis, tandis que la conversation glissait sur la politique, je fus frapp\u00e9 par un luminaire qui envoyait sur le salon un \u00e9clairage \u00e9trange. C\u2019\u00e9tait une sorte de grappe de raisin faite de grains de verre aux teintes jamais pareilles. Je me demandais o\u00f9 les&#8230;","og_url":"https:\/\/sceaux-lagazette.fr\/index.php\/2024\/12\/03\/les-grappes-de-lumieres-de-la-maison-dar-dar\/","og_site_name":"La Gazette","article_published_time":"2024-12-03T08:30:21+00:00","article_modified_time":"2024-12-11T09:57:30+00:00","og_image":[{"width":960,"height":720,"url":"https:\/\/sceaux-lagazette.fr\/wp-content\/uploads\/2024\/11\/Artisanat-syrien-3.jpg","type":"image\/jpeg"}],"author":"Maurice Zytnicki","twitter_card":"summary_large_image","twitter_misc":{"\u00c9crit par":"Maurice Zytnicki","Dur\u00e9e de lecture estim\u00e9e":"10 minutes"},"schema":{"@context":"https:\/\/schema.org","@graph":[{"@type":"Article","@id":"https:\/\/sceaux-lagazette.fr\/index.php\/2024\/12\/03\/les-grappes-de-lumieres-de-la-maison-dar-dar\/#article","isPartOf":{"@id":"https:\/\/sceaux-lagazette.fr\/index.php\/2024\/12\/03\/les-grappes-de-lumieres-de-la-maison-dar-dar\/"},"author":{"name":"Maurice Zytnicki","@id":"https:\/\/sceaux-lagazette.fr\/#\/schema\/person\/060ab8fc058c4220d9079707a58da9f1"},"headline":"Des grappes de lumi\u00e8res venues de Syrie","datePublished":"2024-12-03T08:30:21+00:00","dateModified":"2024-12-11T09:57:30+00:00","mainEntityOfPage":{"@id":"https:\/\/sceaux-lagazette.fr\/index.php\/2024\/12\/03\/les-grappes-de-lumieres-de-la-maison-dar-dar\/"},"wordCount":1758,"commentCount":0,"publisher":{"@id":"https:\/\/sceaux-lagazette.fr\/#organization"},"image":{"@id":"https:\/\/sceaux-lagazette.fr\/index.php\/2024\/12\/03\/les-grappes-de-lumieres-de-la-maison-dar-dar\/#primaryimage"},"thumbnailUrl":"https:\/\/sceaux-lagazette.fr\/wp-content\/uploads\/2024\/11\/Artisanat-syrien-3.jpg","articleSection":["Portraits"],"inLanguage":"fr-FR","potentialAction":[{"@type":"CommentAction","name":"Comment","target":["https:\/\/sceaux-lagazette.fr\/index.php\/2024\/12\/03\/les-grappes-de-lumieres-de-la-maison-dar-dar\/#respond"]}]},{"@type":"WebPage","@id":"https:\/\/sceaux-lagazette.fr\/index.php\/2024\/12\/03\/les-grappes-de-lumieres-de-la-maison-dar-dar\/","url":"https:\/\/sceaux-lagazette.fr\/index.php\/2024\/12\/03\/les-grappes-de-lumieres-de-la-maison-dar-dar\/","name":"Des grappes de lumi\u00e8res venues de Syrie - La Gazette","isPartOf":{"@id":"https:\/\/sceaux-lagazette.fr\/#website"},"primaryImageOfPage":{"@id":"https:\/\/sceaux-lagazette.fr\/index.php\/2024\/12\/03\/les-grappes-de-lumieres-de-la-maison-dar-dar\/#primaryimage"},"image":{"@id":"https:\/\/sceaux-lagazette.fr\/index.php\/2024\/12\/03\/les-grappes-de-lumieres-de-la-maison-dar-dar\/#primaryimage"},"thumbnailUrl":"https:\/\/sceaux-lagazette.fr\/wp-content\/uploads\/2024\/11\/Artisanat-syrien-3.jpg","datePublished":"2024-12-03T08:30:21+00:00","dateModified":"2024-12-11T09:57:30+00:00","breadcrumb":{"@id":"https:\/\/sceaux-lagazette.fr\/index.php\/2024\/12\/03\/les-grappes-de-lumieres-de-la-maison-dar-dar\/#breadcrumb"},"inLanguage":"fr-FR","potentialAction":[{"@type":"ReadAction","target":["https:\/\/sceaux-lagazette.fr\/index.php\/2024\/12\/03\/les-grappes-de-lumieres-de-la-maison-dar-dar\/"]}]},{"@type":"ImageObject","inLanguage":"fr-FR","@id":"https:\/\/sceaux-lagazette.fr\/index.php\/2024\/12\/03\/les-grappes-de-lumieres-de-la-maison-dar-dar\/#primaryimage","url":"https:\/\/sceaux-lagazette.fr\/wp-content\/uploads\/2024\/11\/Artisanat-syrien-3.jpg","contentUrl":"https:\/\/sceaux-lagazette.fr\/wp-content\/uploads\/2024\/11\/Artisanat-syrien-3.jpg","width":960,"height":720},{"@type":"BreadcrumbList","@id":"https:\/\/sceaux-lagazette.fr\/index.php\/2024\/12\/03\/les-grappes-de-lumieres-de-la-maison-dar-dar\/#breadcrumb","itemListElement":[{"@type":"ListItem","position":1,"name":"Accueil","item":"https:\/\/sceaux-lagazette.fr\/"},{"@type":"ListItem","position":2,"name":"Des grappes de lumi\u00e8res venues de Syrie"}]},{"@type":"WebSite","@id":"https:\/\/sceaux-lagazette.fr\/#website","url":"https:\/\/sceaux-lagazette.fr\/","name":"La Gazette","description":"Bourg-la-Reine, Ch\u00e2tenay, Fontenay, Sceaux","publisher":{"@id":"https:\/\/sceaux-lagazette.fr\/#organization"},"potentialAction":[{"@type":"SearchAction","target":{"@type":"EntryPoint","urlTemplate":"https:\/\/sceaux-lagazette.fr\/?s={search_term_string}"},"query-input":{"@type":"PropertyValueSpecification","valueRequired":true,"valueName":"search_term_string"}}],"inLanguage":"fr-FR"},{"@type":"Organization","@id":"https:\/\/sceaux-lagazette.fr\/#organization","name":"La Gazette","url":"https:\/\/sceaux-lagazette.fr\/","logo":{"@type":"ImageObject","inLanguage":"fr-FR","@id":"https:\/\/sceaux-lagazette.fr\/#\/schema\/logo\/image\/","url":"https:\/\/sceaux-lagazette.fr\/wp-content\/uploads\/2025\/08\/Logo-Gazette-Aout-2025-V3.jpg","contentUrl":"https:\/\/sceaux-lagazette.fr\/wp-content\/uploads\/2025\/08\/Logo-Gazette-Aout-2025-V3.jpg","width":525,"height":130,"caption":"La Gazette"},"image":{"@id":"https:\/\/sceaux-lagazette.fr\/#\/schema\/logo\/image\/"}},{"@type":"Person","@id":"https:\/\/sceaux-lagazette.fr\/#\/schema\/person\/060ab8fc058c4220d9079707a58da9f1","name":"Maurice Zytnicki","image":{"@type":"ImageObject","inLanguage":"fr-FR","@id":"https:\/\/sceaux-lagazette.fr\/#\/schema\/person\/image\/","url":"https:\/\/secure.gravatar.com\/avatar\/d94d30d6fa0e9cb7af48a89366fc0cdb?s=96&r=g","contentUrl":"https:\/\/secure.gravatar.com\/avatar\/d94d30d6fa0e9cb7af48a89366fc0cdb?s=96&r=g","caption":"Maurice Zytnicki"},"url":"https:\/\/sceaux-lagazette.fr\/index.php\/author\/maurice\/"}]}},"cc_featured_image_caption":{"caption_text":"","source_text":"","source_url":""},"_links":{"self":[{"href":"https:\/\/sceaux-lagazette.fr\/index.php\/wp-json\/wp\/v2\/posts\/42247"}],"collection":[{"href":"https:\/\/sceaux-lagazette.fr\/index.php\/wp-json\/wp\/v2\/posts"}],"about":[{"href":"https:\/\/sceaux-lagazette.fr\/index.php\/wp-json\/wp\/v2\/types\/post"}],"author":[{"embeddable":true,"href":"https:\/\/sceaux-lagazette.fr\/index.php\/wp-json\/wp\/v2\/users\/6"}],"replies":[{"embeddable":true,"href":"https:\/\/sceaux-lagazette.fr\/index.php\/wp-json\/wp\/v2\/comments?post=42247"}],"version-history":[{"count":6,"href":"https:\/\/sceaux-lagazette.fr\/index.php\/wp-json\/wp\/v2\/posts\/42247\/revisions"}],"predecessor-version":[{"id":42354,"href":"https:\/\/sceaux-lagazette.fr\/index.php\/wp-json\/wp\/v2\/posts\/42247\/revisions\/42354"}],"wp:featuredmedia":[{"embeddable":true,"href":"https:\/\/sceaux-lagazette.fr\/index.php\/wp-json\/wp\/v2\/media\/42248"}],"wp:attachment":[{"href":"https:\/\/sceaux-lagazette.fr\/index.php\/wp-json\/wp\/v2\/media?parent=42247"}],"wp:term":[{"taxonomy":"category","embeddable":true,"href":"https:\/\/sceaux-lagazette.fr\/index.php\/wp-json\/wp\/v2\/categories?post=42247"},{"taxonomy":"post_tag","embeddable":true,"href":"https:\/\/sceaux-lagazette.fr\/index.php\/wp-json\/wp\/v2\/tags?post=42247"}],"curies":[{"name":"wp","href":"https:\/\/api.w.org\/{rel}","templated":true}]}}