{"id":42180,"date":"2024-11-27T09:34:46","date_gmt":"2024-11-27T08:34:46","guid":{"rendered":"https:\/\/sceaux-lagazette.fr\/?p=42180"},"modified":"2024-12-03T19:14:35","modified_gmt":"2024-12-03T18:14:35","slug":"le-salon-du-livre-merveilleux-a-chatenay","status":"publish","type":"post","link":"https:\/\/sceaux-lagazette.fr\/index.php\/2024\/11\/27\/le-salon-du-livre-merveilleux-a-chatenay\/","title":{"rendered":"Le salon du Livre merveilleux \u00e0 Ch\u00e2tenay"},"content":{"rendered":"\n<p>Le <em>salon du Livre merveilleux<\/em> \u00e9tait fait pour les enfants et de ce c\u00f4t\u00e9 ce fut une r\u00e9ussite. Ce samedi 23 novembre, ils \u00e9taient tr\u00e8s nombreux accompagn\u00e9s de parents \u00e0 la m\u00e9diath\u00e8que, au fond de la rue des Vall\u00e9es dans le vieux Ch\u00e2tenay. Un bruit de fond permanent. Un beau bruit de voix d\u2019enfants donnait vie \u00e0 un lieu m\u00e9tamorphos\u00e9.<\/p>\n\n\n\n<p>La m\u00e9diath\u00e8que avait \u00e9t\u00e9 transform\u00e9e en lieu d\u2019exposition, de jeux, de lectures, de maquillage, de rencontres avec des auteurs. Toute d\u00e9cor\u00e9e, tr\u00e8s accueillante, la journ\u00e9e avait \u00e9t\u00e9 con\u00e7ue pour un vaste public. On ne s\u2019\u00e9tait pas tromp\u00e9.<\/p>\n\n\n\n<p>D\u00e8s l&rsquo;entr\u00e9e, le ton \u00e9tait donn\u00e9. Une grande affiche invitait \u00e0 <a href=\"https:\/\/vallee-aux-loups.hauts-de-seine.fr\/atala-1801-voyage-illustre-au-coeur-d-un-roman#:~:text=L%27exposition%20propose%20une%20immersion,jusqu%27au%20XXe%20si\u00e8cle.\">l\u2019exposition Atala 1801<\/a> <em>Voyage au coeur d\u2019un roman<\/em> qui se tient jusqu\u2019en septembre 2025 \u00e0 la Maison de Chateaubriand. Au fond un hall d\u2019animations. Un escalier menant \u00e0 l\u2019\u00e9tage \u00e9tait bord\u00e9 d\u2019un feuillage touffu et insolite de pages de livres en blanc et noir.<\/p>\n\n\n\n<h2 class=\"wp-block-heading\">Profusion<\/h2>\n\n\n\n<p>La f\u00eate du livre battait son plein autour des stands de deux libraires locaux. L\u2019Ilot Livres, la librairie ch\u00e2tenaisienne pr\u00e9sentait une multitude d\u2019ouvrages pour enfants, livres et mangas, avec des d\u00e9dicaces. Avec beaucoup de familles tout autour et des enfants captiv\u00e9s, il \u00e9tait difficile de se frayer un chemin pour faire une photographie.<\/p>\n\n\n\n<p>M\u00eame effervescence devant Les P\u00eacheurs d\u2019\u00e9toiles, la librairie de Fontenay-aux-Roses, qui encha\u00eenait de nombreux moments de d\u00e9dicaces.<\/p>\n\n\n\n<p>L&rsquo;\u00e9nergie \u00e9tait partout. Les enfants couraient, dessinaient, lisaient assis, debout. On les maquillait. Certains se couraient apr\u00e8s. Un b\u00e9b\u00e9 \u00e0 quatre pattes essayait d\u2019attraper le reflet de sa main dans un miroir. Sans trop insister. Il n\u2019\u00e9tait pas int\u00e9ress\u00e9 outre mesure.<\/p>\n\n\n\n<p>Le manga \u00e9tait \u00e0 l\u2019honneur. Lia Ota professeur de dessin et illustratrice faisait des portraits manga. Serymaru auteur, sc\u00e9nariste et dessinateur de manga, portraiturait aussi en solo ou en duo. Maquillage, portrait manga. D\u2019autres ateliers encore autour du dessin.<\/p>\n\n\n\n<p>Un peu plus loin, on imprimait par s\u00e9rigraphie en direct des sacs en toile, cr\u00e9ant une file d&rsquo;attente impatiente. Partout, des auteurs qui d\u00e9dica\u00e7aient. Des expositions et des spectacles parsemaient l\u2019espace, de <em>Doux R\u00eaveurs<\/em>, \u00e0 partir de 3 ans, \u00e0 <em>Mon petit point m\u2019a dit<\/em> (\u00e0 propos du braille), tandis que des mini concerts et des lectures musicales rythmaient la journ\u00e9e.<\/p>\n\n\n\n<h2 class=\"wp-block-heading\">Des animations tous publics<\/h2>\n\n\n\n<p>Rien n\u2019\u00e9tait n\u00e9glig\u00e9 pour embarquer les enfants dans des d\u00e9couvertes multiformes. Atelier d\u2019\u00e9criture fantastique d\u00e8s 12 ans, cr\u00e9ation d\u2019un personnage de manga d\u00e8s 10 ans, initiation \u00e0 la BD \u00e0 partir de 7 ans, d\u00e9couvertes scientifiques \u00e0 partir de 5 ans. A ce sujet, la Maison des Sciences de Ch\u00e2tenay, dont l<a href=\"https:\/\/sceaux-lagazette.fr\/index.php\/2024\/11\/28\/la-maison-des-sciences-a-chatenay-malabry\/\" target=\"_blank\" rel=\"noreferrer noopener\">a Gazette va parler demain<\/a>, pr\u00e9sentait sur son stand son enthousiasme pour la vulgarisation scientifique.<\/p>\n\n\n\n<p>Pour les moins de 6 ans, le salon avait pr\u00e9vu des animations : des lectures d\u2019histoires accompagn\u00e9es d\u2019instruments de musique pour les 2-3 ans et pour les 4-6 ans. Egalement, des s\u00e9ances de lectures propos\u00e9es par l\u2019association <em>Lire et Faire Lire<\/em> qui intervient aupr\u00e8s des enfants pour d\u00e9velopper le plaisir de la lecture. Un \u00e9veil musical pour les tout-petits.<\/p>\n\n\n\n<p>L\u00e0, on montrait des m\u00e9thodes de magicien et les belles illusions qu\u2019elles produisent (il n\u2019y a pas que les enfants qui adorent). Bref, on ne pourrait tout dire. <a href=\"https:\/\/www.chatenay-malabry.fr\/salon-du-livre-merveilleux-2024\/\">Le programme de la journ\u00e9e<\/a> montre ce que vous avez manqu\u00e9 si vous n\u2019\u00eates pas venus ou ce que dans la profusion vous n\u2019avez pas pu voir.<\/p>\n\n\n\n<h2 class=\"wp-block-heading\">Des livres de tous niveaux et de toutes inspirations<\/h2>\n\n\n\n<p>Le salon accueillait aussi bien les grands noms de l&rsquo;\u00e9dition que des maisons plus sp\u00e9cialis\u00e9es. On a d\u00e9couvert celles du Ricochet, avec un beau catalogue destin\u00e9 \u00e0 mettre \u00ab<em>&nbsp;la connaissance scientifique \u00e0 la port\u00e9e de tous&nbsp;<\/em>\u00bb. \u00c9galement les \u00e9ditions <em>Tom Pousse<\/em> qui s\u2019adressent \u00e0 des \u00e9l\u00e8ves ayant des difficult\u00e9s scolaires, des troubles des apprentissages. Ou encore les \u00e9ditions <em>Kil\u00e9ma<\/em> qui proposent des livres pour des personnes ayant des difficult\u00e9s de lecture mais aussi des allophones. Enfin, <em>les Argonautes<\/em>, un \u00e9diteur sp\u00e9cialis\u00e9 en litt\u00e9rature europ\u00e9enne. Le stand accueillait Janis Jonevs, une \u00e9crivaine lettone dont le roman <em>Metal<\/em> re\u00e7ut le Prix de litt\u00e9rature de l\u2019Union europ\u00e9enne.<\/p>\n\n\n\n<p>Cette 5e \u00e9dition du Salon du Livre Merveilleux a tenu toutes ses promesses. Des rires d&rsquo;enfants aux bruissements des pages, des traits de crayons aux notes de musique, la m\u00e9diath\u00e8que s&rsquo;est transform\u00e9e le temps d&rsquo;une journ\u00e9e en un petit pays de merveilles litt\u00e9raires. Des plus petits d\u00e9couvrant leurs premiers albums aux adolescents passionn\u00e9s de manga ou d\u2019histoires extraordinaires, chacun pouvait trouver son bonheur. L&rsquo;ann\u00e9e prochaine, \u00e0 vous de prendre rendez-vous pour une nouvelle journ\u00e9e o\u00f9 la m\u00e9diath\u00e8que de Ch\u00e2tenay-Malabry est toute d\u00e9cor\u00e9e de la magie des livres.<\/p>\n\n\n\n<p><a id=\"_msocom_1\"><\/a><\/p>\n\n\n\n<div class=\"alignnormal\"><div id=\"metaslider-id-42187\" style=\"width: 100%; margin: 0 auto;\" class=\"ml-slider-3-94-0 metaslider metaslider-flex metaslider-42187 ml-slider ms-theme-default\" role=\"region\" aria-roledescription=\"Slideshow\" aria-label=\"Salon Merveilleux 2024 Chatenay\">\n    <div id=\"metaslider_container_42187\">\n        <div id=\"metaslider_42187\">\n            <ul class='slides'>\n                <li style=\"display: block; width: 100%;\" class=\"slide-42194 ms-image \" aria-roledescription=\"slide\" aria-label=\"slide-42194\"><img decoding=\"async\" src=\"https:\/\/sceaux-lagazette.fr\/wp-content\/uploads\/2024\/11\/Salon-Merveilleux-3-514x720.jpg\" height=\"1120\" width=\"800\" alt=\"\" class=\"slider-42187 slide-42194\" title=\"Salon Merveilleux 3\" \/><div class=\"caption-wrap\"><div class=\"caption\">Salon du Livre merveilleux 2024 Ch\u00e2tenay-Malabry (Photo LGdS)<\/div><\/div><\/li>\n                <li style=\"display: none; width: 100%;\" class=\"slide-42195 ms-image \" aria-roledescription=\"slide\" aria-label=\"slide-42195\"><img decoding=\"async\" src=\"https:\/\/sceaux-lagazette.fr\/wp-content\/uploads\/2024\/11\/Salon-Merveilleux-4-514x720.jpg\" height=\"1120\" width=\"800\" alt=\"\" class=\"slider-42187 slide-42195\" title=\"Salon Merveilleux 4\" \/><div class=\"caption-wrap\"><div class=\"caption\">Salon du Livre merveilleux 2024 Ch\u00e2tenay-Malabry (Photo LGdS)<\/div><\/div><\/li>\n                <li style=\"display: none; width: 100%;\" class=\"slide-42196 ms-image \" aria-roledescription=\"slide\" aria-label=\"slide-42196\"><img decoding=\"async\" src=\"https:\/\/sceaux-lagazette.fr\/wp-content\/uploads\/2024\/11\/Salon-Merveilleux-5-514x720.jpg\" height=\"1120\" width=\"800\" alt=\"\" class=\"slider-42187 slide-42196\" title=\"Salon Merveilleux 5\" \/><div class=\"caption-wrap\"><div class=\"caption\">Salon du Livre merveilleux 2024 Ch\u00e2tenay-Malabry (Photo LGdS)<\/div><\/div><\/li>\n                <li style=\"display: none; width: 100%;\" class=\"slide-42197 ms-image \" aria-roledescription=\"slide\" aria-label=\"slide-42197\"><img decoding=\"async\" src=\"https:\/\/sceaux-lagazette.fr\/wp-content\/uploads\/2024\/11\/Salon-Merveilleux-6-514x720.jpg\" height=\"1120\" width=\"800\" alt=\"\" class=\"slider-42187 slide-42197\" title=\"Salon Merveilleux 6\" \/><div class=\"caption-wrap\"><div class=\"caption\">Salon du Livre merveilleux 2024 Ch\u00e2tenay-Malabry (Photo LGdS)<\/div><\/div><\/li>\n                <li style=\"display: none; width: 100%;\" class=\"slide-42198 ms-image \" aria-roledescription=\"slide\" aria-label=\"slide-42198\"><img decoding=\"async\" src=\"https:\/\/sceaux-lagazette.fr\/wp-content\/uploads\/2024\/11\/Salon-Merveilleux-7-514x720.jpg\" height=\"1120\" width=\"800\" alt=\"\" class=\"slider-42187 slide-42198\" title=\"Salon Merveilleux 7\" \/><div class=\"caption-wrap\"><div class=\"caption\">Salon du Livre merveilleux 2024 Ch\u00e2tenay-Malabry (Photo LGdS)<\/div><\/div><\/li>\n                <li style=\"display: none; width: 100%;\" class=\"slide-42199 ms-image \" aria-roledescription=\"slide\" aria-label=\"slide-42199\"><img decoding=\"async\" src=\"https:\/\/sceaux-lagazette.fr\/wp-content\/uploads\/2024\/11\/Salon-Merveilleux-8-514x720.jpg\" height=\"1120\" width=\"800\" alt=\"\" class=\"slider-42187 slide-42199\" title=\"Salon Merveilleux 8\" \/><div class=\"caption-wrap\"><div class=\"caption\">Salon du Livre merveilleux 2024 Ch\u00e2tenay-Malabry (Photo LGdS)<\/div><\/div><\/li>\n            <\/ul>\n        <\/div>\n        \n    <\/div>\n<\/div><\/div>\n","protected":false},"excerpt":{"rendered":"<p>Le salon du Livre merveilleux \u00e9tait fait pour les enfants et de ce c\u00f4t\u00e9 ce fut une r\u00e9ussite. Ce samedi 23 novembre, ils \u00e9taient tr\u00e8s nombreux accompagn\u00e9s de parents \u00e0 la m\u00e9diath\u00e8que, au fond de la rue des Vall\u00e9es dans le vieux Ch\u00e2tenay. Un bruit de fond permanent. Un beau&#8230;<\/p>\n","protected":false},"author":27,"featured_media":42184,"comment_status":"open","ping_status":"open","sticky":false,"template":"","format":"standard","meta":{"om_disable_all_campaigns":false,"_monsterinsights_skip_tracking":false,"_monsterinsights_sitenote_active":false,"_monsterinsights_sitenote_note":"","_monsterinsights_sitenote_category":0,"_uf_show_specific_survey":0,"_uf_disable_surveys":false,"footnotes":""},"categories":[263,259,253],"tags":[],"class_list":["post-42180","post","type-post","status-publish","format-standard","has-post-thumbnail","hentry","category-chatenay-malabry","category-expositions","category-manifestations-locales","entry","simple"],"yoast_head":"<!-- This site is optimized with the Yoast SEO plugin v25.6 - https:\/\/yoast.com\/wordpress\/plugins\/seo\/ -->\n<title>Le salon du Livre merveilleux \u00e0 Ch\u00e2tenay - La Gazette<\/title>\n<meta name=\"robots\" content=\"index, follow, max-snippet:-1, max-image-preview:large, max-video-preview:-1\" \/>\n<link rel=\"canonical\" href=\"https:\/\/sceaux-lagazette.fr\/index.php\/2024\/11\/27\/le-salon-du-livre-merveilleux-a-chatenay\/\" \/>\n<meta property=\"og:locale\" content=\"fr_FR\" \/>\n<meta property=\"og:type\" content=\"article\" \/>\n<meta property=\"og:title\" content=\"Le salon du Livre merveilleux \u00e0 Ch\u00e2tenay - La Gazette\" \/>\n<meta property=\"og:description\" content=\"Le salon du Livre merveilleux \u00e9tait fait pour les enfants et de ce c\u00f4t\u00e9 ce fut une r\u00e9ussite. Ce samedi 23 novembre, ils \u00e9taient tr\u00e8s nombreux accompagn\u00e9s de parents \u00e0 la m\u00e9diath\u00e8que, au fond de la rue des Vall\u00e9es dans le vieux Ch\u00e2tenay. Un bruit de fond permanent. Un beau&#8230;\" \/>\n<meta property=\"og:url\" content=\"https:\/\/sceaux-lagazette.fr\/index.php\/2024\/11\/27\/le-salon-du-livre-merveilleux-a-chatenay\/\" \/>\n<meta property=\"og:site_name\" content=\"La Gazette\" \/>\n<meta property=\"article:published_time\" content=\"2024-11-27T08:34:46+00:00\" \/>\n<meta property=\"article:modified_time\" content=\"2024-12-03T18:14:35+00:00\" \/>\n<meta property=\"og:image\" content=\"https:\/\/sceaux-lagazette.fr\/wp-content\/uploads\/2024\/11\/Salon-livre-merveilleux-CM-2024.jpg\" \/>\n\t<meta property=\"og:image:width\" content=\"960\" \/>\n\t<meta property=\"og:image:height\" content=\"640\" \/>\n\t<meta property=\"og:image:type\" content=\"image\/jpeg\" \/>\n<meta name=\"author\" content=\"Lea Tabarin\" \/>\n<meta name=\"twitter:card\" content=\"summary_large_image\" \/>\n<meta name=\"twitter:label1\" content=\"\u00c9crit par\" \/>\n\t<meta name=\"twitter:data1\" content=\"Lea Tabarin\" \/>\n\t<meta name=\"twitter:label2\" content=\"Dur\u00e9e de lecture estim\u00e9e\" \/>\n\t<meta name=\"twitter:data2\" content=\"5 minutes\" \/>\n<script type=\"application\/ld+json\" class=\"yoast-schema-graph\">{\"@context\":\"https:\/\/schema.org\",\"@graph\":[{\"@type\":\"Article\",\"@id\":\"https:\/\/sceaux-lagazette.fr\/index.php\/2024\/11\/27\/le-salon-du-livre-merveilleux-a-chatenay\/#article\",\"isPartOf\":{\"@id\":\"https:\/\/sceaux-lagazette.fr\/index.php\/2024\/11\/27\/le-salon-du-livre-merveilleux-a-chatenay\/\"},\"author\":{\"name\":\"Lea Tabarin\",\"@id\":\"https:\/\/sceaux-lagazette.fr\/#\/schema\/person\/d47abc6acce7281f9c58dc451d96f8fb\"},\"headline\":\"Le salon du Livre merveilleux \u00e0 Ch\u00e2tenay\",\"datePublished\":\"2024-11-27T08:34:46+00:00\",\"dateModified\":\"2024-12-03T18:14:35+00:00\",\"mainEntityOfPage\":{\"@id\":\"https:\/\/sceaux-lagazette.fr\/index.php\/2024\/11\/27\/le-salon-du-livre-merveilleux-a-chatenay\/\"},\"wordCount\":853,\"commentCount\":2,\"publisher\":{\"@id\":\"https:\/\/sceaux-lagazette.fr\/#organization\"},\"image\":{\"@id\":\"https:\/\/sceaux-lagazette.fr\/index.php\/2024\/11\/27\/le-salon-du-livre-merveilleux-a-chatenay\/#primaryimage\"},\"thumbnailUrl\":\"https:\/\/sceaux-lagazette.fr\/wp-content\/uploads\/2024\/11\/Salon-livre-merveilleux-CM-2024.jpg\",\"articleSection\":[\"Ch\u00e2tenay-Malabry\",\"Expositions\",\"Manifestations locales\"],\"inLanguage\":\"fr-FR\",\"potentialAction\":[{\"@type\":\"CommentAction\",\"name\":\"Comment\",\"target\":[\"https:\/\/sceaux-lagazette.fr\/index.php\/2024\/11\/27\/le-salon-du-livre-merveilleux-a-chatenay\/#respond\"]}]},{\"@type\":\"WebPage\",\"@id\":\"https:\/\/sceaux-lagazette.fr\/index.php\/2024\/11\/27\/le-salon-du-livre-merveilleux-a-chatenay\/\",\"url\":\"https:\/\/sceaux-lagazette.fr\/index.php\/2024\/11\/27\/le-salon-du-livre-merveilleux-a-chatenay\/\",\"name\":\"Le salon du Livre merveilleux \u00e0 Ch\u00e2tenay - La Gazette\",\"isPartOf\":{\"@id\":\"https:\/\/sceaux-lagazette.fr\/#website\"},\"primaryImageOfPage\":{\"@id\":\"https:\/\/sceaux-lagazette.fr\/index.php\/2024\/11\/27\/le-salon-du-livre-merveilleux-a-chatenay\/#primaryimage\"},\"image\":{\"@id\":\"https:\/\/sceaux-lagazette.fr\/index.php\/2024\/11\/27\/le-salon-du-livre-merveilleux-a-chatenay\/#primaryimage\"},\"thumbnailUrl\":\"https:\/\/sceaux-lagazette.fr\/wp-content\/uploads\/2024\/11\/Salon-livre-merveilleux-CM-2024.jpg\",\"datePublished\":\"2024-11-27T08:34:46+00:00\",\"dateModified\":\"2024-12-03T18:14:35+00:00\",\"breadcrumb\":{\"@id\":\"https:\/\/sceaux-lagazette.fr\/index.php\/2024\/11\/27\/le-salon-du-livre-merveilleux-a-chatenay\/#breadcrumb\"},\"inLanguage\":\"fr-FR\",\"potentialAction\":[{\"@type\":\"ReadAction\",\"target\":[\"https:\/\/sceaux-lagazette.fr\/index.php\/2024\/11\/27\/le-salon-du-livre-merveilleux-a-chatenay\/\"]}]},{\"@type\":\"ImageObject\",\"inLanguage\":\"fr-FR\",\"@id\":\"https:\/\/sceaux-lagazette.fr\/index.php\/2024\/11\/27\/le-salon-du-livre-merveilleux-a-chatenay\/#primaryimage\",\"url\":\"https:\/\/sceaux-lagazette.fr\/wp-content\/uploads\/2024\/11\/Salon-livre-merveilleux-CM-2024.jpg\",\"contentUrl\":\"https:\/\/sceaux-lagazette.fr\/wp-content\/uploads\/2024\/11\/Salon-livre-merveilleux-CM-2024.jpg\",\"width\":960,\"height\":640},{\"@type\":\"BreadcrumbList\",\"@id\":\"https:\/\/sceaux-lagazette.fr\/index.php\/2024\/11\/27\/le-salon-du-livre-merveilleux-a-chatenay\/#breadcrumb\",\"itemListElement\":[{\"@type\":\"ListItem\",\"position\":1,\"name\":\"Accueil\",\"item\":\"https:\/\/sceaux-lagazette.fr\/\"},{\"@type\":\"ListItem\",\"position\":2,\"name\":\"Le salon du Livre merveilleux \u00e0 Ch\u00e2tenay\"}]},{\"@type\":\"WebSite\",\"@id\":\"https:\/\/sceaux-lagazette.fr\/#website\",\"url\":\"https:\/\/sceaux-lagazette.fr\/\",\"name\":\"La Gazette\",\"description\":\"Bourg-la-Reine, Ch\u00e2tenay, Fontenay, Sceaux\",\"publisher\":{\"@id\":\"https:\/\/sceaux-lagazette.fr\/#organization\"},\"potentialAction\":[{\"@type\":\"SearchAction\",\"target\":{\"@type\":\"EntryPoint\",\"urlTemplate\":\"https:\/\/sceaux-lagazette.fr\/?s={search_term_string}\"},\"query-input\":{\"@type\":\"PropertyValueSpecification\",\"valueRequired\":true,\"valueName\":\"search_term_string\"}}],\"inLanguage\":\"fr-FR\"},{\"@type\":\"Organization\",\"@id\":\"https:\/\/sceaux-lagazette.fr\/#organization\",\"name\":\"La Gazette\",\"url\":\"https:\/\/sceaux-lagazette.fr\/\",\"logo\":{\"@type\":\"ImageObject\",\"inLanguage\":\"fr-FR\",\"@id\":\"https:\/\/sceaux-lagazette.fr\/#\/schema\/logo\/image\/\",\"url\":\"https:\/\/sceaux-lagazette.fr\/wp-content\/uploads\/2025\/08\/Logo-Gazette-Aout-2025-V3.jpg\",\"contentUrl\":\"https:\/\/sceaux-lagazette.fr\/wp-content\/uploads\/2025\/08\/Logo-Gazette-Aout-2025-V3.jpg\",\"width\":525,\"height\":130,\"caption\":\"La Gazette\"},\"image\":{\"@id\":\"https:\/\/sceaux-lagazette.fr\/#\/schema\/logo\/image\/\"}},{\"@type\":\"Person\",\"@id\":\"https:\/\/sceaux-lagazette.fr\/#\/schema\/person\/d47abc6acce7281f9c58dc451d96f8fb\",\"name\":\"Lea Tabarin\",\"image\":{\"@type\":\"ImageObject\",\"inLanguage\":\"fr-FR\",\"@id\":\"https:\/\/sceaux-lagazette.fr\/#\/schema\/person\/image\/\",\"url\":\"https:\/\/secure.gravatar.com\/avatar\/387b26cf27091e237fbaa80cf2a3a6a2?s=96&r=g\",\"contentUrl\":\"https:\/\/secure.gravatar.com\/avatar\/387b26cf27091e237fbaa80cf2a3a6a2?s=96&r=g\",\"caption\":\"Lea Tabarin\"},\"url\":\"https:\/\/sceaux-lagazette.fr\/index.php\/author\/lea-tabarin\/\"}]}<\/script>\n<!-- \/ Yoast SEO plugin. -->","yoast_head_json":{"title":"Le salon du Livre merveilleux \u00e0 Ch\u00e2tenay - La Gazette","robots":{"index":"index","follow":"follow","max-snippet":"max-snippet:-1","max-image-preview":"max-image-preview:large","max-video-preview":"max-video-preview:-1"},"canonical":"https:\/\/sceaux-lagazette.fr\/index.php\/2024\/11\/27\/le-salon-du-livre-merveilleux-a-chatenay\/","og_locale":"fr_FR","og_type":"article","og_title":"Le salon du Livre merveilleux \u00e0 Ch\u00e2tenay - La Gazette","og_description":"Le salon du Livre merveilleux \u00e9tait fait pour les enfants et de ce c\u00f4t\u00e9 ce fut une r\u00e9ussite. Ce samedi 23 novembre, ils \u00e9taient tr\u00e8s nombreux accompagn\u00e9s de parents \u00e0 la m\u00e9diath\u00e8que, au fond de la rue des Vall\u00e9es dans le vieux Ch\u00e2tenay. Un bruit de fond permanent. Un beau&#8230;","og_url":"https:\/\/sceaux-lagazette.fr\/index.php\/2024\/11\/27\/le-salon-du-livre-merveilleux-a-chatenay\/","og_site_name":"La Gazette","article_published_time":"2024-11-27T08:34:46+00:00","article_modified_time":"2024-12-03T18:14:35+00:00","og_image":[{"width":960,"height":640,"url":"https:\/\/sceaux-lagazette.fr\/wp-content\/uploads\/2024\/11\/Salon-livre-merveilleux-CM-2024.jpg","type":"image\/jpeg"}],"author":"Lea Tabarin","twitter_card":"summary_large_image","twitter_misc":{"\u00c9crit par":"Lea Tabarin","Dur\u00e9e de lecture estim\u00e9e":"5 minutes"},"schema":{"@context":"https:\/\/schema.org","@graph":[{"@type":"Article","@id":"https:\/\/sceaux-lagazette.fr\/index.php\/2024\/11\/27\/le-salon-du-livre-merveilleux-a-chatenay\/#article","isPartOf":{"@id":"https:\/\/sceaux-lagazette.fr\/index.php\/2024\/11\/27\/le-salon-du-livre-merveilleux-a-chatenay\/"},"author":{"name":"Lea Tabarin","@id":"https:\/\/sceaux-lagazette.fr\/#\/schema\/person\/d47abc6acce7281f9c58dc451d96f8fb"},"headline":"Le salon du Livre merveilleux \u00e0 Ch\u00e2tenay","datePublished":"2024-11-27T08:34:46+00:00","dateModified":"2024-12-03T18:14:35+00:00","mainEntityOfPage":{"@id":"https:\/\/sceaux-lagazette.fr\/index.php\/2024\/11\/27\/le-salon-du-livre-merveilleux-a-chatenay\/"},"wordCount":853,"commentCount":2,"publisher":{"@id":"https:\/\/sceaux-lagazette.fr\/#organization"},"image":{"@id":"https:\/\/sceaux-lagazette.fr\/index.php\/2024\/11\/27\/le-salon-du-livre-merveilleux-a-chatenay\/#primaryimage"},"thumbnailUrl":"https:\/\/sceaux-lagazette.fr\/wp-content\/uploads\/2024\/11\/Salon-livre-merveilleux-CM-2024.jpg","articleSection":["Ch\u00e2tenay-Malabry","Expositions","Manifestations locales"],"inLanguage":"fr-FR","potentialAction":[{"@type":"CommentAction","name":"Comment","target":["https:\/\/sceaux-lagazette.fr\/index.php\/2024\/11\/27\/le-salon-du-livre-merveilleux-a-chatenay\/#respond"]}]},{"@type":"WebPage","@id":"https:\/\/sceaux-lagazette.fr\/index.php\/2024\/11\/27\/le-salon-du-livre-merveilleux-a-chatenay\/","url":"https:\/\/sceaux-lagazette.fr\/index.php\/2024\/11\/27\/le-salon-du-livre-merveilleux-a-chatenay\/","name":"Le salon du Livre merveilleux \u00e0 Ch\u00e2tenay - La Gazette","isPartOf":{"@id":"https:\/\/sceaux-lagazette.fr\/#website"},"primaryImageOfPage":{"@id":"https:\/\/sceaux-lagazette.fr\/index.php\/2024\/11\/27\/le-salon-du-livre-merveilleux-a-chatenay\/#primaryimage"},"image":{"@id":"https:\/\/sceaux-lagazette.fr\/index.php\/2024\/11\/27\/le-salon-du-livre-merveilleux-a-chatenay\/#primaryimage"},"thumbnailUrl":"https:\/\/sceaux-lagazette.fr\/wp-content\/uploads\/2024\/11\/Salon-livre-merveilleux-CM-2024.jpg","datePublished":"2024-11-27T08:34:46+00:00","dateModified":"2024-12-03T18:14:35+00:00","breadcrumb":{"@id":"https:\/\/sceaux-lagazette.fr\/index.php\/2024\/11\/27\/le-salon-du-livre-merveilleux-a-chatenay\/#breadcrumb"},"inLanguage":"fr-FR","potentialAction":[{"@type":"ReadAction","target":["https:\/\/sceaux-lagazette.fr\/index.php\/2024\/11\/27\/le-salon-du-livre-merveilleux-a-chatenay\/"]}]},{"@type":"ImageObject","inLanguage":"fr-FR","@id":"https:\/\/sceaux-lagazette.fr\/index.php\/2024\/11\/27\/le-salon-du-livre-merveilleux-a-chatenay\/#primaryimage","url":"https:\/\/sceaux-lagazette.fr\/wp-content\/uploads\/2024\/11\/Salon-livre-merveilleux-CM-2024.jpg","contentUrl":"https:\/\/sceaux-lagazette.fr\/wp-content\/uploads\/2024\/11\/Salon-livre-merveilleux-CM-2024.jpg","width":960,"height":640},{"@type":"BreadcrumbList","@id":"https:\/\/sceaux-lagazette.fr\/index.php\/2024\/11\/27\/le-salon-du-livre-merveilleux-a-chatenay\/#breadcrumb","itemListElement":[{"@type":"ListItem","position":1,"name":"Accueil","item":"https:\/\/sceaux-lagazette.fr\/"},{"@type":"ListItem","position":2,"name":"Le salon du Livre merveilleux \u00e0 Ch\u00e2tenay"}]},{"@type":"WebSite","@id":"https:\/\/sceaux-lagazette.fr\/#website","url":"https:\/\/sceaux-lagazette.fr\/","name":"La Gazette","description":"Bourg-la-Reine, Ch\u00e2tenay, Fontenay, Sceaux","publisher":{"@id":"https:\/\/sceaux-lagazette.fr\/#organization"},"potentialAction":[{"@type":"SearchAction","target":{"@type":"EntryPoint","urlTemplate":"https:\/\/sceaux-lagazette.fr\/?s={search_term_string}"},"query-input":{"@type":"PropertyValueSpecification","valueRequired":true,"valueName":"search_term_string"}}],"inLanguage":"fr-FR"},{"@type":"Organization","@id":"https:\/\/sceaux-lagazette.fr\/#organization","name":"La Gazette","url":"https:\/\/sceaux-lagazette.fr\/","logo":{"@type":"ImageObject","inLanguage":"fr-FR","@id":"https:\/\/sceaux-lagazette.fr\/#\/schema\/logo\/image\/","url":"https:\/\/sceaux-lagazette.fr\/wp-content\/uploads\/2025\/08\/Logo-Gazette-Aout-2025-V3.jpg","contentUrl":"https:\/\/sceaux-lagazette.fr\/wp-content\/uploads\/2025\/08\/Logo-Gazette-Aout-2025-V3.jpg","width":525,"height":130,"caption":"La Gazette"},"image":{"@id":"https:\/\/sceaux-lagazette.fr\/#\/schema\/logo\/image\/"}},{"@type":"Person","@id":"https:\/\/sceaux-lagazette.fr\/#\/schema\/person\/d47abc6acce7281f9c58dc451d96f8fb","name":"Lea Tabarin","image":{"@type":"ImageObject","inLanguage":"fr-FR","@id":"https:\/\/sceaux-lagazette.fr\/#\/schema\/person\/image\/","url":"https:\/\/secure.gravatar.com\/avatar\/387b26cf27091e237fbaa80cf2a3a6a2?s=96&r=g","contentUrl":"https:\/\/secure.gravatar.com\/avatar\/387b26cf27091e237fbaa80cf2a3a6a2?s=96&r=g","caption":"Lea Tabarin"},"url":"https:\/\/sceaux-lagazette.fr\/index.php\/author\/lea-tabarin\/"}]}},"cc_featured_image_caption":{"caption_text":"Photo LGdS modifi\u00e9e PPT","source_text":"","source_url":""},"_links":{"self":[{"href":"https:\/\/sceaux-lagazette.fr\/index.php\/wp-json\/wp\/v2\/posts\/42180"}],"collection":[{"href":"https:\/\/sceaux-lagazette.fr\/index.php\/wp-json\/wp\/v2\/posts"}],"about":[{"href":"https:\/\/sceaux-lagazette.fr\/index.php\/wp-json\/wp\/v2\/types\/post"}],"author":[{"embeddable":true,"href":"https:\/\/sceaux-lagazette.fr\/index.php\/wp-json\/wp\/v2\/users\/27"}],"replies":[{"embeddable":true,"href":"https:\/\/sceaux-lagazette.fr\/index.php\/wp-json\/wp\/v2\/comments?post=42180"}],"version-history":[{"count":8,"href":"https:\/\/sceaux-lagazette.fr\/index.php\/wp-json\/wp\/v2\/posts\/42180\/revisions"}],"predecessor-version":[{"id":42310,"href":"https:\/\/sceaux-lagazette.fr\/index.php\/wp-json\/wp\/v2\/posts\/42180\/revisions\/42310"}],"wp:featuredmedia":[{"embeddable":true,"href":"https:\/\/sceaux-lagazette.fr\/index.php\/wp-json\/wp\/v2\/media\/42184"}],"wp:attachment":[{"href":"https:\/\/sceaux-lagazette.fr\/index.php\/wp-json\/wp\/v2\/media?parent=42180"}],"wp:term":[{"taxonomy":"category","embeddable":true,"href":"https:\/\/sceaux-lagazette.fr\/index.php\/wp-json\/wp\/v2\/categories?post=42180"},{"taxonomy":"post_tag","embeddable":true,"href":"https:\/\/sceaux-lagazette.fr\/index.php\/wp-json\/wp\/v2\/tags?post=42180"}],"curies":[{"name":"wp","href":"https:\/\/api.w.org\/{rel}","templated":true}]}}