{"id":41991,"date":"2024-11-04T08:32:01","date_gmt":"2024-11-04T07:32:01","guid":{"rendered":"https:\/\/sceaux-lagazette.fr\/?p=41991"},"modified":"2024-11-04T21:37:35","modified_gmt":"2024-11-04T20:37:35","slug":"evenements-du-4-au-17-novembre","status":"publish","type":"post","link":"https:\/\/sceaux-lagazette.fr\/index.php\/2024\/11\/04\/evenements-du-4-au-17-novembre\/","title":{"rendered":"\u00c9v\u00e9nements du 4 au 17 novembre"},"content":{"rendered":"\n<p>Deux \u00e9v\u00e9nements principaux cette quinzaine : d&rsquo;une part les c\u00e9r\u00e9monies du 11 novembre dans toutes les communes, d&rsquo;autre part le forum de la r\u00e9novation \u00e9nerg\u00e9tique organis\u00e9 par les villes d&rsquo;Antony, Bourg-la-Reine et Sceaux, les 15, 16 et 17 novembre<\/p>\n\n\n\n<h2 class=\"wp-block-heading\">Armistice de la fin de la Premi\u00e8re Guerre Mondiale\u00a0: c\u00e9r\u00e9monies du 11 novembre<\/h2>\n\n\n\n<p><strong>Bourg-la-Reine<\/strong><\/p>\n\n\n\n<ul class=\"wp-block-list\">\n<li>9h30&nbsp;: Messe en l\u2019\u00e9glise Saint-Gilles.<\/li>\n\n\n\n<li>10h30&nbsp;: Rassemblement devant l\u2019H\u00f4tel de Ville.<\/li>\n\n\n\n<li>11h&nbsp;: C\u00e9r\u00e9monie au cimeti\u00e8re.<\/li>\n\n\n\n<li>\u00c0 12h&nbsp;: Verre de l\u2019amiti\u00e9 aux Colonnes.<\/li>\n\n\n\n<li>13h&nbsp;: D\u00e9jeuner sur inscription (25\u20ac&nbsp;). Attention&nbsp;! places limit\u00e9es Contacter aupr\u00e8s de <a href=\"mailto:jeanpierre-yvert@orange.fr\">jeanpierre-yvert@orange.fr<\/a> avant le 6 novembre.<\/li>\n\n\n\n<li>15h&nbsp;: Projection du film Le \u00ab&nbsp;Cheval de guerre&nbsp;\u00bb (entr\u00e9e gratuite).<\/li>\n<\/ul>\n\n\n\n<p><strong>Ch\u00e2tenay-Malabry<\/strong><\/p>\n\n\n\n<ul class=\"wp-block-list\">\n<li>10h30&nbsp;: C\u00e9r\u00e9monie au carrefour du 11 novembre.<\/li>\n\n\n\n<li>11h&nbsp;: C\u00e9r\u00e9monie au cimeti\u00e8re ancien (107 avenue de la Division Leclerc).<\/li>\n\n\n\n<li>11h30&nbsp;: C\u00e9r\u00e9monie au cimeti\u00e8re nouveau (16 rue de l\u2019\u00c9galit\u00e9).<\/li>\n<\/ul>\n\n\n\n<p><strong>Fontenay-aux-Roses<\/strong><\/p>\n\n\n\n<ul class=\"wp-block-list\">\n<li>10h15&nbsp;: Rassemblement au cimeti\u00e8re communal avec les \u00e9lus \u2013 dont le nouveau Conseil municipal des enfants \u2013, les associations de m\u00e9moire et d\u2019anciens combattants, ainsi que les d\u00e9l\u00e9gations allemande et anglaise.<\/li>\n\n\n\n<li>11h&nbsp;: C\u00e9r\u00e9monie devant le monument aux morts place du G\u00e9n\u00e9ral de Gaulle, avec la lecture des textes officiels et lettres de poilus, en pr\u00e9sence d\u2019une chorale de coll\u00e9giens.<\/li>\n<\/ul>\n\n\n\n<p><strong>Sceaux<\/strong><\/p>\n\n\n\n<ul class=\"wp-block-list\">\n<li>11h&nbsp;: C\u00e9r\u00e9monie du souvenir devant le monument aux Morts situ\u00e9 sur le parvis de l\u2019h\u00f4tel de ville, 122 rue Houdan.<\/li>\n\n\n\n<li>11h30&nbsp;: C\u00e9r\u00e9monie au cimeti\u00e8re communal.<\/li>\n\n\n\n<li>D\u2019autre part, le samedi 9 novembre \u00e0 11h, le comit\u00e9 sc\u00e9en pour le souvenir du G\u00e9n\u00e9ral de-Gaulle organise une c\u00e9r\u00e9monie d\u2019hommage devant le monument qui lui est d\u00e9di\u00e9, dans le jardin de l\u2019h\u00f4tel de ville.<\/li>\n<\/ul>\n\n\n\n<h2 class=\"wp-block-heading\">Forum de la r\u00e9novation \u00e9nerg\u00e9tique<\/h2>\n\n\n\n<p>Comme tous les ans, les villes d\u2019Antony, Bourg-la-Reine et de Sceaux organisent un forum de la r\u00e9novation \u00e9nerg\u00e9tique, du vendredi 15 au dimanche 17 novembre. Au programme, conf\u00e9rence, table ronde, balade thermique et salon des entreprises, comme les ann\u00e9es pr\u00e9c\u00e9dentes. Une nouveaut\u00e9 cette ann\u00e9e&nbsp;: la fresque de la transition, avec BLR en transition.<\/p>\n\n\n\n<p>La Gazette a rendu compte des forums des ann\u00e9es pr\u00e9c\u00e9dentes, en 2021, 2022 et 2023.<\/p>\n\n\n\n<ul class=\"wp-block-list\">\n<li><a href=\"https:\/\/sceaux-lagazette.fr\/index.php\/2022\/11\/23\/forum-de-la-renovation-energetique\/\">https:\/\/sceaux-lagazette.fr\/index.php\/2022\/11\/23\/forum-de-la-renovation-energetique\/<\/a><\/li>\n\n\n\n<li><a href=\"https:\/\/sceaux-lagazette.fr\/index.php\/2021\/10\/19\/au-forum-de-la-renovation-energetique\/\">https:\/\/sceaux-lagazette.fr\/index.php\/2021\/10\/19\/au-forum-de-la-renovation-energetique\/<\/a><\/li>\n\n\n\n<li><a href=\"https:\/\/sceaux-lagazette.fr\/index.php\/2023\/11\/28\/tout-ce-que-vous-vouliez-savoir-sur-la-renovation-de-lhabitat\/\">https:\/\/sceaux-lagazette.fr\/index.php\/2023\/11\/28\/tout-ce-que-vous-vouliez-savoir-sur-la-renovation-de-lhabitat\/<\/a><\/li>\n<\/ul>\n\n\n\n<p>La balade thermique du samedi soir est anim\u00e9e par l\u2019association sc\u00e9enne ZEN2050 Maintenant. L\u2019animateur sera G\u00e9rard Bardier, en charge des visites et balades thermiques pour l\u2019association et par ailleurs l\u2019un des r\u00e9dacteurs de la Gazette.<\/p>\n\n\n\n<p>Il pr\u00e9sentera les observations que l\u2019on peut faire avec une cam\u00e9ra thermique et la mani\u00e8re dont on peut mesurer le niveau d\u2019isolation de chaque partie d\u2019un logement. Les participants auront l\u2019occasion de se servir d\u2019une cam\u00e9ra thermique pour mieux comprendre ce qu\u2019elle peut apporter.<\/p>\n\n\n\n<p>La Gazette a rendu compte de plusieurs balades thermiques, par exemple&nbsp;:<\/p>\n\n\n\n<ul class=\"wp-block-list\">\n<li><a href=\"https:\/\/sceaux-lagazette.fr\/index.php\/2021\/10\/21\/balade-thermique-a-sceaux\/\">https:\/\/sceaux-lagazette.fr\/index.php\/2021\/10\/21\/balade-thermique-a-sceaux\/<\/a><\/li>\n\n\n\n<li><a href=\"https:\/\/sceaux-lagazette.fr\/index.php\/2021\/11\/19\/balade-thermique-au-petit-chambord\/\">https:\/\/sceaux-lagazette.fr\/index.php\/2021\/11\/19\/balade-thermique-au-petit-chambord\/<\/a><\/li>\n<\/ul>\n\n\n\n<p><strong>Programme du Forum<\/strong><\/p>\n\n\n\n<ul class=\"wp-block-list\">\n<li>Vendredi 15 \u00e0 20h&nbsp;: Conf\u00e9rence&nbsp;: le financement des travaux, \u00e0 l\u2019espace Vasarely, \u00e0 Antony<\/li>\n\n\n\n<li>Samedi 16 de 10 \u00e0 13h ancienne mairie Table ronde la r\u00e9novation des maisons et des copropri\u00e9t\u00e9s&nbsp;: t\u00e9moignages des habitants.<\/li>\n\n\n\n<li>Samedi 16 de 15h \u00e0 18h fresque de la r\u00e9novation \u00e0 la Maison des transitions de Bourg-la-Reine, 15 avenue de Montrouge.<\/li>\n\n\n\n<li>Samedi 16 \u00e0 18h \u00e0 l\u2019ancienne mairie, balade thermique. Inscription obligatoire aupr\u00e8s des villes (nombre de places limit\u00e9s).<\/li>\n\n\n\n<li>Dimanche 18, de 10 \u00e0 18h&nbsp;: Salon des entreprises aux Colonnes de Bourg-la-Reine.<\/li>\n<\/ul>\n\n\n\n<h2 class=\"wp-block-heading\">Harc\u00e8lement scolaire<\/h2>\n\n\n\n<ul class=\"wp-block-list\">\n<li>Mardi 5 novembre de 18h 30 \u00e0 20h 30&nbsp;: Th\u00e9\u00e2tre d\u00e9bat au cin\u00e9ma Scarron \u00e0 Fontenay-aux-Roses.<\/li>\n\n\n\n<li>Vendredi 8 de 19h \u00e0 21h&nbsp;: D\u00e9bat. Espace Jos\u00e9phine Baker (CAEL).<\/li>\n<\/ul>\n\n\n\n<h2 class=\"wp-block-heading\">Autres \u00e9v\u00e9nements notables de la quinzaine<\/h2>\n\n\n\n<ul class=\"wp-block-list\">\n<li>Mardi 12 \u00e0 20h 30&nbsp;: Conf\u00e9rence de Bourg-la-Reine&nbsp;: que nous dirait Albert Camus aujourd\u2019hui&nbsp;?<\/li>\n\n\n\n<li>Mercredi 6 novembre \u00e0 19h&nbsp;: <em>Parlons ensemble de Sceaux<\/em>, \u00e0 l\u2019H\u00f4tel de Ville. \u00c9galement mardi 12 au gymnase du Petit-Chambord.<\/li>\n\n\n\n<li>Mardi 12 novembre&nbsp;\u00e0 20 h30&nbsp;: Sceaux et ses lyc\u00e9es en temps de guerre, avec H\u00e9l\u00e8ne Offret et Chlo\u00e9 Dupart. A l\u2019ancienne mairie.<\/li>\n\n\n\n<li>Dimanche 17 \u00e0 16h&nbsp;: Conf\u00e9rence CEA&nbsp;: maladie de Parkinson, \u00e9tat des lieux et perspectives de la recherche. A la m\u00e9diath\u00e8que de Fontenay-aux-Roses.<\/li>\n<\/ul>\n","protected":false},"excerpt":{"rendered":"<p>Deux \u00e9v\u00e9nements principaux cette quinzaine : d&rsquo;une part les c\u00e9r\u00e9monies du 11 novembre dans toutes les communes, d&rsquo;autre part le forum de la r\u00e9novation \u00e9nerg\u00e9tique organis\u00e9 par les villes d&rsquo;Antony, Bourg-la-Reine et Sceaux, les 15, 16 et 17 novembre Armistice de la fin de la Premi\u00e8re Guerre Mondiale\u00a0: c\u00e9r\u00e9monies du&#8230;<\/p>\n","protected":false},"author":20,"featured_media":42001,"comment_status":"open","ping_status":"open","sticky":false,"template":"","format":"standard","meta":{"om_disable_all_campaigns":false,"_monsterinsights_skip_tracking":false,"_monsterinsights_sitenote_active":false,"_monsterinsights_sitenote_note":"","_monsterinsights_sitenote_category":0,"_uf_show_specific_survey":0,"_uf_disable_surveys":false,"footnotes":""},"categories":[265,263,264,253,266],"tags":[],"class_list":["post-41991","post","type-post","status-publish","format-standard","has-post-thumbnail","hentry","category-bourg-la-reine","category-chatenay-malabry","category-fontenay-aux-roses","category-manifestations-locales","category-sceaux","entry","simple"],"yoast_head":"<!-- This site is optimized with the Yoast SEO plugin v25.6 - https:\/\/yoast.com\/wordpress\/plugins\/seo\/ -->\n<title>\u00c9v\u00e9nements du 4 au 17 novembre - La Gazette<\/title>\n<meta name=\"robots\" content=\"index, follow, max-snippet:-1, max-image-preview:large, max-video-preview:-1\" \/>\n<link rel=\"canonical\" href=\"https:\/\/sceaux-lagazette.fr\/index.php\/2024\/11\/04\/evenements-du-4-au-17-novembre\/\" \/>\n<meta property=\"og:locale\" content=\"fr_FR\" \/>\n<meta property=\"og:type\" content=\"article\" \/>\n<meta property=\"og:title\" content=\"\u00c9v\u00e9nements du 4 au 17 novembre - La Gazette\" \/>\n<meta property=\"og:description\" content=\"Deux \u00e9v\u00e9nements principaux cette quinzaine : d&rsquo;une part les c\u00e9r\u00e9monies du 11 novembre dans toutes les communes, d&rsquo;autre part le forum de la r\u00e9novation \u00e9nerg\u00e9tique organis\u00e9 par les villes d&rsquo;Antony, Bourg-la-Reine et Sceaux, les 15, 16 et 17 novembre Armistice de la fin de la Premi\u00e8re Guerre Mondiale\u00a0: c\u00e9r\u00e9monies du&#8230;\" \/>\n<meta property=\"og:url\" content=\"https:\/\/sceaux-lagazette.fr\/index.php\/2024\/11\/04\/evenements-du-4-au-17-novembre\/\" \/>\n<meta property=\"og:site_name\" content=\"La Gazette\" \/>\n<meta property=\"article:published_time\" content=\"2024-11-04T07:32:01+00:00\" \/>\n<meta property=\"article:modified_time\" content=\"2024-11-04T20:37:35+00:00\" \/>\n<meta property=\"og:image\" content=\"https:\/\/sceaux-lagazette.fr\/wp-content\/uploads\/2024\/11\/Monument-aux-morts-Sceaux.jpg\" \/>\n\t<meta property=\"og:image:width\" content=\"1920\" \/>\n\t<meta property=\"og:image:height\" content=\"1440\" \/>\n\t<meta property=\"og:image:type\" content=\"image\/jpeg\" \/>\n<meta name=\"author\" content=\"LGdS\" \/>\n<meta name=\"twitter:card\" content=\"summary_large_image\" \/>\n<meta name=\"twitter:label1\" content=\"\u00c9crit par\" \/>\n\t<meta name=\"twitter:data1\" content=\"LGdS\" \/>\n\t<meta name=\"twitter:label2\" content=\"Dur\u00e9e de lecture estim\u00e9e\" \/>\n\t<meta name=\"twitter:data2\" content=\"4 minutes\" \/>\n<script type=\"application\/ld+json\" class=\"yoast-schema-graph\">{\"@context\":\"https:\/\/schema.org\",\"@graph\":[{\"@type\":\"Article\",\"@id\":\"https:\/\/sceaux-lagazette.fr\/index.php\/2024\/11\/04\/evenements-du-4-au-17-novembre\/#article\",\"isPartOf\":{\"@id\":\"https:\/\/sceaux-lagazette.fr\/index.php\/2024\/11\/04\/evenements-du-4-au-17-novembre\/\"},\"author\":{\"name\":\"LGdS\",\"@id\":\"https:\/\/sceaux-lagazette.fr\/#\/schema\/person\/806960bbccfc3b4ae295c2b54730eb27\"},\"headline\":\"\u00c9v\u00e9nements du 4 au 17 novembre\",\"datePublished\":\"2024-11-04T07:32:01+00:00\",\"dateModified\":\"2024-11-04T20:37:35+00:00\",\"mainEntityOfPage\":{\"@id\":\"https:\/\/sceaux-lagazette.fr\/index.php\/2024\/11\/04\/evenements-du-4-au-17-novembre\/\"},\"wordCount\":748,\"commentCount\":0,\"publisher\":{\"@id\":\"https:\/\/sceaux-lagazette.fr\/#organization\"},\"image\":{\"@id\":\"https:\/\/sceaux-lagazette.fr\/index.php\/2024\/11\/04\/evenements-du-4-au-17-novembre\/#primaryimage\"},\"thumbnailUrl\":\"https:\/\/sceaux-lagazette.fr\/wp-content\/uploads\/2024\/11\/Monument-aux-morts-Sceaux.jpg\",\"articleSection\":[\"Bourg-la-Reine\",\"Ch\u00e2tenay-Malabry\",\"Fontenay-aux-Roses\",\"Manifestations locales\",\"Sceaux\"],\"inLanguage\":\"fr-FR\",\"potentialAction\":[{\"@type\":\"CommentAction\",\"name\":\"Comment\",\"target\":[\"https:\/\/sceaux-lagazette.fr\/index.php\/2024\/11\/04\/evenements-du-4-au-17-novembre\/#respond\"]}]},{\"@type\":\"WebPage\",\"@id\":\"https:\/\/sceaux-lagazette.fr\/index.php\/2024\/11\/04\/evenements-du-4-au-17-novembre\/\",\"url\":\"https:\/\/sceaux-lagazette.fr\/index.php\/2024\/11\/04\/evenements-du-4-au-17-novembre\/\",\"name\":\"\u00c9v\u00e9nements du 4 au 17 novembre - La Gazette\",\"isPartOf\":{\"@id\":\"https:\/\/sceaux-lagazette.fr\/#website\"},\"primaryImageOfPage\":{\"@id\":\"https:\/\/sceaux-lagazette.fr\/index.php\/2024\/11\/04\/evenements-du-4-au-17-novembre\/#primaryimage\"},\"image\":{\"@id\":\"https:\/\/sceaux-lagazette.fr\/index.php\/2024\/11\/04\/evenements-du-4-au-17-novembre\/#primaryimage\"},\"thumbnailUrl\":\"https:\/\/sceaux-lagazette.fr\/wp-content\/uploads\/2024\/11\/Monument-aux-morts-Sceaux.jpg\",\"datePublished\":\"2024-11-04T07:32:01+00:00\",\"dateModified\":\"2024-11-04T20:37:35+00:00\",\"breadcrumb\":{\"@id\":\"https:\/\/sceaux-lagazette.fr\/index.php\/2024\/11\/04\/evenements-du-4-au-17-novembre\/#breadcrumb\"},\"inLanguage\":\"fr-FR\",\"potentialAction\":[{\"@type\":\"ReadAction\",\"target\":[\"https:\/\/sceaux-lagazette.fr\/index.php\/2024\/11\/04\/evenements-du-4-au-17-novembre\/\"]}]},{\"@type\":\"ImageObject\",\"inLanguage\":\"fr-FR\",\"@id\":\"https:\/\/sceaux-lagazette.fr\/index.php\/2024\/11\/04\/evenements-du-4-au-17-novembre\/#primaryimage\",\"url\":\"https:\/\/sceaux-lagazette.fr\/wp-content\/uploads\/2024\/11\/Monument-aux-morts-Sceaux.jpg\",\"contentUrl\":\"https:\/\/sceaux-lagazette.fr\/wp-content\/uploads\/2024\/11\/Monument-aux-morts-Sceaux.jpg\",\"width\":1920,\"height\":1440},{\"@type\":\"BreadcrumbList\",\"@id\":\"https:\/\/sceaux-lagazette.fr\/index.php\/2024\/11\/04\/evenements-du-4-au-17-novembre\/#breadcrumb\",\"itemListElement\":[{\"@type\":\"ListItem\",\"position\":1,\"name\":\"Accueil\",\"item\":\"https:\/\/sceaux-lagazette.fr\/\"},{\"@type\":\"ListItem\",\"position\":2,\"name\":\"\u00c9v\u00e9nements du 4 au 17 novembre\"}]},{\"@type\":\"WebSite\",\"@id\":\"https:\/\/sceaux-lagazette.fr\/#website\",\"url\":\"https:\/\/sceaux-lagazette.fr\/\",\"name\":\"La Gazette\",\"description\":\"Bourg-la-Reine, Ch\u00e2tenay, Fontenay, Sceaux\",\"publisher\":{\"@id\":\"https:\/\/sceaux-lagazette.fr\/#organization\"},\"potentialAction\":[{\"@type\":\"SearchAction\",\"target\":{\"@type\":\"EntryPoint\",\"urlTemplate\":\"https:\/\/sceaux-lagazette.fr\/?s={search_term_string}\"},\"query-input\":{\"@type\":\"PropertyValueSpecification\",\"valueRequired\":true,\"valueName\":\"search_term_string\"}}],\"inLanguage\":\"fr-FR\"},{\"@type\":\"Organization\",\"@id\":\"https:\/\/sceaux-lagazette.fr\/#organization\",\"name\":\"La Gazette\",\"url\":\"https:\/\/sceaux-lagazette.fr\/\",\"logo\":{\"@type\":\"ImageObject\",\"inLanguage\":\"fr-FR\",\"@id\":\"https:\/\/sceaux-lagazette.fr\/#\/schema\/logo\/image\/\",\"url\":\"https:\/\/sceaux-lagazette.fr\/wp-content\/uploads\/2025\/08\/Logo-Gazette-Aout-2025-V3.jpg\",\"contentUrl\":\"https:\/\/sceaux-lagazette.fr\/wp-content\/uploads\/2025\/08\/Logo-Gazette-Aout-2025-V3.jpg\",\"width\":525,\"height\":130,\"caption\":\"La Gazette\"},\"image\":{\"@id\":\"https:\/\/sceaux-lagazette.fr\/#\/schema\/logo\/image\/\"}},{\"@type\":\"Person\",\"@id\":\"https:\/\/sceaux-lagazette.fr\/#\/schema\/person\/806960bbccfc3b4ae295c2b54730eb27\",\"name\":\"LGdS\",\"image\":{\"@type\":\"ImageObject\",\"inLanguage\":\"fr-FR\",\"@id\":\"https:\/\/sceaux-lagazette.fr\/#\/schema\/person\/image\/\",\"url\":\"https:\/\/secure.gravatar.com\/avatar\/996280e569d55491618abd43c427078e?s=96&r=g\",\"contentUrl\":\"https:\/\/secure.gravatar.com\/avatar\/996280e569d55491618abd43c427078e?s=96&r=g\",\"caption\":\"LGdS\"},\"url\":\"https:\/\/sceaux-lagazette.fr\/index.php\/author\/lgds\/\"}]}<\/script>\n<!-- \/ Yoast SEO plugin. -->","yoast_head_json":{"title":"\u00c9v\u00e9nements du 4 au 17 novembre - La Gazette","robots":{"index":"index","follow":"follow","max-snippet":"max-snippet:-1","max-image-preview":"max-image-preview:large","max-video-preview":"max-video-preview:-1"},"canonical":"https:\/\/sceaux-lagazette.fr\/index.php\/2024\/11\/04\/evenements-du-4-au-17-novembre\/","og_locale":"fr_FR","og_type":"article","og_title":"\u00c9v\u00e9nements du 4 au 17 novembre - La Gazette","og_description":"Deux \u00e9v\u00e9nements principaux cette quinzaine : d&rsquo;une part les c\u00e9r\u00e9monies du 11 novembre dans toutes les communes, d&rsquo;autre part le forum de la r\u00e9novation \u00e9nerg\u00e9tique organis\u00e9 par les villes d&rsquo;Antony, Bourg-la-Reine et Sceaux, les 15, 16 et 17 novembre Armistice de la fin de la Premi\u00e8re Guerre Mondiale\u00a0: c\u00e9r\u00e9monies du&#8230;","og_url":"https:\/\/sceaux-lagazette.fr\/index.php\/2024\/11\/04\/evenements-du-4-au-17-novembre\/","og_site_name":"La Gazette","article_published_time":"2024-11-04T07:32:01+00:00","article_modified_time":"2024-11-04T20:37:35+00:00","og_image":[{"width":1920,"height":1440,"url":"https:\/\/sceaux-lagazette.fr\/wp-content\/uploads\/2024\/11\/Monument-aux-morts-Sceaux.jpg","type":"image\/jpeg"}],"author":"LGdS","twitter_card":"summary_large_image","twitter_misc":{"\u00c9crit par":"LGdS","Dur\u00e9e de lecture estim\u00e9e":"4 minutes"},"schema":{"@context":"https:\/\/schema.org","@graph":[{"@type":"Article","@id":"https:\/\/sceaux-lagazette.fr\/index.php\/2024\/11\/04\/evenements-du-4-au-17-novembre\/#article","isPartOf":{"@id":"https:\/\/sceaux-lagazette.fr\/index.php\/2024\/11\/04\/evenements-du-4-au-17-novembre\/"},"author":{"name":"LGdS","@id":"https:\/\/sceaux-lagazette.fr\/#\/schema\/person\/806960bbccfc3b4ae295c2b54730eb27"},"headline":"\u00c9v\u00e9nements du 4 au 17 novembre","datePublished":"2024-11-04T07:32:01+00:00","dateModified":"2024-11-04T20:37:35+00:00","mainEntityOfPage":{"@id":"https:\/\/sceaux-lagazette.fr\/index.php\/2024\/11\/04\/evenements-du-4-au-17-novembre\/"},"wordCount":748,"commentCount":0,"publisher":{"@id":"https:\/\/sceaux-lagazette.fr\/#organization"},"image":{"@id":"https:\/\/sceaux-lagazette.fr\/index.php\/2024\/11\/04\/evenements-du-4-au-17-novembre\/#primaryimage"},"thumbnailUrl":"https:\/\/sceaux-lagazette.fr\/wp-content\/uploads\/2024\/11\/Monument-aux-morts-Sceaux.jpg","articleSection":["Bourg-la-Reine","Ch\u00e2tenay-Malabry","Fontenay-aux-Roses","Manifestations locales","Sceaux"],"inLanguage":"fr-FR","potentialAction":[{"@type":"CommentAction","name":"Comment","target":["https:\/\/sceaux-lagazette.fr\/index.php\/2024\/11\/04\/evenements-du-4-au-17-novembre\/#respond"]}]},{"@type":"WebPage","@id":"https:\/\/sceaux-lagazette.fr\/index.php\/2024\/11\/04\/evenements-du-4-au-17-novembre\/","url":"https:\/\/sceaux-lagazette.fr\/index.php\/2024\/11\/04\/evenements-du-4-au-17-novembre\/","name":"\u00c9v\u00e9nements du 4 au 17 novembre - La Gazette","isPartOf":{"@id":"https:\/\/sceaux-lagazette.fr\/#website"},"primaryImageOfPage":{"@id":"https:\/\/sceaux-lagazette.fr\/index.php\/2024\/11\/04\/evenements-du-4-au-17-novembre\/#primaryimage"},"image":{"@id":"https:\/\/sceaux-lagazette.fr\/index.php\/2024\/11\/04\/evenements-du-4-au-17-novembre\/#primaryimage"},"thumbnailUrl":"https:\/\/sceaux-lagazette.fr\/wp-content\/uploads\/2024\/11\/Monument-aux-morts-Sceaux.jpg","datePublished":"2024-11-04T07:32:01+00:00","dateModified":"2024-11-04T20:37:35+00:00","breadcrumb":{"@id":"https:\/\/sceaux-lagazette.fr\/index.php\/2024\/11\/04\/evenements-du-4-au-17-novembre\/#breadcrumb"},"inLanguage":"fr-FR","potentialAction":[{"@type":"ReadAction","target":["https:\/\/sceaux-lagazette.fr\/index.php\/2024\/11\/04\/evenements-du-4-au-17-novembre\/"]}]},{"@type":"ImageObject","inLanguage":"fr-FR","@id":"https:\/\/sceaux-lagazette.fr\/index.php\/2024\/11\/04\/evenements-du-4-au-17-novembre\/#primaryimage","url":"https:\/\/sceaux-lagazette.fr\/wp-content\/uploads\/2024\/11\/Monument-aux-morts-Sceaux.jpg","contentUrl":"https:\/\/sceaux-lagazette.fr\/wp-content\/uploads\/2024\/11\/Monument-aux-morts-Sceaux.jpg","width":1920,"height":1440},{"@type":"BreadcrumbList","@id":"https:\/\/sceaux-lagazette.fr\/index.php\/2024\/11\/04\/evenements-du-4-au-17-novembre\/#breadcrumb","itemListElement":[{"@type":"ListItem","position":1,"name":"Accueil","item":"https:\/\/sceaux-lagazette.fr\/"},{"@type":"ListItem","position":2,"name":"\u00c9v\u00e9nements du 4 au 17 novembre"}]},{"@type":"WebSite","@id":"https:\/\/sceaux-lagazette.fr\/#website","url":"https:\/\/sceaux-lagazette.fr\/","name":"La Gazette","description":"Bourg-la-Reine, Ch\u00e2tenay, Fontenay, Sceaux","publisher":{"@id":"https:\/\/sceaux-lagazette.fr\/#organization"},"potentialAction":[{"@type":"SearchAction","target":{"@type":"EntryPoint","urlTemplate":"https:\/\/sceaux-lagazette.fr\/?s={search_term_string}"},"query-input":{"@type":"PropertyValueSpecification","valueRequired":true,"valueName":"search_term_string"}}],"inLanguage":"fr-FR"},{"@type":"Organization","@id":"https:\/\/sceaux-lagazette.fr\/#organization","name":"La Gazette","url":"https:\/\/sceaux-lagazette.fr\/","logo":{"@type":"ImageObject","inLanguage":"fr-FR","@id":"https:\/\/sceaux-lagazette.fr\/#\/schema\/logo\/image\/","url":"https:\/\/sceaux-lagazette.fr\/wp-content\/uploads\/2025\/08\/Logo-Gazette-Aout-2025-V3.jpg","contentUrl":"https:\/\/sceaux-lagazette.fr\/wp-content\/uploads\/2025\/08\/Logo-Gazette-Aout-2025-V3.jpg","width":525,"height":130,"caption":"La Gazette"},"image":{"@id":"https:\/\/sceaux-lagazette.fr\/#\/schema\/logo\/image\/"}},{"@type":"Person","@id":"https:\/\/sceaux-lagazette.fr\/#\/schema\/person\/806960bbccfc3b4ae295c2b54730eb27","name":"LGdS","image":{"@type":"ImageObject","inLanguage":"fr-FR","@id":"https:\/\/sceaux-lagazette.fr\/#\/schema\/person\/image\/","url":"https:\/\/secure.gravatar.com\/avatar\/996280e569d55491618abd43c427078e?s=96&r=g","contentUrl":"https:\/\/secure.gravatar.com\/avatar\/996280e569d55491618abd43c427078e?s=96&r=g","caption":"LGdS"},"url":"https:\/\/sceaux-lagazette.fr\/index.php\/author\/lgds\/"}]}},"cc_featured_image_caption":{"caption_text":"","source_text":"","source_url":""},"_links":{"self":[{"href":"https:\/\/sceaux-lagazette.fr\/index.php\/wp-json\/wp\/v2\/posts\/41991"}],"collection":[{"href":"https:\/\/sceaux-lagazette.fr\/index.php\/wp-json\/wp\/v2\/posts"}],"about":[{"href":"https:\/\/sceaux-lagazette.fr\/index.php\/wp-json\/wp\/v2\/types\/post"}],"author":[{"embeddable":true,"href":"https:\/\/sceaux-lagazette.fr\/index.php\/wp-json\/wp\/v2\/users\/20"}],"replies":[{"embeddable":true,"href":"https:\/\/sceaux-lagazette.fr\/index.php\/wp-json\/wp\/v2\/comments?post=41991"}],"version-history":[{"count":2,"href":"https:\/\/sceaux-lagazette.fr\/index.php\/wp-json\/wp\/v2\/posts\/41991\/revisions"}],"predecessor-version":[{"id":42002,"href":"https:\/\/sceaux-lagazette.fr\/index.php\/wp-json\/wp\/v2\/posts\/41991\/revisions\/42002"}],"wp:featuredmedia":[{"embeddable":true,"href":"https:\/\/sceaux-lagazette.fr\/index.php\/wp-json\/wp\/v2\/media\/42001"}],"wp:attachment":[{"href":"https:\/\/sceaux-lagazette.fr\/index.php\/wp-json\/wp\/v2\/media?parent=41991"}],"wp:term":[{"taxonomy":"category","embeddable":true,"href":"https:\/\/sceaux-lagazette.fr\/index.php\/wp-json\/wp\/v2\/categories?post=41991"},{"taxonomy":"post_tag","embeddable":true,"href":"https:\/\/sceaux-lagazette.fr\/index.php\/wp-json\/wp\/v2\/tags?post=41991"}],"curies":[{"name":"wp","href":"https:\/\/api.w.org\/{rel}","templated":true}]}}