{"id":41886,"date":"2024-10-09T09:30:25","date_gmt":"2024-10-09T07:30:25","guid":{"rendered":"https:\/\/sceaux-lagazette.fr\/?p=41886"},"modified":"2024-10-09T09:53:42","modified_gmt":"2024-10-09T07:53:42","slug":"un-chemin-sylvestre-a-chatenay-malabry","status":"publish","type":"post","link":"https:\/\/sceaux-lagazette.fr\/index.php\/2024\/10\/09\/un-chemin-sylvestre-a-chatenay-malabry\/","title":{"rendered":"Un chemin sylvestre \u00e0 Ch\u00e2tenay-Malabry"},"content":{"rendered":"\n<p><strong>RELEVE SUR LE WEB <\/strong>Samedi dernier prenait forme juste derri\u00e8re la cit\u00e9-jardin de la Butte-Rouge \u00ab<em>&nbsp;une toute nouvelle promenade pi\u00e9tonne et <\/em>cyclable, am\u00e9nag\u00e9e au c\u0153ur de la for\u00eat domaniale&nbsp;\u00e0 Ch\u00e2tenay-Malabry.&nbsp;\u00bb<a href=\"#_ftn1\" id=\"_ftnref1\">[1]<\/a> L\u2019inauguration s\u2019est faite en pr\u00e9sence de Georges Siffredi, pr\u00e9sident du D\u00e9partement des Hauts-de-Seine, aux c\u00f4t\u00e9s de Carl Segaud, maire de Ch\u00e2tenay-Malabry, et Jean-Didier Berger , Pr\u00e9sident de Vall\u00e9e Sud &#8211; Grand Paris.<\/p>\n\n\n\n<p>Le parcours de 2km \u00e0 l&rsquo;or\u00e9e de la for\u00eat de Verri\u00e8res est un am\u00e9nagement pour pi\u00e9tons et cyclistes<strong>, <\/strong>avec un soin particulier apport\u00e9 \u00e0 la d\u00e9fense de l&rsquo;environnement. L&rsquo;ONF, explique Anne-Sophie Damecour dans Le Parisien de lundi, a particip\u00e9 \u00e0 l&rsquo;\u00e9laboration du projet puisque \u00ab<em>\u00a0la for\u00eat domaniale est propri\u00e9t\u00e9 de l&rsquo;\u00c9tat, qui a notamment valid\u00e9 le cahier des charges pour que l&rsquo;am\u00e9nagement soit compatible avec la pr\u00e9servation de la biodiversit\u00e9 existante.\u00a0<\/em>\u00bb Car des renards, crapauds, chevreuils, mais aussi de nombreuses esp\u00e8ces d&rsquo;oiseaux habitent cette for\u00eat domaniale de 567 ha, \u00e9galement peupl\u00e9e de ch\u00eanes, ch\u00e2taigniers, fr\u00eanes, charmes et bouleaux.<\/p>\n\n\n\n<h2 class=\"wp-block-heading\">Le f\u00e9e \u00e9lectricit\u00e9 s\u2019\u00e9vanouit aux heures creuses<\/h2>\n\n\n\n<p>Un \u00e9clairage \u00e9cologique variable est en place pour ne pas perturber la faune, avec extinction des feux entre 23 heures et 5 heures du matin. Il faut savoir que l\u2019\u00e9clairage artificiel nocturne n\u2019est pas sans cons\u00e9quence sur les \u00e9cosyst\u00e8mes, perturbant les comportements et les rythmes naturels des animaux et des plantes. Par exemple, explique le CDPNP<a id=\"_ftnref2\" href=\"#_ftn2\">[2]<\/a>,  il peut retarder le d\u00e9part \u00e0 la chasse des chauves-souris, perturber le rythme circadien des organismes et entraver la pollinisation nocturne par les insectes. De plus, <em>\u00ab\u00a0il peut agir comme un pi\u00e8ge ou une barri\u00e8re pour les organismes nocturnes, affectant leurs mouvements et interactions<\/em>.\u00a0\u00bb<\/p>\n\n\n\n<p>Le m\u00eame site (suisse, incidemment, et le souci environnemental des Suisses n\u2019est pas \u00e0 d\u00e9montrer) fait savoir qu\u2019il existe des solutions innovantes d\u2019\u00e9clairage public. Une r\u00e9duction flexible de l\u2019intensit\u00e9 lumineuse permet de cr\u00e9er des corridors plus sombres favorables aux insectes nocturnes et aux chauves-souris. La conception de notre parcours sylvestre s\u2019en est, semble-t-il, inspir\u00e9.<\/p>\n\n\n\n<h2 class=\"wp-block-heading\">Plus la d\u00e9co<\/h2>\n\n\n\n<p>Mais l\u00e0 o\u00f9 l\u2019homme pose le pied, il pose aussi la main. Des r\u00e9alisations des centres de loisirs de Ch\u00e2tenay-Malabry d\u00e9corent le parcours. Ce sont des repr\u00e9sentations sous forme de panneaux de signalisation humoristiques avec un crapaud coiff\u00e9 d&rsquo;une couronne, un renard tenant son fromage, un \u00ab\u00a0<em>cerf avec des ailes, <\/em>pr\u00e9cise Le Parisien,<em> pour un jeu de mots avec les cerfs-volants m\u00eame si ce sont plut\u00f4t des chevreuils qui se prom\u00e8nent dans les parages. Ou encore cette famille h\u00e9risson qui se balade avec un ballon gonflable au-dessus de leurs pics.\u00a0\u00bb<\/em>\u00a0<\/p>\n\n\n\n<p>Dans l\u2019esprit du maire de Ch\u00e2tenay, Carl Segaud, il s\u2019agissait de cr\u00e9er un trait d&rsquo;union entre la cit\u00e9-jardin et la for\u00eat de Verri\u00e8res. Laquelle for\u00eat, ancienne propri\u00e9t\u00e9 eccl\u00e9siastique, apprend-on sur <a href=\"https:\/\/www.onf.fr\/onf\/%2B\/c13::foret-domaniale-de-verrieres-une-oasis-verte-au-coeur-de-la-region-parisienne.html\">le site de l\u2019ONF<\/a>, \u00e9tait tr\u00e8s appr\u00e9ci\u00e9e d\u2019Henri IV et de Louis XIII. Devant une aussi royale s\u00e9duction, on ne pourra \u00e9viter d\u2019y aller promener. <a href=\"https:\/\/www.onf.fr\/outils\/long-reads\/e33315b0-56f3-4244-bc09-2a856a3a4d0f\/++versions++\/1\/++paras++\/2\/++attr++data\/++conversions++\/video.mp4?_=1624007913.665951\">Une petite vid\u00e9o avec G\u00e9rald Sivry<\/a>, forestier \u00e0 l&rsquo;ONF, donne un avant-go\u00fbt de la SAD, la sylve \u00e0 d\u00e9couvrir.<\/p>\n\n\n\n<hr class=\"wp-block-separator has-alpha-channel-opacity\"\/>\n\n\n\n<p><a href=\"#_ftnref1\" id=\"_ftn1\">[1]<\/a> <a href=\"https:\/\/www.facebook.com\/villechatenaymalabry?locale=nn_NO\">https:\/\/www.facebook.com\/villechatenaymalabry?locale=nn_NO<\/a><\/p>\n\n\n\n<p><a href=\"#_ftnref2\" id=\"_ftn2\">[2]<\/a> CDPNP : Conf\u00e9rence des d\u00e9l\u00e9gu\u00e9s \u00e0 la protection de la nature et des paysages <a href=\"https:\/\/kbnl.ch\/fr\/2018\/09\/11\/dimmbare-led-strassenleuchten-gute-aussichten-fuer-nachtinsekten-und-fledermaeuse\/\">https:\/\/kbnl.ch\/fr\/2018\/09\/11\/dimmbare-led-strassenleuchten-gute-aussichten-fuer-nachtinsekten-und-fledermaeuse\/<\/a><\/p>\n\n\n\n<p><\/p>\n","protected":false},"excerpt":{"rendered":"<p>RELEVE SUR LE WEB Samedi dernier prenait forme juste derri\u00e8re la cit\u00e9-jardin de la Butte-Rouge \u00ab&nbsp;une toute nouvelle promenade pi\u00e9tonne et cyclable, am\u00e9nag\u00e9e au c\u0153ur de la for\u00eat domaniale&nbsp;\u00e0 Ch\u00e2tenay-Malabry.&nbsp;\u00bb[1] L\u2019inauguration s\u2019est faite en pr\u00e9sence de Georges Siffredi, pr\u00e9sident du D\u00e9partement des Hauts-de-Seine, aux c\u00f4t\u00e9s de Carl Segaud, maire de&#8230;<\/p>\n","protected":false},"author":27,"featured_media":41883,"comment_status":"open","ping_status":"open","sticky":false,"template":"","format":"standard","meta":{"om_disable_all_campaigns":false,"_monsterinsights_skip_tracking":false,"_monsterinsights_sitenote_active":false,"_monsterinsights_sitenote_note":"","_monsterinsights_sitenote_category":0,"_uf_show_specific_survey":0,"_uf_disable_surveys":false,"footnotes":""},"categories":[263,258],"tags":[],"class_list":["post-41886","post","type-post","status-publish","format-standard","has-post-thumbnail","hentry","category-chatenay-malabry","category-environnement","entry","simple"],"yoast_head":"<!-- This site is optimized with the Yoast SEO plugin v25.6 - https:\/\/yoast.com\/wordpress\/plugins\/seo\/ -->\n<title>Un chemin sylvestre \u00e0 Ch\u00e2tenay-Malabry - La Gazette<\/title>\n<meta name=\"robots\" content=\"index, follow, max-snippet:-1, max-image-preview:large, max-video-preview:-1\" \/>\n<link rel=\"canonical\" href=\"https:\/\/sceaux-lagazette.fr\/index.php\/2024\/10\/09\/un-chemin-sylvestre-a-chatenay-malabry\/\" \/>\n<meta property=\"og:locale\" content=\"fr_FR\" \/>\n<meta property=\"og:type\" content=\"article\" \/>\n<meta property=\"og:title\" content=\"Un chemin sylvestre \u00e0 Ch\u00e2tenay-Malabry - La Gazette\" \/>\n<meta property=\"og:description\" content=\"RELEVE SUR LE WEB Samedi dernier prenait forme juste derri\u00e8re la cit\u00e9-jardin de la Butte-Rouge \u00ab&nbsp;une toute nouvelle promenade pi\u00e9tonne et cyclable, am\u00e9nag\u00e9e au c\u0153ur de la for\u00eat domaniale&nbsp;\u00e0 Ch\u00e2tenay-Malabry.&nbsp;\u00bb[1] L\u2019inauguration s\u2019est faite en pr\u00e9sence de Georges Siffredi, pr\u00e9sident du D\u00e9partement des Hauts-de-Seine, aux c\u00f4t\u00e9s de Carl Segaud, maire de&#8230;\" \/>\n<meta property=\"og:url\" content=\"https:\/\/sceaux-lagazette.fr\/index.php\/2024\/10\/09\/un-chemin-sylvestre-a-chatenay-malabry\/\" \/>\n<meta property=\"og:site_name\" content=\"La Gazette\" \/>\n<meta property=\"article:published_time\" content=\"2024-10-09T07:30:25+00:00\" \/>\n<meta property=\"article:modified_time\" content=\"2024-10-09T07:53:42+00:00\" \/>\n<meta property=\"og:image\" content=\"https:\/\/sceaux-lagazette.fr\/wp-content\/uploads\/2024\/10\/Chemin-sylvestre-et-cerf-volant.jpg\" \/>\n\t<meta property=\"og:image:width\" content=\"1920\" \/>\n\t<meta property=\"og:image:height\" content=\"1053\" \/>\n\t<meta property=\"og:image:type\" content=\"image\/jpeg\" \/>\n<meta name=\"author\" content=\"Lea Tabarin\" \/>\n<meta name=\"twitter:card\" content=\"summary_large_image\" \/>\n<meta name=\"twitter:label1\" content=\"\u00c9crit par\" \/>\n\t<meta name=\"twitter:data1\" content=\"Lea Tabarin\" \/>\n\t<meta name=\"twitter:label2\" content=\"Dur\u00e9e de lecture estim\u00e9e\" \/>\n\t<meta name=\"twitter:data2\" content=\"3 minutes\" \/>\n<script type=\"application\/ld+json\" class=\"yoast-schema-graph\">{\"@context\":\"https:\/\/schema.org\",\"@graph\":[{\"@type\":\"Article\",\"@id\":\"https:\/\/sceaux-lagazette.fr\/index.php\/2024\/10\/09\/un-chemin-sylvestre-a-chatenay-malabry\/#article\",\"isPartOf\":{\"@id\":\"https:\/\/sceaux-lagazette.fr\/index.php\/2024\/10\/09\/un-chemin-sylvestre-a-chatenay-malabry\/\"},\"author\":{\"name\":\"Lea Tabarin\",\"@id\":\"https:\/\/sceaux-lagazette.fr\/#\/schema\/person\/d47abc6acce7281f9c58dc451d96f8fb\"},\"headline\":\"Un chemin sylvestre \u00e0 Ch\u00e2tenay-Malabry\",\"datePublished\":\"2024-10-09T07:30:25+00:00\",\"dateModified\":\"2024-10-09T07:53:42+00:00\",\"mainEntityOfPage\":{\"@id\":\"https:\/\/sceaux-lagazette.fr\/index.php\/2024\/10\/09\/un-chemin-sylvestre-a-chatenay-malabry\/\"},\"wordCount\":608,\"commentCount\":0,\"publisher\":{\"@id\":\"https:\/\/sceaux-lagazette.fr\/#organization\"},\"image\":{\"@id\":\"https:\/\/sceaux-lagazette.fr\/index.php\/2024\/10\/09\/un-chemin-sylvestre-a-chatenay-malabry\/#primaryimage\"},\"thumbnailUrl\":\"https:\/\/sceaux-lagazette.fr\/wp-content\/uploads\/2024\/10\/Chemin-sylvestre-et-cerf-volant.jpg\",\"articleSection\":[\"Ch\u00e2tenay-Malabry\",\"Environnement\"],\"inLanguage\":\"fr-FR\",\"potentialAction\":[{\"@type\":\"CommentAction\",\"name\":\"Comment\",\"target\":[\"https:\/\/sceaux-lagazette.fr\/index.php\/2024\/10\/09\/un-chemin-sylvestre-a-chatenay-malabry\/#respond\"]}]},{\"@type\":\"WebPage\",\"@id\":\"https:\/\/sceaux-lagazette.fr\/index.php\/2024\/10\/09\/un-chemin-sylvestre-a-chatenay-malabry\/\",\"url\":\"https:\/\/sceaux-lagazette.fr\/index.php\/2024\/10\/09\/un-chemin-sylvestre-a-chatenay-malabry\/\",\"name\":\"Un chemin sylvestre \u00e0 Ch\u00e2tenay-Malabry - La Gazette\",\"isPartOf\":{\"@id\":\"https:\/\/sceaux-lagazette.fr\/#website\"},\"primaryImageOfPage\":{\"@id\":\"https:\/\/sceaux-lagazette.fr\/index.php\/2024\/10\/09\/un-chemin-sylvestre-a-chatenay-malabry\/#primaryimage\"},\"image\":{\"@id\":\"https:\/\/sceaux-lagazette.fr\/index.php\/2024\/10\/09\/un-chemin-sylvestre-a-chatenay-malabry\/#primaryimage\"},\"thumbnailUrl\":\"https:\/\/sceaux-lagazette.fr\/wp-content\/uploads\/2024\/10\/Chemin-sylvestre-et-cerf-volant.jpg\",\"datePublished\":\"2024-10-09T07:30:25+00:00\",\"dateModified\":\"2024-10-09T07:53:42+00:00\",\"breadcrumb\":{\"@id\":\"https:\/\/sceaux-lagazette.fr\/index.php\/2024\/10\/09\/un-chemin-sylvestre-a-chatenay-malabry\/#breadcrumb\"},\"inLanguage\":\"fr-FR\",\"potentialAction\":[{\"@type\":\"ReadAction\",\"target\":[\"https:\/\/sceaux-lagazette.fr\/index.php\/2024\/10\/09\/un-chemin-sylvestre-a-chatenay-malabry\/\"]}]},{\"@type\":\"ImageObject\",\"inLanguage\":\"fr-FR\",\"@id\":\"https:\/\/sceaux-lagazette.fr\/index.php\/2024\/10\/09\/un-chemin-sylvestre-a-chatenay-malabry\/#primaryimage\",\"url\":\"https:\/\/sceaux-lagazette.fr\/wp-content\/uploads\/2024\/10\/Chemin-sylvestre-et-cerf-volant.jpg\",\"contentUrl\":\"https:\/\/sceaux-lagazette.fr\/wp-content\/uploads\/2024\/10\/Chemin-sylvestre-et-cerf-volant.jpg\",\"width\":1920,\"height\":1053},{\"@type\":\"BreadcrumbList\",\"@id\":\"https:\/\/sceaux-lagazette.fr\/index.php\/2024\/10\/09\/un-chemin-sylvestre-a-chatenay-malabry\/#breadcrumb\",\"itemListElement\":[{\"@type\":\"ListItem\",\"position\":1,\"name\":\"Accueil\",\"item\":\"https:\/\/sceaux-lagazette.fr\/\"},{\"@type\":\"ListItem\",\"position\":2,\"name\":\"Un chemin sylvestre \u00e0 Ch\u00e2tenay-Malabry\"}]},{\"@type\":\"WebSite\",\"@id\":\"https:\/\/sceaux-lagazette.fr\/#website\",\"url\":\"https:\/\/sceaux-lagazette.fr\/\",\"name\":\"La Gazette\",\"description\":\"Bourg-la-Reine, Ch\u00e2tenay, Fontenay, Sceaux\",\"publisher\":{\"@id\":\"https:\/\/sceaux-lagazette.fr\/#organization\"},\"potentialAction\":[{\"@type\":\"SearchAction\",\"target\":{\"@type\":\"EntryPoint\",\"urlTemplate\":\"https:\/\/sceaux-lagazette.fr\/?s={search_term_string}\"},\"query-input\":{\"@type\":\"PropertyValueSpecification\",\"valueRequired\":true,\"valueName\":\"search_term_string\"}}],\"inLanguage\":\"fr-FR\"},{\"@type\":\"Organization\",\"@id\":\"https:\/\/sceaux-lagazette.fr\/#organization\",\"name\":\"La Gazette\",\"url\":\"https:\/\/sceaux-lagazette.fr\/\",\"logo\":{\"@type\":\"ImageObject\",\"inLanguage\":\"fr-FR\",\"@id\":\"https:\/\/sceaux-lagazette.fr\/#\/schema\/logo\/image\/\",\"url\":\"https:\/\/sceaux-lagazette.fr\/wp-content\/uploads\/2025\/08\/Logo-Gazette-Aout-2025-V3.jpg\",\"contentUrl\":\"https:\/\/sceaux-lagazette.fr\/wp-content\/uploads\/2025\/08\/Logo-Gazette-Aout-2025-V3.jpg\",\"width\":525,\"height\":130,\"caption\":\"La Gazette\"},\"image\":{\"@id\":\"https:\/\/sceaux-lagazette.fr\/#\/schema\/logo\/image\/\"}},{\"@type\":\"Person\",\"@id\":\"https:\/\/sceaux-lagazette.fr\/#\/schema\/person\/d47abc6acce7281f9c58dc451d96f8fb\",\"name\":\"Lea Tabarin\",\"image\":{\"@type\":\"ImageObject\",\"inLanguage\":\"fr-FR\",\"@id\":\"https:\/\/sceaux-lagazette.fr\/#\/schema\/person\/image\/\",\"url\":\"https:\/\/secure.gravatar.com\/avatar\/387b26cf27091e237fbaa80cf2a3a6a2?s=96&r=g\",\"contentUrl\":\"https:\/\/secure.gravatar.com\/avatar\/387b26cf27091e237fbaa80cf2a3a6a2?s=96&r=g\",\"caption\":\"Lea Tabarin\"},\"url\":\"https:\/\/sceaux-lagazette.fr\/index.php\/author\/lea-tabarin\/\"}]}<\/script>\n<!-- \/ Yoast SEO plugin. -->","yoast_head_json":{"title":"Un chemin sylvestre \u00e0 Ch\u00e2tenay-Malabry - La Gazette","robots":{"index":"index","follow":"follow","max-snippet":"max-snippet:-1","max-image-preview":"max-image-preview:large","max-video-preview":"max-video-preview:-1"},"canonical":"https:\/\/sceaux-lagazette.fr\/index.php\/2024\/10\/09\/un-chemin-sylvestre-a-chatenay-malabry\/","og_locale":"fr_FR","og_type":"article","og_title":"Un chemin sylvestre \u00e0 Ch\u00e2tenay-Malabry - La Gazette","og_description":"RELEVE SUR LE WEB Samedi dernier prenait forme juste derri\u00e8re la cit\u00e9-jardin de la Butte-Rouge \u00ab&nbsp;une toute nouvelle promenade pi\u00e9tonne et cyclable, am\u00e9nag\u00e9e au c\u0153ur de la for\u00eat domaniale&nbsp;\u00e0 Ch\u00e2tenay-Malabry.&nbsp;\u00bb[1] L\u2019inauguration s\u2019est faite en pr\u00e9sence de Georges Siffredi, pr\u00e9sident du D\u00e9partement des Hauts-de-Seine, aux c\u00f4t\u00e9s de Carl Segaud, maire de&#8230;","og_url":"https:\/\/sceaux-lagazette.fr\/index.php\/2024\/10\/09\/un-chemin-sylvestre-a-chatenay-malabry\/","og_site_name":"La Gazette","article_published_time":"2024-10-09T07:30:25+00:00","article_modified_time":"2024-10-09T07:53:42+00:00","og_image":[{"width":1920,"height":1053,"url":"https:\/\/sceaux-lagazette.fr\/wp-content\/uploads\/2024\/10\/Chemin-sylvestre-et-cerf-volant.jpg","type":"image\/jpeg"}],"author":"Lea Tabarin","twitter_card":"summary_large_image","twitter_misc":{"\u00c9crit par":"Lea Tabarin","Dur\u00e9e de lecture estim\u00e9e":"3 minutes"},"schema":{"@context":"https:\/\/schema.org","@graph":[{"@type":"Article","@id":"https:\/\/sceaux-lagazette.fr\/index.php\/2024\/10\/09\/un-chemin-sylvestre-a-chatenay-malabry\/#article","isPartOf":{"@id":"https:\/\/sceaux-lagazette.fr\/index.php\/2024\/10\/09\/un-chemin-sylvestre-a-chatenay-malabry\/"},"author":{"name":"Lea Tabarin","@id":"https:\/\/sceaux-lagazette.fr\/#\/schema\/person\/d47abc6acce7281f9c58dc451d96f8fb"},"headline":"Un chemin sylvestre \u00e0 Ch\u00e2tenay-Malabry","datePublished":"2024-10-09T07:30:25+00:00","dateModified":"2024-10-09T07:53:42+00:00","mainEntityOfPage":{"@id":"https:\/\/sceaux-lagazette.fr\/index.php\/2024\/10\/09\/un-chemin-sylvestre-a-chatenay-malabry\/"},"wordCount":608,"commentCount":0,"publisher":{"@id":"https:\/\/sceaux-lagazette.fr\/#organization"},"image":{"@id":"https:\/\/sceaux-lagazette.fr\/index.php\/2024\/10\/09\/un-chemin-sylvestre-a-chatenay-malabry\/#primaryimage"},"thumbnailUrl":"https:\/\/sceaux-lagazette.fr\/wp-content\/uploads\/2024\/10\/Chemin-sylvestre-et-cerf-volant.jpg","articleSection":["Ch\u00e2tenay-Malabry","Environnement"],"inLanguage":"fr-FR","potentialAction":[{"@type":"CommentAction","name":"Comment","target":["https:\/\/sceaux-lagazette.fr\/index.php\/2024\/10\/09\/un-chemin-sylvestre-a-chatenay-malabry\/#respond"]}]},{"@type":"WebPage","@id":"https:\/\/sceaux-lagazette.fr\/index.php\/2024\/10\/09\/un-chemin-sylvestre-a-chatenay-malabry\/","url":"https:\/\/sceaux-lagazette.fr\/index.php\/2024\/10\/09\/un-chemin-sylvestre-a-chatenay-malabry\/","name":"Un chemin sylvestre \u00e0 Ch\u00e2tenay-Malabry - La Gazette","isPartOf":{"@id":"https:\/\/sceaux-lagazette.fr\/#website"},"primaryImageOfPage":{"@id":"https:\/\/sceaux-lagazette.fr\/index.php\/2024\/10\/09\/un-chemin-sylvestre-a-chatenay-malabry\/#primaryimage"},"image":{"@id":"https:\/\/sceaux-lagazette.fr\/index.php\/2024\/10\/09\/un-chemin-sylvestre-a-chatenay-malabry\/#primaryimage"},"thumbnailUrl":"https:\/\/sceaux-lagazette.fr\/wp-content\/uploads\/2024\/10\/Chemin-sylvestre-et-cerf-volant.jpg","datePublished":"2024-10-09T07:30:25+00:00","dateModified":"2024-10-09T07:53:42+00:00","breadcrumb":{"@id":"https:\/\/sceaux-lagazette.fr\/index.php\/2024\/10\/09\/un-chemin-sylvestre-a-chatenay-malabry\/#breadcrumb"},"inLanguage":"fr-FR","potentialAction":[{"@type":"ReadAction","target":["https:\/\/sceaux-lagazette.fr\/index.php\/2024\/10\/09\/un-chemin-sylvestre-a-chatenay-malabry\/"]}]},{"@type":"ImageObject","inLanguage":"fr-FR","@id":"https:\/\/sceaux-lagazette.fr\/index.php\/2024\/10\/09\/un-chemin-sylvestre-a-chatenay-malabry\/#primaryimage","url":"https:\/\/sceaux-lagazette.fr\/wp-content\/uploads\/2024\/10\/Chemin-sylvestre-et-cerf-volant.jpg","contentUrl":"https:\/\/sceaux-lagazette.fr\/wp-content\/uploads\/2024\/10\/Chemin-sylvestre-et-cerf-volant.jpg","width":1920,"height":1053},{"@type":"BreadcrumbList","@id":"https:\/\/sceaux-lagazette.fr\/index.php\/2024\/10\/09\/un-chemin-sylvestre-a-chatenay-malabry\/#breadcrumb","itemListElement":[{"@type":"ListItem","position":1,"name":"Accueil","item":"https:\/\/sceaux-lagazette.fr\/"},{"@type":"ListItem","position":2,"name":"Un chemin sylvestre \u00e0 Ch\u00e2tenay-Malabry"}]},{"@type":"WebSite","@id":"https:\/\/sceaux-lagazette.fr\/#website","url":"https:\/\/sceaux-lagazette.fr\/","name":"La Gazette","description":"Bourg-la-Reine, Ch\u00e2tenay, Fontenay, Sceaux","publisher":{"@id":"https:\/\/sceaux-lagazette.fr\/#organization"},"potentialAction":[{"@type":"SearchAction","target":{"@type":"EntryPoint","urlTemplate":"https:\/\/sceaux-lagazette.fr\/?s={search_term_string}"},"query-input":{"@type":"PropertyValueSpecification","valueRequired":true,"valueName":"search_term_string"}}],"inLanguage":"fr-FR"},{"@type":"Organization","@id":"https:\/\/sceaux-lagazette.fr\/#organization","name":"La Gazette","url":"https:\/\/sceaux-lagazette.fr\/","logo":{"@type":"ImageObject","inLanguage":"fr-FR","@id":"https:\/\/sceaux-lagazette.fr\/#\/schema\/logo\/image\/","url":"https:\/\/sceaux-lagazette.fr\/wp-content\/uploads\/2025\/08\/Logo-Gazette-Aout-2025-V3.jpg","contentUrl":"https:\/\/sceaux-lagazette.fr\/wp-content\/uploads\/2025\/08\/Logo-Gazette-Aout-2025-V3.jpg","width":525,"height":130,"caption":"La Gazette"},"image":{"@id":"https:\/\/sceaux-lagazette.fr\/#\/schema\/logo\/image\/"}},{"@type":"Person","@id":"https:\/\/sceaux-lagazette.fr\/#\/schema\/person\/d47abc6acce7281f9c58dc451d96f8fb","name":"Lea Tabarin","image":{"@type":"ImageObject","inLanguage":"fr-FR","@id":"https:\/\/sceaux-lagazette.fr\/#\/schema\/person\/image\/","url":"https:\/\/secure.gravatar.com\/avatar\/387b26cf27091e237fbaa80cf2a3a6a2?s=96&r=g","contentUrl":"https:\/\/secure.gravatar.com\/avatar\/387b26cf27091e237fbaa80cf2a3a6a2?s=96&r=g","caption":"Lea Tabarin"},"url":"https:\/\/sceaux-lagazette.fr\/index.php\/author\/lea-tabarin\/"}]}},"cc_featured_image_caption":{"caption_text":"Source FB Ch\u00e2tenay-Malabry d'aujourd'hui","source_text":"","source_url":""},"_links":{"self":[{"href":"https:\/\/sceaux-lagazette.fr\/index.php\/wp-json\/wp\/v2\/posts\/41886"}],"collection":[{"href":"https:\/\/sceaux-lagazette.fr\/index.php\/wp-json\/wp\/v2\/posts"}],"about":[{"href":"https:\/\/sceaux-lagazette.fr\/index.php\/wp-json\/wp\/v2\/types\/post"}],"author":[{"embeddable":true,"href":"https:\/\/sceaux-lagazette.fr\/index.php\/wp-json\/wp\/v2\/users\/27"}],"replies":[{"embeddable":true,"href":"https:\/\/sceaux-lagazette.fr\/index.php\/wp-json\/wp\/v2\/comments?post=41886"}],"version-history":[{"count":2,"href":"https:\/\/sceaux-lagazette.fr\/index.php\/wp-json\/wp\/v2\/posts\/41886\/revisions"}],"predecessor-version":[{"id":41890,"href":"https:\/\/sceaux-lagazette.fr\/index.php\/wp-json\/wp\/v2\/posts\/41886\/revisions\/41890"}],"wp:featuredmedia":[{"embeddable":true,"href":"https:\/\/sceaux-lagazette.fr\/index.php\/wp-json\/wp\/v2\/media\/41883"}],"wp:attachment":[{"href":"https:\/\/sceaux-lagazette.fr\/index.php\/wp-json\/wp\/v2\/media?parent=41886"}],"wp:term":[{"taxonomy":"category","embeddable":true,"href":"https:\/\/sceaux-lagazette.fr\/index.php\/wp-json\/wp\/v2\/categories?post=41886"},{"taxonomy":"post_tag","embeddable":true,"href":"https:\/\/sceaux-lagazette.fr\/index.php\/wp-json\/wp\/v2\/tags?post=41886"}],"curies":[{"name":"wp","href":"https:\/\/api.w.org\/{rel}","templated":true}]}}