{"id":41795,"date":"2024-09-27T08:30:16","date_gmt":"2024-09-27T06:30:16","guid":{"rendered":"https:\/\/sceaux-lagazette.fr\/?p=41795"},"modified":"2024-09-27T08:30:17","modified_gmt":"2024-09-27T06:30:17","slug":"10-ans-et-une-journee-pour-ads-a-bourg-la-reine","status":"publish","type":"post","link":"https:\/\/sceaux-lagazette.fr\/index.php\/2024\/09\/27\/10-ans-et-une-journee-pour-ads-a-bourg-la-reine\/","title":{"rendered":"10 ans et une journ\u00e9e pour ADS \u00e0 Bourg-la-Reine"},"content":{"rendered":"\n<p>L<a href=\"https:\/\/ads-blr.fr\/\">\u2019association <em>BLR dynamique et solidaire<\/em><\/a> (ADS BLR) a organis\u00e9 pour ses 10 ans d\u2019existence \u00ab\u00a0<em>une journ\u00e9e festive et d\u2019\u00e9changes<\/em>\u00a0\u00bb. L\u2019occasion de pr\u00e9senter, en alternant s\u00e9quences ludiques et t\u00e9moignages, sa <a href=\"https:\/\/sceaux-lagazette.fr\/index.php\/2023\/01\/26\/une-association-particulierement-dynamique-a-bourg-la-reine\/\" target=\"_blank\" rel=\"noreferrer noopener\">double activit\u00e9<\/a>\u00a0: sensibilisation du public sur une s\u00e9rie de questions de soci\u00e9t\u00e9\u00a0et aide concr\u00e8te \u00e0 des b\u00e9n\u00e9ficiaires qui en ont besoin.<\/p>\n\n\n\n<h2 class=\"wp-block-heading\">Une journ\u00e9e bien remplie pour ce 21 septembre<\/h2>\n\n\n\n<p>Spectacle par <a href=\"https:\/\/www.net1901.org\/association\/LA-COMPAGNIE-DE-LA-MOUETTE,3470846.html\">la compagnie <em>La Mouette<\/em>,<\/a> ensemble vocal <em>I have a dream<\/em>, t\u00e9moignages des partenaires, des b\u00e9n\u00e9ficiaires et des b\u00e9n\u00e9voles, plusieurs vid\u00e9os, l\u2019association avait bien fait les choses. On l\u2019a compris\u00a0: le mot \u00ab\u00a0dynamique\u00a0\u00bb dans le nom de l\u2019association n\u2019est pas un vain mot\u00a0!<\/p>\n\n\n\n<h2 class=\"wp-block-heading\">Conf\u00e9rences et expositions<\/h2>\n\n\n\n<p>ADS organise des conf\u00e9rences-d\u00e9bats sur des sujets d\u2019actualit\u00e9 avec la volont\u00e9 d\u2019apporter des cl\u00e9s de compr\u00e9hension et\/ou des outils pour agir. Ainsi, en 2023, ADS a trait\u00e9 de la prostitution des mineurs (le 14 janvier) et de l\u2019emprise (comprendre l\u2019emprise) le 25 novembre. Tous ces \u00e9v\u00e9nements se tiennent avec la participation encourag\u00e9e de chanteurs, po\u00e8tes, conteurs, ou tout autre artiste.<\/p>\n\n\n\n<p>Les expositions mettent en avant des talents locaux ou servent de contrepoint \u00e0 un \u00e9v\u00e8nement. Elles sont r\u00e9alis\u00e9es dans diff\u00e9rents lieux o\u00f9 ADS est invit\u00e9. Notamment dans les locaux du Cr\u00e9dit Mutuel de Bourg-la-Reine avec lequel ADS a un partenariat.<\/p>\n\n\n\n<p>En 2024, on compte d\u00e9j\u00e0 4 expositions&nbsp;: Exposition peinture Jane Lorrain, Exposition <em>Femmes<\/em> (avec <em>Le rendez-vous des photographes<\/em>), Exposition peinture de H3llly \u00ab&nbsp;Les sportives&nbsp;\u00bb, Exposition peinture Dominique Reboux.<\/p>\n\n\n\n<h2 class=\"wp-block-heading\">Aide \u00e0 l\u2019insertion<\/h2>\n\n\n\n<p>L\u2019association a sign\u00e9 une s\u00e9rie de conventions avec plusieurs institutions sociales . Dans ce cadre environ la moiti\u00e9 des adh\u00e9rents d\u2019ADS exercent b\u00e9n\u00e9volement diff\u00e9rentes op\u00e9rations de soutien aupr\u00e8s de ces structures&nbsp;: coaching professionnel et accompagnement vers l\u2019emploi&nbsp;; soutien scolaire&nbsp;; aide aux d\u00e9marches&nbsp;; pratique du fran\u00e7ais&nbsp;; s\u00e9ances de bien-\u00eatre&nbsp;; ateliers collectifs enfants ou adultes. En 2023, ces activit\u00e9s ont \u00e9t\u00e9 au service de 169 b\u00e9n\u00e9ficiaires.<\/p>\n\n\n\n<p>Non contente d\u2019avoir produit plusieurs vid\u00e9os de pr\u00e9sentation, l\u2019association a publi\u00e9 un livre(t) de 60 pages qui revient sur ces 10 ans d\u2019histoire. Un tableau en derni\u00e8re page en dit beaucoup sur l\u2019\u00e9volution r\u00e9alis\u00e9e&nbsp;: l\u2019association passe de 24 adh\u00e9rents lors de sa fondation \u00e0 89 en 2024 (apr\u00e8s un passage \u00e0 17 en 2016). A partir de 2017, des b\u00e9n\u00e9voles s\u2019ajoutent \u00e0 ces adh\u00e9rents : 15 en 2017 et 60 en 2022. En parall\u00e8le, des partenariats sont nou\u00e9s, concr\u00e9tis\u00e9s par des conventions : une en 2017, 11 en 2023.<\/p>\n\n\n\n<h2 class=\"wp-block-heading\">10 ans d\u2019adaptation<\/h2>\n\n\n\n<p>Dans sa conclusion du livret sur les 10 ans, le pr\u00e9sident Arnaud Hertz estime que la plus grande r\u00e9ussite d\u2019ADS, c\u2019est la permanente facult\u00e9 d\u2019adaptation de ses membres. Cette adaptation a port\u00e9 sur les modalit\u00e9s d\u2019actions, mais aussi sur les objectifs affich\u00e9s par les statuts eux-m\u00eames.<\/p>\n\n\n\n<p>M\u00eame le regard port\u00e9 par la municipalit\u00e9 sur l\u2019association a chang\u00e9&nbsp;: en 2016, pour le premier forum des associations de la ville, ADS n\u2019obtient pas de stand. Motif&nbsp;: sa coloration politique, la mairie estimant qu\u2019il ne s\u2019agit pas d\u2019une association \u00ab&nbsp;classique&nbsp;\u00bb. Trois ans plus tard, non seulement ADS a un stand au forum (d\u00e8s 2018), mais elle b\u00e9n\u00e9ficie d\u2019une subvention municipale. Et organise avec la mairie un cin\u00e9 d\u00e9bat sur le th\u00e8me des enfants covictimes des violences conjugales. Le livret revient sur la mani\u00e8re dont se sont faites ces \u00e9volutions.<\/p>\n\n\n\n<h2 class=\"wp-block-heading\">Les origines<\/h2>\n\n\n\n<p>Pour comprendre la double activit\u00e9 d\u2019ADS, il est utile de revenir sur sa cr\u00e9ation. En 2014, une liste de gauche dirig\u00e9e par Denis Peschanski \u00e9choue \u00e0 battre la droite municipale, apr\u00e8s avoir men\u00e9 ce qu\u2019elle estime une belle campagne, sous le slogan \u00ab&nbsp;une nouvelle dynamique&nbsp;\u00bb. Trois des membres de cette liste (Anne Dominique Antetomaso, J\u00e9r\u00f4me Fortin, Marc Butez), et une militante, d\u00e9cident de cr\u00e9er l\u2019association ADS. Cette militante, c\u2019est Jacqueline Fernand-Detrie, depuis 2020 \u00e9lue sur la liste de Patrick Donath et devenue conseill\u00e8re municipale d\u00e9l\u00e9gu\u00e9e \u00e0 la vie associative. Pour les 10 ans d\u2019ADS, elle est venue rappeler les objectifs de l\u2019\u00e9poque, qui avait beaucoup \u00e0 voir avec les th\u00e8mes port\u00e9s par la liste de gauche.<\/p>\n\n\n\n<p>Tr\u00e8s vite, ces quatre fondateurs sont rejoints par d\u2019autres candidates et militants&nbsp;: 21 militants se retrouvent pour une assembl\u00e9e g\u00e9n\u00e9rale le 2 juin 2014, soit 2 mois apr\u00e8s le second tour des municipales.<\/p>\n\n\n\n<h2 class=\"wp-block-heading\">Les premiers pas<\/h2>\n\n\n\n<p>Alors que de nombreux d\u00e9bats ont lieu en interne sur les objectifs et la mani\u00e8re de les atteindre, les ann\u00e9es 2015 et 2016 voient d\u00e9j\u00e0 les pr\u00e9misses de ce que sont les actions actuelles.<\/p>\n\n\n\n<p>Celles qui visent \u00e0 la r\u00e9flexion des citoyens et \u00e0 la sensibilisation sur des sujets de soci\u00e9t\u00e9 divers d\u2019abord. Une conf\u00e9rence d\u00e9bat sur les 40 ans de la loi Veil, un cin\u00e9-d\u00e9bat autour du film \u00ab&nbsp;dr\u00f4le de genre&nbsp;\u00bb et une conf\u00e9rence-d\u00e9bat sur les violences envers les femmes.<\/p>\n\n\n\n<p>Celles qui contribuent concr\u00e8tement \u00e0 l\u2019\u00e9galit\u00e9 des chances avec de premi\u00e8res s\u00e9ances de coaching sur le th\u00e8me de la fracture num\u00e9rique et de l\u2019emploi.<\/p>\n\n\n\n<h2 class=\"wp-block-heading\">Clarification des objectifs<\/h2>\n\n\n\n<p>L\u2019\u00e9chec du rapprochement avec une autre structure, la r\u00e9ussite des premi\u00e8res actions, les discussions avec la municipalit\u00e9 \u00e0 propos de la participation au forum des associations vont conduire \u00e0 revoir les objectifs et leur expression.<\/p>\n\n\n\n<p>Lors de la journ\u00e9e d\u2019anniversaire, samedi 21 septembre, la troupe <em>La Mouette<\/em>&nbsp;\u00bb \u00e9voque un adieu au politique, du moins dans sa version \u00e9lectorale&nbsp;: la but de l\u2019association n\u2019est pas de pr\u00e9parer les prochaines municipales. Ce qui n\u2019emp\u00eache pas les engagements individuels. D\u2019ailleurs, le pr\u00e9sident est toujours en 2024 conseiller municipal d\u2019opposition.<\/p>\n\n\n\n<p>Les auditeurs auront entendu lors du spectacle concoct\u00e9 par <em>La Mouette<\/em> le pr\u00e9nom de plusieurs femmes qui ont marqu\u00e9 leur \u00e9poque, d\u2019Olympe de Gouges \u00e0 Gis\u00e8le Halimi et Simone Veil. Les plus attentifs auront aussi entendu le nom de deux philosophes&nbsp;: Voltaire et Camus.<\/p>\n\n\n\n<p>Toujours est-il que les objectifs de l\u2019association deviennent clairement l\u2019\u00e9galit\u00e9 des droits et l\u2019\u00e9galit\u00e9 des chances et que les actions vont continuer sur les deux axes amorc\u00e9s en 2015\/2016.<\/p>\n\n\n\n<h2 class=\"wp-block-heading\">Accompagner la croissance<\/h2>\n\n\n\n<p>A partir de l\u00e0, les effectifs vont grossir, ainsi que le nombre de partenariats et de b\u00e9n\u00e9ficiaires. Des groupes sont constitu\u00e9s pour accompagner les b\u00e9n\u00e9voles, avec des responsables de p\u00f4le&nbsp;:<\/p>\n\n\n\n<ul class=\"wp-block-list\">\n<li>Marie Broutin pour le groupe \u00c9galit\u00e9 Femmes Hommes, qui existe d\u00e8s l\u2019origine d\u2019ADS<\/li>\n\n\n\n<li>Nathalie Durufl\u00e9 pour le groupe Moli\u00e8re (alphab\u00e9tisation et FLE)<\/li>\n\n\n\n<li>Patricia Elsen pour le groupe Ariane (coaching pour l\u2019emploi)<\/li>\n\n\n\n<li>Val\u00e9rie Dagneau pour le groupe A\u00efda (aide aux d\u00e9marches)<\/li>\n\n\n\n<li>Michel Pays pour le groupe Eureka (soutien scolaire)<\/li>\n<\/ul>\n\n\n\n<h2 class=\"wp-block-heading\">Et demain&nbsp;?<\/h2>\n\n\n\n<p>Toujours dans le livret, Arnaud Hertz constate que ce qui a fait la r\u00e9ussite de l\u2019association, c\u2019est sa capacit\u00e9 d\u2019adaptation. Et que cela doit continuer ainsi&nbsp;!<\/p>\n\n\n\n<p>La journ\u00e9e du 21 septembre posait une question&nbsp;: ceux qui ont v\u00e9cu toute l\u2019histoire s\u2019y sont retrouv\u00e9s. Mais qu\u2019en est-il de ceux qui sont arriv\u00e9s apr\u00e8s, \u00e0 partir de 2017, sur des bases qui \u00e9taient celles de 2017 et non de celles de 2014&nbsp;? On imaginera facilement qu\u2019il ne s\u2019agit pas d\u2019un groupe homog\u00e8ne. Probablement ce qui en fait la richesse. L\u2019enjeu de demain sera aussi de continuer \u00e0 \u00e9voluer avec ce groupe h\u00e9t\u00e9rog\u00e8ne et ceux qui le rejoindront dans les prochaines ann\u00e9es&nbsp;!<\/p>\n\n\n\n<p>Que pourront raconter ceux qui vivront la f\u00eate des 20 ans d\u2019ADS&nbsp;?<\/p>\n","protected":false},"excerpt":{"rendered":"<p>L\u2019association BLR dynamique et solidaire (ADS BLR) a organis\u00e9 pour ses 10 ans d\u2019existence \u00ab\u00a0une journ\u00e9e festive et d\u2019\u00e9changes\u00a0\u00bb. L\u2019occasion de pr\u00e9senter, en alternant s\u00e9quences ludiques et t\u00e9moignages, sa double activit\u00e9\u00a0: sensibilisation du public sur une s\u00e9rie de questions de soci\u00e9t\u00e9\u00a0et aide concr\u00e8te \u00e0 des b\u00e9n\u00e9ficiaires qui en ont besoin.&#8230;<\/p>\n","protected":false},"author":11,"featured_media":41803,"comment_status":"open","ping_status":"open","sticky":false,"template":"","format":"standard","meta":{"om_disable_all_campaigns":false,"_monsterinsights_skip_tracking":false,"_monsterinsights_sitenote_active":false,"_monsterinsights_sitenote_note":"","_monsterinsights_sitenote_category":0,"_uf_show_specific_survey":0,"_uf_disable_surveys":false,"footnotes":""},"categories":[265,253],"tags":[],"class_list":["post-41795","post","type-post","status-publish","format-standard","has-post-thumbnail","hentry","category-bourg-la-reine","category-manifestations-locales","entry","simple"],"yoast_head":"<!-- This site is optimized with the Yoast SEO plugin v25.6 - https:\/\/yoast.com\/wordpress\/plugins\/seo\/ -->\n<title>10 ans et une journ\u00e9e pour ADS \u00e0 Bourg-la-Reine - La Gazette<\/title>\n<meta name=\"robots\" content=\"index, follow, max-snippet:-1, max-image-preview:large, max-video-preview:-1\" \/>\n<link rel=\"canonical\" href=\"https:\/\/sceaux-lagazette.fr\/index.php\/2024\/09\/27\/10-ans-et-une-journee-pour-ads-a-bourg-la-reine\/\" \/>\n<meta property=\"og:locale\" content=\"fr_FR\" \/>\n<meta property=\"og:type\" content=\"article\" \/>\n<meta property=\"og:title\" content=\"10 ans et une journ\u00e9e pour ADS \u00e0 Bourg-la-Reine - La Gazette\" \/>\n<meta property=\"og:description\" content=\"L\u2019association BLR dynamique et solidaire (ADS BLR) a organis\u00e9 pour ses 10 ans d\u2019existence \u00ab\u00a0une journ\u00e9e festive et d\u2019\u00e9changes\u00a0\u00bb. L\u2019occasion de pr\u00e9senter, en alternant s\u00e9quences ludiques et t\u00e9moignages, sa double activit\u00e9\u00a0: sensibilisation du public sur une s\u00e9rie de questions de soci\u00e9t\u00e9\u00a0et aide concr\u00e8te \u00e0 des b\u00e9n\u00e9ficiaires qui en ont besoin.&#8230;\" \/>\n<meta property=\"og:url\" content=\"https:\/\/sceaux-lagazette.fr\/index.php\/2024\/09\/27\/10-ans-et-une-journee-pour-ads-a-bourg-la-reine\/\" \/>\n<meta property=\"og:site_name\" content=\"La Gazette\" \/>\n<meta property=\"article:published_time\" content=\"2024-09-27T06:30:16+00:00\" \/>\n<meta property=\"article:modified_time\" content=\"2024-09-27T06:30:17+00:00\" \/>\n<meta property=\"og:image\" content=\"https:\/\/sceaux-lagazette.fr\/wp-content\/uploads\/2024\/09\/Villa-Saint-Cyr.jpg\" \/>\n\t<meta property=\"og:image:width\" content=\"1920\" \/>\n\t<meta property=\"og:image:height\" content=\"1440\" \/>\n\t<meta property=\"og:image:type\" content=\"image\/jpeg\" \/>\n<meta name=\"author\" content=\"G\u00e9rard Bardier\" \/>\n<meta name=\"twitter:card\" content=\"summary_large_image\" \/>\n<meta name=\"twitter:label1\" content=\"\u00c9crit par\" \/>\n\t<meta name=\"twitter:data1\" content=\"G\u00e9rard Bardier\" \/>\n\t<meta name=\"twitter:label2\" content=\"Dur\u00e9e de lecture estim\u00e9e\" \/>\n\t<meta name=\"twitter:data2\" content=\"7 minutes\" \/>\n<script type=\"application\/ld+json\" class=\"yoast-schema-graph\">{\"@context\":\"https:\/\/schema.org\",\"@graph\":[{\"@type\":\"Article\",\"@id\":\"https:\/\/sceaux-lagazette.fr\/index.php\/2024\/09\/27\/10-ans-et-une-journee-pour-ads-a-bourg-la-reine\/#article\",\"isPartOf\":{\"@id\":\"https:\/\/sceaux-lagazette.fr\/index.php\/2024\/09\/27\/10-ans-et-une-journee-pour-ads-a-bourg-la-reine\/\"},\"author\":{\"name\":\"G\u00e9rard Bardier\",\"@id\":\"https:\/\/sceaux-lagazette.fr\/#\/schema\/person\/5650e206a121f68c6f5e76379bccfbc4\"},\"headline\":\"10 ans et une journ\u00e9e pour ADS \u00e0 Bourg-la-Reine\",\"datePublished\":\"2024-09-27T06:30:16+00:00\",\"dateModified\":\"2024-09-27T06:30:17+00:00\",\"mainEntityOfPage\":{\"@id\":\"https:\/\/sceaux-lagazette.fr\/index.php\/2024\/09\/27\/10-ans-et-une-journee-pour-ads-a-bourg-la-reine\/\"},\"wordCount\":1336,\"commentCount\":0,\"publisher\":{\"@id\":\"https:\/\/sceaux-lagazette.fr\/#organization\"},\"image\":{\"@id\":\"https:\/\/sceaux-lagazette.fr\/index.php\/2024\/09\/27\/10-ans-et-une-journee-pour-ads-a-bourg-la-reine\/#primaryimage\"},\"thumbnailUrl\":\"https:\/\/sceaux-lagazette.fr\/wp-content\/uploads\/2024\/09\/Villa-Saint-Cyr.jpg\",\"articleSection\":[\"Bourg-la-Reine\",\"Manifestations locales\"],\"inLanguage\":\"fr-FR\",\"potentialAction\":[{\"@type\":\"CommentAction\",\"name\":\"Comment\",\"target\":[\"https:\/\/sceaux-lagazette.fr\/index.php\/2024\/09\/27\/10-ans-et-une-journee-pour-ads-a-bourg-la-reine\/#respond\"]}]},{\"@type\":\"WebPage\",\"@id\":\"https:\/\/sceaux-lagazette.fr\/index.php\/2024\/09\/27\/10-ans-et-une-journee-pour-ads-a-bourg-la-reine\/\",\"url\":\"https:\/\/sceaux-lagazette.fr\/index.php\/2024\/09\/27\/10-ans-et-une-journee-pour-ads-a-bourg-la-reine\/\",\"name\":\"10 ans et une journ\u00e9e pour ADS \u00e0 Bourg-la-Reine - La Gazette\",\"isPartOf\":{\"@id\":\"https:\/\/sceaux-lagazette.fr\/#website\"},\"primaryImageOfPage\":{\"@id\":\"https:\/\/sceaux-lagazette.fr\/index.php\/2024\/09\/27\/10-ans-et-une-journee-pour-ads-a-bourg-la-reine\/#primaryimage\"},\"image\":{\"@id\":\"https:\/\/sceaux-lagazette.fr\/index.php\/2024\/09\/27\/10-ans-et-une-journee-pour-ads-a-bourg-la-reine\/#primaryimage\"},\"thumbnailUrl\":\"https:\/\/sceaux-lagazette.fr\/wp-content\/uploads\/2024\/09\/Villa-Saint-Cyr.jpg\",\"datePublished\":\"2024-09-27T06:30:16+00:00\",\"dateModified\":\"2024-09-27T06:30:17+00:00\",\"breadcrumb\":{\"@id\":\"https:\/\/sceaux-lagazette.fr\/index.php\/2024\/09\/27\/10-ans-et-une-journee-pour-ads-a-bourg-la-reine\/#breadcrumb\"},\"inLanguage\":\"fr-FR\",\"potentialAction\":[{\"@type\":\"ReadAction\",\"target\":[\"https:\/\/sceaux-lagazette.fr\/index.php\/2024\/09\/27\/10-ans-et-une-journee-pour-ads-a-bourg-la-reine\/\"]}]},{\"@type\":\"ImageObject\",\"inLanguage\":\"fr-FR\",\"@id\":\"https:\/\/sceaux-lagazette.fr\/index.php\/2024\/09\/27\/10-ans-et-une-journee-pour-ads-a-bourg-la-reine\/#primaryimage\",\"url\":\"https:\/\/sceaux-lagazette.fr\/wp-content\/uploads\/2024\/09\/Villa-Saint-Cyr.jpg\",\"contentUrl\":\"https:\/\/sceaux-lagazette.fr\/wp-content\/uploads\/2024\/09\/Villa-Saint-Cyr.jpg\",\"width\":1920,\"height\":1440},{\"@type\":\"BreadcrumbList\",\"@id\":\"https:\/\/sceaux-lagazette.fr\/index.php\/2024\/09\/27\/10-ans-et-une-journee-pour-ads-a-bourg-la-reine\/#breadcrumb\",\"itemListElement\":[{\"@type\":\"ListItem\",\"position\":1,\"name\":\"Accueil\",\"item\":\"https:\/\/sceaux-lagazette.fr\/\"},{\"@type\":\"ListItem\",\"position\":2,\"name\":\"10 ans et une journ\u00e9e pour ADS \u00e0 Bourg-la-Reine\"}]},{\"@type\":\"WebSite\",\"@id\":\"https:\/\/sceaux-lagazette.fr\/#website\",\"url\":\"https:\/\/sceaux-lagazette.fr\/\",\"name\":\"La Gazette\",\"description\":\"Bourg-la-Reine, Ch\u00e2tenay, Fontenay, Sceaux\",\"publisher\":{\"@id\":\"https:\/\/sceaux-lagazette.fr\/#organization\"},\"potentialAction\":[{\"@type\":\"SearchAction\",\"target\":{\"@type\":\"EntryPoint\",\"urlTemplate\":\"https:\/\/sceaux-lagazette.fr\/?s={search_term_string}\"},\"query-input\":{\"@type\":\"PropertyValueSpecification\",\"valueRequired\":true,\"valueName\":\"search_term_string\"}}],\"inLanguage\":\"fr-FR\"},{\"@type\":\"Organization\",\"@id\":\"https:\/\/sceaux-lagazette.fr\/#organization\",\"name\":\"La Gazette\",\"url\":\"https:\/\/sceaux-lagazette.fr\/\",\"logo\":{\"@type\":\"ImageObject\",\"inLanguage\":\"fr-FR\",\"@id\":\"https:\/\/sceaux-lagazette.fr\/#\/schema\/logo\/image\/\",\"url\":\"https:\/\/sceaux-lagazette.fr\/wp-content\/uploads\/2025\/08\/Logo-Gazette-Aout-2025-V3.jpg\",\"contentUrl\":\"https:\/\/sceaux-lagazette.fr\/wp-content\/uploads\/2025\/08\/Logo-Gazette-Aout-2025-V3.jpg\",\"width\":525,\"height\":130,\"caption\":\"La Gazette\"},\"image\":{\"@id\":\"https:\/\/sceaux-lagazette.fr\/#\/schema\/logo\/image\/\"}},{\"@type\":\"Person\",\"@id\":\"https:\/\/sceaux-lagazette.fr\/#\/schema\/person\/5650e206a121f68c6f5e76379bccfbc4\",\"name\":\"G\u00e9rard Bardier\",\"image\":{\"@type\":\"ImageObject\",\"inLanguage\":\"fr-FR\",\"@id\":\"https:\/\/sceaux-lagazette.fr\/#\/schema\/person\/image\/\",\"url\":\"https:\/\/secure.gravatar.com\/avatar\/5cf4391ef9dbc0367750202561279a29?s=96&r=g\",\"contentUrl\":\"https:\/\/secure.gravatar.com\/avatar\/5cf4391ef9dbc0367750202561279a29?s=96&r=g\",\"caption\":\"G\u00e9rard Bardier\"},\"url\":\"https:\/\/sceaux-lagazette.fr\/index.php\/author\/gb\/\"}]}<\/script>\n<!-- \/ Yoast SEO plugin. -->","yoast_head_json":{"title":"10 ans et une journ\u00e9e pour ADS \u00e0 Bourg-la-Reine - La Gazette","robots":{"index":"index","follow":"follow","max-snippet":"max-snippet:-1","max-image-preview":"max-image-preview:large","max-video-preview":"max-video-preview:-1"},"canonical":"https:\/\/sceaux-lagazette.fr\/index.php\/2024\/09\/27\/10-ans-et-une-journee-pour-ads-a-bourg-la-reine\/","og_locale":"fr_FR","og_type":"article","og_title":"10 ans et une journ\u00e9e pour ADS \u00e0 Bourg-la-Reine - La Gazette","og_description":"L\u2019association BLR dynamique et solidaire (ADS BLR) a organis\u00e9 pour ses 10 ans d\u2019existence \u00ab\u00a0une journ\u00e9e festive et d\u2019\u00e9changes\u00a0\u00bb. L\u2019occasion de pr\u00e9senter, en alternant s\u00e9quences ludiques et t\u00e9moignages, sa double activit\u00e9\u00a0: sensibilisation du public sur une s\u00e9rie de questions de soci\u00e9t\u00e9\u00a0et aide concr\u00e8te \u00e0 des b\u00e9n\u00e9ficiaires qui en ont besoin.&#8230;","og_url":"https:\/\/sceaux-lagazette.fr\/index.php\/2024\/09\/27\/10-ans-et-une-journee-pour-ads-a-bourg-la-reine\/","og_site_name":"La Gazette","article_published_time":"2024-09-27T06:30:16+00:00","article_modified_time":"2024-09-27T06:30:17+00:00","og_image":[{"width":1920,"height":1440,"url":"https:\/\/sceaux-lagazette.fr\/wp-content\/uploads\/2024\/09\/Villa-Saint-Cyr.jpg","type":"image\/jpeg"}],"author":"G\u00e9rard Bardier","twitter_card":"summary_large_image","twitter_misc":{"\u00c9crit par":"G\u00e9rard Bardier","Dur\u00e9e de lecture estim\u00e9e":"7 minutes"},"schema":{"@context":"https:\/\/schema.org","@graph":[{"@type":"Article","@id":"https:\/\/sceaux-lagazette.fr\/index.php\/2024\/09\/27\/10-ans-et-une-journee-pour-ads-a-bourg-la-reine\/#article","isPartOf":{"@id":"https:\/\/sceaux-lagazette.fr\/index.php\/2024\/09\/27\/10-ans-et-une-journee-pour-ads-a-bourg-la-reine\/"},"author":{"name":"G\u00e9rard Bardier","@id":"https:\/\/sceaux-lagazette.fr\/#\/schema\/person\/5650e206a121f68c6f5e76379bccfbc4"},"headline":"10 ans et une journ\u00e9e pour ADS \u00e0 Bourg-la-Reine","datePublished":"2024-09-27T06:30:16+00:00","dateModified":"2024-09-27T06:30:17+00:00","mainEntityOfPage":{"@id":"https:\/\/sceaux-lagazette.fr\/index.php\/2024\/09\/27\/10-ans-et-une-journee-pour-ads-a-bourg-la-reine\/"},"wordCount":1336,"commentCount":0,"publisher":{"@id":"https:\/\/sceaux-lagazette.fr\/#organization"},"image":{"@id":"https:\/\/sceaux-lagazette.fr\/index.php\/2024\/09\/27\/10-ans-et-une-journee-pour-ads-a-bourg-la-reine\/#primaryimage"},"thumbnailUrl":"https:\/\/sceaux-lagazette.fr\/wp-content\/uploads\/2024\/09\/Villa-Saint-Cyr.jpg","articleSection":["Bourg-la-Reine","Manifestations locales"],"inLanguage":"fr-FR","potentialAction":[{"@type":"CommentAction","name":"Comment","target":["https:\/\/sceaux-lagazette.fr\/index.php\/2024\/09\/27\/10-ans-et-une-journee-pour-ads-a-bourg-la-reine\/#respond"]}]},{"@type":"WebPage","@id":"https:\/\/sceaux-lagazette.fr\/index.php\/2024\/09\/27\/10-ans-et-une-journee-pour-ads-a-bourg-la-reine\/","url":"https:\/\/sceaux-lagazette.fr\/index.php\/2024\/09\/27\/10-ans-et-une-journee-pour-ads-a-bourg-la-reine\/","name":"10 ans et une journ\u00e9e pour ADS \u00e0 Bourg-la-Reine - La Gazette","isPartOf":{"@id":"https:\/\/sceaux-lagazette.fr\/#website"},"primaryImageOfPage":{"@id":"https:\/\/sceaux-lagazette.fr\/index.php\/2024\/09\/27\/10-ans-et-une-journee-pour-ads-a-bourg-la-reine\/#primaryimage"},"image":{"@id":"https:\/\/sceaux-lagazette.fr\/index.php\/2024\/09\/27\/10-ans-et-une-journee-pour-ads-a-bourg-la-reine\/#primaryimage"},"thumbnailUrl":"https:\/\/sceaux-lagazette.fr\/wp-content\/uploads\/2024\/09\/Villa-Saint-Cyr.jpg","datePublished":"2024-09-27T06:30:16+00:00","dateModified":"2024-09-27T06:30:17+00:00","breadcrumb":{"@id":"https:\/\/sceaux-lagazette.fr\/index.php\/2024\/09\/27\/10-ans-et-une-journee-pour-ads-a-bourg-la-reine\/#breadcrumb"},"inLanguage":"fr-FR","potentialAction":[{"@type":"ReadAction","target":["https:\/\/sceaux-lagazette.fr\/index.php\/2024\/09\/27\/10-ans-et-une-journee-pour-ads-a-bourg-la-reine\/"]}]},{"@type":"ImageObject","inLanguage":"fr-FR","@id":"https:\/\/sceaux-lagazette.fr\/index.php\/2024\/09\/27\/10-ans-et-une-journee-pour-ads-a-bourg-la-reine\/#primaryimage","url":"https:\/\/sceaux-lagazette.fr\/wp-content\/uploads\/2024\/09\/Villa-Saint-Cyr.jpg","contentUrl":"https:\/\/sceaux-lagazette.fr\/wp-content\/uploads\/2024\/09\/Villa-Saint-Cyr.jpg","width":1920,"height":1440},{"@type":"BreadcrumbList","@id":"https:\/\/sceaux-lagazette.fr\/index.php\/2024\/09\/27\/10-ans-et-une-journee-pour-ads-a-bourg-la-reine\/#breadcrumb","itemListElement":[{"@type":"ListItem","position":1,"name":"Accueil","item":"https:\/\/sceaux-lagazette.fr\/"},{"@type":"ListItem","position":2,"name":"10 ans et une journ\u00e9e pour ADS \u00e0 Bourg-la-Reine"}]},{"@type":"WebSite","@id":"https:\/\/sceaux-lagazette.fr\/#website","url":"https:\/\/sceaux-lagazette.fr\/","name":"La Gazette","description":"Bourg-la-Reine, Ch\u00e2tenay, Fontenay, Sceaux","publisher":{"@id":"https:\/\/sceaux-lagazette.fr\/#organization"},"potentialAction":[{"@type":"SearchAction","target":{"@type":"EntryPoint","urlTemplate":"https:\/\/sceaux-lagazette.fr\/?s={search_term_string}"},"query-input":{"@type":"PropertyValueSpecification","valueRequired":true,"valueName":"search_term_string"}}],"inLanguage":"fr-FR"},{"@type":"Organization","@id":"https:\/\/sceaux-lagazette.fr\/#organization","name":"La Gazette","url":"https:\/\/sceaux-lagazette.fr\/","logo":{"@type":"ImageObject","inLanguage":"fr-FR","@id":"https:\/\/sceaux-lagazette.fr\/#\/schema\/logo\/image\/","url":"https:\/\/sceaux-lagazette.fr\/wp-content\/uploads\/2025\/08\/Logo-Gazette-Aout-2025-V3.jpg","contentUrl":"https:\/\/sceaux-lagazette.fr\/wp-content\/uploads\/2025\/08\/Logo-Gazette-Aout-2025-V3.jpg","width":525,"height":130,"caption":"La Gazette"},"image":{"@id":"https:\/\/sceaux-lagazette.fr\/#\/schema\/logo\/image\/"}},{"@type":"Person","@id":"https:\/\/sceaux-lagazette.fr\/#\/schema\/person\/5650e206a121f68c6f5e76379bccfbc4","name":"G\u00e9rard Bardier","image":{"@type":"ImageObject","inLanguage":"fr-FR","@id":"https:\/\/sceaux-lagazette.fr\/#\/schema\/person\/image\/","url":"https:\/\/secure.gravatar.com\/avatar\/5cf4391ef9dbc0367750202561279a29?s=96&r=g","contentUrl":"https:\/\/secure.gravatar.com\/avatar\/5cf4391ef9dbc0367750202561279a29?s=96&r=g","caption":"G\u00e9rard Bardier"},"url":"https:\/\/sceaux-lagazette.fr\/index.php\/author\/gb\/"}]}},"cc_featured_image_caption":{"caption_text":"","source_text":"","source_url":""},"_links":{"self":[{"href":"https:\/\/sceaux-lagazette.fr\/index.php\/wp-json\/wp\/v2\/posts\/41795"}],"collection":[{"href":"https:\/\/sceaux-lagazette.fr\/index.php\/wp-json\/wp\/v2\/posts"}],"about":[{"href":"https:\/\/sceaux-lagazette.fr\/index.php\/wp-json\/wp\/v2\/types\/post"}],"author":[{"embeddable":true,"href":"https:\/\/sceaux-lagazette.fr\/index.php\/wp-json\/wp\/v2\/users\/11"}],"replies":[{"embeddable":true,"href":"https:\/\/sceaux-lagazette.fr\/index.php\/wp-json\/wp\/v2\/comments?post=41795"}],"version-history":[{"count":2,"href":"https:\/\/sceaux-lagazette.fr\/index.php\/wp-json\/wp\/v2\/posts\/41795\/revisions"}],"predecessor-version":[{"id":41797,"href":"https:\/\/sceaux-lagazette.fr\/index.php\/wp-json\/wp\/v2\/posts\/41795\/revisions\/41797"}],"wp:featuredmedia":[{"embeddable":true,"href":"https:\/\/sceaux-lagazette.fr\/index.php\/wp-json\/wp\/v2\/media\/41803"}],"wp:attachment":[{"href":"https:\/\/sceaux-lagazette.fr\/index.php\/wp-json\/wp\/v2\/media?parent=41795"}],"wp:term":[{"taxonomy":"category","embeddable":true,"href":"https:\/\/sceaux-lagazette.fr\/index.php\/wp-json\/wp\/v2\/categories?post=41795"},{"taxonomy":"post_tag","embeddable":true,"href":"https:\/\/sceaux-lagazette.fr\/index.php\/wp-json\/wp\/v2\/tags?post=41795"}],"curies":[{"name":"wp","href":"https:\/\/api.w.org\/{rel}","templated":true}]}}