{"id":41756,"date":"2024-09-20T09:43:25","date_gmt":"2024-09-20T07:43:25","guid":{"rendered":"https:\/\/sceaux-lagazette.fr\/?p=41756"},"modified":"2024-09-20T11:13:27","modified_gmt":"2024-09-20T09:13:27","slug":"faire-vivre-lhistoire-du-lycee-marie-curie","status":"publish","type":"post","link":"https:\/\/sceaux-lagazette.fr\/index.php\/2024\/09\/20\/faire-vivre-lhistoire-du-lycee-marie-curie\/","title":{"rendered":"Faire vivre l\u2019histoire du lyc\u00e9e Marie-Curie"},"content":{"rendered":"\n<p>L\u2019association du Mus\u00e9e du lyc\u00e9e Marie-Curie s\u2019est constitu\u00e9e le 11 mars 2023. Elle \u00ab&nbsp;ambitionne de cr\u00e9er un centre d\u2019archives et de recherche local sur l\u2019histoire et le patrimoine du lyc\u00e9e Marie-Curie&nbsp;\u00bb nous raconte Chlo\u00e9 Dupart, professeur d\u2019histoire, qui la pr\u00e9side et qui a jou\u00e9 un r\u00f4le majeur dans sa cr\u00e9ation. &nbsp;<\/p>\n\n\n\n<h2 class=\"wp-block-heading\">Les enseignants, documentalistes et CPE du lyc\u00e9e<\/h2>\n\n\n\n<p>Actuellement, 24 personnes composent l\u2019\u00e9quipe qui fait vivre <a href=\"https:\/\/museelyceemariecurie.org\/\" target=\"_blank\" rel=\"noreferrer noopener\">le site du Mus\u00e9e<\/a> <a href=\"https:\/\/sceaux-lagazette.fr\/index.php\/2024\/09\/09\/un-site-sur-lhistoire-du-lycee-marie-curie\/\" target=\"_blank\" rel=\"noreferrer noopener\">r\u00e9cemment mis en ligne<\/a>. C\u2019est<a href=\"https:\/\/museelyceemariecurie.org\/index.php\/les-membres-de-lassociation\/\" target=\"_blank\" rel=\"noreferrer noopener\"> une \u00e9quipe<\/a> diverse et interg\u00e9n\u00e9rationnelle, constitu\u00e9e progressivement de professeurs, retrait\u00e9s ou en activit\u00e9, ainsi que d\u2019autres membres du personnel du lyc\u00e9e, mais aussi de quelques personnes \u00ab\u00a0ext\u00e9rieures\u00a0\u00bb. Une \u00e9quipe qui a \u00e9t\u00e9 constitu\u00e9e pour une mission de recherche et de publication. Elle n\u2019a pas a priori vocation \u00e0 s\u2019\u00e9largir, sauf identification du besoin d\u2019une comp\u00e9tence nouvelle.<\/p>\n\n\n\n<p>Les anciens \u00e9l\u00e8ves ne sont donc pas appel\u00e9s \u00e0 en devenir membres, mais sont les t\u00e9moins privil\u00e9gi\u00e9s lors des interviews men\u00e9es par le Mus\u00e9e et sont cit\u00e9s avec leur accord dans les articles et les expositions. Les interviews se font par t\u00e9l\u00e9phone ou sur place au lyc\u00e9e ce qui est l\u2019occasion d\u2019une visite. Les documents qu\u2019ils pr\u00eatent sont num\u00e9ris\u00e9s et archiv\u00e9s. Ils peuvent soutenir l\u2019association en faisant un don et ainsi \u00eatre tenus au courant des publications, invit\u00e9s au vernissage des expositions et visiter.<strong><\/strong><\/p>\n\n\n\n<p>Le pr\u00e9sident d\u2019honneur, G\u00e9rard Kaiser, \u00e9tait professeur de philosophie. En 2000, il engage avec sa coll\u00e8gue d\u2019histoire Fran\u00e7oise Blanchard et le soutien de Jacques Durin, proviseur de la Cit\u00e9 scolaire, une d\u00e9marche de protection patrimoniale qui aboutit en 2001 \u00e0 l\u2019inscription des b\u00e2timents \u00e0 l\u2019inventaire suppl\u00e9mentaire des monuments historiques du minist\u00e8re de la Culture. Sa fille Louise Kaiser, ancienne \u00e9l\u00e8ve du lyc\u00e9e, docteur \u00e8s Lettres, a \u00e9galement adh\u00e9r\u00e9 \u00e0 l\u2019association et m\u00e8ne des recherches sur les vitraux Art d\u00e9co du lyc\u00e9e dont la paternit\u00e9 est attribu\u00e9e \u00e0 Louis Barillet.<\/p>\n\n\n\n<p>Nathalie Roussarie, archiviste de l\u2019association, Christ\u00e8le Boisseau-Bracq et H\u00e9l\u00e8ne Donatello, prennent en charge les archives et l\u2019accueil des t\u00e9moins interview\u00e9s. Nathalie Roussarie \u00e9tait documentaliste au lyc\u00e9e jusqu\u2019en 2001. Christ\u00e8le Boisseau-Bracq et H\u00e9l\u00e8ne Donatello sont les deux documentalistes actuelles du CDI. Celui-ci accueille le si\u00e8ge de l\u2019association, cr\u00e9\u00e9e sous le haut-patronage de l\u2019ancien proviseur <a href=\"https:\/\/sceaux-lagazette.fr\/index.php\/2024\/09\/06\/etienne-recoing-souvenirs-de-proviseur\/\" target=\"_blank\" rel=\"noreferrer noopener\">\u00c9tienne Recoing<\/a>. Nathalie Roussarie joue aussi<strong> <\/strong>un r\u00f4le de conseil dans l\u2019association, car elle a profit\u00e9 de sa retraite pour<a href=\"https:\/\/www.decitre.fr\/livres\/les-ennemis-de-l-interieur-9782842876791.html\" target=\"_blank\" rel=\"noreferrer noopener\"> \u00e9crire une th\u00e8se<\/a> soutenue en 2013. De m\u00eame que <a href=\"https:\/\/histoire-sociale.cnrs.fr\/morin-gilles\/\" target=\"_blank\" rel=\"noreferrer noopener\">Gilles Morin<\/a>, docteur en histoire depuis 1992, professeur d\u2019histoire au coll\u00e8ge Marie-Curie \u00e0 la retraite, pr\u00e9sident de l\u2019<a href=\"https:\/\/www.net1901.org\/association\/ASSOCIATION-DES-USAGERS-DU-SERVICE-PUBLIC-DES-ARCHIVES-NATIONALES-A.U.S.P.A.N.,387596.html\" target=\"_blank\" rel=\"noreferrer noopener\">Association des usagers du service public des Archives nationales <\/a>(AUSPAN) qu\u2019il a cr\u00e9\u00e9e.<\/p>\n\n\n\n<p>Monique Defradas (secr\u00e9taire g\u00e9n\u00e9rale de l\u2019association) et H\u00e9l\u00e8ne Chanezon, sont en charge des interviews et assist\u00e9es de Jacqueline Barralis pour les transcriptions. Toutes les trois sont des professeures d\u2019histoire<strong><s> <\/s><\/strong>retrait\u00e9es. Deux d\u2019entre elles ont \u00e9t\u00e9 \u00e9l\u00e8ves du lyc\u00e9e et une d\u2019entre elles avait une m\u00e8re professeur au lyc\u00e9e Marie-Curie, car c\u2019est un lyc\u00e9e o\u00f9 l\u2019on revient et parfois une histoire de famille\u2026 Monique et H\u00e9l\u00e8ne ont \u00e9t\u00e9 rejointes par Genevi\u00e8ve Reymann, professeure retrait\u00e9e en sciences physiques, derni\u00e8re pr\u00e9sidente en exercice de l<a href=\"http:\/\/kendie.free.fr\/\" target=\"_blank\" rel=\"noreferrer noopener\">\u2019association Solidarit\u00e9 Kendi\u00e9<\/a> dont elles faisaient aussi partie. Et plus r\u00e9cemment par Brigitte Cacheux, ancienne \u00e9l\u00e8ve et professeure retrait\u00e9e de Fran\u00e7ais au coll\u00e8ge Marie-Curie. L\u2019association est donc constitu\u00e9e d\u2019une solide base de professeurs retrait\u00e9s sans lesquels l\u2019activit\u00e9 de recherche ne serait pas possible.<\/p>\n\n\n\n<p>Les professeurs en activit\u00e9 au lyc\u00e9e sont 4 professeurs d\u2019histoire. Chlo\u00e9 Dupart, pr\u00e9sidente du Mus\u00e9e. Alain Rajot, tr\u00e9sorier de l\u2019association, en charge de la coordination des interviews, qui participe \u00e0 la formation d\u2019\u00e9l\u00e8ves conf\u00e9renciers lors de la Journ\u00e9e du Patrimoine. Nad\u00e8ge Muzard qui \u00e9tudie les mosa\u00efques d\u2019Auguste Labouret avec ses \u00e9l\u00e8ves au coll\u00e8ge et r\u00e9alise avec eux un atelier de cr\u00e9ation de mosa\u00efques. H\u00e9l\u00e8ne Simon-Lori\u00e8re qui enseigne l\u2019histoire en allemand (en section europ\u00e9enne) est charg\u00e9e de trouver les archives allemandes sur l\u2019occupation du lyc\u00e9e par la Luftwaffe pendant la guerre. Julie La Lahargue, professeur de Lettres, a r\u00e9cemment rejoint l\u2019association et aura la charge d\u2019\u00e9tudier les t\u00e9moignages \u00e9crits laiss\u00e9s par d\u2019anciens \u00e9l\u00e8ves, comme l\u2019\u00e9crivaine Annie Leclerc, ou par d\u2019anciens professeurs, comme Anne-Marie Warin, femme du r\u00e9sistant Jean Warin. Nathalie Iram et Philippe Elisseits, CPE de la Cit\u00e9 scolaire, participent \u00e0 la transmission p\u00e9dagogique aupr\u00e8s des lyc\u00e9ens et des coll\u00e9giens au sein du CVC et du CVL.<\/p>\n\n\n\n<h2 class=\"wp-block-heading\">Les autres membres de l\u2019association<\/h2>\n\n\n\n<p>L\u2019association a deux vice-pr\u00e9sidents\u00a0: Arnaud Somveille (professeur des \u00e9coles sp\u00e9cialis\u00e9 en RASED) et H\u00e9l\u00e8ne Offret (ing\u00e9nieure en m\u00e9canique, chef de projet chez Renault). Arnaud, dont la m\u00e8re est une ancienne \u00e9l\u00e8ve, est le webmaster du site et le responsable de la phototh\u00e8que. Il num\u00e9rise en haute r\u00e9solution tous les documents confi\u00e9s par les anciens \u00e9l\u00e8ves et professeurs qui acceptent de t\u00e9moigner. Il doit progressivement \u00e9toffer le site avec de nouveaux documents. Ancienne \u00e9l\u00e8ve du lyc\u00e9e, H\u00e9l\u00e8ne va poursuivre le travail qu\u2019elle a men\u00e9 sur les abris de d\u00e9fense passive existant au lyc\u00e9e. Elle a \u00e9crit \u00e0 ce sujet un article intitul\u00e9 \u00ab\u00a0<a href=\"https:\/\/www.academia.edu\/111712437\/Un_h%C3%A9ritage_enfoui_sous_le_lyc%C3%A9e_Marie_Curie?uc-sb-sw=19314868\" target=\"_blank\" rel=\"noreferrer noopener\">Un h\u00e9ritage enfoui sous le lyc\u00e9e Marie-Curie<\/a>\u00a0\u00bb publi\u00e9 en 2023 par les Amis de Sceaux\u00a0\u00bb. Elle travaille avec l\u2019historien <a href=\"https:\/\/www.babelio.com\/auteur\/Gilles-Thomas-II\/352495\" target=\"_blank\" rel=\"noreferrer noopener\">Gilles Thomas<\/a>, sp\u00e9cialiste des sous-sols parisiens, et a r\u00e9alis\u00e9 un plan des 9 abris du lyc\u00e9e. Elle est responsable de l\u2019\u00ab\u00a0espace mus\u00e9al\u00a0\u00bb, le plus beau des 9 abris que l\u2019ancien proviseur M. Recoing a mis \u00e0 disposition de l\u2019association et qui est un des points de passage lors de la visite organis\u00e9e lors de la Journ\u00e9e du Patrimoine.<\/p>\n\n\n\n<p>Annick Bourdillat, n\u00e9e en 1933, et Denis Barth\u00e9l\u00e9my (ancien magistrat), n\u00e9 en 1945, ont \u00e9t\u00e9 nomm\u00e9s membres d\u2019honneur de l\u2019association pour leur contribution exceptionnelle et leur collaboration \u00e0 la recherche. Ancien \u00e9l\u00e8ve du jardin d\u2019enfants et des classes primaires du lyc\u00e9e et fils d\u2019une adjointe d\u2019enseignement du lyc\u00e9e, Denis a mis \u00e0 disposition de la recherche beaucoup de documents et collabor\u00e9 au premier article paru chez les Amis de Sceaux en 2023. Il en est de m\u00eame d\u2019Annick, fille du docteur Blanc, qui a fait sa scolarit\u00e9 du jardin d\u2019enfants au baccalaur\u00e9at. Leurs m\u00e8res connaissaient personnellement <a href=\"https:\/\/lyc-mariecurie-sceaux.ac-versailles.fr\/wp-content\/uploads\/sites\/256\/2019\/12\/ScanSuzanneForfer.pdf\" target=\"_blank\" rel=\"noreferrer noopener\">Suzanne Forfer<\/a>, premi\u00e8re directrice du lyc\u00e9e.<\/p>\n\n\n\n<p>Corinne Jager,<a href=\"https:\/\/1visit4you.com\/\" target=\"_blank\" rel=\"noreferrer noopener\"> guide-conf\u00e9renci\u00e8re<\/a>, qui r\u00e9alise les conf\u00e9rences guid\u00e9es pour la Maison du tourisme de Sceaux, joue un r\u00f4le de conseil aupr\u00e8s de l\u2019association. Certaines de ses visites sont en rapport avec l\u2019histoire de la famille Curie \u00e0 Sceaux et la construction du lyc\u00e9e Marie-Curie. Une de ses visites sur les Sc\u00e9ennes c\u00e9l\u00e8bres lors de la derni\u00e8re Journ\u00e9e du Patrimoine passait devant l\u2019exposition \u00ab\u00a0Marie-Curie\u00a0: un lyc\u00e9e dans la guerre\u00a0\u00bb pour \u00e9voquer la premi\u00e8re directrice Suzanne Forfer.<\/p>\n\n\n\n<h2 class=\"wp-block-heading\">Du cabinet d\u2019histoire aux questions sur l\u2019histoire du lyc\u00e9e<\/h2>\n\n\n\n<p>Chlo\u00e9 Dupart arrive au lyc\u00e9e en 2003. C\u2019est son troisi\u00e8me poste<strong>, <\/strong>mais elle se retrouve avec d\u2019autres enseignantes beaucoup plus \u00e2g\u00e9es. Tr\u00e8s bien accueillie, elle garde des contacts avec ses coll\u00e8gues quand elles partent en retraite. Plus tard, elle devient coordinatrice de l\u2019\u00e9quipe Histoire-G\u00e9ographie. Elle cr\u00e9e alors un site de partage d\u2019informations et de documents pour ses coll\u00e8gues. Voulant mettre en ligne des documents sur l\u2019histoire du lyc\u00e9e, elle d\u00e9couvre <a href=\"https:\/\/archives.sceaux.fr\/sites\/default\/files\/Panneaux%20expo%20Marie-Curie.pdf\" target=\"_blank\" rel=\"noreferrer noopener\">les panneaux d\u2019une exposition de 2006 <\/a>sur l\u2019histoire du lyc\u00e9e. 10 panneaux qui reviennent sur 70 ans d\u2019histoire de la Cit\u00e9 scolaire<strong>. <\/strong>C\u2019est Jacques Durin, proviseur de 1984 \u00e0 2008 qui \u00e9tait \u00e0 la man\u0153uvre, avec l\u2019aide de la Ville&nbsp;de Sceaux. Cette d\u00e9couverte lui donne envie d\u2019approfondir le sujet.<\/p>\n\n\n\n<h2 class=\"wp-block-heading\">Les premi\u00e8res recherches<\/h2>\n\n\n\n<p>Pendant la p\u00e9riode Covid, <a>Chlo\u00e9 Dupart <\/a>est contact\u00e9e par une ancienne coll\u00e8gue, H\u00e9l\u00e8ne Chanazon, qui veut lui faire rencontrer sa voisine Annick Bourdillat, une ancienne \u00e9l\u00e8ve qui a particip\u00e9 \u00e0 l\u2019inauguration du lyc\u00e9e en 1937 et poss\u00e8de des documents qu\u2019elle souhaiterait transmettre. L\u2019interview se passe par voie t\u00e9l\u00e9phonique. Celle-ci la met \u00e0 son tour en relation avec d\u2019autres personnes de sa g\u00e9n\u00e9ration&nbsp;: Claire-Marie Le Chevallier-Abraham et Yvonne Leblanc-Letrilliart. Chlo\u00e9 prend ensuite contact avec Les Amis de Sceaux dont les 2 vice-pr\u00e9sidentes Martine Grigaut et Catherine Rhein sont d\u2019anciennes \u00e9l\u00e8ves. Les Amis de Sceaux ont des archives sur le lyc\u00e9e. Martine la met en contact avec d\u2019autres t\u00e9moins et lui propose d\u2019\u00e9crire un article.<strong><\/strong><\/p>\n\n\n\n<p>Ces rencontres, les entretiens qui s\u2019ensuivent, vont donner <a href=\"https:\/\/sceaux-lagazette.fr\/index.php\/2023\/03\/02\/marie-curie-au-temps-des-jeunes-filles\/\" target=\"_blank\" rel=\"noreferrer noopener\">une partie du contenu<\/a> qui servira \u00e0 r\u00e9diger l\u2019article \u00ab\u00a0<em>Le lyc\u00e9e Marie-Curie\u00a0: un lyc\u00e9e de jeunes filles \u00e0 Sceaux<\/em>\u00a0\u00bb publi\u00e9 par les Amis de Sceaux en 2023, puis \u00e0 construire l\u2019exposition \u00ab<a href=\"https:\/\/sceaux-lagazette.fr\/index.php\/2023\/11\/16\/marie-curie-un-lycee-dans-la-guerre\/\">\u00a0<em>Un lyc\u00e9e dans la guerre<\/em><\/a><em>\u00a0\u00bb<\/em> (qui s\u2019est tenue du 16 septembre au 5 novembre 2023). Chlo\u00e9 Dupart, qui la r\u00e9alise avec l\u2019aide b\u00e9n\u00e9vole de sa s\u0153ur \u00e9ditrice-maquettiste Gu\u00e9nol\u00e9e Dupart, comprend le besoin d\u2019une \u00e9quipe pour mener plus vite et les recherches et d\u2019une association pour solliciter des subventions.<\/p>\n\n\n\n<h2 class=\"wp-block-heading\">Le groupe Facebook<\/h2>\n\n\n\n<p>En ao\u00fbt 2021 d\u00e9j\u00e0, elle cr\u00e9e un groupe Facebook <em><a href=\"https:\/\/www.facebook.com\/groups\/lyceemariecuriehieraujourdhui\" target=\"_blank\" rel=\"noreferrer noopener\">Lyc\u00e9e Marie-Curie Hier et Aujourd&rsquo;hui<\/a><\/em>. De nombreuses personnes s\u2019y inscrivent, au point qu\u2019il compte trois ans plus tard environ 1300 membres. Certains partagent des documents divers, dont des photos de classe. Des liens se nouent avec certains membres du groupe&nbsp;: H\u00e9l\u00e8ne Offret puis Arnaud Somveille et Denis Barth\u00e9lemy. Ces deux derniers acceptent de devenir coadministrateurs du groupe.<\/p>\n\n\n\n<p>Le groupe est \u00e0 l\u2019origine en 2022 de <a href=\"https:\/\/sceaux-lagazette.fr\/index.php\/2022\/01\/08\/la-resurrection-des-anciens-de-marie-curie\/\" target=\"_blank\" rel=\"noreferrer noopener\">la renaissance<\/a> d\u2019une <a href=\"https:\/\/www.facebook.com\/profile.php?id=100076055136044&amp;ref=page_internal\" target=\"_blank\" rel=\"noreferrer noopener\">Amicale des anciens \u00c9l\u00e8ves<\/a>. Mais son v\u00e9ritable objectif est ailleurs. Ancienne \u00e9l\u00e8ve du lyc\u00e9e Lakanal, Chlo\u00e9 Dupart adh\u00e8re \u00e0 <a href=\"https:\/\/sceaux-lagazette.fr\/index.php\/2024\/03\/01\/les-projets-des-anciens-de-lakanal\/\" target=\"_blank\" rel=\"noreferrer noopener\">son Amicale<\/a>, beaucoup plus ancienne et \u00e9tablie, dont elle veut \u00e9tudier le fonctionnement. Elle participe en d\u00e9cembre 2022 \u00e0 un repas avec les anciens de Lakanal o\u00f9 elle fait connaissance avec Jean-Yves Poutiers, pr\u00e9sident du Mus\u00e9e Lakanal qui fait des recherches sur l\u2019histoire de l\u2019\u00e9tablissement. Voil\u00e0 l\u2019id\u00e9e qui manquait&nbsp;!<\/p>\n\n\n\n<h2 class=\"wp-block-heading\">Cr\u00e9ation de l\u2019association du Mus\u00e9e<\/h2>\n\n\n\n<p>En 2023, tout est r\u00e9uni pour cr\u00e9er l\u2019association. A long terme, l\u2019objectif est la publication d\u2019un livre collectif sur l\u2019histoire et le patrimoine du lyc\u00e9e d\u2019ici le centenaire en 2036-2037. D\u2019ici l\u00e0 sont pr\u00e9vues des publications d\u2019articles, notamment dans le Bulletin des Amis de Sceaux, l\u2019organisation r\u00e9guli\u00e8re d\u2019expositions sur les panneaux ext\u00e9rieurs de l\u2019\u00e9tablissement lors des Journ\u00e9es du Patrimoine, d\u2019expositions int\u00e9rieures \u00e0 destination scolaire, l\u2019int\u00e9gration de l\u2019histoire du lyc\u00e9e dans l\u2019enseignement d\u2019histoire.<\/p>\n\n\n\n<p>Premi\u00e8re \u00e9tape ce mois-ci avec la journ\u00e9e du patrimoine samedi 21 septembre qui verra pour la deuxi\u00e8me ann\u00e9e cons\u00e9cutive l\u2019affichage de l\u2019exposition \u00ab&nbsp;Un lyc\u00e9e dans la guerre&nbsp;\u00bb. Puis le 12 novembre 2024, une conf\u00e9rence dans la mairie annexe sur \u00ab&nbsp;Sceaux et ses lyc\u00e9es en temps de guerre&nbsp;\u00bb. Et la publication d\u2019un article intitul\u00e9 \u00ab&nbsp;Mai 68 au lyc\u00e9e Marie-Curie&nbsp;: la fin d\u2019une \u00e9poque&nbsp;?&nbsp;\u00bb, co\u00e9crit avec Alain Rajot et Nathalie Roussarie, dans le num\u00e9ro de mai 2025 des Amis de Sceaux. Une nouvelle exposition est en cours de pr\u00e9paration qui devrait s\u2019intituler&nbsp;: \u00ab&nbsp;Marie-Curie&nbsp;: le lyc\u00e9e des Trente Glorieuses&nbsp;\u00bb.<\/p>\n\n\n\n<p>Si vous avez des documents et voulez t\u00e9moigner, prenez contact avec l\u2019association \u00e0 l\u2019adresse<strong>. <\/strong>Les articles de Chlo\u00e9 Dupart et H\u00e9l\u00e8ne Offret sont disponibles \u00e0 l\u2019office du tourisme de Sceaux ou \u00e0 l\u2019adresse<strong>&nbsp;: <\/strong><a href=\"mailto:lesamisdesceaux@orange.fr\"><strong>lesamisdesceaux@orange.fr<\/strong><\/a><strong>. <\/strong>Si vous souhaitez soutenir l\u2019association par un don&nbsp;:<strong> <\/strong><a href=\"https:\/\/www.helloasso.com\/associations\/association-du-musee-du-lycee-marie-curie-de-sceaux\"><strong>https:\/\/www.helloasso.com\/associations\/association-du-musee-du-lycee-marie-curie-de-sceaux<\/strong><\/a><strong>. <\/strong>L\u2019adresse du site de l\u2019association&nbsp;: <a href=\"https:\/\/museelyceemariecurie.org\/\"><strong>https:\/\/museelyceemariecurie.org\/<\/strong><\/a><strong>.<\/strong><\/p>\n","protected":false},"excerpt":{"rendered":"<p>L\u2019association du Mus\u00e9e du lyc\u00e9e Marie-Curie s\u2019est constitu\u00e9e le 11 mars 2023. Elle \u00ab&nbsp;ambitionne de cr\u00e9er un centre d\u2019archives et de recherche local sur l\u2019histoire et le patrimoine du lyc\u00e9e Marie-Curie&nbsp;\u00bb nous raconte Chlo\u00e9 Dupart, professeur d\u2019histoire, qui la pr\u00e9side et qui a jou\u00e9 un r\u00f4le majeur dans sa cr\u00e9ation.&#8230;<\/p>\n","protected":false},"author":11,"featured_media":41759,"comment_status":"open","ping_status":"open","sticky":false,"template":"","format":"standard","meta":{"om_disable_all_campaigns":false,"_monsterinsights_skip_tracking":false,"_monsterinsights_sitenote_active":false,"_monsterinsights_sitenote_note":"","_monsterinsights_sitenote_category":0,"_uf_show_specific_survey":0,"_uf_disable_surveys":false,"footnotes":""},"categories":[261,122,266],"tags":[],"class_list":["post-41756","post","type-post","status-publish","format-standard","has-post-thumbnail","hentry","category-associations","category-histoire-de-sceaux","category-sceaux","entry","simple"],"yoast_head":"<!-- This site is optimized with the Yoast SEO plugin v25.6 - https:\/\/yoast.com\/wordpress\/plugins\/seo\/ -->\n<title>Faire vivre l\u2019histoire du lyc\u00e9e Marie-Curie - La Gazette<\/title>\n<meta name=\"robots\" content=\"index, follow, max-snippet:-1, max-image-preview:large, max-video-preview:-1\" \/>\n<link rel=\"canonical\" href=\"https:\/\/sceaux-lagazette.fr\/index.php\/2024\/09\/20\/faire-vivre-lhistoire-du-lycee-marie-curie\/\" \/>\n<meta property=\"og:locale\" content=\"fr_FR\" \/>\n<meta property=\"og:type\" content=\"article\" \/>\n<meta property=\"og:title\" content=\"Faire vivre l\u2019histoire du lyc\u00e9e Marie-Curie - La Gazette\" \/>\n<meta property=\"og:description\" content=\"L\u2019association du Mus\u00e9e du lyc\u00e9e Marie-Curie s\u2019est constitu\u00e9e le 11 mars 2023. Elle \u00ab&nbsp;ambitionne de cr\u00e9er un centre d\u2019archives et de recherche local sur l\u2019histoire et le patrimoine du lyc\u00e9e Marie-Curie&nbsp;\u00bb nous raconte Chlo\u00e9 Dupart, professeur d\u2019histoire, qui la pr\u00e9side et qui a jou\u00e9 un r\u00f4le majeur dans sa cr\u00e9ation.&#8230;\" \/>\n<meta property=\"og:url\" content=\"https:\/\/sceaux-lagazette.fr\/index.php\/2024\/09\/20\/faire-vivre-lhistoire-du-lycee-marie-curie\/\" \/>\n<meta property=\"og:site_name\" content=\"La Gazette\" \/>\n<meta property=\"article:published_time\" content=\"2024-09-20T07:43:25+00:00\" \/>\n<meta property=\"article:modified_time\" content=\"2024-09-20T09:13:27+00:00\" \/>\n<meta property=\"og:image\" content=\"https:\/\/sceaux-lagazette.fr\/wp-content\/uploads\/2024\/09\/Equipe-musee-MC.jpg\" \/>\n\t<meta property=\"og:image:width\" content=\"605\" \/>\n\t<meta property=\"og:image:height\" content=\"453\" \/>\n\t<meta property=\"og:image:type\" content=\"image\/jpeg\" \/>\n<meta name=\"author\" content=\"G\u00e9rard Bardier\" \/>\n<meta name=\"twitter:card\" content=\"summary_large_image\" \/>\n<meta name=\"twitter:label1\" content=\"\u00c9crit par\" \/>\n\t<meta name=\"twitter:data1\" content=\"G\u00e9rard Bardier\" \/>\n\t<meta name=\"twitter:label2\" content=\"Dur\u00e9e de lecture estim\u00e9e\" \/>\n\t<meta name=\"twitter:data2\" content=\"10 minutes\" \/>\n<script type=\"application\/ld+json\" class=\"yoast-schema-graph\">{\"@context\":\"https:\/\/schema.org\",\"@graph\":[{\"@type\":\"Article\",\"@id\":\"https:\/\/sceaux-lagazette.fr\/index.php\/2024\/09\/20\/faire-vivre-lhistoire-du-lycee-marie-curie\/#article\",\"isPartOf\":{\"@id\":\"https:\/\/sceaux-lagazette.fr\/index.php\/2024\/09\/20\/faire-vivre-lhistoire-du-lycee-marie-curie\/\"},\"author\":{\"name\":\"G\u00e9rard Bardier\",\"@id\":\"https:\/\/sceaux-lagazette.fr\/#\/schema\/person\/5650e206a121f68c6f5e76379bccfbc4\"},\"headline\":\"Faire vivre l\u2019histoire du lyc\u00e9e Marie-Curie\",\"datePublished\":\"2024-09-20T07:43:25+00:00\",\"dateModified\":\"2024-09-20T09:13:27+00:00\",\"mainEntityOfPage\":{\"@id\":\"https:\/\/sceaux-lagazette.fr\/index.php\/2024\/09\/20\/faire-vivre-lhistoire-du-lycee-marie-curie\/\"},\"wordCount\":2123,\"commentCount\":0,\"publisher\":{\"@id\":\"https:\/\/sceaux-lagazette.fr\/#organization\"},\"image\":{\"@id\":\"https:\/\/sceaux-lagazette.fr\/index.php\/2024\/09\/20\/faire-vivre-lhistoire-du-lycee-marie-curie\/#primaryimage\"},\"thumbnailUrl\":\"https:\/\/sceaux-lagazette.fr\/wp-content\/uploads\/2024\/09\/Equipe-musee-MC.jpg\",\"articleSection\":[\"Associations\",\"Histoire(s)\",\"Sceaux\"],\"inLanguage\":\"fr-FR\",\"potentialAction\":[{\"@type\":\"CommentAction\",\"name\":\"Comment\",\"target\":[\"https:\/\/sceaux-lagazette.fr\/index.php\/2024\/09\/20\/faire-vivre-lhistoire-du-lycee-marie-curie\/#respond\"]}]},{\"@type\":\"WebPage\",\"@id\":\"https:\/\/sceaux-lagazette.fr\/index.php\/2024\/09\/20\/faire-vivre-lhistoire-du-lycee-marie-curie\/\",\"url\":\"https:\/\/sceaux-lagazette.fr\/index.php\/2024\/09\/20\/faire-vivre-lhistoire-du-lycee-marie-curie\/\",\"name\":\"Faire vivre l\u2019histoire du lyc\u00e9e Marie-Curie - La Gazette\",\"isPartOf\":{\"@id\":\"https:\/\/sceaux-lagazette.fr\/#website\"},\"primaryImageOfPage\":{\"@id\":\"https:\/\/sceaux-lagazette.fr\/index.php\/2024\/09\/20\/faire-vivre-lhistoire-du-lycee-marie-curie\/#primaryimage\"},\"image\":{\"@id\":\"https:\/\/sceaux-lagazette.fr\/index.php\/2024\/09\/20\/faire-vivre-lhistoire-du-lycee-marie-curie\/#primaryimage\"},\"thumbnailUrl\":\"https:\/\/sceaux-lagazette.fr\/wp-content\/uploads\/2024\/09\/Equipe-musee-MC.jpg\",\"datePublished\":\"2024-09-20T07:43:25+00:00\",\"dateModified\":\"2024-09-20T09:13:27+00:00\",\"breadcrumb\":{\"@id\":\"https:\/\/sceaux-lagazette.fr\/index.php\/2024\/09\/20\/faire-vivre-lhistoire-du-lycee-marie-curie\/#breadcrumb\"},\"inLanguage\":\"fr-FR\",\"potentialAction\":[{\"@type\":\"ReadAction\",\"target\":[\"https:\/\/sceaux-lagazette.fr\/index.php\/2024\/09\/20\/faire-vivre-lhistoire-du-lycee-marie-curie\/\"]}]},{\"@type\":\"ImageObject\",\"inLanguage\":\"fr-FR\",\"@id\":\"https:\/\/sceaux-lagazette.fr\/index.php\/2024\/09\/20\/faire-vivre-lhistoire-du-lycee-marie-curie\/#primaryimage\",\"url\":\"https:\/\/sceaux-lagazette.fr\/wp-content\/uploads\/2024\/09\/Equipe-musee-MC.jpg\",\"contentUrl\":\"https:\/\/sceaux-lagazette.fr\/wp-content\/uploads\/2024\/09\/Equipe-musee-MC.jpg\",\"width\":605,\"height\":453},{\"@type\":\"BreadcrumbList\",\"@id\":\"https:\/\/sceaux-lagazette.fr\/index.php\/2024\/09\/20\/faire-vivre-lhistoire-du-lycee-marie-curie\/#breadcrumb\",\"itemListElement\":[{\"@type\":\"ListItem\",\"position\":1,\"name\":\"Accueil\",\"item\":\"https:\/\/sceaux-lagazette.fr\/\"},{\"@type\":\"ListItem\",\"position\":2,\"name\":\"Faire vivre l\u2019histoire du lyc\u00e9e Marie-Curie\"}]},{\"@type\":\"WebSite\",\"@id\":\"https:\/\/sceaux-lagazette.fr\/#website\",\"url\":\"https:\/\/sceaux-lagazette.fr\/\",\"name\":\"La Gazette\",\"description\":\"Bourg-la-Reine, Ch\u00e2tenay, Fontenay, Sceaux\",\"publisher\":{\"@id\":\"https:\/\/sceaux-lagazette.fr\/#organization\"},\"potentialAction\":[{\"@type\":\"SearchAction\",\"target\":{\"@type\":\"EntryPoint\",\"urlTemplate\":\"https:\/\/sceaux-lagazette.fr\/?s={search_term_string}\"},\"query-input\":{\"@type\":\"PropertyValueSpecification\",\"valueRequired\":true,\"valueName\":\"search_term_string\"}}],\"inLanguage\":\"fr-FR\"},{\"@type\":\"Organization\",\"@id\":\"https:\/\/sceaux-lagazette.fr\/#organization\",\"name\":\"La Gazette\",\"url\":\"https:\/\/sceaux-lagazette.fr\/\",\"logo\":{\"@type\":\"ImageObject\",\"inLanguage\":\"fr-FR\",\"@id\":\"https:\/\/sceaux-lagazette.fr\/#\/schema\/logo\/image\/\",\"url\":\"https:\/\/sceaux-lagazette.fr\/wp-content\/uploads\/2025\/08\/Logo-Gazette-Aout-2025-V3.jpg\",\"contentUrl\":\"https:\/\/sceaux-lagazette.fr\/wp-content\/uploads\/2025\/08\/Logo-Gazette-Aout-2025-V3.jpg\",\"width\":525,\"height\":130,\"caption\":\"La Gazette\"},\"image\":{\"@id\":\"https:\/\/sceaux-lagazette.fr\/#\/schema\/logo\/image\/\"}},{\"@type\":\"Person\",\"@id\":\"https:\/\/sceaux-lagazette.fr\/#\/schema\/person\/5650e206a121f68c6f5e76379bccfbc4\",\"name\":\"G\u00e9rard Bardier\",\"image\":{\"@type\":\"ImageObject\",\"inLanguage\":\"fr-FR\",\"@id\":\"https:\/\/sceaux-lagazette.fr\/#\/schema\/person\/image\/\",\"url\":\"https:\/\/secure.gravatar.com\/avatar\/5cf4391ef9dbc0367750202561279a29?s=96&r=g\",\"contentUrl\":\"https:\/\/secure.gravatar.com\/avatar\/5cf4391ef9dbc0367750202561279a29?s=96&r=g\",\"caption\":\"G\u00e9rard Bardier\"},\"url\":\"https:\/\/sceaux-lagazette.fr\/index.php\/author\/gb\/\"}]}<\/script>\n<!-- \/ Yoast SEO plugin. -->","yoast_head_json":{"title":"Faire vivre l\u2019histoire du lyc\u00e9e Marie-Curie - La Gazette","robots":{"index":"index","follow":"follow","max-snippet":"max-snippet:-1","max-image-preview":"max-image-preview:large","max-video-preview":"max-video-preview:-1"},"canonical":"https:\/\/sceaux-lagazette.fr\/index.php\/2024\/09\/20\/faire-vivre-lhistoire-du-lycee-marie-curie\/","og_locale":"fr_FR","og_type":"article","og_title":"Faire vivre l\u2019histoire du lyc\u00e9e Marie-Curie - La Gazette","og_description":"L\u2019association du Mus\u00e9e du lyc\u00e9e Marie-Curie s\u2019est constitu\u00e9e le 11 mars 2023. Elle \u00ab&nbsp;ambitionne de cr\u00e9er un centre d\u2019archives et de recherche local sur l\u2019histoire et le patrimoine du lyc\u00e9e Marie-Curie&nbsp;\u00bb nous raconte Chlo\u00e9 Dupart, professeur d\u2019histoire, qui la pr\u00e9side et qui a jou\u00e9 un r\u00f4le majeur dans sa cr\u00e9ation.&#8230;","og_url":"https:\/\/sceaux-lagazette.fr\/index.php\/2024\/09\/20\/faire-vivre-lhistoire-du-lycee-marie-curie\/","og_site_name":"La Gazette","article_published_time":"2024-09-20T07:43:25+00:00","article_modified_time":"2024-09-20T09:13:27+00:00","og_image":[{"width":605,"height":453,"url":"https:\/\/sceaux-lagazette.fr\/wp-content\/uploads\/2024\/09\/Equipe-musee-MC.jpg","type":"image\/jpeg"}],"author":"G\u00e9rard Bardier","twitter_card":"summary_large_image","twitter_misc":{"\u00c9crit par":"G\u00e9rard Bardier","Dur\u00e9e de lecture estim\u00e9e":"10 minutes"},"schema":{"@context":"https:\/\/schema.org","@graph":[{"@type":"Article","@id":"https:\/\/sceaux-lagazette.fr\/index.php\/2024\/09\/20\/faire-vivre-lhistoire-du-lycee-marie-curie\/#article","isPartOf":{"@id":"https:\/\/sceaux-lagazette.fr\/index.php\/2024\/09\/20\/faire-vivre-lhistoire-du-lycee-marie-curie\/"},"author":{"name":"G\u00e9rard Bardier","@id":"https:\/\/sceaux-lagazette.fr\/#\/schema\/person\/5650e206a121f68c6f5e76379bccfbc4"},"headline":"Faire vivre l\u2019histoire du lyc\u00e9e Marie-Curie","datePublished":"2024-09-20T07:43:25+00:00","dateModified":"2024-09-20T09:13:27+00:00","mainEntityOfPage":{"@id":"https:\/\/sceaux-lagazette.fr\/index.php\/2024\/09\/20\/faire-vivre-lhistoire-du-lycee-marie-curie\/"},"wordCount":2123,"commentCount":0,"publisher":{"@id":"https:\/\/sceaux-lagazette.fr\/#organization"},"image":{"@id":"https:\/\/sceaux-lagazette.fr\/index.php\/2024\/09\/20\/faire-vivre-lhistoire-du-lycee-marie-curie\/#primaryimage"},"thumbnailUrl":"https:\/\/sceaux-lagazette.fr\/wp-content\/uploads\/2024\/09\/Equipe-musee-MC.jpg","articleSection":["Associations","Histoire(s)","Sceaux"],"inLanguage":"fr-FR","potentialAction":[{"@type":"CommentAction","name":"Comment","target":["https:\/\/sceaux-lagazette.fr\/index.php\/2024\/09\/20\/faire-vivre-lhistoire-du-lycee-marie-curie\/#respond"]}]},{"@type":"WebPage","@id":"https:\/\/sceaux-lagazette.fr\/index.php\/2024\/09\/20\/faire-vivre-lhistoire-du-lycee-marie-curie\/","url":"https:\/\/sceaux-lagazette.fr\/index.php\/2024\/09\/20\/faire-vivre-lhistoire-du-lycee-marie-curie\/","name":"Faire vivre l\u2019histoire du lyc\u00e9e Marie-Curie - La Gazette","isPartOf":{"@id":"https:\/\/sceaux-lagazette.fr\/#website"},"primaryImageOfPage":{"@id":"https:\/\/sceaux-lagazette.fr\/index.php\/2024\/09\/20\/faire-vivre-lhistoire-du-lycee-marie-curie\/#primaryimage"},"image":{"@id":"https:\/\/sceaux-lagazette.fr\/index.php\/2024\/09\/20\/faire-vivre-lhistoire-du-lycee-marie-curie\/#primaryimage"},"thumbnailUrl":"https:\/\/sceaux-lagazette.fr\/wp-content\/uploads\/2024\/09\/Equipe-musee-MC.jpg","datePublished":"2024-09-20T07:43:25+00:00","dateModified":"2024-09-20T09:13:27+00:00","breadcrumb":{"@id":"https:\/\/sceaux-lagazette.fr\/index.php\/2024\/09\/20\/faire-vivre-lhistoire-du-lycee-marie-curie\/#breadcrumb"},"inLanguage":"fr-FR","potentialAction":[{"@type":"ReadAction","target":["https:\/\/sceaux-lagazette.fr\/index.php\/2024\/09\/20\/faire-vivre-lhistoire-du-lycee-marie-curie\/"]}]},{"@type":"ImageObject","inLanguage":"fr-FR","@id":"https:\/\/sceaux-lagazette.fr\/index.php\/2024\/09\/20\/faire-vivre-lhistoire-du-lycee-marie-curie\/#primaryimage","url":"https:\/\/sceaux-lagazette.fr\/wp-content\/uploads\/2024\/09\/Equipe-musee-MC.jpg","contentUrl":"https:\/\/sceaux-lagazette.fr\/wp-content\/uploads\/2024\/09\/Equipe-musee-MC.jpg","width":605,"height":453},{"@type":"BreadcrumbList","@id":"https:\/\/sceaux-lagazette.fr\/index.php\/2024\/09\/20\/faire-vivre-lhistoire-du-lycee-marie-curie\/#breadcrumb","itemListElement":[{"@type":"ListItem","position":1,"name":"Accueil","item":"https:\/\/sceaux-lagazette.fr\/"},{"@type":"ListItem","position":2,"name":"Faire vivre l\u2019histoire du lyc\u00e9e Marie-Curie"}]},{"@type":"WebSite","@id":"https:\/\/sceaux-lagazette.fr\/#website","url":"https:\/\/sceaux-lagazette.fr\/","name":"La Gazette","description":"Bourg-la-Reine, Ch\u00e2tenay, Fontenay, Sceaux","publisher":{"@id":"https:\/\/sceaux-lagazette.fr\/#organization"},"potentialAction":[{"@type":"SearchAction","target":{"@type":"EntryPoint","urlTemplate":"https:\/\/sceaux-lagazette.fr\/?s={search_term_string}"},"query-input":{"@type":"PropertyValueSpecification","valueRequired":true,"valueName":"search_term_string"}}],"inLanguage":"fr-FR"},{"@type":"Organization","@id":"https:\/\/sceaux-lagazette.fr\/#organization","name":"La Gazette","url":"https:\/\/sceaux-lagazette.fr\/","logo":{"@type":"ImageObject","inLanguage":"fr-FR","@id":"https:\/\/sceaux-lagazette.fr\/#\/schema\/logo\/image\/","url":"https:\/\/sceaux-lagazette.fr\/wp-content\/uploads\/2025\/08\/Logo-Gazette-Aout-2025-V3.jpg","contentUrl":"https:\/\/sceaux-lagazette.fr\/wp-content\/uploads\/2025\/08\/Logo-Gazette-Aout-2025-V3.jpg","width":525,"height":130,"caption":"La Gazette"},"image":{"@id":"https:\/\/sceaux-lagazette.fr\/#\/schema\/logo\/image\/"}},{"@type":"Person","@id":"https:\/\/sceaux-lagazette.fr\/#\/schema\/person\/5650e206a121f68c6f5e76379bccfbc4","name":"G\u00e9rard Bardier","image":{"@type":"ImageObject","inLanguage":"fr-FR","@id":"https:\/\/sceaux-lagazette.fr\/#\/schema\/person\/image\/","url":"https:\/\/secure.gravatar.com\/avatar\/5cf4391ef9dbc0367750202561279a29?s=96&r=g","contentUrl":"https:\/\/secure.gravatar.com\/avatar\/5cf4391ef9dbc0367750202561279a29?s=96&r=g","caption":"G\u00e9rard Bardier"},"url":"https:\/\/sceaux-lagazette.fr\/index.php\/author\/gb\/"}]}},"cc_featured_image_caption":{"caption_text":"","source_text":"","source_url":""},"_links":{"self":[{"href":"https:\/\/sceaux-lagazette.fr\/index.php\/wp-json\/wp\/v2\/posts\/41756"}],"collection":[{"href":"https:\/\/sceaux-lagazette.fr\/index.php\/wp-json\/wp\/v2\/posts"}],"about":[{"href":"https:\/\/sceaux-lagazette.fr\/index.php\/wp-json\/wp\/v2\/types\/post"}],"author":[{"embeddable":true,"href":"https:\/\/sceaux-lagazette.fr\/index.php\/wp-json\/wp\/v2\/users\/11"}],"replies":[{"embeddable":true,"href":"https:\/\/sceaux-lagazette.fr\/index.php\/wp-json\/wp\/v2\/comments?post=41756"}],"version-history":[{"count":3,"href":"https:\/\/sceaux-lagazette.fr\/index.php\/wp-json\/wp\/v2\/posts\/41756\/revisions"}],"predecessor-version":[{"id":41761,"href":"https:\/\/sceaux-lagazette.fr\/index.php\/wp-json\/wp\/v2\/posts\/41756\/revisions\/41761"}],"wp:featuredmedia":[{"embeddable":true,"href":"https:\/\/sceaux-lagazette.fr\/index.php\/wp-json\/wp\/v2\/media\/41759"}],"wp:attachment":[{"href":"https:\/\/sceaux-lagazette.fr\/index.php\/wp-json\/wp\/v2\/media?parent=41756"}],"wp:term":[{"taxonomy":"category","embeddable":true,"href":"https:\/\/sceaux-lagazette.fr\/index.php\/wp-json\/wp\/v2\/categories?post=41756"},{"taxonomy":"post_tag","embeddable":true,"href":"https:\/\/sceaux-lagazette.fr\/index.php\/wp-json\/wp\/v2\/tags?post=41756"}],"curies":[{"name":"wp","href":"https:\/\/api.w.org\/{rel}","templated":true}]}}