{"id":4174,"date":"2021-06-05T10:11:03","date_gmt":"2021-06-05T08:11:03","guid":{"rendered":"https:\/\/sceaux-lagazette.fr\/?p=4174"},"modified":"2022-01-28T17:19:50","modified_gmt":"2022-01-28T16:19:50","slug":"blagis-sacree-soiree","status":"publish","type":"post","link":"https:\/\/sceaux-lagazette.fr\/index.php\/2021\/06\/05\/blagis-sacree-soiree\/","title":{"rendered":"Blagis: longue soir\u00e9e"},"content":{"rendered":"\n<p>Au contraire de ce qu\u2019exprime Jean-Claude Herrenschmidt <a rel=\"noreferrer noopener\" href=\"https:\/\/sceaux-lagazette.fr\/index.php\/2021\/06\/03\/parlons-ensemble-des-blagis-suite\/\" target=\"_blank\">dans son article<\/a>, j\u2019ai suivi la s\u00e9ance de restitution de \u00ab&nbsp;Parlons Ensemble des Blagis&nbsp;\u00bb avec agacement et sentiment de perte de temps. Comme lui, j\u2019ai appr\u00e9ci\u00e9 les d\u00e9clarations du maire \u00e0 la fin qui montraient que des actions \u00e9taient en cours.<\/p>\n\n\n\n<p>Agacement de voir qu\u2019apr\u00e8s 7 rencontres, la reprise des m\u00eames contenus avec une vid\u00e9o de d\u00e9but de soir\u00e9e, sorte de <em>best of<\/em> des 7 sessions de 2 heures chacune, d\u00e9j\u00e0 tr\u00e8s r\u00e9p\u00e9titives. Evidemment, on peut trouver des justifications \u00e0 la r\u00e9p\u00e9tition&nbsp;: les attentes et les besoins ne sont pas innombrables&nbsp;; il est normal que les m\u00eames reviennent sur le tapis. Les personnes interrog\u00e9es changeant, il est logique que chacune, exprimant son point de vue, puise ses arguments dans une sorte de pot commun.<\/p>\n\n\n\n<p>Admettons que la r\u00e9p\u00e9tition, bien qu\u2019ennuyeuse, soit utile et permette \u00e0 tous de saisir la situation. Mais la restitution de mardi dernier, quant \u00e0 elle, aurait pu apporter un certain niveau de synth\u00e8se, d\u00e9gager les lignes de force de ce qui a \u00e9t\u00e9 dit, de fa\u00e7ons parfois convergentes parfois divergentes. Au lieu de cela, apr\u00e8s le best of, c\u2019\u00e9tait des invitations enjou\u00e9es de la journaliste sollicitant des \u00ab&nbsp;comment vous avez v\u00e9cu les sessions&nbsp;?&nbsp;\u00bb, entrecoup\u00e9s de saluts \u00e0 la richesse des sessions, assaisonn\u00e9s d\u2019amour des participants pour leur quartier et leur ville, saupoudr\u00e9s d\u2019appels \u00e0 exprimer son ressenti et des \u00ab&nbsp;comment voyez-vous la suite&nbsp;?&nbsp;\u00bb qui n\u2019appelaient aucune r\u00e9ponse, puisque ce n\u2019\u00e9tait pas le moment&nbsp;: des ateliers \u00e0 venir en parleraient.<\/p>\n\n\n\n<p>Des invit\u00e9s ont bien camp\u00e9 quelques projets en cours, montrant la volont\u00e9 des acteurs \u00ab&nbsp;institutionnels&nbsp;\u00bb d\u2019agir et de prendre des initiatives&nbsp;: le th\u00e9\u00e2tre des G\u00e9meaux avec des \u00e9v\u00e9nements hors les murs, le CSCB avec l\u2019ouverture en ao\u00fbt et des s\u00e9ances de v\u00e9lo-\u00e9cole en juillet, le directeur de l\u2019\u00e9cole appelant \u00e0 la r\u00e9novation du quartier et au renforcement des liens entre les \u00e9coles de la ville, une pr\u00e9sidente d\u2019association suivie en cela par une \u00e9lue soulignant que c\u2019est aussi aux habitants de \u00ab&nbsp;retrousser les manches&nbsp;\u00bb et un repr\u00e9sentant du commissariat pas tr\u00e8s \u00e0 son aise dans l\u2019exercice.<\/p>\n\n\n\n<p>Mais nous \u00e9tions l\u00e0 dans la moiti\u00e9 du probl\u00e8me, l\u2019autre moiti\u00e9 celle qui doit \u00e9maner des habitants, c\u2019est leur capacit\u00e9 \u00e0 \u00ab&nbsp;se prendre en main&nbsp;\u00bb, selon l\u2019expression d&rsquo;une participante, \u00e0 cr\u00e9er entre eux des liens assez forts pour pouvoir imposer des r\u00e8gles de civilit\u00e9 \u00e0 ceux qui y d\u00e9rogent, pour pouvoir montrer une solidarit\u00e9 forte, seule \u00e0 m\u00eame d\u2019imposer la courtoisie esp\u00e9r\u00e9e, cette moiti\u00e9 (une tr\u00e8s grosse moiti\u00e9, disons-le) n\u2019a fait l\u2019objet d\u2019aucune \u00ab&nbsp;restitution&nbsp;\u00bb, synth\u00e8se, mise en perspective.<\/p>\n\n\n\n<p>Cette autre moiti\u00e9, c\u2019est l\u2019investissement plus grand dans les associations (peut-\u00eatre la cr\u00e9ation de nouvelles), des initiatives par immeuble, des attitudes solidaires et donner la r\u00e9p\u00e9tition sans fin est le meilleur moyen de d\u00e9mobiliser. Elle cr\u00e9e un sentiment d\u2019inutilit\u00e9 et d\u2019\u00e9chec.<\/p>\n\n\n\n<p>Cela n\u2019est peut-\u00eatre que de l\u2019impatience. Et un effet des attentes suscit\u00e9es. Les ateliers \u00e0 venir vont peut-\u00eatre traiter de ces questions. Esp\u00e9rons qu\u2019ils n\u2019auront pas le travers (\u00ab&nbsp;autoc\u00e9l\u00e9bratif&nbsp;\u00bb) et que, malgr\u00e9 leur intitul\u00e9 d\u2019une imposante g\u00e9n\u00e9ralit\u00e9, \u00ab&nbsp;Bien vivre aux Blagis&nbsp;\u00bb, \u00ab&nbsp;R\u00e9ussir aux Blagis&nbsp;\u00bb, ils sauront mobiliser la force qui leur donnera le concret qu\u2019il faut maintenant cr\u00e9er.<\/p>\n\n\n\n<p>Car la dynamique collective, indispensable pour transformer les choses, demande de changer de braquet. Et de commencer par une restitution, une vraie, qui segmente les attentes, les combine, les oppose s\u2019il le faut, les priorise et identifie sur qui s\u2019appuyer.<\/p>\n\n\n\n<h2 class=\"wp-block-heading\">Annonces<\/h2>\n\n\n\n<p>Venons-en donc \u00e0 ce qui est devenu le principal de la soir\u00e9e, les annonces du maire.<\/p>\n\n\n\n<p>La prochaine F\u00eate des sports se tiendra dans le tout nouveau site sportif des Blagis. La F\u00eate des Blagis en septembre prendra une ampleur nouvelle en s\u2019ouvrant \u00e0 plus d\u2019\u00e9v\u00e9nements.<\/p>\n\n\n\n<p>Au d\u00e9but 2022, sera mise en place une politique d\u2019accompagnement des jeunes avec le recrutement d\u2019\u00e9ducateurs de rue par la ville et avec aide du d\u00e9partement 92.<\/p>\n\n\n\n<p>Des n\u00e9gociations sont en cours avec diff\u00e9rents acteurs pour am\u00e9liorer les transports. D\u2019un c\u00f4t\u00e9 la fr\u00e9quence des bus Paladin est discut\u00e9e avec VSGP&nbsp;; d\u2019un autre des liaisons de bus reliant le quartier aux futures lignes 4 et 15 sont discut\u00e9es avec IdFM (la RATP).<\/p>\n\n\n\n<p>Les quatre 4 maires de Bourg-la-Reine, Fontenay-aux-Roses, Bagneux et Sceaux, ont adress\u00e9 une lettre commune au pr\u00e9fet pour obtenir des moyens et pour la r\u00e9ouverture du commissariat et r\u00e9inscrire ce quartier dans la politique de la ville pour du financement<\/p>\n\n\n\n<p>En ce qui concerne la Poste, le maire rappelle le contexte d\u2019une perte abyssale d\u2019argent sur la partie Courrier. Pour faire face \u00e0 des d\u00e9cisions de fermetures de bureau prises au plus haut niveau de l\u2019entreprise publique et pour maintenir cependant les services postaux, le maire propose une Agence postale communale et d\u2019y associer d\u2019autres fonctions pour constituer une Maison France Services. Une discussion avec le pr\u00e9fet est en cours.<\/p>\n\n\n\n<p>Ainsi, suivons le point de vue de Jean-Claude Herrenschmidt et consid\u00e9rons que la d\u00e9marche aura eu le m\u00e9rite de produire ces d\u00e9cisions. Elle aura aussi permis aux Sc\u00e9ens des Blagis de s\u2019exprimer et de cerner les v\u00e9ritables pr\u00e9occupations locales. C\u2019est important pour tous, les \u00e9lus en premier, de les conna\u00eetre.<\/p>\n\n\n\n<p>Et attendons encore la r\u00e9union des deux facettes indispensables \u00e0 une d\u00e9marche du type \u00ab&nbsp;Parlons ensemble&nbsp;\u00bb (que les Anglo-saxons avec leur sens de la synth\u00e8se, r\u00e9sument en \u00ab&nbsp;bottom-up&nbsp;\u00bb et \u00ab&nbsp;top-down&nbsp;\u00bb), et consid\u00e9rons que si elle \u00e9tait \u00e0 refaire, elle m\u00e9riterait d\u2019\u00eatre refaite.<\/p>\n","protected":false},"excerpt":{"rendered":"<p>Au contraire de ce qu\u2019exprime Jean-Claude Herrenschmidt dans son article, j\u2019ai suivi la s\u00e9ance de restitution de \u00ab&nbsp;Parlons Ensemble des Blagis&nbsp;\u00bb avec agacement et sentiment de perte de temps. Comme lui, j\u2019ai appr\u00e9ci\u00e9 les d\u00e9clarations du maire \u00e0 la fin qui montraient que des actions \u00e9taient en cours. Agacement de&#8230;<\/p>\n","protected":false},"author":6,"featured_media":4178,"comment_status":"open","ping_status":"open","sticky":false,"template":"","format":"standard","meta":{"om_disable_all_campaigns":false,"_monsterinsights_skip_tracking":false,"_monsterinsights_sitenote_active":false,"_monsterinsights_sitenote_note":"","_monsterinsights_sitenote_category":0,"_uf_show_specific_survey":0,"_uf_disable_surveys":false,"footnotes":""},"categories":[220,5],"tags":[],"class_list":["post-4174","post","type-post","status-publish","format-standard","has-post-thumbnail","hentry","category-humeurs","category-des-quartiers-de-sceaux","entry","simple"],"yoast_head":"<!-- This site is optimized with the Yoast SEO plugin v25.6 - https:\/\/yoast.com\/wordpress\/plugins\/seo\/ -->\n<title>Blagis: longue soir\u00e9e - La Gazette<\/title>\n<meta name=\"robots\" content=\"index, follow, max-snippet:-1, max-image-preview:large, max-video-preview:-1\" \/>\n<link rel=\"canonical\" href=\"https:\/\/sceaux-lagazette.fr\/index.php\/2021\/06\/05\/blagis-sacree-soiree\/\" \/>\n<meta property=\"og:locale\" content=\"fr_FR\" \/>\n<meta property=\"og:type\" content=\"article\" \/>\n<meta property=\"og:title\" content=\"Blagis: longue soir\u00e9e - La Gazette\" \/>\n<meta property=\"og:description\" content=\"Au contraire de ce qu\u2019exprime Jean-Claude Herrenschmidt dans son article, j\u2019ai suivi la s\u00e9ance de restitution de \u00ab&nbsp;Parlons Ensemble des Blagis&nbsp;\u00bb avec agacement et sentiment de perte de temps. Comme lui, j\u2019ai appr\u00e9ci\u00e9 les d\u00e9clarations du maire \u00e0 la fin qui montraient que des actions \u00e9taient en cours. Agacement de&#8230;\" \/>\n<meta property=\"og:url\" content=\"https:\/\/sceaux-lagazette.fr\/index.php\/2021\/06\/05\/blagis-sacree-soiree\/\" \/>\n<meta property=\"og:site_name\" content=\"La Gazette\" \/>\n<meta property=\"article:published_time\" content=\"2021-06-05T08:11:03+00:00\" \/>\n<meta property=\"article:modified_time\" content=\"2022-01-28T16:19:50+00:00\" \/>\n<meta property=\"og:image\" content=\"https:\/\/sceaux-lagazette.fr\/wp-content\/uploads\/2021\/06\/Blagis-Restitution-2.png\" \/>\n\t<meta property=\"og:image:width\" content=\"373\" \/>\n\t<meta property=\"og:image:height\" content=\"113\" \/>\n\t<meta property=\"og:image:type\" content=\"image\/png\" \/>\n<meta name=\"author\" content=\"Maurice Zytnicki\" \/>\n<meta name=\"twitter:card\" content=\"summary_large_image\" \/>\n<meta name=\"twitter:label1\" content=\"\u00c9crit par\" \/>\n\t<meta name=\"twitter:data1\" content=\"Maurice Zytnicki\" \/>\n\t<meta name=\"twitter:label2\" content=\"Dur\u00e9e de lecture estim\u00e9e\" \/>\n\t<meta name=\"twitter:data2\" content=\"5 minutes\" \/>\n<script type=\"application\/ld+json\" class=\"yoast-schema-graph\">{\"@context\":\"https:\/\/schema.org\",\"@graph\":[{\"@type\":\"Article\",\"@id\":\"https:\/\/sceaux-lagazette.fr\/index.php\/2021\/06\/05\/blagis-sacree-soiree\/#article\",\"isPartOf\":{\"@id\":\"https:\/\/sceaux-lagazette.fr\/index.php\/2021\/06\/05\/blagis-sacree-soiree\/\"},\"author\":{\"name\":\"Maurice Zytnicki\",\"@id\":\"https:\/\/sceaux-lagazette.fr\/#\/schema\/person\/060ab8fc058c4220d9079707a58da9f1\"},\"headline\":\"Blagis: longue soir\u00e9e\",\"datePublished\":\"2021-06-05T08:11:03+00:00\",\"dateModified\":\"2022-01-28T16:19:50+00:00\",\"mainEntityOfPage\":{\"@id\":\"https:\/\/sceaux-lagazette.fr\/index.php\/2021\/06\/05\/blagis-sacree-soiree\/\"},\"wordCount\":1040,\"commentCount\":1,\"publisher\":{\"@id\":\"https:\/\/sceaux-lagazette.fr\/#organization\"},\"image\":{\"@id\":\"https:\/\/sceaux-lagazette.fr\/index.php\/2021\/06\/05\/blagis-sacree-soiree\/#primaryimage\"},\"thumbnailUrl\":\"https:\/\/sceaux-lagazette.fr\/wp-content\/uploads\/2021\/06\/Blagis-Restitution-2.png\",\"articleSection\":[\"Humeurs\",\"Quartiers\"],\"inLanguage\":\"fr-FR\",\"potentialAction\":[{\"@type\":\"CommentAction\",\"name\":\"Comment\",\"target\":[\"https:\/\/sceaux-lagazette.fr\/index.php\/2021\/06\/05\/blagis-sacree-soiree\/#respond\"]}]},{\"@type\":\"WebPage\",\"@id\":\"https:\/\/sceaux-lagazette.fr\/index.php\/2021\/06\/05\/blagis-sacree-soiree\/\",\"url\":\"https:\/\/sceaux-lagazette.fr\/index.php\/2021\/06\/05\/blagis-sacree-soiree\/\",\"name\":\"Blagis: longue soir\u00e9e - La Gazette\",\"isPartOf\":{\"@id\":\"https:\/\/sceaux-lagazette.fr\/#website\"},\"primaryImageOfPage\":{\"@id\":\"https:\/\/sceaux-lagazette.fr\/index.php\/2021\/06\/05\/blagis-sacree-soiree\/#primaryimage\"},\"image\":{\"@id\":\"https:\/\/sceaux-lagazette.fr\/index.php\/2021\/06\/05\/blagis-sacree-soiree\/#primaryimage\"},\"thumbnailUrl\":\"https:\/\/sceaux-lagazette.fr\/wp-content\/uploads\/2021\/06\/Blagis-Restitution-2.png\",\"datePublished\":\"2021-06-05T08:11:03+00:00\",\"dateModified\":\"2022-01-28T16:19:50+00:00\",\"breadcrumb\":{\"@id\":\"https:\/\/sceaux-lagazette.fr\/index.php\/2021\/06\/05\/blagis-sacree-soiree\/#breadcrumb\"},\"inLanguage\":\"fr-FR\",\"potentialAction\":[{\"@type\":\"ReadAction\",\"target\":[\"https:\/\/sceaux-lagazette.fr\/index.php\/2021\/06\/05\/blagis-sacree-soiree\/\"]}]},{\"@type\":\"ImageObject\",\"inLanguage\":\"fr-FR\",\"@id\":\"https:\/\/sceaux-lagazette.fr\/index.php\/2021\/06\/05\/blagis-sacree-soiree\/#primaryimage\",\"url\":\"https:\/\/sceaux-lagazette.fr\/wp-content\/uploads\/2021\/06\/Blagis-Restitution-2.png\",\"contentUrl\":\"https:\/\/sceaux-lagazette.fr\/wp-content\/uploads\/2021\/06\/Blagis-Restitution-2.png\",\"width\":373,\"height\":113},{\"@type\":\"BreadcrumbList\",\"@id\":\"https:\/\/sceaux-lagazette.fr\/index.php\/2021\/06\/05\/blagis-sacree-soiree\/#breadcrumb\",\"itemListElement\":[{\"@type\":\"ListItem\",\"position\":1,\"name\":\"Accueil\",\"item\":\"https:\/\/sceaux-lagazette.fr\/\"},{\"@type\":\"ListItem\",\"position\":2,\"name\":\"Blagis: longue soir\u00e9e\"}]},{\"@type\":\"WebSite\",\"@id\":\"https:\/\/sceaux-lagazette.fr\/#website\",\"url\":\"https:\/\/sceaux-lagazette.fr\/\",\"name\":\"La Gazette\",\"description\":\"Bourg-la-Reine, Ch\u00e2tenay, Fontenay, Sceaux\",\"publisher\":{\"@id\":\"https:\/\/sceaux-lagazette.fr\/#organization\"},\"potentialAction\":[{\"@type\":\"SearchAction\",\"target\":{\"@type\":\"EntryPoint\",\"urlTemplate\":\"https:\/\/sceaux-lagazette.fr\/?s={search_term_string}\"},\"query-input\":{\"@type\":\"PropertyValueSpecification\",\"valueRequired\":true,\"valueName\":\"search_term_string\"}}],\"inLanguage\":\"fr-FR\"},{\"@type\":\"Organization\",\"@id\":\"https:\/\/sceaux-lagazette.fr\/#organization\",\"name\":\"La Gazette\",\"url\":\"https:\/\/sceaux-lagazette.fr\/\",\"logo\":{\"@type\":\"ImageObject\",\"inLanguage\":\"fr-FR\",\"@id\":\"https:\/\/sceaux-lagazette.fr\/#\/schema\/logo\/image\/\",\"url\":\"https:\/\/sceaux-lagazette.fr\/wp-content\/uploads\/2025\/08\/Logo-Gazette-Aout-2025-V3.jpg\",\"contentUrl\":\"https:\/\/sceaux-lagazette.fr\/wp-content\/uploads\/2025\/08\/Logo-Gazette-Aout-2025-V3.jpg\",\"width\":525,\"height\":130,\"caption\":\"La Gazette\"},\"image\":{\"@id\":\"https:\/\/sceaux-lagazette.fr\/#\/schema\/logo\/image\/\"}},{\"@type\":\"Person\",\"@id\":\"https:\/\/sceaux-lagazette.fr\/#\/schema\/person\/060ab8fc058c4220d9079707a58da9f1\",\"name\":\"Maurice Zytnicki\",\"image\":{\"@type\":\"ImageObject\",\"inLanguage\":\"fr-FR\",\"@id\":\"https:\/\/sceaux-lagazette.fr\/#\/schema\/person\/image\/\",\"url\":\"https:\/\/secure.gravatar.com\/avatar\/d94d30d6fa0e9cb7af48a89366fc0cdb?s=96&r=g\",\"contentUrl\":\"https:\/\/secure.gravatar.com\/avatar\/d94d30d6fa0e9cb7af48a89366fc0cdb?s=96&r=g\",\"caption\":\"Maurice Zytnicki\"},\"url\":\"https:\/\/sceaux-lagazette.fr\/index.php\/author\/maurice\/\"}]}<\/script>\n<!-- \/ Yoast SEO plugin. -->","yoast_head_json":{"title":"Blagis: longue soir\u00e9e - La Gazette","robots":{"index":"index","follow":"follow","max-snippet":"max-snippet:-1","max-image-preview":"max-image-preview:large","max-video-preview":"max-video-preview:-1"},"canonical":"https:\/\/sceaux-lagazette.fr\/index.php\/2021\/06\/05\/blagis-sacree-soiree\/","og_locale":"fr_FR","og_type":"article","og_title":"Blagis: longue soir\u00e9e - La Gazette","og_description":"Au contraire de ce qu\u2019exprime Jean-Claude Herrenschmidt dans son article, j\u2019ai suivi la s\u00e9ance de restitution de \u00ab&nbsp;Parlons Ensemble des Blagis&nbsp;\u00bb avec agacement et sentiment de perte de temps. Comme lui, j\u2019ai appr\u00e9ci\u00e9 les d\u00e9clarations du maire \u00e0 la fin qui montraient que des actions \u00e9taient en cours. Agacement de&#8230;","og_url":"https:\/\/sceaux-lagazette.fr\/index.php\/2021\/06\/05\/blagis-sacree-soiree\/","og_site_name":"La Gazette","article_published_time":"2021-06-05T08:11:03+00:00","article_modified_time":"2022-01-28T16:19:50+00:00","og_image":[{"width":373,"height":113,"url":"https:\/\/sceaux-lagazette.fr\/wp-content\/uploads\/2021\/06\/Blagis-Restitution-2.png","type":"image\/png"}],"author":"Maurice Zytnicki","twitter_card":"summary_large_image","twitter_misc":{"\u00c9crit par":"Maurice Zytnicki","Dur\u00e9e de lecture estim\u00e9e":"5 minutes"},"schema":{"@context":"https:\/\/schema.org","@graph":[{"@type":"Article","@id":"https:\/\/sceaux-lagazette.fr\/index.php\/2021\/06\/05\/blagis-sacree-soiree\/#article","isPartOf":{"@id":"https:\/\/sceaux-lagazette.fr\/index.php\/2021\/06\/05\/blagis-sacree-soiree\/"},"author":{"name":"Maurice Zytnicki","@id":"https:\/\/sceaux-lagazette.fr\/#\/schema\/person\/060ab8fc058c4220d9079707a58da9f1"},"headline":"Blagis: longue soir\u00e9e","datePublished":"2021-06-05T08:11:03+00:00","dateModified":"2022-01-28T16:19:50+00:00","mainEntityOfPage":{"@id":"https:\/\/sceaux-lagazette.fr\/index.php\/2021\/06\/05\/blagis-sacree-soiree\/"},"wordCount":1040,"commentCount":1,"publisher":{"@id":"https:\/\/sceaux-lagazette.fr\/#organization"},"image":{"@id":"https:\/\/sceaux-lagazette.fr\/index.php\/2021\/06\/05\/blagis-sacree-soiree\/#primaryimage"},"thumbnailUrl":"https:\/\/sceaux-lagazette.fr\/wp-content\/uploads\/2021\/06\/Blagis-Restitution-2.png","articleSection":["Humeurs","Quartiers"],"inLanguage":"fr-FR","potentialAction":[{"@type":"CommentAction","name":"Comment","target":["https:\/\/sceaux-lagazette.fr\/index.php\/2021\/06\/05\/blagis-sacree-soiree\/#respond"]}]},{"@type":"WebPage","@id":"https:\/\/sceaux-lagazette.fr\/index.php\/2021\/06\/05\/blagis-sacree-soiree\/","url":"https:\/\/sceaux-lagazette.fr\/index.php\/2021\/06\/05\/blagis-sacree-soiree\/","name":"Blagis: longue soir\u00e9e - La Gazette","isPartOf":{"@id":"https:\/\/sceaux-lagazette.fr\/#website"},"primaryImageOfPage":{"@id":"https:\/\/sceaux-lagazette.fr\/index.php\/2021\/06\/05\/blagis-sacree-soiree\/#primaryimage"},"image":{"@id":"https:\/\/sceaux-lagazette.fr\/index.php\/2021\/06\/05\/blagis-sacree-soiree\/#primaryimage"},"thumbnailUrl":"https:\/\/sceaux-lagazette.fr\/wp-content\/uploads\/2021\/06\/Blagis-Restitution-2.png","datePublished":"2021-06-05T08:11:03+00:00","dateModified":"2022-01-28T16:19:50+00:00","breadcrumb":{"@id":"https:\/\/sceaux-lagazette.fr\/index.php\/2021\/06\/05\/blagis-sacree-soiree\/#breadcrumb"},"inLanguage":"fr-FR","potentialAction":[{"@type":"ReadAction","target":["https:\/\/sceaux-lagazette.fr\/index.php\/2021\/06\/05\/blagis-sacree-soiree\/"]}]},{"@type":"ImageObject","inLanguage":"fr-FR","@id":"https:\/\/sceaux-lagazette.fr\/index.php\/2021\/06\/05\/blagis-sacree-soiree\/#primaryimage","url":"https:\/\/sceaux-lagazette.fr\/wp-content\/uploads\/2021\/06\/Blagis-Restitution-2.png","contentUrl":"https:\/\/sceaux-lagazette.fr\/wp-content\/uploads\/2021\/06\/Blagis-Restitution-2.png","width":373,"height":113},{"@type":"BreadcrumbList","@id":"https:\/\/sceaux-lagazette.fr\/index.php\/2021\/06\/05\/blagis-sacree-soiree\/#breadcrumb","itemListElement":[{"@type":"ListItem","position":1,"name":"Accueil","item":"https:\/\/sceaux-lagazette.fr\/"},{"@type":"ListItem","position":2,"name":"Blagis: longue soir\u00e9e"}]},{"@type":"WebSite","@id":"https:\/\/sceaux-lagazette.fr\/#website","url":"https:\/\/sceaux-lagazette.fr\/","name":"La Gazette","description":"Bourg-la-Reine, Ch\u00e2tenay, Fontenay, Sceaux","publisher":{"@id":"https:\/\/sceaux-lagazette.fr\/#organization"},"potentialAction":[{"@type":"SearchAction","target":{"@type":"EntryPoint","urlTemplate":"https:\/\/sceaux-lagazette.fr\/?s={search_term_string}"},"query-input":{"@type":"PropertyValueSpecification","valueRequired":true,"valueName":"search_term_string"}}],"inLanguage":"fr-FR"},{"@type":"Organization","@id":"https:\/\/sceaux-lagazette.fr\/#organization","name":"La Gazette","url":"https:\/\/sceaux-lagazette.fr\/","logo":{"@type":"ImageObject","inLanguage":"fr-FR","@id":"https:\/\/sceaux-lagazette.fr\/#\/schema\/logo\/image\/","url":"https:\/\/sceaux-lagazette.fr\/wp-content\/uploads\/2025\/08\/Logo-Gazette-Aout-2025-V3.jpg","contentUrl":"https:\/\/sceaux-lagazette.fr\/wp-content\/uploads\/2025\/08\/Logo-Gazette-Aout-2025-V3.jpg","width":525,"height":130,"caption":"La Gazette"},"image":{"@id":"https:\/\/sceaux-lagazette.fr\/#\/schema\/logo\/image\/"}},{"@type":"Person","@id":"https:\/\/sceaux-lagazette.fr\/#\/schema\/person\/060ab8fc058c4220d9079707a58da9f1","name":"Maurice Zytnicki","image":{"@type":"ImageObject","inLanguage":"fr-FR","@id":"https:\/\/sceaux-lagazette.fr\/#\/schema\/person\/image\/","url":"https:\/\/secure.gravatar.com\/avatar\/d94d30d6fa0e9cb7af48a89366fc0cdb?s=96&r=g","contentUrl":"https:\/\/secure.gravatar.com\/avatar\/d94d30d6fa0e9cb7af48a89366fc0cdb?s=96&r=g","caption":"Maurice Zytnicki"},"url":"https:\/\/sceaux-lagazette.fr\/index.php\/author\/maurice\/"}]}},"cc_featured_image_caption":{"caption_text":false,"source_text":false,"source_url":false},"_links":{"self":[{"href":"https:\/\/sceaux-lagazette.fr\/index.php\/wp-json\/wp\/v2\/posts\/4174"}],"collection":[{"href":"https:\/\/sceaux-lagazette.fr\/index.php\/wp-json\/wp\/v2\/posts"}],"about":[{"href":"https:\/\/sceaux-lagazette.fr\/index.php\/wp-json\/wp\/v2\/types\/post"}],"author":[{"embeddable":true,"href":"https:\/\/sceaux-lagazette.fr\/index.php\/wp-json\/wp\/v2\/users\/6"}],"replies":[{"embeddable":true,"href":"https:\/\/sceaux-lagazette.fr\/index.php\/wp-json\/wp\/v2\/comments?post=4174"}],"version-history":[{"count":5,"href":"https:\/\/sceaux-lagazette.fr\/index.php\/wp-json\/wp\/v2\/posts\/4174\/revisions"}],"predecessor-version":[{"id":4181,"href":"https:\/\/sceaux-lagazette.fr\/index.php\/wp-json\/wp\/v2\/posts\/4174\/revisions\/4181"}],"wp:featuredmedia":[{"embeddable":true,"href":"https:\/\/sceaux-lagazette.fr\/index.php\/wp-json\/wp\/v2\/media\/4178"}],"wp:attachment":[{"href":"https:\/\/sceaux-lagazette.fr\/index.php\/wp-json\/wp\/v2\/media?parent=4174"}],"wp:term":[{"taxonomy":"category","embeddable":true,"href":"https:\/\/sceaux-lagazette.fr\/index.php\/wp-json\/wp\/v2\/categories?post=4174"},{"taxonomy":"post_tag","embeddable":true,"href":"https:\/\/sceaux-lagazette.fr\/index.php\/wp-json\/wp\/v2\/tags?post=4174"}],"curies":[{"name":"wp","href":"https:\/\/api.w.org\/{rel}","templated":true}]}}