{"id":41719,"date":"2024-09-16T08:58:47","date_gmt":"2024-09-16T06:58:47","guid":{"rendered":"https:\/\/sceaux-lagazette.fr\/?p=41719"},"modified":"2024-09-16T08:58:49","modified_gmt":"2024-09-16T06:58:49","slug":"rentree-sous-le-signe-de-la-nouveaute-pour-le-cael","status":"publish","type":"post","link":"https:\/\/sceaux-lagazette.fr\/index.php\/2024\/09\/16\/rentree-sous-le-signe-de-la-nouveaute-pour-le-cael\/","title":{"rendered":"Rentr\u00e9e sous le signe de la nouveaut\u00e9 pour le CAEL"},"content":{"rendered":"\n<p>Le <a href=\"https:\/\/www.caelmjc.com\/\" target=\"_blank\" rel=\"noreferrer noopener\">Centre d\u2019Animation Expression Loisirs <\/a>de Bourg-la-Reine reprenait ses activit\u00e9s ce vendredi 13 septembre. Ses 2000 adh\u00e9rents d\u00e9couvriront une offre renouvel\u00e9e qui leur promet de nombreuses heures de plaisir pendant la saison 2024\/2025. En particulier autour de la musique. Les autres activit\u00e9s continuent&nbsp;!<\/p>\n\n\n\n<h2 class=\"wp-block-heading\">Saison musica(e)l<\/h2>\n\n\n\n<p>Depuis 2018, le CAEL organise un festival de chanson fran\u00e7aise. Celui de 2024 a eu lieu du 22 au 30 mars et la Gazette <a href=\"https:\/\/sceaux-lagazette.fr\/index.php\/2024\/03\/13\/musicael-cest-tres-bientot\/\" target=\"_blank\" rel=\"noreferrer noopener\">l\u2019avait annonc\u00e9<\/a>. Le CAEL a d\u00e9cid\u00e9 de modifier la formule cette ann\u00e9e. La d\u00e9nomination nouvelle (saison musica(e)l) couvre deux nouveaut\u00e9s. D\u2019abord, on passe de spectacles concentr\u00e9s sur une p\u00e9riode courte \u00e0 des spectacles r\u00e9partis dans l\u2019ann\u00e9e.<\/p>\n\n\n\n<p>Ensuite, le CAEL va utiliser, en alternance avec l\u2019Agoreine, l\u2019espace Jos\u00e9phine Baker et son auditorium. Cette salle est agr\u00e9able. Plus petite que l\u2019Agoreine (130 places assises), elle rend aussi plus facile le contact entre l\u2019artiste et le public.<\/p>\n\n\n\n<p>Cette \u00e9volution d\u00e9coule d\u2019une conviction profonde&nbsp;: celle de rendre le spectacle vivant aussi diversifi\u00e9e et accessible que possible. En choisissant d\u2019organiser des concerts au sein de sa structure le CAEL chercher \u00e0 la fois \u00e0 offrir des moments de qualit\u00e9 mais aussi \u00e0 cr\u00e9er des moments de partage.<\/p>\n\n\n\n<p>Le CAEL propose \u00e9galement 2 \u00e0 3 fois par an des r\u00e9sidences d\u2019artistes. Il s\u2019agit d\u2019accueillir pendant quelques semaines des groupes qui ont besoin d\u2019un lieu pour compl\u00e9ter une cr\u00e9ation. En contrepartie, \u00e0 la fin du s\u00e9jour, ils produisent pour le centre leur spectacle, encore \u00e0 l\u2019\u00e9tat brut.<\/p>\n\n\n\n<p>L\u2019an pass\u00e9, c\u2019est <a href=\"https:\/\/www.alain-schneider.com\/\" target=\"_blank\" rel=\"noreferrer noopener\">Alain Schneider<\/a> qui est venu passer deux semaines pendant lesquelles il avait l\u2019amphi \u00e0 sa disposition. A la fin, il a fait une restitution \/ spectacle pour des \u00e9l\u00e8ves de maternelle et de primaire de la Fa\u00efencerie. Et, \u00e0 la fin, il a pu leur demander leurs avis. Du donnant\/ donnant&nbsp;: un spectacle pour les enfants, des avis qui peuvent conduire l\u2019artiste \u00e0 d\u2019ultimes r\u00e9glages.<\/p>\n\n\n\n<p>La saison musica(e)l va \u00eatre \u00e9galement l\u2019occasion d\u2019exp\u00e9rimenter des ateliers de cr\u00e9ation de chanson.<\/p>\n\n\n\n<p>&nbsp;Pour les adultes, <em><a href=\"https:\/\/www.laurentmadiot.com\/\" target=\"_blank\" rel=\"noreferrer noopener\">Laurent Madiot<\/a><\/em> animera 4 ateliers, en partenariat et \u00e0 la m\u00e9diath\u00e8que de Bourg-la-Reine, avant son concert du 13 d\u00e9cembre (dans l\u2019amphith\u00e9\u00e2tre du CAEL).<\/p>\n\n\n\n<p><em>Alain Schneider<\/em>, qui jouera son spectacle jeune public le 26 mars 2025, proposera \u00e9galement aux enfants des \u00e9coles de \u00ab&nbsp;fabriquer&nbsp;\u00bb leur chanson.<\/p>\n\n\n\n<h2 class=\"wp-block-heading\">Agenda<\/h2>\n\n\n\n<p>D\u2019ici la fin de l\u2019ann\u00e9e, sont \u00e9galement pr\u00e9vus&nbsp;:<\/p>\n\n\n\n<ul class=\"wp-block-list\">\n<li>Le vendredi 27 septembre \u00e0 partir de 18h, ouverture de saison avec notamment le concert de <a href=\"https:\/\/www.bazaretbemols.com\/\" target=\"_blank\" rel=\"noreferrer noopener\">Bazar et B\u00e9mols<\/a> (amphith\u00e9\u00e2tre CAEL)<\/li>\n\n\n\n<li>Le samedi 5 octobre, \u00e0 15h30, un cin\u00e9-concert autour des films d\u2019\u00c9mile Cohl et des musiques d\u2019\u00c9ric Satie (amphith\u00e9\u00e2tre CAEL)<\/li>\n<\/ul>\n\n\n\n<ul class=\"wp-block-list\">\n<li>Le samedi 16 octobre \u00e0 20 h, un bal autour des musiques de films (amphith\u00e9\u00e2tre CAEL)<\/li>\n\n\n\n<li>Le 23 novembre \u00e0 20 h 30, un spectacle de claquettes avec <a href=\"https:\/\/www.fabien-ruiz.com\/\" target=\"_blank\" rel=\"noreferrer noopener\">Fabien Ruiz<\/a> (th\u00e9\u00e2tre de l\u2019Agoreine)<\/li>\n<\/ul>\n\n\n\n<h2 class=\"wp-block-heading\">Environnement<\/h2>\n\n\n\n<p>Le CAEL a d\u00e9velopp\u00e9 un \u00ab&nbsp;laboratoire citoyen&nbsp;\u00bb autour de la biodiversit\u00e9, sant\u00e9, robotisation, univers et infinis, d\u00e9veloppement durable et plantation&nbsp;! &nbsp;Il participera \u00e0 l\u2019animation autour des arbres, avec le nouveau parc cr\u00e9\u00e9 \u00e0 proximit\u00e9 du centre.<\/p>\n\n\n\n<p>Le CAEL a fait appel \u00e0 un nouveau graphiste, <a href=\"https:\/\/www.lejardingraphique.com\/graphisme-web-video_membres.htm\" target=\"_blank\" rel=\"noreferrer noopener\">Mathieu Desailly<\/a>. Sur le th\u00e8me <em>Recyclons-nous<\/em>, celui-ci proposera notamment des ateliers de dessin. Il s\u2019agira d\u2019imaginer des objets autour d\u2019un d\u00e9chet trouv\u00e9.<\/p>\n\n\n\n<p>Il a aussi con\u00e7u l\u2019affiche qui pr\u00e9sente l\u2019ensemble des activit\u00e9s du CAEL (voir en fin d&rsquo;article).<\/p>\n\n\n\n<h2 class=\"wp-block-heading\">Partenariats<\/h2>\n\n\n\n<p>Nouveaut\u00e9 n\u2019est pas incompatible avec continuit\u00e9. Le CAEL continue ses partenariats avec l\u2019\u00e9cole de la Fa\u00efencerie, la maison de quartier le Trois-m\u00e2ts, l\u2019association ADS ou encore avec le coll\u00e8ge \u00c9variste Gallois.<\/p>\n\n\n\n<p>Il poursuit ses nombreux \u00e9changes avec le coll\u00e8ge (il est vrai situ\u00e9 \u00e0 deux pas). Pour la vingtaine d\u2019internes, le CAEL propose \u00e0 la fois des places de spectacles mais aussi un atelier d\u00e9couverte dessin illustration le jeudi.<\/p>\n\n\n\n<p>Plus sp\u00e9cifique, la structure accueille certains \u00e9l\u00e8ves exclus du coll\u00e8ge pour 3 ou 5 jours. Plut\u00f4t que d\u2019\u00eatre livr\u00e9s \u00e0 eux-m\u00eames le temps de cette exclusion, ces \u00e9l\u00e8ves restent dans un syst\u00e8me qui leur impose des limites, mais avec une relation diff\u00e9rente aux adultes. C\u2019est un autre cadre pour eux, ils participeront par exemple \u00e0 des ateliers avec les seniors. Il y a une rencontre pr\u00e9alable avec les parents, en pr\u00e9sence de la m\u00e9diatrice scolaire et du principal. 5 \u00e9l\u00e8ves ont ainsi \u00e9t\u00e9 accueillis l\u2019an dernier et 7 l\u2019ann\u00e9e pr\u00e9c\u00e9dente. La prise en charge est faite par un adulte du CAEL&nbsp;: sa directrice ou son adjoint, ou la r\u00e9f\u00e9rente famille, ou la r\u00e9f\u00e9rente ateliers. Souvent, cela cr\u00e9e des liens personnels tr\u00e8s forts et les jeunes reviennent par la suite.<\/p>\n\n\n\n<h2 class=\"wp-block-heading\">L\u2019\u00e9quipe<\/h2>\n\n\n\n<p>L\u2019\u00e9quipe salari\u00e9e actuelle est compos\u00e9e de&nbsp;:<\/p>\n\n\n\n<ul class=\"wp-block-list\">\n<li>Directrice : Gabrielle Gladieux<\/li>\n\n\n\n<li>Directeur adjoint : Julien Verg\u00e8s<\/li>\n\n\n\n<li>Animatrice r\u00e9f\u00e9rente famille&nbsp;: Florence Bendaher<\/li>\n\n\n\n<li>Comptable : Val\u00e9rie Boittin<\/li>\n\n\n\n<li>Agente administrative : Am\u00e9lie Sago<\/li>\n\n\n\n<li>Accueil : Anne Le Meur, Caroline Chanay &amp; Mathilde Ponce<\/li>\n\n\n\n<li>Agent de maintenance : Philippe Bignaud<\/li>\n<\/ul>\n\n\n\n<p>Auxquelles s\u2019ajoutent une cinquantaine d\u2019animateurs (\u00e0 temps partiel), les b\u00e9n\u00e9voles et les membres du CA.<\/p>\n\n\n\n<p>Une communaut\u00e9 forte qui porte continuit\u00e9 et nouveaut\u00e9.<\/p>\n\n\n\n<figure class=\"wp-block-image size-large\"><img decoding=\"async\" width=\"839\" height=\"1024\" src=\"https:\/\/sceaux-lagazette.fr\/wp-content\/uploads\/2024\/09\/CAEL-Anatomie-839x1024.jpg\" alt=\"\" class=\"wp-image-41723\" srcset=\"https:\/\/sceaux-lagazette.fr\/wp-content\/uploads\/2024\/09\/CAEL-Anatomie-839x1024.jpg 839w, https:\/\/sceaux-lagazette.fr\/wp-content\/uploads\/2024\/09\/CAEL-Anatomie-246x300.jpg 246w, https:\/\/sceaux-lagazette.fr\/wp-content\/uploads\/2024\/09\/CAEL-Anatomie-768x938.jpg 768w, https:\/\/sceaux-lagazette.fr\/wp-content\/uploads\/2024\/09\/CAEL-Anatomie.jpg 960w\" sizes=\"(max-width: 839px) 100vw, 839px\" \/><\/figure>\n","protected":false},"excerpt":{"rendered":"<p>Le Centre d\u2019Animation Expression Loisirs de Bourg-la-Reine reprenait ses activit\u00e9s ce vendredi 13 septembre. Ses 2000 adh\u00e9rents d\u00e9couvriront une offre renouvel\u00e9e qui leur promet de nombreuses heures de plaisir pendant la saison 2024\/2025. En particulier autour de la musique. Les autres activit\u00e9s continuent&nbsp;! Saison musica(e)l Depuis 2018, le CAEL organise&#8230;<\/p>\n","protected":false},"author":11,"featured_media":41725,"comment_status":"open","ping_status":"open","sticky":false,"template":"","format":"standard","meta":{"om_disable_all_campaigns":false,"_monsterinsights_skip_tracking":false,"_monsterinsights_sitenote_active":false,"_monsterinsights_sitenote_note":"","_monsterinsights_sitenote_category":0,"_uf_show_specific_survey":0,"_uf_disable_surveys":false,"footnotes":""},"categories":[265],"tags":[],"class_list":["post-41719","post","type-post","status-publish","format-standard","has-post-thumbnail","hentry","category-bourg-la-reine","entry","simple"],"yoast_head":"<!-- This site is optimized with the Yoast SEO plugin v25.6 - https:\/\/yoast.com\/wordpress\/plugins\/seo\/ -->\n<title>Rentr\u00e9e sous le signe de la nouveaut\u00e9 pour le CAEL - La Gazette<\/title>\n<meta name=\"robots\" content=\"index, follow, max-snippet:-1, max-image-preview:large, max-video-preview:-1\" \/>\n<link rel=\"canonical\" href=\"https:\/\/sceaux-lagazette.fr\/index.php\/2024\/09\/16\/rentree-sous-le-signe-de-la-nouveaute-pour-le-cael\/\" \/>\n<meta property=\"og:locale\" content=\"fr_FR\" \/>\n<meta property=\"og:type\" content=\"article\" \/>\n<meta property=\"og:title\" content=\"Rentr\u00e9e sous le signe de la nouveaut\u00e9 pour le CAEL - La Gazette\" \/>\n<meta property=\"og:description\" content=\"Le Centre d\u2019Animation Expression Loisirs de Bourg-la-Reine reprenait ses activit\u00e9s ce vendredi 13 septembre. Ses 2000 adh\u00e9rents d\u00e9couvriront une offre renouvel\u00e9e qui leur promet de nombreuses heures de plaisir pendant la saison 2024\/2025. En particulier autour de la musique. Les autres activit\u00e9s continuent&nbsp;! Saison musica(e)l Depuis 2018, le CAEL organise&#8230;\" \/>\n<meta property=\"og:url\" content=\"https:\/\/sceaux-lagazette.fr\/index.php\/2024\/09\/16\/rentree-sous-le-signe-de-la-nouveaute-pour-le-cael\/\" \/>\n<meta property=\"og:site_name\" content=\"La Gazette\" \/>\n<meta property=\"article:published_time\" content=\"2024-09-16T06:58:47+00:00\" \/>\n<meta property=\"article:modified_time\" content=\"2024-09-16T06:58:49+00:00\" \/>\n<meta property=\"og:image\" content=\"https:\/\/sceaux-lagazette.fr\/wp-content\/uploads\/2024\/09\/CAEL-interieur-recompose.jpg\" \/>\n\t<meta property=\"og:image:width\" content=\"1920\" \/>\n\t<meta property=\"og:image:height\" content=\"961\" \/>\n\t<meta property=\"og:image:type\" content=\"image\/jpeg\" \/>\n<meta name=\"author\" content=\"G\u00e9rard Bardier\" \/>\n<meta name=\"twitter:card\" content=\"summary_large_image\" \/>\n<meta name=\"twitter:label1\" content=\"\u00c9crit par\" \/>\n\t<meta name=\"twitter:data1\" content=\"G\u00e9rard Bardier\" \/>\n\t<meta name=\"twitter:label2\" content=\"Dur\u00e9e de lecture estim\u00e9e\" \/>\n\t<meta name=\"twitter:data2\" content=\"5 minutes\" \/>\n<script type=\"application\/ld+json\" class=\"yoast-schema-graph\">{\"@context\":\"https:\/\/schema.org\",\"@graph\":[{\"@type\":\"Article\",\"@id\":\"https:\/\/sceaux-lagazette.fr\/index.php\/2024\/09\/16\/rentree-sous-le-signe-de-la-nouveaute-pour-le-cael\/#article\",\"isPartOf\":{\"@id\":\"https:\/\/sceaux-lagazette.fr\/index.php\/2024\/09\/16\/rentree-sous-le-signe-de-la-nouveaute-pour-le-cael\/\"},\"author\":{\"name\":\"G\u00e9rard Bardier\",\"@id\":\"https:\/\/sceaux-lagazette.fr\/#\/schema\/person\/5650e206a121f68c6f5e76379bccfbc4\"},\"headline\":\"Rentr\u00e9e sous le signe de la nouveaut\u00e9 pour le CAEL\",\"datePublished\":\"2024-09-16T06:58:47+00:00\",\"dateModified\":\"2024-09-16T06:58:49+00:00\",\"mainEntityOfPage\":{\"@id\":\"https:\/\/sceaux-lagazette.fr\/index.php\/2024\/09\/16\/rentree-sous-le-signe-de-la-nouveaute-pour-le-cael\/\"},\"wordCount\":910,\"commentCount\":0,\"publisher\":{\"@id\":\"https:\/\/sceaux-lagazette.fr\/#organization\"},\"image\":{\"@id\":\"https:\/\/sceaux-lagazette.fr\/index.php\/2024\/09\/16\/rentree-sous-le-signe-de-la-nouveaute-pour-le-cael\/#primaryimage\"},\"thumbnailUrl\":\"https:\/\/sceaux-lagazette.fr\/wp-content\/uploads\/2024\/09\/CAEL-interieur-recompose.jpg\",\"articleSection\":[\"Bourg-la-Reine\"],\"inLanguage\":\"fr-FR\",\"potentialAction\":[{\"@type\":\"CommentAction\",\"name\":\"Comment\",\"target\":[\"https:\/\/sceaux-lagazette.fr\/index.php\/2024\/09\/16\/rentree-sous-le-signe-de-la-nouveaute-pour-le-cael\/#respond\"]}]},{\"@type\":\"WebPage\",\"@id\":\"https:\/\/sceaux-lagazette.fr\/index.php\/2024\/09\/16\/rentree-sous-le-signe-de-la-nouveaute-pour-le-cael\/\",\"url\":\"https:\/\/sceaux-lagazette.fr\/index.php\/2024\/09\/16\/rentree-sous-le-signe-de-la-nouveaute-pour-le-cael\/\",\"name\":\"Rentr\u00e9e sous le signe de la nouveaut\u00e9 pour le CAEL - La Gazette\",\"isPartOf\":{\"@id\":\"https:\/\/sceaux-lagazette.fr\/#website\"},\"primaryImageOfPage\":{\"@id\":\"https:\/\/sceaux-lagazette.fr\/index.php\/2024\/09\/16\/rentree-sous-le-signe-de-la-nouveaute-pour-le-cael\/#primaryimage\"},\"image\":{\"@id\":\"https:\/\/sceaux-lagazette.fr\/index.php\/2024\/09\/16\/rentree-sous-le-signe-de-la-nouveaute-pour-le-cael\/#primaryimage\"},\"thumbnailUrl\":\"https:\/\/sceaux-lagazette.fr\/wp-content\/uploads\/2024\/09\/CAEL-interieur-recompose.jpg\",\"datePublished\":\"2024-09-16T06:58:47+00:00\",\"dateModified\":\"2024-09-16T06:58:49+00:00\",\"breadcrumb\":{\"@id\":\"https:\/\/sceaux-lagazette.fr\/index.php\/2024\/09\/16\/rentree-sous-le-signe-de-la-nouveaute-pour-le-cael\/#breadcrumb\"},\"inLanguage\":\"fr-FR\",\"potentialAction\":[{\"@type\":\"ReadAction\",\"target\":[\"https:\/\/sceaux-lagazette.fr\/index.php\/2024\/09\/16\/rentree-sous-le-signe-de-la-nouveaute-pour-le-cael\/\"]}]},{\"@type\":\"ImageObject\",\"inLanguage\":\"fr-FR\",\"@id\":\"https:\/\/sceaux-lagazette.fr\/index.php\/2024\/09\/16\/rentree-sous-le-signe-de-la-nouveaute-pour-le-cael\/#primaryimage\",\"url\":\"https:\/\/sceaux-lagazette.fr\/wp-content\/uploads\/2024\/09\/CAEL-interieur-recompose.jpg\",\"contentUrl\":\"https:\/\/sceaux-lagazette.fr\/wp-content\/uploads\/2024\/09\/CAEL-interieur-recompose.jpg\",\"width\":1920,\"height\":961},{\"@type\":\"BreadcrumbList\",\"@id\":\"https:\/\/sceaux-lagazette.fr\/index.php\/2024\/09\/16\/rentree-sous-le-signe-de-la-nouveaute-pour-le-cael\/#breadcrumb\",\"itemListElement\":[{\"@type\":\"ListItem\",\"position\":1,\"name\":\"Accueil\",\"item\":\"https:\/\/sceaux-lagazette.fr\/\"},{\"@type\":\"ListItem\",\"position\":2,\"name\":\"Rentr\u00e9e sous le signe de la nouveaut\u00e9 pour le CAEL\"}]},{\"@type\":\"WebSite\",\"@id\":\"https:\/\/sceaux-lagazette.fr\/#website\",\"url\":\"https:\/\/sceaux-lagazette.fr\/\",\"name\":\"La Gazette\",\"description\":\"Bourg-la-Reine, Ch\u00e2tenay, Fontenay, Sceaux\",\"publisher\":{\"@id\":\"https:\/\/sceaux-lagazette.fr\/#organization\"},\"potentialAction\":[{\"@type\":\"SearchAction\",\"target\":{\"@type\":\"EntryPoint\",\"urlTemplate\":\"https:\/\/sceaux-lagazette.fr\/?s={search_term_string}\"},\"query-input\":{\"@type\":\"PropertyValueSpecification\",\"valueRequired\":true,\"valueName\":\"search_term_string\"}}],\"inLanguage\":\"fr-FR\"},{\"@type\":\"Organization\",\"@id\":\"https:\/\/sceaux-lagazette.fr\/#organization\",\"name\":\"La Gazette\",\"url\":\"https:\/\/sceaux-lagazette.fr\/\",\"logo\":{\"@type\":\"ImageObject\",\"inLanguage\":\"fr-FR\",\"@id\":\"https:\/\/sceaux-lagazette.fr\/#\/schema\/logo\/image\/\",\"url\":\"https:\/\/sceaux-lagazette.fr\/wp-content\/uploads\/2025\/08\/Logo-Gazette-Aout-2025-V3.jpg\",\"contentUrl\":\"https:\/\/sceaux-lagazette.fr\/wp-content\/uploads\/2025\/08\/Logo-Gazette-Aout-2025-V3.jpg\",\"width\":525,\"height\":130,\"caption\":\"La Gazette\"},\"image\":{\"@id\":\"https:\/\/sceaux-lagazette.fr\/#\/schema\/logo\/image\/\"}},{\"@type\":\"Person\",\"@id\":\"https:\/\/sceaux-lagazette.fr\/#\/schema\/person\/5650e206a121f68c6f5e76379bccfbc4\",\"name\":\"G\u00e9rard Bardier\",\"image\":{\"@type\":\"ImageObject\",\"inLanguage\":\"fr-FR\",\"@id\":\"https:\/\/sceaux-lagazette.fr\/#\/schema\/person\/image\/\",\"url\":\"https:\/\/secure.gravatar.com\/avatar\/5cf4391ef9dbc0367750202561279a29?s=96&r=g\",\"contentUrl\":\"https:\/\/secure.gravatar.com\/avatar\/5cf4391ef9dbc0367750202561279a29?s=96&r=g\",\"caption\":\"G\u00e9rard Bardier\"},\"url\":\"https:\/\/sceaux-lagazette.fr\/index.php\/author\/gb\/\"}]}<\/script>\n<!-- \/ Yoast SEO plugin. -->","yoast_head_json":{"title":"Rentr\u00e9e sous le signe de la nouveaut\u00e9 pour le CAEL - La Gazette","robots":{"index":"index","follow":"follow","max-snippet":"max-snippet:-1","max-image-preview":"max-image-preview:large","max-video-preview":"max-video-preview:-1"},"canonical":"https:\/\/sceaux-lagazette.fr\/index.php\/2024\/09\/16\/rentree-sous-le-signe-de-la-nouveaute-pour-le-cael\/","og_locale":"fr_FR","og_type":"article","og_title":"Rentr\u00e9e sous le signe de la nouveaut\u00e9 pour le CAEL - La Gazette","og_description":"Le Centre d\u2019Animation Expression Loisirs de Bourg-la-Reine reprenait ses activit\u00e9s ce vendredi 13 septembre. Ses 2000 adh\u00e9rents d\u00e9couvriront une offre renouvel\u00e9e qui leur promet de nombreuses heures de plaisir pendant la saison 2024\/2025. En particulier autour de la musique. Les autres activit\u00e9s continuent&nbsp;! Saison musica(e)l Depuis 2018, le CAEL organise&#8230;","og_url":"https:\/\/sceaux-lagazette.fr\/index.php\/2024\/09\/16\/rentree-sous-le-signe-de-la-nouveaute-pour-le-cael\/","og_site_name":"La Gazette","article_published_time":"2024-09-16T06:58:47+00:00","article_modified_time":"2024-09-16T06:58:49+00:00","og_image":[{"width":1920,"height":961,"url":"https:\/\/sceaux-lagazette.fr\/wp-content\/uploads\/2024\/09\/CAEL-interieur-recompose.jpg","type":"image\/jpeg"}],"author":"G\u00e9rard Bardier","twitter_card":"summary_large_image","twitter_misc":{"\u00c9crit par":"G\u00e9rard Bardier","Dur\u00e9e de lecture estim\u00e9e":"5 minutes"},"schema":{"@context":"https:\/\/schema.org","@graph":[{"@type":"Article","@id":"https:\/\/sceaux-lagazette.fr\/index.php\/2024\/09\/16\/rentree-sous-le-signe-de-la-nouveaute-pour-le-cael\/#article","isPartOf":{"@id":"https:\/\/sceaux-lagazette.fr\/index.php\/2024\/09\/16\/rentree-sous-le-signe-de-la-nouveaute-pour-le-cael\/"},"author":{"name":"G\u00e9rard Bardier","@id":"https:\/\/sceaux-lagazette.fr\/#\/schema\/person\/5650e206a121f68c6f5e76379bccfbc4"},"headline":"Rentr\u00e9e sous le signe de la nouveaut\u00e9 pour le CAEL","datePublished":"2024-09-16T06:58:47+00:00","dateModified":"2024-09-16T06:58:49+00:00","mainEntityOfPage":{"@id":"https:\/\/sceaux-lagazette.fr\/index.php\/2024\/09\/16\/rentree-sous-le-signe-de-la-nouveaute-pour-le-cael\/"},"wordCount":910,"commentCount":0,"publisher":{"@id":"https:\/\/sceaux-lagazette.fr\/#organization"},"image":{"@id":"https:\/\/sceaux-lagazette.fr\/index.php\/2024\/09\/16\/rentree-sous-le-signe-de-la-nouveaute-pour-le-cael\/#primaryimage"},"thumbnailUrl":"https:\/\/sceaux-lagazette.fr\/wp-content\/uploads\/2024\/09\/CAEL-interieur-recompose.jpg","articleSection":["Bourg-la-Reine"],"inLanguage":"fr-FR","potentialAction":[{"@type":"CommentAction","name":"Comment","target":["https:\/\/sceaux-lagazette.fr\/index.php\/2024\/09\/16\/rentree-sous-le-signe-de-la-nouveaute-pour-le-cael\/#respond"]}]},{"@type":"WebPage","@id":"https:\/\/sceaux-lagazette.fr\/index.php\/2024\/09\/16\/rentree-sous-le-signe-de-la-nouveaute-pour-le-cael\/","url":"https:\/\/sceaux-lagazette.fr\/index.php\/2024\/09\/16\/rentree-sous-le-signe-de-la-nouveaute-pour-le-cael\/","name":"Rentr\u00e9e sous le signe de la nouveaut\u00e9 pour le CAEL - La Gazette","isPartOf":{"@id":"https:\/\/sceaux-lagazette.fr\/#website"},"primaryImageOfPage":{"@id":"https:\/\/sceaux-lagazette.fr\/index.php\/2024\/09\/16\/rentree-sous-le-signe-de-la-nouveaute-pour-le-cael\/#primaryimage"},"image":{"@id":"https:\/\/sceaux-lagazette.fr\/index.php\/2024\/09\/16\/rentree-sous-le-signe-de-la-nouveaute-pour-le-cael\/#primaryimage"},"thumbnailUrl":"https:\/\/sceaux-lagazette.fr\/wp-content\/uploads\/2024\/09\/CAEL-interieur-recompose.jpg","datePublished":"2024-09-16T06:58:47+00:00","dateModified":"2024-09-16T06:58:49+00:00","breadcrumb":{"@id":"https:\/\/sceaux-lagazette.fr\/index.php\/2024\/09\/16\/rentree-sous-le-signe-de-la-nouveaute-pour-le-cael\/#breadcrumb"},"inLanguage":"fr-FR","potentialAction":[{"@type":"ReadAction","target":["https:\/\/sceaux-lagazette.fr\/index.php\/2024\/09\/16\/rentree-sous-le-signe-de-la-nouveaute-pour-le-cael\/"]}]},{"@type":"ImageObject","inLanguage":"fr-FR","@id":"https:\/\/sceaux-lagazette.fr\/index.php\/2024\/09\/16\/rentree-sous-le-signe-de-la-nouveaute-pour-le-cael\/#primaryimage","url":"https:\/\/sceaux-lagazette.fr\/wp-content\/uploads\/2024\/09\/CAEL-interieur-recompose.jpg","contentUrl":"https:\/\/sceaux-lagazette.fr\/wp-content\/uploads\/2024\/09\/CAEL-interieur-recompose.jpg","width":1920,"height":961},{"@type":"BreadcrumbList","@id":"https:\/\/sceaux-lagazette.fr\/index.php\/2024\/09\/16\/rentree-sous-le-signe-de-la-nouveaute-pour-le-cael\/#breadcrumb","itemListElement":[{"@type":"ListItem","position":1,"name":"Accueil","item":"https:\/\/sceaux-lagazette.fr\/"},{"@type":"ListItem","position":2,"name":"Rentr\u00e9e sous le signe de la nouveaut\u00e9 pour le CAEL"}]},{"@type":"WebSite","@id":"https:\/\/sceaux-lagazette.fr\/#website","url":"https:\/\/sceaux-lagazette.fr\/","name":"La Gazette","description":"Bourg-la-Reine, Ch\u00e2tenay, Fontenay, Sceaux","publisher":{"@id":"https:\/\/sceaux-lagazette.fr\/#organization"},"potentialAction":[{"@type":"SearchAction","target":{"@type":"EntryPoint","urlTemplate":"https:\/\/sceaux-lagazette.fr\/?s={search_term_string}"},"query-input":{"@type":"PropertyValueSpecification","valueRequired":true,"valueName":"search_term_string"}}],"inLanguage":"fr-FR"},{"@type":"Organization","@id":"https:\/\/sceaux-lagazette.fr\/#organization","name":"La Gazette","url":"https:\/\/sceaux-lagazette.fr\/","logo":{"@type":"ImageObject","inLanguage":"fr-FR","@id":"https:\/\/sceaux-lagazette.fr\/#\/schema\/logo\/image\/","url":"https:\/\/sceaux-lagazette.fr\/wp-content\/uploads\/2025\/08\/Logo-Gazette-Aout-2025-V3.jpg","contentUrl":"https:\/\/sceaux-lagazette.fr\/wp-content\/uploads\/2025\/08\/Logo-Gazette-Aout-2025-V3.jpg","width":525,"height":130,"caption":"La Gazette"},"image":{"@id":"https:\/\/sceaux-lagazette.fr\/#\/schema\/logo\/image\/"}},{"@type":"Person","@id":"https:\/\/sceaux-lagazette.fr\/#\/schema\/person\/5650e206a121f68c6f5e76379bccfbc4","name":"G\u00e9rard Bardier","image":{"@type":"ImageObject","inLanguage":"fr-FR","@id":"https:\/\/sceaux-lagazette.fr\/#\/schema\/person\/image\/","url":"https:\/\/secure.gravatar.com\/avatar\/5cf4391ef9dbc0367750202561279a29?s=96&r=g","contentUrl":"https:\/\/secure.gravatar.com\/avatar\/5cf4391ef9dbc0367750202561279a29?s=96&r=g","caption":"G\u00e9rard Bardier"},"url":"https:\/\/sceaux-lagazette.fr\/index.php\/author\/gb\/"}]}},"cc_featured_image_caption":{"caption_text":"","source_text":"","source_url":""},"_links":{"self":[{"href":"https:\/\/sceaux-lagazette.fr\/index.php\/wp-json\/wp\/v2\/posts\/41719"}],"collection":[{"href":"https:\/\/sceaux-lagazette.fr\/index.php\/wp-json\/wp\/v2\/posts"}],"about":[{"href":"https:\/\/sceaux-lagazette.fr\/index.php\/wp-json\/wp\/v2\/types\/post"}],"author":[{"embeddable":true,"href":"https:\/\/sceaux-lagazette.fr\/index.php\/wp-json\/wp\/v2\/users\/11"}],"replies":[{"embeddable":true,"href":"https:\/\/sceaux-lagazette.fr\/index.php\/wp-json\/wp\/v2\/comments?post=41719"}],"version-history":[{"count":4,"href":"https:\/\/sceaux-lagazette.fr\/index.php\/wp-json\/wp\/v2\/posts\/41719\/revisions"}],"predecessor-version":[{"id":41726,"href":"https:\/\/sceaux-lagazette.fr\/index.php\/wp-json\/wp\/v2\/posts\/41719\/revisions\/41726"}],"wp:featuredmedia":[{"embeddable":true,"href":"https:\/\/sceaux-lagazette.fr\/index.php\/wp-json\/wp\/v2\/media\/41725"}],"wp:attachment":[{"href":"https:\/\/sceaux-lagazette.fr\/index.php\/wp-json\/wp\/v2\/media?parent=41719"}],"wp:term":[{"taxonomy":"category","embeddable":true,"href":"https:\/\/sceaux-lagazette.fr\/index.php\/wp-json\/wp\/v2\/categories?post=41719"},{"taxonomy":"post_tag","embeddable":true,"href":"https:\/\/sceaux-lagazette.fr\/index.php\/wp-json\/wp\/v2\/tags?post=41719"}],"curies":[{"name":"wp","href":"https:\/\/api.w.org\/{rel}","templated":true}]}}