{"id":41511,"date":"2024-08-21T08:09:23","date_gmt":"2024-08-21T06:09:23","guid":{"rendered":"https:\/\/sceaux-lagazette.fr\/?p=41511"},"modified":"2024-08-21T08:09:25","modified_gmt":"2024-08-21T06:09:25","slug":"liberation-1944-antony-2-4","status":"publish","type":"post","link":"https:\/\/sceaux-lagazette.fr\/index.php\/2024\/08\/21\/liberation-1944-antony-2-4\/","title":{"rendered":"Lib\u00e9ration 1944\u00a0: Antony (2\/4)"},"content":{"rendered":"\n<p>Le 24 ao\u00fbt 1944, une colonne de la 2<sup>e<\/sup> DB arrive \u00e0 Antony par la N20 et l\u2019actuelle N188. Elle rencontre \u00e0 la Croix de Berny une r\u00e9sistance allemande \u00e9quip\u00e9e d\u2019un canon de 88 antichar. Il faut plusieurs heures aux forces fran\u00e7aises, pourtant press\u00e9es d\u2019entrer dans Paris, pour faire sauter ce verrou, avec l\u2019aide des r\u00e9sistants locaux. La bataille fait des victimes des deux c\u00f4t\u00e9s, mais aussi parmi les civils.<\/p>\n\n\n\n<h2 class=\"wp-block-heading\"><a>L\u2019arriv\u00e9e des soldats<\/a><\/h2>\n\n\n\n<p>Depuis la fin juillet et la <a href=\"https:\/\/fr.wikipedia.org\/wiki\/Op%C3%A9ration_Cobra\">perc\u00e9e d\u2019Avranches<\/a>, il n\u2019y a plus r\u00e9ellement de front, en tous les cas, pas continu. Devant la vitesse de d\u00e9placement des Alli\u00e9s, les Allemands doivent se replier rapidement. Dans la r\u00e9gion parisienne, ils ont install\u00e9 des zones de r\u00e9sistance pour prot\u00e9ger leurs d\u00e9parts et l\u2019acc\u00e8s \u00e0 Paris. Une premi\u00e8re au nord de Longjumeau (Wissous- Palaiseau -Massy), une deuxi\u00e8me entre Villacoublay et Fresnes.<\/p>\n\n\n\n<p>Les premiers d\u00e9tachements de la 2<sup>e<\/sup> DB atteignent le sud d\u2019Antony vers 10 heures du matin. Le site \u00ab&nbsp;Voie de la 2e DB&nbsp;\u00bb <a href=\"https:\/\/www.voiedela2edb.fr\/antony\/\" target=\"_blank\" rel=\"noreferrer noopener\">donne la parole<\/a> au <a href=\"https:\/\/museedelaresistanceenligne.org\/media4634-Jacques-de-Witasse\" target=\"_blank\" rel=\"noreferrer noopener\">capitaine de Witasse<\/a>&nbsp;: \u00ab&nbsp;<em>Le 23 ao\u00fbt, une \u00e9tape \u00e9puisante d\u2019environ 250 km. Le 24 au matin, ravitaillement \u00e0 Limours puis d\u00e9part vers le nord&nbsp;: Arpajon, Longjumeau (o\u00f9 trois canons de 88 allemands sont d\u00e9truits et deux soldats fran\u00e7ais tu\u00e9s), Wissous puis arriv\u00e9e au sud d\u2019Antony par la N 20.&nbsp;\u00bb<\/em><\/p>\n\n\n\n<p>D\u2019autres arrivent par la N188.<\/p>\n\n\n\n<p>Le g\u00e9n\u00e9ral Leclerc lui-m\u00eame n\u2019est pas loin, puisqu\u2019il arrivera en fin d\u2019apr\u00e8s-midi.<\/p>\n\n\n\n<h2 class=\"wp-block-heading\">Le \u00ab&nbsp;verrou&nbsp;\u00bb de la Croix de Berny<\/h2>\n\n\n\n<p>A la Croix de Berny, les Allemands ont install\u00e9 un canon de 88 qui prend en enfilade toute la N20, au moins jusqu\u2019\u00e0 la rue Auguste Mouni\u00e9 (\u00e0 cet endroit, la N20 tourne tr\u00e8s l\u00e9g\u00e8rement). Au bout de plusieurs heures, d\u00e9cision est prise de contourner l\u2019obstacle. La section du sous-lieutenant Lacoste est envoy\u00e9e dans ce but. Guid\u00e9e par un r\u00e9sistant, elle emprunte la rue Auguste Mouni\u00e9 puis la rue Velpeau et d\u00e9bouche \u00e0 proximit\u00e9 de la batterie allemande. Le char fran\u00e7ais ajuste son tir avant que les Allemands n\u2019aient le temps de faire pivoter leur canon.<\/p>\n\n\n\n<p>Quelques centaines de m\u00e8tres plus loin, un autre 88 allemand \u00e9limine un char fran\u00e7ais (faisant un mort et deux bless\u00e9s) puis est \u00e9limin\u00e9 \u00e0 son tour.<\/p>\n\n\n\n<h2 class=\"wp-block-heading\">La prison de Fresnes<\/h2>\n\n\n\n<p>Un autre bataille, encore plus meurtri\u00e8re, <a href=\"https:\/\/www.voiedela2edb.fr\/fresnes-94\/\" target=\"_blank\" rel=\"noreferrer noopener\">a lieu autour de la prison de Fresnes<\/a> toute proche. Il semble que des prisonniers allemands ont \u00e9t\u00e9 r\u00e9quisitionn\u00e9s pour combattre. Les Allemands disposent d\u2019un canon de 88 et d\u2019un lance-roquette, ainsi que de mortiers et de mitrailleuses. Un char fran\u00e7ais est d\u00e9truit (et ses occupants tu\u00e9s) et un autre est s\u00e9rieusement touch\u00e9. Un autre char touche la maison qui prot\u00e8ge les d\u00e9fenseurs allemands et fait sauter leurs munitions.<\/p>\n\n\n\n<p>Les hommes qui attaquent la prison par l\u2019ouest auront 8 morts et 19 bless\u00e9s, mais finissent par l\u2019emporter. La prison, attaqu\u00e9e de plusieurs c\u00f4t\u00e9s, est prise.&nbsp;<\/p>\n\n\n\n<p>Mais la nuit tombe et il faut bivouaquer sur place. Entre temps, le g\u00e9n\u00e9ral a envoy\u00e9 un petit d\u00e9tachement s\u2019infiltrer jusqu\u2019\u00e0 Paris. Au soir, un contact radio a lieu avec le chef de section Mignard. Celui-ci fait entendre les cloches de Notre-Dame qui sonnent en l\u2019honneur de l\u2019arriv\u00e9e des lib\u00e9rateurs.<\/p>\n\n\n\n<h2 class=\"wp-block-heading\">La r\u00e9action de la population<\/h2>\n\n\n\n<p>Les habitants sont partag\u00e9s entre l\u2019envie de f\u00eater les soldats qui arrivent et la n\u00e9cessit\u00e9 de se mettre en s\u00e9curit\u00e9 pendant que la bataille fait rage. Les combats font en effet huit morts (voir liste <a href=\"https:\/\/izi.travel\/fr\/2173-24-aout-1944-antony-libere\/fr#ead0034f-eaf0-47f7-8290-f6b11403207b\" target=\"_blank\" rel=\"noreferrer noopener\">ici<\/a>) et quarante-deux bless\u00e9s dans la population.<\/p>\n\n\n\n<p><a href=\"https:\/\/www.leparisien.fr\/hauts-de-seine-92\/antony-92160\/liberation-d-antony-les-gens-montaient-sur-les-chars-et-nous-applaudissaient-24-08-2017-7211355.php\" target=\"_blank\" rel=\"noreferrer noopener\">Un article du Parisien<\/a> (dat\u00e9 de 2017) donne la parole \u00e0 un ancien officier de la 2<sup>e<\/sup> DB et \u00e0 un habitant qui se souvient s\u2019\u00eatre cach\u00e9 ce jour-l\u00e0 dans les caves avec sa famille (il avait alors 5 ans). Le titre de l\u2019article rappelle une r\u00e9action tr\u00e8s commune alors&nbsp;: <em>les gens montaient sur les chars et nous applaudissaient<\/em>. Ces initiatives vont aussi g\u00eaner les soldats dans leur progression.<\/p>\n\n\n\n<p>Les diff\u00e9rentes sources mettent en avant <a href=\"https:\/\/museedelaresistanceenligne.org\/media4439-Combats-Antony-Fresnes\" target=\"_blank\" rel=\"noreferrer noopener\">le r\u00f4le de la r\u00e9sistance,<\/a> notamment pour aider les troupes \u00e0 choisir les parcours les mieux adapt\u00e9s. Deux noms ressortent. Celui d\u2019<a href=\"https:\/\/www.ville-antony.fr\/files\/Archives\/IR\/Z-12_papiers_lasson.pdf\" target=\"_blank\" rel=\"noreferrer noopener\">Henri Lasson<\/a>, qui sera d\u00e9sign\u00e9 comme maire d\u2019Antony peu de temps apr\u00e8s la lib\u00e9ration, jusqu\u2019aux \u00e9lections municipales. Celui d\u2019\u00c9douard Bolis qui guide rue Velpeau le char qui fera sauter \u00ab&nbsp;le verrou de la Croix de Berny&nbsp;\u00bb.<\/p>\n\n\n\n<p>Le mus\u00e9e de la R\u00e9sistance en ligne<a href=\"https:\/\/museedelaresistanceenligne.org\/media4253-Les-secteurs-FFI-du-dpartement-de-la-Seine\" target=\"_blank\" rel=\"noreferrer noopener\"> cite<\/a> le \u00ab&nbsp;capitaine Henri Lasson&nbsp;\u00bb comme responsable de la r\u00e9sistance \u00e0 Antony.<\/p>\n\n\n\n<h2 class=\"wp-block-heading\">Les sources<\/h2>\n\n\n\n<p>Le site \u00ab&nbsp;<a href=\"https:\/\/www.voiedela2edb.fr\/\" target=\"_blank\" rel=\"noreferrer noopener\">Voie de la 2<sup>e<\/sup> DB<\/a>&nbsp;\u00bb d\u00e9crit toute la campagne de la 2eDB depuis la Normandie jusqu\u2019en Alsace.<\/p>\n\n\n\n<p>Il y a une page pour chaque ville o\u00f9 ont eu lieu des combats. Celle pour Antony<a href=\"https:\/\/www.voiedela2edb.fr\/antony\/\" target=\"_blank\" rel=\"noreferrer noopener\"> est ici<\/a>. Celle pour Fresnes (et sa prison)<a href=\"https:\/\/www.voiedela2edb.fr\/fresnes-94\/\" target=\"_blank\" rel=\"noreferrer noopener\"> ici<\/a>.<\/p>\n\n\n\n<p>En ao\u00fbt 2017, Le Parisien publie<a href=\"https:\/\/www.leparisien.fr\/hauts-de-seine-92\/antony-92160\/liberation-d-antony-les-gens-montaient-sur-les-chars-et-nous-applaudissaient-24-08-2017-7211355.php\" target=\"_blank\" rel=\"noreferrer noopener\"> un article<\/a> sur la comm\u00e9moration de la lib\u00e9ration de la ville, avec divers t\u00e9moignages que l\u2019on peut \u00e9galement trouver sur <a href=\"https:\/\/www.dailymotion.com\/video\/x5y5b8p\" target=\"_blank\" rel=\"noreferrer noopener\">cette vid\u00e9o.<\/a><\/p>\n\n\n\n<p>Le site IZI travel donne \u00e9galement de nombreux d\u00e9tails dans<a href=\"https:\/\/izi.travel\/fr\/2173-24-aout-1944-antony-libere\/fr\" target=\"_blank\" rel=\"noreferrer noopener\"> sa page consacr\u00e9e \u00e0 Antony<\/a>.<\/p>\n\n\n\n<p>Le site du mus\u00e9e de la r\u00e9sistance en ligne donne \u00e9galement une description des combats \u00e0 Antony et Fresnes  ainsi qu\u2019<a href=\"https:\/\/www.museedelaresistanceenligne.org\/album.php?album=832&amp;photo=5539&amp;popin=true\" target=\"_blank\" rel=\"noreferrer noopener\">une photo<\/a> du r\u00e9sistant \u00c9douard Bolis<a href=\"https:\/\/www.museedelaresistanceenligne.org\/album.php?album=832&amp;photo=5539&amp;popin=true\">.<\/a><\/p>\n\n\n\n<p>Et <a href=\"https:\/\/museedelaresistanceenligne.org\/media4253-Les-secteurs-FFI-du-dpartement-de-la-Seine\" target=\"_blank\" rel=\"noreferrer noopener\">un organigramme de la r\u00e9sistance <\/a>dans le d\u00e9partement de la Seine <\/p>\n\n\n\n<p>Enfin, les archives municipales proposent <a href=\"https:\/\/www.ville-antony.fr\/files\/Archives\/IR\/Z-12_papiers_lasson.pdf\" target=\"_blank\" rel=\"noreferrer noopener\">des informations <\/a>sur Henri Lasson, r\u00e9sistant puis maire.<\/p>\n\n\n\n<p>Article pr\u00e9c\u00e9dent: <a href=\"https:\/\/sceaux-lagazette.fr\/index.php\/2024\/08\/20\/liberation-1944-mouvement-densemble-1-4\/\">Lib\u00e9ration 44 : mouvement d&rsquo;ensemble<\/a><\/p>\n","protected":false},"excerpt":{"rendered":"<p>Le 24 ao\u00fbt 1944, une colonne de la 2e DB arrive \u00e0 Antony par la N20 et l\u2019actuelle N188. Elle rencontre \u00e0 la Croix de Berny une r\u00e9sistance allemande \u00e9quip\u00e9e d\u2019un canon de 88 antichar. Il faut plusieurs heures aux forces fran\u00e7aises, pourtant press\u00e9es d\u2019entrer dans Paris, pour faire sauter&#8230;<\/p>\n","protected":false},"author":11,"featured_media":41514,"comment_status":"open","ping_status":"open","sticky":false,"template":"","format":"standard","meta":{"om_disable_all_campaigns":false,"_monsterinsights_skip_tracking":false,"_monsterinsights_sitenote_active":false,"_monsterinsights_sitenote_note":"","_monsterinsights_sitenote_category":0,"_uf_show_specific_survey":0,"_uf_disable_surveys":false,"footnotes":""},"categories":[267,141],"tags":[],"class_list":["post-41511","post","type-post","status-publish","format-standard","has-post-thumbnail","hentry","category-antony","category-cette-annee-la","entry","simple"],"yoast_head":"<!-- This site is optimized with the Yoast SEO plugin v25.6 - https:\/\/yoast.com\/wordpress\/plugins\/seo\/ -->\n<title>Lib\u00e9ration 1944\u00a0: Antony (2\/4) - La Gazette<\/title>\n<meta name=\"robots\" content=\"index, follow, max-snippet:-1, max-image-preview:large, max-video-preview:-1\" \/>\n<link rel=\"canonical\" href=\"https:\/\/sceaux-lagazette.fr\/index.php\/2024\/08\/21\/liberation-1944-antony-2-4\/\" \/>\n<meta property=\"og:locale\" content=\"fr_FR\" \/>\n<meta property=\"og:type\" content=\"article\" \/>\n<meta property=\"og:title\" content=\"Lib\u00e9ration 1944\u00a0: Antony (2\/4) - La Gazette\" \/>\n<meta property=\"og:description\" content=\"Le 24 ao\u00fbt 1944, une colonne de la 2e DB arrive \u00e0 Antony par la N20 et l\u2019actuelle N188. Elle rencontre \u00e0 la Croix de Berny une r\u00e9sistance allemande \u00e9quip\u00e9e d\u2019un canon de 88 antichar. Il faut plusieurs heures aux forces fran\u00e7aises, pourtant press\u00e9es d\u2019entrer dans Paris, pour faire sauter&#8230;\" \/>\n<meta property=\"og:url\" content=\"https:\/\/sceaux-lagazette.fr\/index.php\/2024\/08\/21\/liberation-1944-antony-2-4\/\" \/>\n<meta property=\"og:site_name\" content=\"La Gazette\" \/>\n<meta property=\"article:published_time\" content=\"2024-08-21T06:09:23+00:00\" \/>\n<meta property=\"article:modified_time\" content=\"2024-08-21T06:09:25+00:00\" \/>\n<meta property=\"og:image\" content=\"https:\/\/sceaux-lagazette.fr\/wp-content\/uploads\/2024\/07\/Leclerc-Antony.jpg\" \/>\n\t<meta property=\"og:image:width\" content=\"1920\" \/>\n\t<meta property=\"og:image:height\" content=\"1440\" \/>\n\t<meta property=\"og:image:type\" content=\"image\/jpeg\" \/>\n<meta name=\"author\" content=\"G\u00e9rard Bardier\" \/>\n<meta name=\"twitter:card\" content=\"summary_large_image\" \/>\n<meta name=\"twitter:label1\" content=\"\u00c9crit par\" \/>\n\t<meta name=\"twitter:data1\" content=\"G\u00e9rard Bardier\" \/>\n\t<meta name=\"twitter:label2\" content=\"Dur\u00e9e de lecture estim\u00e9e\" \/>\n\t<meta name=\"twitter:data2\" content=\"5 minutes\" \/>\n<script type=\"application\/ld+json\" class=\"yoast-schema-graph\">{\"@context\":\"https:\/\/schema.org\",\"@graph\":[{\"@type\":\"Article\",\"@id\":\"https:\/\/sceaux-lagazette.fr\/index.php\/2024\/08\/21\/liberation-1944-antony-2-4\/#article\",\"isPartOf\":{\"@id\":\"https:\/\/sceaux-lagazette.fr\/index.php\/2024\/08\/21\/liberation-1944-antony-2-4\/\"},\"author\":{\"name\":\"G\u00e9rard Bardier\",\"@id\":\"https:\/\/sceaux-lagazette.fr\/#\/schema\/person\/5650e206a121f68c6f5e76379bccfbc4\"},\"headline\":\"Lib\u00e9ration 1944\u00a0: Antony (2\/4)\",\"datePublished\":\"2024-08-21T06:09:23+00:00\",\"dateModified\":\"2024-08-21T06:09:25+00:00\",\"mainEntityOfPage\":{\"@id\":\"https:\/\/sceaux-lagazette.fr\/index.php\/2024\/08\/21\/liberation-1944-antony-2-4\/\"},\"wordCount\":983,\"commentCount\":2,\"publisher\":{\"@id\":\"https:\/\/sceaux-lagazette.fr\/#organization\"},\"image\":{\"@id\":\"https:\/\/sceaux-lagazette.fr\/index.php\/2024\/08\/21\/liberation-1944-antony-2-4\/#primaryimage\"},\"thumbnailUrl\":\"https:\/\/sceaux-lagazette.fr\/wp-content\/uploads\/2024\/07\/Leclerc-Antony.jpg\",\"articleSection\":[\"Antony\",\"Cette ann\u00e9e-l\u00e0\"],\"inLanguage\":\"fr-FR\",\"potentialAction\":[{\"@type\":\"CommentAction\",\"name\":\"Comment\",\"target\":[\"https:\/\/sceaux-lagazette.fr\/index.php\/2024\/08\/21\/liberation-1944-antony-2-4\/#respond\"]}]},{\"@type\":\"WebPage\",\"@id\":\"https:\/\/sceaux-lagazette.fr\/index.php\/2024\/08\/21\/liberation-1944-antony-2-4\/\",\"url\":\"https:\/\/sceaux-lagazette.fr\/index.php\/2024\/08\/21\/liberation-1944-antony-2-4\/\",\"name\":\"Lib\u00e9ration 1944\u00a0: Antony (2\/4) - La Gazette\",\"isPartOf\":{\"@id\":\"https:\/\/sceaux-lagazette.fr\/#website\"},\"primaryImageOfPage\":{\"@id\":\"https:\/\/sceaux-lagazette.fr\/index.php\/2024\/08\/21\/liberation-1944-antony-2-4\/#primaryimage\"},\"image\":{\"@id\":\"https:\/\/sceaux-lagazette.fr\/index.php\/2024\/08\/21\/liberation-1944-antony-2-4\/#primaryimage\"},\"thumbnailUrl\":\"https:\/\/sceaux-lagazette.fr\/wp-content\/uploads\/2024\/07\/Leclerc-Antony.jpg\",\"datePublished\":\"2024-08-21T06:09:23+00:00\",\"dateModified\":\"2024-08-21T06:09:25+00:00\",\"breadcrumb\":{\"@id\":\"https:\/\/sceaux-lagazette.fr\/index.php\/2024\/08\/21\/liberation-1944-antony-2-4\/#breadcrumb\"},\"inLanguage\":\"fr-FR\",\"potentialAction\":[{\"@type\":\"ReadAction\",\"target\":[\"https:\/\/sceaux-lagazette.fr\/index.php\/2024\/08\/21\/liberation-1944-antony-2-4\/\"]}]},{\"@type\":\"ImageObject\",\"inLanguage\":\"fr-FR\",\"@id\":\"https:\/\/sceaux-lagazette.fr\/index.php\/2024\/08\/21\/liberation-1944-antony-2-4\/#primaryimage\",\"url\":\"https:\/\/sceaux-lagazette.fr\/wp-content\/uploads\/2024\/07\/Leclerc-Antony.jpg\",\"contentUrl\":\"https:\/\/sceaux-lagazette.fr\/wp-content\/uploads\/2024\/07\/Leclerc-Antony.jpg\",\"width\":1920,\"height\":1440},{\"@type\":\"BreadcrumbList\",\"@id\":\"https:\/\/sceaux-lagazette.fr\/index.php\/2024\/08\/21\/liberation-1944-antony-2-4\/#breadcrumb\",\"itemListElement\":[{\"@type\":\"ListItem\",\"position\":1,\"name\":\"Accueil\",\"item\":\"https:\/\/sceaux-lagazette.fr\/\"},{\"@type\":\"ListItem\",\"position\":2,\"name\":\"Lib\u00e9ration 1944\u00a0: Antony (2\/4)\"}]},{\"@type\":\"WebSite\",\"@id\":\"https:\/\/sceaux-lagazette.fr\/#website\",\"url\":\"https:\/\/sceaux-lagazette.fr\/\",\"name\":\"La Gazette\",\"description\":\"Bourg-la-Reine, Ch\u00e2tenay, Fontenay, Sceaux\",\"publisher\":{\"@id\":\"https:\/\/sceaux-lagazette.fr\/#organization\"},\"potentialAction\":[{\"@type\":\"SearchAction\",\"target\":{\"@type\":\"EntryPoint\",\"urlTemplate\":\"https:\/\/sceaux-lagazette.fr\/?s={search_term_string}\"},\"query-input\":{\"@type\":\"PropertyValueSpecification\",\"valueRequired\":true,\"valueName\":\"search_term_string\"}}],\"inLanguage\":\"fr-FR\"},{\"@type\":\"Organization\",\"@id\":\"https:\/\/sceaux-lagazette.fr\/#organization\",\"name\":\"La Gazette\",\"url\":\"https:\/\/sceaux-lagazette.fr\/\",\"logo\":{\"@type\":\"ImageObject\",\"inLanguage\":\"fr-FR\",\"@id\":\"https:\/\/sceaux-lagazette.fr\/#\/schema\/logo\/image\/\",\"url\":\"https:\/\/sceaux-lagazette.fr\/wp-content\/uploads\/2025\/08\/Logo-Gazette-Aout-2025-V3.jpg\",\"contentUrl\":\"https:\/\/sceaux-lagazette.fr\/wp-content\/uploads\/2025\/08\/Logo-Gazette-Aout-2025-V3.jpg\",\"width\":525,\"height\":130,\"caption\":\"La Gazette\"},\"image\":{\"@id\":\"https:\/\/sceaux-lagazette.fr\/#\/schema\/logo\/image\/\"}},{\"@type\":\"Person\",\"@id\":\"https:\/\/sceaux-lagazette.fr\/#\/schema\/person\/5650e206a121f68c6f5e76379bccfbc4\",\"name\":\"G\u00e9rard Bardier\",\"image\":{\"@type\":\"ImageObject\",\"inLanguage\":\"fr-FR\",\"@id\":\"https:\/\/sceaux-lagazette.fr\/#\/schema\/person\/image\/\",\"url\":\"https:\/\/secure.gravatar.com\/avatar\/5cf4391ef9dbc0367750202561279a29?s=96&r=g\",\"contentUrl\":\"https:\/\/secure.gravatar.com\/avatar\/5cf4391ef9dbc0367750202561279a29?s=96&r=g\",\"caption\":\"G\u00e9rard Bardier\"},\"url\":\"https:\/\/sceaux-lagazette.fr\/index.php\/author\/gb\/\"}]}<\/script>\n<!-- \/ Yoast SEO plugin. -->","yoast_head_json":{"title":"Lib\u00e9ration 1944\u00a0: Antony (2\/4) - La Gazette","robots":{"index":"index","follow":"follow","max-snippet":"max-snippet:-1","max-image-preview":"max-image-preview:large","max-video-preview":"max-video-preview:-1"},"canonical":"https:\/\/sceaux-lagazette.fr\/index.php\/2024\/08\/21\/liberation-1944-antony-2-4\/","og_locale":"fr_FR","og_type":"article","og_title":"Lib\u00e9ration 1944\u00a0: Antony (2\/4) - La Gazette","og_description":"Le 24 ao\u00fbt 1944, une colonne de la 2e DB arrive \u00e0 Antony par la N20 et l\u2019actuelle N188. Elle rencontre \u00e0 la Croix de Berny une r\u00e9sistance allemande \u00e9quip\u00e9e d\u2019un canon de 88 antichar. Il faut plusieurs heures aux forces fran\u00e7aises, pourtant press\u00e9es d\u2019entrer dans Paris, pour faire sauter&#8230;","og_url":"https:\/\/sceaux-lagazette.fr\/index.php\/2024\/08\/21\/liberation-1944-antony-2-4\/","og_site_name":"La Gazette","article_published_time":"2024-08-21T06:09:23+00:00","article_modified_time":"2024-08-21T06:09:25+00:00","og_image":[{"width":1920,"height":1440,"url":"https:\/\/sceaux-lagazette.fr\/wp-content\/uploads\/2024\/07\/Leclerc-Antony.jpg","type":"image\/jpeg"}],"author":"G\u00e9rard Bardier","twitter_card":"summary_large_image","twitter_misc":{"\u00c9crit par":"G\u00e9rard Bardier","Dur\u00e9e de lecture estim\u00e9e":"5 minutes"},"schema":{"@context":"https:\/\/schema.org","@graph":[{"@type":"Article","@id":"https:\/\/sceaux-lagazette.fr\/index.php\/2024\/08\/21\/liberation-1944-antony-2-4\/#article","isPartOf":{"@id":"https:\/\/sceaux-lagazette.fr\/index.php\/2024\/08\/21\/liberation-1944-antony-2-4\/"},"author":{"name":"G\u00e9rard Bardier","@id":"https:\/\/sceaux-lagazette.fr\/#\/schema\/person\/5650e206a121f68c6f5e76379bccfbc4"},"headline":"Lib\u00e9ration 1944\u00a0: Antony (2\/4)","datePublished":"2024-08-21T06:09:23+00:00","dateModified":"2024-08-21T06:09:25+00:00","mainEntityOfPage":{"@id":"https:\/\/sceaux-lagazette.fr\/index.php\/2024\/08\/21\/liberation-1944-antony-2-4\/"},"wordCount":983,"commentCount":2,"publisher":{"@id":"https:\/\/sceaux-lagazette.fr\/#organization"},"image":{"@id":"https:\/\/sceaux-lagazette.fr\/index.php\/2024\/08\/21\/liberation-1944-antony-2-4\/#primaryimage"},"thumbnailUrl":"https:\/\/sceaux-lagazette.fr\/wp-content\/uploads\/2024\/07\/Leclerc-Antony.jpg","articleSection":["Antony","Cette ann\u00e9e-l\u00e0"],"inLanguage":"fr-FR","potentialAction":[{"@type":"CommentAction","name":"Comment","target":["https:\/\/sceaux-lagazette.fr\/index.php\/2024\/08\/21\/liberation-1944-antony-2-4\/#respond"]}]},{"@type":"WebPage","@id":"https:\/\/sceaux-lagazette.fr\/index.php\/2024\/08\/21\/liberation-1944-antony-2-4\/","url":"https:\/\/sceaux-lagazette.fr\/index.php\/2024\/08\/21\/liberation-1944-antony-2-4\/","name":"Lib\u00e9ration 1944\u00a0: Antony (2\/4) - La Gazette","isPartOf":{"@id":"https:\/\/sceaux-lagazette.fr\/#website"},"primaryImageOfPage":{"@id":"https:\/\/sceaux-lagazette.fr\/index.php\/2024\/08\/21\/liberation-1944-antony-2-4\/#primaryimage"},"image":{"@id":"https:\/\/sceaux-lagazette.fr\/index.php\/2024\/08\/21\/liberation-1944-antony-2-4\/#primaryimage"},"thumbnailUrl":"https:\/\/sceaux-lagazette.fr\/wp-content\/uploads\/2024\/07\/Leclerc-Antony.jpg","datePublished":"2024-08-21T06:09:23+00:00","dateModified":"2024-08-21T06:09:25+00:00","breadcrumb":{"@id":"https:\/\/sceaux-lagazette.fr\/index.php\/2024\/08\/21\/liberation-1944-antony-2-4\/#breadcrumb"},"inLanguage":"fr-FR","potentialAction":[{"@type":"ReadAction","target":["https:\/\/sceaux-lagazette.fr\/index.php\/2024\/08\/21\/liberation-1944-antony-2-4\/"]}]},{"@type":"ImageObject","inLanguage":"fr-FR","@id":"https:\/\/sceaux-lagazette.fr\/index.php\/2024\/08\/21\/liberation-1944-antony-2-4\/#primaryimage","url":"https:\/\/sceaux-lagazette.fr\/wp-content\/uploads\/2024\/07\/Leclerc-Antony.jpg","contentUrl":"https:\/\/sceaux-lagazette.fr\/wp-content\/uploads\/2024\/07\/Leclerc-Antony.jpg","width":1920,"height":1440},{"@type":"BreadcrumbList","@id":"https:\/\/sceaux-lagazette.fr\/index.php\/2024\/08\/21\/liberation-1944-antony-2-4\/#breadcrumb","itemListElement":[{"@type":"ListItem","position":1,"name":"Accueil","item":"https:\/\/sceaux-lagazette.fr\/"},{"@type":"ListItem","position":2,"name":"Lib\u00e9ration 1944\u00a0: Antony (2\/4)"}]},{"@type":"WebSite","@id":"https:\/\/sceaux-lagazette.fr\/#website","url":"https:\/\/sceaux-lagazette.fr\/","name":"La Gazette","description":"Bourg-la-Reine, Ch\u00e2tenay, Fontenay, Sceaux","publisher":{"@id":"https:\/\/sceaux-lagazette.fr\/#organization"},"potentialAction":[{"@type":"SearchAction","target":{"@type":"EntryPoint","urlTemplate":"https:\/\/sceaux-lagazette.fr\/?s={search_term_string}"},"query-input":{"@type":"PropertyValueSpecification","valueRequired":true,"valueName":"search_term_string"}}],"inLanguage":"fr-FR"},{"@type":"Organization","@id":"https:\/\/sceaux-lagazette.fr\/#organization","name":"La Gazette","url":"https:\/\/sceaux-lagazette.fr\/","logo":{"@type":"ImageObject","inLanguage":"fr-FR","@id":"https:\/\/sceaux-lagazette.fr\/#\/schema\/logo\/image\/","url":"https:\/\/sceaux-lagazette.fr\/wp-content\/uploads\/2025\/08\/Logo-Gazette-Aout-2025-V3.jpg","contentUrl":"https:\/\/sceaux-lagazette.fr\/wp-content\/uploads\/2025\/08\/Logo-Gazette-Aout-2025-V3.jpg","width":525,"height":130,"caption":"La Gazette"},"image":{"@id":"https:\/\/sceaux-lagazette.fr\/#\/schema\/logo\/image\/"}},{"@type":"Person","@id":"https:\/\/sceaux-lagazette.fr\/#\/schema\/person\/5650e206a121f68c6f5e76379bccfbc4","name":"G\u00e9rard Bardier","image":{"@type":"ImageObject","inLanguage":"fr-FR","@id":"https:\/\/sceaux-lagazette.fr\/#\/schema\/person\/image\/","url":"https:\/\/secure.gravatar.com\/avatar\/5cf4391ef9dbc0367750202561279a29?s=96&r=g","contentUrl":"https:\/\/secure.gravatar.com\/avatar\/5cf4391ef9dbc0367750202561279a29?s=96&r=g","caption":"G\u00e9rard Bardier"},"url":"https:\/\/sceaux-lagazette.fr\/index.php\/author\/gb\/"}]}},"cc_featured_image_caption":{"caption_text":"Photo GB","source_text":"","source_url":""},"_links":{"self":[{"href":"https:\/\/sceaux-lagazette.fr\/index.php\/wp-json\/wp\/v2\/posts\/41511"}],"collection":[{"href":"https:\/\/sceaux-lagazette.fr\/index.php\/wp-json\/wp\/v2\/posts"}],"about":[{"href":"https:\/\/sceaux-lagazette.fr\/index.php\/wp-json\/wp\/v2\/types\/post"}],"author":[{"embeddable":true,"href":"https:\/\/sceaux-lagazette.fr\/index.php\/wp-json\/wp\/v2\/users\/11"}],"replies":[{"embeddable":true,"href":"https:\/\/sceaux-lagazette.fr\/index.php\/wp-json\/wp\/v2\/comments?post=41511"}],"version-history":[{"count":7,"href":"https:\/\/sceaux-lagazette.fr\/index.php\/wp-json\/wp\/v2\/posts\/41511\/revisions"}],"predecessor-version":[{"id":41581,"href":"https:\/\/sceaux-lagazette.fr\/index.php\/wp-json\/wp\/v2\/posts\/41511\/revisions\/41581"}],"wp:featuredmedia":[{"embeddable":true,"href":"https:\/\/sceaux-lagazette.fr\/index.php\/wp-json\/wp\/v2\/media\/41514"}],"wp:attachment":[{"href":"https:\/\/sceaux-lagazette.fr\/index.php\/wp-json\/wp\/v2\/media?parent=41511"}],"wp:term":[{"taxonomy":"category","embeddable":true,"href":"https:\/\/sceaux-lagazette.fr\/index.php\/wp-json\/wp\/v2\/categories?post=41511"},{"taxonomy":"post_tag","embeddable":true,"href":"https:\/\/sceaux-lagazette.fr\/index.php\/wp-json\/wp\/v2\/tags?post=41511"}],"curies":[{"name":"wp","href":"https:\/\/api.w.org\/{rel}","templated":true}]}}