{"id":41368,"date":"2024-06-27T09:37:14","date_gmt":"2024-06-27T07:37:14","guid":{"rendered":"https:\/\/sceaux-lagazette.fr\/?p=41368"},"modified":"2024-06-28T10:30:12","modified_gmt":"2024-06-28T08:30:12","slug":"maud-bregeon-en-meeting-a-sceaux","status":"publish","type":"post","link":"https:\/\/sceaux-lagazette.fr\/index.php\/2024\/06\/27\/maud-bregeon-en-meeting-a-sceaux\/","title":{"rendered":"Maud Bregeon en meeting \u00e0 Sceaux"},"content":{"rendered":"\n<p>Maud Bregeon tenait meeting \u00e0 Sceaux ce mardi 25 juin au nom de l\u2019arc r\u00e9publicain. Avec Christophe Mongardien, \u00e9lu d\u2019Antony, elle tient les couleurs d\u2019une alliance entre les centristes, les R\u00e9publicains, les Renaissances et les Horizons des Hauts-de-Seine. Dans le m\u00eame lieu, l\u2019ancienne mairie, sa voix r\u00e9sonnait \u00e0 l\u2019envers de celle du Nouveau Front Populaire entendu quelques jours t\u00f4t. Elle est soutenue par bien des maires des villes de la circonscription.<\/p>\n\n\n\n<h2 class=\"wp-block-heading\">La d\u00e9put\u00e9e sortante<\/h2>\n\n\n\n<p>L\u2019assistance \u00e9tait plus nombreuse. Et la voix de la candidate \u00e9tait plus grave. Pour Maud Bregeon, le choix \u00e0 faire dimanche prochain est d\u2019une formidable importance, m\u00eame si elle n\u2019\u00e9tait pas dans la haine de ses adversaires.<\/p>\n\n\n\n<p>Elle se r\u00e9f\u00e8re \u00e0 la tradition r\u00e9publicaine et cite Mitterrand ou Chirac.&nbsp; Depuis deux ans, la d\u00e9put\u00e9e de la circonscription vit des exp\u00e9riences fortes. Elle a travaill\u00e9 avec des coll\u00e8gues de gauche et de droite. La question aujourd\u2019hui n\u2019est pas entre ces deux p\u00f4les. Elle parle des programmes. Le Nouveau Front Populaire (NFP) promet 150 milliards qu\u2019il distribue pour s\u2019attirer les \u00e9lecteurs. Son augmentation du SMIC (d\u00e9cid\u00e9e d\u2019en haut) va d\u00e9stabiliser, dit-elle, les PME.<\/p>\n\n\n\n<p>Elle accroche Jordan Bardella qui \u00ab&nbsp;<em>s\u2019oppose de but en blanc \u00e0 l\u2019accueil des \u00e9trangers<\/em>&nbsp;\u00bb et dont le programme s\u2019aligne sur des promesses inaccessibles. Elle rappelle qu\u2019elle s\u2019est jointe \u00e0 la demande de contr\u00f4le des flux migratoires. Elle est pourtant conscience qu\u2019il faut entendre ce que dit un parti en t\u00eate dans 96% des communes lors des europ\u00e9ennes. Elle interroge la distance entre le \u00ab&nbsp;eux&nbsp;\u00bb et le \u00ab&nbsp;nous&nbsp;\u00bb, la fa\u00e7on de \u00ab<em>&nbsp;nous exprimer, d\u2019\u00e9couter.&nbsp;<\/em>\u00bb Ce faisant, elle rend hommage \u00ab&nbsp;<em>aux \u00e9lus locaux qui connaissent le terrain.<\/em>&nbsp;\u00bb<\/p>\n\n\n\n<h2 class=\"wp-block-heading\">Un bilan \u00e0 d\u00e9fendre<\/h2>\n\n\n\n<p>Pour elle, le d\u00e9sordre permanent des alli\u00e9s de Jean-Luc M\u00e9lenchon, les outrances nationalistes de Marine Le Pen conduiraient le pays \u00e0 la ruine. Elle demande un bilan nuanc\u00e9 des mesures prises depuis deux ans. Les \u00ab&nbsp;discours manich\u00e9ens&nbsp;\u00bb sont insupportables. Le ch\u00f4mage recule, les entreprises sont aid\u00e9es.<\/p>\n\n\n\n<p>&nbsp;\u00ab&nbsp;<em>Nous n\u2019augmenterons pas d\u2019un euro vos imp\u00f4t<\/em>s&nbsp;\u00bb. La ma\u00eetrise des finances publiques, d\u00e9fend-elle, doit passer par la baisse des d\u00e9penses de l\u2019\u00c9tat plut\u00f4t que par des hausses injustes de taxes au d\u00e9triment des m\u00e9nages et des entreprises de notre territoire.<\/p>\n\n\n\n<p>Elle veut maintenir les retraites \u00e0 leur niveau d\u2019indexation sur l\u2019inflation et leur revalorisation annuelle.<\/p>\n\n\n\n<p>La transition \u00e9nerg\u00e9tique&nbsp;? Nous voulons construire 14 nouveaux r\u00e9acteurs nucl\u00e9aires, fleuron industriel fran\u00e7ais. Ils sont depuis le G\u00e9n\u00e9ral de Gaulle au service de notre souverainet\u00e9 et, malgr\u00e9 tous les d\u00e9nigrements, du climat.<\/p>\n\n\n\n<p>La s\u00e9curit\u00e9&nbsp;? Elle demande l\u2019application de peines imm\u00e9diates et courtes pour combattre la violence des mineurs. Elle dit que l\u2019immigration ill\u00e9gale ne permet pas l\u2019int\u00e9gration. Et c\u2019est pour r\u00e9ussir l\u2019int\u00e9gration, qu\u2019il faut la combattre.<\/p>\n\n\n\n<p>Un homme, qui se pr\u00e9sente comme venu des \u00ab&nbsp;cit\u00e9s&nbsp;\u00bb exprime son d\u00e9sarroi. \u00ab&nbsp;<em>O\u00f9 j\u2019habite, les gens se comportent comme ils veulent. La loi les prot\u00e8ge.&nbsp;<\/em>\u00bb Pour lui, l\u2019excuse de minorit\u00e9 ne fonctionne plus. Sa voisine, juive, raconte ce dont elle est victime. Maud Bregeon comprend. La violence atteint des gens de plus en plus jeunes. D\u00e8s qu\u2019on parle d\u2019autorit\u00e9, on est qualifi\u00e9 d\u2019extr\u00eame droite. \u00ab&nbsp;<em>Une machine \u00e0 faire des voix pour le RN&nbsp;.<\/em>&nbsp;\u00bb<\/p>\n\n\n\n<p>Une dame dans la salle parle des travailleurs pauvres. Elle partage la \u00ab&nbsp;col\u00e8re&nbsp;\u00bb des gens&nbsp;\u00bb normaux&nbsp;\u00bb qui trouvent que la soci\u00e9t\u00e9 ne leur rend pas ce qu\u2019ils donnent. A quoi Maud Bregeon constate qu\u2019en effet de nombreux salari\u00e9s modestes gagnent trop pour avoir une aide et pas assez pour vivre avec un minimum d\u2019aisance. Elle ne se r\u00e9sout pas \u00e0 distribuer des ch\u00e8ques, ce qui entretient la pr\u00e9carit\u00e9.<\/p>\n\n\n\n<p>A l\u2019\u00e9cole, affirme-t-elle, seuls les savoirs fondamentaux d\u00e8s le plus jeune \u00e2ge peuvent nourrir une v\u00e9ritable \u00e9ducation des enfants. Ce qui ne contredit pas la volont\u00e9 d\u2019augmenter la r\u00e9mun\u00e9ration des enseignants.<\/p>\n\n\n\n<p>Enfin, parlant de l\u2019extr\u00eame-gauche dont on conna\u00eet le lien avec l\u2019islamisme politique, aucune \u00ab&nbsp;loi&nbsp;\u00bb communautaire ne saurait prendre le dessus sur les valeurs de la R\u00e9publique. Elles sont le socle de notre nation. \u00ab&nbsp;<em>Ne sous-estimons pas la haine, la violence qui est actionn\u00e9e par une partie de l\u2019opposition.&nbsp;<\/em>\u00bb<\/p>\n\n\n\n<p>C\u2019est dans la salle Marc Feug\u00e8re, conseiller municipal de Ch\u00e2tenay-Malabry, qui conclut la r\u00e9union avec un \u00e9loge appuy\u00e9 \u00e0 Maud Bregeon dont il salue la pr\u00e9sence locale jamais d\u00e9mentie, et l\u2019action en faveur des communes. C\u2019\u00e9tait court et cash.<\/p>\n","protected":false},"excerpt":{"rendered":"<p>Maud Bregeon tenait meeting \u00e0 Sceaux ce mardi 25 juin au nom de l\u2019arc r\u00e9publicain. Avec Christophe Mongardien, \u00e9lu d\u2019Antony, elle tient les couleurs d\u2019une alliance entre les centristes, les R\u00e9publicains, les Renaissances et les Horizons des Hauts-de-Seine. Dans le m\u00eame lieu, l\u2019ancienne mairie, sa voix r\u00e9sonnait \u00e0 l\u2019envers de&#8230;<\/p>\n","protected":false},"author":6,"featured_media":41369,"comment_status":"open","ping_status":"open","sticky":false,"template":"","format":"standard","meta":{"om_disable_all_campaigns":false,"_monsterinsights_skip_tracking":false,"_monsterinsights_sitenote_active":false,"_monsterinsights_sitenote_note":"","_monsterinsights_sitenote_category":0,"_uf_show_specific_survey":0,"_uf_disable_surveys":false,"footnotes":""},"categories":[246],"tags":[],"class_list":["post-41368","post","type-post","status-publish","format-standard","has-post-thumbnail","hentry","category-vie-publique","entry","simple"],"yoast_head":"<!-- This site is optimized with the Yoast SEO plugin v25.6 - https:\/\/yoast.com\/wordpress\/plugins\/seo\/ -->\n<title>Maud Bregeon en meeting \u00e0 Sceaux - La Gazette<\/title>\n<meta name=\"robots\" content=\"index, follow, max-snippet:-1, max-image-preview:large, max-video-preview:-1\" \/>\n<link rel=\"canonical\" href=\"https:\/\/sceaux-lagazette.fr\/index.php\/2024\/06\/27\/maud-bregeon-en-meeting-a-sceaux\/\" \/>\n<meta property=\"og:locale\" content=\"fr_FR\" \/>\n<meta property=\"og:type\" content=\"article\" \/>\n<meta property=\"og:title\" content=\"Maud Bregeon en meeting \u00e0 Sceaux - La Gazette\" \/>\n<meta property=\"og:description\" content=\"Maud Bregeon tenait meeting \u00e0 Sceaux ce mardi 25 juin au nom de l\u2019arc r\u00e9publicain. Avec Christophe Mongardien, \u00e9lu d\u2019Antony, elle tient les couleurs d\u2019une alliance entre les centristes, les R\u00e9publicains, les Renaissances et les Horizons des Hauts-de-Seine. Dans le m\u00eame lieu, l\u2019ancienne mairie, sa voix r\u00e9sonnait \u00e0 l\u2019envers de&#8230;\" \/>\n<meta property=\"og:url\" content=\"https:\/\/sceaux-lagazette.fr\/index.php\/2024\/06\/27\/maud-bregeon-en-meeting-a-sceaux\/\" \/>\n<meta property=\"og:site_name\" content=\"La Gazette\" \/>\n<meta property=\"article:published_time\" content=\"2024-06-27T07:37:14+00:00\" \/>\n<meta property=\"article:modified_time\" content=\"2024-06-28T08:30:12+00:00\" \/>\n<meta property=\"og:image\" content=\"https:\/\/sceaux-lagazette.fr\/wp-content\/uploads\/2024\/06\/Maud-Bregeon-Meeting-25-06-2024.jpg\" \/>\n\t<meta property=\"og:image:width\" content=\"960\" \/>\n\t<meta property=\"og:image:height\" content=\"487\" \/>\n\t<meta property=\"og:image:type\" content=\"image\/jpeg\" \/>\n<meta name=\"author\" content=\"Maurice Zytnicki\" \/>\n<meta name=\"twitter:card\" content=\"summary_large_image\" \/>\n<meta name=\"twitter:label1\" content=\"\u00c9crit par\" \/>\n\t<meta name=\"twitter:data1\" content=\"Maurice Zytnicki\" \/>\n\t<meta name=\"twitter:label2\" content=\"Dur\u00e9e de lecture estim\u00e9e\" \/>\n\t<meta name=\"twitter:data2\" content=\"4 minutes\" \/>\n<script type=\"application\/ld+json\" class=\"yoast-schema-graph\">{\"@context\":\"https:\/\/schema.org\",\"@graph\":[{\"@type\":\"Article\",\"@id\":\"https:\/\/sceaux-lagazette.fr\/index.php\/2024\/06\/27\/maud-bregeon-en-meeting-a-sceaux\/#article\",\"isPartOf\":{\"@id\":\"https:\/\/sceaux-lagazette.fr\/index.php\/2024\/06\/27\/maud-bregeon-en-meeting-a-sceaux\/\"},\"author\":{\"name\":\"Maurice Zytnicki\",\"@id\":\"https:\/\/sceaux-lagazette.fr\/#\/schema\/person\/060ab8fc058c4220d9079707a58da9f1\"},\"headline\":\"Maud Bregeon en meeting \u00e0 Sceaux\",\"datePublished\":\"2024-06-27T07:37:14+00:00\",\"dateModified\":\"2024-06-28T08:30:12+00:00\",\"mainEntityOfPage\":{\"@id\":\"https:\/\/sceaux-lagazette.fr\/index.php\/2024\/06\/27\/maud-bregeon-en-meeting-a-sceaux\/\"},\"wordCount\":844,\"commentCount\":1,\"publisher\":{\"@id\":\"https:\/\/sceaux-lagazette.fr\/#organization\"},\"image\":{\"@id\":\"https:\/\/sceaux-lagazette.fr\/index.php\/2024\/06\/27\/maud-bregeon-en-meeting-a-sceaux\/#primaryimage\"},\"thumbnailUrl\":\"https:\/\/sceaux-lagazette.fr\/wp-content\/uploads\/2024\/06\/Maud-Bregeon-Meeting-25-06-2024.jpg\",\"articleSection\":[\"Vie publique\"],\"inLanguage\":\"fr-FR\",\"potentialAction\":[{\"@type\":\"CommentAction\",\"name\":\"Comment\",\"target\":[\"https:\/\/sceaux-lagazette.fr\/index.php\/2024\/06\/27\/maud-bregeon-en-meeting-a-sceaux\/#respond\"]}]},{\"@type\":\"WebPage\",\"@id\":\"https:\/\/sceaux-lagazette.fr\/index.php\/2024\/06\/27\/maud-bregeon-en-meeting-a-sceaux\/\",\"url\":\"https:\/\/sceaux-lagazette.fr\/index.php\/2024\/06\/27\/maud-bregeon-en-meeting-a-sceaux\/\",\"name\":\"Maud Bregeon en meeting \u00e0 Sceaux - La Gazette\",\"isPartOf\":{\"@id\":\"https:\/\/sceaux-lagazette.fr\/#website\"},\"primaryImageOfPage\":{\"@id\":\"https:\/\/sceaux-lagazette.fr\/index.php\/2024\/06\/27\/maud-bregeon-en-meeting-a-sceaux\/#primaryimage\"},\"image\":{\"@id\":\"https:\/\/sceaux-lagazette.fr\/index.php\/2024\/06\/27\/maud-bregeon-en-meeting-a-sceaux\/#primaryimage\"},\"thumbnailUrl\":\"https:\/\/sceaux-lagazette.fr\/wp-content\/uploads\/2024\/06\/Maud-Bregeon-Meeting-25-06-2024.jpg\",\"datePublished\":\"2024-06-27T07:37:14+00:00\",\"dateModified\":\"2024-06-28T08:30:12+00:00\",\"breadcrumb\":{\"@id\":\"https:\/\/sceaux-lagazette.fr\/index.php\/2024\/06\/27\/maud-bregeon-en-meeting-a-sceaux\/#breadcrumb\"},\"inLanguage\":\"fr-FR\",\"potentialAction\":[{\"@type\":\"ReadAction\",\"target\":[\"https:\/\/sceaux-lagazette.fr\/index.php\/2024\/06\/27\/maud-bregeon-en-meeting-a-sceaux\/\"]}]},{\"@type\":\"ImageObject\",\"inLanguage\":\"fr-FR\",\"@id\":\"https:\/\/sceaux-lagazette.fr\/index.php\/2024\/06\/27\/maud-bregeon-en-meeting-a-sceaux\/#primaryimage\",\"url\":\"https:\/\/sceaux-lagazette.fr\/wp-content\/uploads\/2024\/06\/Maud-Bregeon-Meeting-25-06-2024.jpg\",\"contentUrl\":\"https:\/\/sceaux-lagazette.fr\/wp-content\/uploads\/2024\/06\/Maud-Bregeon-Meeting-25-06-2024.jpg\",\"width\":960,\"height\":487},{\"@type\":\"BreadcrumbList\",\"@id\":\"https:\/\/sceaux-lagazette.fr\/index.php\/2024\/06\/27\/maud-bregeon-en-meeting-a-sceaux\/#breadcrumb\",\"itemListElement\":[{\"@type\":\"ListItem\",\"position\":1,\"name\":\"Accueil\",\"item\":\"https:\/\/sceaux-lagazette.fr\/\"},{\"@type\":\"ListItem\",\"position\":2,\"name\":\"Maud Bregeon en meeting \u00e0 Sceaux\"}]},{\"@type\":\"WebSite\",\"@id\":\"https:\/\/sceaux-lagazette.fr\/#website\",\"url\":\"https:\/\/sceaux-lagazette.fr\/\",\"name\":\"La Gazette\",\"description\":\"Bourg-la-Reine, Ch\u00e2tenay, Fontenay, Sceaux\",\"publisher\":{\"@id\":\"https:\/\/sceaux-lagazette.fr\/#organization\"},\"potentialAction\":[{\"@type\":\"SearchAction\",\"target\":{\"@type\":\"EntryPoint\",\"urlTemplate\":\"https:\/\/sceaux-lagazette.fr\/?s={search_term_string}\"},\"query-input\":{\"@type\":\"PropertyValueSpecification\",\"valueRequired\":true,\"valueName\":\"search_term_string\"}}],\"inLanguage\":\"fr-FR\"},{\"@type\":\"Organization\",\"@id\":\"https:\/\/sceaux-lagazette.fr\/#organization\",\"name\":\"La Gazette\",\"url\":\"https:\/\/sceaux-lagazette.fr\/\",\"logo\":{\"@type\":\"ImageObject\",\"inLanguage\":\"fr-FR\",\"@id\":\"https:\/\/sceaux-lagazette.fr\/#\/schema\/logo\/image\/\",\"url\":\"https:\/\/sceaux-lagazette.fr\/wp-content\/uploads\/2025\/08\/Logo-Gazette-Aout-2025-V3.jpg\",\"contentUrl\":\"https:\/\/sceaux-lagazette.fr\/wp-content\/uploads\/2025\/08\/Logo-Gazette-Aout-2025-V3.jpg\",\"width\":525,\"height\":130,\"caption\":\"La Gazette\"},\"image\":{\"@id\":\"https:\/\/sceaux-lagazette.fr\/#\/schema\/logo\/image\/\"}},{\"@type\":\"Person\",\"@id\":\"https:\/\/sceaux-lagazette.fr\/#\/schema\/person\/060ab8fc058c4220d9079707a58da9f1\",\"name\":\"Maurice Zytnicki\",\"image\":{\"@type\":\"ImageObject\",\"inLanguage\":\"fr-FR\",\"@id\":\"https:\/\/sceaux-lagazette.fr\/#\/schema\/person\/image\/\",\"url\":\"https:\/\/secure.gravatar.com\/avatar\/d94d30d6fa0e9cb7af48a89366fc0cdb?s=96&r=g\",\"contentUrl\":\"https:\/\/secure.gravatar.com\/avatar\/d94d30d6fa0e9cb7af48a89366fc0cdb?s=96&r=g\",\"caption\":\"Maurice Zytnicki\"},\"url\":\"https:\/\/sceaux-lagazette.fr\/index.php\/author\/maurice\/\"}]}<\/script>\n<!-- \/ Yoast SEO plugin. -->","yoast_head_json":{"title":"Maud Bregeon en meeting \u00e0 Sceaux - La Gazette","robots":{"index":"index","follow":"follow","max-snippet":"max-snippet:-1","max-image-preview":"max-image-preview:large","max-video-preview":"max-video-preview:-1"},"canonical":"https:\/\/sceaux-lagazette.fr\/index.php\/2024\/06\/27\/maud-bregeon-en-meeting-a-sceaux\/","og_locale":"fr_FR","og_type":"article","og_title":"Maud Bregeon en meeting \u00e0 Sceaux - La Gazette","og_description":"Maud Bregeon tenait meeting \u00e0 Sceaux ce mardi 25 juin au nom de l\u2019arc r\u00e9publicain. Avec Christophe Mongardien, \u00e9lu d\u2019Antony, elle tient les couleurs d\u2019une alliance entre les centristes, les R\u00e9publicains, les Renaissances et les Horizons des Hauts-de-Seine. Dans le m\u00eame lieu, l\u2019ancienne mairie, sa voix r\u00e9sonnait \u00e0 l\u2019envers de&#8230;","og_url":"https:\/\/sceaux-lagazette.fr\/index.php\/2024\/06\/27\/maud-bregeon-en-meeting-a-sceaux\/","og_site_name":"La Gazette","article_published_time":"2024-06-27T07:37:14+00:00","article_modified_time":"2024-06-28T08:30:12+00:00","og_image":[{"width":960,"height":487,"url":"https:\/\/sceaux-lagazette.fr\/wp-content\/uploads\/2024\/06\/Maud-Bregeon-Meeting-25-06-2024.jpg","type":"image\/jpeg"}],"author":"Maurice Zytnicki","twitter_card":"summary_large_image","twitter_misc":{"\u00c9crit par":"Maurice Zytnicki","Dur\u00e9e de lecture estim\u00e9e":"4 minutes"},"schema":{"@context":"https:\/\/schema.org","@graph":[{"@type":"Article","@id":"https:\/\/sceaux-lagazette.fr\/index.php\/2024\/06\/27\/maud-bregeon-en-meeting-a-sceaux\/#article","isPartOf":{"@id":"https:\/\/sceaux-lagazette.fr\/index.php\/2024\/06\/27\/maud-bregeon-en-meeting-a-sceaux\/"},"author":{"name":"Maurice Zytnicki","@id":"https:\/\/sceaux-lagazette.fr\/#\/schema\/person\/060ab8fc058c4220d9079707a58da9f1"},"headline":"Maud Bregeon en meeting \u00e0 Sceaux","datePublished":"2024-06-27T07:37:14+00:00","dateModified":"2024-06-28T08:30:12+00:00","mainEntityOfPage":{"@id":"https:\/\/sceaux-lagazette.fr\/index.php\/2024\/06\/27\/maud-bregeon-en-meeting-a-sceaux\/"},"wordCount":844,"commentCount":1,"publisher":{"@id":"https:\/\/sceaux-lagazette.fr\/#organization"},"image":{"@id":"https:\/\/sceaux-lagazette.fr\/index.php\/2024\/06\/27\/maud-bregeon-en-meeting-a-sceaux\/#primaryimage"},"thumbnailUrl":"https:\/\/sceaux-lagazette.fr\/wp-content\/uploads\/2024\/06\/Maud-Bregeon-Meeting-25-06-2024.jpg","articleSection":["Vie publique"],"inLanguage":"fr-FR","potentialAction":[{"@type":"CommentAction","name":"Comment","target":["https:\/\/sceaux-lagazette.fr\/index.php\/2024\/06\/27\/maud-bregeon-en-meeting-a-sceaux\/#respond"]}]},{"@type":"WebPage","@id":"https:\/\/sceaux-lagazette.fr\/index.php\/2024\/06\/27\/maud-bregeon-en-meeting-a-sceaux\/","url":"https:\/\/sceaux-lagazette.fr\/index.php\/2024\/06\/27\/maud-bregeon-en-meeting-a-sceaux\/","name":"Maud Bregeon en meeting \u00e0 Sceaux - La Gazette","isPartOf":{"@id":"https:\/\/sceaux-lagazette.fr\/#website"},"primaryImageOfPage":{"@id":"https:\/\/sceaux-lagazette.fr\/index.php\/2024\/06\/27\/maud-bregeon-en-meeting-a-sceaux\/#primaryimage"},"image":{"@id":"https:\/\/sceaux-lagazette.fr\/index.php\/2024\/06\/27\/maud-bregeon-en-meeting-a-sceaux\/#primaryimage"},"thumbnailUrl":"https:\/\/sceaux-lagazette.fr\/wp-content\/uploads\/2024\/06\/Maud-Bregeon-Meeting-25-06-2024.jpg","datePublished":"2024-06-27T07:37:14+00:00","dateModified":"2024-06-28T08:30:12+00:00","breadcrumb":{"@id":"https:\/\/sceaux-lagazette.fr\/index.php\/2024\/06\/27\/maud-bregeon-en-meeting-a-sceaux\/#breadcrumb"},"inLanguage":"fr-FR","potentialAction":[{"@type":"ReadAction","target":["https:\/\/sceaux-lagazette.fr\/index.php\/2024\/06\/27\/maud-bregeon-en-meeting-a-sceaux\/"]}]},{"@type":"ImageObject","inLanguage":"fr-FR","@id":"https:\/\/sceaux-lagazette.fr\/index.php\/2024\/06\/27\/maud-bregeon-en-meeting-a-sceaux\/#primaryimage","url":"https:\/\/sceaux-lagazette.fr\/wp-content\/uploads\/2024\/06\/Maud-Bregeon-Meeting-25-06-2024.jpg","contentUrl":"https:\/\/sceaux-lagazette.fr\/wp-content\/uploads\/2024\/06\/Maud-Bregeon-Meeting-25-06-2024.jpg","width":960,"height":487},{"@type":"BreadcrumbList","@id":"https:\/\/sceaux-lagazette.fr\/index.php\/2024\/06\/27\/maud-bregeon-en-meeting-a-sceaux\/#breadcrumb","itemListElement":[{"@type":"ListItem","position":1,"name":"Accueil","item":"https:\/\/sceaux-lagazette.fr\/"},{"@type":"ListItem","position":2,"name":"Maud Bregeon en meeting \u00e0 Sceaux"}]},{"@type":"WebSite","@id":"https:\/\/sceaux-lagazette.fr\/#website","url":"https:\/\/sceaux-lagazette.fr\/","name":"La Gazette","description":"Bourg-la-Reine, Ch\u00e2tenay, Fontenay, Sceaux","publisher":{"@id":"https:\/\/sceaux-lagazette.fr\/#organization"},"potentialAction":[{"@type":"SearchAction","target":{"@type":"EntryPoint","urlTemplate":"https:\/\/sceaux-lagazette.fr\/?s={search_term_string}"},"query-input":{"@type":"PropertyValueSpecification","valueRequired":true,"valueName":"search_term_string"}}],"inLanguage":"fr-FR"},{"@type":"Organization","@id":"https:\/\/sceaux-lagazette.fr\/#organization","name":"La Gazette","url":"https:\/\/sceaux-lagazette.fr\/","logo":{"@type":"ImageObject","inLanguage":"fr-FR","@id":"https:\/\/sceaux-lagazette.fr\/#\/schema\/logo\/image\/","url":"https:\/\/sceaux-lagazette.fr\/wp-content\/uploads\/2025\/08\/Logo-Gazette-Aout-2025-V3.jpg","contentUrl":"https:\/\/sceaux-lagazette.fr\/wp-content\/uploads\/2025\/08\/Logo-Gazette-Aout-2025-V3.jpg","width":525,"height":130,"caption":"La Gazette"},"image":{"@id":"https:\/\/sceaux-lagazette.fr\/#\/schema\/logo\/image\/"}},{"@type":"Person","@id":"https:\/\/sceaux-lagazette.fr\/#\/schema\/person\/060ab8fc058c4220d9079707a58da9f1","name":"Maurice Zytnicki","image":{"@type":"ImageObject","inLanguage":"fr-FR","@id":"https:\/\/sceaux-lagazette.fr\/#\/schema\/person\/image\/","url":"https:\/\/secure.gravatar.com\/avatar\/d94d30d6fa0e9cb7af48a89366fc0cdb?s=96&r=g","contentUrl":"https:\/\/secure.gravatar.com\/avatar\/d94d30d6fa0e9cb7af48a89366fc0cdb?s=96&r=g","caption":"Maurice Zytnicki"},"url":"https:\/\/sceaux-lagazette.fr\/index.php\/author\/maurice\/"}]}},"cc_featured_image_caption":{"caption_text":"Photo LGdS","source_text":"","source_url":""},"_links":{"self":[{"href":"https:\/\/sceaux-lagazette.fr\/index.php\/wp-json\/wp\/v2\/posts\/41368"}],"collection":[{"href":"https:\/\/sceaux-lagazette.fr\/index.php\/wp-json\/wp\/v2\/posts"}],"about":[{"href":"https:\/\/sceaux-lagazette.fr\/index.php\/wp-json\/wp\/v2\/types\/post"}],"author":[{"embeddable":true,"href":"https:\/\/sceaux-lagazette.fr\/index.php\/wp-json\/wp\/v2\/users\/6"}],"replies":[{"embeddable":true,"href":"https:\/\/sceaux-lagazette.fr\/index.php\/wp-json\/wp\/v2\/comments?post=41368"}],"version-history":[{"count":2,"href":"https:\/\/sceaux-lagazette.fr\/index.php\/wp-json\/wp\/v2\/posts\/41368\/revisions"}],"predecessor-version":[{"id":41380,"href":"https:\/\/sceaux-lagazette.fr\/index.php\/wp-json\/wp\/v2\/posts\/41368\/revisions\/41380"}],"wp:featuredmedia":[{"embeddable":true,"href":"https:\/\/sceaux-lagazette.fr\/index.php\/wp-json\/wp\/v2\/media\/41369"}],"wp:attachment":[{"href":"https:\/\/sceaux-lagazette.fr\/index.php\/wp-json\/wp\/v2\/media?parent=41368"}],"wp:term":[{"taxonomy":"category","embeddable":true,"href":"https:\/\/sceaux-lagazette.fr\/index.php\/wp-json\/wp\/v2\/categories?post=41368"},{"taxonomy":"post_tag","embeddable":true,"href":"https:\/\/sceaux-lagazette.fr\/index.php\/wp-json\/wp\/v2\/tags?post=41368"}],"curies":[{"name":"wp","href":"https:\/\/api.w.org\/{rel}","templated":true}]}}