{"id":41352,"date":"2024-06-24T09:30:41","date_gmt":"2024-06-24T07:30:41","guid":{"rendered":"https:\/\/sceaux-lagazette.fr\/?p=41352"},"modified":"2024-06-24T09:44:09","modified_gmt":"2024-06-24T07:44:09","slug":"le-nfp-en-meeting","status":"publish","type":"post","link":"https:\/\/sceaux-lagazette.fr\/index.php\/2024\/06\/24\/le-nfp-en-meeting\/","title":{"rendered":"Le NFP en meeting \u00e0 Sceaux"},"content":{"rendered":"\n<p>Bernard Deljarrie, au nom du collectif citoyen <em>Sceaux en commun<\/em>, accueillait vendredi 21 juin les candidats de Nouveau Front Populaire (NFP) dans la XIIIe circonscription des Hauts-de-Seine. Brice Gaillard, du parti socialiste, a pour suppl\u00e9ante Justine Larnac, de LFI. Etaient \u00e9galement pr\u00e9sents Chlo\u00e9 Ridel, d\u00e9put\u00e9e europ\u00e9enne socialiste, et Pierre Ozoulias, s\u00e9nateur communiste des Hauts-de-Seine et vice-pr\u00e9sident au S\u00e9nat.<\/p>\n\n\n\n<p>Devant une soixantaine de participants r\u00e9unis dans la grande salle de l&rsquo;ancienne mairie, Brice Gaillard commence par d\u00e9noncer une \u00ab\u00a0<em>d\u00e9cision brutale<\/em>\u00a0\u00bb d\u2019E. Macron. S\u2019il admet que donner la parole au peuple est toujours un bien, il en accuse la m\u00e9thode. Puis, il \u00e9voque une France o\u00f9 les citoyens souffrent, o\u00f9 la d\u00e9tresse a gagn\u00e9 le pays tout entier, o\u00f9 dira-t-il plus tard, 9 millions de personnes vivent sous le seuil de pauvret\u00e9, o\u00f9 un tiers des Fran\u00e7ais s\u2019est d\u00e9j\u00e0 priv\u00e9 d\u2019un repas pour des raisons financi\u00e8res.<\/p>\n\n\n\n<p>Dans ce contexte extr\u00eamement sombre, les \u00ab<em>\u00a0enjeux de cette \u00e9lection sont simples. Il y a 3 choix<\/em>:<em> L&rsquo;extr\u00eame droite, le camp pr\u00e9sidentiel, la gauche<\/em>. \u00bb Voter pour l&rsquo;extr\u00eame droite, c&rsquo;est se condamner \u00e0 l&rsquo;inaction sociale et \u00e9cologique. C&rsquo;est taper sur les plus faibles. \u00ab\u00a0<em>C&rsquo;est un projet mortif\u00e8re et contraire \u00e0 nos valeurs.<\/em>\u00a0\u00bb Le camp pr\u00e9sidentiel, c\u2019est 7 ans d&rsquo;\u00e9chec, c&rsquo;est la destruction des corps interm\u00e9diaires, c&rsquo;est le m\u00e9pris des gens, c&rsquo;est un budget truqu\u00e9, c&rsquo;est un \u00e9chec environnemental, c&rsquo;est une impuissance \u00e9conomique, c&rsquo;est un \u00e9chec social.<\/p>\n\n\n\n<p>\u00ab&nbsp;<em>Le NFP d\u00e9fend un programme de bon sens. Il est s\u00e9rieux.<\/em>&nbsp;\u00bb De 2017 \u00e0 2027, 587 milliards d&rsquo;euros de recettes fiscales ont \u00e9t\u00e9 d\u00e9truits. L&rsquo;ISF r\u00e9pond \u00e0 un besoin de justice. 14 tranches d&rsquo;imp\u00f4t sur le revenu vont \u00eatre institu\u00e9es. \u00ab&nbsp;<em>Il faut taxer les super profits, taxer les entreprises qui versent des dividendes aux actionnaires au d\u00e9triment des salari\u00e9s.<\/em>&nbsp;\u00bb<\/p>\n\n\n\n<h2 class=\"wp-block-heading\">Camp pr\u00e9sidentiel honni<\/h2>\n\n\n\n<p>Pour Pierre Ozoulias, la droite s&rsquo;est unie dans les Hauts-de-Seine. Les R\u00e9publicains se sont alli\u00e9s \u00e0 l&rsquo;UDI, au Modem, \u00e0 Horizons et \u00e0 Renaissance. Maud Bregeon, la candidate de cette alliance, \u00ab&nbsp;<em>rassemble toutes les forces de droite<\/em>.&nbsp;\u00bb Le Rassemblement national surfe en haut, car la droite a banalis\u00e9 ses id\u00e9es.<\/p>\n\n\n\n<p>Pire, pour Brice Gaillard, elle est sur les bases du rassemblement national sur les plateaux t\u00e9l\u00e9. Selon Justine Larnac, c\u2019est encore plus grave. Elle \u00e9voque une femme noire qui a subi des insultes de ses voisins et \u00ab&nbsp;<em>cette ambiance raciste et fasciste montre que l&rsquo;extr\u00eame droite est d\u00e9complex\u00e9e.<\/em>&nbsp;\u00bb Le camp pr\u00e9sidentiel est le marchepied de l&rsquo;extr\u00eame droite.<\/p>\n\n\n\n<p>Chlo\u00e9 Ridel, d\u00e9put\u00e9e europ\u00e9enne, voit en Maud Bregeon une repr\u00e9sentante de toute la faillite morale du r\u00e9gime. \u00ab&nbsp;<em>Sa rh\u00e9torique est celle de l&rsquo;extr\u00eame droite. Ses positions sont gravissimes.<\/em>&nbsp;\u00bb Et gravissime est la situation du pays. \u00ab&nbsp;<em>L\u2019union de la gauche est la seule alternative.<\/em>&nbsp;\u00bb<\/p>\n\n\n\n<p>Avec l&rsquo;extr\u00eame droite au pouvoir, pr\u00e9dit-elle, le ministre de la Culture privatisera Radio France et France T\u00e9l\u00e9visions&nbsp;; le ministre de l&rsquo;Int\u00e9rieur l\u00e2chera sa police, il n&rsquo;y aura plus d&rsquo;ind\u00e9pendance des m\u00e9dias, le ministre de l&rsquo;\u00c9ducation nationale triera les enfants en fonction de leur nationalit\u00e9, le ministre des Affaires \u00e9trang\u00e8res pactisera avec Poutine.<\/p>\n\n\n\n<p>Tandis que \u00ab&nbsp;<em>le NFP veut r\u00e9tablir la justice fiscale.<\/em>&nbsp;\u00bb Taxer les riches, augmenter le SMIC, indexer les salaires sur l&rsquo;inflation, financer les services publics. L&rsquo;Espagne est cit\u00e9e en exemple. On y a augment\u00e9 de 50% le SMIC et selon elle la situation sociale y est bonne.<\/p>\n\n\n\n<p>En r\u00e9ponse \u00e0 une question de la salle, Brice Gaillard reprend des \u00e9l\u00e9ments de programme&nbsp;: augmentation du pouvoir d\u2019achat, augmentation de 10% des salaires des fonctionnaires, abrogation des mesures sur les retraites et sur l\u2019assurance-ch\u00f4mage qui stigmatisent les ch\u00f4meurs. En ce qui concerne la transition \u00e9cologique, il trouve la prime <em>R\u00e9nov<\/em> insuffisante&nbsp;: \u00ab&nbsp;<em>Le dispositif ne marche pas parce qu&rsquo;il ne s&rsquo;adresse qu\u2019aux copropri\u00e9taires. Il faut l&rsquo;ouvrir \u00e0 tous les Fran\u00e7ais, locataires ou propri\u00e9taires<\/em>.&nbsp;\u00bb Pour les 30% de reste \u00e0 charge, il d\u00e9fend le principe d\u2019une avance par pr\u00eat \u00e0 taux 0%.<\/p>\n\n\n\n<h2 class=\"wp-block-heading\">VIe R\u00e9publique<\/h2>\n\n\n\n<p>Brice Gaillard appelle de ses v\u0153ux une VIe R\u00e9publique. La d\u00e9mocratie est bafou\u00e9e et la crise politique vient de Fran\u00e7ais d\u00e9sesp\u00e9r\u00e9s par les politiques. C\u2019est tout le fonctionnement institutionnel qu\u2019il appelle \u00e0 revoir.<\/p>\n\n\n\n<p>Justine Larnac fait \u00e9cho&nbsp;: \u00ab&nbsp;<em>La VIe r\u00e9publique est indispensable<\/em>. [\u2026] <em>La Ve R\u00e9publique est dangereuse.<\/em>&nbsp;\u00bb Elle r\u00e9clame l\u2019abrogation du 49-3 (qui permet d\u2019adopter un projet de loi sauf si une motion de censure contre le gouvernement est vot\u00e9e, NDLR)<a href=\"#_ftn1\" id=\"_ftnref1\">[1]<\/a>. Elle veut \u00e9galement l\u2019abrogation de l&rsquo;article 16 qui donne dans certains cas les pleins pouvoirs au pr\u00e9sident de la R\u00e9publique.<a href=\"#_ftn2\" id=\"_ftnref2\">[2]<\/a><\/p>\n\n\n\n<h2 class=\"wp-block-heading\">Violences \u00e9tatiques<\/h2>\n\n\n\n<p>Brice Gaillard condamne les violences polici\u00e8res. Mais le NFP augmentera les effectifs des forces de l&rsquo;ordre. Il d\u00e9nonce ensuite les discriminations. La d\u00e9claration \u00ab&nbsp;<em>transphobe<\/em>&nbsp;\u00bb de M. Macron est pr\u00e9sent\u00e9e comme inacceptable. (Le Pr\u00e9sident avait qualifi\u00e9 d\u2019ubuesque, la proposition du NFP d&rsquo;autoriser le changement d&rsquo;\u00e9tat civil libre et gratuit devant un officier d&rsquo;\u00e9tat civil. En particulier, de changer de genre sur simple demande en mairie, NDLR).<\/p>\n\n\n\n<p>Sur l\u2019immigration, Justine Larnac d\u00e9nonce les propos \u00ab&nbsp;immondes&nbsp;\u00bb du gouvernement. Elle conna\u00eet des gens qui sont devenus OQTF, car leur titre de s\u00e9jour n\u2019a pas \u00e9t\u00e9 renouvel\u00e9. \u00ab&nbsp;<em>Les OQTF sont trait\u00e9s comme des d\u00e9linquants alors qu&rsquo;ils n&rsquo;en sont pas<\/em>.&nbsp;\u00bb<\/p>\n\n\n\n<h2 class=\"wp-block-heading\">Unit\u00e9 de la gauche<\/h2>\n\n\n\n<p>A la question d\u2019une participante sur l\u2019entente avec LFI, Pierre Ozoulias pr\u00e9sente la gauche comme unie. De LFI aux radicaux de gauche, elle partage un projet de soci\u00e9t\u00e9. Brice Gaillard confirme&nbsp;: l\u2019union est une richesse. Tous les partis ont un accord programmatique. \u00ab&nbsp;<em>Entre Justine, LFI, et moi, socialiste, ce qui nous unit est plus fort que ce qui nous s\u00e9pare. L\u2019\u00e9change d&rsquo;id\u00e9es nous unit.<\/em>&nbsp;\u00bb Justine Larnac poursuit&nbsp;: <em>\u00ab&nbsp;En 2023, la Nupes nous rassemblait d\u00e9j\u00e0. Brice, Pierre et moi \u00e9tions sur la m\u00eame ligne<\/em>&nbsp;\u00bb.<\/p>\n\n\n\n<p>Pierre Ozoulias d\u00e9fend l\u2019id\u00e9e que nous sommes devant un point de bascule vers le fascisme qui se cache et donne l&rsquo;impression d&rsquo;\u00eatre raisonnable. En m\u00eame temps il combat le n\u00e9olib\u00e9ralisme qui d\u00e9truit la soci\u00e9t\u00e9. C&rsquo;est aujourd&rsquo;hui \u00ab&nbsp;<em>le combat de la lumi\u00e8re contre les t\u00e9n\u00e8bres<\/em>.&nbsp;\u00bb<\/p>\n\n\n\n<p>Une participante s\u2019insurge contre le blocage pratiqu\u00e9 par LFI \u00e0 l&rsquo;Assembl\u00e9e nationale, lors des d\u00e9bats sur la retraite. Elle demande de le d\u00e9juger.<\/p>\n\n\n\n<p>Pierre Ozoulias dit qu\u2019au S\u00e9nat, \u00e7a ne s&rsquo;est pas pass\u00e9 comme \u00e7a. Un d\u00e9bat a pu \u00eatre men\u00e9 sereinement. Pour Justine Larnac, \u00ab&nbsp;l<em>&lsquo;obstruction<\/em>&nbsp;\u00bb (elle se moque du mot) a seulement consist\u00e9 en d\u00e9p\u00f4t d\u2019amendements (<em>LFI en avait d\u00e9pos\u00e9 13.000 NDLR<\/em>). Si Brice Gaillard estime le d\u00e9p\u00f4t massif \u00ab&nbsp;sous-optimal&nbsp;\u00bb, Justine Larnac consid\u00e8re que la v\u00e9ritable obstruction venait du gouvernement avec le 49-3. \u00ab&nbsp;<em>Si vous ne voulez pas d&rsquo;obstruction, poursuit-elle, ne votez pas Renaissance.&nbsp;<\/em>\u00bb Elle pr\u00e9f\u00e8re des d\u00e9put\u00e9s engag\u00e9s qui d\u00e9posent des amendements.<\/p>\n\n\n\n<p>La r\u00e9union, \u00e0 plusieurs reprises, pr\u00e9sentera le NFP comme diffam\u00e9, caricatur\u00e9, stigmatis\u00e9. \u00c9tait-ce par r\u00e9action que les mots \u00ab&nbsp;immonde&nbsp;\u00bb ou \u00ab&nbsp;fasciste&nbsp;\u00bb \u00e9taient plusieurs fois repris&nbsp;? Ces mots r\u00e9sument en tout cas le regard des orateurs sur le camp pr\u00e9sidentiel et le RN dont ils parlaient avec un m\u00eame d\u00e9go\u00fbt.<\/p>\n\n\n\n<hr class=\"wp-block-separator has-alpha-channel-opacity\"\/>\n\n\n\n<h2 class=\"wp-block-heading\">Questionnaire<\/h2>\n\n\n\n<p>Pour compl\u00e9ter ces notes, voici le questionnaire que nous avons soumis \u00e0 Brice Gaillard et auquel il a accept\u00e9 de r\u00e9pondre par \u00e9crit. Ce qui explique la diff\u00e9rence de ton avec l&rsquo;oral.<\/p>\n\n\n\n<p><strong>Pouvez-vous pr\u00e9senter en quelques lignes votre bin\u00f4me de candidats<\/strong>?<\/p>\n\n\n\n<p>\u00c2g\u00e9 de 38 ans, un enfant, originaire du sud-ouest, je suis dipl\u00f4m\u00e9 de Sciences Po Bordeaux, titulaire d\u2019un doctorat sur l\u2019action publique des collectivit\u00e9s territoriales, je me suis engag\u00e9 au Parti socialiste \u00e0 17 ans, en r\u00e9action \u00e0 la menace que repr\u00e9sentait l\u2019extr\u00eame-droite lors de l\u2019\u00e9lection pr\u00e9sidentielle de 2002. Je suis Premier secr\u00e9taire du parti socialiste des Hauts-de-Seine depuis 2020.<\/p>\n\n\n\n<p>Conseiller l\u00e9gislatif du groupe socialiste au S\u00e9nat, suivant les questions de fiscalit\u00e9, je suis \u00e9galement secr\u00e9taire national du PS charg\u00e9 du budget, de la planification \u00e9cologique et des nouveaux indicateurs de richesse. Je suis \u00e9galement auteur d&rsquo;un essai \u00e0 la Fondation Jean Jaur\u00e8s intitul\u00e9 Repenser la fiscalit\u00e9 &#8211; Manifeste pour une imposition plus simple et plus \u00e9quitable.<\/p>\n\n\n\n<p>Habitant Ch\u00e2tenay-Malabry, dans le quartier de Malabry, candidat aux \u00e9lections l\u00e9gislatives en 2022, je suis engag\u00e9 dans la vie locale au sein du Collectif Citoyen Chatenaisien. Attach\u00e9 aux valeurs de respect des droits humains, de fraternit\u00e9, de solidarit\u00e9, l\u2019engagement est, pour moi, d\u2019abord d\u2019\u00eatre au service de nos concitoyens pour am\u00e9liorer leur qualit\u00e9 de vie.<\/p>\n\n\n\n<p>Ma suppl\u00e9ante, Justine Larnac, est \u00e9l\u00e8ve avocate dans les domaines du droit p\u00e9nal et du droit p\u00e9nitentiaire, militante politique \u00e0 LFI, mais \u00e9galement militante syndicale au SAF \u2013 Syndicat des avocats de France.&nbsp; Elle est engag\u00e9e dans de nombreuses associations locales dont Antony Terre Citoyenne, le Collectif Antony Palestine Solidarit\u00e9 et dans des associations promouvant les droits de l\u2019homme et la lutte contre le racisme et l\u2019antis\u00e9mitisme. Elle \u00e9tait d\u00e9j\u00e0 suppl\u00e9ante \u00e0 mes c\u00f4t\u00e9s en 2022. Elle a toujours v\u00e9cu \u00e0 Antony et a fait toute sa scolarit\u00e9 sur la circonscription.<\/p>\n\n\n\n<p>Ensemble, nous voulons incarner l\u2019union de la gauche et des \u00e9cologistes sur notre circonscription et porter une candidature de rassemblement sur des valeurs et des propositions concr\u00e8tes.<\/p>\n\n\n\n<p><strong>Comment comprenez-vous la situation politique dans laquelle nous nous trouvons ?<\/strong><\/p>\n\n\n\n<p>Apr\u00e8s avoir contribu\u00e9 m\u00e9thodiquement \u00e0 la division du pays par sa politique antisociale, le Pr\u00e9sident de la R\u00e9publique a d\u00e9cid\u00e9 de dissoudre l\u2019Assembl\u00e9e nationale. Permettre \u00e0 nos compatriotes d&rsquo;exprimer leur choix pour l&rsquo;avenir de la France est louable ; le faire dans un contexte d\u00e9l\u00e9t\u00e8re qui accentue la d\u00e9stabilisation politique de la France au profit de l\u2019extr\u00eame droite est dangereux.<\/p>\n\n\n\n<p>Ces \u00e9lections l\u00e9gislatives partielles peuvent voir la droite extr\u00eame arriver au pouvoir parce que le Pr\u00e9sident de la R\u00e9publique a \u00e9chou\u00e9 \u00e0 contenir sa progression. Il a \u00e9chou\u00e9 parce qu&rsquo;il a d\u00e9\u00e7u les Fran\u00e7aises et les Fran\u00e7ais que ce soit sur le plan \u00e9conomique, social, \u00e9cologique ou plus globalement sur sa capacit\u00e9 \u00e0 r\u00e9concilier le pays.<\/p>\n\n\n\n<p><strong>Qu\u2019est-ce qui vous a amen\u00e9 \u00e0 vous pr\u00e9senter aux l\u00e9gislatives du 30 juin et du 7 juillet dans cette circonscription ?<\/strong><\/p>\n\n\n\n<p>Ce sont en premier lieu les souffrances d\u2019un grand nombre d\u2019habitantes et d\u2019habitants de la circonscription face \u00e0 un quotidien qui se d\u00e9grade significativement sans que le camp pr\u00e9sidentiel ne parvienne ou ne veuille apporter des solutions.<\/p>\n\n\n\n<p>Face \u00e0 cela, un nouveau front populaire s&rsquo;est constitu\u00e9, rassemblant toutes les forces de gauche humanistes, \u00e9cologiques, syndicales, associatives et citoyennes. Un espoir s\u2019est lev\u00e9. Cet espoir, nous voulons l\u2019incarner dans notre territoire des Hauts-de-Seine pour \u00eatre \u00e0 la hauteur des attentes et des besoins de nos concitoyens. Nous pensons que la candidate sortante n&rsquo;a pas su r\u00e9pondre \u00e0 cette demande. D&rsquo;ailleurs, elle-m\u00eame tente de faire oublier son bilan en gommant Emmanuel Macron de ses documents de campagne&#8230;<\/p>\n\n\n\n<p>Pour notre part, nous refusons de nous r\u00e9signer. Nous refusons que l\u2019exclusion et le populisme prennent le pouvoir dans notre pays. Nous voulons combattre la brutalisation de la vie publique, lutter de toutes nos forces contre les discriminations, le racisme et l\u2019antis\u00e9mitisme. Nous voulons restaurer la capacit\u00e9 \u00e0 agir d\u2019un Etat qui doit redevenir notre bien commun le plus pr\u00e9cieux en s\u2019appuyant sur des services publics de proximit\u00e9. Nous voulons engager demain un tournant \u00e9cologique et social ambitieux dans l&rsquo;int\u00e9r\u00eat de tous. Nous voulons restaurer l\u2019\u00e9galit\u00e9 r\u00e9elle entre les chances, mise \u00e0 mal depuis pr\u00e8s de sept ans. La lutte contre la violence sociale et pour am\u00e9liorer le pouvoir d\u2019achat est notre priorit\u00e9.<\/p>\n\n\n\n<p><strong>Quels sont les principaux points que vous voulez d\u00e9fendre dans votre campagne ?<\/strong><\/p>\n\n\n\n<p>Pour r\u00e9pondre aux pr\u00e9occupations des Fran\u00e7ais, r\u00e9veiller l\u2019espoir et construire l\u2019alternative, nous prenons 10 engagements pour les deux prochaines ann\u00e9es.<\/p>\n\n\n\n<p>D&rsquo;abord, nous abrogerons trois r\u00e9formes injustes : celles des retraites, de l\u2019assurance-ch\u00f4mage et celle sur l\u2019immigration. Nous redonnerons aussi du pouvoir de vivre aux Fran\u00e7ais via la revalorisation des minima sociaux, du SMIC et des salaires, le gel des tarifs \u00e9nerg\u00e9tiques, l&rsquo;instauration d&rsquo;une allocation d\u2019autonomie pour les jeunes, l&rsquo;encadrement des prix des loyers.<\/p>\n\n\n\n<p>Nous mettrons \u00e9videmment en place les mesures fiscales pour une r\u00e9elle justice sociale : taxation des superprofits et taxation des plus riches. Nous ferons de l\u2019acc\u00e9l\u00e9ration de la bifurcation \u00e9cologique une priorit\u00e9. Soyons clairs : il ne s\u2019agit pas tant de taxer les plus ais\u00e9s de mani\u00e8re punitive que de r\u00e9tablir l\u2019\u00e9quit\u00e9 de notre syst\u00e8me fiscal qui a \u00e9t\u00e9 largement remise en cause par Emmanuel Macron. L\u2019imp\u00f4t doit \u00eatre \u00e9quitablement r\u00e9parti entre tous !<\/p>\n\n\n\n<p>Nous redonnerons aussi les moyens \u00e0 un service public accessible et de qualit\u00e9, pour l\u2019\u00e9cole en recrutant des enseignants en nombre suffisant, dignement valoris\u00e9s, et en ayant moins d\u2019enfants par classe ; pour nos universit\u00e9s ; pour l\u2019h\u00f4pital public et en combattant les d\u00e9serts m\u00e9dicaux. Nous lutterons pour l\u2019\u00e9galit\u00e9 entre les femmes et les hommes et avancerons de mani\u00e8re r\u00e9solue sur l\u2019\u00e9galit\u00e9 salariale. Nous lutterons pleinement et sans aucune ambigu\u00eft\u00e9 contre l\u2019antis\u00e9mitisme, tous les racismes et toutes les formes de discriminations.<\/p>\n\n\n\n<p>Nous r\u00e9affirmerons notre soutien aux progr\u00e8s de la construction europ\u00e9enne, \u00e0 la r\u00e9industrialisation du continent, \u00e0 l\u2019Europe de la d\u00e9fense, \u00e0 l\u2019Union europ\u00e9enne comme espace pertinent pour sortir de nos d\u00e9pendances en mati\u00e8re alimentaire, m\u00e9dicale, industrielle, \u00e9nerg\u00e9tique, militaire. Nous d\u00e9fendrons notre soutien inconditionnel \u00e0 l\u2019Ukraine face \u00e0 l\u2019agression de Poutine, et le respect total des fronti\u00e8res. Enfin, nous mobiliserons notre diplomatie pour obtenir le cessez-le-feu \u00e0 Gaza, la lib\u00e9ration des otages du Hamas, et la reconnaissance d\u2019un \u00c9tat palestinien, pr\u00e9alable \u00e0 une solution durable \u00e0 deux Etats.<\/p>\n\n\n\n<hr class=\"wp-block-separator has-alpha-channel-opacity\"\/>\n\n\n\n<p><a id=\"_ftn1\" href=\"#_ftnref1\">[1]<\/a> Pour des pr\u00e9cisions sur l\u2019usage du 49-3, on peut se reporter \u00e0&nbsp;: <a href=\"https:\/\/fr.statista.com\/infographie\/5327\/utilisation-article-49-3-gouvernement-premier-ministre-et-nombre-motions-de-censure\/\">https:\/\/fr.statista.com\/infographie\/5327\/utilisation-article-49-3-gouvernement-premier-ministre-et-nombre-motions-de-censure\/<\/a><\/p>\n\n\n\n<p><a href=\"#_ftnref2\" id=\"_ftn2\">[2]<\/a> Pour des d\u00e9tails voir&nbsp;: <a href=\"https:\/\/www.village-justice.com\/articles\/questions-autour-article-constitution,50116.html\">https:\/\/www.village-justice.com\/articles\/questions-autour-article-constitution,50116.html<\/a><\/p>\n","protected":false},"excerpt":{"rendered":"<p>Bernard Deljarrie, au nom du collectif citoyen Sceaux en commun, accueillait vendredi 21 juin les candidats de Nouveau Front Populaire (NFP) dans la XIIIe circonscription des Hauts-de-Seine. Brice Gaillard, du parti socialiste, a pour suppl\u00e9ante Justine Larnac, de LFI. Etaient \u00e9galement pr\u00e9sents Chlo\u00e9 Ridel, d\u00e9put\u00e9e europ\u00e9enne socialiste, et Pierre Ozoulias,&#8230;<\/p>\n","protected":false},"author":6,"featured_media":41362,"comment_status":"open","ping_status":"open","sticky":false,"template":"","format":"standard","meta":{"om_disable_all_campaigns":false,"_monsterinsights_skip_tracking":false,"_monsterinsights_sitenote_active":false,"_monsterinsights_sitenote_note":"","_monsterinsights_sitenote_category":0,"_uf_show_specific_survey":0,"_uf_disable_surveys":false,"footnotes":""},"categories":[266],"tags":[],"class_list":["post-41352","post","type-post","status-publish","format-standard","has-post-thumbnail","hentry","category-sceaux","entry","simple"],"yoast_head":"<!-- This site is optimized with the Yoast SEO plugin v25.6 - https:\/\/yoast.com\/wordpress\/plugins\/seo\/ -->\n<title>Le NFP en meeting \u00e0 Sceaux - La Gazette<\/title>\n<meta name=\"robots\" content=\"index, follow, max-snippet:-1, max-image-preview:large, max-video-preview:-1\" \/>\n<link rel=\"canonical\" href=\"https:\/\/sceaux-lagazette.fr\/index.php\/2024\/06\/24\/le-nfp-en-meeting\/\" \/>\n<meta property=\"og:locale\" content=\"fr_FR\" \/>\n<meta property=\"og:type\" content=\"article\" \/>\n<meta property=\"og:title\" content=\"Le NFP en meeting \u00e0 Sceaux - La Gazette\" \/>\n<meta property=\"og:description\" content=\"Bernard Deljarrie, au nom du collectif citoyen Sceaux en commun, accueillait vendredi 21 juin les candidats de Nouveau Front Populaire (NFP) dans la XIIIe circonscription des Hauts-de-Seine. Brice Gaillard, du parti socialiste, a pour suppl\u00e9ante Justine Larnac, de LFI. Etaient \u00e9galement pr\u00e9sents Chlo\u00e9 Ridel, d\u00e9put\u00e9e europ\u00e9enne socialiste, et Pierre Ozoulias,&#8230;\" \/>\n<meta property=\"og:url\" content=\"https:\/\/sceaux-lagazette.fr\/index.php\/2024\/06\/24\/le-nfp-en-meeting\/\" \/>\n<meta property=\"og:site_name\" content=\"La Gazette\" \/>\n<meta property=\"article:published_time\" content=\"2024-06-24T07:30:41+00:00\" \/>\n<meta property=\"article:modified_time\" content=\"2024-06-24T07:44:09+00:00\" \/>\n<meta property=\"og:image\" content=\"https:\/\/sceaux-lagazette.fr\/wp-content\/uploads\/2024\/06\/Meeting-B-Gaillard.jpg\" \/>\n\t<meta property=\"og:image:width\" content=\"960\" \/>\n\t<meta property=\"og:image:height\" content=\"543\" \/>\n\t<meta property=\"og:image:type\" content=\"image\/jpeg\" \/>\n<meta name=\"author\" content=\"Maurice Zytnicki\" \/>\n<meta name=\"twitter:card\" content=\"summary_large_image\" \/>\n<meta name=\"twitter:label1\" content=\"\u00c9crit par\" \/>\n\t<meta name=\"twitter:data1\" content=\"Maurice Zytnicki\" \/>\n\t<meta name=\"twitter:label2\" content=\"Dur\u00e9e de lecture estim\u00e9e\" \/>\n\t<meta name=\"twitter:data2\" content=\"12 minutes\" \/>\n<script type=\"application\/ld+json\" class=\"yoast-schema-graph\">{\"@context\":\"https:\/\/schema.org\",\"@graph\":[{\"@type\":\"Article\",\"@id\":\"https:\/\/sceaux-lagazette.fr\/index.php\/2024\/06\/24\/le-nfp-en-meeting\/#article\",\"isPartOf\":{\"@id\":\"https:\/\/sceaux-lagazette.fr\/index.php\/2024\/06\/24\/le-nfp-en-meeting\/\"},\"author\":{\"name\":\"Maurice Zytnicki\",\"@id\":\"https:\/\/sceaux-lagazette.fr\/#\/schema\/person\/060ab8fc058c4220d9079707a58da9f1\"},\"headline\":\"Le NFP en meeting \u00e0 Sceaux\",\"datePublished\":\"2024-06-24T07:30:41+00:00\",\"dateModified\":\"2024-06-24T07:44:09+00:00\",\"mainEntityOfPage\":{\"@id\":\"https:\/\/sceaux-lagazette.fr\/index.php\/2024\/06\/24\/le-nfp-en-meeting\/\"},\"wordCount\":2537,\"commentCount\":6,\"publisher\":{\"@id\":\"https:\/\/sceaux-lagazette.fr\/#organization\"},\"image\":{\"@id\":\"https:\/\/sceaux-lagazette.fr\/index.php\/2024\/06\/24\/le-nfp-en-meeting\/#primaryimage\"},\"thumbnailUrl\":\"https:\/\/sceaux-lagazette.fr\/wp-content\/uploads\/2024\/06\/Meeting-B-Gaillard.jpg\",\"articleSection\":[\"Sceaux\"],\"inLanguage\":\"fr-FR\",\"potentialAction\":[{\"@type\":\"CommentAction\",\"name\":\"Comment\",\"target\":[\"https:\/\/sceaux-lagazette.fr\/index.php\/2024\/06\/24\/le-nfp-en-meeting\/#respond\"]}]},{\"@type\":\"WebPage\",\"@id\":\"https:\/\/sceaux-lagazette.fr\/index.php\/2024\/06\/24\/le-nfp-en-meeting\/\",\"url\":\"https:\/\/sceaux-lagazette.fr\/index.php\/2024\/06\/24\/le-nfp-en-meeting\/\",\"name\":\"Le NFP en meeting \u00e0 Sceaux - La Gazette\",\"isPartOf\":{\"@id\":\"https:\/\/sceaux-lagazette.fr\/#website\"},\"primaryImageOfPage\":{\"@id\":\"https:\/\/sceaux-lagazette.fr\/index.php\/2024\/06\/24\/le-nfp-en-meeting\/#primaryimage\"},\"image\":{\"@id\":\"https:\/\/sceaux-lagazette.fr\/index.php\/2024\/06\/24\/le-nfp-en-meeting\/#primaryimage\"},\"thumbnailUrl\":\"https:\/\/sceaux-lagazette.fr\/wp-content\/uploads\/2024\/06\/Meeting-B-Gaillard.jpg\",\"datePublished\":\"2024-06-24T07:30:41+00:00\",\"dateModified\":\"2024-06-24T07:44:09+00:00\",\"breadcrumb\":{\"@id\":\"https:\/\/sceaux-lagazette.fr\/index.php\/2024\/06\/24\/le-nfp-en-meeting\/#breadcrumb\"},\"inLanguage\":\"fr-FR\",\"potentialAction\":[{\"@type\":\"ReadAction\",\"target\":[\"https:\/\/sceaux-lagazette.fr\/index.php\/2024\/06\/24\/le-nfp-en-meeting\/\"]}]},{\"@type\":\"ImageObject\",\"inLanguage\":\"fr-FR\",\"@id\":\"https:\/\/sceaux-lagazette.fr\/index.php\/2024\/06\/24\/le-nfp-en-meeting\/#primaryimage\",\"url\":\"https:\/\/sceaux-lagazette.fr\/wp-content\/uploads\/2024\/06\/Meeting-B-Gaillard.jpg\",\"contentUrl\":\"https:\/\/sceaux-lagazette.fr\/wp-content\/uploads\/2024\/06\/Meeting-B-Gaillard.jpg\",\"width\":960,\"height\":543},{\"@type\":\"BreadcrumbList\",\"@id\":\"https:\/\/sceaux-lagazette.fr\/index.php\/2024\/06\/24\/le-nfp-en-meeting\/#breadcrumb\",\"itemListElement\":[{\"@type\":\"ListItem\",\"position\":1,\"name\":\"Accueil\",\"item\":\"https:\/\/sceaux-lagazette.fr\/\"},{\"@type\":\"ListItem\",\"position\":2,\"name\":\"Le NFP en meeting \u00e0 Sceaux\"}]},{\"@type\":\"WebSite\",\"@id\":\"https:\/\/sceaux-lagazette.fr\/#website\",\"url\":\"https:\/\/sceaux-lagazette.fr\/\",\"name\":\"La Gazette\",\"description\":\"Bourg-la-Reine, Ch\u00e2tenay, Fontenay, Sceaux\",\"publisher\":{\"@id\":\"https:\/\/sceaux-lagazette.fr\/#organization\"},\"potentialAction\":[{\"@type\":\"SearchAction\",\"target\":{\"@type\":\"EntryPoint\",\"urlTemplate\":\"https:\/\/sceaux-lagazette.fr\/?s={search_term_string}\"},\"query-input\":{\"@type\":\"PropertyValueSpecification\",\"valueRequired\":true,\"valueName\":\"search_term_string\"}}],\"inLanguage\":\"fr-FR\"},{\"@type\":\"Organization\",\"@id\":\"https:\/\/sceaux-lagazette.fr\/#organization\",\"name\":\"La Gazette\",\"url\":\"https:\/\/sceaux-lagazette.fr\/\",\"logo\":{\"@type\":\"ImageObject\",\"inLanguage\":\"fr-FR\",\"@id\":\"https:\/\/sceaux-lagazette.fr\/#\/schema\/logo\/image\/\",\"url\":\"https:\/\/sceaux-lagazette.fr\/wp-content\/uploads\/2025\/08\/Logo-Gazette-Aout-2025-V3.jpg\",\"contentUrl\":\"https:\/\/sceaux-lagazette.fr\/wp-content\/uploads\/2025\/08\/Logo-Gazette-Aout-2025-V3.jpg\",\"width\":525,\"height\":130,\"caption\":\"La Gazette\"},\"image\":{\"@id\":\"https:\/\/sceaux-lagazette.fr\/#\/schema\/logo\/image\/\"}},{\"@type\":\"Person\",\"@id\":\"https:\/\/sceaux-lagazette.fr\/#\/schema\/person\/060ab8fc058c4220d9079707a58da9f1\",\"name\":\"Maurice Zytnicki\",\"image\":{\"@type\":\"ImageObject\",\"inLanguage\":\"fr-FR\",\"@id\":\"https:\/\/sceaux-lagazette.fr\/#\/schema\/person\/image\/\",\"url\":\"https:\/\/secure.gravatar.com\/avatar\/d94d30d6fa0e9cb7af48a89366fc0cdb?s=96&r=g\",\"contentUrl\":\"https:\/\/secure.gravatar.com\/avatar\/d94d30d6fa0e9cb7af48a89366fc0cdb?s=96&r=g\",\"caption\":\"Maurice Zytnicki\"},\"url\":\"https:\/\/sceaux-lagazette.fr\/index.php\/author\/maurice\/\"}]}<\/script>\n<!-- \/ Yoast SEO plugin. -->","yoast_head_json":{"title":"Le NFP en meeting \u00e0 Sceaux - La Gazette","robots":{"index":"index","follow":"follow","max-snippet":"max-snippet:-1","max-image-preview":"max-image-preview:large","max-video-preview":"max-video-preview:-1"},"canonical":"https:\/\/sceaux-lagazette.fr\/index.php\/2024\/06\/24\/le-nfp-en-meeting\/","og_locale":"fr_FR","og_type":"article","og_title":"Le NFP en meeting \u00e0 Sceaux - La Gazette","og_description":"Bernard Deljarrie, au nom du collectif citoyen Sceaux en commun, accueillait vendredi 21 juin les candidats de Nouveau Front Populaire (NFP) dans la XIIIe circonscription des Hauts-de-Seine. Brice Gaillard, du parti socialiste, a pour suppl\u00e9ante Justine Larnac, de LFI. Etaient \u00e9galement pr\u00e9sents Chlo\u00e9 Ridel, d\u00e9put\u00e9e europ\u00e9enne socialiste, et Pierre Ozoulias,&#8230;","og_url":"https:\/\/sceaux-lagazette.fr\/index.php\/2024\/06\/24\/le-nfp-en-meeting\/","og_site_name":"La Gazette","article_published_time":"2024-06-24T07:30:41+00:00","article_modified_time":"2024-06-24T07:44:09+00:00","og_image":[{"width":960,"height":543,"url":"https:\/\/sceaux-lagazette.fr\/wp-content\/uploads\/2024\/06\/Meeting-B-Gaillard.jpg","type":"image\/jpeg"}],"author":"Maurice Zytnicki","twitter_card":"summary_large_image","twitter_misc":{"\u00c9crit par":"Maurice Zytnicki","Dur\u00e9e de lecture estim\u00e9e":"12 minutes"},"schema":{"@context":"https:\/\/schema.org","@graph":[{"@type":"Article","@id":"https:\/\/sceaux-lagazette.fr\/index.php\/2024\/06\/24\/le-nfp-en-meeting\/#article","isPartOf":{"@id":"https:\/\/sceaux-lagazette.fr\/index.php\/2024\/06\/24\/le-nfp-en-meeting\/"},"author":{"name":"Maurice Zytnicki","@id":"https:\/\/sceaux-lagazette.fr\/#\/schema\/person\/060ab8fc058c4220d9079707a58da9f1"},"headline":"Le NFP en meeting \u00e0 Sceaux","datePublished":"2024-06-24T07:30:41+00:00","dateModified":"2024-06-24T07:44:09+00:00","mainEntityOfPage":{"@id":"https:\/\/sceaux-lagazette.fr\/index.php\/2024\/06\/24\/le-nfp-en-meeting\/"},"wordCount":2537,"commentCount":6,"publisher":{"@id":"https:\/\/sceaux-lagazette.fr\/#organization"},"image":{"@id":"https:\/\/sceaux-lagazette.fr\/index.php\/2024\/06\/24\/le-nfp-en-meeting\/#primaryimage"},"thumbnailUrl":"https:\/\/sceaux-lagazette.fr\/wp-content\/uploads\/2024\/06\/Meeting-B-Gaillard.jpg","articleSection":["Sceaux"],"inLanguage":"fr-FR","potentialAction":[{"@type":"CommentAction","name":"Comment","target":["https:\/\/sceaux-lagazette.fr\/index.php\/2024\/06\/24\/le-nfp-en-meeting\/#respond"]}]},{"@type":"WebPage","@id":"https:\/\/sceaux-lagazette.fr\/index.php\/2024\/06\/24\/le-nfp-en-meeting\/","url":"https:\/\/sceaux-lagazette.fr\/index.php\/2024\/06\/24\/le-nfp-en-meeting\/","name":"Le NFP en meeting \u00e0 Sceaux - La Gazette","isPartOf":{"@id":"https:\/\/sceaux-lagazette.fr\/#website"},"primaryImageOfPage":{"@id":"https:\/\/sceaux-lagazette.fr\/index.php\/2024\/06\/24\/le-nfp-en-meeting\/#primaryimage"},"image":{"@id":"https:\/\/sceaux-lagazette.fr\/index.php\/2024\/06\/24\/le-nfp-en-meeting\/#primaryimage"},"thumbnailUrl":"https:\/\/sceaux-lagazette.fr\/wp-content\/uploads\/2024\/06\/Meeting-B-Gaillard.jpg","datePublished":"2024-06-24T07:30:41+00:00","dateModified":"2024-06-24T07:44:09+00:00","breadcrumb":{"@id":"https:\/\/sceaux-lagazette.fr\/index.php\/2024\/06\/24\/le-nfp-en-meeting\/#breadcrumb"},"inLanguage":"fr-FR","potentialAction":[{"@type":"ReadAction","target":["https:\/\/sceaux-lagazette.fr\/index.php\/2024\/06\/24\/le-nfp-en-meeting\/"]}]},{"@type":"ImageObject","inLanguage":"fr-FR","@id":"https:\/\/sceaux-lagazette.fr\/index.php\/2024\/06\/24\/le-nfp-en-meeting\/#primaryimage","url":"https:\/\/sceaux-lagazette.fr\/wp-content\/uploads\/2024\/06\/Meeting-B-Gaillard.jpg","contentUrl":"https:\/\/sceaux-lagazette.fr\/wp-content\/uploads\/2024\/06\/Meeting-B-Gaillard.jpg","width":960,"height":543},{"@type":"BreadcrumbList","@id":"https:\/\/sceaux-lagazette.fr\/index.php\/2024\/06\/24\/le-nfp-en-meeting\/#breadcrumb","itemListElement":[{"@type":"ListItem","position":1,"name":"Accueil","item":"https:\/\/sceaux-lagazette.fr\/"},{"@type":"ListItem","position":2,"name":"Le NFP en meeting \u00e0 Sceaux"}]},{"@type":"WebSite","@id":"https:\/\/sceaux-lagazette.fr\/#website","url":"https:\/\/sceaux-lagazette.fr\/","name":"La Gazette","description":"Bourg-la-Reine, Ch\u00e2tenay, Fontenay, Sceaux","publisher":{"@id":"https:\/\/sceaux-lagazette.fr\/#organization"},"potentialAction":[{"@type":"SearchAction","target":{"@type":"EntryPoint","urlTemplate":"https:\/\/sceaux-lagazette.fr\/?s={search_term_string}"},"query-input":{"@type":"PropertyValueSpecification","valueRequired":true,"valueName":"search_term_string"}}],"inLanguage":"fr-FR"},{"@type":"Organization","@id":"https:\/\/sceaux-lagazette.fr\/#organization","name":"La Gazette","url":"https:\/\/sceaux-lagazette.fr\/","logo":{"@type":"ImageObject","inLanguage":"fr-FR","@id":"https:\/\/sceaux-lagazette.fr\/#\/schema\/logo\/image\/","url":"https:\/\/sceaux-lagazette.fr\/wp-content\/uploads\/2025\/08\/Logo-Gazette-Aout-2025-V3.jpg","contentUrl":"https:\/\/sceaux-lagazette.fr\/wp-content\/uploads\/2025\/08\/Logo-Gazette-Aout-2025-V3.jpg","width":525,"height":130,"caption":"La Gazette"},"image":{"@id":"https:\/\/sceaux-lagazette.fr\/#\/schema\/logo\/image\/"}},{"@type":"Person","@id":"https:\/\/sceaux-lagazette.fr\/#\/schema\/person\/060ab8fc058c4220d9079707a58da9f1","name":"Maurice Zytnicki","image":{"@type":"ImageObject","inLanguage":"fr-FR","@id":"https:\/\/sceaux-lagazette.fr\/#\/schema\/person\/image\/","url":"https:\/\/secure.gravatar.com\/avatar\/d94d30d6fa0e9cb7af48a89366fc0cdb?s=96&r=g","contentUrl":"https:\/\/secure.gravatar.com\/avatar\/d94d30d6fa0e9cb7af48a89366fc0cdb?s=96&r=g","caption":"Maurice Zytnicki"},"url":"https:\/\/sceaux-lagazette.fr\/index.php\/author\/maurice\/"}]}},"cc_featured_image_caption":{"caption_text":"","source_text":"","source_url":""},"_links":{"self":[{"href":"https:\/\/sceaux-lagazette.fr\/index.php\/wp-json\/wp\/v2\/posts\/41352"}],"collection":[{"href":"https:\/\/sceaux-lagazette.fr\/index.php\/wp-json\/wp\/v2\/posts"}],"about":[{"href":"https:\/\/sceaux-lagazette.fr\/index.php\/wp-json\/wp\/v2\/types\/post"}],"author":[{"embeddable":true,"href":"https:\/\/sceaux-lagazette.fr\/index.php\/wp-json\/wp\/v2\/users\/6"}],"replies":[{"embeddable":true,"href":"https:\/\/sceaux-lagazette.fr\/index.php\/wp-json\/wp\/v2\/comments?post=41352"}],"version-history":[{"count":6,"href":"https:\/\/sceaux-lagazette.fr\/index.php\/wp-json\/wp\/v2\/posts\/41352\/revisions"}],"predecessor-version":[{"id":41365,"href":"https:\/\/sceaux-lagazette.fr\/index.php\/wp-json\/wp\/v2\/posts\/41352\/revisions\/41365"}],"wp:featuredmedia":[{"embeddable":true,"href":"https:\/\/sceaux-lagazette.fr\/index.php\/wp-json\/wp\/v2\/media\/41362"}],"wp:attachment":[{"href":"https:\/\/sceaux-lagazette.fr\/index.php\/wp-json\/wp\/v2\/media?parent=41352"}],"wp:term":[{"taxonomy":"category","embeddable":true,"href":"https:\/\/sceaux-lagazette.fr\/index.php\/wp-json\/wp\/v2\/categories?post=41352"},{"taxonomy":"post_tag","embeddable":true,"href":"https:\/\/sceaux-lagazette.fr\/index.php\/wp-json\/wp\/v2\/tags?post=41352"}],"curies":[{"name":"wp","href":"https:\/\/api.w.org\/{rel}","templated":true}]}}