{"id":41324,"date":"2024-06-18T08:44:26","date_gmt":"2024-06-18T06:44:26","guid":{"rendered":"https:\/\/sceaux-lagazette.fr\/?p=41324"},"modified":"2024-06-20T20:19:16","modified_gmt":"2024-06-20T18:19:16","slug":"noctureine-2024-participation-record","status":"publish","type":"post","link":"https:\/\/sceaux-lagazette.fr\/index.php\/2024\/06\/18\/noctureine-2024-participation-record\/","title":{"rendered":"Noctureine\u00a02024 : participation record"},"content":{"rendered":"\n<p>Pour la 46<sup>\u00e8me<\/sup> \u00e9dition des traditionnelles courses sur rue de Bourg-la-Reine, 880 personnes s\u2019\u00e9taient inscrites pour courir 1,5 km, 5 km ou 10 km. La course des familles s\u2019est d\u00e9roul\u00e9e dans une ambiance bon enfant. Les deux autres courses aussi\u2026mais sous la pluie&nbsp;!<\/p>\n\n\n\n<h2 class=\"wp-block-heading\">Ambiance festive<\/h2>\n\n\n\n<p>Le d\u00e9part et l\u2019arriv\u00e9e avaient lieu au stade municipal Charpentier. Un choix bien pratique pour tous les coureurs qui ont pu utiliser les vestiaires. Et pour tous, coureurs ou public, qui avaient des toilettes \u00e0 disposition.<\/p>\n\n\n\n<p>Des animations \u00e9taient pr\u00e9vues d\u00e8s 18h, soit deux heures avant la premi\u00e8re course. Parmi elles, des stands maquillage pour les enfants. Le r\u00e9sultat se voyait sur la figure des plus jeunes participants de la course des familles. 1,5km \u00e0 parcourir, pas un probl\u00e8me quand on a 12 ou 14 ans, un peu plus quand on en a 8 ou 10. Mais la valeur n\u2019attend pas le nombre des ann\u00e9es&nbsp;: parmi les concurrents des enfants n\u2019ont manifestement pas 6 ans, g\u00e9n\u00e9ralement accompagn\u00e9s par un parent. Le plus jeune \u00ab&nbsp;court&nbsp;\u00bb dans sa poussette, pouss\u00e9e par son p\u00e8re&nbsp;!<\/p>\n\n\n\n<p>L\u2019inscription est payante (quelques euros) pour le 5km et le 10km. Au-del\u00e0 du plaisir de participer, cela donne droit \u00e0 une m\u00e9daille et une boisson \u00e0 l\u2019arriv\u00e9e. Henry-Pierre Melone, adjoint aux sports de Bourg-la-Reine, justifie ce choix\u00a0: son principal avantage est que les inscrits se pr\u00e9sentent effectivement sur place le jour J.<\/p>\n\n\n\n<h2 class=\"wp-block-heading\">La pluie arrive&nbsp;!<\/h2>\n\n\n\n<p>La course des familles termin\u00e9e, les participants du 5km se pr\u00e9parent. Quelques minutes avant le d\u00e9part, la pluie se met \u00e0 tomber. Le public essaie tant bien que mal de se r\u00e9fugier sous les quelques tentes install\u00e9es \u00e0 proximit\u00e9. Plus tard, la tribune toute proche (et abrit\u00e9e) va se remplir progressivement&nbsp;: apr\u00e8s tout, elle permet d\u2019assister tranquillement aux d\u00e9parts et arriv\u00e9es.<\/p>\n\n\n\n<p>C\u2019est donc sous la pluie que se d\u00e9roule la course du 5km. Il en est de m\u00eame pour le 10km. Du moins pour une partie des coureurs. Les derniers arriv\u00e9s auront pu b\u00e9n\u00e9ficier de l\u2019arr\u00eat de la pluie avant leur arriv\u00e9e. Apr\u00e8s avoir couru \u00be d\u2019heures sous la pluie. L\u2019avantage est mince&nbsp;!<\/p>\n\n\n\n<p>Le premier du 5 km arrive quelques secondes avant les 17\u2019. La premi\u00e8re femme le suit trois minutes plus tard. Le premier v\u00e9t\u00e9ran a couru en 22\u201920\u2019\u2019 environ. Les arriv\u00e9es se succ\u00e8dent. Une proportion notable de femmes. Au bout de 30\u2019, des coureurs arrivent encore et au bout de 35\u2019 aussi. Cela donne une id\u00e9e de la performance des premiers. Mais, comme le disait Pierre de Coubertin, l\u2019essentiel n\u2019est-il pas de participer&nbsp;?<\/p>\n\n\n\n<p>Le d\u00e9part du 10 km est donn\u00e9 environ 6 min apr\u00e8s celui du 5km. Un \u00e9cart suffisant pour s\u00e9parer ensuite les parcours.<\/p>\n\n\n\n<h2 class=\"wp-block-heading\">Les commentaires d\u2019un connaisseur<\/h2>\n\n\n\n<p>Le r\u00e9dacteur de la Gazette, r\u00e9fugi\u00e9 dans la tribune, b\u00e9n\u00e9ficie des commentaires d\u2019un aimable voisin. Celui-ci se r\u00e9v\u00e8le un bon connaisseur, pour avoir pratiqu\u00e9 la course \u00e0 pied une bonne vingtaine d\u2019ann\u00e9es. Il fait remarquer dans le groupe du d\u00e9part trois hommes portant des drapeaux avec une indication de temps (respectivement 45\u2019, 50\u2019 et une heure). Ils vont courir dans les temps indiqu\u00e9s, mais \u00e0 un rythme r\u00e9gulier. Un bon rep\u00e8re pour les non-sp\u00e9cialistes, qui pourront r\u00e9gler leur vitesse sur le porteur qu\u2019ils choisissent en fonction de leur capacit\u00e9. \u00ab&nbsp;<em>Pour faire de la course \u00e0 pied, il faut un chrono&nbsp;!<\/em>&nbsp;\u00bb explique-t-il. On pourra noter d\u2019ailleurs que de nombreux participants jettent un coup d\u2019\u0153il \u00e0 leur montre en arrivant.<\/p>\n\n\n\n<p>Il pr\u00e9voit une arriv\u00e9e du premier du 10km en 32\u2019\/33\u2019. Le record de France de la discipline vient d\u2019\u00eatre \u00e9tabli \u00e0 27\u20197\u2019\u2019. Mais il s\u2019agit d\u2019un record sur piste&nbsp;: ici la course a lieu sur route, et le parcours n\u2019est pas plat. Le premier Fran\u00e7ais \u00e0 descendre sous les 30\u2019 (sur piste) fut Alain Mimoun en 1949.<\/p>\n\n\n\n<p>Surprise&nbsp;: le premier arrive en 31\u2019 et quelques secondes. Un temps de niveau national d\u00e9clare notre sp\u00e9cialiste. Il a raison&nbsp;: adh\u00e9rent du CA Montreuil, Simon Michael a \u00e9t\u00e9 champion de France National du 3000m steeple en 2015 et vice-champion de France National du 5000m en 2016. S\u2019il avait couru tout du long \u00e0 la m\u00eame vitesse que le premier du 5km, il serait arriv\u00e9 trois minutes plus tard\u2026<\/p>\n\n\n\n<p>Le deuxi\u00e8me n\u2019est pas un d\u00e9butant non plus&nbsp;: il arrive \u00e0 son tour, un peu plus d\u2019une minute plus tard. Le troisi\u00e8me arrive en 33\u2019 et le quatri\u00e8me \u00e0 34\u2019. Puis les arriv\u00e9es se font plus nombreuses. La premi\u00e8re femme arrive en 39\u201927\u2019\u2019, suivie d\u2019une autre \u00e0 10\u2019\u2019.<\/p>\n\n\n\n<p>Plus tard, on annonce que le porteur du drapeau 50\u2019 est effectivement arriv\u00e9 en 50\u2019. La pluie cesse peu \u00e0 peu&nbsp;: c\u2019est le moment de rentrer&nbsp;! Alors que de nombreux participants continent \u00e0 arriver. \u00ab&nbsp;<em>Nous organisons cet \u00e9v\u00e9nement tous les ans, parce qu\u2019il y a une demande locale&nbsp;\u00bb <\/em>dit Pierre-Henri Melone. Au vu de la participation, on le comprend. Comme on comprend qu\u2019il rappelle un autre \u00e9v\u00e9nement dans ce m\u00eame stade&nbsp;: des olympiades ouvertes \u00e0 tous, de 10h \u00e0 18h.Ce sera samedi 22 et dimanche 23. Autrement dit, le prochain weekend.<\/p>\n","protected":false},"excerpt":{"rendered":"<p>Pour la 46\u00e8me \u00e9dition des traditionnelles courses sur rue de Bourg-la-Reine, 880 personnes s\u2019\u00e9taient inscrites pour courir 1,5 km, 5 km ou 10 km. La course des familles s\u2019est d\u00e9roul\u00e9e dans une ambiance bon enfant. Les deux autres courses aussi\u2026mais sous la pluie&nbsp;! Ambiance festive Le d\u00e9part et l\u2019arriv\u00e9e avaient&#8230;<\/p>\n","protected":false},"author":11,"featured_media":41326,"comment_status":"open","ping_status":"open","sticky":false,"template":"","format":"standard","meta":{"om_disable_all_campaigns":false,"_monsterinsights_skip_tracking":false,"_monsterinsights_sitenote_active":false,"_monsterinsights_sitenote_note":"","_monsterinsights_sitenote_category":0,"_uf_show_specific_survey":0,"_uf_disable_surveys":false,"footnotes":""},"categories":[265,253],"tags":[],"class_list":["post-41324","post","type-post","status-publish","format-standard","has-post-thumbnail","hentry","category-bourg-la-reine","category-manifestations-locales","entry","simple"],"yoast_head":"<!-- This site is optimized with the Yoast SEO plugin v25.6 - https:\/\/yoast.com\/wordpress\/plugins\/seo\/ -->\n<title>Noctureine\u00a02024 : participation record - La Gazette<\/title>\n<meta name=\"robots\" content=\"index, follow, max-snippet:-1, max-image-preview:large, max-video-preview:-1\" \/>\n<link rel=\"canonical\" href=\"https:\/\/sceaux-lagazette.fr\/index.php\/2024\/06\/18\/noctureine-2024-participation-record\/\" \/>\n<meta property=\"og:locale\" content=\"fr_FR\" \/>\n<meta property=\"og:type\" content=\"article\" \/>\n<meta property=\"og:title\" content=\"Noctureine\u00a02024 : participation record - La Gazette\" \/>\n<meta property=\"og:description\" content=\"Pour la 46\u00e8me \u00e9dition des traditionnelles courses sur rue de Bourg-la-Reine, 880 personnes s\u2019\u00e9taient inscrites pour courir 1,5 km, 5 km ou 10 km. La course des familles s\u2019est d\u00e9roul\u00e9e dans une ambiance bon enfant. Les deux autres courses aussi\u2026mais sous la pluie&nbsp;! Ambiance festive Le d\u00e9part et l\u2019arriv\u00e9e avaient&#8230;\" \/>\n<meta property=\"og:url\" content=\"https:\/\/sceaux-lagazette.fr\/index.php\/2024\/06\/18\/noctureine-2024-participation-record\/\" \/>\n<meta property=\"og:site_name\" content=\"La Gazette\" \/>\n<meta property=\"article:published_time\" content=\"2024-06-18T06:44:26+00:00\" \/>\n<meta property=\"article:modified_time\" content=\"2024-06-20T18:19:16+00:00\" \/>\n<meta property=\"og:image\" content=\"https:\/\/sceaux-lagazette.fr\/wp-content\/uploads\/2024\/06\/Noctureine-1.jpg\" \/>\n\t<meta property=\"og:image:width\" content=\"1920\" \/>\n\t<meta property=\"og:image:height\" content=\"1440\" \/>\n\t<meta property=\"og:image:type\" content=\"image\/jpeg\" \/>\n<meta name=\"author\" content=\"G\u00e9rard Bardier\" \/>\n<meta name=\"twitter:card\" content=\"summary_large_image\" \/>\n<meta name=\"twitter:label1\" content=\"\u00c9crit par\" \/>\n\t<meta name=\"twitter:data1\" content=\"G\u00e9rard Bardier\" \/>\n\t<meta name=\"twitter:label2\" content=\"Dur\u00e9e de lecture estim\u00e9e\" \/>\n\t<meta name=\"twitter:data2\" content=\"5 minutes\" \/>\n<script type=\"application\/ld+json\" class=\"yoast-schema-graph\">{\"@context\":\"https:\/\/schema.org\",\"@graph\":[{\"@type\":\"Article\",\"@id\":\"https:\/\/sceaux-lagazette.fr\/index.php\/2024\/06\/18\/noctureine-2024-participation-record\/#article\",\"isPartOf\":{\"@id\":\"https:\/\/sceaux-lagazette.fr\/index.php\/2024\/06\/18\/noctureine-2024-participation-record\/\"},\"author\":{\"name\":\"G\u00e9rard Bardier\",\"@id\":\"https:\/\/sceaux-lagazette.fr\/#\/schema\/person\/5650e206a121f68c6f5e76379bccfbc4\"},\"headline\":\"Noctureine\u00a02024 : participation record\",\"datePublished\":\"2024-06-18T06:44:26+00:00\",\"dateModified\":\"2024-06-20T18:19:16+00:00\",\"mainEntityOfPage\":{\"@id\":\"https:\/\/sceaux-lagazette.fr\/index.php\/2024\/06\/18\/noctureine-2024-participation-record\/\"},\"wordCount\":900,\"commentCount\":0,\"publisher\":{\"@id\":\"https:\/\/sceaux-lagazette.fr\/#organization\"},\"image\":{\"@id\":\"https:\/\/sceaux-lagazette.fr\/index.php\/2024\/06\/18\/noctureine-2024-participation-record\/#primaryimage\"},\"thumbnailUrl\":\"https:\/\/sceaux-lagazette.fr\/wp-content\/uploads\/2024\/06\/Noctureine-1.jpg\",\"articleSection\":[\"Bourg-la-Reine\",\"Manifestations locales\"],\"inLanguage\":\"fr-FR\",\"potentialAction\":[{\"@type\":\"CommentAction\",\"name\":\"Comment\",\"target\":[\"https:\/\/sceaux-lagazette.fr\/index.php\/2024\/06\/18\/noctureine-2024-participation-record\/#respond\"]}]},{\"@type\":\"WebPage\",\"@id\":\"https:\/\/sceaux-lagazette.fr\/index.php\/2024\/06\/18\/noctureine-2024-participation-record\/\",\"url\":\"https:\/\/sceaux-lagazette.fr\/index.php\/2024\/06\/18\/noctureine-2024-participation-record\/\",\"name\":\"Noctureine\u00a02024 : participation record - La Gazette\",\"isPartOf\":{\"@id\":\"https:\/\/sceaux-lagazette.fr\/#website\"},\"primaryImageOfPage\":{\"@id\":\"https:\/\/sceaux-lagazette.fr\/index.php\/2024\/06\/18\/noctureine-2024-participation-record\/#primaryimage\"},\"image\":{\"@id\":\"https:\/\/sceaux-lagazette.fr\/index.php\/2024\/06\/18\/noctureine-2024-participation-record\/#primaryimage\"},\"thumbnailUrl\":\"https:\/\/sceaux-lagazette.fr\/wp-content\/uploads\/2024\/06\/Noctureine-1.jpg\",\"datePublished\":\"2024-06-18T06:44:26+00:00\",\"dateModified\":\"2024-06-20T18:19:16+00:00\",\"breadcrumb\":{\"@id\":\"https:\/\/sceaux-lagazette.fr\/index.php\/2024\/06\/18\/noctureine-2024-participation-record\/#breadcrumb\"},\"inLanguage\":\"fr-FR\",\"potentialAction\":[{\"@type\":\"ReadAction\",\"target\":[\"https:\/\/sceaux-lagazette.fr\/index.php\/2024\/06\/18\/noctureine-2024-participation-record\/\"]}]},{\"@type\":\"ImageObject\",\"inLanguage\":\"fr-FR\",\"@id\":\"https:\/\/sceaux-lagazette.fr\/index.php\/2024\/06\/18\/noctureine-2024-participation-record\/#primaryimage\",\"url\":\"https:\/\/sceaux-lagazette.fr\/wp-content\/uploads\/2024\/06\/Noctureine-1.jpg\",\"contentUrl\":\"https:\/\/sceaux-lagazette.fr\/wp-content\/uploads\/2024\/06\/Noctureine-1.jpg\",\"width\":1920,\"height\":1440},{\"@type\":\"BreadcrumbList\",\"@id\":\"https:\/\/sceaux-lagazette.fr\/index.php\/2024\/06\/18\/noctureine-2024-participation-record\/#breadcrumb\",\"itemListElement\":[{\"@type\":\"ListItem\",\"position\":1,\"name\":\"Accueil\",\"item\":\"https:\/\/sceaux-lagazette.fr\/\"},{\"@type\":\"ListItem\",\"position\":2,\"name\":\"Noctureine\u00a02024 : participation record\"}]},{\"@type\":\"WebSite\",\"@id\":\"https:\/\/sceaux-lagazette.fr\/#website\",\"url\":\"https:\/\/sceaux-lagazette.fr\/\",\"name\":\"La Gazette\",\"description\":\"Bourg-la-Reine, Ch\u00e2tenay, Fontenay, Sceaux\",\"publisher\":{\"@id\":\"https:\/\/sceaux-lagazette.fr\/#organization\"},\"potentialAction\":[{\"@type\":\"SearchAction\",\"target\":{\"@type\":\"EntryPoint\",\"urlTemplate\":\"https:\/\/sceaux-lagazette.fr\/?s={search_term_string}\"},\"query-input\":{\"@type\":\"PropertyValueSpecification\",\"valueRequired\":true,\"valueName\":\"search_term_string\"}}],\"inLanguage\":\"fr-FR\"},{\"@type\":\"Organization\",\"@id\":\"https:\/\/sceaux-lagazette.fr\/#organization\",\"name\":\"La Gazette\",\"url\":\"https:\/\/sceaux-lagazette.fr\/\",\"logo\":{\"@type\":\"ImageObject\",\"inLanguage\":\"fr-FR\",\"@id\":\"https:\/\/sceaux-lagazette.fr\/#\/schema\/logo\/image\/\",\"url\":\"https:\/\/sceaux-lagazette.fr\/wp-content\/uploads\/2025\/08\/Logo-Gazette-Aout-2025-V3.jpg\",\"contentUrl\":\"https:\/\/sceaux-lagazette.fr\/wp-content\/uploads\/2025\/08\/Logo-Gazette-Aout-2025-V3.jpg\",\"width\":525,\"height\":130,\"caption\":\"La Gazette\"},\"image\":{\"@id\":\"https:\/\/sceaux-lagazette.fr\/#\/schema\/logo\/image\/\"}},{\"@type\":\"Person\",\"@id\":\"https:\/\/sceaux-lagazette.fr\/#\/schema\/person\/5650e206a121f68c6f5e76379bccfbc4\",\"name\":\"G\u00e9rard Bardier\",\"image\":{\"@type\":\"ImageObject\",\"inLanguage\":\"fr-FR\",\"@id\":\"https:\/\/sceaux-lagazette.fr\/#\/schema\/person\/image\/\",\"url\":\"https:\/\/secure.gravatar.com\/avatar\/5cf4391ef9dbc0367750202561279a29?s=96&r=g\",\"contentUrl\":\"https:\/\/secure.gravatar.com\/avatar\/5cf4391ef9dbc0367750202561279a29?s=96&r=g\",\"caption\":\"G\u00e9rard Bardier\"},\"url\":\"https:\/\/sceaux-lagazette.fr\/index.php\/author\/gb\/\"}]}<\/script>\n<!-- \/ Yoast SEO plugin. -->","yoast_head_json":{"title":"Noctureine\u00a02024 : participation record - La Gazette","robots":{"index":"index","follow":"follow","max-snippet":"max-snippet:-1","max-image-preview":"max-image-preview:large","max-video-preview":"max-video-preview:-1"},"canonical":"https:\/\/sceaux-lagazette.fr\/index.php\/2024\/06\/18\/noctureine-2024-participation-record\/","og_locale":"fr_FR","og_type":"article","og_title":"Noctureine\u00a02024 : participation record - La Gazette","og_description":"Pour la 46\u00e8me \u00e9dition des traditionnelles courses sur rue de Bourg-la-Reine, 880 personnes s\u2019\u00e9taient inscrites pour courir 1,5 km, 5 km ou 10 km. La course des familles s\u2019est d\u00e9roul\u00e9e dans une ambiance bon enfant. Les deux autres courses aussi\u2026mais sous la pluie&nbsp;! Ambiance festive Le d\u00e9part et l\u2019arriv\u00e9e avaient&#8230;","og_url":"https:\/\/sceaux-lagazette.fr\/index.php\/2024\/06\/18\/noctureine-2024-participation-record\/","og_site_name":"La Gazette","article_published_time":"2024-06-18T06:44:26+00:00","article_modified_time":"2024-06-20T18:19:16+00:00","og_image":[{"width":1920,"height":1440,"url":"https:\/\/sceaux-lagazette.fr\/wp-content\/uploads\/2024\/06\/Noctureine-1.jpg","type":"image\/jpeg"}],"author":"G\u00e9rard Bardier","twitter_card":"summary_large_image","twitter_misc":{"\u00c9crit par":"G\u00e9rard Bardier","Dur\u00e9e de lecture estim\u00e9e":"5 minutes"},"schema":{"@context":"https:\/\/schema.org","@graph":[{"@type":"Article","@id":"https:\/\/sceaux-lagazette.fr\/index.php\/2024\/06\/18\/noctureine-2024-participation-record\/#article","isPartOf":{"@id":"https:\/\/sceaux-lagazette.fr\/index.php\/2024\/06\/18\/noctureine-2024-participation-record\/"},"author":{"name":"G\u00e9rard Bardier","@id":"https:\/\/sceaux-lagazette.fr\/#\/schema\/person\/5650e206a121f68c6f5e76379bccfbc4"},"headline":"Noctureine\u00a02024 : participation record","datePublished":"2024-06-18T06:44:26+00:00","dateModified":"2024-06-20T18:19:16+00:00","mainEntityOfPage":{"@id":"https:\/\/sceaux-lagazette.fr\/index.php\/2024\/06\/18\/noctureine-2024-participation-record\/"},"wordCount":900,"commentCount":0,"publisher":{"@id":"https:\/\/sceaux-lagazette.fr\/#organization"},"image":{"@id":"https:\/\/sceaux-lagazette.fr\/index.php\/2024\/06\/18\/noctureine-2024-participation-record\/#primaryimage"},"thumbnailUrl":"https:\/\/sceaux-lagazette.fr\/wp-content\/uploads\/2024\/06\/Noctureine-1.jpg","articleSection":["Bourg-la-Reine","Manifestations locales"],"inLanguage":"fr-FR","potentialAction":[{"@type":"CommentAction","name":"Comment","target":["https:\/\/sceaux-lagazette.fr\/index.php\/2024\/06\/18\/noctureine-2024-participation-record\/#respond"]}]},{"@type":"WebPage","@id":"https:\/\/sceaux-lagazette.fr\/index.php\/2024\/06\/18\/noctureine-2024-participation-record\/","url":"https:\/\/sceaux-lagazette.fr\/index.php\/2024\/06\/18\/noctureine-2024-participation-record\/","name":"Noctureine\u00a02024 : participation record - La Gazette","isPartOf":{"@id":"https:\/\/sceaux-lagazette.fr\/#website"},"primaryImageOfPage":{"@id":"https:\/\/sceaux-lagazette.fr\/index.php\/2024\/06\/18\/noctureine-2024-participation-record\/#primaryimage"},"image":{"@id":"https:\/\/sceaux-lagazette.fr\/index.php\/2024\/06\/18\/noctureine-2024-participation-record\/#primaryimage"},"thumbnailUrl":"https:\/\/sceaux-lagazette.fr\/wp-content\/uploads\/2024\/06\/Noctureine-1.jpg","datePublished":"2024-06-18T06:44:26+00:00","dateModified":"2024-06-20T18:19:16+00:00","breadcrumb":{"@id":"https:\/\/sceaux-lagazette.fr\/index.php\/2024\/06\/18\/noctureine-2024-participation-record\/#breadcrumb"},"inLanguage":"fr-FR","potentialAction":[{"@type":"ReadAction","target":["https:\/\/sceaux-lagazette.fr\/index.php\/2024\/06\/18\/noctureine-2024-participation-record\/"]}]},{"@type":"ImageObject","inLanguage":"fr-FR","@id":"https:\/\/sceaux-lagazette.fr\/index.php\/2024\/06\/18\/noctureine-2024-participation-record\/#primaryimage","url":"https:\/\/sceaux-lagazette.fr\/wp-content\/uploads\/2024\/06\/Noctureine-1.jpg","contentUrl":"https:\/\/sceaux-lagazette.fr\/wp-content\/uploads\/2024\/06\/Noctureine-1.jpg","width":1920,"height":1440},{"@type":"BreadcrumbList","@id":"https:\/\/sceaux-lagazette.fr\/index.php\/2024\/06\/18\/noctureine-2024-participation-record\/#breadcrumb","itemListElement":[{"@type":"ListItem","position":1,"name":"Accueil","item":"https:\/\/sceaux-lagazette.fr\/"},{"@type":"ListItem","position":2,"name":"Noctureine\u00a02024 : participation record"}]},{"@type":"WebSite","@id":"https:\/\/sceaux-lagazette.fr\/#website","url":"https:\/\/sceaux-lagazette.fr\/","name":"La Gazette","description":"Bourg-la-Reine, Ch\u00e2tenay, Fontenay, Sceaux","publisher":{"@id":"https:\/\/sceaux-lagazette.fr\/#organization"},"potentialAction":[{"@type":"SearchAction","target":{"@type":"EntryPoint","urlTemplate":"https:\/\/sceaux-lagazette.fr\/?s={search_term_string}"},"query-input":{"@type":"PropertyValueSpecification","valueRequired":true,"valueName":"search_term_string"}}],"inLanguage":"fr-FR"},{"@type":"Organization","@id":"https:\/\/sceaux-lagazette.fr\/#organization","name":"La Gazette","url":"https:\/\/sceaux-lagazette.fr\/","logo":{"@type":"ImageObject","inLanguage":"fr-FR","@id":"https:\/\/sceaux-lagazette.fr\/#\/schema\/logo\/image\/","url":"https:\/\/sceaux-lagazette.fr\/wp-content\/uploads\/2025\/08\/Logo-Gazette-Aout-2025-V3.jpg","contentUrl":"https:\/\/sceaux-lagazette.fr\/wp-content\/uploads\/2025\/08\/Logo-Gazette-Aout-2025-V3.jpg","width":525,"height":130,"caption":"La Gazette"},"image":{"@id":"https:\/\/sceaux-lagazette.fr\/#\/schema\/logo\/image\/"}},{"@type":"Person","@id":"https:\/\/sceaux-lagazette.fr\/#\/schema\/person\/5650e206a121f68c6f5e76379bccfbc4","name":"G\u00e9rard Bardier","image":{"@type":"ImageObject","inLanguage":"fr-FR","@id":"https:\/\/sceaux-lagazette.fr\/#\/schema\/person\/image\/","url":"https:\/\/secure.gravatar.com\/avatar\/5cf4391ef9dbc0367750202561279a29?s=96&r=g","contentUrl":"https:\/\/secure.gravatar.com\/avatar\/5cf4391ef9dbc0367750202561279a29?s=96&r=g","caption":"G\u00e9rard Bardier"},"url":"https:\/\/sceaux-lagazette.fr\/index.php\/author\/gb\/"}]}},"cc_featured_image_caption":{"caption_text":"Avant le d\u00e9part de la course des familles. Photo GB","source_text":"","source_url":""},"_links":{"self":[{"href":"https:\/\/sceaux-lagazette.fr\/index.php\/wp-json\/wp\/v2\/posts\/41324"}],"collection":[{"href":"https:\/\/sceaux-lagazette.fr\/index.php\/wp-json\/wp\/v2\/posts"}],"about":[{"href":"https:\/\/sceaux-lagazette.fr\/index.php\/wp-json\/wp\/v2\/types\/post"}],"author":[{"embeddable":true,"href":"https:\/\/sceaux-lagazette.fr\/index.php\/wp-json\/wp\/v2\/users\/11"}],"replies":[{"embeddable":true,"href":"https:\/\/sceaux-lagazette.fr\/index.php\/wp-json\/wp\/v2\/comments?post=41324"}],"version-history":[{"count":2,"href":"https:\/\/sceaux-lagazette.fr\/index.php\/wp-json\/wp\/v2\/posts\/41324\/revisions"}],"predecessor-version":[{"id":41341,"href":"https:\/\/sceaux-lagazette.fr\/index.php\/wp-json\/wp\/v2\/posts\/41324\/revisions\/41341"}],"wp:featuredmedia":[{"embeddable":true,"href":"https:\/\/sceaux-lagazette.fr\/index.php\/wp-json\/wp\/v2\/media\/41326"}],"wp:attachment":[{"href":"https:\/\/sceaux-lagazette.fr\/index.php\/wp-json\/wp\/v2\/media?parent=41324"}],"wp:term":[{"taxonomy":"category","embeddable":true,"href":"https:\/\/sceaux-lagazette.fr\/index.php\/wp-json\/wp\/v2\/categories?post=41324"},{"taxonomy":"post_tag","embeddable":true,"href":"https:\/\/sceaux-lagazette.fr\/index.php\/wp-json\/wp\/v2\/tags?post=41324"}],"curies":[{"name":"wp","href":"https:\/\/api.w.org\/{rel}","templated":true}]}}