{"id":411,"date":"2020-05-10T10:54:38","date_gmt":"2020-05-10T08:54:38","guid":{"rendered":"http:\/\/sceaux-lagazette.fr\/?p=411"},"modified":"2020-05-27T22:56:18","modified_gmt":"2020-05-27T20:56:18","slug":"quelques-donnees-sur-le-confinement","status":"publish","type":"post","link":"https:\/\/sceaux-lagazette.fr\/index.php\/2020\/05\/10\/quelques-donnees-sur-le-confinement\/","title":{"rendered":"Quelques donn\u00e9es sur le confinement"},"content":{"rendered":"\n<p>R\u00e9guli\u00e8rement, les r\u00e9seaux sociaux s\u2019enflamment contre telle ou telle manifestation d\u2019un non-respect des gestes barri\u00e8res ou du confinement. Certains observent que ceux qui portent un masque (de plus en plus nombreux semble-t-il) le font n\u2019importe comment.<\/p>\n\n\n\n<p>Les nombreuses donn\u00e9es disponibles sur l\u2019\u00e9pid\u00e9mie doivent nous permettre de mieux mesurer la mani\u00e8re dont les Fran\u00e7ais se comportent dans leur ensemble, au-del\u00e0 de l\u2019impression que peuvent donner quelques anecdotes mises en \u00e9pingles.<\/p>\n\n\n\n<p>Certaines donn\u00e9es (le nombre de cas par exemple) sont plus r\u00e9v\u00e9latrices d\u2019une politique que de l\u2019\u00e9pid\u00e9mie elle-m\u00eame. Le nombre d\u2019entr\u00e9es quotidiennes en r\u00e9animation semble un indicateur plus fiable. Sur l\u2019ensemble de la France, on a la courbe suivante depuis le 19 mars :<\/p>\n\n\n\n<div class=\"wp-block-image\"><figure class=\"aligncenter size-medium\"><img decoding=\"async\" width=\"300\" height=\"182\" src=\"http:\/\/sceaux-lagazette.fr\/wp-content\/uploads\/2020\/05\/Graphique-GB1-300x182.jpg\" alt=\"\" class=\"wp-image-412\" srcset=\"https:\/\/sceaux-lagazette.fr\/wp-content\/uploads\/2020\/05\/Graphique-GB1-300x182.jpg 300w, https:\/\/sceaux-lagazette.fr\/wp-content\/uploads\/2020\/05\/Graphique-GB1.jpg 585w\" sizes=\"(max-width: 300px) 100vw, 300px\" \/><\/figure><\/div>\n\n\n\n<p>On voit que la courbe a continu\u00e9 \u00e0 augmenter apr\u00e8s le d\u00e9but du confinement puis a commenc\u00e9 \u00e0 redescendre \u00e0 partir du 2 avril environ, mais c\u2019est difficile \u00e0 interpr\u00e9ter : le confinement fonctionne, mais est-il plus ou moins respect\u00e9 aujourd\u2019hui qu\u2019il y a un mois ?<\/p>\n\n\n\n<p>Pour aller plus loin, examinons le ratio entre le nombre d\u2019entr\u00e9e en r\u00e9a un jour donn\u00e9 et le m\u00eame nombre 7 jours plus t\u00f4t (dur\u00e9e qui correspond au temps d\u2019incubation d\u2019une part et \u00e9vite que la courbe soit perturb\u00e9e par la sous-estimation du dimanche) :<\/p>\n\n\n\n<div class=\"wp-block-image\"><figure class=\"aligncenter size-medium\"><img decoding=\"async\" width=\"300\" height=\"178\" src=\"http:\/\/sceaux-lagazette.fr\/wp-content\/uploads\/2020\/05\/Graphique-GB2-300x178.jpg\" alt=\"\" class=\"wp-image-413\" srcset=\"https:\/\/sceaux-lagazette.fr\/wp-content\/uploads\/2020\/05\/Graphique-GB2-300x178.jpg 300w, https:\/\/sceaux-lagazette.fr\/wp-content\/uploads\/2020\/05\/Graphique-GB2.jpg 696w\" sizes=\"(max-width: 300px) 100vw, 300px\" \/><\/figure><\/div>\n\n\n\n<p>Sur ce graphique on observe que notre ratio (qu\u2019on notera R) est sup\u00e9rieur \u00e0 1 jusqu\u2019au 2 avril (et donc la pand\u00e9mie s\u2019\u00e9tend) puis qu\u2019il devient nettement inf\u00e9rieur \u00e0 1 (donc la pand\u00e9mie s\u2019\u00e9teint progressivement\u2026<\/p>\n\n\n\n<p>Mais tout cela reste encore peu lisible : il faut lisser la courbe ; C\u2019est ce qui est fait ici en prenant une moyenne sur 7 jours (et en la comparant avec la moyenne 7 jours avant) :<\/p>\n\n\n\n<div class=\"wp-block-image\"><figure class=\"aligncenter size-medium\"><img decoding=\"async\" width=\"300\" height=\"180\" src=\"http:\/\/sceaux-lagazette.fr\/wp-content\/uploads\/2020\/05\/Graphique-GB3-300x180.jpg\" alt=\"\" class=\"wp-image-414\" srcset=\"https:\/\/sceaux-lagazette.fr\/wp-content\/uploads\/2020\/05\/Graphique-GB3-300x180.jpg 300w, https:\/\/sceaux-lagazette.fr\/wp-content\/uploads\/2020\/05\/Graphique-GB3.jpg 687w\" sizes=\"(max-width: 300px) 100vw, 300px\" \/><\/figure><\/div>\n\n\n\n<p>Le lissage a aussi permis d\u2019\u00e9liminer les valeurs importantes de d\u00e9but d\u2019observation qui donnaient une \u00e9chelle peu lisible.<\/p>\n\n\n\n<p>On constate qu\u2019\u00e0 la mi-avril le ratio R est descendu en dessous de 0,6 et qu\u2019il est l\u00e9g\u00e8rement remont\u00e9 ensuite (il est \u00e0 0,67 le 7 mai). On peut l\u2019interpr\u00e9ter comme le fait qu\u2019apr\u00e8s un confinement strict, il y a eu un certain rel\u00e2chement, faible cependant. On pourra aussi mesurer ainsi ce qui se passe avec le d\u00e9confinement (mais on ne commencera \u00e0 le voir que vers le 25 mai), tout l\u2019enjeu \u00e9tant que R ne repasse pas au-dessus de 1<\/p>\n","protected":false},"excerpt":{"rendered":"<p>R\u00e9guli\u00e8rement, les r\u00e9seaux sociaux s\u2019enflamment contre telle ou telle manifestation d\u2019un non-respect des gestes barri\u00e8res ou du confinement. Certains observent que ceux qui portent un masque (de plus en plus nombreux semble-t-il) le font n\u2019importe comment. Les nombreuses donn\u00e9es disponibles sur l\u2019\u00e9pid\u00e9mie doivent nous permettre de mieux mesurer la mani\u00e8re&#8230;<\/p>\n","protected":false},"author":11,"featured_media":430,"comment_status":"open","ping_status":"open","sticky":false,"template":"","format":"standard","meta":{"om_disable_all_campaigns":false,"_monsterinsights_skip_tracking":false,"_monsterinsights_sitenote_active":false,"_monsterinsights_sitenote_note":"","_monsterinsights_sitenote_category":0,"_uf_show_specific_survey":0,"_uf_disable_surveys":false,"footnotes":""},"categories":[53],"tags":[177,64],"class_list":["post-411","post","type-post","status-publish","format-standard","has-post-thumbnail","hentry","category-analyses","tag-analyse-des-donnees","tag-confinement","entry","simple"],"yoast_head":"<!-- This site is optimized with the Yoast SEO plugin v25.6 - https:\/\/yoast.com\/wordpress\/plugins\/seo\/ -->\n<title>Quelques donn\u00e9es sur le confinement - La Gazette<\/title>\n<meta name=\"robots\" content=\"index, follow, max-snippet:-1, max-image-preview:large, max-video-preview:-1\" \/>\n<link rel=\"canonical\" href=\"https:\/\/sceaux-lagazette.fr\/index.php\/2020\/05\/10\/quelques-donnees-sur-le-confinement\/\" \/>\n<meta property=\"og:locale\" content=\"fr_FR\" \/>\n<meta property=\"og:type\" content=\"article\" \/>\n<meta property=\"og:title\" content=\"Quelques donn\u00e9es sur le confinement - La Gazette\" \/>\n<meta property=\"og:description\" content=\"R\u00e9guli\u00e8rement, les r\u00e9seaux sociaux s\u2019enflamment contre telle ou telle manifestation d\u2019un non-respect des gestes barri\u00e8res ou du confinement. Certains observent que ceux qui portent un masque (de plus en plus nombreux semble-t-il) le font n\u2019importe comment. Les nombreuses donn\u00e9es disponibles sur l\u2019\u00e9pid\u00e9mie doivent nous permettre de mieux mesurer la mani\u00e8re&#8230;\" \/>\n<meta property=\"og:url\" content=\"https:\/\/sceaux-lagazette.fr\/index.php\/2020\/05\/10\/quelques-donnees-sur-le-confinement\/\" \/>\n<meta property=\"og:site_name\" content=\"La Gazette\" \/>\n<meta property=\"article:published_time\" content=\"2020-05-10T08:54:38+00:00\" \/>\n<meta property=\"article:modified_time\" content=\"2020-05-27T20:56:18+00:00\" \/>\n<meta property=\"og:image\" content=\"https:\/\/sceaux-lagazette.fr\/wp-content\/uploads\/2020\/05\/isaac-smith-AT77Q0Njnt0-unsplash-scaled.jpg\" \/>\n\t<meta property=\"og:image:width\" content=\"2560\" \/>\n\t<meta property=\"og:image:height\" content=\"1707\" \/>\n\t<meta property=\"og:image:type\" content=\"image\/jpeg\" \/>\n<meta name=\"author\" content=\"G\u00e9rard Bardier\" \/>\n<meta name=\"twitter:card\" content=\"summary_large_image\" \/>\n<meta name=\"twitter:label1\" content=\"\u00c9crit par\" \/>\n\t<meta name=\"twitter:data1\" content=\"G\u00e9rard Bardier\" \/>\n\t<meta name=\"twitter:label2\" content=\"Dur\u00e9e de lecture estim\u00e9e\" \/>\n\t<meta name=\"twitter:data2\" content=\"2 minutes\" \/>\n<script type=\"application\/ld+json\" class=\"yoast-schema-graph\">{\"@context\":\"https:\/\/schema.org\",\"@graph\":[{\"@type\":\"Article\",\"@id\":\"https:\/\/sceaux-lagazette.fr\/index.php\/2020\/05\/10\/quelques-donnees-sur-le-confinement\/#article\",\"isPartOf\":{\"@id\":\"https:\/\/sceaux-lagazette.fr\/index.php\/2020\/05\/10\/quelques-donnees-sur-le-confinement\/\"},\"author\":{\"name\":\"G\u00e9rard Bardier\",\"@id\":\"https:\/\/sceaux-lagazette.fr\/#\/schema\/person\/5650e206a121f68c6f5e76379bccfbc4\"},\"headline\":\"Quelques donn\u00e9es sur le confinement\",\"datePublished\":\"2020-05-10T08:54:38+00:00\",\"dateModified\":\"2020-05-27T20:56:18+00:00\",\"mainEntityOfPage\":{\"@id\":\"https:\/\/sceaux-lagazette.fr\/index.php\/2020\/05\/10\/quelques-donnees-sur-le-confinement\/\"},\"wordCount\":416,\"commentCount\":2,\"publisher\":{\"@id\":\"https:\/\/sceaux-lagazette.fr\/#organization\"},\"image\":{\"@id\":\"https:\/\/sceaux-lagazette.fr\/index.php\/2020\/05\/10\/quelques-donnees-sur-le-confinement\/#primaryimage\"},\"thumbnailUrl\":\"https:\/\/sceaux-lagazette.fr\/wp-content\/uploads\/2020\/05\/isaac-smith-AT77Q0Njnt0-unsplash-scaled.jpg\",\"keywords\":[\"Analyse des Donn\u00e9es\",\"Confinement\"],\"articleSection\":[\"Analyses\"],\"inLanguage\":\"fr-FR\",\"potentialAction\":[{\"@type\":\"CommentAction\",\"name\":\"Comment\",\"target\":[\"https:\/\/sceaux-lagazette.fr\/index.php\/2020\/05\/10\/quelques-donnees-sur-le-confinement\/#respond\"]}]},{\"@type\":\"WebPage\",\"@id\":\"https:\/\/sceaux-lagazette.fr\/index.php\/2020\/05\/10\/quelques-donnees-sur-le-confinement\/\",\"url\":\"https:\/\/sceaux-lagazette.fr\/index.php\/2020\/05\/10\/quelques-donnees-sur-le-confinement\/\",\"name\":\"Quelques donn\u00e9es sur le confinement - La Gazette\",\"isPartOf\":{\"@id\":\"https:\/\/sceaux-lagazette.fr\/#website\"},\"primaryImageOfPage\":{\"@id\":\"https:\/\/sceaux-lagazette.fr\/index.php\/2020\/05\/10\/quelques-donnees-sur-le-confinement\/#primaryimage\"},\"image\":{\"@id\":\"https:\/\/sceaux-lagazette.fr\/index.php\/2020\/05\/10\/quelques-donnees-sur-le-confinement\/#primaryimage\"},\"thumbnailUrl\":\"https:\/\/sceaux-lagazette.fr\/wp-content\/uploads\/2020\/05\/isaac-smith-AT77Q0Njnt0-unsplash-scaled.jpg\",\"datePublished\":\"2020-05-10T08:54:38+00:00\",\"dateModified\":\"2020-05-27T20:56:18+00:00\",\"breadcrumb\":{\"@id\":\"https:\/\/sceaux-lagazette.fr\/index.php\/2020\/05\/10\/quelques-donnees-sur-le-confinement\/#breadcrumb\"},\"inLanguage\":\"fr-FR\",\"potentialAction\":[{\"@type\":\"ReadAction\",\"target\":[\"https:\/\/sceaux-lagazette.fr\/index.php\/2020\/05\/10\/quelques-donnees-sur-le-confinement\/\"]}]},{\"@type\":\"ImageObject\",\"inLanguage\":\"fr-FR\",\"@id\":\"https:\/\/sceaux-lagazette.fr\/index.php\/2020\/05\/10\/quelques-donnees-sur-le-confinement\/#primaryimage\",\"url\":\"https:\/\/sceaux-lagazette.fr\/wp-content\/uploads\/2020\/05\/isaac-smith-AT77Q0Njnt0-unsplash-scaled.jpg\",\"contentUrl\":\"https:\/\/sceaux-lagazette.fr\/wp-content\/uploads\/2020\/05\/isaac-smith-AT77Q0Njnt0-unsplash-scaled.jpg\",\"width\":2560,\"height\":1707},{\"@type\":\"BreadcrumbList\",\"@id\":\"https:\/\/sceaux-lagazette.fr\/index.php\/2020\/05\/10\/quelques-donnees-sur-le-confinement\/#breadcrumb\",\"itemListElement\":[{\"@type\":\"ListItem\",\"position\":1,\"name\":\"Accueil\",\"item\":\"https:\/\/sceaux-lagazette.fr\/\"},{\"@type\":\"ListItem\",\"position\":2,\"name\":\"Quelques donn\u00e9es sur le confinement\"}]},{\"@type\":\"WebSite\",\"@id\":\"https:\/\/sceaux-lagazette.fr\/#website\",\"url\":\"https:\/\/sceaux-lagazette.fr\/\",\"name\":\"La Gazette\",\"description\":\"Bourg-la-Reine, Ch\u00e2tenay, Fontenay, Sceaux\",\"publisher\":{\"@id\":\"https:\/\/sceaux-lagazette.fr\/#organization\"},\"potentialAction\":[{\"@type\":\"SearchAction\",\"target\":{\"@type\":\"EntryPoint\",\"urlTemplate\":\"https:\/\/sceaux-lagazette.fr\/?s={search_term_string}\"},\"query-input\":{\"@type\":\"PropertyValueSpecification\",\"valueRequired\":true,\"valueName\":\"search_term_string\"}}],\"inLanguage\":\"fr-FR\"},{\"@type\":\"Organization\",\"@id\":\"https:\/\/sceaux-lagazette.fr\/#organization\",\"name\":\"La Gazette\",\"url\":\"https:\/\/sceaux-lagazette.fr\/\",\"logo\":{\"@type\":\"ImageObject\",\"inLanguage\":\"fr-FR\",\"@id\":\"https:\/\/sceaux-lagazette.fr\/#\/schema\/logo\/image\/\",\"url\":\"https:\/\/sceaux-lagazette.fr\/wp-content\/uploads\/2025\/08\/Logo-Gazette-Aout-2025-V3.jpg\",\"contentUrl\":\"https:\/\/sceaux-lagazette.fr\/wp-content\/uploads\/2025\/08\/Logo-Gazette-Aout-2025-V3.jpg\",\"width\":525,\"height\":130,\"caption\":\"La Gazette\"},\"image\":{\"@id\":\"https:\/\/sceaux-lagazette.fr\/#\/schema\/logo\/image\/\"}},{\"@type\":\"Person\",\"@id\":\"https:\/\/sceaux-lagazette.fr\/#\/schema\/person\/5650e206a121f68c6f5e76379bccfbc4\",\"name\":\"G\u00e9rard Bardier\",\"image\":{\"@type\":\"ImageObject\",\"inLanguage\":\"fr-FR\",\"@id\":\"https:\/\/sceaux-lagazette.fr\/#\/schema\/person\/image\/\",\"url\":\"https:\/\/secure.gravatar.com\/avatar\/5cf4391ef9dbc0367750202561279a29?s=96&r=g\",\"contentUrl\":\"https:\/\/secure.gravatar.com\/avatar\/5cf4391ef9dbc0367750202561279a29?s=96&r=g\",\"caption\":\"G\u00e9rard Bardier\"},\"url\":\"https:\/\/sceaux-lagazette.fr\/index.php\/author\/gb\/\"}]}<\/script>\n<!-- \/ Yoast SEO plugin. -->","yoast_head_json":{"title":"Quelques donn\u00e9es sur le confinement - La Gazette","robots":{"index":"index","follow":"follow","max-snippet":"max-snippet:-1","max-image-preview":"max-image-preview:large","max-video-preview":"max-video-preview:-1"},"canonical":"https:\/\/sceaux-lagazette.fr\/index.php\/2020\/05\/10\/quelques-donnees-sur-le-confinement\/","og_locale":"fr_FR","og_type":"article","og_title":"Quelques donn\u00e9es sur le confinement - La Gazette","og_description":"R\u00e9guli\u00e8rement, les r\u00e9seaux sociaux s\u2019enflamment contre telle ou telle manifestation d\u2019un non-respect des gestes barri\u00e8res ou du confinement. Certains observent que ceux qui portent un masque (de plus en plus nombreux semble-t-il) le font n\u2019importe comment. Les nombreuses donn\u00e9es disponibles sur l\u2019\u00e9pid\u00e9mie doivent nous permettre de mieux mesurer la mani\u00e8re&#8230;","og_url":"https:\/\/sceaux-lagazette.fr\/index.php\/2020\/05\/10\/quelques-donnees-sur-le-confinement\/","og_site_name":"La Gazette","article_published_time":"2020-05-10T08:54:38+00:00","article_modified_time":"2020-05-27T20:56:18+00:00","og_image":[{"width":2560,"height":1707,"url":"https:\/\/sceaux-lagazette.fr\/wp-content\/uploads\/2020\/05\/isaac-smith-AT77Q0Njnt0-unsplash-scaled.jpg","type":"image\/jpeg"}],"author":"G\u00e9rard Bardier","twitter_card":"summary_large_image","twitter_misc":{"\u00c9crit par":"G\u00e9rard Bardier","Dur\u00e9e de lecture estim\u00e9e":"2 minutes"},"schema":{"@context":"https:\/\/schema.org","@graph":[{"@type":"Article","@id":"https:\/\/sceaux-lagazette.fr\/index.php\/2020\/05\/10\/quelques-donnees-sur-le-confinement\/#article","isPartOf":{"@id":"https:\/\/sceaux-lagazette.fr\/index.php\/2020\/05\/10\/quelques-donnees-sur-le-confinement\/"},"author":{"name":"G\u00e9rard Bardier","@id":"https:\/\/sceaux-lagazette.fr\/#\/schema\/person\/5650e206a121f68c6f5e76379bccfbc4"},"headline":"Quelques donn\u00e9es sur le confinement","datePublished":"2020-05-10T08:54:38+00:00","dateModified":"2020-05-27T20:56:18+00:00","mainEntityOfPage":{"@id":"https:\/\/sceaux-lagazette.fr\/index.php\/2020\/05\/10\/quelques-donnees-sur-le-confinement\/"},"wordCount":416,"commentCount":2,"publisher":{"@id":"https:\/\/sceaux-lagazette.fr\/#organization"},"image":{"@id":"https:\/\/sceaux-lagazette.fr\/index.php\/2020\/05\/10\/quelques-donnees-sur-le-confinement\/#primaryimage"},"thumbnailUrl":"https:\/\/sceaux-lagazette.fr\/wp-content\/uploads\/2020\/05\/isaac-smith-AT77Q0Njnt0-unsplash-scaled.jpg","keywords":["Analyse des Donn\u00e9es","Confinement"],"articleSection":["Analyses"],"inLanguage":"fr-FR","potentialAction":[{"@type":"CommentAction","name":"Comment","target":["https:\/\/sceaux-lagazette.fr\/index.php\/2020\/05\/10\/quelques-donnees-sur-le-confinement\/#respond"]}]},{"@type":"WebPage","@id":"https:\/\/sceaux-lagazette.fr\/index.php\/2020\/05\/10\/quelques-donnees-sur-le-confinement\/","url":"https:\/\/sceaux-lagazette.fr\/index.php\/2020\/05\/10\/quelques-donnees-sur-le-confinement\/","name":"Quelques donn\u00e9es sur le confinement - La Gazette","isPartOf":{"@id":"https:\/\/sceaux-lagazette.fr\/#website"},"primaryImageOfPage":{"@id":"https:\/\/sceaux-lagazette.fr\/index.php\/2020\/05\/10\/quelques-donnees-sur-le-confinement\/#primaryimage"},"image":{"@id":"https:\/\/sceaux-lagazette.fr\/index.php\/2020\/05\/10\/quelques-donnees-sur-le-confinement\/#primaryimage"},"thumbnailUrl":"https:\/\/sceaux-lagazette.fr\/wp-content\/uploads\/2020\/05\/isaac-smith-AT77Q0Njnt0-unsplash-scaled.jpg","datePublished":"2020-05-10T08:54:38+00:00","dateModified":"2020-05-27T20:56:18+00:00","breadcrumb":{"@id":"https:\/\/sceaux-lagazette.fr\/index.php\/2020\/05\/10\/quelques-donnees-sur-le-confinement\/#breadcrumb"},"inLanguage":"fr-FR","potentialAction":[{"@type":"ReadAction","target":["https:\/\/sceaux-lagazette.fr\/index.php\/2020\/05\/10\/quelques-donnees-sur-le-confinement\/"]}]},{"@type":"ImageObject","inLanguage":"fr-FR","@id":"https:\/\/sceaux-lagazette.fr\/index.php\/2020\/05\/10\/quelques-donnees-sur-le-confinement\/#primaryimage","url":"https:\/\/sceaux-lagazette.fr\/wp-content\/uploads\/2020\/05\/isaac-smith-AT77Q0Njnt0-unsplash-scaled.jpg","contentUrl":"https:\/\/sceaux-lagazette.fr\/wp-content\/uploads\/2020\/05\/isaac-smith-AT77Q0Njnt0-unsplash-scaled.jpg","width":2560,"height":1707},{"@type":"BreadcrumbList","@id":"https:\/\/sceaux-lagazette.fr\/index.php\/2020\/05\/10\/quelques-donnees-sur-le-confinement\/#breadcrumb","itemListElement":[{"@type":"ListItem","position":1,"name":"Accueil","item":"https:\/\/sceaux-lagazette.fr\/"},{"@type":"ListItem","position":2,"name":"Quelques donn\u00e9es sur le confinement"}]},{"@type":"WebSite","@id":"https:\/\/sceaux-lagazette.fr\/#website","url":"https:\/\/sceaux-lagazette.fr\/","name":"La Gazette","description":"Bourg-la-Reine, Ch\u00e2tenay, Fontenay, Sceaux","publisher":{"@id":"https:\/\/sceaux-lagazette.fr\/#organization"},"potentialAction":[{"@type":"SearchAction","target":{"@type":"EntryPoint","urlTemplate":"https:\/\/sceaux-lagazette.fr\/?s={search_term_string}"},"query-input":{"@type":"PropertyValueSpecification","valueRequired":true,"valueName":"search_term_string"}}],"inLanguage":"fr-FR"},{"@type":"Organization","@id":"https:\/\/sceaux-lagazette.fr\/#organization","name":"La Gazette","url":"https:\/\/sceaux-lagazette.fr\/","logo":{"@type":"ImageObject","inLanguage":"fr-FR","@id":"https:\/\/sceaux-lagazette.fr\/#\/schema\/logo\/image\/","url":"https:\/\/sceaux-lagazette.fr\/wp-content\/uploads\/2025\/08\/Logo-Gazette-Aout-2025-V3.jpg","contentUrl":"https:\/\/sceaux-lagazette.fr\/wp-content\/uploads\/2025\/08\/Logo-Gazette-Aout-2025-V3.jpg","width":525,"height":130,"caption":"La Gazette"},"image":{"@id":"https:\/\/sceaux-lagazette.fr\/#\/schema\/logo\/image\/"}},{"@type":"Person","@id":"https:\/\/sceaux-lagazette.fr\/#\/schema\/person\/5650e206a121f68c6f5e76379bccfbc4","name":"G\u00e9rard Bardier","image":{"@type":"ImageObject","inLanguage":"fr-FR","@id":"https:\/\/sceaux-lagazette.fr\/#\/schema\/person\/image\/","url":"https:\/\/secure.gravatar.com\/avatar\/5cf4391ef9dbc0367750202561279a29?s=96&r=g","contentUrl":"https:\/\/secure.gravatar.com\/avatar\/5cf4391ef9dbc0367750202561279a29?s=96&r=g","caption":"G\u00e9rard Bardier"},"url":"https:\/\/sceaux-lagazette.fr\/index.php\/author\/gb\/"}]}},"cc_featured_image_caption":{"caption_text":false,"source_text":false,"source_url":false},"_links":{"self":[{"href":"https:\/\/sceaux-lagazette.fr\/index.php\/wp-json\/wp\/v2\/posts\/411"}],"collection":[{"href":"https:\/\/sceaux-lagazette.fr\/index.php\/wp-json\/wp\/v2\/posts"}],"about":[{"href":"https:\/\/sceaux-lagazette.fr\/index.php\/wp-json\/wp\/v2\/types\/post"}],"author":[{"embeddable":true,"href":"https:\/\/sceaux-lagazette.fr\/index.php\/wp-json\/wp\/v2\/users\/11"}],"replies":[{"embeddable":true,"href":"https:\/\/sceaux-lagazette.fr\/index.php\/wp-json\/wp\/v2\/comments?post=411"}],"version-history":[{"count":1,"href":"https:\/\/sceaux-lagazette.fr\/index.php\/wp-json\/wp\/v2\/posts\/411\/revisions"}],"predecessor-version":[{"id":415,"href":"https:\/\/sceaux-lagazette.fr\/index.php\/wp-json\/wp\/v2\/posts\/411\/revisions\/415"}],"wp:featuredmedia":[{"embeddable":true,"href":"https:\/\/sceaux-lagazette.fr\/index.php\/wp-json\/wp\/v2\/media\/430"}],"wp:attachment":[{"href":"https:\/\/sceaux-lagazette.fr\/index.php\/wp-json\/wp\/v2\/media?parent=411"}],"wp:term":[{"taxonomy":"category","embeddable":true,"href":"https:\/\/sceaux-lagazette.fr\/index.php\/wp-json\/wp\/v2\/categories?post=411"},{"taxonomy":"post_tag","embeddable":true,"href":"https:\/\/sceaux-lagazette.fr\/index.php\/wp-json\/wp\/v2\/tags?post=411"}],"curies":[{"name":"wp","href":"https:\/\/api.w.org\/{rel}","templated":true}]}}