{"id":409,"date":"2020-05-10T10:21:13","date_gmt":"2020-05-10T08:21:13","guid":{"rendered":"http:\/\/sceaux-lagazette.fr\/?p=409"},"modified":"2020-05-27T22:56:59","modified_gmt":"2020-05-27T20:56:59","slug":"abeilles-liberees","status":"publish","type":"post","link":"https:\/\/sceaux-lagazette.fr\/index.php\/2020\/05\/10\/abeilles-liberees\/","title":{"rendered":"Abeilles lib\u00e9r\u00e9es"},"content":{"rendered":"\n<p>Les apiculteurs pr\u00e9voient une magnifique r\u00e9colte de printemps, due \u00e0 une m\u00e9t\u00e9o, tr\u00e8s favorable en ce printemps :<br>\u00ab\u00a0Pour les abeilles, la saison d\u00e9marre tr\u00e8s fort. On a eu un ensoleillement estival en ce printemps, et la floraison a \u00e9t\u00e9 abondante\u00a0\u00bb, m&rsquo;a expliqu\u00e9 Fabrice Bernard, apiculteur sc\u00e9en. Il travaille en agriculture biologique en Ile-de-France avec plus de 100 ruches dans le 92, y compris au Parc de Sceaux. \u00ab C\u2019est une bouff\u00e9e d\u2019oxyg\u00e8ne apr\u00e8s une saison 2019 catastrophique \u00e0 cause d&rsquo;un printemps froid et humide \u00bb poursuit-il.<\/p>\n\n\n\n<figure class=\"wp-block-image size-large\"><img decoding=\"async\" width=\"1024\" height=\"576\" src=\"http:\/\/sceaux-lagazette.fr\/wp-content\/uploads\/2020\/05\/a7099d6d-e072-439e-a9f3-420846cda2cb-1024x576.jpg\" alt=\"\" class=\"wp-image-442\" srcset=\"https:\/\/sceaux-lagazette.fr\/wp-content\/uploads\/2020\/05\/a7099d6d-e072-439e-a9f3-420846cda2cb-1024x576.jpg 1024w, https:\/\/sceaux-lagazette.fr\/wp-content\/uploads\/2020\/05\/a7099d6d-e072-439e-a9f3-420846cda2cb-300x169.jpg 300w, https:\/\/sceaux-lagazette.fr\/wp-content\/uploads\/2020\/05\/a7099d6d-e072-439e-a9f3-420846cda2cb-768x432.jpg 768w, https:\/\/sceaux-lagazette.fr\/wp-content\/uploads\/2020\/05\/a7099d6d-e072-439e-a9f3-420846cda2cb-1536x864.jpg 1536w, https:\/\/sceaux-lagazette.fr\/wp-content\/uploads\/2020\/05\/a7099d6d-e072-439e-a9f3-420846cda2cb.jpg 1600w\" sizes=\"(max-width: 1024px) 100vw, 1024px\" \/><\/figure>\n\n\n\n<p>L\u2019apiculture fait de plus en plus d\u2019adeptes en France, comme St\u00e9phane, Sc\u00e9en et apiculteur amateur depuis 4 ans : \u00ab J\u2019ai d\u00e9marr\u00e9 avec une ruche. Je me suis document\u00e9 en lisant et en me formant aupr\u00e8s d\u2019un apiculteur professionnel. J\u2019y ai pris go\u00fbt. C\u2019est passionnant et un r\u00e9el plaisir de pouvoir r\u00e9colter son miel\u2026 Le confinement m\u2019a permis de r\u00e9aliser une r\u00e9colte de printemps avec du miel toutes fleurs \u00e0 dominante de colza, et les abeilles continuent en ce moment avec l&rsquo;acacia, qui donne un miel parfum\u00e9 et l\u00e9ger \u00bb<\/p>\n\n\n\n<p>Si l\u2019on a pu lire ici ou l\u00e0 que le confinement profitait aux abeilles en raison d\u2019une moindre activit\u00e9 \u00e9conomique, c\u2019est bien la m\u00e9t\u00e9o ensoleill\u00e9e et la floraison abondante qui expliquent ce beau d\u00e9marrage pour le monde apicole\u2026<\/p>\n\n\n\n<div class=\"wp-block-image\"><figure class=\"aligncenter size-large\"><img decoding=\"async\" width=\"768\" height=\"1024\" src=\"http:\/\/sceaux-lagazette.fr\/wp-content\/uploads\/2020\/05\/27641594-0c88-42eb-a2fd-da0135db1765.jpg\" alt=\"\" class=\"wp-image-440\" srcset=\"https:\/\/sceaux-lagazette.fr\/wp-content\/uploads\/2020\/05\/27641594-0c88-42eb-a2fd-da0135db1765.jpg 768w, https:\/\/sceaux-lagazette.fr\/wp-content\/uploads\/2020\/05\/27641594-0c88-42eb-a2fd-da0135db1765-225x300.jpg 225w\" sizes=\"(max-width: 768px) 100vw, 768px\" \/><\/figure><\/div>\n","protected":false},"excerpt":{"rendered":"<p>Les apiculteurs pr\u00e9voient une magnifique r\u00e9colte de printemps, due \u00e0 une m\u00e9t\u00e9o, tr\u00e8s favorable en ce printemps :\u00ab\u00a0Pour les abeilles, la saison d\u00e9marre tr\u00e8s fort. On a eu un ensoleillement estival en ce printemps, et la floraison a \u00e9t\u00e9 abondante\u00a0\u00bb, m&rsquo;a expliqu\u00e9 Fabrice Bernard, apiculteur sc\u00e9en. Il travaille en agriculture&#8230;<\/p>\n","protected":false},"author":9,"featured_media":431,"comment_status":"open","ping_status":"open","sticky":false,"template":"","format":"standard","meta":{"om_disable_all_campaigns":false,"_monsterinsights_skip_tracking":false,"_monsterinsights_sitenote_active":false,"_monsterinsights_sitenote_note":"","_monsterinsights_sitenote_category":0,"_uf_show_specific_survey":0,"_uf_disable_surveys":false,"footnotes":""},"categories":[3],"tags":[68,118],"class_list":["post-409","post","type-post","status-publish","format-standard","has-post-thumbnail","hentry","category-futiles","tag-abeilles","tag-commerces","entry","simple"],"yoast_head":"<!-- This site is optimized with the Yoast SEO plugin v25.6 - https:\/\/yoast.com\/wordpress\/plugins\/seo\/ -->\n<title>Abeilles lib\u00e9r\u00e9es - La Gazette<\/title>\n<meta name=\"robots\" content=\"index, follow, max-snippet:-1, max-image-preview:large, max-video-preview:-1\" \/>\n<link rel=\"canonical\" href=\"https:\/\/sceaux-lagazette.fr\/index.php\/2020\/05\/10\/abeilles-liberees\/\" \/>\n<meta property=\"og:locale\" content=\"fr_FR\" \/>\n<meta property=\"og:type\" content=\"article\" \/>\n<meta property=\"og:title\" content=\"Abeilles lib\u00e9r\u00e9es - La Gazette\" \/>\n<meta property=\"og:description\" content=\"Les apiculteurs pr\u00e9voient une magnifique r\u00e9colte de printemps, due \u00e0 une m\u00e9t\u00e9o, tr\u00e8s favorable en ce printemps :\u00ab\u00a0Pour les abeilles, la saison d\u00e9marre tr\u00e8s fort. On a eu un ensoleillement estival en ce printemps, et la floraison a \u00e9t\u00e9 abondante\u00a0\u00bb, m&rsquo;a expliqu\u00e9 Fabrice Bernard, apiculteur sc\u00e9en. Il travaille en agriculture&#8230;\" \/>\n<meta property=\"og:url\" content=\"https:\/\/sceaux-lagazette.fr\/index.php\/2020\/05\/10\/abeilles-liberees\/\" \/>\n<meta property=\"og:site_name\" content=\"La Gazette\" \/>\n<meta property=\"article:published_time\" content=\"2020-05-10T08:21:13+00:00\" \/>\n<meta property=\"article:modified_time\" content=\"2020-05-27T20:56:59+00:00\" \/>\n<meta property=\"og:image\" content=\"https:\/\/sceaux-lagazette.fr\/wp-content\/uploads\/2020\/05\/damien-tupinier-OFEvgVfr6iU-unsplash-scaled.jpg\" \/>\n\t<meta property=\"og:image:width\" content=\"2560\" \/>\n\t<meta property=\"og:image:height\" content=\"1707\" \/>\n\t<meta property=\"og:image:type\" content=\"image\/jpeg\" \/>\n<meta name=\"author\" content=\"CB\" \/>\n<meta name=\"twitter:card\" content=\"summary_large_image\" \/>\n<meta name=\"twitter:label1\" content=\"\u00c9crit par\" \/>\n\t<meta name=\"twitter:data1\" content=\"CB\" \/>\n\t<meta name=\"twitter:label2\" content=\"Dur\u00e9e de lecture estim\u00e9e\" \/>\n\t<meta name=\"twitter:data2\" content=\"1 minute\" \/>\n<script type=\"application\/ld+json\" class=\"yoast-schema-graph\">{\"@context\":\"https:\/\/schema.org\",\"@graph\":[{\"@type\":\"Article\",\"@id\":\"https:\/\/sceaux-lagazette.fr\/index.php\/2020\/05\/10\/abeilles-liberees\/#article\",\"isPartOf\":{\"@id\":\"https:\/\/sceaux-lagazette.fr\/index.php\/2020\/05\/10\/abeilles-liberees\/\"},\"author\":{\"name\":\"CB\",\"@id\":\"https:\/\/sceaux-lagazette.fr\/#\/schema\/person\/57b79140fe2f014671391e6d5f6c2cc2\"},\"headline\":\"Abeilles lib\u00e9r\u00e9es\",\"datePublished\":\"2020-05-10T08:21:13+00:00\",\"dateModified\":\"2020-05-27T20:56:59+00:00\",\"mainEntityOfPage\":{\"@id\":\"https:\/\/sceaux-lagazette.fr\/index.php\/2020\/05\/10\/abeilles-liberees\/\"},\"wordCount\":246,\"commentCount\":0,\"publisher\":{\"@id\":\"https:\/\/sceaux-lagazette.fr\/#organization\"},\"image\":{\"@id\":\"https:\/\/sceaux-lagazette.fr\/index.php\/2020\/05\/10\/abeilles-liberees\/#primaryimage\"},\"thumbnailUrl\":\"https:\/\/sceaux-lagazette.fr\/wp-content\/uploads\/2020\/05\/damien-tupinier-OFEvgVfr6iU-unsplash-scaled.jpg\",\"keywords\":[\"Abeilles\",\"Commerces\"],\"articleSection\":[\"Futiles\"],\"inLanguage\":\"fr-FR\",\"potentialAction\":[{\"@type\":\"CommentAction\",\"name\":\"Comment\",\"target\":[\"https:\/\/sceaux-lagazette.fr\/index.php\/2020\/05\/10\/abeilles-liberees\/#respond\"]}]},{\"@type\":\"WebPage\",\"@id\":\"https:\/\/sceaux-lagazette.fr\/index.php\/2020\/05\/10\/abeilles-liberees\/\",\"url\":\"https:\/\/sceaux-lagazette.fr\/index.php\/2020\/05\/10\/abeilles-liberees\/\",\"name\":\"Abeilles lib\u00e9r\u00e9es - La Gazette\",\"isPartOf\":{\"@id\":\"https:\/\/sceaux-lagazette.fr\/#website\"},\"primaryImageOfPage\":{\"@id\":\"https:\/\/sceaux-lagazette.fr\/index.php\/2020\/05\/10\/abeilles-liberees\/#primaryimage\"},\"image\":{\"@id\":\"https:\/\/sceaux-lagazette.fr\/index.php\/2020\/05\/10\/abeilles-liberees\/#primaryimage\"},\"thumbnailUrl\":\"https:\/\/sceaux-lagazette.fr\/wp-content\/uploads\/2020\/05\/damien-tupinier-OFEvgVfr6iU-unsplash-scaled.jpg\",\"datePublished\":\"2020-05-10T08:21:13+00:00\",\"dateModified\":\"2020-05-27T20:56:59+00:00\",\"breadcrumb\":{\"@id\":\"https:\/\/sceaux-lagazette.fr\/index.php\/2020\/05\/10\/abeilles-liberees\/#breadcrumb\"},\"inLanguage\":\"fr-FR\",\"potentialAction\":[{\"@type\":\"ReadAction\",\"target\":[\"https:\/\/sceaux-lagazette.fr\/index.php\/2020\/05\/10\/abeilles-liberees\/\"]}]},{\"@type\":\"ImageObject\",\"inLanguage\":\"fr-FR\",\"@id\":\"https:\/\/sceaux-lagazette.fr\/index.php\/2020\/05\/10\/abeilles-liberees\/#primaryimage\",\"url\":\"https:\/\/sceaux-lagazette.fr\/wp-content\/uploads\/2020\/05\/damien-tupinier-OFEvgVfr6iU-unsplash-scaled.jpg\",\"contentUrl\":\"https:\/\/sceaux-lagazette.fr\/wp-content\/uploads\/2020\/05\/damien-tupinier-OFEvgVfr6iU-unsplash-scaled.jpg\",\"width\":2560,\"height\":1707},{\"@type\":\"BreadcrumbList\",\"@id\":\"https:\/\/sceaux-lagazette.fr\/index.php\/2020\/05\/10\/abeilles-liberees\/#breadcrumb\",\"itemListElement\":[{\"@type\":\"ListItem\",\"position\":1,\"name\":\"Accueil\",\"item\":\"https:\/\/sceaux-lagazette.fr\/\"},{\"@type\":\"ListItem\",\"position\":2,\"name\":\"Abeilles lib\u00e9r\u00e9es\"}]},{\"@type\":\"WebSite\",\"@id\":\"https:\/\/sceaux-lagazette.fr\/#website\",\"url\":\"https:\/\/sceaux-lagazette.fr\/\",\"name\":\"La Gazette\",\"description\":\"Bourg-la-Reine, Ch\u00e2tenay, Fontenay, Sceaux\",\"publisher\":{\"@id\":\"https:\/\/sceaux-lagazette.fr\/#organization\"},\"potentialAction\":[{\"@type\":\"SearchAction\",\"target\":{\"@type\":\"EntryPoint\",\"urlTemplate\":\"https:\/\/sceaux-lagazette.fr\/?s={search_term_string}\"},\"query-input\":{\"@type\":\"PropertyValueSpecification\",\"valueRequired\":true,\"valueName\":\"search_term_string\"}}],\"inLanguage\":\"fr-FR\"},{\"@type\":\"Organization\",\"@id\":\"https:\/\/sceaux-lagazette.fr\/#organization\",\"name\":\"La Gazette\",\"url\":\"https:\/\/sceaux-lagazette.fr\/\",\"logo\":{\"@type\":\"ImageObject\",\"inLanguage\":\"fr-FR\",\"@id\":\"https:\/\/sceaux-lagazette.fr\/#\/schema\/logo\/image\/\",\"url\":\"https:\/\/sceaux-lagazette.fr\/wp-content\/uploads\/2025\/08\/Logo-Gazette-Aout-2025-V3.jpg\",\"contentUrl\":\"https:\/\/sceaux-lagazette.fr\/wp-content\/uploads\/2025\/08\/Logo-Gazette-Aout-2025-V3.jpg\",\"width\":525,\"height\":130,\"caption\":\"La Gazette\"},\"image\":{\"@id\":\"https:\/\/sceaux-lagazette.fr\/#\/schema\/logo\/image\/\"}},{\"@type\":\"Person\",\"@id\":\"https:\/\/sceaux-lagazette.fr\/#\/schema\/person\/57b79140fe2f014671391e6d5f6c2cc2\",\"name\":\"CB\",\"image\":{\"@type\":\"ImageObject\",\"inLanguage\":\"fr-FR\",\"@id\":\"https:\/\/sceaux-lagazette.fr\/#\/schema\/person\/image\/\",\"url\":\"https:\/\/secure.gravatar.com\/avatar\/32390d1803e9415ed50d606641ba4847?s=96&r=g\",\"contentUrl\":\"https:\/\/secure.gravatar.com\/avatar\/32390d1803e9415ed50d606641ba4847?s=96&r=g\",\"caption\":\"CB\"},\"url\":\"https:\/\/sceaux-lagazette.fr\/index.php\/author\/cb\/\"}]}<\/script>\n<!-- \/ Yoast SEO plugin. -->","yoast_head_json":{"title":"Abeilles lib\u00e9r\u00e9es - La Gazette","robots":{"index":"index","follow":"follow","max-snippet":"max-snippet:-1","max-image-preview":"max-image-preview:large","max-video-preview":"max-video-preview:-1"},"canonical":"https:\/\/sceaux-lagazette.fr\/index.php\/2020\/05\/10\/abeilles-liberees\/","og_locale":"fr_FR","og_type":"article","og_title":"Abeilles lib\u00e9r\u00e9es - La Gazette","og_description":"Les apiculteurs pr\u00e9voient une magnifique r\u00e9colte de printemps, due \u00e0 une m\u00e9t\u00e9o, tr\u00e8s favorable en ce printemps :\u00ab\u00a0Pour les abeilles, la saison d\u00e9marre tr\u00e8s fort. On a eu un ensoleillement estival en ce printemps, et la floraison a \u00e9t\u00e9 abondante\u00a0\u00bb, m&rsquo;a expliqu\u00e9 Fabrice Bernard, apiculteur sc\u00e9en. Il travaille en agriculture&#8230;","og_url":"https:\/\/sceaux-lagazette.fr\/index.php\/2020\/05\/10\/abeilles-liberees\/","og_site_name":"La Gazette","article_published_time":"2020-05-10T08:21:13+00:00","article_modified_time":"2020-05-27T20:56:59+00:00","og_image":[{"width":2560,"height":1707,"url":"https:\/\/sceaux-lagazette.fr\/wp-content\/uploads\/2020\/05\/damien-tupinier-OFEvgVfr6iU-unsplash-scaled.jpg","type":"image\/jpeg"}],"author":"CB","twitter_card":"summary_large_image","twitter_misc":{"\u00c9crit par":"CB","Dur\u00e9e de lecture estim\u00e9e":"1 minute"},"schema":{"@context":"https:\/\/schema.org","@graph":[{"@type":"Article","@id":"https:\/\/sceaux-lagazette.fr\/index.php\/2020\/05\/10\/abeilles-liberees\/#article","isPartOf":{"@id":"https:\/\/sceaux-lagazette.fr\/index.php\/2020\/05\/10\/abeilles-liberees\/"},"author":{"name":"CB","@id":"https:\/\/sceaux-lagazette.fr\/#\/schema\/person\/57b79140fe2f014671391e6d5f6c2cc2"},"headline":"Abeilles lib\u00e9r\u00e9es","datePublished":"2020-05-10T08:21:13+00:00","dateModified":"2020-05-27T20:56:59+00:00","mainEntityOfPage":{"@id":"https:\/\/sceaux-lagazette.fr\/index.php\/2020\/05\/10\/abeilles-liberees\/"},"wordCount":246,"commentCount":0,"publisher":{"@id":"https:\/\/sceaux-lagazette.fr\/#organization"},"image":{"@id":"https:\/\/sceaux-lagazette.fr\/index.php\/2020\/05\/10\/abeilles-liberees\/#primaryimage"},"thumbnailUrl":"https:\/\/sceaux-lagazette.fr\/wp-content\/uploads\/2020\/05\/damien-tupinier-OFEvgVfr6iU-unsplash-scaled.jpg","keywords":["Abeilles","Commerces"],"articleSection":["Futiles"],"inLanguage":"fr-FR","potentialAction":[{"@type":"CommentAction","name":"Comment","target":["https:\/\/sceaux-lagazette.fr\/index.php\/2020\/05\/10\/abeilles-liberees\/#respond"]}]},{"@type":"WebPage","@id":"https:\/\/sceaux-lagazette.fr\/index.php\/2020\/05\/10\/abeilles-liberees\/","url":"https:\/\/sceaux-lagazette.fr\/index.php\/2020\/05\/10\/abeilles-liberees\/","name":"Abeilles lib\u00e9r\u00e9es - La Gazette","isPartOf":{"@id":"https:\/\/sceaux-lagazette.fr\/#website"},"primaryImageOfPage":{"@id":"https:\/\/sceaux-lagazette.fr\/index.php\/2020\/05\/10\/abeilles-liberees\/#primaryimage"},"image":{"@id":"https:\/\/sceaux-lagazette.fr\/index.php\/2020\/05\/10\/abeilles-liberees\/#primaryimage"},"thumbnailUrl":"https:\/\/sceaux-lagazette.fr\/wp-content\/uploads\/2020\/05\/damien-tupinier-OFEvgVfr6iU-unsplash-scaled.jpg","datePublished":"2020-05-10T08:21:13+00:00","dateModified":"2020-05-27T20:56:59+00:00","breadcrumb":{"@id":"https:\/\/sceaux-lagazette.fr\/index.php\/2020\/05\/10\/abeilles-liberees\/#breadcrumb"},"inLanguage":"fr-FR","potentialAction":[{"@type":"ReadAction","target":["https:\/\/sceaux-lagazette.fr\/index.php\/2020\/05\/10\/abeilles-liberees\/"]}]},{"@type":"ImageObject","inLanguage":"fr-FR","@id":"https:\/\/sceaux-lagazette.fr\/index.php\/2020\/05\/10\/abeilles-liberees\/#primaryimage","url":"https:\/\/sceaux-lagazette.fr\/wp-content\/uploads\/2020\/05\/damien-tupinier-OFEvgVfr6iU-unsplash-scaled.jpg","contentUrl":"https:\/\/sceaux-lagazette.fr\/wp-content\/uploads\/2020\/05\/damien-tupinier-OFEvgVfr6iU-unsplash-scaled.jpg","width":2560,"height":1707},{"@type":"BreadcrumbList","@id":"https:\/\/sceaux-lagazette.fr\/index.php\/2020\/05\/10\/abeilles-liberees\/#breadcrumb","itemListElement":[{"@type":"ListItem","position":1,"name":"Accueil","item":"https:\/\/sceaux-lagazette.fr\/"},{"@type":"ListItem","position":2,"name":"Abeilles lib\u00e9r\u00e9es"}]},{"@type":"WebSite","@id":"https:\/\/sceaux-lagazette.fr\/#website","url":"https:\/\/sceaux-lagazette.fr\/","name":"La Gazette","description":"Bourg-la-Reine, Ch\u00e2tenay, Fontenay, Sceaux","publisher":{"@id":"https:\/\/sceaux-lagazette.fr\/#organization"},"potentialAction":[{"@type":"SearchAction","target":{"@type":"EntryPoint","urlTemplate":"https:\/\/sceaux-lagazette.fr\/?s={search_term_string}"},"query-input":{"@type":"PropertyValueSpecification","valueRequired":true,"valueName":"search_term_string"}}],"inLanguage":"fr-FR"},{"@type":"Organization","@id":"https:\/\/sceaux-lagazette.fr\/#organization","name":"La Gazette","url":"https:\/\/sceaux-lagazette.fr\/","logo":{"@type":"ImageObject","inLanguage":"fr-FR","@id":"https:\/\/sceaux-lagazette.fr\/#\/schema\/logo\/image\/","url":"https:\/\/sceaux-lagazette.fr\/wp-content\/uploads\/2025\/08\/Logo-Gazette-Aout-2025-V3.jpg","contentUrl":"https:\/\/sceaux-lagazette.fr\/wp-content\/uploads\/2025\/08\/Logo-Gazette-Aout-2025-V3.jpg","width":525,"height":130,"caption":"La Gazette"},"image":{"@id":"https:\/\/sceaux-lagazette.fr\/#\/schema\/logo\/image\/"}},{"@type":"Person","@id":"https:\/\/sceaux-lagazette.fr\/#\/schema\/person\/57b79140fe2f014671391e6d5f6c2cc2","name":"CB","image":{"@type":"ImageObject","inLanguage":"fr-FR","@id":"https:\/\/sceaux-lagazette.fr\/#\/schema\/person\/image\/","url":"https:\/\/secure.gravatar.com\/avatar\/32390d1803e9415ed50d606641ba4847?s=96&r=g","contentUrl":"https:\/\/secure.gravatar.com\/avatar\/32390d1803e9415ed50d606641ba4847?s=96&r=g","caption":"CB"},"url":"https:\/\/sceaux-lagazette.fr\/index.php\/author\/cb\/"}]}},"cc_featured_image_caption":{"caption_text":false,"source_text":false,"source_url":false},"_links":{"self":[{"href":"https:\/\/sceaux-lagazette.fr\/index.php\/wp-json\/wp\/v2\/posts\/409"}],"collection":[{"href":"https:\/\/sceaux-lagazette.fr\/index.php\/wp-json\/wp\/v2\/posts"}],"about":[{"href":"https:\/\/sceaux-lagazette.fr\/index.php\/wp-json\/wp\/v2\/types\/post"}],"author":[{"embeddable":true,"href":"https:\/\/sceaux-lagazette.fr\/index.php\/wp-json\/wp\/v2\/users\/9"}],"replies":[{"embeddable":true,"href":"https:\/\/sceaux-lagazette.fr\/index.php\/wp-json\/wp\/v2\/comments?post=409"}],"version-history":[{"count":3,"href":"https:\/\/sceaux-lagazette.fr\/index.php\/wp-json\/wp\/v2\/posts\/409\/revisions"}],"predecessor-version":[{"id":940,"href":"https:\/\/sceaux-lagazette.fr\/index.php\/wp-json\/wp\/v2\/posts\/409\/revisions\/940"}],"wp:featuredmedia":[{"embeddable":true,"href":"https:\/\/sceaux-lagazette.fr\/index.php\/wp-json\/wp\/v2\/media\/431"}],"wp:attachment":[{"href":"https:\/\/sceaux-lagazette.fr\/index.php\/wp-json\/wp\/v2\/media?parent=409"}],"wp:term":[{"taxonomy":"category","embeddable":true,"href":"https:\/\/sceaux-lagazette.fr\/index.php\/wp-json\/wp\/v2\/categories?post=409"},{"taxonomy":"post_tag","embeddable":true,"href":"https:\/\/sceaux-lagazette.fr\/index.php\/wp-json\/wp\/v2\/tags?post=409"}],"curies":[{"name":"wp","href":"https:\/\/api.w.org\/{rel}","templated":true}]}}