{"id":40651,"date":"2024-04-05T09:06:53","date_gmt":"2024-04-05T07:06:53","guid":{"rendered":"https:\/\/sceaux-lagazette.fr\/?p=40651"},"modified":"2024-04-05T10:02:12","modified_gmt":"2024-04-05T08:02:12","slug":"evenements-du-5-au-21-avril","status":"publish","type":"post","link":"https:\/\/sceaux-lagazette.fr\/index.php\/2024\/04\/05\/evenements-du-5-au-21-avril\/","title":{"rendered":"\u00c9v\u00e9nements du 5 au 21 avril"},"content":{"rendered":"\n<h2 class=\"wp-block-heading\">Hanami, la f\u00eate du printemps au Domaine de Sceaux<\/h2>\n\n\n\n<p>Hanami, c\u2019est la f\u00eate des fleurs au Japon. La Gazette en a expliqu\u00e9 les racines japonaises dans cet <a href=\"https:\/\/sceaux-lagazette.fr\/index.php\/2021\/04\/23\/un-peu-de-japon-juste-a-cote\/\" target=\"_blank\" rel=\"noreferrer noopener\">article<\/a>.<\/p>\n\n\n\n<p>Le parc de Sceaux est le lieu privil\u00e9gi\u00e9 de cette f\u00eate pour les Japonais vivants en Ile-de-France, en raison de ses nombreux cerisiers&nbsp;: deux bosquets, situ\u00e9s de part et d&rsquo;autre de la plaine de Ch\u00e2tenay.<\/p>\n\n\n\n<p>Tout le long du mois, le domaine organise de nombreuses activit\u00e9s&nbsp;: visites guid\u00e9es et ateliers pour les enfants autour des cerisiers et de la culture japonaise.<\/p>\n\n\n\n<p>Samedi 20 avril \u00e0 18h 30&nbsp;: soir\u00e9e de musique et de danse japonaise.<\/p>\n\n\n\n<p>Samedi 20 avril \u00e0 15h&nbsp;: la ville de Sceaux c\u00e9l\u00e8bre la floraison des cerisiers japonais avec une <a href=\"https:\/\/destination.hauts-de-seine.fr\/le-hanami-dans-la-ville-de-sceaux-92.html\" target=\"_blank\" rel=\"noreferrer noopener\">programmation sp\u00e9ciale<\/a> autour de la Place de Br\u00fchl.<\/p>\n\n\n\n<p>Dimanche 21 avril : apr\u00e8s-midi d\u00e9di\u00e9 \u00e0 la cr\u00e9ation et au th\u00e8me du printemps. Ateliers en famille dans l&rsquo;Orangerie, puis conf\u00e9rence-d\u00e9monstration de l&rsquo;art floral japonais Ikebana, aux Anciennes \u00c9curies.<\/p>\n\n\n\n<p>Tous renseignements <a href=\"https:\/\/domaine-de-sceaux.hauts-de-seine.fr\/actualites\/detail\/hanami-la-fete-du-printemps-au-domaine-de-sceaux\" target=\"_blank\" rel=\"noreferrer noopener\">sur le site du Domaine<\/a>&nbsp;.<\/p>\n\n\n\n<h2 class=\"wp-block-heading\">Chasse aux \u0153ufs<\/h2>\n\n\n\n<ul class=\"wp-block-list\">\n<li>Samedi 6 avril de 15h \u00e0 17h30 dans le parc Laboissi\u00e8re \u00e0 Fontenay.<\/li>\n<\/ul>\n\n\n\n<h2 class=\"wp-block-heading\">Caf\u00e9 Histoire G\u00e9o<\/h2>\n\n\n\n<p>Au Patio, 5 Rue du Dr Roux \u00e0 Sceaux. Tous les vendredis \u00e0 14h 45.<\/p>\n\n\n\n<ul class=\"wp-block-list\">\n<li>Vendredi 5 avril&nbsp;: L&#8217;empire autoritaire de Napol\u00e9on III : une d\u00e9mocratie illib\u00e9rale ?<\/li>\n\n\n\n<li>Vendredi 12 avril&nbsp;: La R\u00e9publique turque de 1923 \u00e0 Erdogan.<\/li>\n\n\n\n<li>Vendredi 19 avril&nbsp;: Histoire compar\u00e9e de l&rsquo;\u00e9nergie en Allemagne et en France.<\/li>\n<\/ul>\n\n\n\n<h2 class=\"wp-block-heading\">Vacances de printemps<\/h2>\n\n\n\n<ul class=\"wp-block-list\">\n<li>Les municipalit\u00e9s et les diff\u00e9rents centres sociaux ou MJC proposent de nombreuses activit\u00e9s pour les jeunes entre le 8 et le 19 avril. Les biblioth\u00e8ques sont \u00e9galement de la partie&nbsp;!<\/li>\n\n\n\n<li>Se rapprocher du <a href=\"https:\/\/www.ccjl92.com\">CCJL \u00e0 Fontenay-aux-Roses<\/a>. De la <a href=\"https:\/\/www.mjcsceaux.com\">MJC<\/a> de Sceaux ou du <a href=\"https:\/\/www.cscbsceaux.com\/vacances\">CSCB<\/a>. Du site <a href=\"www.chatenay-malabry.fr\">www.chatenay-malabry.fr<\/a>. Du <a href=\"https:\/\/cael.goasso.org\/\">CAEL \u00e0 Bourg-la-Reine<\/a>.<\/li>\n<\/ul>\n\n\n\n<h2 class=\"wp-block-heading\">Musiques<\/h2>\n\n\n\n<ul class=\"wp-block-list\">\n<li>Vendredi 5 avril \u00e0 20 h 30&nbsp;: concert de Omega Violet et de Madlen Keys. Animath\u00e8que MJC de Sceaux.<\/li>\n\n\n\n<li>Samedi 20 \u00e0 16h&nbsp;: conf\u00e9rence musicale <em>Les troubadours, du trobar \u00e0 la fin\u2019amor<\/em>. A la biblioth\u00e8que de Sceaux.<\/li>\n\n\n\n<li>Jeudi 4 avril&nbsp;\u00e0 12h 30 : concert musique romantique par le quatuor Azur. A la Piscine-l\u2019Azimut.<\/li>\n\n\n\n<li>Jeudi 4 avril \u00e0 20h&nbsp;: concert Natasha Rogers au P\u00e9diluve \u00e0 Ch\u00e2tenay.<\/li>\n\n\n\n<li>Dimanche 7 avril&nbsp;\u00e0 16h : quatuors de Schumann. En l\u2018\u00e9glise Saint Germain l\u2019Auxerrois \u00e0 Ch\u00e2tenay.<\/li>\n\n\n\n<li>Jeudi 11 avril \u00e0 20h : Lisa Ducasse au P\u00e9diluve, Ch\u00e2tenay.<\/li>\n\n\n\n<li>Mercredi 17 avril \u00e0 14h&nbsp;: cin\u00e9 concert au REX. <em>Cadet d\u2019eau douce<\/em> avec Buster Keaton.<\/li>\n\n\n\n<li>6 avril \u00e0 16h&nbsp;: concert. Les \u00e9l\u00e8ves de la classe de chant lyrique du conservatoire interpr\u00e8tent des m\u00e9lodies et airs d&rsquo;op\u00e9ra de la fin du 19e si\u00e8cle aux ann\u00e9es 30. A la m\u00e9diath\u00e8que de FAR.<\/li>\n<\/ul>\n\n\n\n<p><strong><u>Conf\u00e9rence sur la musique<\/u><\/strong><\/p>\n\n\n\n<ul class=\"wp-block-list\">\n<li>Vendredi 5 avril \u00e0 14h 30&nbsp;: <em>Du classique au baroque, deux visions du monde<\/em>. A l\u2019ancienne mairie de Sceaux.<\/li>\n<\/ul>\n\n\n\n<h2 class=\"wp-block-heading\">Expos<\/h2>\n\n\n\n<ul class=\"wp-block-list\">\n<li>Samedi 20 Visite de la collection Dalpayrat. De 10h \u00e0 12h et de 14h \u00e0 17h. <a href=\"https:\/\/sceaux-lagazette.fr\/index.php\/2024\/02\/19\/la-maison-de-leminent-ceramiste\/\">Voir notre article<\/a>.<\/li>\n\n\n\n<li>Jusqu\u2019au dimanche 7 avril&nbsp;: Printemps de la sculpture. Domaine d\u00e9partemental du Parc de Sceaux.<\/li>\n\n\n\n<li>Samedi 13 et dimanche 14 avril, \u00e0 14h30&nbsp;: ateliers de confection de costumes proven\u00e7aux. A la Manufacture de Sceaux, rue de Penthi\u00e8vre.<\/li>\n\n\n\n<li>Du jeudi 4 au samedi 27&nbsp;: <em>Quand les mangas r\u00e9inventent les grands classiques de la peinture<\/em> \u00e0 la M\u00e9diath\u00e8que de Ch\u00e2tenay, rue des Vall\u00e9es.<\/li>\n<\/ul>\n\n\n\n<h2 class=\"wp-block-heading\">Livres et BD<\/h2>\n\n\n\n<p>Du 5 au 7 avril&nbsp;: 3<sup>\u00e8me<\/sup> festival du livre sur le Japon. M\u00e9diath\u00e8que de BLR.<\/p>\n\n\n\n<p>Du mardi 2 au samedi 6 avril&nbsp;: semaine de la BD \u00e0 la biblioth\u00e8que de Sceaux. De 17 h \u00e0 19h, coin mangas \u00e9ph\u00e9m\u00e8re.<\/p>\n\n\n\n<h2 class=\"wp-block-heading\">Spectacles Th\u00e9\u00e2tre<\/h2>\n\n\n\n<ul class=\"wp-block-list\">\n<li>Vendredi 12 \u00e0 15h spectacle de magie au CAEL de BLR. D\u00e8s 6 ans.<\/li>\n\n\n\n<li>Vendredi 19 \u00e0 20h&nbsp;et samedi 20 \u00e0 15h et 20h&nbsp;: th\u00e9\u00e2tre Chronique d\u2019une ville sous exploitation latrinaire. A l\u2019Agoreine, BLR.<\/li>\n<\/ul>\n\n\n\n<h2 class=\"wp-block-heading\">Environnement<\/h2>\n\n\n\n<ul class=\"wp-block-list\">\n<li>Samedi 6 avril \u00e0 15h&nbsp;: atelier z\u00e9ro d\u00e9chet. Espace Fran\u00e7oise Dolto \u00e0 BLR.<\/li>\n\n\n\n<li>Du 30 mars au 28 avril. Exposition Floraison. Domaine d\u00e9partemental de Sceaux.<\/li>\n\n\n\n<li>Samedi 6 et dimanche 7 avril, de 7h45 \u00e0 12h30&nbsp;: sorties Nature LPO au Parc de Sceaux.<\/li>\n<\/ul>\n\n\n\n<h2 class=\"wp-block-heading\">Sport<\/h2>\n\n\n\n<ul class=\"wp-block-list\">\n<li>Dimanche 7 \u00e0 11h&nbsp;: cyclo rollers. D\u00e9part, place Condorcet, \u00e0 BLR.<\/li>\n\n\n\n<li>Du 9 avril au 5 mai&nbsp;: exposition Sport et litt\u00e9rature \u00e0 la M\u00e9diath\u00e8que de BLR.<\/li>\n<\/ul>\n\n\n\n<h2 class=\"wp-block-heading\">Boutiques<\/h2>\n\n\n\n<ul class=\"wp-block-list\">\n<li>Vendredi 5 avril&nbsp;: nocturnes des Blagis au centre commercial.<\/li>\n\n\n\n<li>Samedi 20 avril&nbsp;: March\u00e9 d\u2019Hanami avec l\u2019Union des commer\u00e7ants, rue Houdan, Sceaux.<\/li>\n<\/ul>\n\n\n\n<h2 class=\"wp-block-heading has-luminous-vivid-amber-background-color has-background\"><strong>CINEMAS<\/strong><\/h2>\n\n\n\n<h2 class=\"wp-block-heading\"><br>Le Rex<\/h2>\n\n\n\n<p>Du 3 au 9 avril&nbsp;: <em>Black flies<\/em> (de Jean-St\u00e9phane Sauvaire)&nbsp;; <em>Pas de vagues<\/em> (de Teddy Lussi-Modeste)&nbsp;; <em>Averro\u00e8s et Rosa Parks<\/em> (de Nicolas Philibert).<\/p>\n\n\n\n<p>Du 10 au 16 avril&nbsp;: <em>Rosalie<\/em> (de St\u00e9phanie Di Giusto)&nbsp;; <em>Et plus si affinit\u00e9s<\/em> (de Olivier Ducray).<\/p>\n\n\n\n<p>Du 17 au 23 avril&nbsp;: <em>Borgo<\/em> (de St\u00e9phane Demoustier)&nbsp;; <em>Ici et l\u00e0-bas<\/em> (de Ludovic Bernard)&nbsp;; <em>Drive-Away Dolls <\/em>(de Ethan Coen)&nbsp;; <em>le crime de Monsieur Lange<\/em> (de jean Renoir).<\/p>\n\n\n\n<p><strong>Programme jeune public<\/strong><\/p>\n\n\n\n<p>Du 3 au 9 avril&nbsp;: <em>Non-Non r\u00e9tr\u00e9cit<\/em> et <em>Non-Non dans l\u2019espace<\/em> ; (de Wassim Boutaleb Joutel) ; <em>les explorateurs&nbsp;: l\u2019aventure fantastique<\/em> (de Gonzalo Gutieriez) ; <em>Les aventuriers de l\u2019arche de No\u00e9<\/em> (de Sergio Machado).<\/p>\n\n\n\n<p>Du 10 au 16 avril&nbsp;: <em>Pat et Mat ; un dernier tour de vis<\/em> (de Marek Benes) ; <em>Kung-Fu Panda 4 <\/em>(de Mike Mitchell) ; <em>Ducobu passe au vert<\/em> (d\u2019Elie Semoun).<\/p>\n\n\n\n<p>Vendredi 12 \u00e0 14h 30&nbsp;: <em>Harry Potter et l\u2019ordre du Ph\u00e9nix <\/em>(de David Yates).<\/p>\n\n\n\n<p>Vendredi 19 \u00e0 14h : <em>Harry Potter et le prince de sang-m\u00eal\u00e9 <\/em>(de David Yates).<\/p>\n\n\n\n<h2 class=\"wp-block-heading\">Le Scarron<\/h2>\n\n\n\n<p>Du 3 au 9 avril&nbsp;: <em>Chroniques de T\u00e9h\u00e9ran<\/em> (d\u2019Ali Asgari et Alireza Khatami) ; <em>Il reste encore demain<\/em> (de Paola Cortellesi) ; <em>L\u2019antilope d\u2019or, la renarde et le li\u00e8vre<\/em> (animation de Lev Atamanov) ; <em>Une vie de chat (animation d\u2019Alain Gagnol).<\/em><\/p>\n\n\n\n<p>Du 10 au 16 avril&nbsp;: <em>Krisha et le ma\u00eetre de la for\u00eat<\/em> (animation de Jaebeom Park) ; <em>Laissez-moi<\/em> (de Maxime Rappaz)&nbsp;; <em>Les rois de la piste<\/em> (de Thierry Klifa).<\/p>\n\n\n\n<h2 class=\"wp-block-heading\">Le Trianon&nbsp;<\/h2>\n\n\n\n<p>Du 3 au 9 avril&nbsp;: <em>Le jeu de la reine<\/em> (de Karim A\u00efnouz) ; <em>Une famille<\/em> (de Christine Angot) ; Mars express (de J\u00e9r\u00e9mie P\u00e9rin) ; <em>Non-Non dans l\u2019espace <\/em>(de Wassim Boutaleb Joutel).<\/p>\n\n\n\n<p>Du 10 au 16 avril&nbsp;: <em>le jeu de la reine <\/em>(de Karim A\u00efnouz) ; <em>la promesse verte<\/em> (d\u2019Edouard Bergeon) ; <em>los delincuentes <\/em>(de Rodrigo Moreno) ; <em>Vampire humaniste cherche suicidaire consentant<\/em> (d\u2019Ariane Louis-Seize) ; <em>Non-Non dans l\u2019espace<\/em> (de Wassim Boutaleb Joutel).<\/p>\n","protected":false},"excerpt":{"rendered":"<p>Hanami, la f\u00eate du printemps au Domaine de Sceaux Hanami, c\u2019est la f\u00eate des fleurs au Japon. La Gazette en a expliqu\u00e9 les racines japonaises dans cet article. Le parc de Sceaux est le lieu privil\u00e9gi\u00e9 de cette f\u00eate pour les Japonais vivants en Ile-de-France, en raison de ses nombreux&#8230;<\/p>\n","protected":false},"author":11,"featured_media":39820,"comment_status":"open","ping_status":"open","sticky":false,"template":"","format":"standard","meta":{"om_disable_all_campaigns":false,"_monsterinsights_skip_tracking":false,"_monsterinsights_sitenote_active":false,"_monsterinsights_sitenote_note":"","_monsterinsights_sitenote_category":0,"_uf_show_specific_survey":0,"_uf_disable_surveys":false,"footnotes":""},"categories":[253],"tags":[],"class_list":["post-40651","post","type-post","status-publish","format-standard","has-post-thumbnail","hentry","category-manifestations-locales","entry","simple"],"yoast_head":"<!-- This site is optimized with the Yoast SEO plugin v25.6 - https:\/\/yoast.com\/wordpress\/plugins\/seo\/ -->\n<title>\u00c9v\u00e9nements du 5 au 21 avril - La Gazette<\/title>\n<meta name=\"robots\" content=\"index, follow, max-snippet:-1, max-image-preview:large, max-video-preview:-1\" \/>\n<link rel=\"canonical\" href=\"https:\/\/sceaux-lagazette.fr\/index.php\/2024\/04\/05\/evenements-du-5-au-21-avril\/\" \/>\n<meta property=\"og:locale\" content=\"fr_FR\" \/>\n<meta property=\"og:type\" content=\"article\" \/>\n<meta property=\"og:title\" content=\"\u00c9v\u00e9nements du 5 au 21 avril - La Gazette\" \/>\n<meta property=\"og:description\" content=\"Hanami, la f\u00eate du printemps au Domaine de Sceaux Hanami, c\u2019est la f\u00eate des fleurs au Japon. La Gazette en a expliqu\u00e9 les racines japonaises dans cet article. Le parc de Sceaux est le lieu privil\u00e9gi\u00e9 de cette f\u00eate pour les Japonais vivants en Ile-de-France, en raison de ses nombreux&#8230;\" \/>\n<meta property=\"og:url\" content=\"https:\/\/sceaux-lagazette.fr\/index.php\/2024\/04\/05\/evenements-du-5-au-21-avril\/\" \/>\n<meta property=\"og:site_name\" content=\"La Gazette\" \/>\n<meta property=\"article:published_time\" content=\"2024-04-05T07:06:53+00:00\" \/>\n<meta property=\"article:modified_time\" content=\"2024-04-05T08:02:12+00:00\" \/>\n<meta property=\"og:image\" content=\"https:\/\/sceaux-lagazette.fr\/wp-content\/uploads\/2024\/03\/20230416_102736HANANI.jpg\" \/>\n\t<meta property=\"og:image:width\" content=\"1920\" \/>\n\t<meta property=\"og:image:height\" content=\"1440\" \/>\n\t<meta property=\"og:image:type\" content=\"image\/jpeg\" \/>\n<meta name=\"author\" content=\"G\u00e9rard Bardier\" \/>\n<meta name=\"twitter:card\" content=\"summary_large_image\" \/>\n<meta name=\"twitter:label1\" content=\"\u00c9crit par\" \/>\n\t<meta name=\"twitter:data1\" content=\"G\u00e9rard Bardier\" \/>\n\t<meta name=\"twitter:label2\" content=\"Dur\u00e9e de lecture estim\u00e9e\" \/>\n\t<meta name=\"twitter:data2\" content=\"6 minutes\" \/>\n<script type=\"application\/ld+json\" class=\"yoast-schema-graph\">{\"@context\":\"https:\/\/schema.org\",\"@graph\":[{\"@type\":\"Article\",\"@id\":\"https:\/\/sceaux-lagazette.fr\/index.php\/2024\/04\/05\/evenements-du-5-au-21-avril\/#article\",\"isPartOf\":{\"@id\":\"https:\/\/sceaux-lagazette.fr\/index.php\/2024\/04\/05\/evenements-du-5-au-21-avril\/\"},\"author\":{\"name\":\"G\u00e9rard Bardier\",\"@id\":\"https:\/\/sceaux-lagazette.fr\/#\/schema\/person\/5650e206a121f68c6f5e76379bccfbc4\"},\"headline\":\"\u00c9v\u00e9nements du 5 au 21 avril\",\"datePublished\":\"2024-04-05T07:06:53+00:00\",\"dateModified\":\"2024-04-05T08:02:12+00:00\",\"mainEntityOfPage\":{\"@id\":\"https:\/\/sceaux-lagazette.fr\/index.php\/2024\/04\/05\/evenements-du-5-au-21-avril\/\"},\"wordCount\":1062,\"commentCount\":0,\"publisher\":{\"@id\":\"https:\/\/sceaux-lagazette.fr\/#organization\"},\"image\":{\"@id\":\"https:\/\/sceaux-lagazette.fr\/index.php\/2024\/04\/05\/evenements-du-5-au-21-avril\/#primaryimage\"},\"thumbnailUrl\":\"https:\/\/sceaux-lagazette.fr\/wp-content\/uploads\/2024\/03\/20230416_102736HANANI.jpg\",\"articleSection\":[\"Manifestations locales\"],\"inLanguage\":\"fr-FR\",\"potentialAction\":[{\"@type\":\"CommentAction\",\"name\":\"Comment\",\"target\":[\"https:\/\/sceaux-lagazette.fr\/index.php\/2024\/04\/05\/evenements-du-5-au-21-avril\/#respond\"]}]},{\"@type\":\"WebPage\",\"@id\":\"https:\/\/sceaux-lagazette.fr\/index.php\/2024\/04\/05\/evenements-du-5-au-21-avril\/\",\"url\":\"https:\/\/sceaux-lagazette.fr\/index.php\/2024\/04\/05\/evenements-du-5-au-21-avril\/\",\"name\":\"\u00c9v\u00e9nements du 5 au 21 avril - La Gazette\",\"isPartOf\":{\"@id\":\"https:\/\/sceaux-lagazette.fr\/#website\"},\"primaryImageOfPage\":{\"@id\":\"https:\/\/sceaux-lagazette.fr\/index.php\/2024\/04\/05\/evenements-du-5-au-21-avril\/#primaryimage\"},\"image\":{\"@id\":\"https:\/\/sceaux-lagazette.fr\/index.php\/2024\/04\/05\/evenements-du-5-au-21-avril\/#primaryimage\"},\"thumbnailUrl\":\"https:\/\/sceaux-lagazette.fr\/wp-content\/uploads\/2024\/03\/20230416_102736HANANI.jpg\",\"datePublished\":\"2024-04-05T07:06:53+00:00\",\"dateModified\":\"2024-04-05T08:02:12+00:00\",\"breadcrumb\":{\"@id\":\"https:\/\/sceaux-lagazette.fr\/index.php\/2024\/04\/05\/evenements-du-5-au-21-avril\/#breadcrumb\"},\"inLanguage\":\"fr-FR\",\"potentialAction\":[{\"@type\":\"ReadAction\",\"target\":[\"https:\/\/sceaux-lagazette.fr\/index.php\/2024\/04\/05\/evenements-du-5-au-21-avril\/\"]}]},{\"@type\":\"ImageObject\",\"inLanguage\":\"fr-FR\",\"@id\":\"https:\/\/sceaux-lagazette.fr\/index.php\/2024\/04\/05\/evenements-du-5-au-21-avril\/#primaryimage\",\"url\":\"https:\/\/sceaux-lagazette.fr\/wp-content\/uploads\/2024\/03\/20230416_102736HANANI.jpg\",\"contentUrl\":\"https:\/\/sceaux-lagazette.fr\/wp-content\/uploads\/2024\/03\/20230416_102736HANANI.jpg\",\"width\":1920,\"height\":1440},{\"@type\":\"BreadcrumbList\",\"@id\":\"https:\/\/sceaux-lagazette.fr\/index.php\/2024\/04\/05\/evenements-du-5-au-21-avril\/#breadcrumb\",\"itemListElement\":[{\"@type\":\"ListItem\",\"position\":1,\"name\":\"Accueil\",\"item\":\"https:\/\/sceaux-lagazette.fr\/\"},{\"@type\":\"ListItem\",\"position\":2,\"name\":\"\u00c9v\u00e9nements du 5 au 21 avril\"}]},{\"@type\":\"WebSite\",\"@id\":\"https:\/\/sceaux-lagazette.fr\/#website\",\"url\":\"https:\/\/sceaux-lagazette.fr\/\",\"name\":\"La Gazette\",\"description\":\"Bourg-la-Reine, Ch\u00e2tenay, Fontenay, Sceaux\",\"publisher\":{\"@id\":\"https:\/\/sceaux-lagazette.fr\/#organization\"},\"potentialAction\":[{\"@type\":\"SearchAction\",\"target\":{\"@type\":\"EntryPoint\",\"urlTemplate\":\"https:\/\/sceaux-lagazette.fr\/?s={search_term_string}\"},\"query-input\":{\"@type\":\"PropertyValueSpecification\",\"valueRequired\":true,\"valueName\":\"search_term_string\"}}],\"inLanguage\":\"fr-FR\"},{\"@type\":\"Organization\",\"@id\":\"https:\/\/sceaux-lagazette.fr\/#organization\",\"name\":\"La Gazette\",\"url\":\"https:\/\/sceaux-lagazette.fr\/\",\"logo\":{\"@type\":\"ImageObject\",\"inLanguage\":\"fr-FR\",\"@id\":\"https:\/\/sceaux-lagazette.fr\/#\/schema\/logo\/image\/\",\"url\":\"https:\/\/sceaux-lagazette.fr\/wp-content\/uploads\/2025\/08\/Logo-Gazette-Aout-2025-V3.jpg\",\"contentUrl\":\"https:\/\/sceaux-lagazette.fr\/wp-content\/uploads\/2025\/08\/Logo-Gazette-Aout-2025-V3.jpg\",\"width\":525,\"height\":130,\"caption\":\"La Gazette\"},\"image\":{\"@id\":\"https:\/\/sceaux-lagazette.fr\/#\/schema\/logo\/image\/\"}},{\"@type\":\"Person\",\"@id\":\"https:\/\/sceaux-lagazette.fr\/#\/schema\/person\/5650e206a121f68c6f5e76379bccfbc4\",\"name\":\"G\u00e9rard Bardier\",\"image\":{\"@type\":\"ImageObject\",\"inLanguage\":\"fr-FR\",\"@id\":\"https:\/\/sceaux-lagazette.fr\/#\/schema\/person\/image\/\",\"url\":\"https:\/\/secure.gravatar.com\/avatar\/5cf4391ef9dbc0367750202561279a29?s=96&r=g\",\"contentUrl\":\"https:\/\/secure.gravatar.com\/avatar\/5cf4391ef9dbc0367750202561279a29?s=96&r=g\",\"caption\":\"G\u00e9rard Bardier\"},\"url\":\"https:\/\/sceaux-lagazette.fr\/index.php\/author\/gb\/\"}]}<\/script>\n<!-- \/ Yoast SEO plugin. -->","yoast_head_json":{"title":"\u00c9v\u00e9nements du 5 au 21 avril - La Gazette","robots":{"index":"index","follow":"follow","max-snippet":"max-snippet:-1","max-image-preview":"max-image-preview:large","max-video-preview":"max-video-preview:-1"},"canonical":"https:\/\/sceaux-lagazette.fr\/index.php\/2024\/04\/05\/evenements-du-5-au-21-avril\/","og_locale":"fr_FR","og_type":"article","og_title":"\u00c9v\u00e9nements du 5 au 21 avril - La Gazette","og_description":"Hanami, la f\u00eate du printemps au Domaine de Sceaux Hanami, c\u2019est la f\u00eate des fleurs au Japon. La Gazette en a expliqu\u00e9 les racines japonaises dans cet article. Le parc de Sceaux est le lieu privil\u00e9gi\u00e9 de cette f\u00eate pour les Japonais vivants en Ile-de-France, en raison de ses nombreux&#8230;","og_url":"https:\/\/sceaux-lagazette.fr\/index.php\/2024\/04\/05\/evenements-du-5-au-21-avril\/","og_site_name":"La Gazette","article_published_time":"2024-04-05T07:06:53+00:00","article_modified_time":"2024-04-05T08:02:12+00:00","og_image":[{"width":1920,"height":1440,"url":"https:\/\/sceaux-lagazette.fr\/wp-content\/uploads\/2024\/03\/20230416_102736HANANI.jpg","type":"image\/jpeg"}],"author":"G\u00e9rard Bardier","twitter_card":"summary_large_image","twitter_misc":{"\u00c9crit par":"G\u00e9rard Bardier","Dur\u00e9e de lecture estim\u00e9e":"6 minutes"},"schema":{"@context":"https:\/\/schema.org","@graph":[{"@type":"Article","@id":"https:\/\/sceaux-lagazette.fr\/index.php\/2024\/04\/05\/evenements-du-5-au-21-avril\/#article","isPartOf":{"@id":"https:\/\/sceaux-lagazette.fr\/index.php\/2024\/04\/05\/evenements-du-5-au-21-avril\/"},"author":{"name":"G\u00e9rard Bardier","@id":"https:\/\/sceaux-lagazette.fr\/#\/schema\/person\/5650e206a121f68c6f5e76379bccfbc4"},"headline":"\u00c9v\u00e9nements du 5 au 21 avril","datePublished":"2024-04-05T07:06:53+00:00","dateModified":"2024-04-05T08:02:12+00:00","mainEntityOfPage":{"@id":"https:\/\/sceaux-lagazette.fr\/index.php\/2024\/04\/05\/evenements-du-5-au-21-avril\/"},"wordCount":1062,"commentCount":0,"publisher":{"@id":"https:\/\/sceaux-lagazette.fr\/#organization"},"image":{"@id":"https:\/\/sceaux-lagazette.fr\/index.php\/2024\/04\/05\/evenements-du-5-au-21-avril\/#primaryimage"},"thumbnailUrl":"https:\/\/sceaux-lagazette.fr\/wp-content\/uploads\/2024\/03\/20230416_102736HANANI.jpg","articleSection":["Manifestations locales"],"inLanguage":"fr-FR","potentialAction":[{"@type":"CommentAction","name":"Comment","target":["https:\/\/sceaux-lagazette.fr\/index.php\/2024\/04\/05\/evenements-du-5-au-21-avril\/#respond"]}]},{"@type":"WebPage","@id":"https:\/\/sceaux-lagazette.fr\/index.php\/2024\/04\/05\/evenements-du-5-au-21-avril\/","url":"https:\/\/sceaux-lagazette.fr\/index.php\/2024\/04\/05\/evenements-du-5-au-21-avril\/","name":"\u00c9v\u00e9nements du 5 au 21 avril - La Gazette","isPartOf":{"@id":"https:\/\/sceaux-lagazette.fr\/#website"},"primaryImageOfPage":{"@id":"https:\/\/sceaux-lagazette.fr\/index.php\/2024\/04\/05\/evenements-du-5-au-21-avril\/#primaryimage"},"image":{"@id":"https:\/\/sceaux-lagazette.fr\/index.php\/2024\/04\/05\/evenements-du-5-au-21-avril\/#primaryimage"},"thumbnailUrl":"https:\/\/sceaux-lagazette.fr\/wp-content\/uploads\/2024\/03\/20230416_102736HANANI.jpg","datePublished":"2024-04-05T07:06:53+00:00","dateModified":"2024-04-05T08:02:12+00:00","breadcrumb":{"@id":"https:\/\/sceaux-lagazette.fr\/index.php\/2024\/04\/05\/evenements-du-5-au-21-avril\/#breadcrumb"},"inLanguage":"fr-FR","potentialAction":[{"@type":"ReadAction","target":["https:\/\/sceaux-lagazette.fr\/index.php\/2024\/04\/05\/evenements-du-5-au-21-avril\/"]}]},{"@type":"ImageObject","inLanguage":"fr-FR","@id":"https:\/\/sceaux-lagazette.fr\/index.php\/2024\/04\/05\/evenements-du-5-au-21-avril\/#primaryimage","url":"https:\/\/sceaux-lagazette.fr\/wp-content\/uploads\/2024\/03\/20230416_102736HANANI.jpg","contentUrl":"https:\/\/sceaux-lagazette.fr\/wp-content\/uploads\/2024\/03\/20230416_102736HANANI.jpg","width":1920,"height":1440},{"@type":"BreadcrumbList","@id":"https:\/\/sceaux-lagazette.fr\/index.php\/2024\/04\/05\/evenements-du-5-au-21-avril\/#breadcrumb","itemListElement":[{"@type":"ListItem","position":1,"name":"Accueil","item":"https:\/\/sceaux-lagazette.fr\/"},{"@type":"ListItem","position":2,"name":"\u00c9v\u00e9nements du 5 au 21 avril"}]},{"@type":"WebSite","@id":"https:\/\/sceaux-lagazette.fr\/#website","url":"https:\/\/sceaux-lagazette.fr\/","name":"La Gazette","description":"Bourg-la-Reine, Ch\u00e2tenay, Fontenay, Sceaux","publisher":{"@id":"https:\/\/sceaux-lagazette.fr\/#organization"},"potentialAction":[{"@type":"SearchAction","target":{"@type":"EntryPoint","urlTemplate":"https:\/\/sceaux-lagazette.fr\/?s={search_term_string}"},"query-input":{"@type":"PropertyValueSpecification","valueRequired":true,"valueName":"search_term_string"}}],"inLanguage":"fr-FR"},{"@type":"Organization","@id":"https:\/\/sceaux-lagazette.fr\/#organization","name":"La Gazette","url":"https:\/\/sceaux-lagazette.fr\/","logo":{"@type":"ImageObject","inLanguage":"fr-FR","@id":"https:\/\/sceaux-lagazette.fr\/#\/schema\/logo\/image\/","url":"https:\/\/sceaux-lagazette.fr\/wp-content\/uploads\/2025\/08\/Logo-Gazette-Aout-2025-V3.jpg","contentUrl":"https:\/\/sceaux-lagazette.fr\/wp-content\/uploads\/2025\/08\/Logo-Gazette-Aout-2025-V3.jpg","width":525,"height":130,"caption":"La Gazette"},"image":{"@id":"https:\/\/sceaux-lagazette.fr\/#\/schema\/logo\/image\/"}},{"@type":"Person","@id":"https:\/\/sceaux-lagazette.fr\/#\/schema\/person\/5650e206a121f68c6f5e76379bccfbc4","name":"G\u00e9rard Bardier","image":{"@type":"ImageObject","inLanguage":"fr-FR","@id":"https:\/\/sceaux-lagazette.fr\/#\/schema\/person\/image\/","url":"https:\/\/secure.gravatar.com\/avatar\/5cf4391ef9dbc0367750202561279a29?s=96&r=g","contentUrl":"https:\/\/secure.gravatar.com\/avatar\/5cf4391ef9dbc0367750202561279a29?s=96&r=g","caption":"G\u00e9rard Bardier"},"url":"https:\/\/sceaux-lagazette.fr\/index.php\/author\/gb\/"}]}},"cc_featured_image_caption":{"caption_text":"Photo GB","source_text":"","source_url":""},"_links":{"self":[{"href":"https:\/\/sceaux-lagazette.fr\/index.php\/wp-json\/wp\/v2\/posts\/40651"}],"collection":[{"href":"https:\/\/sceaux-lagazette.fr\/index.php\/wp-json\/wp\/v2\/posts"}],"about":[{"href":"https:\/\/sceaux-lagazette.fr\/index.php\/wp-json\/wp\/v2\/types\/post"}],"author":[{"embeddable":true,"href":"https:\/\/sceaux-lagazette.fr\/index.php\/wp-json\/wp\/v2\/users\/11"}],"replies":[{"embeddable":true,"href":"https:\/\/sceaux-lagazette.fr\/index.php\/wp-json\/wp\/v2\/comments?post=40651"}],"version-history":[{"count":5,"href":"https:\/\/sceaux-lagazette.fr\/index.php\/wp-json\/wp\/v2\/posts\/40651\/revisions"}],"predecessor-version":[{"id":40661,"href":"https:\/\/sceaux-lagazette.fr\/index.php\/wp-json\/wp\/v2\/posts\/40651\/revisions\/40661"}],"wp:featuredmedia":[{"embeddable":true,"href":"https:\/\/sceaux-lagazette.fr\/index.php\/wp-json\/wp\/v2\/media\/39820"}],"wp:attachment":[{"href":"https:\/\/sceaux-lagazette.fr\/index.php\/wp-json\/wp\/v2\/media?parent=40651"}],"wp:term":[{"taxonomy":"category","embeddable":true,"href":"https:\/\/sceaux-lagazette.fr\/index.php\/wp-json\/wp\/v2\/categories?post=40651"},{"taxonomy":"post_tag","embeddable":true,"href":"https:\/\/sceaux-lagazette.fr\/index.php\/wp-json\/wp\/v2\/tags?post=40651"}],"curies":[{"name":"wp","href":"https:\/\/api.w.org\/{rel}","templated":true}]}}