{"id":404,"date":"2020-05-10T09:41:02","date_gmt":"2020-05-10T07:41:02","guid":{"rendered":"http:\/\/sceaux-lagazette.fr\/?p=404"},"modified":"2020-08-03T09:58:41","modified_gmt":"2020-08-03T07:58:41","slug":"une-nourriture-saine-et-solidaire","status":"publish","type":"post","link":"https:\/\/sceaux-lagazette.fr\/index.php\/2020\/05\/10\/une-nourriture-saine-et-solidaire\/","title":{"rendered":"Sant\u00e9, solidarit\u00e9"},"content":{"rendered":"\n<p>Une AMAP pour ceux qui l&rsquo;ignorent encore, d\u00e9signe une Association pour le Maintien d\u2019une Agriculture Paysanne. Celle de Sceaux a rouvert depuis 1 an d\u00e9j\u00e0, gr\u00e2ce \u00e0 des Sc\u00e9ennes motiv\u00e9es, b\u00e9n\u00e9voles, et convaincues des b\u00e9n\u00e9fices d\u2019une alimentation locale et de saison, au profit de petits mara\u00eechers ind\u00e9pendants. <\/p>\n\n\n\n<p>Chaque semaine, les r\u00e9coltes de fruits et l\u00e9gumes de Vincent, mara\u00eecher install\u00e9 non loin de Sceaux, font la joie des familles sc\u00e9ennes inscrites \u00e0 l\u2019AMAP, dont la mienne. <br>Au-del\u00e0 de ces paniers de qualit\u00e9, l\u2019AMAP est pour moi un mod\u00e8le de solidarit\u00e9 : les pr\u00e9parations des paniers et leur distribution sont assur\u00e9es par les membres de l\u2019AMAP, de fa\u00e7on b\u00e9n\u00e9vole et \u00e0 tour de r\u00f4le au sein de la MJC le samedi matin.<\/p>\n\n\n\n<p>Durant le confinement, cette organisation a d\u00fb \u00eatre enti\u00e8rement revue, afin de r\u00e9pondre aux contraintes sanitaires. Apr\u00e8s \u00e9changes avec les membres de l\u2019AMAP et le mara\u00eecher, une solution efficace a \u00e9t\u00e9 mise en place, permettant le maintien de la livraison \u00e0 chaque famille sc\u00e9enne.<br>Pour limiter les contacts, il fallait r\u00e9ceptionner toutes les productions, pr\u00e9parer chaque panier par famille, trouver parmi les familles un \u00ab responsable \u00bb par quartier pouvant venir r\u00e9cup\u00e9rer et livrer les paniers des familles voisines de son quartier.<\/p>\n\n\n\n<p>Un exemple que je trouve inspirant pour retisser des liens entre voisins gr\u00e2ce \u00e0 l\u2019investissement et la bonne volont\u00e9 de chacun.<\/p>\n","protected":false},"excerpt":{"rendered":"<p>Une AMAP pour ceux qui l&rsquo;ignorent encore, d\u00e9signe une Association pour le Maintien d\u2019une Agriculture Paysanne. Celle de Sceaux a rouvert depuis 1 an d\u00e9j\u00e0, gr\u00e2ce \u00e0 des Sc\u00e9ennes motiv\u00e9es, b\u00e9n\u00e9voles, et convaincues des b\u00e9n\u00e9fices d\u2019une alimentation locale et de saison, au profit de petits mara\u00eechers ind\u00e9pendants. Chaque semaine, les&#8230;<\/p>\n","protected":false},"author":9,"featured_media":432,"comment_status":"open","ping_status":"open","sticky":false,"template":"","format":"standard","meta":{"om_disable_all_campaigns":false,"_monsterinsights_skip_tracking":false,"_monsterinsights_sitenote_active":false,"_monsterinsights_sitenote_note":"","_monsterinsights_sitenote_category":0,"_uf_show_specific_survey":0,"_uf_disable_surveys":false,"footnotes":""},"categories":[232,51],"tags":[63,66,67,64,65],"class_list":["post-404","post","type-post","status-publish","format-standard","has-post-thumbnail","hentry","category-au-quotidien","category-competences-sceennes","tag-alimentation","tag-amap","tag-benevolat","tag-confinement","tag-solidarite","entry","simple"],"yoast_head":"<!-- This site is optimized with the Yoast SEO plugin v25.6 - https:\/\/yoast.com\/wordpress\/plugins\/seo\/ -->\n<title>Sant\u00e9, solidarit\u00e9 - La Gazette<\/title>\n<meta name=\"robots\" content=\"index, follow, max-snippet:-1, max-image-preview:large, max-video-preview:-1\" \/>\n<link rel=\"canonical\" href=\"https:\/\/sceaux-lagazette.fr\/index.php\/2020\/05\/10\/une-nourriture-saine-et-solidaire\/\" \/>\n<meta property=\"og:locale\" content=\"fr_FR\" \/>\n<meta property=\"og:type\" content=\"article\" \/>\n<meta property=\"og:title\" content=\"Sant\u00e9, solidarit\u00e9 - La Gazette\" \/>\n<meta property=\"og:description\" content=\"Une AMAP pour ceux qui l&rsquo;ignorent encore, d\u00e9signe une Association pour le Maintien d\u2019une Agriculture Paysanne. Celle de Sceaux a rouvert depuis 1 an d\u00e9j\u00e0, gr\u00e2ce \u00e0 des Sc\u00e9ennes motiv\u00e9es, b\u00e9n\u00e9voles, et convaincues des b\u00e9n\u00e9fices d\u2019une alimentation locale et de saison, au profit de petits mara\u00eechers ind\u00e9pendants. Chaque semaine, les&#8230;\" \/>\n<meta property=\"og:url\" content=\"https:\/\/sceaux-lagazette.fr\/index.php\/2020\/05\/10\/une-nourriture-saine-et-solidaire\/\" \/>\n<meta property=\"og:site_name\" content=\"La Gazette\" \/>\n<meta property=\"article:published_time\" content=\"2020-05-10T07:41:02+00:00\" \/>\n<meta property=\"article:modified_time\" content=\"2020-08-03T07:58:41+00:00\" \/>\n<meta property=\"og:image\" content=\"https:\/\/sceaux-lagazette.fr\/wp-content\/uploads\/2020\/05\/elaine-casap-qgHGDbbSNm8-unsplash-scaled.jpg\" \/>\n\t<meta property=\"og:image:width\" content=\"2560\" \/>\n\t<meta property=\"og:image:height\" content=\"1707\" \/>\n\t<meta property=\"og:image:type\" content=\"image\/jpeg\" \/>\n<meta name=\"author\" content=\"CB\" \/>\n<meta name=\"twitter:card\" content=\"summary_large_image\" \/>\n<meta name=\"twitter:label1\" content=\"\u00c9crit par\" \/>\n\t<meta name=\"twitter:data1\" content=\"CB\" \/>\n\t<meta name=\"twitter:label2\" content=\"Dur\u00e9e de lecture estim\u00e9e\" \/>\n\t<meta name=\"twitter:data2\" content=\"1 minute\" \/>\n<script type=\"application\/ld+json\" class=\"yoast-schema-graph\">{\"@context\":\"https:\/\/schema.org\",\"@graph\":[{\"@type\":\"Article\",\"@id\":\"https:\/\/sceaux-lagazette.fr\/index.php\/2020\/05\/10\/une-nourriture-saine-et-solidaire\/#article\",\"isPartOf\":{\"@id\":\"https:\/\/sceaux-lagazette.fr\/index.php\/2020\/05\/10\/une-nourriture-saine-et-solidaire\/\"},\"author\":{\"name\":\"CB\",\"@id\":\"https:\/\/sceaux-lagazette.fr\/#\/schema\/person\/57b79140fe2f014671391e6d5f6c2cc2\"},\"headline\":\"Sant\u00e9, solidarit\u00e9\",\"datePublished\":\"2020-05-10T07:41:02+00:00\",\"dateModified\":\"2020-08-03T07:58:41+00:00\",\"mainEntityOfPage\":{\"@id\":\"https:\/\/sceaux-lagazette.fr\/index.php\/2020\/05\/10\/une-nourriture-saine-et-solidaire\/\"},\"wordCount\":256,\"commentCount\":0,\"publisher\":{\"@id\":\"https:\/\/sceaux-lagazette.fr\/#organization\"},\"image\":{\"@id\":\"https:\/\/sceaux-lagazette.fr\/index.php\/2020\/05\/10\/une-nourriture-saine-et-solidaire\/#primaryimage\"},\"thumbnailUrl\":\"https:\/\/sceaux-lagazette.fr\/wp-content\/uploads\/2020\/05\/elaine-casap-qgHGDbbSNm8-unsplash-scaled.jpg\",\"keywords\":[\"Alimentation\",\"AMAP\",\"B\u00e9n\u00e9volat\",\"Confinement\",\"Solidarit\u00e9\"],\"articleSection\":[\"Au quotidien\",\"Comp\u00e9tences sc\u00e9ennes\"],\"inLanguage\":\"fr-FR\",\"potentialAction\":[{\"@type\":\"CommentAction\",\"name\":\"Comment\",\"target\":[\"https:\/\/sceaux-lagazette.fr\/index.php\/2020\/05\/10\/une-nourriture-saine-et-solidaire\/#respond\"]}]},{\"@type\":\"WebPage\",\"@id\":\"https:\/\/sceaux-lagazette.fr\/index.php\/2020\/05\/10\/une-nourriture-saine-et-solidaire\/\",\"url\":\"https:\/\/sceaux-lagazette.fr\/index.php\/2020\/05\/10\/une-nourriture-saine-et-solidaire\/\",\"name\":\"Sant\u00e9, solidarit\u00e9 - La Gazette\",\"isPartOf\":{\"@id\":\"https:\/\/sceaux-lagazette.fr\/#website\"},\"primaryImageOfPage\":{\"@id\":\"https:\/\/sceaux-lagazette.fr\/index.php\/2020\/05\/10\/une-nourriture-saine-et-solidaire\/#primaryimage\"},\"image\":{\"@id\":\"https:\/\/sceaux-lagazette.fr\/index.php\/2020\/05\/10\/une-nourriture-saine-et-solidaire\/#primaryimage\"},\"thumbnailUrl\":\"https:\/\/sceaux-lagazette.fr\/wp-content\/uploads\/2020\/05\/elaine-casap-qgHGDbbSNm8-unsplash-scaled.jpg\",\"datePublished\":\"2020-05-10T07:41:02+00:00\",\"dateModified\":\"2020-08-03T07:58:41+00:00\",\"breadcrumb\":{\"@id\":\"https:\/\/sceaux-lagazette.fr\/index.php\/2020\/05\/10\/une-nourriture-saine-et-solidaire\/#breadcrumb\"},\"inLanguage\":\"fr-FR\",\"potentialAction\":[{\"@type\":\"ReadAction\",\"target\":[\"https:\/\/sceaux-lagazette.fr\/index.php\/2020\/05\/10\/une-nourriture-saine-et-solidaire\/\"]}]},{\"@type\":\"ImageObject\",\"inLanguage\":\"fr-FR\",\"@id\":\"https:\/\/sceaux-lagazette.fr\/index.php\/2020\/05\/10\/une-nourriture-saine-et-solidaire\/#primaryimage\",\"url\":\"https:\/\/sceaux-lagazette.fr\/wp-content\/uploads\/2020\/05\/elaine-casap-qgHGDbbSNm8-unsplash-scaled.jpg\",\"contentUrl\":\"https:\/\/sceaux-lagazette.fr\/wp-content\/uploads\/2020\/05\/elaine-casap-qgHGDbbSNm8-unsplash-scaled.jpg\",\"width\":2560,\"height\":1707},{\"@type\":\"BreadcrumbList\",\"@id\":\"https:\/\/sceaux-lagazette.fr\/index.php\/2020\/05\/10\/une-nourriture-saine-et-solidaire\/#breadcrumb\",\"itemListElement\":[{\"@type\":\"ListItem\",\"position\":1,\"name\":\"Accueil\",\"item\":\"https:\/\/sceaux-lagazette.fr\/\"},{\"@type\":\"ListItem\",\"position\":2,\"name\":\"Sant\u00e9, solidarit\u00e9\"}]},{\"@type\":\"WebSite\",\"@id\":\"https:\/\/sceaux-lagazette.fr\/#website\",\"url\":\"https:\/\/sceaux-lagazette.fr\/\",\"name\":\"La Gazette\",\"description\":\"Bourg-la-Reine, Ch\u00e2tenay, Fontenay, Sceaux\",\"publisher\":{\"@id\":\"https:\/\/sceaux-lagazette.fr\/#organization\"},\"potentialAction\":[{\"@type\":\"SearchAction\",\"target\":{\"@type\":\"EntryPoint\",\"urlTemplate\":\"https:\/\/sceaux-lagazette.fr\/?s={search_term_string}\"},\"query-input\":{\"@type\":\"PropertyValueSpecification\",\"valueRequired\":true,\"valueName\":\"search_term_string\"}}],\"inLanguage\":\"fr-FR\"},{\"@type\":\"Organization\",\"@id\":\"https:\/\/sceaux-lagazette.fr\/#organization\",\"name\":\"La Gazette\",\"url\":\"https:\/\/sceaux-lagazette.fr\/\",\"logo\":{\"@type\":\"ImageObject\",\"inLanguage\":\"fr-FR\",\"@id\":\"https:\/\/sceaux-lagazette.fr\/#\/schema\/logo\/image\/\",\"url\":\"https:\/\/sceaux-lagazette.fr\/wp-content\/uploads\/2025\/08\/Logo-Gazette-Aout-2025-V3.jpg\",\"contentUrl\":\"https:\/\/sceaux-lagazette.fr\/wp-content\/uploads\/2025\/08\/Logo-Gazette-Aout-2025-V3.jpg\",\"width\":525,\"height\":130,\"caption\":\"La Gazette\"},\"image\":{\"@id\":\"https:\/\/sceaux-lagazette.fr\/#\/schema\/logo\/image\/\"}},{\"@type\":\"Person\",\"@id\":\"https:\/\/sceaux-lagazette.fr\/#\/schema\/person\/57b79140fe2f014671391e6d5f6c2cc2\",\"name\":\"CB\",\"image\":{\"@type\":\"ImageObject\",\"inLanguage\":\"fr-FR\",\"@id\":\"https:\/\/sceaux-lagazette.fr\/#\/schema\/person\/image\/\",\"url\":\"https:\/\/secure.gravatar.com\/avatar\/32390d1803e9415ed50d606641ba4847?s=96&r=g\",\"contentUrl\":\"https:\/\/secure.gravatar.com\/avatar\/32390d1803e9415ed50d606641ba4847?s=96&r=g\",\"caption\":\"CB\"},\"url\":\"https:\/\/sceaux-lagazette.fr\/index.php\/author\/cb\/\"}]}<\/script>\n<!-- \/ Yoast SEO plugin. -->","yoast_head_json":{"title":"Sant\u00e9, solidarit\u00e9 - La Gazette","robots":{"index":"index","follow":"follow","max-snippet":"max-snippet:-1","max-image-preview":"max-image-preview:large","max-video-preview":"max-video-preview:-1"},"canonical":"https:\/\/sceaux-lagazette.fr\/index.php\/2020\/05\/10\/une-nourriture-saine-et-solidaire\/","og_locale":"fr_FR","og_type":"article","og_title":"Sant\u00e9, solidarit\u00e9 - La Gazette","og_description":"Une AMAP pour ceux qui l&rsquo;ignorent encore, d\u00e9signe une Association pour le Maintien d\u2019une Agriculture Paysanne. Celle de Sceaux a rouvert depuis 1 an d\u00e9j\u00e0, gr\u00e2ce \u00e0 des Sc\u00e9ennes motiv\u00e9es, b\u00e9n\u00e9voles, et convaincues des b\u00e9n\u00e9fices d\u2019une alimentation locale et de saison, au profit de petits mara\u00eechers ind\u00e9pendants. Chaque semaine, les&#8230;","og_url":"https:\/\/sceaux-lagazette.fr\/index.php\/2020\/05\/10\/une-nourriture-saine-et-solidaire\/","og_site_name":"La Gazette","article_published_time":"2020-05-10T07:41:02+00:00","article_modified_time":"2020-08-03T07:58:41+00:00","og_image":[{"width":2560,"height":1707,"url":"https:\/\/sceaux-lagazette.fr\/wp-content\/uploads\/2020\/05\/elaine-casap-qgHGDbbSNm8-unsplash-scaled.jpg","type":"image\/jpeg"}],"author":"CB","twitter_card":"summary_large_image","twitter_misc":{"\u00c9crit par":"CB","Dur\u00e9e de lecture estim\u00e9e":"1 minute"},"schema":{"@context":"https:\/\/schema.org","@graph":[{"@type":"Article","@id":"https:\/\/sceaux-lagazette.fr\/index.php\/2020\/05\/10\/une-nourriture-saine-et-solidaire\/#article","isPartOf":{"@id":"https:\/\/sceaux-lagazette.fr\/index.php\/2020\/05\/10\/une-nourriture-saine-et-solidaire\/"},"author":{"name":"CB","@id":"https:\/\/sceaux-lagazette.fr\/#\/schema\/person\/57b79140fe2f014671391e6d5f6c2cc2"},"headline":"Sant\u00e9, solidarit\u00e9","datePublished":"2020-05-10T07:41:02+00:00","dateModified":"2020-08-03T07:58:41+00:00","mainEntityOfPage":{"@id":"https:\/\/sceaux-lagazette.fr\/index.php\/2020\/05\/10\/une-nourriture-saine-et-solidaire\/"},"wordCount":256,"commentCount":0,"publisher":{"@id":"https:\/\/sceaux-lagazette.fr\/#organization"},"image":{"@id":"https:\/\/sceaux-lagazette.fr\/index.php\/2020\/05\/10\/une-nourriture-saine-et-solidaire\/#primaryimage"},"thumbnailUrl":"https:\/\/sceaux-lagazette.fr\/wp-content\/uploads\/2020\/05\/elaine-casap-qgHGDbbSNm8-unsplash-scaled.jpg","keywords":["Alimentation","AMAP","B\u00e9n\u00e9volat","Confinement","Solidarit\u00e9"],"articleSection":["Au quotidien","Comp\u00e9tences sc\u00e9ennes"],"inLanguage":"fr-FR","potentialAction":[{"@type":"CommentAction","name":"Comment","target":["https:\/\/sceaux-lagazette.fr\/index.php\/2020\/05\/10\/une-nourriture-saine-et-solidaire\/#respond"]}]},{"@type":"WebPage","@id":"https:\/\/sceaux-lagazette.fr\/index.php\/2020\/05\/10\/une-nourriture-saine-et-solidaire\/","url":"https:\/\/sceaux-lagazette.fr\/index.php\/2020\/05\/10\/une-nourriture-saine-et-solidaire\/","name":"Sant\u00e9, solidarit\u00e9 - La Gazette","isPartOf":{"@id":"https:\/\/sceaux-lagazette.fr\/#website"},"primaryImageOfPage":{"@id":"https:\/\/sceaux-lagazette.fr\/index.php\/2020\/05\/10\/une-nourriture-saine-et-solidaire\/#primaryimage"},"image":{"@id":"https:\/\/sceaux-lagazette.fr\/index.php\/2020\/05\/10\/une-nourriture-saine-et-solidaire\/#primaryimage"},"thumbnailUrl":"https:\/\/sceaux-lagazette.fr\/wp-content\/uploads\/2020\/05\/elaine-casap-qgHGDbbSNm8-unsplash-scaled.jpg","datePublished":"2020-05-10T07:41:02+00:00","dateModified":"2020-08-03T07:58:41+00:00","breadcrumb":{"@id":"https:\/\/sceaux-lagazette.fr\/index.php\/2020\/05\/10\/une-nourriture-saine-et-solidaire\/#breadcrumb"},"inLanguage":"fr-FR","potentialAction":[{"@type":"ReadAction","target":["https:\/\/sceaux-lagazette.fr\/index.php\/2020\/05\/10\/une-nourriture-saine-et-solidaire\/"]}]},{"@type":"ImageObject","inLanguage":"fr-FR","@id":"https:\/\/sceaux-lagazette.fr\/index.php\/2020\/05\/10\/une-nourriture-saine-et-solidaire\/#primaryimage","url":"https:\/\/sceaux-lagazette.fr\/wp-content\/uploads\/2020\/05\/elaine-casap-qgHGDbbSNm8-unsplash-scaled.jpg","contentUrl":"https:\/\/sceaux-lagazette.fr\/wp-content\/uploads\/2020\/05\/elaine-casap-qgHGDbbSNm8-unsplash-scaled.jpg","width":2560,"height":1707},{"@type":"BreadcrumbList","@id":"https:\/\/sceaux-lagazette.fr\/index.php\/2020\/05\/10\/une-nourriture-saine-et-solidaire\/#breadcrumb","itemListElement":[{"@type":"ListItem","position":1,"name":"Accueil","item":"https:\/\/sceaux-lagazette.fr\/"},{"@type":"ListItem","position":2,"name":"Sant\u00e9, solidarit\u00e9"}]},{"@type":"WebSite","@id":"https:\/\/sceaux-lagazette.fr\/#website","url":"https:\/\/sceaux-lagazette.fr\/","name":"La Gazette","description":"Bourg-la-Reine, Ch\u00e2tenay, Fontenay, Sceaux","publisher":{"@id":"https:\/\/sceaux-lagazette.fr\/#organization"},"potentialAction":[{"@type":"SearchAction","target":{"@type":"EntryPoint","urlTemplate":"https:\/\/sceaux-lagazette.fr\/?s={search_term_string}"},"query-input":{"@type":"PropertyValueSpecification","valueRequired":true,"valueName":"search_term_string"}}],"inLanguage":"fr-FR"},{"@type":"Organization","@id":"https:\/\/sceaux-lagazette.fr\/#organization","name":"La Gazette","url":"https:\/\/sceaux-lagazette.fr\/","logo":{"@type":"ImageObject","inLanguage":"fr-FR","@id":"https:\/\/sceaux-lagazette.fr\/#\/schema\/logo\/image\/","url":"https:\/\/sceaux-lagazette.fr\/wp-content\/uploads\/2025\/08\/Logo-Gazette-Aout-2025-V3.jpg","contentUrl":"https:\/\/sceaux-lagazette.fr\/wp-content\/uploads\/2025\/08\/Logo-Gazette-Aout-2025-V3.jpg","width":525,"height":130,"caption":"La Gazette"},"image":{"@id":"https:\/\/sceaux-lagazette.fr\/#\/schema\/logo\/image\/"}},{"@type":"Person","@id":"https:\/\/sceaux-lagazette.fr\/#\/schema\/person\/57b79140fe2f014671391e6d5f6c2cc2","name":"CB","image":{"@type":"ImageObject","inLanguage":"fr-FR","@id":"https:\/\/sceaux-lagazette.fr\/#\/schema\/person\/image\/","url":"https:\/\/secure.gravatar.com\/avatar\/32390d1803e9415ed50d606641ba4847?s=96&r=g","contentUrl":"https:\/\/secure.gravatar.com\/avatar\/32390d1803e9415ed50d606641ba4847?s=96&r=g","caption":"CB"},"url":"https:\/\/sceaux-lagazette.fr\/index.php\/author\/cb\/"}]}},"cc_featured_image_caption":{"caption_text":false,"source_text":false,"source_url":false},"_links":{"self":[{"href":"https:\/\/sceaux-lagazette.fr\/index.php\/wp-json\/wp\/v2\/posts\/404"}],"collection":[{"href":"https:\/\/sceaux-lagazette.fr\/index.php\/wp-json\/wp\/v2\/posts"}],"about":[{"href":"https:\/\/sceaux-lagazette.fr\/index.php\/wp-json\/wp\/v2\/types\/post"}],"author":[{"embeddable":true,"href":"https:\/\/sceaux-lagazette.fr\/index.php\/wp-json\/wp\/v2\/users\/9"}],"replies":[{"embeddable":true,"href":"https:\/\/sceaux-lagazette.fr\/index.php\/wp-json\/wp\/v2\/comments?post=404"}],"version-history":[{"count":4,"href":"https:\/\/sceaux-lagazette.fr\/index.php\/wp-json\/wp\/v2\/posts\/404\/revisions"}],"predecessor-version":[{"id":464,"href":"https:\/\/sceaux-lagazette.fr\/index.php\/wp-json\/wp\/v2\/posts\/404\/revisions\/464"}],"wp:featuredmedia":[{"embeddable":true,"href":"https:\/\/sceaux-lagazette.fr\/index.php\/wp-json\/wp\/v2\/media\/432"}],"wp:attachment":[{"href":"https:\/\/sceaux-lagazette.fr\/index.php\/wp-json\/wp\/v2\/media?parent=404"}],"wp:term":[{"taxonomy":"category","embeddable":true,"href":"https:\/\/sceaux-lagazette.fr\/index.php\/wp-json\/wp\/v2\/categories?post=404"},{"taxonomy":"post_tag","embeddable":true,"href":"https:\/\/sceaux-lagazette.fr\/index.php\/wp-json\/wp\/v2\/tags?post=404"}],"curies":[{"name":"wp","href":"https:\/\/api.w.org\/{rel}","templated":true}]}}