{"id":3890,"date":"2021-04-30T11:40:18","date_gmt":"2021-04-30T09:40:18","guid":{"rendered":"https:\/\/sceaux-lagazette.fr\/?p=3890"},"modified":"2021-04-30T11:40:19","modified_gmt":"2021-04-30T09:40:19","slug":"les-clins-doeil-dedouard-philippe","status":"publish","type":"post","link":"https:\/\/sceaux-lagazette.fr\/index.php\/2021\/04\/30\/les-clins-doeil-dedouard-philippe\/","title":{"rendered":"Les clins d&rsquo;oeil d&rsquo;Edouard Philippe"},"content":{"rendered":"\n<p>Un des premiers jours du mois de mars 2017, alors que la candidature de Fran\u00e7ois Fillon prenait l\u2019eau de toutes parts, j\u2019ai annonc\u00e9 \u00e0 mon \u00e9pouse que je venais d\u2019entendre \u00e0 la radio un responsable politique que je ne connaissais pas, mais que j\u2019avais trouv\u00e9 tr\u00e8s bien, bien qu\u2019il soit de droite. Un peu plus de deux mois plus tard, ce responsable politique \u00e9tait nomm\u00e9 Premier ministre (je n\u2019y \u00e9tais bien s\u00fbr pour rien&nbsp;\ud83d\ude0a). Un de mes jeunes anciens coll\u00e8gues avec qui j\u2019\u00e9tais rest\u00e9 en lien, jupp\u00e9iste militant, m\u2019a expliqu\u00e9 qu\u2019un tel r\u00e9sultat (qui le r\u00e9jouissait) \u00e9tait d\u00e9routant apr\u00e8s deux d\u00e9faites r\u00e9centes successives(avec Jupp\u00e9 pour la primaire, avec Fillon pour la pr\u00e9sidentielle).<\/p>\n\n\n\n<p>Apr\u00e8s 1145 jours \u00e0 Matignon, \u00c9douard Philippe a repris ses activit\u00e9s de maire du Havre. Et il s\u2019est attel\u00e9 \u00e0 l\u2019\u00e9criture d\u2019un nouveau livre \u00e0 quatre mains, avec son ami de 20 ans Gilles Boyer.<strong> <em><a href=\"https:\/\/livre.fnac.com\/a15669111\/Edouard-Philippe-Impressions-et-lignes-claires\">Impressions et lignes claires<\/a><\/em><\/strong> est paru d\u00e9but avril aux \u00e9ditions Latt\u00e8s. \u00c9douard Philippe <a rel=\"noreferrer noopener\" href=\"https:\/\/www.ladepeche.fr\/2021\/04\/02\/entretien-retour-mediatique-dedouard-philippe-le-bon-moment-pour-envoyer-une-carte-postale-aux-francais-9465998.php\" target=\"_blank\">rappelle qu\u2019il est l\u00e0<\/a>, et qu\u2019il peut servir son pays. Quand on est la <a rel=\"noreferrer noopener\" href=\"https:\/\/www.ladepeche.fr\/2021\/04\/03\/sondages-le-plebiscite-de-lancien-premier-ministre-9466660.php\" target=\"_blank\">personnalit\u00e9 politique pr\u00e9f\u00e9r\u00e9e<\/a> des Fran\u00e7ais, ce rappel n\u2019est pas anodin. La principale question, <a rel=\"noreferrer noopener\" href=\"https:\/\/www.lejdd.fr\/Politique\/lex-premier-ministre-edouard-philippe-egrene-les-indices-sur-son-futur-politique-4035574\" target=\"_blank\">pour les journalistes<\/a>, \u00e9tait de savoir si cela pr\u00e9figurait une candidature aux pr\u00e9sidentielles. La r\u00e9ponse du maire du Havre (je suis loyal et libre) ne les a pas tous convaincus. Mais pour certains les r\u00e9ponses sont moins importantes que leurs certitudes. Dans la Croix, J\u00e9r\u00f4me Chapuis en fait un <a rel=\"noreferrer noopener\" href=\"https:\/\/www.la-croix.com\/Debats\/Boussole-balbutiements-2021-04-10-1201150268\" target=\"_blank\">commentaire<\/a> amusant : interrog\u00e9 sur ses ambitions, l&rsquo;ancien Premier ministre a bafouill\u00e9 : et s&rsquo;il avait fait expr\u00e8s? <\/p>\n\n\n\n<p>Il a raison sur au moins un point&nbsp;: ce livre est de la communication politique, il ne faut pas l\u2019oublier. Faut-il ignorer ce qu\u2019il exprime pour autant&nbsp;? Dans son premier chapitre, il montre \u00e0 quel point la nomination par le nouveau Pr\u00e9sident d\u2019un Premier ministre issu du camp adverse \u00e9tait extraordinaire. La r\u00e9action de mon ancien coll\u00e8gue, rapport\u00e9e plus haut, illustre que les auteurs savent maintenant que tout peut arriver, pas seulement l\u2019improbable.<\/p>\n\n\n\n<p>Au-del\u00e0 de la communication politique, ce livre m\u2019a paru avoir trois dimensions&nbsp;: historique (m\u00eame si le propos est par nature partial), descriptive et r\u00e9flexive. D\u00e9taillons.<\/p>\n\n\n\n<p>Les auteurs d\u00e9fendent le bilan du plus connu des deux, c\u2019est bien naturel (Gilles Boyer ne fut \u00ab&nbsp;que&nbsp;\u00bb le conseiller d\u2019\u00c9douard Philippe avant d\u2019\u00eatre \u00e9lu d\u00e9put\u00e9 europ\u00e9en). Mais c\u2019est l\u2019occasion de revenir sur des \u00e9v\u00e9nements r\u00e9cents avec le regard d\u2019un des principaux acteurs. C\u2019est tr\u00e8s bien \u00e9crit&nbsp;: pourquoi s\u2019en priver&nbsp;? Et souvent dr\u00f4le&nbsp;: la discussion avec le chauffeur de taxi qui l\u2019am\u00e8ne \u00e0 l\u2019Assembl\u00e9e nationale le 15 avril 2017, mais ne comprend pas tout de suite pourquoi de nombreuses motos se pr\u00e9cipitent \u00e0 sa suite, est une p\u00e9pite. Extrait&nbsp;:<\/p>\n\n\n\n<em>\u2014&nbsp;Ah, mais c\u2019est vous&nbsp;! <br> \u2014&nbsp;Ah, oui, je vous le confirme, c\u2019est moi&nbsp;!&nbsp;<\/em>\n\n\n\n<p>Il y a aussi une description du fonctionnement de l\u2019\u00c9tat qui passionnera tout citoyen curieux. Par exemple, au d\u00e9but, le r\u00f4le du secr\u00e9taire g\u00e9n\u00e9ral de l\u2019\u00c9lys\u00e9e et celui du directeur de cabinet du Premier ministre. Avec le premier arbitrage remport\u00e9 par ce dernier quand il choisit celui qui va l\u2019assister, contrairement \u00e0 son successeur.<\/p>\n\n\n\n<p>Il y a aussi, ce qui n\u2019est pas le moins important, des id\u00e9es de fond sur la politique \u00e0 mener. On comprend que si \u00c9douard Philippe a pu partager le programme du pr\u00e9sident, il le dit avec ses mots \u00e0 lui. Cela m\u00e9ritera probablement un autre article&nbsp;!<\/p>\n\n\n\n<p>Au passage, quelques portraits de personnes crois\u00e9es. Souvent d\u00e9crites avec bienveillance, mais pas toujours. Le g\u00e9n\u00e9ral de Villiers en prend par exemple pour son grade (normal pour un g\u00e9n\u00e9ral\u2026). Les limites de Nicolas Hulot sont \u00e9galement soulign\u00e9es, semble-t-il, pour les regretter.<\/p>\n\n\n\n<p>En tous les cas, un livre qui se lit tr\u00e8s bien (j\u2019ai lu les plus de 400 pages en trois jours), d\u2019une belle plume, cocasse et qu\u2019on ne peut que recommander \u00e0 tous ceux que la chose publique int\u00e9resse&nbsp;!<\/p>\n\n\n\n<p><\/p>\n","protected":false},"excerpt":{"rendered":"<p>Un des premiers jours du mois de mars 2017, alors que la candidature de Fran\u00e7ois Fillon prenait l\u2019eau de toutes parts, j\u2019ai annonc\u00e9 \u00e0 mon \u00e9pouse que je venais d\u2019entendre \u00e0 la radio un responsable politique que je ne connaissais pas, mais que j\u2019avais trouv\u00e9 tr\u00e8s bien, bien qu\u2019il soit&#8230;<\/p>\n","protected":false},"author":11,"featured_media":3896,"comment_status":"open","ping_status":"open","sticky":false,"template":"","format":"standard","meta":{"om_disable_all_campaigns":false,"_monsterinsights_skip_tracking":false,"_monsterinsights_sitenote_active":false,"_monsterinsights_sitenote_note":"","_monsterinsights_sitenote_category":0,"_uf_show_specific_survey":0,"_uf_disable_surveys":false,"footnotes":""},"categories":[53],"tags":[],"class_list":["post-3890","post","type-post","status-publish","format-standard","has-post-thumbnail","hentry","category-analyses","entry","simple"],"yoast_head":"<!-- This site is optimized with the Yoast SEO plugin v25.6 - https:\/\/yoast.com\/wordpress\/plugins\/seo\/ -->\n<title>Les clins d&#039;oeil d&#039;Edouard Philippe - La Gazette<\/title>\n<meta name=\"robots\" content=\"index, follow, max-snippet:-1, max-image-preview:large, max-video-preview:-1\" \/>\n<link rel=\"canonical\" href=\"https:\/\/sceaux-lagazette.fr\/index.php\/2021\/04\/30\/les-clins-doeil-dedouard-philippe\/\" \/>\n<meta property=\"og:locale\" content=\"fr_FR\" \/>\n<meta property=\"og:type\" content=\"article\" \/>\n<meta property=\"og:title\" content=\"Les clins d&#039;oeil d&#039;Edouard Philippe - La Gazette\" \/>\n<meta property=\"og:description\" content=\"Un des premiers jours du mois de mars 2017, alors que la candidature de Fran\u00e7ois Fillon prenait l\u2019eau de toutes parts, j\u2019ai annonc\u00e9 \u00e0 mon \u00e9pouse que je venais d\u2019entendre \u00e0 la radio un responsable politique que je ne connaissais pas, mais que j\u2019avais trouv\u00e9 tr\u00e8s bien, bien qu\u2019il soit&#8230;\" \/>\n<meta property=\"og:url\" content=\"https:\/\/sceaux-lagazette.fr\/index.php\/2021\/04\/30\/les-clins-doeil-dedouard-philippe\/\" \/>\n<meta property=\"og:site_name\" content=\"La Gazette\" \/>\n<meta property=\"article:published_time\" content=\"2021-04-30T09:40:18+00:00\" \/>\n<meta property=\"article:modified_time\" content=\"2021-04-30T09:40:19+00:00\" \/>\n<meta property=\"og:image\" content=\"https:\/\/sceaux-lagazette.fr\/wp-content\/uploads\/2021\/04\/Impressions-et-Lignes-claires.png\" \/>\n\t<meta property=\"og:image:width\" content=\"1250\" \/>\n\t<meta property=\"og:image:height\" content=\"483\" \/>\n\t<meta property=\"og:image:type\" content=\"image\/png\" \/>\n<meta name=\"author\" content=\"G\u00e9rard Bardier\" \/>\n<meta name=\"twitter:card\" content=\"summary_large_image\" \/>\n<meta name=\"twitter:label1\" content=\"\u00c9crit par\" \/>\n\t<meta name=\"twitter:data1\" content=\"G\u00e9rard Bardier\" \/>\n\t<meta name=\"twitter:label2\" content=\"Dur\u00e9e de lecture estim\u00e9e\" \/>\n\t<meta name=\"twitter:data2\" content=\"4 minutes\" \/>\n<script type=\"application\/ld+json\" class=\"yoast-schema-graph\">{\"@context\":\"https:\/\/schema.org\",\"@graph\":[{\"@type\":\"Article\",\"@id\":\"https:\/\/sceaux-lagazette.fr\/index.php\/2021\/04\/30\/les-clins-doeil-dedouard-philippe\/#article\",\"isPartOf\":{\"@id\":\"https:\/\/sceaux-lagazette.fr\/index.php\/2021\/04\/30\/les-clins-doeil-dedouard-philippe\/\"},\"author\":{\"name\":\"G\u00e9rard Bardier\",\"@id\":\"https:\/\/sceaux-lagazette.fr\/#\/schema\/person\/5650e206a121f68c6f5e76379bccfbc4\"},\"headline\":\"Les clins d&rsquo;oeil d&rsquo;Edouard Philippe\",\"datePublished\":\"2021-04-30T09:40:18+00:00\",\"dateModified\":\"2021-04-30T09:40:19+00:00\",\"mainEntityOfPage\":{\"@id\":\"https:\/\/sceaux-lagazette.fr\/index.php\/2021\/04\/30\/les-clins-doeil-dedouard-philippe\/\"},\"wordCount\":743,\"commentCount\":0,\"publisher\":{\"@id\":\"https:\/\/sceaux-lagazette.fr\/#organization\"},\"image\":{\"@id\":\"https:\/\/sceaux-lagazette.fr\/index.php\/2021\/04\/30\/les-clins-doeil-dedouard-philippe\/#primaryimage\"},\"thumbnailUrl\":\"https:\/\/sceaux-lagazette.fr\/wp-content\/uploads\/2021\/04\/Impressions-et-Lignes-claires.png\",\"articleSection\":[\"Analyses\"],\"inLanguage\":\"fr-FR\",\"potentialAction\":[{\"@type\":\"CommentAction\",\"name\":\"Comment\",\"target\":[\"https:\/\/sceaux-lagazette.fr\/index.php\/2021\/04\/30\/les-clins-doeil-dedouard-philippe\/#respond\"]}]},{\"@type\":\"WebPage\",\"@id\":\"https:\/\/sceaux-lagazette.fr\/index.php\/2021\/04\/30\/les-clins-doeil-dedouard-philippe\/\",\"url\":\"https:\/\/sceaux-lagazette.fr\/index.php\/2021\/04\/30\/les-clins-doeil-dedouard-philippe\/\",\"name\":\"Les clins d'oeil d'Edouard Philippe - La Gazette\",\"isPartOf\":{\"@id\":\"https:\/\/sceaux-lagazette.fr\/#website\"},\"primaryImageOfPage\":{\"@id\":\"https:\/\/sceaux-lagazette.fr\/index.php\/2021\/04\/30\/les-clins-doeil-dedouard-philippe\/#primaryimage\"},\"image\":{\"@id\":\"https:\/\/sceaux-lagazette.fr\/index.php\/2021\/04\/30\/les-clins-doeil-dedouard-philippe\/#primaryimage\"},\"thumbnailUrl\":\"https:\/\/sceaux-lagazette.fr\/wp-content\/uploads\/2021\/04\/Impressions-et-Lignes-claires.png\",\"datePublished\":\"2021-04-30T09:40:18+00:00\",\"dateModified\":\"2021-04-30T09:40:19+00:00\",\"breadcrumb\":{\"@id\":\"https:\/\/sceaux-lagazette.fr\/index.php\/2021\/04\/30\/les-clins-doeil-dedouard-philippe\/#breadcrumb\"},\"inLanguage\":\"fr-FR\",\"potentialAction\":[{\"@type\":\"ReadAction\",\"target\":[\"https:\/\/sceaux-lagazette.fr\/index.php\/2021\/04\/30\/les-clins-doeil-dedouard-philippe\/\"]}]},{\"@type\":\"ImageObject\",\"inLanguage\":\"fr-FR\",\"@id\":\"https:\/\/sceaux-lagazette.fr\/index.php\/2021\/04\/30\/les-clins-doeil-dedouard-philippe\/#primaryimage\",\"url\":\"https:\/\/sceaux-lagazette.fr\/wp-content\/uploads\/2021\/04\/Impressions-et-Lignes-claires.png\",\"contentUrl\":\"https:\/\/sceaux-lagazette.fr\/wp-content\/uploads\/2021\/04\/Impressions-et-Lignes-claires.png\",\"width\":1250,\"height\":483},{\"@type\":\"BreadcrumbList\",\"@id\":\"https:\/\/sceaux-lagazette.fr\/index.php\/2021\/04\/30\/les-clins-doeil-dedouard-philippe\/#breadcrumb\",\"itemListElement\":[{\"@type\":\"ListItem\",\"position\":1,\"name\":\"Accueil\",\"item\":\"https:\/\/sceaux-lagazette.fr\/\"},{\"@type\":\"ListItem\",\"position\":2,\"name\":\"Les clins d&rsquo;oeil d&rsquo;Edouard Philippe\"}]},{\"@type\":\"WebSite\",\"@id\":\"https:\/\/sceaux-lagazette.fr\/#website\",\"url\":\"https:\/\/sceaux-lagazette.fr\/\",\"name\":\"La Gazette\",\"description\":\"Bourg-la-Reine, Ch\u00e2tenay, Fontenay, Sceaux\",\"publisher\":{\"@id\":\"https:\/\/sceaux-lagazette.fr\/#organization\"},\"potentialAction\":[{\"@type\":\"SearchAction\",\"target\":{\"@type\":\"EntryPoint\",\"urlTemplate\":\"https:\/\/sceaux-lagazette.fr\/?s={search_term_string}\"},\"query-input\":{\"@type\":\"PropertyValueSpecification\",\"valueRequired\":true,\"valueName\":\"search_term_string\"}}],\"inLanguage\":\"fr-FR\"},{\"@type\":\"Organization\",\"@id\":\"https:\/\/sceaux-lagazette.fr\/#organization\",\"name\":\"La Gazette\",\"url\":\"https:\/\/sceaux-lagazette.fr\/\",\"logo\":{\"@type\":\"ImageObject\",\"inLanguage\":\"fr-FR\",\"@id\":\"https:\/\/sceaux-lagazette.fr\/#\/schema\/logo\/image\/\",\"url\":\"https:\/\/sceaux-lagazette.fr\/wp-content\/uploads\/2025\/08\/Logo-Gazette-Aout-2025-V3.jpg\",\"contentUrl\":\"https:\/\/sceaux-lagazette.fr\/wp-content\/uploads\/2025\/08\/Logo-Gazette-Aout-2025-V3.jpg\",\"width\":525,\"height\":130,\"caption\":\"La Gazette\"},\"image\":{\"@id\":\"https:\/\/sceaux-lagazette.fr\/#\/schema\/logo\/image\/\"}},{\"@type\":\"Person\",\"@id\":\"https:\/\/sceaux-lagazette.fr\/#\/schema\/person\/5650e206a121f68c6f5e76379bccfbc4\",\"name\":\"G\u00e9rard Bardier\",\"image\":{\"@type\":\"ImageObject\",\"inLanguage\":\"fr-FR\",\"@id\":\"https:\/\/sceaux-lagazette.fr\/#\/schema\/person\/image\/\",\"url\":\"https:\/\/secure.gravatar.com\/avatar\/5cf4391ef9dbc0367750202561279a29?s=96&r=g\",\"contentUrl\":\"https:\/\/secure.gravatar.com\/avatar\/5cf4391ef9dbc0367750202561279a29?s=96&r=g\",\"caption\":\"G\u00e9rard Bardier\"},\"url\":\"https:\/\/sceaux-lagazette.fr\/index.php\/author\/gb\/\"}]}<\/script>\n<!-- \/ Yoast SEO plugin. -->","yoast_head_json":{"title":"Les clins d'oeil d'Edouard Philippe - La Gazette","robots":{"index":"index","follow":"follow","max-snippet":"max-snippet:-1","max-image-preview":"max-image-preview:large","max-video-preview":"max-video-preview:-1"},"canonical":"https:\/\/sceaux-lagazette.fr\/index.php\/2021\/04\/30\/les-clins-doeil-dedouard-philippe\/","og_locale":"fr_FR","og_type":"article","og_title":"Les clins d'oeil d'Edouard Philippe - La Gazette","og_description":"Un des premiers jours du mois de mars 2017, alors que la candidature de Fran\u00e7ois Fillon prenait l\u2019eau de toutes parts, j\u2019ai annonc\u00e9 \u00e0 mon \u00e9pouse que je venais d\u2019entendre \u00e0 la radio un responsable politique que je ne connaissais pas, mais que j\u2019avais trouv\u00e9 tr\u00e8s bien, bien qu\u2019il soit&#8230;","og_url":"https:\/\/sceaux-lagazette.fr\/index.php\/2021\/04\/30\/les-clins-doeil-dedouard-philippe\/","og_site_name":"La Gazette","article_published_time":"2021-04-30T09:40:18+00:00","article_modified_time":"2021-04-30T09:40:19+00:00","og_image":[{"width":1250,"height":483,"url":"https:\/\/sceaux-lagazette.fr\/wp-content\/uploads\/2021\/04\/Impressions-et-Lignes-claires.png","type":"image\/png"}],"author":"G\u00e9rard Bardier","twitter_card":"summary_large_image","twitter_misc":{"\u00c9crit par":"G\u00e9rard Bardier","Dur\u00e9e de lecture estim\u00e9e":"4 minutes"},"schema":{"@context":"https:\/\/schema.org","@graph":[{"@type":"Article","@id":"https:\/\/sceaux-lagazette.fr\/index.php\/2021\/04\/30\/les-clins-doeil-dedouard-philippe\/#article","isPartOf":{"@id":"https:\/\/sceaux-lagazette.fr\/index.php\/2021\/04\/30\/les-clins-doeil-dedouard-philippe\/"},"author":{"name":"G\u00e9rard Bardier","@id":"https:\/\/sceaux-lagazette.fr\/#\/schema\/person\/5650e206a121f68c6f5e76379bccfbc4"},"headline":"Les clins d&rsquo;oeil d&rsquo;Edouard Philippe","datePublished":"2021-04-30T09:40:18+00:00","dateModified":"2021-04-30T09:40:19+00:00","mainEntityOfPage":{"@id":"https:\/\/sceaux-lagazette.fr\/index.php\/2021\/04\/30\/les-clins-doeil-dedouard-philippe\/"},"wordCount":743,"commentCount":0,"publisher":{"@id":"https:\/\/sceaux-lagazette.fr\/#organization"},"image":{"@id":"https:\/\/sceaux-lagazette.fr\/index.php\/2021\/04\/30\/les-clins-doeil-dedouard-philippe\/#primaryimage"},"thumbnailUrl":"https:\/\/sceaux-lagazette.fr\/wp-content\/uploads\/2021\/04\/Impressions-et-Lignes-claires.png","articleSection":["Analyses"],"inLanguage":"fr-FR","potentialAction":[{"@type":"CommentAction","name":"Comment","target":["https:\/\/sceaux-lagazette.fr\/index.php\/2021\/04\/30\/les-clins-doeil-dedouard-philippe\/#respond"]}]},{"@type":"WebPage","@id":"https:\/\/sceaux-lagazette.fr\/index.php\/2021\/04\/30\/les-clins-doeil-dedouard-philippe\/","url":"https:\/\/sceaux-lagazette.fr\/index.php\/2021\/04\/30\/les-clins-doeil-dedouard-philippe\/","name":"Les clins d'oeil d'Edouard Philippe - La Gazette","isPartOf":{"@id":"https:\/\/sceaux-lagazette.fr\/#website"},"primaryImageOfPage":{"@id":"https:\/\/sceaux-lagazette.fr\/index.php\/2021\/04\/30\/les-clins-doeil-dedouard-philippe\/#primaryimage"},"image":{"@id":"https:\/\/sceaux-lagazette.fr\/index.php\/2021\/04\/30\/les-clins-doeil-dedouard-philippe\/#primaryimage"},"thumbnailUrl":"https:\/\/sceaux-lagazette.fr\/wp-content\/uploads\/2021\/04\/Impressions-et-Lignes-claires.png","datePublished":"2021-04-30T09:40:18+00:00","dateModified":"2021-04-30T09:40:19+00:00","breadcrumb":{"@id":"https:\/\/sceaux-lagazette.fr\/index.php\/2021\/04\/30\/les-clins-doeil-dedouard-philippe\/#breadcrumb"},"inLanguage":"fr-FR","potentialAction":[{"@type":"ReadAction","target":["https:\/\/sceaux-lagazette.fr\/index.php\/2021\/04\/30\/les-clins-doeil-dedouard-philippe\/"]}]},{"@type":"ImageObject","inLanguage":"fr-FR","@id":"https:\/\/sceaux-lagazette.fr\/index.php\/2021\/04\/30\/les-clins-doeil-dedouard-philippe\/#primaryimage","url":"https:\/\/sceaux-lagazette.fr\/wp-content\/uploads\/2021\/04\/Impressions-et-Lignes-claires.png","contentUrl":"https:\/\/sceaux-lagazette.fr\/wp-content\/uploads\/2021\/04\/Impressions-et-Lignes-claires.png","width":1250,"height":483},{"@type":"BreadcrumbList","@id":"https:\/\/sceaux-lagazette.fr\/index.php\/2021\/04\/30\/les-clins-doeil-dedouard-philippe\/#breadcrumb","itemListElement":[{"@type":"ListItem","position":1,"name":"Accueil","item":"https:\/\/sceaux-lagazette.fr\/"},{"@type":"ListItem","position":2,"name":"Les clins d&rsquo;oeil d&rsquo;Edouard Philippe"}]},{"@type":"WebSite","@id":"https:\/\/sceaux-lagazette.fr\/#website","url":"https:\/\/sceaux-lagazette.fr\/","name":"La Gazette","description":"Bourg-la-Reine, Ch\u00e2tenay, Fontenay, Sceaux","publisher":{"@id":"https:\/\/sceaux-lagazette.fr\/#organization"},"potentialAction":[{"@type":"SearchAction","target":{"@type":"EntryPoint","urlTemplate":"https:\/\/sceaux-lagazette.fr\/?s={search_term_string}"},"query-input":{"@type":"PropertyValueSpecification","valueRequired":true,"valueName":"search_term_string"}}],"inLanguage":"fr-FR"},{"@type":"Organization","@id":"https:\/\/sceaux-lagazette.fr\/#organization","name":"La Gazette","url":"https:\/\/sceaux-lagazette.fr\/","logo":{"@type":"ImageObject","inLanguage":"fr-FR","@id":"https:\/\/sceaux-lagazette.fr\/#\/schema\/logo\/image\/","url":"https:\/\/sceaux-lagazette.fr\/wp-content\/uploads\/2025\/08\/Logo-Gazette-Aout-2025-V3.jpg","contentUrl":"https:\/\/sceaux-lagazette.fr\/wp-content\/uploads\/2025\/08\/Logo-Gazette-Aout-2025-V3.jpg","width":525,"height":130,"caption":"La Gazette"},"image":{"@id":"https:\/\/sceaux-lagazette.fr\/#\/schema\/logo\/image\/"}},{"@type":"Person","@id":"https:\/\/sceaux-lagazette.fr\/#\/schema\/person\/5650e206a121f68c6f5e76379bccfbc4","name":"G\u00e9rard Bardier","image":{"@type":"ImageObject","inLanguage":"fr-FR","@id":"https:\/\/sceaux-lagazette.fr\/#\/schema\/person\/image\/","url":"https:\/\/secure.gravatar.com\/avatar\/5cf4391ef9dbc0367750202561279a29?s=96&r=g","contentUrl":"https:\/\/secure.gravatar.com\/avatar\/5cf4391ef9dbc0367750202561279a29?s=96&r=g","caption":"G\u00e9rard Bardier"},"url":"https:\/\/sceaux-lagazette.fr\/index.php\/author\/gb\/"}]}},"cc_featured_image_caption":{"caption_text":false,"source_text":false,"source_url":false},"_links":{"self":[{"href":"https:\/\/sceaux-lagazette.fr\/index.php\/wp-json\/wp\/v2\/posts\/3890"}],"collection":[{"href":"https:\/\/sceaux-lagazette.fr\/index.php\/wp-json\/wp\/v2\/posts"}],"about":[{"href":"https:\/\/sceaux-lagazette.fr\/index.php\/wp-json\/wp\/v2\/types\/post"}],"author":[{"embeddable":true,"href":"https:\/\/sceaux-lagazette.fr\/index.php\/wp-json\/wp\/v2\/users\/11"}],"replies":[{"embeddable":true,"href":"https:\/\/sceaux-lagazette.fr\/index.php\/wp-json\/wp\/v2\/comments?post=3890"}],"version-history":[{"count":9,"href":"https:\/\/sceaux-lagazette.fr\/index.php\/wp-json\/wp\/v2\/posts\/3890\/revisions"}],"predecessor-version":[{"id":3903,"href":"https:\/\/sceaux-lagazette.fr\/index.php\/wp-json\/wp\/v2\/posts\/3890\/revisions\/3903"}],"wp:featuredmedia":[{"embeddable":true,"href":"https:\/\/sceaux-lagazette.fr\/index.php\/wp-json\/wp\/v2\/media\/3896"}],"wp:attachment":[{"href":"https:\/\/sceaux-lagazette.fr\/index.php\/wp-json\/wp\/v2\/media?parent=3890"}],"wp:term":[{"taxonomy":"category","embeddable":true,"href":"https:\/\/sceaux-lagazette.fr\/index.php\/wp-json\/wp\/v2\/categories?post=3890"},{"taxonomy":"post_tag","embeddable":true,"href":"https:\/\/sceaux-lagazette.fr\/index.php\/wp-json\/wp\/v2\/tags?post=3890"}],"curies":[{"name":"wp","href":"https:\/\/api.w.org\/{rel}","templated":true}]}}