{"id":38483,"date":"2024-02-27T10:43:24","date_gmt":"2024-02-27T09:43:24","guid":{"rendered":"https:\/\/sceaux-lagazette.fr\/?p=38483"},"modified":"2024-05-08T16:38:29","modified_gmt":"2024-05-08T14:38:29","slug":"isoler-et-decarboner-les-batiments","status":"publish","type":"post","link":"https:\/\/sceaux-lagazette.fr\/index.php\/2024\/02\/27\/isoler-et-decarboner-les-batiments\/","title":{"rendered":"Isoler et d\u00e9carboner les b\u00e2timents"},"content":{"rendered":"\n<p>Apr\u00e8s <a href=\"https:\/\/sceaux-lagazette.fr\/index.php\/2024\/02\/23\/decarboner-plus-vite-les-perspectives-dans-lindustrie\/\" target=\"_blank\" rel=\"noreferrer noopener\">l&rsquo;industrie<\/a> et un focus sur <a href=\"http:\/\/R\u00e9duire de 30% les \u00e9missions de m\u00e9thane d\u2019ici 2030.\" target=\"_blank\" rel=\"noreferrer noopener\">la sp\u00e9cificit\u00e9 du m\u00e9thane<\/a>, l&rsquo;article aborde ici la consommation r\u00e9sidentielle. La consommation d\u2019\u00e9nergie pour le chauffage domestique, l\u2019eau chaude et la cuisson des aliments repr\u00e9sente environ 10 % des \u00e9missions de GES en France. On peut y ajouter 5% des \u00e9missions pour les m\u00eames usages dans le tertiaire.<\/p>\n\n\n\n<p>Ce domaine touche l\u2019ensemble des Fran\u00e7ais. C\u2019est aussi celui dans lequel des incitations (subventions ou obligations l\u00e9gales) existent depuis le plus longtemps. Mais c\u2019est aussi le domaine du temps long. La moiti\u00e9 du parc de logement a plus de 50 ans et a donc \u00e9t\u00e9 construit avant qu\u2019on fournisse des efforts sp\u00e9cifiques d\u2019isolation.<\/p>\n\n\n\n<p>Pendant longtemps, les aides ont favoris\u00e9 les r\u00e9novations partielles (changez vos fen\u00eatres&nbsp;!), ouvertes \u00e0 tous les propri\u00e9taires. Aujourd\u2019hui, le syst\u00e8me de subventions favorise les r\u00e9novations globales. Il vise des diminutions substantielles&nbsp;de la consommation d\u2019\u00e9nergie et donc des \u00e9missions de GES. Par ailleurs, la loi a cibl\u00e9 plus particuli\u00e8rement les logements les plus mal isol\u00e9s, surnomm\u00e9s passoires thermiques. <\/p>\n\n\n\n<p>Aujourd&rsquo;hui, les logements dont le DPE est en F ou en G sont vis\u00e9s en priorit\u00e9. Ce choix paraissait logique&nbsp;: le co\u00fbt de la tonne de CO2 \u00e9conomis\u00e9e est nettement plus faible pour les logements tr\u00e8s mal isol\u00e9s que pour ceux qui sont d\u00e9j\u00e0 assez bien isol\u00e9s. Cette disposition  implique cependant des investissements importants. Elle a conduit \u00e0 de gros probl\u00e8mes sur le march\u00e9 du logement, en r\u00e9duisant drastiquement l\u2019offre de location. Au m\u00eame moment la hausse des taux d\u2019int\u00e9r\u00eat (pour juguler l\u2019inflation en Europe) perturbe fortement les achats et la promotion immobili\u00e8re.<\/p>\n\n\n\n<p>De fait, le gouvernement vient de r\u00e9viser au moins partiellement sa copie en ce qui concerne les plus petits logements. &nbsp;Aux derni\u00e8res nouvelles, il semble vouloir aussi la r\u00e9viser en mati\u00e8re d\u2019aides financi\u00e8res.<\/p>\n\n\n\n<h2 class=\"wp-block-heading\">Performance \u00e9nerg\u00e9tique et effet rebond<\/h2>\n\n\n\n<p>On s\u2019interroge depuis longtemps sur les effets r\u00e9els des travaux d\u2019isolation. Les gains esp\u00e9r\u00e9s seraient souvent absorb\u00e9s par une \u00e9volution du comportement des habitants. Ceux-ci pr\u00e9f\u00e8reraient am\u00e9liorer leur confort que baisser leur facture. C\u2019est ce qu\u2019on appelle l\u2019effet rebond.<\/p>\n\n\n\n<p>Une \u00e9tude du Centre d&rsquo;Analyse \u00c9conomique (CAE) a r\u00e9cemment confirm\u00e9 cet effet rebond.<\/p>\n\n\n\n<blockquote class=\"wp-block-quote is-layout-flow wp-block-quote-is-layout-flow\">\n<p><em>Globalement, la hausse de la consommation d&rsquo;\u00e9nergie au m2 entre un logement class\u00e9 AB et un logement class\u00e9 G est six fois plus faible que celle pr\u00e9dite par le DPE. Les effets comportementaux des m\u00e9nages expliquent une part pr\u00e9pond\u00e9rante de l&rsquo;\u00e9cart entre consommation th\u00e9orique du DPE et consommation r\u00e9elle. Ce dernier peut aussi s&rsquo;expliquer dans une moindre mesure par des imperfections qui subsisteraient dans la mod\u00e9lisation ou la mise en \u0153uvre du DPE.<\/em><\/p>\n<\/blockquote>\n\n\n\n<p>L\u2019\u00e9tude explique que<em> \u00ab&nbsp;la demande de confort thermique est une fonction inverse de son co\u00fbt&nbsp;\u00bb. <\/em>Concr\u00e8tement, augmenter de 1\u00b0C la temp\u00e9rature de son logement co\u00fbte beaucoup moins cher quand on habite un logement bien isol\u00e9. Donc les habitants de logements mal isol\u00e9s se chauffent \u00e0 une temp\u00e9rature inf\u00e9rieure aux fameux 19\u00b0 conseill\u00e9s. Alors que les habitants de logements bien isol\u00e9s se chauffent \u00e0 une temp\u00e9rature sup\u00e9rieure.<\/p>\n\n\n\n<p>Le r\u00e9sultat de ce comportement g\u00e9n\u00e9ralis\u00e9 appara\u00eet dans les chiffres publi\u00e9s. Les habitants des logements en G consomment un peu moins du double de ceux vivant dans des logements en A ou B. Pourtant, les caract\u00e9ristiques physiques pr\u00e9voient une multiplication par 5,6&nbsp;! Selon l\u2019\u00e9tude, l\u2019\u00e9cart s\u2019expliquerait pour les 2\/3 par le comportement utilisateur et pour 1\/3 par la faible fiabilit\u00e9 de la mesure du DPE.<\/p>\n\n\n\n<h2 class=\"wp-block-heading\">Une solution compl\u00e9mentaire&nbsp;: la substitution<\/h2>\n\n\n\n<p>Pour diminuer les \u00e9missions de GES, l\u2019efficacit\u00e9 des travaux d\u2019isolation g\u00e9n\u00e9ralement promus appara\u00eet de ce fait beaucoup plus faible que pr\u00e9vu. Il faut bien entendu continuer \u00e0 isoler, mais ne pas se faire d\u2019illusion sur les r\u00e9sultats.<\/p>\n\n\n\n<p>Dans ces conditions, la voie la plus prometteuse serait celle de la substitution (passage du gaz \u00e0 l\u2019\u00e9lectricit\u00e9), coupl\u00e9e le cas \u00e9chant \u00e0 l\u2019utilisation d\u2019une pompe \u00e0 chaleur. Une utilisation en hausse&nbsp;: la France a \u00e9t\u00e9 de loin le plus gros march\u00e9 d&rsquo;Europe des pompes \u00e0 chaleur (PAC) en 2022, avec plus de 550.000 PAC vendues (tous mod\u00e8les confondus). C&rsquo;est \u00e9galement la premi\u00e8re ann\u00e9e o\u00f9 les ventes de PAC ont d\u00e9pass\u00e9 celles des chaudi\u00e8res \u00e0 \u00e9nergie fossile. Mais on revient de loin&nbsp;: pendant longtemps c\u2019est le gaz qui a \u00e9t\u00e9 favoris\u00e9.<\/p>\n\n\n\n<figure class=\"wp-block-image size-full\"><img decoding=\"async\" width=\"605\" height=\"333\" src=\"https:\/\/sceaux-lagazette.fr\/wp-content\/uploads\/2024\/02\/evolution-modes-chauffage-logement.png\" alt=\"\" class=\"wp-image-38486\" srcset=\"https:\/\/sceaux-lagazette.fr\/wp-content\/uploads\/2024\/02\/evolution-modes-chauffage-logement.png 605w, https:\/\/sceaux-lagazette.fr\/wp-content\/uploads\/2024\/02\/evolution-modes-chauffage-logement-300x165.png 300w\" sizes=\"(max-width: 605px) 100vw, 605px\" \/><\/figure>\n\n\n\n<p>Il y a environ 37 millions de logements en France, dont une bonne moiti\u00e9 construite avant la mise en place de normes d\u2019isolation. Au rythme actuel des travaux de r\u00e9novation ou de substitution, la d\u00e9carbonation du parc va encore durer des d\u00e9cennies.<\/p>\n\n\n\n<p>Peut-on alors compter sur la sobri\u00e9t\u00e9, \u00e0 rebours de ce qui a \u00e9t\u00e9 observ\u00e9 jusque-l\u00e0, avec l\u2019effet rebond\u00a0? Question importante, y compris au-del\u00e0 du seul cas des b\u00e2timents. L&rsquo;impact du levier \u00ab\u00a0sobri\u00e9t\u00e9\u00a0\u00bb fera l\u2019objet d<a href=\"https:\/\/sceaux-lagazette.fr\/index.php\/2024\/03\/07\/sobriete-pour-decarboner\/\" target=\"_blank\" rel=\"noreferrer noopener\">\u2019un prochain article<\/a>.<\/p>\n","protected":false},"excerpt":{"rendered":"<p>Apr\u00e8s l&rsquo;industrie et un focus sur la sp\u00e9cificit\u00e9 du m\u00e9thane, l&rsquo;article aborde ici la consommation r\u00e9sidentielle. La consommation d\u2019\u00e9nergie pour le chauffage domestique, l\u2019eau chaude et la cuisson des aliments repr\u00e9sente environ 10 % des \u00e9missions de GES en France. On peut y ajouter 5% des \u00e9missions pour les m\u00eames&#8230;<\/p>\n","protected":false},"author":11,"featured_media":38495,"comment_status":"open","ping_status":"open","sticky":false,"template":"","format":"standard","meta":{"om_disable_all_campaigns":false,"_monsterinsights_skip_tracking":false,"_monsterinsights_sitenote_active":false,"_monsterinsights_sitenote_note":"","_monsterinsights_sitenote_category":0,"_uf_show_specific_survey":0,"_uf_disable_surveys":false,"footnotes":""},"categories":[53,258],"tags":[],"class_list":["post-38483","post","type-post","status-publish","format-standard","has-post-thumbnail","hentry","category-analyses","category-environnement","entry","simple"],"yoast_head":"<!-- This site is optimized with the Yoast SEO plugin v25.6 - https:\/\/yoast.com\/wordpress\/plugins\/seo\/ -->\n<title>Isoler et d\u00e9carboner les b\u00e2timents - La Gazette<\/title>\n<meta name=\"robots\" content=\"index, follow, max-snippet:-1, max-image-preview:large, max-video-preview:-1\" \/>\n<link rel=\"canonical\" href=\"https:\/\/sceaux-lagazette.fr\/index.php\/2024\/02\/27\/isoler-et-decarboner-les-batiments\/\" \/>\n<meta property=\"og:locale\" content=\"fr_FR\" \/>\n<meta property=\"og:type\" content=\"article\" \/>\n<meta property=\"og:title\" content=\"Isoler et d\u00e9carboner les b\u00e2timents - La Gazette\" \/>\n<meta property=\"og:description\" content=\"Apr\u00e8s l&rsquo;industrie et un focus sur la sp\u00e9cificit\u00e9 du m\u00e9thane, l&rsquo;article aborde ici la consommation r\u00e9sidentielle. La consommation d\u2019\u00e9nergie pour le chauffage domestique, l\u2019eau chaude et la cuisson des aliments repr\u00e9sente environ 10 % des \u00e9missions de GES en France. On peut y ajouter 5% des \u00e9missions pour les m\u00eames&#8230;\" \/>\n<meta property=\"og:url\" content=\"https:\/\/sceaux-lagazette.fr\/index.php\/2024\/02\/27\/isoler-et-decarboner-les-batiments\/\" \/>\n<meta property=\"og:site_name\" content=\"La Gazette\" \/>\n<meta property=\"article:published_time\" content=\"2024-02-27T09:43:24+00:00\" \/>\n<meta property=\"article:modified_time\" content=\"2024-05-08T14:38:29+00:00\" \/>\n<meta property=\"og:image\" content=\"https:\/\/sceaux-lagazette.fr\/wp-content\/uploads\/2024\/02\/Maison_Andegrave.jpg\" \/>\n\t<meta property=\"og:image:width\" content=\"640\" \/>\n\t<meta property=\"og:image:height\" content=\"460\" \/>\n\t<meta property=\"og:image:type\" content=\"image\/jpeg\" \/>\n<meta name=\"author\" content=\"G\u00e9rard Bardier\" \/>\n<meta name=\"twitter:card\" content=\"summary_large_image\" \/>\n<meta name=\"twitter:label1\" content=\"\u00c9crit par\" \/>\n\t<meta name=\"twitter:data1\" content=\"G\u00e9rard Bardier\" \/>\n\t<meta name=\"twitter:label2\" content=\"Dur\u00e9e de lecture estim\u00e9e\" \/>\n\t<meta name=\"twitter:data2\" content=\"5 minutes\" \/>\n<script type=\"application\/ld+json\" class=\"yoast-schema-graph\">{\"@context\":\"https:\/\/schema.org\",\"@graph\":[{\"@type\":\"Article\",\"@id\":\"https:\/\/sceaux-lagazette.fr\/index.php\/2024\/02\/27\/isoler-et-decarboner-les-batiments\/#article\",\"isPartOf\":{\"@id\":\"https:\/\/sceaux-lagazette.fr\/index.php\/2024\/02\/27\/isoler-et-decarboner-les-batiments\/\"},\"author\":{\"name\":\"G\u00e9rard Bardier\",\"@id\":\"https:\/\/sceaux-lagazette.fr\/#\/schema\/person\/5650e206a121f68c6f5e76379bccfbc4\"},\"headline\":\"Isoler et d\u00e9carboner les b\u00e2timents\",\"datePublished\":\"2024-02-27T09:43:24+00:00\",\"dateModified\":\"2024-05-08T14:38:29+00:00\",\"mainEntityOfPage\":{\"@id\":\"https:\/\/sceaux-lagazette.fr\/index.php\/2024\/02\/27\/isoler-et-decarboner-les-batiments\/\"},\"wordCount\":889,\"commentCount\":4,\"publisher\":{\"@id\":\"https:\/\/sceaux-lagazette.fr\/#organization\"},\"image\":{\"@id\":\"https:\/\/sceaux-lagazette.fr\/index.php\/2024\/02\/27\/isoler-et-decarboner-les-batiments\/#primaryimage\"},\"thumbnailUrl\":\"https:\/\/sceaux-lagazette.fr\/wp-content\/uploads\/2024\/02\/Maison_Andegrave.jpg\",\"articleSection\":[\"Analyses\",\"Environnement\"],\"inLanguage\":\"fr-FR\",\"potentialAction\":[{\"@type\":\"CommentAction\",\"name\":\"Comment\",\"target\":[\"https:\/\/sceaux-lagazette.fr\/index.php\/2024\/02\/27\/isoler-et-decarboner-les-batiments\/#respond\"]}]},{\"@type\":\"WebPage\",\"@id\":\"https:\/\/sceaux-lagazette.fr\/index.php\/2024\/02\/27\/isoler-et-decarboner-les-batiments\/\",\"url\":\"https:\/\/sceaux-lagazette.fr\/index.php\/2024\/02\/27\/isoler-et-decarboner-les-batiments\/\",\"name\":\"Isoler et d\u00e9carboner les b\u00e2timents - La Gazette\",\"isPartOf\":{\"@id\":\"https:\/\/sceaux-lagazette.fr\/#website\"},\"primaryImageOfPage\":{\"@id\":\"https:\/\/sceaux-lagazette.fr\/index.php\/2024\/02\/27\/isoler-et-decarboner-les-batiments\/#primaryimage\"},\"image\":{\"@id\":\"https:\/\/sceaux-lagazette.fr\/index.php\/2024\/02\/27\/isoler-et-decarboner-les-batiments\/#primaryimage\"},\"thumbnailUrl\":\"https:\/\/sceaux-lagazette.fr\/wp-content\/uploads\/2024\/02\/Maison_Andegrave.jpg\",\"datePublished\":\"2024-02-27T09:43:24+00:00\",\"dateModified\":\"2024-05-08T14:38:29+00:00\",\"breadcrumb\":{\"@id\":\"https:\/\/sceaux-lagazette.fr\/index.php\/2024\/02\/27\/isoler-et-decarboner-les-batiments\/#breadcrumb\"},\"inLanguage\":\"fr-FR\",\"potentialAction\":[{\"@type\":\"ReadAction\",\"target\":[\"https:\/\/sceaux-lagazette.fr\/index.php\/2024\/02\/27\/isoler-et-decarboner-les-batiments\/\"]}]},{\"@type\":\"ImageObject\",\"inLanguage\":\"fr-FR\",\"@id\":\"https:\/\/sceaux-lagazette.fr\/index.php\/2024\/02\/27\/isoler-et-decarboner-les-batiments\/#primaryimage\",\"url\":\"https:\/\/sceaux-lagazette.fr\/wp-content\/uploads\/2024\/02\/Maison_Andegrave.jpg\",\"contentUrl\":\"https:\/\/sceaux-lagazette.fr\/wp-content\/uploads\/2024\/02\/Maison_Andegrave.jpg\",\"width\":640,\"height\":460},{\"@type\":\"BreadcrumbList\",\"@id\":\"https:\/\/sceaux-lagazette.fr\/index.php\/2024\/02\/27\/isoler-et-decarboner-les-batiments\/#breadcrumb\",\"itemListElement\":[{\"@type\":\"ListItem\",\"position\":1,\"name\":\"Accueil\",\"item\":\"https:\/\/sceaux-lagazette.fr\/\"},{\"@type\":\"ListItem\",\"position\":2,\"name\":\"Isoler et d\u00e9carboner les b\u00e2timents\"}]},{\"@type\":\"WebSite\",\"@id\":\"https:\/\/sceaux-lagazette.fr\/#website\",\"url\":\"https:\/\/sceaux-lagazette.fr\/\",\"name\":\"La Gazette\",\"description\":\"Bourg-la-Reine, Ch\u00e2tenay, Fontenay, Sceaux\",\"publisher\":{\"@id\":\"https:\/\/sceaux-lagazette.fr\/#organization\"},\"potentialAction\":[{\"@type\":\"SearchAction\",\"target\":{\"@type\":\"EntryPoint\",\"urlTemplate\":\"https:\/\/sceaux-lagazette.fr\/?s={search_term_string}\"},\"query-input\":{\"@type\":\"PropertyValueSpecification\",\"valueRequired\":true,\"valueName\":\"search_term_string\"}}],\"inLanguage\":\"fr-FR\"},{\"@type\":\"Organization\",\"@id\":\"https:\/\/sceaux-lagazette.fr\/#organization\",\"name\":\"La Gazette\",\"url\":\"https:\/\/sceaux-lagazette.fr\/\",\"logo\":{\"@type\":\"ImageObject\",\"inLanguage\":\"fr-FR\",\"@id\":\"https:\/\/sceaux-lagazette.fr\/#\/schema\/logo\/image\/\",\"url\":\"https:\/\/sceaux-lagazette.fr\/wp-content\/uploads\/2025\/08\/Logo-Gazette-Aout-2025-V3.jpg\",\"contentUrl\":\"https:\/\/sceaux-lagazette.fr\/wp-content\/uploads\/2025\/08\/Logo-Gazette-Aout-2025-V3.jpg\",\"width\":525,\"height\":130,\"caption\":\"La Gazette\"},\"image\":{\"@id\":\"https:\/\/sceaux-lagazette.fr\/#\/schema\/logo\/image\/\"}},{\"@type\":\"Person\",\"@id\":\"https:\/\/sceaux-lagazette.fr\/#\/schema\/person\/5650e206a121f68c6f5e76379bccfbc4\",\"name\":\"G\u00e9rard Bardier\",\"image\":{\"@type\":\"ImageObject\",\"inLanguage\":\"fr-FR\",\"@id\":\"https:\/\/sceaux-lagazette.fr\/#\/schema\/person\/image\/\",\"url\":\"https:\/\/secure.gravatar.com\/avatar\/5cf4391ef9dbc0367750202561279a29?s=96&r=g\",\"contentUrl\":\"https:\/\/secure.gravatar.com\/avatar\/5cf4391ef9dbc0367750202561279a29?s=96&r=g\",\"caption\":\"G\u00e9rard Bardier\"},\"url\":\"https:\/\/sceaux-lagazette.fr\/index.php\/author\/gb\/\"}]}<\/script>\n<!-- \/ Yoast SEO plugin. -->","yoast_head_json":{"title":"Isoler et d\u00e9carboner les b\u00e2timents - La Gazette","robots":{"index":"index","follow":"follow","max-snippet":"max-snippet:-1","max-image-preview":"max-image-preview:large","max-video-preview":"max-video-preview:-1"},"canonical":"https:\/\/sceaux-lagazette.fr\/index.php\/2024\/02\/27\/isoler-et-decarboner-les-batiments\/","og_locale":"fr_FR","og_type":"article","og_title":"Isoler et d\u00e9carboner les b\u00e2timents - La Gazette","og_description":"Apr\u00e8s l&rsquo;industrie et un focus sur la sp\u00e9cificit\u00e9 du m\u00e9thane, l&rsquo;article aborde ici la consommation r\u00e9sidentielle. La consommation d\u2019\u00e9nergie pour le chauffage domestique, l\u2019eau chaude et la cuisson des aliments repr\u00e9sente environ 10 % des \u00e9missions de GES en France. On peut y ajouter 5% des \u00e9missions pour les m\u00eames&#8230;","og_url":"https:\/\/sceaux-lagazette.fr\/index.php\/2024\/02\/27\/isoler-et-decarboner-les-batiments\/","og_site_name":"La Gazette","article_published_time":"2024-02-27T09:43:24+00:00","article_modified_time":"2024-05-08T14:38:29+00:00","og_image":[{"width":640,"height":460,"url":"https:\/\/sceaux-lagazette.fr\/wp-content\/uploads\/2024\/02\/Maison_Andegrave.jpg","type":"image\/jpeg"}],"author":"G\u00e9rard Bardier","twitter_card":"summary_large_image","twitter_misc":{"\u00c9crit par":"G\u00e9rard Bardier","Dur\u00e9e de lecture estim\u00e9e":"5 minutes"},"schema":{"@context":"https:\/\/schema.org","@graph":[{"@type":"Article","@id":"https:\/\/sceaux-lagazette.fr\/index.php\/2024\/02\/27\/isoler-et-decarboner-les-batiments\/#article","isPartOf":{"@id":"https:\/\/sceaux-lagazette.fr\/index.php\/2024\/02\/27\/isoler-et-decarboner-les-batiments\/"},"author":{"name":"G\u00e9rard Bardier","@id":"https:\/\/sceaux-lagazette.fr\/#\/schema\/person\/5650e206a121f68c6f5e76379bccfbc4"},"headline":"Isoler et d\u00e9carboner les b\u00e2timents","datePublished":"2024-02-27T09:43:24+00:00","dateModified":"2024-05-08T14:38:29+00:00","mainEntityOfPage":{"@id":"https:\/\/sceaux-lagazette.fr\/index.php\/2024\/02\/27\/isoler-et-decarboner-les-batiments\/"},"wordCount":889,"commentCount":4,"publisher":{"@id":"https:\/\/sceaux-lagazette.fr\/#organization"},"image":{"@id":"https:\/\/sceaux-lagazette.fr\/index.php\/2024\/02\/27\/isoler-et-decarboner-les-batiments\/#primaryimage"},"thumbnailUrl":"https:\/\/sceaux-lagazette.fr\/wp-content\/uploads\/2024\/02\/Maison_Andegrave.jpg","articleSection":["Analyses","Environnement"],"inLanguage":"fr-FR","potentialAction":[{"@type":"CommentAction","name":"Comment","target":["https:\/\/sceaux-lagazette.fr\/index.php\/2024\/02\/27\/isoler-et-decarboner-les-batiments\/#respond"]}]},{"@type":"WebPage","@id":"https:\/\/sceaux-lagazette.fr\/index.php\/2024\/02\/27\/isoler-et-decarboner-les-batiments\/","url":"https:\/\/sceaux-lagazette.fr\/index.php\/2024\/02\/27\/isoler-et-decarboner-les-batiments\/","name":"Isoler et d\u00e9carboner les b\u00e2timents - La Gazette","isPartOf":{"@id":"https:\/\/sceaux-lagazette.fr\/#website"},"primaryImageOfPage":{"@id":"https:\/\/sceaux-lagazette.fr\/index.php\/2024\/02\/27\/isoler-et-decarboner-les-batiments\/#primaryimage"},"image":{"@id":"https:\/\/sceaux-lagazette.fr\/index.php\/2024\/02\/27\/isoler-et-decarboner-les-batiments\/#primaryimage"},"thumbnailUrl":"https:\/\/sceaux-lagazette.fr\/wp-content\/uploads\/2024\/02\/Maison_Andegrave.jpg","datePublished":"2024-02-27T09:43:24+00:00","dateModified":"2024-05-08T14:38:29+00:00","breadcrumb":{"@id":"https:\/\/sceaux-lagazette.fr\/index.php\/2024\/02\/27\/isoler-et-decarboner-les-batiments\/#breadcrumb"},"inLanguage":"fr-FR","potentialAction":[{"@type":"ReadAction","target":["https:\/\/sceaux-lagazette.fr\/index.php\/2024\/02\/27\/isoler-et-decarboner-les-batiments\/"]}]},{"@type":"ImageObject","inLanguage":"fr-FR","@id":"https:\/\/sceaux-lagazette.fr\/index.php\/2024\/02\/27\/isoler-et-decarboner-les-batiments\/#primaryimage","url":"https:\/\/sceaux-lagazette.fr\/wp-content\/uploads\/2024\/02\/Maison_Andegrave.jpg","contentUrl":"https:\/\/sceaux-lagazette.fr\/wp-content\/uploads\/2024\/02\/Maison_Andegrave.jpg","width":640,"height":460},{"@type":"BreadcrumbList","@id":"https:\/\/sceaux-lagazette.fr\/index.php\/2024\/02\/27\/isoler-et-decarboner-les-batiments\/#breadcrumb","itemListElement":[{"@type":"ListItem","position":1,"name":"Accueil","item":"https:\/\/sceaux-lagazette.fr\/"},{"@type":"ListItem","position":2,"name":"Isoler et d\u00e9carboner les b\u00e2timents"}]},{"@type":"WebSite","@id":"https:\/\/sceaux-lagazette.fr\/#website","url":"https:\/\/sceaux-lagazette.fr\/","name":"La Gazette","description":"Bourg-la-Reine, Ch\u00e2tenay, Fontenay, Sceaux","publisher":{"@id":"https:\/\/sceaux-lagazette.fr\/#organization"},"potentialAction":[{"@type":"SearchAction","target":{"@type":"EntryPoint","urlTemplate":"https:\/\/sceaux-lagazette.fr\/?s={search_term_string}"},"query-input":{"@type":"PropertyValueSpecification","valueRequired":true,"valueName":"search_term_string"}}],"inLanguage":"fr-FR"},{"@type":"Organization","@id":"https:\/\/sceaux-lagazette.fr\/#organization","name":"La Gazette","url":"https:\/\/sceaux-lagazette.fr\/","logo":{"@type":"ImageObject","inLanguage":"fr-FR","@id":"https:\/\/sceaux-lagazette.fr\/#\/schema\/logo\/image\/","url":"https:\/\/sceaux-lagazette.fr\/wp-content\/uploads\/2025\/08\/Logo-Gazette-Aout-2025-V3.jpg","contentUrl":"https:\/\/sceaux-lagazette.fr\/wp-content\/uploads\/2025\/08\/Logo-Gazette-Aout-2025-V3.jpg","width":525,"height":130,"caption":"La Gazette"},"image":{"@id":"https:\/\/sceaux-lagazette.fr\/#\/schema\/logo\/image\/"}},{"@type":"Person","@id":"https:\/\/sceaux-lagazette.fr\/#\/schema\/person\/5650e206a121f68c6f5e76379bccfbc4","name":"G\u00e9rard Bardier","image":{"@type":"ImageObject","inLanguage":"fr-FR","@id":"https:\/\/sceaux-lagazette.fr\/#\/schema\/person\/image\/","url":"https:\/\/secure.gravatar.com\/avatar\/5cf4391ef9dbc0367750202561279a29?s=96&r=g","contentUrl":"https:\/\/secure.gravatar.com\/avatar\/5cf4391ef9dbc0367750202561279a29?s=96&r=g","caption":"G\u00e9rard Bardier"},"url":"https:\/\/sceaux-lagazette.fr\/index.php\/author\/gb\/"}]}},"cc_featured_image_caption":{"caption_text":"Source :Wikimedia Commons","source_text":"","source_url":""},"_links":{"self":[{"href":"https:\/\/sceaux-lagazette.fr\/index.php\/wp-json\/wp\/v2\/posts\/38483"}],"collection":[{"href":"https:\/\/sceaux-lagazette.fr\/index.php\/wp-json\/wp\/v2\/posts"}],"about":[{"href":"https:\/\/sceaux-lagazette.fr\/index.php\/wp-json\/wp\/v2\/types\/post"}],"author":[{"embeddable":true,"href":"https:\/\/sceaux-lagazette.fr\/index.php\/wp-json\/wp\/v2\/users\/11"}],"replies":[{"embeddable":true,"href":"https:\/\/sceaux-lagazette.fr\/index.php\/wp-json\/wp\/v2\/comments?post=38483"}],"version-history":[{"count":10,"href":"https:\/\/sceaux-lagazette.fr\/index.php\/wp-json\/wp\/v2\/posts\/38483\/revisions"}],"predecessor-version":[{"id":41079,"href":"https:\/\/sceaux-lagazette.fr\/index.php\/wp-json\/wp\/v2\/posts\/38483\/revisions\/41079"}],"wp:featuredmedia":[{"embeddable":true,"href":"https:\/\/sceaux-lagazette.fr\/index.php\/wp-json\/wp\/v2\/media\/38495"}],"wp:attachment":[{"href":"https:\/\/sceaux-lagazette.fr\/index.php\/wp-json\/wp\/v2\/media?parent=38483"}],"wp:term":[{"taxonomy":"category","embeddable":true,"href":"https:\/\/sceaux-lagazette.fr\/index.php\/wp-json\/wp\/v2\/categories?post=38483"},{"taxonomy":"post_tag","embeddable":true,"href":"https:\/\/sceaux-lagazette.fr\/index.php\/wp-json\/wp\/v2\/tags?post=38483"}],"curies":[{"name":"wp","href":"https:\/\/api.w.org\/{rel}","templated":true}]}}