{"id":38022,"date":"2024-02-19T09:30:38","date_gmt":"2024-02-19T08:30:38","guid":{"rendered":"https:\/\/sceaux-lagazette.fr\/?p=38022"},"modified":"2024-03-04T08:29:28","modified_gmt":"2024-03-04T07:29:28","slug":"la-maison-de-leminent-ceramiste","status":"publish","type":"post","link":"https:\/\/sceaux-lagazette.fr\/index.php\/2024\/02\/19\/la-maison-de-leminent-ceramiste\/","title":{"rendered":"La maison de l\u2019\u00e9minent c\u00e9ramiste"},"content":{"rendered":"\n<p>A Bourg-la-Reine, tous les troisi\u00e8mes samedis du mois, jusqu\u2019au mois de juin, une petite maison ouvre sa porte discr\u00e8te \u00e0 une merveilleuse collection de fa\u00efenceries. Avant-hier \u00e9tait un jour d\u2019ouverture. Les horaires vont de 10h \u00e0 12h et de 14h \u00e0 17h.<\/p>\n\n\n\n<p>La maison Dalpayrat (Pierre-Adrien de son pr\u00e9nom) expose des \u0153uvres d\u2019un c\u00e9ramiste fran\u00e7ais du XIXe si\u00e8cle, c\u00e9l\u00e8bre pour ses vases et ses pots en gr\u00e8s flamm\u00e9. En 1894, il cr\u00e9e \u00e0 Bourg-la-Reine la Manufacture de gr\u00e8s artistiques. Il produit des c\u00e9ramiques de haute qualit\u00e9, aux formes et aux couleurs vari\u00e9es, qui font alors sa renomm\u00e9e.<\/p>\n\n\n\n<p>Des explications sur les murs de l\u2019entr\u00e9e racontent des choses int\u00e9ressantes sur sa vie. Il a collabor\u00e9 avec plusieurs sculpteurs, comme Alphonse Voisin-Delacroix ou Agn\u00e8s de Frumerie (Su\u00e9doise malgr\u00e9 les apparences) pour r\u00e9aliser des vases orn\u00e9s de motifs figuratifs ou symboliques. Fait singulier&nbsp;: alors qu\u2019il est install\u00e9 \u00e0 Menton pr\u00e8s de la fronti\u00e8re italienne, le tremblement de terre du 23 f\u00e9vrier 1887 d\u00e9truit son atelier. Il s\u2019en retourne \u00e0 Limoges, sa ville natale. Vendredi prochain en est donc le 137e triste anniversaire. &nbsp;<\/p>\n\n\n\n<p>Ignorant les choses de la c\u00e9ramique, un coup d\u2019\u0153il smartphonien <a href=\"https:\/\/www.atelierpatine.fr\/post\/fa%C3%AFence-porcelaine-c%C3%A9ramique-gr%C3%A8s-quelles-diff%C3%A9rences\">sur le web<\/a> \u00e9vite de rater l\u2019essentiel. &nbsp;On y apprend que la c\u00e9ramique est un terme qui englobe tous les produits en argile cuite. Mais les argiles sont nombreuses selon les min\u00e9raux qu\u2019elles contiennent. Les cuissons varient \u00e9videmment avec les temp\u00e9ratures. Si l\u2019on consid\u00e8re les modes de fa\u00e7onnage et les d\u00e9corations possibles, il est clair que les types de c\u00e9ramiques varient \u00e0 l\u2019infini. Trois cat\u00e9gories nous int\u00e9ressent ici.<\/p>\n\n\n\n<h2 class=\"wp-block-heading\">Ne pas confondre fa\u00efence, porcelaine et gr\u00e8s<\/h2>\n\n\n\n<p>La fa\u00efence est une c\u00e9ramique \u00e0 p\u00e2te poreuse, compos\u00e9e d\u2019argile fine et cuite entre 900 et 1100\u00b0C. Elle est recouverte d\u2019un \u00e9mail qui la rend imperm\u00e9able et brillante. La fa\u00efence est souvent color\u00e9e et d\u00e9cor\u00e9e de motifs peints \u00e0 la main. Elle est utilis\u00e9e pour la vaisselle, les carreaux ou les objets d\u00e9coratifs.<\/p>\n\n\n\n<p>La porcelaine est une c\u00e9ramique \u00e0 p\u00e2te imperm\u00e9able, compos\u00e9e d\u2019argile tr\u00e8s pure et cuite entre 1200 et 1400\u00b0C. Elle est translucide, fine et r\u00e9sistante. La porcelaine est souvent blanche et d\u00e9cor\u00e9e de motifs d\u00e9licats. Elle est utilis\u00e9e pour la vaisselle de luxe, les figurines ou les objets d\u2019art.<\/p>\n\n\n\n<p>Le gr\u00e8s est une c\u00e9ramique \u00e0 p\u00e2te imperm\u00e9able, compos\u00e9e d\u2019argile riche en silice et cuite entre 1100 et 1300\u00b0C. Il est vitrifi\u00e9, solide et r\u00e9sistant aux chocs thermiques. Le gr\u00e8s peut avoir des couleurs et des textures vari\u00e9es. Il est utilis\u00e9 pour la poterie, les r\u00e9cipients ou les objets design.<\/p>\n\n\n<div class=\"wp-block-image\">\n<figure class=\"alignright size-full is-resized\"><img decoding=\"async\" width=\"540\" height=\"720\" src=\"https:\/\/sceaux-lagazette.fr\/wp-content\/uploads\/2024\/02\/Dalpeyrat-2-Maison.jpg\" alt=\"\" class=\"wp-image-38024\" style=\"width:281px;height:auto\" srcset=\"https:\/\/sceaux-lagazette.fr\/wp-content\/uploads\/2024\/02\/Dalpeyrat-2-Maison.jpg 540w, https:\/\/sceaux-lagazette.fr\/wp-content\/uploads\/2024\/02\/Dalpeyrat-2-Maison-225x300.jpg 225w\" sizes=\"(max-width: 540px) 100vw, 540px\" \/><figcaption class=\"wp-element-caption\">La maison du Ma\u00eetre. Photo LGdS<\/figcaption><\/figure><\/div>\n\n\n<p>Ce petit savoir (le web est tr\u00e8s fourni en descriptions d\u00e9taill\u00e9es) permet d\u2019admirer sans complexe des gr\u00e8s magnifiques avec des rouges et des bleus subtils coul\u00e9s en nervures entrem\u00eal\u00e9es de cama\u00efeux fondus.<\/p>\n\n\n\n<p>Certaines formes s\u2019inscrivent dans les d\u00e9buts de l\u2019<em>Art nouveau<\/em> et d\u2019autres sont des fa\u00efences traditionnelles. On d\u00e9couvre des repr\u00e9sentations humaines, animales, des fleurs, des assiettes avec des reproductions de la R\u00e9volution fran\u00e7aise, des coffres \u00e0 bijoux ou des pots \u00e0 tabac, des figures mythologiques.<\/p>\n\n\n\n<p>On aimerait se constituer une collection \u00e0 soi. Mais Dalpeyrat est pass\u00e9 depuis longtemps \u00e0 la c\u00e9l\u00e9brit\u00e9. Les prix ont suivi la taille de son renom. Des \u0153uvres de lui sont expos\u00e9es au Mus\u00e9e d\u2019Orsay, au Museum of Art de Cleveland (Ohio), au Metropolitan Museum of Art \u00e0 New York, au Grassimuseum de Leipzig&#8230; Heureusement, certaines sont l\u00e0, tout pr\u00e8s de nous, au 43 avenue du g\u00e9n\u00e9ral Leclerc \u00e0 Bourg-la-Reine. \u00c0 d\u00e9faut d\u2019en avoir \u00e0 la maison, on peut les admirer sans frais.<\/p>\n","protected":false},"excerpt":{"rendered":"<p>A Bourg-la-Reine, tous les troisi\u00e8mes samedis du mois, jusqu\u2019au mois de juin, une petite maison ouvre sa porte discr\u00e8te \u00e0 une merveilleuse collection de fa\u00efenceries. Avant-hier \u00e9tait un jour d\u2019ouverture. Les horaires vont de 10h \u00e0 12h et de 14h \u00e0 17h. La maison Dalpayrat (Pierre-Adrien de son pr\u00e9nom) expose&#8230;<\/p>\n","protected":false},"author":26,"featured_media":38023,"comment_status":"open","ping_status":"open","sticky":false,"template":"","format":"standard","meta":{"om_disable_all_campaigns":false,"_monsterinsights_skip_tracking":false,"_monsterinsights_sitenote_active":false,"_monsterinsights_sitenote_note":"","_monsterinsights_sitenote_category":0,"_uf_show_specific_survey":0,"_uf_disable_surveys":false,"footnotes":""},"categories":[265,259],"tags":[],"class_list":["post-38022","post","type-post","status-publish","format-standard","has-post-thumbnail","hentry","category-bourg-la-reine","category-expositions","entry","simple"],"yoast_head":"<!-- This site is optimized with the Yoast SEO plugin v25.6 - https:\/\/yoast.com\/wordpress\/plugins\/seo\/ -->\n<title>La maison de l\u2019\u00e9minent c\u00e9ramiste - La Gazette<\/title>\n<meta name=\"robots\" content=\"index, follow, max-snippet:-1, max-image-preview:large, max-video-preview:-1\" \/>\n<link rel=\"canonical\" href=\"https:\/\/sceaux-lagazette.fr\/index.php\/2024\/02\/19\/la-maison-de-leminent-ceramiste\/\" \/>\n<meta property=\"og:locale\" content=\"fr_FR\" \/>\n<meta property=\"og:type\" content=\"article\" \/>\n<meta property=\"og:title\" content=\"La maison de l\u2019\u00e9minent c\u00e9ramiste - La Gazette\" \/>\n<meta property=\"og:description\" content=\"A Bourg-la-Reine, tous les troisi\u00e8mes samedis du mois, jusqu\u2019au mois de juin, une petite maison ouvre sa porte discr\u00e8te \u00e0 une merveilleuse collection de fa\u00efenceries. Avant-hier \u00e9tait un jour d\u2019ouverture. Les horaires vont de 10h \u00e0 12h et de 14h \u00e0 17h. La maison Dalpayrat (Pierre-Adrien de son pr\u00e9nom) expose&#8230;\" \/>\n<meta property=\"og:url\" content=\"https:\/\/sceaux-lagazette.fr\/index.php\/2024\/02\/19\/la-maison-de-leminent-ceramiste\/\" \/>\n<meta property=\"og:site_name\" content=\"La Gazette\" \/>\n<meta property=\"article:published_time\" content=\"2024-02-19T08:30:38+00:00\" \/>\n<meta property=\"article:modified_time\" content=\"2024-03-04T07:29:28+00:00\" \/>\n<meta property=\"og:image\" content=\"https:\/\/sceaux-lagazette.fr\/wp-content\/uploads\/2024\/02\/Dalpeyrat-1.jpg\" \/>\n\t<meta property=\"og:image:width\" content=\"960\" \/>\n\t<meta property=\"og:image:height\" content=\"602\" \/>\n\t<meta property=\"og:image:type\" content=\"image\/jpeg\" \/>\n<meta name=\"author\" content=\"Bob Trotter\" \/>\n<meta name=\"twitter:card\" content=\"summary_large_image\" \/>\n<meta name=\"twitter:label1\" content=\"\u00c9crit par\" \/>\n\t<meta name=\"twitter:data1\" content=\"Bob Trotter\" \/>\n\t<meta name=\"twitter:label2\" content=\"Dur\u00e9e de lecture estim\u00e9e\" \/>\n\t<meta name=\"twitter:data2\" content=\"4 minutes\" \/>\n<script type=\"application\/ld+json\" class=\"yoast-schema-graph\">{\"@context\":\"https:\/\/schema.org\",\"@graph\":[{\"@type\":\"Article\",\"@id\":\"https:\/\/sceaux-lagazette.fr\/index.php\/2024\/02\/19\/la-maison-de-leminent-ceramiste\/#article\",\"isPartOf\":{\"@id\":\"https:\/\/sceaux-lagazette.fr\/index.php\/2024\/02\/19\/la-maison-de-leminent-ceramiste\/\"},\"author\":{\"name\":\"Bob Trotter\",\"@id\":\"https:\/\/sceaux-lagazette.fr\/#\/schema\/person\/6a722b0a04ce43936c921179f282272b\"},\"headline\":\"La maison de l\u2019\u00e9minent c\u00e9ramiste\",\"datePublished\":\"2024-02-19T08:30:38+00:00\",\"dateModified\":\"2024-03-04T07:29:28+00:00\",\"mainEntityOfPage\":{\"@id\":\"https:\/\/sceaux-lagazette.fr\/index.php\/2024\/02\/19\/la-maison-de-leminent-ceramiste\/\"},\"wordCount\":676,\"commentCount\":3,\"publisher\":{\"@id\":\"https:\/\/sceaux-lagazette.fr\/#organization\"},\"image\":{\"@id\":\"https:\/\/sceaux-lagazette.fr\/index.php\/2024\/02\/19\/la-maison-de-leminent-ceramiste\/#primaryimage\"},\"thumbnailUrl\":\"https:\/\/sceaux-lagazette.fr\/wp-content\/uploads\/2024\/02\/Dalpeyrat-1.jpg\",\"articleSection\":[\"Bourg-la-Reine\",\"Expositions\"],\"inLanguage\":\"fr-FR\",\"potentialAction\":[{\"@type\":\"CommentAction\",\"name\":\"Comment\",\"target\":[\"https:\/\/sceaux-lagazette.fr\/index.php\/2024\/02\/19\/la-maison-de-leminent-ceramiste\/#respond\"]}]},{\"@type\":\"WebPage\",\"@id\":\"https:\/\/sceaux-lagazette.fr\/index.php\/2024\/02\/19\/la-maison-de-leminent-ceramiste\/\",\"url\":\"https:\/\/sceaux-lagazette.fr\/index.php\/2024\/02\/19\/la-maison-de-leminent-ceramiste\/\",\"name\":\"La maison de l\u2019\u00e9minent c\u00e9ramiste - La Gazette\",\"isPartOf\":{\"@id\":\"https:\/\/sceaux-lagazette.fr\/#website\"},\"primaryImageOfPage\":{\"@id\":\"https:\/\/sceaux-lagazette.fr\/index.php\/2024\/02\/19\/la-maison-de-leminent-ceramiste\/#primaryimage\"},\"image\":{\"@id\":\"https:\/\/sceaux-lagazette.fr\/index.php\/2024\/02\/19\/la-maison-de-leminent-ceramiste\/#primaryimage\"},\"thumbnailUrl\":\"https:\/\/sceaux-lagazette.fr\/wp-content\/uploads\/2024\/02\/Dalpeyrat-1.jpg\",\"datePublished\":\"2024-02-19T08:30:38+00:00\",\"dateModified\":\"2024-03-04T07:29:28+00:00\",\"breadcrumb\":{\"@id\":\"https:\/\/sceaux-lagazette.fr\/index.php\/2024\/02\/19\/la-maison-de-leminent-ceramiste\/#breadcrumb\"},\"inLanguage\":\"fr-FR\",\"potentialAction\":[{\"@type\":\"ReadAction\",\"target\":[\"https:\/\/sceaux-lagazette.fr\/index.php\/2024\/02\/19\/la-maison-de-leminent-ceramiste\/\"]}]},{\"@type\":\"ImageObject\",\"inLanguage\":\"fr-FR\",\"@id\":\"https:\/\/sceaux-lagazette.fr\/index.php\/2024\/02\/19\/la-maison-de-leminent-ceramiste\/#primaryimage\",\"url\":\"https:\/\/sceaux-lagazette.fr\/wp-content\/uploads\/2024\/02\/Dalpeyrat-1.jpg\",\"contentUrl\":\"https:\/\/sceaux-lagazette.fr\/wp-content\/uploads\/2024\/02\/Dalpeyrat-1.jpg\",\"width\":960,\"height\":602},{\"@type\":\"BreadcrumbList\",\"@id\":\"https:\/\/sceaux-lagazette.fr\/index.php\/2024\/02\/19\/la-maison-de-leminent-ceramiste\/#breadcrumb\",\"itemListElement\":[{\"@type\":\"ListItem\",\"position\":1,\"name\":\"Accueil\",\"item\":\"https:\/\/sceaux-lagazette.fr\/\"},{\"@type\":\"ListItem\",\"position\":2,\"name\":\"La maison de l\u2019\u00e9minent c\u00e9ramiste\"}]},{\"@type\":\"WebSite\",\"@id\":\"https:\/\/sceaux-lagazette.fr\/#website\",\"url\":\"https:\/\/sceaux-lagazette.fr\/\",\"name\":\"La Gazette\",\"description\":\"Bourg-la-Reine, Ch\u00e2tenay, Fontenay, Sceaux\",\"publisher\":{\"@id\":\"https:\/\/sceaux-lagazette.fr\/#organization\"},\"potentialAction\":[{\"@type\":\"SearchAction\",\"target\":{\"@type\":\"EntryPoint\",\"urlTemplate\":\"https:\/\/sceaux-lagazette.fr\/?s={search_term_string}\"},\"query-input\":{\"@type\":\"PropertyValueSpecification\",\"valueRequired\":true,\"valueName\":\"search_term_string\"}}],\"inLanguage\":\"fr-FR\"},{\"@type\":\"Organization\",\"@id\":\"https:\/\/sceaux-lagazette.fr\/#organization\",\"name\":\"La Gazette\",\"url\":\"https:\/\/sceaux-lagazette.fr\/\",\"logo\":{\"@type\":\"ImageObject\",\"inLanguage\":\"fr-FR\",\"@id\":\"https:\/\/sceaux-lagazette.fr\/#\/schema\/logo\/image\/\",\"url\":\"https:\/\/sceaux-lagazette.fr\/wp-content\/uploads\/2025\/08\/Logo-Gazette-Aout-2025-V3.jpg\",\"contentUrl\":\"https:\/\/sceaux-lagazette.fr\/wp-content\/uploads\/2025\/08\/Logo-Gazette-Aout-2025-V3.jpg\",\"width\":525,\"height\":130,\"caption\":\"La Gazette\"},\"image\":{\"@id\":\"https:\/\/sceaux-lagazette.fr\/#\/schema\/logo\/image\/\"}},{\"@type\":\"Person\",\"@id\":\"https:\/\/sceaux-lagazette.fr\/#\/schema\/person\/6a722b0a04ce43936c921179f282272b\",\"name\":\"Bob Trotter\",\"image\":{\"@type\":\"ImageObject\",\"inLanguage\":\"fr-FR\",\"@id\":\"https:\/\/sceaux-lagazette.fr\/#\/schema\/person\/image\/\",\"url\":\"https:\/\/secure.gravatar.com\/avatar\/7b80be6425a418a33c1b7fcf62c4f1bc?s=96&r=g\",\"contentUrl\":\"https:\/\/secure.gravatar.com\/avatar\/7b80be6425a418a33c1b7fcf62c4f1bc?s=96&r=g\",\"caption\":\"Bob Trotter\"},\"url\":\"https:\/\/sceaux-lagazette.fr\/index.php\/author\/bob-trotter\/\"}]}<\/script>\n<!-- \/ Yoast SEO plugin. -->","yoast_head_json":{"title":"La maison de l\u2019\u00e9minent c\u00e9ramiste - La Gazette","robots":{"index":"index","follow":"follow","max-snippet":"max-snippet:-1","max-image-preview":"max-image-preview:large","max-video-preview":"max-video-preview:-1"},"canonical":"https:\/\/sceaux-lagazette.fr\/index.php\/2024\/02\/19\/la-maison-de-leminent-ceramiste\/","og_locale":"fr_FR","og_type":"article","og_title":"La maison de l\u2019\u00e9minent c\u00e9ramiste - La Gazette","og_description":"A Bourg-la-Reine, tous les troisi\u00e8mes samedis du mois, jusqu\u2019au mois de juin, une petite maison ouvre sa porte discr\u00e8te \u00e0 une merveilleuse collection de fa\u00efenceries. Avant-hier \u00e9tait un jour d\u2019ouverture. Les horaires vont de 10h \u00e0 12h et de 14h \u00e0 17h. La maison Dalpayrat (Pierre-Adrien de son pr\u00e9nom) expose&#8230;","og_url":"https:\/\/sceaux-lagazette.fr\/index.php\/2024\/02\/19\/la-maison-de-leminent-ceramiste\/","og_site_name":"La Gazette","article_published_time":"2024-02-19T08:30:38+00:00","article_modified_time":"2024-03-04T07:29:28+00:00","og_image":[{"width":960,"height":602,"url":"https:\/\/sceaux-lagazette.fr\/wp-content\/uploads\/2024\/02\/Dalpeyrat-1.jpg","type":"image\/jpeg"}],"author":"Bob Trotter","twitter_card":"summary_large_image","twitter_misc":{"\u00c9crit par":"Bob Trotter","Dur\u00e9e de lecture estim\u00e9e":"4 minutes"},"schema":{"@context":"https:\/\/schema.org","@graph":[{"@type":"Article","@id":"https:\/\/sceaux-lagazette.fr\/index.php\/2024\/02\/19\/la-maison-de-leminent-ceramiste\/#article","isPartOf":{"@id":"https:\/\/sceaux-lagazette.fr\/index.php\/2024\/02\/19\/la-maison-de-leminent-ceramiste\/"},"author":{"name":"Bob Trotter","@id":"https:\/\/sceaux-lagazette.fr\/#\/schema\/person\/6a722b0a04ce43936c921179f282272b"},"headline":"La maison de l\u2019\u00e9minent c\u00e9ramiste","datePublished":"2024-02-19T08:30:38+00:00","dateModified":"2024-03-04T07:29:28+00:00","mainEntityOfPage":{"@id":"https:\/\/sceaux-lagazette.fr\/index.php\/2024\/02\/19\/la-maison-de-leminent-ceramiste\/"},"wordCount":676,"commentCount":3,"publisher":{"@id":"https:\/\/sceaux-lagazette.fr\/#organization"},"image":{"@id":"https:\/\/sceaux-lagazette.fr\/index.php\/2024\/02\/19\/la-maison-de-leminent-ceramiste\/#primaryimage"},"thumbnailUrl":"https:\/\/sceaux-lagazette.fr\/wp-content\/uploads\/2024\/02\/Dalpeyrat-1.jpg","articleSection":["Bourg-la-Reine","Expositions"],"inLanguage":"fr-FR","potentialAction":[{"@type":"CommentAction","name":"Comment","target":["https:\/\/sceaux-lagazette.fr\/index.php\/2024\/02\/19\/la-maison-de-leminent-ceramiste\/#respond"]}]},{"@type":"WebPage","@id":"https:\/\/sceaux-lagazette.fr\/index.php\/2024\/02\/19\/la-maison-de-leminent-ceramiste\/","url":"https:\/\/sceaux-lagazette.fr\/index.php\/2024\/02\/19\/la-maison-de-leminent-ceramiste\/","name":"La maison de l\u2019\u00e9minent c\u00e9ramiste - La Gazette","isPartOf":{"@id":"https:\/\/sceaux-lagazette.fr\/#website"},"primaryImageOfPage":{"@id":"https:\/\/sceaux-lagazette.fr\/index.php\/2024\/02\/19\/la-maison-de-leminent-ceramiste\/#primaryimage"},"image":{"@id":"https:\/\/sceaux-lagazette.fr\/index.php\/2024\/02\/19\/la-maison-de-leminent-ceramiste\/#primaryimage"},"thumbnailUrl":"https:\/\/sceaux-lagazette.fr\/wp-content\/uploads\/2024\/02\/Dalpeyrat-1.jpg","datePublished":"2024-02-19T08:30:38+00:00","dateModified":"2024-03-04T07:29:28+00:00","breadcrumb":{"@id":"https:\/\/sceaux-lagazette.fr\/index.php\/2024\/02\/19\/la-maison-de-leminent-ceramiste\/#breadcrumb"},"inLanguage":"fr-FR","potentialAction":[{"@type":"ReadAction","target":["https:\/\/sceaux-lagazette.fr\/index.php\/2024\/02\/19\/la-maison-de-leminent-ceramiste\/"]}]},{"@type":"ImageObject","inLanguage":"fr-FR","@id":"https:\/\/sceaux-lagazette.fr\/index.php\/2024\/02\/19\/la-maison-de-leminent-ceramiste\/#primaryimage","url":"https:\/\/sceaux-lagazette.fr\/wp-content\/uploads\/2024\/02\/Dalpeyrat-1.jpg","contentUrl":"https:\/\/sceaux-lagazette.fr\/wp-content\/uploads\/2024\/02\/Dalpeyrat-1.jpg","width":960,"height":602},{"@type":"BreadcrumbList","@id":"https:\/\/sceaux-lagazette.fr\/index.php\/2024\/02\/19\/la-maison-de-leminent-ceramiste\/#breadcrumb","itemListElement":[{"@type":"ListItem","position":1,"name":"Accueil","item":"https:\/\/sceaux-lagazette.fr\/"},{"@type":"ListItem","position":2,"name":"La maison de l\u2019\u00e9minent c\u00e9ramiste"}]},{"@type":"WebSite","@id":"https:\/\/sceaux-lagazette.fr\/#website","url":"https:\/\/sceaux-lagazette.fr\/","name":"La Gazette","description":"Bourg-la-Reine, Ch\u00e2tenay, Fontenay, Sceaux","publisher":{"@id":"https:\/\/sceaux-lagazette.fr\/#organization"},"potentialAction":[{"@type":"SearchAction","target":{"@type":"EntryPoint","urlTemplate":"https:\/\/sceaux-lagazette.fr\/?s={search_term_string}"},"query-input":{"@type":"PropertyValueSpecification","valueRequired":true,"valueName":"search_term_string"}}],"inLanguage":"fr-FR"},{"@type":"Organization","@id":"https:\/\/sceaux-lagazette.fr\/#organization","name":"La Gazette","url":"https:\/\/sceaux-lagazette.fr\/","logo":{"@type":"ImageObject","inLanguage":"fr-FR","@id":"https:\/\/sceaux-lagazette.fr\/#\/schema\/logo\/image\/","url":"https:\/\/sceaux-lagazette.fr\/wp-content\/uploads\/2025\/08\/Logo-Gazette-Aout-2025-V3.jpg","contentUrl":"https:\/\/sceaux-lagazette.fr\/wp-content\/uploads\/2025\/08\/Logo-Gazette-Aout-2025-V3.jpg","width":525,"height":130,"caption":"La Gazette"},"image":{"@id":"https:\/\/sceaux-lagazette.fr\/#\/schema\/logo\/image\/"}},{"@type":"Person","@id":"https:\/\/sceaux-lagazette.fr\/#\/schema\/person\/6a722b0a04ce43936c921179f282272b","name":"Bob Trotter","image":{"@type":"ImageObject","inLanguage":"fr-FR","@id":"https:\/\/sceaux-lagazette.fr\/#\/schema\/person\/image\/","url":"https:\/\/secure.gravatar.com\/avatar\/7b80be6425a418a33c1b7fcf62c4f1bc?s=96&r=g","contentUrl":"https:\/\/secure.gravatar.com\/avatar\/7b80be6425a418a33c1b7fcf62c4f1bc?s=96&r=g","caption":"Bob Trotter"},"url":"https:\/\/sceaux-lagazette.fr\/index.php\/author\/bob-trotter\/"}]}},"cc_featured_image_caption":{"caption_text":"Photo LGdS","source_text":"","source_url":""},"_links":{"self":[{"href":"https:\/\/sceaux-lagazette.fr\/index.php\/wp-json\/wp\/v2\/posts\/38022"}],"collection":[{"href":"https:\/\/sceaux-lagazette.fr\/index.php\/wp-json\/wp\/v2\/posts"}],"about":[{"href":"https:\/\/sceaux-lagazette.fr\/index.php\/wp-json\/wp\/v2\/types\/post"}],"author":[{"embeddable":true,"href":"https:\/\/sceaux-lagazette.fr\/index.php\/wp-json\/wp\/v2\/users\/26"}],"replies":[{"embeddable":true,"href":"https:\/\/sceaux-lagazette.fr\/index.php\/wp-json\/wp\/v2\/comments?post=38022"}],"version-history":[{"count":2,"href":"https:\/\/sceaux-lagazette.fr\/index.php\/wp-json\/wp\/v2\/posts\/38022\/revisions"}],"predecessor-version":[{"id":38903,"href":"https:\/\/sceaux-lagazette.fr\/index.php\/wp-json\/wp\/v2\/posts\/38022\/revisions\/38903"}],"wp:featuredmedia":[{"embeddable":true,"href":"https:\/\/sceaux-lagazette.fr\/index.php\/wp-json\/wp\/v2\/media\/38023"}],"wp:attachment":[{"href":"https:\/\/sceaux-lagazette.fr\/index.php\/wp-json\/wp\/v2\/media?parent=38022"}],"wp:term":[{"taxonomy":"category","embeddable":true,"href":"https:\/\/sceaux-lagazette.fr\/index.php\/wp-json\/wp\/v2\/categories?post=38022"},{"taxonomy":"post_tag","embeddable":true,"href":"https:\/\/sceaux-lagazette.fr\/index.php\/wp-json\/wp\/v2\/tags?post=38022"}],"curies":[{"name":"wp","href":"https:\/\/api.w.org\/{rel}","templated":true}]}}