{"id":3636,"date":"2021-03-30T14:16:37","date_gmt":"2021-03-30T12:16:37","guid":{"rendered":"https:\/\/sceaux-lagazette.fr\/?p=3636"},"modified":"2021-04-01T09:46:48","modified_gmt":"2021-04-01T07:46:48","slug":"comprendre-les-surrisques-de-contamination","status":"publish","type":"post","link":"https:\/\/sceaux-lagazette.fr\/index.php\/2021\/03\/30\/comprendre-les-surrisques-de-contamination\/","title":{"rendered":"Comprendre les surrisques de contamination"},"content":{"rendered":"\n<p>L\u2019Institut Pasteur a r\u00e9alis\u00e9 <a href=\"https:\/\/hal-pasteur.archives-ouvertes.fr\/pasteur-03155847\/document\" target=\"_blank\" rel=\"noreferrer noopener\">une \u00e9tude<\/a> qui porte sur les facteurs sociod\u00e9mographiques, comportements et pratiques associ\u00e9s \u00e0 l\u2019infection par le SARS-CoV-2. A cette fin, il a contact\u00e9 toutes les personnes ayant \u00e9t\u00e9 infect\u00e9es par la Covid entre le 1<sup>er<\/sup> octobre 2020 et le 31 janvier 2021. 8,2 % des personnes contact\u00e9es ont accept\u00e9 de r\u00e9pondre \u00e0 un questionnaire pr\u00e9cis, soit 77.208 participants. Le faible taux de r\u00e9ponse apporte forc\u00e9ment un biais dans les r\u00e9sultats.<\/p>\n\n\n\n<p>Les comportements de 8702 de ces cas ont \u00e9t\u00e9 compar\u00e9s avec ceux de 4351 t\u00e9moins identifi\u00e9s par IPSOS et appari\u00e9s sur l\u2019\u00e2ge, le sexe, le lieu.<\/p>\n\n\n\n<p><em>45% des personnes infect\u00e9es connaissent la personne source qui les a infect\u00e9es, 18% suspectent un \u00e9v\u00e8nement particulier sans conna\u00eetre la personne source de l\u2019infection, et 37% ne savent pas comment elles ont \u00e9t\u00e9 infect\u00e9es.<\/em><\/p>\n\n\n\n<p>Cette ignorance chez 37 % des r\u00e9pondants introduit un nouveau biais que la comparaison avec le groupe t\u00e9moin permet de limiter. On a pu ainsi montrer que les personnes se d\u00e9pla\u00e7ant en bus n\u2019\u00e9taient pas plus souvent infect\u00e9es que les personnes ne le prenant pas, \u00e0 caract\u00e9ristiques \u00e9gales (\u00e2ge, sexe, lieu, etc.). Quand la source de l\u2019infection est connue, elle se r\u00e9partit selon le graphique ci-dessous&nbsp;:<\/p>\n\n\n\n<figure class=\"wp-block-image size-large\"><img decoding=\"async\" width=\"1024\" height=\"615\" src=\"https:\/\/sceaux-lagazette.fr\/wp-content\/uploads\/2021\/03\/Source-de-la-contamination-1024x615.png\" alt=\"\" class=\"wp-image-3638\" srcset=\"https:\/\/sceaux-lagazette.fr\/wp-content\/uploads\/2021\/03\/Source-de-la-contamination-1024x615.png 1024w, https:\/\/sceaux-lagazette.fr\/wp-content\/uploads\/2021\/03\/Source-de-la-contamination-300x180.png 300w, https:\/\/sceaux-lagazette.fr\/wp-content\/uploads\/2021\/03\/Source-de-la-contamination-768x461.png 768w, https:\/\/sceaux-lagazette.fr\/wp-content\/uploads\/2021\/03\/Source-de-la-contamination-1536x923.png 1536w, https:\/\/sceaux-lagazette.fr\/wp-content\/uploads\/2021\/03\/Source-de-la-contamination.png 1653w\" sizes=\"(max-width: 1024px) 100vw, 1024px\" \/><\/figure>\n\n\n\n<p>Les principales circonstances sont les r\u00e9unions priv\u00e9es, le travail en bureaux partag\u00e9s, et les repas, qu\u2019ils soient pris en milieu priv\u00e9 ou professionnel.<\/p>\n\n\n\n<p>Dans 37% des cas (pour les transmissions hors du domicile), la personne source de l\u2019infection \u00e9tait symptomatique au moment du contact infectant. Les patients s\u2019isolent vis-\u00e0-vis des personnes vivant hors de leur foyer, mais attendent de plus en plus le retour du r\u00e9sultat du test pour s\u2019isoler plut\u00f4t que de s\u2019isoler d\u00e8s le d\u00e9but des sympt\u00f4mes.<\/p>\n\n\n\n<p>Le contact a lieu \u00e0 l\u2019int\u00e9rieur fen\u00eatres ferm\u00e9es dans 80% des cas, \u00e0 l\u2019int\u00e9rieur fen\u00eatres ouvertes dans 15% des cas, et \u00e0 l\u2019ext\u00e9rieur dans 5% des cas.<\/p>\n\n\n\n<p>La pr\u00e9sence d\u2019un enfant au foyer augmente le risque de contamination, sauf pour les \u00e9l\u00e8ves de primaire, mais cette situation semble changer avec le variant anglais, qui touche plus les jeunes.<\/p>\n\n\n\n<p>La relation entre dipl\u00f4mes et risque d\u2019infection suit une courbe en U: les bacheliers jusqu\u2019\u00e0 Bac+4 sont moins \u00e0 risque d\u2019infection, compar\u00e9s aux non-bacheliers et aux Bac+5.<\/p>\n\n\n\n<p>Les transports en commun ne sont pas associ\u00e9s \u00e0 un surrisque d\u2019infection, tandis que le covoiturage l\u2019est l\u2019a \u00e9t\u00e9 (+58%). Le t\u00e9l\u00e9travail prot\u00e8ge (-24%pour le t\u00e9l\u00e9travail partiel, -30% pour le t\u00e9l\u00e9travail total par rapport \u00e0 des personnes effectuant le m\u00eame travail en bureau).<\/p>\n\n\n\n<p>Les d\u00e9placements \u00e0 l\u2019\u00e9tranger sont associ\u00e9s \u00e0 un surrisque d\u2019infection (+53%).<\/p>\n\n\n\n<p>Retenons deux points importants, montrant la limite des d\u00e9cisions prises par les pouvoirs publics&nbsp;:<\/p>\n\n\n\n<ul class=\"wp-block-list\"><li><strong>Les \u00be des contaminations se font dans la sph\u00e8re priv\u00e9e (famille au sens large et amis).<\/strong><\/li><li><strong>Les personnes atteintes attendent le test avant d\u2019\u00e9ventuellement s\u2019isoler, au point que 46% des contaminations au travail se font par une personne symptomatique.<\/strong><\/li><\/ul>\n","protected":false},"excerpt":{"rendered":"<p>L\u2019Institut Pasteur a r\u00e9alis\u00e9 une \u00e9tude qui porte sur les facteurs sociod\u00e9mographiques, comportements et pratiques associ\u00e9s \u00e0 l\u2019infection par le SARS-CoV-2. A cette fin, il a contact\u00e9 toutes les personnes ayant \u00e9t\u00e9 infect\u00e9es par la Covid entre le 1er octobre 2020 et le 31 janvier 2021. 8,2 % des personnes&#8230;<\/p>\n","protected":false},"author":11,"featured_media":3640,"comment_status":"open","ping_status":"open","sticky":false,"template":"","format":"standard","meta":{"om_disable_all_campaigns":false,"_monsterinsights_skip_tracking":false,"_monsterinsights_sitenote_active":false,"_monsterinsights_sitenote_note":"","_monsterinsights_sitenote_category":0,"_uf_show_specific_survey":0,"_uf_disable_surveys":false,"footnotes":""},"categories":[53],"tags":[],"class_list":["post-3636","post","type-post","status-publish","format-standard","has-post-thumbnail","hentry","category-analyses","entry","simple"],"yoast_head":"<!-- This site is optimized with the Yoast SEO plugin v25.6 - https:\/\/yoast.com\/wordpress\/plugins\/seo\/ -->\n<title>Comprendre les surrisques de contamination - La Gazette<\/title>\n<meta name=\"robots\" content=\"index, follow, max-snippet:-1, max-image-preview:large, max-video-preview:-1\" \/>\n<link rel=\"canonical\" href=\"https:\/\/sceaux-lagazette.fr\/index.php\/2021\/03\/30\/comprendre-les-surrisques-de-contamination\/\" \/>\n<meta property=\"og:locale\" content=\"fr_FR\" \/>\n<meta property=\"og:type\" content=\"article\" \/>\n<meta property=\"og:title\" content=\"Comprendre les surrisques de contamination - La Gazette\" \/>\n<meta property=\"og:description\" content=\"L\u2019Institut Pasteur a r\u00e9alis\u00e9 une \u00e9tude qui porte sur les facteurs sociod\u00e9mographiques, comportements et pratiques associ\u00e9s \u00e0 l\u2019infection par le SARS-CoV-2. A cette fin, il a contact\u00e9 toutes les personnes ayant \u00e9t\u00e9 infect\u00e9es par la Covid entre le 1er octobre 2020 et le 31 janvier 2021. 8,2 % des personnes&#8230;\" \/>\n<meta property=\"og:url\" content=\"https:\/\/sceaux-lagazette.fr\/index.php\/2021\/03\/30\/comprendre-les-surrisques-de-contamination\/\" \/>\n<meta property=\"og:site_name\" content=\"La Gazette\" \/>\n<meta property=\"article:published_time\" content=\"2021-03-30T12:16:37+00:00\" \/>\n<meta property=\"article:modified_time\" content=\"2021-04-01T07:46:48+00:00\" \/>\n<meta property=\"og:image\" content=\"https:\/\/sceaux-lagazette.fr\/wp-content\/uploads\/2021\/03\/Institut_Pasteur_Paris_1-scaled.jpg\" \/>\n\t<meta property=\"og:image:width\" content=\"2560\" \/>\n\t<meta property=\"og:image:height\" content=\"1920\" \/>\n\t<meta property=\"og:image:type\" content=\"image\/jpeg\" \/>\n<meta name=\"author\" content=\"G\u00e9rard Bardier\" \/>\n<meta name=\"twitter:card\" content=\"summary_large_image\" \/>\n<meta name=\"twitter:label1\" content=\"\u00c9crit par\" \/>\n\t<meta name=\"twitter:data1\" content=\"G\u00e9rard Bardier\" \/>\n\t<meta name=\"twitter:label2\" content=\"Dur\u00e9e de lecture estim\u00e9e\" \/>\n\t<meta name=\"twitter:data2\" content=\"3 minutes\" \/>\n<script type=\"application\/ld+json\" class=\"yoast-schema-graph\">{\"@context\":\"https:\/\/schema.org\",\"@graph\":[{\"@type\":\"Article\",\"@id\":\"https:\/\/sceaux-lagazette.fr\/index.php\/2021\/03\/30\/comprendre-les-surrisques-de-contamination\/#article\",\"isPartOf\":{\"@id\":\"https:\/\/sceaux-lagazette.fr\/index.php\/2021\/03\/30\/comprendre-les-surrisques-de-contamination\/\"},\"author\":{\"name\":\"G\u00e9rard Bardier\",\"@id\":\"https:\/\/sceaux-lagazette.fr\/#\/schema\/person\/5650e206a121f68c6f5e76379bccfbc4\"},\"headline\":\"Comprendre les surrisques de contamination\",\"datePublished\":\"2021-03-30T12:16:37+00:00\",\"dateModified\":\"2021-04-01T07:46:48+00:00\",\"mainEntityOfPage\":{\"@id\":\"https:\/\/sceaux-lagazette.fr\/index.php\/2021\/03\/30\/comprendre-les-surrisques-de-contamination\/\"},\"wordCount\":530,\"commentCount\":0,\"publisher\":{\"@id\":\"https:\/\/sceaux-lagazette.fr\/#organization\"},\"image\":{\"@id\":\"https:\/\/sceaux-lagazette.fr\/index.php\/2021\/03\/30\/comprendre-les-surrisques-de-contamination\/#primaryimage\"},\"thumbnailUrl\":\"https:\/\/sceaux-lagazette.fr\/wp-content\/uploads\/2021\/03\/Institut_Pasteur_Paris_1-scaled.jpg\",\"articleSection\":[\"Analyses\"],\"inLanguage\":\"fr-FR\",\"potentialAction\":[{\"@type\":\"CommentAction\",\"name\":\"Comment\",\"target\":[\"https:\/\/sceaux-lagazette.fr\/index.php\/2021\/03\/30\/comprendre-les-surrisques-de-contamination\/#respond\"]}]},{\"@type\":\"WebPage\",\"@id\":\"https:\/\/sceaux-lagazette.fr\/index.php\/2021\/03\/30\/comprendre-les-surrisques-de-contamination\/\",\"url\":\"https:\/\/sceaux-lagazette.fr\/index.php\/2021\/03\/30\/comprendre-les-surrisques-de-contamination\/\",\"name\":\"Comprendre les surrisques de contamination - La Gazette\",\"isPartOf\":{\"@id\":\"https:\/\/sceaux-lagazette.fr\/#website\"},\"primaryImageOfPage\":{\"@id\":\"https:\/\/sceaux-lagazette.fr\/index.php\/2021\/03\/30\/comprendre-les-surrisques-de-contamination\/#primaryimage\"},\"image\":{\"@id\":\"https:\/\/sceaux-lagazette.fr\/index.php\/2021\/03\/30\/comprendre-les-surrisques-de-contamination\/#primaryimage\"},\"thumbnailUrl\":\"https:\/\/sceaux-lagazette.fr\/wp-content\/uploads\/2021\/03\/Institut_Pasteur_Paris_1-scaled.jpg\",\"datePublished\":\"2021-03-30T12:16:37+00:00\",\"dateModified\":\"2021-04-01T07:46:48+00:00\",\"breadcrumb\":{\"@id\":\"https:\/\/sceaux-lagazette.fr\/index.php\/2021\/03\/30\/comprendre-les-surrisques-de-contamination\/#breadcrumb\"},\"inLanguage\":\"fr-FR\",\"potentialAction\":[{\"@type\":\"ReadAction\",\"target\":[\"https:\/\/sceaux-lagazette.fr\/index.php\/2021\/03\/30\/comprendre-les-surrisques-de-contamination\/\"]}]},{\"@type\":\"ImageObject\",\"inLanguage\":\"fr-FR\",\"@id\":\"https:\/\/sceaux-lagazette.fr\/index.php\/2021\/03\/30\/comprendre-les-surrisques-de-contamination\/#primaryimage\",\"url\":\"https:\/\/sceaux-lagazette.fr\/wp-content\/uploads\/2021\/03\/Institut_Pasteur_Paris_1-scaled.jpg\",\"contentUrl\":\"https:\/\/sceaux-lagazette.fr\/wp-content\/uploads\/2021\/03\/Institut_Pasteur_Paris_1-scaled.jpg\",\"width\":2560,\"height\":1920},{\"@type\":\"BreadcrumbList\",\"@id\":\"https:\/\/sceaux-lagazette.fr\/index.php\/2021\/03\/30\/comprendre-les-surrisques-de-contamination\/#breadcrumb\",\"itemListElement\":[{\"@type\":\"ListItem\",\"position\":1,\"name\":\"Accueil\",\"item\":\"https:\/\/sceaux-lagazette.fr\/\"},{\"@type\":\"ListItem\",\"position\":2,\"name\":\"Comprendre les surrisques de contamination\"}]},{\"@type\":\"WebSite\",\"@id\":\"https:\/\/sceaux-lagazette.fr\/#website\",\"url\":\"https:\/\/sceaux-lagazette.fr\/\",\"name\":\"La Gazette\",\"description\":\"Bourg-la-Reine, Ch\u00e2tenay, Fontenay, Sceaux\",\"publisher\":{\"@id\":\"https:\/\/sceaux-lagazette.fr\/#organization\"},\"potentialAction\":[{\"@type\":\"SearchAction\",\"target\":{\"@type\":\"EntryPoint\",\"urlTemplate\":\"https:\/\/sceaux-lagazette.fr\/?s={search_term_string}\"},\"query-input\":{\"@type\":\"PropertyValueSpecification\",\"valueRequired\":true,\"valueName\":\"search_term_string\"}}],\"inLanguage\":\"fr-FR\"},{\"@type\":\"Organization\",\"@id\":\"https:\/\/sceaux-lagazette.fr\/#organization\",\"name\":\"La Gazette\",\"url\":\"https:\/\/sceaux-lagazette.fr\/\",\"logo\":{\"@type\":\"ImageObject\",\"inLanguage\":\"fr-FR\",\"@id\":\"https:\/\/sceaux-lagazette.fr\/#\/schema\/logo\/image\/\",\"url\":\"https:\/\/sceaux-lagazette.fr\/wp-content\/uploads\/2025\/08\/Logo-Gazette-Aout-2025-V3.jpg\",\"contentUrl\":\"https:\/\/sceaux-lagazette.fr\/wp-content\/uploads\/2025\/08\/Logo-Gazette-Aout-2025-V3.jpg\",\"width\":525,\"height\":130,\"caption\":\"La Gazette\"},\"image\":{\"@id\":\"https:\/\/sceaux-lagazette.fr\/#\/schema\/logo\/image\/\"}},{\"@type\":\"Person\",\"@id\":\"https:\/\/sceaux-lagazette.fr\/#\/schema\/person\/5650e206a121f68c6f5e76379bccfbc4\",\"name\":\"G\u00e9rard Bardier\",\"image\":{\"@type\":\"ImageObject\",\"inLanguage\":\"fr-FR\",\"@id\":\"https:\/\/sceaux-lagazette.fr\/#\/schema\/person\/image\/\",\"url\":\"https:\/\/secure.gravatar.com\/avatar\/5cf4391ef9dbc0367750202561279a29?s=96&r=g\",\"contentUrl\":\"https:\/\/secure.gravatar.com\/avatar\/5cf4391ef9dbc0367750202561279a29?s=96&r=g\",\"caption\":\"G\u00e9rard Bardier\"},\"url\":\"https:\/\/sceaux-lagazette.fr\/index.php\/author\/gb\/\"}]}<\/script>\n<!-- \/ Yoast SEO plugin. -->","yoast_head_json":{"title":"Comprendre les surrisques de contamination - La Gazette","robots":{"index":"index","follow":"follow","max-snippet":"max-snippet:-1","max-image-preview":"max-image-preview:large","max-video-preview":"max-video-preview:-1"},"canonical":"https:\/\/sceaux-lagazette.fr\/index.php\/2021\/03\/30\/comprendre-les-surrisques-de-contamination\/","og_locale":"fr_FR","og_type":"article","og_title":"Comprendre les surrisques de contamination - La Gazette","og_description":"L\u2019Institut Pasteur a r\u00e9alis\u00e9 une \u00e9tude qui porte sur les facteurs sociod\u00e9mographiques, comportements et pratiques associ\u00e9s \u00e0 l\u2019infection par le SARS-CoV-2. A cette fin, il a contact\u00e9 toutes les personnes ayant \u00e9t\u00e9 infect\u00e9es par la Covid entre le 1er octobre 2020 et le 31 janvier 2021. 8,2 % des personnes&#8230;","og_url":"https:\/\/sceaux-lagazette.fr\/index.php\/2021\/03\/30\/comprendre-les-surrisques-de-contamination\/","og_site_name":"La Gazette","article_published_time":"2021-03-30T12:16:37+00:00","article_modified_time":"2021-04-01T07:46:48+00:00","og_image":[{"width":2560,"height":1920,"url":"https:\/\/sceaux-lagazette.fr\/wp-content\/uploads\/2021\/03\/Institut_Pasteur_Paris_1-scaled.jpg","type":"image\/jpeg"}],"author":"G\u00e9rard Bardier","twitter_card":"summary_large_image","twitter_misc":{"\u00c9crit par":"G\u00e9rard Bardier","Dur\u00e9e de lecture estim\u00e9e":"3 minutes"},"schema":{"@context":"https:\/\/schema.org","@graph":[{"@type":"Article","@id":"https:\/\/sceaux-lagazette.fr\/index.php\/2021\/03\/30\/comprendre-les-surrisques-de-contamination\/#article","isPartOf":{"@id":"https:\/\/sceaux-lagazette.fr\/index.php\/2021\/03\/30\/comprendre-les-surrisques-de-contamination\/"},"author":{"name":"G\u00e9rard Bardier","@id":"https:\/\/sceaux-lagazette.fr\/#\/schema\/person\/5650e206a121f68c6f5e76379bccfbc4"},"headline":"Comprendre les surrisques de contamination","datePublished":"2021-03-30T12:16:37+00:00","dateModified":"2021-04-01T07:46:48+00:00","mainEntityOfPage":{"@id":"https:\/\/sceaux-lagazette.fr\/index.php\/2021\/03\/30\/comprendre-les-surrisques-de-contamination\/"},"wordCount":530,"commentCount":0,"publisher":{"@id":"https:\/\/sceaux-lagazette.fr\/#organization"},"image":{"@id":"https:\/\/sceaux-lagazette.fr\/index.php\/2021\/03\/30\/comprendre-les-surrisques-de-contamination\/#primaryimage"},"thumbnailUrl":"https:\/\/sceaux-lagazette.fr\/wp-content\/uploads\/2021\/03\/Institut_Pasteur_Paris_1-scaled.jpg","articleSection":["Analyses"],"inLanguage":"fr-FR","potentialAction":[{"@type":"CommentAction","name":"Comment","target":["https:\/\/sceaux-lagazette.fr\/index.php\/2021\/03\/30\/comprendre-les-surrisques-de-contamination\/#respond"]}]},{"@type":"WebPage","@id":"https:\/\/sceaux-lagazette.fr\/index.php\/2021\/03\/30\/comprendre-les-surrisques-de-contamination\/","url":"https:\/\/sceaux-lagazette.fr\/index.php\/2021\/03\/30\/comprendre-les-surrisques-de-contamination\/","name":"Comprendre les surrisques de contamination - La Gazette","isPartOf":{"@id":"https:\/\/sceaux-lagazette.fr\/#website"},"primaryImageOfPage":{"@id":"https:\/\/sceaux-lagazette.fr\/index.php\/2021\/03\/30\/comprendre-les-surrisques-de-contamination\/#primaryimage"},"image":{"@id":"https:\/\/sceaux-lagazette.fr\/index.php\/2021\/03\/30\/comprendre-les-surrisques-de-contamination\/#primaryimage"},"thumbnailUrl":"https:\/\/sceaux-lagazette.fr\/wp-content\/uploads\/2021\/03\/Institut_Pasteur_Paris_1-scaled.jpg","datePublished":"2021-03-30T12:16:37+00:00","dateModified":"2021-04-01T07:46:48+00:00","breadcrumb":{"@id":"https:\/\/sceaux-lagazette.fr\/index.php\/2021\/03\/30\/comprendre-les-surrisques-de-contamination\/#breadcrumb"},"inLanguage":"fr-FR","potentialAction":[{"@type":"ReadAction","target":["https:\/\/sceaux-lagazette.fr\/index.php\/2021\/03\/30\/comprendre-les-surrisques-de-contamination\/"]}]},{"@type":"ImageObject","inLanguage":"fr-FR","@id":"https:\/\/sceaux-lagazette.fr\/index.php\/2021\/03\/30\/comprendre-les-surrisques-de-contamination\/#primaryimage","url":"https:\/\/sceaux-lagazette.fr\/wp-content\/uploads\/2021\/03\/Institut_Pasteur_Paris_1-scaled.jpg","contentUrl":"https:\/\/sceaux-lagazette.fr\/wp-content\/uploads\/2021\/03\/Institut_Pasteur_Paris_1-scaled.jpg","width":2560,"height":1920},{"@type":"BreadcrumbList","@id":"https:\/\/sceaux-lagazette.fr\/index.php\/2021\/03\/30\/comprendre-les-surrisques-de-contamination\/#breadcrumb","itemListElement":[{"@type":"ListItem","position":1,"name":"Accueil","item":"https:\/\/sceaux-lagazette.fr\/"},{"@type":"ListItem","position":2,"name":"Comprendre les surrisques de contamination"}]},{"@type":"WebSite","@id":"https:\/\/sceaux-lagazette.fr\/#website","url":"https:\/\/sceaux-lagazette.fr\/","name":"La Gazette","description":"Bourg-la-Reine, Ch\u00e2tenay, Fontenay, Sceaux","publisher":{"@id":"https:\/\/sceaux-lagazette.fr\/#organization"},"potentialAction":[{"@type":"SearchAction","target":{"@type":"EntryPoint","urlTemplate":"https:\/\/sceaux-lagazette.fr\/?s={search_term_string}"},"query-input":{"@type":"PropertyValueSpecification","valueRequired":true,"valueName":"search_term_string"}}],"inLanguage":"fr-FR"},{"@type":"Organization","@id":"https:\/\/sceaux-lagazette.fr\/#organization","name":"La Gazette","url":"https:\/\/sceaux-lagazette.fr\/","logo":{"@type":"ImageObject","inLanguage":"fr-FR","@id":"https:\/\/sceaux-lagazette.fr\/#\/schema\/logo\/image\/","url":"https:\/\/sceaux-lagazette.fr\/wp-content\/uploads\/2025\/08\/Logo-Gazette-Aout-2025-V3.jpg","contentUrl":"https:\/\/sceaux-lagazette.fr\/wp-content\/uploads\/2025\/08\/Logo-Gazette-Aout-2025-V3.jpg","width":525,"height":130,"caption":"La Gazette"},"image":{"@id":"https:\/\/sceaux-lagazette.fr\/#\/schema\/logo\/image\/"}},{"@type":"Person","@id":"https:\/\/sceaux-lagazette.fr\/#\/schema\/person\/5650e206a121f68c6f5e76379bccfbc4","name":"G\u00e9rard Bardier","image":{"@type":"ImageObject","inLanguage":"fr-FR","@id":"https:\/\/sceaux-lagazette.fr\/#\/schema\/person\/image\/","url":"https:\/\/secure.gravatar.com\/avatar\/5cf4391ef9dbc0367750202561279a29?s=96&r=g","contentUrl":"https:\/\/secure.gravatar.com\/avatar\/5cf4391ef9dbc0367750202561279a29?s=96&r=g","caption":"G\u00e9rard Bardier"},"url":"https:\/\/sceaux-lagazette.fr\/index.php\/author\/gb\/"}]}},"cc_featured_image_caption":{"caption_text":false,"source_text":false,"source_url":false},"_links":{"self":[{"href":"https:\/\/sceaux-lagazette.fr\/index.php\/wp-json\/wp\/v2\/posts\/3636"}],"collection":[{"href":"https:\/\/sceaux-lagazette.fr\/index.php\/wp-json\/wp\/v2\/posts"}],"about":[{"href":"https:\/\/sceaux-lagazette.fr\/index.php\/wp-json\/wp\/v2\/types\/post"}],"author":[{"embeddable":true,"href":"https:\/\/sceaux-lagazette.fr\/index.php\/wp-json\/wp\/v2\/users\/11"}],"replies":[{"embeddable":true,"href":"https:\/\/sceaux-lagazette.fr\/index.php\/wp-json\/wp\/v2\/comments?post=3636"}],"version-history":[{"count":4,"href":"https:\/\/sceaux-lagazette.fr\/index.php\/wp-json\/wp\/v2\/posts\/3636\/revisions"}],"predecessor-version":[{"id":3648,"href":"https:\/\/sceaux-lagazette.fr\/index.php\/wp-json\/wp\/v2\/posts\/3636\/revisions\/3648"}],"wp:featuredmedia":[{"embeddable":true,"href":"https:\/\/sceaux-lagazette.fr\/index.php\/wp-json\/wp\/v2\/media\/3640"}],"wp:attachment":[{"href":"https:\/\/sceaux-lagazette.fr\/index.php\/wp-json\/wp\/v2\/media?parent=3636"}],"wp:term":[{"taxonomy":"category","embeddable":true,"href":"https:\/\/sceaux-lagazette.fr\/index.php\/wp-json\/wp\/v2\/categories?post=3636"},{"taxonomy":"post_tag","embeddable":true,"href":"https:\/\/sceaux-lagazette.fr\/index.php\/wp-json\/wp\/v2\/tags?post=3636"}],"curies":[{"name":"wp","href":"https:\/\/api.w.org\/{rel}","templated":true}]}}