{"id":36278,"date":"2024-01-11T08:47:17","date_gmt":"2024-01-11T07:47:17","guid":{"rendered":"https:\/\/sceaux-lagazette.fr\/?p=36278"},"modified":"2024-05-08T16:11:34","modified_gmt":"2024-05-08T14:11:34","slug":"cop-28-et-rechauffement-climatique","status":"publish","type":"post","link":"https:\/\/sceaux-lagazette.fr\/index.php\/2024\/01\/11\/cop-28-et-rechauffement-climatique\/","title":{"rendered":"COP 28 et r\u00e9chauffement climatique"},"content":{"rendered":"\n<p><a href=\"https:\/\/fr.wikipedia.org\/wiki\/Conf%C3%A9rence_de_Duba%C3%AF_de_2023_sur_les_changements_climatiques\" target=\"_blank\" rel=\"noreferrer noopener\">La 28e \u00ab&nbsp;conf\u00e9rence des parties&nbsp;\u00bb<\/a> sur les changements climatiques (COP 28) s\u2019est tenue \u00e0 Duba\u00ef du 30 novembre au 12 d\u00e9cembre 2023. <a href=\"https:\/\/www.youtube.com\/watch?v=ZGDZP7mrD9w\" target=\"_blank\" rel=\"noreferrer noopener\">L\u2019accord final<\/a> a \u00e9t\u00e9 diversement <a href=\"https:\/\/www.hautconseilclimat.fr\/wp-content\/uploads\/2023\/12\/2023_HCC-avis-COP28.pdf\" target=\"_blank\" rel=\"noreferrer noopener\">comment\u00e9<\/a>&nbsp;: fallait-il voir le verre \u00e0 <a href=\"https:\/\/www.leparisien.fr\/environnement\/climat\/cop28-le-fonds-de-financement-des-catastrophes-cest-le-salaire-des-trois-footballeurs-les-mieux-payes-13-12-2023-VMVCZBO6IRG7JEIAZ4KDVKIOLM.php\" target=\"_blank\" rel=\"noreferrer noopener\">moiti\u00e9 vide<\/a> ou <a href=\"https:\/\/www.la-croix.com\/planete\/cop28-satisfaction-assez-unanime-apres-l-accord-de-transition-hors-des-energies-fossile-20231213\">\u00e0 moiti\u00e9 plein<\/a>&nbsp;? <a href=\"https:\/\/www.publicsenat.fr\/actualites\/environnement\/cop-28-on-vous-resume-ce-que-contient-laccord-adopte-a-dubai\" target=\"_blank\" rel=\"noreferrer noopener\">L\u2019accord <\/a>est en r\u00e9alit\u00e9 \u00e0 l\u2019image de l\u2019\u00e9volution des \u00e9missions, marqu\u00e9e par des actions r\u00e9elles mais encore insuffisantes.<\/p>\n\n\n\n<h2 class=\"wp-block-heading\">R\u00e9sultat de la conf\u00e9rence<\/h2>\n\n\n\n<p>Le service des Nations-Unies promoteur des conf\u00e9rences <a href=\"https:\/\/unfccc.int\/fr\/news\/l-accord-de-la-cop28-marque-le-debut-de-la-fin-de-l-ere-des-combustibles-fossiles\" target=\"_blank\" rel=\"noreferrer noopener\">souligne<\/a> que \u00ab&nbsp;<em>L&rsquo;accord de la COP28 marque le \u00ab\u00a0d\u00e9but de la fin\u00a0\u00bb de l&rsquo;\u00e8re des combustibles fossiles<\/em>.&nbsp;\u00bb De son c\u00f4t\u00e9, la climatologue Val\u00e9rie Masson-Delmotte<a href=\"https:\/\/www.lemonde.fr\/idees\/article\/2023\/12\/29\/valerie-masson-delmotte-et-sonia-seneviratne-la-faiblesse-des-engagements-de-la-cop28-implique-la-poursuite-du-rechauffement-au-dela-de-1-5-c_6208240_3232.html\" target=\"_blank\" rel=\"noreferrer noopener\"> alerte<\/a> : <em>les engagements pris sont incompatibles avec l\u2019objectif toujours affich\u00e9 d\u2019un r\u00e9chauffement limit\u00e9 \u00e0 1,5<\/em>\u00b0.<\/p>\n\n\n\n<p>Pour plus de recul sur ce qui s\u2019est pass\u00e9, le mieux est d\u2019aller consulter le site \u00ab&nbsp;G\u00e9oconfluences&nbsp;\u00bb, anim\u00e9 par des g\u00e9ographes de l\u2019ENS de Lyon. Dans chaque domaine (\u00e9nergie, \u00e9missions de gaz \u00e0 effet de serre, in\u00e9galit\u00e9s, agriculture et modalit\u00e9s d\u2019application), <a href=\"https:\/\/geoconfluences.ens-lyon.fr\/actualites\/veille\/breves\/quel-bilan-pour-la-cop-28\" target=\"_blank\" rel=\"noreferrer noopener\">il pr\u00e9sente<\/a> les avanc\u00e9es et leurs limites. On retiendra sa conclusion&nbsp;:<\/p>\n\n\n\n<p><em>Le texte final contient ainsi des avanc\u00e9es majeures, m\u00eame si certaines demeurent symboliques. Le caract\u00e8re in\u00e9dit de la mention des \u00e9nergies fossiles sortie est sans conteste une avanc\u00e9e consid\u00e9rable, m\u00eame si nombre de propositions sont encore tr\u00e8s insuffisantes. Reste que l\u2019accord est non-contraignant et repose sur la bonne volont\u00e9 des \u00c9tats.<\/em><\/p>\n\n\n\n<h2 class=\"wp-block-heading\">O\u00f9 en est-on&nbsp;?<\/h2>\n\n\n\n<p>Depuis l\u2019\u00e8re pr\u00e9industrielle, la concentration de CO\u00b2 dans l\u2019atmosph\u00e8re <a href=\"https:\/\/essd.copernicus.org\/articles\/15\/5301\/2023\/\" target=\"_blank\" rel=\"noreferrer noopener\">a augment\u00e9 de 51%<\/a>, provoquant ainsi le r\u00e9chauffement climatique.<\/p>\n\n\n\n<figure class=\"wp-block-image size-full\"><img decoding=\"async\" width=\"385\" height=\"249\" src=\"https:\/\/sceaux-lagazette.fr\/wp-content\/uploads\/2024\/01\/Historique-concentration-CO\u00b2.png\" alt=\"\" class=\"wp-image-36280\" srcset=\"https:\/\/sceaux-lagazette.fr\/wp-content\/uploads\/2024\/01\/Historique-concentration-CO\u00b2.png 385w, https:\/\/sceaux-lagazette.fr\/wp-content\/uploads\/2024\/01\/Historique-concentration-CO\u00b2-300x194.png 300w\" sizes=\"(max-width: 385px) 100vw, 385px\" \/><\/figure>\n\n\n\n<p>Le budget carbone restant pour limiter le r\u00e9chauffement climatique \u00e0 1,5\u2218C \u00e0 partir de d\u00e9but 2024 \u00e9quivaut \u00e0 environ 7 ans des \u00e9missions de 2023. On l\u2019a compris&nbsp;: ce budget sera d\u00e9pass\u00e9.&nbsp; Avec 15 ans des \u00e9missions de 2023, le r\u00e9chauffement probable est de 1,7\u00b0C, avec 28 ans de 2\u00b0C. A condition, bien entendu, que les ann\u00e9es suivantes les \u00e9missions nettes soient \u00e9gales \u00e0 z\u00e9ro.<\/p>\n\n\n\n<h2 class=\"wp-block-heading\">La hausse des \u00e9missions ralentit<\/h2>\n\n\n\n<p>Entre 2000 et 2018, les \u00e9missions mondiales de GES ont augment\u00e9 de 49 % (Insee). L\u2019augmentation de la population mondiale a \u00e9t\u00e9 de 23% dans le m\u00eame temps.<\/p>\n\n\n\n<p>La transition \u00e9nerg\u00e9tique a commenc\u00e9 dans le monde il y a une quinzaine d\u2019ann\u00e9es. Alors qu&rsquo;elles augmentaient \u00e0 un taux de 3% par an dans les ann\u00e9es 2000, les \u00e9missions mondiales de CO2 ont connu une hausse nettement plus faible depuis 2010.<\/p>\n\n\n\n<p>Alors qu\u2019elles suivaient jusqu\u2019en 2010 le pire sc\u00e9nario du GIEC (RCP8.5), les \u00e9missions fossiles actuelles nous emm\u00e8nent plut\u00f4t vers le <a href=\"https:\/\/www.drias-climat.fr\/accompagnement\/sections\/175\">sc\u00e9nario RCP4.5<\/a> (RCP Pour Representative Concentration Pathway, <a href=\"https:\/\/fr.wikipedia.org\/wiki\/Sc%C3%A9nario_RCP\">sc\u00e9narios d\u2019\u00e9volution des concentrations<\/a>). Ce n\u2019est bien s\u00fbr pas suffisant. Mais les progr\u00e8s que nous avons r\u00e9alis\u00e9s en si peu de temps devraient nous encourager \u00e0 penser que la r\u00e9ussite est possible. Le nouvel objectif \u00e0 suivre pour aller encore plus loin serait cette fois de r\u00e9duire les \u00e9missions mondiales au cours de la prochaine d\u00e9cennie, afin de les aligner sur le meilleur sc\u00e9nario, le RCP2.6.<\/p>\n\n\n\n<figure class=\"wp-block-image size-full\"><img decoding=\"async\" width=\"575\" height=\"388\" src=\"https:\/\/sceaux-lagazette.fr\/wp-content\/uploads\/2024\/01\/Scenarios-evolution-forcages-radiatifs.png\" alt=\"\" class=\"wp-image-36281\" srcset=\"https:\/\/sceaux-lagazette.fr\/wp-content\/uploads\/2024\/01\/Scenarios-evolution-forcages-radiatifs.png 575w, https:\/\/sceaux-lagazette.fr\/wp-content\/uploads\/2024\/01\/Scenarios-evolution-forcages-radiatifs-300x202.png 300w\" sizes=\"(max-width: 575px) 100vw, 575px\" \/><\/figure>\n\n\n\n<p>Attention, les valeurs indiqu\u00e9es (8,5, 4,5 ou 2,6) correspondent \u00e0 des for\u00e7ages radiatifs en W\/m\u00b2 et non \u00e0 des augmentations de temp\u00e9rature.<\/p>\n\n\n\n<p>Comme le montre la figure, l\u2019enjeu au niveau mondial est aujourd\u2019hui de passer d\u2019une l\u00e9g\u00e8re hausse annuelle \u00e0 une baisse(puis d\u2019acc\u00e9l\u00e9rer celle-ci). A terme, il faudra arriver \u00e0 z\u00e9ro \u00e9mission nette.<\/p>\n\n\n\n<p>Un indice positif&nbsp;: l&rsquo;humanit\u00e9 a d\u00e9pens\u00e9 1100 milliards de dollars en technologies d&rsquo;\u00e9nergie propre en 2022, contre environ 780 milliards en 2021 et juste 600 milliards en 2020, une tendance qui ne montre aucun signe de ralentissement.<\/p>\n\n\n\n<p>Source :&nbsp; <a href=\"https:\/\/www.theclimatebrink.com\/p\/emissions-are-no-longer-following\">the Climate Brink<\/a> via <a href=\"https:\/\/twitter.com\/aympontier\/status\/1662810353833586689\">Aymeric Ponthier<\/a>&nbsp;<\/p>\n\n\n\n<h2 class=\"wp-block-heading\">Ann\u00e9e 2023<\/h2>\n\n\n\n<p>Le Global Carbon Project a d\u00e9j\u00e0 diffus\u00e9 une premi\u00e8re estimation des \u00e9missions de 2023 (relay\u00e9e par le <a href=\"https:\/\/bonpote.com\/2023-annee-record-pour-les-emissions-mondiales-de-co2\/\" target=\"_blank\" rel=\"noreferrer noopener\">site Bon Pote<\/a>). Celles-ci auraient augment\u00e9 de 1,1% par rapport \u00e0 2022 et de 1,4% par rapport \u00e0 2019 (avant la pand\u00e9mie COVID).<\/p>\n\n\n\n<p>En millions de tonnes de CO2 et en pourcentage, les \u00e9volutions par grandes zones sont les suivantes&nbsp;:<\/p>\n\n\n\n<ul class=\"wp-block-list\">\n<li>Europe \u00e0 27&nbsp;: -205 Mt, soit -7,4%<\/li>\n\n\n\n<li>U.S.A.&nbsp;: -154 Mt, soit -3%<\/li>\n\n\n\n<li>Chine&nbsp;: + 458 Mt soit + 4%<\/li>\n\n\n\n<li>Inde&nbsp;: +233 Mt soit + 8,2%<\/li>\n\n\n\n<li>Autres&nbsp;: -60 Mt soit -0,4%<\/li>\n\n\n\n<li>Monde&nbsp;: + 398 Mt soit +1,1%<\/li>\n<\/ul>\n\n\n\n<h2 class=\"wp-block-heading\">Ce qui a d\u00e9j\u00e0 \u00e9t\u00e9 fait en Europe<\/h2>\n\n\n\n<p>R\u00e9duire les \u00e9missions de GES est complexe : l\u2019\u00e9conomie mondiale s\u2019est b\u00e2tie depuis bient\u00f4t 4 si\u00e8cles sur l\u2019utilisation d\u2019\u00e9nergie carbon\u00e9e, le charbon d\u2019abord, le p\u00e9trole et le gaz ensuite. Arriver \u00e0 z\u00e9ro \u00e9mission nette est un sacr\u00e9 d\u00e9fi, qui demande donc du temps. D\u2019autant plus que la priorit\u00e9 de beaucoup de pays est de sortir de la mis\u00e8re.<\/p>\n\n\n\n<p>Dans le domaine des \u00e9missions de GES, l\u2019Europe fait partie des zones o\u00f9 les \u00e9missions par habitant <a href=\"https:\/\/www.insee.fr\/fr\/statistiques\/6474294\" target=\"_blank\" rel=\"noreferrer noopener\">sont plus \u00e9lev\u00e9es que la moyenne<\/a> (8,4tCO2e\/hab contre 6,3 dans le monde). Mais elle est aussi en pointe, avec <a href=\"https:\/\/www.touteleurope.eu\/environnement\/les-emissions-de-gaz-a-effet-de-serre-dans-l-union-europeenne\/\">une baisse des \u00e9missions<\/a>, surtout depuis 2007 : &#8211; 18 % de 2007 \u00e0 2019. La forte baisse de 2020 est li\u00e9e \u00e0 un effet Covid. Notons que les \u00e9missions mondiales continent \u00e0 augmenter pour l\u2019instant, m\u00eame si le rythme d\u2019augmentation a beaucoup ralenti. Avant de viser le z\u00e9ro \u00e9mission nette, l\u2019objectif au niveau mondial est de passer \u00e0 une baisse des \u00e9missions.<\/p>\n\n\n\n<p>Les \u00e9missions de GES en tCO2e\/hab sont (en 2019) de 6,8 en France et de 8,4 dans l\u2019Union europ\u00e9enne. Le pays qui \u00e9met le moins est la Su\u00e8de avec 5,2. Ce dernier pays se situe donc maintenant en dessous de la moyenne mondiale.<\/p>\n\n\n\n<p>L\u2019industrie de l\u2019\u00e9nergie \u00e9met 24,1% du total dans l\u2019UE et 10% en France. Soit, en tCO2e\/hab, 2 au sein de l\u2019UE et 0,7 en France. L\u2019industrie de l\u2019\u00e9nergie explique plus des \u00be de l\u2019\u00e9cart d\u2019\u00e9missions entre la France et l\u2019UE. La baisse radicale des \u00e9missions dans la production d\u2019\u00e9nergie en France a maintenant plus de 30 ans et elle est due au programme nucl\u00e9aire des ann\u00e9es 75-90.<\/p>\n\n\n\n<h2 class=\"wp-block-heading\">Le cas de la France<\/h2>\n\n\n\n<p><em>La Gazette<\/em> <a href=\"https:\/\/sceaux-lagazette.fr\/index.php\/2023\/10\/16\/les-francais-et-le-rechauffement-climatique-1-3-quelles-emissions\/\" target=\"_blank\" rel=\"noreferrer noopener\">a \u00e9voqu\u00e9 il y a quelques mois<\/a> les \u00e9missions de GES en France. L\u2019ann\u00e9e 2023 devrait se traduire par une baisse notable, apr\u00e8s une ann\u00e9e 2022 <a href=\"https:\/\/www.ecologie.gouv.fr\/emissions-gaz-effet-serre-en-2022-respectent-objectifs-nationaux\">o\u00f9 la baisse avait \u00e9t\u00e9 de 2,7%<\/a>.<\/p>\n\n\n\n<p>D\u2019apr\u00e8s<a href=\"https:\/\/www.citepa.org\/fr\/barometre\/\" target=\"_blank\" rel=\"noreferrer noopener\"> le barom\u00e8tre du Citepa<\/a> publi\u00e9 fin d\u00e9cembre, les \u00e9missions de gaz \u00e0 effet de serre ont continu\u00e9 de baisser sur les 9 premiers mois 2023, avec une baisse de -4,6% par rapport aux 9 premiers mois 2022 (hors puits de carbone). Trois secteurs participent le plus \u00e0 cette baisse : l\u2019industrie (-9,3%), la production d\u2019\u00e9nergie (-9,4%) et les b\u00e2timents (-7,5%).<\/p>\n\n\n\n<p>Ces fortes baisses sont li\u00e9es d\u2019une part \u00e0 la forte hausse des prix de l\u2019\u00e9nergie fin 2022 (impact sur l\u2019industrie et les b\u00e2timents) et d\u2019autre part \u00e0 la fin progressive des arr\u00eats de tranche nucl\u00e9aire \u00e0 la suite de probl\u00e8mes de corrosion (impact sur la production \u00e9nerg\u00e9tique).<\/p>\n\n\n\n<p>La loi de transition \u00e9nerg\u00e9tique du 17 ao\u00fbt 2015 a fix\u00e9 des objectifs de r\u00e9duction des \u00e9missions de GES aux horizons 2030 (baisse de 40% par rapport \u00e0 1990) et 2050 (baisse de 75%). Un d\u00e9cret d\u2019application a fix\u00e9 des objectifs interm\u00e9diaires pour les p\u00e9riodes 2015-2018 et 2019-2023.<\/p>\n\n\n\n<p>L\u2019objectif pour la p\u00e9riode 2015-2018 <a href=\"https:\/\/www.citepa.org\/fr\/politique-ges\/\">n\u2019a pas \u00e9t\u00e9 atteint<\/a>&nbsp;: les \u00e9missions annuelles moyennes ont \u00e9t\u00e9 de 456 MtCO\u00b2e pour un objectif de 442 Mt.<\/p>\n\n\n\n<p>L\u2019objectif r\u00e9vis\u00e9 pour la p\u00e9riode 2019-2023 est de 422 MtCO\u00b2e par an. <a href=\"https:\/\/www.citepa.org\/fr\/politique-ges\/\" target=\"_blank\" rel=\"noreferrer noopener\">Il a \u00e9t\u00e9 d\u00e9pass\u00e9 <\/a>en 2019 (435 Mt pour 443 pr\u00e9vus), en 2020 (393Mt pour 436 Mt), en 2021 (418Mt pour 423Mt), en 2022 (404 Mt, chiffre provisoire pour 410 Mt) et probablement en 2023 (386 Mt estim\u00e9s pour 397 Mt). Sur l\u2019ensemble de la p\u00e9riode, le r\u00e9sultat devrait \u00eatre proche de 407 Mt par an, soit environ 3,5% en dessous de l\u2019objectif.<\/p>\n\n\n\n<h2 class=\"wp-block-heading\">Le cas de la Chine<\/h2>\n\n\n\n<p>En 2020, les \u00e9missions chinoises repr\u00e9sentaient 28% des \u00e9missions totales (contre 18,6% en 2005). L\u2019augmentation des \u00e9missions de ce pays est sup\u00e9rieure \u00e0 celle de l\u2019ensemble du monde. On voit l\u2019importance de ce qui se passe en Chine&nbsp;! Rappelons que le pays compte 1,4 milliard d\u2019habitants\u2026<\/p>\n\n\n\n<p>Dans le domaine de l\u2019\u00e9lectrification des transports, le pays est en avance&nbsp;: <a href=\"https:\/\/sceaux-lagazette.fr\/index.php\/2021\/07\/05\/linvestissement-electrique-de-la-poste-2-2\/\" target=\"_blank\" rel=\"noreferrer noopener\">les deux roues sont \u00e9lectriques depuis longtemps<\/a>. Le premier producteur chinois de voitures \u00e9lectriques,<a href=\"https:\/\/fr.wikipedia.org\/wiki\/BYD\" target=\"_blank\" rel=\"noreferrer noopener\"> la soci\u00e9t\u00e9 BYD<\/a> qui produit \u00e0 95% pour le march\u00e9 int\u00e9rieur, vient de d\u00e9passer Tesla en volume de production. BYD company, fond\u00e9 en 1995, d\u00e9tient 65 % du march\u00e9 mondial des batteries au Nickel-cadmium et est leader mondial des batteries lithium-ion avec 30 % de parts de march\u00e9.<\/p>\n\n\n\n<p>Le pays est le premier producteur d\u2019\u00e9lectricit\u00e9 mondial (pr\u00e8s du double de la production des U.S.A.). Il est aussi le premier producteur mondial d\u2019\u00e9lectricit\u00e9 \u00e0 partir du charbon comme en production d\u2019origine solaire, \u00e9olienne ou hydro\u00e9lectrique. Il est deuxi\u00e8me pour la production nucl\u00e9aire (derri\u00e8re les U.S.A. et devant la France).<\/p>\n\n\n\n<p>En 2022, de nouvelles centrales \u00e0 charbon ont \u00e9t\u00e9 raccord\u00e9es au r\u00e9seau pour une puissance install\u00e9e de 26,8 GW (le parc allemand est de 62,3GW). La m\u00eame ann\u00e9e, les capacit\u00e9s des parcs \u00e9olien et solaire de la Chine ont respectivement augment\u00e9 de 87 GW et 38 GW (mais leur taux de marche est habituellement plus faible que celui des centrales au charbon). Notons que la parc allemand est de 66 GW pour l\u2019\u00e9olien et de 69 GW pour le solaire.<\/p>\n\n\n\n<p>Un rapport publi\u00e9 fin f\u00e9vrier 2023 par le CREA (Centre for Research on Energy and Clean Air) et le GEM (Global Energy Monitor) annon\u00e7ait une <a href=\"https:\/\/www.connaissancedesenergies.org\/centrales-charbon-un-coup-dacceleration-en-chine-230314\" target=\"_blank\" rel=\"noreferrer noopener\">acc\u00e9l\u00e9ration de la construction de centrales \u00e0 charbon <\/a>en Chine. De nouvelles constructions ont \u00e9t\u00e9 lanc\u00e9es pour plus de 50 GW et de nouveaux permis ont \u00e9t\u00e9 accord\u00e9s pour des projets repr\u00e9sentant au total 106 GW. Une mauvaise nouvelle pour les \u00e9missions de GES.<\/p>\n\n\n\n<p>Il faudrait donc s\u2019attendre \u00e0 une nouvelle croissance des \u00e9missions chinoises. C\u2019est pourtant le contraire qu\u2019<a href=\"https:\/\/www.liberation.fr\/environnement\/pollution\/les-emissions-de-co2-de-la-chine-devraient-baisser-lan-prochain-grace-aux-energies-renouvelables-20231114_NW5U2DRKPFAFNKB2LCIOJREEDA\/\">annonce <em>Lib\u00e9ration<\/em><\/a> dans son num\u00e9ro du 14 novembre 2023&nbsp;: les \u00e9missions de CO2 de la Chine devraient baisser l\u2019an prochain gr\u00e2ce aux \u00e9nergies renouvelables. L\u2019article s\u2019appuie <a href=\"https:\/\/www.carbonbrief.org\/analysis-chinas-emissions-set-to-fall-in-2024-after-record-growth-in-clean-energy\/\" target=\"_blank\" rel=\"noreferrer noopener\">sur une \u00e9tude du CREA<\/a><\/p>\n\n\n\n<p>Des informations bien contradictoires, on le voit. Au moins apparemment. Il semble en effet que le but du gouvernement central est de faire fonctionner les futures centrales au charbon en back-up des \u00e9nergies renouvelables (pour la m\u00eame raison, l\u2019Allemagne installe actuellement massivement des turbines \u00e0 gaz). Reste que les pouvoirs r\u00e9gionaux comptent au contraire faire fonctionner ces centrales en base&nbsp;: on verra&nbsp;!<\/p>\n\n\n\n<p>Mais le recul annonc\u00e9 pour 2024 pourrait \u00eatre simplement conjoncturel. La seule certitude est que la Chine <a href=\"https:\/\/www.liberation.fr\/environnement\/climat\/avant-la-cop26-la-chine-sengage-a-la-neutralite-carbone-avant-2060-20211028_V3GLKUW54FGABJEPMHCHDAX2XI\/\" target=\"_blank\" rel=\"noreferrer noopener\">s\u2019est officiellement engag\u00e9e<\/a> en 2021 \u00e0 atteindre le pic de ses \u00e9missions de CO2 avant 2030 et la neutralit\u00e9 carbone d\u2019ici \u00e0 2060.<\/p>\n\n\n\n<p>Prochain article\u00a0:<a href=\"https:\/\/sceaux-lagazette.fr\/index.php\/2024\/01\/18\/rechauffement-climatique-et-emissions-locales\/\" target=\"_blank\" rel=\"noreferrer noopener\"> quelle \u00e9volution des \u00e9missions locales\u00a0?<\/a><\/p>\n\n\n\n<p><a href=\"https:\/\/sceaux-lagazette.fr\/index.php\/2024\/02\/22\/decarboner-plus-vite\/\" target=\"_blank\" rel=\"noreferrer noopener\">D\u00e9carboner plus vite<\/a><\/p>\n\n\n\n<p><a href=\"https:\/\/sceaux-lagazette.fr\/index.php\/2024\/02\/23\/decarboner-plus-vite-les-perspectives-dans-lindustrie\/\" target=\"_blank\" rel=\"noreferrer noopener\">D\u00e9carboner plus vite\u00a0: les perspectives dans l\u2019industrie<\/a><\/p>\n\n\n\n<p><a href=\"https:\/\/sceaux-lagazette.fr\/index.php\/2024\/02\/26\/reduire-de-30-les-emissions-de-methane-dici-2030\/\" target=\"_blank\" rel=\"noreferrer noopener\">R\u00e9duire de 30 % les \u00e9missions de m\u00e9thane d&rsquo;ici 2030<\/a><\/p>\n\n\n\n<p><a href=\"https:\/\/sceaux-lagazette.fr\/index.php\/2024\/02\/27\/isoler-et-decarboner-les-batiments\/\" target=\"_blank\" rel=\"noreferrer noopener\">Isoler et d\u00e9carboner les b\u00e2timents <\/a> <\/p>\n\n\n\n<p><a href=\"https:\/\/sceaux-lagazette.fr\/index.php\/2024\/03\/07\/\" target=\"_blank\" rel=\"noreferrer noopener\">Sobri\u00e9t\u00e9\u00a0pour d\u00e9carboner<\/a> <\/p>\n","protected":false},"excerpt":{"rendered":"<p>La 28e \u00ab&nbsp;conf\u00e9rence des parties&nbsp;\u00bb sur les changements climatiques (COP 28) s\u2019est tenue \u00e0 Duba\u00ef du 30 novembre au 12 d\u00e9cembre 2023. L\u2019accord final a \u00e9t\u00e9 diversement comment\u00e9&nbsp;: fallait-il voir le verre \u00e0 moiti\u00e9 vide ou \u00e0 moiti\u00e9 plein&nbsp;? L\u2019accord est en r\u00e9alit\u00e9 \u00e0 l\u2019image de l\u2019\u00e9volution des \u00e9missions, marqu\u00e9e&#8230;<\/p>\n","protected":false},"author":11,"featured_media":7950,"comment_status":"open","ping_status":"open","sticky":false,"template":"","format":"standard","meta":{"om_disable_all_campaigns":false,"_monsterinsights_skip_tracking":false,"_monsterinsights_sitenote_active":false,"_monsterinsights_sitenote_note":"","_monsterinsights_sitenote_category":0,"_uf_show_specific_survey":0,"_uf_disable_surveys":false,"footnotes":""},"categories":[53,258],"tags":[],"class_list":["post-36278","post","type-post","status-publish","format-standard","has-post-thumbnail","hentry","category-analyses","category-environnement","entry","simple"],"yoast_head":"<!-- This site is optimized with the Yoast SEO plugin v25.6 - https:\/\/yoast.com\/wordpress\/plugins\/seo\/ -->\n<title>COP 28 et r\u00e9chauffement climatique - La Gazette<\/title>\n<meta name=\"robots\" content=\"index, follow, max-snippet:-1, max-image-preview:large, max-video-preview:-1\" \/>\n<link rel=\"canonical\" href=\"https:\/\/sceaux-lagazette.fr\/index.php\/2024\/01\/11\/cop-28-et-rechauffement-climatique\/\" \/>\n<meta property=\"og:locale\" content=\"fr_FR\" \/>\n<meta property=\"og:type\" content=\"article\" \/>\n<meta property=\"og:title\" content=\"COP 28 et r\u00e9chauffement climatique - La Gazette\" \/>\n<meta property=\"og:description\" content=\"La 28e \u00ab&nbsp;conf\u00e9rence des parties&nbsp;\u00bb sur les changements climatiques (COP 28) s\u2019est tenue \u00e0 Duba\u00ef du 30 novembre au 12 d\u00e9cembre 2023. L\u2019accord final a \u00e9t\u00e9 diversement comment\u00e9&nbsp;: fallait-il voir le verre \u00e0 moiti\u00e9 vide ou \u00e0 moiti\u00e9 plein&nbsp;? L\u2019accord est en r\u00e9alit\u00e9 \u00e0 l\u2019image de l\u2019\u00e9volution des \u00e9missions, marqu\u00e9e&#8230;\" \/>\n<meta property=\"og:url\" content=\"https:\/\/sceaux-lagazette.fr\/index.php\/2024\/01\/11\/cop-28-et-rechauffement-climatique\/\" \/>\n<meta property=\"og:site_name\" content=\"La Gazette\" \/>\n<meta property=\"article:published_time\" content=\"2024-01-11T07:47:17+00:00\" \/>\n<meta property=\"article:modified_time\" content=\"2024-05-08T14:11:34+00:00\" \/>\n<meta property=\"og:image\" content=\"https:\/\/sceaux-lagazette.fr\/wp-content\/uploads\/2022\/11\/Incendies-de-for\u00eats-2020_09_16-14.10.29.329-CDT-e1667828060989.jpg\" \/>\n\t<meta property=\"og:image:width\" content=\"640\" \/>\n\t<meta property=\"og:image:height\" content=\"371\" \/>\n\t<meta property=\"og:image:type\" content=\"image\/jpeg\" \/>\n<meta name=\"author\" content=\"G\u00e9rard Bardier\" \/>\n<meta name=\"twitter:card\" content=\"summary_large_image\" \/>\n<meta name=\"twitter:label1\" content=\"\u00c9crit par\" \/>\n\t<meta name=\"twitter:data1\" content=\"G\u00e9rard Bardier\" \/>\n\t<meta name=\"twitter:label2\" content=\"Dur\u00e9e de lecture estim\u00e9e\" \/>\n\t<meta name=\"twitter:data2\" content=\"10 minutes\" \/>\n<script type=\"application\/ld+json\" class=\"yoast-schema-graph\">{\"@context\":\"https:\/\/schema.org\",\"@graph\":[{\"@type\":\"Article\",\"@id\":\"https:\/\/sceaux-lagazette.fr\/index.php\/2024\/01\/11\/cop-28-et-rechauffement-climatique\/#article\",\"isPartOf\":{\"@id\":\"https:\/\/sceaux-lagazette.fr\/index.php\/2024\/01\/11\/cop-28-et-rechauffement-climatique\/\"},\"author\":{\"name\":\"G\u00e9rard Bardier\",\"@id\":\"https:\/\/sceaux-lagazette.fr\/#\/schema\/person\/5650e206a121f68c6f5e76379bccfbc4\"},\"headline\":\"COP 28 et r\u00e9chauffement climatique\",\"datePublished\":\"2024-01-11T07:47:17+00:00\",\"dateModified\":\"2024-05-08T14:11:34+00:00\",\"mainEntityOfPage\":{\"@id\":\"https:\/\/sceaux-lagazette.fr\/index.php\/2024\/01\/11\/cop-28-et-rechauffement-climatique\/\"},\"wordCount\":1848,\"commentCount\":2,\"publisher\":{\"@id\":\"https:\/\/sceaux-lagazette.fr\/#organization\"},\"image\":{\"@id\":\"https:\/\/sceaux-lagazette.fr\/index.php\/2024\/01\/11\/cop-28-et-rechauffement-climatique\/#primaryimage\"},\"thumbnailUrl\":\"https:\/\/sceaux-lagazette.fr\/wp-content\/uploads\/2022\/11\/Incendies-de-for\u00eats-2020_09_16-14.10.29.329-CDT-e1667828060989.jpg\",\"articleSection\":[\"Analyses\",\"Environnement\"],\"inLanguage\":\"fr-FR\",\"potentialAction\":[{\"@type\":\"CommentAction\",\"name\":\"Comment\",\"target\":[\"https:\/\/sceaux-lagazette.fr\/index.php\/2024\/01\/11\/cop-28-et-rechauffement-climatique\/#respond\"]}]},{\"@type\":\"WebPage\",\"@id\":\"https:\/\/sceaux-lagazette.fr\/index.php\/2024\/01\/11\/cop-28-et-rechauffement-climatique\/\",\"url\":\"https:\/\/sceaux-lagazette.fr\/index.php\/2024\/01\/11\/cop-28-et-rechauffement-climatique\/\",\"name\":\"COP 28 et r\u00e9chauffement climatique - La Gazette\",\"isPartOf\":{\"@id\":\"https:\/\/sceaux-lagazette.fr\/#website\"},\"primaryImageOfPage\":{\"@id\":\"https:\/\/sceaux-lagazette.fr\/index.php\/2024\/01\/11\/cop-28-et-rechauffement-climatique\/#primaryimage\"},\"image\":{\"@id\":\"https:\/\/sceaux-lagazette.fr\/index.php\/2024\/01\/11\/cop-28-et-rechauffement-climatique\/#primaryimage\"},\"thumbnailUrl\":\"https:\/\/sceaux-lagazette.fr\/wp-content\/uploads\/2022\/11\/Incendies-de-for\u00eats-2020_09_16-14.10.29.329-CDT-e1667828060989.jpg\",\"datePublished\":\"2024-01-11T07:47:17+00:00\",\"dateModified\":\"2024-05-08T14:11:34+00:00\",\"breadcrumb\":{\"@id\":\"https:\/\/sceaux-lagazette.fr\/index.php\/2024\/01\/11\/cop-28-et-rechauffement-climatique\/#breadcrumb\"},\"inLanguage\":\"fr-FR\",\"potentialAction\":[{\"@type\":\"ReadAction\",\"target\":[\"https:\/\/sceaux-lagazette.fr\/index.php\/2024\/01\/11\/cop-28-et-rechauffement-climatique\/\"]}]},{\"@type\":\"ImageObject\",\"inLanguage\":\"fr-FR\",\"@id\":\"https:\/\/sceaux-lagazette.fr\/index.php\/2024\/01\/11\/cop-28-et-rechauffement-climatique\/#primaryimage\",\"url\":\"https:\/\/sceaux-lagazette.fr\/wp-content\/uploads\/2022\/11\/Incendies-de-for\u00eats-2020_09_16-14.10.29.329-CDT-e1667828060989.jpg\",\"contentUrl\":\"https:\/\/sceaux-lagazette.fr\/wp-content\/uploads\/2022\/11\/Incendies-de-for\u00eats-2020_09_16-14.10.29.329-CDT-e1667828060989.jpg\",\"width\":640,\"height\":371},{\"@type\":\"BreadcrumbList\",\"@id\":\"https:\/\/sceaux-lagazette.fr\/index.php\/2024\/01\/11\/cop-28-et-rechauffement-climatique\/#breadcrumb\",\"itemListElement\":[{\"@type\":\"ListItem\",\"position\":1,\"name\":\"Accueil\",\"item\":\"https:\/\/sceaux-lagazette.fr\/\"},{\"@type\":\"ListItem\",\"position\":2,\"name\":\"COP 28 et r\u00e9chauffement climatique\"}]},{\"@type\":\"WebSite\",\"@id\":\"https:\/\/sceaux-lagazette.fr\/#website\",\"url\":\"https:\/\/sceaux-lagazette.fr\/\",\"name\":\"La Gazette\",\"description\":\"Bourg-la-Reine, Ch\u00e2tenay, Fontenay, Sceaux\",\"publisher\":{\"@id\":\"https:\/\/sceaux-lagazette.fr\/#organization\"},\"potentialAction\":[{\"@type\":\"SearchAction\",\"target\":{\"@type\":\"EntryPoint\",\"urlTemplate\":\"https:\/\/sceaux-lagazette.fr\/?s={search_term_string}\"},\"query-input\":{\"@type\":\"PropertyValueSpecification\",\"valueRequired\":true,\"valueName\":\"search_term_string\"}}],\"inLanguage\":\"fr-FR\"},{\"@type\":\"Organization\",\"@id\":\"https:\/\/sceaux-lagazette.fr\/#organization\",\"name\":\"La Gazette\",\"url\":\"https:\/\/sceaux-lagazette.fr\/\",\"logo\":{\"@type\":\"ImageObject\",\"inLanguage\":\"fr-FR\",\"@id\":\"https:\/\/sceaux-lagazette.fr\/#\/schema\/logo\/image\/\",\"url\":\"https:\/\/sceaux-lagazette.fr\/wp-content\/uploads\/2025\/08\/Logo-Gazette-Aout-2025-V3.jpg\",\"contentUrl\":\"https:\/\/sceaux-lagazette.fr\/wp-content\/uploads\/2025\/08\/Logo-Gazette-Aout-2025-V3.jpg\",\"width\":525,\"height\":130,\"caption\":\"La Gazette\"},\"image\":{\"@id\":\"https:\/\/sceaux-lagazette.fr\/#\/schema\/logo\/image\/\"}},{\"@type\":\"Person\",\"@id\":\"https:\/\/sceaux-lagazette.fr\/#\/schema\/person\/5650e206a121f68c6f5e76379bccfbc4\",\"name\":\"G\u00e9rard Bardier\",\"image\":{\"@type\":\"ImageObject\",\"inLanguage\":\"fr-FR\",\"@id\":\"https:\/\/sceaux-lagazette.fr\/#\/schema\/person\/image\/\",\"url\":\"https:\/\/secure.gravatar.com\/avatar\/5cf4391ef9dbc0367750202561279a29?s=96&r=g\",\"contentUrl\":\"https:\/\/secure.gravatar.com\/avatar\/5cf4391ef9dbc0367750202561279a29?s=96&r=g\",\"caption\":\"G\u00e9rard Bardier\"},\"url\":\"https:\/\/sceaux-lagazette.fr\/index.php\/author\/gb\/\"}]}<\/script>\n<!-- \/ Yoast SEO plugin. -->","yoast_head_json":{"title":"COP 28 et r\u00e9chauffement climatique - La Gazette","robots":{"index":"index","follow":"follow","max-snippet":"max-snippet:-1","max-image-preview":"max-image-preview:large","max-video-preview":"max-video-preview:-1"},"canonical":"https:\/\/sceaux-lagazette.fr\/index.php\/2024\/01\/11\/cop-28-et-rechauffement-climatique\/","og_locale":"fr_FR","og_type":"article","og_title":"COP 28 et r\u00e9chauffement climatique - La Gazette","og_description":"La 28e \u00ab&nbsp;conf\u00e9rence des parties&nbsp;\u00bb sur les changements climatiques (COP 28) s\u2019est tenue \u00e0 Duba\u00ef du 30 novembre au 12 d\u00e9cembre 2023. L\u2019accord final a \u00e9t\u00e9 diversement comment\u00e9&nbsp;: fallait-il voir le verre \u00e0 moiti\u00e9 vide ou \u00e0 moiti\u00e9 plein&nbsp;? L\u2019accord est en r\u00e9alit\u00e9 \u00e0 l\u2019image de l\u2019\u00e9volution des \u00e9missions, marqu\u00e9e&#8230;","og_url":"https:\/\/sceaux-lagazette.fr\/index.php\/2024\/01\/11\/cop-28-et-rechauffement-climatique\/","og_site_name":"La Gazette","article_published_time":"2024-01-11T07:47:17+00:00","article_modified_time":"2024-05-08T14:11:34+00:00","og_image":[{"width":640,"height":371,"url":"https:\/\/sceaux-lagazette.fr\/wp-content\/uploads\/2022\/11\/Incendies-de-for\u00eats-2020_09_16-14.10.29.329-CDT-e1667828060989.jpg","type":"image\/jpeg"}],"author":"G\u00e9rard Bardier","twitter_card":"summary_large_image","twitter_misc":{"\u00c9crit par":"G\u00e9rard Bardier","Dur\u00e9e de lecture estim\u00e9e":"10 minutes"},"schema":{"@context":"https:\/\/schema.org","@graph":[{"@type":"Article","@id":"https:\/\/sceaux-lagazette.fr\/index.php\/2024\/01\/11\/cop-28-et-rechauffement-climatique\/#article","isPartOf":{"@id":"https:\/\/sceaux-lagazette.fr\/index.php\/2024\/01\/11\/cop-28-et-rechauffement-climatique\/"},"author":{"name":"G\u00e9rard Bardier","@id":"https:\/\/sceaux-lagazette.fr\/#\/schema\/person\/5650e206a121f68c6f5e76379bccfbc4"},"headline":"COP 28 et r\u00e9chauffement climatique","datePublished":"2024-01-11T07:47:17+00:00","dateModified":"2024-05-08T14:11:34+00:00","mainEntityOfPage":{"@id":"https:\/\/sceaux-lagazette.fr\/index.php\/2024\/01\/11\/cop-28-et-rechauffement-climatique\/"},"wordCount":1848,"commentCount":2,"publisher":{"@id":"https:\/\/sceaux-lagazette.fr\/#organization"},"image":{"@id":"https:\/\/sceaux-lagazette.fr\/index.php\/2024\/01\/11\/cop-28-et-rechauffement-climatique\/#primaryimage"},"thumbnailUrl":"https:\/\/sceaux-lagazette.fr\/wp-content\/uploads\/2022\/11\/Incendies-de-for\u00eats-2020_09_16-14.10.29.329-CDT-e1667828060989.jpg","articleSection":["Analyses","Environnement"],"inLanguage":"fr-FR","potentialAction":[{"@type":"CommentAction","name":"Comment","target":["https:\/\/sceaux-lagazette.fr\/index.php\/2024\/01\/11\/cop-28-et-rechauffement-climatique\/#respond"]}]},{"@type":"WebPage","@id":"https:\/\/sceaux-lagazette.fr\/index.php\/2024\/01\/11\/cop-28-et-rechauffement-climatique\/","url":"https:\/\/sceaux-lagazette.fr\/index.php\/2024\/01\/11\/cop-28-et-rechauffement-climatique\/","name":"COP 28 et r\u00e9chauffement climatique - La Gazette","isPartOf":{"@id":"https:\/\/sceaux-lagazette.fr\/#website"},"primaryImageOfPage":{"@id":"https:\/\/sceaux-lagazette.fr\/index.php\/2024\/01\/11\/cop-28-et-rechauffement-climatique\/#primaryimage"},"image":{"@id":"https:\/\/sceaux-lagazette.fr\/index.php\/2024\/01\/11\/cop-28-et-rechauffement-climatique\/#primaryimage"},"thumbnailUrl":"https:\/\/sceaux-lagazette.fr\/wp-content\/uploads\/2022\/11\/Incendies-de-for\u00eats-2020_09_16-14.10.29.329-CDT-e1667828060989.jpg","datePublished":"2024-01-11T07:47:17+00:00","dateModified":"2024-05-08T14:11:34+00:00","breadcrumb":{"@id":"https:\/\/sceaux-lagazette.fr\/index.php\/2024\/01\/11\/cop-28-et-rechauffement-climatique\/#breadcrumb"},"inLanguage":"fr-FR","potentialAction":[{"@type":"ReadAction","target":["https:\/\/sceaux-lagazette.fr\/index.php\/2024\/01\/11\/cop-28-et-rechauffement-climatique\/"]}]},{"@type":"ImageObject","inLanguage":"fr-FR","@id":"https:\/\/sceaux-lagazette.fr\/index.php\/2024\/01\/11\/cop-28-et-rechauffement-climatique\/#primaryimage","url":"https:\/\/sceaux-lagazette.fr\/wp-content\/uploads\/2022\/11\/Incendies-de-for\u00eats-2020_09_16-14.10.29.329-CDT-e1667828060989.jpg","contentUrl":"https:\/\/sceaux-lagazette.fr\/wp-content\/uploads\/2022\/11\/Incendies-de-for\u00eats-2020_09_16-14.10.29.329-CDT-e1667828060989.jpg","width":640,"height":371},{"@type":"BreadcrumbList","@id":"https:\/\/sceaux-lagazette.fr\/index.php\/2024\/01\/11\/cop-28-et-rechauffement-climatique\/#breadcrumb","itemListElement":[{"@type":"ListItem","position":1,"name":"Accueil","item":"https:\/\/sceaux-lagazette.fr\/"},{"@type":"ListItem","position":2,"name":"COP 28 et r\u00e9chauffement climatique"}]},{"@type":"WebSite","@id":"https:\/\/sceaux-lagazette.fr\/#website","url":"https:\/\/sceaux-lagazette.fr\/","name":"La Gazette","description":"Bourg-la-Reine, Ch\u00e2tenay, Fontenay, Sceaux","publisher":{"@id":"https:\/\/sceaux-lagazette.fr\/#organization"},"potentialAction":[{"@type":"SearchAction","target":{"@type":"EntryPoint","urlTemplate":"https:\/\/sceaux-lagazette.fr\/?s={search_term_string}"},"query-input":{"@type":"PropertyValueSpecification","valueRequired":true,"valueName":"search_term_string"}}],"inLanguage":"fr-FR"},{"@type":"Organization","@id":"https:\/\/sceaux-lagazette.fr\/#organization","name":"La Gazette","url":"https:\/\/sceaux-lagazette.fr\/","logo":{"@type":"ImageObject","inLanguage":"fr-FR","@id":"https:\/\/sceaux-lagazette.fr\/#\/schema\/logo\/image\/","url":"https:\/\/sceaux-lagazette.fr\/wp-content\/uploads\/2025\/08\/Logo-Gazette-Aout-2025-V3.jpg","contentUrl":"https:\/\/sceaux-lagazette.fr\/wp-content\/uploads\/2025\/08\/Logo-Gazette-Aout-2025-V3.jpg","width":525,"height":130,"caption":"La Gazette"},"image":{"@id":"https:\/\/sceaux-lagazette.fr\/#\/schema\/logo\/image\/"}},{"@type":"Person","@id":"https:\/\/sceaux-lagazette.fr\/#\/schema\/person\/5650e206a121f68c6f5e76379bccfbc4","name":"G\u00e9rard Bardier","image":{"@type":"ImageObject","inLanguage":"fr-FR","@id":"https:\/\/sceaux-lagazette.fr\/#\/schema\/person\/image\/","url":"https:\/\/secure.gravatar.com\/avatar\/5cf4391ef9dbc0367750202561279a29?s=96&r=g","contentUrl":"https:\/\/secure.gravatar.com\/avatar\/5cf4391ef9dbc0367750202561279a29?s=96&r=g","caption":"G\u00e9rard Bardier"},"url":"https:\/\/sceaux-lagazette.fr\/index.php\/author\/gb\/"}]}},"cc_featured_image_caption":{"caption_text":"","source_text":"","source_url":""},"_links":{"self":[{"href":"https:\/\/sceaux-lagazette.fr\/index.php\/wp-json\/wp\/v2\/posts\/36278"}],"collection":[{"href":"https:\/\/sceaux-lagazette.fr\/index.php\/wp-json\/wp\/v2\/posts"}],"about":[{"href":"https:\/\/sceaux-lagazette.fr\/index.php\/wp-json\/wp\/v2\/types\/post"}],"author":[{"embeddable":true,"href":"https:\/\/sceaux-lagazette.fr\/index.php\/wp-json\/wp\/v2\/users\/11"}],"replies":[{"embeddable":true,"href":"https:\/\/sceaux-lagazette.fr\/index.php\/wp-json\/wp\/v2\/comments?post=36278"}],"version-history":[{"count":9,"href":"https:\/\/sceaux-lagazette.fr\/index.php\/wp-json\/wp\/v2\/posts\/36278\/revisions"}],"predecessor-version":[{"id":41073,"href":"https:\/\/sceaux-lagazette.fr\/index.php\/wp-json\/wp\/v2\/posts\/36278\/revisions\/41073"}],"wp:featuredmedia":[{"embeddable":true,"href":"https:\/\/sceaux-lagazette.fr\/index.php\/wp-json\/wp\/v2\/media\/7950"}],"wp:attachment":[{"href":"https:\/\/sceaux-lagazette.fr\/index.php\/wp-json\/wp\/v2\/media?parent=36278"}],"wp:term":[{"taxonomy":"category","embeddable":true,"href":"https:\/\/sceaux-lagazette.fr\/index.php\/wp-json\/wp\/v2\/categories?post=36278"},{"taxonomy":"post_tag","embeddable":true,"href":"https:\/\/sceaux-lagazette.fr\/index.php\/wp-json\/wp\/v2\/tags?post=36278"}],"curies":[{"name":"wp","href":"https:\/\/api.w.org\/{rel}","templated":true}]}}